{"id":90708,"date":"2026-02-27T12:26:22","date_gmt":"2026-02-27T15:26:22","guid":{"rendered":"https:\/\/ubirataonline.com.br\/paul-mccartney-fala-sobre-fim-dos-beatles-e-fracasso-do-wings-em-novo-documentario\/"},"modified":"2026-02-27T12:26:28","modified_gmt":"2026-02-27T15:26:28","slug":"paul-mccartney-fala-sobre-fim-dos-beatles-e-fracasso-do-wings-em-novo-documentario","status":"publish","type":"post","link":"https:\/\/ubirataonline.com.br\/en\/paul-mccartney-fala-sobre-fim-dos-beatles-e-fracasso-do-wings-em-novo-documentario\/","title":{"rendered":"Paul McCartney fala sobre fim dos Beatles e &#8220;fracasso&#8221; do Wings em novo document\u00e1rio"},"content":{"rendered":"<p><\/p>\n<div id=\"texto\">\n<p>O \u00edcone Paul McCartney conta em document\u00e1rio exclusivo do Prime Video como foi o recome\u00e7o de sua carreira ap\u00f3s o fim dos Beatles. O filme foi disponibilizado na plataforma de streaming nesta sexta-feira, dia 27.<\/p>\n<p>Narrado em primeira pessoa pelo m\u00fasico, \u201cMan On The Run\u201d mostra quando Paul resolveu criar a banda Wings em parceria com sua esposa, Linda McCartney, e como eles deram a volta por cima ao longo do tempo, j\u00e1 que ele revela que a estreia do grupo \u201cfoi um fracasso\u201d.<\/p>\n<p>No trailer da produ\u00e7\u00e3o, Paul compartilha que se sentiu depressivo em certo momento e que chegou a se distanciar de seu ex-companheiro de banda, John Lennon, mas que ter a esposa ao lado o ajudou a se sentir melhor.<\/p>\n<p><b>Paul McCartney: Man On The Run<\/b><\/p>\n<p>O novo projeto sobre o ex-Beatle foi dirigido pelo cineasta Morgan Neville, ganhador do Oscar de Melhor Document\u00e1rio em Longa-Metragem, em 2014, com o filme \u201c20 Feet From Stardom\u201d.<\/p>\n<p>Imagens raras e in\u00e9ditas de arquivo pessoal do artista foram utilizadas na produ\u00e7\u00e3o, al\u00e9m de grava\u00e7\u00f5es caseiras. <\/p>\n<p>Familiares e amigos de Paul McCartney foram entrevistados e aparecem no filme, incluindo nomes de peso como Mick Jagger, dos Rolling Stones, e Sean Ono Lennon, filho de John Lennon.<\/p>\n<p>O filme tem cerca de duas horas de dura\u00e7\u00e3o e chega acompanhado da trilha sonora oficial, tamb\u00e9m lan\u00e7ada nos servi\u00e7os de streaming de \u00e1udio e reunindo grava\u00e7\u00f5es dos anos 70, incluindo material raro entre as doze faixas. <\/p>\n<\/p><\/div>\n<p><a href=\"https:\/\/cgn.inf.br\/noticia\/2050757\/paul-mccartney-fala-sobre-fim-dos-beatles-e-fracasso-do-wings-em-novo-documentario\">Fonte do Artigo <\/a><\/p>","protected":false},"excerpt":{"rendered":"<p>O \u00edcone Paul McCartney conta em document\u00e1rio exclusivo do Prime Video como foi o recome\u00e7o de sua carreira ap\u00f3s o fim dos Beatles. O filme foi disponibilizado na plataforma de streaming nesta sexta-feira, dia 27. Narrado em primeira pessoa pelo m\u00fasico, \u201cMan On The Run\u201d mostra quando Paul resolveu criar a banda Wings em parceria [&hellip;]<\/p>\n","protected":false},"author":1,"featured_media":90587,"comment_status":"closed","ping_status":"","sticky":false,"template":"","format":"standard","meta":{"googlesitekit_rrm_CAow2JLhCw:productID":"","_gspb_post_css":"","maa_idioma":"","maa_pais":"","footnotes":""},"categories":[1],"tags":[16430,5333,3113,3515,3531,14237,20721,4363,3160,3203,19457],"class_list":["post-90708","post","type-post","status-publish","format-standard","has-post-thumbnail","hentry","category-ubirata","tag-beatles","tag-documentario","tag-dos","tag-fala","tag-fim","tag-fracasso","tag-mccartney","tag-novo","tag-paul","tag-sobre","tag-wings"],"blocksy_meta":[],"yoast_head":"<!-- This site is optimized with the Yoast SEO Premium plugin v27.6 (Yoast SEO v27.6) - https:\/\/yoast.com\/product\/yoast-seo-premium-wordpress\/ -->\n<title>Paul McCartney fala sobre fim dos Beatles e &quot;fracasso&quot; do Wings em novo document\u00e1rio - Ubirat\u00e3 Online Not\u00edcias - A realidade ao seu alcance!<\/title>\n<meta name=\"description\" content=\"O \u00edcone Paul McCartney conta em document\u00e1rio exclusivo do Prime Video como foi o recome\u00e7o de sua carreira ap\u00f3s o fim dos Beatles. O filme foi\" \/>\n<meta name=\"robots\" content=\"index, follow, max-snippet:-1, max-image-preview:large, max-video-preview:-1\" \/>\n<link rel=\"canonical\" href=\"https:\/\/ubirataonline.com.br\/en\/paul-mccartney-fala-sobre-fim-dos-beatles-e-fracasso-do-wings-em-novo-documentario\/\" \/>\n<meta property=\"og:locale\" content=\"en_US\" \/>\n<meta property=\"og:type\" content=\"article\" \/>\n<meta property=\"og:title\" content=\"Paul McCartney fala sobre fim dos Beatles e &quot;fracasso&quot; do Wings em novo document\u00e1rio\" \/>\n<meta property=\"og:description\" content=\"O \u00edcone Paul McCartney conta em document\u00e1rio exclusivo do Prime Video como foi o recome\u00e7o de sua carreira ap\u00f3s o fim dos Beatles. O filme foi\" \/>\n<meta property=\"og:url\" content=\"https:\/\/ubirataonline.com.br\/en\/paul-mccartney-fala-sobre-fim-dos-beatles-e-fracasso-do-wings-em-novo-documentario\/\" \/>\n<meta property=\"og:site_name\" content=\"Ubirat\u00e3 Online Not\u00edcias - A realidade ao seu alcance!\" \/>\n<meta property=\"article:publisher\" content=\"https:\/\/www.facebook.com\/portalubirataonline\" \/>\n<meta property=\"article:author\" content=\"https:\/\/www.facebook.com\/portalubirataonline\" \/>\n<meta property=\"article:published_time\" content=\"2026-02-27T15:26:22+00:00\" \/>\n<meta property=\"article:modified_time\" content=\"2026-02-27T15:26:28+00:00\" \/>\n<meta property=\"og:image\" content=\"https:\/\/ubirataonline.com.br\/wp-content\/uploads\/2026\/02\/Opas-emite-novas-diretrizes-para-vacinas-contra-sarampo-visando-Copa.gif\" \/>\n\t<meta property=\"og:image:width\" content=\"768\" \/>\n\t<meta property=\"og:image:height\" content=\"461\" \/>\n\t<meta property=\"og:image:type\" content=\"image\/gif\" \/>\n<meta name=\"author\" content=\"REDA\u00c7\u00c3O: UBIRAT\u00c3 ONLINE - F\u00c1BIO AUGUSTO CELESTINO\" \/>\n<meta name=\"twitter:card\" content=\"summary_large_image\" \/>\n<meta name=\"twitter:creator\" content=\"@x.com\/ubirataonline\" \/>\n<meta name=\"twitter:site\" content=\"@ubirataonline\" \/>\n<meta name=\"twitter:label1\" content=\"Written by\" \/>\n\t<meta name=\"twitter:data1\" content=\"REDA\u00c7\u00c3O: UBIRAT\u00c3 ONLINE - F\u00c1BIO AUGUSTO CELESTINO\" \/>\n\t<meta name=\"twitter:label2\" content=\"Est. reading time\" \/>\n\t<meta name=\"twitter:data2\" content=\"1 minute\" \/>\n<script type=\"application\/ld+json\" class=\"yoast-schema-graph\">{\"@context\":\"https:\\\/\\\/schema.org\",\"@graph\":[{\"@type\":\"NewsArticle\",\"@id\":\"https:\\\/\\\/ubirataonline.com.br\\\/paul-mccartney-fala-sobre-fim-dos-beatles-e-fracasso-do-wings-em-novo-documentario\\\/#article\",\"isPartOf\":{\"@id\":\"https:\\\/\\\/ubirataonline.com.br\\\/paul-mccartney-fala-sobre-fim-dos-beatles-e-fracasso-do-wings-em-novo-documentario\\\/\"},\"author\":{\"name\":\"REDA\u00c7\u00c3O: UBIRAT\u00c3 ONLINE - F\u00c1BIO AUGUSTO CELESTINO\",\"@id\":\"https:\\\/\\\/ubirataonline.com.br\\\/#\\\/schema\\\/person\\\/372f87bbd3fdd79b8556b84c98d0bc1c\"},\"headline\":\"Paul McCartney fala sobre fim dos Beatles e &#8220;fracasso&#8221; do Wings em novo document\u00e1rio\",\"datePublished\":\"2026-02-27T15:26:22+00:00\",\"dateModified\":\"2026-02-27T15:26:28+00:00\",\"mainEntityOfPage\":{\"@id\":\"https:\\\/\\\/ubirataonline.com.br\\\/paul-mccartney-fala-sobre-fim-dos-beatles-e-fracasso-do-wings-em-novo-documentario\\\/\"},\"wordCount\":271,\"publisher\":{\"@id\":\"https:\\\/\\\/ubirataonline.com.br\\\/#organization\"},\"image\":{\"@id\":\"https:\\\/\\\/ubirataonline.com.br\\\/paul-mccartney-fala-sobre-fim-dos-beatles-e-fracasso-do-wings-em-novo-documentario\\\/#primaryimage\"},\"thumbnailUrl\":\"https:\\\/\\\/ubirataonline.com.br\\\/wp-content\\\/uploads\\\/2026\\\/02\\\/Opas-emite-novas-diretrizes-para-vacinas-contra-sarampo-visando-Copa.gif\",\"keywords\":[\"Beatles\",\"document\u00e1rio\",\"dos\",\"fala\",\"fim\",\"fracasso\",\"McCartney\",\"Novo\",\"Paul\",\"sobre\",\"Wings\"],\"articleSection\":[\"Ubirat\u00e3\"],\"inLanguage\":\"en-US\",\"copyrightYear\":\"2026\",\"copyrightHolder\":{\"@id\":\"https:\\\/\\\/ubirataonline.com.br\\\/en\\\/#organization\"}},{\"@type\":\"WebPage\",\"@id\":\"https:\\\/\\\/ubirataonline.com.br\\\/paul-mccartney-fala-sobre-fim-dos-beatles-e-fracasso-do-wings-em-novo-documentario\\\/\",\"url\":\"https:\\\/\\\/ubirataonline.com.br\\\/paul-mccartney-fala-sobre-fim-dos-beatles-e-fracasso-do-wings-em-novo-documentario\\\/\",\"name\":\"Paul McCartney fala sobre fim dos Beatles e \\\"fracasso\\\" do Wings em novo document\u00e1rio - Ubirat\u00e3 Online Not\u00edcias - A realidade ao seu alcance!\",\"isPartOf\":{\"@id\":\"https:\\\/\\\/ubirataonline.com.br\\\/#website\"},\"primaryImageOfPage\":{\"@id\":\"https:\\\/\\\/ubirataonline.com.br\\\/paul-mccartney-fala-sobre-fim-dos-beatles-e-fracasso-do-wings-em-novo-documentario\\\/#primaryimage\"},\"image\":{\"@id\":\"https:\\\/\\\/ubirataonline.com.br\\\/paul-mccartney-fala-sobre-fim-dos-beatles-e-fracasso-do-wings-em-novo-documentario\\\/#primaryimage\"},\"thumbnailUrl\":\"https:\\\/\\\/ubirataonline.com.br\\\/wp-content\\\/uploads\\\/2026\\\/02\\\/Opas-emite-novas-diretrizes-para-vacinas-contra-sarampo-visando-Copa.gif\",\"datePublished\":\"2026-02-27T15:26:22+00:00\",\"dateModified\":\"2026-02-27T15:26:28+00:00\",\"description\":\"O \u00edcone Paul McCartney conta em document\u00e1rio exclusivo do Prime Video como foi o recome\u00e7o de sua carreira ap\u00f3s o fim dos Beatles. O filme foi\",\"breadcrumb\":{\"@id\":\"https:\\\/\\\/ubirataonline.com.br\\\/paul-mccartney-fala-sobre-fim-dos-beatles-e-fracasso-do-wings-em-novo-documentario\\\/#breadcrumb\"},\"inLanguage\":\"en-US\",\"potentialAction\":[{\"@type\":\"ReadAction\",\"target\":[\"https:\\\/\\\/ubirataonline.com.br\\\/paul-mccartney-fala-sobre-fim-dos-beatles-e-fracasso-do-wings-em-novo-documentario\\\/\"]}]},{\"@type\":\"ImageObject\",\"inLanguage\":\"en-US\",\"@id\":\"https:\\\/\\\/ubirataonline.com.br\\\/paul-mccartney-fala-sobre-fim-dos-beatles-e-fracasso-do-wings-em-novo-documentario\\\/#primaryimage\",\"url\":\"https:\\\/\\\/ubirataonline.com.br\\\/wp-content\\\/uploads\\\/2026\\\/02\\\/Opas-emite-novas-diretrizes-para-vacinas-contra-sarampo-visando-Copa.gif\",\"contentUrl\":\"https:\\\/\\\/ubirataonline.com.br\\\/wp-content\\\/uploads\\\/2026\\\/02\\\/Opas-emite-novas-diretrizes-para-vacinas-contra-sarampo-visando-Copa.gif\",\"width\":768,\"height\":461,\"caption\":\"Opas emite novas diretrizes para vacinas contra sarampo visando Copa do Mundo de 2026\"},{\"@type\":\"BreadcrumbList\",\"@id\":\"https:\\\/\\\/ubirataonline.com.br\\\/paul-mccartney-fala-sobre-fim-dos-beatles-e-fracasso-do-wings-em-novo-documentario\\\/#breadcrumb\",\"itemListElement\":[{\"@type\":\"ListItem\",\"position\":1,\"name\":\"In\u00edcio\",\"item\":\"https:\\\/\\\/ubirataonline.com.br\\\/\"},{\"@type\":\"ListItem\",\"position\":2,\"name\":\"Paul McCartney fala sobre fim dos Beatles e &#8220;fracasso&#8221; do Wings em novo document\u00e1rio\"}]},{\"@type\":\"WebSite\",\"@id\":\"https:\\\/\\\/ubirataonline.com.br\\\/#website\",\"url\":\"https:\\\/\\\/ubirataonline.com.br\\\/\",\"name\":\"Ubirat\u00e3 Online Not\u00edcias\",\"description\":\"Not\u00edcias de Ubirat\u00e3, regi\u00e3o, Brasil e mundo, com informa\u00e7\u00e3o atualizada e compromisso com o leitor.\",\"publisher\":{\"@id\":\"https:\\\/\\\/ubirataonline.com.br\\\/#organization\"},\"alternateName\":\"Ubirat\u00e3 Online\",\"potentialAction\":[{\"@type\":\"SearchAction\",\"target\":{\"@type\":\"EntryPoint\",\"urlTemplate\":\"https:\\\/\\\/ubirataonline.com.br\\\/?s={search_term_string}\"},\"query-input\":{\"@type\":\"PropertyValueSpecification\",\"valueRequired\":true,\"valueName\":\"search_term_string\"}}],\"inLanguage\":\"en-US\"},{\"@type\":[\"Organization\",\"Place\"],\"@id\":\"https:\\\/\\\/ubirataonline.com.br\\\/#organization\",\"name\":\"Ubirat\u00e3 Online Not\u00edcias\",\"alternateName\":\"Ubirat\u00e3 Online\",\"url\":\"https:\\\/\\\/ubirataonline.com.br\\\/\",\"logo\":{\"@id\":\"https:\\\/\\\/ubirataonline.com.br\\\/paul-mccartney-fala-sobre-fim-dos-beatles-e-fracasso-do-wings-em-novo-documentario\\\/#local-main-organization-logo\"},\"image\":{\"@id\":\"https:\\\/\\\/ubirataonline.com.br\\\/paul-mccartney-fala-sobre-fim-dos-beatles-e-fracasso-do-wings-em-novo-documentario\\\/#local-main-organization-logo\"},\"sameAs\":[\"https:\\\/\\\/www.facebook.com\\\/portalubirataonline\",\"https:\\\/\\\/x.com\\\/ubirataonline\",\"https:\\\/\\\/mastodon.social\\\/@ubirataonline\",\"https:\\\/\\\/www.facebook.com\\\/groups\\\/311144672285604\",\"https:\\\/\\\/www.facebook.com\\\/UBTAOnline\",\"https:\\\/\\\/www.instagram.com\\\/portalubirataonline\\\/\",\"https:\\\/\\\/twitter.com\\\/ubirataonline\"],\"description\":\"Somos um portal de not\u00edcias independente, criado em 5 de janeiro de 2009, com o objetivo de informar, conectar e valorizar a nossa comunidade de Ubirat\u00e3 e toda aregi\u00e3o. Com conte\u00fado atualizado, confi\u00e1vel e relevante, o Ubirat\u00e3 Online \u00e9 o seu espa\u00e7o para ficar por dentro dos principais acontecimentos locais, regionais, Brasil, Mundo e de interesse geral. Nosso compromisso \u00e9 com a verdade, a transpar\u00eancia e o respeito ao leitor.\",\"legalName\":\"UBIRATA ONLINE NOT\u00cdCIAS\",\"foundingDate\":\"2009-01-05\",\"numberOfEmployees\":{\"@type\":\"QuantitativeValue\",\"minValue\":\"1\",\"maxValue\":\"10\"},\"publishingPrinciples\":\"https:\\\/\\\/ubirataonline.com.br\\\/faq\\\/\",\"address\":{\"@id\":\"https:\\\/\\\/ubirataonline.com.br\\\/paul-mccartney-fala-sobre-fim-dos-beatles-e-fracasso-do-wings-em-novo-documentario\\\/#local-main-place-address\"},\"geo\":{\"@type\":\"GeoCoordinates\",\"latitude\":\"-24.5361401\",\"longitude\":\"-52.9921776\"},\"telephone\":[\"+5544998308235\"],\"contactPoint\":{\"@type\":\"ContactPoint\",\"email\":\"contato@ubirataonline.com.br\"},\"openingHoursSpecification\":{\"@type\":\"OpeningHoursSpecification\",\"dayOfWeek\":[\"Monday\",\"Tuesday\",\"Wednesday\",\"Thursday\",\"Friday\",\"Saturday\",\"Sunday\"],\"opens\":\"00:00\",\"closes\":\"23:59\"},\"email\":\"contato@ubirataonline.com.br\",\"vatID\":\"47.621.418\\\/0001-80\"},{\"@type\":\"Person\",\"@id\":\"https:\\\/\\\/ubirataonline.com.br\\\/#\\\/schema\\\/person\\\/372f87bbd3fdd79b8556b84c98d0bc1c\",\"name\":\"REDA\u00c7\u00c3O: UBIRAT\u00c3 ONLINE - F\u00c1BIO AUGUSTO CELESTINO\",\"pronouns\":\"Ele\",\"description\":\"Desde 2003 trabalhando com not\u00edcias.\",\"sameAs\":[\"http:\\\/\\\/ubirataoline.com.br\",\"https:\\\/\\\/www.facebook.com\\\/portalubirataonline\",\"https:\\\/\\\/www.instagram.com\\\/ubirataonline_oficial\",\"https:\\\/\\\/x.com\\\/x.com\\\/ubirataonline\"],\"honorificPrefix\":\"Mr.\",\"honorificSuffix\":\"MD\",\"birthDate\":\"1980-06-16\",\"gender\":\"masculino\",\"award\":[\"V\u00e1rios pr\u00eamios de melhor portal da cidade\"],\"jobTitle\":\"Diretor\",\"url\":\"https:\\\/\\\/ubirataonline.com.br\\\/en\\\/author\\\/ubirataonline\\\/\"},{\"@type\":\"PostalAddress\",\"@id\":\"https:\\\/\\\/ubirataonline.com.br\\\/paul-mccartney-fala-sobre-fim-dos-beatles-e-fracasso-do-wings-em-novo-documentario\\\/#local-main-place-address\",\"streetAddress\":\"Rua dos Coqueiros, 104 - Bairro Boa Vista, Rua dos Coqueiros, 104 Bairro Boa Vista\",\"addressLocality\":\"UBIRATA\",\"postalCode\":\"85440-000\",\"addressRegion\":\"PR\",\"addressCountry\":\"BR\"},{\"@type\":\"ImageObject\",\"inLanguage\":\"en-US\",\"@id\":\"https:\\\/\\\/ubirataonline.com.br\\\/paul-mccartney-fala-sobre-fim-dos-beatles-e-fracasso-do-wings-em-novo-documentario\\\/#local-main-organization-logo\",\"url\":\"https:\\\/\\\/ubirataonline.com.br\\\/wp-content\\\/uploads\\\/2026\\\/06\\\/logoubirataonline-1.webp\",\"contentUrl\":\"https:\\\/\\\/ubirataonline.com.br\\\/wp-content\\\/uploads\\\/2026\\\/06\\\/logoubirataonline-1.webp\",\"width\":500,\"height\":500,\"caption\":\"Ubirat\u00e3 Online Not\u00edcias\"}]}<\/script>\n<meta name=\"geo.placename\" content=\"UBIRATA\" \/>\n<meta name=\"geo.position\" content=\"-24.5361401;-52.9921776\" \/>\n<meta name=\"geo.region\" content=\"Brazil\" \/>\n<!-- \/ Yoast SEO Premium plugin. -->","yoast_head_json":{"title":"Paul McCartney fala sobre fim dos Beatles e \"fracasso\" do Wings em novo document\u00e1rio - Ubirat\u00e3 Online Not\u00edcias - A realidade ao seu alcance!","description":"O \u00edcone Paul McCartney conta em document\u00e1rio exclusivo do Prime Video como foi o recome\u00e7o de sua carreira ap\u00f3s o fim dos Beatles. O filme foi","robots":{"index":"index","follow":"follow","max-snippet":"max-snippet:-1","max-image-preview":"max-image-preview:large","max-video-preview":"max-video-preview:-1"},"canonical":"https:\/\/ubirataonline.com.br\/en\/paul-mccartney-fala-sobre-fim-dos-beatles-e-fracasso-do-wings-em-novo-documentario\/","og_locale":"en_US","og_type":"article","og_title":"Paul McCartney fala sobre fim dos Beatles e \"fracasso\" do Wings em novo document\u00e1rio","og_description":"O \u00edcone Paul McCartney conta em document\u00e1rio exclusivo do Prime Video como foi o recome\u00e7o de sua carreira ap\u00f3s o fim dos Beatles. O filme foi","og_url":"https:\/\/ubirataonline.com.br\/en\/paul-mccartney-fala-sobre-fim-dos-beatles-e-fracasso-do-wings-em-novo-documentario\/","og_site_name":"Ubirat\u00e3 Online Not\u00edcias - A realidade ao seu alcance!","article_publisher":"https:\/\/www.facebook.com\/portalubirataonline","article_author":"https:\/\/www.facebook.com\/portalubirataonline","article_published_time":"2026-02-27T15:26:22+00:00","article_modified_time":"2026-02-27T15:26:28+00:00","og_image":[{"width":768,"height":461,"url":"https:\/\/ubirataonline.com.br\/wp-content\/uploads\/2026\/02\/Opas-emite-novas-diretrizes-para-vacinas-contra-sarampo-visando-Copa.gif","type":"image\/gif"}],"author":"REDA\u00c7\u00c3O: UBIRAT\u00c3 ONLINE - F\u00c1BIO AUGUSTO CELESTINO","twitter_card":"summary_large_image","twitter_creator":"@x.com\/ubirataonline","twitter_site":"@ubirataonline","twitter_misc":{"Written by":"REDA\u00c7\u00c3O: UBIRAT\u00c3 ONLINE - F\u00c1BIO AUGUSTO CELESTINO","Est. reading time":"1 minute"},"schema":{"@context":"https:\/\/schema.org","@graph":[{"@type":"NewsArticle","@id":"https:\/\/ubirataonline.com.br\/paul-mccartney-fala-sobre-fim-dos-beatles-e-fracasso-do-wings-em-novo-documentario\/#article","isPartOf":{"@id":"https:\/\/ubirataonline.com.br\/paul-mccartney-fala-sobre-fim-dos-beatles-e-fracasso-do-wings-em-novo-documentario\/"},"author":{"name":"REDA\u00c7\u00c3O: UBIRAT\u00c3 ONLINE - F\u00c1BIO AUGUSTO CELESTINO","@id":"https:\/\/ubirataonline.com.br\/#\/schema\/person\/372f87bbd3fdd79b8556b84c98d0bc1c"},"headline":"Paul McCartney fala sobre fim dos Beatles e &#8220;fracasso&#8221; do Wings em novo document\u00e1rio","datePublished":"2026-02-27T15:26:22+00:00","dateModified":"2026-02-27T15:26:28+00:00","mainEntityOfPage":{"@id":"https:\/\/ubirataonline.com.br\/paul-mccartney-fala-sobre-fim-dos-beatles-e-fracasso-do-wings-em-novo-documentario\/"},"wordCount":271,"publisher":{"@id":"https:\/\/ubirataonline.com.br\/#organization"},"image":{"@id":"https:\/\/ubirataonline.com.br\/paul-mccartney-fala-sobre-fim-dos-beatles-e-fracasso-do-wings-em-novo-documentario\/#primaryimage"},"thumbnailUrl":"https:\/\/ubirataonline.com.br\/wp-content\/uploads\/2026\/02\/Opas-emite-novas-diretrizes-para-vacinas-contra-sarampo-visando-Copa.gif","keywords":["Beatles","document\u00e1rio","dos","fala","fim","fracasso","McCartney","Novo","Paul","sobre","Wings"],"articleSection":["Ubirat\u00e3"],"inLanguage":"en-US","copyrightYear":"2026","copyrightHolder":{"@id":"https:\/\/ubirataonline.com.br\/en\/#organization"}},{"@type":"WebPage","@id":"https:\/\/ubirataonline.com.br\/paul-mccartney-fala-sobre-fim-dos-beatles-e-fracasso-do-wings-em-novo-documentario\/","url":"https:\/\/ubirataonline.com.br\/paul-mccartney-fala-sobre-fim-dos-beatles-e-fracasso-do-wings-em-novo-documentario\/","name":"Paul McCartney fala sobre fim dos Beatles e \"fracasso\" do Wings em novo document\u00e1rio - Ubirat\u00e3 Online Not\u00edcias - A realidade ao seu alcance!","isPartOf":{"@id":"https:\/\/ubirataonline.com.br\/#website"},"primaryImageOfPage":{"@id":"https:\/\/ubirataonline.com.br\/paul-mccartney-fala-sobre-fim-dos-beatles-e-fracasso-do-wings-em-novo-documentario\/#primaryimage"},"image":{"@id":"https:\/\/ubirataonline.com.br\/paul-mccartney-fala-sobre-fim-dos-beatles-e-fracasso-do-wings-em-novo-documentario\/#primaryimage"},"thumbnailUrl":"https:\/\/ubirataonline.com.br\/wp-content\/uploads\/2026\/02\/Opas-emite-novas-diretrizes-para-vacinas-contra-sarampo-visando-Copa.gif","datePublished":"2026-02-27T15:26:22+00:00","dateModified":"2026-02-27T15:26:28+00:00","description":"O \u00edcone Paul McCartney conta em document\u00e1rio exclusivo do Prime Video como foi o recome\u00e7o de sua carreira ap\u00f3s o fim dos Beatles. O filme foi","breadcrumb":{"@id":"https:\/\/ubirataonline.com.br\/paul-mccartney-fala-sobre-fim-dos-beatles-e-fracasso-do-wings-em-novo-documentario\/#breadcrumb"},"inLanguage":"en-US","potentialAction":[{"@type":"ReadAction","target":["https:\/\/ubirataonline.com.br\/paul-mccartney-fala-sobre-fim-dos-beatles-e-fracasso-do-wings-em-novo-documentario\/"]}]},{"@type":"ImageObject","inLanguage":"en-US","@id":"https:\/\/ubirataonline.com.br\/paul-mccartney-fala-sobre-fim-dos-beatles-e-fracasso-do-wings-em-novo-documentario\/#primaryimage","url":"https:\/\/ubirataonline.com.br\/wp-content\/uploads\/2026\/02\/Opas-emite-novas-diretrizes-para-vacinas-contra-sarampo-visando-Copa.gif","contentUrl":"https:\/\/ubirataonline.com.br\/wp-content\/uploads\/2026\/02\/Opas-emite-novas-diretrizes-para-vacinas-contra-sarampo-visando-Copa.gif","width":768,"height":461,"caption":"Opas emite novas diretrizes para vacinas contra sarampo visando Copa do Mundo de 2026"},{"@type":"BreadcrumbList","@id":"https:\/\/ubirataonline.com.br\/paul-mccartney-fala-sobre-fim-dos-beatles-e-fracasso-do-wings-em-novo-documentario\/#breadcrumb","itemListElement":[{"@type":"ListItem","position":1,"name":"In\u00edcio","item":"https:\/\/ubirataonline.com.br\/"},{"@type":"ListItem","position":2,"name":"Paul McCartney fala sobre fim dos Beatles e &#8220;fracasso&#8221; do Wings em novo document\u00e1rio"}]},{"@type":"WebSite","@id":"https:\/\/ubirataonline.com.br\/#website","url":"https:\/\/ubirataonline.com.br\/","name":"Ubirat\u00e3 Online Not\u00edcias","description":"Not\u00edcias de Ubirat\u00e3, regi\u00e3o, Brasil e mundo, com informa\u00e7\u00e3o atualizada e compromisso com o leitor.","publisher":{"@id":"https:\/\/ubirataonline.com.br\/#organization"},"alternateName":"Ubirat\u00e3 Online","potentialAction":[{"@type":"SearchAction","target":{"@type":"EntryPoint","urlTemplate":"https:\/\/ubirataonline.com.br\/?s={search_term_string}"},"query-input":{"@type":"PropertyValueSpecification","valueRequired":true,"valueName":"search_term_string"}}],"inLanguage":"en-US"},{"@type":["Organization","Place"],"@id":"https:\/\/ubirataonline.com.br\/#organization","name":"Ubirat\u00e3 Online Not\u00edcias","alternateName":"Ubirat\u00e3 Online","url":"https:\/\/ubirataonline.com.br\/","logo":{"@id":"https:\/\/ubirataonline.com.br\/paul-mccartney-fala-sobre-fim-dos-beatles-e-fracasso-do-wings-em-novo-documentario\/#local-main-organization-logo"},"image":{"@id":"https:\/\/ubirataonline.com.br\/paul-mccartney-fala-sobre-fim-dos-beatles-e-fracasso-do-wings-em-novo-documentario\/#local-main-organization-logo"},"sameAs":["https:\/\/www.facebook.com\/portalubirataonline","https:\/\/x.com\/ubirataonline","https:\/\/mastodon.social\/@ubirataonline","https:\/\/www.facebook.com\/groups\/311144672285604","https:\/\/www.facebook.com\/UBTAOnline","https:\/\/www.instagram.com\/portalubirataonline\/","https:\/\/twitter.com\/ubirataonline"],"description":"Somos um portal de not\u00edcias independente, criado em 5 de janeiro de 2009, com o objetivo de informar, conectar e valorizar a nossa comunidade de Ubirat\u00e3 e toda aregi\u00e3o. Com conte\u00fado atualizado, confi\u00e1vel e relevante, o Ubirat\u00e3 Online \u00e9 o seu espa\u00e7o para ficar por dentro dos principais acontecimentos locais, regionais, Brasil, Mundo e de interesse geral. Nosso compromisso \u00e9 com a verdade, a transpar\u00eancia e o respeito ao leitor.","legalName":"UBIRATA ONLINE NOT\u00cdCIAS","foundingDate":"2009-01-05","numberOfEmployees":{"@type":"QuantitativeValue","minValue":"1","maxValue":"10"},"publishingPrinciples":"https:\/\/ubirataonline.com.br\/faq\/","address":{"@id":"https:\/\/ubirataonline.com.br\/paul-mccartney-fala-sobre-fim-dos-beatles-e-fracasso-do-wings-em-novo-documentario\/#local-main-place-address"},"geo":{"@type":"GeoCoordinates","latitude":"-24.5361401","longitude":"-52.9921776"},"telephone":["+5544998308235"],"contactPoint":{"@type":"ContactPoint","email":"contato@ubirataonline.com.br"},"openingHoursSpecification":{"@type":"OpeningHoursSpecification","dayOfWeek":["Monday","Tuesday","Wednesday","Thursday","Friday","Saturday","Sunday"],"opens":"00:00","closes":"23:59"},"email":"contato@ubirataonline.com.br","vatID":"47.621.418\/0001-80"},{"@type":"Person","@id":"https:\/\/ubirataonline.com.br\/#\/schema\/person\/372f87bbd3fdd79b8556b84c98d0bc1c","name":"REDA\u00c7\u00c3O: UBIRAT\u00c3 ONLINE - F\u00c1BIO AUGUSTO CELESTINO","pronouns":"Ele","description":"Desde 2003 trabalhando com not\u00edcias.","sameAs":["http:\/\/ubirataoline.com.br","https:\/\/www.facebook.com\/portalubirataonline","https:\/\/www.instagram.com\/ubirataonline_oficial","https:\/\/x.com\/x.com\/ubirataonline"],"honorificPrefix":"Mr.","honorificSuffix":"MD","birthDate":"1980-06-16","gender":"masculino","award":["V\u00e1rios pr\u00eamios de melhor portal da cidade"],"jobTitle":"Diretor","url":"https:\/\/ubirataonline.com.br\/en\/author\/ubirataonline\/"},{"@type":"PostalAddress","@id":"https:\/\/ubirataonline.com.br\/paul-mccartney-fala-sobre-fim-dos-beatles-e-fracasso-do-wings-em-novo-documentario\/#local-main-place-address","streetAddress":"Rua dos Coqueiros, 104 - Bairro Boa Vista, Rua dos Coqueiros, 104 Bairro Boa Vista","addressLocality":"UBIRATA","postalCode":"85440-000","addressRegion":"PR","addressCountry":"BR"},{"@type":"ImageObject","inLanguage":"en-US","@id":"https:\/\/ubirataonline.com.br\/paul-mccartney-fala-sobre-fim-dos-beatles-e-fracasso-do-wings-em-novo-documentario\/#local-main-organization-logo","url":"https:\/\/ubirataonline.com.br\/wp-content\/uploads\/2026\/06\/logoubirataonline-1.webp","contentUrl":"https:\/\/ubirataonline.com.br\/wp-content\/uploads\/2026\/06\/logoubirataonline-1.webp","width":500,"height":500,"caption":"Ubirat\u00e3 Online Not\u00edcias"}]},"geo.placename":"UBIRATA","geo.position":{"lat":"-24.5361401","long":"-52.9921776"},"geo.region":"Brazil"},"_links":{"self":[{"href":"https:\/\/ubirataonline.com.br\/en\/wp-json\/wp\/v2\/posts\/90708","targetHints":{"allow":["GET"]}}],"collection":[{"href":"https:\/\/ubirataonline.com.br\/en\/wp-json\/wp\/v2\/posts"}],"about":[{"href":"https:\/\/ubirataonline.com.br\/en\/wp-json\/wp\/v2\/types\/post"}],"author":[{"embeddable":true,"href":"https:\/\/ubirataonline.com.br\/en\/wp-json\/wp\/v2\/users\/1"}],"replies":[{"embeddable":true,"href":"https:\/\/ubirataonline.com.br\/en\/wp-json\/wp\/v2\/comments?post=90708"}],"version-history":[{"count":0,"href":"https:\/\/ubirataonline.com.br\/en\/wp-json\/wp\/v2\/posts\/90708\/revisions"}],"wp:featuredmedia":[{"embeddable":true,"href":"https:\/\/ubirataonline.com.br\/en\/wp-json\/wp\/v2\/media\/90587"}],"wp:attachment":[{"href":"https:\/\/ubirataonline.com.br\/en\/wp-json\/wp\/v2\/media?parent=90708"}],"wp:term":[{"taxonomy":"category","embeddable":true,"href":"https:\/\/ubirataonline.com.br\/en\/wp-json\/wp\/v2\/categories?post=90708"},{"taxonomy":"post_tag","embeddable":true,"href":"https:\/\/ubirataonline.com.br\/en\/wp-json\/wp\/v2\/tags?post=90708"}],"curies":[{"name":"wp","href":"https:\/\/api.w.org\/{rel}","templated":true}]}}