{"id":91487,"date":"2026-03-02T11:17:06","date_gmt":"2026-03-02T14:17:06","guid":{"rendered":"https:\/\/ubirataonline.com.br\/boletim-focus-previsao-da-selic-volta-a-cair-02-03-2026-economia\/"},"modified":"2026-03-02T11:17:21","modified_gmt":"2026-03-02T14:17:21","slug":"boletim-focus-previsao-da-selic-volta-a-cair-02-03-2026-economia","status":"publish","type":"post","link":"https:\/\/ubirataonline.com.br\/en\/boletim-focus-previsao-da-selic-volta-a-cair-02-03-2026-economia\/","title":{"rendered":"Boletim Focus: Previs\u00e3o da Selic volta a cair &#8211; 02\/03\/2026 &#8211; Economia"},"content":{"rendered":"<p><\/p>\n<div data-news-content-text=\"\" data-disable-copy=\"\" data-continue-reading=\"\" data-continue-reading-hide-others=\".js-continue-reading-hidden\" data-age-rating=\"\" itemprop=\"articleBody\">\n<p>Os economistas voltaram a reduzir a previs\u00e3o da taxa de <a href=\"https:\/\/www1.folha.uol.com.br\/folha-topicos\/juros\/\">juros<\/a> neste ano pela segunda semana consecutiva, de acordo com o boletim Focus divulgado na manh\u00e3 desta segunda-feira (2), que n\u00e3o levou em considera\u00e7\u00e3o eventuais impactos do <a href=\"https:\/\/www1.folha.uol.com.br\/folha-topicos\/guerra-no-ira\/\" rel=\"\" target=\"\">conflito no Oriente M\u00e9dio<\/a>, j\u00e1 que o levantamento foi fechado na sexta-feira (27), antes de iniciarem os <a href=\"https:\/\/www1.folha.uol.com.br\/mundo\/2026\/02\/ha-sinais-de-que-o-lider-do-ira-morreu-no-ataque-diz-netanyahu.shtml\" rel=\"\" target=\"\">ataques dos EUA e de Israel contra o Ir\u00e3<\/a>.<\/p>\n<p>Os analistas acreditam que a Selic terminar\u00e1 o ano a 12%, uma redu\u00e7\u00e3o de 0,13 ponto percentual em rela\u00e7\u00e3o \u00e0 semana passada. Mas os especialistas ouvidos pelo BC mantiveram a expectativa de um corte de 0,5 ponto percentual na pr\u00f3xima reuni\u00e3o do Copom (Comit\u00ea de Pol\u00edtica Monet\u00e1ria), marcada para 17 e 18 de mar\u00e7o.<\/p>\n<p>As perspectivas para os juros nos pr\u00f3ximos tr\u00eas anos continuam inalteradas em 10,5% em 2027, 10% em 2028 e 9,5% em 2029.<\/p>\n<p>Os economistas tamb\u00e9m reduziram a previs\u00e3o do <a href=\"https:\/\/www1.folha.uol.com.br\/folha-topicos\/dolar\/\">d\u00f3lar<\/a>, que caiu de R$ 5,45 para R$ 5,42.<\/p>\n<p>J\u00e1 a expectativa para a <a href=\"https:\/\/www1.folha.uol.com.br\/folha-topicos\/inflacao\/\">infla\u00e7\u00e3o<\/a> interrompeu a sequ\u00eancia de redu\u00e7\u00f5es e foi mantida em 3,91%. A previs\u00e3o do IPCA (\u00cdndice Nacional de Pre\u00e7os ao Consumidor Amplo) havia ca\u00eddo nas \u00faltimas sete semanas.<\/p>\n<p>Os analistas tamb\u00e9m deixaram a perspectiva para o <a href=\"https:\/\/www1.folha.uol.com.br\/folha-topicos\/pib\/\">PIB<\/a> (Produto Interno Bruto) estagnada em 1,82%.<\/p>\n<p>O boletim Focus ouve v\u00e1rios economistas pelo pa\u00eds e o levantamento foi encerrado na sexta-feira (27). Portanto ele n\u00e3o incluiu os eventuais impactos do conflito que ocorre no Oriente M\u00e9dio entre EUA, Israel e Ir\u00e3, iniciado na madrugada de s\u00e1bado (28).<\/p>\n<\/p><\/div>\n<p><a href=\"https:\/\/www1.folha.uol.com.br\/mercado\/2026\/03\/economistas-voltam-a-reduzir-previsao-para-taxa-de-juros-neste-ano.shtml\">Fonte do Artigo <\/a><\/p>","protected":false},"excerpt":{"rendered":"<p>Os economistas voltaram a reduzir a previs\u00e3o da taxa de juros neste ano pela segunda semana consecutiva, de acordo com o boletim Focus divulgado na manh\u00e3 desta segunda-feira (2), que n\u00e3o levou em considera\u00e7\u00e3o eventuais impactos do conflito no Oriente M\u00e9dio, j\u00e1 que o levantamento foi fechado na sexta-feira (27), antes de iniciarem os ataques [&hellip;]<\/p>\n","protected":false},"author":1,"featured_media":91488,"comment_status":"closed","ping_status":"","sticky":false,"template":"","format":"standard","meta":{"googlesitekit_rrm_CAow2JLhCw:productID":"","_gspb_post_css":"","maa_idioma":"","maa_pais":"","footnotes":""},"categories":[4],"tags":[10976,5057,1898,8963,3085,21139,3571],"class_list":["post-91487","post","type-post","status-publish","format-standard","has-post-thumbnail","hentry","category-brasil","tag-boletim","tag-cair","tag-economia","tag-focus","tag-previsao","tag-selic","tag-volta"],"blocksy_meta":[],"yoast_head":"<!-- This site is optimized with the Yoast SEO Premium plugin v27.6 (Yoast SEO v27.6) - https:\/\/yoast.com\/product\/yoast-seo-premium-wordpress\/ -->\n<title>Boletim Focus: Previs\u00e3o da Selic volta a cair - 02\/03\/2026 - Economia - Ubirat\u00e3 Online Not\u00edcias - A realidade ao seu alcance!<\/title>\n<meta name=\"description\" content=\"Os economistas voltaram a reduzir a previs\u00e3o da taxa de juros neste ano pela segunda semana consecutiva, de acordo com o boletim Focus divulgado na manh\u00e3\" \/>\n<meta name=\"robots\" content=\"index, follow, max-snippet:-1, max-image-preview:large, max-video-preview:-1\" \/>\n<link rel=\"canonical\" href=\"https:\/\/ubirataonline.com.br\/en\/boletim-focus-previsao-da-selic-volta-a-cair-02-03-2026-economia\/\" \/>\n<meta property=\"og:locale\" content=\"en_US\" \/>\n<meta property=\"og:type\" content=\"article\" \/>\n<meta property=\"og:title\" content=\"Boletim Focus: Previs\u00e3o da Selic volta a cair - 02\/03\/2026 - Economia\" \/>\n<meta property=\"og:description\" content=\"Os economistas voltaram a reduzir a previs\u00e3o da taxa de juros neste ano pela segunda semana consecutiva, de acordo com o boletim Focus divulgado na manh\u00e3\" \/>\n<meta property=\"og:url\" content=\"https:\/\/ubirataonline.com.br\/en\/boletim-focus-previsao-da-selic-volta-a-cair-02-03-2026-economia\/\" \/>\n<meta property=\"og:site_name\" content=\"Ubirat\u00e3 Online Not\u00edcias - A realidade ao seu alcance!\" \/>\n<meta property=\"article:publisher\" content=\"https:\/\/www.facebook.com\/portalubirataonline\" \/>\n<meta property=\"article:author\" content=\"https:\/\/www.facebook.com\/portalubirataonline\" \/>\n<meta property=\"article:published_time\" content=\"2026-03-02T14:17:06+00:00\" \/>\n<meta property=\"article:modified_time\" content=\"2026-03-02T14:17:21+00:00\" \/>\n<meta property=\"og:image\" content=\"https:\/\/ubirataonline.com.br\/wp-content\/uploads\/2026\/03\/Boletim-Focus-Previsao-da-Selic-volta-a-cair-02032026.jpg\" \/>\n\t<meta property=\"og:image:width\" content=\"2400\" \/>\n\t<meta property=\"og:image:height\" content=\"1600\" \/>\n\t<meta property=\"og:image:type\" content=\"image\/jpeg\" \/>\n<meta name=\"author\" content=\"REDA\u00c7\u00c3O: UBIRAT\u00c3 ONLINE - F\u00c1BIO AUGUSTO CELESTINO\" \/>\n<meta name=\"twitter:card\" content=\"summary_large_image\" \/>\n<meta name=\"twitter:creator\" content=\"@x.com\/ubirataonline\" \/>\n<meta name=\"twitter:site\" content=\"@ubirataonline\" \/>\n<meta name=\"twitter:label1\" content=\"Written by\" \/>\n\t<meta name=\"twitter:data1\" content=\"REDA\u00c7\u00c3O: UBIRAT\u00c3 ONLINE - F\u00c1BIO AUGUSTO CELESTINO\" \/>\n\t<meta name=\"twitter:label2\" content=\"Est. reading time\" \/>\n\t<meta name=\"twitter:data2\" content=\"1 minute\" \/>\n<script type=\"application\/ld+json\" class=\"yoast-schema-graph\">{\"@context\":\"https:\\\/\\\/schema.org\",\"@graph\":[{\"@type\":\"NewsArticle\",\"@id\":\"https:\\\/\\\/ubirataonline.com.br\\\/boletim-focus-previsao-da-selic-volta-a-cair-02-03-2026-economia\\\/#article\",\"isPartOf\":{\"@id\":\"https:\\\/\\\/ubirataonline.com.br\\\/boletim-focus-previsao-da-selic-volta-a-cair-02-03-2026-economia\\\/\"},\"author\":{\"name\":\"REDA\u00c7\u00c3O: UBIRAT\u00c3 ONLINE - F\u00c1BIO AUGUSTO CELESTINO\",\"@id\":\"https:\\\/\\\/ubirataonline.com.br\\\/#\\\/schema\\\/person\\\/372f87bbd3fdd79b8556b84c98d0bc1c\"},\"headline\":\"Boletim Focus: Previs\u00e3o da Selic volta a cair &#8211; 02\\\/03\\\/2026 &#8211; Economia\",\"datePublished\":\"2026-03-02T14:17:06+00:00\",\"dateModified\":\"2026-03-02T14:17:21+00:00\",\"mainEntityOfPage\":{\"@id\":\"https:\\\/\\\/ubirataonline.com.br\\\/boletim-focus-previsao-da-selic-volta-a-cair-02-03-2026-economia\\\/\"},\"wordCount\":267,\"publisher\":{\"@id\":\"https:\\\/\\\/ubirataonline.com.br\\\/#organization\"},\"image\":{\"@id\":\"https:\\\/\\\/ubirataonline.com.br\\\/boletim-focus-previsao-da-selic-volta-a-cair-02-03-2026-economia\\\/#primaryimage\"},\"thumbnailUrl\":\"https:\\\/\\\/ubirataonline.com.br\\\/wp-content\\\/uploads\\\/2026\\\/03\\\/Boletim-Focus-Previsao-da-Selic-volta-a-cair-02032026.jpg\",\"keywords\":[\"boletim\",\"cair\",\"economia\",\"Focus\",\"previs\u00e3o\",\"Selic\",\"volta\"],\"articleSection\":[\"Brasil\"],\"inLanguage\":\"en-US\",\"copyrightYear\":\"2026\",\"copyrightHolder\":{\"@id\":\"https:\\\/\\\/ubirataonline.com.br\\\/en\\\/#organization\"}},{\"@type\":\"WebPage\",\"@id\":\"https:\\\/\\\/ubirataonline.com.br\\\/boletim-focus-previsao-da-selic-volta-a-cair-02-03-2026-economia\\\/\",\"url\":\"https:\\\/\\\/ubirataonline.com.br\\\/boletim-focus-previsao-da-selic-volta-a-cair-02-03-2026-economia\\\/\",\"name\":\"Boletim Focus: Previs\u00e3o da Selic volta a cair - 02\\\/03\\\/2026 - Economia - Ubirat\u00e3 Online Not\u00edcias - A realidade ao seu alcance!\",\"isPartOf\":{\"@id\":\"https:\\\/\\\/ubirataonline.com.br\\\/#website\"},\"primaryImageOfPage\":{\"@id\":\"https:\\\/\\\/ubirataonline.com.br\\\/boletim-focus-previsao-da-selic-volta-a-cair-02-03-2026-economia\\\/#primaryimage\"},\"image\":{\"@id\":\"https:\\\/\\\/ubirataonline.com.br\\\/boletim-focus-previsao-da-selic-volta-a-cair-02-03-2026-economia\\\/#primaryimage\"},\"thumbnailUrl\":\"https:\\\/\\\/ubirataonline.com.br\\\/wp-content\\\/uploads\\\/2026\\\/03\\\/Boletim-Focus-Previsao-da-Selic-volta-a-cair-02032026.jpg\",\"datePublished\":\"2026-03-02T14:17:06+00:00\",\"dateModified\":\"2026-03-02T14:17:21+00:00\",\"description\":\"Os economistas voltaram a reduzir a previs\u00e3o da taxa de juros neste ano pela segunda semana consecutiva, de acordo com o boletim Focus divulgado na manh\u00e3\",\"breadcrumb\":{\"@id\":\"https:\\\/\\\/ubirataonline.com.br\\\/boletim-focus-previsao-da-selic-volta-a-cair-02-03-2026-economia\\\/#breadcrumb\"},\"inLanguage\":\"en-US\",\"potentialAction\":[{\"@type\":\"ReadAction\",\"target\":[\"https:\\\/\\\/ubirataonline.com.br\\\/boletim-focus-previsao-da-selic-volta-a-cair-02-03-2026-economia\\\/\"]}]},{\"@type\":\"ImageObject\",\"inLanguage\":\"en-US\",\"@id\":\"https:\\\/\\\/ubirataonline.com.br\\\/boletim-focus-previsao-da-selic-volta-a-cair-02-03-2026-economia\\\/#primaryimage\",\"url\":\"https:\\\/\\\/ubirataonline.com.br\\\/wp-content\\\/uploads\\\/2026\\\/03\\\/Boletim-Focus-Previsao-da-Selic-volta-a-cair-02032026.jpg\",\"contentUrl\":\"https:\\\/\\\/ubirataonline.com.br\\\/wp-content\\\/uploads\\\/2026\\\/03\\\/Boletim-Focus-Previsao-da-Selic-volta-a-cair-02032026.jpg\",\"width\":2400,\"height\":1600,\"caption\":\"Presidente do Banco Central, Gabriel Gal\u00edpolo, durante entrevista coletiva - Pedro Ladeira - 27.mar.25\\\/Folhapress\"},{\"@type\":\"BreadcrumbList\",\"@id\":\"https:\\\/\\\/ubirataonline.com.br\\\/boletim-focus-previsao-da-selic-volta-a-cair-02-03-2026-economia\\\/#breadcrumb\",\"itemListElement\":[{\"@type\":\"ListItem\",\"position\":1,\"name\":\"In\u00edcio\",\"item\":\"https:\\\/\\\/ubirataonline.com.br\\\/\"},{\"@type\":\"ListItem\",\"position\":2,\"name\":\"Boletim Focus: Previs\u00e3o da Selic volta a cair &#8211; 02\\\/03\\\/2026 &#8211; Economia\"}]},{\"@type\":\"WebSite\",\"@id\":\"https:\\\/\\\/ubirataonline.com.br\\\/#website\",\"url\":\"https:\\\/\\\/ubirataonline.com.br\\\/\",\"name\":\"Ubirat\u00e3 Online Not\u00edcias\",\"description\":\"Not\u00edcias de Ubirat\u00e3, regi\u00e3o, Brasil e mundo, com informa\u00e7\u00e3o atualizada e compromisso com o leitor.\",\"publisher\":{\"@id\":\"https:\\\/\\\/ubirataonline.com.br\\\/#organization\"},\"alternateName\":\"Ubirat\u00e3 Online\",\"potentialAction\":[{\"@type\":\"SearchAction\",\"target\":{\"@type\":\"EntryPoint\",\"urlTemplate\":\"https:\\\/\\\/ubirataonline.com.br\\\/?s={search_term_string}\"},\"query-input\":{\"@type\":\"PropertyValueSpecification\",\"valueRequired\":true,\"valueName\":\"search_term_string\"}}],\"inLanguage\":\"en-US\"},{\"@type\":[\"Organization\",\"Place\"],\"@id\":\"https:\\\/\\\/ubirataonline.com.br\\\/#organization\",\"name\":\"Ubirat\u00e3 Online Not\u00edcias\",\"alternateName\":\"Ubirat\u00e3 Online\",\"url\":\"https:\\\/\\\/ubirataonline.com.br\\\/\",\"logo\":{\"@id\":\"https:\\\/\\\/ubirataonline.com.br\\\/boletim-focus-previsao-da-selic-volta-a-cair-02-03-2026-economia\\\/#local-main-organization-logo\"},\"image\":{\"@id\":\"https:\\\/\\\/ubirataonline.com.br\\\/boletim-focus-previsao-da-selic-volta-a-cair-02-03-2026-economia\\\/#local-main-organization-logo\"},\"sameAs\":[\"https:\\\/\\\/www.facebook.com\\\/portalubirataonline\",\"https:\\\/\\\/x.com\\\/ubirataonline\",\"https:\\\/\\\/mastodon.social\\\/@ubirataonline\",\"https:\\\/\\\/www.facebook.com\\\/groups\\\/311144672285604\",\"https:\\\/\\\/www.facebook.com\\\/UBTAOnline\",\"https:\\\/\\\/www.instagram.com\\\/portalubirataonline\\\/\",\"https:\\\/\\\/twitter.com\\\/ubirataonline\"],\"description\":\"Somos um portal de not\u00edcias independente, criado em 5 de janeiro de 2009, com o objetivo de informar, conectar e valorizar a nossa comunidade de Ubirat\u00e3 e toda aregi\u00e3o. Com conte\u00fado atualizado, confi\u00e1vel e relevante, o Ubirat\u00e3 Online \u00e9 o seu espa\u00e7o para ficar por dentro dos principais acontecimentos locais, regionais, Brasil, Mundo e de interesse geral. Nosso compromisso \u00e9 com a verdade, a transpar\u00eancia e o respeito ao leitor.\",\"legalName\":\"UBIRATA ONLINE NOT\u00cdCIAS\",\"foundingDate\":\"2009-01-05\",\"numberOfEmployees\":{\"@type\":\"QuantitativeValue\",\"minValue\":\"1\",\"maxValue\":\"10\"},\"publishingPrinciples\":\"https:\\\/\\\/ubirataonline.com.br\\\/faq\\\/\",\"address\":{\"@id\":\"https:\\\/\\\/ubirataonline.com.br\\\/boletim-focus-previsao-da-selic-volta-a-cair-02-03-2026-economia\\\/#local-main-place-address\"},\"geo\":{\"@type\":\"GeoCoordinates\",\"latitude\":\"-24.5361401\",\"longitude\":\"-52.9921776\"},\"telephone\":[\"+5544998308235\"],\"contactPoint\":{\"@type\":\"ContactPoint\",\"email\":\"contato@ubirataonline.com.br\"},\"openingHoursSpecification\":{\"@type\":\"OpeningHoursSpecification\",\"dayOfWeek\":[\"Monday\",\"Tuesday\",\"Wednesday\",\"Thursday\",\"Friday\",\"Saturday\",\"Sunday\"],\"opens\":\"00:00\",\"closes\":\"23:59\"},\"email\":\"contato@ubirataonline.com.br\",\"vatID\":\"47.621.418\\\/0001-80\"},{\"@type\":\"Person\",\"@id\":\"https:\\\/\\\/ubirataonline.com.br\\\/#\\\/schema\\\/person\\\/372f87bbd3fdd79b8556b84c98d0bc1c\",\"name\":\"REDA\u00c7\u00c3O: UBIRAT\u00c3 ONLINE - F\u00c1BIO AUGUSTO CELESTINO\",\"pronouns\":\"Ele\",\"description\":\"Desde 2003 trabalhando com not\u00edcias.\",\"sameAs\":[\"http:\\\/\\\/ubirataoline.com.br\",\"https:\\\/\\\/www.facebook.com\\\/portalubirataonline\",\"https:\\\/\\\/www.instagram.com\\\/ubirataonline_oficial\",\"https:\\\/\\\/x.com\\\/x.com\\\/ubirataonline\"],\"honorificPrefix\":\"Mr.\",\"honorificSuffix\":\"MD\",\"birthDate\":\"1980-06-16\",\"gender\":\"masculino\",\"award\":[\"V\u00e1rios pr\u00eamios de melhor portal da cidade\"],\"jobTitle\":\"Diretor\",\"url\":\"https:\\\/\\\/ubirataonline.com.br\\\/en\\\/author\\\/ubirataonline\\\/\"},{\"@type\":\"PostalAddress\",\"@id\":\"https:\\\/\\\/ubirataonline.com.br\\\/boletim-focus-previsao-da-selic-volta-a-cair-02-03-2026-economia\\\/#local-main-place-address\",\"streetAddress\":\"Rua dos Coqueiros, 104 - Bairro Boa Vista, Rua dos Coqueiros, 104 Bairro Boa Vista\",\"addressLocality\":\"UBIRATA\",\"postalCode\":\"85440-000\",\"addressRegion\":\"PR\",\"addressCountry\":\"BR\"},{\"@type\":\"ImageObject\",\"inLanguage\":\"en-US\",\"@id\":\"https:\\\/\\\/ubirataonline.com.br\\\/boletim-focus-previsao-da-selic-volta-a-cair-02-03-2026-economia\\\/#local-main-organization-logo\",\"url\":\"https:\\\/\\\/ubirataonline.com.br\\\/wp-content\\\/uploads\\\/2026\\\/06\\\/logoubirataonline-1.webp\",\"contentUrl\":\"https:\\\/\\\/ubirataonline.com.br\\\/wp-content\\\/uploads\\\/2026\\\/06\\\/logoubirataonline-1.webp\",\"width\":500,\"height\":500,\"caption\":\"Ubirat\u00e3 Online Not\u00edcias\"}]}<\/script>\n<meta name=\"geo.placename\" content=\"UBIRATA\" \/>\n<meta name=\"geo.position\" content=\"-24.5361401;-52.9921776\" \/>\n<meta name=\"geo.region\" content=\"Brazil\" \/>\n<!-- \/ Yoast SEO Premium plugin. -->","yoast_head_json":{"title":"Boletim Focus: Previs\u00e3o da Selic volta a cair - 02\/03\/2026 - Economia - Ubirat\u00e3 Online Not\u00edcias - A realidade ao seu alcance!","description":"Os economistas voltaram a reduzir a previs\u00e3o da taxa de juros neste ano pela segunda semana consecutiva, de acordo com o boletim Focus divulgado na manh\u00e3","robots":{"index":"index","follow":"follow","max-snippet":"max-snippet:-1","max-image-preview":"max-image-preview:large","max-video-preview":"max-video-preview:-1"},"canonical":"https:\/\/ubirataonline.com.br\/en\/boletim-focus-previsao-da-selic-volta-a-cair-02-03-2026-economia\/","og_locale":"en_US","og_type":"article","og_title":"Boletim Focus: Previs\u00e3o da Selic volta a cair - 02\/03\/2026 - Economia","og_description":"Os economistas voltaram a reduzir a previs\u00e3o da taxa de juros neste ano pela segunda semana consecutiva, de acordo com o boletim Focus divulgado na manh\u00e3","og_url":"https:\/\/ubirataonline.com.br\/en\/boletim-focus-previsao-da-selic-volta-a-cair-02-03-2026-economia\/","og_site_name":"Ubirat\u00e3 Online Not\u00edcias - A realidade ao seu alcance!","article_publisher":"https:\/\/www.facebook.com\/portalubirataonline","article_author":"https:\/\/www.facebook.com\/portalubirataonline","article_published_time":"2026-03-02T14:17:06+00:00","article_modified_time":"2026-03-02T14:17:21+00:00","og_image":[{"width":2400,"height":1600,"url":"https:\/\/ubirataonline.com.br\/wp-content\/uploads\/2026\/03\/Boletim-Focus-Previsao-da-Selic-volta-a-cair-02032026.jpg","type":"image\/jpeg"}],"author":"REDA\u00c7\u00c3O: UBIRAT\u00c3 ONLINE - F\u00c1BIO AUGUSTO CELESTINO","twitter_card":"summary_large_image","twitter_creator":"@x.com\/ubirataonline","twitter_site":"@ubirataonline","twitter_misc":{"Written by":"REDA\u00c7\u00c3O: UBIRAT\u00c3 ONLINE - F\u00c1BIO AUGUSTO CELESTINO","Est. reading time":"1 minute"},"schema":{"@context":"https:\/\/schema.org","@graph":[{"@type":"NewsArticle","@id":"https:\/\/ubirataonline.com.br\/boletim-focus-previsao-da-selic-volta-a-cair-02-03-2026-economia\/#article","isPartOf":{"@id":"https:\/\/ubirataonline.com.br\/boletim-focus-previsao-da-selic-volta-a-cair-02-03-2026-economia\/"},"author":{"name":"REDA\u00c7\u00c3O: UBIRAT\u00c3 ONLINE - F\u00c1BIO AUGUSTO CELESTINO","@id":"https:\/\/ubirataonline.com.br\/#\/schema\/person\/372f87bbd3fdd79b8556b84c98d0bc1c"},"headline":"Boletim Focus: Previs\u00e3o da Selic volta a cair &#8211; 02\/03\/2026 &#8211; Economia","datePublished":"2026-03-02T14:17:06+00:00","dateModified":"2026-03-02T14:17:21+00:00","mainEntityOfPage":{"@id":"https:\/\/ubirataonline.com.br\/boletim-focus-previsao-da-selic-volta-a-cair-02-03-2026-economia\/"},"wordCount":267,"publisher":{"@id":"https:\/\/ubirataonline.com.br\/#organization"},"image":{"@id":"https:\/\/ubirataonline.com.br\/boletim-focus-previsao-da-selic-volta-a-cair-02-03-2026-economia\/#primaryimage"},"thumbnailUrl":"https:\/\/ubirataonline.com.br\/wp-content\/uploads\/2026\/03\/Boletim-Focus-Previsao-da-Selic-volta-a-cair-02032026.jpg","keywords":["boletim","cair","economia","Focus","previs\u00e3o","Selic","volta"],"articleSection":["Brasil"],"inLanguage":"en-US","copyrightYear":"2026","copyrightHolder":{"@id":"https:\/\/ubirataonline.com.br\/en\/#organization"}},{"@type":"WebPage","@id":"https:\/\/ubirataonline.com.br\/boletim-focus-previsao-da-selic-volta-a-cair-02-03-2026-economia\/","url":"https:\/\/ubirataonline.com.br\/boletim-focus-previsao-da-selic-volta-a-cair-02-03-2026-economia\/","name":"Boletim Focus: Previs\u00e3o da Selic volta a cair - 02\/03\/2026 - Economia - Ubirat\u00e3 Online Not\u00edcias - A realidade ao seu alcance!","isPartOf":{"@id":"https:\/\/ubirataonline.com.br\/#website"},"primaryImageOfPage":{"@id":"https:\/\/ubirataonline.com.br\/boletim-focus-previsao-da-selic-volta-a-cair-02-03-2026-economia\/#primaryimage"},"image":{"@id":"https:\/\/ubirataonline.com.br\/boletim-focus-previsao-da-selic-volta-a-cair-02-03-2026-economia\/#primaryimage"},"thumbnailUrl":"https:\/\/ubirataonline.com.br\/wp-content\/uploads\/2026\/03\/Boletim-Focus-Previsao-da-Selic-volta-a-cair-02032026.jpg","datePublished":"2026-03-02T14:17:06+00:00","dateModified":"2026-03-02T14:17:21+00:00","description":"Os economistas voltaram a reduzir a previs\u00e3o da taxa de juros neste ano pela segunda semana consecutiva, de acordo com o boletim Focus divulgado na manh\u00e3","breadcrumb":{"@id":"https:\/\/ubirataonline.com.br\/boletim-focus-previsao-da-selic-volta-a-cair-02-03-2026-economia\/#breadcrumb"},"inLanguage":"en-US","potentialAction":[{"@type":"ReadAction","target":["https:\/\/ubirataonline.com.br\/boletim-focus-previsao-da-selic-volta-a-cair-02-03-2026-economia\/"]}]},{"@type":"ImageObject","inLanguage":"en-US","@id":"https:\/\/ubirataonline.com.br\/boletim-focus-previsao-da-selic-volta-a-cair-02-03-2026-economia\/#primaryimage","url":"https:\/\/ubirataonline.com.br\/wp-content\/uploads\/2026\/03\/Boletim-Focus-Previsao-da-Selic-volta-a-cair-02032026.jpg","contentUrl":"https:\/\/ubirataonline.com.br\/wp-content\/uploads\/2026\/03\/Boletim-Focus-Previsao-da-Selic-volta-a-cair-02032026.jpg","width":2400,"height":1600,"caption":"Presidente do Banco Central, Gabriel Gal\u00edpolo, durante entrevista coletiva - Pedro Ladeira - 27.mar.25\/Folhapress"},{"@type":"BreadcrumbList","@id":"https:\/\/ubirataonline.com.br\/boletim-focus-previsao-da-selic-volta-a-cair-02-03-2026-economia\/#breadcrumb","itemListElement":[{"@type":"ListItem","position":1,"name":"In\u00edcio","item":"https:\/\/ubirataonline.com.br\/"},{"@type":"ListItem","position":2,"name":"Boletim Focus: Previs\u00e3o da Selic volta a cair &#8211; 02\/03\/2026 &#8211; Economia"}]},{"@type":"WebSite","@id":"https:\/\/ubirataonline.com.br\/#website","url":"https:\/\/ubirataonline.com.br\/","name":"Ubirat\u00e3 Online Not\u00edcias","description":"Not\u00edcias de Ubirat\u00e3, regi\u00e3o, Brasil e mundo, com informa\u00e7\u00e3o atualizada e compromisso com o leitor.","publisher":{"@id":"https:\/\/ubirataonline.com.br\/#organization"},"alternateName":"Ubirat\u00e3 Online","potentialAction":[{"@type":"SearchAction","target":{"@type":"EntryPoint","urlTemplate":"https:\/\/ubirataonline.com.br\/?s={search_term_string}"},"query-input":{"@type":"PropertyValueSpecification","valueRequired":true,"valueName":"search_term_string"}}],"inLanguage":"en-US"},{"@type":["Organization","Place"],"@id":"https:\/\/ubirataonline.com.br\/#organization","name":"Ubirat\u00e3 Online Not\u00edcias","alternateName":"Ubirat\u00e3 Online","url":"https:\/\/ubirataonline.com.br\/","logo":{"@id":"https:\/\/ubirataonline.com.br\/boletim-focus-previsao-da-selic-volta-a-cair-02-03-2026-economia\/#local-main-organization-logo"},"image":{"@id":"https:\/\/ubirataonline.com.br\/boletim-focus-previsao-da-selic-volta-a-cair-02-03-2026-economia\/#local-main-organization-logo"},"sameAs":["https:\/\/www.facebook.com\/portalubirataonline","https:\/\/x.com\/ubirataonline","https:\/\/mastodon.social\/@ubirataonline","https:\/\/www.facebook.com\/groups\/311144672285604","https:\/\/www.facebook.com\/UBTAOnline","https:\/\/www.instagram.com\/portalubirataonline\/","https:\/\/twitter.com\/ubirataonline"],"description":"Somos um portal de not\u00edcias independente, criado em 5 de janeiro de 2009, com o objetivo de informar, conectar e valorizar a nossa comunidade de Ubirat\u00e3 e toda aregi\u00e3o. Com conte\u00fado atualizado, confi\u00e1vel e relevante, o Ubirat\u00e3 Online \u00e9 o seu espa\u00e7o para ficar por dentro dos principais acontecimentos locais, regionais, Brasil, Mundo e de interesse geral. Nosso compromisso \u00e9 com a verdade, a transpar\u00eancia e o respeito ao leitor.","legalName":"UBIRATA ONLINE NOT\u00cdCIAS","foundingDate":"2009-01-05","numberOfEmployees":{"@type":"QuantitativeValue","minValue":"1","maxValue":"10"},"publishingPrinciples":"https:\/\/ubirataonline.com.br\/faq\/","address":{"@id":"https:\/\/ubirataonline.com.br\/boletim-focus-previsao-da-selic-volta-a-cair-02-03-2026-economia\/#local-main-place-address"},"geo":{"@type":"GeoCoordinates","latitude":"-24.5361401","longitude":"-52.9921776"},"telephone":["+5544998308235"],"contactPoint":{"@type":"ContactPoint","email":"contato@ubirataonline.com.br"},"openingHoursSpecification":{"@type":"OpeningHoursSpecification","dayOfWeek":["Monday","Tuesday","Wednesday","Thursday","Friday","Saturday","Sunday"],"opens":"00:00","closes":"23:59"},"email":"contato@ubirataonline.com.br","vatID":"47.621.418\/0001-80"},{"@type":"Person","@id":"https:\/\/ubirataonline.com.br\/#\/schema\/person\/372f87bbd3fdd79b8556b84c98d0bc1c","name":"REDA\u00c7\u00c3O: UBIRAT\u00c3 ONLINE - F\u00c1BIO AUGUSTO CELESTINO","pronouns":"Ele","description":"Desde 2003 trabalhando com not\u00edcias.","sameAs":["http:\/\/ubirataoline.com.br","https:\/\/www.facebook.com\/portalubirataonline","https:\/\/www.instagram.com\/ubirataonline_oficial","https:\/\/x.com\/x.com\/ubirataonline"],"honorificPrefix":"Mr.","honorificSuffix":"MD","birthDate":"1980-06-16","gender":"masculino","award":["V\u00e1rios pr\u00eamios de melhor portal da cidade"],"jobTitle":"Diretor","url":"https:\/\/ubirataonline.com.br\/en\/author\/ubirataonline\/"},{"@type":"PostalAddress","@id":"https:\/\/ubirataonline.com.br\/boletim-focus-previsao-da-selic-volta-a-cair-02-03-2026-economia\/#local-main-place-address","streetAddress":"Rua dos Coqueiros, 104 - Bairro Boa Vista, Rua dos Coqueiros, 104 Bairro Boa Vista","addressLocality":"UBIRATA","postalCode":"85440-000","addressRegion":"PR","addressCountry":"BR"},{"@type":"ImageObject","inLanguage":"en-US","@id":"https:\/\/ubirataonline.com.br\/boletim-focus-previsao-da-selic-volta-a-cair-02-03-2026-economia\/#local-main-organization-logo","url":"https:\/\/ubirataonline.com.br\/wp-content\/uploads\/2026\/06\/logoubirataonline-1.webp","contentUrl":"https:\/\/ubirataonline.com.br\/wp-content\/uploads\/2026\/06\/logoubirataonline-1.webp","width":500,"height":500,"caption":"Ubirat\u00e3 Online Not\u00edcias"}]},"geo.placename":"UBIRATA","geo.position":{"lat":"-24.5361401","long":"-52.9921776"},"geo.region":"Brazil"},"_links":{"self":[{"href":"https:\/\/ubirataonline.com.br\/en\/wp-json\/wp\/v2\/posts\/91487","targetHints":{"allow":["GET"]}}],"collection":[{"href":"https:\/\/ubirataonline.com.br\/en\/wp-json\/wp\/v2\/posts"}],"about":[{"href":"https:\/\/ubirataonline.com.br\/en\/wp-json\/wp\/v2\/types\/post"}],"author":[{"embeddable":true,"href":"https:\/\/ubirataonline.com.br\/en\/wp-json\/wp\/v2\/users\/1"}],"replies":[{"embeddable":true,"href":"https:\/\/ubirataonline.com.br\/en\/wp-json\/wp\/v2\/comments?post=91487"}],"version-history":[{"count":0,"href":"https:\/\/ubirataonline.com.br\/en\/wp-json\/wp\/v2\/posts\/91487\/revisions"}],"wp:featuredmedia":[{"embeddable":true,"href":"https:\/\/ubirataonline.com.br\/en\/wp-json\/wp\/v2\/media\/91488"}],"wp:attachment":[{"href":"https:\/\/ubirataonline.com.br\/en\/wp-json\/wp\/v2\/media?parent=91487"}],"wp:term":[{"taxonomy":"category","embeddable":true,"href":"https:\/\/ubirataonline.com.br\/en\/wp-json\/wp\/v2\/categories?post=91487"},{"taxonomy":"post_tag","embeddable":true,"href":"https:\/\/ubirataonline.com.br\/en\/wp-json\/wp\/v2\/tags?post=91487"}],"curies":[{"name":"wp","href":"https:\/\/api.w.org\/{rel}","templated":true}]}}