{"id":91499,"date":"2026-03-02T12:18:09","date_gmt":"2026-03-02T15:18:09","guid":{"rendered":"https:\/\/ubirataonline.com.br\/il-bologna-di-italiano-a-pisa-per-riaprire-il-discorso-europa\/"},"modified":"2026-03-02T12:18:18","modified_gmt":"2026-03-02T15:18:18","slug":"il-bologna-di-italiano-a-pisa-per-riaprire-il-discorso-europa","status":"publish","type":"post","link":"https:\/\/ubirataonline.com.br\/en\/il-bologna-di-italiano-a-pisa-per-riaprire-il-discorso-europa\/","title":{"rendered":"Il Bologna di Italiano a Pisa per riaprire il discorso Europa"},"content":{"rendered":"<p><\/p>\n<div>\n<p><strong>Il <a href=\"https:\/\/onefootball.com\/de\/team\/bologna-183\">Bologna<\/a> torna in campo questa sera contro il Pisa. La sconfitta dell\u2019Atalanta pu\u00f2 cambiare gli scenari dei felsinei<\/strong><\/p>\n<\/div>\n<div>\n<p>Il campionato attuale ci ha abituati a stravolgimenti repentini e a conseguenti cambi di scenario ed obiettivi. Il momento di empasse del <strong>Bologna<\/strong> delle scorse settimane aveva allontanato la formazione di Vincenzo <strong>Italiano<\/strong> dai lidi pi\u00f9 prestigiosi della classifica. Tuttavia l\u2019ultimo periodo potrebbe clamorosamente cambiare nuovamente prospettive e in questo senso la sconfitta dell\u2019<strong>Atalanta,<\/strong> in superiorit\u00e0 numerica al Mapei Stadium, potrebbe dare una grande mano ai felsinei.<\/p>\n<\/div>\n<div>\n<p>Dopo aver rimontato con una grande prova lo svantaggio contro il <strong>Borussia Dortmund<\/strong>, vincendo per 4-1, l\u2019<strong>Atalanta<\/strong> di <strong>Palladino<\/strong> partiva con i favori del pronostico ieri pomeriggio contro il <strong>Sassuolo<\/strong>. Tuttavia la formazione di <strong>Grosso<\/strong>, nonostante l\u2019inferiorit\u00e0 numerica, \u00e8 riuscita a spuntarla grazie alle reti di <strong>Kon\u00e9 e Thorstvedt<\/strong>. Una vittoria che fornisce quest\u2019oggi ai rossobl\u00f9 la possibilit\u00e0 di accorciare sulla Dea e riaprire il discorso Europa.<\/p>\n<\/div>\n<div>\n<p>Atalanta sconfitta dal Sassuolo: il <a href=\"https:\/\/onefootball.com\/de\/team\/bologna-183\">Bologna<\/a> pu\u00f2 tornare a sperare. <a href=\"https:\/\/onefootball.com\/de\/team\/bologna-183\">Bologna<\/a> Sport News (Foto di Alessandra Sabattini\/Getty Images Via OneFootball)<\/p>\n<\/div>\n<div>\n<p>In caso di vittoria infatti i rossobl\u00f9 salirebbero a quota 39 punti, a sei lunghezze di distanza dall\u2019<strong>Atalanta<\/strong>, attualmente settima con 45 punti. In quel caso potrebbe diventare cruciale lo scontro diretto a Bergamo in programma a maggio, nonostante le ultime tre partite di campionato per la formazione di Italiano siano molto complicate (<strong>Napoli, Atalanta<\/strong> appunto e <strong>Inter<\/strong>). Per il momento il focus \u00e8 per\u00f2 tutto sulla partita di questa sera: un\u2019occasione ghiottissima che il <strong>Bologna<\/strong> non deve assolutamente sbagliare.<\/p>\n<\/div>\n<p><a href=\"https:\/\/onefootball.com\/de\/news\/il-bologna-di-italiano-a-pisa-per-riaprire-il-discorso-europa-42491248\">Fonte do Artigo <\/a><\/p>","protected":false},"excerpt":{"rendered":"<p>Il Bologna torna in campo questa sera contro il Pisa. La sconfitta dell\u2019Atalanta pu\u00f2 cambiare gli scenari dei felsinei Il campionato attuale ci ha abituati a stravolgimenti repentini e a conseguenti cambi di scenario ed obiettivi. Il momento di empasse del Bologna delle scorse settimane aveva allontanato la formazione di Vincenzo Italiano dai lidi pi\u00f9 [&hellip;]<\/p>\n","protected":false},"author":1,"featured_media":91500,"comment_status":"closed","ping_status":"","sticky":false,"template":"","format":"standard","meta":{"googlesitekit_rrm_CAow2JLhCw:productID":"","_gspb_post_css":"","maa_idioma":"","maa_pais":"","footnotes":""},"categories":[4],"tags":[9899,21145,4207,5210,4384,21144],"class_list":["post-91499","post","type-post","status-publish","format-standard","has-post-thumbnail","hentry","category-brasil","tag-bologna","tag-discorso","tag-europa","tag-italiano","tag-pisa","tag-riaprire"],"blocksy_meta":[],"yoast_head":"<!-- This site is optimized with the Yoast SEO Premium plugin v27.6 (Yoast SEO v27.6) - https:\/\/yoast.com\/product\/yoast-seo-premium-wordpress\/ -->\n<title>Il Bologna di Italiano a Pisa per riaprire il discorso Europa - Ubirat\u00e3 Online Not\u00edcias - A realidade ao seu alcance!<\/title>\n<meta name=\"description\" content=\"Il Bologna torna in campo questa sera contro il Pisa. La sconfitta dell\u2019Atalanta pu\u00f2 cambiare gli scenari dei felsineiIl campionato attuale ci ha abituati\" \/>\n<meta name=\"robots\" content=\"index, follow, max-snippet:-1, max-image-preview:large, max-video-preview:-1\" \/>\n<link rel=\"canonical\" href=\"https:\/\/ubirataonline.com.br\/en\/il-bologna-di-italiano-a-pisa-per-riaprire-il-discorso-europa\/\" \/>\n<meta property=\"og:locale\" content=\"en_US\" \/>\n<meta property=\"og:type\" content=\"article\" \/>\n<meta property=\"og:title\" content=\"Il Bologna di Italiano a Pisa per riaprire il discorso Europa\" \/>\n<meta property=\"og:description\" content=\"Il Bologna torna in campo questa sera contro il Pisa. La sconfitta dell\u2019Atalanta pu\u00f2 cambiare gli scenari dei felsineiIl campionato attuale ci ha abituati\" \/>\n<meta property=\"og:url\" content=\"https:\/\/ubirataonline.com.br\/en\/il-bologna-di-italiano-a-pisa-per-riaprire-il-discorso-europa\/\" \/>\n<meta property=\"og:site_name\" content=\"Ubirat\u00e3 Online Not\u00edcias - A realidade ao seu alcance!\" \/>\n<meta property=\"article:publisher\" content=\"https:\/\/www.facebook.com\/portalubirataonline\" \/>\n<meta property=\"article:author\" content=\"https:\/\/www.facebook.com\/portalubirataonline\" \/>\n<meta property=\"article:published_time\" content=\"2026-03-02T15:18:09+00:00\" \/>\n<meta property=\"article:modified_time\" content=\"2026-03-02T15:18:18+00:00\" \/>\n<meta property=\"og:image\" content=\"https:\/\/ubirataonline.com.br\/wp-content\/uploads\/2026\/03\/Il-Bologna-di-Italiano-a-Pisa-per-riaprire-il-discorso.jpeg\" \/>\n\t<meta property=\"og:image:width\" content=\"1200\" \/>\n\t<meta property=\"og:image:height\" content=\"630\" \/>\n\t<meta property=\"og:image:type\" content=\"image\/jpeg\" \/>\n<meta name=\"author\" content=\"REDA\u00c7\u00c3O: UBIRAT\u00c3 ONLINE - F\u00c1BIO AUGUSTO CELESTINO\" \/>\n<meta name=\"twitter:card\" content=\"summary_large_image\" \/>\n<meta name=\"twitter:creator\" content=\"@x.com\/ubirataonline\" \/>\n<meta name=\"twitter:site\" content=\"@ubirataonline\" \/>\n<meta name=\"twitter:label1\" content=\"Written by\" \/>\n\t<meta name=\"twitter:data1\" content=\"REDA\u00c7\u00c3O: UBIRAT\u00c3 ONLINE - F\u00c1BIO AUGUSTO CELESTINO\" \/>\n\t<meta name=\"twitter:label2\" content=\"Est. reading time\" \/>\n\t<meta name=\"twitter:data2\" content=\"1 minute\" \/>\n<script type=\"application\/ld+json\" class=\"yoast-schema-graph\">{\"@context\":\"https:\\\/\\\/schema.org\",\"@graph\":[{\"@type\":\"NewsArticle\",\"@id\":\"https:\\\/\\\/ubirataonline.com.br\\\/il-bologna-di-italiano-a-pisa-per-riaprire-il-discorso-europa\\\/#article\",\"isPartOf\":{\"@id\":\"https:\\\/\\\/ubirataonline.com.br\\\/il-bologna-di-italiano-a-pisa-per-riaprire-il-discorso-europa\\\/\"},\"author\":{\"name\":\"REDA\u00c7\u00c3O: UBIRAT\u00c3 ONLINE - F\u00c1BIO AUGUSTO CELESTINO\",\"@id\":\"https:\\\/\\\/ubirataonline.com.br\\\/#\\\/schema\\\/person\\\/372f87bbd3fdd79b8556b84c98d0bc1c\"},\"headline\":\"Il Bologna di Italiano a Pisa per riaprire il discorso Europa\",\"datePublished\":\"2026-03-02T15:18:09+00:00\",\"dateModified\":\"2026-03-02T15:18:18+00:00\",\"mainEntityOfPage\":{\"@id\":\"https:\\\/\\\/ubirataonline.com.br\\\/il-bologna-di-italiano-a-pisa-per-riaprire-il-discorso-europa\\\/\"},\"wordCount\":272,\"publisher\":{\"@id\":\"https:\\\/\\\/ubirataonline.com.br\\\/#organization\"},\"image\":{\"@id\":\"https:\\\/\\\/ubirataonline.com.br\\\/il-bologna-di-italiano-a-pisa-per-riaprire-il-discorso-europa\\\/#primaryimage\"},\"thumbnailUrl\":\"https:\\\/\\\/ubirataonline.com.br\\\/wp-content\\\/uploads\\\/2026\\\/03\\\/Il-Bologna-di-Italiano-a-Pisa-per-riaprire-il-discorso.jpeg\",\"keywords\":[\"Bologna\",\"discorso\",\"Europa\",\"Italiano\",\"PISA\",\"riaprire\"],\"articleSection\":[\"Brasil\"],\"inLanguage\":\"en-US\",\"copyrightYear\":\"2026\",\"copyrightHolder\":{\"@id\":\"https:\\\/\\\/ubirataonline.com.br\\\/en\\\/#organization\"}},{\"@type\":\"WebPage\",\"@id\":\"https:\\\/\\\/ubirataonline.com.br\\\/il-bologna-di-italiano-a-pisa-per-riaprire-il-discorso-europa\\\/\",\"url\":\"https:\\\/\\\/ubirataonline.com.br\\\/il-bologna-di-italiano-a-pisa-per-riaprire-il-discorso-europa\\\/\",\"name\":\"Il Bologna di Italiano a Pisa per riaprire il discorso Europa - Ubirat\u00e3 Online Not\u00edcias - A realidade ao seu alcance!\",\"isPartOf\":{\"@id\":\"https:\\\/\\\/ubirataonline.com.br\\\/#website\"},\"primaryImageOfPage\":{\"@id\":\"https:\\\/\\\/ubirataonline.com.br\\\/il-bologna-di-italiano-a-pisa-per-riaprire-il-discorso-europa\\\/#primaryimage\"},\"image\":{\"@id\":\"https:\\\/\\\/ubirataonline.com.br\\\/il-bologna-di-italiano-a-pisa-per-riaprire-il-discorso-europa\\\/#primaryimage\"},\"thumbnailUrl\":\"https:\\\/\\\/ubirataonline.com.br\\\/wp-content\\\/uploads\\\/2026\\\/03\\\/Il-Bologna-di-Italiano-a-Pisa-per-riaprire-il-discorso.jpeg\",\"datePublished\":\"2026-03-02T15:18:09+00:00\",\"dateModified\":\"2026-03-02T15:18:18+00:00\",\"description\":\"Il Bologna torna in campo questa sera contro il Pisa. La sconfitta dell\u2019Atalanta pu\u00f2 cambiare gli scenari dei felsineiIl campionato attuale ci ha abituati\",\"breadcrumb\":{\"@id\":\"https:\\\/\\\/ubirataonline.com.br\\\/il-bologna-di-italiano-a-pisa-per-riaprire-il-discorso-europa\\\/#breadcrumb\"},\"inLanguage\":\"en-US\",\"potentialAction\":[{\"@type\":\"ReadAction\",\"target\":[\"https:\\\/\\\/ubirataonline.com.br\\\/il-bologna-di-italiano-a-pisa-per-riaprire-il-discorso-europa\\\/\"]}]},{\"@type\":\"ImageObject\",\"inLanguage\":\"en-US\",\"@id\":\"https:\\\/\\\/ubirataonline.com.br\\\/il-bologna-di-italiano-a-pisa-per-riaprire-il-discorso-europa\\\/#primaryimage\",\"url\":\"https:\\\/\\\/ubirataonline.com.br\\\/wp-content\\\/uploads\\\/2026\\\/03\\\/Il-Bologna-di-Italiano-a-Pisa-per-riaprire-il-discorso.jpeg\",\"contentUrl\":\"https:\\\/\\\/ubirataonline.com.br\\\/wp-content\\\/uploads\\\/2026\\\/03\\\/Il-Bologna-di-Italiano-a-Pisa-per-riaprire-il-discorso.jpeg\",\"width\":1200,\"height\":630,\"caption\":\"Il Bologna di Italiano a Pisa per riaprire il discorso Europa\"},{\"@type\":\"BreadcrumbList\",\"@id\":\"https:\\\/\\\/ubirataonline.com.br\\\/il-bologna-di-italiano-a-pisa-per-riaprire-il-discorso-europa\\\/#breadcrumb\",\"itemListElement\":[{\"@type\":\"ListItem\",\"position\":1,\"name\":\"In\u00edcio\",\"item\":\"https:\\\/\\\/ubirataonline.com.br\\\/\"},{\"@type\":\"ListItem\",\"position\":2,\"name\":\"Il Bologna di Italiano a Pisa per riaprire il discorso Europa\"}]},{\"@type\":\"WebSite\",\"@id\":\"https:\\\/\\\/ubirataonline.com.br\\\/#website\",\"url\":\"https:\\\/\\\/ubirataonline.com.br\\\/\",\"name\":\"Ubirat\u00e3 Online Not\u00edcias\",\"description\":\"Not\u00edcias de Ubirat\u00e3, regi\u00e3o, Brasil e mundo, com informa\u00e7\u00e3o atualizada e compromisso com o leitor.\",\"publisher\":{\"@id\":\"https:\\\/\\\/ubirataonline.com.br\\\/#organization\"},\"alternateName\":\"Ubirat\u00e3 Online\",\"potentialAction\":[{\"@type\":\"SearchAction\",\"target\":{\"@type\":\"EntryPoint\",\"urlTemplate\":\"https:\\\/\\\/ubirataonline.com.br\\\/?s={search_term_string}\"},\"query-input\":{\"@type\":\"PropertyValueSpecification\",\"valueRequired\":true,\"valueName\":\"search_term_string\"}}],\"inLanguage\":\"en-US\"},{\"@type\":[\"Organization\",\"Place\"],\"@id\":\"https:\\\/\\\/ubirataonline.com.br\\\/#organization\",\"name\":\"Ubirat\u00e3 Online Not\u00edcias\",\"alternateName\":\"Ubirat\u00e3 Online\",\"url\":\"https:\\\/\\\/ubirataonline.com.br\\\/\",\"logo\":{\"@id\":\"https:\\\/\\\/ubirataonline.com.br\\\/il-bologna-di-italiano-a-pisa-per-riaprire-il-discorso-europa\\\/#local-main-organization-logo\"},\"image\":{\"@id\":\"https:\\\/\\\/ubirataonline.com.br\\\/il-bologna-di-italiano-a-pisa-per-riaprire-il-discorso-europa\\\/#local-main-organization-logo\"},\"sameAs\":[\"https:\\\/\\\/www.facebook.com\\\/portalubirataonline\",\"https:\\\/\\\/x.com\\\/ubirataonline\",\"https:\\\/\\\/mastodon.social\\\/@ubirataonline\",\"https:\\\/\\\/www.facebook.com\\\/groups\\\/311144672285604\",\"https:\\\/\\\/www.facebook.com\\\/UBTAOnline\",\"https:\\\/\\\/www.instagram.com\\\/portalubirataonline\\\/\",\"https:\\\/\\\/twitter.com\\\/ubirataonline\"],\"description\":\"Somos um portal de not\u00edcias independente, criado em 5 de janeiro de 2009, com o objetivo de informar, conectar e valorizar a nossa comunidade de Ubirat\u00e3 e toda aregi\u00e3o. Com conte\u00fado atualizado, confi\u00e1vel e relevante, o Ubirat\u00e3 Online \u00e9 o seu espa\u00e7o para ficar por dentro dos principais acontecimentos locais, regionais, Brasil, Mundo e de interesse geral. Nosso compromisso \u00e9 com a verdade, a transpar\u00eancia e o respeito ao leitor.\",\"legalName\":\"UBIRATA ONLINE NOT\u00cdCIAS\",\"foundingDate\":\"2009-01-05\",\"numberOfEmployees\":{\"@type\":\"QuantitativeValue\",\"minValue\":\"1\",\"maxValue\":\"10\"},\"publishingPrinciples\":\"https:\\\/\\\/ubirataonline.com.br\\\/faq\\\/\",\"address\":{\"@id\":\"https:\\\/\\\/ubirataonline.com.br\\\/il-bologna-di-italiano-a-pisa-per-riaprire-il-discorso-europa\\\/#local-main-place-address\"},\"geo\":{\"@type\":\"GeoCoordinates\",\"latitude\":\"-24.5361401\",\"longitude\":\"-52.9921776\"},\"telephone\":[\"+5544998308235\"],\"contactPoint\":{\"@type\":\"ContactPoint\",\"email\":\"contato@ubirataonline.com.br\"},\"openingHoursSpecification\":{\"@type\":\"OpeningHoursSpecification\",\"dayOfWeek\":[\"Monday\",\"Tuesday\",\"Wednesday\",\"Thursday\",\"Friday\",\"Saturday\",\"Sunday\"],\"opens\":\"00:00\",\"closes\":\"23:59\"},\"email\":\"contato@ubirataonline.com.br\",\"vatID\":\"47.621.418\\\/0001-80\"},{\"@type\":\"Person\",\"@id\":\"https:\\\/\\\/ubirataonline.com.br\\\/#\\\/schema\\\/person\\\/372f87bbd3fdd79b8556b84c98d0bc1c\",\"name\":\"REDA\u00c7\u00c3O: UBIRAT\u00c3 ONLINE - F\u00c1BIO AUGUSTO CELESTINO\",\"pronouns\":\"Ele\",\"description\":\"Desde 2003 trabalhando com not\u00edcias.\",\"sameAs\":[\"http:\\\/\\\/ubirataoline.com.br\",\"https:\\\/\\\/www.facebook.com\\\/portalubirataonline\",\"https:\\\/\\\/www.instagram.com\\\/ubirataonline_oficial\",\"https:\\\/\\\/x.com\\\/x.com\\\/ubirataonline\"],\"honorificPrefix\":\"Mr.\",\"honorificSuffix\":\"MD\",\"birthDate\":\"1980-06-16\",\"gender\":\"masculino\",\"award\":[\"V\u00e1rios pr\u00eamios de melhor portal da cidade\"],\"jobTitle\":\"Diretor\",\"url\":\"https:\\\/\\\/ubirataonline.com.br\\\/en\\\/author\\\/ubirataonline\\\/\"},{\"@type\":\"PostalAddress\",\"@id\":\"https:\\\/\\\/ubirataonline.com.br\\\/il-bologna-di-italiano-a-pisa-per-riaprire-il-discorso-europa\\\/#local-main-place-address\",\"streetAddress\":\"Rua dos Coqueiros, 104 - Bairro Boa Vista, Rua dos Coqueiros, 104 Bairro Boa Vista\",\"addressLocality\":\"UBIRATA\",\"postalCode\":\"85440-000\",\"addressRegion\":\"PR\",\"addressCountry\":\"BR\"},{\"@type\":\"ImageObject\",\"inLanguage\":\"en-US\",\"@id\":\"https:\\\/\\\/ubirataonline.com.br\\\/il-bologna-di-italiano-a-pisa-per-riaprire-il-discorso-europa\\\/#local-main-organization-logo\",\"url\":\"https:\\\/\\\/ubirataonline.com.br\\\/wp-content\\\/uploads\\\/2026\\\/06\\\/logoubirataonline-1.webp\",\"contentUrl\":\"https:\\\/\\\/ubirataonline.com.br\\\/wp-content\\\/uploads\\\/2026\\\/06\\\/logoubirataonline-1.webp\",\"width\":500,\"height\":500,\"caption\":\"Ubirat\u00e3 Online Not\u00edcias\"}]}<\/script>\n<meta name=\"geo.placename\" content=\"UBIRATA\" \/>\n<meta name=\"geo.position\" content=\"-24.5361401;-52.9921776\" \/>\n<meta name=\"geo.region\" content=\"Brazil\" \/>\n<!-- \/ Yoast SEO Premium plugin. -->","yoast_head_json":{"title":"Il Bologna di Italiano a Pisa per riaprire il discorso Europa - Ubirat\u00e3 Online Not\u00edcias - A realidade ao seu alcance!","description":"Il Bologna torna in campo questa sera contro il Pisa. La sconfitta dell\u2019Atalanta pu\u00f2 cambiare gli scenari dei felsineiIl campionato attuale ci ha abituati","robots":{"index":"index","follow":"follow","max-snippet":"max-snippet:-1","max-image-preview":"max-image-preview:large","max-video-preview":"max-video-preview:-1"},"canonical":"https:\/\/ubirataonline.com.br\/en\/il-bologna-di-italiano-a-pisa-per-riaprire-il-discorso-europa\/","og_locale":"en_US","og_type":"article","og_title":"Il Bologna di Italiano a Pisa per riaprire il discorso Europa","og_description":"Il Bologna torna in campo questa sera contro il Pisa. La sconfitta dell\u2019Atalanta pu\u00f2 cambiare gli scenari dei felsineiIl campionato attuale ci ha abituati","og_url":"https:\/\/ubirataonline.com.br\/en\/il-bologna-di-italiano-a-pisa-per-riaprire-il-discorso-europa\/","og_site_name":"Ubirat\u00e3 Online Not\u00edcias - A realidade ao seu alcance!","article_publisher":"https:\/\/www.facebook.com\/portalubirataonline","article_author":"https:\/\/www.facebook.com\/portalubirataonline","article_published_time":"2026-03-02T15:18:09+00:00","article_modified_time":"2026-03-02T15:18:18+00:00","og_image":[{"width":1200,"height":630,"url":"https:\/\/ubirataonline.com.br\/wp-content\/uploads\/2026\/03\/Il-Bologna-di-Italiano-a-Pisa-per-riaprire-il-discorso.jpeg","type":"image\/jpeg"}],"author":"REDA\u00c7\u00c3O: UBIRAT\u00c3 ONLINE - F\u00c1BIO AUGUSTO CELESTINO","twitter_card":"summary_large_image","twitter_creator":"@x.com\/ubirataonline","twitter_site":"@ubirataonline","twitter_misc":{"Written by":"REDA\u00c7\u00c3O: UBIRAT\u00c3 ONLINE - F\u00c1BIO AUGUSTO CELESTINO","Est. reading time":"1 minute"},"schema":{"@context":"https:\/\/schema.org","@graph":[{"@type":"NewsArticle","@id":"https:\/\/ubirataonline.com.br\/il-bologna-di-italiano-a-pisa-per-riaprire-il-discorso-europa\/#article","isPartOf":{"@id":"https:\/\/ubirataonline.com.br\/il-bologna-di-italiano-a-pisa-per-riaprire-il-discorso-europa\/"},"author":{"name":"REDA\u00c7\u00c3O: UBIRAT\u00c3 ONLINE - F\u00c1BIO AUGUSTO CELESTINO","@id":"https:\/\/ubirataonline.com.br\/#\/schema\/person\/372f87bbd3fdd79b8556b84c98d0bc1c"},"headline":"Il Bologna di Italiano a Pisa per riaprire il discorso Europa","datePublished":"2026-03-02T15:18:09+00:00","dateModified":"2026-03-02T15:18:18+00:00","mainEntityOfPage":{"@id":"https:\/\/ubirataonline.com.br\/il-bologna-di-italiano-a-pisa-per-riaprire-il-discorso-europa\/"},"wordCount":272,"publisher":{"@id":"https:\/\/ubirataonline.com.br\/#organization"},"image":{"@id":"https:\/\/ubirataonline.com.br\/il-bologna-di-italiano-a-pisa-per-riaprire-il-discorso-europa\/#primaryimage"},"thumbnailUrl":"https:\/\/ubirataonline.com.br\/wp-content\/uploads\/2026\/03\/Il-Bologna-di-Italiano-a-Pisa-per-riaprire-il-discorso.jpeg","keywords":["Bologna","discorso","Europa","Italiano","PISA","riaprire"],"articleSection":["Brasil"],"inLanguage":"en-US","copyrightYear":"2026","copyrightHolder":{"@id":"https:\/\/ubirataonline.com.br\/en\/#organization"}},{"@type":"WebPage","@id":"https:\/\/ubirataonline.com.br\/il-bologna-di-italiano-a-pisa-per-riaprire-il-discorso-europa\/","url":"https:\/\/ubirataonline.com.br\/il-bologna-di-italiano-a-pisa-per-riaprire-il-discorso-europa\/","name":"Il Bologna di Italiano a Pisa per riaprire il discorso Europa - Ubirat\u00e3 Online Not\u00edcias - A realidade ao seu alcance!","isPartOf":{"@id":"https:\/\/ubirataonline.com.br\/#website"},"primaryImageOfPage":{"@id":"https:\/\/ubirataonline.com.br\/il-bologna-di-italiano-a-pisa-per-riaprire-il-discorso-europa\/#primaryimage"},"image":{"@id":"https:\/\/ubirataonline.com.br\/il-bologna-di-italiano-a-pisa-per-riaprire-il-discorso-europa\/#primaryimage"},"thumbnailUrl":"https:\/\/ubirataonline.com.br\/wp-content\/uploads\/2026\/03\/Il-Bologna-di-Italiano-a-Pisa-per-riaprire-il-discorso.jpeg","datePublished":"2026-03-02T15:18:09+00:00","dateModified":"2026-03-02T15:18:18+00:00","description":"Il Bologna torna in campo questa sera contro il Pisa. La sconfitta dell\u2019Atalanta pu\u00f2 cambiare gli scenari dei felsineiIl campionato attuale ci ha abituati","breadcrumb":{"@id":"https:\/\/ubirataonline.com.br\/il-bologna-di-italiano-a-pisa-per-riaprire-il-discorso-europa\/#breadcrumb"},"inLanguage":"en-US","potentialAction":[{"@type":"ReadAction","target":["https:\/\/ubirataonline.com.br\/il-bologna-di-italiano-a-pisa-per-riaprire-il-discorso-europa\/"]}]},{"@type":"ImageObject","inLanguage":"en-US","@id":"https:\/\/ubirataonline.com.br\/il-bologna-di-italiano-a-pisa-per-riaprire-il-discorso-europa\/#primaryimage","url":"https:\/\/ubirataonline.com.br\/wp-content\/uploads\/2026\/03\/Il-Bologna-di-Italiano-a-Pisa-per-riaprire-il-discorso.jpeg","contentUrl":"https:\/\/ubirataonline.com.br\/wp-content\/uploads\/2026\/03\/Il-Bologna-di-Italiano-a-Pisa-per-riaprire-il-discorso.jpeg","width":1200,"height":630,"caption":"Il Bologna di Italiano a Pisa per riaprire il discorso Europa"},{"@type":"BreadcrumbList","@id":"https:\/\/ubirataonline.com.br\/il-bologna-di-italiano-a-pisa-per-riaprire-il-discorso-europa\/#breadcrumb","itemListElement":[{"@type":"ListItem","position":1,"name":"In\u00edcio","item":"https:\/\/ubirataonline.com.br\/"},{"@type":"ListItem","position":2,"name":"Il Bologna di Italiano a Pisa per riaprire il discorso Europa"}]},{"@type":"WebSite","@id":"https:\/\/ubirataonline.com.br\/#website","url":"https:\/\/ubirataonline.com.br\/","name":"Ubirat\u00e3 Online Not\u00edcias","description":"Not\u00edcias de Ubirat\u00e3, regi\u00e3o, Brasil e mundo, com informa\u00e7\u00e3o atualizada e compromisso com o leitor.","publisher":{"@id":"https:\/\/ubirataonline.com.br\/#organization"},"alternateName":"Ubirat\u00e3 Online","potentialAction":[{"@type":"SearchAction","target":{"@type":"EntryPoint","urlTemplate":"https:\/\/ubirataonline.com.br\/?s={search_term_string}"},"query-input":{"@type":"PropertyValueSpecification","valueRequired":true,"valueName":"search_term_string"}}],"inLanguage":"en-US"},{"@type":["Organization","Place"],"@id":"https:\/\/ubirataonline.com.br\/#organization","name":"Ubirat\u00e3 Online Not\u00edcias","alternateName":"Ubirat\u00e3 Online","url":"https:\/\/ubirataonline.com.br\/","logo":{"@id":"https:\/\/ubirataonline.com.br\/il-bologna-di-italiano-a-pisa-per-riaprire-il-discorso-europa\/#local-main-organization-logo"},"image":{"@id":"https:\/\/ubirataonline.com.br\/il-bologna-di-italiano-a-pisa-per-riaprire-il-discorso-europa\/#local-main-organization-logo"},"sameAs":["https:\/\/www.facebook.com\/portalubirataonline","https:\/\/x.com\/ubirataonline","https:\/\/mastodon.social\/@ubirataonline","https:\/\/www.facebook.com\/groups\/311144672285604","https:\/\/www.facebook.com\/UBTAOnline","https:\/\/www.instagram.com\/portalubirataonline\/","https:\/\/twitter.com\/ubirataonline"],"description":"Somos um portal de not\u00edcias independente, criado em 5 de janeiro de 2009, com o objetivo de informar, conectar e valorizar a nossa comunidade de Ubirat\u00e3 e toda aregi\u00e3o. Com conte\u00fado atualizado, confi\u00e1vel e relevante, o Ubirat\u00e3 Online \u00e9 o seu espa\u00e7o para ficar por dentro dos principais acontecimentos locais, regionais, Brasil, Mundo e de interesse geral. Nosso compromisso \u00e9 com a verdade, a transpar\u00eancia e o respeito ao leitor.","legalName":"UBIRATA ONLINE NOT\u00cdCIAS","foundingDate":"2009-01-05","numberOfEmployees":{"@type":"QuantitativeValue","minValue":"1","maxValue":"10"},"publishingPrinciples":"https:\/\/ubirataonline.com.br\/faq\/","address":{"@id":"https:\/\/ubirataonline.com.br\/il-bologna-di-italiano-a-pisa-per-riaprire-il-discorso-europa\/#local-main-place-address"},"geo":{"@type":"GeoCoordinates","latitude":"-24.5361401","longitude":"-52.9921776"},"telephone":["+5544998308235"],"contactPoint":{"@type":"ContactPoint","email":"contato@ubirataonline.com.br"},"openingHoursSpecification":{"@type":"OpeningHoursSpecification","dayOfWeek":["Monday","Tuesday","Wednesday","Thursday","Friday","Saturday","Sunday"],"opens":"00:00","closes":"23:59"},"email":"contato@ubirataonline.com.br","vatID":"47.621.418\/0001-80"},{"@type":"Person","@id":"https:\/\/ubirataonline.com.br\/#\/schema\/person\/372f87bbd3fdd79b8556b84c98d0bc1c","name":"REDA\u00c7\u00c3O: UBIRAT\u00c3 ONLINE - F\u00c1BIO AUGUSTO CELESTINO","pronouns":"Ele","description":"Desde 2003 trabalhando com not\u00edcias.","sameAs":["http:\/\/ubirataoline.com.br","https:\/\/www.facebook.com\/portalubirataonline","https:\/\/www.instagram.com\/ubirataonline_oficial","https:\/\/x.com\/x.com\/ubirataonline"],"honorificPrefix":"Mr.","honorificSuffix":"MD","birthDate":"1980-06-16","gender":"masculino","award":["V\u00e1rios pr\u00eamios de melhor portal da cidade"],"jobTitle":"Diretor","url":"https:\/\/ubirataonline.com.br\/en\/author\/ubirataonline\/"},{"@type":"PostalAddress","@id":"https:\/\/ubirataonline.com.br\/il-bologna-di-italiano-a-pisa-per-riaprire-il-discorso-europa\/#local-main-place-address","streetAddress":"Rua dos Coqueiros, 104 - Bairro Boa Vista, Rua dos Coqueiros, 104 Bairro Boa Vista","addressLocality":"UBIRATA","postalCode":"85440-000","addressRegion":"PR","addressCountry":"BR"},{"@type":"ImageObject","inLanguage":"en-US","@id":"https:\/\/ubirataonline.com.br\/il-bologna-di-italiano-a-pisa-per-riaprire-il-discorso-europa\/#local-main-organization-logo","url":"https:\/\/ubirataonline.com.br\/wp-content\/uploads\/2026\/06\/logoubirataonline-1.webp","contentUrl":"https:\/\/ubirataonline.com.br\/wp-content\/uploads\/2026\/06\/logoubirataonline-1.webp","width":500,"height":500,"caption":"Ubirat\u00e3 Online Not\u00edcias"}]},"geo.placename":"UBIRATA","geo.position":{"lat":"-24.5361401","long":"-52.9921776"},"geo.region":"Brazil"},"_links":{"self":[{"href":"https:\/\/ubirataonline.com.br\/en\/wp-json\/wp\/v2\/posts\/91499","targetHints":{"allow":["GET"]}}],"collection":[{"href":"https:\/\/ubirataonline.com.br\/en\/wp-json\/wp\/v2\/posts"}],"about":[{"href":"https:\/\/ubirataonline.com.br\/en\/wp-json\/wp\/v2\/types\/post"}],"author":[{"embeddable":true,"href":"https:\/\/ubirataonline.com.br\/en\/wp-json\/wp\/v2\/users\/1"}],"replies":[{"embeddable":true,"href":"https:\/\/ubirataonline.com.br\/en\/wp-json\/wp\/v2\/comments?post=91499"}],"version-history":[{"count":0,"href":"https:\/\/ubirataonline.com.br\/en\/wp-json\/wp\/v2\/posts\/91499\/revisions"}],"wp:featuredmedia":[{"embeddable":true,"href":"https:\/\/ubirataonline.com.br\/en\/wp-json\/wp\/v2\/media\/91500"}],"wp:attachment":[{"href":"https:\/\/ubirataonline.com.br\/en\/wp-json\/wp\/v2\/media?parent=91499"}],"wp:term":[{"taxonomy":"category","embeddable":true,"href":"https:\/\/ubirataonline.com.br\/en\/wp-json\/wp\/v2\/categories?post=91499"},{"taxonomy":"post_tag","embeddable":true,"href":"https:\/\/ubirataonline.com.br\/en\/wp-json\/wp\/v2\/tags?post=91499"}],"curies":[{"name":"wp","href":"https:\/\/api.w.org\/{rel}","templated":true}]}}