{"id":91512,"date":"2026-03-02T13:19:00","date_gmt":"2026-03-02T16:19:00","guid":{"rendered":"https:\/\/ubirataonline.com.br\/alem-de-pelados-em-santos-e-vira-vira-relembre-hits-dos-mamonas\/"},"modified":"2026-03-02T13:19:12","modified_gmt":"2026-03-02T16:19:12","slug":"alem-de-pelados-em-santos-e-vira-vira-relembre-hits-dos-mamonas","status":"publish","type":"post","link":"https:\/\/ubirataonline.com.br\/en\/alem-de-pelados-em-santos-e-vira-vira-relembre-hits-dos-mamonas\/","title":{"rendered":"Al\u00e9m de &#8216;Pelados em Santos&#8217; e &#8216;Vira-vira&#8217;: relembre hits dos Mamonas"},"content":{"rendered":"<p><\/p>\n<div>\n<p dir=\"ltr\">Eles lan\u00e7aram apenas um \u00e1lbum. Um \u00fanico disco com 14 faixas, em 23 de junho de 1995. Ainda assim, transformaram praticamente todas as faixas em sucesso. Trinta anos depois, quando se fala em <strong><a href=\"https:\/\/www.em.com.br\/cultura\/2026\/03\/7365824-morte-dos-mamonas-assassinas-completa-30-anos.html\" target=\"_blank\">Mamonas Assassinas<\/a><\/strong>, \u00e9 inevit\u00e1vel lembrar de \u201cPelados em Santos\u201d, \u201cVira-Vira\u201d e \u201cRobocop Gay\u201d. Mas o fen\u00f4meno vai al\u00e9m dos hits mais \u00f3bvios: os chamados \u201clados B\u201d tamb\u00e9m ajudaram a consolidar o grupo como um dos maiores estouros da m\u00fasica brasileira nos anos 1990.<\/p>\n<p dir=\"ltr\">O \u00e1lbum \u201cMamonas Assassinas\u201d, hom\u00f4nimo, vendeu 1,8 milh\u00f5es de c\u00f3pias nos oito meses de sucesso. Ao longo da hist\u00f3ria, o n\u00famero chegou aos 3 milh\u00f5es e se tornou um caso raro na ind\u00fastria fonogr\u00e1fica nacional: um disco sem faixas descart\u00e1veis. Em um mercado acostumado a trabalhar um ou dois singles por vez, os Mamonas dominaram r\u00e1dios, programas de TV e festas com praticamente todo o repert\u00f3rio.<\/p>\n<p dir=\"ltr\">Na \u00e9poca, m\u00fasicas como \u201c1406\u201d, \u201cChopis Centis\u201d e \u201cBois Don\u2019t Cry\u201d tocaram exaustivamente. Hoje, embora ainda reconhecidas, aparecem menos nas playlists nost\u00e1lgicas do que \u201cPelados em Santos\u201d ou \u201cVira-vira\u201d. Ainda assim, foram fundamentais para construir a identidade da banda.<\/p>\n<p dir=\"ltr\"><iframe loading=\"lazy\" title=\"Mamonas Assassinas - 1406 (Lyric Video)\" width=\"1366\" height=\"768\" src=\"https:\/\/www.youtube.com\/embed\/hxYVQK5NB2o?feature=oembed\" frameborder=\"0\" allow=\"accelerometer; autoplay; clipboard-write; encrypted-media; gyroscope; picture-in-picture; web-share\" referrerpolicy=\"strict-origin-when-cross-origin\" allowfullscreen><\/iframe><\/p>\n<p dir=\"ltr\">\u201c1406\u201d, por exemplo, satirizava os programas de televendas que invadiam a madrugada da TV brasileira na d\u00e9cada de 1990. A letra acelerada e a interpreta\u00e7\u00e3o quase teatral de Dinho transformaram a cr\u00edtica ao consumismo em humor popular.<\/p>\n<p dir=\"ltr\"><iframe loading=\"lazy\" title=\"Mamonas Assassinas - Chopis Centis (Ao Vivo) [Remasterizado 4K]\" width=\"1333\" height=\"1000\" src=\"https:\/\/www.youtube.com\/embed\/PYfsoXWsU1s?feature=oembed\" frameborder=\"0\" allow=\"accelerometer; autoplay; clipboard-write; encrypted-media; gyroscope; picture-in-picture; web-share\" referrerpolicy=\"strict-origin-when-cross-origin\" allowfullscreen><\/iframe><\/p>\n<p dir=\"ltr\">J\u00e1 \u201cChopis centis\u201d brincava com o ingl\u00eas macarr\u00f4nico, recurso que virou marca registrada do grupo. A m\u00fasica ironizava a obsess\u00e3o por estrangeirismos e, ao mesmo tempo, homenageava o rock internacional. A m\u00fasica era uma vers\u00e3o do hit \u201cShould I stay or should I go\u201d, do The Clash.<\/p>\n<p dir=\"ltr\"><iframe loading=\"lazy\" title=\"Mamonas Assassinas - Bois Don&amp;apos;t Cry\" width=\"1366\" height=\"768\" src=\"https:\/\/www.youtube.com\/embed\/-llUm2EN3hM?feature=oembed\" frameborder=\"0\" allow=\"accelerometer; autoplay; clipboard-write; encrypted-media; gyroscope; picture-in-picture; web-share\" referrerpolicy=\"strict-origin-when-cross-origin\" allowfullscreen><\/iframe><\/p>\n<p dir=\"ltr\">\u201cBois don\u2019t cry\u201d, uma par\u00f3dia do universo country e do drama sertanejo, misturava viol\u00f5es melanc\u00f3licos com exagero c\u00f4mico. Era mais uma prova de que a banda transitava com facilidade entre estilos sem perder identidade.<\/p>\n<h2 dir=\"ltr\">Humor, t\u00e9cnica e par\u00f3dia<\/h2>\n<p dir=\"ltr\">Um dos diferenciais dos Mamonas era a combina\u00e7\u00e3o improv\u00e1vel entre virtuosismo e deboche. O guitarrista Bento Hinoto entregava solos elaborados em faixas como \u201cD\u00e9bil metal\u201d, que brincava com o heavy metal mas mantinha riffs tecnicamente consistentes.<\/p>\n<p dir=\"ltr\"><iframe loading=\"lazy\" title=\"Mamonas Assassinas - D\u00e9bil Metal (Legendado em Portugu\u00eas)\" width=\"1366\" height=\"768\" src=\"https:\/\/www.youtube.com\/embed\/exWIP05etIQ?feature=oembed\" frameborder=\"0\" allow=\"accelerometer; autoplay; clipboard-write; encrypted-media; gyroscope; picture-in-picture; web-share\" referrerpolicy=\"strict-origin-when-cross-origin\" allowfullscreen><\/iframe><\/p>\n<p dir=\"ltr\">O vocalista Dinho conduzia as can\u00e7\u00f5es com teatralidade e improviso, alternando vozes, sotaques e personagens. Ao lado do tecladista J\u00falio Rasec, tamb\u00e9m respons\u00e1vel por boa parte das composi\u00e7\u00f5es, o grupo criava arranjos que iam do forr\u00f3 ao rock pesado em poucos minutos.<\/p>\n<p dir=\"ltr\">No baixo, Samuel Reoli sustentava a base r\u00edtmica com linhas marcantes, enquanto S\u00e9rgio Reoli imprimia energia e din\u00e2mica \u00e0s mudan\u00e7as bruscas de estilo.<\/p>\n<p dir=\"ltr\"><iframe loading=\"lazy\" title=\"Mamonas Assassinas - L\u00e1 Vem O Alem\u00e3o (Lyric Video)\" width=\"1366\" height=\"768\" src=\"https:\/\/www.youtube.com\/embed\/VG-JixfPJrA?feature=oembed\" frameborder=\"0\" allow=\"accelerometer; autoplay; clipboard-write; encrypted-media; gyroscope; picture-in-picture; web-share\" referrerpolicy=\"strict-origin-when-cross-origin\" allowfullscreen><\/iframe><\/p>\n<p dir=\"ltr\">At\u00e9 faixas menos citadas atualmente, como \u201cL\u00e1 Vem o alem\u00e3o\u201d e \u201cJumento celestino\u201d, eram presen\u00e7a constante nos shows e conhecidas pelo p\u00fablico de cor. Em 1995, n\u00e3o havia \u201cm\u00fasica escondida\u201d no disco: todas tocavam nas r\u00e1dios, todas eram pedidas nos programas de audit\u00f3rio, todas eram cantadas por crian\u00e7as e adolescentes.<\/p>\n<p class=\"texto\"><a href=\"https:\/\/whatsapp.com\/channel\/0029Va8e466AO7RPLL06EL2h\" target=\"_blank\"><strong>Siga nosso canal no WhatsApp e receba not\u00edcias relevantes para o seu dia<\/strong><\/a><\/p>\n<p dir=\"ltr\"><iframe loading=\"lazy\" title=\"Mamonas Assassinas - Jumento Celestino (Ao Vivo)\" width=\"1366\" height=\"768\" src=\"https:\/\/www.youtube.com\/embed\/gHcR0f4hQI8?feature=oembed\" frameborder=\"0\" allow=\"accelerometer; autoplay; clipboard-write; encrypted-media; gyroscope; picture-in-picture; web-share\" referrerpolicy=\"strict-origin-when-cross-origin\" allowfullscreen><\/iframe><\/p>\n<\/p><\/div>\n<p><a href=\"https:\/\/www.em.com.br\/cultura\/2026\/03\/7365902-alem-de-pelados-em-santos-e-vira-vira-relembre-hits-dos-mamonas.html\">Fonte do Artigo <\/a><\/p>\n","protected":false},"excerpt":{"rendered":"<p>Eles lan\u00e7aram apenas um \u00e1lbum. Um \u00fanico disco com 14 faixas, em 23 de junho de 1995. Ainda assim, transformaram praticamente todas as faixas em sucesso. Trinta anos depois, quando se fala em Mamonas Assassinas, \u00e9 inevit\u00e1vel lembrar de \u201cPelados em Santos\u201d, \u201cVira-Vira\u201d e \u201cRobocop Gay\u201d. Mas o fen\u00f4meno vai al\u00e9m dos hits mais \u00f3bvios: [&hellip;]<\/p>\n","protected":false},"author":1,"featured_media":91513,"comment_status":"closed","ping_status":"","sticky":false,"template":"","format":"standard","meta":{"googlesitekit_rrm_CAow2JLhCw:productID":"","_gspb_post_css":"","maa_idioma":"","maa_pais":"","footnotes":""},"categories":[4],"tags":[4057,3113,8751,21154,21152,14054,4720,21153],"class_list":["post-91512","post","type-post","status-publish","format-standard","has-post-thumbnail","hentry","category-brasil","tag-alem","tag-dos","tag-hits","tag-mamonas","tag-pelados","tag-relembre","tag-santos","tag-viravira"],"blocksy_meta":[],"yoast_head":"<!-- This site is optimized with the Yoast SEO Premium plugin v27.6 (Yoast SEO v27.6) - https:\/\/yoast.com\/product\/yoast-seo-premium-wordpress\/ -->\n<title>Al\u00e9m de &#039;Pelados em Santos&#039; e &#039;Vira-vira&#039;: relembre hits dos Mamonas - Ubirat\u00e3 Online Not\u00edcias - A realidade ao seu alcance!<\/title>\n<meta name=\"description\" content=\"Eles lan\u00e7aram apenas um \u00e1lbum. Um \u00fanico disco com 14 faixas, em 23 de junho de 1995. Ainda assim, transformaram praticamente todas as faixas em sucesso.\" \/>\n<meta name=\"robots\" content=\"index, follow, max-snippet:-1, max-image-preview:large, max-video-preview:-1\" \/>\n<link rel=\"canonical\" href=\"https:\/\/ubirataonline.com.br\/en\/alem-de-pelados-em-santos-e-vira-vira-relembre-hits-dos-mamonas\/\" \/>\n<meta property=\"og:locale\" content=\"en_US\" \/>\n<meta property=\"og:type\" content=\"article\" \/>\n<meta property=\"og:title\" content=\"Al\u00e9m de &#039;Pelados em Santos&#039; e &#039;Vira-vira&#039;: relembre hits dos Mamonas\" \/>\n<meta property=\"og:description\" content=\"Eles lan\u00e7aram apenas um \u00e1lbum. Um \u00fanico disco com 14 faixas, em 23 de junho de 1995. Ainda assim, transformaram praticamente todas as faixas em sucesso.\" \/>\n<meta property=\"og:url\" content=\"https:\/\/ubirataonline.com.br\/en\/alem-de-pelados-em-santos-e-vira-vira-relembre-hits-dos-mamonas\/\" \/>\n<meta property=\"og:site_name\" content=\"Ubirat\u00e3 Online Not\u00edcias - A realidade ao seu alcance!\" \/>\n<meta property=\"article:publisher\" content=\"https:\/\/www.facebook.com\/portalubirataonline\" \/>\n<meta property=\"article:author\" content=\"https:\/\/www.facebook.com\/portalubirataonline\" \/>\n<meta property=\"article:published_time\" content=\"2026-03-02T16:19:00+00:00\" \/>\n<meta property=\"article:modified_time\" content=\"2026-03-02T16:19:12+00:00\" \/>\n<meta property=\"og:image\" content=\"https:\/\/ubirataonline.com.br\/wp-content\/uploads\/2026\/03\/Alem-de-Pelados-em-Santos-e-Vira-vira-relembre-hits-dos.jpeg\" \/>\n\t<meta property=\"og:image:width\" content=\"1000\" \/>\n\t<meta property=\"og:image:height\" content=\"1000\" \/>\n\t<meta property=\"og:image:type\" content=\"image\/jpeg\" \/>\n<meta name=\"author\" content=\"REDA\u00c7\u00c3O: UBIRAT\u00c3 ONLINE - F\u00c1BIO AUGUSTO CELESTINO\" \/>\n<meta name=\"twitter:card\" content=\"summary_large_image\" \/>\n<meta name=\"twitter:creator\" content=\"@x.com\/ubirataonline\" \/>\n<meta name=\"twitter:site\" content=\"@ubirataonline\" \/>\n<meta name=\"twitter:label1\" content=\"Written by\" \/>\n\t<meta name=\"twitter:data1\" content=\"REDA\u00c7\u00c3O: UBIRAT\u00c3 ONLINE - F\u00c1BIO AUGUSTO CELESTINO\" \/>\n\t<meta name=\"twitter:label2\" content=\"Est. reading time\" \/>\n\t<meta name=\"twitter:data2\" content=\"3 minutes\" \/>\n<script type=\"application\/ld+json\" class=\"yoast-schema-graph\">{\"@context\":\"https:\\\/\\\/schema.org\",\"@graph\":[{\"@type\":\"NewsArticle\",\"@id\":\"https:\\\/\\\/ubirataonline.com.br\\\/alem-de-pelados-em-santos-e-vira-vira-relembre-hits-dos-mamonas\\\/#article\",\"isPartOf\":{\"@id\":\"https:\\\/\\\/ubirataonline.com.br\\\/alem-de-pelados-em-santos-e-vira-vira-relembre-hits-dos-mamonas\\\/\"},\"author\":{\"name\":\"REDA\u00c7\u00c3O: UBIRAT\u00c3 ONLINE - F\u00c1BIO AUGUSTO CELESTINO\",\"@id\":\"https:\\\/\\\/ubirataonline.com.br\\\/#\\\/schema\\\/person\\\/372f87bbd3fdd79b8556b84c98d0bc1c\"},\"headline\":\"Al\u00e9m de &#8216;Pelados em Santos&#8217; e &#8216;Vira-vira&#8217;: relembre hits dos Mamonas\",\"datePublished\":\"2026-03-02T16:19:00+00:00\",\"dateModified\":\"2026-03-02T16:19:12+00:00\",\"mainEntityOfPage\":{\"@id\":\"https:\\\/\\\/ubirataonline.com.br\\\/alem-de-pelados-em-santos-e-vira-vira-relembre-hits-dos-mamonas\\\/\"},\"wordCount\":590,\"publisher\":{\"@id\":\"https:\\\/\\\/ubirataonline.com.br\\\/#organization\"},\"image\":{\"@id\":\"https:\\\/\\\/ubirataonline.com.br\\\/alem-de-pelados-em-santos-e-vira-vira-relembre-hits-dos-mamonas\\\/#primaryimage\"},\"thumbnailUrl\":\"https:\\\/\\\/ubirataonline.com.br\\\/wp-content\\\/uploads\\\/2026\\\/03\\\/Alem-de-Pelados-em-Santos-e-Vira-vira-relembre-hits-dos.jpeg\",\"keywords\":[\"al\u00e9m\",\"dos\",\"hits\",\"Mamonas\",\"Pelados\",\"Relembre\",\"Santos\",\"Viravira\"],\"articleSection\":[\"Brasil\"],\"inLanguage\":\"en-US\",\"copyrightYear\":\"2026\",\"copyrightHolder\":{\"@id\":\"https:\\\/\\\/ubirataonline.com.br\\\/en\\\/#organization\"}},{\"@type\":\"WebPage\",\"@id\":\"https:\\\/\\\/ubirataonline.com.br\\\/alem-de-pelados-em-santos-e-vira-vira-relembre-hits-dos-mamonas\\\/\",\"url\":\"https:\\\/\\\/ubirataonline.com.br\\\/alem-de-pelados-em-santos-e-vira-vira-relembre-hits-dos-mamonas\\\/\",\"name\":\"Al\u00e9m de 'Pelados em Santos' e 'Vira-vira': relembre hits dos Mamonas - Ubirat\u00e3 Online Not\u00edcias - A realidade ao seu alcance!\",\"isPartOf\":{\"@id\":\"https:\\\/\\\/ubirataonline.com.br\\\/#website\"},\"primaryImageOfPage\":{\"@id\":\"https:\\\/\\\/ubirataonline.com.br\\\/alem-de-pelados-em-santos-e-vira-vira-relembre-hits-dos-mamonas\\\/#primaryimage\"},\"image\":{\"@id\":\"https:\\\/\\\/ubirataonline.com.br\\\/alem-de-pelados-em-santos-e-vira-vira-relembre-hits-dos-mamonas\\\/#primaryimage\"},\"thumbnailUrl\":\"https:\\\/\\\/ubirataonline.com.br\\\/wp-content\\\/uploads\\\/2026\\\/03\\\/Alem-de-Pelados-em-Santos-e-Vira-vira-relembre-hits-dos.jpeg\",\"datePublished\":\"2026-03-02T16:19:00+00:00\",\"dateModified\":\"2026-03-02T16:19:12+00:00\",\"description\":\"Eles lan\u00e7aram apenas um \u00e1lbum. Um \u00fanico disco com 14 faixas, em 23 de junho de 1995. Ainda assim, transformaram praticamente todas as faixas em sucesso.\",\"breadcrumb\":{\"@id\":\"https:\\\/\\\/ubirataonline.com.br\\\/alem-de-pelados-em-santos-e-vira-vira-relembre-hits-dos-mamonas\\\/#breadcrumb\"},\"inLanguage\":\"en-US\",\"potentialAction\":[{\"@type\":\"ReadAction\",\"target\":[\"https:\\\/\\\/ubirataonline.com.br\\\/alem-de-pelados-em-santos-e-vira-vira-relembre-hits-dos-mamonas\\\/\"]}]},{\"@type\":\"ImageObject\",\"inLanguage\":\"en-US\",\"@id\":\"https:\\\/\\\/ubirataonline.com.br\\\/alem-de-pelados-em-santos-e-vira-vira-relembre-hits-dos-mamonas\\\/#primaryimage\",\"url\":\"https:\\\/\\\/ubirataonline.com.br\\\/wp-content\\\/uploads\\\/2026\\\/03\\\/Alem-de-Pelados-em-Santos-e-Vira-vira-relembre-hits-dos.jpeg\",\"contentUrl\":\"https:\\\/\\\/ubirataonline.com.br\\\/wp-content\\\/uploads\\\/2026\\\/03\\\/Alem-de-Pelados-em-Santos-e-Vira-vira-relembre-hits-dos.jpeg\",\"width\":1000,\"height\":1000,\"caption\":\"Os cinco integrantes dos Mamonas Assassinas cr\u00e9dito: Reprodu&ccedil;&atilde;o\\\/Instagram\"},{\"@type\":\"BreadcrumbList\",\"@id\":\"https:\\\/\\\/ubirataonline.com.br\\\/alem-de-pelados-em-santos-e-vira-vira-relembre-hits-dos-mamonas\\\/#breadcrumb\",\"itemListElement\":[{\"@type\":\"ListItem\",\"position\":1,\"name\":\"In\u00edcio\",\"item\":\"https:\\\/\\\/ubirataonline.com.br\\\/\"},{\"@type\":\"ListItem\",\"position\":2,\"name\":\"Al\u00e9m de &#8216;Pelados em Santos&#8217; e &#8216;Vira-vira&#8217;: relembre hits dos Mamonas\"}]},{\"@type\":\"WebSite\",\"@id\":\"https:\\\/\\\/ubirataonline.com.br\\\/#website\",\"url\":\"https:\\\/\\\/ubirataonline.com.br\\\/\",\"name\":\"Ubirat\u00e3 Online Not\u00edcias\",\"description\":\"Not\u00edcias de Ubirat\u00e3, regi\u00e3o, Brasil e mundo, com informa\u00e7\u00e3o atualizada e compromisso com o leitor.\",\"publisher\":{\"@id\":\"https:\\\/\\\/ubirataonline.com.br\\\/#organization\"},\"alternateName\":\"Ubirat\u00e3 Online\",\"potentialAction\":[{\"@type\":\"SearchAction\",\"target\":{\"@type\":\"EntryPoint\",\"urlTemplate\":\"https:\\\/\\\/ubirataonline.com.br\\\/?s={search_term_string}\"},\"query-input\":{\"@type\":\"PropertyValueSpecification\",\"valueRequired\":true,\"valueName\":\"search_term_string\"}}],\"inLanguage\":\"en-US\"},{\"@type\":[\"Organization\",\"Place\"],\"@id\":\"https:\\\/\\\/ubirataonline.com.br\\\/#organization\",\"name\":\"Ubirat\u00e3 Online Not\u00edcias\",\"alternateName\":\"Ubirat\u00e3 Online\",\"url\":\"https:\\\/\\\/ubirataonline.com.br\\\/\",\"logo\":{\"@id\":\"https:\\\/\\\/ubirataonline.com.br\\\/alem-de-pelados-em-santos-e-vira-vira-relembre-hits-dos-mamonas\\\/#local-main-organization-logo\"},\"image\":{\"@id\":\"https:\\\/\\\/ubirataonline.com.br\\\/alem-de-pelados-em-santos-e-vira-vira-relembre-hits-dos-mamonas\\\/#local-main-organization-logo\"},\"sameAs\":[\"https:\\\/\\\/www.facebook.com\\\/portalubirataonline\",\"https:\\\/\\\/x.com\\\/ubirataonline\",\"https:\\\/\\\/mastodon.social\\\/@ubirataonline\",\"https:\\\/\\\/www.facebook.com\\\/groups\\\/311144672285604\",\"https:\\\/\\\/www.facebook.com\\\/UBTAOnline\",\"https:\\\/\\\/www.instagram.com\\\/portalubirataonline\\\/\",\"https:\\\/\\\/twitter.com\\\/ubirataonline\"],\"description\":\"Somos um portal de not\u00edcias independente, criado em 5 de janeiro de 2009, com o objetivo de informar, conectar e valorizar a nossa comunidade de Ubirat\u00e3 e toda aregi\u00e3o. Com conte\u00fado atualizado, confi\u00e1vel e relevante, o Ubirat\u00e3 Online \u00e9 o seu espa\u00e7o para ficar por dentro dos principais acontecimentos locais, regionais, Brasil, Mundo e de interesse geral. Nosso compromisso \u00e9 com a verdade, a transpar\u00eancia e o respeito ao leitor.\",\"legalName\":\"UBIRATA ONLINE NOT\u00cdCIAS\",\"foundingDate\":\"2009-01-05\",\"numberOfEmployees\":{\"@type\":\"QuantitativeValue\",\"minValue\":\"1\",\"maxValue\":\"10\"},\"publishingPrinciples\":\"https:\\\/\\\/ubirataonline.com.br\\\/faq\\\/\",\"address\":{\"@id\":\"https:\\\/\\\/ubirataonline.com.br\\\/alem-de-pelados-em-santos-e-vira-vira-relembre-hits-dos-mamonas\\\/#local-main-place-address\"},\"geo\":{\"@type\":\"GeoCoordinates\",\"latitude\":\"-24.5361401\",\"longitude\":\"-52.9921776\"},\"telephone\":[\"+5544998308235\"],\"contactPoint\":{\"@type\":\"ContactPoint\",\"email\":\"contato@ubirataonline.com.br\"},\"openingHoursSpecification\":{\"@type\":\"OpeningHoursSpecification\",\"dayOfWeek\":[\"Monday\",\"Tuesday\",\"Wednesday\",\"Thursday\",\"Friday\",\"Saturday\",\"Sunday\"],\"opens\":\"00:00\",\"closes\":\"23:59\"},\"email\":\"contato@ubirataonline.com.br\",\"vatID\":\"47.621.418\\\/0001-80\"},{\"@type\":\"Person\",\"@id\":\"https:\\\/\\\/ubirataonline.com.br\\\/#\\\/schema\\\/person\\\/372f87bbd3fdd79b8556b84c98d0bc1c\",\"name\":\"REDA\u00c7\u00c3O: UBIRAT\u00c3 ONLINE - F\u00c1BIO AUGUSTO CELESTINO\",\"pronouns\":\"Ele\",\"description\":\"Desde 2003 trabalhando com not\u00edcias.\",\"sameAs\":[\"http:\\\/\\\/ubirataoline.com.br\",\"https:\\\/\\\/www.facebook.com\\\/portalubirataonline\",\"https:\\\/\\\/www.instagram.com\\\/ubirataonline_oficial\",\"https:\\\/\\\/x.com\\\/x.com\\\/ubirataonline\"],\"honorificPrefix\":\"Mr.\",\"honorificSuffix\":\"MD\",\"birthDate\":\"1980-06-16\",\"gender\":\"masculino\",\"award\":[\"V\u00e1rios pr\u00eamios de melhor portal da cidade\"],\"jobTitle\":\"Diretor\",\"url\":\"https:\\\/\\\/ubirataonline.com.br\\\/en\\\/author\\\/ubirataonline\\\/\"},{\"@type\":\"PostalAddress\",\"@id\":\"https:\\\/\\\/ubirataonline.com.br\\\/alem-de-pelados-em-santos-e-vira-vira-relembre-hits-dos-mamonas\\\/#local-main-place-address\",\"streetAddress\":\"Rua dos Coqueiros, 104 - Bairro Boa Vista, Rua dos Coqueiros, 104 Bairro Boa Vista\",\"addressLocality\":\"UBIRATA\",\"postalCode\":\"85440-000\",\"addressRegion\":\"PR\",\"addressCountry\":\"BR\"},{\"@type\":\"ImageObject\",\"inLanguage\":\"en-US\",\"@id\":\"https:\\\/\\\/ubirataonline.com.br\\\/alem-de-pelados-em-santos-e-vira-vira-relembre-hits-dos-mamonas\\\/#local-main-organization-logo\",\"url\":\"https:\\\/\\\/ubirataonline.com.br\\\/wp-content\\\/uploads\\\/2026\\\/06\\\/logoubirataonline-1.webp\",\"contentUrl\":\"https:\\\/\\\/ubirataonline.com.br\\\/wp-content\\\/uploads\\\/2026\\\/06\\\/logoubirataonline-1.webp\",\"width\":500,\"height\":500,\"caption\":\"Ubirat\u00e3 Online Not\u00edcias\"}]}<\/script>\n<meta name=\"geo.placename\" content=\"UBIRATA\" \/>\n<meta name=\"geo.position\" content=\"-24.5361401;-52.9921776\" \/>\n<meta name=\"geo.region\" content=\"Brazil\" \/>\n<!-- \/ Yoast SEO Premium plugin. -->","yoast_head_json":{"title":"Al\u00e9m de 'Pelados em Santos' e 'Vira-vira': relembre hits dos Mamonas - Ubirat\u00e3 Online Not\u00edcias - A realidade ao seu alcance!","description":"Eles lan\u00e7aram apenas um \u00e1lbum. Um \u00fanico disco com 14 faixas, em 23 de junho de 1995. Ainda assim, transformaram praticamente todas as faixas em sucesso.","robots":{"index":"index","follow":"follow","max-snippet":"max-snippet:-1","max-image-preview":"max-image-preview:large","max-video-preview":"max-video-preview:-1"},"canonical":"https:\/\/ubirataonline.com.br\/en\/alem-de-pelados-em-santos-e-vira-vira-relembre-hits-dos-mamonas\/","og_locale":"en_US","og_type":"article","og_title":"Al\u00e9m de 'Pelados em Santos' e 'Vira-vira': relembre hits dos Mamonas","og_description":"Eles lan\u00e7aram apenas um \u00e1lbum. Um \u00fanico disco com 14 faixas, em 23 de junho de 1995. Ainda assim, transformaram praticamente todas as faixas em sucesso.","og_url":"https:\/\/ubirataonline.com.br\/en\/alem-de-pelados-em-santos-e-vira-vira-relembre-hits-dos-mamonas\/","og_site_name":"Ubirat\u00e3 Online Not\u00edcias - A realidade ao seu alcance!","article_publisher":"https:\/\/www.facebook.com\/portalubirataonline","article_author":"https:\/\/www.facebook.com\/portalubirataonline","article_published_time":"2026-03-02T16:19:00+00:00","article_modified_time":"2026-03-02T16:19:12+00:00","og_image":[{"width":1000,"height":1000,"url":"https:\/\/ubirataonline.com.br\/wp-content\/uploads\/2026\/03\/Alem-de-Pelados-em-Santos-e-Vira-vira-relembre-hits-dos.jpeg","type":"image\/jpeg"}],"author":"REDA\u00c7\u00c3O: UBIRAT\u00c3 ONLINE - F\u00c1BIO AUGUSTO CELESTINO","twitter_card":"summary_large_image","twitter_creator":"@x.com\/ubirataonline","twitter_site":"@ubirataonline","twitter_misc":{"Written by":"REDA\u00c7\u00c3O: UBIRAT\u00c3 ONLINE - F\u00c1BIO AUGUSTO CELESTINO","Est. reading time":"3 minutes"},"schema":{"@context":"https:\/\/schema.org","@graph":[{"@type":"NewsArticle","@id":"https:\/\/ubirataonline.com.br\/alem-de-pelados-em-santos-e-vira-vira-relembre-hits-dos-mamonas\/#article","isPartOf":{"@id":"https:\/\/ubirataonline.com.br\/alem-de-pelados-em-santos-e-vira-vira-relembre-hits-dos-mamonas\/"},"author":{"name":"REDA\u00c7\u00c3O: UBIRAT\u00c3 ONLINE - F\u00c1BIO AUGUSTO CELESTINO","@id":"https:\/\/ubirataonline.com.br\/#\/schema\/person\/372f87bbd3fdd79b8556b84c98d0bc1c"},"headline":"Al\u00e9m de &#8216;Pelados em Santos&#8217; e &#8216;Vira-vira&#8217;: relembre hits dos Mamonas","datePublished":"2026-03-02T16:19:00+00:00","dateModified":"2026-03-02T16:19:12+00:00","mainEntityOfPage":{"@id":"https:\/\/ubirataonline.com.br\/alem-de-pelados-em-santos-e-vira-vira-relembre-hits-dos-mamonas\/"},"wordCount":590,"publisher":{"@id":"https:\/\/ubirataonline.com.br\/#organization"},"image":{"@id":"https:\/\/ubirataonline.com.br\/alem-de-pelados-em-santos-e-vira-vira-relembre-hits-dos-mamonas\/#primaryimage"},"thumbnailUrl":"https:\/\/ubirataonline.com.br\/wp-content\/uploads\/2026\/03\/Alem-de-Pelados-em-Santos-e-Vira-vira-relembre-hits-dos.jpeg","keywords":["al\u00e9m","dos","hits","Mamonas","Pelados","Relembre","Santos","Viravira"],"articleSection":["Brasil"],"inLanguage":"en-US","copyrightYear":"2026","copyrightHolder":{"@id":"https:\/\/ubirataonline.com.br\/en\/#organization"}},{"@type":"WebPage","@id":"https:\/\/ubirataonline.com.br\/alem-de-pelados-em-santos-e-vira-vira-relembre-hits-dos-mamonas\/","url":"https:\/\/ubirataonline.com.br\/alem-de-pelados-em-santos-e-vira-vira-relembre-hits-dos-mamonas\/","name":"Al\u00e9m de 'Pelados em Santos' e 'Vira-vira': relembre hits dos Mamonas - Ubirat\u00e3 Online Not\u00edcias - A realidade ao seu alcance!","isPartOf":{"@id":"https:\/\/ubirataonline.com.br\/#website"},"primaryImageOfPage":{"@id":"https:\/\/ubirataonline.com.br\/alem-de-pelados-em-santos-e-vira-vira-relembre-hits-dos-mamonas\/#primaryimage"},"image":{"@id":"https:\/\/ubirataonline.com.br\/alem-de-pelados-em-santos-e-vira-vira-relembre-hits-dos-mamonas\/#primaryimage"},"thumbnailUrl":"https:\/\/ubirataonline.com.br\/wp-content\/uploads\/2026\/03\/Alem-de-Pelados-em-Santos-e-Vira-vira-relembre-hits-dos.jpeg","datePublished":"2026-03-02T16:19:00+00:00","dateModified":"2026-03-02T16:19:12+00:00","description":"Eles lan\u00e7aram apenas um \u00e1lbum. Um \u00fanico disco com 14 faixas, em 23 de junho de 1995. Ainda assim, transformaram praticamente todas as faixas em sucesso.","breadcrumb":{"@id":"https:\/\/ubirataonline.com.br\/alem-de-pelados-em-santos-e-vira-vira-relembre-hits-dos-mamonas\/#breadcrumb"},"inLanguage":"en-US","potentialAction":[{"@type":"ReadAction","target":["https:\/\/ubirataonline.com.br\/alem-de-pelados-em-santos-e-vira-vira-relembre-hits-dos-mamonas\/"]}]},{"@type":"ImageObject","inLanguage":"en-US","@id":"https:\/\/ubirataonline.com.br\/alem-de-pelados-em-santos-e-vira-vira-relembre-hits-dos-mamonas\/#primaryimage","url":"https:\/\/ubirataonline.com.br\/wp-content\/uploads\/2026\/03\/Alem-de-Pelados-em-Santos-e-Vira-vira-relembre-hits-dos.jpeg","contentUrl":"https:\/\/ubirataonline.com.br\/wp-content\/uploads\/2026\/03\/Alem-de-Pelados-em-Santos-e-Vira-vira-relembre-hits-dos.jpeg","width":1000,"height":1000,"caption":"Os cinco integrantes dos Mamonas Assassinas cr\u00e9dito: Reprodu&ccedil;&atilde;o\/Instagram"},{"@type":"BreadcrumbList","@id":"https:\/\/ubirataonline.com.br\/alem-de-pelados-em-santos-e-vira-vira-relembre-hits-dos-mamonas\/#breadcrumb","itemListElement":[{"@type":"ListItem","position":1,"name":"In\u00edcio","item":"https:\/\/ubirataonline.com.br\/"},{"@type":"ListItem","position":2,"name":"Al\u00e9m de &#8216;Pelados em Santos&#8217; e &#8216;Vira-vira&#8217;: relembre hits dos Mamonas"}]},{"@type":"WebSite","@id":"https:\/\/ubirataonline.com.br\/#website","url":"https:\/\/ubirataonline.com.br\/","name":"Ubirat\u00e3 Online Not\u00edcias","description":"Not\u00edcias de Ubirat\u00e3, regi\u00e3o, Brasil e mundo, com informa\u00e7\u00e3o atualizada e compromisso com o leitor.","publisher":{"@id":"https:\/\/ubirataonline.com.br\/#organization"},"alternateName":"Ubirat\u00e3 Online","potentialAction":[{"@type":"SearchAction","target":{"@type":"EntryPoint","urlTemplate":"https:\/\/ubirataonline.com.br\/?s={search_term_string}"},"query-input":{"@type":"PropertyValueSpecification","valueRequired":true,"valueName":"search_term_string"}}],"inLanguage":"en-US"},{"@type":["Organization","Place"],"@id":"https:\/\/ubirataonline.com.br\/#organization","name":"Ubirat\u00e3 Online Not\u00edcias","alternateName":"Ubirat\u00e3 Online","url":"https:\/\/ubirataonline.com.br\/","logo":{"@id":"https:\/\/ubirataonline.com.br\/alem-de-pelados-em-santos-e-vira-vira-relembre-hits-dos-mamonas\/#local-main-organization-logo"},"image":{"@id":"https:\/\/ubirataonline.com.br\/alem-de-pelados-em-santos-e-vira-vira-relembre-hits-dos-mamonas\/#local-main-organization-logo"},"sameAs":["https:\/\/www.facebook.com\/portalubirataonline","https:\/\/x.com\/ubirataonline","https:\/\/mastodon.social\/@ubirataonline","https:\/\/www.facebook.com\/groups\/311144672285604","https:\/\/www.facebook.com\/UBTAOnline","https:\/\/www.instagram.com\/portalubirataonline\/","https:\/\/twitter.com\/ubirataonline"],"description":"Somos um portal de not\u00edcias independente, criado em 5 de janeiro de 2009, com o objetivo de informar, conectar e valorizar a nossa comunidade de Ubirat\u00e3 e toda aregi\u00e3o. Com conte\u00fado atualizado, confi\u00e1vel e relevante, o Ubirat\u00e3 Online \u00e9 o seu espa\u00e7o para ficar por dentro dos principais acontecimentos locais, regionais, Brasil, Mundo e de interesse geral. Nosso compromisso \u00e9 com a verdade, a transpar\u00eancia e o respeito ao leitor.","legalName":"UBIRATA ONLINE NOT\u00cdCIAS","foundingDate":"2009-01-05","numberOfEmployees":{"@type":"QuantitativeValue","minValue":"1","maxValue":"10"},"publishingPrinciples":"https:\/\/ubirataonline.com.br\/faq\/","address":{"@id":"https:\/\/ubirataonline.com.br\/alem-de-pelados-em-santos-e-vira-vira-relembre-hits-dos-mamonas\/#local-main-place-address"},"geo":{"@type":"GeoCoordinates","latitude":"-24.5361401","longitude":"-52.9921776"},"telephone":["+5544998308235"],"contactPoint":{"@type":"ContactPoint","email":"contato@ubirataonline.com.br"},"openingHoursSpecification":{"@type":"OpeningHoursSpecification","dayOfWeek":["Monday","Tuesday","Wednesday","Thursday","Friday","Saturday","Sunday"],"opens":"00:00","closes":"23:59"},"email":"contato@ubirataonline.com.br","vatID":"47.621.418\/0001-80"},{"@type":"Person","@id":"https:\/\/ubirataonline.com.br\/#\/schema\/person\/372f87bbd3fdd79b8556b84c98d0bc1c","name":"REDA\u00c7\u00c3O: UBIRAT\u00c3 ONLINE - F\u00c1BIO AUGUSTO CELESTINO","pronouns":"Ele","description":"Desde 2003 trabalhando com not\u00edcias.","sameAs":["http:\/\/ubirataoline.com.br","https:\/\/www.facebook.com\/portalubirataonline","https:\/\/www.instagram.com\/ubirataonline_oficial","https:\/\/x.com\/x.com\/ubirataonline"],"honorificPrefix":"Mr.","honorificSuffix":"MD","birthDate":"1980-06-16","gender":"masculino","award":["V\u00e1rios pr\u00eamios de melhor portal da cidade"],"jobTitle":"Diretor","url":"https:\/\/ubirataonline.com.br\/en\/author\/ubirataonline\/"},{"@type":"PostalAddress","@id":"https:\/\/ubirataonline.com.br\/alem-de-pelados-em-santos-e-vira-vira-relembre-hits-dos-mamonas\/#local-main-place-address","streetAddress":"Rua dos Coqueiros, 104 - Bairro Boa Vista, Rua dos Coqueiros, 104 Bairro Boa Vista","addressLocality":"UBIRATA","postalCode":"85440-000","addressRegion":"PR","addressCountry":"BR"},{"@type":"ImageObject","inLanguage":"en-US","@id":"https:\/\/ubirataonline.com.br\/alem-de-pelados-em-santos-e-vira-vira-relembre-hits-dos-mamonas\/#local-main-organization-logo","url":"https:\/\/ubirataonline.com.br\/wp-content\/uploads\/2026\/06\/logoubirataonline-1.webp","contentUrl":"https:\/\/ubirataonline.com.br\/wp-content\/uploads\/2026\/06\/logoubirataonline-1.webp","width":500,"height":500,"caption":"Ubirat\u00e3 Online Not\u00edcias"}]},"geo.placename":"UBIRATA","geo.position":{"lat":"-24.5361401","long":"-52.9921776"},"geo.region":"Brazil"},"_links":{"self":[{"href":"https:\/\/ubirataonline.com.br\/en\/wp-json\/wp\/v2\/posts\/91512","targetHints":{"allow":["GET"]}}],"collection":[{"href":"https:\/\/ubirataonline.com.br\/en\/wp-json\/wp\/v2\/posts"}],"about":[{"href":"https:\/\/ubirataonline.com.br\/en\/wp-json\/wp\/v2\/types\/post"}],"author":[{"embeddable":true,"href":"https:\/\/ubirataonline.com.br\/en\/wp-json\/wp\/v2\/users\/1"}],"replies":[{"embeddable":true,"href":"https:\/\/ubirataonline.com.br\/en\/wp-json\/wp\/v2\/comments?post=91512"}],"version-history":[{"count":0,"href":"https:\/\/ubirataonline.com.br\/en\/wp-json\/wp\/v2\/posts\/91512\/revisions"}],"wp:featuredmedia":[{"embeddable":true,"href":"https:\/\/ubirataonline.com.br\/en\/wp-json\/wp\/v2\/media\/91513"}],"wp:attachment":[{"href":"https:\/\/ubirataonline.com.br\/en\/wp-json\/wp\/v2\/media?parent=91512"}],"wp:term":[{"taxonomy":"category","embeddable":true,"href":"https:\/\/ubirataonline.com.br\/en\/wp-json\/wp\/v2\/categories?post=91512"},{"taxonomy":"post_tag","embeddable":true,"href":"https:\/\/ubirataonline.com.br\/en\/wp-json\/wp\/v2\/tags?post=91512"}],"curies":[{"name":"wp","href":"https:\/\/api.w.org\/{rel}","templated":true}]}}