{"id":91595,"date":"2026-03-02T18:25:06","date_gmt":"2026-03-02T21:25:06","guid":{"rendered":"https:\/\/ubirataonline.com.br\/fcc-chairman-carr-says-the-view-faces-uphill-climb-over-equal-time\/"},"modified":"2026-03-02T18:25:18","modified_gmt":"2026-03-02T21:25:18","slug":"fcc-chairman-carr-says-the-view-faces-uphill-climb-over-equal-time","status":"publish","type":"post","link":"https:\/\/ubirataonline.com.br\/en\/fcc-chairman-carr-says-the-view-faces-uphill-climb-over-equal-time\/","title":{"rendered":"FCC Chairman Carr says &#8216;The View&#8217; faces &#8216;uphill climb&#8217; over equal time"},"content":{"rendered":"<p><\/p>\n<div><!----> <!----> <\/p>\n<div class=\"featured featured-video video-ct\">\n<div class=\"contain\">\n<div class=\"info\">\n<div class=\"caption\">\n<p>Federal Communications Commission Chairman Brendan Carr joins \u2018Mornings with Maria\u2019 to discuss the FCC\u2019s probe into soaring NFL streaming costs, an investigation into ABC\u2019s \u2018The View\u2019 over equal time rules and a push for patriotic programming.<\/p>\n<\/div>\n<\/div>\n<\/div>\n<\/div>\n<p><a href=\"https:\/\/www.foxnews.com\/category\/entertainment\/the-view\" target=\"_blank\" rel=\"noopener\">ABC\u2019s &#8220;The View&#8221;<\/a> is under Federal Communications Commission (FCC) review after Chairman Brendan Carr said the long-running talk show faces an &#8220;uphill climb&#8221; in proving it qualifies as a legitimate news program.<\/p>\n<p>&#8220;The View&#8221; is at the center of an <a href=\"https:\/\/www.foxnews.com\/media\/fcc-launching-probe-abcs-the-view-amid-crackdown-equal-time-candidates\" target=\"_blank\" rel=\"noopener\">investigation by the FCC<\/a> over the agency\u2019s equal-time rules, which prevent media from favoring certain political candidates. The investigation follows increased FCC scrutiny of political segments on entertainment programs.<\/p>\n<p>&#8220;When you look at the lineup of guests that have typically been on \u2018The View,\u2019 I think it&#8217;s an uphill climb for Disney to make the case that they&#8217;re just a straight news program,&#8221; Carr said Friday on <a href=\"https:\/\/www.foxbusiness.com\/shows\/mornings-with-maria\" target=\"_blank\" rel=\"noopener\">&#8220;Mornings with Maria.&#8221;<\/a><\/p>\n<p><a href=\"https:\/\/www.foxbusiness.com\/technology\/verizon-customers-face-35-day-wait-unlock-paid-off-phones-under-policy-change\"><strong>VERIZON CUSTOMERS FACE 35-DAY WAIT TO UNLOCK PAID-OFF PHONES UNDER POLICY CHANGE<\/strong><\/a><\/p>\n<div class=\"inline image-ct\">\n<div class=\"m\"><picture><source media=\"(max-width: 767px)\" srcset=\"https:\/\/a57.foxnews.com\/static.foxbusiness.com\/foxbusiness.com\/content\/uploads\/2026\/02\/343\/192\/fcc-brendan-carr-fox-news.jpg?ve=1&amp;tl=1, https:\/\/a57.foxnews.com\/static.foxbusiness.com\/foxbusiness.com\/content\/uploads\/2026\/02\/686\/384\/fcc-brendan-carr-fox-news.jpg?ve=1&amp;tl=1 2x\"><source media=\"(min-width: 768px) and (max-width: 1023px)\" srcset=\"https:\/\/a57.foxnews.com\/static.foxbusiness.com\/foxbusiness.com\/content\/uploads\/2026\/02\/672\/378\/fcc-brendan-carr-fox-news.jpg?ve=1&amp;tl=1, https:\/\/a57.foxnews.com\/static.foxbusiness.com\/foxbusiness.com\/content\/uploads\/2026\/02\/1344\/756\/fcc-brendan-carr-fox-news.jpg?ve=1&amp;tl=1 2x\"><source media=\"(min-width: 1024px) and (max-width: 1279px)\" srcset=\"https:\/\/a57.foxnews.com\/static.foxbusiness.com\/foxbusiness.com\/content\/uploads\/2026\/02\/931\/523\/fcc-brendan-carr-fox-news.jpg?ve=1&amp;tl=1, https:\/\/a57.foxnews.com\/static.foxbusiness.com\/foxbusiness.com\/content\/uploads\/2026\/02\/1862\/1046\/fcc-brendan-carr-fox-news.jpg?ve=1&amp;tl=1 2x\"><source media=\"(min-width: 1280px)\" srcset=\"https:\/\/a57.foxnews.com\/static.foxbusiness.com\/foxbusiness.com\/content\/uploads\/2026\/02\/720\/405\/fcc-brendan-carr-fox-news.jpg?ve=1&amp;tl=1, https:\/\/a57.foxnews.com\/static.foxbusiness.com\/foxbusiness.com\/content\/uploads\/2026\/02\/1440\/810\/fcc-brendan-carr-fox-news.jpg?ve=1&amp;tl=1 2x\"><\/source><\/source><\/source><\/source><\/picture><\/div>\n<div class=\"caption\">\n<p><span>Federal Communications Commission Chairman Brendan Carr speaks onstage during the 2025 Concordia Annual Summit at the Sheraton New York Times Square in New York City on Sept. 22, 2025.<\/span><span> (John Lamparski\/Getty Images for Concordia Annual Summit \/ Getty Images)<\/span><\/p>\n<\/div>\n<\/div>\n<p>The dispute stems from an appearance by Texas Senate candidate James Talarico, while his primary opponent, Democratic Rep. Jasmine Crockett of Texas, was not offered a slot. Crockett has previously appeared on the program but said those appearances were not related to her current Senate campaign.<\/p>\n<p><a href=\"https:\/\/www.foxbusiness.com\/media\/trump-trade-chief-defiant-supreme-court-ruling-vows-restore-tariffs-within-months\" target=\"_blank\" rel=\"noopener\"><strong>TRUMP TRADE CHIEF DEFIANT ON SUPREME COURT RULING, VOWS TO RESTORE TARIFFS WITHIN MONTHS<\/strong><\/a><\/p>\n<p>&#8220;Bona fide&#8221; <a href=\"https:\/\/www.foxbusiness.com\/category\/fox-news-media\" target=\"_blank\" rel=\"noopener\">newscasts and interviews<\/a> are typically exempt from the equal-time rules, but Carr said it may be tough for the show to prove that\u2019s what they are.<\/p>\n<div class=\"inline image-ct\">\n<div class=\"m\"><picture><source media=\"(max-width: 767px)\" srcset=\"https:\/\/a57.foxnews.com\/static.foxbusiness.com\/foxbusiness.com\/content\/uploads\/2026\/02\/343\/192\/the-view-fcc-media-fox-business-news.jpg?ve=1&amp;tl=1, https:\/\/a57.foxnews.com\/static.foxbusiness.com\/foxbusiness.com\/content\/uploads\/2026\/02\/686\/384\/the-view-fcc-media-fox-business-news.jpg?ve=1&amp;tl=1 2x\"><source media=\"(min-width: 768px) and (max-width: 1023px)\" srcset=\"https:\/\/a57.foxnews.com\/static.foxbusiness.com\/foxbusiness.com\/content\/uploads\/2026\/02\/672\/378\/the-view-fcc-media-fox-business-news.jpg?ve=1&amp;tl=1, https:\/\/a57.foxnews.com\/static.foxbusiness.com\/foxbusiness.com\/content\/uploads\/2026\/02\/1344\/756\/the-view-fcc-media-fox-business-news.jpg?ve=1&amp;tl=1 2x\"><source media=\"(min-width: 1024px) and (max-width: 1279px)\" srcset=\"https:\/\/a57.foxnews.com\/static.foxbusiness.com\/foxbusiness.com\/content\/uploads\/2026\/02\/931\/523\/the-view-fcc-media-fox-business-news.jpg?ve=1&amp;tl=1, https:\/\/a57.foxnews.com\/static.foxbusiness.com\/foxbusiness.com\/content\/uploads\/2026\/02\/1862\/1046\/the-view-fcc-media-fox-business-news.jpg?ve=1&amp;tl=1 2x\"><source media=\"(min-width: 1280px)\" srcset=\"https:\/\/a57.foxnews.com\/static.foxbusiness.com\/foxbusiness.com\/content\/uploads\/2026\/02\/720\/405\/the-view-fcc-media-fox-business-news.jpg?ve=1&amp;tl=1, https:\/\/a57.foxnews.com\/static.foxbusiness.com\/foxbusiness.com\/content\/uploads\/2026\/02\/1440\/810\/the-view-fcc-media-fox-business-news.jpg?ve=1&amp;tl=1 2x\"><img decoding=\"async\" src=\"https:\/\/a57.foxnews.com\/static.foxbusiness.com\/foxbusiness.com\/content\/uploads\/2026\/02\/931\/523\/the-view-fcc-media-fox-business-news.jpg?ve=1&amp;tl=1\"\/><\/source><\/source><\/source><\/source><\/picture><\/div>\n<div class=\"caption\">\n<p><span>Whoopi Goldberg, Sara Haines, Joy Behar, Ana Navarro, Sunny Hostin and Alyssa Farah Griffin appear during the Season 29 premiere of &#8220;The View,&#8221; which aired Sept. 8, 2025, on ABC.<\/span><span> (Lou Rocco\/American Broadcasting Companies, Inc. via Getty Images \/ Getty Images)<\/span><\/p>\n<\/div>\n<\/div>\n<p>&#8220;Disney&#8217;s \u2018The View\u2019 is now asserting to the FCC that they are a bona fide news program. And we started an enforcement action there. We&#8217;ve issued letters of inquiry, which are versions of subpoenas,&#8221; Carr said.<\/p>\n<p><a href=\"https:\/\/www.foxbusiness.com\/fox-news-opinion\/mike-davis-why-we-must-drop-antiquated-rule-shackling-tv-streaming-era\"><strong>MIKE DAVIS: WHY WE MUST DROP ANTIQUATED RULE SHACKLING TV IN STREAMING ERA<\/strong><\/a><\/p>\n<p>He added that dozens of Disney-affiliated TV stations disagree with the company\u2019s claim that &#8220;The View&#8221; qualifies as exempt news programming under the equal-time rule. Carr said the FCC has received several equal-time<a href=\"https:\/\/www.foxnews.com\/media\/many-texas-based-abc-affiliates-file-equal-time-notices-fcc-cracks-down-the-view-over-talarico-segment\" target=\"_blank\" rel=\"noopener\"> notices from<\/a> the affiliate stations, which could allow Crockett to request airtime.<\/p>\n<div class=\"featured featured-video video-ct\">\n<div class=\"contain\">\n<div class=\"info\">\n<div class=\"caption\">\n<p>Federal Communications Commission Chairman Brendan Carr joins \u2018Mornings with Maria\u2019 to discuss the FCC\u2019s probe into soaring NFL streaming costs, an investigation into ABC\u2019s \u2018The View\u2019 over equal time rules and a push for patriotic programming.<\/p>\n<\/div>\n<\/div>\n<\/div>\n<\/div>\n<p><a href=\"https:\/\/foxnews.onelink.me\/xLDS?pid=AppArticleLink&amp;af_dp=foxnewsaf%3A%2F%2F&amp;af_web_dp=https%3A%2F%2Fwww.foxnews.com%2Fapps-products\" target=\"_blank\" rel=\"noopener\"><strong>CLICK HERE TO DOWNLOAD THE FOX NEWS APP<\/strong><\/a><\/p>\n<p>&#8220;Congress passed a law, and they didn&#8217;t want media gatekeepers to be deciding the outcomes of elections by having exclusively one political candidate or one political party on all the time,&#8221; added Carr.<\/p>\n<p>Earlier this month, CBS\u2019s &#8220;The Late Show&#8221; <a href=\"https:\/\/www.foxnews.com\/media\/colbert-fumes-cbs-says-barred-him-from-interviewing-texas-dem-amid-fcc-crackdown\" target=\"_blank\" rel=\"noopener\">declined to air a segment<\/a> with Talarico over equal-time concerns. <a href=\"https:\/\/www.foxnews.com\/media\/cbs-denies-blocked-colbert-from-broadcasting-talarico-interview-after-host-claimed-network-lawyers-halted\" target=\"_blank\" rel=\"noopener\">CBS released a statement<\/a> denying it censored host Stephen Colbert, saying the show instead chose to post the interview on YouTube to avoid triggering the rule.<\/p>\n<div class=\"featured featured-video video-ct\">\n<div class=\"contain\">\n<div class=\"info\">\n<div class=\"caption\">\n<p>FCC Chairman Brendan Carr joins \u2018Mornings with Maria\u2019 to break down the agency\u2019s wins following President Donald Trump\u2019s first 100 days in office.<\/p>\n<\/div>\n<\/div>\n<\/div>\n<\/div>\n<\/div>\n<p><a href=\"https:\/\/www.foxbusiness.com\/media\/fcc-chair-warns-the-view-faces-uphill-climb-equal-time-probe\">Fonte do Artigo <\/a><\/p>","protected":false},"excerpt":{"rendered":"<p>Federal Communications Commission Chairman Brendan Carr joins \u2018Mornings with Maria\u2019 to discuss the FCC\u2019s probe into soaring NFL streaming costs, an investigation into ABC\u2019s \u2018The View\u2019 over equal time rules and a push for patriotic programming. ABC\u2019s &#8220;The View&#8221; is under Federal Communications Commission (FCC) review after Chairman Brendan Carr said the long-running talk show [&hellip;]<\/p>\n","protected":false},"author":1,"featured_media":91596,"comment_status":"closed","ping_status":"","sticky":false,"template":"","format":"standard","meta":{"googlesitekit_rrm_CAow2JLhCw:productID":"","_gspb_post_css":"","maa_idioma":"","maa_pais":"","footnotes":""},"categories":[4],"tags":[18948,10421,15632,21182,3825,21180,3395,21181,11453],"class_list":["post-91595","post","type-post","status-publish","format-standard","has-post-thumbnail","hentry","category-brasil","tag-carr","tag-chairman","tag-climb","tag-equal","tag-faces","tag-fcc","tag-time","tag-uphill","tag-view"],"blocksy_meta":[],"yoast_head":"<!-- This site is optimized with the Yoast SEO Premium plugin v27.6 (Yoast SEO v27.6) - https:\/\/yoast.com\/product\/yoast-seo-premium-wordpress\/ -->\n<title>FCC Chairman Carr says &#039;The View&#039; faces &#039;uphill climb&#039; over equal time - Ubirat\u00e3 Online Not\u00edcias - A realidade ao seu alcance!<\/title>\n<meta name=\"description\" content=\"Federal Communications Commission Chairman Brendan Carr joins \u2018Mornings with Maria\u2019 to discuss the FCC\u2019s probe into soaring NFL streaming costs, an\" \/>\n<meta name=\"robots\" content=\"index, follow, max-snippet:-1, max-image-preview:large, max-video-preview:-1\" \/>\n<link rel=\"canonical\" href=\"https:\/\/ubirataonline.com.br\/en\/fcc-chairman-carr-says-the-view-faces-uphill-climb-over-equal-time\/\" \/>\n<meta property=\"og:locale\" content=\"en_US\" \/>\n<meta property=\"og:type\" content=\"article\" \/>\n<meta property=\"og:title\" content=\"FCC Chairman Carr says &#039;The View&#039; faces &#039;uphill climb&#039; over equal time\" \/>\n<meta property=\"og:description\" content=\"Federal Communications Commission Chairman Brendan Carr joins \u2018Mornings with Maria\u2019 to discuss the FCC\u2019s probe into soaring NFL streaming costs, an\" \/>\n<meta property=\"og:url\" content=\"https:\/\/ubirataonline.com.br\/en\/fcc-chairman-carr-says-the-view-faces-uphill-climb-over-equal-time\/\" \/>\n<meta property=\"og:site_name\" content=\"Ubirat\u00e3 Online Not\u00edcias - A realidade ao seu alcance!\" \/>\n<meta property=\"article:publisher\" content=\"https:\/\/www.facebook.com\/portalubirataonline\" \/>\n<meta property=\"article:author\" content=\"https:\/\/www.facebook.com\/portalubirataonline\" \/>\n<meta property=\"article:published_time\" content=\"2026-03-02T21:25:06+00:00\" \/>\n<meta property=\"article:modified_time\" content=\"2026-03-02T21:25:18+00:00\" \/>\n<meta property=\"og:image\" content=\"https:\/\/ubirataonline.com.br\/wp-content\/uploads\/2026\/03\/FCC-Chairman-Carr-says-The-View-faces-uphill-climb-over.jpg\" \/>\n\t<meta property=\"og:image:width\" content=\"1280\" \/>\n\t<meta property=\"og:image:height\" content=\"720\" \/>\n\t<meta property=\"og:image:type\" content=\"image\/jpeg\" \/>\n<meta name=\"author\" content=\"REDA\u00c7\u00c3O: UBIRAT\u00c3 ONLINE - F\u00c1BIO AUGUSTO CELESTINO\" \/>\n<meta name=\"twitter:card\" content=\"summary_large_image\" \/>\n<meta name=\"twitter:creator\" content=\"@x.com\/ubirataonline\" \/>\n<meta name=\"twitter:site\" content=\"@ubirataonline\" \/>\n<meta name=\"twitter:label1\" content=\"Written by\" \/>\n\t<meta name=\"twitter:data1\" content=\"REDA\u00c7\u00c3O: UBIRAT\u00c3 ONLINE - F\u00c1BIO AUGUSTO CELESTINO\" \/>\n\t<meta name=\"twitter:label2\" content=\"Est. reading time\" \/>\n\t<meta name=\"twitter:data2\" content=\"3 minutes\" \/>\n<script type=\"application\/ld+json\" class=\"yoast-schema-graph\">{\"@context\":\"https:\\\/\\\/schema.org\",\"@graph\":[{\"@type\":\"NewsArticle\",\"@id\":\"https:\\\/\\\/ubirataonline.com.br\\\/fcc-chairman-carr-says-the-view-faces-uphill-climb-over-equal-time\\\/#article\",\"isPartOf\":{\"@id\":\"https:\\\/\\\/ubirataonline.com.br\\\/fcc-chairman-carr-says-the-view-faces-uphill-climb-over-equal-time\\\/\"},\"author\":{\"name\":\"REDA\u00c7\u00c3O: UBIRAT\u00c3 ONLINE - F\u00c1BIO AUGUSTO CELESTINO\",\"@id\":\"https:\\\/\\\/ubirataonline.com.br\\\/#\\\/schema\\\/person\\\/372f87bbd3fdd79b8556b84c98d0bc1c\"},\"headline\":\"FCC Chairman Carr says &#8216;The View&#8217; faces &#8216;uphill climb&#8217; over equal time\",\"datePublished\":\"2026-03-02T21:25:06+00:00\",\"dateModified\":\"2026-03-02T21:25:18+00:00\",\"mainEntityOfPage\":{\"@id\":\"https:\\\/\\\/ubirataonline.com.br\\\/fcc-chairman-carr-says-the-view-faces-uphill-climb-over-equal-time\\\/\"},\"wordCount\":587,\"publisher\":{\"@id\":\"https:\\\/\\\/ubirataonline.com.br\\\/#organization\"},\"image\":{\"@id\":\"https:\\\/\\\/ubirataonline.com.br\\\/fcc-chairman-carr-says-the-view-faces-uphill-climb-over-equal-time\\\/#primaryimage\"},\"thumbnailUrl\":\"https:\\\/\\\/ubirataonline.com.br\\\/wp-content\\\/uploads\\\/2026\\\/03\\\/FCC-Chairman-Carr-says-The-View-faces-uphill-climb-over.jpg\",\"keywords\":[\"Carr\",\"Chairman\",\"climb\",\"equal\",\"faces\",\"FCC\",\"time\",\"uphill\",\"view\"],\"articleSection\":[\"Brasil\"],\"inLanguage\":\"en-US\",\"copyrightYear\":\"2026\",\"copyrightHolder\":{\"@id\":\"https:\\\/\\\/ubirataonline.com.br\\\/en\\\/#organization\"}},{\"@type\":\"WebPage\",\"@id\":\"https:\\\/\\\/ubirataonline.com.br\\\/fcc-chairman-carr-says-the-view-faces-uphill-climb-over-equal-time\\\/\",\"url\":\"https:\\\/\\\/ubirataonline.com.br\\\/fcc-chairman-carr-says-the-view-faces-uphill-climb-over-equal-time\\\/\",\"name\":\"FCC Chairman Carr says 'The View' faces 'uphill climb' over equal time - Ubirat\u00e3 Online Not\u00edcias - A realidade ao seu alcance!\",\"isPartOf\":{\"@id\":\"https:\\\/\\\/ubirataonline.com.br\\\/#website\"},\"primaryImageOfPage\":{\"@id\":\"https:\\\/\\\/ubirataonline.com.br\\\/fcc-chairman-carr-says-the-view-faces-uphill-climb-over-equal-time\\\/#primaryimage\"},\"image\":{\"@id\":\"https:\\\/\\\/ubirataonline.com.br\\\/fcc-chairman-carr-says-the-view-faces-uphill-climb-over-equal-time\\\/#primaryimage\"},\"thumbnailUrl\":\"https:\\\/\\\/ubirataonline.com.br\\\/wp-content\\\/uploads\\\/2026\\\/03\\\/FCC-Chairman-Carr-says-The-View-faces-uphill-climb-over.jpg\",\"datePublished\":\"2026-03-02T21:25:06+00:00\",\"dateModified\":\"2026-03-02T21:25:18+00:00\",\"description\":\"Federal Communications Commission Chairman Brendan Carr joins \u2018Mornings with Maria\u2019 to discuss the FCC\u2019s probe into soaring NFL streaming costs, an\",\"breadcrumb\":{\"@id\":\"https:\\\/\\\/ubirataonline.com.br\\\/fcc-chairman-carr-says-the-view-faces-uphill-climb-over-equal-time\\\/#breadcrumb\"},\"inLanguage\":\"en-US\",\"potentialAction\":[{\"@type\":\"ReadAction\",\"target\":[\"https:\\\/\\\/ubirataonline.com.br\\\/fcc-chairman-carr-says-the-view-faces-uphill-climb-over-equal-time\\\/\"]}]},{\"@type\":\"ImageObject\",\"inLanguage\":\"en-US\",\"@id\":\"https:\\\/\\\/ubirataonline.com.br\\\/fcc-chairman-carr-says-the-view-faces-uphill-climb-over-equal-time\\\/#primaryimage\",\"url\":\"https:\\\/\\\/ubirataonline.com.br\\\/wp-content\\\/uploads\\\/2026\\\/03\\\/FCC-Chairman-Carr-says-The-View-faces-uphill-climb-over.jpg\",\"contentUrl\":\"https:\\\/\\\/ubirataonline.com.br\\\/wp-content\\\/uploads\\\/2026\\\/03\\\/FCC-Chairman-Carr-says-The-View-faces-uphill-climb-over.jpg\",\"width\":1280,\"height\":720,\"caption\":\"FCC Chairman Carr says 'The View' faces 'uphill climb' over equal time\"},{\"@type\":\"BreadcrumbList\",\"@id\":\"https:\\\/\\\/ubirataonline.com.br\\\/fcc-chairman-carr-says-the-view-faces-uphill-climb-over-equal-time\\\/#breadcrumb\",\"itemListElement\":[{\"@type\":\"ListItem\",\"position\":1,\"name\":\"In\u00edcio\",\"item\":\"https:\\\/\\\/ubirataonline.com.br\\\/\"},{\"@type\":\"ListItem\",\"position\":2,\"name\":\"FCC Chairman Carr says &#8216;The View&#8217; faces &#8216;uphill climb&#8217; over equal time\"}]},{\"@type\":\"WebSite\",\"@id\":\"https:\\\/\\\/ubirataonline.com.br\\\/#website\",\"url\":\"https:\\\/\\\/ubirataonline.com.br\\\/\",\"name\":\"Ubirat\u00e3 Online Not\u00edcias\",\"description\":\"Not\u00edcias de Ubirat\u00e3, regi\u00e3o, Brasil e mundo, com informa\u00e7\u00e3o atualizada e compromisso com o leitor.\",\"publisher\":{\"@id\":\"https:\\\/\\\/ubirataonline.com.br\\\/#organization\"},\"alternateName\":\"Ubirat\u00e3 Online\",\"potentialAction\":[{\"@type\":\"SearchAction\",\"target\":{\"@type\":\"EntryPoint\",\"urlTemplate\":\"https:\\\/\\\/ubirataonline.com.br\\\/?s={search_term_string}\"},\"query-input\":{\"@type\":\"PropertyValueSpecification\",\"valueRequired\":true,\"valueName\":\"search_term_string\"}}],\"inLanguage\":\"en-US\"},{\"@type\":[\"Organization\",\"Place\"],\"@id\":\"https:\\\/\\\/ubirataonline.com.br\\\/#organization\",\"name\":\"Ubirat\u00e3 Online Not\u00edcias\",\"alternateName\":\"Ubirat\u00e3 Online\",\"url\":\"https:\\\/\\\/ubirataonline.com.br\\\/\",\"logo\":{\"@id\":\"https:\\\/\\\/ubirataonline.com.br\\\/fcc-chairman-carr-says-the-view-faces-uphill-climb-over-equal-time\\\/#local-main-organization-logo\"},\"image\":{\"@id\":\"https:\\\/\\\/ubirataonline.com.br\\\/fcc-chairman-carr-says-the-view-faces-uphill-climb-over-equal-time\\\/#local-main-organization-logo\"},\"sameAs\":[\"https:\\\/\\\/www.facebook.com\\\/portalubirataonline\",\"https:\\\/\\\/x.com\\\/ubirataonline\",\"https:\\\/\\\/mastodon.social\\\/@ubirataonline\",\"https:\\\/\\\/www.facebook.com\\\/groups\\\/311144672285604\",\"https:\\\/\\\/www.facebook.com\\\/UBTAOnline\",\"https:\\\/\\\/www.instagram.com\\\/portalubirataonline\\\/\",\"https:\\\/\\\/twitter.com\\\/ubirataonline\"],\"description\":\"Somos um portal de not\u00edcias independente, criado em 5 de janeiro de 2009, com o objetivo de informar, conectar e valorizar a nossa comunidade de Ubirat\u00e3 e toda aregi\u00e3o. Com conte\u00fado atualizado, confi\u00e1vel e relevante, o Ubirat\u00e3 Online \u00e9 o seu espa\u00e7o para ficar por dentro dos principais acontecimentos locais, regionais, Brasil, Mundo e de interesse geral. Nosso compromisso \u00e9 com a verdade, a transpar\u00eancia e o respeito ao leitor.\",\"legalName\":\"UBIRATA ONLINE NOT\u00cdCIAS\",\"foundingDate\":\"2009-01-05\",\"numberOfEmployees\":{\"@type\":\"QuantitativeValue\",\"minValue\":\"1\",\"maxValue\":\"10\"},\"publishingPrinciples\":\"https:\\\/\\\/ubirataonline.com.br\\\/faq\\\/\",\"address\":{\"@id\":\"https:\\\/\\\/ubirataonline.com.br\\\/fcc-chairman-carr-says-the-view-faces-uphill-climb-over-equal-time\\\/#local-main-place-address\"},\"geo\":{\"@type\":\"GeoCoordinates\",\"latitude\":\"-24.5361401\",\"longitude\":\"-52.9921776\"},\"telephone\":[\"+5544998308235\"],\"contactPoint\":{\"@type\":\"ContactPoint\",\"email\":\"contato@ubirataonline.com.br\"},\"openingHoursSpecification\":{\"@type\":\"OpeningHoursSpecification\",\"dayOfWeek\":[\"Monday\",\"Tuesday\",\"Wednesday\",\"Thursday\",\"Friday\",\"Saturday\",\"Sunday\"],\"opens\":\"00:00\",\"closes\":\"23:59\"},\"email\":\"contato@ubirataonline.com.br\",\"vatID\":\"47.621.418\\\/0001-80\"},{\"@type\":\"Person\",\"@id\":\"https:\\\/\\\/ubirataonline.com.br\\\/#\\\/schema\\\/person\\\/372f87bbd3fdd79b8556b84c98d0bc1c\",\"name\":\"REDA\u00c7\u00c3O: UBIRAT\u00c3 ONLINE - F\u00c1BIO AUGUSTO CELESTINO\",\"pronouns\":\"Ele\",\"description\":\"Desde 2003 trabalhando com not\u00edcias.\",\"sameAs\":[\"http:\\\/\\\/ubirataoline.com.br\",\"https:\\\/\\\/www.facebook.com\\\/portalubirataonline\",\"https:\\\/\\\/www.instagram.com\\\/ubirataonline_oficial\",\"https:\\\/\\\/x.com\\\/x.com\\\/ubirataonline\"],\"honorificPrefix\":\"Mr.\",\"honorificSuffix\":\"MD\",\"birthDate\":\"1980-06-16\",\"gender\":\"masculino\",\"award\":[\"V\u00e1rios pr\u00eamios de melhor portal da cidade\"],\"jobTitle\":\"Diretor\",\"url\":\"https:\\\/\\\/ubirataonline.com.br\\\/en\\\/author\\\/ubirataonline\\\/\"},{\"@type\":\"PostalAddress\",\"@id\":\"https:\\\/\\\/ubirataonline.com.br\\\/fcc-chairman-carr-says-the-view-faces-uphill-climb-over-equal-time\\\/#local-main-place-address\",\"streetAddress\":\"Rua dos Coqueiros, 104 - Bairro Boa Vista, Rua dos Coqueiros, 104 Bairro Boa Vista\",\"addressLocality\":\"UBIRATA\",\"postalCode\":\"85440-000\",\"addressRegion\":\"PR\",\"addressCountry\":\"BR\"},{\"@type\":\"ImageObject\",\"inLanguage\":\"en-US\",\"@id\":\"https:\\\/\\\/ubirataonline.com.br\\\/fcc-chairman-carr-says-the-view-faces-uphill-climb-over-equal-time\\\/#local-main-organization-logo\",\"url\":\"https:\\\/\\\/ubirataonline.com.br\\\/wp-content\\\/uploads\\\/2026\\\/06\\\/logoubirataonline-1.webp\",\"contentUrl\":\"https:\\\/\\\/ubirataonline.com.br\\\/wp-content\\\/uploads\\\/2026\\\/06\\\/logoubirataonline-1.webp\",\"width\":500,\"height\":500,\"caption\":\"Ubirat\u00e3 Online Not\u00edcias\"}]}<\/script>\n<meta name=\"geo.placename\" content=\"UBIRATA\" \/>\n<meta name=\"geo.position\" content=\"-24.5361401;-52.9921776\" \/>\n<meta name=\"geo.region\" content=\"Brazil\" \/>\n<!-- \/ Yoast SEO Premium plugin. -->","yoast_head_json":{"title":"FCC Chairman Carr says 'The View' faces 'uphill climb' over equal time - Ubirat\u00e3 Online Not\u00edcias - A realidade ao seu alcance!","description":"Federal Communications Commission Chairman Brendan Carr joins \u2018Mornings with Maria\u2019 to discuss the FCC\u2019s probe into soaring NFL streaming costs, an","robots":{"index":"index","follow":"follow","max-snippet":"max-snippet:-1","max-image-preview":"max-image-preview:large","max-video-preview":"max-video-preview:-1"},"canonical":"https:\/\/ubirataonline.com.br\/en\/fcc-chairman-carr-says-the-view-faces-uphill-climb-over-equal-time\/","og_locale":"en_US","og_type":"article","og_title":"FCC Chairman Carr says 'The View' faces 'uphill climb' over equal time","og_description":"Federal Communications Commission Chairman Brendan Carr joins \u2018Mornings with Maria\u2019 to discuss the FCC\u2019s probe into soaring NFL streaming costs, an","og_url":"https:\/\/ubirataonline.com.br\/en\/fcc-chairman-carr-says-the-view-faces-uphill-climb-over-equal-time\/","og_site_name":"Ubirat\u00e3 Online Not\u00edcias - A realidade ao seu alcance!","article_publisher":"https:\/\/www.facebook.com\/portalubirataonline","article_author":"https:\/\/www.facebook.com\/portalubirataonline","article_published_time":"2026-03-02T21:25:06+00:00","article_modified_time":"2026-03-02T21:25:18+00:00","og_image":[{"width":1280,"height":720,"url":"https:\/\/ubirataonline.com.br\/wp-content\/uploads\/2026\/03\/FCC-Chairman-Carr-says-The-View-faces-uphill-climb-over.jpg","type":"image\/jpeg"}],"author":"REDA\u00c7\u00c3O: UBIRAT\u00c3 ONLINE - F\u00c1BIO AUGUSTO CELESTINO","twitter_card":"summary_large_image","twitter_creator":"@x.com\/ubirataonline","twitter_site":"@ubirataonline","twitter_misc":{"Written by":"REDA\u00c7\u00c3O: UBIRAT\u00c3 ONLINE - F\u00c1BIO AUGUSTO CELESTINO","Est. reading time":"3 minutes"},"schema":{"@context":"https:\/\/schema.org","@graph":[{"@type":"NewsArticle","@id":"https:\/\/ubirataonline.com.br\/fcc-chairman-carr-says-the-view-faces-uphill-climb-over-equal-time\/#article","isPartOf":{"@id":"https:\/\/ubirataonline.com.br\/fcc-chairman-carr-says-the-view-faces-uphill-climb-over-equal-time\/"},"author":{"name":"REDA\u00c7\u00c3O: UBIRAT\u00c3 ONLINE - F\u00c1BIO AUGUSTO CELESTINO","@id":"https:\/\/ubirataonline.com.br\/#\/schema\/person\/372f87bbd3fdd79b8556b84c98d0bc1c"},"headline":"FCC Chairman Carr says &#8216;The View&#8217; faces &#8216;uphill climb&#8217; over equal time","datePublished":"2026-03-02T21:25:06+00:00","dateModified":"2026-03-02T21:25:18+00:00","mainEntityOfPage":{"@id":"https:\/\/ubirataonline.com.br\/fcc-chairman-carr-says-the-view-faces-uphill-climb-over-equal-time\/"},"wordCount":587,"publisher":{"@id":"https:\/\/ubirataonline.com.br\/#organization"},"image":{"@id":"https:\/\/ubirataonline.com.br\/fcc-chairman-carr-says-the-view-faces-uphill-climb-over-equal-time\/#primaryimage"},"thumbnailUrl":"https:\/\/ubirataonline.com.br\/wp-content\/uploads\/2026\/03\/FCC-Chairman-Carr-says-The-View-faces-uphill-climb-over.jpg","keywords":["Carr","Chairman","climb","equal","faces","FCC","time","uphill","view"],"articleSection":["Brasil"],"inLanguage":"en-US","copyrightYear":"2026","copyrightHolder":{"@id":"https:\/\/ubirataonline.com.br\/en\/#organization"}},{"@type":"WebPage","@id":"https:\/\/ubirataonline.com.br\/fcc-chairman-carr-says-the-view-faces-uphill-climb-over-equal-time\/","url":"https:\/\/ubirataonline.com.br\/fcc-chairman-carr-says-the-view-faces-uphill-climb-over-equal-time\/","name":"FCC Chairman Carr says 'The View' faces 'uphill climb' over equal time - Ubirat\u00e3 Online Not\u00edcias - A realidade ao seu alcance!","isPartOf":{"@id":"https:\/\/ubirataonline.com.br\/#website"},"primaryImageOfPage":{"@id":"https:\/\/ubirataonline.com.br\/fcc-chairman-carr-says-the-view-faces-uphill-climb-over-equal-time\/#primaryimage"},"image":{"@id":"https:\/\/ubirataonline.com.br\/fcc-chairman-carr-says-the-view-faces-uphill-climb-over-equal-time\/#primaryimage"},"thumbnailUrl":"https:\/\/ubirataonline.com.br\/wp-content\/uploads\/2026\/03\/FCC-Chairman-Carr-says-The-View-faces-uphill-climb-over.jpg","datePublished":"2026-03-02T21:25:06+00:00","dateModified":"2026-03-02T21:25:18+00:00","description":"Federal Communications Commission Chairman Brendan Carr joins \u2018Mornings with Maria\u2019 to discuss the FCC\u2019s probe into soaring NFL streaming costs, an","breadcrumb":{"@id":"https:\/\/ubirataonline.com.br\/fcc-chairman-carr-says-the-view-faces-uphill-climb-over-equal-time\/#breadcrumb"},"inLanguage":"en-US","potentialAction":[{"@type":"ReadAction","target":["https:\/\/ubirataonline.com.br\/fcc-chairman-carr-says-the-view-faces-uphill-climb-over-equal-time\/"]}]},{"@type":"ImageObject","inLanguage":"en-US","@id":"https:\/\/ubirataonline.com.br\/fcc-chairman-carr-says-the-view-faces-uphill-climb-over-equal-time\/#primaryimage","url":"https:\/\/ubirataonline.com.br\/wp-content\/uploads\/2026\/03\/FCC-Chairman-Carr-says-The-View-faces-uphill-climb-over.jpg","contentUrl":"https:\/\/ubirataonline.com.br\/wp-content\/uploads\/2026\/03\/FCC-Chairman-Carr-says-The-View-faces-uphill-climb-over.jpg","width":1280,"height":720,"caption":"FCC Chairman Carr says 'The View' faces 'uphill climb' over equal time"},{"@type":"BreadcrumbList","@id":"https:\/\/ubirataonline.com.br\/fcc-chairman-carr-says-the-view-faces-uphill-climb-over-equal-time\/#breadcrumb","itemListElement":[{"@type":"ListItem","position":1,"name":"In\u00edcio","item":"https:\/\/ubirataonline.com.br\/"},{"@type":"ListItem","position":2,"name":"FCC Chairman Carr says &#8216;The View&#8217; faces &#8216;uphill climb&#8217; over equal time"}]},{"@type":"WebSite","@id":"https:\/\/ubirataonline.com.br\/#website","url":"https:\/\/ubirataonline.com.br\/","name":"Ubirat\u00e3 Online Not\u00edcias","description":"Not\u00edcias de Ubirat\u00e3, regi\u00e3o, Brasil e mundo, com informa\u00e7\u00e3o atualizada e compromisso com o leitor.","publisher":{"@id":"https:\/\/ubirataonline.com.br\/#organization"},"alternateName":"Ubirat\u00e3 Online","potentialAction":[{"@type":"SearchAction","target":{"@type":"EntryPoint","urlTemplate":"https:\/\/ubirataonline.com.br\/?s={search_term_string}"},"query-input":{"@type":"PropertyValueSpecification","valueRequired":true,"valueName":"search_term_string"}}],"inLanguage":"en-US"},{"@type":["Organization","Place"],"@id":"https:\/\/ubirataonline.com.br\/#organization","name":"Ubirat\u00e3 Online Not\u00edcias","alternateName":"Ubirat\u00e3 Online","url":"https:\/\/ubirataonline.com.br\/","logo":{"@id":"https:\/\/ubirataonline.com.br\/fcc-chairman-carr-says-the-view-faces-uphill-climb-over-equal-time\/#local-main-organization-logo"},"image":{"@id":"https:\/\/ubirataonline.com.br\/fcc-chairman-carr-says-the-view-faces-uphill-climb-over-equal-time\/#local-main-organization-logo"},"sameAs":["https:\/\/www.facebook.com\/portalubirataonline","https:\/\/x.com\/ubirataonline","https:\/\/mastodon.social\/@ubirataonline","https:\/\/www.facebook.com\/groups\/311144672285604","https:\/\/www.facebook.com\/UBTAOnline","https:\/\/www.instagram.com\/portalubirataonline\/","https:\/\/twitter.com\/ubirataonline"],"description":"Somos um portal de not\u00edcias independente, criado em 5 de janeiro de 2009, com o objetivo de informar, conectar e valorizar a nossa comunidade de Ubirat\u00e3 e toda aregi\u00e3o. Com conte\u00fado atualizado, confi\u00e1vel e relevante, o Ubirat\u00e3 Online \u00e9 o seu espa\u00e7o para ficar por dentro dos principais acontecimentos locais, regionais, Brasil, Mundo e de interesse geral. Nosso compromisso \u00e9 com a verdade, a transpar\u00eancia e o respeito ao leitor.","legalName":"UBIRATA ONLINE NOT\u00cdCIAS","foundingDate":"2009-01-05","numberOfEmployees":{"@type":"QuantitativeValue","minValue":"1","maxValue":"10"},"publishingPrinciples":"https:\/\/ubirataonline.com.br\/faq\/","address":{"@id":"https:\/\/ubirataonline.com.br\/fcc-chairman-carr-says-the-view-faces-uphill-climb-over-equal-time\/#local-main-place-address"},"geo":{"@type":"GeoCoordinates","latitude":"-24.5361401","longitude":"-52.9921776"},"telephone":["+5544998308235"],"contactPoint":{"@type":"ContactPoint","email":"contato@ubirataonline.com.br"},"openingHoursSpecification":{"@type":"OpeningHoursSpecification","dayOfWeek":["Monday","Tuesday","Wednesday","Thursday","Friday","Saturday","Sunday"],"opens":"00:00","closes":"23:59"},"email":"contato@ubirataonline.com.br","vatID":"47.621.418\/0001-80"},{"@type":"Person","@id":"https:\/\/ubirataonline.com.br\/#\/schema\/person\/372f87bbd3fdd79b8556b84c98d0bc1c","name":"REDA\u00c7\u00c3O: UBIRAT\u00c3 ONLINE - F\u00c1BIO AUGUSTO CELESTINO","pronouns":"Ele","description":"Desde 2003 trabalhando com not\u00edcias.","sameAs":["http:\/\/ubirataoline.com.br","https:\/\/www.facebook.com\/portalubirataonline","https:\/\/www.instagram.com\/ubirataonline_oficial","https:\/\/x.com\/x.com\/ubirataonline"],"honorificPrefix":"Mr.","honorificSuffix":"MD","birthDate":"1980-06-16","gender":"masculino","award":["V\u00e1rios pr\u00eamios de melhor portal da cidade"],"jobTitle":"Diretor","url":"https:\/\/ubirataonline.com.br\/en\/author\/ubirataonline\/"},{"@type":"PostalAddress","@id":"https:\/\/ubirataonline.com.br\/fcc-chairman-carr-says-the-view-faces-uphill-climb-over-equal-time\/#local-main-place-address","streetAddress":"Rua dos Coqueiros, 104 - Bairro Boa Vista, Rua dos Coqueiros, 104 Bairro Boa Vista","addressLocality":"UBIRATA","postalCode":"85440-000","addressRegion":"PR","addressCountry":"BR"},{"@type":"ImageObject","inLanguage":"en-US","@id":"https:\/\/ubirataonline.com.br\/fcc-chairman-carr-says-the-view-faces-uphill-climb-over-equal-time\/#local-main-organization-logo","url":"https:\/\/ubirataonline.com.br\/wp-content\/uploads\/2026\/06\/logoubirataonline-1.webp","contentUrl":"https:\/\/ubirataonline.com.br\/wp-content\/uploads\/2026\/06\/logoubirataonline-1.webp","width":500,"height":500,"caption":"Ubirat\u00e3 Online Not\u00edcias"}]},"geo.placename":"UBIRATA","geo.position":{"lat":"-24.5361401","long":"-52.9921776"},"geo.region":"Brazil"},"_links":{"self":[{"href":"https:\/\/ubirataonline.com.br\/en\/wp-json\/wp\/v2\/posts\/91595","targetHints":{"allow":["GET"]}}],"collection":[{"href":"https:\/\/ubirataonline.com.br\/en\/wp-json\/wp\/v2\/posts"}],"about":[{"href":"https:\/\/ubirataonline.com.br\/en\/wp-json\/wp\/v2\/types\/post"}],"author":[{"embeddable":true,"href":"https:\/\/ubirataonline.com.br\/en\/wp-json\/wp\/v2\/users\/1"}],"replies":[{"embeddable":true,"href":"https:\/\/ubirataonline.com.br\/en\/wp-json\/wp\/v2\/comments?post=91595"}],"version-history":[{"count":0,"href":"https:\/\/ubirataonline.com.br\/en\/wp-json\/wp\/v2\/posts\/91595\/revisions"}],"wp:featuredmedia":[{"embeddable":true,"href":"https:\/\/ubirataonline.com.br\/en\/wp-json\/wp\/v2\/media\/91596"}],"wp:attachment":[{"href":"https:\/\/ubirataonline.com.br\/en\/wp-json\/wp\/v2\/media?parent=91595"}],"wp:term":[{"taxonomy":"category","embeddable":true,"href":"https:\/\/ubirataonline.com.br\/en\/wp-json\/wp\/v2\/categories?post=91595"},{"taxonomy":"post_tag","embeddable":true,"href":"https:\/\/ubirataonline.com.br\/en\/wp-json\/wp\/v2\/tags?post=91595"}],"curies":[{"name":"wp","href":"https:\/\/api.w.org\/{rel}","templated":true}]}}