{"id":91601,"date":"2026-03-02T18:38:09","date_gmt":"2026-03-02T21:38:09","guid":{"rendered":"https:\/\/ubirataonline.com.br\/kylian-mbappe-real-madrid-and-france-striker-has-left-knee-sprain-and-no-surgery-planned\/"},"modified":"2026-03-02T18:38:09","modified_gmt":"2026-03-02T21:38:09","slug":"kylian-mbappe-real-madrid-and-france-striker-has-left-knee-sprain-and-no-surgery-planned","status":"publish","type":"post","link":"https:\/\/ubirataonline.com.br\/en\/kylian-mbappe-real-madrid-and-france-striker-has-left-knee-sprain-and-no-surgery-planned\/","title":{"rendered":"Kylian Mbappe: Real Madrid and France striker has left knee sprain and no surgery planned"},"content":{"rendered":"<p><\/p>\n<div>\n<p class=\"ssrcss-1q0x1qg-Paragraph e1jhz7w10\">Mbappe&#8217;s representatives said he was in the French capital with members of the Real Madrid medical staff.<\/p>\n<p class=\"ssrcss-1q0x1qg-Paragraph e1jhz7w10\">&#8220;In agreement with the club, he is undergoing further tests on his knee with the aim of optimising his follow-up care and preparing for his comeback,&#8221; said a statement.<\/p>\n<p class=\"ssrcss-1q0x1qg-Paragraph e1jhz7w10\">&#8220;No surgical intervention is being planned at the moment.&#8221;<\/p>\n<p class=\"ssrcss-1q0x1qg-Paragraph e1jhz7w10\">Real Madrid coach Alvaro Arbeloa said last week the decision to allow Mbappe, who has scored 38 goals in 33 appearances for the club this season, time to get back to full fitness was a mutual one. <\/p>\n<p class=\"ssrcss-1q0x1qg-Paragraph e1jhz7w10\">&#8220;It was a bit of a consensus between everyone and we think the best thing is that he stops, that he recovers and comes back at 100%,&#8221; Arbeloa said.<\/p>\n<p class=\"ssrcss-1q0x1qg-Paragraph e1jhz7w10\">&#8220;It&#8217;s not going to be a question of days, it will be a bit longer, but I can&#8217;t say how long. Hopefully not too long.&#8221;<\/p>\n<\/div>\n<p><a href=\"https:\/\/www.bbc.com\/sport\/football\/articles\/cj32vx1p2r3o\">Source link <\/a><br \/>\nSee more https:\/\/theglobaltrack.com\/<\/p>","protected":false},"excerpt":{"rendered":"<p>Mbappe&#8217;s representatives said he was in the French capital with members of the Real Madrid medical staff. &#8220;In agreement with the club, he is undergoing further tests on his knee with the aim of optimising his follow-up care and preparing for his comeback,&#8221; said a statement. &#8220;No surgical intervention is being planned at the moment.&#8221; [&hellip;]<\/p>\n","protected":false},"author":1,"featured_media":91602,"comment_status":"","ping_status":"","sticky":false,"template":"","format":"standard","meta":{"googlesitekit_rrm_CAow2JLhCw:productID":"","_gspb_post_css":"","maa_idioma":"","maa_pais":"","footnotes":""},"categories":[1],"tags":[8103,7554,8099,11074,4677,4701,11488,2969,10035,12529,7653],"class_list":["post-91601","post","type-post","status-publish","format-standard","has-post-thumbnail","hentry","category-ubirata","tag-france","tag-knee","tag-kylian","tag-left","tag-madrid","tag-mbappe","tag-planned","tag-real","tag-sprain","tag-striker","tag-surgery"],"blocksy_meta":[],"yoast_head":"<!-- This site is optimized with the Yoast SEO Premium plugin v27.6 (Yoast SEO v27.6) - https:\/\/yoast.com\/product\/yoast-seo-premium-wordpress\/ -->\n<title>Kylian Mbappe: Real Madrid and France striker has left knee sprain and no surgery planned - Ubirat\u00e3 Online Not\u00edcias - A realidade ao seu alcance!<\/title>\n<meta name=\"description\" content=\"Mbappe&#039;s representatives said he was in the French capital with members of the Real Madrid medical staff.&quot;In agreement with the club, he is undergoing\" \/>\n<meta name=\"robots\" content=\"index, follow, max-snippet:-1, max-image-preview:large, max-video-preview:-1\" \/>\n<link rel=\"canonical\" href=\"https:\/\/ubirataonline.com.br\/en\/kylian-mbappe-real-madrid-and-france-striker-has-left-knee-sprain-and-no-surgery-planned\/\" \/>\n<meta property=\"og:locale\" content=\"en_US\" \/>\n<meta property=\"og:type\" content=\"article\" \/>\n<meta property=\"og:title\" content=\"Kylian Mbappe: Real Madrid and France striker has left knee sprain and no surgery planned\" \/>\n<meta property=\"og:description\" content=\"Mbappe&#039;s representatives said he was in the French capital with members of the Real Madrid medical staff.&quot;In agreement with the club, he is undergoing\" \/>\n<meta property=\"og:url\" content=\"https:\/\/ubirataonline.com.br\/en\/kylian-mbappe-real-madrid-and-france-striker-has-left-knee-sprain-and-no-surgery-planned\/\" \/>\n<meta property=\"og:site_name\" content=\"Ubirat\u00e3 Online Not\u00edcias - A realidade ao seu alcance!\" \/>\n<meta property=\"article:publisher\" content=\"https:\/\/www.facebook.com\/portalubirataonline\" \/>\n<meta property=\"article:author\" content=\"https:\/\/www.facebook.com\/portalubirataonline\" \/>\n<meta property=\"article:published_time\" content=\"2026-03-02T21:38:09+00:00\" \/>\n<meta property=\"og:image\" content=\"https:\/\/ubirataonline.com.br\/wp-content\/uploads\/2026\/05\/logo2026.webp\" \/>\n\t<meta property=\"og:image:width\" content=\"1531\" \/>\n\t<meta property=\"og:image:height\" content=\"418\" \/>\n\t<meta property=\"og:image:type\" content=\"image\/webp\" \/>\n<meta name=\"author\" content=\"REDA\u00c7\u00c3O: UBIRAT\u00c3 ONLINE - F\u00c1BIO AUGUSTO CELESTINO\" \/>\n<meta name=\"twitter:card\" content=\"summary_large_image\" \/>\n<meta name=\"twitter:creator\" content=\"@x.com\/ubirataonline\" \/>\n<meta name=\"twitter:site\" content=\"@ubirataonline\" \/>\n<meta name=\"twitter:label1\" content=\"Written by\" \/>\n\t<meta name=\"twitter:data1\" content=\"REDA\u00c7\u00c3O: UBIRAT\u00c3 ONLINE - F\u00c1BIO AUGUSTO CELESTINO\" \/>\n\t<meta name=\"twitter:label2\" content=\"Est. reading time\" \/>\n\t<meta name=\"twitter:data2\" content=\"1 minute\" \/>\n<script type=\"application\/ld+json\" class=\"yoast-schema-graph\">{\"@context\":\"https:\\\/\\\/schema.org\",\"@graph\":[{\"@type\":\"NewsArticle\",\"@id\":\"https:\\\/\\\/ubirataonline.com.br\\\/kylian-mbappe-real-madrid-and-france-striker-has-left-knee-sprain-and-no-surgery-planned\\\/#article\",\"isPartOf\":{\"@id\":\"https:\\\/\\\/ubirataonline.com.br\\\/kylian-mbappe-real-madrid-and-france-striker-has-left-knee-sprain-and-no-surgery-planned\\\/\"},\"author\":{\"name\":\"REDA\u00c7\u00c3O: UBIRAT\u00c3 ONLINE - F\u00c1BIO AUGUSTO CELESTINO\",\"@id\":\"https:\\\/\\\/ubirataonline.com.br\\\/#\\\/schema\\\/person\\\/372f87bbd3fdd79b8556b84c98d0bc1c\"},\"headline\":\"Kylian Mbappe: Real Madrid and France striker has left knee sprain and no surgery planned\",\"datePublished\":\"2026-03-02T21:38:09+00:00\",\"mainEntityOfPage\":{\"@id\":\"https:\\\/\\\/ubirataonline.com.br\\\/kylian-mbappe-real-madrid-and-france-striker-has-left-knee-sprain-and-no-surgery-planned\\\/\"},\"wordCount\":168,\"publisher\":{\"@id\":\"https:\\\/\\\/ubirataonline.com.br\\\/#organization\"},\"image\":{\"@id\":\"https:\\\/\\\/ubirataonline.com.br\\\/kylian-mbappe-real-madrid-and-france-striker-has-left-knee-sprain-and-no-surgery-planned\\\/#primaryimage\"},\"thumbnailUrl\":\"https:\\\/\\\/ubirataonline.com.br\\\/wp-content\\\/uploads\\\/2026\\\/03\\\/Kylian-Mbappe-Real-Madrid-and-France-striker-has-left-knee.jpg\",\"keywords\":[\"France\",\"knee\",\"Kylian\",\"Left\",\"Madrid\",\"Mbapp\u00e9\",\"Planned\",\"real\",\"sprain\",\"striker\",\"surgery\"],\"articleSection\":[\"Ubirat\u00e3\"],\"inLanguage\":\"en-US\",\"copyrightYear\":\"2026\",\"copyrightHolder\":{\"@id\":\"https:\\\/\\\/ubirataonline.com.br\\\/en\\\/#organization\"}},{\"@type\":\"WebPage\",\"@id\":\"https:\\\/\\\/ubirataonline.com.br\\\/kylian-mbappe-real-madrid-and-france-striker-has-left-knee-sprain-and-no-surgery-planned\\\/\",\"url\":\"https:\\\/\\\/ubirataonline.com.br\\\/kylian-mbappe-real-madrid-and-france-striker-has-left-knee-sprain-and-no-surgery-planned\\\/\",\"name\":\"Kylian Mbappe: Real Madrid and France striker has left knee sprain and no surgery planned - Ubirat\u00e3 Online Not\u00edcias - A realidade ao seu alcance!\",\"isPartOf\":{\"@id\":\"https:\\\/\\\/ubirataonline.com.br\\\/#website\"},\"primaryImageOfPage\":{\"@id\":\"https:\\\/\\\/ubirataonline.com.br\\\/kylian-mbappe-real-madrid-and-france-striker-has-left-knee-sprain-and-no-surgery-planned\\\/#primaryimage\"},\"image\":{\"@id\":\"https:\\\/\\\/ubirataonline.com.br\\\/kylian-mbappe-real-madrid-and-france-striker-has-left-knee-sprain-and-no-surgery-planned\\\/#primaryimage\"},\"thumbnailUrl\":\"https:\\\/\\\/ubirataonline.com.br\\\/wp-content\\\/uploads\\\/2026\\\/03\\\/Kylian-Mbappe-Real-Madrid-and-France-striker-has-left-knee.jpg\",\"datePublished\":\"2026-03-02T21:38:09+00:00\",\"description\":\"Mbappe's representatives said he was in the French capital with members of the Real Madrid medical staff.\\\"In agreement with the club, he is undergoing\",\"breadcrumb\":{\"@id\":\"https:\\\/\\\/ubirataonline.com.br\\\/kylian-mbappe-real-madrid-and-france-striker-has-left-knee-sprain-and-no-surgery-planned\\\/#breadcrumb\"},\"inLanguage\":\"en-US\",\"potentialAction\":[{\"@type\":\"ReadAction\",\"target\":[\"https:\\\/\\\/ubirataonline.com.br\\\/kylian-mbappe-real-madrid-and-france-striker-has-left-knee-sprain-and-no-surgery-planned\\\/\"]}]},{\"@type\":\"ImageObject\",\"inLanguage\":\"en-US\",\"@id\":\"https:\\\/\\\/ubirataonline.com.br\\\/kylian-mbappe-real-madrid-and-france-striker-has-left-knee-sprain-and-no-surgery-planned\\\/#primaryimage\",\"url\":\"https:\\\/\\\/ubirataonline.com.br\\\/wp-content\\\/uploads\\\/2026\\\/03\\\/Kylian-Mbappe-Real-Madrid-and-France-striker-has-left-knee.jpg\",\"contentUrl\":\"https:\\\/\\\/ubirataonline.com.br\\\/wp-content\\\/uploads\\\/2026\\\/03\\\/Kylian-Mbappe-Real-Madrid-and-France-striker-has-left-knee.jpg\",\"width\":1200,\"height\":675,\"caption\":\"Image caption, Kylian Mbappe joined Real Madrid on a free transfer in June 2024 after his contract at Paris St-Germain expired\"},{\"@type\":\"BreadcrumbList\",\"@id\":\"https:\\\/\\\/ubirataonline.com.br\\\/kylian-mbappe-real-madrid-and-france-striker-has-left-knee-sprain-and-no-surgery-planned\\\/#breadcrumb\",\"itemListElement\":[{\"@type\":\"ListItem\",\"position\":1,\"name\":\"In\u00edcio\",\"item\":\"https:\\\/\\\/ubirataonline.com.br\\\/\"},{\"@type\":\"ListItem\",\"position\":2,\"name\":\"Kylian Mbappe: Real Madrid and France striker has left knee sprain and no surgery planned\"}]},{\"@type\":\"WebSite\",\"@id\":\"https:\\\/\\\/ubirataonline.com.br\\\/#website\",\"url\":\"https:\\\/\\\/ubirataonline.com.br\\\/\",\"name\":\"Ubirat\u00e3 Online Not\u00edcias\",\"description\":\"Not\u00edcias de Ubirat\u00e3, regi\u00e3o, Brasil e mundo, com informa\u00e7\u00e3o atualizada e compromisso com o leitor.\",\"publisher\":{\"@id\":\"https:\\\/\\\/ubirataonline.com.br\\\/#organization\"},\"alternateName\":\"Ubirat\u00e3 Online\",\"potentialAction\":[{\"@type\":\"SearchAction\",\"target\":{\"@type\":\"EntryPoint\",\"urlTemplate\":\"https:\\\/\\\/ubirataonline.com.br\\\/?s={search_term_string}\"},\"query-input\":{\"@type\":\"PropertyValueSpecification\",\"valueRequired\":true,\"valueName\":\"search_term_string\"}}],\"inLanguage\":\"en-US\"},{\"@type\":[\"Organization\",\"Place\"],\"@id\":\"https:\\\/\\\/ubirataonline.com.br\\\/#organization\",\"name\":\"Ubirat\u00e3 Online Not\u00edcias\",\"alternateName\":\"Ubirat\u00e3 Online\",\"url\":\"https:\\\/\\\/ubirataonline.com.br\\\/\",\"logo\":{\"@id\":\"https:\\\/\\\/ubirataonline.com.br\\\/kylian-mbappe-real-madrid-and-france-striker-has-left-knee-sprain-and-no-surgery-planned\\\/#local-main-organization-logo\"},\"image\":{\"@id\":\"https:\\\/\\\/ubirataonline.com.br\\\/kylian-mbappe-real-madrid-and-france-striker-has-left-knee-sprain-and-no-surgery-planned\\\/#local-main-organization-logo\"},\"sameAs\":[\"https:\\\/\\\/www.facebook.com\\\/portalubirataonline\",\"https:\\\/\\\/x.com\\\/ubirataonline\",\"https:\\\/\\\/mastodon.social\\\/@ubirataonline\",\"https:\\\/\\\/www.facebook.com\\\/groups\\\/311144672285604\",\"https:\\\/\\\/www.facebook.com\\\/UBTAOnline\",\"https:\\\/\\\/www.instagram.com\\\/portalubirataonline\\\/\",\"https:\\\/\\\/twitter.com\\\/ubirataonline\"],\"description\":\"Somos um portal de not\u00edcias independente, criado em 5 de janeiro de 2009, com o objetivo de informar, conectar e valorizar a nossa comunidade de Ubirat\u00e3 e toda aregi\u00e3o. Com conte\u00fado atualizado, confi\u00e1vel e relevante, o Ubirat\u00e3 Online \u00e9 o seu espa\u00e7o para ficar por dentro dos principais acontecimentos locais, regionais, Brasil, Mundo e de interesse geral. Nosso compromisso \u00e9 com a verdade, a transpar\u00eancia e o respeito ao leitor.\",\"legalName\":\"UBIRATA ONLINE NOT\u00cdCIAS\",\"foundingDate\":\"2009-01-05\",\"numberOfEmployees\":{\"@type\":\"QuantitativeValue\",\"minValue\":\"1\",\"maxValue\":\"10\"},\"publishingPrinciples\":\"https:\\\/\\\/ubirataonline.com.br\\\/faq\\\/\",\"address\":{\"@id\":\"https:\\\/\\\/ubirataonline.com.br\\\/kylian-mbappe-real-madrid-and-france-striker-has-left-knee-sprain-and-no-surgery-planned\\\/#local-main-place-address\"},\"geo\":{\"@type\":\"GeoCoordinates\",\"latitude\":\"-24.5361401\",\"longitude\":\"-52.9921776\"},\"telephone\":[\"+5544998308235\"],\"contactPoint\":{\"@type\":\"ContactPoint\",\"email\":\"contato@ubirataonline.com.br\"},\"openingHoursSpecification\":{\"@type\":\"OpeningHoursSpecification\",\"dayOfWeek\":[\"Monday\",\"Tuesday\",\"Wednesday\",\"Thursday\",\"Friday\",\"Saturday\",\"Sunday\"],\"opens\":\"00:00\",\"closes\":\"23:59\"},\"email\":\"contato@ubirataonline.com.br\",\"vatID\":\"47.621.418\\\/0001-80\"},{\"@type\":\"Person\",\"@id\":\"https:\\\/\\\/ubirataonline.com.br\\\/#\\\/schema\\\/person\\\/372f87bbd3fdd79b8556b84c98d0bc1c\",\"name\":\"REDA\u00c7\u00c3O: UBIRAT\u00c3 ONLINE - F\u00c1BIO AUGUSTO CELESTINO\",\"pronouns\":\"Ele\",\"description\":\"Desde 2003 trabalhando com not\u00edcias.\",\"sameAs\":[\"http:\\\/\\\/ubirataoline.com.br\",\"https:\\\/\\\/www.facebook.com\\\/portalubirataonline\",\"https:\\\/\\\/www.instagram.com\\\/ubirataonline_oficial\",\"https:\\\/\\\/x.com\\\/x.com\\\/ubirataonline\"],\"honorificPrefix\":\"Mr.\",\"honorificSuffix\":\"MD\",\"birthDate\":\"1980-06-16\",\"gender\":\"masculino\",\"award\":[\"V\u00e1rios pr\u00eamios de melhor portal da cidade\"],\"jobTitle\":\"Diretor\",\"url\":\"https:\\\/\\\/ubirataonline.com.br\\\/en\\\/author\\\/ubirataonline\\\/\"},{\"@type\":\"PostalAddress\",\"@id\":\"https:\\\/\\\/ubirataonline.com.br\\\/kylian-mbappe-real-madrid-and-france-striker-has-left-knee-sprain-and-no-surgery-planned\\\/#local-main-place-address\",\"streetAddress\":\"Rua dos Coqueiros, 104 - Bairro Boa Vista, Rua dos Coqueiros, 104 Bairro Boa Vista\",\"addressLocality\":\"UBIRATA\",\"postalCode\":\"85440-000\",\"addressRegion\":\"PR\",\"addressCountry\":\"BR\"},{\"@type\":\"ImageObject\",\"inLanguage\":\"en-US\",\"@id\":\"https:\\\/\\\/ubirataonline.com.br\\\/kylian-mbappe-real-madrid-and-france-striker-has-left-knee-sprain-and-no-surgery-planned\\\/#local-main-organization-logo\",\"url\":\"https:\\\/\\\/ubirataonline.com.br\\\/wp-content\\\/uploads\\\/2026\\\/06\\\/logoubirataonline-1.webp\",\"contentUrl\":\"https:\\\/\\\/ubirataonline.com.br\\\/wp-content\\\/uploads\\\/2026\\\/06\\\/logoubirataonline-1.webp\",\"width\":500,\"height\":500,\"caption\":\"Ubirat\u00e3 Online Not\u00edcias\"}]}<\/script>\n<meta name=\"geo.placename\" content=\"UBIRATA\" \/>\n<meta name=\"geo.position\" content=\"-24.5361401;-52.9921776\" \/>\n<meta name=\"geo.region\" content=\"Brazil\" \/>\n<!-- \/ Yoast SEO Premium plugin. -->","yoast_head_json":{"title":"Kylian Mbappe: Real Madrid and France striker has left knee sprain and no surgery planned - Ubirat\u00e3 Online Not\u00edcias - A realidade ao seu alcance!","description":"Mbappe's representatives said he was in the French capital with members of the Real Madrid medical staff.\"In agreement with the club, he is undergoing","robots":{"index":"index","follow":"follow","max-snippet":"max-snippet:-1","max-image-preview":"max-image-preview:large","max-video-preview":"max-video-preview:-1"},"canonical":"https:\/\/ubirataonline.com.br\/en\/kylian-mbappe-real-madrid-and-france-striker-has-left-knee-sprain-and-no-surgery-planned\/","og_locale":"en_US","og_type":"article","og_title":"Kylian Mbappe: Real Madrid and France striker has left knee sprain and no surgery planned","og_description":"Mbappe's representatives said he was in the French capital with members of the Real Madrid medical staff.\"In agreement with the club, he is undergoing","og_url":"https:\/\/ubirataonline.com.br\/en\/kylian-mbappe-real-madrid-and-france-striker-has-left-knee-sprain-and-no-surgery-planned\/","og_site_name":"Ubirat\u00e3 Online Not\u00edcias - A realidade ao seu alcance!","article_publisher":"https:\/\/www.facebook.com\/portalubirataonline","article_author":"https:\/\/www.facebook.com\/portalubirataonline","article_published_time":"2026-03-02T21:38:09+00:00","og_image":[{"width":1531,"height":418,"url":"https:\/\/ubirataonline.com.br\/wp-content\/uploads\/2026\/05\/logo2026.webp","type":"image\/webp"}],"author":"REDA\u00c7\u00c3O: UBIRAT\u00c3 ONLINE - F\u00c1BIO AUGUSTO CELESTINO","twitter_card":"summary_large_image","twitter_creator":"@x.com\/ubirataonline","twitter_site":"@ubirataonline","twitter_misc":{"Written by":"REDA\u00c7\u00c3O: UBIRAT\u00c3 ONLINE - F\u00c1BIO AUGUSTO CELESTINO","Est. reading time":"1 minute"},"schema":{"@context":"https:\/\/schema.org","@graph":[{"@type":"NewsArticle","@id":"https:\/\/ubirataonline.com.br\/kylian-mbappe-real-madrid-and-france-striker-has-left-knee-sprain-and-no-surgery-planned\/#article","isPartOf":{"@id":"https:\/\/ubirataonline.com.br\/kylian-mbappe-real-madrid-and-france-striker-has-left-knee-sprain-and-no-surgery-planned\/"},"author":{"name":"REDA\u00c7\u00c3O: UBIRAT\u00c3 ONLINE - F\u00c1BIO AUGUSTO CELESTINO","@id":"https:\/\/ubirataonline.com.br\/#\/schema\/person\/372f87bbd3fdd79b8556b84c98d0bc1c"},"headline":"Kylian Mbappe: Real Madrid and France striker has left knee sprain and no surgery planned","datePublished":"2026-03-02T21:38:09+00:00","mainEntityOfPage":{"@id":"https:\/\/ubirataonline.com.br\/kylian-mbappe-real-madrid-and-france-striker-has-left-knee-sprain-and-no-surgery-planned\/"},"wordCount":168,"publisher":{"@id":"https:\/\/ubirataonline.com.br\/#organization"},"image":{"@id":"https:\/\/ubirataonline.com.br\/kylian-mbappe-real-madrid-and-france-striker-has-left-knee-sprain-and-no-surgery-planned\/#primaryimage"},"thumbnailUrl":"https:\/\/ubirataonline.com.br\/wp-content\/uploads\/2026\/03\/Kylian-Mbappe-Real-Madrid-and-France-striker-has-left-knee.jpg","keywords":["France","knee","Kylian","Left","Madrid","Mbapp\u00e9","Planned","real","sprain","striker","surgery"],"articleSection":["Ubirat\u00e3"],"inLanguage":"en-US","copyrightYear":"2026","copyrightHolder":{"@id":"https:\/\/ubirataonline.com.br\/en\/#organization"}},{"@type":"WebPage","@id":"https:\/\/ubirataonline.com.br\/kylian-mbappe-real-madrid-and-france-striker-has-left-knee-sprain-and-no-surgery-planned\/","url":"https:\/\/ubirataonline.com.br\/kylian-mbappe-real-madrid-and-france-striker-has-left-knee-sprain-and-no-surgery-planned\/","name":"Kylian Mbappe: Real Madrid and France striker has left knee sprain and no surgery planned - Ubirat\u00e3 Online Not\u00edcias - A realidade ao seu alcance!","isPartOf":{"@id":"https:\/\/ubirataonline.com.br\/#website"},"primaryImageOfPage":{"@id":"https:\/\/ubirataonline.com.br\/kylian-mbappe-real-madrid-and-france-striker-has-left-knee-sprain-and-no-surgery-planned\/#primaryimage"},"image":{"@id":"https:\/\/ubirataonline.com.br\/kylian-mbappe-real-madrid-and-france-striker-has-left-knee-sprain-and-no-surgery-planned\/#primaryimage"},"thumbnailUrl":"https:\/\/ubirataonline.com.br\/wp-content\/uploads\/2026\/03\/Kylian-Mbappe-Real-Madrid-and-France-striker-has-left-knee.jpg","datePublished":"2026-03-02T21:38:09+00:00","description":"Mbappe's representatives said he was in the French capital with members of the Real Madrid medical staff.\"In agreement with the club, he is undergoing","breadcrumb":{"@id":"https:\/\/ubirataonline.com.br\/kylian-mbappe-real-madrid-and-france-striker-has-left-knee-sprain-and-no-surgery-planned\/#breadcrumb"},"inLanguage":"en-US","potentialAction":[{"@type":"ReadAction","target":["https:\/\/ubirataonline.com.br\/kylian-mbappe-real-madrid-and-france-striker-has-left-knee-sprain-and-no-surgery-planned\/"]}]},{"@type":"ImageObject","inLanguage":"en-US","@id":"https:\/\/ubirataonline.com.br\/kylian-mbappe-real-madrid-and-france-striker-has-left-knee-sprain-and-no-surgery-planned\/#primaryimage","url":"https:\/\/ubirataonline.com.br\/wp-content\/uploads\/2026\/03\/Kylian-Mbappe-Real-Madrid-and-France-striker-has-left-knee.jpg","contentUrl":"https:\/\/ubirataonline.com.br\/wp-content\/uploads\/2026\/03\/Kylian-Mbappe-Real-Madrid-and-France-striker-has-left-knee.jpg","width":1200,"height":675,"caption":"Image caption, Kylian Mbappe joined Real Madrid on a free transfer in June 2024 after his contract at Paris St-Germain expired"},{"@type":"BreadcrumbList","@id":"https:\/\/ubirataonline.com.br\/kylian-mbappe-real-madrid-and-france-striker-has-left-knee-sprain-and-no-surgery-planned\/#breadcrumb","itemListElement":[{"@type":"ListItem","position":1,"name":"In\u00edcio","item":"https:\/\/ubirataonline.com.br\/"},{"@type":"ListItem","position":2,"name":"Kylian Mbappe: Real Madrid and France striker has left knee sprain and no surgery planned"}]},{"@type":"WebSite","@id":"https:\/\/ubirataonline.com.br\/#website","url":"https:\/\/ubirataonline.com.br\/","name":"Ubirat\u00e3 Online Not\u00edcias","description":"Not\u00edcias de Ubirat\u00e3, regi\u00e3o, Brasil e mundo, com informa\u00e7\u00e3o atualizada e compromisso com o leitor.","publisher":{"@id":"https:\/\/ubirataonline.com.br\/#organization"},"alternateName":"Ubirat\u00e3 Online","potentialAction":[{"@type":"SearchAction","target":{"@type":"EntryPoint","urlTemplate":"https:\/\/ubirataonline.com.br\/?s={search_term_string}"},"query-input":{"@type":"PropertyValueSpecification","valueRequired":true,"valueName":"search_term_string"}}],"inLanguage":"en-US"},{"@type":["Organization","Place"],"@id":"https:\/\/ubirataonline.com.br\/#organization","name":"Ubirat\u00e3 Online Not\u00edcias","alternateName":"Ubirat\u00e3 Online","url":"https:\/\/ubirataonline.com.br\/","logo":{"@id":"https:\/\/ubirataonline.com.br\/kylian-mbappe-real-madrid-and-france-striker-has-left-knee-sprain-and-no-surgery-planned\/#local-main-organization-logo"},"image":{"@id":"https:\/\/ubirataonline.com.br\/kylian-mbappe-real-madrid-and-france-striker-has-left-knee-sprain-and-no-surgery-planned\/#local-main-organization-logo"},"sameAs":["https:\/\/www.facebook.com\/portalubirataonline","https:\/\/x.com\/ubirataonline","https:\/\/mastodon.social\/@ubirataonline","https:\/\/www.facebook.com\/groups\/311144672285604","https:\/\/www.facebook.com\/UBTAOnline","https:\/\/www.instagram.com\/portalubirataonline\/","https:\/\/twitter.com\/ubirataonline"],"description":"Somos um portal de not\u00edcias independente, criado em 5 de janeiro de 2009, com o objetivo de informar, conectar e valorizar a nossa comunidade de Ubirat\u00e3 e toda aregi\u00e3o. Com conte\u00fado atualizado, confi\u00e1vel e relevante, o Ubirat\u00e3 Online \u00e9 o seu espa\u00e7o para ficar por dentro dos principais acontecimentos locais, regionais, Brasil, Mundo e de interesse geral. Nosso compromisso \u00e9 com a verdade, a transpar\u00eancia e o respeito ao leitor.","legalName":"UBIRATA ONLINE NOT\u00cdCIAS","foundingDate":"2009-01-05","numberOfEmployees":{"@type":"QuantitativeValue","minValue":"1","maxValue":"10"},"publishingPrinciples":"https:\/\/ubirataonline.com.br\/faq\/","address":{"@id":"https:\/\/ubirataonline.com.br\/kylian-mbappe-real-madrid-and-france-striker-has-left-knee-sprain-and-no-surgery-planned\/#local-main-place-address"},"geo":{"@type":"GeoCoordinates","latitude":"-24.5361401","longitude":"-52.9921776"},"telephone":["+5544998308235"],"contactPoint":{"@type":"ContactPoint","email":"contato@ubirataonline.com.br"},"openingHoursSpecification":{"@type":"OpeningHoursSpecification","dayOfWeek":["Monday","Tuesday","Wednesday","Thursday","Friday","Saturday","Sunday"],"opens":"00:00","closes":"23:59"},"email":"contato@ubirataonline.com.br","vatID":"47.621.418\/0001-80"},{"@type":"Person","@id":"https:\/\/ubirataonline.com.br\/#\/schema\/person\/372f87bbd3fdd79b8556b84c98d0bc1c","name":"REDA\u00c7\u00c3O: UBIRAT\u00c3 ONLINE - F\u00c1BIO AUGUSTO CELESTINO","pronouns":"Ele","description":"Desde 2003 trabalhando com not\u00edcias.","sameAs":["http:\/\/ubirataoline.com.br","https:\/\/www.facebook.com\/portalubirataonline","https:\/\/www.instagram.com\/ubirataonline_oficial","https:\/\/x.com\/x.com\/ubirataonline"],"honorificPrefix":"Mr.","honorificSuffix":"MD","birthDate":"1980-06-16","gender":"masculino","award":["V\u00e1rios pr\u00eamios de melhor portal da cidade"],"jobTitle":"Diretor","url":"https:\/\/ubirataonline.com.br\/en\/author\/ubirataonline\/"},{"@type":"PostalAddress","@id":"https:\/\/ubirataonline.com.br\/kylian-mbappe-real-madrid-and-france-striker-has-left-knee-sprain-and-no-surgery-planned\/#local-main-place-address","streetAddress":"Rua dos Coqueiros, 104 - Bairro Boa Vista, Rua dos Coqueiros, 104 Bairro Boa Vista","addressLocality":"UBIRATA","postalCode":"85440-000","addressRegion":"PR","addressCountry":"BR"},{"@type":"ImageObject","inLanguage":"en-US","@id":"https:\/\/ubirataonline.com.br\/kylian-mbappe-real-madrid-and-france-striker-has-left-knee-sprain-and-no-surgery-planned\/#local-main-organization-logo","url":"https:\/\/ubirataonline.com.br\/wp-content\/uploads\/2026\/06\/logoubirataonline-1.webp","contentUrl":"https:\/\/ubirataonline.com.br\/wp-content\/uploads\/2026\/06\/logoubirataonline-1.webp","width":500,"height":500,"caption":"Ubirat\u00e3 Online Not\u00edcias"}]},"geo.placename":"UBIRATA","geo.position":{"lat":"-24.5361401","long":"-52.9921776"},"geo.region":"Brazil"},"_links":{"self":[{"href":"https:\/\/ubirataonline.com.br\/en\/wp-json\/wp\/v2\/posts\/91601","targetHints":{"allow":["GET"]}}],"collection":[{"href":"https:\/\/ubirataonline.com.br\/en\/wp-json\/wp\/v2\/posts"}],"about":[{"href":"https:\/\/ubirataonline.com.br\/en\/wp-json\/wp\/v2\/types\/post"}],"author":[{"embeddable":true,"href":"https:\/\/ubirataonline.com.br\/en\/wp-json\/wp\/v2\/users\/1"}],"replies":[{"embeddable":true,"href":"https:\/\/ubirataonline.com.br\/en\/wp-json\/wp\/v2\/comments?post=91601"}],"version-history":[{"count":0,"href":"https:\/\/ubirataonline.com.br\/en\/wp-json\/wp\/v2\/posts\/91601\/revisions"}],"wp:featuredmedia":[{"embeddable":true,"href":"https:\/\/ubirataonline.com.br\/en\/wp-json\/wp\/v2\/media\/91602"}],"wp:attachment":[{"href":"https:\/\/ubirataonline.com.br\/en\/wp-json\/wp\/v2\/media?parent=91601"}],"wp:term":[{"taxonomy":"category","embeddable":true,"href":"https:\/\/ubirataonline.com.br\/en\/wp-json\/wp\/v2\/categories?post=91601"},{"taxonomy":"post_tag","embeddable":true,"href":"https:\/\/ubirataonline.com.br\/en\/wp-json\/wp\/v2\/tags?post=91601"}],"curies":[{"name":"wp","href":"https:\/\/api.w.org\/{rel}","templated":true}]}}