{"id":91605,"date":"2026-03-02T19:26:06","date_gmt":"2026-03-02T22:26:06","guid":{"rendered":"https:\/\/ubirataonline.com.br\/luqueno-y-rubio-nu-animan-la-jornada-en-capiata\/"},"modified":"2026-03-02T19:26:12","modified_gmt":"2026-03-02T22:26:12","slug":"luqueno-y-rubio-nu-animan-la-jornada-en-capiata","status":"publish","type":"post","link":"https:\/\/ubirataonline.com.br\/en\/luqueno-y-rubio-nu-animan-la-jornada-en-capiata\/","title":{"rendered":"Luque\u00f1o y Rubio \u00d1u animan la jornada en Capiat\u00e1"},"content":{"rendered":"<p><\/p>\n<div>\n<p><strong>Sportivo Luque\u00f1o oficia de local ante Rubio \u00d1u, este lunes desde las 18:30 en el estadio Erico Galeano Segovia, por la octava fecha del torneo Apertura 2026.<\/strong><\/p>\n<\/div>\n<div>\n<p>Se trata de un choque entre <strong>rivales directos en la tabla porcentual<\/strong>, por lo que no hay ni medio metro para regalar.<\/p>\n<\/div>\n<div>\n<p>Luego de su triunfo frente a San Lorenzo (2-0), Rubio \u00d1u abandon\u00f3 la zona roja del descenso directo, por primera vez en lo que va de la temporada, donde cay\u00f3 Ameliano, junto al cuadro rayadito. La idea del equipo dirigido por Gustavo Mor\u00ednigo pasa por sostener el ritmo y prenderse a la disputa por los puestos de vanguardia.<\/p>\n<\/div>\n<div>\n<p>Por su lado, el Luque\u00f1o de Lucas Barrios se endos\u00f3 dos victorias en los \u00faltimos tres compromisos y planea retornar a la senda de los puntos, en pro de continuar escalando posiciones.\u00a0<\/p>\n<\/div>\n<div>\n<p><strong>La transmisi\u00f3n va por las pantallas de Tigo Sports y a trav\u00e9s de Universo 970\/Naci\u00f3n Media para los radioescuchas de todo el pa\u00eds.<\/strong><\/p>\n<\/div>\n<div>\n<p>23 triunfos de los luque\u00f1os (84 tantos)<\/p>\n<\/div>\n<div>\n<p>15 victorias de los \u00f1uenses (75 goles)<\/p>\n<\/div>\n<div>\n<p>04\/11\/2017 (17\u00aa FECHA, CLAUSURA)<\/p>\n<\/div>\n<div>\n<p>\u00c1rbitro: Alipio Colm\u00e1n.<\/p>\n<\/div>\n<div>\n<p>Asistentes: Luis Onieva y Diego Silva.<\/p>\n<\/div>\n<div>\n<p>Cuarto \u00e1rbitro: Juan L\u00f3pez.<\/p>\n<\/div>\n<p><a href=\"https:\/\/onefootball.com\/de\/news\/luqueno-y-rubio-nu-animan-la-jornada-en-capiata-42491375\">Fonte do Artigo <\/a><\/p>","protected":false},"excerpt":{"rendered":"<p>Sportivo Luque\u00f1o oficia de local ante Rubio \u00d1u, este lunes desde las 18:30 en el estadio Erico Galeano Segovia, por la octava fecha del torneo Apertura 2026. Se trata de un choque entre rivales directos en la tabla porcentual, por lo que no hay ni medio metro para regalar. Luego de su triunfo frente a [&hellip;]<\/p>\n","protected":false},"author":1,"featured_media":91606,"comment_status":"closed","ping_status":"","sticky":false,"template":"","format":"standard","meta":{"googlesitekit_rrm_CAow2JLhCw:productID":"","_gspb_post_css":"","maa_idioma":"","maa_pais":"","footnotes":""},"categories":[4],"tags":[21186,21187,4321,17054,21185,12930],"class_list":["post-91605","post","type-post","status-publish","format-standard","has-post-thumbnail","hentry","category-brasil","tag-animan","tag-capiata","tag-jornada","tag-luqueno","tag-nu","tag-rubio"],"blocksy_meta":[],"yoast_head":"<!-- This site is optimized with the Yoast SEO Premium plugin v27.6 (Yoast SEO v27.6) - https:\/\/yoast.com\/product\/yoast-seo-premium-wordpress\/ -->\n<title>Luque\u00f1o y Rubio \u00d1u animan la jornada en Capiat\u00e1 - Ubirat\u00e3 Online Not\u00edcias - A realidade ao seu alcance!<\/title>\n<meta name=\"description\" content=\"Sportivo Luque\u00f1o oficia de local ante Rubio \u00d1u, este lunes desde las 18:30 en el estadio Erico Galeano Segovia, por la octava fecha del torneo Apertura\" \/>\n<meta name=\"robots\" content=\"index, follow, max-snippet:-1, max-image-preview:large, max-video-preview:-1\" \/>\n<link rel=\"canonical\" href=\"https:\/\/ubirataonline.com.br\/en\/luqueno-y-rubio-nu-animan-la-jornada-en-capiata\/\" \/>\n<meta property=\"og:locale\" content=\"en_US\" \/>\n<meta property=\"og:type\" content=\"article\" \/>\n<meta property=\"og:title\" content=\"Luque\u00f1o y Rubio \u00d1u animan la jornada en Capiat\u00e1\" \/>\n<meta property=\"og:description\" content=\"Sportivo Luque\u00f1o oficia de local ante Rubio \u00d1u, este lunes desde las 18:30 en el estadio Erico Galeano Segovia, por la octava fecha del torneo Apertura\" \/>\n<meta property=\"og:url\" content=\"https:\/\/ubirataonline.com.br\/en\/luqueno-y-rubio-nu-animan-la-jornada-en-capiata\/\" \/>\n<meta property=\"og:site_name\" content=\"Ubirat\u00e3 Online Not\u00edcias - A realidade ao seu alcance!\" \/>\n<meta property=\"article:publisher\" content=\"https:\/\/www.facebook.com\/portalubirataonline\" \/>\n<meta property=\"article:author\" content=\"https:\/\/www.facebook.com\/portalubirataonline\" \/>\n<meta property=\"article:published_time\" content=\"2026-03-02T22:26:06+00:00\" \/>\n<meta property=\"article:modified_time\" content=\"2026-03-02T22:26:12+00:00\" \/>\n<meta property=\"og:image\" content=\"https:\/\/ubirataonline.com.br\/wp-content\/uploads\/2026\/03\/Luqueno-y-Rubio-Nu-animan-la-jornada-en-Capiata.jpeg\" \/>\n\t<meta property=\"og:image:width\" content=\"1200\" \/>\n\t<meta property=\"og:image:height\" content=\"630\" \/>\n\t<meta property=\"og:image:type\" content=\"image\/jpeg\" \/>\n<meta name=\"author\" content=\"REDA\u00c7\u00c3O: UBIRAT\u00c3 ONLINE - F\u00c1BIO AUGUSTO CELESTINO\" \/>\n<meta name=\"twitter:card\" content=\"summary_large_image\" \/>\n<meta name=\"twitter:creator\" content=\"@x.com\/ubirataonline\" \/>\n<meta name=\"twitter:site\" content=\"@ubirataonline\" \/>\n<meta name=\"twitter:label1\" content=\"Written by\" \/>\n\t<meta name=\"twitter:data1\" content=\"REDA\u00c7\u00c3O: UBIRAT\u00c3 ONLINE - F\u00c1BIO AUGUSTO CELESTINO\" \/>\n\t<meta name=\"twitter:label2\" content=\"Est. reading time\" \/>\n\t<meta name=\"twitter:data2\" content=\"1 minute\" \/>\n<script type=\"application\/ld+json\" class=\"yoast-schema-graph\">{\"@context\":\"https:\\\/\\\/schema.org\",\"@graph\":[{\"@type\":\"NewsArticle\",\"@id\":\"https:\\\/\\\/ubirataonline.com.br\\\/luqueno-y-rubio-nu-animan-la-jornada-en-capiata\\\/#article\",\"isPartOf\":{\"@id\":\"https:\\\/\\\/ubirataonline.com.br\\\/luqueno-y-rubio-nu-animan-la-jornada-en-capiata\\\/\"},\"author\":{\"name\":\"REDA\u00c7\u00c3O: UBIRAT\u00c3 ONLINE - F\u00c1BIO AUGUSTO CELESTINO\",\"@id\":\"https:\\\/\\\/ubirataonline.com.br\\\/#\\\/schema\\\/person\\\/372f87bbd3fdd79b8556b84c98d0bc1c\"},\"headline\":\"Luque\u00f1o y Rubio \u00d1u animan la jornada en Capiat\u00e1\",\"datePublished\":\"2026-03-02T22:26:06+00:00\",\"dateModified\":\"2026-03-02T22:26:12+00:00\",\"mainEntityOfPage\":{\"@id\":\"https:\\\/\\\/ubirataonline.com.br\\\/luqueno-y-rubio-nu-animan-la-jornada-en-capiata\\\/\"},\"wordCount\":208,\"publisher\":{\"@id\":\"https:\\\/\\\/ubirataonline.com.br\\\/#organization\"},\"image\":{\"@id\":\"https:\\\/\\\/ubirataonline.com.br\\\/luqueno-y-rubio-nu-animan-la-jornada-en-capiata\\\/#primaryimage\"},\"thumbnailUrl\":\"https:\\\/\\\/ubirataonline.com.br\\\/wp-content\\\/uploads\\\/2026\\\/03\\\/Luqueno-y-Rubio-Nu-animan-la-jornada-en-Capiata.jpeg\",\"keywords\":[\"animan\",\"Capiat\u00e1\",\"jornada\",\"Luque\u00f1o\",\"\u00d1u\",\"Rubio\"],\"articleSection\":[\"Brasil\"],\"inLanguage\":\"en-US\",\"copyrightYear\":\"2026\",\"copyrightHolder\":{\"@id\":\"https:\\\/\\\/ubirataonline.com.br\\\/en\\\/#organization\"}},{\"@type\":\"WebPage\",\"@id\":\"https:\\\/\\\/ubirataonline.com.br\\\/luqueno-y-rubio-nu-animan-la-jornada-en-capiata\\\/\",\"url\":\"https:\\\/\\\/ubirataonline.com.br\\\/luqueno-y-rubio-nu-animan-la-jornada-en-capiata\\\/\",\"name\":\"Luque\u00f1o y Rubio \u00d1u animan la jornada en Capiat\u00e1 - Ubirat\u00e3 Online Not\u00edcias - A realidade ao seu alcance!\",\"isPartOf\":{\"@id\":\"https:\\\/\\\/ubirataonline.com.br\\\/#website\"},\"primaryImageOfPage\":{\"@id\":\"https:\\\/\\\/ubirataonline.com.br\\\/luqueno-y-rubio-nu-animan-la-jornada-en-capiata\\\/#primaryimage\"},\"image\":{\"@id\":\"https:\\\/\\\/ubirataonline.com.br\\\/luqueno-y-rubio-nu-animan-la-jornada-en-capiata\\\/#primaryimage\"},\"thumbnailUrl\":\"https:\\\/\\\/ubirataonline.com.br\\\/wp-content\\\/uploads\\\/2026\\\/03\\\/Luqueno-y-Rubio-Nu-animan-la-jornada-en-Capiata.jpeg\",\"datePublished\":\"2026-03-02T22:26:06+00:00\",\"dateModified\":\"2026-03-02T22:26:12+00:00\",\"description\":\"Sportivo Luque\u00f1o oficia de local ante Rubio \u00d1u, este lunes desde las 18:30 en el estadio Erico Galeano Segovia, por la octava fecha del torneo Apertura\",\"breadcrumb\":{\"@id\":\"https:\\\/\\\/ubirataonline.com.br\\\/luqueno-y-rubio-nu-animan-la-jornada-en-capiata\\\/#breadcrumb\"},\"inLanguage\":\"en-US\",\"potentialAction\":[{\"@type\":\"ReadAction\",\"target\":[\"https:\\\/\\\/ubirataonline.com.br\\\/luqueno-y-rubio-nu-animan-la-jornada-en-capiata\\\/\"]}]},{\"@type\":\"ImageObject\",\"inLanguage\":\"en-US\",\"@id\":\"https:\\\/\\\/ubirataonline.com.br\\\/luqueno-y-rubio-nu-animan-la-jornada-en-capiata\\\/#primaryimage\",\"url\":\"https:\\\/\\\/ubirataonline.com.br\\\/wp-content\\\/uploads\\\/2026\\\/03\\\/Luqueno-y-Rubio-Nu-animan-la-jornada-en-Capiata.jpeg\",\"contentUrl\":\"https:\\\/\\\/ubirataonline.com.br\\\/wp-content\\\/uploads\\\/2026\\\/03\\\/Luqueno-y-Rubio-Nu-animan-la-jornada-en-Capiata.jpeg\",\"width\":1200,\"height\":630,\"caption\":\"Luque\u00f1o y Rubio \u00d1u animan la jornada en Capiat\u00e1\"},{\"@type\":\"BreadcrumbList\",\"@id\":\"https:\\\/\\\/ubirataonline.com.br\\\/luqueno-y-rubio-nu-animan-la-jornada-en-capiata\\\/#breadcrumb\",\"itemListElement\":[{\"@type\":\"ListItem\",\"position\":1,\"name\":\"In\u00edcio\",\"item\":\"https:\\\/\\\/ubirataonline.com.br\\\/\"},{\"@type\":\"ListItem\",\"position\":2,\"name\":\"Luque\u00f1o y Rubio \u00d1u animan la jornada en Capiat\u00e1\"}]},{\"@type\":\"WebSite\",\"@id\":\"https:\\\/\\\/ubirataonline.com.br\\\/#website\",\"url\":\"https:\\\/\\\/ubirataonline.com.br\\\/\",\"name\":\"Ubirat\u00e3 Online Not\u00edcias\",\"description\":\"Not\u00edcias de Ubirat\u00e3, regi\u00e3o, Brasil e mundo, com informa\u00e7\u00e3o atualizada e compromisso com o leitor.\",\"publisher\":{\"@id\":\"https:\\\/\\\/ubirataonline.com.br\\\/#organization\"},\"alternateName\":\"Ubirat\u00e3 Online\",\"potentialAction\":[{\"@type\":\"SearchAction\",\"target\":{\"@type\":\"EntryPoint\",\"urlTemplate\":\"https:\\\/\\\/ubirataonline.com.br\\\/?s={search_term_string}\"},\"query-input\":{\"@type\":\"PropertyValueSpecification\",\"valueRequired\":true,\"valueName\":\"search_term_string\"}}],\"inLanguage\":\"en-US\"},{\"@type\":[\"Organization\",\"Place\"],\"@id\":\"https:\\\/\\\/ubirataonline.com.br\\\/#organization\",\"name\":\"Ubirat\u00e3 Online Not\u00edcias\",\"alternateName\":\"Ubirat\u00e3 Online\",\"url\":\"https:\\\/\\\/ubirataonline.com.br\\\/\",\"logo\":{\"@id\":\"https:\\\/\\\/ubirataonline.com.br\\\/luqueno-y-rubio-nu-animan-la-jornada-en-capiata\\\/#local-main-organization-logo\"},\"image\":{\"@id\":\"https:\\\/\\\/ubirataonline.com.br\\\/luqueno-y-rubio-nu-animan-la-jornada-en-capiata\\\/#local-main-organization-logo\"},\"sameAs\":[\"https:\\\/\\\/www.facebook.com\\\/portalubirataonline\",\"https:\\\/\\\/x.com\\\/ubirataonline\",\"https:\\\/\\\/mastodon.social\\\/@ubirataonline\",\"https:\\\/\\\/www.facebook.com\\\/groups\\\/311144672285604\",\"https:\\\/\\\/www.facebook.com\\\/UBTAOnline\",\"https:\\\/\\\/www.instagram.com\\\/portalubirataonline\\\/\",\"https:\\\/\\\/twitter.com\\\/ubirataonline\"],\"description\":\"Somos um portal de not\u00edcias independente, criado em 5 de janeiro de 2009, com o objetivo de informar, conectar e valorizar a nossa comunidade de Ubirat\u00e3 e toda aregi\u00e3o. Com conte\u00fado atualizado, confi\u00e1vel e relevante, o Ubirat\u00e3 Online \u00e9 o seu espa\u00e7o para ficar por dentro dos principais acontecimentos locais, regionais, Brasil, Mundo e de interesse geral. Nosso compromisso \u00e9 com a verdade, a transpar\u00eancia e o respeito ao leitor.\",\"legalName\":\"UBIRATA ONLINE NOT\u00cdCIAS\",\"foundingDate\":\"2009-01-05\",\"numberOfEmployees\":{\"@type\":\"QuantitativeValue\",\"minValue\":\"1\",\"maxValue\":\"10\"},\"publishingPrinciples\":\"https:\\\/\\\/ubirataonline.com.br\\\/faq\\\/\",\"address\":{\"@id\":\"https:\\\/\\\/ubirataonline.com.br\\\/luqueno-y-rubio-nu-animan-la-jornada-en-capiata\\\/#local-main-place-address\"},\"geo\":{\"@type\":\"GeoCoordinates\",\"latitude\":\"-24.5361401\",\"longitude\":\"-52.9921776\"},\"telephone\":[\"+5544998308235\"],\"contactPoint\":{\"@type\":\"ContactPoint\",\"email\":\"contato@ubirataonline.com.br\"},\"openingHoursSpecification\":{\"@type\":\"OpeningHoursSpecification\",\"dayOfWeek\":[\"Monday\",\"Tuesday\",\"Wednesday\",\"Thursday\",\"Friday\",\"Saturday\",\"Sunday\"],\"opens\":\"00:00\",\"closes\":\"23:59\"},\"email\":\"contato@ubirataonline.com.br\",\"vatID\":\"47.621.418\\\/0001-80\"},{\"@type\":\"Person\",\"@id\":\"https:\\\/\\\/ubirataonline.com.br\\\/#\\\/schema\\\/person\\\/372f87bbd3fdd79b8556b84c98d0bc1c\",\"name\":\"REDA\u00c7\u00c3O: UBIRAT\u00c3 ONLINE - F\u00c1BIO AUGUSTO CELESTINO\",\"pronouns\":\"Ele\",\"description\":\"Desde 2003 trabalhando com not\u00edcias.\",\"sameAs\":[\"http:\\\/\\\/ubirataoline.com.br\",\"https:\\\/\\\/www.facebook.com\\\/portalubirataonline\",\"https:\\\/\\\/www.instagram.com\\\/ubirataonline_oficial\",\"https:\\\/\\\/x.com\\\/x.com\\\/ubirataonline\"],\"honorificPrefix\":\"Mr.\",\"honorificSuffix\":\"MD\",\"birthDate\":\"1980-06-16\",\"gender\":\"masculino\",\"award\":[\"V\u00e1rios pr\u00eamios de melhor portal da cidade\"],\"jobTitle\":\"Diretor\",\"url\":\"https:\\\/\\\/ubirataonline.com.br\\\/en\\\/author\\\/ubirataonline\\\/\"},{\"@type\":\"PostalAddress\",\"@id\":\"https:\\\/\\\/ubirataonline.com.br\\\/luqueno-y-rubio-nu-animan-la-jornada-en-capiata\\\/#local-main-place-address\",\"streetAddress\":\"Rua dos Coqueiros, 104 - Bairro Boa Vista, Rua dos Coqueiros, 104 Bairro Boa Vista\",\"addressLocality\":\"UBIRATA\",\"postalCode\":\"85440-000\",\"addressRegion\":\"PR\",\"addressCountry\":\"BR\"},{\"@type\":\"ImageObject\",\"inLanguage\":\"en-US\",\"@id\":\"https:\\\/\\\/ubirataonline.com.br\\\/luqueno-y-rubio-nu-animan-la-jornada-en-capiata\\\/#local-main-organization-logo\",\"url\":\"https:\\\/\\\/ubirataonline.com.br\\\/wp-content\\\/uploads\\\/2026\\\/06\\\/logoubirataonline-1.webp\",\"contentUrl\":\"https:\\\/\\\/ubirataonline.com.br\\\/wp-content\\\/uploads\\\/2026\\\/06\\\/logoubirataonline-1.webp\",\"width\":500,\"height\":500,\"caption\":\"Ubirat\u00e3 Online Not\u00edcias\"}]}<\/script>\n<meta name=\"geo.placename\" content=\"UBIRATA\" \/>\n<meta name=\"geo.position\" content=\"-24.5361401;-52.9921776\" \/>\n<meta name=\"geo.region\" content=\"Brazil\" \/>\n<!-- \/ Yoast SEO Premium plugin. -->","yoast_head_json":{"title":"Luque\u00f1o y Rubio \u00d1u animan la jornada en Capiat\u00e1 - Ubirat\u00e3 Online Not\u00edcias - A realidade ao seu alcance!","description":"Sportivo Luque\u00f1o oficia de local ante Rubio \u00d1u, este lunes desde las 18:30 en el estadio Erico Galeano Segovia, por la octava fecha del torneo Apertura","robots":{"index":"index","follow":"follow","max-snippet":"max-snippet:-1","max-image-preview":"max-image-preview:large","max-video-preview":"max-video-preview:-1"},"canonical":"https:\/\/ubirataonline.com.br\/en\/luqueno-y-rubio-nu-animan-la-jornada-en-capiata\/","og_locale":"en_US","og_type":"article","og_title":"Luque\u00f1o y Rubio \u00d1u animan la jornada en Capiat\u00e1","og_description":"Sportivo Luque\u00f1o oficia de local ante Rubio \u00d1u, este lunes desde las 18:30 en el estadio Erico Galeano Segovia, por la octava fecha del torneo Apertura","og_url":"https:\/\/ubirataonline.com.br\/en\/luqueno-y-rubio-nu-animan-la-jornada-en-capiata\/","og_site_name":"Ubirat\u00e3 Online Not\u00edcias - A realidade ao seu alcance!","article_publisher":"https:\/\/www.facebook.com\/portalubirataonline","article_author":"https:\/\/www.facebook.com\/portalubirataonline","article_published_time":"2026-03-02T22:26:06+00:00","article_modified_time":"2026-03-02T22:26:12+00:00","og_image":[{"width":1200,"height":630,"url":"https:\/\/ubirataonline.com.br\/wp-content\/uploads\/2026\/03\/Luqueno-y-Rubio-Nu-animan-la-jornada-en-Capiata.jpeg","type":"image\/jpeg"}],"author":"REDA\u00c7\u00c3O: UBIRAT\u00c3 ONLINE - F\u00c1BIO AUGUSTO CELESTINO","twitter_card":"summary_large_image","twitter_creator":"@x.com\/ubirataonline","twitter_site":"@ubirataonline","twitter_misc":{"Written by":"REDA\u00c7\u00c3O: UBIRAT\u00c3 ONLINE - F\u00c1BIO AUGUSTO CELESTINO","Est. reading time":"1 minute"},"schema":{"@context":"https:\/\/schema.org","@graph":[{"@type":"NewsArticle","@id":"https:\/\/ubirataonline.com.br\/luqueno-y-rubio-nu-animan-la-jornada-en-capiata\/#article","isPartOf":{"@id":"https:\/\/ubirataonline.com.br\/luqueno-y-rubio-nu-animan-la-jornada-en-capiata\/"},"author":{"name":"REDA\u00c7\u00c3O: UBIRAT\u00c3 ONLINE - F\u00c1BIO AUGUSTO CELESTINO","@id":"https:\/\/ubirataonline.com.br\/#\/schema\/person\/372f87bbd3fdd79b8556b84c98d0bc1c"},"headline":"Luque\u00f1o y Rubio \u00d1u animan la jornada en Capiat\u00e1","datePublished":"2026-03-02T22:26:06+00:00","dateModified":"2026-03-02T22:26:12+00:00","mainEntityOfPage":{"@id":"https:\/\/ubirataonline.com.br\/luqueno-y-rubio-nu-animan-la-jornada-en-capiata\/"},"wordCount":208,"publisher":{"@id":"https:\/\/ubirataonline.com.br\/#organization"},"image":{"@id":"https:\/\/ubirataonline.com.br\/luqueno-y-rubio-nu-animan-la-jornada-en-capiata\/#primaryimage"},"thumbnailUrl":"https:\/\/ubirataonline.com.br\/wp-content\/uploads\/2026\/03\/Luqueno-y-Rubio-Nu-animan-la-jornada-en-Capiata.jpeg","keywords":["animan","Capiat\u00e1","jornada","Luque\u00f1o","\u00d1u","Rubio"],"articleSection":["Brasil"],"inLanguage":"en-US","copyrightYear":"2026","copyrightHolder":{"@id":"https:\/\/ubirataonline.com.br\/en\/#organization"}},{"@type":"WebPage","@id":"https:\/\/ubirataonline.com.br\/luqueno-y-rubio-nu-animan-la-jornada-en-capiata\/","url":"https:\/\/ubirataonline.com.br\/luqueno-y-rubio-nu-animan-la-jornada-en-capiata\/","name":"Luque\u00f1o y Rubio \u00d1u animan la jornada en Capiat\u00e1 - Ubirat\u00e3 Online Not\u00edcias - A realidade ao seu alcance!","isPartOf":{"@id":"https:\/\/ubirataonline.com.br\/#website"},"primaryImageOfPage":{"@id":"https:\/\/ubirataonline.com.br\/luqueno-y-rubio-nu-animan-la-jornada-en-capiata\/#primaryimage"},"image":{"@id":"https:\/\/ubirataonline.com.br\/luqueno-y-rubio-nu-animan-la-jornada-en-capiata\/#primaryimage"},"thumbnailUrl":"https:\/\/ubirataonline.com.br\/wp-content\/uploads\/2026\/03\/Luqueno-y-Rubio-Nu-animan-la-jornada-en-Capiata.jpeg","datePublished":"2026-03-02T22:26:06+00:00","dateModified":"2026-03-02T22:26:12+00:00","description":"Sportivo Luque\u00f1o oficia de local ante Rubio \u00d1u, este lunes desde las 18:30 en el estadio Erico Galeano Segovia, por la octava fecha del torneo Apertura","breadcrumb":{"@id":"https:\/\/ubirataonline.com.br\/luqueno-y-rubio-nu-animan-la-jornada-en-capiata\/#breadcrumb"},"inLanguage":"en-US","potentialAction":[{"@type":"ReadAction","target":["https:\/\/ubirataonline.com.br\/luqueno-y-rubio-nu-animan-la-jornada-en-capiata\/"]}]},{"@type":"ImageObject","inLanguage":"en-US","@id":"https:\/\/ubirataonline.com.br\/luqueno-y-rubio-nu-animan-la-jornada-en-capiata\/#primaryimage","url":"https:\/\/ubirataonline.com.br\/wp-content\/uploads\/2026\/03\/Luqueno-y-Rubio-Nu-animan-la-jornada-en-Capiata.jpeg","contentUrl":"https:\/\/ubirataonline.com.br\/wp-content\/uploads\/2026\/03\/Luqueno-y-Rubio-Nu-animan-la-jornada-en-Capiata.jpeg","width":1200,"height":630,"caption":"Luque\u00f1o y Rubio \u00d1u animan la jornada en Capiat\u00e1"},{"@type":"BreadcrumbList","@id":"https:\/\/ubirataonline.com.br\/luqueno-y-rubio-nu-animan-la-jornada-en-capiata\/#breadcrumb","itemListElement":[{"@type":"ListItem","position":1,"name":"In\u00edcio","item":"https:\/\/ubirataonline.com.br\/"},{"@type":"ListItem","position":2,"name":"Luque\u00f1o y Rubio \u00d1u animan la jornada en Capiat\u00e1"}]},{"@type":"WebSite","@id":"https:\/\/ubirataonline.com.br\/#website","url":"https:\/\/ubirataonline.com.br\/","name":"Ubirat\u00e3 Online Not\u00edcias","description":"Not\u00edcias de Ubirat\u00e3, regi\u00e3o, Brasil e mundo, com informa\u00e7\u00e3o atualizada e compromisso com o leitor.","publisher":{"@id":"https:\/\/ubirataonline.com.br\/#organization"},"alternateName":"Ubirat\u00e3 Online","potentialAction":[{"@type":"SearchAction","target":{"@type":"EntryPoint","urlTemplate":"https:\/\/ubirataonline.com.br\/?s={search_term_string}"},"query-input":{"@type":"PropertyValueSpecification","valueRequired":true,"valueName":"search_term_string"}}],"inLanguage":"en-US"},{"@type":["Organization","Place"],"@id":"https:\/\/ubirataonline.com.br\/#organization","name":"Ubirat\u00e3 Online Not\u00edcias","alternateName":"Ubirat\u00e3 Online","url":"https:\/\/ubirataonline.com.br\/","logo":{"@id":"https:\/\/ubirataonline.com.br\/luqueno-y-rubio-nu-animan-la-jornada-en-capiata\/#local-main-organization-logo"},"image":{"@id":"https:\/\/ubirataonline.com.br\/luqueno-y-rubio-nu-animan-la-jornada-en-capiata\/#local-main-organization-logo"},"sameAs":["https:\/\/www.facebook.com\/portalubirataonline","https:\/\/x.com\/ubirataonline","https:\/\/mastodon.social\/@ubirataonline","https:\/\/www.facebook.com\/groups\/311144672285604","https:\/\/www.facebook.com\/UBTAOnline","https:\/\/www.instagram.com\/portalubirataonline\/","https:\/\/twitter.com\/ubirataonline"],"description":"Somos um portal de not\u00edcias independente, criado em 5 de janeiro de 2009, com o objetivo de informar, conectar e valorizar a nossa comunidade de Ubirat\u00e3 e toda aregi\u00e3o. Com conte\u00fado atualizado, confi\u00e1vel e relevante, o Ubirat\u00e3 Online \u00e9 o seu espa\u00e7o para ficar por dentro dos principais acontecimentos locais, regionais, Brasil, Mundo e de interesse geral. Nosso compromisso \u00e9 com a verdade, a transpar\u00eancia e o respeito ao leitor.","legalName":"UBIRATA ONLINE NOT\u00cdCIAS","foundingDate":"2009-01-05","numberOfEmployees":{"@type":"QuantitativeValue","minValue":"1","maxValue":"10"},"publishingPrinciples":"https:\/\/ubirataonline.com.br\/faq\/","address":{"@id":"https:\/\/ubirataonline.com.br\/luqueno-y-rubio-nu-animan-la-jornada-en-capiata\/#local-main-place-address"},"geo":{"@type":"GeoCoordinates","latitude":"-24.5361401","longitude":"-52.9921776"},"telephone":["+5544998308235"],"contactPoint":{"@type":"ContactPoint","email":"contato@ubirataonline.com.br"},"openingHoursSpecification":{"@type":"OpeningHoursSpecification","dayOfWeek":["Monday","Tuesday","Wednesday","Thursday","Friday","Saturday","Sunday"],"opens":"00:00","closes":"23:59"},"email":"contato@ubirataonline.com.br","vatID":"47.621.418\/0001-80"},{"@type":"Person","@id":"https:\/\/ubirataonline.com.br\/#\/schema\/person\/372f87bbd3fdd79b8556b84c98d0bc1c","name":"REDA\u00c7\u00c3O: UBIRAT\u00c3 ONLINE - F\u00c1BIO AUGUSTO CELESTINO","pronouns":"Ele","description":"Desde 2003 trabalhando com not\u00edcias.","sameAs":["http:\/\/ubirataoline.com.br","https:\/\/www.facebook.com\/portalubirataonline","https:\/\/www.instagram.com\/ubirataonline_oficial","https:\/\/x.com\/x.com\/ubirataonline"],"honorificPrefix":"Mr.","honorificSuffix":"MD","birthDate":"1980-06-16","gender":"masculino","award":["V\u00e1rios pr\u00eamios de melhor portal da cidade"],"jobTitle":"Diretor","url":"https:\/\/ubirataonline.com.br\/en\/author\/ubirataonline\/"},{"@type":"PostalAddress","@id":"https:\/\/ubirataonline.com.br\/luqueno-y-rubio-nu-animan-la-jornada-en-capiata\/#local-main-place-address","streetAddress":"Rua dos Coqueiros, 104 - Bairro Boa Vista, Rua dos Coqueiros, 104 Bairro Boa Vista","addressLocality":"UBIRATA","postalCode":"85440-000","addressRegion":"PR","addressCountry":"BR"},{"@type":"ImageObject","inLanguage":"en-US","@id":"https:\/\/ubirataonline.com.br\/luqueno-y-rubio-nu-animan-la-jornada-en-capiata\/#local-main-organization-logo","url":"https:\/\/ubirataonline.com.br\/wp-content\/uploads\/2026\/06\/logoubirataonline-1.webp","contentUrl":"https:\/\/ubirataonline.com.br\/wp-content\/uploads\/2026\/06\/logoubirataonline-1.webp","width":500,"height":500,"caption":"Ubirat\u00e3 Online Not\u00edcias"}]},"geo.placename":"UBIRATA","geo.position":{"lat":"-24.5361401","long":"-52.9921776"},"geo.region":"Brazil"},"_links":{"self":[{"href":"https:\/\/ubirataonline.com.br\/en\/wp-json\/wp\/v2\/posts\/91605","targetHints":{"allow":["GET"]}}],"collection":[{"href":"https:\/\/ubirataonline.com.br\/en\/wp-json\/wp\/v2\/posts"}],"about":[{"href":"https:\/\/ubirataonline.com.br\/en\/wp-json\/wp\/v2\/types\/post"}],"author":[{"embeddable":true,"href":"https:\/\/ubirataonline.com.br\/en\/wp-json\/wp\/v2\/users\/1"}],"replies":[{"embeddable":true,"href":"https:\/\/ubirataonline.com.br\/en\/wp-json\/wp\/v2\/comments?post=91605"}],"version-history":[{"count":0,"href":"https:\/\/ubirataonline.com.br\/en\/wp-json\/wp\/v2\/posts\/91605\/revisions"}],"wp:featuredmedia":[{"embeddable":true,"href":"https:\/\/ubirataonline.com.br\/en\/wp-json\/wp\/v2\/media\/91606"}],"wp:attachment":[{"href":"https:\/\/ubirataonline.com.br\/en\/wp-json\/wp\/v2\/media?parent=91605"}],"wp:term":[{"taxonomy":"category","embeddable":true,"href":"https:\/\/ubirataonline.com.br\/en\/wp-json\/wp\/v2\/categories?post=91605"},{"taxonomy":"post_tag","embeddable":true,"href":"https:\/\/ubirataonline.com.br\/en\/wp-json\/wp\/v2\/tags?post=91605"}],"curies":[{"name":"wp","href":"https:\/\/api.w.org\/{rel}","templated":true}]}}