{"id":91624,"date":"2026-03-02T20:46:31","date_gmt":"2026-03-02T23:46:31","guid":{"rendered":"https:\/\/ubirataonline.com.br\/?p=91624"},"modified":"2026-03-02T20:46:32","modified_gmt":"2026-03-02T23:46:32","slug":"como-escolher-o-tamanho-ideal-da-panela-de-pressao","status":"publish","type":"post","link":"https:\/\/ubirataonline.com.br\/en\/como-escolher-o-tamanho-ideal-da-panela-de-pressao\/","title":{"rendered":"Como escolher o tamanho ideal da panela de press\u00e3o"},"content":{"rendered":"<p class=\"wp-block-paragraph\">Escolher o tamanho ideal da <a href=\"https:\/\/www.formosa.com.br\/geral\/utilidade-domestica\/forno-e-fogao\/panela-de-pressao\">panela de press\u00e3o<\/a> \u00e9 uma decis\u00e3o que influencia diretamente a rotina na cozinha, o aproveitamento dos alimentos e at\u00e9 a seguran\u00e7a no preparo das refei\u00e7\u00f5es. Embora pare\u00e7a um detalhe simples, o volume da panela interfere no tempo de cozimento, na economia de g\u00e1s ou energia e na praticidade do dia a dia.<\/p>\n\n\n\n<p class=\"wp-block-paragraph\">Se voc\u00ea est\u00e1 em d\u00favida entre modelos de 3, 4,5, 6 ou at\u00e9 7 litros, este guia foi preparado para esclarecer de forma objetiva como escolher o tamanho ideal para sua casa. Ao longo do texto, voc\u00ea vai entender como calcular a capacidade ideal conforme o n\u00famero de pessoas, quais receitas exigem maior volume e quais crit\u00e9rios t\u00e9cnicos devem ser avaliados antes da compra.<\/p>\n\n\n\n<h2 class=\"wp-block-heading\" id=\"h-por-que-o-tamanho-da-panela-faz-diferenca-no-dia-a-dia\"><strong>Por que o tamanho da panela faz diferen\u00e7a no dia a dia<\/strong><\/h2>\n\n\n\n<p class=\"wp-block-paragraph\">Muitas pessoas escolhem o utens\u00edlio apenas pelo pre\u00e7o ou pela marca, mas o tamanho adequado \u00e9 determinante para uma experi\u00eancia segura e eficiente.<\/p>\n\n\n\n<p class=\"wp-block-paragraph\">Uma panela pequena demais pode dificultar o preparo de feij\u00e3o, carnes com caldo ou sopas mais volumosas. J\u00e1 uma panela grande em excesso pode desperdi\u00e7ar espa\u00e7o no fog\u00e3o, exigir maior consumo de energia e se tornar desnecess\u00e1ria para fam\u00edlias menores.<\/p>\n\n\n\n<p class=\"wp-block-paragraph\">Al\u00e9m disso, \u00e9 importante lembrar que esse tipo de utens\u00edlio n\u00e3o deve ser preenchido at\u00e9 a borda. Em geral, recomenda-se utilizar no m\u00e1ximo dois ter\u00e7os da capacidade total, ou metade, no caso de alimentos que expandem, como gr\u00e3os e legumes.<\/p>\n\n\n\n<h2 class=\"wp-block-heading\" id=\"h-como-escolher-o-tamanho-ideal-da-panela-de-pressao-para-sua-familia\"><strong>Como escolher o tamanho ideal da panela de press\u00e3o para sua fam\u00edlia<\/strong><\/h2>\n\n\n\n<p class=\"wp-block-paragraph\">O primeiro crit\u00e9rio a considerar \u00e9 o n\u00famero de pessoas na casa. Essa \u00e9 a forma mais pr\u00e1tica de definir a capacidade ideal.<\/p>\n\n\n\n<h3 class=\"wp-block-heading\" id=\"h-panela-de-pressao-para-1-ou-2-pessoas-qual-o-tamanho-indicado\"><strong>Panela de press\u00e3o para 1 ou 2 pessoas: qual o tamanho indicado<\/strong><\/h3>\n\n\n\n<p class=\"wp-block-paragraph\">Para quem mora sozinho ou em casal, os modelos de 3 litros ou 4,5 litros costumam ser suficientes. Eles permitem preparar feij\u00e3o para alguns dias, pequenas por\u00e7\u00f5es de carne ou caldos sem ocupar muito espa\u00e7o.<\/p>\n\n\n\n<p class=\"wp-block-paragraph\">Esse tamanho tamb\u00e9m \u00e9 ideal para cozinhas compactas, apartamentos pequenos e quem n\u00e3o costuma fazer grandes quantidades de comida.<\/p>\n\n\n\n<h3 class=\"wp-block-heading\" id=\"h-panela-de-pressao-para-familia-de-3-a-4-pessoas\"><strong>Panela de press\u00e3o para fam\u00edlia de 3 a 4 pessoas<\/strong><\/h3>\n\n\n\n<p class=\"wp-block-paragraph\">Nesse caso, o modelo de 4,5 litros ou 6 litros costuma ser o mais vers\u00e1til. Ele comporta o preparo de feij\u00e3o semanal, sopas, carnes de panela e at\u00e9 receitas como dobradinha ou costela com mandioca.<\/p>\n\n\n\n<p class=\"wp-block-paragraph\">A capacidade intermedi\u00e1ria \u00e9 considerada uma das mais vendidas justamente por atender bem \u00e0 maioria das fam\u00edlias brasileiras.<\/p>\n\n\n\n<h3 class=\"wp-block-heading\" id=\"h-panela-de-pressao-para-familias-grandes-ou-preparo-em-maior-escala\"><strong>Panela de press\u00e3o para fam\u00edlias grandes ou preparo em maior escala<\/strong><\/h3>\n\n\n\n<p class=\"wp-block-paragraph\">Se a casa tem cinco pessoas ou mais, ou se voc\u00ea costuma cozinhar para visitas, congelar marmitas ou preparar alimentos em maior quantidade, modelos de 7 litros ou 8 litros oferecem mais conforto.<\/p>\n\n\n\n<p class=\"wp-block-paragraph\">Esses tamanhos tamb\u00e9m s\u00e3o indicados para receitas volumosas, como caldos para eventos, canjicas em grande quantidade ou cortes de carne maiores.<\/p>\n\n\n\n<h2 class=\"wp-block-heading\" id=\"h-entendendo-a-capacidade-em-litros-na-pratica\"><strong>Entendendo a capacidade em litros na pr\u00e1tica<\/strong><\/h2>\n\n\n\n<p class=\"wp-block-paragraph\">Ao analisar a capacidade em litros, \u00e9 importante considerar que esse n\u00famero representa o volume total do utens\u00edlio, n\u00e3o o volume \u00fatil.<\/p>\n\n\n\n<p class=\"wp-block-paragraph\">Por exemplo, uma panela de 6 litros geralmente comporta cerca de 4 litros de preparo efetivo, respeitando o limite de seguran\u00e7a. Por isso, ao escolher o tamanho ideal, pense sempre na quantidade de alimento j\u00e1 considerando essa margem.<\/p>\n\n\n\n<p class=\"wp-block-paragraph\">Uma dica pr\u00e1tica \u00e9 pensar no feij\u00e3o, um dos alimentos mais preparados nesse utens\u00edlio. Se voc\u00ea costuma cozinhar 1 quilo de feij\u00e3o por vez, o modelo de 6 litros costuma ser mais confort\u00e1vel. J\u00e1 para meio quilo, uma panela menor atende perfeitamente.<\/p>\n\n\n\n<h2 class=\"wp-block-heading\" id=\"h-tamanho-ideal-da-panela-de-pressao-para-tipos-especificos-de-receita\"><strong>Tamanho ideal da panela de press\u00e3o para tipos espec\u00edficos de receita<\/strong><\/h2>\n\n\n\n<p class=\"wp-block-paragraph\">Al\u00e9m do n\u00famero de pessoas, o tipo de preparo tamb\u00e9m influencia na escolha.<\/p>\n\n\n\n<h3 class=\"wp-block-heading\" id=\"h-para-cozinhar-feijao-e-graos\"><strong>Para cozinhar feij\u00e3o e gr\u00e3os<\/strong><\/h3>\n\n\n\n<p class=\"wp-block-paragraph\">Gr\u00e3os aumentam de volume durante o cozimento. Por isso, \u00e9 essencial deixar espa\u00e7o interno suficiente. Modelos m\u00e9dios costumam ser os mais indicados para quem prepara feij\u00e3o regularmente.<\/p>\n\n\n\n<h3 class=\"wp-block-heading\" id=\"h-para-carnes-com-caldo-e-ensopados\"><strong>Para carnes com caldo e ensopados<\/strong><\/h3>\n\n\n\n<p class=\"wp-block-paragraph\">Carnes como m\u00fasculo, costela ou frango com molho exigem espa\u00e7o para l\u00edquido e circula\u00e7\u00e3o de vapor. Se voc\u00ea costuma preparar esses pratos com frequ\u00eancia, optar por uma capacidade maior pode evitar transbordamentos e facilitar o manuseio.<\/p>\n\n\n\n<h3 class=\"wp-block-heading\" id=\"h-para-sopas-caldos-e-marmitas-da-semana\"><strong>Para sopas, caldos e marmitas da semana<\/strong><\/h3>\n\n\n\n<p class=\"wp-block-paragraph\">Quem prepara grandes quantidades para congelar deve considerar um modelo acima da m\u00e9dia. Isso evita precisar dividir a receita em duas etapas.<\/p>\n\n\n\n<h2 class=\"wp-block-heading\" id=\"h-outros-fatores-importantes-alem-do-tamanho\"><strong>Outros fatores importantes al\u00e9m do tamanho<\/strong><\/h2>\n\n\n\n<p class=\"wp-block-paragraph\">Embora o foco seja a escolha do volume, existem outros crit\u00e9rios t\u00e9cnicos que devem ser observados antes da compra.<\/p>\n\n\n\n<h3 class=\"wp-block-heading\" id=\"h-material-da-panela\"><strong>Material da panela<\/strong><\/h3>\n\n\n\n<p class=\"wp-block-paragraph\">Os modelos mais comuns s\u00e3o de alum\u00ednio e inox.<\/p>\n\n\n\n<p class=\"wp-block-paragraph\">O alum\u00ednio aquece mais r\u00e1pido e costuma ser mais leve. J\u00e1 o inox \u00e9 mais dur\u00e1vel, resistente \u00e0 corros\u00e3o e mant\u00e9m melhor o calor, embora tenha custo mais elevado.<\/p>\n\n\n\n<h3 class=\"wp-block-heading\" id=\"h-espessura-do-fundo\"><strong>Espessura do fundo<\/strong><\/h3>\n\n\n\n<p class=\"wp-block-paragraph\">Um fundo mais espesso distribui melhor o calor e reduz o risco de queimar alimentos. Isso \u00e9 especialmente importante em modelos maiores.<\/p>\n\n\n\n<h3 class=\"wp-block-heading\" id=\"h-sistema-de-seguranca\"><strong>Sistema de seguran\u00e7a<\/strong><\/h3>\n\n\n\n<p class=\"wp-block-paragraph\">V\u00e1lvula de seguran\u00e7a, trava na tampa e pino indicador de press\u00e3o s\u00e3o itens indispens\u00e1veis. Independentemente do tamanho escolhido, priorize modelos certificados pelo Inmetro.<\/p>\n\n\n\n<h2 class=\"wp-block-heading\" id=\"h-panela-de-pressao-eletrica-ou-tradicional-o-tamanho-muda\"><strong>Panela de press\u00e3o el\u00e9trica ou tradicional: o tamanho muda?<\/strong><\/h2>\n\n\n\n<p class=\"wp-block-paragraph\">Nos modelos el\u00e9tricos, a l\u00f3gica de escolha por capacidade \u00e9 semelhante. A diferen\u00e7a est\u00e1 na praticidade e no controle autom\u00e1tico de tempo e press\u00e3o.<\/p>\n\n\n\n<p class=\"wp-block-paragraph\">A vers\u00e3o el\u00e9trica costuma ser encontrada em capacidades como 3, 5 ou 6 litros. Para fam\u00edlias m\u00e9dias, o modelo de 5 litros costuma atender bem.<\/p>\n\n\n\n<p class=\"wp-block-paragraph\">J\u00e1 para quem busca praticidade no preparo de arroz, feij\u00e3o, carnes e at\u00e9 sobremesas, a el\u00e9trica pode ser uma alternativa interessante.<\/p>\n\n\n\n<h2 class=\"wp-block-heading\" id=\"h-como-evitar-erros-comuns-ao-escolher-o-tamanho\"><strong>Como evitar erros comuns ao escolher o tamanho<\/strong><\/h2>\n\n\n\n<p class=\"wp-block-paragraph\">Alguns equ\u00edvocos s\u00e3o frequentes na hora da compra.<\/p>\n\n\n\n<p class=\"wp-block-paragraph\">Comprar um modelo muito pequeno pensando apenas na economia pode gerar frustra\u00e7\u00e3o. Por outro lado, adquirir um modelo muito grande pode torn\u00e1-lo pesado e pouco pr\u00e1tico para o uso di\u00e1rio.<\/p>\n\n\n\n<p class=\"wp-block-paragraph\">O ideal \u00e9 buscar equil\u00edbrio entre necessidade real e conforto no manuseio.<\/p>\n\n\n\n<p class=\"wp-block-paragraph\">Outra dica importante \u00e9 avaliar o espa\u00e7o dispon\u00edvel no arm\u00e1rio e no fog\u00e3o. Modelos maiores ocupam mais \u00e1rea e podem dificultar o uso simult\u00e2neo de outras panelas.<\/p>\n\n\n\n<h2 class=\"wp-block-heading\" id=\"h-qual-o-tamanho-mais-versatil-para-a-maioria-das-casas\"><strong>Qual o tamanho mais vers\u00e1til para a maioria das casas<\/strong><\/h2>\n\n\n\n<p class=\"wp-block-paragraph\">Se a d\u00favida persistir e voc\u00ea busca um tamanho coringa, a capacidade de 4,5 litros ou 6 litros costuma ser a mais vers\u00e1til.<\/p>\n\n\n\n<p class=\"wp-block-paragraph\">Ela atende tanto pequenas quanto m\u00e9dias fam\u00edlias e permite preparar desde por\u00e7\u00f5es simples at\u00e9 receitas mais elaboradas.<\/p>\n\n\n\n<p class=\"wp-block-paragraph\">Esse intervalo \u00e9 considerado ideal para quem quer praticidade sem abrir m\u00e3o de flexibilidade.<\/p>\n\n\n\n<h2 class=\"wp-block-heading\" id=\"h-vale-a-pena-ter-mais-de-um-tamanho\"><strong>Vale a pena ter mais de um tamanho?<\/strong><\/h2>\n\n\n\n<p class=\"wp-block-paragraph\">Para quem cozinha com frequ\u00eancia ou gosta de preparar diferentes tipos de receita, pode ser interessante ter dois tamanhos.<\/p>\n\n\n\n<p class=\"wp-block-paragraph\">Um modelo menor para preparos r\u00e1pidos do dia a dia e outro maior para refei\u00e7\u00f5es em maior volume oferecem mais liberdade na cozinha.<\/p>\n\n\n\n<p class=\"wp-block-paragraph\">Essa estrat\u00e9gia tamb\u00e9m ajuda a economizar tempo, principalmente quando \u00e9 necess\u00e1rio preparar dois pratos simultaneamente.<\/p>\n\n\n\n<p class=\"wp-block-paragraph\">Escolher o tamanho ideal da panela de press\u00e3o envolve analisar o n\u00famero de pessoas na casa, o tipo de receita mais comum e a frequ\u00eancia de uso. Modelos menores s\u00e3o indicados para casais ou quem cozinha pouco. Capacidades intermedi\u00e1rias atendem bem fam\u00edlias m\u00e9dias. J\u00e1 tamanhos maiores s\u00e3o ideais para grandes quantidades e congelamento de refei\u00e7\u00f5es.<\/p>\n\n\n\n<p class=\"wp-block-paragraph\">Al\u00e9m da capacidade em litros, \u00e9 fundamental considerar material, espessura do fundo e sistema de seguran\u00e7a. Ao equilibrar esses fatores, voc\u00ea garante um utens\u00edlio pr\u00e1tico, seguro e alinhado \u00e0 sua rotina.<\/p>\n\n\n\n<p class=\"wp-block-paragraph\">Ao entender como escolher o tamanho ideal, a compra deixa de ser uma d\u00favida e passa a ser uma decis\u00e3o consciente que facilita o preparo das refei\u00e7\u00f5es e traz mais efici\u00eancia para o dia a dia na cozinha.<\/p>","protected":false},"excerpt":{"rendered":"<p>Escolher o tamanho ideal da panela de press\u00e3o \u00e9 uma decis\u00e3o que influencia diretamente a rotina na cozinha, o aproveitamento dos alimentos e at\u00e9 a seguran\u00e7a no preparo das refei\u00e7\u00f5es. Embora pare\u00e7a um detalhe simples, o volume da panela interfere no tempo de cozimento, na economia de g\u00e1s ou energia e na praticidade do dia [&hellip;]<\/p>\n","protected":false},"author":1,"featured_media":91629,"comment_status":"closed","ping_status":"closed","sticky":false,"template":"","format":"standard","meta":{"googlesitekit_rrm_CAow2JLhCw:productID":"","_gspb_post_css":"","maa_idioma":"","maa_pais":"","footnotes":""},"categories":[4],"tags":[],"class_list":["post-91624","post","type-post","status-publish","format-standard","has-post-thumbnail","hentry","category-brasil"],"blocksy_meta":[],"yoast_head":"<!-- This site is optimized with the Yoast SEO Premium plugin v27.6 (Yoast SEO v27.6) - https:\/\/yoast.com\/product\/yoast-seo-premium-wordpress\/ -->\n<title>Como escolher o tamanho ideal da panela de press\u00e3o - Ubirat\u00e3 Online Not\u00edcias - A realidade ao seu alcance!<\/title>\n<meta name=\"description\" content=\"Escolher o tamanho ideal da panela de press\u00e3o \u00e9 uma decis\u00e3o que influencia diretamente a rotina na cozinha, o aproveitamento dos alimentos e at\u00e9 a\" \/>\n<meta name=\"robots\" content=\"index, follow, max-snippet:-1, max-image-preview:large, max-video-preview:-1\" \/>\n<link rel=\"canonical\" href=\"https:\/\/ubirataonline.com.br\/en\/como-escolher-o-tamanho-ideal-da-panela-de-pressao\/\" \/>\n<meta property=\"og:locale\" content=\"en_US\" \/>\n<meta property=\"og:type\" content=\"article\" \/>\n<meta property=\"og:title\" content=\"Como escolher o tamanho ideal da panela de press\u00e3o\" \/>\n<meta property=\"og:description\" content=\"Escolher o tamanho ideal da panela de press\u00e3o \u00e9 uma decis\u00e3o que influencia diretamente a rotina na cozinha, o aproveitamento dos alimentos e at\u00e9 a\" \/>\n<meta property=\"og:url\" content=\"https:\/\/ubirataonline.com.br\/en\/como-escolher-o-tamanho-ideal-da-panela-de-pressao\/\" \/>\n<meta property=\"og:site_name\" content=\"Ubirat\u00e3 Online Not\u00edcias - A realidade ao seu alcance!\" \/>\n<meta property=\"article:publisher\" content=\"https:\/\/www.facebook.com\/portalubirataonline\" \/>\n<meta property=\"article:author\" content=\"https:\/\/www.facebook.com\/portalubirataonline\" \/>\n<meta property=\"article:published_time\" content=\"2026-03-02T23:46:31+00:00\" \/>\n<meta property=\"article:modified_time\" content=\"2026-03-02T23:46:32+00:00\" \/>\n<meta property=\"og:image\" content=\"https:\/\/ubirataonline.com.br\/wp-content\/uploads\/2026\/03\/panela.jpeg\" \/>\n\t<meta property=\"og:image:width\" content=\"1600\" \/>\n\t<meta property=\"og:image:height\" content=\"1600\" \/>\n\t<meta property=\"og:image:type\" content=\"image\/jpeg\" \/>\n<meta name=\"author\" content=\"REDA\u00c7\u00c3O: UBIRAT\u00c3 ONLINE - F\u00c1BIO AUGUSTO CELESTINO\" \/>\n<meta name=\"twitter:card\" content=\"summary_large_image\" \/>\n<meta name=\"twitter:creator\" content=\"@x.com\/ubirataonline\" \/>\n<meta name=\"twitter:site\" content=\"@ubirataonline\" \/>\n<meta name=\"twitter:label1\" content=\"Written by\" \/>\n\t<meta name=\"twitter:data1\" content=\"REDA\u00c7\u00c3O: UBIRAT\u00c3 ONLINE - F\u00c1BIO AUGUSTO CELESTINO\" \/>\n\t<meta name=\"twitter:label2\" content=\"Est. reading time\" \/>\n\t<meta name=\"twitter:data2\" content=\"6 minutes\" \/>\n<script type=\"application\/ld+json\" class=\"yoast-schema-graph\">{\"@context\":\"https:\\\/\\\/schema.org\",\"@graph\":[{\"@type\":\"NewsArticle\",\"@id\":\"https:\\\/\\\/ubirataonline.com.br\\\/como-escolher-o-tamanho-ideal-da-panela-de-pressao\\\/#article\",\"isPartOf\":{\"@id\":\"https:\\\/\\\/ubirataonline.com.br\\\/como-escolher-o-tamanho-ideal-da-panela-de-pressao\\\/\"},\"author\":{\"name\":\"REDA\u00c7\u00c3O: UBIRAT\u00c3 ONLINE - F\u00c1BIO AUGUSTO CELESTINO\",\"@id\":\"https:\\\/\\\/ubirataonline.com.br\\\/#\\\/schema\\\/person\\\/372f87bbd3fdd79b8556b84c98d0bc1c\"},\"headline\":\"Como escolher o tamanho ideal da panela de press\u00e3o\",\"datePublished\":\"2026-03-02T23:46:31+00:00\",\"dateModified\":\"2026-03-02T23:46:32+00:00\",\"mainEntityOfPage\":{\"@id\":\"https:\\\/\\\/ubirataonline.com.br\\\/como-escolher-o-tamanho-ideal-da-panela-de-pressao\\\/\"},\"wordCount\":1345,\"publisher\":{\"@id\":\"https:\\\/\\\/ubirataonline.com.br\\\/#organization\"},\"image\":{\"@id\":\"https:\\\/\\\/ubirataonline.com.br\\\/como-escolher-o-tamanho-ideal-da-panela-de-pressao\\\/#primaryimage\"},\"thumbnailUrl\":\"https:\\\/\\\/ubirataonline.com.br\\\/wp-content\\\/uploads\\\/2026\\\/03\\\/panela.jpeg\",\"articleSection\":[\"Brasil\"],\"inLanguage\":\"en-US\",\"copyrightYear\":\"2026\",\"copyrightHolder\":{\"@id\":\"https:\\\/\\\/ubirataonline.com.br\\\/en\\\/#organization\"}},{\"@type\":\"WebPage\",\"@id\":\"https:\\\/\\\/ubirataonline.com.br\\\/como-escolher-o-tamanho-ideal-da-panela-de-pressao\\\/\",\"url\":\"https:\\\/\\\/ubirataonline.com.br\\\/como-escolher-o-tamanho-ideal-da-panela-de-pressao\\\/\",\"name\":\"Como escolher o tamanho ideal da panela de press\u00e3o - Ubirat\u00e3 Online Not\u00edcias - A realidade ao seu alcance!\",\"isPartOf\":{\"@id\":\"https:\\\/\\\/ubirataonline.com.br\\\/#website\"},\"primaryImageOfPage\":{\"@id\":\"https:\\\/\\\/ubirataonline.com.br\\\/como-escolher-o-tamanho-ideal-da-panela-de-pressao\\\/#primaryimage\"},\"image\":{\"@id\":\"https:\\\/\\\/ubirataonline.com.br\\\/como-escolher-o-tamanho-ideal-da-panela-de-pressao\\\/#primaryimage\"},\"thumbnailUrl\":\"https:\\\/\\\/ubirataonline.com.br\\\/wp-content\\\/uploads\\\/2026\\\/03\\\/panela.jpeg\",\"datePublished\":\"2026-03-02T23:46:31+00:00\",\"dateModified\":\"2026-03-02T23:46:32+00:00\",\"description\":\"Escolher o tamanho ideal da panela de press\u00e3o \u00e9 uma decis\u00e3o que influencia diretamente a rotina na cozinha, o aproveitamento dos alimentos e at\u00e9 a\",\"breadcrumb\":{\"@id\":\"https:\\\/\\\/ubirataonline.com.br\\\/como-escolher-o-tamanho-ideal-da-panela-de-pressao\\\/#breadcrumb\"},\"inLanguage\":\"en-US\",\"potentialAction\":[{\"@type\":\"ReadAction\",\"target\":[\"https:\\\/\\\/ubirataonline.com.br\\\/como-escolher-o-tamanho-ideal-da-panela-de-pressao\\\/\"]}]},{\"@type\":\"ImageObject\",\"inLanguage\":\"en-US\",\"@id\":\"https:\\\/\\\/ubirataonline.com.br\\\/como-escolher-o-tamanho-ideal-da-panela-de-pressao\\\/#primaryimage\",\"url\":\"https:\\\/\\\/ubirataonline.com.br\\\/wp-content\\\/uploads\\\/2026\\\/03\\\/panela.jpeg\",\"contentUrl\":\"https:\\\/\\\/ubirataonline.com.br\\\/wp-content\\\/uploads\\\/2026\\\/03\\\/panela.jpeg\",\"width\":1600,\"height\":1600,\"caption\":\"freepix.com\"},{\"@type\":\"BreadcrumbList\",\"@id\":\"https:\\\/\\\/ubirataonline.com.br\\\/como-escolher-o-tamanho-ideal-da-panela-de-pressao\\\/#breadcrumb\",\"itemListElement\":[{\"@type\":\"ListItem\",\"position\":1,\"name\":\"In\u00edcio\",\"item\":\"https:\\\/\\\/ubirataonline.com.br\\\/\"},{\"@type\":\"ListItem\",\"position\":2,\"name\":\"Como escolher o tamanho ideal da panela de press\u00e3o\"}]},{\"@type\":\"WebSite\",\"@id\":\"https:\\\/\\\/ubirataonline.com.br\\\/#website\",\"url\":\"https:\\\/\\\/ubirataonline.com.br\\\/\",\"name\":\"Ubirat\u00e3 Online Not\u00edcias\",\"description\":\"Not\u00edcias de Ubirat\u00e3, regi\u00e3o, Brasil e mundo, com informa\u00e7\u00e3o atualizada e compromisso com o leitor.\",\"publisher\":{\"@id\":\"https:\\\/\\\/ubirataonline.com.br\\\/#organization\"},\"alternateName\":\"Ubirat\u00e3 Online\",\"potentialAction\":[{\"@type\":\"SearchAction\",\"target\":{\"@type\":\"EntryPoint\",\"urlTemplate\":\"https:\\\/\\\/ubirataonline.com.br\\\/?s={search_term_string}\"},\"query-input\":{\"@type\":\"PropertyValueSpecification\",\"valueRequired\":true,\"valueName\":\"search_term_string\"}}],\"inLanguage\":\"en-US\"},{\"@type\":[\"Organization\",\"Place\"],\"@id\":\"https:\\\/\\\/ubirataonline.com.br\\\/#organization\",\"name\":\"Ubirat\u00e3 Online Not\u00edcias\",\"alternateName\":\"Ubirat\u00e3 Online\",\"url\":\"https:\\\/\\\/ubirataonline.com.br\\\/\",\"logo\":{\"@id\":\"https:\\\/\\\/ubirataonline.com.br\\\/como-escolher-o-tamanho-ideal-da-panela-de-pressao\\\/#local-main-organization-logo\"},\"image\":{\"@id\":\"https:\\\/\\\/ubirataonline.com.br\\\/como-escolher-o-tamanho-ideal-da-panela-de-pressao\\\/#local-main-organization-logo\"},\"sameAs\":[\"https:\\\/\\\/www.facebook.com\\\/portalubirataonline\",\"https:\\\/\\\/x.com\\\/ubirataonline\",\"https:\\\/\\\/mastodon.social\\\/@ubirataonline\",\"https:\\\/\\\/www.facebook.com\\\/groups\\\/311144672285604\",\"https:\\\/\\\/www.facebook.com\\\/UBTAOnline\",\"https:\\\/\\\/www.instagram.com\\\/portalubirataonline\\\/\",\"https:\\\/\\\/twitter.com\\\/ubirataonline\"],\"description\":\"Somos um portal de not\u00edcias independente, criado em 5 de janeiro de 2009, com o objetivo de informar, conectar e valorizar a nossa comunidade de Ubirat\u00e3 e toda aregi\u00e3o. Com conte\u00fado atualizado, confi\u00e1vel e relevante, o Ubirat\u00e3 Online \u00e9 o seu espa\u00e7o para ficar por dentro dos principais acontecimentos locais, regionais, Brasil, Mundo e de interesse geral. Nosso compromisso \u00e9 com a verdade, a transpar\u00eancia e o respeito ao leitor.\",\"legalName\":\"UBIRATA ONLINE NOT\u00cdCIAS\",\"foundingDate\":\"2009-01-05\",\"numberOfEmployees\":{\"@type\":\"QuantitativeValue\",\"minValue\":\"1\",\"maxValue\":\"10\"},\"publishingPrinciples\":\"https:\\\/\\\/ubirataonline.com.br\\\/faq\\\/\",\"address\":{\"@id\":\"https:\\\/\\\/ubirataonline.com.br\\\/como-escolher-o-tamanho-ideal-da-panela-de-pressao\\\/#local-main-place-address\"},\"geo\":{\"@type\":\"GeoCoordinates\",\"latitude\":\"-24.5361401\",\"longitude\":\"-52.9921776\"},\"telephone\":[\"+5544998308235\"],\"contactPoint\":{\"@type\":\"ContactPoint\",\"email\":\"contato@ubirataonline.com.br\"},\"openingHoursSpecification\":{\"@type\":\"OpeningHoursSpecification\",\"dayOfWeek\":[\"Monday\",\"Tuesday\",\"Wednesday\",\"Thursday\",\"Friday\",\"Saturday\",\"Sunday\"],\"opens\":\"00:00\",\"closes\":\"23:59\"},\"email\":\"contato@ubirataonline.com.br\",\"vatID\":\"47.621.418\\\/0001-80\"},{\"@type\":\"Person\",\"@id\":\"https:\\\/\\\/ubirataonline.com.br\\\/#\\\/schema\\\/person\\\/372f87bbd3fdd79b8556b84c98d0bc1c\",\"name\":\"REDA\u00c7\u00c3O: UBIRAT\u00c3 ONLINE - F\u00c1BIO AUGUSTO CELESTINO\",\"pronouns\":\"Ele\",\"description\":\"Desde 2003 trabalhando com not\u00edcias.\",\"sameAs\":[\"http:\\\/\\\/ubirataoline.com.br\",\"https:\\\/\\\/www.facebook.com\\\/portalubirataonline\",\"https:\\\/\\\/www.instagram.com\\\/ubirataonline_oficial\",\"https:\\\/\\\/x.com\\\/x.com\\\/ubirataonline\"],\"honorificPrefix\":\"Mr.\",\"honorificSuffix\":\"MD\",\"birthDate\":\"1980-06-16\",\"gender\":\"masculino\",\"award\":[\"V\u00e1rios pr\u00eamios de melhor portal da cidade\"],\"jobTitle\":\"Diretor\",\"url\":\"https:\\\/\\\/ubirataonline.com.br\\\/en\\\/author\\\/ubirataonline\\\/\"},{\"@type\":\"PostalAddress\",\"@id\":\"https:\\\/\\\/ubirataonline.com.br\\\/como-escolher-o-tamanho-ideal-da-panela-de-pressao\\\/#local-main-place-address\",\"streetAddress\":\"Rua dos Coqueiros, 104 - Bairro Boa Vista, Rua dos Coqueiros, 104 Bairro Boa Vista\",\"addressLocality\":\"UBIRATA\",\"postalCode\":\"85440-000\",\"addressRegion\":\"PR\",\"addressCountry\":\"BR\"},{\"@type\":\"ImageObject\",\"inLanguage\":\"en-US\",\"@id\":\"https:\\\/\\\/ubirataonline.com.br\\\/como-escolher-o-tamanho-ideal-da-panela-de-pressao\\\/#local-main-organization-logo\",\"url\":\"https:\\\/\\\/ubirataonline.com.br\\\/wp-content\\\/uploads\\\/2026\\\/06\\\/logoubirataonline-1.webp\",\"contentUrl\":\"https:\\\/\\\/ubirataonline.com.br\\\/wp-content\\\/uploads\\\/2026\\\/06\\\/logoubirataonline-1.webp\",\"width\":500,\"height\":500,\"caption\":\"Ubirat\u00e3 Online Not\u00edcias\"}]}<\/script>\n<meta name=\"geo.placename\" content=\"UBIRATA\" \/>\n<meta name=\"geo.position\" content=\"-24.5361401;-52.9921776\" \/>\n<meta name=\"geo.region\" content=\"Brazil\" \/>\n<!-- \/ Yoast SEO Premium plugin. -->","yoast_head_json":{"title":"Como escolher o tamanho ideal da panela de press\u00e3o - Ubirat\u00e3 Online Not\u00edcias - A realidade ao seu alcance!","description":"Escolher o tamanho ideal da panela de press\u00e3o \u00e9 uma decis\u00e3o que influencia diretamente a rotina na cozinha, o aproveitamento dos alimentos e at\u00e9 a","robots":{"index":"index","follow":"follow","max-snippet":"max-snippet:-1","max-image-preview":"max-image-preview:large","max-video-preview":"max-video-preview:-1"},"canonical":"https:\/\/ubirataonline.com.br\/en\/como-escolher-o-tamanho-ideal-da-panela-de-pressao\/","og_locale":"en_US","og_type":"article","og_title":"Como escolher o tamanho ideal da panela de press\u00e3o","og_description":"Escolher o tamanho ideal da panela de press\u00e3o \u00e9 uma decis\u00e3o que influencia diretamente a rotina na cozinha, o aproveitamento dos alimentos e at\u00e9 a","og_url":"https:\/\/ubirataonline.com.br\/en\/como-escolher-o-tamanho-ideal-da-panela-de-pressao\/","og_site_name":"Ubirat\u00e3 Online Not\u00edcias - A realidade ao seu alcance!","article_publisher":"https:\/\/www.facebook.com\/portalubirataonline","article_author":"https:\/\/www.facebook.com\/portalubirataonline","article_published_time":"2026-03-02T23:46:31+00:00","article_modified_time":"2026-03-02T23:46:32+00:00","og_image":[{"width":1600,"height":1600,"url":"https:\/\/ubirataonline.com.br\/wp-content\/uploads\/2026\/03\/panela.jpeg","type":"image\/jpeg"}],"author":"REDA\u00c7\u00c3O: UBIRAT\u00c3 ONLINE - F\u00c1BIO AUGUSTO CELESTINO","twitter_card":"summary_large_image","twitter_creator":"@x.com\/ubirataonline","twitter_site":"@ubirataonline","twitter_misc":{"Written by":"REDA\u00c7\u00c3O: UBIRAT\u00c3 ONLINE - F\u00c1BIO AUGUSTO CELESTINO","Est. reading time":"6 minutes"},"schema":{"@context":"https:\/\/schema.org","@graph":[{"@type":"NewsArticle","@id":"https:\/\/ubirataonline.com.br\/como-escolher-o-tamanho-ideal-da-panela-de-pressao\/#article","isPartOf":{"@id":"https:\/\/ubirataonline.com.br\/como-escolher-o-tamanho-ideal-da-panela-de-pressao\/"},"author":{"name":"REDA\u00c7\u00c3O: UBIRAT\u00c3 ONLINE - F\u00c1BIO AUGUSTO CELESTINO","@id":"https:\/\/ubirataonline.com.br\/#\/schema\/person\/372f87bbd3fdd79b8556b84c98d0bc1c"},"headline":"Como escolher o tamanho ideal da panela de press\u00e3o","datePublished":"2026-03-02T23:46:31+00:00","dateModified":"2026-03-02T23:46:32+00:00","mainEntityOfPage":{"@id":"https:\/\/ubirataonline.com.br\/como-escolher-o-tamanho-ideal-da-panela-de-pressao\/"},"wordCount":1345,"publisher":{"@id":"https:\/\/ubirataonline.com.br\/#organization"},"image":{"@id":"https:\/\/ubirataonline.com.br\/como-escolher-o-tamanho-ideal-da-panela-de-pressao\/#primaryimage"},"thumbnailUrl":"https:\/\/ubirataonline.com.br\/wp-content\/uploads\/2026\/03\/panela.jpeg","articleSection":["Brasil"],"inLanguage":"en-US","copyrightYear":"2026","copyrightHolder":{"@id":"https:\/\/ubirataonline.com.br\/en\/#organization"}},{"@type":"WebPage","@id":"https:\/\/ubirataonline.com.br\/como-escolher-o-tamanho-ideal-da-panela-de-pressao\/","url":"https:\/\/ubirataonline.com.br\/como-escolher-o-tamanho-ideal-da-panela-de-pressao\/","name":"Como escolher o tamanho ideal da panela de press\u00e3o - Ubirat\u00e3 Online Not\u00edcias - A realidade ao seu alcance!","isPartOf":{"@id":"https:\/\/ubirataonline.com.br\/#website"},"primaryImageOfPage":{"@id":"https:\/\/ubirataonline.com.br\/como-escolher-o-tamanho-ideal-da-panela-de-pressao\/#primaryimage"},"image":{"@id":"https:\/\/ubirataonline.com.br\/como-escolher-o-tamanho-ideal-da-panela-de-pressao\/#primaryimage"},"thumbnailUrl":"https:\/\/ubirataonline.com.br\/wp-content\/uploads\/2026\/03\/panela.jpeg","datePublished":"2026-03-02T23:46:31+00:00","dateModified":"2026-03-02T23:46:32+00:00","description":"Escolher o tamanho ideal da panela de press\u00e3o \u00e9 uma decis\u00e3o que influencia diretamente a rotina na cozinha, o aproveitamento dos alimentos e at\u00e9 a","breadcrumb":{"@id":"https:\/\/ubirataonline.com.br\/como-escolher-o-tamanho-ideal-da-panela-de-pressao\/#breadcrumb"},"inLanguage":"en-US","potentialAction":[{"@type":"ReadAction","target":["https:\/\/ubirataonline.com.br\/como-escolher-o-tamanho-ideal-da-panela-de-pressao\/"]}]},{"@type":"ImageObject","inLanguage":"en-US","@id":"https:\/\/ubirataonline.com.br\/como-escolher-o-tamanho-ideal-da-panela-de-pressao\/#primaryimage","url":"https:\/\/ubirataonline.com.br\/wp-content\/uploads\/2026\/03\/panela.jpeg","contentUrl":"https:\/\/ubirataonline.com.br\/wp-content\/uploads\/2026\/03\/panela.jpeg","width":1600,"height":1600,"caption":"freepix.com"},{"@type":"BreadcrumbList","@id":"https:\/\/ubirataonline.com.br\/como-escolher-o-tamanho-ideal-da-panela-de-pressao\/#breadcrumb","itemListElement":[{"@type":"ListItem","position":1,"name":"In\u00edcio","item":"https:\/\/ubirataonline.com.br\/"},{"@type":"ListItem","position":2,"name":"Como escolher o tamanho ideal da panela de press\u00e3o"}]},{"@type":"WebSite","@id":"https:\/\/ubirataonline.com.br\/#website","url":"https:\/\/ubirataonline.com.br\/","name":"Ubirat\u00e3 Online Not\u00edcias","description":"Not\u00edcias de Ubirat\u00e3, regi\u00e3o, Brasil e mundo, com informa\u00e7\u00e3o atualizada e compromisso com o leitor.","publisher":{"@id":"https:\/\/ubirataonline.com.br\/#organization"},"alternateName":"Ubirat\u00e3 Online","potentialAction":[{"@type":"SearchAction","target":{"@type":"EntryPoint","urlTemplate":"https:\/\/ubirataonline.com.br\/?s={search_term_string}"},"query-input":{"@type":"PropertyValueSpecification","valueRequired":true,"valueName":"search_term_string"}}],"inLanguage":"en-US"},{"@type":["Organization","Place"],"@id":"https:\/\/ubirataonline.com.br\/#organization","name":"Ubirat\u00e3 Online Not\u00edcias","alternateName":"Ubirat\u00e3 Online","url":"https:\/\/ubirataonline.com.br\/","logo":{"@id":"https:\/\/ubirataonline.com.br\/como-escolher-o-tamanho-ideal-da-panela-de-pressao\/#local-main-organization-logo"},"image":{"@id":"https:\/\/ubirataonline.com.br\/como-escolher-o-tamanho-ideal-da-panela-de-pressao\/#local-main-organization-logo"},"sameAs":["https:\/\/www.facebook.com\/portalubirataonline","https:\/\/x.com\/ubirataonline","https:\/\/mastodon.social\/@ubirataonline","https:\/\/www.facebook.com\/groups\/311144672285604","https:\/\/www.facebook.com\/UBTAOnline","https:\/\/www.instagram.com\/portalubirataonline\/","https:\/\/twitter.com\/ubirataonline"],"description":"Somos um portal de not\u00edcias independente, criado em 5 de janeiro de 2009, com o objetivo de informar, conectar e valorizar a nossa comunidade de Ubirat\u00e3 e toda aregi\u00e3o. Com conte\u00fado atualizado, confi\u00e1vel e relevante, o Ubirat\u00e3 Online \u00e9 o seu espa\u00e7o para ficar por dentro dos principais acontecimentos locais, regionais, Brasil, Mundo e de interesse geral. Nosso compromisso \u00e9 com a verdade, a transpar\u00eancia e o respeito ao leitor.","legalName":"UBIRATA ONLINE NOT\u00cdCIAS","foundingDate":"2009-01-05","numberOfEmployees":{"@type":"QuantitativeValue","minValue":"1","maxValue":"10"},"publishingPrinciples":"https:\/\/ubirataonline.com.br\/faq\/","address":{"@id":"https:\/\/ubirataonline.com.br\/como-escolher-o-tamanho-ideal-da-panela-de-pressao\/#local-main-place-address"},"geo":{"@type":"GeoCoordinates","latitude":"-24.5361401","longitude":"-52.9921776"},"telephone":["+5544998308235"],"contactPoint":{"@type":"ContactPoint","email":"contato@ubirataonline.com.br"},"openingHoursSpecification":{"@type":"OpeningHoursSpecification","dayOfWeek":["Monday","Tuesday","Wednesday","Thursday","Friday","Saturday","Sunday"],"opens":"00:00","closes":"23:59"},"email":"contato@ubirataonline.com.br","vatID":"47.621.418\/0001-80"},{"@type":"Person","@id":"https:\/\/ubirataonline.com.br\/#\/schema\/person\/372f87bbd3fdd79b8556b84c98d0bc1c","name":"REDA\u00c7\u00c3O: UBIRAT\u00c3 ONLINE - F\u00c1BIO AUGUSTO CELESTINO","pronouns":"Ele","description":"Desde 2003 trabalhando com not\u00edcias.","sameAs":["http:\/\/ubirataoline.com.br","https:\/\/www.facebook.com\/portalubirataonline","https:\/\/www.instagram.com\/ubirataonline_oficial","https:\/\/x.com\/x.com\/ubirataonline"],"honorificPrefix":"Mr.","honorificSuffix":"MD","birthDate":"1980-06-16","gender":"masculino","award":["V\u00e1rios pr\u00eamios de melhor portal da cidade"],"jobTitle":"Diretor","url":"https:\/\/ubirataonline.com.br\/en\/author\/ubirataonline\/"},{"@type":"PostalAddress","@id":"https:\/\/ubirataonline.com.br\/como-escolher-o-tamanho-ideal-da-panela-de-pressao\/#local-main-place-address","streetAddress":"Rua dos Coqueiros, 104 - Bairro Boa Vista, Rua dos Coqueiros, 104 Bairro Boa Vista","addressLocality":"UBIRATA","postalCode":"85440-000","addressRegion":"PR","addressCountry":"BR"},{"@type":"ImageObject","inLanguage":"en-US","@id":"https:\/\/ubirataonline.com.br\/como-escolher-o-tamanho-ideal-da-panela-de-pressao\/#local-main-organization-logo","url":"https:\/\/ubirataonline.com.br\/wp-content\/uploads\/2026\/06\/logoubirataonline-1.webp","contentUrl":"https:\/\/ubirataonline.com.br\/wp-content\/uploads\/2026\/06\/logoubirataonline-1.webp","width":500,"height":500,"caption":"Ubirat\u00e3 Online Not\u00edcias"}]},"geo.placename":"UBIRATA","geo.position":{"lat":"-24.5361401","long":"-52.9921776"},"geo.region":"Brazil"},"_links":{"self":[{"href":"https:\/\/ubirataonline.com.br\/en\/wp-json\/wp\/v2\/posts\/91624","targetHints":{"allow":["GET"]}}],"collection":[{"href":"https:\/\/ubirataonline.com.br\/en\/wp-json\/wp\/v2\/posts"}],"about":[{"href":"https:\/\/ubirataonline.com.br\/en\/wp-json\/wp\/v2\/types\/post"}],"author":[{"embeddable":true,"href":"https:\/\/ubirataonline.com.br\/en\/wp-json\/wp\/v2\/users\/1"}],"replies":[{"embeddable":true,"href":"https:\/\/ubirataonline.com.br\/en\/wp-json\/wp\/v2\/comments?post=91624"}],"version-history":[{"count":0,"href":"https:\/\/ubirataonline.com.br\/en\/wp-json\/wp\/v2\/posts\/91624\/revisions"}],"wp:featuredmedia":[{"embeddable":true,"href":"https:\/\/ubirataonline.com.br\/en\/wp-json\/wp\/v2\/media\/91629"}],"wp:attachment":[{"href":"https:\/\/ubirataonline.com.br\/en\/wp-json\/wp\/v2\/media?parent=91624"}],"wp:term":[{"taxonomy":"category","embeddable":true,"href":"https:\/\/ubirataonline.com.br\/en\/wp-json\/wp\/v2\/categories?post=91624"},{"taxonomy":"post_tag","embeddable":true,"href":"https:\/\/ubirataonline.com.br\/en\/wp-json\/wp\/v2\/tags?post=91624"}],"curies":[{"name":"wp","href":"https:\/\/api.w.org\/{rel}","templated":true}]}}