{"id":91750,"date":"2026-03-04T10:00:35","date_gmt":"2026-03-04T13:00:35","guid":{"rendered":"https:\/\/ubirataonline.com.br\/missil-balistico-do-ira-em-direcao-a-turquia-e-abatido-otan-e-acionada\/"},"modified":"2026-03-04T10:00:41","modified_gmt":"2026-03-04T13:00:41","slug":"missil-balistico-do-ira-em-direcao-a-turquia-e-abatido-otan-e-acionada","status":"publish","type":"post","link":"https:\/\/ubirataonline.com.br\/en\/missil-balistico-do-ira-em-direcao-a-turquia-e-abatido-otan-e-acionada\/","title":{"rendered":"M\u00edssil bal\u00edstico do Ir\u00e3 em dire\u00e7\u00e3o \u00e0 Turquia \u00e9 abatido; OTAN \u00e9 acionada"},"content":{"rendered":"<p><\/p>\n<div data-block-type=\"unstyled\" data-block-weight=\"44\">\n<p class=\" content-text__container theme-color-primary-first-letter\" data-track-category=\"Link no Texto\" data-track-links=\"\"> Um m\u00edssil bal\u00edstico disparado do Ir\u00e3 em dire\u00e7\u00e3o ao espa\u00e7o a\u00e9reo turco foi abatido nesta quarta-feira (4), segundo informou o Minist\u00e9rio da Defesa da Turquia. As defesas a\u00e9reas da OTAN no Mediterr\u00e2neo Oriental abateram o m\u00edssil, que sobrevoou o espa\u00e7o a\u00e9reo iraquiano e s\u00edrio. <\/p>\n<\/p><\/div>\n<div>\n<div class=\"mc-column content-text active-extra-styles \" data-block-type=\"unstyled\" data-block-weight=\"7\">\n<p class=\" content-text__container \" data-track-category=\"Link no Texto\" data-track-links=\"\"> N\u00e3o h\u00e1 relatos de v\u00edtimas ou feridos. <\/p>\n<\/p><\/div>\n<div class=\"mc-column content-text active-extra-styles\" data-block-type=\"raw\" data-block-weight=\"28\">\n<ul class=\"content-unordered-list\">\n<li><a class=\"\" href=\"https:\/\/cbn.globo.com\/mundo\/noticia\/2026\/03\/04\/inteligencia-do-ira-entra-em-contato-com-cia-para-negociar-fim-da-guerra-diz-nyt.ghtml\">Intelig\u00eancia do Ir\u00e3 entra em contato com CIA para negociar fim da guerra, diz NYT<\/a><\/li>\n<li><a class=\"\" href=\"https:\/\/cbn.globo.com\/mundo\/noticia\/2026\/03\/04\/filho-de-ali-khamenei-aparece-como-favorito-para-suceder-o-pai-como-aiatola.ghtml\">Filho de Ali Khamenei aparece como favorito para suceder o pai como aiatol\u00e1<\/a><\/li>\n<\/ul><\/div>\n<div class=\"mc-column content-text active-extra-styles \" data-block-type=\"unstyled\" data-block-weight=\"19\">\n<p class=\" content-text__container \" data-track-category=\"Link no Texto\" data-track-links=\"\"> Em nota, a pasta informou que a Turquia dialogar\u00e1 com a OTAN e seus demais aliados ap\u00f3s o incidente. <\/p>\n<\/p><\/div>\n<div class=\"mc-column content-text active-extra-styles \" data-block-type=\"unstyled\" data-block-weight=\"32\">\n<p class=\" content-text__container \" data-track-category=\"Link no Texto\" data-track-links=\"\"> Ap\u00f3s o epis\u00f3dio, o ministro das Rela\u00e7\u00f5es Exteriores da Turquia, Hakan Fidan, disse ao seu hom\u00f3logo iraniano, Abbas Araghchi, que &#8216;qualquer a\u00e7\u00e3o que possa levar \u00e0 escalada do conflito deve ser evitada&#8217;. <\/p>\n<\/p><\/div>\n<div class=\"mc-column content-text active-extra-styles \" data-block-type=\"unstyled\" data-block-weight=\"32\">\n<p class=\" content-text__container \" data-track-category=\"Link no Texto\" data-track-links=\"\"> Al\u00e9m disso, a pasta afirmou que, mesmo com o pa\u00eds defendendo a paz regional, \u00e9 &#8216;plenamente capaz de salvaguardar seu territ\u00f3rio e seus cidad\u00e3os, independentemente da fonte ou origem de qualquer amea\u00e7a&#8217;. <\/p>\n<\/p><\/div>\n<div class=\"mc-column content-text active-extra-styles\" data-block-type=\"raw\" data-block-weight=\"55\">\n<blockquote class=\"content-blockquote theme-border-color-primary-before\"><p>&#8216;Todas as medidas necess\u00e1rias para defender nosso territ\u00f3rio e espa\u00e7o a\u00e9reo ser\u00e3o tomadas de forma decisiva e sem hesita\u00e7\u00e3o. Reiteramos que nosso direito de responder a qualquer ato hostil dirigido contra nosso pa\u00eds est\u00e1 reservado. Apelamos a todas as partes para que se abstenham de a\u00e7\u00f5es que possam agravar ainda mais o conflito na regi\u00e3o&#8217;.<\/p><\/blockquote><\/div>\n<div class=\"mc-column content-text active-extra-styles \" data-block-type=\"unstyled\" data-block-weight=\"35\">\n<p class=\" content-text__container \" data-track-category=\"Link no Texto\" data-track-links=\"\"> O n\u00famero de mortos no Ir\u00e3 em decorr\u00eancia dos ataques conjuntos entre Estados Unidos e Israel subiu para 1.045. A informa\u00e7\u00e3o foi divulgada nesta quarta-feira (4) pela ag\u00eancia de not\u00edcias aliada do regime iraniano Tasnim. <\/p>\n<\/p><\/div>\n<div class=\"mc-column content-text active-extra-styles \" data-block-type=\"unstyled\" data-block-weight=\"33\">\n<p class=\" content-text__container \" data-track-category=\"Link no Texto\" data-track-links=\"\"> As informa\u00e7\u00f5es mais recentes do Crescente Vermelho iraniano tamb\u00e9m indicavam um n\u00famero de mortos acima dos mil, mas sem uma especifica\u00e7\u00e3o do valor. Nessa ter\u00e7a (3), os mortos estavam em menos de 800. <\/p>\n<\/p><\/div>\n<div class=\"mc-column content-text active-extra-styles \" data-block-type=\"unstyled\" data-block-weight=\"36\">\n<p class=\" content-text__container \" data-track-category=\"Link no Texto\" data-track-links=\"\"> O Ir\u00e3 anunciou nesta quarta-feira (4) que adiou a cerim\u00f4nia f\u00fanebre do aiatol\u00e1 Ali Khamenei, marcada para este mesmo dia em Teer\u00e3, devido \u00e0 &#8216;presen\u00e7a sem precedentes&#8217;. O an\u00fancio foi realizado pela televis\u00e3o estatal do pa\u00eds. <\/p>\n<\/p><\/div>\n<div class=\"mc-column content-text active-extra-styles\" data-block-type=\"raw\" data-block-weight=\"36\">\n<blockquote class=\"content-blockquote theme-border-color-primary-before\"><p>&#8216;Devido \u00e0 presen\u00e7a sem precedentes no funeral, a cerim\u00f4nia de despedida do corpo do im\u00e3 m\u00e1rtir da Ummah foi adiada, e a nova data ser\u00e1 anunciada em breve&#8217;, disse o texto lido, segundo a imprensa local.<\/p><\/blockquote><\/div>\n<div class=\"row medium-uncollapsed content-media content-photo\" data-block-type=\"backstage-photo\">\n<div class=\"mc-column content-media__container\"> <!-- Line Break for lightbox caption due to styling limitation --> <\/p>\n<div class=\"content-media-container glb-skeleton-box\" style=\"--skeleton-width: 100%; --skeleton-height: auto; padding-top: 100.0%\">\n<figure class=\"content-media-figure\"> <amp-img lightbox=\"lightbox-amp-carousel\" class=\"content-media-image\" srcset=\"https:\/\/s2-cbn.glbimg.com\/mpHIp23AxPkhn7Y--2WaDWOFwDM=\/0x0:1080x1080\/1000x0\/smart\/filters:strip_icc()\/i.s3.glbimg.com\/v1\/AUTH_d975fad146a14bbfad9e763717b09688\/internal_photos\/bs\/2026\/K\/u\/XIidNFQPKBA0Iw0A2Pcg\/padrao-feed-oficial-rede-4-.png 1000w, https:\/\/s2-cbn.glbimg.com\/95TjvUDwKBX62mGQt7Wo_wZKhJI=\/0x0:1080x1080\/984x0\/smart\/filters:strip_icc()\/i.s3.glbimg.com\/v1\/AUTH_d975fad146a14bbfad9e763717b09688\/internal_photos\/bs\/2026\/K\/u\/XIidNFQPKBA0Iw0A2Pcg\/padrao-feed-oficial-rede-4-.png 984w, https:\/\/s2-cbn.glbimg.com\/jRMXQ3bbTK4t40ftbfLvcwlmFZg=\/0x0:1080x1080\/640x0\/smart\/filters:strip_icc()\/i.s3.glbimg.com\/v1\/AUTH_d975fad146a14bbfad9e763717b09688\/internal_photos\/bs\/2026\/K\/u\/XIidNFQPKBA0Iw0A2Pcg\/padrao-feed-oficial-rede-4-.png 640w, https:\/\/s2-cbn.glbimg.com\/2dMWb3Cp9ZSo-v-QEwbEvQVSbBM=\/0x0:1080x1080\/600x0\/smart\/filters:strip_icc()\/i.s3.glbimg.com\/v1\/AUTH_d975fad146a14bbfad9e763717b09688\/internal_photos\/bs\/2026\/K\/u\/XIidNFQPKBA0Iw0A2Pcg\/padrao-feed-oficial-rede-4-.png 600w\" src=\"https:\/\/s2-cbn.glbimg.com\/95TjvUDwKBX62mGQt7Wo_wZKhJI=\/0x0:1080x1080\/984x0\/smart\/filters:strip_icc()\/i.s3.glbimg.com\/v1\/AUTH_d975fad146a14bbfad9e763717b09688\/internal_photos\/bs\/2026\/K\/u\/XIidNFQPKBA0Iw0A2Pcg\/padrao-feed-oficial-rede-4-.png\" alt=\"Aiatol\u00e1 Ali Khamenei, l\u00edder supremo do Ir\u00e3 \u2014 Foto: Wikimedia Commons\" width=\"1080\" height=\"1080\" layout=\"responsive\" noloading=\"\"> <\/amp-img><figcaption hidden=\"\"> 2 de 3&#13;Aiatol\u00e1 Ali Khamenei, l\u00edder supremo do Ir\u00e3 \u2014 Foto: Wikimedia Commons <\/figcaption><\/figure>\n<\/p><\/div>\n<p class=\"content-media__description \"> Aiatol\u00e1 Ali Khamenei, l\u00edder supremo do Ir\u00e3 \u2014 Foto: Wikimedia Commons <\/p>\n<\/p><\/div>\n<\/p><\/div>\n<div class=\"mc-column content-text active-extra-styles \" data-block-type=\"unstyled\" data-block-weight=\"29\">\n<p class=\" content-text__container \" data-track-category=\"Link no Texto\" data-track-links=\"\"> Khamenei ser\u00e1 enterrado na cidade sagrada de Mashhad, segundo a ag\u00eancia de not\u00edcias Fars. Essa \u00e9 a segunda maior cidade do pa\u00eds. Seu pai est\u00e1 enterrado na mesma cidade. <\/p>\n<\/p><\/div>\n<div class=\"mc-column content-text active-extra-styles \" data-block-type=\"unstyled\" data-block-weight=\"26\">\n<p class=\" content-text__container \" data-track-category=\"Link no Texto\" data-track-links=\"\"> A morte do aiatol\u00e1 foi confirmada no fim da noite do \u00faltimo s\u00e1bado (28), no hor\u00e1rio de Bras\u00edlia, e madrugada no \u00faltimo domingo (1\u00ba) em Teer\u00e3. <\/p>\n<\/p><\/div>\n<div class=\"mc-column content-text active-extra-styles \" data-block-type=\"unstyled\" data-block-weight=\"18\">\n<p class=\" content-text__container \" data-track-category=\"Link no Texto\" data-track-links=\"\"> O gabinete do governo do Ir\u00e3 declarou 40 dias de luto nacional e sete dias de feriado geral. <\/p>\n<\/p><\/div>\n<div class=\"mc-column content-text active-extra-styles\" data-block-type=\"raw\" data-block-weight=\"15\">\n<p><h2>Israel lan\u00e7a nova onda de ataques a sistemas de defesa a\u00e9rea e infraestruturas do Ir\u00e3<\/h2>\n<\/p><\/div>\n<div class=\"row medium-uncollapsed content-media content-photo\" data-block-type=\"backstage-photo\">\n<div class=\"mc-column content-media__container\"> <!-- Line Break for lightbox caption due to styling limitation --> <\/p>\n<div class=\"content-media-container glb-skeleton-box\" style=\"--skeleton-width: 100%; --skeleton-height: auto; padding-top: 66.66666666666666%\">\n<figure class=\"content-media-figure\"> <amp-img lightbox=\"lightbox-amp-carousel\" class=\"content-media-image\" srcset=\"https:\/\/s2-cbn.glbimg.com\/CStJ0fFR67dTtyyTDdMDVKKlLAM=\/0x0:1200x800\/1000x0\/smart\/filters:strip_icc()\/i.s3.glbimg.com\/v1\/AUTH_d975fad146a14bbfad9e763717b09688\/internal_photos\/bs\/2026\/y\/q\/wAhAzJQhiLD0BvdmeiBA\/afp-20260304-99vk6yd-v3-midres-iranusisraelwar.jpg 1000w, https:\/\/s2-cbn.glbimg.com\/pk7ny-HaUSvQor94O2J_0HeW1r4=\/0x0:1200x800\/984x0\/smart\/filters:strip_icc()\/i.s3.glbimg.com\/v1\/AUTH_d975fad146a14bbfad9e763717b09688\/internal_photos\/bs\/2026\/y\/q\/wAhAzJQhiLD0BvdmeiBA\/afp-20260304-99vk6yd-v3-midres-iranusisraelwar.jpg 984w, https:\/\/s2-cbn.glbimg.com\/YKQ7OIvwcYn8XJdvyEk1JmtG9qM=\/0x0:1200x800\/640x0\/smart\/filters:strip_icc()\/i.s3.glbimg.com\/v1\/AUTH_d975fad146a14bbfad9e763717b09688\/internal_photos\/bs\/2026\/y\/q\/wAhAzJQhiLD0BvdmeiBA\/afp-20260304-99vk6yd-v3-midres-iranusisraelwar.jpg 640w, https:\/\/s2-cbn.glbimg.com\/_WJahZEYQUwQnd8YIyS3chSCenY=\/0x0:1200x800\/600x0\/smart\/filters:strip_icc()\/i.s3.glbimg.com\/v1\/AUTH_d975fad146a14bbfad9e763717b09688\/internal_photos\/bs\/2026\/y\/q\/wAhAzJQhiLD0BvdmeiBA\/afp-20260304-99vk6yd-v3-midres-iranusisraelwar.jpg 600w\" src=\"https:\/\/s2-cbn.glbimg.com\/pk7ny-HaUSvQor94O2J_0HeW1r4=\/0x0:1200x800\/984x0\/smart\/filters:strip_icc()\/i.s3.glbimg.com\/v1\/AUTH_d975fad146a14bbfad9e763717b09688\/internal_photos\/bs\/2026\/y\/q\/wAhAzJQhiLD0BvdmeiBA\/afp-20260304-99vk6yd-v3-midres-iranusisraelwar.jpg\" alt=\"Destrui\u00e7\u00e3o em Teer\u00e3, no Ir\u00e3, ap\u00f3s ataque de Israel. \u2014 Foto: AFP\" width=\"1200\" height=\"800\" layout=\"responsive\" noloading=\"\"> <\/amp-img><figcaption hidden=\"\"> 3 de 3&#13;Destrui\u00e7\u00e3o em Teer\u00e3, no Ir\u00e3, ap\u00f3s ataque de Israel. \u2014 Foto: AFP <\/figcaption><\/figure>\n<\/p><\/div>\n<p class=\"content-media__description \"> Destrui\u00e7\u00e3o em Teer\u00e3, no Ir\u00e3, ap\u00f3s ataque de Israel. \u2014 Foto: AFP <\/p>\n<\/p><\/div>\n<\/p><\/div>\n<div class=\"mc-column content-text active-extra-styles \" data-block-type=\"unstyled\" data-block-weight=\"28\">\n<p class=\" content-text__container \" data-track-category=\"Link no Texto\" data-track-links=\"\"> O governo de Israel lan\u00e7ou uma nova onda de ataques aos sistemas de defesa a\u00e9rea e infraestruturas do Ir\u00e3. Mais cedo, um ataque iraniano foi interceptado em Jerusal\u00e9m. <\/p>\n<\/p><\/div>\n<div class=\"mc-column content-text active-extra-styles \" data-block-type=\"unstyled\" data-block-weight=\"19\">\n<p class=\" content-text__container \" data-track-category=\"Link no Texto\" data-track-links=\"\"> Israel havia afirmado que identificou m\u00edsseis lan\u00e7ados do Ir\u00e3 em dire\u00e7\u00e3o ao territ\u00f3rio e que acionou os sistemas defensivos. <\/p>\n<\/p><\/div>\n<div class=\"mc-column content-text active-extra-styles \" data-block-type=\"unstyled\" data-block-weight=\"31\">\n<p class=\" content-text__container \" data-track-category=\"Link no Texto\" data-track-links=\"\"> Em outra frente, um ataque israelense contra o L\u00edbano deixou seis mortos ao atingir um pr\u00e9dio residencial na cidade de Baalbek. Em Beirute, um hotel no sub\u00farbio da cidade foi atingido <\/p>\n<\/p><\/div>\n<div class=\"mc-column content-text active-extra-styles \" data-block-type=\"unstyled\" data-block-weight=\"38\">\n<p class=\" content-text__container \" data-track-category=\"Link no Texto\" data-track-links=\"\"> O ex\u00e9rcito dos Estados Unidos afirmou que afundou 17 barcos do Ir\u00e3 desde o in\u00edcio da guerra no s\u00e1bado. O governo americano afirmou ainda que n\u00e3o h\u00e1 nenhuma embarca\u00e7\u00e3o iraniana em opera\u00e7\u00e3o no Golfo Ar\u00e1bico e de Om\u00e3 <\/p>\n<\/p><\/div>\n<div class=\"mc-column content-text active-extra-styles \" data-block-type=\"unstyled\" data-block-weight=\"25\">\n<p class=\" content-text__container \" data-track-category=\"Link no Texto\" data-track-links=\"\"> O presidente Donald Trump afirmou que as for\u00e7as americanas est\u00e3o preparadas para agir caso o tr\u00e1fego de navios petroleiros pelo Estreito de Ormuz seja amea\u00e7ado. <\/p>\n<\/p><\/div>\n<div class=\"mc-column content-text active-extra-styles \" data-block-type=\"unstyled\" data-block-weight=\"33\">\n<p class=\" content-text__container \" data-track-category=\"Link no Texto\" data-track-links=\"\"> O republicano disse ainda que os Estados Unidos v\u00e3o escoltar e oferecer seguro aos petroleiros. Segundo ele, se necess\u00e1rio, a Marinha americana come\u00e7ar\u00e1 a acompanhar as embarca\u00e7\u00f5es pelo canal o mais r\u00e1pido poss\u00edvel <\/p>\n<\/p><\/div>\n<div class=\"mc-column content-text active-extra-styles \" data-block-type=\"unstyled\" data-block-weight=\"20\">\n<p class=\" content-text__container \" data-track-category=\"Link no Texto\" data-track-links=\"\"> A Guarda Revolucion\u00e1ria do Ir\u00e3 afirmou que o Estreito de Ormuz est\u00e1 sob controle total da Marinha da Rep\u00fablica Isl\u00e2mica. <\/p>\n<\/p><\/div>\n<div class=\"mc-column content-text active-extra-styles \" data-block-type=\"unstyled\" data-block-weight=\"47\">\n<p class=\" content-text__container \" data-track-category=\"Link no Texto\" data-track-links=\"\"> A escalada da guerra fez o pre\u00e7o do petr\u00f3leo fechar no maior patamar em 14 meses. A cota\u00e7\u00e3o do Brent chegou a disparar 9% durante o in\u00edcio do preg\u00e3o, recuou durante o dia e fechou em alta de 4,7%, a 81 d\u00f3lares e 40 centavos por barril. <\/p>\n<\/p><\/div>\n<div data-track-category=\"multicontent\" data-track-action=\"ultimo chunk conteudo\" data-track-noninteraction=\"false\" data-track-scroll=\"view\">\n<style><![CDATA[\n            .widget-playlist-player {\n                    --primary-color: #b63535;\n                    --contrast-color: #376ac8;\n                --icon-color: #fff\n;\n            }\n        ]]><\/style>\n<\/p><\/div>\n<\/p><\/div>\n<p><a href=\"https:\/\/cbn.globo.com\/mundo\/noticia\/2026\/03\/04\/missil-balistico-do-ira-em-direcao-a-turquia-e-abatido-otan-e-acionada.ghtml\">Fonte do Artigo <\/a><\/p>\n","protected":false},"excerpt":{"rendered":"<p>Um m\u00edssil bal\u00edstico disparado do Ir\u00e3 em dire\u00e7\u00e3o ao espa\u00e7o a\u00e9reo turco foi abatido nesta quarta-feira (4), segundo informou o Minist\u00e9rio da Defesa da Turquia. As defesas a\u00e9reas da OTAN no Mediterr\u00e2neo Oriental abateram o m\u00edssil, que sobrevoou o espa\u00e7o a\u00e9reo iraquiano e s\u00edrio. N\u00e3o h\u00e1 relatos de v\u00edtimas ou feridos. Intelig\u00eancia do Ir\u00e3 entra [&hellip;]<\/p>\n","protected":false},"author":1,"featured_media":91751,"comment_status":"closed","ping_status":"","sticky":false,"template":"","format":"standard","meta":{"googlesitekit_rrm_CAow2JLhCw:productID":"","_gspb_post_css":"","maa_idioma":"","maa_pais":"","footnotes":""},"categories":[4],"tags":[21246,8983,21245,10922,15473,21244,21247,20277],"class_list":["post-91750","post","type-post","status-publish","format-standard","has-post-thumbnail","hentry","category-brasil","tag-abatido","tag-acionada","tag-balistico","tag-direcao","tag-ira","tag-missil","tag-otan","tag-turquia"],"blocksy_meta":[],"yoast_head":"<!-- This site is optimized with the Yoast SEO Premium plugin v27.6 (Yoast SEO v27.6) - https:\/\/yoast.com\/product\/yoast-seo-premium-wordpress\/ -->\n<title>M\u00edssil bal\u00edstico do Ir\u00e3 em dire\u00e7\u00e3o \u00e0 Turquia \u00e9 abatido; OTAN \u00e9 acionada - Ubirat\u00e3 Online Not\u00edcias - A realidade ao seu alcance!<\/title>\n<meta name=\"description\" content=\"Um m\u00edssil bal\u00edstico disparado do Ir\u00e3 em dire\u00e7\u00e3o ao espa\u00e7o a\u00e9reo turco foi abatido nesta quarta-feira (4), segundo informou o Minist\u00e9rio da Defesa da\" \/>\n<meta name=\"robots\" content=\"index, follow, max-snippet:-1, max-image-preview:large, max-video-preview:-1\" \/>\n<link rel=\"canonical\" href=\"https:\/\/ubirataonline.com.br\/en\/missil-balistico-do-ira-em-direcao-a-turquia-e-abatido-otan-e-acionada\/\" \/>\n<meta property=\"og:locale\" content=\"en_US\" \/>\n<meta property=\"og:type\" content=\"article\" \/>\n<meta property=\"og:title\" content=\"M\u00edssil bal\u00edstico do Ir\u00e3 em dire\u00e7\u00e3o \u00e0 Turquia \u00e9 abatido; OTAN \u00e9 acionada\" \/>\n<meta property=\"og:description\" content=\"Um m\u00edssil bal\u00edstico disparado do Ir\u00e3 em dire\u00e7\u00e3o ao espa\u00e7o a\u00e9reo turco foi abatido nesta quarta-feira (4), segundo informou o Minist\u00e9rio da Defesa da\" \/>\n<meta property=\"og:url\" content=\"https:\/\/ubirataonline.com.br\/en\/missil-balistico-do-ira-em-direcao-a-turquia-e-abatido-otan-e-acionada\/\" \/>\n<meta property=\"og:site_name\" content=\"Ubirat\u00e3 Online Not\u00edcias - A realidade ao seu alcance!\" \/>\n<meta property=\"article:publisher\" content=\"https:\/\/www.facebook.com\/portalubirataonline\" \/>\n<meta property=\"article:author\" content=\"https:\/\/www.facebook.com\/portalubirataonline\" \/>\n<meta property=\"article:published_time\" content=\"2026-03-04T13:00:35+00:00\" \/>\n<meta property=\"article:modified_time\" content=\"2026-03-04T13:00:41+00:00\" \/>\n<meta property=\"og:image\" content=\"https:\/\/ubirataonline.com.br\/wp-content\/uploads\/2026\/03\/Missil-balistico-do-Ira-em-direcao-a-Turquia-e-abatido.jpg\" \/>\n\t<meta property=\"og:image:width\" content=\"1200\" \/>\n\t<meta property=\"og:image:height\" content=\"800\" \/>\n\t<meta property=\"og:image:type\" content=\"image\/jpeg\" \/>\n<meta name=\"author\" content=\"REDA\u00c7\u00c3O: UBIRAT\u00c3 ONLINE - F\u00c1BIO AUGUSTO CELESTINO\" \/>\n<meta name=\"twitter:card\" content=\"summary_large_image\" \/>\n<meta name=\"twitter:creator\" content=\"@x.com\/ubirataonline\" \/>\n<meta name=\"twitter:site\" content=\"@ubirataonline\" \/>\n<meta name=\"twitter:label1\" content=\"Written by\" \/>\n\t<meta name=\"twitter:data1\" content=\"REDA\u00c7\u00c3O: UBIRAT\u00c3 ONLINE - F\u00c1BIO AUGUSTO CELESTINO\" \/>\n\t<meta name=\"twitter:label2\" content=\"Est. reading time\" \/>\n\t<meta name=\"twitter:data2\" content=\"4 minutes\" \/>\n<script type=\"application\/ld+json\" class=\"yoast-schema-graph\">{\"@context\":\"https:\\\/\\\/schema.org\",\"@graph\":[{\"@type\":\"NewsArticle\",\"@id\":\"https:\\\/\\\/ubirataonline.com.br\\\/missil-balistico-do-ira-em-direcao-a-turquia-e-abatido-otan-e-acionada\\\/#article\",\"isPartOf\":{\"@id\":\"https:\\\/\\\/ubirataonline.com.br\\\/missil-balistico-do-ira-em-direcao-a-turquia-e-abatido-otan-e-acionada\\\/\"},\"author\":{\"name\":\"REDA\u00c7\u00c3O: UBIRAT\u00c3 ONLINE - F\u00c1BIO AUGUSTO CELESTINO\",\"@id\":\"https:\\\/\\\/ubirataonline.com.br\\\/#\\\/schema\\\/person\\\/372f87bbd3fdd79b8556b84c98d0bc1c\"},\"headline\":\"M\u00edssil bal\u00edstico do Ir\u00e3 em dire\u00e7\u00e3o \u00e0 Turquia \u00e9 abatido; OTAN \u00e9 acionada\",\"datePublished\":\"2026-03-04T13:00:35+00:00\",\"dateModified\":\"2026-03-04T13:00:41+00:00\",\"mainEntityOfPage\":{\"@id\":\"https:\\\/\\\/ubirataonline.com.br\\\/missil-balistico-do-ira-em-direcao-a-turquia-e-abatido-otan-e-acionada\\\/\"},\"wordCount\":830,\"publisher\":{\"@id\":\"https:\\\/\\\/ubirataonline.com.br\\\/#organization\"},\"image\":{\"@id\":\"https:\\\/\\\/ubirataonline.com.br\\\/missil-balistico-do-ira-em-direcao-a-turquia-e-abatido-otan-e-acionada\\\/#primaryimage\"},\"thumbnailUrl\":\"https:\\\/\\\/ubirataonline.com.br\\\/wp-content\\\/uploads\\\/2026\\\/03\\\/Missil-balistico-do-Ira-em-direcao-a-Turquia-e-abatido.jpg\",\"keywords\":[\"abatido\",\"acionada\",\"bal\u00edstico\",\"dire\u00e7\u00e3o\",\"Ir\u00e3\",\"M\u00edssil\",\"OTAN\",\"Turquia\"],\"articleSection\":[\"Brasil\"],\"inLanguage\":\"en-US\",\"copyrightYear\":\"2026\",\"copyrightHolder\":{\"@id\":\"https:\\\/\\\/ubirataonline.com.br\\\/en\\\/#organization\"}},{\"@type\":\"WebPage\",\"@id\":\"https:\\\/\\\/ubirataonline.com.br\\\/missil-balistico-do-ira-em-direcao-a-turquia-e-abatido-otan-e-acionada\\\/\",\"url\":\"https:\\\/\\\/ubirataonline.com.br\\\/missil-balistico-do-ira-em-direcao-a-turquia-e-abatido-otan-e-acionada\\\/\",\"name\":\"M\u00edssil bal\u00edstico do Ir\u00e3 em dire\u00e7\u00e3o \u00e0 Turquia \u00e9 abatido; OTAN \u00e9 acionada - Ubirat\u00e3 Online Not\u00edcias - A realidade ao seu alcance!\",\"isPartOf\":{\"@id\":\"https:\\\/\\\/ubirataonline.com.br\\\/#website\"},\"primaryImageOfPage\":{\"@id\":\"https:\\\/\\\/ubirataonline.com.br\\\/missil-balistico-do-ira-em-direcao-a-turquia-e-abatido-otan-e-acionada\\\/#primaryimage\"},\"image\":{\"@id\":\"https:\\\/\\\/ubirataonline.com.br\\\/missil-balistico-do-ira-em-direcao-a-turquia-e-abatido-otan-e-acionada\\\/#primaryimage\"},\"thumbnailUrl\":\"https:\\\/\\\/ubirataonline.com.br\\\/wp-content\\\/uploads\\\/2026\\\/03\\\/Missil-balistico-do-Ira-em-direcao-a-Turquia-e-abatido.jpg\",\"datePublished\":\"2026-03-04T13:00:35+00:00\",\"dateModified\":\"2026-03-04T13:00:41+00:00\",\"description\":\"Um m\u00edssil bal\u00edstico disparado do Ir\u00e3 em dire\u00e7\u00e3o ao espa\u00e7o a\u00e9reo turco foi abatido nesta quarta-feira (4), segundo informou o Minist\u00e9rio da Defesa da\",\"breadcrumb\":{\"@id\":\"https:\\\/\\\/ubirataonline.com.br\\\/missil-balistico-do-ira-em-direcao-a-turquia-e-abatido-otan-e-acionada\\\/#breadcrumb\"},\"inLanguage\":\"en-US\",\"potentialAction\":[{\"@type\":\"ReadAction\",\"target\":[\"https:\\\/\\\/ubirataonline.com.br\\\/missil-balistico-do-ira-em-direcao-a-turquia-e-abatido-otan-e-acionada\\\/\"]}]},{\"@type\":\"ImageObject\",\"inLanguage\":\"en-US\",\"@id\":\"https:\\\/\\\/ubirataonline.com.br\\\/missil-balistico-do-ira-em-direcao-a-turquia-e-abatido-otan-e-acionada\\\/#primaryimage\",\"url\":\"https:\\\/\\\/ubirataonline.com.br\\\/wp-content\\\/uploads\\\/2026\\\/03\\\/Missil-balistico-do-Ira-em-direcao-a-Turquia-e-abatido.jpg\",\"contentUrl\":\"https:\\\/\\\/ubirataonline.com.br\\\/wp-content\\\/uploads\\\/2026\\\/03\\\/Missil-balistico-do-Ira-em-direcao-a-Turquia-e-abatido.jpg\",\"width\":1200,\"height\":800,\"caption\":\"M\u00edssil iraniano atinge Israel em meio a guerra no Oriente M\u00e9dio. \u2014 Foto: JACK GUEZ \\\/ AFP\"},{\"@type\":\"BreadcrumbList\",\"@id\":\"https:\\\/\\\/ubirataonline.com.br\\\/missil-balistico-do-ira-em-direcao-a-turquia-e-abatido-otan-e-acionada\\\/#breadcrumb\",\"itemListElement\":[{\"@type\":\"ListItem\",\"position\":1,\"name\":\"In\u00edcio\",\"item\":\"https:\\\/\\\/ubirataonline.com.br\\\/\"},{\"@type\":\"ListItem\",\"position\":2,\"name\":\"M\u00edssil bal\u00edstico do Ir\u00e3 em dire\u00e7\u00e3o \u00e0 Turquia \u00e9 abatido; OTAN \u00e9 acionada\"}]},{\"@type\":\"WebSite\",\"@id\":\"https:\\\/\\\/ubirataonline.com.br\\\/#website\",\"url\":\"https:\\\/\\\/ubirataonline.com.br\\\/\",\"name\":\"Ubirat\u00e3 Online Not\u00edcias\",\"description\":\"Not\u00edcias de Ubirat\u00e3, regi\u00e3o, Brasil e mundo, com informa\u00e7\u00e3o atualizada e compromisso com o leitor.\",\"publisher\":{\"@id\":\"https:\\\/\\\/ubirataonline.com.br\\\/#organization\"},\"alternateName\":\"Ubirat\u00e3 Online\",\"potentialAction\":[{\"@type\":\"SearchAction\",\"target\":{\"@type\":\"EntryPoint\",\"urlTemplate\":\"https:\\\/\\\/ubirataonline.com.br\\\/?s={search_term_string}\"},\"query-input\":{\"@type\":\"PropertyValueSpecification\",\"valueRequired\":true,\"valueName\":\"search_term_string\"}}],\"inLanguage\":\"en-US\"},{\"@type\":[\"Organization\",\"Place\"],\"@id\":\"https:\\\/\\\/ubirataonline.com.br\\\/#organization\",\"name\":\"Ubirat\u00e3 Online Not\u00edcias\",\"alternateName\":\"Ubirat\u00e3 Online\",\"url\":\"https:\\\/\\\/ubirataonline.com.br\\\/\",\"logo\":{\"@id\":\"https:\\\/\\\/ubirataonline.com.br\\\/missil-balistico-do-ira-em-direcao-a-turquia-e-abatido-otan-e-acionada\\\/#local-main-organization-logo\"},\"image\":{\"@id\":\"https:\\\/\\\/ubirataonline.com.br\\\/missil-balistico-do-ira-em-direcao-a-turquia-e-abatido-otan-e-acionada\\\/#local-main-organization-logo\"},\"sameAs\":[\"https:\\\/\\\/www.facebook.com\\\/portalubirataonline\",\"https:\\\/\\\/x.com\\\/ubirataonline\",\"https:\\\/\\\/mastodon.social\\\/@ubirataonline\",\"https:\\\/\\\/www.facebook.com\\\/groups\\\/311144672285604\",\"https:\\\/\\\/www.facebook.com\\\/UBTAOnline\",\"https:\\\/\\\/www.instagram.com\\\/portalubirataonline\\\/\",\"https:\\\/\\\/twitter.com\\\/ubirataonline\"],\"description\":\"Somos um portal de not\u00edcias independente, criado em 5 de janeiro de 2009, com o objetivo de informar, conectar e valorizar a nossa comunidade de Ubirat\u00e3 e toda aregi\u00e3o. Com conte\u00fado atualizado, confi\u00e1vel e relevante, o Ubirat\u00e3 Online \u00e9 o seu espa\u00e7o para ficar por dentro dos principais acontecimentos locais, regionais, Brasil, Mundo e de interesse geral. Nosso compromisso \u00e9 com a verdade, a transpar\u00eancia e o respeito ao leitor.\",\"legalName\":\"UBIRATA ONLINE NOT\u00cdCIAS\",\"foundingDate\":\"2009-01-05\",\"numberOfEmployees\":{\"@type\":\"QuantitativeValue\",\"minValue\":\"1\",\"maxValue\":\"10\"},\"publishingPrinciples\":\"https:\\\/\\\/ubirataonline.com.br\\\/faq\\\/\",\"address\":{\"@id\":\"https:\\\/\\\/ubirataonline.com.br\\\/missil-balistico-do-ira-em-direcao-a-turquia-e-abatido-otan-e-acionada\\\/#local-main-place-address\"},\"geo\":{\"@type\":\"GeoCoordinates\",\"latitude\":\"-24.5361401\",\"longitude\":\"-52.9921776\"},\"telephone\":[\"+5544998308235\"],\"contactPoint\":{\"@type\":\"ContactPoint\",\"email\":\"contato@ubirataonline.com.br\"},\"openingHoursSpecification\":{\"@type\":\"OpeningHoursSpecification\",\"dayOfWeek\":[\"Monday\",\"Tuesday\",\"Wednesday\",\"Thursday\",\"Friday\",\"Saturday\",\"Sunday\"],\"opens\":\"00:00\",\"closes\":\"23:59\"},\"email\":\"contato@ubirataonline.com.br\",\"vatID\":\"47.621.418\\\/0001-80\"},{\"@type\":\"Person\",\"@id\":\"https:\\\/\\\/ubirataonline.com.br\\\/#\\\/schema\\\/person\\\/372f87bbd3fdd79b8556b84c98d0bc1c\",\"name\":\"REDA\u00c7\u00c3O: UBIRAT\u00c3 ONLINE - F\u00c1BIO AUGUSTO CELESTINO\",\"pronouns\":\"Ele\",\"description\":\"Desde 2003 trabalhando com not\u00edcias.\",\"sameAs\":[\"http:\\\/\\\/ubirataoline.com.br\",\"https:\\\/\\\/www.facebook.com\\\/portalubirataonline\",\"https:\\\/\\\/www.instagram.com\\\/ubirataonline_oficial\",\"https:\\\/\\\/x.com\\\/x.com\\\/ubirataonline\"],\"honorificPrefix\":\"Mr.\",\"honorificSuffix\":\"MD\",\"birthDate\":\"1980-06-16\",\"gender\":\"masculino\",\"award\":[\"V\u00e1rios pr\u00eamios de melhor portal da cidade\"],\"jobTitle\":\"Diretor\",\"url\":\"https:\\\/\\\/ubirataonline.com.br\\\/en\\\/author\\\/ubirataonline\\\/\"},{\"@type\":\"PostalAddress\",\"@id\":\"https:\\\/\\\/ubirataonline.com.br\\\/missil-balistico-do-ira-em-direcao-a-turquia-e-abatido-otan-e-acionada\\\/#local-main-place-address\",\"streetAddress\":\"Rua dos Coqueiros, 104 - Bairro Boa Vista, Rua dos Coqueiros, 104 Bairro Boa Vista\",\"addressLocality\":\"UBIRATA\",\"postalCode\":\"85440-000\",\"addressRegion\":\"PR\",\"addressCountry\":\"BR\"},{\"@type\":\"ImageObject\",\"inLanguage\":\"en-US\",\"@id\":\"https:\\\/\\\/ubirataonline.com.br\\\/missil-balistico-do-ira-em-direcao-a-turquia-e-abatido-otan-e-acionada\\\/#local-main-organization-logo\",\"url\":\"https:\\\/\\\/ubirataonline.com.br\\\/wp-content\\\/uploads\\\/2026\\\/06\\\/logoubirataonline-1.webp\",\"contentUrl\":\"https:\\\/\\\/ubirataonline.com.br\\\/wp-content\\\/uploads\\\/2026\\\/06\\\/logoubirataonline-1.webp\",\"width\":500,\"height\":500,\"caption\":\"Ubirat\u00e3 Online Not\u00edcias\"}]}<\/script>\n<meta name=\"geo.placename\" content=\"UBIRATA\" \/>\n<meta name=\"geo.position\" content=\"-24.5361401;-52.9921776\" \/>\n<meta name=\"geo.region\" content=\"Brazil\" \/>\n<!-- \/ Yoast SEO Premium plugin. -->","yoast_head_json":{"title":"M\u00edssil bal\u00edstico do Ir\u00e3 em dire\u00e7\u00e3o \u00e0 Turquia \u00e9 abatido; OTAN \u00e9 acionada - Ubirat\u00e3 Online Not\u00edcias - A realidade ao seu alcance!","description":"Um m\u00edssil bal\u00edstico disparado do Ir\u00e3 em dire\u00e7\u00e3o ao espa\u00e7o a\u00e9reo turco foi abatido nesta quarta-feira (4), segundo informou o Minist\u00e9rio da Defesa da","robots":{"index":"index","follow":"follow","max-snippet":"max-snippet:-1","max-image-preview":"max-image-preview:large","max-video-preview":"max-video-preview:-1"},"canonical":"https:\/\/ubirataonline.com.br\/en\/missil-balistico-do-ira-em-direcao-a-turquia-e-abatido-otan-e-acionada\/","og_locale":"en_US","og_type":"article","og_title":"M\u00edssil bal\u00edstico do Ir\u00e3 em dire\u00e7\u00e3o \u00e0 Turquia \u00e9 abatido; OTAN \u00e9 acionada","og_description":"Um m\u00edssil bal\u00edstico disparado do Ir\u00e3 em dire\u00e7\u00e3o ao espa\u00e7o a\u00e9reo turco foi abatido nesta quarta-feira (4), segundo informou o Minist\u00e9rio da Defesa da","og_url":"https:\/\/ubirataonline.com.br\/en\/missil-balistico-do-ira-em-direcao-a-turquia-e-abatido-otan-e-acionada\/","og_site_name":"Ubirat\u00e3 Online Not\u00edcias - A realidade ao seu alcance!","article_publisher":"https:\/\/www.facebook.com\/portalubirataonline","article_author":"https:\/\/www.facebook.com\/portalubirataonline","article_published_time":"2026-03-04T13:00:35+00:00","article_modified_time":"2026-03-04T13:00:41+00:00","og_image":[{"width":1200,"height":800,"url":"https:\/\/ubirataonline.com.br\/wp-content\/uploads\/2026\/03\/Missil-balistico-do-Ira-em-direcao-a-Turquia-e-abatido.jpg","type":"image\/jpeg"}],"author":"REDA\u00c7\u00c3O: UBIRAT\u00c3 ONLINE - F\u00c1BIO AUGUSTO CELESTINO","twitter_card":"summary_large_image","twitter_creator":"@x.com\/ubirataonline","twitter_site":"@ubirataonline","twitter_misc":{"Written by":"REDA\u00c7\u00c3O: UBIRAT\u00c3 ONLINE - F\u00c1BIO AUGUSTO CELESTINO","Est. reading time":"4 minutes"},"schema":{"@context":"https:\/\/schema.org","@graph":[{"@type":"NewsArticle","@id":"https:\/\/ubirataonline.com.br\/missil-balistico-do-ira-em-direcao-a-turquia-e-abatido-otan-e-acionada\/#article","isPartOf":{"@id":"https:\/\/ubirataonline.com.br\/missil-balistico-do-ira-em-direcao-a-turquia-e-abatido-otan-e-acionada\/"},"author":{"name":"REDA\u00c7\u00c3O: UBIRAT\u00c3 ONLINE - F\u00c1BIO AUGUSTO CELESTINO","@id":"https:\/\/ubirataonline.com.br\/#\/schema\/person\/372f87bbd3fdd79b8556b84c98d0bc1c"},"headline":"M\u00edssil bal\u00edstico do Ir\u00e3 em dire\u00e7\u00e3o \u00e0 Turquia \u00e9 abatido; OTAN \u00e9 acionada","datePublished":"2026-03-04T13:00:35+00:00","dateModified":"2026-03-04T13:00:41+00:00","mainEntityOfPage":{"@id":"https:\/\/ubirataonline.com.br\/missil-balistico-do-ira-em-direcao-a-turquia-e-abatido-otan-e-acionada\/"},"wordCount":830,"publisher":{"@id":"https:\/\/ubirataonline.com.br\/#organization"},"image":{"@id":"https:\/\/ubirataonline.com.br\/missil-balistico-do-ira-em-direcao-a-turquia-e-abatido-otan-e-acionada\/#primaryimage"},"thumbnailUrl":"https:\/\/ubirataonline.com.br\/wp-content\/uploads\/2026\/03\/Missil-balistico-do-Ira-em-direcao-a-Turquia-e-abatido.jpg","keywords":["abatido","acionada","bal\u00edstico","dire\u00e7\u00e3o","Ir\u00e3","M\u00edssil","OTAN","Turquia"],"articleSection":["Brasil"],"inLanguage":"en-US","copyrightYear":"2026","copyrightHolder":{"@id":"https:\/\/ubirataonline.com.br\/en\/#organization"}},{"@type":"WebPage","@id":"https:\/\/ubirataonline.com.br\/missil-balistico-do-ira-em-direcao-a-turquia-e-abatido-otan-e-acionada\/","url":"https:\/\/ubirataonline.com.br\/missil-balistico-do-ira-em-direcao-a-turquia-e-abatido-otan-e-acionada\/","name":"M\u00edssil bal\u00edstico do Ir\u00e3 em dire\u00e7\u00e3o \u00e0 Turquia \u00e9 abatido; OTAN \u00e9 acionada - Ubirat\u00e3 Online Not\u00edcias - A realidade ao seu alcance!","isPartOf":{"@id":"https:\/\/ubirataonline.com.br\/#website"},"primaryImageOfPage":{"@id":"https:\/\/ubirataonline.com.br\/missil-balistico-do-ira-em-direcao-a-turquia-e-abatido-otan-e-acionada\/#primaryimage"},"image":{"@id":"https:\/\/ubirataonline.com.br\/missil-balistico-do-ira-em-direcao-a-turquia-e-abatido-otan-e-acionada\/#primaryimage"},"thumbnailUrl":"https:\/\/ubirataonline.com.br\/wp-content\/uploads\/2026\/03\/Missil-balistico-do-Ira-em-direcao-a-Turquia-e-abatido.jpg","datePublished":"2026-03-04T13:00:35+00:00","dateModified":"2026-03-04T13:00:41+00:00","description":"Um m\u00edssil bal\u00edstico disparado do Ir\u00e3 em dire\u00e7\u00e3o ao espa\u00e7o a\u00e9reo turco foi abatido nesta quarta-feira (4), segundo informou o Minist\u00e9rio da Defesa da","breadcrumb":{"@id":"https:\/\/ubirataonline.com.br\/missil-balistico-do-ira-em-direcao-a-turquia-e-abatido-otan-e-acionada\/#breadcrumb"},"inLanguage":"en-US","potentialAction":[{"@type":"ReadAction","target":["https:\/\/ubirataonline.com.br\/missil-balistico-do-ira-em-direcao-a-turquia-e-abatido-otan-e-acionada\/"]}]},{"@type":"ImageObject","inLanguage":"en-US","@id":"https:\/\/ubirataonline.com.br\/missil-balistico-do-ira-em-direcao-a-turquia-e-abatido-otan-e-acionada\/#primaryimage","url":"https:\/\/ubirataonline.com.br\/wp-content\/uploads\/2026\/03\/Missil-balistico-do-Ira-em-direcao-a-Turquia-e-abatido.jpg","contentUrl":"https:\/\/ubirataonline.com.br\/wp-content\/uploads\/2026\/03\/Missil-balistico-do-Ira-em-direcao-a-Turquia-e-abatido.jpg","width":1200,"height":800,"caption":"M\u00edssil iraniano atinge Israel em meio a guerra no Oriente M\u00e9dio. \u2014 Foto: JACK GUEZ \/ AFP"},{"@type":"BreadcrumbList","@id":"https:\/\/ubirataonline.com.br\/missil-balistico-do-ira-em-direcao-a-turquia-e-abatido-otan-e-acionada\/#breadcrumb","itemListElement":[{"@type":"ListItem","position":1,"name":"In\u00edcio","item":"https:\/\/ubirataonline.com.br\/"},{"@type":"ListItem","position":2,"name":"M\u00edssil bal\u00edstico do Ir\u00e3 em dire\u00e7\u00e3o \u00e0 Turquia \u00e9 abatido; OTAN \u00e9 acionada"}]},{"@type":"WebSite","@id":"https:\/\/ubirataonline.com.br\/#website","url":"https:\/\/ubirataonline.com.br\/","name":"Ubirat\u00e3 Online Not\u00edcias","description":"Not\u00edcias de Ubirat\u00e3, regi\u00e3o, Brasil e mundo, com informa\u00e7\u00e3o atualizada e compromisso com o leitor.","publisher":{"@id":"https:\/\/ubirataonline.com.br\/#organization"},"alternateName":"Ubirat\u00e3 Online","potentialAction":[{"@type":"SearchAction","target":{"@type":"EntryPoint","urlTemplate":"https:\/\/ubirataonline.com.br\/?s={search_term_string}"},"query-input":{"@type":"PropertyValueSpecification","valueRequired":true,"valueName":"search_term_string"}}],"inLanguage":"en-US"},{"@type":["Organization","Place"],"@id":"https:\/\/ubirataonline.com.br\/#organization","name":"Ubirat\u00e3 Online Not\u00edcias","alternateName":"Ubirat\u00e3 Online","url":"https:\/\/ubirataonline.com.br\/","logo":{"@id":"https:\/\/ubirataonline.com.br\/missil-balistico-do-ira-em-direcao-a-turquia-e-abatido-otan-e-acionada\/#local-main-organization-logo"},"image":{"@id":"https:\/\/ubirataonline.com.br\/missil-balistico-do-ira-em-direcao-a-turquia-e-abatido-otan-e-acionada\/#local-main-organization-logo"},"sameAs":["https:\/\/www.facebook.com\/portalubirataonline","https:\/\/x.com\/ubirataonline","https:\/\/mastodon.social\/@ubirataonline","https:\/\/www.facebook.com\/groups\/311144672285604","https:\/\/www.facebook.com\/UBTAOnline","https:\/\/www.instagram.com\/portalubirataonline\/","https:\/\/twitter.com\/ubirataonline"],"description":"Somos um portal de not\u00edcias independente, criado em 5 de janeiro de 2009, com o objetivo de informar, conectar e valorizar a nossa comunidade de Ubirat\u00e3 e toda aregi\u00e3o. Com conte\u00fado atualizado, confi\u00e1vel e relevante, o Ubirat\u00e3 Online \u00e9 o seu espa\u00e7o para ficar por dentro dos principais acontecimentos locais, regionais, Brasil, Mundo e de interesse geral. Nosso compromisso \u00e9 com a verdade, a transpar\u00eancia e o respeito ao leitor.","legalName":"UBIRATA ONLINE NOT\u00cdCIAS","foundingDate":"2009-01-05","numberOfEmployees":{"@type":"QuantitativeValue","minValue":"1","maxValue":"10"},"publishingPrinciples":"https:\/\/ubirataonline.com.br\/faq\/","address":{"@id":"https:\/\/ubirataonline.com.br\/missil-balistico-do-ira-em-direcao-a-turquia-e-abatido-otan-e-acionada\/#local-main-place-address"},"geo":{"@type":"GeoCoordinates","latitude":"-24.5361401","longitude":"-52.9921776"},"telephone":["+5544998308235"],"contactPoint":{"@type":"ContactPoint","email":"contato@ubirataonline.com.br"},"openingHoursSpecification":{"@type":"OpeningHoursSpecification","dayOfWeek":["Monday","Tuesday","Wednesday","Thursday","Friday","Saturday","Sunday"],"opens":"00:00","closes":"23:59"},"email":"contato@ubirataonline.com.br","vatID":"47.621.418\/0001-80"},{"@type":"Person","@id":"https:\/\/ubirataonline.com.br\/#\/schema\/person\/372f87bbd3fdd79b8556b84c98d0bc1c","name":"REDA\u00c7\u00c3O: UBIRAT\u00c3 ONLINE - F\u00c1BIO AUGUSTO CELESTINO","pronouns":"Ele","description":"Desde 2003 trabalhando com not\u00edcias.","sameAs":["http:\/\/ubirataoline.com.br","https:\/\/www.facebook.com\/portalubirataonline","https:\/\/www.instagram.com\/ubirataonline_oficial","https:\/\/x.com\/x.com\/ubirataonline"],"honorificPrefix":"Mr.","honorificSuffix":"MD","birthDate":"1980-06-16","gender":"masculino","award":["V\u00e1rios pr\u00eamios de melhor portal da cidade"],"jobTitle":"Diretor","url":"https:\/\/ubirataonline.com.br\/en\/author\/ubirataonline\/"},{"@type":"PostalAddress","@id":"https:\/\/ubirataonline.com.br\/missil-balistico-do-ira-em-direcao-a-turquia-e-abatido-otan-e-acionada\/#local-main-place-address","streetAddress":"Rua dos Coqueiros, 104 - Bairro Boa Vista, Rua dos Coqueiros, 104 Bairro Boa Vista","addressLocality":"UBIRATA","postalCode":"85440-000","addressRegion":"PR","addressCountry":"BR"},{"@type":"ImageObject","inLanguage":"en-US","@id":"https:\/\/ubirataonline.com.br\/missil-balistico-do-ira-em-direcao-a-turquia-e-abatido-otan-e-acionada\/#local-main-organization-logo","url":"https:\/\/ubirataonline.com.br\/wp-content\/uploads\/2026\/06\/logoubirataonline-1.webp","contentUrl":"https:\/\/ubirataonline.com.br\/wp-content\/uploads\/2026\/06\/logoubirataonline-1.webp","width":500,"height":500,"caption":"Ubirat\u00e3 Online Not\u00edcias"}]},"geo.placename":"UBIRATA","geo.position":{"lat":"-24.5361401","long":"-52.9921776"},"geo.region":"Brazil"},"_links":{"self":[{"href":"https:\/\/ubirataonline.com.br\/en\/wp-json\/wp\/v2\/posts\/91750","targetHints":{"allow":["GET"]}}],"collection":[{"href":"https:\/\/ubirataonline.com.br\/en\/wp-json\/wp\/v2\/posts"}],"about":[{"href":"https:\/\/ubirataonline.com.br\/en\/wp-json\/wp\/v2\/types\/post"}],"author":[{"embeddable":true,"href":"https:\/\/ubirataonline.com.br\/en\/wp-json\/wp\/v2\/users\/1"}],"replies":[{"embeddable":true,"href":"https:\/\/ubirataonline.com.br\/en\/wp-json\/wp\/v2\/comments?post=91750"}],"version-history":[{"count":0,"href":"https:\/\/ubirataonline.com.br\/en\/wp-json\/wp\/v2\/posts\/91750\/revisions"}],"wp:featuredmedia":[{"embeddable":true,"href":"https:\/\/ubirataonline.com.br\/en\/wp-json\/wp\/v2\/media\/91751"}],"wp:attachment":[{"href":"https:\/\/ubirataonline.com.br\/en\/wp-json\/wp\/v2\/media?parent=91750"}],"wp:term":[{"taxonomy":"category","embeddable":true,"href":"https:\/\/ubirataonline.com.br\/en\/wp-json\/wp\/v2\/categories?post=91750"},{"taxonomy":"post_tag","embeddable":true,"href":"https:\/\/ubirataonline.com.br\/en\/wp-json\/wp\/v2\/tags?post=91750"}],"curies":[{"name":"wp","href":"https:\/\/api.w.org\/{rel}","templated":true}]}}