{"id":92087,"date":"2026-03-05T14:29:20","date_gmt":"2026-03-05T17:29:20","guid":{"rendered":"https:\/\/ubirataonline.com.br\/acao-cai-apos-dado-operacional-fraco-e-temor-com-excesso-de-oferta\/"},"modified":"2026-03-05T14:29:29","modified_gmt":"2026-03-05T17:29:29","slug":"acao-cai-apos-dado-operacional-fraco-e-temor-com-excesso-de-oferta","status":"publish","type":"post","link":"https:\/\/ubirataonline.com.br\/en\/acao-cai-apos-dado-operacional-fraco-e-temor-com-excesso-de-oferta\/","title":{"rendered":"a\u00e7\u00e3o cai ap\u00f3s dado operacional fraco e temor com excesso de oferta"},"content":{"rendered":"<p><\/p>\n<div id=\"\">\n<p>As a\u00e7\u00f5es da Braskem (<a href=\"https:\/\/www.infomoney.com.br\/BRKM5\">BRKM5<\/a>) recuavam com for\u00e7a nesta segunda-feira (2), registrando uma das maiores baixas do Ibovespa, com investidores digerindo o <a href=\"https:\/\/www.infomoney.com.br\/mercados\/braskem-tem-queda-em-vendas-de-resinas-e-principais-quimicos-no-brasil-no-4o-tri\/\">relat\u00f3rio operacional da petroqu\u00edmica<\/a> publicado na sexta-feira. Os pap\u00e9is <a href=\"https:\/\/www.infomoney.com.br\/BRKM5\">BRKM5<\/a> fecharam com baixa de 3,55%, cotados a R$ 9,25.<\/p>\n<p>Enquanto \u200bas vendas de resinas recuaram 8% na compara\u00e7\u00e3o anual, para 743 \u200cmil toneladas, \u200bprincipais qu\u00edmicos sofreram recuo de 13%, a \u2060595 mil \u200btoneladas.<\/p>\n<p>A \u200bcompanhia apurou ainda queda de \u20603% \u200bnos spreads \u2013 a diferen\u00e7a entre o \u200bpre\u00e7o de venda do produto final \u200be \u2060o custo da mat\u00e9ria-prima \u2013 de \u2060principais qu\u00edmicos e de 15% no caso das resinas.<\/p>\n<div class=\"cta-middle\">\n<div class=\"im-cta\">\n<div class=\"max-w-2xl mx-auto space-y-4 px-6 xl:px-0 my-10\">\n<section class=\"border-8 border-blue-50 rounded-lg pb-6\">\n<div><\/div>\n<div class=\"px-6 my-6\">\n<p class=\"font-normal text-base text-wl-neutral-600 max-w-md mx-auto\">\n\t\t\t\t\t\t\tViva do lucro de grandes empresas\t\t\t\t\t\t<\/p>\n<\/p><\/div>\n<\/section><\/div>\n<\/p><\/div>\n<\/div>\n<p>O JPMorgan classificou a pr\u00e9via com negativa, apontando que resultados fracos refletiram o excesso de oferta no mercado. No Brasil, manuten\u00e7\u00f5es programadas na Bahia reduziram a produ\u00e7\u00e3o, enquanto estoques elevados da ind\u00fastria pressionaram as vendas. No M\u00e9xico, as opera\u00e7\u00f5es normalizaram ap\u00f3s a paralisa\u00e7\u00e3o da Braskem Idesa no 3T25; entretanto, a melhora na utiliza\u00e7\u00e3o n\u00e3o se traduziu em crescimento de vendas esperado. Nos EUA e na Europa, manuten\u00e7\u00f5es nas unidades europeias e maior competi\u00e7\u00e3o de importa\u00e7\u00f5es foram fatores negativos, embora os resultados ainda tenham superado as expectativas para um trimestre fraco. <\/p>\n<p>O JPMorgan continua cauteloso diante da press\u00e3o cont\u00ednua sobre os spreads e disse que vai acompanhar os programas regionais de incentivos que podem melhorar o desempenho financeiro. Com isso, manteve recomenda\u00e7\u00e3o neutra e pre\u00e7o-alvo de R$ 10,50,<\/p>\n<p>J\u00e1 o BTG Pactual reiterou uma vis\u00e3o cautelosa sobre a Braskem, projetando resultados financeiros desanimadores para o \u00faltimo trimestre do ano passado. Analistas projetam um Ebitda (lucro antes de juros, impostos, deprecia\u00e7\u00f5es e amortiza\u00e7\u00f5es) de apenas US$ 86 milh\u00f5es e uma nova queima de caixa, impulsionados pela persistente fraqueza nos spreads (diferen\u00e7a entre o pre\u00e7o de venda dos produtos e o custo das mat\u00e9rias-primas) petroqu\u00edmicos globais e volumes reduzidos no Brasil, principal unidade de neg\u00f3cios da companhia.<\/p>\n<div data-ds-component=\"ad\" data-ad-type=\"Video\" class=\"max-w-2xl rounded bg-wl-neutral-50 text-xs leading-4 pb-8 text-center  text-wl-neutral-500 mx-auto mb-6 px-6 xl:px-0\">\n<p class=\"py-2\">Continua depois da publicidade<\/p>\n<\/p><\/div>\n<p>Para o banco, a alavancagem da Braskem deve continuar subindo, tornando necess\u00e1rio um ajuste na estrutura de capital, que pode incluir convers\u00e3o de d\u00edvida em a\u00e7\u00f5es ou inje\u00e7\u00e3o de capital, resultando em dilui\u00e7\u00e3o para acionistas minorit\u00e1rios. Apesar de melhorias pontuais no M\u00e9xico e nos EUA, o cen\u00e1rio operacional segue pressionado, com a necessidade de passos adicionais para garantir uma revers\u00e3o sustent\u00e1vel na gera\u00e7\u00e3o de caixa.<\/p>\n<h2 class=\"wp-block-heading\" id=\"h-petrobras-busca-influencia-estrategica-sobre-a-braskem-apos-aquisicao-pelo-ig4\">Petrobras busca influ\u00eancia estrat\u00e9gica sobre a Braskem ap\u00f3s aquisi\u00e7\u00e3o pelo IG4<\/h2>\n<p>Ainda em destaque, o Conselho Administrativo de Defesa Econ\u00f4mica (Cade) determinou que a transfer\u00eancia do controle da Braskem da Novonor, ex-Odebrecht, para o <a href=\"https:\/\/www.infomoney.com.br\/mercados\/bb-registra-perda-de-r-36-bi-com-acoes-da-braskem-dadas-como-garantia-pela-novonor\/\">fundo IG4<\/a> precisar\u00e1 de uma an\u00e1lise mais aprofundada, embora a aprova\u00e7\u00e3o seja esperada nas pr\u00f3ximas semanas, informou o jornal O Globo.<\/p>\n<p>Ap\u00f3s essa etapa, Petrobras e IG4 devem negociar um acordo paralelo pelo qual a estatal garantiria o direito de intervir na gest\u00e3o da Braskem e em decis\u00f5es operacionais-chave. A medida indica que, mesmo sem assumir o controle, a Petrobras pretende preservar influ\u00eancia estrat\u00e9gica sobre a petroqu\u00edmica ap\u00f3s a mudan\u00e7a de propriedade.<\/p>\n<p>Na avalia\u00e7\u00e3o do Bradesco BBI, o movimento da Petrobras j\u00e1 era esperado pelo mercado. \u201cA quest\u00e3o agora \u00e9 se ser\u00e1 necess\u00e1ria uma inje\u00e7\u00e3o de capital, dado que os fundamentos da Braskem continuam se deteriorando.\u201d<\/p>\n<p><iframe loading=\"lazy\" src=\"https:\/\/www.infomoney.com.br\/web-stories\/tudo-o-que-voce-precisa-para-investir-em-2026\/\" width=\"360\" height=\"600\" allowfullscreen=\"\"><\/iframe>        <\/div>\n<p><a href=\"https:\/\/www.infomoney.com.br\/mercados\/braskem-brkm5-acao-cai-apos-dado-operacional-fraco-e-temor-com-excesso-de-oferta\/\">Fonte do Artigo <\/a><\/p>","protected":false},"excerpt":{"rendered":"<p>As a\u00e7\u00f5es da Braskem (BRKM5) recuavam com for\u00e7a nesta segunda-feira (2), registrando uma das maiores baixas do Ibovespa, com investidores digerindo o relat\u00f3rio operacional da petroqu\u00edmica publicado na sexta-feira. Os pap\u00e9is BRKM5 fecharam com baixa de 3,55%, cotados a R$ 9,25. Enquanto \u200bas vendas de resinas recuaram 8% na compara\u00e7\u00e3o anual, para 743 \u200cmil toneladas, [&hellip;]<\/p>\n","protected":false},"author":1,"featured_media":92088,"comment_status":"closed","ping_status":"","sticky":false,"template":"","format":"standard","meta":{"googlesitekit_rrm_CAow2JLhCw:productID":"","_gspb_post_css":"","maa_idioma":"","maa_pais":"","footnotes":""},"categories":[4],"tags":[5607,3140,9748,8505,11560,19814,8046,18855,19941],"class_list":["post-92087","post","type-post","status-publish","format-standard","has-post-thumbnail","hentry","category-brasil","tag-acao","tag-apos","tag-cai","tag-dado","tag-excesso","tag-fraco","tag-oferta","tag-operacional","tag-temor"],"blocksy_meta":[],"yoast_head":"<!-- This site is optimized with the Yoast SEO Premium plugin v27.6 (Yoast SEO v27.6) - https:\/\/yoast.com\/product\/yoast-seo-premium-wordpress\/ -->\n<title>a\u00e7\u00e3o cai ap\u00f3s dado operacional fraco e temor com excesso de oferta - Ubirat\u00e3 Online Not\u00edcias - A realidade ao seu alcance!<\/title>\n<meta name=\"description\" content=\"As a\u00e7\u00f5es da Braskem (BRKM5) recuavam com for\u00e7a nesta segunda-feira (2), registrando uma das maiores baixas do Ibovespa, com investidores digerindo o\" \/>\n<meta name=\"robots\" content=\"index, follow, max-snippet:-1, max-image-preview:large, max-video-preview:-1\" \/>\n<link rel=\"canonical\" href=\"https:\/\/ubirataonline.com.br\/en\/acao-cai-apos-dado-operacional-fraco-e-temor-com-excesso-de-oferta\/\" \/>\n<meta property=\"og:locale\" content=\"en_US\" \/>\n<meta property=\"og:type\" content=\"article\" \/>\n<meta property=\"og:title\" content=\"a\u00e7\u00e3o cai ap\u00f3s dado operacional fraco e temor com excesso de oferta\" \/>\n<meta property=\"og:description\" content=\"As a\u00e7\u00f5es da Braskem (BRKM5) recuavam com for\u00e7a nesta segunda-feira (2), registrando uma das maiores baixas do Ibovespa, com investidores digerindo o\" \/>\n<meta property=\"og:url\" content=\"https:\/\/ubirataonline.com.br\/en\/acao-cai-apos-dado-operacional-fraco-e-temor-com-excesso-de-oferta\/\" \/>\n<meta property=\"og:site_name\" content=\"Ubirat\u00e3 Online Not\u00edcias - A realidade ao seu alcance!\" \/>\n<meta property=\"article:publisher\" content=\"https:\/\/www.facebook.com\/portalubirataonline\" \/>\n<meta property=\"article:author\" content=\"https:\/\/www.facebook.com\/portalubirataonline\" \/>\n<meta property=\"article:published_time\" content=\"2026-03-05T17:29:20+00:00\" \/>\n<meta property=\"article:modified_time\" content=\"2026-03-05T17:29:29+00:00\" \/>\n<meta property=\"og:image\" content=\"https:\/\/ubirataonline.com.br\/wp-content\/uploads\/2026\/03\/acao-cai-apos-dado-operacional-fraco-e-temor-com-excesso.jpg\" \/>\n\t<meta property=\"og:image:width\" content=\"900\" \/>\n\t<meta property=\"og:image:height\" content=\"600\" \/>\n\t<meta property=\"og:image:type\" content=\"image\/jpeg\" \/>\n<meta name=\"author\" content=\"REDA\u00c7\u00c3O: UBIRAT\u00c3 ONLINE - F\u00c1BIO AUGUSTO CELESTINO\" \/>\n<meta name=\"twitter:card\" content=\"summary_large_image\" \/>\n<meta name=\"twitter:creator\" content=\"@x.com\/ubirataonline\" \/>\n<meta name=\"twitter:site\" content=\"@ubirataonline\" \/>\n<meta name=\"twitter:label1\" content=\"Written by\" \/>\n\t<meta name=\"twitter:data1\" content=\"REDA\u00c7\u00c3O: UBIRAT\u00c3 ONLINE - F\u00c1BIO AUGUSTO CELESTINO\" \/>\n\t<meta name=\"twitter:label2\" content=\"Est. reading time\" \/>\n\t<meta name=\"twitter:data2\" content=\"3 minutes\" \/>\n<script type=\"application\/ld+json\" class=\"yoast-schema-graph\">{\"@context\":\"https:\\\/\\\/schema.org\",\"@graph\":[{\"@type\":\"NewsArticle\",\"@id\":\"https:\\\/\\\/ubirataonline.com.br\\\/acao-cai-apos-dado-operacional-fraco-e-temor-com-excesso-de-oferta\\\/#article\",\"isPartOf\":{\"@id\":\"https:\\\/\\\/ubirataonline.com.br\\\/acao-cai-apos-dado-operacional-fraco-e-temor-com-excesso-de-oferta\\\/\"},\"author\":{\"name\":\"REDA\u00c7\u00c3O: UBIRAT\u00c3 ONLINE - F\u00c1BIO AUGUSTO CELESTINO\",\"@id\":\"https:\\\/\\\/ubirataonline.com.br\\\/#\\\/schema\\\/person\\\/372f87bbd3fdd79b8556b84c98d0bc1c\"},\"headline\":\"a\u00e7\u00e3o cai ap\u00f3s dado operacional fraco e temor com excesso de oferta\",\"datePublished\":\"2026-03-05T17:29:20+00:00\",\"dateModified\":\"2026-03-05T17:29:29+00:00\",\"mainEntityOfPage\":{\"@id\":\"https:\\\/\\\/ubirataonline.com.br\\\/acao-cai-apos-dado-operacional-fraco-e-temor-com-excesso-de-oferta\\\/\"},\"wordCount\":593,\"publisher\":{\"@id\":\"https:\\\/\\\/ubirataonline.com.br\\\/#organization\"},\"image\":{\"@id\":\"https:\\\/\\\/ubirataonline.com.br\\\/acao-cai-apos-dado-operacional-fraco-e-temor-com-excesso-de-oferta\\\/#primaryimage\"},\"thumbnailUrl\":\"https:\\\/\\\/ubirataonline.com.br\\\/wp-content\\\/uploads\\\/2026\\\/03\\\/acao-cai-apos-dado-operacional-fraco-e-temor-com-excesso.jpg\",\"keywords\":[\"a\u00e7\u00e3o\",\"ap\u00f3s\",\"cai\",\"Dado\",\"excesso\",\"fraco\",\"oferta\",\"operacional\",\"temor\"],\"articleSection\":[\"Brasil\"],\"inLanguage\":\"en-US\",\"copyrightYear\":\"2026\",\"copyrightHolder\":{\"@id\":\"https:\\\/\\\/ubirataonline.com.br\\\/en\\\/#organization\"}},{\"@type\":\"WebPage\",\"@id\":\"https:\\\/\\\/ubirataonline.com.br\\\/acao-cai-apos-dado-operacional-fraco-e-temor-com-excesso-de-oferta\\\/\",\"url\":\"https:\\\/\\\/ubirataonline.com.br\\\/acao-cai-apos-dado-operacional-fraco-e-temor-com-excesso-de-oferta\\\/\",\"name\":\"a\u00e7\u00e3o cai ap\u00f3s dado operacional fraco e temor com excesso de oferta - Ubirat\u00e3 Online Not\u00edcias - A realidade ao seu alcance!\",\"isPartOf\":{\"@id\":\"https:\\\/\\\/ubirataonline.com.br\\\/#website\"},\"primaryImageOfPage\":{\"@id\":\"https:\\\/\\\/ubirataonline.com.br\\\/acao-cai-apos-dado-operacional-fraco-e-temor-com-excesso-de-oferta\\\/#primaryimage\"},\"image\":{\"@id\":\"https:\\\/\\\/ubirataonline.com.br\\\/acao-cai-apos-dado-operacional-fraco-e-temor-com-excesso-de-oferta\\\/#primaryimage\"},\"thumbnailUrl\":\"https:\\\/\\\/ubirataonline.com.br\\\/wp-content\\\/uploads\\\/2026\\\/03\\\/acao-cai-apos-dado-operacional-fraco-e-temor-com-excesso.jpg\",\"datePublished\":\"2026-03-05T17:29:20+00:00\",\"dateModified\":\"2026-03-05T17:29:29+00:00\",\"description\":\"As a\u00e7\u00f5es da Braskem (BRKM5) recuavam com for\u00e7a nesta segunda-feira (2), registrando uma das maiores baixas do Ibovespa, com investidores digerindo o\",\"breadcrumb\":{\"@id\":\"https:\\\/\\\/ubirataonline.com.br\\\/acao-cai-apos-dado-operacional-fraco-e-temor-com-excesso-de-oferta\\\/#breadcrumb\"},\"inLanguage\":\"en-US\",\"potentialAction\":[{\"@type\":\"ReadAction\",\"target\":[\"https:\\\/\\\/ubirataonline.com.br\\\/acao-cai-apos-dado-operacional-fraco-e-temor-com-excesso-de-oferta\\\/\"]}]},{\"@type\":\"ImageObject\",\"inLanguage\":\"en-US\",\"@id\":\"https:\\\/\\\/ubirataonline.com.br\\\/acao-cai-apos-dado-operacional-fraco-e-temor-com-excesso-de-oferta\\\/#primaryimage\",\"url\":\"https:\\\/\\\/ubirataonline.com.br\\\/wp-content\\\/uploads\\\/2026\\\/03\\\/acao-cai-apos-dado-operacional-fraco-e-temor-com-excesso.jpg\",\"contentUrl\":\"https:\\\/\\\/ubirataonline.com.br\\\/wp-content\\\/uploads\\\/2026\\\/03\\\/acao-cai-apos-dado-operacional-fraco-e-temor-com-excesso.jpg\",\"width\":900,\"height\":600,\"caption\":\"a\u00e7\u00e3o cai ap\u00f3s dado operacional fraco e temor com excesso de oferta\"},{\"@type\":\"BreadcrumbList\",\"@id\":\"https:\\\/\\\/ubirataonline.com.br\\\/acao-cai-apos-dado-operacional-fraco-e-temor-com-excesso-de-oferta\\\/#breadcrumb\",\"itemListElement\":[{\"@type\":\"ListItem\",\"position\":1,\"name\":\"In\u00edcio\",\"item\":\"https:\\\/\\\/ubirataonline.com.br\\\/\"},{\"@type\":\"ListItem\",\"position\":2,\"name\":\"a\u00e7\u00e3o cai ap\u00f3s dado operacional fraco e temor com excesso de oferta\"}]},{\"@type\":\"WebSite\",\"@id\":\"https:\\\/\\\/ubirataonline.com.br\\\/#website\",\"url\":\"https:\\\/\\\/ubirataonline.com.br\\\/\",\"name\":\"Ubirat\u00e3 Online Not\u00edcias\",\"description\":\"Not\u00edcias de Ubirat\u00e3, regi\u00e3o, Brasil e mundo, com informa\u00e7\u00e3o atualizada e compromisso com o leitor.\",\"publisher\":{\"@id\":\"https:\\\/\\\/ubirataonline.com.br\\\/#organization\"},\"alternateName\":\"Ubirat\u00e3 Online\",\"potentialAction\":[{\"@type\":\"SearchAction\",\"target\":{\"@type\":\"EntryPoint\",\"urlTemplate\":\"https:\\\/\\\/ubirataonline.com.br\\\/?s={search_term_string}\"},\"query-input\":{\"@type\":\"PropertyValueSpecification\",\"valueRequired\":true,\"valueName\":\"search_term_string\"}}],\"inLanguage\":\"en-US\"},{\"@type\":[\"Organization\",\"Place\"],\"@id\":\"https:\\\/\\\/ubirataonline.com.br\\\/#organization\",\"name\":\"Ubirat\u00e3 Online Not\u00edcias\",\"alternateName\":\"Ubirat\u00e3 Online\",\"url\":\"https:\\\/\\\/ubirataonline.com.br\\\/\",\"logo\":{\"@id\":\"https:\\\/\\\/ubirataonline.com.br\\\/acao-cai-apos-dado-operacional-fraco-e-temor-com-excesso-de-oferta\\\/#local-main-organization-logo\"},\"image\":{\"@id\":\"https:\\\/\\\/ubirataonline.com.br\\\/acao-cai-apos-dado-operacional-fraco-e-temor-com-excesso-de-oferta\\\/#local-main-organization-logo\"},\"sameAs\":[\"https:\\\/\\\/www.facebook.com\\\/portalubirataonline\",\"https:\\\/\\\/x.com\\\/ubirataonline\",\"https:\\\/\\\/mastodon.social\\\/@ubirataonline\",\"https:\\\/\\\/www.facebook.com\\\/groups\\\/311144672285604\",\"https:\\\/\\\/www.facebook.com\\\/UBTAOnline\",\"https:\\\/\\\/www.instagram.com\\\/portalubirataonline\\\/\",\"https:\\\/\\\/twitter.com\\\/ubirataonline\"],\"description\":\"Somos um portal de not\u00edcias independente, criado em 5 de janeiro de 2009, com o objetivo de informar, conectar e valorizar a nossa comunidade de Ubirat\u00e3 e toda aregi\u00e3o. Com conte\u00fado atualizado, confi\u00e1vel e relevante, o Ubirat\u00e3 Online \u00e9 o seu espa\u00e7o para ficar por dentro dos principais acontecimentos locais, regionais, Brasil, Mundo e de interesse geral. Nosso compromisso \u00e9 com a verdade, a transpar\u00eancia e o respeito ao leitor.\",\"legalName\":\"UBIRATA ONLINE NOT\u00cdCIAS\",\"foundingDate\":\"2009-01-05\",\"numberOfEmployees\":{\"@type\":\"QuantitativeValue\",\"minValue\":\"1\",\"maxValue\":\"10\"},\"publishingPrinciples\":\"https:\\\/\\\/ubirataonline.com.br\\\/faq\\\/\",\"address\":{\"@id\":\"https:\\\/\\\/ubirataonline.com.br\\\/acao-cai-apos-dado-operacional-fraco-e-temor-com-excesso-de-oferta\\\/#local-main-place-address\"},\"geo\":{\"@type\":\"GeoCoordinates\",\"latitude\":\"-24.5361401\",\"longitude\":\"-52.9921776\"},\"telephone\":[\"+5544998308235\"],\"contactPoint\":{\"@type\":\"ContactPoint\",\"email\":\"contato@ubirataonline.com.br\"},\"openingHoursSpecification\":{\"@type\":\"OpeningHoursSpecification\",\"dayOfWeek\":[\"Monday\",\"Tuesday\",\"Wednesday\",\"Thursday\",\"Friday\",\"Saturday\",\"Sunday\"],\"opens\":\"00:00\",\"closes\":\"23:59\"},\"email\":\"contato@ubirataonline.com.br\",\"vatID\":\"47.621.418\\\/0001-80\"},{\"@type\":\"Person\",\"@id\":\"https:\\\/\\\/ubirataonline.com.br\\\/#\\\/schema\\\/person\\\/372f87bbd3fdd79b8556b84c98d0bc1c\",\"name\":\"REDA\u00c7\u00c3O: UBIRAT\u00c3 ONLINE - F\u00c1BIO AUGUSTO CELESTINO\",\"pronouns\":\"Ele\",\"description\":\"Desde 2003 trabalhando com not\u00edcias.\",\"sameAs\":[\"http:\\\/\\\/ubirataoline.com.br\",\"https:\\\/\\\/www.facebook.com\\\/portalubirataonline\",\"https:\\\/\\\/www.instagram.com\\\/ubirataonline_oficial\",\"https:\\\/\\\/x.com\\\/x.com\\\/ubirataonline\"],\"honorificPrefix\":\"Mr.\",\"honorificSuffix\":\"MD\",\"birthDate\":\"1980-06-16\",\"gender\":\"masculino\",\"award\":[\"V\u00e1rios pr\u00eamios de melhor portal da cidade\"],\"jobTitle\":\"Diretor\",\"url\":\"https:\\\/\\\/ubirataonline.com.br\\\/en\\\/author\\\/ubirataonline\\\/\"},{\"@type\":\"PostalAddress\",\"@id\":\"https:\\\/\\\/ubirataonline.com.br\\\/acao-cai-apos-dado-operacional-fraco-e-temor-com-excesso-de-oferta\\\/#local-main-place-address\",\"streetAddress\":\"Rua dos Coqueiros, 104 - Bairro Boa Vista, Rua dos Coqueiros, 104 Bairro Boa Vista\",\"addressLocality\":\"UBIRATA\",\"postalCode\":\"85440-000\",\"addressRegion\":\"PR\",\"addressCountry\":\"BR\"},{\"@type\":\"ImageObject\",\"inLanguage\":\"en-US\",\"@id\":\"https:\\\/\\\/ubirataonline.com.br\\\/acao-cai-apos-dado-operacional-fraco-e-temor-com-excesso-de-oferta\\\/#local-main-organization-logo\",\"url\":\"https:\\\/\\\/ubirataonline.com.br\\\/wp-content\\\/uploads\\\/2026\\\/06\\\/logoubirataonline-1.webp\",\"contentUrl\":\"https:\\\/\\\/ubirataonline.com.br\\\/wp-content\\\/uploads\\\/2026\\\/06\\\/logoubirataonline-1.webp\",\"width\":500,\"height\":500,\"caption\":\"Ubirat\u00e3 Online Not\u00edcias\"}]}<\/script>\n<meta name=\"geo.placename\" content=\"UBIRATA\" \/>\n<meta name=\"geo.position\" content=\"-24.5361401;-52.9921776\" \/>\n<meta name=\"geo.region\" content=\"Brazil\" \/>\n<!-- \/ Yoast SEO Premium plugin. -->","yoast_head_json":{"title":"a\u00e7\u00e3o cai ap\u00f3s dado operacional fraco e temor com excesso de oferta - Ubirat\u00e3 Online Not\u00edcias - A realidade ao seu alcance!","description":"As a\u00e7\u00f5es da Braskem (BRKM5) recuavam com for\u00e7a nesta segunda-feira (2), registrando uma das maiores baixas do Ibovespa, com investidores digerindo o","robots":{"index":"index","follow":"follow","max-snippet":"max-snippet:-1","max-image-preview":"max-image-preview:large","max-video-preview":"max-video-preview:-1"},"canonical":"https:\/\/ubirataonline.com.br\/en\/acao-cai-apos-dado-operacional-fraco-e-temor-com-excesso-de-oferta\/","og_locale":"en_US","og_type":"article","og_title":"a\u00e7\u00e3o cai ap\u00f3s dado operacional fraco e temor com excesso de oferta","og_description":"As a\u00e7\u00f5es da Braskem (BRKM5) recuavam com for\u00e7a nesta segunda-feira (2), registrando uma das maiores baixas do Ibovespa, com investidores digerindo o","og_url":"https:\/\/ubirataonline.com.br\/en\/acao-cai-apos-dado-operacional-fraco-e-temor-com-excesso-de-oferta\/","og_site_name":"Ubirat\u00e3 Online Not\u00edcias - A realidade ao seu alcance!","article_publisher":"https:\/\/www.facebook.com\/portalubirataonline","article_author":"https:\/\/www.facebook.com\/portalubirataonline","article_published_time":"2026-03-05T17:29:20+00:00","article_modified_time":"2026-03-05T17:29:29+00:00","og_image":[{"width":900,"height":600,"url":"https:\/\/ubirataonline.com.br\/wp-content\/uploads\/2026\/03\/acao-cai-apos-dado-operacional-fraco-e-temor-com-excesso.jpg","type":"image\/jpeg"}],"author":"REDA\u00c7\u00c3O: UBIRAT\u00c3 ONLINE - F\u00c1BIO AUGUSTO CELESTINO","twitter_card":"summary_large_image","twitter_creator":"@x.com\/ubirataonline","twitter_site":"@ubirataonline","twitter_misc":{"Written by":"REDA\u00c7\u00c3O: UBIRAT\u00c3 ONLINE - F\u00c1BIO AUGUSTO CELESTINO","Est. reading time":"3 minutes"},"schema":{"@context":"https:\/\/schema.org","@graph":[{"@type":"NewsArticle","@id":"https:\/\/ubirataonline.com.br\/acao-cai-apos-dado-operacional-fraco-e-temor-com-excesso-de-oferta\/#article","isPartOf":{"@id":"https:\/\/ubirataonline.com.br\/acao-cai-apos-dado-operacional-fraco-e-temor-com-excesso-de-oferta\/"},"author":{"name":"REDA\u00c7\u00c3O: UBIRAT\u00c3 ONLINE - F\u00c1BIO AUGUSTO CELESTINO","@id":"https:\/\/ubirataonline.com.br\/#\/schema\/person\/372f87bbd3fdd79b8556b84c98d0bc1c"},"headline":"a\u00e7\u00e3o cai ap\u00f3s dado operacional fraco e temor com excesso de oferta","datePublished":"2026-03-05T17:29:20+00:00","dateModified":"2026-03-05T17:29:29+00:00","mainEntityOfPage":{"@id":"https:\/\/ubirataonline.com.br\/acao-cai-apos-dado-operacional-fraco-e-temor-com-excesso-de-oferta\/"},"wordCount":593,"publisher":{"@id":"https:\/\/ubirataonline.com.br\/#organization"},"image":{"@id":"https:\/\/ubirataonline.com.br\/acao-cai-apos-dado-operacional-fraco-e-temor-com-excesso-de-oferta\/#primaryimage"},"thumbnailUrl":"https:\/\/ubirataonline.com.br\/wp-content\/uploads\/2026\/03\/acao-cai-apos-dado-operacional-fraco-e-temor-com-excesso.jpg","keywords":["a\u00e7\u00e3o","ap\u00f3s","cai","Dado","excesso","fraco","oferta","operacional","temor"],"articleSection":["Brasil"],"inLanguage":"en-US","copyrightYear":"2026","copyrightHolder":{"@id":"https:\/\/ubirataonline.com.br\/en\/#organization"}},{"@type":"WebPage","@id":"https:\/\/ubirataonline.com.br\/acao-cai-apos-dado-operacional-fraco-e-temor-com-excesso-de-oferta\/","url":"https:\/\/ubirataonline.com.br\/acao-cai-apos-dado-operacional-fraco-e-temor-com-excesso-de-oferta\/","name":"a\u00e7\u00e3o cai ap\u00f3s dado operacional fraco e temor com excesso de oferta - Ubirat\u00e3 Online Not\u00edcias - A realidade ao seu alcance!","isPartOf":{"@id":"https:\/\/ubirataonline.com.br\/#website"},"primaryImageOfPage":{"@id":"https:\/\/ubirataonline.com.br\/acao-cai-apos-dado-operacional-fraco-e-temor-com-excesso-de-oferta\/#primaryimage"},"image":{"@id":"https:\/\/ubirataonline.com.br\/acao-cai-apos-dado-operacional-fraco-e-temor-com-excesso-de-oferta\/#primaryimage"},"thumbnailUrl":"https:\/\/ubirataonline.com.br\/wp-content\/uploads\/2026\/03\/acao-cai-apos-dado-operacional-fraco-e-temor-com-excesso.jpg","datePublished":"2026-03-05T17:29:20+00:00","dateModified":"2026-03-05T17:29:29+00:00","description":"As a\u00e7\u00f5es da Braskem (BRKM5) recuavam com for\u00e7a nesta segunda-feira (2), registrando uma das maiores baixas do Ibovespa, com investidores digerindo o","breadcrumb":{"@id":"https:\/\/ubirataonline.com.br\/acao-cai-apos-dado-operacional-fraco-e-temor-com-excesso-de-oferta\/#breadcrumb"},"inLanguage":"en-US","potentialAction":[{"@type":"ReadAction","target":["https:\/\/ubirataonline.com.br\/acao-cai-apos-dado-operacional-fraco-e-temor-com-excesso-de-oferta\/"]}]},{"@type":"ImageObject","inLanguage":"en-US","@id":"https:\/\/ubirataonline.com.br\/acao-cai-apos-dado-operacional-fraco-e-temor-com-excesso-de-oferta\/#primaryimage","url":"https:\/\/ubirataonline.com.br\/wp-content\/uploads\/2026\/03\/acao-cai-apos-dado-operacional-fraco-e-temor-com-excesso.jpg","contentUrl":"https:\/\/ubirataonline.com.br\/wp-content\/uploads\/2026\/03\/acao-cai-apos-dado-operacional-fraco-e-temor-com-excesso.jpg","width":900,"height":600,"caption":"a\u00e7\u00e3o cai ap\u00f3s dado operacional fraco e temor com excesso de oferta"},{"@type":"BreadcrumbList","@id":"https:\/\/ubirataonline.com.br\/acao-cai-apos-dado-operacional-fraco-e-temor-com-excesso-de-oferta\/#breadcrumb","itemListElement":[{"@type":"ListItem","position":1,"name":"In\u00edcio","item":"https:\/\/ubirataonline.com.br\/"},{"@type":"ListItem","position":2,"name":"a\u00e7\u00e3o cai ap\u00f3s dado operacional fraco e temor com excesso de oferta"}]},{"@type":"WebSite","@id":"https:\/\/ubirataonline.com.br\/#website","url":"https:\/\/ubirataonline.com.br\/","name":"Ubirat\u00e3 Online Not\u00edcias","description":"Not\u00edcias de Ubirat\u00e3, regi\u00e3o, Brasil e mundo, com informa\u00e7\u00e3o atualizada e compromisso com o leitor.","publisher":{"@id":"https:\/\/ubirataonline.com.br\/#organization"},"alternateName":"Ubirat\u00e3 Online","potentialAction":[{"@type":"SearchAction","target":{"@type":"EntryPoint","urlTemplate":"https:\/\/ubirataonline.com.br\/?s={search_term_string}"},"query-input":{"@type":"PropertyValueSpecification","valueRequired":true,"valueName":"search_term_string"}}],"inLanguage":"en-US"},{"@type":["Organization","Place"],"@id":"https:\/\/ubirataonline.com.br\/#organization","name":"Ubirat\u00e3 Online Not\u00edcias","alternateName":"Ubirat\u00e3 Online","url":"https:\/\/ubirataonline.com.br\/","logo":{"@id":"https:\/\/ubirataonline.com.br\/acao-cai-apos-dado-operacional-fraco-e-temor-com-excesso-de-oferta\/#local-main-organization-logo"},"image":{"@id":"https:\/\/ubirataonline.com.br\/acao-cai-apos-dado-operacional-fraco-e-temor-com-excesso-de-oferta\/#local-main-organization-logo"},"sameAs":["https:\/\/www.facebook.com\/portalubirataonline","https:\/\/x.com\/ubirataonline","https:\/\/mastodon.social\/@ubirataonline","https:\/\/www.facebook.com\/groups\/311144672285604","https:\/\/www.facebook.com\/UBTAOnline","https:\/\/www.instagram.com\/portalubirataonline\/","https:\/\/twitter.com\/ubirataonline"],"description":"Somos um portal de not\u00edcias independente, criado em 5 de janeiro de 2009, com o objetivo de informar, conectar e valorizar a nossa comunidade de Ubirat\u00e3 e toda aregi\u00e3o. Com conte\u00fado atualizado, confi\u00e1vel e relevante, o Ubirat\u00e3 Online \u00e9 o seu espa\u00e7o para ficar por dentro dos principais acontecimentos locais, regionais, Brasil, Mundo e de interesse geral. Nosso compromisso \u00e9 com a verdade, a transpar\u00eancia e o respeito ao leitor.","legalName":"UBIRATA ONLINE NOT\u00cdCIAS","foundingDate":"2009-01-05","numberOfEmployees":{"@type":"QuantitativeValue","minValue":"1","maxValue":"10"},"publishingPrinciples":"https:\/\/ubirataonline.com.br\/faq\/","address":{"@id":"https:\/\/ubirataonline.com.br\/acao-cai-apos-dado-operacional-fraco-e-temor-com-excesso-de-oferta\/#local-main-place-address"},"geo":{"@type":"GeoCoordinates","latitude":"-24.5361401","longitude":"-52.9921776"},"telephone":["+5544998308235"],"contactPoint":{"@type":"ContactPoint","email":"contato@ubirataonline.com.br"},"openingHoursSpecification":{"@type":"OpeningHoursSpecification","dayOfWeek":["Monday","Tuesday","Wednesday","Thursday","Friday","Saturday","Sunday"],"opens":"00:00","closes":"23:59"},"email":"contato@ubirataonline.com.br","vatID":"47.621.418\/0001-80"},{"@type":"Person","@id":"https:\/\/ubirataonline.com.br\/#\/schema\/person\/372f87bbd3fdd79b8556b84c98d0bc1c","name":"REDA\u00c7\u00c3O: UBIRAT\u00c3 ONLINE - F\u00c1BIO AUGUSTO CELESTINO","pronouns":"Ele","description":"Desde 2003 trabalhando com not\u00edcias.","sameAs":["http:\/\/ubirataoline.com.br","https:\/\/www.facebook.com\/portalubirataonline","https:\/\/www.instagram.com\/ubirataonline_oficial","https:\/\/x.com\/x.com\/ubirataonline"],"honorificPrefix":"Mr.","honorificSuffix":"MD","birthDate":"1980-06-16","gender":"masculino","award":["V\u00e1rios pr\u00eamios de melhor portal da cidade"],"jobTitle":"Diretor","url":"https:\/\/ubirataonline.com.br\/en\/author\/ubirataonline\/"},{"@type":"PostalAddress","@id":"https:\/\/ubirataonline.com.br\/acao-cai-apos-dado-operacional-fraco-e-temor-com-excesso-de-oferta\/#local-main-place-address","streetAddress":"Rua dos Coqueiros, 104 - Bairro Boa Vista, Rua dos Coqueiros, 104 Bairro Boa Vista","addressLocality":"UBIRATA","postalCode":"85440-000","addressRegion":"PR","addressCountry":"BR"},{"@type":"ImageObject","inLanguage":"en-US","@id":"https:\/\/ubirataonline.com.br\/acao-cai-apos-dado-operacional-fraco-e-temor-com-excesso-de-oferta\/#local-main-organization-logo","url":"https:\/\/ubirataonline.com.br\/wp-content\/uploads\/2026\/06\/logoubirataonline-1.webp","contentUrl":"https:\/\/ubirataonline.com.br\/wp-content\/uploads\/2026\/06\/logoubirataonline-1.webp","width":500,"height":500,"caption":"Ubirat\u00e3 Online Not\u00edcias"}]},"geo.placename":"UBIRATA","geo.position":{"lat":"-24.5361401","long":"-52.9921776"},"geo.region":"Brazil"},"_links":{"self":[{"href":"https:\/\/ubirataonline.com.br\/en\/wp-json\/wp\/v2\/posts\/92087","targetHints":{"allow":["GET"]}}],"collection":[{"href":"https:\/\/ubirataonline.com.br\/en\/wp-json\/wp\/v2\/posts"}],"about":[{"href":"https:\/\/ubirataonline.com.br\/en\/wp-json\/wp\/v2\/types\/post"}],"author":[{"embeddable":true,"href":"https:\/\/ubirataonline.com.br\/en\/wp-json\/wp\/v2\/users\/1"}],"replies":[{"embeddable":true,"href":"https:\/\/ubirataonline.com.br\/en\/wp-json\/wp\/v2\/comments?post=92087"}],"version-history":[{"count":0,"href":"https:\/\/ubirataonline.com.br\/en\/wp-json\/wp\/v2\/posts\/92087\/revisions"}],"wp:featuredmedia":[{"embeddable":true,"href":"https:\/\/ubirataonline.com.br\/en\/wp-json\/wp\/v2\/media\/92088"}],"wp:attachment":[{"href":"https:\/\/ubirataonline.com.br\/en\/wp-json\/wp\/v2\/media?parent=92087"}],"wp:term":[{"taxonomy":"category","embeddable":true,"href":"https:\/\/ubirataonline.com.br\/en\/wp-json\/wp\/v2\/categories?post=92087"},{"taxonomy":"post_tag","embeddable":true,"href":"https:\/\/ubirataonline.com.br\/en\/wp-json\/wp\/v2\/tags?post=92087"}],"curies":[{"name":"wp","href":"https:\/\/api.w.org\/{rel}","templated":true}]}}