{"id":92140,"date":"2026-03-05T18:51:21","date_gmt":"2026-03-05T21:51:21","guid":{"rendered":"https:\/\/ubirataonline.com.br\/comunidade-de-tijuco-preto-recebera-atendimento-descentralizado-da-1a-promotoria-de-justica-de-prudentopolis-no-dia-13-de-marco\/"},"modified":"2026-03-05T18:51:22","modified_gmt":"2026-03-05T21:51:22","slug":"comunidade-de-tijuco-preto-recebera-atendimento-descentralizado-da-1a-promotoria-de-justica-de-prudentopolis-no-dia-13-de-marco","status":"publish","type":"post","link":"https:\/\/ubirataonline.com.br\/en\/comunidade-de-tijuco-preto-recebera-atendimento-descentralizado-da-1a-promotoria-de-justica-de-prudentopolis-no-dia-13-de-marco\/","title":{"rendered":"Comunidade de Tijuco Preto receber\u00e1 atendimento descentralizado da 1\u00aa Promotoria de Justi\u00e7a de Prudent\u00f3polis no dia 13 de mar\u00e7o"},"content":{"rendered":"<p><\/p>\n<div>\n<p>O Minist\u00e9rio P\u00fablico do Paran\u00e1, por meio da 1\u00aa Promotoria de Justi\u00e7a de Prudent\u00f3polis, no Sudeste do estado, realizar\u00e1 no dia 13 de mar\u00e7o, atendimento descentralizado presencial na localidade de Tijuco Preto, na zona rural do munic\u00edpio. A iniciativa integra o projeto \u201cPromotoria nas Comunidades\u201d.<\/p>\n<p>A a\u00e7\u00e3o ocorrer\u00e1 das 13h30 \u00e0s 16h30, na Escola Municipal do Campo de Tijuco Preto. O objetivo \u00e9 facilitar o acesso da popula\u00e7\u00e3o ao Minist\u00e9rio P\u00fablico, aproximando a Promotoria de Justi\u00e7a da popula\u00e7\u00e3o que reside em \u00e1reas mais afastadas da regi\u00e3o central de Prudent\u00f3polis, com equipes da institui\u00e7\u00e3o indo at\u00e9 a localidade onde as pessoas residem e trabalham.<\/p>\n<p>Durante a a\u00e7\u00e3o, ser\u00e3o prestadas orienta\u00e7\u00f5es jur\u00eddicas e recebidas demandas da comunidade local, como, por exemplo, dificuldade em obter vagas em escolas, acesso a servi\u00e7os p\u00fablicos de sa\u00fade, problemas urban\u00edsticos (como ilumina\u00e7\u00e3o p\u00fablica, coleta de lixo e saneamento b\u00e1sico), reconhecimento de paternidade e quest\u00f5es relacionadas ao direito de fam\u00edlia, entre outras. Orienta-se que os interessados levem documentos pessoais e a documenta\u00e7\u00e3o que possu\u00edrem relacionada ao caso a ser tratado.<\/p>\n<p><strong>Atendimento presencial<\/strong>\u00a0\u2013 Al\u00e9m do servi\u00e7o descentralizado, a 1\u00aa Promotoria de Justi\u00e7a de Prudent\u00f3polis mant\u00e9m atendimento permanente \u00e0 popula\u00e7\u00e3o de segunda a sexta-feira, das 12 \u00e0s 18 horas, no F\u00f3rum da cidade, localizado na Travessa Wilson Jo\u00e3o Coupack, 144 \u2013 Centro. Tamb\u00e9m \u00e9 poss\u00edvel contatar a equipe pelo e-mail\u00a0<a href=\"http:\/\/mppr.mp.br\/cdn-cgi\/l\/email-protection#6f1f1d1a0b0a011b001f0003061c415e1f1d00022f021f1f1d41021f410d1d\"><span class=\"__cf_email__\" data-cfemail=\"d9a9abacbdbcb7adb6a9b6b5b0aaf7e8a9abb6b499b4a9a9abf7b4a9f7bbab\">[email\u00a0protected]<\/span><\/a>\u00a0e pelo telefone (42) 3446-1955.<\/p>\n<p><strong>Servi\u00e7o:<\/strong><\/p>\n<p><strong>Atendimento Descentralizado em Prudent\u00f3polis<\/strong><\/p>\n<p><strong>Data:<\/strong> Sexta-feira, 13 de mar\u00e7o de 2026<\/p>\n<p><strong>Hor\u00e1rio: <\/strong>das 13h30 \u00e0s 16h30<\/p>\n<p><strong>Local:<\/strong> Escola Municipal do Campo de Tijuco Preto<\/p>\n<p>Informa\u00e7\u00f5es para a imprensa:<br \/>Assessoria de Comunica\u00e7\u00e3o<br \/><a href=\"https:\/\/mppr.mp.br\/cdn-cgi\/l\/email-protection\" class=\"__cf_email__\" data-cfemail=\"98fbf7f5edf6f1fbf9fbf9f7d8f5e8e8eab6f5e8b6faea\">[email\u00a0protected]<\/a><br \/>(41) 3250-4249<\/p>\n<\/div>\n<p><a href=\"https:\/\/mppr.mp.br\/Noticia\/Comunidade-de-Tijuco-Preto-recebera-atendimento-descentralizado-da-1a-Promotoria-de-Justica\">Source link <\/a><\/p>\n","protected":false},"excerpt":{"rendered":"<p>O Minist\u00e9rio P\u00fablico do Paran\u00e1, por meio da 1\u00aa Promotoria de Justi\u00e7a de Prudent\u00f3polis, no Sudeste do estado, realizar\u00e1 no dia 13 de mar\u00e7o, atendimento descentralizado presencial na localidade de Tijuco Preto, na zona rural do munic\u00edpio. A iniciativa integra o projeto \u201cPromotoria nas Comunidades\u201d. A a\u00e7\u00e3o ocorrer\u00e1 das 13h30 \u00e0s 16h30, na Escola Municipal [&hellip;]<\/p>\n","protected":false},"author":1,"featured_media":91758,"comment_status":"closed","ping_status":"","sticky":false,"template":"","format":"standard","meta":{"googlesitekit_rrm_CAow2JLhCw:productID":"","_gspb_post_css":"","maa_idioma":"","maa_pais":"","footnotes":""},"categories":[1],"tags":[5069,4265,6355,6121,3101,3684,12304,7571,18363,11184,3435,21449],"class_list":["post-92140","post","type-post","status-publish","format-standard","has-post-thumbnail","hentry","category-ubirata","tag-1a","tag-atendimento","tag-comunidade","tag-descentralizado","tag-dia","tag-justica","tag-marco","tag-preto","tag-promotoria","tag-prudentopolis","tag-recebera","tag-tijuco"],"blocksy_meta":[],"yoast_head":"<!-- This site is optimized with the Yoast SEO Premium plugin v27.6 (Yoast SEO v27.6) - https:\/\/yoast.com\/product\/yoast-seo-premium-wordpress\/ -->\n<title>Comunidade de Tijuco Preto receber\u00e1 atendimento descentralizado da 1\u00aa Promotoria de Justi\u00e7a de Prudent\u00f3polis no dia 13 de mar\u00e7o - Ubirat\u00e3 Online Not\u00edcias - A realidade ao seu alcance!<\/title>\n<meta name=\"description\" content=\"O Minist\u00e9rio P\u00fablico do Paran\u00e1, por meio da 1\u00aa Promotoria de Justi\u00e7a de Prudent\u00f3polis, no Sudeste do estado, realizar\u00e1 no dia 13 de mar\u00e7o, atendimento\" \/>\n<meta name=\"robots\" content=\"index, follow, max-snippet:-1, max-image-preview:large, max-video-preview:-1\" \/>\n<link rel=\"canonical\" href=\"https:\/\/ubirataonline.com.br\/en\/comunidade-de-tijuco-preto-recebera-atendimento-descentralizado-da-1a-promotoria-de-justica-de-prudentopolis-no-dia-13-de-marco\/\" \/>\n<meta property=\"og:locale\" content=\"en_US\" \/>\n<meta property=\"og:type\" content=\"article\" \/>\n<meta property=\"og:title\" content=\"Comunidade de Tijuco Preto receber\u00e1 atendimento descentralizado da 1\u00aa Promotoria de Justi\u00e7a de Prudent\u00f3polis no dia 13 de mar\u00e7o\" \/>\n<meta property=\"og:description\" content=\"O Minist\u00e9rio P\u00fablico do Paran\u00e1, por meio da 1\u00aa Promotoria de Justi\u00e7a de Prudent\u00f3polis, no Sudeste do estado, realizar\u00e1 no dia 13 de mar\u00e7o, atendimento\" \/>\n<meta property=\"og:url\" content=\"https:\/\/ubirataonline.com.br\/en\/comunidade-de-tijuco-preto-recebera-atendimento-descentralizado-da-1a-promotoria-de-justica-de-prudentopolis-no-dia-13-de-marco\/\" \/>\n<meta property=\"og:site_name\" content=\"Ubirat\u00e3 Online Not\u00edcias - A realidade ao seu alcance!\" \/>\n<meta property=\"article:publisher\" content=\"https:\/\/www.facebook.com\/portalubirataonline\" \/>\n<meta property=\"article:author\" content=\"https:\/\/www.facebook.com\/portalubirataonline\" \/>\n<meta property=\"article:published_time\" content=\"2026-03-05T21:51:21+00:00\" \/>\n<meta property=\"article:modified_time\" content=\"2026-03-05T21:51:22+00:00\" \/>\n<meta property=\"og:image\" content=\"https:\/\/ubirataonline.com.br\/wp-content\/uploads\/2026\/03\/Gaeco-de-Umuarama-cumpre-mandados-em-operacao-que-apura-crimes.png\" \/>\n\t<meta property=\"og:image:width\" content=\"240\" \/>\n\t<meta property=\"og:image:height\" content=\"240\" \/>\n\t<meta property=\"og:image:type\" content=\"image\/png\" \/>\n<meta name=\"author\" content=\"REDA\u00c7\u00c3O: UBIRAT\u00c3 ONLINE - F\u00c1BIO AUGUSTO CELESTINO\" \/>\n<meta name=\"twitter:card\" content=\"summary_large_image\" \/>\n<meta name=\"twitter:creator\" content=\"@x.com\/ubirataonline\" \/>\n<meta name=\"twitter:site\" content=\"@ubirataonline\" \/>\n<meta name=\"twitter:label1\" content=\"Written by\" \/>\n\t<meta name=\"twitter:data1\" content=\"REDA\u00c7\u00c3O: UBIRAT\u00c3 ONLINE - F\u00c1BIO AUGUSTO CELESTINO\" \/>\n\t<meta name=\"twitter:label2\" content=\"Est. reading time\" \/>\n\t<meta name=\"twitter:data2\" content=\"1 minute\" \/>\n<script type=\"application\/ld+json\" class=\"yoast-schema-graph\">{\"@context\":\"https:\\\/\\\/schema.org\",\"@graph\":[{\"@type\":\"NewsArticle\",\"@id\":\"https:\\\/\\\/ubirataonline.com.br\\\/comunidade-de-tijuco-preto-recebera-atendimento-descentralizado-da-1a-promotoria-de-justica-de-prudentopolis-no-dia-13-de-marco\\\/#article\",\"isPartOf\":{\"@id\":\"https:\\\/\\\/ubirataonline.com.br\\\/comunidade-de-tijuco-preto-recebera-atendimento-descentralizado-da-1a-promotoria-de-justica-de-prudentopolis-no-dia-13-de-marco\\\/\"},\"author\":{\"name\":\"REDA\u00c7\u00c3O: UBIRAT\u00c3 ONLINE - F\u00c1BIO AUGUSTO CELESTINO\",\"@id\":\"https:\\\/\\\/ubirataonline.com.br\\\/#\\\/schema\\\/person\\\/372f87bbd3fdd79b8556b84c98d0bc1c\"},\"headline\":\"Comunidade de Tijuco Preto receber\u00e1 atendimento descentralizado da 1\u00aa Promotoria de Justi\u00e7a de Prudent\u00f3polis no dia 13 de mar\u00e7o\",\"datePublished\":\"2026-03-05T21:51:21+00:00\",\"dateModified\":\"2026-03-05T21:51:22+00:00\",\"mainEntityOfPage\":{\"@id\":\"https:\\\/\\\/ubirataonline.com.br\\\/comunidade-de-tijuco-preto-recebera-atendimento-descentralizado-da-1a-promotoria-de-justica-de-prudentopolis-no-dia-13-de-marco\\\/\"},\"wordCount\":317,\"publisher\":{\"@id\":\"https:\\\/\\\/ubirataonline.com.br\\\/#organization\"},\"image\":{\"@id\":\"https:\\\/\\\/ubirataonline.com.br\\\/comunidade-de-tijuco-preto-recebera-atendimento-descentralizado-da-1a-promotoria-de-justica-de-prudentopolis-no-dia-13-de-marco\\\/#primaryimage\"},\"thumbnailUrl\":\"https:\\\/\\\/ubirataonline.com.br\\\/wp-content\\\/uploads\\\/2026\\\/03\\\/Gaeco-de-Umuarama-cumpre-mandados-em-operacao-que-apura-crimes.png\",\"keywords\":[\"1\u00aa\",\"atendimento\",\"comunidade\",\"descentralizado\",\"dia\",\"Justi\u00e7a\",\"Marco\",\"Preto\",\"Promotoria\",\"Prudent\u00f3polis\",\"receber\u00e1\",\"Tijuco\"],\"articleSection\":[\"Ubirat\u00e3\"],\"inLanguage\":\"en-US\",\"copyrightYear\":\"2026\",\"copyrightHolder\":{\"@id\":\"https:\\\/\\\/ubirataonline.com.br\\\/en\\\/#organization\"}},{\"@type\":\"WebPage\",\"@id\":\"https:\\\/\\\/ubirataonline.com.br\\\/comunidade-de-tijuco-preto-recebera-atendimento-descentralizado-da-1a-promotoria-de-justica-de-prudentopolis-no-dia-13-de-marco\\\/\",\"url\":\"https:\\\/\\\/ubirataonline.com.br\\\/comunidade-de-tijuco-preto-recebera-atendimento-descentralizado-da-1a-promotoria-de-justica-de-prudentopolis-no-dia-13-de-marco\\\/\",\"name\":\"Comunidade de Tijuco Preto receber\u00e1 atendimento descentralizado da 1\u00aa Promotoria de Justi\u00e7a de Prudent\u00f3polis no dia 13 de mar\u00e7o - Ubirat\u00e3 Online Not\u00edcias - A realidade ao seu alcance!\",\"isPartOf\":{\"@id\":\"https:\\\/\\\/ubirataonline.com.br\\\/#website\"},\"primaryImageOfPage\":{\"@id\":\"https:\\\/\\\/ubirataonline.com.br\\\/comunidade-de-tijuco-preto-recebera-atendimento-descentralizado-da-1a-promotoria-de-justica-de-prudentopolis-no-dia-13-de-marco\\\/#primaryimage\"},\"image\":{\"@id\":\"https:\\\/\\\/ubirataonline.com.br\\\/comunidade-de-tijuco-preto-recebera-atendimento-descentralizado-da-1a-promotoria-de-justica-de-prudentopolis-no-dia-13-de-marco\\\/#primaryimage\"},\"thumbnailUrl\":\"https:\\\/\\\/ubirataonline.com.br\\\/wp-content\\\/uploads\\\/2026\\\/03\\\/Gaeco-de-Umuarama-cumpre-mandados-em-operacao-que-apura-crimes.png\",\"datePublished\":\"2026-03-05T21:51:21+00:00\",\"dateModified\":\"2026-03-05T21:51:22+00:00\",\"description\":\"O Minist\u00e9rio P\u00fablico do Paran\u00e1, por meio da 1\u00aa Promotoria de Justi\u00e7a de Prudent\u00f3polis, no Sudeste do estado, realizar\u00e1 no dia 13 de mar\u00e7o, atendimento\",\"breadcrumb\":{\"@id\":\"https:\\\/\\\/ubirataonline.com.br\\\/comunidade-de-tijuco-preto-recebera-atendimento-descentralizado-da-1a-promotoria-de-justica-de-prudentopolis-no-dia-13-de-marco\\\/#breadcrumb\"},\"inLanguage\":\"en-US\",\"potentialAction\":[{\"@type\":\"ReadAction\",\"target\":[\"https:\\\/\\\/ubirataonline.com.br\\\/comunidade-de-tijuco-preto-recebera-atendimento-descentralizado-da-1a-promotoria-de-justica-de-prudentopolis-no-dia-13-de-marco\\\/\"]}]},{\"@type\":\"ImageObject\",\"inLanguage\":\"en-US\",\"@id\":\"https:\\\/\\\/ubirataonline.com.br\\\/comunidade-de-tijuco-preto-recebera-atendimento-descentralizado-da-1a-promotoria-de-justica-de-prudentopolis-no-dia-13-de-marco\\\/#primaryimage\",\"url\":\"https:\\\/\\\/ubirataonline.com.br\\\/wp-content\\\/uploads\\\/2026\\\/03\\\/Gaeco-de-Umuarama-cumpre-mandados-em-operacao-que-apura-crimes.png\",\"contentUrl\":\"https:\\\/\\\/ubirataonline.com.br\\\/wp-content\\\/uploads\\\/2026\\\/03\\\/Gaeco-de-Umuarama-cumpre-mandados-em-operacao-que-apura-crimes.png\",\"width\":240,\"height\":240,\"caption\":\"Gaeco de Umuarama cumpre mandados em opera\u00e7\u00e3o que apura crimes de fraude a licita\u00e7\u00e3o, peculato e organiza\u00e7\u00e3o criminosa no Munic\u00edpio de Xambr\u00ea\"},{\"@type\":\"BreadcrumbList\",\"@id\":\"https:\\\/\\\/ubirataonline.com.br\\\/comunidade-de-tijuco-preto-recebera-atendimento-descentralizado-da-1a-promotoria-de-justica-de-prudentopolis-no-dia-13-de-marco\\\/#breadcrumb\",\"itemListElement\":[{\"@type\":\"ListItem\",\"position\":1,\"name\":\"In\u00edcio\",\"item\":\"https:\\\/\\\/ubirataonline.com.br\\\/\"},{\"@type\":\"ListItem\",\"position\":2,\"name\":\"Comunidade de Tijuco Preto receber\u00e1 atendimento descentralizado da 1\u00aa Promotoria de Justi\u00e7a de Prudent\u00f3polis no dia 13 de mar\u00e7o\"}]},{\"@type\":\"WebSite\",\"@id\":\"https:\\\/\\\/ubirataonline.com.br\\\/#website\",\"url\":\"https:\\\/\\\/ubirataonline.com.br\\\/\",\"name\":\"Ubirat\u00e3 Online Not\u00edcias\",\"description\":\"Not\u00edcias de Ubirat\u00e3, regi\u00e3o, Brasil e mundo, com informa\u00e7\u00e3o atualizada e compromisso com o leitor.\",\"publisher\":{\"@id\":\"https:\\\/\\\/ubirataonline.com.br\\\/#organization\"},\"alternateName\":\"Ubirat\u00e3 Online\",\"potentialAction\":[{\"@type\":\"SearchAction\",\"target\":{\"@type\":\"EntryPoint\",\"urlTemplate\":\"https:\\\/\\\/ubirataonline.com.br\\\/?s={search_term_string}\"},\"query-input\":{\"@type\":\"PropertyValueSpecification\",\"valueRequired\":true,\"valueName\":\"search_term_string\"}}],\"inLanguage\":\"en-US\"},{\"@type\":[\"Organization\",\"Place\"],\"@id\":\"https:\\\/\\\/ubirataonline.com.br\\\/#organization\",\"name\":\"Ubirat\u00e3 Online Not\u00edcias\",\"alternateName\":\"Ubirat\u00e3 Online\",\"url\":\"https:\\\/\\\/ubirataonline.com.br\\\/\",\"logo\":{\"@id\":\"https:\\\/\\\/ubirataonline.com.br\\\/comunidade-de-tijuco-preto-recebera-atendimento-descentralizado-da-1a-promotoria-de-justica-de-prudentopolis-no-dia-13-de-marco\\\/#local-main-organization-logo\"},\"image\":{\"@id\":\"https:\\\/\\\/ubirataonline.com.br\\\/comunidade-de-tijuco-preto-recebera-atendimento-descentralizado-da-1a-promotoria-de-justica-de-prudentopolis-no-dia-13-de-marco\\\/#local-main-organization-logo\"},\"sameAs\":[\"https:\\\/\\\/www.facebook.com\\\/portalubirataonline\",\"https:\\\/\\\/x.com\\\/ubirataonline\",\"https:\\\/\\\/mastodon.social\\\/@ubirataonline\",\"https:\\\/\\\/www.facebook.com\\\/groups\\\/311144672285604\",\"https:\\\/\\\/www.facebook.com\\\/UBTAOnline\",\"https:\\\/\\\/www.instagram.com\\\/portalubirataonline\\\/\",\"https:\\\/\\\/twitter.com\\\/ubirataonline\"],\"description\":\"Somos um portal de not\u00edcias independente, criado em 5 de janeiro de 2009, com o objetivo de informar, conectar e valorizar a nossa comunidade de Ubirat\u00e3 e toda aregi\u00e3o. Com conte\u00fado atualizado, confi\u00e1vel e relevante, o Ubirat\u00e3 Online \u00e9 o seu espa\u00e7o para ficar por dentro dos principais acontecimentos locais, regionais, Brasil, Mundo e de interesse geral. Nosso compromisso \u00e9 com a verdade, a transpar\u00eancia e o respeito ao leitor.\",\"legalName\":\"UBIRATA ONLINE NOT\u00cdCIAS\",\"foundingDate\":\"2009-01-05\",\"numberOfEmployees\":{\"@type\":\"QuantitativeValue\",\"minValue\":\"1\",\"maxValue\":\"10\"},\"publishingPrinciples\":\"https:\\\/\\\/ubirataonline.com.br\\\/faq\\\/\",\"address\":{\"@id\":\"https:\\\/\\\/ubirataonline.com.br\\\/comunidade-de-tijuco-preto-recebera-atendimento-descentralizado-da-1a-promotoria-de-justica-de-prudentopolis-no-dia-13-de-marco\\\/#local-main-place-address\"},\"geo\":{\"@type\":\"GeoCoordinates\",\"latitude\":\"-24.5361401\",\"longitude\":\"-52.9921776\"},\"telephone\":[\"+5544998308235\"],\"contactPoint\":{\"@type\":\"ContactPoint\",\"email\":\"contato@ubirataonline.com.br\"},\"openingHoursSpecification\":{\"@type\":\"OpeningHoursSpecification\",\"dayOfWeek\":[\"Monday\",\"Tuesday\",\"Wednesday\",\"Thursday\",\"Friday\",\"Saturday\",\"Sunday\"],\"opens\":\"00:00\",\"closes\":\"23:59\"},\"email\":\"contato@ubirataonline.com.br\",\"vatID\":\"47.621.418\\\/0001-80\"},{\"@type\":\"Person\",\"@id\":\"https:\\\/\\\/ubirataonline.com.br\\\/#\\\/schema\\\/person\\\/372f87bbd3fdd79b8556b84c98d0bc1c\",\"name\":\"REDA\u00c7\u00c3O: UBIRAT\u00c3 ONLINE - F\u00c1BIO AUGUSTO CELESTINO\",\"pronouns\":\"Ele\",\"description\":\"Desde 2003 trabalhando com not\u00edcias.\",\"sameAs\":[\"http:\\\/\\\/ubirataoline.com.br\",\"https:\\\/\\\/www.facebook.com\\\/portalubirataonline\",\"https:\\\/\\\/www.instagram.com\\\/ubirataonline_oficial\",\"https:\\\/\\\/x.com\\\/x.com\\\/ubirataonline\"],\"honorificPrefix\":\"Mr.\",\"honorificSuffix\":\"MD\",\"birthDate\":\"1980-06-16\",\"gender\":\"masculino\",\"award\":[\"V\u00e1rios pr\u00eamios de melhor portal da cidade\"],\"jobTitle\":\"Diretor\",\"url\":\"https:\\\/\\\/ubirataonline.com.br\\\/en\\\/author\\\/ubirataonline\\\/\"},{\"@type\":\"PostalAddress\",\"@id\":\"https:\\\/\\\/ubirataonline.com.br\\\/comunidade-de-tijuco-preto-recebera-atendimento-descentralizado-da-1a-promotoria-de-justica-de-prudentopolis-no-dia-13-de-marco\\\/#local-main-place-address\",\"streetAddress\":\"Rua dos Coqueiros, 104 - Bairro Boa Vista, Rua dos Coqueiros, 104 Bairro Boa Vista\",\"addressLocality\":\"UBIRATA\",\"postalCode\":\"85440-000\",\"addressRegion\":\"PR\",\"addressCountry\":\"BR\"},{\"@type\":\"ImageObject\",\"inLanguage\":\"en-US\",\"@id\":\"https:\\\/\\\/ubirataonline.com.br\\\/comunidade-de-tijuco-preto-recebera-atendimento-descentralizado-da-1a-promotoria-de-justica-de-prudentopolis-no-dia-13-de-marco\\\/#local-main-organization-logo\",\"url\":\"https:\\\/\\\/ubirataonline.com.br\\\/wp-content\\\/uploads\\\/2026\\\/06\\\/logoubirataonline-1.webp\",\"contentUrl\":\"https:\\\/\\\/ubirataonline.com.br\\\/wp-content\\\/uploads\\\/2026\\\/06\\\/logoubirataonline-1.webp\",\"width\":500,\"height\":500,\"caption\":\"Ubirat\u00e3 Online Not\u00edcias\"}]}<\/script>\n<meta name=\"geo.placename\" content=\"UBIRATA\" \/>\n<meta name=\"geo.position\" content=\"-24.5361401;-52.9921776\" \/>\n<meta name=\"geo.region\" content=\"Brazil\" \/>\n<!-- \/ Yoast SEO Premium plugin. -->","yoast_head_json":{"title":"Comunidade de Tijuco Preto receber\u00e1 atendimento descentralizado da 1\u00aa Promotoria de Justi\u00e7a de Prudent\u00f3polis no dia 13 de mar\u00e7o - Ubirat\u00e3 Online Not\u00edcias - A realidade ao seu alcance!","description":"O Minist\u00e9rio P\u00fablico do Paran\u00e1, por meio da 1\u00aa Promotoria de Justi\u00e7a de Prudent\u00f3polis, no Sudeste do estado, realizar\u00e1 no dia 13 de mar\u00e7o, atendimento","robots":{"index":"index","follow":"follow","max-snippet":"max-snippet:-1","max-image-preview":"max-image-preview:large","max-video-preview":"max-video-preview:-1"},"canonical":"https:\/\/ubirataonline.com.br\/en\/comunidade-de-tijuco-preto-recebera-atendimento-descentralizado-da-1a-promotoria-de-justica-de-prudentopolis-no-dia-13-de-marco\/","og_locale":"en_US","og_type":"article","og_title":"Comunidade de Tijuco Preto receber\u00e1 atendimento descentralizado da 1\u00aa Promotoria de Justi\u00e7a de Prudent\u00f3polis no dia 13 de mar\u00e7o","og_description":"O Minist\u00e9rio P\u00fablico do Paran\u00e1, por meio da 1\u00aa Promotoria de Justi\u00e7a de Prudent\u00f3polis, no Sudeste do estado, realizar\u00e1 no dia 13 de mar\u00e7o, atendimento","og_url":"https:\/\/ubirataonline.com.br\/en\/comunidade-de-tijuco-preto-recebera-atendimento-descentralizado-da-1a-promotoria-de-justica-de-prudentopolis-no-dia-13-de-marco\/","og_site_name":"Ubirat\u00e3 Online Not\u00edcias - A realidade ao seu alcance!","article_publisher":"https:\/\/www.facebook.com\/portalubirataonline","article_author":"https:\/\/www.facebook.com\/portalubirataonline","article_published_time":"2026-03-05T21:51:21+00:00","article_modified_time":"2026-03-05T21:51:22+00:00","og_image":[{"width":240,"height":240,"url":"https:\/\/ubirataonline.com.br\/wp-content\/uploads\/2026\/03\/Gaeco-de-Umuarama-cumpre-mandados-em-operacao-que-apura-crimes.png","type":"image\/png"}],"author":"REDA\u00c7\u00c3O: UBIRAT\u00c3 ONLINE - F\u00c1BIO AUGUSTO CELESTINO","twitter_card":"summary_large_image","twitter_creator":"@x.com\/ubirataonline","twitter_site":"@ubirataonline","twitter_misc":{"Written by":"REDA\u00c7\u00c3O: UBIRAT\u00c3 ONLINE - F\u00c1BIO AUGUSTO CELESTINO","Est. reading time":"1 minute"},"schema":{"@context":"https:\/\/schema.org","@graph":[{"@type":"NewsArticle","@id":"https:\/\/ubirataonline.com.br\/comunidade-de-tijuco-preto-recebera-atendimento-descentralizado-da-1a-promotoria-de-justica-de-prudentopolis-no-dia-13-de-marco\/#article","isPartOf":{"@id":"https:\/\/ubirataonline.com.br\/comunidade-de-tijuco-preto-recebera-atendimento-descentralizado-da-1a-promotoria-de-justica-de-prudentopolis-no-dia-13-de-marco\/"},"author":{"name":"REDA\u00c7\u00c3O: UBIRAT\u00c3 ONLINE - F\u00c1BIO AUGUSTO CELESTINO","@id":"https:\/\/ubirataonline.com.br\/#\/schema\/person\/372f87bbd3fdd79b8556b84c98d0bc1c"},"headline":"Comunidade de Tijuco Preto receber\u00e1 atendimento descentralizado da 1\u00aa Promotoria de Justi\u00e7a de Prudent\u00f3polis no dia 13 de mar\u00e7o","datePublished":"2026-03-05T21:51:21+00:00","dateModified":"2026-03-05T21:51:22+00:00","mainEntityOfPage":{"@id":"https:\/\/ubirataonline.com.br\/comunidade-de-tijuco-preto-recebera-atendimento-descentralizado-da-1a-promotoria-de-justica-de-prudentopolis-no-dia-13-de-marco\/"},"wordCount":317,"publisher":{"@id":"https:\/\/ubirataonline.com.br\/#organization"},"image":{"@id":"https:\/\/ubirataonline.com.br\/comunidade-de-tijuco-preto-recebera-atendimento-descentralizado-da-1a-promotoria-de-justica-de-prudentopolis-no-dia-13-de-marco\/#primaryimage"},"thumbnailUrl":"https:\/\/ubirataonline.com.br\/wp-content\/uploads\/2026\/03\/Gaeco-de-Umuarama-cumpre-mandados-em-operacao-que-apura-crimes.png","keywords":["1\u00aa","atendimento","comunidade","descentralizado","dia","Justi\u00e7a","Marco","Preto","Promotoria","Prudent\u00f3polis","receber\u00e1","Tijuco"],"articleSection":["Ubirat\u00e3"],"inLanguage":"en-US","copyrightYear":"2026","copyrightHolder":{"@id":"https:\/\/ubirataonline.com.br\/en\/#organization"}},{"@type":"WebPage","@id":"https:\/\/ubirataonline.com.br\/comunidade-de-tijuco-preto-recebera-atendimento-descentralizado-da-1a-promotoria-de-justica-de-prudentopolis-no-dia-13-de-marco\/","url":"https:\/\/ubirataonline.com.br\/comunidade-de-tijuco-preto-recebera-atendimento-descentralizado-da-1a-promotoria-de-justica-de-prudentopolis-no-dia-13-de-marco\/","name":"Comunidade de Tijuco Preto receber\u00e1 atendimento descentralizado da 1\u00aa Promotoria de Justi\u00e7a de Prudent\u00f3polis no dia 13 de mar\u00e7o - Ubirat\u00e3 Online Not\u00edcias - A realidade ao seu alcance!","isPartOf":{"@id":"https:\/\/ubirataonline.com.br\/#website"},"primaryImageOfPage":{"@id":"https:\/\/ubirataonline.com.br\/comunidade-de-tijuco-preto-recebera-atendimento-descentralizado-da-1a-promotoria-de-justica-de-prudentopolis-no-dia-13-de-marco\/#primaryimage"},"image":{"@id":"https:\/\/ubirataonline.com.br\/comunidade-de-tijuco-preto-recebera-atendimento-descentralizado-da-1a-promotoria-de-justica-de-prudentopolis-no-dia-13-de-marco\/#primaryimage"},"thumbnailUrl":"https:\/\/ubirataonline.com.br\/wp-content\/uploads\/2026\/03\/Gaeco-de-Umuarama-cumpre-mandados-em-operacao-que-apura-crimes.png","datePublished":"2026-03-05T21:51:21+00:00","dateModified":"2026-03-05T21:51:22+00:00","description":"O Minist\u00e9rio P\u00fablico do Paran\u00e1, por meio da 1\u00aa Promotoria de Justi\u00e7a de Prudent\u00f3polis, no Sudeste do estado, realizar\u00e1 no dia 13 de mar\u00e7o, atendimento","breadcrumb":{"@id":"https:\/\/ubirataonline.com.br\/comunidade-de-tijuco-preto-recebera-atendimento-descentralizado-da-1a-promotoria-de-justica-de-prudentopolis-no-dia-13-de-marco\/#breadcrumb"},"inLanguage":"en-US","potentialAction":[{"@type":"ReadAction","target":["https:\/\/ubirataonline.com.br\/comunidade-de-tijuco-preto-recebera-atendimento-descentralizado-da-1a-promotoria-de-justica-de-prudentopolis-no-dia-13-de-marco\/"]}]},{"@type":"ImageObject","inLanguage":"en-US","@id":"https:\/\/ubirataonline.com.br\/comunidade-de-tijuco-preto-recebera-atendimento-descentralizado-da-1a-promotoria-de-justica-de-prudentopolis-no-dia-13-de-marco\/#primaryimage","url":"https:\/\/ubirataonline.com.br\/wp-content\/uploads\/2026\/03\/Gaeco-de-Umuarama-cumpre-mandados-em-operacao-que-apura-crimes.png","contentUrl":"https:\/\/ubirataonline.com.br\/wp-content\/uploads\/2026\/03\/Gaeco-de-Umuarama-cumpre-mandados-em-operacao-que-apura-crimes.png","width":240,"height":240,"caption":"Gaeco de Umuarama cumpre mandados em opera\u00e7\u00e3o que apura crimes de fraude a licita\u00e7\u00e3o, peculato e organiza\u00e7\u00e3o criminosa no Munic\u00edpio de Xambr\u00ea"},{"@type":"BreadcrumbList","@id":"https:\/\/ubirataonline.com.br\/comunidade-de-tijuco-preto-recebera-atendimento-descentralizado-da-1a-promotoria-de-justica-de-prudentopolis-no-dia-13-de-marco\/#breadcrumb","itemListElement":[{"@type":"ListItem","position":1,"name":"In\u00edcio","item":"https:\/\/ubirataonline.com.br\/"},{"@type":"ListItem","position":2,"name":"Comunidade de Tijuco Preto receber\u00e1 atendimento descentralizado da 1\u00aa Promotoria de Justi\u00e7a de Prudent\u00f3polis no dia 13 de mar\u00e7o"}]},{"@type":"WebSite","@id":"https:\/\/ubirataonline.com.br\/#website","url":"https:\/\/ubirataonline.com.br\/","name":"Ubirat\u00e3 Online Not\u00edcias","description":"Not\u00edcias de Ubirat\u00e3, regi\u00e3o, Brasil e mundo, com informa\u00e7\u00e3o atualizada e compromisso com o leitor.","publisher":{"@id":"https:\/\/ubirataonline.com.br\/#organization"},"alternateName":"Ubirat\u00e3 Online","potentialAction":[{"@type":"SearchAction","target":{"@type":"EntryPoint","urlTemplate":"https:\/\/ubirataonline.com.br\/?s={search_term_string}"},"query-input":{"@type":"PropertyValueSpecification","valueRequired":true,"valueName":"search_term_string"}}],"inLanguage":"en-US"},{"@type":["Organization","Place"],"@id":"https:\/\/ubirataonline.com.br\/#organization","name":"Ubirat\u00e3 Online Not\u00edcias","alternateName":"Ubirat\u00e3 Online","url":"https:\/\/ubirataonline.com.br\/","logo":{"@id":"https:\/\/ubirataonline.com.br\/comunidade-de-tijuco-preto-recebera-atendimento-descentralizado-da-1a-promotoria-de-justica-de-prudentopolis-no-dia-13-de-marco\/#local-main-organization-logo"},"image":{"@id":"https:\/\/ubirataonline.com.br\/comunidade-de-tijuco-preto-recebera-atendimento-descentralizado-da-1a-promotoria-de-justica-de-prudentopolis-no-dia-13-de-marco\/#local-main-organization-logo"},"sameAs":["https:\/\/www.facebook.com\/portalubirataonline","https:\/\/x.com\/ubirataonline","https:\/\/mastodon.social\/@ubirataonline","https:\/\/www.facebook.com\/groups\/311144672285604","https:\/\/www.facebook.com\/UBTAOnline","https:\/\/www.instagram.com\/portalubirataonline\/","https:\/\/twitter.com\/ubirataonline"],"description":"Somos um portal de not\u00edcias independente, criado em 5 de janeiro de 2009, com o objetivo de informar, conectar e valorizar a nossa comunidade de Ubirat\u00e3 e toda aregi\u00e3o. Com conte\u00fado atualizado, confi\u00e1vel e relevante, o Ubirat\u00e3 Online \u00e9 o seu espa\u00e7o para ficar por dentro dos principais acontecimentos locais, regionais, Brasil, Mundo e de interesse geral. Nosso compromisso \u00e9 com a verdade, a transpar\u00eancia e o respeito ao leitor.","legalName":"UBIRATA ONLINE NOT\u00cdCIAS","foundingDate":"2009-01-05","numberOfEmployees":{"@type":"QuantitativeValue","minValue":"1","maxValue":"10"},"publishingPrinciples":"https:\/\/ubirataonline.com.br\/faq\/","address":{"@id":"https:\/\/ubirataonline.com.br\/comunidade-de-tijuco-preto-recebera-atendimento-descentralizado-da-1a-promotoria-de-justica-de-prudentopolis-no-dia-13-de-marco\/#local-main-place-address"},"geo":{"@type":"GeoCoordinates","latitude":"-24.5361401","longitude":"-52.9921776"},"telephone":["+5544998308235"],"contactPoint":{"@type":"ContactPoint","email":"contato@ubirataonline.com.br"},"openingHoursSpecification":{"@type":"OpeningHoursSpecification","dayOfWeek":["Monday","Tuesday","Wednesday","Thursday","Friday","Saturday","Sunday"],"opens":"00:00","closes":"23:59"},"email":"contato@ubirataonline.com.br","vatID":"47.621.418\/0001-80"},{"@type":"Person","@id":"https:\/\/ubirataonline.com.br\/#\/schema\/person\/372f87bbd3fdd79b8556b84c98d0bc1c","name":"REDA\u00c7\u00c3O: UBIRAT\u00c3 ONLINE - F\u00c1BIO AUGUSTO CELESTINO","pronouns":"Ele","description":"Desde 2003 trabalhando com not\u00edcias.","sameAs":["http:\/\/ubirataoline.com.br","https:\/\/www.facebook.com\/portalubirataonline","https:\/\/www.instagram.com\/ubirataonline_oficial","https:\/\/x.com\/x.com\/ubirataonline"],"honorificPrefix":"Mr.","honorificSuffix":"MD","birthDate":"1980-06-16","gender":"masculino","award":["V\u00e1rios pr\u00eamios de melhor portal da cidade"],"jobTitle":"Diretor","url":"https:\/\/ubirataonline.com.br\/en\/author\/ubirataonline\/"},{"@type":"PostalAddress","@id":"https:\/\/ubirataonline.com.br\/comunidade-de-tijuco-preto-recebera-atendimento-descentralizado-da-1a-promotoria-de-justica-de-prudentopolis-no-dia-13-de-marco\/#local-main-place-address","streetAddress":"Rua dos Coqueiros, 104 - Bairro Boa Vista, Rua dos Coqueiros, 104 Bairro Boa Vista","addressLocality":"UBIRATA","postalCode":"85440-000","addressRegion":"PR","addressCountry":"BR"},{"@type":"ImageObject","inLanguage":"en-US","@id":"https:\/\/ubirataonline.com.br\/comunidade-de-tijuco-preto-recebera-atendimento-descentralizado-da-1a-promotoria-de-justica-de-prudentopolis-no-dia-13-de-marco\/#local-main-organization-logo","url":"https:\/\/ubirataonline.com.br\/wp-content\/uploads\/2026\/06\/logoubirataonline-1.webp","contentUrl":"https:\/\/ubirataonline.com.br\/wp-content\/uploads\/2026\/06\/logoubirataonline-1.webp","width":500,"height":500,"caption":"Ubirat\u00e3 Online Not\u00edcias"}]},"geo.placename":"UBIRATA","geo.position":{"lat":"-24.5361401","long":"-52.9921776"},"geo.region":"Brazil"},"_links":{"self":[{"href":"https:\/\/ubirataonline.com.br\/en\/wp-json\/wp\/v2\/posts\/92140","targetHints":{"allow":["GET"]}}],"collection":[{"href":"https:\/\/ubirataonline.com.br\/en\/wp-json\/wp\/v2\/posts"}],"about":[{"href":"https:\/\/ubirataonline.com.br\/en\/wp-json\/wp\/v2\/types\/post"}],"author":[{"embeddable":true,"href":"https:\/\/ubirataonline.com.br\/en\/wp-json\/wp\/v2\/users\/1"}],"replies":[{"embeddable":true,"href":"https:\/\/ubirataonline.com.br\/en\/wp-json\/wp\/v2\/comments?post=92140"}],"version-history":[{"count":0,"href":"https:\/\/ubirataonline.com.br\/en\/wp-json\/wp\/v2\/posts\/92140\/revisions"}],"wp:featuredmedia":[{"embeddable":true,"href":"https:\/\/ubirataonline.com.br\/en\/wp-json\/wp\/v2\/media\/91758"}],"wp:attachment":[{"href":"https:\/\/ubirataonline.com.br\/en\/wp-json\/wp\/v2\/media?parent=92140"}],"wp:term":[{"taxonomy":"category","embeddable":true,"href":"https:\/\/ubirataonline.com.br\/en\/wp-json\/wp\/v2\/categories?post=92140"},{"taxonomy":"post_tag","embeddable":true,"href":"https:\/\/ubirataonline.com.br\/en\/wp-json\/wp\/v2\/tags?post=92140"}],"curies":[{"name":"wp","href":"https:\/\/api.w.org\/{rel}","templated":true}]}}