{"id":92149,"date":"2026-03-05T20:04:17","date_gmt":"2026-03-05T23:04:17","guid":{"rendered":"https:\/\/ubirataonline.com.br\/abertura-do-34o-festival-de-curitiba-tera-milton-cunha-e-mestre-cica\/"},"modified":"2026-03-05T20:04:25","modified_gmt":"2026-03-05T23:04:25","slug":"abertura-do-34o-festival-de-curitiba-tera-milton-cunha-e-mestre-cica","status":"publish","type":"post","link":"https:\/\/ubirataonline.com.br\/en\/abertura-do-34o-festival-de-curitiba-tera-milton-cunha-e-mestre-cica\/","title":{"rendered":"Abertura do 34\u00ba Festival de Curitiba ter\u00e1 Milton Cunha e Mestre Ci\u00e7a"},"content":{"rendered":"<p><\/p>\n<div id=\"post-content\">\n<p>A 34\u00aa edi\u00e7\u00e3o do Festival de Curitiba promete uma abertura especial, apostando na magia carnavalesca, com a presen\u00e7a de <strong>Milton Cunha<\/strong>, <strong>Mestre Ci\u00e7a<\/strong> e integrantes das escolas de samba do Rio de Janeiro. Dentro da Mostra Lucia Camargo,<strong> <\/strong>o Festival receber\u00e1 um espet\u00e1culo musical em formato de \u201caula-show\u201d, criado especialmente por Cunha, com estreia nacional, sobre uma forma de narrativa centen\u00e1ria inventada pelo povo brasileiro.\u00a0<\/p>\n<p>\u201cO maior espet\u00e1culo de artes c\u00eanicas do planeta\u201d, \u00e9 assim que o carnavalesco, cen\u00f3grafo, psic\u00f3logo, professor universit\u00e1rio e comentarista de carnaval brasileiro, se referiu ao Desfile das Escolas de Samba do Grupo Especial do Rio de Janeiro.\u00a0<\/p>\n<p>Para contar a hist\u00f3ria desta saga, Cunha receber\u00e1 personalidades especiais para cantar, sambar e exibir toda a harmonia e a evolu\u00e7\u00e3o dignas de uma noite no Samb\u00f3dromo carioca na montagem <strong>\u201cSamba: As Escolas e suas Narrativas\u201d. <\/strong>As apresenta\u00e7\u00f5es ocorrem nos dias 30 de mar\u00e7o, sendo essa para convidados, e no dia 31 de mar\u00e7o, para o p\u00fablico, no palco da Pedreira Paulo Leminski, \u00e0s 20h30.<\/p>\n<p>Os ingressos est\u00e3o dispon\u00edveis pelo <a href=\"http:\/\/www.festivaldecuritiba.com.br\" target=\"_blank\" rel=\"noreferrer noopener\">site do Festival<\/a> ou na bilheteria f\u00edsica no Shopping Mueller (Av. C\u00e2ndido de Abreu, 127 \u2013 Piso L3, Centro C\u00edvico).<\/p>\n<p>Cerca de 45 componentes de diversas agremia\u00e7\u00f5es do Grupo Especial do Rio de Janeiro (Beija-Flor, Portela, Viradouro, Mangueira, Tuiuti, entre outras) v\u00e3o se apresentar em Curitiba e demonstrar o que cada segmento significa em um desfile, como o casal de Mestre Sala e Porta Bandeira, que tem a fun\u00e7\u00e3o de apresentar, proteger e desfraldar o pavilh\u00e3o da Escola; as baianas \u2013 guardi\u00e3s das mem\u00f3rias, dos saberes e sabores de cada comunidade -; e as passistas com a arte ancestral do samba no p\u00e9.<\/p>\n<p>Uma bateria ser\u00e1 formada especialmente para a ocasi\u00e3o, regida por <strong>Mestre Ci\u00e7a<\/strong>, o veterano baluarte que foi homenageado no desfile campe\u00e3o da Unidos do Viradouro, em 2026, em um momento de intensa catarse na Marqu\u00eas de Sapuca\u00ed. Ao lado de Ci\u00e7a, dezenas de ritmistas v\u00e3o apresentar e tocar instrumentos, como surdo, caixa, tamborim, chocalho, repique e tarol, enquanto os destaques de luxo v\u00e3o exibir as fantasias junto com os demais componentes.<\/p>\n<h2 class=\"wp-block-heading\" id=\"h-samba-as-escolas-e-suas-narrativas\">Samba: as Escolas e suas Narrativas<\/h2>\n<p>\u201cSamba: as Escolas e suas Narrativas\u201d \u00e9 o resultado de uma longa pesquisa de mestrado e doutorado que consumiu boa parte da vida de Milton Cunha, hoje uma das maiores refer\u00eancias no assunto e certamente a figura mais popular na atualidade dentro do universo carnavalesco, sendo um dos reitores da Universidade Livre do Carnaval de Maric\u00e1 \u2013 UNICARNAVAL, institui\u00e7\u00e3o que apoia o espet\u00e1culo. Ap\u00f3s a maratona de desfiles de 2026, ser\u00e1 a vez dele transformar a Pedreira Paulo Leminski em uma verdadeira Pra\u00e7a da Apoteose.<\/p>\n<p>O espet\u00e1culo conta com acessibilidade de int\u00e9rprete de Libras. Acompanhe todas as novidades e informa\u00e7\u00f5es pelo <a href=\"http:\/\/www.festivaldecuritiba.com.br\/\" target=\"_blank\" rel=\"noreferrer noopener\">site do Festival de Curitiba.<\/a><\/p>\n<p><strong>Servi\u00e7o<\/strong><strong>:<\/strong><strong><br \/><\/strong><strong>Samba: As Escolas e suas Narrativas<\/strong><strong><br \/><\/strong><strong>Milton Cunha com membros das <\/strong><strong>Escolas de Samba do Grupo Especial do Rio de Janeiro<\/strong><strong><br \/><\/strong><strong>34\u00ba Festival de Curitiba<\/strong><strong><br \/><\/strong><strong>Local: <\/strong>Pedreira Paulo Leminski<br \/>Rua Jo\u00e3o Gava, 970 \u2013 Abranches<strong><br \/><\/strong><strong>Data: <\/strong>31 de mar\u00e7o<strong><br \/><\/strong><strong>Hor\u00e1rio: <\/strong>20h30<strong><br \/><\/strong><strong>Categoria: <\/strong>Musical<br \/><strong>Dura\u00e7\u00e3o: <\/strong>80\u2019<br \/><strong>Classifica\u00e7\u00e3o: <\/strong>Livre<strong><br \/><\/strong><strong>ingressos: <\/strong>R$85 e R$42,50 meia entrada<strong><br \/><\/strong><strong><br \/><\/strong><strong>34.\u00ba Festival de Curitiba<\/strong><strong><br \/><\/strong><strong>Data: <\/strong>De 30\/3 at\u00e9 12\/4 de 2026<br \/><strong>Valores:<\/strong> Os ingressos v\u00e3o de R$00 at\u00e9 R$85\u00a0 (mais taxas administrativas).<br \/><strong>Ingressos:<\/strong><a href=\"http:\/\/www.festivaldecuritiba.com.br\/\"> www.festivaldecuritiba.com.br<\/a> e na bilheteria f\u00edsica exclusiva no Shopping Mueller \u2013 Piso L3 (Segunda a s\u00e1bado, das 10h \u00e0s 22h e, domingos e feriados, das 14h \u00e0s 20h).<br \/><strong>Verifique a classifica\u00e7\u00e3o indicativa e orienta\u00e7\u00f5es do espet\u00e1culo.<\/strong><strong><br \/><\/strong><strong>Descontos especiais para colaboradores de empresas apoiadoras, clubes de desconto e associa\u00e7\u00f5es.<\/strong><strong\/><\/p>\n<section class=\"virals\">\n<article class=\"cardnews cardnews--post cardnews--has-thumbnail cardnews--editorial-noticias\"> <a href=\"https:\/\/www.tribunapr.com.br\/noticias\/parana\/golpe-do-ipva-engana-profissional-da-tecnologia-no-parana-como-evitar-a-fraude\/?utm_source=noticias-virais-rodape&amp;utm_medium=internal-tribuna&amp;utm_campaign=tribuna\" class=\"cardnews__postlink\"> <\/p>\n<div class=\"cardnews__image\" is-api-thumb=\"\"><\/div>\n<div class=\"cardnews__content cardhome__content\">\n<div class=\"cardnews__content-wrapper\">\n<p> <span style=\"\"> Fique atento! <\/span> <\/p>\n<p>At\u00e9 especialistas ca\u00edram: o detalhe no boleto do IPVA que rouba seu dinheiro<\/p>\n<\/p><\/div>\n<\/p><\/div>\n<p> <\/a> <\/article>\n<article class=\"cardnews cardnews--post cardnews--has-thumbnail cardnews--editorial-noticias\"> <a href=\"https:\/\/www.tribunapr.com.br\/noticias\/curitiba-regiao\/litoral-do-parana-passa-a-figurar-entre-os-mais-valorizados-do-pais\/?utm_source=noticias-virais-rodape&amp;utm_medium=internal-tribuna&amp;utm_campaign=tribuna\" class=\"cardnews__postlink\"> <\/p>\n<div class=\"cardnews__image\" is-api-thumb=\"\"><img decoding=\"async\" src=\"https:\/\/www.tribunapr.com.br\/wp-content\/uploads\/2026\/02\/04151141\/matinhos-litoral-370x210.jpg\" loading=\"lazy\" alt=\"Adeus, pre\u00e7os baixos? Esta regi\u00e3o do Paran\u00e1 virou a nova 'mina de ouro'\"\/><\/div>\n<div class=\"cardnews__content cardhome__content\">\n<div class=\"cardnews__content-wrapper\">\n<p> <span style=\"\"> Mercado imobili\u00e1rio <\/span> <\/p>\n<p>Adeus, pre\u00e7os baixos? Esta regi\u00e3o do Paran\u00e1 virou a nova &#8216;mina de ouro&#8217;<\/p>\n<\/p><\/div>\n<\/p><\/div>\n<p> <\/a> <\/article>\n<article class=\"cardnews cardnews--post cardnews--has-thumbnail cardnews--editorial-noticias\"> <a href=\"https:\/\/www.tribunapr.com.br\/blogs\/rango-barateza\/biscoitos-da-vovo-elza-tradicao-que-nasceu-do-afeto-e-conquistou-curitiba\/?utm_source=noticias-virais-rodape&amp;utm_medium=internal-tribuna&amp;utm_campaign=tribuna\" class=\"cardnews__postlink\"> <\/p>\n<div class=\"cardnews__image\" is-api-thumb=\"\"><img decoding=\"async\" src=\"https:\/\/www.tribunapr.com.br\/wp-content\/uploads\/2026\/02\/06135141\/vovo-elza-02-770x440-1-370x210.webp\" loading=\"lazy\" alt=\"O segredo de Curitiba: como uma receita de fam\u00edlia virou um imp\u00e9rio do afeto\"\/><\/div>\n<div class=\"cardnews__content cardhome__content\">\n<div class=\"cardnews__content-wrapper\">\n<p> <span style=\"\"> Rango Barateza! <\/span> <\/p>\n<p>O segredo de Curitiba: como uma receita de fam\u00edlia virou um imp\u00e9rio do afeto<\/p>\n<\/p><\/div>\n<\/p><\/div>\n<p> <\/a> <\/article>\n<\/section>\n<div id=\"tribuna-follow-cta\">\n<p> <span class=\"cta-title\">Siga a <span class=\"tribuna-color\">Tribuna<\/span> no Google, e acompanhe as \u00faltimas not\u00edcias de Curitiba e regi\u00e3o!<\/span> <\/p>\n<p> <a href=\"https:\/\/profile.google.com\/cp\/CgwvZy8xMmxxajUzM3Mac2h0dHBzOi8vd3d3LnRyaWJ1bmFwci5jb20uYnIvdml2YS92aXRyaW5lL2dpZ2FudGUtZG8tdmVzdHVhcmlvLXJlaW5hdWd1cmEtbG9qYS1lbS1zaG9wcGluZy10cmFkaWNpb25hbC1kZS1jdXJpdGliYS8iElRyaWJ1bmEgZG8gUGFyYW7DoSqAAwrHAWh0dHBzOi8vZW5jcnlwdGVkLXRibjIuZ3N0YXRpYy5jb20vZmF2aWNvbi10Ym4_cT10Ym46QU5kOUdjUVJPbjVDRjR6TzJPbkUwTXZrRlRCRTY2U0g1bGlaVDRaZTV3bWNKeU5GRm1BSnluM01nNU9PR3BXY1pYMzZwYU5HUWtsZ09JVEFLTTNNZVNGbTc1aWp6M3k2ajUtQ3M2b25kX2JUcFFQQkVLd3RsUjBsTmJESnUtVHhrNXQtbFlCNlVpOWZSVVFjT2cSswFodHRwczovL2VuY3J5cHRlZC10Ym4zLmdzdGF0aWMuY29tL2Zhdmljb24tdGJuP3E9dGJuJTNBQU5kOUdjU0FMaWJ2eFF0YXdFMFRueVdWWmVKRS1MZEdRZjVTUi1OZ2RMazhyZzIwVy1nM0JuQ1F4VDNKZFBjRXR2THdBeVRxUDJEdHVycEdVR29CQkxpYzM5al9wSmFxRERaMHNCYW05WEVhSGVsMmZTQmdKdlF4WWVyMw\" target=\"_blank\" title=\"Seguir a Tribuna no Google\">  <\/a> <\/div>\n<\/p><\/div>\n<p><a href=\"https:\/\/www.tribunapr.com.br\/viva\/abertura-do-34o-festival-de-curitiba-tera-espetaculo-com-milton-cunha-e-mestre-cica\/\">Fonte do Artigo <\/a><\/p>","protected":false},"excerpt":{"rendered":"<p>A 34\u00aa edi\u00e7\u00e3o do Festival de Curitiba promete uma abertura especial, apostando na magia carnavalesca, com a presen\u00e7a de Milton Cunha, Mestre Ci\u00e7a e integrantes das escolas de samba do Rio de Janeiro. Dentro da Mostra Lucia Camargo, o Festival receber\u00e1 um espet\u00e1culo musical em formato de \u201caula-show\u201d, criado especialmente por Cunha, com estreia nacional, [&hellip;]<\/p>\n","protected":false},"author":1,"featured_media":92150,"comment_status":"closed","ping_status":"","sticky":false,"template":"","format":"standard","meta":{"googlesitekit_rrm_CAow2JLhCw:productID":"","_gspb_post_css":"","maa_idioma":"","maa_pais":"","footnotes":""},"categories":[1],"tags":[21451,5359,21453,21452,151,5462,14604,7643,3880],"class_list":["post-92149","post","type-post","status-publish","format-standard","has-post-thumbnail","hentry","category-ubirata","tag-34o","tag-abertura","tag-cica","tag-cunha","tag-curitiba","tag-festival","tag-mestre","tag-milton","tag-tera"],"blocksy_meta":[],"yoast_head":"<!-- This site is optimized with the Yoast SEO Premium plugin v27.6 (Yoast SEO v27.6) - https:\/\/yoast.com\/product\/yoast-seo-premium-wordpress\/ -->\n<title>Abertura do 34\u00ba Festival de Curitiba ter\u00e1 Milton Cunha e Mestre Ci\u00e7a - Ubirat\u00e3 Online Not\u00edcias - A realidade ao seu alcance!<\/title>\n<meta name=\"description\" content=\"A 34\u00aa edi\u00e7\u00e3o do Festival de Curitiba promete uma abertura especial, apostando na magia carnavalesca, com a presen\u00e7a de Milton Cunha, Mestre Ci\u00e7a e\" \/>\n<meta name=\"robots\" content=\"index, follow, max-snippet:-1, max-image-preview:large, max-video-preview:-1\" \/>\n<link rel=\"canonical\" href=\"https:\/\/ubirataonline.com.br\/en\/abertura-do-34o-festival-de-curitiba-tera-milton-cunha-e-mestre-cica\/\" \/>\n<meta property=\"og:locale\" content=\"en_US\" \/>\n<meta property=\"og:type\" content=\"article\" \/>\n<meta property=\"og:title\" content=\"Abertura do 34\u00ba Festival de Curitiba ter\u00e1 Milton Cunha e Mestre Ci\u00e7a\" \/>\n<meta property=\"og:description\" content=\"A 34\u00aa edi\u00e7\u00e3o do Festival de Curitiba promete uma abertura especial, apostando na magia carnavalesca, com a presen\u00e7a de Milton Cunha, Mestre Ci\u00e7a e\" \/>\n<meta property=\"og:url\" content=\"https:\/\/ubirataonline.com.br\/en\/abertura-do-34o-festival-de-curitiba-tera-milton-cunha-e-mestre-cica\/\" \/>\n<meta property=\"og:site_name\" content=\"Ubirat\u00e3 Online Not\u00edcias - A realidade ao seu alcance!\" \/>\n<meta property=\"article:publisher\" content=\"https:\/\/www.facebook.com\/portalubirataonline\" \/>\n<meta property=\"article:author\" content=\"https:\/\/www.facebook.com\/portalubirataonline\" \/>\n<meta property=\"article:published_time\" content=\"2026-03-05T23:04:17+00:00\" \/>\n<meta property=\"article:modified_time\" content=\"2026-03-05T23:04:25+00:00\" \/>\n<meta property=\"og:image\" content=\"https:\/\/ubirataonline.com.br\/wp-content\/uploads\/2026\/03\/Abertura-do-34o-Festival-de-Curitiba-tera-Milton-Cunha-e.jpeg\" \/>\n\t<meta property=\"og:image:width\" content=\"1200\" \/>\n\t<meta property=\"og:image:height\" content=\"899\" \/>\n\t<meta property=\"og:image:type\" content=\"image\/jpeg\" \/>\n<meta name=\"author\" content=\"REDA\u00c7\u00c3O: UBIRAT\u00c3 ONLINE - F\u00c1BIO AUGUSTO CELESTINO\" \/>\n<meta name=\"twitter:card\" content=\"summary_large_image\" \/>\n<meta name=\"twitter:creator\" content=\"@x.com\/ubirataonline\" \/>\n<meta name=\"twitter:site\" content=\"@ubirataonline\" \/>\n<meta name=\"twitter:label1\" content=\"Written by\" \/>\n\t<meta name=\"twitter:data1\" content=\"REDA\u00c7\u00c3O: UBIRAT\u00c3 ONLINE - F\u00c1BIO AUGUSTO CELESTINO\" \/>\n\t<meta name=\"twitter:label2\" content=\"Est. reading time\" \/>\n\t<meta name=\"twitter:data2\" content=\"3 minutes\" \/>\n<script type=\"application\/ld+json\" class=\"yoast-schema-graph\">{\"@context\":\"https:\\\/\\\/schema.org\",\"@graph\":[{\"@type\":\"NewsArticle\",\"@id\":\"https:\\\/\\\/ubirataonline.com.br\\\/abertura-do-34o-festival-de-curitiba-tera-milton-cunha-e-mestre-cica\\\/#article\",\"isPartOf\":{\"@id\":\"https:\\\/\\\/ubirataonline.com.br\\\/abertura-do-34o-festival-de-curitiba-tera-milton-cunha-e-mestre-cica\\\/\"},\"author\":{\"name\":\"REDA\u00c7\u00c3O: UBIRAT\u00c3 ONLINE - F\u00c1BIO AUGUSTO CELESTINO\",\"@id\":\"https:\\\/\\\/ubirataonline.com.br\\\/#\\\/schema\\\/person\\\/372f87bbd3fdd79b8556b84c98d0bc1c\"},\"headline\":\"Abertura do 34\u00ba Festival de Curitiba ter\u00e1 Milton Cunha e Mestre Ci\u00e7a\",\"datePublished\":\"2026-03-05T23:04:17+00:00\",\"dateModified\":\"2026-03-05T23:04:25+00:00\",\"mainEntityOfPage\":{\"@id\":\"https:\\\/\\\/ubirataonline.com.br\\\/abertura-do-34o-festival-de-curitiba-tera-milton-cunha-e-mestre-cica\\\/\"},\"wordCount\":701,\"publisher\":{\"@id\":\"https:\\\/\\\/ubirataonline.com.br\\\/#organization\"},\"image\":{\"@id\":\"https:\\\/\\\/ubirataonline.com.br\\\/abertura-do-34o-festival-de-curitiba-tera-milton-cunha-e-mestre-cica\\\/#primaryimage\"},\"thumbnailUrl\":\"https:\\\/\\\/ubirataonline.com.br\\\/wp-content\\\/uploads\\\/2026\\\/03\\\/Abertura-do-34o-Festival-de-Curitiba-tera-Milton-Cunha-e.jpeg\",\"keywords\":[\"34\u00ba\",\"abertura\",\"Ci\u00e7a\",\"Cunha\",\"Curitiba\",\"Festival\",\"mestre\",\"Milton\",\"ter\u00e1\"],\"articleSection\":[\"Ubirat\u00e3\"],\"inLanguage\":\"en-US\",\"copyrightYear\":\"2026\",\"copyrightHolder\":{\"@id\":\"https:\\\/\\\/ubirataonline.com.br\\\/en\\\/#organization\"}},{\"@type\":\"WebPage\",\"@id\":\"https:\\\/\\\/ubirataonline.com.br\\\/abertura-do-34o-festival-de-curitiba-tera-milton-cunha-e-mestre-cica\\\/\",\"url\":\"https:\\\/\\\/ubirataonline.com.br\\\/abertura-do-34o-festival-de-curitiba-tera-milton-cunha-e-mestre-cica\\\/\",\"name\":\"Abertura do 34\u00ba Festival de Curitiba ter\u00e1 Milton Cunha e Mestre Ci\u00e7a - Ubirat\u00e3 Online Not\u00edcias - A realidade ao seu alcance!\",\"isPartOf\":{\"@id\":\"https:\\\/\\\/ubirataonline.com.br\\\/#website\"},\"primaryImageOfPage\":{\"@id\":\"https:\\\/\\\/ubirataonline.com.br\\\/abertura-do-34o-festival-de-curitiba-tera-milton-cunha-e-mestre-cica\\\/#primaryimage\"},\"image\":{\"@id\":\"https:\\\/\\\/ubirataonline.com.br\\\/abertura-do-34o-festival-de-curitiba-tera-milton-cunha-e-mestre-cica\\\/#primaryimage\"},\"thumbnailUrl\":\"https:\\\/\\\/ubirataonline.com.br\\\/wp-content\\\/uploads\\\/2026\\\/03\\\/Abertura-do-34o-Festival-de-Curitiba-tera-Milton-Cunha-e.jpeg\",\"datePublished\":\"2026-03-05T23:04:17+00:00\",\"dateModified\":\"2026-03-05T23:04:25+00:00\",\"description\":\"A 34\u00aa edi\u00e7\u00e3o do Festival de Curitiba promete uma abertura especial, apostando na magia carnavalesca, com a presen\u00e7a de Milton Cunha, Mestre Ci\u00e7a e\",\"breadcrumb\":{\"@id\":\"https:\\\/\\\/ubirataonline.com.br\\\/abertura-do-34o-festival-de-curitiba-tera-milton-cunha-e-mestre-cica\\\/#breadcrumb\"},\"inLanguage\":\"en-US\",\"potentialAction\":[{\"@type\":\"ReadAction\",\"target\":[\"https:\\\/\\\/ubirataonline.com.br\\\/abertura-do-34o-festival-de-curitiba-tera-milton-cunha-e-mestre-cica\\\/\"]}]},{\"@type\":\"ImageObject\",\"inLanguage\":\"en-US\",\"@id\":\"https:\\\/\\\/ubirataonline.com.br\\\/abertura-do-34o-festival-de-curitiba-tera-milton-cunha-e-mestre-cica\\\/#primaryimage\",\"url\":\"https:\\\/\\\/ubirataonline.com.br\\\/wp-content\\\/uploads\\\/2026\\\/03\\\/Abertura-do-34o-Festival-de-Curitiba-tera-Milton-Cunha-e.jpeg\",\"contentUrl\":\"https:\\\/\\\/ubirataonline.com.br\\\/wp-content\\\/uploads\\\/2026\\\/03\\\/Abertura-do-34o-Festival-de-Curitiba-tera-Milton-Cunha-e.jpeg\",\"width\":1200,\"height\":899,\"caption\":\"Fotos: Milton Cunha - Lina Sumizono | Mestre Ci\u00e7a - Divulga\u00e7\u00e3o Viradouro\"},{\"@type\":\"BreadcrumbList\",\"@id\":\"https:\\\/\\\/ubirataonline.com.br\\\/abertura-do-34o-festival-de-curitiba-tera-milton-cunha-e-mestre-cica\\\/#breadcrumb\",\"itemListElement\":[{\"@type\":\"ListItem\",\"position\":1,\"name\":\"In\u00edcio\",\"item\":\"https:\\\/\\\/ubirataonline.com.br\\\/\"},{\"@type\":\"ListItem\",\"position\":2,\"name\":\"Abertura do 34\u00ba Festival de Curitiba ter\u00e1 Milton Cunha e Mestre Ci\u00e7a\"}]},{\"@type\":\"WebSite\",\"@id\":\"https:\\\/\\\/ubirataonline.com.br\\\/#website\",\"url\":\"https:\\\/\\\/ubirataonline.com.br\\\/\",\"name\":\"Ubirat\u00e3 Online Not\u00edcias\",\"description\":\"Not\u00edcias de Ubirat\u00e3, regi\u00e3o, Brasil e mundo, com informa\u00e7\u00e3o atualizada e compromisso com o leitor.\",\"publisher\":{\"@id\":\"https:\\\/\\\/ubirataonline.com.br\\\/#organization\"},\"alternateName\":\"Ubirat\u00e3 Online\",\"potentialAction\":[{\"@type\":\"SearchAction\",\"target\":{\"@type\":\"EntryPoint\",\"urlTemplate\":\"https:\\\/\\\/ubirataonline.com.br\\\/?s={search_term_string}\"},\"query-input\":{\"@type\":\"PropertyValueSpecification\",\"valueRequired\":true,\"valueName\":\"search_term_string\"}}],\"inLanguage\":\"en-US\"},{\"@type\":[\"Organization\",\"Place\"],\"@id\":\"https:\\\/\\\/ubirataonline.com.br\\\/#organization\",\"name\":\"Ubirat\u00e3 Online Not\u00edcias\",\"alternateName\":\"Ubirat\u00e3 Online\",\"url\":\"https:\\\/\\\/ubirataonline.com.br\\\/\",\"logo\":{\"@id\":\"https:\\\/\\\/ubirataonline.com.br\\\/abertura-do-34o-festival-de-curitiba-tera-milton-cunha-e-mestre-cica\\\/#local-main-organization-logo\"},\"image\":{\"@id\":\"https:\\\/\\\/ubirataonline.com.br\\\/abertura-do-34o-festival-de-curitiba-tera-milton-cunha-e-mestre-cica\\\/#local-main-organization-logo\"},\"sameAs\":[\"https:\\\/\\\/www.facebook.com\\\/portalubirataonline\",\"https:\\\/\\\/x.com\\\/ubirataonline\",\"https:\\\/\\\/mastodon.social\\\/@ubirataonline\",\"https:\\\/\\\/www.facebook.com\\\/groups\\\/311144672285604\",\"https:\\\/\\\/www.facebook.com\\\/UBTAOnline\",\"https:\\\/\\\/www.instagram.com\\\/portalubirataonline\\\/\",\"https:\\\/\\\/twitter.com\\\/ubirataonline\"],\"description\":\"Somos um portal de not\u00edcias independente, criado em 5 de janeiro de 2009, com o objetivo de informar, conectar e valorizar a nossa comunidade de Ubirat\u00e3 e toda aregi\u00e3o. Com conte\u00fado atualizado, confi\u00e1vel e relevante, o Ubirat\u00e3 Online \u00e9 o seu espa\u00e7o para ficar por dentro dos principais acontecimentos locais, regionais, Brasil, Mundo e de interesse geral. Nosso compromisso \u00e9 com a verdade, a transpar\u00eancia e o respeito ao leitor.\",\"legalName\":\"UBIRATA ONLINE NOT\u00cdCIAS\",\"foundingDate\":\"2009-01-05\",\"numberOfEmployees\":{\"@type\":\"QuantitativeValue\",\"minValue\":\"1\",\"maxValue\":\"10\"},\"publishingPrinciples\":\"https:\\\/\\\/ubirataonline.com.br\\\/faq\\\/\",\"address\":{\"@id\":\"https:\\\/\\\/ubirataonline.com.br\\\/abertura-do-34o-festival-de-curitiba-tera-milton-cunha-e-mestre-cica\\\/#local-main-place-address\"},\"geo\":{\"@type\":\"GeoCoordinates\",\"latitude\":\"-24.5361401\",\"longitude\":\"-52.9921776\"},\"telephone\":[\"+5544998308235\"],\"contactPoint\":{\"@type\":\"ContactPoint\",\"email\":\"contato@ubirataonline.com.br\"},\"openingHoursSpecification\":{\"@type\":\"OpeningHoursSpecification\",\"dayOfWeek\":[\"Monday\",\"Tuesday\",\"Wednesday\",\"Thursday\",\"Friday\",\"Saturday\",\"Sunday\"],\"opens\":\"00:00\",\"closes\":\"23:59\"},\"email\":\"contato@ubirataonline.com.br\",\"vatID\":\"47.621.418\\\/0001-80\"},{\"@type\":\"Person\",\"@id\":\"https:\\\/\\\/ubirataonline.com.br\\\/#\\\/schema\\\/person\\\/372f87bbd3fdd79b8556b84c98d0bc1c\",\"name\":\"REDA\u00c7\u00c3O: UBIRAT\u00c3 ONLINE - F\u00c1BIO AUGUSTO CELESTINO\",\"pronouns\":\"Ele\",\"description\":\"Desde 2003 trabalhando com not\u00edcias.\",\"sameAs\":[\"http:\\\/\\\/ubirataoline.com.br\",\"https:\\\/\\\/www.facebook.com\\\/portalubirataonline\",\"https:\\\/\\\/www.instagram.com\\\/ubirataonline_oficial\",\"https:\\\/\\\/x.com\\\/x.com\\\/ubirataonline\"],\"honorificPrefix\":\"Mr.\",\"honorificSuffix\":\"MD\",\"birthDate\":\"1980-06-16\",\"gender\":\"masculino\",\"award\":[\"V\u00e1rios pr\u00eamios de melhor portal da cidade\"],\"jobTitle\":\"Diretor\",\"url\":\"https:\\\/\\\/ubirataonline.com.br\\\/en\\\/author\\\/ubirataonline\\\/\"},{\"@type\":\"PostalAddress\",\"@id\":\"https:\\\/\\\/ubirataonline.com.br\\\/abertura-do-34o-festival-de-curitiba-tera-milton-cunha-e-mestre-cica\\\/#local-main-place-address\",\"streetAddress\":\"Rua dos Coqueiros, 104 - Bairro Boa Vista, Rua dos Coqueiros, 104 Bairro Boa Vista\",\"addressLocality\":\"UBIRATA\",\"postalCode\":\"85440-000\",\"addressRegion\":\"PR\",\"addressCountry\":\"BR\"},{\"@type\":\"ImageObject\",\"inLanguage\":\"en-US\",\"@id\":\"https:\\\/\\\/ubirataonline.com.br\\\/abertura-do-34o-festival-de-curitiba-tera-milton-cunha-e-mestre-cica\\\/#local-main-organization-logo\",\"url\":\"https:\\\/\\\/ubirataonline.com.br\\\/wp-content\\\/uploads\\\/2026\\\/06\\\/logoubirataonline-1.webp\",\"contentUrl\":\"https:\\\/\\\/ubirataonline.com.br\\\/wp-content\\\/uploads\\\/2026\\\/06\\\/logoubirataonline-1.webp\",\"width\":500,\"height\":500,\"caption\":\"Ubirat\u00e3 Online Not\u00edcias\"}]}<\/script>\n<meta name=\"geo.placename\" content=\"UBIRATA\" \/>\n<meta name=\"geo.position\" content=\"-24.5361401;-52.9921776\" \/>\n<meta name=\"geo.region\" content=\"Brazil\" \/>\n<!-- \/ Yoast SEO Premium plugin. -->","yoast_head_json":{"title":"Abertura do 34\u00ba Festival de Curitiba ter\u00e1 Milton Cunha e Mestre Ci\u00e7a - Ubirat\u00e3 Online Not\u00edcias - A realidade ao seu alcance!","description":"A 34\u00aa edi\u00e7\u00e3o do Festival de Curitiba promete uma abertura especial, apostando na magia carnavalesca, com a presen\u00e7a de Milton Cunha, Mestre Ci\u00e7a e","robots":{"index":"index","follow":"follow","max-snippet":"max-snippet:-1","max-image-preview":"max-image-preview:large","max-video-preview":"max-video-preview:-1"},"canonical":"https:\/\/ubirataonline.com.br\/en\/abertura-do-34o-festival-de-curitiba-tera-milton-cunha-e-mestre-cica\/","og_locale":"en_US","og_type":"article","og_title":"Abertura do 34\u00ba Festival de Curitiba ter\u00e1 Milton Cunha e Mestre Ci\u00e7a","og_description":"A 34\u00aa edi\u00e7\u00e3o do Festival de Curitiba promete uma abertura especial, apostando na magia carnavalesca, com a presen\u00e7a de Milton Cunha, Mestre Ci\u00e7a e","og_url":"https:\/\/ubirataonline.com.br\/en\/abertura-do-34o-festival-de-curitiba-tera-milton-cunha-e-mestre-cica\/","og_site_name":"Ubirat\u00e3 Online Not\u00edcias - A realidade ao seu alcance!","article_publisher":"https:\/\/www.facebook.com\/portalubirataonline","article_author":"https:\/\/www.facebook.com\/portalubirataonline","article_published_time":"2026-03-05T23:04:17+00:00","article_modified_time":"2026-03-05T23:04:25+00:00","og_image":[{"width":1200,"height":899,"url":"https:\/\/ubirataonline.com.br\/wp-content\/uploads\/2026\/03\/Abertura-do-34o-Festival-de-Curitiba-tera-Milton-Cunha-e.jpeg","type":"image\/jpeg"}],"author":"REDA\u00c7\u00c3O: UBIRAT\u00c3 ONLINE - F\u00c1BIO AUGUSTO CELESTINO","twitter_card":"summary_large_image","twitter_creator":"@x.com\/ubirataonline","twitter_site":"@ubirataonline","twitter_misc":{"Written by":"REDA\u00c7\u00c3O: UBIRAT\u00c3 ONLINE - F\u00c1BIO AUGUSTO CELESTINO","Est. reading time":"3 minutes"},"schema":{"@context":"https:\/\/schema.org","@graph":[{"@type":"NewsArticle","@id":"https:\/\/ubirataonline.com.br\/abertura-do-34o-festival-de-curitiba-tera-milton-cunha-e-mestre-cica\/#article","isPartOf":{"@id":"https:\/\/ubirataonline.com.br\/abertura-do-34o-festival-de-curitiba-tera-milton-cunha-e-mestre-cica\/"},"author":{"name":"REDA\u00c7\u00c3O: UBIRAT\u00c3 ONLINE - F\u00c1BIO AUGUSTO CELESTINO","@id":"https:\/\/ubirataonline.com.br\/#\/schema\/person\/372f87bbd3fdd79b8556b84c98d0bc1c"},"headline":"Abertura do 34\u00ba Festival de Curitiba ter\u00e1 Milton Cunha e Mestre Ci\u00e7a","datePublished":"2026-03-05T23:04:17+00:00","dateModified":"2026-03-05T23:04:25+00:00","mainEntityOfPage":{"@id":"https:\/\/ubirataonline.com.br\/abertura-do-34o-festival-de-curitiba-tera-milton-cunha-e-mestre-cica\/"},"wordCount":701,"publisher":{"@id":"https:\/\/ubirataonline.com.br\/#organization"},"image":{"@id":"https:\/\/ubirataonline.com.br\/abertura-do-34o-festival-de-curitiba-tera-milton-cunha-e-mestre-cica\/#primaryimage"},"thumbnailUrl":"https:\/\/ubirataonline.com.br\/wp-content\/uploads\/2026\/03\/Abertura-do-34o-Festival-de-Curitiba-tera-Milton-Cunha-e.jpeg","keywords":["34\u00ba","abertura","Ci\u00e7a","Cunha","Curitiba","Festival","mestre","Milton","ter\u00e1"],"articleSection":["Ubirat\u00e3"],"inLanguage":"en-US","copyrightYear":"2026","copyrightHolder":{"@id":"https:\/\/ubirataonline.com.br\/en\/#organization"}},{"@type":"WebPage","@id":"https:\/\/ubirataonline.com.br\/abertura-do-34o-festival-de-curitiba-tera-milton-cunha-e-mestre-cica\/","url":"https:\/\/ubirataonline.com.br\/abertura-do-34o-festival-de-curitiba-tera-milton-cunha-e-mestre-cica\/","name":"Abertura do 34\u00ba Festival de Curitiba ter\u00e1 Milton Cunha e Mestre Ci\u00e7a - Ubirat\u00e3 Online Not\u00edcias - A realidade ao seu alcance!","isPartOf":{"@id":"https:\/\/ubirataonline.com.br\/#website"},"primaryImageOfPage":{"@id":"https:\/\/ubirataonline.com.br\/abertura-do-34o-festival-de-curitiba-tera-milton-cunha-e-mestre-cica\/#primaryimage"},"image":{"@id":"https:\/\/ubirataonline.com.br\/abertura-do-34o-festival-de-curitiba-tera-milton-cunha-e-mestre-cica\/#primaryimage"},"thumbnailUrl":"https:\/\/ubirataonline.com.br\/wp-content\/uploads\/2026\/03\/Abertura-do-34o-Festival-de-Curitiba-tera-Milton-Cunha-e.jpeg","datePublished":"2026-03-05T23:04:17+00:00","dateModified":"2026-03-05T23:04:25+00:00","description":"A 34\u00aa edi\u00e7\u00e3o do Festival de Curitiba promete uma abertura especial, apostando na magia carnavalesca, com a presen\u00e7a de Milton Cunha, Mestre Ci\u00e7a e","breadcrumb":{"@id":"https:\/\/ubirataonline.com.br\/abertura-do-34o-festival-de-curitiba-tera-milton-cunha-e-mestre-cica\/#breadcrumb"},"inLanguage":"en-US","potentialAction":[{"@type":"ReadAction","target":["https:\/\/ubirataonline.com.br\/abertura-do-34o-festival-de-curitiba-tera-milton-cunha-e-mestre-cica\/"]}]},{"@type":"ImageObject","inLanguage":"en-US","@id":"https:\/\/ubirataonline.com.br\/abertura-do-34o-festival-de-curitiba-tera-milton-cunha-e-mestre-cica\/#primaryimage","url":"https:\/\/ubirataonline.com.br\/wp-content\/uploads\/2026\/03\/Abertura-do-34o-Festival-de-Curitiba-tera-Milton-Cunha-e.jpeg","contentUrl":"https:\/\/ubirataonline.com.br\/wp-content\/uploads\/2026\/03\/Abertura-do-34o-Festival-de-Curitiba-tera-Milton-Cunha-e.jpeg","width":1200,"height":899,"caption":"Fotos: Milton Cunha - Lina Sumizono | Mestre Ci\u00e7a - Divulga\u00e7\u00e3o Viradouro"},{"@type":"BreadcrumbList","@id":"https:\/\/ubirataonline.com.br\/abertura-do-34o-festival-de-curitiba-tera-milton-cunha-e-mestre-cica\/#breadcrumb","itemListElement":[{"@type":"ListItem","position":1,"name":"In\u00edcio","item":"https:\/\/ubirataonline.com.br\/"},{"@type":"ListItem","position":2,"name":"Abertura do 34\u00ba Festival de Curitiba ter\u00e1 Milton Cunha e Mestre Ci\u00e7a"}]},{"@type":"WebSite","@id":"https:\/\/ubirataonline.com.br\/#website","url":"https:\/\/ubirataonline.com.br\/","name":"Ubirat\u00e3 Online Not\u00edcias","description":"Not\u00edcias de Ubirat\u00e3, regi\u00e3o, Brasil e mundo, com informa\u00e7\u00e3o atualizada e compromisso com o leitor.","publisher":{"@id":"https:\/\/ubirataonline.com.br\/#organization"},"alternateName":"Ubirat\u00e3 Online","potentialAction":[{"@type":"SearchAction","target":{"@type":"EntryPoint","urlTemplate":"https:\/\/ubirataonline.com.br\/?s={search_term_string}"},"query-input":{"@type":"PropertyValueSpecification","valueRequired":true,"valueName":"search_term_string"}}],"inLanguage":"en-US"},{"@type":["Organization","Place"],"@id":"https:\/\/ubirataonline.com.br\/#organization","name":"Ubirat\u00e3 Online Not\u00edcias","alternateName":"Ubirat\u00e3 Online","url":"https:\/\/ubirataonline.com.br\/","logo":{"@id":"https:\/\/ubirataonline.com.br\/abertura-do-34o-festival-de-curitiba-tera-milton-cunha-e-mestre-cica\/#local-main-organization-logo"},"image":{"@id":"https:\/\/ubirataonline.com.br\/abertura-do-34o-festival-de-curitiba-tera-milton-cunha-e-mestre-cica\/#local-main-organization-logo"},"sameAs":["https:\/\/www.facebook.com\/portalubirataonline","https:\/\/x.com\/ubirataonline","https:\/\/mastodon.social\/@ubirataonline","https:\/\/www.facebook.com\/groups\/311144672285604","https:\/\/www.facebook.com\/UBTAOnline","https:\/\/www.instagram.com\/portalubirataonline\/","https:\/\/twitter.com\/ubirataonline"],"description":"Somos um portal de not\u00edcias independente, criado em 5 de janeiro de 2009, com o objetivo de informar, conectar e valorizar a nossa comunidade de Ubirat\u00e3 e toda aregi\u00e3o. Com conte\u00fado atualizado, confi\u00e1vel e relevante, o Ubirat\u00e3 Online \u00e9 o seu espa\u00e7o para ficar por dentro dos principais acontecimentos locais, regionais, Brasil, Mundo e de interesse geral. Nosso compromisso \u00e9 com a verdade, a transpar\u00eancia e o respeito ao leitor.","legalName":"UBIRATA ONLINE NOT\u00cdCIAS","foundingDate":"2009-01-05","numberOfEmployees":{"@type":"QuantitativeValue","minValue":"1","maxValue":"10"},"publishingPrinciples":"https:\/\/ubirataonline.com.br\/faq\/","address":{"@id":"https:\/\/ubirataonline.com.br\/abertura-do-34o-festival-de-curitiba-tera-milton-cunha-e-mestre-cica\/#local-main-place-address"},"geo":{"@type":"GeoCoordinates","latitude":"-24.5361401","longitude":"-52.9921776"},"telephone":["+5544998308235"],"contactPoint":{"@type":"ContactPoint","email":"contato@ubirataonline.com.br"},"openingHoursSpecification":{"@type":"OpeningHoursSpecification","dayOfWeek":["Monday","Tuesday","Wednesday","Thursday","Friday","Saturday","Sunday"],"opens":"00:00","closes":"23:59"},"email":"contato@ubirataonline.com.br","vatID":"47.621.418\/0001-80"},{"@type":"Person","@id":"https:\/\/ubirataonline.com.br\/#\/schema\/person\/372f87bbd3fdd79b8556b84c98d0bc1c","name":"REDA\u00c7\u00c3O: UBIRAT\u00c3 ONLINE - F\u00c1BIO AUGUSTO CELESTINO","pronouns":"Ele","description":"Desde 2003 trabalhando com not\u00edcias.","sameAs":["http:\/\/ubirataoline.com.br","https:\/\/www.facebook.com\/portalubirataonline","https:\/\/www.instagram.com\/ubirataonline_oficial","https:\/\/x.com\/x.com\/ubirataonline"],"honorificPrefix":"Mr.","honorificSuffix":"MD","birthDate":"1980-06-16","gender":"masculino","award":["V\u00e1rios pr\u00eamios de melhor portal da cidade"],"jobTitle":"Diretor","url":"https:\/\/ubirataonline.com.br\/en\/author\/ubirataonline\/"},{"@type":"PostalAddress","@id":"https:\/\/ubirataonline.com.br\/abertura-do-34o-festival-de-curitiba-tera-milton-cunha-e-mestre-cica\/#local-main-place-address","streetAddress":"Rua dos Coqueiros, 104 - Bairro Boa Vista, Rua dos Coqueiros, 104 Bairro Boa Vista","addressLocality":"UBIRATA","postalCode":"85440-000","addressRegion":"PR","addressCountry":"BR"},{"@type":"ImageObject","inLanguage":"en-US","@id":"https:\/\/ubirataonline.com.br\/abertura-do-34o-festival-de-curitiba-tera-milton-cunha-e-mestre-cica\/#local-main-organization-logo","url":"https:\/\/ubirataonline.com.br\/wp-content\/uploads\/2026\/06\/logoubirataonline-1.webp","contentUrl":"https:\/\/ubirataonline.com.br\/wp-content\/uploads\/2026\/06\/logoubirataonline-1.webp","width":500,"height":500,"caption":"Ubirat\u00e3 Online Not\u00edcias"}]},"geo.placename":"UBIRATA","geo.position":{"lat":"-24.5361401","long":"-52.9921776"},"geo.region":"Brazil"},"_links":{"self":[{"href":"https:\/\/ubirataonline.com.br\/en\/wp-json\/wp\/v2\/posts\/92149","targetHints":{"allow":["GET"]}}],"collection":[{"href":"https:\/\/ubirataonline.com.br\/en\/wp-json\/wp\/v2\/posts"}],"about":[{"href":"https:\/\/ubirataonline.com.br\/en\/wp-json\/wp\/v2\/types\/post"}],"author":[{"embeddable":true,"href":"https:\/\/ubirataonline.com.br\/en\/wp-json\/wp\/v2\/users\/1"}],"replies":[{"embeddable":true,"href":"https:\/\/ubirataonline.com.br\/en\/wp-json\/wp\/v2\/comments?post=92149"}],"version-history":[{"count":0,"href":"https:\/\/ubirataonline.com.br\/en\/wp-json\/wp\/v2\/posts\/92149\/revisions"}],"wp:featuredmedia":[{"embeddable":true,"href":"https:\/\/ubirataonline.com.br\/en\/wp-json\/wp\/v2\/media\/92150"}],"wp:attachment":[{"href":"https:\/\/ubirataonline.com.br\/en\/wp-json\/wp\/v2\/media?parent=92149"}],"wp:term":[{"taxonomy":"category","embeddable":true,"href":"https:\/\/ubirataonline.com.br\/en\/wp-json\/wp\/v2\/categories?post=92149"},{"taxonomy":"post_tag","embeddable":true,"href":"https:\/\/ubirataonline.com.br\/en\/wp-json\/wp\/v2\/tags?post=92149"}],"curies":[{"name":"wp","href":"https:\/\/api.w.org\/{rel}","templated":true}]}}