{"id":92953,"date":"2026-03-08T13:37:33","date_gmt":"2026-03-08T16:37:33","guid":{"rendered":"https:\/\/ubirataonline.com.br\/probable-formation-genoa-vs-roma\/"},"modified":"2026-03-08T13:37:37","modified_gmt":"2026-03-08T16:37:37","slug":"probable-formation-genoa-vs-roma","status":"publish","type":"post","link":"https:\/\/ubirataonline.com.br\/en\/probable-formation-genoa-vs-roma\/","title":{"rendered":"Probable Formation: Genoa vs Roma"},"content":{"rendered":"<p><br \/>\n<\/p>\n<div id=\"zephr-anchor\">\n<div class=\"duet--article--article-body-component\">\n<p class=\"duet--article--dangerously-set-cms-markup duet--article--standard-paragraph _1nfb3k4i _16w9vov1 _16w9vov0 ls9zuh1\">\u201cIf we keep considering the absence of [Artem] Dovbyk and [Evan] Ferguson we\u2019re really in a very difficult situation. Dovbyk has been out for many months and he\u2019s had an operation. If everything goes well, he might be able to return for the end of April or early May. So we can\u2019t really keep on classifying him as a \u2018missing\u2019 player. The same goes for Ferguson. It\u2019s clear now that he\u2019ll finish the season here and he\u2019ll have an ankle operation. He won\u2019t have time to recover before the end of the season. So those two can be removed from the list of missing players.<\/p>\n<\/div>\n<div class=\"duet--article--article-body-component\">\n<p class=\"duet--article--dangerously-set-cms-markup duet--article--standard-paragraph _1nfb3k4i _16w9vov1 _16w9vov0 ls9zuh1\">\u201cAs for the others, the situation is more manageable. [Donyell] Malen is available, [Robinio] Vaz is available, [Lorenzo] Venturino. We\u2019ve got [Stephan] El Shaarawy back. We have [Lorenzo] Pellegrini and Zaragoza. We have enough players to keep playing as we have done until now. [Matias] Soule has been out for a few weeks, but the others haven\u2019t been around much.\u201d<\/p>\n<\/div>\n<div class=\"duet--article--article-body-component\">\n<p class=\"duet--article--dangerously-set-cms-markup duet--article--standard-paragraph _1nfb3k4i _16w9vov1 _16w9vov0 ls9zuh1\">Those were the injury updates that <a href=\"https:\/\/www.asroma.com\/en\/news\/74994\/gasperinis-comments-ahead-of-genoa-v-roma\">Gian Piero Gasperini opened his pre-match presser <\/a>with. Clearly, the news on the striker position wasn\u2019t good, as he indicated that both Dovbyk and Ferguson willcontribute little to nothing for the rest of the season.<\/p>\n<\/div>\n<div class=\"duet--article--article-body-component\">\n<p class=\"duet--article--dangerously-set-cms-markup duet--article--standard-paragraph _1nfb3k4i _16w9vov1 _16w9vov0 ls9zuh1\">In addition to the two strikers, Gasperini will once again have to do without Soul\u00e9, Paulo Dybala, and Mario Hermoso due to injuries. Gasperini said he hopes to have the center back available for next week\u2019s match against Como. Additionally, he will have to do without Wesley, who is out because of a yellow card suspension, but the manager was vague when asked how he would cover for the Brazilian\u2019s absence.<\/p>\n<\/div>\n<div class=\"duet--article--article-body-component\">\n<p class=\"duet--article--dangerously-set-cms-markup duet--article--standard-paragraph _1nfb3k4i _16w9vov1 _16w9vov0 ls9zuh1\">\u201cWesley is suspended and that can happen when the yellow cards stack up. We have a couple of options. We\u2019ll see. As an alternative to Wesley on the left, we have [Kostas] Tsimikas, we have him [Rensch], we have [Zeki] Celik, we have [Daniele] Ghilardi. That\u2019s what we have. Celik can play at the back, on the flank. Those are your options.\u201d<\/p>\n<\/div>\n<div class=\"duet--article--article-body-component\">\n<p class=\"duet--article--dangerously-set-cms-markup duet--article--standard-paragraph _1nfb3k4i _16w9vov1 _16w9vov0 ls9zuh1\">Angeli\u00f1o also remains out and Gasperini spoke on his recovery.<\/p>\n<\/div>\n<div class=\"duet--article--article-body-component\">\n<p class=\"duet--article--dangerously-set-cms-markup duet--article--standard-paragraph _1nfb3k4i _16w9vov1 _16w9vov0 ls9zuh1\">\u201cThat I don\u2019t know. That\u2019s another situation that\u2019s hard to predict. He\u2019s definitely better. He\u2019s definitely training and improving but I don\u2019t know in performance terms. He\u2019s certainly improved recently but for a while he was completely out, completely inactive, so we\u2019ll have to see.<\/p>\n<\/div>\n<div class=\"duet--article--article-body-component\">\n<p class=\"duet--article--dangerously-set-cms-markup duet--article--standard-paragraph _1nfb3k4i _16w9vov1 _16w9vov0 ls9zuh1\">Gasperini was also asked if it was possible that Bryan Cristante could be rested after a subpar performance against Juve. The Roma manager seemed to shoot that idea down.<\/p>\n<\/div>\n<div class=\"duet--article--article-body-component\">\n<p class=\"duet--article--dangerously-set-cms-markup duet--article--standard-paragraph _1nfb3k4i _16w9vov1 _16w9vov0 ls9zuh1\">\u201cCristante is playing lots and lots of games and you don\u2019t always know how well you\u2019ll recover. Now we\u2019re going to be playing back to back and this is when it becomes a bit more difficult for everyone: understanding when you need an extra day to recover or when you\u2019re able to recover between Thursday and Sunday. But Cristante is indispensable. It\u2019s always difficult for me to leave him out because he\u2019s so important in the air and we don\u2019t have others in attacking positions or midfield who have that ability, besides his versatility and everything else. But even he can\u2019t always play. There are times when he needs a bit more time to recover. Plus in that area of the pitch we have several very good alternatives.\u201d<\/p>\n<\/div>\n<div class=\"duet--article--article-body-component\">\n<p class=\"duet--article--dangerously-set-cms-markup duet--article--standard-paragraph _1nfb3k4i _16w9vov1 _16w9vov0 ls9zuh1\">With all that in mind, we\u2019re expecting a couple of changes from last week\u2019s thriller against the Bianconeri. Devyne Rensch is expected to slide to the left wing. That allows Zeki \u00c7elik to move out of the back three and to the right wing back position that he has played most of the season. With those two moving spots, Daniele Ghilardi will slot into the left center back spot in the back three. So, essentially only Wesley leaves the XI, but a few players will be reshuffled around the pitch.<\/p>\n<\/div>\n<div class=\"duet--article--article-body-component\">\n<p class=\"duet--article--dangerously-set-cms-markup duet--article--standard-paragraph _1nfb3k4i _16w9vov1 _16w9vov0 ls9zuh1\"><strong>ROMA (3-4-2-1): <\/strong>Svilar; Mancini, Ndicka, Ghilardi; \u00c7elik, Cristante, Kon\u00e9, Rensch; Pisilli, Pellegrini; Malen.<\/p>\n<\/div>\n<\/div>\n<p><br \/>\n<br \/><a href=\"https:\/\/www.chiesaditotti.com\/roma-matchday-coverage\/39984\/probable-formation-genoa-vs-roma\">Source link <\/a><\/p>\n","protected":false},"excerpt":{"rendered":"<p>\u201cIf we keep considering the absence of [Artem] Dovbyk and [Evan] Ferguson we\u2019re really in a very difficult situation. Dovbyk has been out for many months and he\u2019s had an operation. If everything goes well, he might be able to return for the end of April or early May. So we can\u2019t really keep on [&hellip;]<\/p>\n","protected":false},"author":1,"featured_media":92954,"comment_status":"closed","ping_status":"","sticky":false,"template":"","format":"standard","meta":{"googlesitekit_rrm_CAow2JLhCw:productID":"","_gspb_post_css":"","maa_idioma":"","maa_pais":"","footnotes":""},"categories":[2725],"tags":[15743,7765,7487,1585],"class_list":["post-92953","post","type-post","status-publish","format-standard","has-post-thumbnail","hentry","category-europe","tag-formation","tag-genoa","tag-probable","tag-roma"],"blocksy_meta":[],"yoast_head":"<!-- This site is optimized with the Yoast SEO Premium plugin v27.6 (Yoast SEO v27.6) - https:\/\/yoast.com\/product\/yoast-seo-premium-wordpress\/ -->\n<title>Probable Formation: Genoa vs Roma - Ubirat\u00e3 Online Not\u00edcias - A realidade ao seu alcance!<\/title>\n<meta name=\"description\" content=\"\u201cIf we keep considering the absence of Dovbyk and Ferguson we\u2019re really in a very difficult situation. Dovbyk has been out for many months and he\u2019s had an\" \/>\n<meta name=\"robots\" content=\"index, follow, max-snippet:-1, max-image-preview:large, max-video-preview:-1\" \/>\n<link rel=\"canonical\" href=\"https:\/\/ubirataonline.com.br\/en\/probable-formation-genoa-vs-roma\/\" \/>\n<meta property=\"og:locale\" content=\"en_US\" \/>\n<meta property=\"og:type\" content=\"article\" \/>\n<meta property=\"og:title\" content=\"Probable Formation: Genoa vs Roma\" \/>\n<meta property=\"og:description\" content=\"\u201cIf we keep considering the absence of Dovbyk and Ferguson we\u2019re really in a very difficult situation. Dovbyk has been out for many months and he\u2019s had an\" \/>\n<meta property=\"og:url\" content=\"https:\/\/ubirataonline.com.br\/en\/probable-formation-genoa-vs-roma\/\" \/>\n<meta property=\"og:site_name\" content=\"Ubirat\u00e3 Online Not\u00edcias - A realidade ao seu alcance!\" \/>\n<meta property=\"article:publisher\" content=\"https:\/\/www.facebook.com\/portalubirataonline\" \/>\n<meta property=\"article:author\" content=\"https:\/\/www.facebook.com\/portalubirataonline\" \/>\n<meta property=\"article:published_time\" content=\"2026-03-08T16:37:33+00:00\" \/>\n<meta property=\"article:modified_time\" content=\"2026-03-08T16:37:37+00:00\" \/>\n<meta property=\"og:image\" content=\"https:\/\/ubirataonline.com.br\/wp-content\/uploads\/2026\/03\/Probable-Formation-Genoa-vs-Roma.jpg\" \/>\n\t<meta property=\"og:image:width\" content=\"1200\" \/>\n\t<meta property=\"og:image:height\" content=\"624\" \/>\n\t<meta property=\"og:image:type\" content=\"image\/jpeg\" \/>\n<meta name=\"author\" content=\"REDA\u00c7\u00c3O: UBIRAT\u00c3 ONLINE - F\u00c1BIO AUGUSTO CELESTINO\" \/>\n<meta name=\"twitter:card\" content=\"summary_large_image\" \/>\n<meta name=\"twitter:creator\" content=\"@x.com\/ubirataonline\" \/>\n<meta name=\"twitter:site\" content=\"@ubirataonline\" \/>\n<meta name=\"twitter:label1\" content=\"Written by\" \/>\n\t<meta name=\"twitter:data1\" content=\"REDA\u00c7\u00c3O: UBIRAT\u00c3 ONLINE - F\u00c1BIO AUGUSTO CELESTINO\" \/>\n\t<meta name=\"twitter:label2\" content=\"Est. reading time\" \/>\n\t<meta name=\"twitter:data2\" content=\"3 minutes\" \/>\n<script type=\"application\/ld+json\" class=\"yoast-schema-graph\">{\"@context\":\"https:\\\/\\\/schema.org\",\"@graph\":[{\"@type\":\"NewsArticle\",\"@id\":\"https:\\\/\\\/ubirataonline.com.br\\\/probable-formation-genoa-vs-roma\\\/#article\",\"isPartOf\":{\"@id\":\"https:\\\/\\\/ubirataonline.com.br\\\/probable-formation-genoa-vs-roma\\\/\"},\"author\":{\"name\":\"REDA\u00c7\u00c3O: UBIRAT\u00c3 ONLINE - F\u00c1BIO AUGUSTO CELESTINO\",\"@id\":\"https:\\\/\\\/ubirataonline.com.br\\\/#\\\/schema\\\/person\\\/372f87bbd3fdd79b8556b84c98d0bc1c\"},\"headline\":\"Probable Formation: Genoa vs Roma\",\"datePublished\":\"2026-03-08T16:37:33+00:00\",\"dateModified\":\"2026-03-08T16:37:37+00:00\",\"mainEntityOfPage\":{\"@id\":\"https:\\\/\\\/ubirataonline.com.br\\\/probable-formation-genoa-vs-roma\\\/\"},\"wordCount\":698,\"publisher\":{\"@id\":\"https:\\\/\\\/ubirataonline.com.br\\\/#organization\"},\"image\":{\"@id\":\"https:\\\/\\\/ubirataonline.com.br\\\/probable-formation-genoa-vs-roma\\\/#primaryimage\"},\"thumbnailUrl\":\"https:\\\/\\\/ubirataonline.com.br\\\/wp-content\\\/uploads\\\/2026\\\/03\\\/Probable-Formation-Genoa-vs-Roma.jpg\",\"keywords\":[\"Formation\",\"Genoa\",\"probable\",\"Roma\"],\"articleSection\":[\"Europe\"],\"inLanguage\":\"en-US\",\"copyrightYear\":\"2026\",\"copyrightHolder\":{\"@id\":\"https:\\\/\\\/ubirataonline.com.br\\\/en\\\/#organization\"}},{\"@type\":\"WebPage\",\"@id\":\"https:\\\/\\\/ubirataonline.com.br\\\/probable-formation-genoa-vs-roma\\\/\",\"url\":\"https:\\\/\\\/ubirataonline.com.br\\\/probable-formation-genoa-vs-roma\\\/\",\"name\":\"Probable Formation: Genoa vs Roma - Ubirat\u00e3 Online Not\u00edcias - A realidade ao seu alcance!\",\"isPartOf\":{\"@id\":\"https:\\\/\\\/ubirataonline.com.br\\\/#website\"},\"primaryImageOfPage\":{\"@id\":\"https:\\\/\\\/ubirataonline.com.br\\\/probable-formation-genoa-vs-roma\\\/#primaryimage\"},\"image\":{\"@id\":\"https:\\\/\\\/ubirataonline.com.br\\\/probable-formation-genoa-vs-roma\\\/#primaryimage\"},\"thumbnailUrl\":\"https:\\\/\\\/ubirataonline.com.br\\\/wp-content\\\/uploads\\\/2026\\\/03\\\/Probable-Formation-Genoa-vs-Roma.jpg\",\"datePublished\":\"2026-03-08T16:37:33+00:00\",\"dateModified\":\"2026-03-08T16:37:37+00:00\",\"description\":\"\u201cIf we keep considering the absence of Dovbyk and Ferguson we\u2019re really in a very difficult situation. Dovbyk has been out for many months and he\u2019s had an\",\"breadcrumb\":{\"@id\":\"https:\\\/\\\/ubirataonline.com.br\\\/probable-formation-genoa-vs-roma\\\/#breadcrumb\"},\"inLanguage\":\"en-US\",\"potentialAction\":[{\"@type\":\"ReadAction\",\"target\":[\"https:\\\/\\\/ubirataonline.com.br\\\/probable-formation-genoa-vs-roma\\\/\"]}]},{\"@type\":\"ImageObject\",\"inLanguage\":\"en-US\",\"@id\":\"https:\\\/\\\/ubirataonline.com.br\\\/probable-formation-genoa-vs-roma\\\/#primaryimage\",\"url\":\"https:\\\/\\\/ubirataonline.com.br\\\/wp-content\\\/uploads\\\/2026\\\/03\\\/Probable-Formation-Genoa-vs-Roma.jpg\",\"contentUrl\":\"https:\\\/\\\/ubirataonline.com.br\\\/wp-content\\\/uploads\\\/2026\\\/03\\\/Probable-Formation-Genoa-vs-Roma.jpg\",\"width\":1200,\"height\":624,\"caption\":\"Devyne Rensch of AS Roma in action during the Serie A 2025\\\/2026 football match between AS Roma and Juventus FC at Stadio Olimpico. Rome (Italy), March 1st, 2026 (Photo by Elianton\\\/Mondadori Portfolio via Getty Images)\"},{\"@type\":\"BreadcrumbList\",\"@id\":\"https:\\\/\\\/ubirataonline.com.br\\\/probable-formation-genoa-vs-roma\\\/#breadcrumb\",\"itemListElement\":[{\"@type\":\"ListItem\",\"position\":1,\"name\":\"In\u00edcio\",\"item\":\"https:\\\/\\\/ubirataonline.com.br\\\/\"},{\"@type\":\"ListItem\",\"position\":2,\"name\":\"Probable Formation: Genoa vs Roma\"}]},{\"@type\":\"WebSite\",\"@id\":\"https:\\\/\\\/ubirataonline.com.br\\\/#website\",\"url\":\"https:\\\/\\\/ubirataonline.com.br\\\/\",\"name\":\"Ubirat\u00e3 Online Not\u00edcias\",\"description\":\"Not\u00edcias de Ubirat\u00e3, regi\u00e3o, Brasil e mundo, com informa\u00e7\u00e3o atualizada e compromisso com o leitor.\",\"publisher\":{\"@id\":\"https:\\\/\\\/ubirataonline.com.br\\\/#organization\"},\"alternateName\":\"Ubirat\u00e3 Online\",\"potentialAction\":[{\"@type\":\"SearchAction\",\"target\":{\"@type\":\"EntryPoint\",\"urlTemplate\":\"https:\\\/\\\/ubirataonline.com.br\\\/?s={search_term_string}\"},\"query-input\":{\"@type\":\"PropertyValueSpecification\",\"valueRequired\":true,\"valueName\":\"search_term_string\"}}],\"inLanguage\":\"en-US\"},{\"@type\":[\"Organization\",\"Place\"],\"@id\":\"https:\\\/\\\/ubirataonline.com.br\\\/#organization\",\"name\":\"Ubirat\u00e3 Online Not\u00edcias\",\"alternateName\":\"Ubirat\u00e3 Online\",\"url\":\"https:\\\/\\\/ubirataonline.com.br\\\/\",\"logo\":{\"@id\":\"https:\\\/\\\/ubirataonline.com.br\\\/probable-formation-genoa-vs-roma\\\/#local-main-organization-logo\"},\"image\":{\"@id\":\"https:\\\/\\\/ubirataonline.com.br\\\/probable-formation-genoa-vs-roma\\\/#local-main-organization-logo\"},\"sameAs\":[\"https:\\\/\\\/www.facebook.com\\\/portalubirataonline\",\"https:\\\/\\\/x.com\\\/ubirataonline\",\"https:\\\/\\\/mastodon.social\\\/@ubirataonline\",\"https:\\\/\\\/www.facebook.com\\\/groups\\\/311144672285604\",\"https:\\\/\\\/www.facebook.com\\\/UBTAOnline\",\"https:\\\/\\\/www.instagram.com\\\/portalubirataonline\\\/\",\"https:\\\/\\\/twitter.com\\\/ubirataonline\"],\"description\":\"Somos um portal de not\u00edcias independente, criado em 5 de janeiro de 2009, com o objetivo de informar, conectar e valorizar a nossa comunidade de Ubirat\u00e3 e toda aregi\u00e3o. Com conte\u00fado atualizado, confi\u00e1vel e relevante, o Ubirat\u00e3 Online \u00e9 o seu espa\u00e7o para ficar por dentro dos principais acontecimentos locais, regionais, Brasil, Mundo e de interesse geral. Nosso compromisso \u00e9 com a verdade, a transpar\u00eancia e o respeito ao leitor.\",\"legalName\":\"UBIRATA ONLINE NOT\u00cdCIAS\",\"foundingDate\":\"2009-01-05\",\"numberOfEmployees\":{\"@type\":\"QuantitativeValue\",\"minValue\":\"1\",\"maxValue\":\"10\"},\"publishingPrinciples\":\"https:\\\/\\\/ubirataonline.com.br\\\/faq\\\/\",\"address\":{\"@id\":\"https:\\\/\\\/ubirataonline.com.br\\\/probable-formation-genoa-vs-roma\\\/#local-main-place-address\"},\"geo\":{\"@type\":\"GeoCoordinates\",\"latitude\":\"-24.5361401\",\"longitude\":\"-52.9921776\"},\"telephone\":[\"+5544998308235\"],\"contactPoint\":{\"@type\":\"ContactPoint\",\"email\":\"contato@ubirataonline.com.br\"},\"openingHoursSpecification\":{\"@type\":\"OpeningHoursSpecification\",\"dayOfWeek\":[\"Monday\",\"Tuesday\",\"Wednesday\",\"Thursday\",\"Friday\",\"Saturday\",\"Sunday\"],\"opens\":\"00:00\",\"closes\":\"23:59\"},\"email\":\"contato@ubirataonline.com.br\",\"vatID\":\"47.621.418\\\/0001-80\"},{\"@type\":\"Person\",\"@id\":\"https:\\\/\\\/ubirataonline.com.br\\\/#\\\/schema\\\/person\\\/372f87bbd3fdd79b8556b84c98d0bc1c\",\"name\":\"REDA\u00c7\u00c3O: UBIRAT\u00c3 ONLINE - F\u00c1BIO AUGUSTO CELESTINO\",\"pronouns\":\"Ele\",\"description\":\"Desde 2003 trabalhando com not\u00edcias.\",\"sameAs\":[\"http:\\\/\\\/ubirataoline.com.br\",\"https:\\\/\\\/www.facebook.com\\\/portalubirataonline\",\"https:\\\/\\\/www.instagram.com\\\/ubirataonline_oficial\",\"https:\\\/\\\/x.com\\\/x.com\\\/ubirataonline\"],\"honorificPrefix\":\"Mr.\",\"honorificSuffix\":\"MD\",\"birthDate\":\"1980-06-16\",\"gender\":\"masculino\",\"award\":[\"V\u00e1rios pr\u00eamios de melhor portal da cidade\"],\"jobTitle\":\"Diretor\",\"url\":\"https:\\\/\\\/ubirataonline.com.br\\\/en\\\/author\\\/ubirataonline\\\/\"},{\"@type\":\"PostalAddress\",\"@id\":\"https:\\\/\\\/ubirataonline.com.br\\\/probable-formation-genoa-vs-roma\\\/#local-main-place-address\",\"streetAddress\":\"Rua dos Coqueiros, 104 - Bairro Boa Vista, Rua dos Coqueiros, 104 Bairro Boa Vista\",\"addressLocality\":\"UBIRATA\",\"postalCode\":\"85440-000\",\"addressRegion\":\"PR\",\"addressCountry\":\"BR\"},{\"@type\":\"ImageObject\",\"inLanguage\":\"en-US\",\"@id\":\"https:\\\/\\\/ubirataonline.com.br\\\/probable-formation-genoa-vs-roma\\\/#local-main-organization-logo\",\"url\":\"https:\\\/\\\/ubirataonline.com.br\\\/wp-content\\\/uploads\\\/2026\\\/06\\\/logoubirataonline-1.webp\",\"contentUrl\":\"https:\\\/\\\/ubirataonline.com.br\\\/wp-content\\\/uploads\\\/2026\\\/06\\\/logoubirataonline-1.webp\",\"width\":500,\"height\":500,\"caption\":\"Ubirat\u00e3 Online Not\u00edcias\"}]}<\/script>\n<meta name=\"geo.placename\" content=\"UBIRATA\" \/>\n<meta name=\"geo.position\" content=\"-24.5361401;-52.9921776\" \/>\n<meta name=\"geo.region\" content=\"Brazil\" \/>\n<!-- \/ Yoast SEO Premium plugin. -->","yoast_head_json":{"title":"Probable Formation: Genoa vs Roma - Ubirat\u00e3 Online Not\u00edcias - A realidade ao seu alcance!","description":"\u201cIf we keep considering the absence of Dovbyk and Ferguson we\u2019re really in a very difficult situation. Dovbyk has been out for many months and he\u2019s had an","robots":{"index":"index","follow":"follow","max-snippet":"max-snippet:-1","max-image-preview":"max-image-preview:large","max-video-preview":"max-video-preview:-1"},"canonical":"https:\/\/ubirataonline.com.br\/en\/probable-formation-genoa-vs-roma\/","og_locale":"en_US","og_type":"article","og_title":"Probable Formation: Genoa vs Roma","og_description":"\u201cIf we keep considering the absence of Dovbyk and Ferguson we\u2019re really in a very difficult situation. Dovbyk has been out for many months and he\u2019s had an","og_url":"https:\/\/ubirataonline.com.br\/en\/probable-formation-genoa-vs-roma\/","og_site_name":"Ubirat\u00e3 Online Not\u00edcias - A realidade ao seu alcance!","article_publisher":"https:\/\/www.facebook.com\/portalubirataonline","article_author":"https:\/\/www.facebook.com\/portalubirataonline","article_published_time":"2026-03-08T16:37:33+00:00","article_modified_time":"2026-03-08T16:37:37+00:00","og_image":[{"width":1200,"height":624,"url":"https:\/\/ubirataonline.com.br\/wp-content\/uploads\/2026\/03\/Probable-Formation-Genoa-vs-Roma.jpg","type":"image\/jpeg"}],"author":"REDA\u00c7\u00c3O: UBIRAT\u00c3 ONLINE - F\u00c1BIO AUGUSTO CELESTINO","twitter_card":"summary_large_image","twitter_creator":"@x.com\/ubirataonline","twitter_site":"@ubirataonline","twitter_misc":{"Written by":"REDA\u00c7\u00c3O: UBIRAT\u00c3 ONLINE - F\u00c1BIO AUGUSTO CELESTINO","Est. reading time":"3 minutes"},"schema":{"@context":"https:\/\/schema.org","@graph":[{"@type":"NewsArticle","@id":"https:\/\/ubirataonline.com.br\/probable-formation-genoa-vs-roma\/#article","isPartOf":{"@id":"https:\/\/ubirataonline.com.br\/probable-formation-genoa-vs-roma\/"},"author":{"name":"REDA\u00c7\u00c3O: UBIRAT\u00c3 ONLINE - F\u00c1BIO AUGUSTO CELESTINO","@id":"https:\/\/ubirataonline.com.br\/#\/schema\/person\/372f87bbd3fdd79b8556b84c98d0bc1c"},"headline":"Probable Formation: Genoa vs Roma","datePublished":"2026-03-08T16:37:33+00:00","dateModified":"2026-03-08T16:37:37+00:00","mainEntityOfPage":{"@id":"https:\/\/ubirataonline.com.br\/probable-formation-genoa-vs-roma\/"},"wordCount":698,"publisher":{"@id":"https:\/\/ubirataonline.com.br\/#organization"},"image":{"@id":"https:\/\/ubirataonline.com.br\/probable-formation-genoa-vs-roma\/#primaryimage"},"thumbnailUrl":"https:\/\/ubirataonline.com.br\/wp-content\/uploads\/2026\/03\/Probable-Formation-Genoa-vs-Roma.jpg","keywords":["Formation","Genoa","probable","Roma"],"articleSection":["Europe"],"inLanguage":"en-US","copyrightYear":"2026","copyrightHolder":{"@id":"https:\/\/ubirataonline.com.br\/en\/#organization"}},{"@type":"WebPage","@id":"https:\/\/ubirataonline.com.br\/probable-formation-genoa-vs-roma\/","url":"https:\/\/ubirataonline.com.br\/probable-formation-genoa-vs-roma\/","name":"Probable Formation: Genoa vs Roma - Ubirat\u00e3 Online Not\u00edcias - A realidade ao seu alcance!","isPartOf":{"@id":"https:\/\/ubirataonline.com.br\/#website"},"primaryImageOfPage":{"@id":"https:\/\/ubirataonline.com.br\/probable-formation-genoa-vs-roma\/#primaryimage"},"image":{"@id":"https:\/\/ubirataonline.com.br\/probable-formation-genoa-vs-roma\/#primaryimage"},"thumbnailUrl":"https:\/\/ubirataonline.com.br\/wp-content\/uploads\/2026\/03\/Probable-Formation-Genoa-vs-Roma.jpg","datePublished":"2026-03-08T16:37:33+00:00","dateModified":"2026-03-08T16:37:37+00:00","description":"\u201cIf we keep considering the absence of Dovbyk and Ferguson we\u2019re really in a very difficult situation. Dovbyk has been out for many months and he\u2019s had an","breadcrumb":{"@id":"https:\/\/ubirataonline.com.br\/probable-formation-genoa-vs-roma\/#breadcrumb"},"inLanguage":"en-US","potentialAction":[{"@type":"ReadAction","target":["https:\/\/ubirataonline.com.br\/probable-formation-genoa-vs-roma\/"]}]},{"@type":"ImageObject","inLanguage":"en-US","@id":"https:\/\/ubirataonline.com.br\/probable-formation-genoa-vs-roma\/#primaryimage","url":"https:\/\/ubirataonline.com.br\/wp-content\/uploads\/2026\/03\/Probable-Formation-Genoa-vs-Roma.jpg","contentUrl":"https:\/\/ubirataonline.com.br\/wp-content\/uploads\/2026\/03\/Probable-Formation-Genoa-vs-Roma.jpg","width":1200,"height":624,"caption":"Devyne Rensch of AS Roma in action during the Serie A 2025\/2026 football match between AS Roma and Juventus FC at Stadio Olimpico. Rome (Italy), March 1st, 2026 (Photo by Elianton\/Mondadori Portfolio via Getty Images)"},{"@type":"BreadcrumbList","@id":"https:\/\/ubirataonline.com.br\/probable-formation-genoa-vs-roma\/#breadcrumb","itemListElement":[{"@type":"ListItem","position":1,"name":"In\u00edcio","item":"https:\/\/ubirataonline.com.br\/"},{"@type":"ListItem","position":2,"name":"Probable Formation: Genoa vs Roma"}]},{"@type":"WebSite","@id":"https:\/\/ubirataonline.com.br\/#website","url":"https:\/\/ubirataonline.com.br\/","name":"Ubirat\u00e3 Online Not\u00edcias","description":"Not\u00edcias de Ubirat\u00e3, regi\u00e3o, Brasil e mundo, com informa\u00e7\u00e3o atualizada e compromisso com o leitor.","publisher":{"@id":"https:\/\/ubirataonline.com.br\/#organization"},"alternateName":"Ubirat\u00e3 Online","potentialAction":[{"@type":"SearchAction","target":{"@type":"EntryPoint","urlTemplate":"https:\/\/ubirataonline.com.br\/?s={search_term_string}"},"query-input":{"@type":"PropertyValueSpecification","valueRequired":true,"valueName":"search_term_string"}}],"inLanguage":"en-US"},{"@type":["Organization","Place"],"@id":"https:\/\/ubirataonline.com.br\/#organization","name":"Ubirat\u00e3 Online Not\u00edcias","alternateName":"Ubirat\u00e3 Online","url":"https:\/\/ubirataonline.com.br\/","logo":{"@id":"https:\/\/ubirataonline.com.br\/probable-formation-genoa-vs-roma\/#local-main-organization-logo"},"image":{"@id":"https:\/\/ubirataonline.com.br\/probable-formation-genoa-vs-roma\/#local-main-organization-logo"},"sameAs":["https:\/\/www.facebook.com\/portalubirataonline","https:\/\/x.com\/ubirataonline","https:\/\/mastodon.social\/@ubirataonline","https:\/\/www.facebook.com\/groups\/311144672285604","https:\/\/www.facebook.com\/UBTAOnline","https:\/\/www.instagram.com\/portalubirataonline\/","https:\/\/twitter.com\/ubirataonline"],"description":"Somos um portal de not\u00edcias independente, criado em 5 de janeiro de 2009, com o objetivo de informar, conectar e valorizar a nossa comunidade de Ubirat\u00e3 e toda aregi\u00e3o. Com conte\u00fado atualizado, confi\u00e1vel e relevante, o Ubirat\u00e3 Online \u00e9 o seu espa\u00e7o para ficar por dentro dos principais acontecimentos locais, regionais, Brasil, Mundo e de interesse geral. Nosso compromisso \u00e9 com a verdade, a transpar\u00eancia e o respeito ao leitor.","legalName":"UBIRATA ONLINE NOT\u00cdCIAS","foundingDate":"2009-01-05","numberOfEmployees":{"@type":"QuantitativeValue","minValue":"1","maxValue":"10"},"publishingPrinciples":"https:\/\/ubirataonline.com.br\/faq\/","address":{"@id":"https:\/\/ubirataonline.com.br\/probable-formation-genoa-vs-roma\/#local-main-place-address"},"geo":{"@type":"GeoCoordinates","latitude":"-24.5361401","longitude":"-52.9921776"},"telephone":["+5544998308235"],"contactPoint":{"@type":"ContactPoint","email":"contato@ubirataonline.com.br"},"openingHoursSpecification":{"@type":"OpeningHoursSpecification","dayOfWeek":["Monday","Tuesday","Wednesday","Thursday","Friday","Saturday","Sunday"],"opens":"00:00","closes":"23:59"},"email":"contato@ubirataonline.com.br","vatID":"47.621.418\/0001-80"},{"@type":"Person","@id":"https:\/\/ubirataonline.com.br\/#\/schema\/person\/372f87bbd3fdd79b8556b84c98d0bc1c","name":"REDA\u00c7\u00c3O: UBIRAT\u00c3 ONLINE - F\u00c1BIO AUGUSTO CELESTINO","pronouns":"Ele","description":"Desde 2003 trabalhando com not\u00edcias.","sameAs":["http:\/\/ubirataoline.com.br","https:\/\/www.facebook.com\/portalubirataonline","https:\/\/www.instagram.com\/ubirataonline_oficial","https:\/\/x.com\/x.com\/ubirataonline"],"honorificPrefix":"Mr.","honorificSuffix":"MD","birthDate":"1980-06-16","gender":"masculino","award":["V\u00e1rios pr\u00eamios de melhor portal da cidade"],"jobTitle":"Diretor","url":"https:\/\/ubirataonline.com.br\/en\/author\/ubirataonline\/"},{"@type":"PostalAddress","@id":"https:\/\/ubirataonline.com.br\/probable-formation-genoa-vs-roma\/#local-main-place-address","streetAddress":"Rua dos Coqueiros, 104 - Bairro Boa Vista, Rua dos Coqueiros, 104 Bairro Boa Vista","addressLocality":"UBIRATA","postalCode":"85440-000","addressRegion":"PR","addressCountry":"BR"},{"@type":"ImageObject","inLanguage":"en-US","@id":"https:\/\/ubirataonline.com.br\/probable-formation-genoa-vs-roma\/#local-main-organization-logo","url":"https:\/\/ubirataonline.com.br\/wp-content\/uploads\/2026\/06\/logoubirataonline-1.webp","contentUrl":"https:\/\/ubirataonline.com.br\/wp-content\/uploads\/2026\/06\/logoubirataonline-1.webp","width":500,"height":500,"caption":"Ubirat\u00e3 Online Not\u00edcias"}]},"geo.placename":"UBIRATA","geo.position":{"lat":"-24.5361401","long":"-52.9921776"},"geo.region":"Brazil"},"_links":{"self":[{"href":"https:\/\/ubirataonline.com.br\/en\/wp-json\/wp\/v2\/posts\/92953","targetHints":{"allow":["GET"]}}],"collection":[{"href":"https:\/\/ubirataonline.com.br\/en\/wp-json\/wp\/v2\/posts"}],"about":[{"href":"https:\/\/ubirataonline.com.br\/en\/wp-json\/wp\/v2\/types\/post"}],"author":[{"embeddable":true,"href":"https:\/\/ubirataonline.com.br\/en\/wp-json\/wp\/v2\/users\/1"}],"replies":[{"embeddable":true,"href":"https:\/\/ubirataonline.com.br\/en\/wp-json\/wp\/v2\/comments?post=92953"}],"version-history":[{"count":0,"href":"https:\/\/ubirataonline.com.br\/en\/wp-json\/wp\/v2\/posts\/92953\/revisions"}],"wp:featuredmedia":[{"embeddable":true,"href":"https:\/\/ubirataonline.com.br\/en\/wp-json\/wp\/v2\/media\/92954"}],"wp:attachment":[{"href":"https:\/\/ubirataonline.com.br\/en\/wp-json\/wp\/v2\/media?parent=92953"}],"wp:term":[{"taxonomy":"category","embeddable":true,"href":"https:\/\/ubirataonline.com.br\/en\/wp-json\/wp\/v2\/categories?post=92953"},{"taxonomy":"post_tag","embeddable":true,"href":"https:\/\/ubirataonline.com.br\/en\/wp-json\/wp\/v2\/tags?post=92953"}],"curies":[{"name":"wp","href":"https:\/\/api.w.org\/{rel}","templated":true}]}}