{"id":93152,"date":"2026-03-09T08:02:29","date_gmt":"2026-03-09T11:02:29","guid":{"rendered":"https:\/\/ubirataonline.com.br\/sp-temporal-causa-transbordamento-de-corregos-e-carros-ficam-submersos\/"},"modified":"2026-03-09T08:02:31","modified_gmt":"2026-03-09T11:02:31","slug":"sp-temporal-causa-transbordamento-de-corregos-e-carros-ficam-submersos","status":"publish","type":"post","link":"https:\/\/ubirataonline.com.br\/en\/sp-temporal-causa-transbordamento-de-corregos-e-carros-ficam-submersos\/","title":{"rendered":"SP: temporal causa transbordamento de c\u00f3rregos e carros ficam submersos"},"content":{"rendered":"<p><\/p>\n<div data-single-content=\"true\">\n<p class=\"my-5 break-words group-[.isActiveSource]:text-xl\">O forte temporal que atingiu a cidade de S\u00e3o Paulo causou transtornos com o <strong class=\"group-[.isActiveSource]:text-xl group-[.isActiveSource]:font-bold\">transbordamento de cinco c\u00f3rregos<\/strong> neste domingo (8). Segundo informa\u00e7\u00f5es da <strong class=\"group-[.isActiveSource]:text-xl group-[.isActiveSource]:font-bold\">Centro de Gerenciamento de Emerg\u00eancias (CGE)<\/strong>, durante a tarde, toda a capital ficou em estado de aten\u00e7\u00e3o para alagamentos.<\/p>\n<p class=\"my-5 break-words group-[.isActiveSource]:text-xl\">Entre 12h e 18h, o Corpo de Bombeiros registrou pelo menos <strong class=\"group-[.isActiveSource]:text-xl group-[.isActiveSource]:font-bold\">183<\/strong> chamados para enchentes, <strong class=\"group-[.isActiveSource]:text-xl group-[.isActiveSource]:font-bold\">15<\/strong> quedas de \u00e1rvores e <strong class=\"group-[.isActiveSource]:text-xl group-[.isActiveSource]:font-bold\">tr\u00eas<\/strong> desabamentos na capital e na regi\u00e3o Metropolitana.<\/p>\n<p class=\"my-5 break-words group-[.isActiveSource]:text-xl\">Na <strong class=\"group-[.isActiveSource]:text-xl group-[.isActiveSource]:font-bold\">Zona Sul<\/strong>, a Subprefeitura do <strong class=\"group-[.isActiveSource]:text-xl group-[.isActiveSource]:font-bold\">Ipiranga<\/strong> ficou em estado de alerta ap\u00f3s o transbordamento dos c\u00f3rregos Ipiranga e Moinho Velho. De acordo com a CGE, somente na regi\u00e3o do Ipiranga, o \u00edndice pluviom\u00e9trico registrou <strong class=\"group-[.isActiveSource]:text-xl group-[.isActiveSource]:font-bold\">103,8mm at\u00e9 17h30.\u00a0<\/strong><\/p>\n<p class=\"my-5 break-words group-[.isActiveSource]:text-xl\">V\u00eddeos obtidos pela <strong class=\"group-[.isActiveSource]:text-xl group-[.isActiveSource]:font-bold\">CNN Brasil<\/strong> mostram pessoas ilhadas e carros submersos.<\/p>\n<p><video class=\"my-4 aspect-video w-full max-w-full lg:w-auto\" controls=\"\" width=\"1080\" height=\"486\" data-mp4-video=\"true\" data-video=\"mp4\" aria-label=\"V\u00eddeo\"><source src=\"https:\/\/admin.cnnbrasil.com.br\/wp-content\/uploads\/sites\/12\/2026\/03\/FDownloader.Net_AQMfikLWmk6q1cSR8CxiXlFzGP2l26-PEdiffv8ITWbzW4FAYUk6qrMzvO9xWmaTorS6bZQc5jO1B8FqDXXEI6BA_720p_HD.mp4\" type=\"video\/mp4\"\/><\/video><br \/>\n<video class=\"my-4 aspect-video w-full max-w-full lg:w-auto\" controls=\"\" width=\"320\" height=\"576\" data-mp4-video=\"true\" data-video=\"mp4\" aria-label=\"V\u00eddeo\"><source src=\"https:\/\/admin.cnnbrasil.com.br\/wp-content\/uploads\/sites\/12\/2026\/03\/ssstwitter.com_1773013512156.mp4\" type=\"video\/mp4\"\/><\/video><br \/>\n<video class=\"my-4 aspect-video w-full max-w-full lg:w-auto\" controls=\"\" width=\"480\" height=\"848\" data-mp4-video=\"true\" data-video=\"mp4\" aria-label=\"V\u00eddeo\"><source src=\"https:\/\/admin.cnnbrasil.com.br\/wp-content\/uploads\/sites\/12\/2026\/03\/FDownloader.Net_AQOpTSmyPrN_VZ4_aPuzZ6y9Iv8L9z1OzhoKgBzF3X4ZcXoF1QD72iNKdwDNCsq6KkdDLhfpRDHAfFbsT5VGyQAm47va8KrK5BIsI7AhAc74XQ_720p_HD.mp4\" type=\"video\/mp4\"\/><\/video><\/p>\n<p class=\"my-5 break-words group-[.isActiveSource]:text-xl\">A Subprefeitura de <strong class=\"group-[.isActiveSource]:text-xl group-[.isActiveSource]:font-bold\">Guaianazes<\/strong>, <strong class=\"group-[.isActiveSource]:text-xl group-[.isActiveSource]:font-bold\">Vila Prudente<\/strong> e <strong class=\"group-[.isActiveSource]:text-xl group-[.isActiveSource]:font-bold\">Santo Amaro<\/strong> tamb\u00e9m entraram em estado de <strong class=\"group-[.isActiveSource]:text-xl group-[.isActiveSource]:font-bold\">alerta<\/strong> por conta do transbordamento dos c\u00f3rregos <strong class=\"group-[.isActiveSource]:text-xl group-[.isActiveSource]:font-bold\">Guaratiba Ponto 2, Mooca e \u00c1gua Espraiada.\u00a0<\/strong><\/p>\n<p class=\"my-5 break-words group-[.isActiveSource]:text-xl\">No bairro do <strong class=\"group-[.isActiveSource]:text-xl group-[.isActiveSource]:font-bold\">Sacom\u00e3<\/strong>, na Zona Sul, ruas ficaram alagadas e carros submersos.<strong class=\"group-[.isActiveSource]:text-xl group-[.isActiveSource]:font-bold group-[.isActiveSource]:text-xl group-[.isActiveSource]:font-bold\">\u00a0Veja v\u00eddeos:<\/strong><\/p>\n<p><video class=\"my-4 aspect-video w-full max-w-full lg:w-auto\" controls=\"\" width=\"848\" height=\"480\" data-mp4-video=\"true\" data-video=\"mp4\" aria-label=\"V\u00eddeo\"><source src=\"https:\/\/admin.cnnbrasil.com.br\/wp-content\/uploads\/sites\/12\/2026\/03\/WhatsApp-Video-2026-03-08-at-15.41.03.mp4\" type=\"video\/mp4\"\/><\/video><\/p>\n<h3 class=\"text-xl my-5 font-bold break-words\">Aeroporto de Congonhas<\/h3>\n<p class=\"my-5 break-words group-[.isActiveSource]:text-xl\">Um muro que cerca o <a href=\"https:\/\/www.cnnbrasil.com.br\/nacional\/sudeste\/sp\/video-muro-do-aeroporto-de-congonhas-desaba-apos-fortes-chuvas\/\" class=\"text-red-600 underline hover:text-red-500 font-medium break-words group-[.isActiveSource]:text-xl\" target=\"_self\" rel=\"\"><strong class=\"group-[.isActiveSource]:text-xl group-[.isActiveSource]:font-bold\">Aeroporto de Congonhas<\/strong><\/a>, na Zona Sul de S\u00e3o Paulo, desabou ap\u00f3s o forte temporal que atingiu a Grande S\u00e3o Paulo na tarde deste domingo (8).<\/p>\n<p class=\"my-5 break-words group-[.isActiveSource]:text-xl my-5 break-words group-[.isActiveSource]:text-xl\">Em nota, a Aena informou que a ocorr\u00eancia n\u00e3o impacta a opera\u00e7\u00e3o do aeroporto, nem a seguran\u00e7a do terminal. Ningu\u00e9m ficou ferido e a \u00e1rea foi isolada.<\/p>\n<p class=\"my-5 break-words group-[.isActiveSource]:text-xl my-5 break-words group-[.isActiveSource]:text-xl\">V\u00eddeos mostram uma grande quantidade de \u00e1gua transbordando e a rua alagada devido as chuvas.<strong class=\"group-[.isActiveSource]:text-xl group-[.isActiveSource]:font-bold group-[.isActiveSource]:text-xl group-[.isActiveSource]:font-bold\">\u00a0Veja abaixo:\u00a0<\/strong><\/p>\n<p><video class=\"my-4 aspect-video w-full max-w-full lg:w-auto\" controls=\"\" width=\"848\" height=\"480\" data-mp4-video=\"true\" data-video=\"mp4\" aria-label=\"V\u00eddeo\"><source src=\"https:\/\/admin.cnnbrasil.com.br\/wp-content\/uploads\/sites\/12\/2026\/03\/WhatsApp-Video-2026-03-08-at-16.29.24.mp4\" type=\"video\/mp4\"\/><\/video><\/p>\n<h3 class=\"text-xl my-5 font-bold break-words\">Morte no ABC<\/h3>\n<p class=\"my-5 break-words group-[.isActiveSource]:text-xl\">No \u00faltimo s\u00e1bado (7), um homem<strong class=\"group-[.isActiveSource]:text-xl group-[.isActiveSource]:font-bold group-[.isActiveSource]:text-xl group-[.isActiveSource]:font-bold\">\u00a0<a href=\"https:\/\/www.cnnbrasil.com.br\/nacional\/sudeste\/sp\/homem-morre-ao-ser-arrastado-por-enxurrada-em-sao-bernardo-do-campo-sp\/\" class=\"text-red-600 underline hover:text-red-500 font-medium break-words group-[.isActiveSource]:text-xl\" target=\"_self\" rel=\"\">morreu afogado\u00a0<\/a><\/strong><a href=\"https:\/\/www.cnnbrasil.com.br\/nacional\/sudeste\/sp\/homem-morre-ao-ser-arrastado-por-enxurrada-em-sao-bernardo-do-campo-sp\/\" class=\"text-red-600 underline hover:text-red-500 font-medium break-words group-[.isActiveSource]:text-xl\" target=\"_self\" rel=\"\">durante o temporal que atingiu a cidade de S\u00e3o Bernardo do Campo<\/a>, na\u00a0<strong class=\"group-[.isActiveSource]:text-xl group-[.isActiveSource]:font-bold group-[.isActiveSource]:text-xl group-[.isActiveSource]:font-bold\">Regi\u00e3o Metropolitana de S\u00e3o Paulo.<\/strong><\/p>\n<p class=\"my-5 break-words group-[.isActiveSource]:text-xl\">Segundo informa\u00e7\u00f5es do Corpo de Bombeiros, a v\u00edtima foi arrastada pela for\u00e7a da \u00e1gua e acabou ficando\u00a0presa sob um ve\u00edculo. A morte foi constatada pela equipe m\u00e9dica do Samu (Servi\u00e7o de Atendimento M\u00f3vel de Urg\u00eancia).<\/p>\n<h3 class=\"text-xl my-5 font-bold break-words\">Morte em Sorocaba<\/h3>\n<p class=\"my-5 break-words group-[.isActiveSource]:text-xl\">Tamb\u00e9m no \u00faltimo s\u00e1bado (7), na cidade de <a href=\"https:\/\/www.cnnbrasil.com.br\/nacional\/sudeste\/sp\/temporal-deixa-pessoas-ilhadas-e-causa-interdicoes-em-sorocaba-sp\/\" class=\"text-red-600 underline hover:text-red-500 font-medium break-words group-[.isActiveSource]:text-xl\" target=\"_self\" rel=\"\">Sorocaba,<\/a> interior do Estado, um homem morreu ap\u00f3s ser arrastado pela enxurrada no bairro Jardim Guadalupe.<\/p>\n<p class=\"my-5 break-words group-[.isActiveSource]:text-xl\">Segundo a Defesa Civil do Estado, com essas ocorr\u00eancias, a <strong class=\"group-[.isActiveSource]:text-xl group-[.isActiveSource]:font-bold\">Opera\u00e7\u00e3o SP Sempre Alerta \u2013 Chuvas 2025\/2026<\/strong> contabiliza <strong class=\"group-[.isActiveSource]:text-xl group-[.isActiveSource]:font-bold\">21<\/strong> \u00f3bitos no estado, sendo <strong class=\"group-[.isActiveSource]:text-xl group-[.isActiveSource]:font-bold\">11<\/strong> deles provocados por enxurradas.<\/p>\n<h3 class=\"text-xl my-5 font-bold break-words\"><strong class=\"group-[.isActiveSource]:text-xl group-[.isActiveSource]:font-bold\">Previs\u00e3o para os pr\u00f3ximos dias<\/strong><\/h3>\n<p class=\"my-5 break-words group-[.isActiveSource]:text-xl\">A frente fria que avan\u00e7a pelo pa\u00eds atrav\u00e9s da costa do Rio Grande do Sul, deve provocar temporais isolados, pancadas de chuva que variam de intensidade, rajadas de vento e queda de temperatura. O Inmet (Instituto Nacional de Metereologia) emitiu alertas de perigo para diversas regi\u00f5es, sobretudo nas regi\u00f5es Sul e Sudeste.<\/p>\n<p class=\"my-5 break-words group-[.isActiveSource]:text-xl my-5 break-words group-[.isActiveSource]:text-xl\">O avan\u00e7o da frente fria est\u00e1 atrelado a um ciclone extratropical que se forma entre as regi\u00f5es Sul e Sudeste, sob a influ\u00eancia de cavados em m\u00e9dios n\u00edveis e da ZCIT em \u00e1reas do Norte e Nordeste. A condi\u00e7\u00e3o favorece o aumento das instabilidades, com chuva forte e risco de temporais em praticamente todo o pa\u00eds.<\/p>\n<p class=\"my-5 break-words group-[.isActiveSource]:text-xl my-5 break-words group-[.isActiveSource]:text-xl\">Na regi\u00e3o, a chuva deve ser moderada, podendo variar de intensidade, desde o come\u00e7o do dia no norte, nordeste, oeste, sul, litoral e interior de S\u00e3o Paulo, al\u00e9m de pontos do Tri\u00e2ngulo, noroeste, sul e regi\u00e3o central de Minas Gerais e litoral do Rio de Janeiro.<\/p>\n<p class=\"my-5 break-words group-[.isActiveSource]:text-xl my-5 break-words group-[.isActiveSource]:text-xl\">A atua\u00e7\u00e3o de um cavado e a presen\u00e7a de umidade favorecem pancadas moderadas a fortes ao longo do dia e em grande parte da regi\u00e3o, com alerta para temporais no norte, interior, nordeste, leste, Baixada Santista e litoral norte paulista, extremo sul de SP, metade sul e serra fluminense e centro-sul de Minas Gerais.<\/p>\n<\/div>\n<p><script async src=\"\/\/platform.twitter.com\/widgets.js\" charset=\"utf-8\"><\/script><br \/>\n<br \/><a href=\"https:\/\/www.cnnbrasil.com.br\/nacional\/sudeste\/sp\/sp-temporal-causa-transbordamento-de-corregos-e-carros-ficam-submersos\/\">Fonte do Artigo <\/a><\/p>\n","protected":false},"excerpt":{"rendered":"<p>O forte temporal que atingiu a cidade de S\u00e3o Paulo causou transtornos com o transbordamento de cinco c\u00f3rregos neste domingo (8). Segundo informa\u00e7\u00f5es da Centro de Gerenciamento de Emerg\u00eancias (CGE), durante a tarde, toda a capital ficou em estado de aten\u00e7\u00e3o para alagamentos. Entre 12h e 18h, o Corpo de Bombeiros registrou pelo menos 183 [&hellip;]<\/p>\n","protected":false},"author":1,"featured_media":93153,"comment_status":"closed","ping_status":"","sticky":false,"template":"","format":"standard","meta":{"googlesitekit_rrm_CAow2JLhCw:productID":"","_gspb_post_css":"","maa_idioma":"","maa_pais":"","footnotes":""},"categories":[4],"tags":[8549,3422,21916,8228,21917,5205,21915],"class_list":["post-93152","post","type-post","status-publish","format-standard","has-post-thumbnail","hentry","category-brasil","tag-carros","tag-causa","tag-corregos","tag-ficam","tag-submersos","tag-temporal","tag-transbordamento"],"blocksy_meta":[],"yoast_head":"<!-- This site is optimized with the Yoast SEO Premium plugin v27.6 (Yoast SEO v27.6) - https:\/\/yoast.com\/product\/yoast-seo-premium-wordpress\/ -->\n<title>SP: temporal causa transbordamento de c\u00f3rregos e carros ficam submersos - Ubirat\u00e3 Online Not\u00edcias - A realidade ao seu alcance!<\/title>\n<meta name=\"description\" content=\"O forte temporal que atingiu a cidade de S\u00e3o Paulo causou transtornos com o transbordamento de cinco c\u00f3rregos neste domingo (8). Segundo informa\u00e7\u00f5es da\" \/>\n<meta name=\"robots\" content=\"index, follow, max-snippet:-1, max-image-preview:large, max-video-preview:-1\" \/>\n<link rel=\"canonical\" href=\"https:\/\/ubirataonline.com.br\/en\/sp-temporal-causa-transbordamento-de-corregos-e-carros-ficam-submersos\/\" \/>\n<meta property=\"og:locale\" content=\"en_US\" \/>\n<meta property=\"og:type\" content=\"article\" \/>\n<meta property=\"og:title\" content=\"SP: temporal causa transbordamento de c\u00f3rregos e carros ficam submersos\" \/>\n<meta property=\"og:description\" content=\"O forte temporal que atingiu a cidade de S\u00e3o Paulo causou transtornos com o transbordamento de cinco c\u00f3rregos neste domingo (8). Segundo informa\u00e7\u00f5es da\" \/>\n<meta property=\"og:url\" content=\"https:\/\/ubirataonline.com.br\/en\/sp-temporal-causa-transbordamento-de-corregos-e-carros-ficam-submersos\/\" \/>\n<meta property=\"og:site_name\" content=\"Ubirat\u00e3 Online Not\u00edcias - A realidade ao seu alcance!\" \/>\n<meta property=\"article:publisher\" content=\"https:\/\/www.facebook.com\/portalubirataonline\" \/>\n<meta property=\"article:author\" content=\"https:\/\/www.facebook.com\/portalubirataonline\" \/>\n<meta property=\"article:published_time\" content=\"2026-03-09T11:02:29+00:00\" \/>\n<meta property=\"article:modified_time\" content=\"2026-03-09T11:02:31+00:00\" \/>\n<meta property=\"og:image\" content=\"https:\/\/ubirataonline.com.br\/wp-content\/uploads\/2026\/03\/SP-temporal-causa-transbordamento-de-corregos-e-carros-ficam-submersos.jpg\" \/>\n\t<meta property=\"og:image:width\" content=\"1200\" \/>\n\t<meta property=\"og:image:height\" content=\"630\" \/>\n\t<meta property=\"og:image:type\" content=\"image\/jpeg\" \/>\n<meta name=\"author\" content=\"REDA\u00c7\u00c3O: UBIRAT\u00c3 ONLINE - F\u00c1BIO AUGUSTO CELESTINO\" \/>\n<meta name=\"twitter:card\" content=\"summary_large_image\" \/>\n<meta name=\"twitter:creator\" content=\"@x.com\/ubirataonline\" \/>\n<meta name=\"twitter:site\" content=\"@ubirataonline\" \/>\n<meta name=\"twitter:label1\" content=\"Written by\" \/>\n\t<meta name=\"twitter:data1\" content=\"REDA\u00c7\u00c3O: UBIRAT\u00c3 ONLINE - F\u00c1BIO AUGUSTO CELESTINO\" \/>\n\t<meta name=\"twitter:label2\" content=\"Est. reading time\" \/>\n\t<meta name=\"twitter:data2\" content=\"3 minutes\" \/>\n<script type=\"application\/ld+json\" class=\"yoast-schema-graph\">{\"@context\":\"https:\\\/\\\/schema.org\",\"@graph\":[{\"@type\":\"NewsArticle\",\"@id\":\"https:\\\/\\\/ubirataonline.com.br\\\/sp-temporal-causa-transbordamento-de-corregos-e-carros-ficam-submersos\\\/#article\",\"isPartOf\":{\"@id\":\"https:\\\/\\\/ubirataonline.com.br\\\/sp-temporal-causa-transbordamento-de-corregos-e-carros-ficam-submersos\\\/\"},\"author\":{\"name\":\"REDA\u00c7\u00c3O: UBIRAT\u00c3 ONLINE - F\u00c1BIO AUGUSTO CELESTINO\",\"@id\":\"https:\\\/\\\/ubirataonline.com.br\\\/#\\\/schema\\\/person\\\/372f87bbd3fdd79b8556b84c98d0bc1c\"},\"headline\":\"SP: temporal causa transbordamento de c\u00f3rregos e carros ficam submersos\",\"datePublished\":\"2026-03-09T11:02:29+00:00\",\"dateModified\":\"2026-03-09T11:02:31+00:00\",\"mainEntityOfPage\":{\"@id\":\"https:\\\/\\\/ubirataonline.com.br\\\/sp-temporal-causa-transbordamento-de-corregos-e-carros-ficam-submersos\\\/\"},\"wordCount\":640,\"publisher\":{\"@id\":\"https:\\\/\\\/ubirataonline.com.br\\\/#organization\"},\"image\":{\"@id\":\"https:\\\/\\\/ubirataonline.com.br\\\/sp-temporal-causa-transbordamento-de-corregos-e-carros-ficam-submersos\\\/#primaryimage\"},\"thumbnailUrl\":\"https:\\\/\\\/ubirataonline.com.br\\\/wp-content\\\/uploads\\\/2026\\\/03\\\/SP-temporal-causa-transbordamento-de-corregos-e-carros-ficam-submersos.jpg\",\"keywords\":[\"carros\",\"causa\",\"c\u00f3rregos\",\"ficam\",\"submersos\",\"Temporal\",\"transbordamento\"],\"articleSection\":[\"Brasil\"],\"inLanguage\":\"en-US\",\"copyrightYear\":\"2026\",\"copyrightHolder\":{\"@id\":\"https:\\\/\\\/ubirataonline.com.br\\\/en\\\/#organization\"}},{\"@type\":\"WebPage\",\"@id\":\"https:\\\/\\\/ubirataonline.com.br\\\/sp-temporal-causa-transbordamento-de-corregos-e-carros-ficam-submersos\\\/\",\"url\":\"https:\\\/\\\/ubirataonline.com.br\\\/sp-temporal-causa-transbordamento-de-corregos-e-carros-ficam-submersos\\\/\",\"name\":\"SP: temporal causa transbordamento de c\u00f3rregos e carros ficam submersos - Ubirat\u00e3 Online Not\u00edcias - A realidade ao seu alcance!\",\"isPartOf\":{\"@id\":\"https:\\\/\\\/ubirataonline.com.br\\\/#website\"},\"primaryImageOfPage\":{\"@id\":\"https:\\\/\\\/ubirataonline.com.br\\\/sp-temporal-causa-transbordamento-de-corregos-e-carros-ficam-submersos\\\/#primaryimage\"},\"image\":{\"@id\":\"https:\\\/\\\/ubirataonline.com.br\\\/sp-temporal-causa-transbordamento-de-corregos-e-carros-ficam-submersos\\\/#primaryimage\"},\"thumbnailUrl\":\"https:\\\/\\\/ubirataonline.com.br\\\/wp-content\\\/uploads\\\/2026\\\/03\\\/SP-temporal-causa-transbordamento-de-corregos-e-carros-ficam-submersos.jpg\",\"datePublished\":\"2026-03-09T11:02:29+00:00\",\"dateModified\":\"2026-03-09T11:02:31+00:00\",\"description\":\"O forte temporal que atingiu a cidade de S\u00e3o Paulo causou transtornos com o transbordamento de cinco c\u00f3rregos neste domingo (8). Segundo informa\u00e7\u00f5es da\",\"breadcrumb\":{\"@id\":\"https:\\\/\\\/ubirataonline.com.br\\\/sp-temporal-causa-transbordamento-de-corregos-e-carros-ficam-submersos\\\/#breadcrumb\"},\"inLanguage\":\"en-US\",\"potentialAction\":[{\"@type\":\"ReadAction\",\"target\":[\"https:\\\/\\\/ubirataonline.com.br\\\/sp-temporal-causa-transbordamento-de-corregos-e-carros-ficam-submersos\\\/\"]}]},{\"@type\":\"ImageObject\",\"inLanguage\":\"en-US\",\"@id\":\"https:\\\/\\\/ubirataonline.com.br\\\/sp-temporal-causa-transbordamento-de-corregos-e-carros-ficam-submersos\\\/#primaryimage\",\"url\":\"https:\\\/\\\/ubirataonline.com.br\\\/wp-content\\\/uploads\\\/2026\\\/03\\\/SP-temporal-causa-transbordamento-de-corregos-e-carros-ficam-submersos.jpg\",\"contentUrl\":\"https:\\\/\\\/ubirataonline.com.br\\\/wp-content\\\/uploads\\\/2026\\\/03\\\/SP-temporal-causa-transbordamento-de-corregos-e-carros-ficam-submersos.jpg\",\"width\":1200,\"height\":630,\"caption\":\"\u00a0 \u2022 Reprodu\u00e7\u00e3o\"},{\"@type\":\"BreadcrumbList\",\"@id\":\"https:\\\/\\\/ubirataonline.com.br\\\/sp-temporal-causa-transbordamento-de-corregos-e-carros-ficam-submersos\\\/#breadcrumb\",\"itemListElement\":[{\"@type\":\"ListItem\",\"position\":1,\"name\":\"In\u00edcio\",\"item\":\"https:\\\/\\\/ubirataonline.com.br\\\/\"},{\"@type\":\"ListItem\",\"position\":2,\"name\":\"SP: temporal causa transbordamento de c\u00f3rregos e carros ficam submersos\"}]},{\"@type\":\"WebSite\",\"@id\":\"https:\\\/\\\/ubirataonline.com.br\\\/#website\",\"url\":\"https:\\\/\\\/ubirataonline.com.br\\\/\",\"name\":\"Ubirat\u00e3 Online Not\u00edcias\",\"description\":\"Not\u00edcias de Ubirat\u00e3, regi\u00e3o, Brasil e mundo, com informa\u00e7\u00e3o atualizada e compromisso com o leitor.\",\"publisher\":{\"@id\":\"https:\\\/\\\/ubirataonline.com.br\\\/#organization\"},\"alternateName\":\"Ubirat\u00e3 Online\",\"potentialAction\":[{\"@type\":\"SearchAction\",\"target\":{\"@type\":\"EntryPoint\",\"urlTemplate\":\"https:\\\/\\\/ubirataonline.com.br\\\/?s={search_term_string}\"},\"query-input\":{\"@type\":\"PropertyValueSpecification\",\"valueRequired\":true,\"valueName\":\"search_term_string\"}}],\"inLanguage\":\"en-US\"},{\"@type\":[\"Organization\",\"Place\"],\"@id\":\"https:\\\/\\\/ubirataonline.com.br\\\/#organization\",\"name\":\"Ubirat\u00e3 Online Not\u00edcias\",\"alternateName\":\"Ubirat\u00e3 Online\",\"url\":\"https:\\\/\\\/ubirataonline.com.br\\\/\",\"logo\":{\"@id\":\"https:\\\/\\\/ubirataonline.com.br\\\/sp-temporal-causa-transbordamento-de-corregos-e-carros-ficam-submersos\\\/#local-main-organization-logo\"},\"image\":{\"@id\":\"https:\\\/\\\/ubirataonline.com.br\\\/sp-temporal-causa-transbordamento-de-corregos-e-carros-ficam-submersos\\\/#local-main-organization-logo\"},\"sameAs\":[\"https:\\\/\\\/www.facebook.com\\\/portalubirataonline\",\"https:\\\/\\\/x.com\\\/ubirataonline\",\"https:\\\/\\\/mastodon.social\\\/@ubirataonline\",\"https:\\\/\\\/www.facebook.com\\\/groups\\\/311144672285604\",\"https:\\\/\\\/www.facebook.com\\\/UBTAOnline\",\"https:\\\/\\\/www.instagram.com\\\/portalubirataonline\\\/\",\"https:\\\/\\\/twitter.com\\\/ubirataonline\"],\"description\":\"Somos um portal de not\u00edcias independente, criado em 5 de janeiro de 2009, com o objetivo de informar, conectar e valorizar a nossa comunidade de Ubirat\u00e3 e toda aregi\u00e3o. Com conte\u00fado atualizado, confi\u00e1vel e relevante, o Ubirat\u00e3 Online \u00e9 o seu espa\u00e7o para ficar por dentro dos principais acontecimentos locais, regionais, Brasil, Mundo e de interesse geral. Nosso compromisso \u00e9 com a verdade, a transpar\u00eancia e o respeito ao leitor.\",\"legalName\":\"UBIRATA ONLINE NOT\u00cdCIAS\",\"foundingDate\":\"2009-01-05\",\"numberOfEmployees\":{\"@type\":\"QuantitativeValue\",\"minValue\":\"1\",\"maxValue\":\"10\"},\"publishingPrinciples\":\"https:\\\/\\\/ubirataonline.com.br\\\/faq\\\/\",\"address\":{\"@id\":\"https:\\\/\\\/ubirataonline.com.br\\\/sp-temporal-causa-transbordamento-de-corregos-e-carros-ficam-submersos\\\/#local-main-place-address\"},\"geo\":{\"@type\":\"GeoCoordinates\",\"latitude\":\"-24.5361401\",\"longitude\":\"-52.9921776\"},\"telephone\":[\"+5544998308235\"],\"contactPoint\":{\"@type\":\"ContactPoint\",\"email\":\"contato@ubirataonline.com.br\"},\"openingHoursSpecification\":{\"@type\":\"OpeningHoursSpecification\",\"dayOfWeek\":[\"Monday\",\"Tuesday\",\"Wednesday\",\"Thursday\",\"Friday\",\"Saturday\",\"Sunday\"],\"opens\":\"00:00\",\"closes\":\"23:59\"},\"email\":\"contato@ubirataonline.com.br\",\"vatID\":\"47.621.418\\\/0001-80\"},{\"@type\":\"Person\",\"@id\":\"https:\\\/\\\/ubirataonline.com.br\\\/#\\\/schema\\\/person\\\/372f87bbd3fdd79b8556b84c98d0bc1c\",\"name\":\"REDA\u00c7\u00c3O: UBIRAT\u00c3 ONLINE - F\u00c1BIO AUGUSTO CELESTINO\",\"pronouns\":\"Ele\",\"description\":\"Desde 2003 trabalhando com not\u00edcias.\",\"sameAs\":[\"http:\\\/\\\/ubirataoline.com.br\",\"https:\\\/\\\/www.facebook.com\\\/portalubirataonline\",\"https:\\\/\\\/www.instagram.com\\\/ubirataonline_oficial\",\"https:\\\/\\\/x.com\\\/x.com\\\/ubirataonline\"],\"honorificPrefix\":\"Mr.\",\"honorificSuffix\":\"MD\",\"birthDate\":\"1980-06-16\",\"gender\":\"masculino\",\"award\":[\"V\u00e1rios pr\u00eamios de melhor portal da cidade\"],\"jobTitle\":\"Diretor\",\"url\":\"https:\\\/\\\/ubirataonline.com.br\\\/en\\\/author\\\/ubirataonline\\\/\"},{\"@type\":\"PostalAddress\",\"@id\":\"https:\\\/\\\/ubirataonline.com.br\\\/sp-temporal-causa-transbordamento-de-corregos-e-carros-ficam-submersos\\\/#local-main-place-address\",\"streetAddress\":\"Rua dos Coqueiros, 104 - Bairro Boa Vista, Rua dos Coqueiros, 104 Bairro Boa Vista\",\"addressLocality\":\"UBIRATA\",\"postalCode\":\"85440-000\",\"addressRegion\":\"PR\",\"addressCountry\":\"BR\"},{\"@type\":\"ImageObject\",\"inLanguage\":\"en-US\",\"@id\":\"https:\\\/\\\/ubirataonline.com.br\\\/sp-temporal-causa-transbordamento-de-corregos-e-carros-ficam-submersos\\\/#local-main-organization-logo\",\"url\":\"https:\\\/\\\/ubirataonline.com.br\\\/wp-content\\\/uploads\\\/2026\\\/06\\\/logoubirataonline-1.webp\",\"contentUrl\":\"https:\\\/\\\/ubirataonline.com.br\\\/wp-content\\\/uploads\\\/2026\\\/06\\\/logoubirataonline-1.webp\",\"width\":500,\"height\":500,\"caption\":\"Ubirat\u00e3 Online Not\u00edcias\"}]}<\/script>\n<meta name=\"geo.placename\" content=\"UBIRATA\" \/>\n<meta name=\"geo.position\" content=\"-24.5361401;-52.9921776\" \/>\n<meta name=\"geo.region\" content=\"Brazil\" \/>\n<!-- \/ Yoast SEO Premium plugin. -->","yoast_head_json":{"title":"SP: temporal causa transbordamento de c\u00f3rregos e carros ficam submersos - Ubirat\u00e3 Online Not\u00edcias - A realidade ao seu alcance!","description":"O forte temporal que atingiu a cidade de S\u00e3o Paulo causou transtornos com o transbordamento de cinco c\u00f3rregos neste domingo (8). Segundo informa\u00e7\u00f5es da","robots":{"index":"index","follow":"follow","max-snippet":"max-snippet:-1","max-image-preview":"max-image-preview:large","max-video-preview":"max-video-preview:-1"},"canonical":"https:\/\/ubirataonline.com.br\/en\/sp-temporal-causa-transbordamento-de-corregos-e-carros-ficam-submersos\/","og_locale":"en_US","og_type":"article","og_title":"SP: temporal causa transbordamento de c\u00f3rregos e carros ficam submersos","og_description":"O forte temporal que atingiu a cidade de S\u00e3o Paulo causou transtornos com o transbordamento de cinco c\u00f3rregos neste domingo (8). Segundo informa\u00e7\u00f5es da","og_url":"https:\/\/ubirataonline.com.br\/en\/sp-temporal-causa-transbordamento-de-corregos-e-carros-ficam-submersos\/","og_site_name":"Ubirat\u00e3 Online Not\u00edcias - A realidade ao seu alcance!","article_publisher":"https:\/\/www.facebook.com\/portalubirataonline","article_author":"https:\/\/www.facebook.com\/portalubirataonline","article_published_time":"2026-03-09T11:02:29+00:00","article_modified_time":"2026-03-09T11:02:31+00:00","og_image":[{"width":1200,"height":630,"url":"https:\/\/ubirataonline.com.br\/wp-content\/uploads\/2026\/03\/SP-temporal-causa-transbordamento-de-corregos-e-carros-ficam-submersos.jpg","type":"image\/jpeg"}],"author":"REDA\u00c7\u00c3O: UBIRAT\u00c3 ONLINE - F\u00c1BIO AUGUSTO CELESTINO","twitter_card":"summary_large_image","twitter_creator":"@x.com\/ubirataonline","twitter_site":"@ubirataonline","twitter_misc":{"Written by":"REDA\u00c7\u00c3O: UBIRAT\u00c3 ONLINE - F\u00c1BIO AUGUSTO CELESTINO","Est. reading time":"3 minutes"},"schema":{"@context":"https:\/\/schema.org","@graph":[{"@type":"NewsArticle","@id":"https:\/\/ubirataonline.com.br\/sp-temporal-causa-transbordamento-de-corregos-e-carros-ficam-submersos\/#article","isPartOf":{"@id":"https:\/\/ubirataonline.com.br\/sp-temporal-causa-transbordamento-de-corregos-e-carros-ficam-submersos\/"},"author":{"name":"REDA\u00c7\u00c3O: UBIRAT\u00c3 ONLINE - F\u00c1BIO AUGUSTO CELESTINO","@id":"https:\/\/ubirataonline.com.br\/#\/schema\/person\/372f87bbd3fdd79b8556b84c98d0bc1c"},"headline":"SP: temporal causa transbordamento de c\u00f3rregos e carros ficam submersos","datePublished":"2026-03-09T11:02:29+00:00","dateModified":"2026-03-09T11:02:31+00:00","mainEntityOfPage":{"@id":"https:\/\/ubirataonline.com.br\/sp-temporal-causa-transbordamento-de-corregos-e-carros-ficam-submersos\/"},"wordCount":640,"publisher":{"@id":"https:\/\/ubirataonline.com.br\/#organization"},"image":{"@id":"https:\/\/ubirataonline.com.br\/sp-temporal-causa-transbordamento-de-corregos-e-carros-ficam-submersos\/#primaryimage"},"thumbnailUrl":"https:\/\/ubirataonline.com.br\/wp-content\/uploads\/2026\/03\/SP-temporal-causa-transbordamento-de-corregos-e-carros-ficam-submersos.jpg","keywords":["carros","causa","c\u00f3rregos","ficam","submersos","Temporal","transbordamento"],"articleSection":["Brasil"],"inLanguage":"en-US","copyrightYear":"2026","copyrightHolder":{"@id":"https:\/\/ubirataonline.com.br\/en\/#organization"}},{"@type":"WebPage","@id":"https:\/\/ubirataonline.com.br\/sp-temporal-causa-transbordamento-de-corregos-e-carros-ficam-submersos\/","url":"https:\/\/ubirataonline.com.br\/sp-temporal-causa-transbordamento-de-corregos-e-carros-ficam-submersos\/","name":"SP: temporal causa transbordamento de c\u00f3rregos e carros ficam submersos - Ubirat\u00e3 Online Not\u00edcias - A realidade ao seu alcance!","isPartOf":{"@id":"https:\/\/ubirataonline.com.br\/#website"},"primaryImageOfPage":{"@id":"https:\/\/ubirataonline.com.br\/sp-temporal-causa-transbordamento-de-corregos-e-carros-ficam-submersos\/#primaryimage"},"image":{"@id":"https:\/\/ubirataonline.com.br\/sp-temporal-causa-transbordamento-de-corregos-e-carros-ficam-submersos\/#primaryimage"},"thumbnailUrl":"https:\/\/ubirataonline.com.br\/wp-content\/uploads\/2026\/03\/SP-temporal-causa-transbordamento-de-corregos-e-carros-ficam-submersos.jpg","datePublished":"2026-03-09T11:02:29+00:00","dateModified":"2026-03-09T11:02:31+00:00","description":"O forte temporal que atingiu a cidade de S\u00e3o Paulo causou transtornos com o transbordamento de cinco c\u00f3rregos neste domingo (8). Segundo informa\u00e7\u00f5es da","breadcrumb":{"@id":"https:\/\/ubirataonline.com.br\/sp-temporal-causa-transbordamento-de-corregos-e-carros-ficam-submersos\/#breadcrumb"},"inLanguage":"en-US","potentialAction":[{"@type":"ReadAction","target":["https:\/\/ubirataonline.com.br\/sp-temporal-causa-transbordamento-de-corregos-e-carros-ficam-submersos\/"]}]},{"@type":"ImageObject","inLanguage":"en-US","@id":"https:\/\/ubirataonline.com.br\/sp-temporal-causa-transbordamento-de-corregos-e-carros-ficam-submersos\/#primaryimage","url":"https:\/\/ubirataonline.com.br\/wp-content\/uploads\/2026\/03\/SP-temporal-causa-transbordamento-de-corregos-e-carros-ficam-submersos.jpg","contentUrl":"https:\/\/ubirataonline.com.br\/wp-content\/uploads\/2026\/03\/SP-temporal-causa-transbordamento-de-corregos-e-carros-ficam-submersos.jpg","width":1200,"height":630,"caption":"\u00a0 \u2022 Reprodu\u00e7\u00e3o"},{"@type":"BreadcrumbList","@id":"https:\/\/ubirataonline.com.br\/sp-temporal-causa-transbordamento-de-corregos-e-carros-ficam-submersos\/#breadcrumb","itemListElement":[{"@type":"ListItem","position":1,"name":"In\u00edcio","item":"https:\/\/ubirataonline.com.br\/"},{"@type":"ListItem","position":2,"name":"SP: temporal causa transbordamento de c\u00f3rregos e carros ficam submersos"}]},{"@type":"WebSite","@id":"https:\/\/ubirataonline.com.br\/#website","url":"https:\/\/ubirataonline.com.br\/","name":"Ubirat\u00e3 Online Not\u00edcias","description":"Not\u00edcias de Ubirat\u00e3, regi\u00e3o, Brasil e mundo, com informa\u00e7\u00e3o atualizada e compromisso com o leitor.","publisher":{"@id":"https:\/\/ubirataonline.com.br\/#organization"},"alternateName":"Ubirat\u00e3 Online","potentialAction":[{"@type":"SearchAction","target":{"@type":"EntryPoint","urlTemplate":"https:\/\/ubirataonline.com.br\/?s={search_term_string}"},"query-input":{"@type":"PropertyValueSpecification","valueRequired":true,"valueName":"search_term_string"}}],"inLanguage":"en-US"},{"@type":["Organization","Place"],"@id":"https:\/\/ubirataonline.com.br\/#organization","name":"Ubirat\u00e3 Online Not\u00edcias","alternateName":"Ubirat\u00e3 Online","url":"https:\/\/ubirataonline.com.br\/","logo":{"@id":"https:\/\/ubirataonline.com.br\/sp-temporal-causa-transbordamento-de-corregos-e-carros-ficam-submersos\/#local-main-organization-logo"},"image":{"@id":"https:\/\/ubirataonline.com.br\/sp-temporal-causa-transbordamento-de-corregos-e-carros-ficam-submersos\/#local-main-organization-logo"},"sameAs":["https:\/\/www.facebook.com\/portalubirataonline","https:\/\/x.com\/ubirataonline","https:\/\/mastodon.social\/@ubirataonline","https:\/\/www.facebook.com\/groups\/311144672285604","https:\/\/www.facebook.com\/UBTAOnline","https:\/\/www.instagram.com\/portalubirataonline\/","https:\/\/twitter.com\/ubirataonline"],"description":"Somos um portal de not\u00edcias independente, criado em 5 de janeiro de 2009, com o objetivo de informar, conectar e valorizar a nossa comunidade de Ubirat\u00e3 e toda aregi\u00e3o. Com conte\u00fado atualizado, confi\u00e1vel e relevante, o Ubirat\u00e3 Online \u00e9 o seu espa\u00e7o para ficar por dentro dos principais acontecimentos locais, regionais, Brasil, Mundo e de interesse geral. Nosso compromisso \u00e9 com a verdade, a transpar\u00eancia e o respeito ao leitor.","legalName":"UBIRATA ONLINE NOT\u00cdCIAS","foundingDate":"2009-01-05","numberOfEmployees":{"@type":"QuantitativeValue","minValue":"1","maxValue":"10"},"publishingPrinciples":"https:\/\/ubirataonline.com.br\/faq\/","address":{"@id":"https:\/\/ubirataonline.com.br\/sp-temporal-causa-transbordamento-de-corregos-e-carros-ficam-submersos\/#local-main-place-address"},"geo":{"@type":"GeoCoordinates","latitude":"-24.5361401","longitude":"-52.9921776"},"telephone":["+5544998308235"],"contactPoint":{"@type":"ContactPoint","email":"contato@ubirataonline.com.br"},"openingHoursSpecification":{"@type":"OpeningHoursSpecification","dayOfWeek":["Monday","Tuesday","Wednesday","Thursday","Friday","Saturday","Sunday"],"opens":"00:00","closes":"23:59"},"email":"contato@ubirataonline.com.br","vatID":"47.621.418\/0001-80"},{"@type":"Person","@id":"https:\/\/ubirataonline.com.br\/#\/schema\/person\/372f87bbd3fdd79b8556b84c98d0bc1c","name":"REDA\u00c7\u00c3O: UBIRAT\u00c3 ONLINE - F\u00c1BIO AUGUSTO CELESTINO","pronouns":"Ele","description":"Desde 2003 trabalhando com not\u00edcias.","sameAs":["http:\/\/ubirataoline.com.br","https:\/\/www.facebook.com\/portalubirataonline","https:\/\/www.instagram.com\/ubirataonline_oficial","https:\/\/x.com\/x.com\/ubirataonline"],"honorificPrefix":"Mr.","honorificSuffix":"MD","birthDate":"1980-06-16","gender":"masculino","award":["V\u00e1rios pr\u00eamios de melhor portal da cidade"],"jobTitle":"Diretor","url":"https:\/\/ubirataonline.com.br\/en\/author\/ubirataonline\/"},{"@type":"PostalAddress","@id":"https:\/\/ubirataonline.com.br\/sp-temporal-causa-transbordamento-de-corregos-e-carros-ficam-submersos\/#local-main-place-address","streetAddress":"Rua dos Coqueiros, 104 - Bairro Boa Vista, Rua dos Coqueiros, 104 Bairro Boa Vista","addressLocality":"UBIRATA","postalCode":"85440-000","addressRegion":"PR","addressCountry":"BR"},{"@type":"ImageObject","inLanguage":"en-US","@id":"https:\/\/ubirataonline.com.br\/sp-temporal-causa-transbordamento-de-corregos-e-carros-ficam-submersos\/#local-main-organization-logo","url":"https:\/\/ubirataonline.com.br\/wp-content\/uploads\/2026\/06\/logoubirataonline-1.webp","contentUrl":"https:\/\/ubirataonline.com.br\/wp-content\/uploads\/2026\/06\/logoubirataonline-1.webp","width":500,"height":500,"caption":"Ubirat\u00e3 Online Not\u00edcias"}]},"geo.placename":"UBIRATA","geo.position":{"lat":"-24.5361401","long":"-52.9921776"},"geo.region":"Brazil"},"_links":{"self":[{"href":"https:\/\/ubirataonline.com.br\/en\/wp-json\/wp\/v2\/posts\/93152","targetHints":{"allow":["GET"]}}],"collection":[{"href":"https:\/\/ubirataonline.com.br\/en\/wp-json\/wp\/v2\/posts"}],"about":[{"href":"https:\/\/ubirataonline.com.br\/en\/wp-json\/wp\/v2\/types\/post"}],"author":[{"embeddable":true,"href":"https:\/\/ubirataonline.com.br\/en\/wp-json\/wp\/v2\/users\/1"}],"replies":[{"embeddable":true,"href":"https:\/\/ubirataonline.com.br\/en\/wp-json\/wp\/v2\/comments?post=93152"}],"version-history":[{"count":0,"href":"https:\/\/ubirataonline.com.br\/en\/wp-json\/wp\/v2\/posts\/93152\/revisions"}],"wp:featuredmedia":[{"embeddable":true,"href":"https:\/\/ubirataonline.com.br\/en\/wp-json\/wp\/v2\/media\/93153"}],"wp:attachment":[{"href":"https:\/\/ubirataonline.com.br\/en\/wp-json\/wp\/v2\/media?parent=93152"}],"wp:term":[{"taxonomy":"category","embeddable":true,"href":"https:\/\/ubirataonline.com.br\/en\/wp-json\/wp\/v2\/categories?post=93152"},{"taxonomy":"post_tag","embeddable":true,"href":"https:\/\/ubirataonline.com.br\/en\/wp-json\/wp\/v2\/tags?post=93152"}],"curies":[{"name":"wp","href":"https:\/\/api.w.org\/{rel}","templated":true}]}}