{"id":93443,"date":"2026-03-10T10:29:34","date_gmt":"2026-03-10T13:29:34","guid":{"rendered":"https:\/\/ubirataonline.com.br\/brasileiro-kalani-konig-e-vice-campeao-mundial-de-skate-park\/"},"modified":"2026-03-10T10:29:37","modified_gmt":"2026-03-10T13:29:37","slug":"brasileiro-kalani-konig-e-vice-campeao-mundial-de-skate-park","status":"publish","type":"post","link":"https:\/\/ubirataonline.com.br\/en\/brasileiro-kalani-konig-e-vice-campeao-mundial-de-skate-park\/","title":{"rendered":"Brasileiro Kalani Konig \u00e9 vice-campe\u00e3o Mundial de Skate Park"},"content":{"rendered":"<p><\/p>\n<div data-block-type=\"unstyled\" data-block-weight=\"59\">\n<p class=\"content-text__container theme-color-primary-first-letter\" data-track-category=\"Link no Texto\" data-track-links=\"\"> Depois da chuva castigar a cidade de S\u00e3o Paulo durante toda a tarde, enfim aconteceram \u2014 com atraso \u2014 as finais restantes do Mundial de Skate. Na categoria park masculina, o catarinense Kalani Konig se tornou vice-campe\u00e3o mundial da categoria, atr\u00e1s apenas do espanhol Egoitz Bijueska, que subiu ao lugar mais alto do p\u00f3dio, j\u00e1 na noite deste domingo. <\/p>\n<\/p><\/div>\n<div>\n<div class=\"mc-column content-text active-extra-styles\" data-block-type=\"raw\" data-block-weight=\"35\">\n<ul class=\"content-unordered-list\">\n<li><strong>Incidente<\/strong>: <a class=\"\" href=\"https:\/\/oglobo.globo.com\/esportes\/noticia\/2026\/03\/08\/rayssa-leal-diz-que-joelhinho-ta-bom-apos-queda-e-choro-no-mundial-de-skate-foi-so-susto.ghtml\">Rayssa Leal diz que &#8216;joelhinho t\u00e1 bom&#8217; ap\u00f3s queda e choro no Mundial de skate: &#8216;Foi s\u00f3 susto&#8217;<\/a><\/li>\n<li><strong>Futebol<\/strong>: <a class=\"\" href=\"https:\/\/oglobo.globo.com\/esportes\/futebol-internacional\/noticia\/2026\/03\/08\/torcedor-desliga-monitor-do-var-para-atrapalhar-revisao-de-penalti-contra-seu-time-na-alemanha.ghtml\">Torcedor desliga monitor do VAR para atrapalhar revis\u00e3o de p\u00eanalti contra seu time na Alemanha<\/a><\/li>\n<\/ul><\/div>\n<div class=\"mc-column content-text active-extra-styles\" data-block-type=\"unstyled\" data-block-weight=\"44\">\n<p class=\"content-text__container\" data-track-category=\"Link no Texto\" data-track-links=\"\"> No park, todos os finalistas, como o compatriota Luigi Cini, tinham direito a tr\u00eas voltas. Os cinco primeiro colocados fariam uma quarta. Kalani Konig chegou a essa etapa extra na segunda coloca\u00e7\u00e3o e chegou a ultrapassar o espanhol, fazendo mais de 94 pontos. <\/p>\n<\/p><\/div>\n<div class=\"mc-column content-text active-extra-styles\" data-block-type=\"unstyled\" data-block-weight=\"38\">\n<p class=\"content-text__container\" data-track-category=\"Link no Texto\" data-track-links=\"\"> No entanto, o \u00faltimo a se apresentar foi Egoitz, que fez 95.83 pontos e se sagrou campe\u00e3o mundial. O brasileiro, por sua vez, atual campe\u00e3o do STU no park, ficou com a medalha de prata, aos 18 anos. <\/p>\n<\/p><\/div>\n<div class=\"mc-column content-text active-extra-styles\" data-block-type=\"unstyled\" data-block-weight=\"34\">\n<p class=\"content-text__container\" data-track-category=\"Link no Texto\" data-track-links=\"\"> J\u00e1 na categoria street, o brasileiro Wallace Gabriel acabou em 5\u00ba. O t\u00edtulo mundial ficou com o japon\u00eas Toa Sasaki, seguido pelo peruano Angelo Caro (vice) e pelo tamb\u00e9m japon\u00eas Sora Shirai, em terceiro. <\/p>\n<\/p><\/div>\n<div data-track-category=\"multicontent\" data-track-action=\"ultimo chunk conteudo\" data-track-noninteraction=\"false\" data-track-scroll=\"view\">\n<div class=\"mc-column content-text active-extra-styles\" data-block-type=\"unstyled\" data-block-weight=\"44\">\n<p class=\"content-text__container\" data-track-category=\"Link no Texto\" data-track-links=\"\"> Mais cedo, Rayssa Leal, que disputou a final do street feminina \u2014 realizada antes da chuva \u2014 ficou na 4\u00aa coloca\u00e7\u00e3o. O p\u00f3dio na categoria foi formado por tr\u00eas japonesas: Ibuki Matsumoto ficou em 1\u00ba, seguida por Nanami Onishi (2\u00ba) e Coco Yoshizawa (3\u00ba). <\/p>\n<\/p><\/div>\n<\/p><\/div>\n<\/p><\/div>\n<p><a href=\"https:\/\/oglobo.globo.com\/esportes\/noticia\/2026\/03\/08\/brasileiro-kalani-konig-e-vice-campeao-mundial-de-skate-na-categoria-park.ghtml\">Fonte do Artigo <\/a><\/p>","protected":false},"excerpt":{"rendered":"<p>Depois da chuva castigar a cidade de S\u00e3o Paulo durante toda a tarde, enfim aconteceram \u2014 com atraso \u2014 as finais restantes do Mundial de Skate. Na categoria park masculina, o catarinense Kalani Konig se tornou vice-campe\u00e3o mundial da categoria, atr\u00e1s apenas do espanhol Egoitz Bijueska, que subiu ao lugar mais alto do p\u00f3dio, j\u00e1 [&hellip;]<\/p>\n","protected":false},"author":1,"featured_media":93444,"comment_status":"closed","ping_status":"","sticky":false,"template":"","format":"standard","meta":{"googlesitekit_rrm_CAow2JLhCw:productID":"","_gspb_post_css":"","maa_idioma":"","maa_pais":"","footnotes":""},"categories":[4],"tags":[1843,21943,21944,58,9668,15643,10373],"class_list":["post-93443","post","type-post","status-publish","format-standard","has-post-thumbnail","hentry","category-brasil","tag-brasileiro","tag-kalani","tag-konig","tag-mundial","tag-park","tag-skate","tag-vicecampeao"],"blocksy_meta":[],"yoast_head":"<!-- This site is optimized with the Yoast SEO Premium plugin v27.6 (Yoast SEO v27.6) - https:\/\/yoast.com\/product\/yoast-seo-premium-wordpress\/ -->\n<title>Brasileiro Kalani Konig \u00e9 vice-campe\u00e3o Mundial de Skate Park - Ubirat\u00e3 Online Not\u00edcias - A realidade ao seu alcance!<\/title>\n<meta name=\"description\" content=\"Depois da chuva castigar a cidade de S\u00e3o Paulo durante toda a tarde, enfim aconteceram \u2014 com atraso \u2014 as finais restantes do Mundial de Skate. Na\" \/>\n<meta name=\"robots\" content=\"index, follow, max-snippet:-1, max-image-preview:large, max-video-preview:-1\" \/>\n<link rel=\"canonical\" href=\"https:\/\/ubirataonline.com.br\/en\/brasileiro-kalani-konig-e-vice-campeao-mundial-de-skate-park\/\" \/>\n<meta property=\"og:locale\" content=\"en_US\" \/>\n<meta property=\"og:type\" content=\"article\" \/>\n<meta property=\"og:title\" content=\"Brasileiro Kalani Konig \u00e9 vice-campe\u00e3o Mundial de Skate Park\" \/>\n<meta property=\"og:description\" content=\"Depois da chuva castigar a cidade de S\u00e3o Paulo durante toda a tarde, enfim aconteceram \u2014 com atraso \u2014 as finais restantes do Mundial de Skate. Na\" \/>\n<meta property=\"og:url\" content=\"https:\/\/ubirataonline.com.br\/en\/brasileiro-kalani-konig-e-vice-campeao-mundial-de-skate-park\/\" \/>\n<meta property=\"og:site_name\" content=\"Ubirat\u00e3 Online Not\u00edcias - A realidade ao seu alcance!\" \/>\n<meta property=\"article:publisher\" content=\"https:\/\/www.facebook.com\/portalubirataonline\" \/>\n<meta property=\"article:author\" content=\"https:\/\/www.facebook.com\/portalubirataonline\" \/>\n<meta property=\"article:published_time\" content=\"2026-03-10T13:29:34+00:00\" \/>\n<meta property=\"article:modified_time\" content=\"2026-03-10T13:29:37+00:00\" \/>\n<meta property=\"og:image\" content=\"https:\/\/ubirataonline.com.br\/wp-content\/uploads\/2026\/03\/Brasileiro-Kalani-Konig-e-vice-campeao-Mundial-de-Skate-Park.jfif.jpeg\" \/>\n\t<meta property=\"og:image:width\" content=\"828\" \/>\n\t<meta property=\"og:image:height\" content=\"675\" \/>\n\t<meta property=\"og:image:type\" content=\"image\/jpeg\" \/>\n<meta name=\"author\" content=\"REDA\u00c7\u00c3O: UBIRAT\u00c3 ONLINE - F\u00c1BIO AUGUSTO CELESTINO\" \/>\n<meta name=\"twitter:card\" content=\"summary_large_image\" \/>\n<meta name=\"twitter:creator\" content=\"@x.com\/ubirataonline\" \/>\n<meta name=\"twitter:site\" content=\"@ubirataonline\" \/>\n<meta name=\"twitter:label1\" content=\"Written by\" \/>\n\t<meta name=\"twitter:data1\" content=\"REDA\u00c7\u00c3O: UBIRAT\u00c3 ONLINE - F\u00c1BIO AUGUSTO CELESTINO\" \/>\n\t<meta name=\"twitter:label2\" content=\"Est. reading time\" \/>\n\t<meta name=\"twitter:data2\" content=\"1 minute\" \/>\n<script type=\"application\/ld+json\" class=\"yoast-schema-graph\">{\"@context\":\"https:\\\/\\\/schema.org\",\"@graph\":[{\"@type\":\"NewsArticle\",\"@id\":\"https:\\\/\\\/ubirataonline.com.br\\\/brasileiro-kalani-konig-e-vice-campeao-mundial-de-skate-park\\\/#article\",\"isPartOf\":{\"@id\":\"https:\\\/\\\/ubirataonline.com.br\\\/brasileiro-kalani-konig-e-vice-campeao-mundial-de-skate-park\\\/\"},\"author\":{\"name\":\"REDA\u00c7\u00c3O: UBIRAT\u00c3 ONLINE - F\u00c1BIO AUGUSTO CELESTINO\",\"@id\":\"https:\\\/\\\/ubirataonline.com.br\\\/#\\\/schema\\\/person\\\/372f87bbd3fdd79b8556b84c98d0bc1c\"},\"headline\":\"Brasileiro Kalani Konig \u00e9 vice-campe\u00e3o Mundial de Skate Park\",\"datePublished\":\"2026-03-10T13:29:34+00:00\",\"dateModified\":\"2026-03-10T13:29:37+00:00\",\"mainEntityOfPage\":{\"@id\":\"https:\\\/\\\/ubirataonline.com.br\\\/brasileiro-kalani-konig-e-vice-campeao-mundial-de-skate-park\\\/\"},\"wordCount\":271,\"publisher\":{\"@id\":\"https:\\\/\\\/ubirataonline.com.br\\\/#organization\"},\"image\":{\"@id\":\"https:\\\/\\\/ubirataonline.com.br\\\/brasileiro-kalani-konig-e-vice-campeao-mundial-de-skate-park\\\/#primaryimage\"},\"thumbnailUrl\":\"https:\\\/\\\/ubirataonline.com.br\\\/wp-content\\\/uploads\\\/2026\\\/03\\\/Brasileiro-Kalani-Konig-e-vice-campeao-Mundial-de-Skate-Park.jfif.jpeg\",\"keywords\":[\"Brasileiro\",\"Kalani\",\"Konig\",\"mundial\u00b4\",\"Park\",\"SKATE\",\"vicecampe\u00e3o\"],\"articleSection\":[\"Brasil\"],\"inLanguage\":\"en-US\",\"copyrightYear\":\"2026\",\"copyrightHolder\":{\"@id\":\"https:\\\/\\\/ubirataonline.com.br\\\/en\\\/#organization\"}},{\"@type\":\"WebPage\",\"@id\":\"https:\\\/\\\/ubirataonline.com.br\\\/brasileiro-kalani-konig-e-vice-campeao-mundial-de-skate-park\\\/\",\"url\":\"https:\\\/\\\/ubirataonline.com.br\\\/brasileiro-kalani-konig-e-vice-campeao-mundial-de-skate-park\\\/\",\"name\":\"Brasileiro Kalani Konig \u00e9 vice-campe\u00e3o Mundial de Skate Park - Ubirat\u00e3 Online Not\u00edcias - A realidade ao seu alcance!\",\"isPartOf\":{\"@id\":\"https:\\\/\\\/ubirataonline.com.br\\\/#website\"},\"primaryImageOfPage\":{\"@id\":\"https:\\\/\\\/ubirataonline.com.br\\\/brasileiro-kalani-konig-e-vice-campeao-mundial-de-skate-park\\\/#primaryimage\"},\"image\":{\"@id\":\"https:\\\/\\\/ubirataonline.com.br\\\/brasileiro-kalani-konig-e-vice-campeao-mundial-de-skate-park\\\/#primaryimage\"},\"thumbnailUrl\":\"https:\\\/\\\/ubirataonline.com.br\\\/wp-content\\\/uploads\\\/2026\\\/03\\\/Brasileiro-Kalani-Konig-e-vice-campeao-Mundial-de-Skate-Park.jfif.jpeg\",\"datePublished\":\"2026-03-10T13:29:34+00:00\",\"dateModified\":\"2026-03-10T13:29:37+00:00\",\"description\":\"Depois da chuva castigar a cidade de S\u00e3o Paulo durante toda a tarde, enfim aconteceram \u2014 com atraso \u2014 as finais restantes do Mundial de Skate. Na\",\"breadcrumb\":{\"@id\":\"https:\\\/\\\/ubirataonline.com.br\\\/brasileiro-kalani-konig-e-vice-campeao-mundial-de-skate-park\\\/#breadcrumb\"},\"inLanguage\":\"en-US\",\"potentialAction\":[{\"@type\":\"ReadAction\",\"target\":[\"https:\\\/\\\/ubirataonline.com.br\\\/brasileiro-kalani-konig-e-vice-campeao-mundial-de-skate-park\\\/\"]}]},{\"@type\":\"ImageObject\",\"inLanguage\":\"en-US\",\"@id\":\"https:\\\/\\\/ubirataonline.com.br\\\/brasileiro-kalani-konig-e-vice-campeao-mundial-de-skate-park\\\/#primaryimage\",\"url\":\"https:\\\/\\\/ubirataonline.com.br\\\/wp-content\\\/uploads\\\/2026\\\/03\\\/Brasileiro-Kalani-Konig-e-vice-campeao-Mundial-de-Skate-Park.jfif.jpeg\",\"contentUrl\":\"https:\\\/\\\/ubirataonline.com.br\\\/wp-content\\\/uploads\\\/2026\\\/03\\\/Brasileiro-Kalani-Konig-e-vice-campeao-Mundial-de-Skate-Park.jfif.jpeg\",\"width\":828,\"height\":675,\"caption\":\"Kalani Konig: vice-campe\u00e3o mundial de skate park em S\u00e3o Paulo \u2014 Foto: Reprodu\u00e7\u00e3o \\\/ Instagram\"},{\"@type\":\"BreadcrumbList\",\"@id\":\"https:\\\/\\\/ubirataonline.com.br\\\/brasileiro-kalani-konig-e-vice-campeao-mundial-de-skate-park\\\/#breadcrumb\",\"itemListElement\":[{\"@type\":\"ListItem\",\"position\":1,\"name\":\"In\u00edcio\",\"item\":\"https:\\\/\\\/ubirataonline.com.br\\\/\"},{\"@type\":\"ListItem\",\"position\":2,\"name\":\"Brasileiro Kalani Konig \u00e9 vice-campe\u00e3o Mundial de Skate Park\"}]},{\"@type\":\"WebSite\",\"@id\":\"https:\\\/\\\/ubirataonline.com.br\\\/#website\",\"url\":\"https:\\\/\\\/ubirataonline.com.br\\\/\",\"name\":\"Ubirat\u00e3 Online Not\u00edcias\",\"description\":\"Not\u00edcias de Ubirat\u00e3, regi\u00e3o, Brasil e mundo, com informa\u00e7\u00e3o atualizada e compromisso com o leitor.\",\"publisher\":{\"@id\":\"https:\\\/\\\/ubirataonline.com.br\\\/#organization\"},\"alternateName\":\"Ubirat\u00e3 Online\",\"potentialAction\":[{\"@type\":\"SearchAction\",\"target\":{\"@type\":\"EntryPoint\",\"urlTemplate\":\"https:\\\/\\\/ubirataonline.com.br\\\/?s={search_term_string}\"},\"query-input\":{\"@type\":\"PropertyValueSpecification\",\"valueRequired\":true,\"valueName\":\"search_term_string\"}}],\"inLanguage\":\"en-US\"},{\"@type\":[\"Organization\",\"Place\"],\"@id\":\"https:\\\/\\\/ubirataonline.com.br\\\/#organization\",\"name\":\"Ubirat\u00e3 Online Not\u00edcias\",\"alternateName\":\"Ubirat\u00e3 Online\",\"url\":\"https:\\\/\\\/ubirataonline.com.br\\\/\",\"logo\":{\"@id\":\"https:\\\/\\\/ubirataonline.com.br\\\/brasileiro-kalani-konig-e-vice-campeao-mundial-de-skate-park\\\/#local-main-organization-logo\"},\"image\":{\"@id\":\"https:\\\/\\\/ubirataonline.com.br\\\/brasileiro-kalani-konig-e-vice-campeao-mundial-de-skate-park\\\/#local-main-organization-logo\"},\"sameAs\":[\"https:\\\/\\\/www.facebook.com\\\/portalubirataonline\",\"https:\\\/\\\/x.com\\\/ubirataonline\",\"https:\\\/\\\/mastodon.social\\\/@ubirataonline\",\"https:\\\/\\\/www.facebook.com\\\/groups\\\/311144672285604\",\"https:\\\/\\\/www.facebook.com\\\/UBTAOnline\",\"https:\\\/\\\/www.instagram.com\\\/portalubirataonline\\\/\",\"https:\\\/\\\/twitter.com\\\/ubirataonline\"],\"description\":\"Somos um portal de not\u00edcias independente, criado em 5 de janeiro de 2009, com o objetivo de informar, conectar e valorizar a nossa comunidade de Ubirat\u00e3 e toda aregi\u00e3o. Com conte\u00fado atualizado, confi\u00e1vel e relevante, o Ubirat\u00e3 Online \u00e9 o seu espa\u00e7o para ficar por dentro dos principais acontecimentos locais, regionais, Brasil, Mundo e de interesse geral. Nosso compromisso \u00e9 com a verdade, a transpar\u00eancia e o respeito ao leitor.\",\"legalName\":\"UBIRATA ONLINE NOT\u00cdCIAS\",\"foundingDate\":\"2009-01-05\",\"numberOfEmployees\":{\"@type\":\"QuantitativeValue\",\"minValue\":\"1\",\"maxValue\":\"10\"},\"publishingPrinciples\":\"https:\\\/\\\/ubirataonline.com.br\\\/faq\\\/\",\"address\":{\"@id\":\"https:\\\/\\\/ubirataonline.com.br\\\/brasileiro-kalani-konig-e-vice-campeao-mundial-de-skate-park\\\/#local-main-place-address\"},\"geo\":{\"@type\":\"GeoCoordinates\",\"latitude\":\"-24.5361401\",\"longitude\":\"-52.9921776\"},\"telephone\":[\"+5544998308235\"],\"contactPoint\":{\"@type\":\"ContactPoint\",\"email\":\"contato@ubirataonline.com.br\"},\"openingHoursSpecification\":{\"@type\":\"OpeningHoursSpecification\",\"dayOfWeek\":[\"Monday\",\"Tuesday\",\"Wednesday\",\"Thursday\",\"Friday\",\"Saturday\",\"Sunday\"],\"opens\":\"00:00\",\"closes\":\"23:59\"},\"email\":\"contato@ubirataonline.com.br\",\"vatID\":\"47.621.418\\\/0001-80\"},{\"@type\":\"Person\",\"@id\":\"https:\\\/\\\/ubirataonline.com.br\\\/#\\\/schema\\\/person\\\/372f87bbd3fdd79b8556b84c98d0bc1c\",\"name\":\"REDA\u00c7\u00c3O: UBIRAT\u00c3 ONLINE - F\u00c1BIO AUGUSTO CELESTINO\",\"pronouns\":\"Ele\",\"description\":\"Desde 2003 trabalhando com not\u00edcias.\",\"sameAs\":[\"http:\\\/\\\/ubirataoline.com.br\",\"https:\\\/\\\/www.facebook.com\\\/portalubirataonline\",\"https:\\\/\\\/www.instagram.com\\\/ubirataonline_oficial\",\"https:\\\/\\\/x.com\\\/x.com\\\/ubirataonline\"],\"honorificPrefix\":\"Mr.\",\"honorificSuffix\":\"MD\",\"birthDate\":\"1980-06-16\",\"gender\":\"masculino\",\"award\":[\"V\u00e1rios pr\u00eamios de melhor portal da cidade\"],\"jobTitle\":\"Diretor\",\"url\":\"https:\\\/\\\/ubirataonline.com.br\\\/en\\\/author\\\/ubirataonline\\\/\"},{\"@type\":\"PostalAddress\",\"@id\":\"https:\\\/\\\/ubirataonline.com.br\\\/brasileiro-kalani-konig-e-vice-campeao-mundial-de-skate-park\\\/#local-main-place-address\",\"streetAddress\":\"Rua dos Coqueiros, 104 - Bairro Boa Vista, Rua dos Coqueiros, 104 Bairro Boa Vista\",\"addressLocality\":\"UBIRATA\",\"postalCode\":\"85440-000\",\"addressRegion\":\"PR\",\"addressCountry\":\"BR\"},{\"@type\":\"ImageObject\",\"inLanguage\":\"en-US\",\"@id\":\"https:\\\/\\\/ubirataonline.com.br\\\/brasileiro-kalani-konig-e-vice-campeao-mundial-de-skate-park\\\/#local-main-organization-logo\",\"url\":\"https:\\\/\\\/ubirataonline.com.br\\\/wp-content\\\/uploads\\\/2026\\\/06\\\/logoubirataonline-1.webp\",\"contentUrl\":\"https:\\\/\\\/ubirataonline.com.br\\\/wp-content\\\/uploads\\\/2026\\\/06\\\/logoubirataonline-1.webp\",\"width\":500,\"height\":500,\"caption\":\"Ubirat\u00e3 Online Not\u00edcias\"}]}<\/script>\n<meta name=\"geo.placename\" content=\"UBIRATA\" \/>\n<meta name=\"geo.position\" content=\"-24.5361401;-52.9921776\" \/>\n<meta name=\"geo.region\" content=\"Brazil\" \/>\n<!-- \/ Yoast SEO Premium plugin. -->","yoast_head_json":{"title":"Brasileiro Kalani Konig \u00e9 vice-campe\u00e3o Mundial de Skate Park - Ubirat\u00e3 Online Not\u00edcias - A realidade ao seu alcance!","description":"Depois da chuva castigar a cidade de S\u00e3o Paulo durante toda a tarde, enfim aconteceram \u2014 com atraso \u2014 as finais restantes do Mundial de Skate. Na","robots":{"index":"index","follow":"follow","max-snippet":"max-snippet:-1","max-image-preview":"max-image-preview:large","max-video-preview":"max-video-preview:-1"},"canonical":"https:\/\/ubirataonline.com.br\/en\/brasileiro-kalani-konig-e-vice-campeao-mundial-de-skate-park\/","og_locale":"en_US","og_type":"article","og_title":"Brasileiro Kalani Konig \u00e9 vice-campe\u00e3o Mundial de Skate Park","og_description":"Depois da chuva castigar a cidade de S\u00e3o Paulo durante toda a tarde, enfim aconteceram \u2014 com atraso \u2014 as finais restantes do Mundial de Skate. Na","og_url":"https:\/\/ubirataonline.com.br\/en\/brasileiro-kalani-konig-e-vice-campeao-mundial-de-skate-park\/","og_site_name":"Ubirat\u00e3 Online Not\u00edcias - A realidade ao seu alcance!","article_publisher":"https:\/\/www.facebook.com\/portalubirataonline","article_author":"https:\/\/www.facebook.com\/portalubirataonline","article_published_time":"2026-03-10T13:29:34+00:00","article_modified_time":"2026-03-10T13:29:37+00:00","og_image":[{"width":828,"height":675,"url":"https:\/\/ubirataonline.com.br\/wp-content\/uploads\/2026\/03\/Brasileiro-Kalani-Konig-e-vice-campeao-Mundial-de-Skate-Park.jfif.jpeg","type":"image\/jpeg"}],"author":"REDA\u00c7\u00c3O: UBIRAT\u00c3 ONLINE - F\u00c1BIO AUGUSTO CELESTINO","twitter_card":"summary_large_image","twitter_creator":"@x.com\/ubirataonline","twitter_site":"@ubirataonline","twitter_misc":{"Written by":"REDA\u00c7\u00c3O: UBIRAT\u00c3 ONLINE - F\u00c1BIO AUGUSTO CELESTINO","Est. reading time":"1 minute"},"schema":{"@context":"https:\/\/schema.org","@graph":[{"@type":"NewsArticle","@id":"https:\/\/ubirataonline.com.br\/brasileiro-kalani-konig-e-vice-campeao-mundial-de-skate-park\/#article","isPartOf":{"@id":"https:\/\/ubirataonline.com.br\/brasileiro-kalani-konig-e-vice-campeao-mundial-de-skate-park\/"},"author":{"name":"REDA\u00c7\u00c3O: UBIRAT\u00c3 ONLINE - F\u00c1BIO AUGUSTO CELESTINO","@id":"https:\/\/ubirataonline.com.br\/#\/schema\/person\/372f87bbd3fdd79b8556b84c98d0bc1c"},"headline":"Brasileiro Kalani Konig \u00e9 vice-campe\u00e3o Mundial de Skate Park","datePublished":"2026-03-10T13:29:34+00:00","dateModified":"2026-03-10T13:29:37+00:00","mainEntityOfPage":{"@id":"https:\/\/ubirataonline.com.br\/brasileiro-kalani-konig-e-vice-campeao-mundial-de-skate-park\/"},"wordCount":271,"publisher":{"@id":"https:\/\/ubirataonline.com.br\/#organization"},"image":{"@id":"https:\/\/ubirataonline.com.br\/brasileiro-kalani-konig-e-vice-campeao-mundial-de-skate-park\/#primaryimage"},"thumbnailUrl":"https:\/\/ubirataonline.com.br\/wp-content\/uploads\/2026\/03\/Brasileiro-Kalani-Konig-e-vice-campeao-Mundial-de-Skate-Park.jfif.jpeg","keywords":["Brasileiro","Kalani","Konig","mundial\u00b4","Park","SKATE","vicecampe\u00e3o"],"articleSection":["Brasil"],"inLanguage":"en-US","copyrightYear":"2026","copyrightHolder":{"@id":"https:\/\/ubirataonline.com.br\/en\/#organization"}},{"@type":"WebPage","@id":"https:\/\/ubirataonline.com.br\/brasileiro-kalani-konig-e-vice-campeao-mundial-de-skate-park\/","url":"https:\/\/ubirataonline.com.br\/brasileiro-kalani-konig-e-vice-campeao-mundial-de-skate-park\/","name":"Brasileiro Kalani Konig \u00e9 vice-campe\u00e3o Mundial de Skate Park - Ubirat\u00e3 Online Not\u00edcias - A realidade ao seu alcance!","isPartOf":{"@id":"https:\/\/ubirataonline.com.br\/#website"},"primaryImageOfPage":{"@id":"https:\/\/ubirataonline.com.br\/brasileiro-kalani-konig-e-vice-campeao-mundial-de-skate-park\/#primaryimage"},"image":{"@id":"https:\/\/ubirataonline.com.br\/brasileiro-kalani-konig-e-vice-campeao-mundial-de-skate-park\/#primaryimage"},"thumbnailUrl":"https:\/\/ubirataonline.com.br\/wp-content\/uploads\/2026\/03\/Brasileiro-Kalani-Konig-e-vice-campeao-Mundial-de-Skate-Park.jfif.jpeg","datePublished":"2026-03-10T13:29:34+00:00","dateModified":"2026-03-10T13:29:37+00:00","description":"Depois da chuva castigar a cidade de S\u00e3o Paulo durante toda a tarde, enfim aconteceram \u2014 com atraso \u2014 as finais restantes do Mundial de Skate. Na","breadcrumb":{"@id":"https:\/\/ubirataonline.com.br\/brasileiro-kalani-konig-e-vice-campeao-mundial-de-skate-park\/#breadcrumb"},"inLanguage":"en-US","potentialAction":[{"@type":"ReadAction","target":["https:\/\/ubirataonline.com.br\/brasileiro-kalani-konig-e-vice-campeao-mundial-de-skate-park\/"]}]},{"@type":"ImageObject","inLanguage":"en-US","@id":"https:\/\/ubirataonline.com.br\/brasileiro-kalani-konig-e-vice-campeao-mundial-de-skate-park\/#primaryimage","url":"https:\/\/ubirataonline.com.br\/wp-content\/uploads\/2026\/03\/Brasileiro-Kalani-Konig-e-vice-campeao-Mundial-de-Skate-Park.jfif.jpeg","contentUrl":"https:\/\/ubirataonline.com.br\/wp-content\/uploads\/2026\/03\/Brasileiro-Kalani-Konig-e-vice-campeao-Mundial-de-Skate-Park.jfif.jpeg","width":828,"height":675,"caption":"Kalani Konig: vice-campe\u00e3o mundial de skate park em S\u00e3o Paulo \u2014 Foto: Reprodu\u00e7\u00e3o \/ Instagram"},{"@type":"BreadcrumbList","@id":"https:\/\/ubirataonline.com.br\/brasileiro-kalani-konig-e-vice-campeao-mundial-de-skate-park\/#breadcrumb","itemListElement":[{"@type":"ListItem","position":1,"name":"In\u00edcio","item":"https:\/\/ubirataonline.com.br\/"},{"@type":"ListItem","position":2,"name":"Brasileiro Kalani Konig \u00e9 vice-campe\u00e3o Mundial de Skate Park"}]},{"@type":"WebSite","@id":"https:\/\/ubirataonline.com.br\/#website","url":"https:\/\/ubirataonline.com.br\/","name":"Ubirat\u00e3 Online Not\u00edcias","description":"Not\u00edcias de Ubirat\u00e3, regi\u00e3o, Brasil e mundo, com informa\u00e7\u00e3o atualizada e compromisso com o leitor.","publisher":{"@id":"https:\/\/ubirataonline.com.br\/#organization"},"alternateName":"Ubirat\u00e3 Online","potentialAction":[{"@type":"SearchAction","target":{"@type":"EntryPoint","urlTemplate":"https:\/\/ubirataonline.com.br\/?s={search_term_string}"},"query-input":{"@type":"PropertyValueSpecification","valueRequired":true,"valueName":"search_term_string"}}],"inLanguage":"en-US"},{"@type":["Organization","Place"],"@id":"https:\/\/ubirataonline.com.br\/#organization","name":"Ubirat\u00e3 Online Not\u00edcias","alternateName":"Ubirat\u00e3 Online","url":"https:\/\/ubirataonline.com.br\/","logo":{"@id":"https:\/\/ubirataonline.com.br\/brasileiro-kalani-konig-e-vice-campeao-mundial-de-skate-park\/#local-main-organization-logo"},"image":{"@id":"https:\/\/ubirataonline.com.br\/brasileiro-kalani-konig-e-vice-campeao-mundial-de-skate-park\/#local-main-organization-logo"},"sameAs":["https:\/\/www.facebook.com\/portalubirataonline","https:\/\/x.com\/ubirataonline","https:\/\/mastodon.social\/@ubirataonline","https:\/\/www.facebook.com\/groups\/311144672285604","https:\/\/www.facebook.com\/UBTAOnline","https:\/\/www.instagram.com\/portalubirataonline\/","https:\/\/twitter.com\/ubirataonline"],"description":"Somos um portal de not\u00edcias independente, criado em 5 de janeiro de 2009, com o objetivo de informar, conectar e valorizar a nossa comunidade de Ubirat\u00e3 e toda aregi\u00e3o. Com conte\u00fado atualizado, confi\u00e1vel e relevante, o Ubirat\u00e3 Online \u00e9 o seu espa\u00e7o para ficar por dentro dos principais acontecimentos locais, regionais, Brasil, Mundo e de interesse geral. Nosso compromisso \u00e9 com a verdade, a transpar\u00eancia e o respeito ao leitor.","legalName":"UBIRATA ONLINE NOT\u00cdCIAS","foundingDate":"2009-01-05","numberOfEmployees":{"@type":"QuantitativeValue","minValue":"1","maxValue":"10"},"publishingPrinciples":"https:\/\/ubirataonline.com.br\/faq\/","address":{"@id":"https:\/\/ubirataonline.com.br\/brasileiro-kalani-konig-e-vice-campeao-mundial-de-skate-park\/#local-main-place-address"},"geo":{"@type":"GeoCoordinates","latitude":"-24.5361401","longitude":"-52.9921776"},"telephone":["+5544998308235"],"contactPoint":{"@type":"ContactPoint","email":"contato@ubirataonline.com.br"},"openingHoursSpecification":{"@type":"OpeningHoursSpecification","dayOfWeek":["Monday","Tuesday","Wednesday","Thursday","Friday","Saturday","Sunday"],"opens":"00:00","closes":"23:59"},"email":"contato@ubirataonline.com.br","vatID":"47.621.418\/0001-80"},{"@type":"Person","@id":"https:\/\/ubirataonline.com.br\/#\/schema\/person\/372f87bbd3fdd79b8556b84c98d0bc1c","name":"REDA\u00c7\u00c3O: UBIRAT\u00c3 ONLINE - F\u00c1BIO AUGUSTO CELESTINO","pronouns":"Ele","description":"Desde 2003 trabalhando com not\u00edcias.","sameAs":["http:\/\/ubirataoline.com.br","https:\/\/www.facebook.com\/portalubirataonline","https:\/\/www.instagram.com\/ubirataonline_oficial","https:\/\/x.com\/x.com\/ubirataonline"],"honorificPrefix":"Mr.","honorificSuffix":"MD","birthDate":"1980-06-16","gender":"masculino","award":["V\u00e1rios pr\u00eamios de melhor portal da cidade"],"jobTitle":"Diretor","url":"https:\/\/ubirataonline.com.br\/en\/author\/ubirataonline\/"},{"@type":"PostalAddress","@id":"https:\/\/ubirataonline.com.br\/brasileiro-kalani-konig-e-vice-campeao-mundial-de-skate-park\/#local-main-place-address","streetAddress":"Rua dos Coqueiros, 104 - Bairro Boa Vista, Rua dos Coqueiros, 104 Bairro Boa Vista","addressLocality":"UBIRATA","postalCode":"85440-000","addressRegion":"PR","addressCountry":"BR"},{"@type":"ImageObject","inLanguage":"en-US","@id":"https:\/\/ubirataonline.com.br\/brasileiro-kalani-konig-e-vice-campeao-mundial-de-skate-park\/#local-main-organization-logo","url":"https:\/\/ubirataonline.com.br\/wp-content\/uploads\/2026\/06\/logoubirataonline-1.webp","contentUrl":"https:\/\/ubirataonline.com.br\/wp-content\/uploads\/2026\/06\/logoubirataonline-1.webp","width":500,"height":500,"caption":"Ubirat\u00e3 Online Not\u00edcias"}]},"geo.placename":"UBIRATA","geo.position":{"lat":"-24.5361401","long":"-52.9921776"},"geo.region":"Brazil"},"_links":{"self":[{"href":"https:\/\/ubirataonline.com.br\/en\/wp-json\/wp\/v2\/posts\/93443","targetHints":{"allow":["GET"]}}],"collection":[{"href":"https:\/\/ubirataonline.com.br\/en\/wp-json\/wp\/v2\/posts"}],"about":[{"href":"https:\/\/ubirataonline.com.br\/en\/wp-json\/wp\/v2\/types\/post"}],"author":[{"embeddable":true,"href":"https:\/\/ubirataonline.com.br\/en\/wp-json\/wp\/v2\/users\/1"}],"replies":[{"embeddable":true,"href":"https:\/\/ubirataonline.com.br\/en\/wp-json\/wp\/v2\/comments?post=93443"}],"version-history":[{"count":0,"href":"https:\/\/ubirataonline.com.br\/en\/wp-json\/wp\/v2\/posts\/93443\/revisions"}],"wp:featuredmedia":[{"embeddable":true,"href":"https:\/\/ubirataonline.com.br\/en\/wp-json\/wp\/v2\/media\/93444"}],"wp:attachment":[{"href":"https:\/\/ubirataonline.com.br\/en\/wp-json\/wp\/v2\/media?parent=93443"}],"wp:term":[{"taxonomy":"category","embeddable":true,"href":"https:\/\/ubirataonline.com.br\/en\/wp-json\/wp\/v2\/categories?post=93443"},{"taxonomy":"post_tag","embeddable":true,"href":"https:\/\/ubirataonline.com.br\/en\/wp-json\/wp\/v2\/tags?post=93443"}],"curies":[{"name":"wp","href":"https:\/\/api.w.org\/{rel}","templated":true}]}}