{"id":93481,"date":"2026-03-10T13:32:26","date_gmt":"2026-03-10T16:32:26","guid":{"rendered":"https:\/\/ubirataonline.com.br\/llega-a-ushuaia-la-route-des-andes-2026\/"},"modified":"2026-03-10T13:32:28","modified_gmt":"2026-03-10T16:32:28","slug":"llega-a-ushuaia-la-route-des-andes-2026","status":"publish","type":"post","link":"https:\/\/ubirataonline.com.br\/en\/llega-a-ushuaia-la-route-des-andes-2026\/","title":{"rendered":"Llega a Ushuaia la \u2018Route des Andes 2026\u2019"},"content":{"rendered":"<p><\/p>\n<p>&#13;<br \/>\n        La traves\u00eda de rally de aventura no competitivo tendr\u00e1 como punto culminante a Ushuaia, consolidando su posicionamiento como destino internacional de experiencias exclusivas y turismo especializado. Los 41 veh\u00edculos cl\u00e1sicos participantes llegar\u00e1n a la capital fueguina este viernes y ser\u00e1n exhibidos al p\u00fablico en la Pasarela Luis Pedro Fique.    <\/p>\n<div>\n<p>&#13;<br \/>\n                U            <\/p>\n<p>shuaia se prepara para recibir un nuevo evento internacional de turismo automovil\u00edstico: La traves\u00eda denominada \u2018Route des Andes 2026\u2019 arribar\u00e1 a la capital fueguina el pr\u00f3ximo 13 de marzo, con la participaci\u00f3n de 41 veh\u00edculos cl\u00e1sicos de la d\u00e9cada del \u201860.<\/p>\n<p>Tal como fue anticipado tras la reuni\u00f3n que la secretaria de Turismo, Viviana Manfredotti, mantuvo con el organizador St\u00e9phane Giraud en diciembre de 2025, esta iniciativa que recorre distintos puntos de la Patagonia bajo el formato de rally de aventura no competitivo tendr\u00e1 como punto culminante a Ushuaia, consolidando su posicionamiento como destino internacional de experiencias exclusivas y turismo especializado.<\/p>\n<p>Los autom\u00f3viles ser\u00e1n exhibidos en la Pasarela Luis Pedro Fique entre las 11 y las 14 horas, para que vecinos y visitantes puedan apreciar de cerca estas piezas emblem\u00e1ticas de la historia automotriz mundial. Durante la jornada, adem\u00e1s, el equipo de informantes de la Secretar\u00eda de Turismo brindar\u00e1 informaci\u00f3n y asistencia tur\u00edstica, y a las 12 horas se presentar\u00e1 la Banda de M\u00fasica Municipal.<\/p>\n<p>Al respecto, la Secretaria de Turismo destac\u00f3 el impacto positivo que este tipo de eventos genera para el destino. \u201cEl creciente inter\u00e9s que el mundo demuestra por nuestra regi\u00f3n confirma que Ushuaia es un escenario ideal para la aventura y el turismo de experiencias. Nuestra ciudad no solo ofrece paisajes \u00fanicos, sino tambi\u00e9n infraestructura, servicios y hospitalidad a la altura de los grandes eventos internacionales\u201d, se\u00f1al\u00f3 Manfredotti.<\/p>\n<p>Adem\u00e1s remarc\u00f3 que \u201cno es casual que iniciativas internacionales de alto perfil hayan elegido a Ushuaia como punto final de sus recorridos. Estos encuentros fortalecen el destino, ampl\u00edan la temporada tur\u00edstica y dinamizan la actividad econ\u00f3mica local, especialmente en segmentos vinculados al turismo premium y de nicho\u201d.<\/p>\n<p>En esta edici\u00f3n participar\u00e1n veh\u00edculos cl\u00e1sicos de marcas emblem\u00e1ticas como Aston Martin, Porsche, Ferrari, Jaguar y Mercedes-Benz, lo que permitir\u00e1 proyectar nuevamente a Ushuaia en el mapa global del turismo automovil\u00edstico y de eventos especiales, un segmento en crecimiento que combina deporte, cultura, patrimonio y promoci\u00f3n internacional.<\/p>\n<p>Manfredotti precis\u00f3 que \u201cla semana pasada los equipos de informantes tur\u00edsticos estuvieron presentes en el hotel Arakur acompa\u00f1ando la jornada de acreditaci\u00f3n del evento, brindando asistencia e informaci\u00f3n a los participantes\u201d.<\/p>\n<p>Desde la Secretar\u00eda de Turismo destacaron que la llegada de la \u2018Route des Andes 2026\u2019 se enmarca en una pol\u00edtica sostenida de diversificaci\u00f3n de la oferta y de captaci\u00f3n de eventos internacionales que contribuyan a consolidar a Ushuaia como destino de referencia en el Fin del Mundo.<\/p>\n<\/p><\/div>\n<p><script>(function(d, s, id) {\n      var js, fjs = d.getElementsByTagName(s)[0];\n      if (d.getElementById(id)) return;\n      js = d.createElement(s); js.id = id;\n      js.src = \"\/\/connect.facebook.net\/es_LA\/sdk.js#xfbml=1&appId=&version=v2.0\";\n      fjs.parentNode.insertBefore(js, fjs);\n    }(document, 'script', 'facebook-jssdk'));\n    <\/script><br \/>\n<br \/><a href=\"https:\/\/www.eldiariodelfindelmundo.com\/noticias\/2026\/03\/10\/115066-llega-a-ushuaia-la-route-des-andes-2026\">Fonte do Artigo <\/a><\/p>\n","protected":false},"excerpt":{"rendered":"<p>&#13; La traves\u00eda de rally de aventura no competitivo tendr\u00e1 como punto culminante a Ushuaia, consolidando su posicionamiento como destino internacional de experiencias exclusivas y turismo especializado. Los 41 veh\u00edculos cl\u00e1sicos participantes llegar\u00e1n a la capital fueguina este viernes y ser\u00e1n exhibidos al p\u00fablico en la Pasarela Luis Pedro Fique. &#13; U shuaia se prepara [&hellip;]<\/p>\n","protected":false},"author":1,"featured_media":93482,"comment_status":"closed","ping_status":"","sticky":false,"template":"","format":"standard","meta":{"googlesitekit_rrm_CAow2JLhCw:productID":"","_gspb_post_css":"","maa_idioma":"","maa_pais":"","footnotes":""},"categories":[4],"tags":[22098,10614,22096,10115,22097],"class_list":["post-93481","post","type-post","status-publish","format-standard","has-post-thumbnail","hentry","category-brasil","tag-andes","tag-des","tag-llega","tag-route","tag-ushuaia"],"blocksy_meta":[],"yoast_head":"<!-- This site is optimized with the Yoast SEO Premium plugin v27.6 (Yoast SEO v27.6) - https:\/\/yoast.com\/product\/yoast-seo-premium-wordpress\/ -->\n<title>Llega a Ushuaia la \u2018Route des Andes 2026\u2019 - Ubirat\u00e3 Online Not\u00edcias - A realidade ao seu alcance!<\/title>\n<meta name=\"description\" content=\"&#013; La traves\u00eda de rally de aventura no competitivo tendr\u00e1 como punto culminante a Ushuaia, consolidando su posicionamiento como destino internacional\" \/>\n<meta name=\"robots\" content=\"index, follow, max-snippet:-1, max-image-preview:large, max-video-preview:-1\" \/>\n<link rel=\"canonical\" href=\"https:\/\/ubirataonline.com.br\/en\/llega-a-ushuaia-la-route-des-andes-2026\/\" \/>\n<meta property=\"og:locale\" content=\"en_US\" \/>\n<meta property=\"og:type\" content=\"article\" \/>\n<meta property=\"og:title\" content=\"Llega a Ushuaia la \u2018Route des Andes 2026\u2019\" \/>\n<meta property=\"og:description\" content=\"&#013; La traves\u00eda de rally de aventura no competitivo tendr\u00e1 como punto culminante a Ushuaia, consolidando su posicionamiento como destino internacional\" \/>\n<meta property=\"og:url\" content=\"https:\/\/ubirataonline.com.br\/en\/llega-a-ushuaia-la-route-des-andes-2026\/\" \/>\n<meta property=\"og:site_name\" content=\"Ubirat\u00e3 Online Not\u00edcias - A realidade ao seu alcance!\" \/>\n<meta property=\"article:publisher\" content=\"https:\/\/www.facebook.com\/portalubirataonline\" \/>\n<meta property=\"article:author\" content=\"https:\/\/www.facebook.com\/portalubirataonline\" \/>\n<meta property=\"article:published_time\" content=\"2026-03-10T16:32:26+00:00\" \/>\n<meta property=\"article:modified_time\" content=\"2026-03-10T16:32:28+00:00\" \/>\n<meta property=\"og:image\" content=\"https:\/\/ubirataonline.com.br\/wp-content\/uploads\/2026\/03\/Llega-a-Ushuaia-la-\u2018Route-des-Andes-2026.jpg\" \/>\n\t<meta property=\"og:image:width\" content=\"800\" \/>\n\t<meta property=\"og:image:height\" content=\"533\" \/>\n\t<meta property=\"og:image:type\" content=\"image\/jpeg\" \/>\n<meta name=\"author\" content=\"REDA\u00c7\u00c3O: UBIRAT\u00c3 ONLINE - F\u00c1BIO AUGUSTO CELESTINO\" \/>\n<meta name=\"twitter:card\" content=\"summary_large_image\" \/>\n<meta name=\"twitter:creator\" content=\"@x.com\/ubirataonline\" \/>\n<meta name=\"twitter:site\" content=\"@ubirataonline\" \/>\n<meta name=\"twitter:label1\" content=\"Written by\" \/>\n\t<meta name=\"twitter:data1\" content=\"REDA\u00c7\u00c3O: UBIRAT\u00c3 ONLINE - F\u00c1BIO AUGUSTO CELESTINO\" \/>\n\t<meta name=\"twitter:label2\" content=\"Est. reading time\" \/>\n\t<meta name=\"twitter:data2\" content=\"2 minutes\" \/>\n<script type=\"application\/ld+json\" class=\"yoast-schema-graph\">{\"@context\":\"https:\\\/\\\/schema.org\",\"@graph\":[{\"@type\":\"NewsArticle\",\"@id\":\"https:\\\/\\\/ubirataonline.com.br\\\/llega-a-ushuaia-la-route-des-andes-2026\\\/#article\",\"isPartOf\":{\"@id\":\"https:\\\/\\\/ubirataonline.com.br\\\/llega-a-ushuaia-la-route-des-andes-2026\\\/\"},\"author\":{\"name\":\"REDA\u00c7\u00c3O: UBIRAT\u00c3 ONLINE - F\u00c1BIO AUGUSTO CELESTINO\",\"@id\":\"https:\\\/\\\/ubirataonline.com.br\\\/#\\\/schema\\\/person\\\/372f87bbd3fdd79b8556b84c98d0bc1c\"},\"headline\":\"Llega a Ushuaia la \u2018Route des Andes 2026\u2019\",\"datePublished\":\"2026-03-10T16:32:26+00:00\",\"dateModified\":\"2026-03-10T16:32:28+00:00\",\"mainEntityOfPage\":{\"@id\":\"https:\\\/\\\/ubirataonline.com.br\\\/llega-a-ushuaia-la-route-des-andes-2026\\\/\"},\"wordCount\":500,\"publisher\":{\"@id\":\"https:\\\/\\\/ubirataonline.com.br\\\/#organization\"},\"image\":{\"@id\":\"https:\\\/\\\/ubirataonline.com.br\\\/llega-a-ushuaia-la-route-des-andes-2026\\\/#primaryimage\"},\"thumbnailUrl\":\"https:\\\/\\\/ubirataonline.com.br\\\/wp-content\\\/uploads\\\/2026\\\/03\\\/Llega-a-Ushuaia-la-\u2018Route-des-Andes-2026.jpg\",\"keywords\":[\"Andes\",\"Des\",\"Llega\",\"Route\",\"Ushuaia\"],\"articleSection\":[\"Brasil\"],\"inLanguage\":\"en-US\",\"copyrightYear\":\"2026\",\"copyrightHolder\":{\"@id\":\"https:\\\/\\\/ubirataonline.com.br\\\/en\\\/#organization\"}},{\"@type\":\"WebPage\",\"@id\":\"https:\\\/\\\/ubirataonline.com.br\\\/llega-a-ushuaia-la-route-des-andes-2026\\\/\",\"url\":\"https:\\\/\\\/ubirataonline.com.br\\\/llega-a-ushuaia-la-route-des-andes-2026\\\/\",\"name\":\"Llega a Ushuaia la \u2018Route des Andes 2026\u2019 - Ubirat\u00e3 Online Not\u00edcias - A realidade ao seu alcance!\",\"isPartOf\":{\"@id\":\"https:\\\/\\\/ubirataonline.com.br\\\/#website\"},\"primaryImageOfPage\":{\"@id\":\"https:\\\/\\\/ubirataonline.com.br\\\/llega-a-ushuaia-la-route-des-andes-2026\\\/#primaryimage\"},\"image\":{\"@id\":\"https:\\\/\\\/ubirataonline.com.br\\\/llega-a-ushuaia-la-route-des-andes-2026\\\/#primaryimage\"},\"thumbnailUrl\":\"https:\\\/\\\/ubirataonline.com.br\\\/wp-content\\\/uploads\\\/2026\\\/03\\\/Llega-a-Ushuaia-la-\u2018Route-des-Andes-2026.jpg\",\"datePublished\":\"2026-03-10T16:32:26+00:00\",\"dateModified\":\"2026-03-10T16:32:28+00:00\",\"description\":\"&#13; La traves\u00eda de rally de aventura no competitivo tendr\u00e1 como punto culminante a Ushuaia, consolidando su posicionamiento como destino internacional\",\"breadcrumb\":{\"@id\":\"https:\\\/\\\/ubirataonline.com.br\\\/llega-a-ushuaia-la-route-des-andes-2026\\\/#breadcrumb\"},\"inLanguage\":\"en-US\",\"potentialAction\":[{\"@type\":\"ReadAction\",\"target\":[\"https:\\\/\\\/ubirataonline.com.br\\\/llega-a-ushuaia-la-route-des-andes-2026\\\/\"]}]},{\"@type\":\"ImageObject\",\"inLanguage\":\"en-US\",\"@id\":\"https:\\\/\\\/ubirataonline.com.br\\\/llega-a-ushuaia-la-route-des-andes-2026\\\/#primaryimage\",\"url\":\"https:\\\/\\\/ubirataonline.com.br\\\/wp-content\\\/uploads\\\/2026\\\/03\\\/Llega-a-Ushuaia-la-\u2018Route-des-Andes-2026.jpg\",\"contentUrl\":\"https:\\\/\\\/ubirataonline.com.br\\\/wp-content\\\/uploads\\\/2026\\\/03\\\/Llega-a-Ushuaia-la-\u2018Route-des-Andes-2026.jpg\",\"width\":800,\"height\":533,\"caption\":\"Llega a Ushuaia la \u2018Route des Andes 2026\u2019\"},{\"@type\":\"BreadcrumbList\",\"@id\":\"https:\\\/\\\/ubirataonline.com.br\\\/llega-a-ushuaia-la-route-des-andes-2026\\\/#breadcrumb\",\"itemListElement\":[{\"@type\":\"ListItem\",\"position\":1,\"name\":\"In\u00edcio\",\"item\":\"https:\\\/\\\/ubirataonline.com.br\\\/\"},{\"@type\":\"ListItem\",\"position\":2,\"name\":\"Llega a Ushuaia la \u2018Route des Andes 2026\u2019\"}]},{\"@type\":\"WebSite\",\"@id\":\"https:\\\/\\\/ubirataonline.com.br\\\/#website\",\"url\":\"https:\\\/\\\/ubirataonline.com.br\\\/\",\"name\":\"Ubirat\u00e3 Online Not\u00edcias\",\"description\":\"Not\u00edcias de Ubirat\u00e3, regi\u00e3o, Brasil e mundo, com informa\u00e7\u00e3o atualizada e compromisso com o leitor.\",\"publisher\":{\"@id\":\"https:\\\/\\\/ubirataonline.com.br\\\/#organization\"},\"alternateName\":\"Ubirat\u00e3 Online\",\"potentialAction\":[{\"@type\":\"SearchAction\",\"target\":{\"@type\":\"EntryPoint\",\"urlTemplate\":\"https:\\\/\\\/ubirataonline.com.br\\\/?s={search_term_string}\"},\"query-input\":{\"@type\":\"PropertyValueSpecification\",\"valueRequired\":true,\"valueName\":\"search_term_string\"}}],\"inLanguage\":\"en-US\"},{\"@type\":[\"Organization\",\"Place\"],\"@id\":\"https:\\\/\\\/ubirataonline.com.br\\\/#organization\",\"name\":\"Ubirat\u00e3 Online Not\u00edcias\",\"alternateName\":\"Ubirat\u00e3 Online\",\"url\":\"https:\\\/\\\/ubirataonline.com.br\\\/\",\"logo\":{\"@id\":\"https:\\\/\\\/ubirataonline.com.br\\\/llega-a-ushuaia-la-route-des-andes-2026\\\/#local-main-organization-logo\"},\"image\":{\"@id\":\"https:\\\/\\\/ubirataonline.com.br\\\/llega-a-ushuaia-la-route-des-andes-2026\\\/#local-main-organization-logo\"},\"sameAs\":[\"https:\\\/\\\/www.facebook.com\\\/portalubirataonline\",\"https:\\\/\\\/x.com\\\/ubirataonline\",\"https:\\\/\\\/mastodon.social\\\/@ubirataonline\",\"https:\\\/\\\/www.facebook.com\\\/groups\\\/311144672285604\",\"https:\\\/\\\/www.facebook.com\\\/UBTAOnline\",\"https:\\\/\\\/www.instagram.com\\\/portalubirataonline\\\/\",\"https:\\\/\\\/twitter.com\\\/ubirataonline\"],\"description\":\"Somos um portal de not\u00edcias independente, criado em 5 de janeiro de 2009, com o objetivo de informar, conectar e valorizar a nossa comunidade de Ubirat\u00e3 e toda aregi\u00e3o. Com conte\u00fado atualizado, confi\u00e1vel e relevante, o Ubirat\u00e3 Online \u00e9 o seu espa\u00e7o para ficar por dentro dos principais acontecimentos locais, regionais, Brasil, Mundo e de interesse geral. Nosso compromisso \u00e9 com a verdade, a transpar\u00eancia e o respeito ao leitor.\",\"legalName\":\"UBIRATA ONLINE NOT\u00cdCIAS\",\"foundingDate\":\"2009-01-05\",\"numberOfEmployees\":{\"@type\":\"QuantitativeValue\",\"minValue\":\"1\",\"maxValue\":\"10\"},\"publishingPrinciples\":\"https:\\\/\\\/ubirataonline.com.br\\\/faq\\\/\",\"address\":{\"@id\":\"https:\\\/\\\/ubirataonline.com.br\\\/llega-a-ushuaia-la-route-des-andes-2026\\\/#local-main-place-address\"},\"geo\":{\"@type\":\"GeoCoordinates\",\"latitude\":\"-24.5361401\",\"longitude\":\"-52.9921776\"},\"telephone\":[\"+5544998308235\"],\"contactPoint\":{\"@type\":\"ContactPoint\",\"email\":\"contato@ubirataonline.com.br\"},\"openingHoursSpecification\":{\"@type\":\"OpeningHoursSpecification\",\"dayOfWeek\":[\"Monday\",\"Tuesday\",\"Wednesday\",\"Thursday\",\"Friday\",\"Saturday\",\"Sunday\"],\"opens\":\"00:00\",\"closes\":\"23:59\"},\"email\":\"contato@ubirataonline.com.br\",\"vatID\":\"47.621.418\\\/0001-80\"},{\"@type\":\"Person\",\"@id\":\"https:\\\/\\\/ubirataonline.com.br\\\/#\\\/schema\\\/person\\\/372f87bbd3fdd79b8556b84c98d0bc1c\",\"name\":\"REDA\u00c7\u00c3O: UBIRAT\u00c3 ONLINE - F\u00c1BIO AUGUSTO CELESTINO\",\"pronouns\":\"Ele\",\"description\":\"Desde 2003 trabalhando com not\u00edcias.\",\"sameAs\":[\"http:\\\/\\\/ubirataoline.com.br\",\"https:\\\/\\\/www.facebook.com\\\/portalubirataonline\",\"https:\\\/\\\/www.instagram.com\\\/ubirataonline_oficial\",\"https:\\\/\\\/x.com\\\/x.com\\\/ubirataonline\"],\"honorificPrefix\":\"Mr.\",\"honorificSuffix\":\"MD\",\"birthDate\":\"1980-06-16\",\"gender\":\"masculino\",\"award\":[\"V\u00e1rios pr\u00eamios de melhor portal da cidade\"],\"jobTitle\":\"Diretor\",\"url\":\"https:\\\/\\\/ubirataonline.com.br\\\/en\\\/author\\\/ubirataonline\\\/\"},{\"@type\":\"PostalAddress\",\"@id\":\"https:\\\/\\\/ubirataonline.com.br\\\/llega-a-ushuaia-la-route-des-andes-2026\\\/#local-main-place-address\",\"streetAddress\":\"Rua dos Coqueiros, 104 - Bairro Boa Vista, Rua dos Coqueiros, 104 Bairro Boa Vista\",\"addressLocality\":\"UBIRATA\",\"postalCode\":\"85440-000\",\"addressRegion\":\"PR\",\"addressCountry\":\"BR\"},{\"@type\":\"ImageObject\",\"inLanguage\":\"en-US\",\"@id\":\"https:\\\/\\\/ubirataonline.com.br\\\/llega-a-ushuaia-la-route-des-andes-2026\\\/#local-main-organization-logo\",\"url\":\"https:\\\/\\\/ubirataonline.com.br\\\/wp-content\\\/uploads\\\/2026\\\/06\\\/logoubirataonline-1.webp\",\"contentUrl\":\"https:\\\/\\\/ubirataonline.com.br\\\/wp-content\\\/uploads\\\/2026\\\/06\\\/logoubirataonline-1.webp\",\"width\":500,\"height\":500,\"caption\":\"Ubirat\u00e3 Online Not\u00edcias\"}]}<\/script>\n<meta name=\"geo.placename\" content=\"UBIRATA\" \/>\n<meta name=\"geo.position\" content=\"-24.5361401;-52.9921776\" \/>\n<meta name=\"geo.region\" content=\"Brazil\" \/>\n<!-- \/ Yoast SEO Premium plugin. -->","yoast_head_json":{"title":"Llega a Ushuaia la \u2018Route des Andes 2026\u2019 - Ubirat\u00e3 Online Not\u00edcias - A realidade ao seu alcance!","description":"&#13; La traves\u00eda de rally de aventura no competitivo tendr\u00e1 como punto culminante a Ushuaia, consolidando su posicionamiento como destino internacional","robots":{"index":"index","follow":"follow","max-snippet":"max-snippet:-1","max-image-preview":"max-image-preview:large","max-video-preview":"max-video-preview:-1"},"canonical":"https:\/\/ubirataonline.com.br\/en\/llega-a-ushuaia-la-route-des-andes-2026\/","og_locale":"en_US","og_type":"article","og_title":"Llega a Ushuaia la \u2018Route des Andes 2026\u2019","og_description":"&#13; La traves\u00eda de rally de aventura no competitivo tendr\u00e1 como punto culminante a Ushuaia, consolidando su posicionamiento como destino internacional","og_url":"https:\/\/ubirataonline.com.br\/en\/llega-a-ushuaia-la-route-des-andes-2026\/","og_site_name":"Ubirat\u00e3 Online Not\u00edcias - A realidade ao seu alcance!","article_publisher":"https:\/\/www.facebook.com\/portalubirataonline","article_author":"https:\/\/www.facebook.com\/portalubirataonline","article_published_time":"2026-03-10T16:32:26+00:00","article_modified_time":"2026-03-10T16:32:28+00:00","og_image":[{"width":800,"height":533,"url":"https:\/\/ubirataonline.com.br\/wp-content\/uploads\/2026\/03\/Llega-a-Ushuaia-la-\u2018Route-des-Andes-2026.jpg","type":"image\/jpeg"}],"author":"REDA\u00c7\u00c3O: UBIRAT\u00c3 ONLINE - F\u00c1BIO AUGUSTO CELESTINO","twitter_card":"summary_large_image","twitter_creator":"@x.com\/ubirataonline","twitter_site":"@ubirataonline","twitter_misc":{"Written by":"REDA\u00c7\u00c3O: UBIRAT\u00c3 ONLINE - F\u00c1BIO AUGUSTO CELESTINO","Est. reading time":"2 minutes"},"schema":{"@context":"https:\/\/schema.org","@graph":[{"@type":"NewsArticle","@id":"https:\/\/ubirataonline.com.br\/llega-a-ushuaia-la-route-des-andes-2026\/#article","isPartOf":{"@id":"https:\/\/ubirataonline.com.br\/llega-a-ushuaia-la-route-des-andes-2026\/"},"author":{"name":"REDA\u00c7\u00c3O: UBIRAT\u00c3 ONLINE - F\u00c1BIO AUGUSTO CELESTINO","@id":"https:\/\/ubirataonline.com.br\/#\/schema\/person\/372f87bbd3fdd79b8556b84c98d0bc1c"},"headline":"Llega a Ushuaia la \u2018Route des Andes 2026\u2019","datePublished":"2026-03-10T16:32:26+00:00","dateModified":"2026-03-10T16:32:28+00:00","mainEntityOfPage":{"@id":"https:\/\/ubirataonline.com.br\/llega-a-ushuaia-la-route-des-andes-2026\/"},"wordCount":500,"publisher":{"@id":"https:\/\/ubirataonline.com.br\/#organization"},"image":{"@id":"https:\/\/ubirataonline.com.br\/llega-a-ushuaia-la-route-des-andes-2026\/#primaryimage"},"thumbnailUrl":"https:\/\/ubirataonline.com.br\/wp-content\/uploads\/2026\/03\/Llega-a-Ushuaia-la-\u2018Route-des-Andes-2026.jpg","keywords":["Andes","Des","Llega","Route","Ushuaia"],"articleSection":["Brasil"],"inLanguage":"en-US","copyrightYear":"2026","copyrightHolder":{"@id":"https:\/\/ubirataonline.com.br\/en\/#organization"}},{"@type":"WebPage","@id":"https:\/\/ubirataonline.com.br\/llega-a-ushuaia-la-route-des-andes-2026\/","url":"https:\/\/ubirataonline.com.br\/llega-a-ushuaia-la-route-des-andes-2026\/","name":"Llega a Ushuaia la \u2018Route des Andes 2026\u2019 - Ubirat\u00e3 Online Not\u00edcias - A realidade ao seu alcance!","isPartOf":{"@id":"https:\/\/ubirataonline.com.br\/#website"},"primaryImageOfPage":{"@id":"https:\/\/ubirataonline.com.br\/llega-a-ushuaia-la-route-des-andes-2026\/#primaryimage"},"image":{"@id":"https:\/\/ubirataonline.com.br\/llega-a-ushuaia-la-route-des-andes-2026\/#primaryimage"},"thumbnailUrl":"https:\/\/ubirataonline.com.br\/wp-content\/uploads\/2026\/03\/Llega-a-Ushuaia-la-\u2018Route-des-Andes-2026.jpg","datePublished":"2026-03-10T16:32:26+00:00","dateModified":"2026-03-10T16:32:28+00:00","description":"&#13; La traves\u00eda de rally de aventura no competitivo tendr\u00e1 como punto culminante a Ushuaia, consolidando su posicionamiento como destino internacional","breadcrumb":{"@id":"https:\/\/ubirataonline.com.br\/llega-a-ushuaia-la-route-des-andes-2026\/#breadcrumb"},"inLanguage":"en-US","potentialAction":[{"@type":"ReadAction","target":["https:\/\/ubirataonline.com.br\/llega-a-ushuaia-la-route-des-andes-2026\/"]}]},{"@type":"ImageObject","inLanguage":"en-US","@id":"https:\/\/ubirataonline.com.br\/llega-a-ushuaia-la-route-des-andes-2026\/#primaryimage","url":"https:\/\/ubirataonline.com.br\/wp-content\/uploads\/2026\/03\/Llega-a-Ushuaia-la-\u2018Route-des-Andes-2026.jpg","contentUrl":"https:\/\/ubirataonline.com.br\/wp-content\/uploads\/2026\/03\/Llega-a-Ushuaia-la-\u2018Route-des-Andes-2026.jpg","width":800,"height":533,"caption":"Llega a Ushuaia la \u2018Route des Andes 2026\u2019"},{"@type":"BreadcrumbList","@id":"https:\/\/ubirataonline.com.br\/llega-a-ushuaia-la-route-des-andes-2026\/#breadcrumb","itemListElement":[{"@type":"ListItem","position":1,"name":"In\u00edcio","item":"https:\/\/ubirataonline.com.br\/"},{"@type":"ListItem","position":2,"name":"Llega a Ushuaia la \u2018Route des Andes 2026\u2019"}]},{"@type":"WebSite","@id":"https:\/\/ubirataonline.com.br\/#website","url":"https:\/\/ubirataonline.com.br\/","name":"Ubirat\u00e3 Online Not\u00edcias","description":"Not\u00edcias de Ubirat\u00e3, regi\u00e3o, Brasil e mundo, com informa\u00e7\u00e3o atualizada e compromisso com o leitor.","publisher":{"@id":"https:\/\/ubirataonline.com.br\/#organization"},"alternateName":"Ubirat\u00e3 Online","potentialAction":[{"@type":"SearchAction","target":{"@type":"EntryPoint","urlTemplate":"https:\/\/ubirataonline.com.br\/?s={search_term_string}"},"query-input":{"@type":"PropertyValueSpecification","valueRequired":true,"valueName":"search_term_string"}}],"inLanguage":"en-US"},{"@type":["Organization","Place"],"@id":"https:\/\/ubirataonline.com.br\/#organization","name":"Ubirat\u00e3 Online Not\u00edcias","alternateName":"Ubirat\u00e3 Online","url":"https:\/\/ubirataonline.com.br\/","logo":{"@id":"https:\/\/ubirataonline.com.br\/llega-a-ushuaia-la-route-des-andes-2026\/#local-main-organization-logo"},"image":{"@id":"https:\/\/ubirataonline.com.br\/llega-a-ushuaia-la-route-des-andes-2026\/#local-main-organization-logo"},"sameAs":["https:\/\/www.facebook.com\/portalubirataonline","https:\/\/x.com\/ubirataonline","https:\/\/mastodon.social\/@ubirataonline","https:\/\/www.facebook.com\/groups\/311144672285604","https:\/\/www.facebook.com\/UBTAOnline","https:\/\/www.instagram.com\/portalubirataonline\/","https:\/\/twitter.com\/ubirataonline"],"description":"Somos um portal de not\u00edcias independente, criado em 5 de janeiro de 2009, com o objetivo de informar, conectar e valorizar a nossa comunidade de Ubirat\u00e3 e toda aregi\u00e3o. Com conte\u00fado atualizado, confi\u00e1vel e relevante, o Ubirat\u00e3 Online \u00e9 o seu espa\u00e7o para ficar por dentro dos principais acontecimentos locais, regionais, Brasil, Mundo e de interesse geral. Nosso compromisso \u00e9 com a verdade, a transpar\u00eancia e o respeito ao leitor.","legalName":"UBIRATA ONLINE NOT\u00cdCIAS","foundingDate":"2009-01-05","numberOfEmployees":{"@type":"QuantitativeValue","minValue":"1","maxValue":"10"},"publishingPrinciples":"https:\/\/ubirataonline.com.br\/faq\/","address":{"@id":"https:\/\/ubirataonline.com.br\/llega-a-ushuaia-la-route-des-andes-2026\/#local-main-place-address"},"geo":{"@type":"GeoCoordinates","latitude":"-24.5361401","longitude":"-52.9921776"},"telephone":["+5544998308235"],"contactPoint":{"@type":"ContactPoint","email":"contato@ubirataonline.com.br"},"openingHoursSpecification":{"@type":"OpeningHoursSpecification","dayOfWeek":["Monday","Tuesday","Wednesday","Thursday","Friday","Saturday","Sunday"],"opens":"00:00","closes":"23:59"},"email":"contato@ubirataonline.com.br","vatID":"47.621.418\/0001-80"},{"@type":"Person","@id":"https:\/\/ubirataonline.com.br\/#\/schema\/person\/372f87bbd3fdd79b8556b84c98d0bc1c","name":"REDA\u00c7\u00c3O: UBIRAT\u00c3 ONLINE - F\u00c1BIO AUGUSTO CELESTINO","pronouns":"Ele","description":"Desde 2003 trabalhando com not\u00edcias.","sameAs":["http:\/\/ubirataoline.com.br","https:\/\/www.facebook.com\/portalubirataonline","https:\/\/www.instagram.com\/ubirataonline_oficial","https:\/\/x.com\/x.com\/ubirataonline"],"honorificPrefix":"Mr.","honorificSuffix":"MD","birthDate":"1980-06-16","gender":"masculino","award":["V\u00e1rios pr\u00eamios de melhor portal da cidade"],"jobTitle":"Diretor","url":"https:\/\/ubirataonline.com.br\/en\/author\/ubirataonline\/"},{"@type":"PostalAddress","@id":"https:\/\/ubirataonline.com.br\/llega-a-ushuaia-la-route-des-andes-2026\/#local-main-place-address","streetAddress":"Rua dos Coqueiros, 104 - Bairro Boa Vista, Rua dos Coqueiros, 104 Bairro Boa Vista","addressLocality":"UBIRATA","postalCode":"85440-000","addressRegion":"PR","addressCountry":"BR"},{"@type":"ImageObject","inLanguage":"en-US","@id":"https:\/\/ubirataonline.com.br\/llega-a-ushuaia-la-route-des-andes-2026\/#local-main-organization-logo","url":"https:\/\/ubirataonline.com.br\/wp-content\/uploads\/2026\/06\/logoubirataonline-1.webp","contentUrl":"https:\/\/ubirataonline.com.br\/wp-content\/uploads\/2026\/06\/logoubirataonline-1.webp","width":500,"height":500,"caption":"Ubirat\u00e3 Online Not\u00edcias"}]},"geo.placename":"UBIRATA","geo.position":{"lat":"-24.5361401","long":"-52.9921776"},"geo.region":"Brazil"},"_links":{"self":[{"href":"https:\/\/ubirataonline.com.br\/en\/wp-json\/wp\/v2\/posts\/93481","targetHints":{"allow":["GET"]}}],"collection":[{"href":"https:\/\/ubirataonline.com.br\/en\/wp-json\/wp\/v2\/posts"}],"about":[{"href":"https:\/\/ubirataonline.com.br\/en\/wp-json\/wp\/v2\/types\/post"}],"author":[{"embeddable":true,"href":"https:\/\/ubirataonline.com.br\/en\/wp-json\/wp\/v2\/users\/1"}],"replies":[{"embeddable":true,"href":"https:\/\/ubirataonline.com.br\/en\/wp-json\/wp\/v2\/comments?post=93481"}],"version-history":[{"count":0,"href":"https:\/\/ubirataonline.com.br\/en\/wp-json\/wp\/v2\/posts\/93481\/revisions"}],"wp:featuredmedia":[{"embeddable":true,"href":"https:\/\/ubirataonline.com.br\/en\/wp-json\/wp\/v2\/media\/93482"}],"wp:attachment":[{"href":"https:\/\/ubirataonline.com.br\/en\/wp-json\/wp\/v2\/media?parent=93481"}],"wp:term":[{"taxonomy":"category","embeddable":true,"href":"https:\/\/ubirataonline.com.br\/en\/wp-json\/wp\/v2\/categories?post=93481"},{"taxonomy":"post_tag","embeddable":true,"href":"https:\/\/ubirataonline.com.br\/en\/wp-json\/wp\/v2\/tags?post=93481"}],"curies":[{"name":"wp","href":"https:\/\/api.w.org\/{rel}","templated":true}]}}