{"id":93592,"date":"2026-03-10T22:41:27","date_gmt":"2026-03-11T01:41:27","guid":{"rendered":"https:\/\/ubirataonline.com.br\/newells-gana-por-primera-vez-en-el-campeonato-por-un-gran-tiro-libre-de-guch\/"},"modified":"2026-03-10T22:41:30","modified_gmt":"2026-03-11T01:41:30","slug":"newells-gana-por-primera-vez-en-el-campeonato-por-un-gran-tiro-libre-de-guch","status":"publish","type":"post","link":"https:\/\/ubirataonline.com.br\/en\/newells-gana-por-primera-vez-en-el-campeonato-por-un-gran-tiro-libre-de-guch\/","title":{"rendered":"Newell\u2019s gana por primera vez en el campeonato por un gran tiro libre de Guch"},"content":{"rendered":"<p><\/p>\n<div>\n<p><strong>Newell\u2019s enfrenta este martes a Platense en el Coloso<\/strong> desde las 22 por la fecha 10 del Torneo Apertura 2026, en busca de su primer triunfo de la temporada y de empezar a cortar la sangr\u00eda que se agudiz\u00f3<strong> tras la ca\u00edda 2-0 en el cl\u00e1sico rosarino<\/strong> ante Central, que marc\u00f3 el debut del entrenador <strong>Frank Kudelka<\/strong> despu\u00e9s del breve ciclo de la dupla Orsi-G\u00f3mez, despedida por la dirigencia que encabeza Ignacio Boero.<\/p>\n<p>Dirige Luis Lobo Medina y transmite Radio 2 (AM 1230, FM 90.1, <a href=\"https:\/\/www.rosario3.com\/radios\/radio2.html\" target=\"_blank\" rel=\"\">en la web<\/a> y <a href=\"https:\/\/www.youtube.com\/@RADIO2-ROSARIO\" target=\"_blank\" rel=\"\">por YouTube<\/a>). Tambi\u00e9n pod\u00e9s seguir el minuto a minuto en <i><strong>Rosario3<\/strong><\/i>.<\/p>\n<p>Ser\u00e1 un duelo clave para la Lepra luego de la derrota en el cl\u00e1sico, encuentro al que el nuevo DT lleg\u00f3 con solo tres pr\u00e1cticas y con poco margen para trabajar con el plantel. Ahora, <strong>despu\u00e9s del paro del f\u00fatbol argentino que posterg\u00f3 el cruce con V\u00e9lez en Liniers<\/strong>, el equipo rojinegro vuelve a jugar en el Parque Independencia.<\/p>\n<p>Necesita un triunfo como agua en el desierto porque acumula <strong>seis derrotas en las primeras ocho jornadas<\/strong> del campeonato. Tiene dos puntos producto de sendos empates ante Independiente y Deportivo Riestra, pero le resulta imperioso poder sumar de a tres en el Coloso, donde se espera un clima tenso con los hinchas debido al p\u00e9simo comienzo y la ca\u00edda en el derby.<\/p>\n<div style=\"text-align:center;\">\n<figure class=\"image\" style=\"display:inline-block;\" id=\"cnt_img_2435\"><figcaption>\n    Kudelka ya dirigi\u00f3 el cl\u00e1sico y ante Platense ser\u00e1 el segundo partido de este ciclo. (Foto: Alan Monz\u00f3n \/ Rosario3)<br \/>\n  <\/figcaption><\/figure>\n<\/div>\n<p>El viernes pasado, <a href=\"https:\/\/www.rosario3.com\/deportes\/kudelka-sin-filtro-la-crisis-de-newells-los-refuerzos-y-hasta-la-foto-de-messi-con-trump-20260306-0036.html\" target=\"_blank\" rel=\"\">Kudelka brind\u00f3 una conferencia de prensa<\/a> en la que fue sincero con respecto a la crisis deportiva de Newell\u2019s. \u201c<strong>Estamos en el fondo y en todo sentido estamos en rojo, en resultados, estad\u00edsticas y juego<\/strong>. Prefiero decir y no ocultar. Ac\u00e1 no hay magos y no vamos a salir de un d\u00eda para el otro con las estad\u00edsticas que tenemos&#8221;, dijo.<\/p>\n<p>Por ahora no dio pistas del posible equipo, aunque es factible que no var\u00ede demasiado del que present\u00f3 frente al Canalla. Con <strong>Mart\u00edn Ortega y Bruno Cabrera<\/strong> como alternativas para el lateral derecho si no llega Armando M\u00e9ndez, y a la espera de que se resuelva si podr\u00eda jugar o no<strong> el reci\u00e9n llegado Walter Mazzanti<\/strong>, habr\u00e1 que esperar para saber, por ejemplo,<strong> <\/strong>si<strong> Mat\u00edas C\u00f3ccaro<\/strong> \u2013que arrastra una lesi\u00f3n\u2013 vuelve a estar disponible.<\/p>\n<p><strong>Mazzanti viene a pr\u00e9stamo de Independiente de Avellaneda<\/strong> y es un viejo conocido de Kudelka, quien ya lo dirigi\u00f3 en Hurac\u00e1n. El lunes practic\u00f3 en Bella Vista con el plantel y la dirigencia trabajaba a contrarreloj para intentar que est\u00e9 a disposici\u00f3n del DT este martes.<\/p>\n<p><strong>Platense atraviesa un presente muy distinto<\/strong>, a pocas semanas del inicio de la fase de grupos de la Copa Libertadores. En el torneo local, el conjunto conducido por Walter Zunino apenas sufri\u00f3<strong> una derrota y marcha quinto con 13 unidades<\/strong>. Si logra imponerse en Rosario, quedar\u00e1 de manera provisoria en el segundo puesto de la Zona A, a solo dos puntos del l\u00edder V\u00e9lez.<\/p>\n<h2\/>\n<h2>Datos del partido<\/h2>\n<p>Fecha 10 &#8211; Zona A<\/p>\n<p>Hora: 22<\/p>\n<p>Estadio: Coloso Marcelo Bielsa (Newell\u2019s)<\/p>\n<p>\u00c1rbitro: Luis Lobo Medina<\/p>\n<p>\u00c1rbitro asistente 1: Jos\u00e9 Castelli<\/p>\n<p>\u00c1rbitro asistente 2: Bel\u00e9n Belivaqua<\/p>\n<p>Cuarto \u00e1rbitro: Joaqu\u00edn Gil<\/p>\n<p>VAR: \u00c1lvaro Carranza<\/p>\n<p>AVAR: Bruno Amiconi<\/p>\n<p>TV: TNT Sports<\/p>\n<p>Transmite Radio 2<\/p>\n<\/p><\/div>\n<p><a href=\"https:\/\/www.rosario3.com\/deportes\/newells-urgido-de-triunfos-vuelve-al-coloso-tras-el-clasico-y-recibe-a-platense-20260309-0039.html\">Fonte do Artigo <\/a><\/p>","protected":false},"excerpt":{"rendered":"<p>Newell\u2019s enfrenta este martes a Platense en el Coloso desde las 22 por la fecha 10 del Torneo Apertura 2026, en busca de su primer triunfo de la temporada y de empezar a cortar la sangr\u00eda que se agudiz\u00f3 tras la ca\u00edda 2-0 en el cl\u00e1sico rosarino ante Central, que marc\u00f3 el debut del entrenador [&hellip;]<\/p>\n","protected":false},"author":1,"featured_media":93593,"comment_status":"closed","ping_status":"","sticky":false,"template":"","format":"standard","meta":{"googlesitekit_rrm_CAow2JLhCw:productID":"","_gspb_post_css":"","maa_idioma":"","maa_pais":"","footnotes":""},"categories":[4],"tags":[5209,7625,3957,22149,21216,22148,3211,4595,16374,5506],"class_list":["post-93592","post","type-post","status-publish","format-standard","has-post-thumbnail","hentry","category-brasil","tag-campeonato","tag-gana","tag-gran","tag-guch","tag-libre","tag-newells","tag-por","tag-primera","tag-tiro","tag-vez"],"blocksy_meta":[],"yoast_head":"<!-- This site is optimized with the Yoast SEO Premium plugin v27.6 (Yoast SEO v27.6) - https:\/\/yoast.com\/product\/yoast-seo-premium-wordpress\/ -->\n<title>Newell\u2019s gana por primera vez en el campeonato por un gran tiro libre de Guch - Ubirat\u00e3 Online Not\u00edcias - A realidade ao seu alcance!<\/title>\n<meta name=\"description\" content=\"Newell\u2019s enfrenta este martes a Platense en el Coloso desde las 22 por la fecha 10 del Torneo Apertura 2026, en busca de su primer triunfo de la temporada\" \/>\n<meta name=\"robots\" content=\"index, follow, max-snippet:-1, max-image-preview:large, max-video-preview:-1\" \/>\n<link rel=\"canonical\" href=\"https:\/\/ubirataonline.com.br\/en\/newells-gana-por-primera-vez-en-el-campeonato-por-un-gran-tiro-libre-de-guch\/\" \/>\n<meta property=\"og:locale\" content=\"en_US\" \/>\n<meta property=\"og:type\" content=\"article\" \/>\n<meta property=\"og:title\" content=\"Newell\u2019s gana por primera vez en el campeonato por un gran tiro libre de Guch\" \/>\n<meta property=\"og:description\" content=\"Newell\u2019s enfrenta este martes a Platense en el Coloso desde las 22 por la fecha 10 del Torneo Apertura 2026, en busca de su primer triunfo de la temporada\" \/>\n<meta property=\"og:url\" content=\"https:\/\/ubirataonline.com.br\/en\/newells-gana-por-primera-vez-en-el-campeonato-por-un-gran-tiro-libre-de-guch\/\" \/>\n<meta property=\"og:site_name\" content=\"Ubirat\u00e3 Online Not\u00edcias - A realidade ao seu alcance!\" \/>\n<meta property=\"article:publisher\" content=\"https:\/\/www.facebook.com\/portalubirataonline\" \/>\n<meta property=\"article:author\" content=\"https:\/\/www.facebook.com\/portalubirataonline\" \/>\n<meta property=\"article:published_time\" content=\"2026-03-11T01:41:27+00:00\" \/>\n<meta property=\"article:modified_time\" content=\"2026-03-11T01:41:30+00:00\" \/>\n<meta property=\"og:image\" content=\"https:\/\/ubirataonline.com.br\/wp-content\/uploads\/2026\/03\/Newells-gana-por-primera-vez-en-el-campeonato-por-un.jpg\" \/>\n\t<meta property=\"og:image:width\" content=\"1200\" \/>\n\t<meta property=\"og:image:height\" content=\"630\" \/>\n\t<meta property=\"og:image:type\" content=\"image\/jpeg\" \/>\n<meta name=\"author\" content=\"REDA\u00c7\u00c3O: UBIRAT\u00c3 ONLINE - F\u00c1BIO AUGUSTO CELESTINO\" \/>\n<meta name=\"twitter:card\" content=\"summary_large_image\" \/>\n<meta name=\"twitter:creator\" content=\"@x.com\/ubirataonline\" \/>\n<meta name=\"twitter:site\" content=\"@ubirataonline\" \/>\n<meta name=\"twitter:label1\" content=\"Written by\" \/>\n\t<meta name=\"twitter:data1\" content=\"REDA\u00c7\u00c3O: UBIRAT\u00c3 ONLINE - F\u00c1BIO AUGUSTO CELESTINO\" \/>\n\t<meta name=\"twitter:label2\" content=\"Est. reading time\" \/>\n\t<meta name=\"twitter:data2\" content=\"3 minutes\" \/>\n<script type=\"application\/ld+json\" class=\"yoast-schema-graph\">{\"@context\":\"https:\\\/\\\/schema.org\",\"@graph\":[{\"@type\":\"NewsArticle\",\"@id\":\"https:\\\/\\\/ubirataonline.com.br\\\/newells-gana-por-primera-vez-en-el-campeonato-por-un-gran-tiro-libre-de-guch\\\/#article\",\"isPartOf\":{\"@id\":\"https:\\\/\\\/ubirataonline.com.br\\\/newells-gana-por-primera-vez-en-el-campeonato-por-un-gran-tiro-libre-de-guch\\\/\"},\"author\":{\"name\":\"REDA\u00c7\u00c3O: UBIRAT\u00c3 ONLINE - F\u00c1BIO AUGUSTO CELESTINO\",\"@id\":\"https:\\\/\\\/ubirataonline.com.br\\\/#\\\/schema\\\/person\\\/372f87bbd3fdd79b8556b84c98d0bc1c\"},\"headline\":\"Newell\u2019s gana por primera vez en el campeonato por un gran tiro libre de Guch\",\"datePublished\":\"2026-03-11T01:41:27+00:00\",\"dateModified\":\"2026-03-11T01:41:30+00:00\",\"mainEntityOfPage\":{\"@id\":\"https:\\\/\\\/ubirataonline.com.br\\\/newells-gana-por-primera-vez-en-el-campeonato-por-un-gran-tiro-libre-de-guch\\\/\"},\"wordCount\":577,\"publisher\":{\"@id\":\"https:\\\/\\\/ubirataonline.com.br\\\/#organization\"},\"image\":{\"@id\":\"https:\\\/\\\/ubirataonline.com.br\\\/newells-gana-por-primera-vez-en-el-campeonato-por-un-gran-tiro-libre-de-guch\\\/#primaryimage\"},\"thumbnailUrl\":\"https:\\\/\\\/ubirataonline.com.br\\\/wp-content\\\/uploads\\\/2026\\\/03\\\/Newells-gana-por-primera-vez-en-el-campeonato-por-un.jpg\",\"keywords\":[\"Campeonato\",\"gana\",\"gran\",\"Guch\",\"Libre\",\"Newells\",\"por\",\"Primera\",\"tiro\",\"vez\"],\"articleSection\":[\"Brasil\"],\"inLanguage\":\"en-US\",\"copyrightYear\":\"2026\",\"copyrightHolder\":{\"@id\":\"https:\\\/\\\/ubirataonline.com.br\\\/en\\\/#organization\"}},{\"@type\":\"WebPage\",\"@id\":\"https:\\\/\\\/ubirataonline.com.br\\\/newells-gana-por-primera-vez-en-el-campeonato-por-un-gran-tiro-libre-de-guch\\\/\",\"url\":\"https:\\\/\\\/ubirataonline.com.br\\\/newells-gana-por-primera-vez-en-el-campeonato-por-un-gran-tiro-libre-de-guch\\\/\",\"name\":\"Newell\u2019s gana por primera vez en el campeonato por un gran tiro libre de Guch - Ubirat\u00e3 Online Not\u00edcias - A realidade ao seu alcance!\",\"isPartOf\":{\"@id\":\"https:\\\/\\\/ubirataonline.com.br\\\/#website\"},\"primaryImageOfPage\":{\"@id\":\"https:\\\/\\\/ubirataonline.com.br\\\/newells-gana-por-primera-vez-en-el-campeonato-por-un-gran-tiro-libre-de-guch\\\/#primaryimage\"},\"image\":{\"@id\":\"https:\\\/\\\/ubirataonline.com.br\\\/newells-gana-por-primera-vez-en-el-campeonato-por-un-gran-tiro-libre-de-guch\\\/#primaryimage\"},\"thumbnailUrl\":\"https:\\\/\\\/ubirataonline.com.br\\\/wp-content\\\/uploads\\\/2026\\\/03\\\/Newells-gana-por-primera-vez-en-el-campeonato-por-un.jpg\",\"datePublished\":\"2026-03-11T01:41:27+00:00\",\"dateModified\":\"2026-03-11T01:41:30+00:00\",\"description\":\"Newell\u2019s enfrenta este martes a Platense en el Coloso desde las 22 por la fecha 10 del Torneo Apertura 2026, en busca de su primer triunfo de la temporada\",\"breadcrumb\":{\"@id\":\"https:\\\/\\\/ubirataonline.com.br\\\/newells-gana-por-primera-vez-en-el-campeonato-por-un-gran-tiro-libre-de-guch\\\/#breadcrumb\"},\"inLanguage\":\"en-US\",\"potentialAction\":[{\"@type\":\"ReadAction\",\"target\":[\"https:\\\/\\\/ubirataonline.com.br\\\/newells-gana-por-primera-vez-en-el-campeonato-por-un-gran-tiro-libre-de-guch\\\/\"]}]},{\"@type\":\"ImageObject\",\"inLanguage\":\"en-US\",\"@id\":\"https:\\\/\\\/ubirataonline.com.br\\\/newells-gana-por-primera-vez-en-el-campeonato-por-un-gran-tiro-libre-de-guch\\\/#primaryimage\",\"url\":\"https:\\\/\\\/ubirataonline.com.br\\\/wp-content\\\/uploads\\\/2026\\\/03\\\/Newells-gana-por-primera-vez-en-el-campeonato-por-un.jpg\",\"contentUrl\":\"https:\\\/\\\/ubirataonline.com.br\\\/wp-content\\\/uploads\\\/2026\\\/03\\\/Newells-gana-por-primera-vez-en-el-campeonato-por-un.jpg\",\"width\":1200,\"height\":630,\"caption\":\"Kudelka ya dirigi\u00f3 el cl\u00e1sico y ante Platense ser\u00e1 el segundo partido de este ciclo. (Foto: Alan Monz\u00f3n \\\/ Rosario3)\"},{\"@type\":\"BreadcrumbList\",\"@id\":\"https:\\\/\\\/ubirataonline.com.br\\\/newells-gana-por-primera-vez-en-el-campeonato-por-un-gran-tiro-libre-de-guch\\\/#breadcrumb\",\"itemListElement\":[{\"@type\":\"ListItem\",\"position\":1,\"name\":\"In\u00edcio\",\"item\":\"https:\\\/\\\/ubirataonline.com.br\\\/\"},{\"@type\":\"ListItem\",\"position\":2,\"name\":\"Newell\u2019s gana por primera vez en el campeonato por un gran tiro libre de Guch\"}]},{\"@type\":\"WebSite\",\"@id\":\"https:\\\/\\\/ubirataonline.com.br\\\/#website\",\"url\":\"https:\\\/\\\/ubirataonline.com.br\\\/\",\"name\":\"Ubirat\u00e3 Online Not\u00edcias\",\"description\":\"Not\u00edcias de Ubirat\u00e3, regi\u00e3o, Brasil e mundo, com informa\u00e7\u00e3o atualizada e compromisso com o leitor.\",\"publisher\":{\"@id\":\"https:\\\/\\\/ubirataonline.com.br\\\/#organization\"},\"alternateName\":\"Ubirat\u00e3 Online\",\"potentialAction\":[{\"@type\":\"SearchAction\",\"target\":{\"@type\":\"EntryPoint\",\"urlTemplate\":\"https:\\\/\\\/ubirataonline.com.br\\\/?s={search_term_string}\"},\"query-input\":{\"@type\":\"PropertyValueSpecification\",\"valueRequired\":true,\"valueName\":\"search_term_string\"}}],\"inLanguage\":\"en-US\"},{\"@type\":[\"Organization\",\"Place\"],\"@id\":\"https:\\\/\\\/ubirataonline.com.br\\\/#organization\",\"name\":\"Ubirat\u00e3 Online Not\u00edcias\",\"alternateName\":\"Ubirat\u00e3 Online\",\"url\":\"https:\\\/\\\/ubirataonline.com.br\\\/\",\"logo\":{\"@id\":\"https:\\\/\\\/ubirataonline.com.br\\\/newells-gana-por-primera-vez-en-el-campeonato-por-un-gran-tiro-libre-de-guch\\\/#local-main-organization-logo\"},\"image\":{\"@id\":\"https:\\\/\\\/ubirataonline.com.br\\\/newells-gana-por-primera-vez-en-el-campeonato-por-un-gran-tiro-libre-de-guch\\\/#local-main-organization-logo\"},\"sameAs\":[\"https:\\\/\\\/www.facebook.com\\\/portalubirataonline\",\"https:\\\/\\\/x.com\\\/ubirataonline\",\"https:\\\/\\\/mastodon.social\\\/@ubirataonline\",\"https:\\\/\\\/www.facebook.com\\\/groups\\\/311144672285604\",\"https:\\\/\\\/www.facebook.com\\\/UBTAOnline\",\"https:\\\/\\\/www.instagram.com\\\/portalubirataonline\\\/\",\"https:\\\/\\\/twitter.com\\\/ubirataonline\"],\"description\":\"Somos um portal de not\u00edcias independente, criado em 5 de janeiro de 2009, com o objetivo de informar, conectar e valorizar a nossa comunidade de Ubirat\u00e3 e toda aregi\u00e3o. Com conte\u00fado atualizado, confi\u00e1vel e relevante, o Ubirat\u00e3 Online \u00e9 o seu espa\u00e7o para ficar por dentro dos principais acontecimentos locais, regionais, Brasil, Mundo e de interesse geral. Nosso compromisso \u00e9 com a verdade, a transpar\u00eancia e o respeito ao leitor.\",\"legalName\":\"UBIRATA ONLINE NOT\u00cdCIAS\",\"foundingDate\":\"2009-01-05\",\"numberOfEmployees\":{\"@type\":\"QuantitativeValue\",\"minValue\":\"1\",\"maxValue\":\"10\"},\"publishingPrinciples\":\"https:\\\/\\\/ubirataonline.com.br\\\/faq\\\/\",\"address\":{\"@id\":\"https:\\\/\\\/ubirataonline.com.br\\\/newells-gana-por-primera-vez-en-el-campeonato-por-un-gran-tiro-libre-de-guch\\\/#local-main-place-address\"},\"geo\":{\"@type\":\"GeoCoordinates\",\"latitude\":\"-24.5361401\",\"longitude\":\"-52.9921776\"},\"telephone\":[\"+5544998308235\"],\"contactPoint\":{\"@type\":\"ContactPoint\",\"email\":\"contato@ubirataonline.com.br\"},\"openingHoursSpecification\":{\"@type\":\"OpeningHoursSpecification\",\"dayOfWeek\":[\"Monday\",\"Tuesday\",\"Wednesday\",\"Thursday\",\"Friday\",\"Saturday\",\"Sunday\"],\"opens\":\"00:00\",\"closes\":\"23:59\"},\"email\":\"contato@ubirataonline.com.br\",\"vatID\":\"47.621.418\\\/0001-80\"},{\"@type\":\"Person\",\"@id\":\"https:\\\/\\\/ubirataonline.com.br\\\/#\\\/schema\\\/person\\\/372f87bbd3fdd79b8556b84c98d0bc1c\",\"name\":\"REDA\u00c7\u00c3O: UBIRAT\u00c3 ONLINE - F\u00c1BIO AUGUSTO CELESTINO\",\"pronouns\":\"Ele\",\"description\":\"Desde 2003 trabalhando com not\u00edcias.\",\"sameAs\":[\"http:\\\/\\\/ubirataoline.com.br\",\"https:\\\/\\\/www.facebook.com\\\/portalubirataonline\",\"https:\\\/\\\/www.instagram.com\\\/ubirataonline_oficial\",\"https:\\\/\\\/x.com\\\/x.com\\\/ubirataonline\"],\"honorificPrefix\":\"Mr.\",\"honorificSuffix\":\"MD\",\"birthDate\":\"1980-06-16\",\"gender\":\"masculino\",\"award\":[\"V\u00e1rios pr\u00eamios de melhor portal da cidade\"],\"jobTitle\":\"Diretor\",\"url\":\"https:\\\/\\\/ubirataonline.com.br\\\/en\\\/author\\\/ubirataonline\\\/\"},{\"@type\":\"PostalAddress\",\"@id\":\"https:\\\/\\\/ubirataonline.com.br\\\/newells-gana-por-primera-vez-en-el-campeonato-por-un-gran-tiro-libre-de-guch\\\/#local-main-place-address\",\"streetAddress\":\"Rua dos Coqueiros, 104 - Bairro Boa Vista, Rua dos Coqueiros, 104 Bairro Boa Vista\",\"addressLocality\":\"UBIRATA\",\"postalCode\":\"85440-000\",\"addressRegion\":\"PR\",\"addressCountry\":\"BR\"},{\"@type\":\"ImageObject\",\"inLanguage\":\"en-US\",\"@id\":\"https:\\\/\\\/ubirataonline.com.br\\\/newells-gana-por-primera-vez-en-el-campeonato-por-un-gran-tiro-libre-de-guch\\\/#local-main-organization-logo\",\"url\":\"https:\\\/\\\/ubirataonline.com.br\\\/wp-content\\\/uploads\\\/2026\\\/06\\\/logoubirataonline-1.webp\",\"contentUrl\":\"https:\\\/\\\/ubirataonline.com.br\\\/wp-content\\\/uploads\\\/2026\\\/06\\\/logoubirataonline-1.webp\",\"width\":500,\"height\":500,\"caption\":\"Ubirat\u00e3 Online Not\u00edcias\"}]}<\/script>\n<meta name=\"geo.placename\" content=\"UBIRATA\" \/>\n<meta name=\"geo.position\" content=\"-24.5361401;-52.9921776\" \/>\n<meta name=\"geo.region\" content=\"Brazil\" \/>\n<!-- \/ Yoast SEO Premium plugin. -->","yoast_head_json":{"title":"Newell\u2019s gana por primera vez en el campeonato por un gran tiro libre de Guch - Ubirat\u00e3 Online Not\u00edcias - A realidade ao seu alcance!","description":"Newell\u2019s enfrenta este martes a Platense en el Coloso desde las 22 por la fecha 10 del Torneo Apertura 2026, en busca de su primer triunfo de la temporada","robots":{"index":"index","follow":"follow","max-snippet":"max-snippet:-1","max-image-preview":"max-image-preview:large","max-video-preview":"max-video-preview:-1"},"canonical":"https:\/\/ubirataonline.com.br\/en\/newells-gana-por-primera-vez-en-el-campeonato-por-un-gran-tiro-libre-de-guch\/","og_locale":"en_US","og_type":"article","og_title":"Newell\u2019s gana por primera vez en el campeonato por un gran tiro libre de Guch","og_description":"Newell\u2019s enfrenta este martes a Platense en el Coloso desde las 22 por la fecha 10 del Torneo Apertura 2026, en busca de su primer triunfo de la temporada","og_url":"https:\/\/ubirataonline.com.br\/en\/newells-gana-por-primera-vez-en-el-campeonato-por-un-gran-tiro-libre-de-guch\/","og_site_name":"Ubirat\u00e3 Online Not\u00edcias - A realidade ao seu alcance!","article_publisher":"https:\/\/www.facebook.com\/portalubirataonline","article_author":"https:\/\/www.facebook.com\/portalubirataonline","article_published_time":"2026-03-11T01:41:27+00:00","article_modified_time":"2026-03-11T01:41:30+00:00","og_image":[{"width":1200,"height":630,"url":"https:\/\/ubirataonline.com.br\/wp-content\/uploads\/2026\/03\/Newells-gana-por-primera-vez-en-el-campeonato-por-un.jpg","type":"image\/jpeg"}],"author":"REDA\u00c7\u00c3O: UBIRAT\u00c3 ONLINE - F\u00c1BIO AUGUSTO CELESTINO","twitter_card":"summary_large_image","twitter_creator":"@x.com\/ubirataonline","twitter_site":"@ubirataonline","twitter_misc":{"Written by":"REDA\u00c7\u00c3O: UBIRAT\u00c3 ONLINE - F\u00c1BIO AUGUSTO CELESTINO","Est. reading time":"3 minutes"},"schema":{"@context":"https:\/\/schema.org","@graph":[{"@type":"NewsArticle","@id":"https:\/\/ubirataonline.com.br\/newells-gana-por-primera-vez-en-el-campeonato-por-un-gran-tiro-libre-de-guch\/#article","isPartOf":{"@id":"https:\/\/ubirataonline.com.br\/newells-gana-por-primera-vez-en-el-campeonato-por-un-gran-tiro-libre-de-guch\/"},"author":{"name":"REDA\u00c7\u00c3O: UBIRAT\u00c3 ONLINE - F\u00c1BIO AUGUSTO CELESTINO","@id":"https:\/\/ubirataonline.com.br\/#\/schema\/person\/372f87bbd3fdd79b8556b84c98d0bc1c"},"headline":"Newell\u2019s gana por primera vez en el campeonato por un gran tiro libre de Guch","datePublished":"2026-03-11T01:41:27+00:00","dateModified":"2026-03-11T01:41:30+00:00","mainEntityOfPage":{"@id":"https:\/\/ubirataonline.com.br\/newells-gana-por-primera-vez-en-el-campeonato-por-un-gran-tiro-libre-de-guch\/"},"wordCount":577,"publisher":{"@id":"https:\/\/ubirataonline.com.br\/#organization"},"image":{"@id":"https:\/\/ubirataonline.com.br\/newells-gana-por-primera-vez-en-el-campeonato-por-un-gran-tiro-libre-de-guch\/#primaryimage"},"thumbnailUrl":"https:\/\/ubirataonline.com.br\/wp-content\/uploads\/2026\/03\/Newells-gana-por-primera-vez-en-el-campeonato-por-un.jpg","keywords":["Campeonato","gana","gran","Guch","Libre","Newells","por","Primera","tiro","vez"],"articleSection":["Brasil"],"inLanguage":"en-US","copyrightYear":"2026","copyrightHolder":{"@id":"https:\/\/ubirataonline.com.br\/en\/#organization"}},{"@type":"WebPage","@id":"https:\/\/ubirataonline.com.br\/newells-gana-por-primera-vez-en-el-campeonato-por-un-gran-tiro-libre-de-guch\/","url":"https:\/\/ubirataonline.com.br\/newells-gana-por-primera-vez-en-el-campeonato-por-un-gran-tiro-libre-de-guch\/","name":"Newell\u2019s gana por primera vez en el campeonato por un gran tiro libre de Guch - Ubirat\u00e3 Online Not\u00edcias - A realidade ao seu alcance!","isPartOf":{"@id":"https:\/\/ubirataonline.com.br\/#website"},"primaryImageOfPage":{"@id":"https:\/\/ubirataonline.com.br\/newells-gana-por-primera-vez-en-el-campeonato-por-un-gran-tiro-libre-de-guch\/#primaryimage"},"image":{"@id":"https:\/\/ubirataonline.com.br\/newells-gana-por-primera-vez-en-el-campeonato-por-un-gran-tiro-libre-de-guch\/#primaryimage"},"thumbnailUrl":"https:\/\/ubirataonline.com.br\/wp-content\/uploads\/2026\/03\/Newells-gana-por-primera-vez-en-el-campeonato-por-un.jpg","datePublished":"2026-03-11T01:41:27+00:00","dateModified":"2026-03-11T01:41:30+00:00","description":"Newell\u2019s enfrenta este martes a Platense en el Coloso desde las 22 por la fecha 10 del Torneo Apertura 2026, en busca de su primer triunfo de la temporada","breadcrumb":{"@id":"https:\/\/ubirataonline.com.br\/newells-gana-por-primera-vez-en-el-campeonato-por-un-gran-tiro-libre-de-guch\/#breadcrumb"},"inLanguage":"en-US","potentialAction":[{"@type":"ReadAction","target":["https:\/\/ubirataonline.com.br\/newells-gana-por-primera-vez-en-el-campeonato-por-un-gran-tiro-libre-de-guch\/"]}]},{"@type":"ImageObject","inLanguage":"en-US","@id":"https:\/\/ubirataonline.com.br\/newells-gana-por-primera-vez-en-el-campeonato-por-un-gran-tiro-libre-de-guch\/#primaryimage","url":"https:\/\/ubirataonline.com.br\/wp-content\/uploads\/2026\/03\/Newells-gana-por-primera-vez-en-el-campeonato-por-un.jpg","contentUrl":"https:\/\/ubirataonline.com.br\/wp-content\/uploads\/2026\/03\/Newells-gana-por-primera-vez-en-el-campeonato-por-un.jpg","width":1200,"height":630,"caption":"Kudelka ya dirigi\u00f3 el cl\u00e1sico y ante Platense ser\u00e1 el segundo partido de este ciclo. (Foto: Alan Monz\u00f3n \/ Rosario3)"},{"@type":"BreadcrumbList","@id":"https:\/\/ubirataonline.com.br\/newells-gana-por-primera-vez-en-el-campeonato-por-un-gran-tiro-libre-de-guch\/#breadcrumb","itemListElement":[{"@type":"ListItem","position":1,"name":"In\u00edcio","item":"https:\/\/ubirataonline.com.br\/"},{"@type":"ListItem","position":2,"name":"Newell\u2019s gana por primera vez en el campeonato por un gran tiro libre de Guch"}]},{"@type":"WebSite","@id":"https:\/\/ubirataonline.com.br\/#website","url":"https:\/\/ubirataonline.com.br\/","name":"Ubirat\u00e3 Online Not\u00edcias","description":"Not\u00edcias de Ubirat\u00e3, regi\u00e3o, Brasil e mundo, com informa\u00e7\u00e3o atualizada e compromisso com o leitor.","publisher":{"@id":"https:\/\/ubirataonline.com.br\/#organization"},"alternateName":"Ubirat\u00e3 Online","potentialAction":[{"@type":"SearchAction","target":{"@type":"EntryPoint","urlTemplate":"https:\/\/ubirataonline.com.br\/?s={search_term_string}"},"query-input":{"@type":"PropertyValueSpecification","valueRequired":true,"valueName":"search_term_string"}}],"inLanguage":"en-US"},{"@type":["Organization","Place"],"@id":"https:\/\/ubirataonline.com.br\/#organization","name":"Ubirat\u00e3 Online Not\u00edcias","alternateName":"Ubirat\u00e3 Online","url":"https:\/\/ubirataonline.com.br\/","logo":{"@id":"https:\/\/ubirataonline.com.br\/newells-gana-por-primera-vez-en-el-campeonato-por-un-gran-tiro-libre-de-guch\/#local-main-organization-logo"},"image":{"@id":"https:\/\/ubirataonline.com.br\/newells-gana-por-primera-vez-en-el-campeonato-por-un-gran-tiro-libre-de-guch\/#local-main-organization-logo"},"sameAs":["https:\/\/www.facebook.com\/portalubirataonline","https:\/\/x.com\/ubirataonline","https:\/\/mastodon.social\/@ubirataonline","https:\/\/www.facebook.com\/groups\/311144672285604","https:\/\/www.facebook.com\/UBTAOnline","https:\/\/www.instagram.com\/portalubirataonline\/","https:\/\/twitter.com\/ubirataonline"],"description":"Somos um portal de not\u00edcias independente, criado em 5 de janeiro de 2009, com o objetivo de informar, conectar e valorizar a nossa comunidade de Ubirat\u00e3 e toda aregi\u00e3o. Com conte\u00fado atualizado, confi\u00e1vel e relevante, o Ubirat\u00e3 Online \u00e9 o seu espa\u00e7o para ficar por dentro dos principais acontecimentos locais, regionais, Brasil, Mundo e de interesse geral. Nosso compromisso \u00e9 com a verdade, a transpar\u00eancia e o respeito ao leitor.","legalName":"UBIRATA ONLINE NOT\u00cdCIAS","foundingDate":"2009-01-05","numberOfEmployees":{"@type":"QuantitativeValue","minValue":"1","maxValue":"10"},"publishingPrinciples":"https:\/\/ubirataonline.com.br\/faq\/","address":{"@id":"https:\/\/ubirataonline.com.br\/newells-gana-por-primera-vez-en-el-campeonato-por-un-gran-tiro-libre-de-guch\/#local-main-place-address"},"geo":{"@type":"GeoCoordinates","latitude":"-24.5361401","longitude":"-52.9921776"},"telephone":["+5544998308235"],"contactPoint":{"@type":"ContactPoint","email":"contato@ubirataonline.com.br"},"openingHoursSpecification":{"@type":"OpeningHoursSpecification","dayOfWeek":["Monday","Tuesday","Wednesday","Thursday","Friday","Saturday","Sunday"],"opens":"00:00","closes":"23:59"},"email":"contato@ubirataonline.com.br","vatID":"47.621.418\/0001-80"},{"@type":"Person","@id":"https:\/\/ubirataonline.com.br\/#\/schema\/person\/372f87bbd3fdd79b8556b84c98d0bc1c","name":"REDA\u00c7\u00c3O: UBIRAT\u00c3 ONLINE - F\u00c1BIO AUGUSTO CELESTINO","pronouns":"Ele","description":"Desde 2003 trabalhando com not\u00edcias.","sameAs":["http:\/\/ubirataoline.com.br","https:\/\/www.facebook.com\/portalubirataonline","https:\/\/www.instagram.com\/ubirataonline_oficial","https:\/\/x.com\/x.com\/ubirataonline"],"honorificPrefix":"Mr.","honorificSuffix":"MD","birthDate":"1980-06-16","gender":"masculino","award":["V\u00e1rios pr\u00eamios de melhor portal da cidade"],"jobTitle":"Diretor","url":"https:\/\/ubirataonline.com.br\/en\/author\/ubirataonline\/"},{"@type":"PostalAddress","@id":"https:\/\/ubirataonline.com.br\/newells-gana-por-primera-vez-en-el-campeonato-por-un-gran-tiro-libre-de-guch\/#local-main-place-address","streetAddress":"Rua dos Coqueiros, 104 - Bairro Boa Vista, Rua dos Coqueiros, 104 Bairro Boa Vista","addressLocality":"UBIRATA","postalCode":"85440-000","addressRegion":"PR","addressCountry":"BR"},{"@type":"ImageObject","inLanguage":"en-US","@id":"https:\/\/ubirataonline.com.br\/newells-gana-por-primera-vez-en-el-campeonato-por-un-gran-tiro-libre-de-guch\/#local-main-organization-logo","url":"https:\/\/ubirataonline.com.br\/wp-content\/uploads\/2026\/06\/logoubirataonline-1.webp","contentUrl":"https:\/\/ubirataonline.com.br\/wp-content\/uploads\/2026\/06\/logoubirataonline-1.webp","width":500,"height":500,"caption":"Ubirat\u00e3 Online Not\u00edcias"}]},"geo.placename":"UBIRATA","geo.position":{"lat":"-24.5361401","long":"-52.9921776"},"geo.region":"Brazil"},"_links":{"self":[{"href":"https:\/\/ubirataonline.com.br\/en\/wp-json\/wp\/v2\/posts\/93592","targetHints":{"allow":["GET"]}}],"collection":[{"href":"https:\/\/ubirataonline.com.br\/en\/wp-json\/wp\/v2\/posts"}],"about":[{"href":"https:\/\/ubirataonline.com.br\/en\/wp-json\/wp\/v2\/types\/post"}],"author":[{"embeddable":true,"href":"https:\/\/ubirataonline.com.br\/en\/wp-json\/wp\/v2\/users\/1"}],"replies":[{"embeddable":true,"href":"https:\/\/ubirataonline.com.br\/en\/wp-json\/wp\/v2\/comments?post=93592"}],"version-history":[{"count":0,"href":"https:\/\/ubirataonline.com.br\/en\/wp-json\/wp\/v2\/posts\/93592\/revisions"}],"wp:featuredmedia":[{"embeddable":true,"href":"https:\/\/ubirataonline.com.br\/en\/wp-json\/wp\/v2\/media\/93593"}],"wp:attachment":[{"href":"https:\/\/ubirataonline.com.br\/en\/wp-json\/wp\/v2\/media?parent=93592"}],"wp:term":[{"taxonomy":"category","embeddable":true,"href":"https:\/\/ubirataonline.com.br\/en\/wp-json\/wp\/v2\/categories?post=93592"},{"taxonomy":"post_tag","embeddable":true,"href":"https:\/\/ubirataonline.com.br\/en\/wp-json\/wp\/v2\/tags?post=93592"}],"curies":[{"name":"wp","href":"https:\/\/api.w.org\/{rel}","templated":true}]}}