{"id":93666,"date":"2026-03-11T05:48:31","date_gmt":"2026-03-11T08:48:31","guid":{"rendered":"https:\/\/ubirataonline.com.br\/colider-tem-segunda-feira-chuvosa-e-ceu-carregado-em-09-03-2026\/"},"modified":"2026-03-11T05:48:34","modified_gmt":"2026-03-11T08:48:34","slug":"colider-tem-segunda-feira-chuvosa-e-ceu-carregado-em-09-03-2026","status":"publish","type":"post","link":"https:\/\/ubirataonline.com.br\/en\/colider-tem-segunda-feira-chuvosa-e-ceu-carregado-em-09-03-2026\/","title":{"rendered":"Col\u00edder tem segunda-feira chuvosa e c\u00e9u carregado em 09\/03\/2026"},"content":{"rendered":"<p><\/p>\n<div id=\"cnn-content-area\">\n<p>A segunda-feira (09\/03\/2026) come\u00e7ou com tempo fechado em Col\u00edder, no norte de Mato Grosso. Logo nas primeiras horas do dia, o c\u00e9u permanece totalmente nublado e a umidade elevada cria uma sensa\u00e7\u00e3o de ar pesado na cidade. A temperatura gira em torno de 22\u00b0C, com sensa\u00e7\u00e3o t\u00e9rmica de 23\u00b0C, indicando um clima ameno, por\u00e9m bastante \u00famido.<\/p>\n<p>Com <strong>99% de umidade do ar e probabilidade de chuva de 100%<\/strong>, o cen\u00e1rio aponta para um dia tipicamente chuvoso. A visibilidade tamb\u00e9m fica reduzida, em torno de 6,8 quil\u00f4metros, reflexo das nuvens densas e da presen\u00e7a de precipita\u00e7\u00f5es na regi\u00e3o.<\/p>\n<p>O vento sopra fraco, com velocidade m\u00e9dia de 6,6 km\/h, o que contribui para manter o ar parado e refor\u00e7ar a sensa\u00e7\u00e3o de abafamento leve ao longo do dia. A press\u00e3o atmosf\u00e9rica est\u00e1 em 1011 hPa, dentro da m\u00e9dia para esta \u00e9poca do ano.<\/p>\n<h2>Temperatura deve variar pouco ao longo do dia<\/h2>\n<p>Segundo os dados meteorol\u00f3gicos dispon\u00edveis, a tend\u00eancia \u00e9 de queda leve nas temperaturas ao longo das pr\u00f3ximas horas. Mesmo assim, os term\u00f4metros podem chegar a aproximadamente 27\u00b0C durante a tarde, enquanto a m\u00ednima nas pr\u00f3ximas 24 horas deve ficar pr\u00f3xima de 21\u00b0C.<\/p>\n<p>Esse padr\u00e3o de varia\u00e7\u00e3o moderada \u00e9 comum durante per\u00edodos de instabilidade, quando a presen\u00e7a de nuvens espessas impede tanto o aquecimento intenso quanto a queda acentuada da temperatura.<\/p>\n<h2>Previs\u00e3o indica continuidade do tempo fechado<\/h2>\n<p>Para os pr\u00f3ximos dias, o cen\u00e1rio clim\u00e1tico em Col\u00edder ainda indica bastante nebulosidade. Ap\u00f3s esta segunda-feira marcada por chuva, a previs\u00e3o aponta que a ter\u00e7a-feira (10) e a quarta-feira (11) devem continuar com c\u00e9u predominantemente nublado e temperaturas pr\u00f3ximas de 21\u00b0C.<\/p>\n<p>Embora a intensidade das chuvas possa variar, a presen\u00e7a constante de nuvens sugere um per\u00edodo de tempo inst\u00e1vel, t\u00edpico da esta\u00e7\u00e3o chuvosa em Mato Grosso. Para moradores, produtores rurais e quem precisa se deslocar pela regi\u00e3o, a recomenda\u00e7\u00e3o \u00e9 acompanhar as atualiza\u00e7\u00f5es da previs\u00e3o e se preparar para poss\u00edveis pancadas ao longo do dia.<\/p>\n<p>Mais informa\u00e7\u00f5es sobre o clima em Mato Grosso podem ser acompanhadas na p\u00e1gina de <a href=\"https:\/\/www.cenariomt.com.br\/clima\/\" target=\"_blank\" rel=\"noopener noreferrer\">previs\u00e3o do tempo<\/a>.<\/p>\n<p>Dados fornecidos pela <a href=\"https:\/\/openweathermap.org\/\" target=\"_blank\" rel=\"noopener nofollow noreferrer\">OpenWeather<\/a><\/p>\n<div class=\"code-block code-block-center code-block-87\">\n<div style=\"min-height: 125px; margin: 30px 0; width: 100%; display: block; clear: both;\">\n<div style=\"display: flex; align-items: center; background: #ffffff; border: 1px solid #e1e8ed; border-left: 6px solid #1a73e8; border-radius: 12px; padding: 20px; gap: 15px; box-shadow: 0 4px 12px rgba(0,0,0,0.08); font-family: sans-serif; flex-wrap: wrap;\">\n<div style=\"flex: 1; min-width: 250px;\">\n<p>Google Not\u00edcias<\/p>\n<p>Siga o Cen\u00e1rioMT<\/p>\n<p style=\"font-size: 14px; color: #475569; margin: 5px 0 0 0 !important; line-height: 1.4;\">Receba em primeira m\u00e3o nossas not\u00edcias, tend\u00eancias e exclusivas.<\/p>\n<\/p><\/div>\n<\/p><\/div>\n<\/div>\n<\/div>\n<p><!-- CONTENT END 1 -->\n        <\/div>\n<p><a href=\"https:\/\/cenariomt.com.br\/clima\/colider-tem-segunda-feira-chuvosa-e-ceu-carregado-em-09-03-2026\/\">Fonte do Artigo <\/a><\/p>","protected":false},"excerpt":{"rendered":"<p>A segunda-feira (09\/03\/2026) come\u00e7ou com tempo fechado em Col\u00edder, no norte de Mato Grosso. Logo nas primeiras horas do dia, o c\u00e9u permanece totalmente nublado e a umidade elevada cria uma sensa\u00e7\u00e3o de ar pesado na cidade. A temperatura gira em torno de 22\u00b0C, com sensa\u00e7\u00e3o t\u00e9rmica de 23\u00b0C, indicando um clima ameno, por\u00e9m bastante [&hellip;]<\/p>\n","protected":false},"author":1,"featured_media":93667,"comment_status":"closed","ping_status":"","sticky":false,"template":"","format":"standard","meta":{"googlesitekit_rrm_CAow2JLhCw:productID":"","_gspb_post_css":"","maa_idioma":"","maa_pais":"","footnotes":""},"categories":[4],"tags":[11198,5157,22199,22198,3470,3208],"class_list":["post-93666","post","type-post","status-publish","format-standard","has-post-thumbnail","hentry","category-brasil","tag-carregado","tag-ceu","tag-chuvosa","tag-colider","tag-segundafeira","tag-tem"],"blocksy_meta":[],"yoast_head":"<!-- This site is optimized with the Yoast SEO Premium plugin v27.6 (Yoast SEO v27.6) - https:\/\/yoast.com\/product\/yoast-seo-premium-wordpress\/ -->\n<title>Col\u00edder tem segunda-feira chuvosa e c\u00e9u carregado em 09\/03\/2026 - Ubirat\u00e3 Online Not\u00edcias - A realidade ao seu alcance!<\/title>\n<meta name=\"description\" content=\"A segunda-feira (09\/03\/2026) come\u00e7ou com tempo fechado em Col\u00edder, no norte de Mato Grosso. Logo nas primeiras horas do dia, o c\u00e9u permanece totalmente\" \/>\n<meta name=\"robots\" content=\"index, follow, max-snippet:-1, max-image-preview:large, max-video-preview:-1\" \/>\n<link rel=\"canonical\" href=\"https:\/\/ubirataonline.com.br\/en\/colider-tem-segunda-feira-chuvosa-e-ceu-carregado-em-09-03-2026\/\" \/>\n<meta property=\"og:locale\" content=\"en_US\" \/>\n<meta property=\"og:type\" content=\"article\" \/>\n<meta property=\"og:title\" content=\"Col\u00edder tem segunda-feira chuvosa e c\u00e9u carregado em 09\/03\/2026\" \/>\n<meta property=\"og:description\" content=\"A segunda-feira (09\/03\/2026) come\u00e7ou com tempo fechado em Col\u00edder, no norte de Mato Grosso. Logo nas primeiras horas do dia, o c\u00e9u permanece totalmente\" \/>\n<meta property=\"og:url\" content=\"https:\/\/ubirataonline.com.br\/en\/colider-tem-segunda-feira-chuvosa-e-ceu-carregado-em-09-03-2026\/\" \/>\n<meta property=\"og:site_name\" content=\"Ubirat\u00e3 Online Not\u00edcias - A realidade ao seu alcance!\" \/>\n<meta property=\"article:publisher\" content=\"https:\/\/www.facebook.com\/portalubirataonline\" \/>\n<meta property=\"article:author\" content=\"https:\/\/www.facebook.com\/portalubirataonline\" \/>\n<meta property=\"article:published_time\" content=\"2026-03-11T08:48:31+00:00\" \/>\n<meta property=\"article:modified_time\" content=\"2026-03-11T08:48:34+00:00\" \/>\n<meta property=\"og:image\" content=\"https:\/\/ubirataonline.com.br\/wp-content\/uploads\/2026\/03\/Colider-tem-segunda-feira-chuvosa-e-ceu-carregado-em-09032026.webp.webp\" \/>\n\t<meta property=\"og:image:width\" content=\"1820\" \/>\n\t<meta property=\"og:image:height\" content=\"1024\" \/>\n\t<meta property=\"og:image:type\" content=\"image\/webp\" \/>\n<meta name=\"author\" content=\"REDA\u00c7\u00c3O: UBIRAT\u00c3 ONLINE - F\u00c1BIO AUGUSTO CELESTINO\" \/>\n<meta name=\"twitter:card\" content=\"summary_large_image\" \/>\n<meta name=\"twitter:creator\" content=\"@x.com\/ubirataonline\" \/>\n<meta name=\"twitter:site\" content=\"@ubirataonline\" \/>\n<meta name=\"twitter:label1\" content=\"Written by\" \/>\n\t<meta name=\"twitter:data1\" content=\"REDA\u00c7\u00c3O: UBIRAT\u00c3 ONLINE - F\u00c1BIO AUGUSTO CELESTINO\" \/>\n\t<meta name=\"twitter:label2\" content=\"Est. reading time\" \/>\n\t<meta name=\"twitter:data2\" content=\"2 minutes\" \/>\n<script type=\"application\/ld+json\" class=\"yoast-schema-graph\">{\"@context\":\"https:\\\/\\\/schema.org\",\"@graph\":[{\"@type\":\"NewsArticle\",\"@id\":\"https:\\\/\\\/ubirataonline.com.br\\\/colider-tem-segunda-feira-chuvosa-e-ceu-carregado-em-09-03-2026\\\/#article\",\"isPartOf\":{\"@id\":\"https:\\\/\\\/ubirataonline.com.br\\\/colider-tem-segunda-feira-chuvosa-e-ceu-carregado-em-09-03-2026\\\/\"},\"author\":{\"name\":\"REDA\u00c7\u00c3O: UBIRAT\u00c3 ONLINE - F\u00c1BIO AUGUSTO CELESTINO\",\"@id\":\"https:\\\/\\\/ubirataonline.com.br\\\/#\\\/schema\\\/person\\\/372f87bbd3fdd79b8556b84c98d0bc1c\"},\"headline\":\"Col\u00edder tem segunda-feira chuvosa e c\u00e9u carregado em 09\\\/03\\\/2026\",\"datePublished\":\"2026-03-11T08:48:31+00:00\",\"dateModified\":\"2026-03-11T08:48:34+00:00\",\"mainEntityOfPage\":{\"@id\":\"https:\\\/\\\/ubirataonline.com.br\\\/colider-tem-segunda-feira-chuvosa-e-ceu-carregado-em-09-03-2026\\\/\"},\"wordCount\":416,\"publisher\":{\"@id\":\"https:\\\/\\\/ubirataonline.com.br\\\/#organization\"},\"image\":{\"@id\":\"https:\\\/\\\/ubirataonline.com.br\\\/colider-tem-segunda-feira-chuvosa-e-ceu-carregado-em-09-03-2026\\\/#primaryimage\"},\"thumbnailUrl\":\"https:\\\/\\\/ubirataonline.com.br\\\/wp-content\\\/uploads\\\/2026\\\/03\\\/Colider-tem-segunda-feira-chuvosa-e-ceu-carregado-em-09032026.webp.webp\",\"keywords\":[\"carregado\",\"c\u00e9u\",\"chuvosa\",\"Col\u00edder\",\"segundafeira\",\"tem\"],\"articleSection\":[\"Brasil\"],\"inLanguage\":\"en-US\",\"copyrightYear\":\"2026\",\"copyrightHolder\":{\"@id\":\"https:\\\/\\\/ubirataonline.com.br\\\/en\\\/#organization\"}},{\"@type\":\"WebPage\",\"@id\":\"https:\\\/\\\/ubirataonline.com.br\\\/colider-tem-segunda-feira-chuvosa-e-ceu-carregado-em-09-03-2026\\\/\",\"url\":\"https:\\\/\\\/ubirataonline.com.br\\\/colider-tem-segunda-feira-chuvosa-e-ceu-carregado-em-09-03-2026\\\/\",\"name\":\"Col\u00edder tem segunda-feira chuvosa e c\u00e9u carregado em 09\\\/03\\\/2026 - Ubirat\u00e3 Online Not\u00edcias - A realidade ao seu alcance!\",\"isPartOf\":{\"@id\":\"https:\\\/\\\/ubirataonline.com.br\\\/#website\"},\"primaryImageOfPage\":{\"@id\":\"https:\\\/\\\/ubirataonline.com.br\\\/colider-tem-segunda-feira-chuvosa-e-ceu-carregado-em-09-03-2026\\\/#primaryimage\"},\"image\":{\"@id\":\"https:\\\/\\\/ubirataonline.com.br\\\/colider-tem-segunda-feira-chuvosa-e-ceu-carregado-em-09-03-2026\\\/#primaryimage\"},\"thumbnailUrl\":\"https:\\\/\\\/ubirataonline.com.br\\\/wp-content\\\/uploads\\\/2026\\\/03\\\/Colider-tem-segunda-feira-chuvosa-e-ceu-carregado-em-09032026.webp.webp\",\"datePublished\":\"2026-03-11T08:48:31+00:00\",\"dateModified\":\"2026-03-11T08:48:34+00:00\",\"description\":\"A segunda-feira (09\\\/03\\\/2026) come\u00e7ou com tempo fechado em Col\u00edder, no norte de Mato Grosso. Logo nas primeiras horas do dia, o c\u00e9u permanece totalmente\",\"breadcrumb\":{\"@id\":\"https:\\\/\\\/ubirataonline.com.br\\\/colider-tem-segunda-feira-chuvosa-e-ceu-carregado-em-09-03-2026\\\/#breadcrumb\"},\"inLanguage\":\"en-US\",\"potentialAction\":[{\"@type\":\"ReadAction\",\"target\":[\"https:\\\/\\\/ubirataonline.com.br\\\/colider-tem-segunda-feira-chuvosa-e-ceu-carregado-em-09-03-2026\\\/\"]}]},{\"@type\":\"ImageObject\",\"inLanguage\":\"en-US\",\"@id\":\"https:\\\/\\\/ubirataonline.com.br\\\/colider-tem-segunda-feira-chuvosa-e-ceu-carregado-em-09-03-2026\\\/#primaryimage\",\"url\":\"https:\\\/\\\/ubirataonline.com.br\\\/wp-content\\\/uploads\\\/2026\\\/03\\\/Colider-tem-segunda-feira-chuvosa-e-ceu-carregado-em-09032026.webp.webp\",\"contentUrl\":\"https:\\\/\\\/ubirataonline.com.br\\\/wp-content\\\/uploads\\\/2026\\\/03\\\/Colider-tem-segunda-feira-chuvosa-e-ceu-carregado-em-09032026.webp.webp\",\"width\":1820,\"height\":1024,\"caption\":\"Col\u00edder tem segunda-feira chuvosa e c\u00e9u carregado em 09\\\/03\\\/2026\"},{\"@type\":\"BreadcrumbList\",\"@id\":\"https:\\\/\\\/ubirataonline.com.br\\\/colider-tem-segunda-feira-chuvosa-e-ceu-carregado-em-09-03-2026\\\/#breadcrumb\",\"itemListElement\":[{\"@type\":\"ListItem\",\"position\":1,\"name\":\"In\u00edcio\",\"item\":\"https:\\\/\\\/ubirataonline.com.br\\\/\"},{\"@type\":\"ListItem\",\"position\":2,\"name\":\"Col\u00edder tem segunda-feira chuvosa e c\u00e9u carregado em 09\\\/03\\\/2026\"}]},{\"@type\":\"WebSite\",\"@id\":\"https:\\\/\\\/ubirataonline.com.br\\\/#website\",\"url\":\"https:\\\/\\\/ubirataonline.com.br\\\/\",\"name\":\"Ubirat\u00e3 Online Not\u00edcias\",\"description\":\"Not\u00edcias de Ubirat\u00e3, regi\u00e3o, Brasil e mundo, com informa\u00e7\u00e3o atualizada e compromisso com o leitor.\",\"publisher\":{\"@id\":\"https:\\\/\\\/ubirataonline.com.br\\\/#organization\"},\"alternateName\":\"Ubirat\u00e3 Online\",\"potentialAction\":[{\"@type\":\"SearchAction\",\"target\":{\"@type\":\"EntryPoint\",\"urlTemplate\":\"https:\\\/\\\/ubirataonline.com.br\\\/?s={search_term_string}\"},\"query-input\":{\"@type\":\"PropertyValueSpecification\",\"valueRequired\":true,\"valueName\":\"search_term_string\"}}],\"inLanguage\":\"en-US\"},{\"@type\":[\"Organization\",\"Place\"],\"@id\":\"https:\\\/\\\/ubirataonline.com.br\\\/#organization\",\"name\":\"Ubirat\u00e3 Online Not\u00edcias\",\"alternateName\":\"Ubirat\u00e3 Online\",\"url\":\"https:\\\/\\\/ubirataonline.com.br\\\/\",\"logo\":{\"@id\":\"https:\\\/\\\/ubirataonline.com.br\\\/colider-tem-segunda-feira-chuvosa-e-ceu-carregado-em-09-03-2026\\\/#local-main-organization-logo\"},\"image\":{\"@id\":\"https:\\\/\\\/ubirataonline.com.br\\\/colider-tem-segunda-feira-chuvosa-e-ceu-carregado-em-09-03-2026\\\/#local-main-organization-logo\"},\"sameAs\":[\"https:\\\/\\\/www.facebook.com\\\/portalubirataonline\",\"https:\\\/\\\/x.com\\\/ubirataonline\",\"https:\\\/\\\/mastodon.social\\\/@ubirataonline\",\"https:\\\/\\\/www.facebook.com\\\/groups\\\/311144672285604\",\"https:\\\/\\\/www.facebook.com\\\/UBTAOnline\",\"https:\\\/\\\/www.instagram.com\\\/portalubirataonline\\\/\",\"https:\\\/\\\/twitter.com\\\/ubirataonline\"],\"description\":\"Somos um portal de not\u00edcias independente, criado em 5 de janeiro de 2009, com o objetivo de informar, conectar e valorizar a nossa comunidade de Ubirat\u00e3 e toda aregi\u00e3o. Com conte\u00fado atualizado, confi\u00e1vel e relevante, o Ubirat\u00e3 Online \u00e9 o seu espa\u00e7o para ficar por dentro dos principais acontecimentos locais, regionais, Brasil, Mundo e de interesse geral. Nosso compromisso \u00e9 com a verdade, a transpar\u00eancia e o respeito ao leitor.\",\"legalName\":\"UBIRATA ONLINE NOT\u00cdCIAS\",\"foundingDate\":\"2009-01-05\",\"numberOfEmployees\":{\"@type\":\"QuantitativeValue\",\"minValue\":\"1\",\"maxValue\":\"10\"},\"publishingPrinciples\":\"https:\\\/\\\/ubirataonline.com.br\\\/faq\\\/\",\"address\":{\"@id\":\"https:\\\/\\\/ubirataonline.com.br\\\/colider-tem-segunda-feira-chuvosa-e-ceu-carregado-em-09-03-2026\\\/#local-main-place-address\"},\"geo\":{\"@type\":\"GeoCoordinates\",\"latitude\":\"-24.5361401\",\"longitude\":\"-52.9921776\"},\"telephone\":[\"+5544998308235\"],\"contactPoint\":{\"@type\":\"ContactPoint\",\"email\":\"contato@ubirataonline.com.br\"},\"openingHoursSpecification\":{\"@type\":\"OpeningHoursSpecification\",\"dayOfWeek\":[\"Monday\",\"Tuesday\",\"Wednesday\",\"Thursday\",\"Friday\",\"Saturday\",\"Sunday\"],\"opens\":\"00:00\",\"closes\":\"23:59\"},\"email\":\"contato@ubirataonline.com.br\",\"vatID\":\"47.621.418\\\/0001-80\"},{\"@type\":\"Person\",\"@id\":\"https:\\\/\\\/ubirataonline.com.br\\\/#\\\/schema\\\/person\\\/372f87bbd3fdd79b8556b84c98d0bc1c\",\"name\":\"REDA\u00c7\u00c3O: UBIRAT\u00c3 ONLINE - F\u00c1BIO AUGUSTO CELESTINO\",\"pronouns\":\"Ele\",\"description\":\"Desde 2003 trabalhando com not\u00edcias.\",\"sameAs\":[\"http:\\\/\\\/ubirataoline.com.br\",\"https:\\\/\\\/www.facebook.com\\\/portalubirataonline\",\"https:\\\/\\\/www.instagram.com\\\/ubirataonline_oficial\",\"https:\\\/\\\/x.com\\\/x.com\\\/ubirataonline\"],\"honorificPrefix\":\"Mr.\",\"honorificSuffix\":\"MD\",\"birthDate\":\"1980-06-16\",\"gender\":\"masculino\",\"award\":[\"V\u00e1rios pr\u00eamios de melhor portal da cidade\"],\"jobTitle\":\"Diretor\",\"url\":\"https:\\\/\\\/ubirataonline.com.br\\\/en\\\/author\\\/ubirataonline\\\/\"},{\"@type\":\"PostalAddress\",\"@id\":\"https:\\\/\\\/ubirataonline.com.br\\\/colider-tem-segunda-feira-chuvosa-e-ceu-carregado-em-09-03-2026\\\/#local-main-place-address\",\"streetAddress\":\"Rua dos Coqueiros, 104 - Bairro Boa Vista, Rua dos Coqueiros, 104 Bairro Boa Vista\",\"addressLocality\":\"UBIRATA\",\"postalCode\":\"85440-000\",\"addressRegion\":\"PR\",\"addressCountry\":\"BR\"},{\"@type\":\"ImageObject\",\"inLanguage\":\"en-US\",\"@id\":\"https:\\\/\\\/ubirataonline.com.br\\\/colider-tem-segunda-feira-chuvosa-e-ceu-carregado-em-09-03-2026\\\/#local-main-organization-logo\",\"url\":\"https:\\\/\\\/ubirataonline.com.br\\\/wp-content\\\/uploads\\\/2026\\\/06\\\/logoubirataonline-1.webp\",\"contentUrl\":\"https:\\\/\\\/ubirataonline.com.br\\\/wp-content\\\/uploads\\\/2026\\\/06\\\/logoubirataonline-1.webp\",\"width\":500,\"height\":500,\"caption\":\"Ubirat\u00e3 Online Not\u00edcias\"}]}<\/script>\n<meta name=\"geo.placename\" content=\"UBIRATA\" \/>\n<meta name=\"geo.position\" content=\"-24.5361401;-52.9921776\" \/>\n<meta name=\"geo.region\" content=\"Brazil\" \/>\n<!-- \/ Yoast SEO Premium plugin. -->","yoast_head_json":{"title":"Col\u00edder tem segunda-feira chuvosa e c\u00e9u carregado em 09\/03\/2026 - Ubirat\u00e3 Online Not\u00edcias - A realidade ao seu alcance!","description":"A segunda-feira (09\/03\/2026) come\u00e7ou com tempo fechado em Col\u00edder, no norte de Mato Grosso. Logo nas primeiras horas do dia, o c\u00e9u permanece totalmente","robots":{"index":"index","follow":"follow","max-snippet":"max-snippet:-1","max-image-preview":"max-image-preview:large","max-video-preview":"max-video-preview:-1"},"canonical":"https:\/\/ubirataonline.com.br\/en\/colider-tem-segunda-feira-chuvosa-e-ceu-carregado-em-09-03-2026\/","og_locale":"en_US","og_type":"article","og_title":"Col\u00edder tem segunda-feira chuvosa e c\u00e9u carregado em 09\/03\/2026","og_description":"A segunda-feira (09\/03\/2026) come\u00e7ou com tempo fechado em Col\u00edder, no norte de Mato Grosso. Logo nas primeiras horas do dia, o c\u00e9u permanece totalmente","og_url":"https:\/\/ubirataonline.com.br\/en\/colider-tem-segunda-feira-chuvosa-e-ceu-carregado-em-09-03-2026\/","og_site_name":"Ubirat\u00e3 Online Not\u00edcias - A realidade ao seu alcance!","article_publisher":"https:\/\/www.facebook.com\/portalubirataonline","article_author":"https:\/\/www.facebook.com\/portalubirataonline","article_published_time":"2026-03-11T08:48:31+00:00","article_modified_time":"2026-03-11T08:48:34+00:00","og_image":[{"width":1820,"height":1024,"url":"https:\/\/ubirataonline.com.br\/wp-content\/uploads\/2026\/03\/Colider-tem-segunda-feira-chuvosa-e-ceu-carregado-em-09032026.webp.webp","type":"image\/webp"}],"author":"REDA\u00c7\u00c3O: UBIRAT\u00c3 ONLINE - F\u00c1BIO AUGUSTO CELESTINO","twitter_card":"summary_large_image","twitter_creator":"@x.com\/ubirataonline","twitter_site":"@ubirataonline","twitter_misc":{"Written by":"REDA\u00c7\u00c3O: UBIRAT\u00c3 ONLINE - F\u00c1BIO AUGUSTO CELESTINO","Est. reading time":"2 minutes"},"schema":{"@context":"https:\/\/schema.org","@graph":[{"@type":"NewsArticle","@id":"https:\/\/ubirataonline.com.br\/colider-tem-segunda-feira-chuvosa-e-ceu-carregado-em-09-03-2026\/#article","isPartOf":{"@id":"https:\/\/ubirataonline.com.br\/colider-tem-segunda-feira-chuvosa-e-ceu-carregado-em-09-03-2026\/"},"author":{"name":"REDA\u00c7\u00c3O: UBIRAT\u00c3 ONLINE - F\u00c1BIO AUGUSTO CELESTINO","@id":"https:\/\/ubirataonline.com.br\/#\/schema\/person\/372f87bbd3fdd79b8556b84c98d0bc1c"},"headline":"Col\u00edder tem segunda-feira chuvosa e c\u00e9u carregado em 09\/03\/2026","datePublished":"2026-03-11T08:48:31+00:00","dateModified":"2026-03-11T08:48:34+00:00","mainEntityOfPage":{"@id":"https:\/\/ubirataonline.com.br\/colider-tem-segunda-feira-chuvosa-e-ceu-carregado-em-09-03-2026\/"},"wordCount":416,"publisher":{"@id":"https:\/\/ubirataonline.com.br\/#organization"},"image":{"@id":"https:\/\/ubirataonline.com.br\/colider-tem-segunda-feira-chuvosa-e-ceu-carregado-em-09-03-2026\/#primaryimage"},"thumbnailUrl":"https:\/\/ubirataonline.com.br\/wp-content\/uploads\/2026\/03\/Colider-tem-segunda-feira-chuvosa-e-ceu-carregado-em-09032026.webp.webp","keywords":["carregado","c\u00e9u","chuvosa","Col\u00edder","segundafeira","tem"],"articleSection":["Brasil"],"inLanguage":"en-US","copyrightYear":"2026","copyrightHolder":{"@id":"https:\/\/ubirataonline.com.br\/en\/#organization"}},{"@type":"WebPage","@id":"https:\/\/ubirataonline.com.br\/colider-tem-segunda-feira-chuvosa-e-ceu-carregado-em-09-03-2026\/","url":"https:\/\/ubirataonline.com.br\/colider-tem-segunda-feira-chuvosa-e-ceu-carregado-em-09-03-2026\/","name":"Col\u00edder tem segunda-feira chuvosa e c\u00e9u carregado em 09\/03\/2026 - Ubirat\u00e3 Online Not\u00edcias - A realidade ao seu alcance!","isPartOf":{"@id":"https:\/\/ubirataonline.com.br\/#website"},"primaryImageOfPage":{"@id":"https:\/\/ubirataonline.com.br\/colider-tem-segunda-feira-chuvosa-e-ceu-carregado-em-09-03-2026\/#primaryimage"},"image":{"@id":"https:\/\/ubirataonline.com.br\/colider-tem-segunda-feira-chuvosa-e-ceu-carregado-em-09-03-2026\/#primaryimage"},"thumbnailUrl":"https:\/\/ubirataonline.com.br\/wp-content\/uploads\/2026\/03\/Colider-tem-segunda-feira-chuvosa-e-ceu-carregado-em-09032026.webp.webp","datePublished":"2026-03-11T08:48:31+00:00","dateModified":"2026-03-11T08:48:34+00:00","description":"A segunda-feira (09\/03\/2026) come\u00e7ou com tempo fechado em Col\u00edder, no norte de Mato Grosso. Logo nas primeiras horas do dia, o c\u00e9u permanece totalmente","breadcrumb":{"@id":"https:\/\/ubirataonline.com.br\/colider-tem-segunda-feira-chuvosa-e-ceu-carregado-em-09-03-2026\/#breadcrumb"},"inLanguage":"en-US","potentialAction":[{"@type":"ReadAction","target":["https:\/\/ubirataonline.com.br\/colider-tem-segunda-feira-chuvosa-e-ceu-carregado-em-09-03-2026\/"]}]},{"@type":"ImageObject","inLanguage":"en-US","@id":"https:\/\/ubirataonline.com.br\/colider-tem-segunda-feira-chuvosa-e-ceu-carregado-em-09-03-2026\/#primaryimage","url":"https:\/\/ubirataonline.com.br\/wp-content\/uploads\/2026\/03\/Colider-tem-segunda-feira-chuvosa-e-ceu-carregado-em-09032026.webp.webp","contentUrl":"https:\/\/ubirataonline.com.br\/wp-content\/uploads\/2026\/03\/Colider-tem-segunda-feira-chuvosa-e-ceu-carregado-em-09032026.webp.webp","width":1820,"height":1024,"caption":"Col\u00edder tem segunda-feira chuvosa e c\u00e9u carregado em 09\/03\/2026"},{"@type":"BreadcrumbList","@id":"https:\/\/ubirataonline.com.br\/colider-tem-segunda-feira-chuvosa-e-ceu-carregado-em-09-03-2026\/#breadcrumb","itemListElement":[{"@type":"ListItem","position":1,"name":"In\u00edcio","item":"https:\/\/ubirataonline.com.br\/"},{"@type":"ListItem","position":2,"name":"Col\u00edder tem segunda-feira chuvosa e c\u00e9u carregado em 09\/03\/2026"}]},{"@type":"WebSite","@id":"https:\/\/ubirataonline.com.br\/#website","url":"https:\/\/ubirataonline.com.br\/","name":"Ubirat\u00e3 Online Not\u00edcias","description":"Not\u00edcias de Ubirat\u00e3, regi\u00e3o, Brasil e mundo, com informa\u00e7\u00e3o atualizada e compromisso com o leitor.","publisher":{"@id":"https:\/\/ubirataonline.com.br\/#organization"},"alternateName":"Ubirat\u00e3 Online","potentialAction":[{"@type":"SearchAction","target":{"@type":"EntryPoint","urlTemplate":"https:\/\/ubirataonline.com.br\/?s={search_term_string}"},"query-input":{"@type":"PropertyValueSpecification","valueRequired":true,"valueName":"search_term_string"}}],"inLanguage":"en-US"},{"@type":["Organization","Place"],"@id":"https:\/\/ubirataonline.com.br\/#organization","name":"Ubirat\u00e3 Online Not\u00edcias","alternateName":"Ubirat\u00e3 Online","url":"https:\/\/ubirataonline.com.br\/","logo":{"@id":"https:\/\/ubirataonline.com.br\/colider-tem-segunda-feira-chuvosa-e-ceu-carregado-em-09-03-2026\/#local-main-organization-logo"},"image":{"@id":"https:\/\/ubirataonline.com.br\/colider-tem-segunda-feira-chuvosa-e-ceu-carregado-em-09-03-2026\/#local-main-organization-logo"},"sameAs":["https:\/\/www.facebook.com\/portalubirataonline","https:\/\/x.com\/ubirataonline","https:\/\/mastodon.social\/@ubirataonline","https:\/\/www.facebook.com\/groups\/311144672285604","https:\/\/www.facebook.com\/UBTAOnline","https:\/\/www.instagram.com\/portalubirataonline\/","https:\/\/twitter.com\/ubirataonline"],"description":"Somos um portal de not\u00edcias independente, criado em 5 de janeiro de 2009, com o objetivo de informar, conectar e valorizar a nossa comunidade de Ubirat\u00e3 e toda aregi\u00e3o. Com conte\u00fado atualizado, confi\u00e1vel e relevante, o Ubirat\u00e3 Online \u00e9 o seu espa\u00e7o para ficar por dentro dos principais acontecimentos locais, regionais, Brasil, Mundo e de interesse geral. Nosso compromisso \u00e9 com a verdade, a transpar\u00eancia e o respeito ao leitor.","legalName":"UBIRATA ONLINE NOT\u00cdCIAS","foundingDate":"2009-01-05","numberOfEmployees":{"@type":"QuantitativeValue","minValue":"1","maxValue":"10"},"publishingPrinciples":"https:\/\/ubirataonline.com.br\/faq\/","address":{"@id":"https:\/\/ubirataonline.com.br\/colider-tem-segunda-feira-chuvosa-e-ceu-carregado-em-09-03-2026\/#local-main-place-address"},"geo":{"@type":"GeoCoordinates","latitude":"-24.5361401","longitude":"-52.9921776"},"telephone":["+5544998308235"],"contactPoint":{"@type":"ContactPoint","email":"contato@ubirataonline.com.br"},"openingHoursSpecification":{"@type":"OpeningHoursSpecification","dayOfWeek":["Monday","Tuesday","Wednesday","Thursday","Friday","Saturday","Sunday"],"opens":"00:00","closes":"23:59"},"email":"contato@ubirataonline.com.br","vatID":"47.621.418\/0001-80"},{"@type":"Person","@id":"https:\/\/ubirataonline.com.br\/#\/schema\/person\/372f87bbd3fdd79b8556b84c98d0bc1c","name":"REDA\u00c7\u00c3O: UBIRAT\u00c3 ONLINE - F\u00c1BIO AUGUSTO CELESTINO","pronouns":"Ele","description":"Desde 2003 trabalhando com not\u00edcias.","sameAs":["http:\/\/ubirataoline.com.br","https:\/\/www.facebook.com\/portalubirataonline","https:\/\/www.instagram.com\/ubirataonline_oficial","https:\/\/x.com\/x.com\/ubirataonline"],"honorificPrefix":"Mr.","honorificSuffix":"MD","birthDate":"1980-06-16","gender":"masculino","award":["V\u00e1rios pr\u00eamios de melhor portal da cidade"],"jobTitle":"Diretor","url":"https:\/\/ubirataonline.com.br\/en\/author\/ubirataonline\/"},{"@type":"PostalAddress","@id":"https:\/\/ubirataonline.com.br\/colider-tem-segunda-feira-chuvosa-e-ceu-carregado-em-09-03-2026\/#local-main-place-address","streetAddress":"Rua dos Coqueiros, 104 - Bairro Boa Vista, Rua dos Coqueiros, 104 Bairro Boa Vista","addressLocality":"UBIRATA","postalCode":"85440-000","addressRegion":"PR","addressCountry":"BR"},{"@type":"ImageObject","inLanguage":"en-US","@id":"https:\/\/ubirataonline.com.br\/colider-tem-segunda-feira-chuvosa-e-ceu-carregado-em-09-03-2026\/#local-main-organization-logo","url":"https:\/\/ubirataonline.com.br\/wp-content\/uploads\/2026\/06\/logoubirataonline-1.webp","contentUrl":"https:\/\/ubirataonline.com.br\/wp-content\/uploads\/2026\/06\/logoubirataonline-1.webp","width":500,"height":500,"caption":"Ubirat\u00e3 Online Not\u00edcias"}]},"geo.placename":"UBIRATA","geo.position":{"lat":"-24.5361401","long":"-52.9921776"},"geo.region":"Brazil"},"_links":{"self":[{"href":"https:\/\/ubirataonline.com.br\/en\/wp-json\/wp\/v2\/posts\/93666","targetHints":{"allow":["GET"]}}],"collection":[{"href":"https:\/\/ubirataonline.com.br\/en\/wp-json\/wp\/v2\/posts"}],"about":[{"href":"https:\/\/ubirataonline.com.br\/en\/wp-json\/wp\/v2\/types\/post"}],"author":[{"embeddable":true,"href":"https:\/\/ubirataonline.com.br\/en\/wp-json\/wp\/v2\/users\/1"}],"replies":[{"embeddable":true,"href":"https:\/\/ubirataonline.com.br\/en\/wp-json\/wp\/v2\/comments?post=93666"}],"version-history":[{"count":0,"href":"https:\/\/ubirataonline.com.br\/en\/wp-json\/wp\/v2\/posts\/93666\/revisions"}],"wp:featuredmedia":[{"embeddable":true,"href":"https:\/\/ubirataonline.com.br\/en\/wp-json\/wp\/v2\/media\/93667"}],"wp:attachment":[{"href":"https:\/\/ubirataonline.com.br\/en\/wp-json\/wp\/v2\/media?parent=93666"}],"wp:term":[{"taxonomy":"category","embeddable":true,"href":"https:\/\/ubirataonline.com.br\/en\/wp-json\/wp\/v2\/categories?post=93666"},{"taxonomy":"post_tag","embeddable":true,"href":"https:\/\/ubirataonline.com.br\/en\/wp-json\/wp\/v2\/tags?post=93666"}],"curies":[{"name":"wp","href":"https:\/\/api.w.org\/{rel}","templated":true}]}}