{"id":93677,"date":"2026-03-11T06:49:36","date_gmt":"2026-03-11T09:49:36","guid":{"rendered":"https:\/\/ubirataonline.com.br\/terca-feira-10-03-anoitece-com-previsao-de-chuva-na-cidade-do-rio-confira-a-previsao-ate-sabado-14-03\/"},"modified":"2026-03-11T06:49:38","modified_gmt":"2026-03-11T09:49:38","slug":"terca-feira-10-03-anoitece-com-previsao-de-chuva-na-cidade-do-rio-confira-a-previsao-ate-sabado-14-03","status":"publish","type":"post","link":"https:\/\/ubirataonline.com.br\/en\/terca-feira-10-03-anoitece-com-previsao-de-chuva-na-cidade-do-rio-confira-a-previsao-ate-sabado-14-03\/","title":{"rendered":"Ter\u00e7a-feira (10\/03) anoitece com previs\u00e3o de chuva na cidade do Rio | Confira a previs\u00e3o at\u00e9 s\u00e1bado (14\/03)"},"content":{"rendered":"<p><\/p>\n<div>\n<p>Segundo o Alerta Rio, a previs\u00e3o para a noite desta ter\u00e7a-feira (10\/03) \u00e9 de c\u00e9u nublado a encoberto, com chuva fraca a moderada e ventos moderados. Ao longo do dia, o transporte de umidade do oceano em dire\u00e7\u00e3o ao continente influenciaram o tempo na cidade. Assim, o c\u00e9u esteve encoberto a nublado e houve registro de chuva fraca a moderada isolada. Os ventos ficaram fracos a moderados, sendo mais intensos no per\u00edodo da tarde; as temperaturas permaneceram est\u00e1veis em rela\u00e7\u00e3o ao dia anterior, com m\u00ednima registrada de 21,0\u00b0C e m\u00e1xima registrada de 28,3\u00b0C.<\/p>\n<\/p>\n<p><strong>PREVIS\u00c3O PARA OS PR\u00d3XIMOS DIAS<\/strong><\/p>\n<p>Na quarta-feira (11\/03), o transporte de umidade do oceano em dire\u00e7\u00e3o ao continente mant\u00e9m o tempo inst\u00e1vel. A previs\u00e3o \u00e9 de c\u00e9u nublado a encoberto com chuva fraca a moderada isolada a qualquer momento. Os ventos estar\u00e3o moderados.<\/p>\n<p>Na quinta-feira (12\/03), em fun\u00e7\u00e3o de \u00e1reas de instabilidade, a previs\u00e3o para a cidade do Rio \u00e9 de c\u00e9u nublado a encoberto com pancadas isoladas de chuva moderada a qualquer momento. Os ventos estar\u00e3o moderados.\u00a0J\u00e1 na sexta-feira e no s\u00e1bado (13\/03 e 14\/03), a forma\u00e7\u00e3o e posterior atua\u00e7\u00e3o de um sistema de baixa press\u00e3o na costa do estado do Rio, manter\u00e1 o tempo inst\u00e1vel na capital fluminense. O c\u00e9u estar\u00e1 nublado e a previs\u00e3o \u00e9 de pancadas de chuva isoladas durante tarde e noite nos dois dias. Os ventos estar\u00e3o moderados.<\/p>\n<p><img loading=\"lazy\" decoding=\"async\" class=\"alignnone size-full wp-image-50327\" src=\"https:\/\/cor.rio\/wp-content\/uploads\/2026\/03\/Captura-de-tela-2026-03-10-164352.png\" alt=\"\" width=\"751\" height=\"333\" srcset=\"https:\/\/cor.rio\/wp-content\/uploads\/2026\/03\/Captura-de-tela-2026-03-10-164352.png 751w, https:\/\/cor.rio\/wp-content\/uploads\/2026\/03\/Captura-de-tela-2026-03-10-164352-300x133.png 300w, https:\/\/cor.rio\/wp-content\/uploads\/2026\/03\/Captura-de-tela-2026-03-10-164352-600x266.png 600w\" sizes=\"auto, (max-width: 751px) 100vw, 751px\"\/><\/p>\n<p>Foto: @<span class=\"x1lliihq x1plvlek xryxfnj x1n2onr6 xyejjpt x15dsfln x193iq5w xeuugli x1fj9vlw x13faqbe x1vvkbs x1s928wv xhkezso x1gmr53x x1cpjm7i x1fgarty x1943h6x x1i0vuye xvs91rp x1s688f x5n08af x10wh9bi xpm28yp x8viiok x1o7cslx\" dir=\"auto\">marxmarilia (via Instagram)<\/span><\/p>\n<\/p><\/div>\n<p><a href=\"https:\/\/cor.rio\/terca-feira-10-03-anoitece-com-previsao-de-chuva-na-cidade-do-rio-confira-a-previsao-ate-sabado-14-03\/\">Fonte do Artigo <\/a><\/p>","protected":false},"excerpt":{"rendered":"<p>Segundo o Alerta Rio, a previs\u00e3o para a noite desta ter\u00e7a-feira (10\/03) \u00e9 de c\u00e9u nublado a encoberto, com chuva fraca a moderada e ventos moderados. Ao longo do dia, o transporte de umidade do oceano em dire\u00e7\u00e3o ao continente influenciaram o tempo na cidade. Assim, o c\u00e9u esteve encoberto a nublado e houve registro [&hellip;]<\/p>\n","protected":false},"author":1,"featured_media":93678,"comment_status":"closed","ping_status":"","sticky":false,"template":"","format":"standard","meta":{"googlesitekit_rrm_CAow2JLhCw:productID":"","_gspb_post_css":"","maa_idioma":"","maa_pais":"","footnotes":""},"categories":[4],"tags":[22218,3452,220,3199,2971,3085,2876,2975,3813],"class_list":["post-93677","post","type-post","status-publish","format-standard","has-post-thumbnail","hentry","category-brasil","tag-anoitece","tag-ate","tag-chuva","tag-cidade","tag-confira","tag-previsao","tag-rio","tag-sabado","tag-tercafeira"],"blocksy_meta":[],"yoast_head":"<!-- This site is optimized with the Yoast SEO Premium plugin v27.6 (Yoast SEO v27.6) - https:\/\/yoast.com\/product\/yoast-seo-premium-wordpress\/ -->\n<title>Ter\u00e7a-feira (10\/03) anoitece com previs\u00e3o de chuva na cidade do Rio | Confira a previs\u00e3o at\u00e9 s\u00e1bado (14\/03) - Ubirat\u00e3 Online Not\u00edcias - A realidade ao seu alcance!<\/title>\n<meta name=\"description\" content=\"Segundo o Alerta Rio, a previs\u00e3o para a noite desta ter\u00e7a-feira (10\/03) \u00e9 de c\u00e9u nublado a encoberto, com chuva fraca a moderada e ventos moderados. Ao\" \/>\n<meta name=\"robots\" content=\"index, follow, max-snippet:-1, max-image-preview:large, max-video-preview:-1\" \/>\n<link rel=\"canonical\" href=\"https:\/\/ubirataonline.com.br\/en\/terca-feira-10-03-anoitece-com-previsao-de-chuva-na-cidade-do-rio-confira-a-previsao-ate-sabado-14-03\/\" \/>\n<meta property=\"og:locale\" content=\"en_US\" \/>\n<meta property=\"og:type\" content=\"article\" \/>\n<meta property=\"og:title\" content=\"Ter\u00e7a-feira (10\/03) anoitece com previs\u00e3o de chuva na cidade do Rio | Confira a previs\u00e3o at\u00e9 s\u00e1bado (14\/03)\" \/>\n<meta property=\"og:description\" content=\"Segundo o Alerta Rio, a previs\u00e3o para a noite desta ter\u00e7a-feira (10\/03) \u00e9 de c\u00e9u nublado a encoberto, com chuva fraca a moderada e ventos moderados. Ao\" \/>\n<meta property=\"og:url\" content=\"https:\/\/ubirataonline.com.br\/en\/terca-feira-10-03-anoitece-com-previsao-de-chuva-na-cidade-do-rio-confira-a-previsao-ate-sabado-14-03\/\" \/>\n<meta property=\"og:site_name\" content=\"Ubirat\u00e3 Online Not\u00edcias - A realidade ao seu alcance!\" \/>\n<meta property=\"article:publisher\" content=\"https:\/\/www.facebook.com\/portalubirataonline\" \/>\n<meta property=\"article:author\" content=\"https:\/\/www.facebook.com\/portalubirataonline\" \/>\n<meta property=\"article:published_time\" content=\"2026-03-11T09:49:36+00:00\" \/>\n<meta property=\"article:modified_time\" content=\"2026-03-11T09:49:38+00:00\" \/>\n<meta property=\"og:image\" content=\"https:\/\/ubirataonline.com.br\/wp-content\/uploads\/2026\/03\/Terca-feira-1003-anoitece-com-previsao-de-chuva-na-cidade-do.jpg\" \/>\n\t<meta property=\"og:image:width\" content=\"1080\" \/>\n\t<meta property=\"og:image:height\" content=\"1075\" \/>\n\t<meta property=\"og:image:type\" content=\"image\/jpeg\" \/>\n<meta name=\"author\" content=\"REDA\u00c7\u00c3O: UBIRAT\u00c3 ONLINE - F\u00c1BIO AUGUSTO CELESTINO\" \/>\n<meta name=\"twitter:card\" content=\"summary_large_image\" \/>\n<meta name=\"twitter:creator\" content=\"@x.com\/ubirataonline\" \/>\n<meta name=\"twitter:site\" content=\"@ubirataonline\" \/>\n<meta name=\"twitter:label1\" content=\"Written by\" \/>\n\t<meta name=\"twitter:data1\" content=\"REDA\u00c7\u00c3O: UBIRAT\u00c3 ONLINE - F\u00c1BIO AUGUSTO CELESTINO\" \/>\n\t<meta name=\"twitter:label2\" content=\"Est. reading time\" \/>\n\t<meta name=\"twitter:data2\" content=\"1 minute\" \/>\n<script type=\"application\/ld+json\" class=\"yoast-schema-graph\">{\"@context\":\"https:\\\/\\\/schema.org\",\"@graph\":[{\"@type\":\"NewsArticle\",\"@id\":\"https:\\\/\\\/ubirataonline.com.br\\\/terca-feira-10-03-anoitece-com-previsao-de-chuva-na-cidade-do-rio-confira-a-previsao-ate-sabado-14-03\\\/#article\",\"isPartOf\":{\"@id\":\"https:\\\/\\\/ubirataonline.com.br\\\/terca-feira-10-03-anoitece-com-previsao-de-chuva-na-cidade-do-rio-confira-a-previsao-ate-sabado-14-03\\\/\"},\"author\":{\"name\":\"REDA\u00c7\u00c3O: UBIRAT\u00c3 ONLINE - F\u00c1BIO AUGUSTO CELESTINO\",\"@id\":\"https:\\\/\\\/ubirataonline.com.br\\\/#\\\/schema\\\/person\\\/372f87bbd3fdd79b8556b84c98d0bc1c\"},\"headline\":\"Ter\u00e7a-feira (10\\\/03) anoitece com previs\u00e3o de chuva na cidade do Rio | Confira a previs\u00e3o at\u00e9 s\u00e1bado (14\\\/03)\",\"datePublished\":\"2026-03-11T09:49:36+00:00\",\"dateModified\":\"2026-03-11T09:49:38+00:00\",\"mainEntityOfPage\":{\"@id\":\"https:\\\/\\\/ubirataonline.com.br\\\/terca-feira-10-03-anoitece-com-previsao-de-chuva-na-cidade-do-rio-confira-a-previsao-ate-sabado-14-03\\\/\"},\"wordCount\":275,\"publisher\":{\"@id\":\"https:\\\/\\\/ubirataonline.com.br\\\/#organization\"},\"image\":{\"@id\":\"https:\\\/\\\/ubirataonline.com.br\\\/terca-feira-10-03-anoitece-com-previsao-de-chuva-na-cidade-do-rio-confira-a-previsao-ate-sabado-14-03\\\/#primaryimage\"},\"thumbnailUrl\":\"https:\\\/\\\/ubirataonline.com.br\\\/wp-content\\\/uploads\\\/2026\\\/03\\\/Terca-feira-1003-anoitece-com-previsao-de-chuva-na-cidade-do.jpg\",\"keywords\":[\"anoitece\",\"at\u00e9\",\"Chuva\",\"cidade\",\"confira\",\"previs\u00e3o\",\"Rio\",\"s\u00e1bado\",\"ter\u00e7afeira\"],\"articleSection\":[\"Brasil\"],\"inLanguage\":\"en-US\",\"copyrightYear\":\"2026\",\"copyrightHolder\":{\"@id\":\"https:\\\/\\\/ubirataonline.com.br\\\/en\\\/#organization\"}},{\"@type\":\"WebPage\",\"@id\":\"https:\\\/\\\/ubirataonline.com.br\\\/terca-feira-10-03-anoitece-com-previsao-de-chuva-na-cidade-do-rio-confira-a-previsao-ate-sabado-14-03\\\/\",\"url\":\"https:\\\/\\\/ubirataonline.com.br\\\/terca-feira-10-03-anoitece-com-previsao-de-chuva-na-cidade-do-rio-confira-a-previsao-ate-sabado-14-03\\\/\",\"name\":\"Ter\u00e7a-feira (10\\\/03) anoitece com previs\u00e3o de chuva na cidade do Rio | Confira a previs\u00e3o at\u00e9 s\u00e1bado (14\\\/03) - Ubirat\u00e3 Online Not\u00edcias - A realidade ao seu alcance!\",\"isPartOf\":{\"@id\":\"https:\\\/\\\/ubirataonline.com.br\\\/#website\"},\"primaryImageOfPage\":{\"@id\":\"https:\\\/\\\/ubirataonline.com.br\\\/terca-feira-10-03-anoitece-com-previsao-de-chuva-na-cidade-do-rio-confira-a-previsao-ate-sabado-14-03\\\/#primaryimage\"},\"image\":{\"@id\":\"https:\\\/\\\/ubirataonline.com.br\\\/terca-feira-10-03-anoitece-com-previsao-de-chuva-na-cidade-do-rio-confira-a-previsao-ate-sabado-14-03\\\/#primaryimage\"},\"thumbnailUrl\":\"https:\\\/\\\/ubirataonline.com.br\\\/wp-content\\\/uploads\\\/2026\\\/03\\\/Terca-feira-1003-anoitece-com-previsao-de-chuva-na-cidade-do.jpg\",\"datePublished\":\"2026-03-11T09:49:36+00:00\",\"dateModified\":\"2026-03-11T09:49:38+00:00\",\"description\":\"Segundo o Alerta Rio, a previs\u00e3o para a noite desta ter\u00e7a-feira (10\\\/03) \u00e9 de c\u00e9u nublado a encoberto, com chuva fraca a moderada e ventos moderados. Ao\",\"breadcrumb\":{\"@id\":\"https:\\\/\\\/ubirataonline.com.br\\\/terca-feira-10-03-anoitece-com-previsao-de-chuva-na-cidade-do-rio-confira-a-previsao-ate-sabado-14-03\\\/#breadcrumb\"},\"inLanguage\":\"en-US\",\"potentialAction\":[{\"@type\":\"ReadAction\",\"target\":[\"https:\\\/\\\/ubirataonline.com.br\\\/terca-feira-10-03-anoitece-com-previsao-de-chuva-na-cidade-do-rio-confira-a-previsao-ate-sabado-14-03\\\/\"]}]},{\"@type\":\"ImageObject\",\"inLanguage\":\"en-US\",\"@id\":\"https:\\\/\\\/ubirataonline.com.br\\\/terca-feira-10-03-anoitece-com-previsao-de-chuva-na-cidade-do-rio-confira-a-previsao-ate-sabado-14-03\\\/#primaryimage\",\"url\":\"https:\\\/\\\/ubirataonline.com.br\\\/wp-content\\\/uploads\\\/2026\\\/03\\\/Terca-feira-1003-anoitece-com-previsao-de-chuva-na-cidade-do.jpg\",\"contentUrl\":\"https:\\\/\\\/ubirataonline.com.br\\\/wp-content\\\/uploads\\\/2026\\\/03\\\/Terca-feira-1003-anoitece-com-previsao-de-chuva-na-cidade-do.jpg\",\"width\":1080,\"height\":1075,\"caption\":\"Ter\u00e7a-feira (10\\\/03) anoitece com previs\u00e3o de chuva na cidade do Rio | Confira a previs\u00e3o at\u00e9 s\u00e1bado (14\\\/03)\"},{\"@type\":\"BreadcrumbList\",\"@id\":\"https:\\\/\\\/ubirataonline.com.br\\\/terca-feira-10-03-anoitece-com-previsao-de-chuva-na-cidade-do-rio-confira-a-previsao-ate-sabado-14-03\\\/#breadcrumb\",\"itemListElement\":[{\"@type\":\"ListItem\",\"position\":1,\"name\":\"In\u00edcio\",\"item\":\"https:\\\/\\\/ubirataonline.com.br\\\/\"},{\"@type\":\"ListItem\",\"position\":2,\"name\":\"Ter\u00e7a-feira (10\\\/03) anoitece com previs\u00e3o de chuva na cidade do Rio | Confira a previs\u00e3o at\u00e9 s\u00e1bado (14\\\/03)\"}]},{\"@type\":\"WebSite\",\"@id\":\"https:\\\/\\\/ubirataonline.com.br\\\/#website\",\"url\":\"https:\\\/\\\/ubirataonline.com.br\\\/\",\"name\":\"Ubirat\u00e3 Online Not\u00edcias\",\"description\":\"Not\u00edcias de Ubirat\u00e3, regi\u00e3o, Brasil e mundo, com informa\u00e7\u00e3o atualizada e compromisso com o leitor.\",\"publisher\":{\"@id\":\"https:\\\/\\\/ubirataonline.com.br\\\/#organization\"},\"alternateName\":\"Ubirat\u00e3 Online\",\"potentialAction\":[{\"@type\":\"SearchAction\",\"target\":{\"@type\":\"EntryPoint\",\"urlTemplate\":\"https:\\\/\\\/ubirataonline.com.br\\\/?s={search_term_string}\"},\"query-input\":{\"@type\":\"PropertyValueSpecification\",\"valueRequired\":true,\"valueName\":\"search_term_string\"}}],\"inLanguage\":\"en-US\"},{\"@type\":[\"Organization\",\"Place\"],\"@id\":\"https:\\\/\\\/ubirataonline.com.br\\\/#organization\",\"name\":\"Ubirat\u00e3 Online Not\u00edcias\",\"alternateName\":\"Ubirat\u00e3 Online\",\"url\":\"https:\\\/\\\/ubirataonline.com.br\\\/\",\"logo\":{\"@id\":\"https:\\\/\\\/ubirataonline.com.br\\\/terca-feira-10-03-anoitece-com-previsao-de-chuva-na-cidade-do-rio-confira-a-previsao-ate-sabado-14-03\\\/#local-main-organization-logo\"},\"image\":{\"@id\":\"https:\\\/\\\/ubirataonline.com.br\\\/terca-feira-10-03-anoitece-com-previsao-de-chuva-na-cidade-do-rio-confira-a-previsao-ate-sabado-14-03\\\/#local-main-organization-logo\"},\"sameAs\":[\"https:\\\/\\\/www.facebook.com\\\/portalubirataonline\",\"https:\\\/\\\/x.com\\\/ubirataonline\",\"https:\\\/\\\/mastodon.social\\\/@ubirataonline\",\"https:\\\/\\\/www.facebook.com\\\/groups\\\/311144672285604\",\"https:\\\/\\\/www.facebook.com\\\/UBTAOnline\",\"https:\\\/\\\/www.instagram.com\\\/portalubirataonline\\\/\",\"https:\\\/\\\/twitter.com\\\/ubirataonline\"],\"description\":\"Somos um portal de not\u00edcias independente, criado em 5 de janeiro de 2009, com o objetivo de informar, conectar e valorizar a nossa comunidade de Ubirat\u00e3 e toda aregi\u00e3o. Com conte\u00fado atualizado, confi\u00e1vel e relevante, o Ubirat\u00e3 Online \u00e9 o seu espa\u00e7o para ficar por dentro dos principais acontecimentos locais, regionais, Brasil, Mundo e de interesse geral. Nosso compromisso \u00e9 com a verdade, a transpar\u00eancia e o respeito ao leitor.\",\"legalName\":\"UBIRATA ONLINE NOT\u00cdCIAS\",\"foundingDate\":\"2009-01-05\",\"numberOfEmployees\":{\"@type\":\"QuantitativeValue\",\"minValue\":\"1\",\"maxValue\":\"10\"},\"publishingPrinciples\":\"https:\\\/\\\/ubirataonline.com.br\\\/faq\\\/\",\"address\":{\"@id\":\"https:\\\/\\\/ubirataonline.com.br\\\/terca-feira-10-03-anoitece-com-previsao-de-chuva-na-cidade-do-rio-confira-a-previsao-ate-sabado-14-03\\\/#local-main-place-address\"},\"geo\":{\"@type\":\"GeoCoordinates\",\"latitude\":\"-24.5361401\",\"longitude\":\"-52.9921776\"},\"telephone\":[\"+5544998308235\"],\"contactPoint\":{\"@type\":\"ContactPoint\",\"email\":\"contato@ubirataonline.com.br\"},\"openingHoursSpecification\":{\"@type\":\"OpeningHoursSpecification\",\"dayOfWeek\":[\"Monday\",\"Tuesday\",\"Wednesday\",\"Thursday\",\"Friday\",\"Saturday\",\"Sunday\"],\"opens\":\"00:00\",\"closes\":\"23:59\"},\"email\":\"contato@ubirataonline.com.br\",\"vatID\":\"47.621.418\\\/0001-80\"},{\"@type\":\"Person\",\"@id\":\"https:\\\/\\\/ubirataonline.com.br\\\/#\\\/schema\\\/person\\\/372f87bbd3fdd79b8556b84c98d0bc1c\",\"name\":\"REDA\u00c7\u00c3O: UBIRAT\u00c3 ONLINE - F\u00c1BIO AUGUSTO CELESTINO\",\"pronouns\":\"Ele\",\"description\":\"Desde 2003 trabalhando com not\u00edcias.\",\"sameAs\":[\"http:\\\/\\\/ubirataoline.com.br\",\"https:\\\/\\\/www.facebook.com\\\/portalubirataonline\",\"https:\\\/\\\/www.instagram.com\\\/ubirataonline_oficial\",\"https:\\\/\\\/x.com\\\/x.com\\\/ubirataonline\"],\"honorificPrefix\":\"Mr.\",\"honorificSuffix\":\"MD\",\"birthDate\":\"1980-06-16\",\"gender\":\"masculino\",\"award\":[\"V\u00e1rios pr\u00eamios de melhor portal da cidade\"],\"jobTitle\":\"Diretor\",\"url\":\"https:\\\/\\\/ubirataonline.com.br\\\/en\\\/author\\\/ubirataonline\\\/\"},{\"@type\":\"PostalAddress\",\"@id\":\"https:\\\/\\\/ubirataonline.com.br\\\/terca-feira-10-03-anoitece-com-previsao-de-chuva-na-cidade-do-rio-confira-a-previsao-ate-sabado-14-03\\\/#local-main-place-address\",\"streetAddress\":\"Rua dos Coqueiros, 104 - Bairro Boa Vista, Rua dos Coqueiros, 104 Bairro Boa Vista\",\"addressLocality\":\"UBIRATA\",\"postalCode\":\"85440-000\",\"addressRegion\":\"PR\",\"addressCountry\":\"BR\"},{\"@type\":\"ImageObject\",\"inLanguage\":\"en-US\",\"@id\":\"https:\\\/\\\/ubirataonline.com.br\\\/terca-feira-10-03-anoitece-com-previsao-de-chuva-na-cidade-do-rio-confira-a-previsao-ate-sabado-14-03\\\/#local-main-organization-logo\",\"url\":\"https:\\\/\\\/ubirataonline.com.br\\\/wp-content\\\/uploads\\\/2026\\\/06\\\/logoubirataonline-1.webp\",\"contentUrl\":\"https:\\\/\\\/ubirataonline.com.br\\\/wp-content\\\/uploads\\\/2026\\\/06\\\/logoubirataonline-1.webp\",\"width\":500,\"height\":500,\"caption\":\"Ubirat\u00e3 Online Not\u00edcias\"}]}<\/script>\n<meta name=\"geo.placename\" content=\"UBIRATA\" \/>\n<meta name=\"geo.position\" content=\"-24.5361401;-52.9921776\" \/>\n<meta name=\"geo.region\" content=\"Brazil\" \/>\n<!-- \/ Yoast SEO Premium plugin. -->","yoast_head_json":{"title":"Ter\u00e7a-feira (10\/03) anoitece com previs\u00e3o de chuva na cidade do Rio | Confira a previs\u00e3o at\u00e9 s\u00e1bado (14\/03) - Ubirat\u00e3 Online Not\u00edcias - A realidade ao seu alcance!","description":"Segundo o Alerta Rio, a previs\u00e3o para a noite desta ter\u00e7a-feira (10\/03) \u00e9 de c\u00e9u nublado a encoberto, com chuva fraca a moderada e ventos moderados. Ao","robots":{"index":"index","follow":"follow","max-snippet":"max-snippet:-1","max-image-preview":"max-image-preview:large","max-video-preview":"max-video-preview:-1"},"canonical":"https:\/\/ubirataonline.com.br\/en\/terca-feira-10-03-anoitece-com-previsao-de-chuva-na-cidade-do-rio-confira-a-previsao-ate-sabado-14-03\/","og_locale":"en_US","og_type":"article","og_title":"Ter\u00e7a-feira (10\/03) anoitece com previs\u00e3o de chuva na cidade do Rio | Confira a previs\u00e3o at\u00e9 s\u00e1bado (14\/03)","og_description":"Segundo o Alerta Rio, a previs\u00e3o para a noite desta ter\u00e7a-feira (10\/03) \u00e9 de c\u00e9u nublado a encoberto, com chuva fraca a moderada e ventos moderados. Ao","og_url":"https:\/\/ubirataonline.com.br\/en\/terca-feira-10-03-anoitece-com-previsao-de-chuva-na-cidade-do-rio-confira-a-previsao-ate-sabado-14-03\/","og_site_name":"Ubirat\u00e3 Online Not\u00edcias - A realidade ao seu alcance!","article_publisher":"https:\/\/www.facebook.com\/portalubirataonline","article_author":"https:\/\/www.facebook.com\/portalubirataonline","article_published_time":"2026-03-11T09:49:36+00:00","article_modified_time":"2026-03-11T09:49:38+00:00","og_image":[{"width":1080,"height":1075,"url":"https:\/\/ubirataonline.com.br\/wp-content\/uploads\/2026\/03\/Terca-feira-1003-anoitece-com-previsao-de-chuva-na-cidade-do.jpg","type":"image\/jpeg"}],"author":"REDA\u00c7\u00c3O: UBIRAT\u00c3 ONLINE - F\u00c1BIO AUGUSTO CELESTINO","twitter_card":"summary_large_image","twitter_creator":"@x.com\/ubirataonline","twitter_site":"@ubirataonline","twitter_misc":{"Written by":"REDA\u00c7\u00c3O: UBIRAT\u00c3 ONLINE - F\u00c1BIO AUGUSTO CELESTINO","Est. reading time":"1 minute"},"schema":{"@context":"https:\/\/schema.org","@graph":[{"@type":"NewsArticle","@id":"https:\/\/ubirataonline.com.br\/terca-feira-10-03-anoitece-com-previsao-de-chuva-na-cidade-do-rio-confira-a-previsao-ate-sabado-14-03\/#article","isPartOf":{"@id":"https:\/\/ubirataonline.com.br\/terca-feira-10-03-anoitece-com-previsao-de-chuva-na-cidade-do-rio-confira-a-previsao-ate-sabado-14-03\/"},"author":{"name":"REDA\u00c7\u00c3O: UBIRAT\u00c3 ONLINE - F\u00c1BIO AUGUSTO CELESTINO","@id":"https:\/\/ubirataonline.com.br\/#\/schema\/person\/372f87bbd3fdd79b8556b84c98d0bc1c"},"headline":"Ter\u00e7a-feira (10\/03) anoitece com previs\u00e3o de chuva na cidade do Rio | Confira a previs\u00e3o at\u00e9 s\u00e1bado (14\/03)","datePublished":"2026-03-11T09:49:36+00:00","dateModified":"2026-03-11T09:49:38+00:00","mainEntityOfPage":{"@id":"https:\/\/ubirataonline.com.br\/terca-feira-10-03-anoitece-com-previsao-de-chuva-na-cidade-do-rio-confira-a-previsao-ate-sabado-14-03\/"},"wordCount":275,"publisher":{"@id":"https:\/\/ubirataonline.com.br\/#organization"},"image":{"@id":"https:\/\/ubirataonline.com.br\/terca-feira-10-03-anoitece-com-previsao-de-chuva-na-cidade-do-rio-confira-a-previsao-ate-sabado-14-03\/#primaryimage"},"thumbnailUrl":"https:\/\/ubirataonline.com.br\/wp-content\/uploads\/2026\/03\/Terca-feira-1003-anoitece-com-previsao-de-chuva-na-cidade-do.jpg","keywords":["anoitece","at\u00e9","Chuva","cidade","confira","previs\u00e3o","Rio","s\u00e1bado","ter\u00e7afeira"],"articleSection":["Brasil"],"inLanguage":"en-US","copyrightYear":"2026","copyrightHolder":{"@id":"https:\/\/ubirataonline.com.br\/en\/#organization"}},{"@type":"WebPage","@id":"https:\/\/ubirataonline.com.br\/terca-feira-10-03-anoitece-com-previsao-de-chuva-na-cidade-do-rio-confira-a-previsao-ate-sabado-14-03\/","url":"https:\/\/ubirataonline.com.br\/terca-feira-10-03-anoitece-com-previsao-de-chuva-na-cidade-do-rio-confira-a-previsao-ate-sabado-14-03\/","name":"Ter\u00e7a-feira (10\/03) anoitece com previs\u00e3o de chuva na cidade do Rio | Confira a previs\u00e3o at\u00e9 s\u00e1bado (14\/03) - Ubirat\u00e3 Online Not\u00edcias - A realidade ao seu alcance!","isPartOf":{"@id":"https:\/\/ubirataonline.com.br\/#website"},"primaryImageOfPage":{"@id":"https:\/\/ubirataonline.com.br\/terca-feira-10-03-anoitece-com-previsao-de-chuva-na-cidade-do-rio-confira-a-previsao-ate-sabado-14-03\/#primaryimage"},"image":{"@id":"https:\/\/ubirataonline.com.br\/terca-feira-10-03-anoitece-com-previsao-de-chuva-na-cidade-do-rio-confira-a-previsao-ate-sabado-14-03\/#primaryimage"},"thumbnailUrl":"https:\/\/ubirataonline.com.br\/wp-content\/uploads\/2026\/03\/Terca-feira-1003-anoitece-com-previsao-de-chuva-na-cidade-do.jpg","datePublished":"2026-03-11T09:49:36+00:00","dateModified":"2026-03-11T09:49:38+00:00","description":"Segundo o Alerta Rio, a previs\u00e3o para a noite desta ter\u00e7a-feira (10\/03) \u00e9 de c\u00e9u nublado a encoberto, com chuva fraca a moderada e ventos moderados. Ao","breadcrumb":{"@id":"https:\/\/ubirataonline.com.br\/terca-feira-10-03-anoitece-com-previsao-de-chuva-na-cidade-do-rio-confira-a-previsao-ate-sabado-14-03\/#breadcrumb"},"inLanguage":"en-US","potentialAction":[{"@type":"ReadAction","target":["https:\/\/ubirataonline.com.br\/terca-feira-10-03-anoitece-com-previsao-de-chuva-na-cidade-do-rio-confira-a-previsao-ate-sabado-14-03\/"]}]},{"@type":"ImageObject","inLanguage":"en-US","@id":"https:\/\/ubirataonline.com.br\/terca-feira-10-03-anoitece-com-previsao-de-chuva-na-cidade-do-rio-confira-a-previsao-ate-sabado-14-03\/#primaryimage","url":"https:\/\/ubirataonline.com.br\/wp-content\/uploads\/2026\/03\/Terca-feira-1003-anoitece-com-previsao-de-chuva-na-cidade-do.jpg","contentUrl":"https:\/\/ubirataonline.com.br\/wp-content\/uploads\/2026\/03\/Terca-feira-1003-anoitece-com-previsao-de-chuva-na-cidade-do.jpg","width":1080,"height":1075,"caption":"Ter\u00e7a-feira (10\/03) anoitece com previs\u00e3o de chuva na cidade do Rio | Confira a previs\u00e3o at\u00e9 s\u00e1bado (14\/03)"},{"@type":"BreadcrumbList","@id":"https:\/\/ubirataonline.com.br\/terca-feira-10-03-anoitece-com-previsao-de-chuva-na-cidade-do-rio-confira-a-previsao-ate-sabado-14-03\/#breadcrumb","itemListElement":[{"@type":"ListItem","position":1,"name":"In\u00edcio","item":"https:\/\/ubirataonline.com.br\/"},{"@type":"ListItem","position":2,"name":"Ter\u00e7a-feira (10\/03) anoitece com previs\u00e3o de chuva na cidade do Rio | Confira a previs\u00e3o at\u00e9 s\u00e1bado (14\/03)"}]},{"@type":"WebSite","@id":"https:\/\/ubirataonline.com.br\/#website","url":"https:\/\/ubirataonline.com.br\/","name":"Ubirat\u00e3 Online Not\u00edcias","description":"Not\u00edcias de Ubirat\u00e3, regi\u00e3o, Brasil e mundo, com informa\u00e7\u00e3o atualizada e compromisso com o leitor.","publisher":{"@id":"https:\/\/ubirataonline.com.br\/#organization"},"alternateName":"Ubirat\u00e3 Online","potentialAction":[{"@type":"SearchAction","target":{"@type":"EntryPoint","urlTemplate":"https:\/\/ubirataonline.com.br\/?s={search_term_string}"},"query-input":{"@type":"PropertyValueSpecification","valueRequired":true,"valueName":"search_term_string"}}],"inLanguage":"en-US"},{"@type":["Organization","Place"],"@id":"https:\/\/ubirataonline.com.br\/#organization","name":"Ubirat\u00e3 Online Not\u00edcias","alternateName":"Ubirat\u00e3 Online","url":"https:\/\/ubirataonline.com.br\/","logo":{"@id":"https:\/\/ubirataonline.com.br\/terca-feira-10-03-anoitece-com-previsao-de-chuva-na-cidade-do-rio-confira-a-previsao-ate-sabado-14-03\/#local-main-organization-logo"},"image":{"@id":"https:\/\/ubirataonline.com.br\/terca-feira-10-03-anoitece-com-previsao-de-chuva-na-cidade-do-rio-confira-a-previsao-ate-sabado-14-03\/#local-main-organization-logo"},"sameAs":["https:\/\/www.facebook.com\/portalubirataonline","https:\/\/x.com\/ubirataonline","https:\/\/mastodon.social\/@ubirataonline","https:\/\/www.facebook.com\/groups\/311144672285604","https:\/\/www.facebook.com\/UBTAOnline","https:\/\/www.instagram.com\/portalubirataonline\/","https:\/\/twitter.com\/ubirataonline"],"description":"Somos um portal de not\u00edcias independente, criado em 5 de janeiro de 2009, com o objetivo de informar, conectar e valorizar a nossa comunidade de Ubirat\u00e3 e toda aregi\u00e3o. Com conte\u00fado atualizado, confi\u00e1vel e relevante, o Ubirat\u00e3 Online \u00e9 o seu espa\u00e7o para ficar por dentro dos principais acontecimentos locais, regionais, Brasil, Mundo e de interesse geral. Nosso compromisso \u00e9 com a verdade, a transpar\u00eancia e o respeito ao leitor.","legalName":"UBIRATA ONLINE NOT\u00cdCIAS","foundingDate":"2009-01-05","numberOfEmployees":{"@type":"QuantitativeValue","minValue":"1","maxValue":"10"},"publishingPrinciples":"https:\/\/ubirataonline.com.br\/faq\/","address":{"@id":"https:\/\/ubirataonline.com.br\/terca-feira-10-03-anoitece-com-previsao-de-chuva-na-cidade-do-rio-confira-a-previsao-ate-sabado-14-03\/#local-main-place-address"},"geo":{"@type":"GeoCoordinates","latitude":"-24.5361401","longitude":"-52.9921776"},"telephone":["+5544998308235"],"contactPoint":{"@type":"ContactPoint","email":"contato@ubirataonline.com.br"},"openingHoursSpecification":{"@type":"OpeningHoursSpecification","dayOfWeek":["Monday","Tuesday","Wednesday","Thursday","Friday","Saturday","Sunday"],"opens":"00:00","closes":"23:59"},"email":"contato@ubirataonline.com.br","vatID":"47.621.418\/0001-80"},{"@type":"Person","@id":"https:\/\/ubirataonline.com.br\/#\/schema\/person\/372f87bbd3fdd79b8556b84c98d0bc1c","name":"REDA\u00c7\u00c3O: UBIRAT\u00c3 ONLINE - F\u00c1BIO AUGUSTO CELESTINO","pronouns":"Ele","description":"Desde 2003 trabalhando com not\u00edcias.","sameAs":["http:\/\/ubirataoline.com.br","https:\/\/www.facebook.com\/portalubirataonline","https:\/\/www.instagram.com\/ubirataonline_oficial","https:\/\/x.com\/x.com\/ubirataonline"],"honorificPrefix":"Mr.","honorificSuffix":"MD","birthDate":"1980-06-16","gender":"masculino","award":["V\u00e1rios pr\u00eamios de melhor portal da cidade"],"jobTitle":"Diretor","url":"https:\/\/ubirataonline.com.br\/en\/author\/ubirataonline\/"},{"@type":"PostalAddress","@id":"https:\/\/ubirataonline.com.br\/terca-feira-10-03-anoitece-com-previsao-de-chuva-na-cidade-do-rio-confira-a-previsao-ate-sabado-14-03\/#local-main-place-address","streetAddress":"Rua dos Coqueiros, 104 - Bairro Boa Vista, Rua dos Coqueiros, 104 Bairro Boa Vista","addressLocality":"UBIRATA","postalCode":"85440-000","addressRegion":"PR","addressCountry":"BR"},{"@type":"ImageObject","inLanguage":"en-US","@id":"https:\/\/ubirataonline.com.br\/terca-feira-10-03-anoitece-com-previsao-de-chuva-na-cidade-do-rio-confira-a-previsao-ate-sabado-14-03\/#local-main-organization-logo","url":"https:\/\/ubirataonline.com.br\/wp-content\/uploads\/2026\/06\/logoubirataonline-1.webp","contentUrl":"https:\/\/ubirataonline.com.br\/wp-content\/uploads\/2026\/06\/logoubirataonline-1.webp","width":500,"height":500,"caption":"Ubirat\u00e3 Online Not\u00edcias"}]},"geo.placename":"UBIRATA","geo.position":{"lat":"-24.5361401","long":"-52.9921776"},"geo.region":"Brazil"},"_links":{"self":[{"href":"https:\/\/ubirataonline.com.br\/en\/wp-json\/wp\/v2\/posts\/93677","targetHints":{"allow":["GET"]}}],"collection":[{"href":"https:\/\/ubirataonline.com.br\/en\/wp-json\/wp\/v2\/posts"}],"about":[{"href":"https:\/\/ubirataonline.com.br\/en\/wp-json\/wp\/v2\/types\/post"}],"author":[{"embeddable":true,"href":"https:\/\/ubirataonline.com.br\/en\/wp-json\/wp\/v2\/users\/1"}],"replies":[{"embeddable":true,"href":"https:\/\/ubirataonline.com.br\/en\/wp-json\/wp\/v2\/comments?post=93677"}],"version-history":[{"count":0,"href":"https:\/\/ubirataonline.com.br\/en\/wp-json\/wp\/v2\/posts\/93677\/revisions"}],"wp:featuredmedia":[{"embeddable":true,"href":"https:\/\/ubirataonline.com.br\/en\/wp-json\/wp\/v2\/media\/93678"}],"wp:attachment":[{"href":"https:\/\/ubirataonline.com.br\/en\/wp-json\/wp\/v2\/media?parent=93677"}],"wp:term":[{"taxonomy":"category","embeddable":true,"href":"https:\/\/ubirataonline.com.br\/en\/wp-json\/wp\/v2\/categories?post=93677"},{"taxonomy":"post_tag","embeddable":true,"href":"https:\/\/ubirataonline.com.br\/en\/wp-json\/wp\/v2\/tags?post=93677"}],"curies":[{"name":"wp","href":"https:\/\/api.w.org\/{rel}","templated":true}]}}