{"id":93705,"date":"2026-03-11T09:26:34","date_gmt":"2026-03-11T12:26:34","guid":{"rendered":"https:\/\/ubirataonline.com.br\/jay-schmidt-appointed-to-state-cimmunity-and-technical-college-board\/"},"modified":"2026-03-11T09:26:36","modified_gmt":"2026-03-11T12:26:36","slug":"jay-schmidt-appointed-to-state-cimmunity-and-technical-college-board","status":"publish","type":"post","link":"https:\/\/ubirataonline.com.br\/en\/jay-schmidt-appointed-to-state-cimmunity-and-technical-college-board\/","title":{"rendered":"Jay Schmidt Appointed To State Cimmunity And Technical College Board"},"content":{"rendered":"<p><\/p>\n<div id=\"post-36991\">\n<div class=\"td-post-content tagdiv-type\">\n<div class=\"td-featured-image-rec\">\n<div class=\"td-post-featured-image\"><a href=\"https:\/\/www.vbjusa.com\/wp-content\/uploads\/2026\/03\/JaySchmidt.jpg\" data-caption=\"\"><img loading=\"lazy\" decoding=\"async\" width=\"200\" height=\"267\" class=\"lazyload entry-thumb td-modal-image\" src=\"https:\/\/www.vbjusa.com\/wp-content\/uploads\/2026\/03\/JaySchmidt.jpg\" srcset=\"https:\/\/www.vbjusa.com\/wp-content\/uploads\/2026\/03\/JaySchmidt.jpg 200w, https:\/\/www.vbjusa.com\/wp-content\/uploads\/2026\/03\/JaySchmidt.jpg 400w\" data-sizes=\"(-webkit-min-device-pixel-ratio: 2) 400px, (min-resolution: 192dpi) 400px, 200px\" alt=\"Jay Schmidt\" title=\"JaySchmidt\"\/><\/a><\/div>\n<\/div>\n<p>Jay Schmidt of Vancouver was appointed by Gov. Bob Ferguson as a member of the <a href=\"https:\/\/www.sbctc.edu\/\">Washington State Board for Community and Technical Colleges<\/a>, effective Feb. 24, 2026.<\/p>\n<div class=\"g g-5\">\n<div class=\"g-single a-389\">\n<div style=\"float: left;\"><a class=\"gofollow\" data-track=\"Mzg5LDUsNDUw\" href=\"https:\/\/pages.services\/heritagebanknw.com\/oocre\/\"><img decoding=\"async\" src=\"https:\/\/www.vbjusa.com\/wp-content\/uploads\/2025\/10\/Heritage_VBJ_digital_OOCRE-10-25.jpg\"\/><img decoding=\"async\" class=\"lazyload\" src=\"https:\/\/www.vbjusa.com\/wp-content\/uploads\/2025\/10\/Heritage_VBJ_digital_OOCRE-10-25.jpg\"\/><\/a><\/div>\n<\/div>\n<\/div>\n<p>\u201cI\u2019m truly honored to be selected to the State Board and excited to contribute to the work ahead,\u201d Schmidt said. \u201cI look forward to collaborating with everyone to achieve mutual outcomes together.\u201d<\/p>\n<p>Schmidt has spent the last 40 years in advanced manufacturing leadership positions, primarily in aerospace, defense, and medical electronics technologies.<\/p>\n<p>In addition to serving as an active leader in regional industry organizations, including the Southwest Washington High Technology Council and CareerConnect Southwest, Schmidt has higher education teaching experience at Clackamas Community College and Washington State University-Vancouver.<\/p>\n<p>The nine-member, governor-appointed Washington State Board for Community and Technical Colleges provides leadership, advocacy, and coordination for Washington\u2019s system of 34 public community and technical colleges. Each year, over 300,000 students train for the workforce, prepare to transfer to a university, gain basic math and English skills, or pursue continuing education.<\/p>\n<div class=\"g g-3\">\n<div class=\"g-single a-386\"><a class=\"gofollow\" data-track=\"Mzg2LDMsNDUw\" href=\"https:\/\/www.energytrust.org\/incentives\/commercial-existing-buildings-washington\/?utm_source=externalorg&amp;utm_medium=email&amp;utm_campaign=vbj_digital_ad&amp;utm_content=digital_ad_link\"><img decoding=\"async\" src=\"https:\/\/www.vbjusa.com\/wp-content\/uploads\/2025\/07\/VBJ_Animated_AD_04_2025-3.gif\"\/><img decoding=\"async\" class=\"lazyload\" src=\"https:\/\/www.vbjusa.com\/wp-content\/uploads\/2025\/07\/VBJ_Animated_AD_04_2025-3.gif\"\/><\/a><\/div>\n<\/div>\n<\/div>\n<footer>\n<div class=\"author-box-wrap\"><a href=\"https:\/\/www.vbjusa.com\/author\/steve-mcdonagh\/\" aria-label=\"author-photo\"><img loading=\"lazy\" alt=\"Steve McDonagh\" src=\"https:\/\/secure.gravatar.com\/avatar\/c46c576bbf1ca6cdc8130c050fd37835944c9d02488d244d7e4abac2f3787a06?s=96&amp;d=blank&amp;r=g\" srcset=\"https:\/\/secure.gravatar.com\/avatar\/c46c576bbf1ca6cdc8130c050fd37835944c9d02488d244d7e4abac2f3787a06?s=192&amp;d=blank&amp;r=g 2x\" class=\"avatar avatar-96 photo\" height=\"96\" width=\"96\" decoding=\"async\"\/><img loading=\"lazy\" alt=\"Steve McDonagh\" src=\"https:\/\/secure.gravatar.com\/avatar\/c46c576bbf1ca6cdc8130c050fd37835944c9d02488d244d7e4abac2f3787a06?s=96&amp;d=blank&amp;r=g\" srcset=\"https:\/\/secure.gravatar.com\/avatar\/c46c576bbf1ca6cdc8130c050fd37835944c9d02488d244d7e4abac2f3787a06?s=192&amp;d=blank&amp;r=g 2x\" class=\"lazyload avatar avatar-96 photo\" height=\"96\" width=\"96\" decoding=\"async\"\/><\/a><\/div>\n<p> <span class=\"td-page-meta\" itemprop=\"author\" itemscope=\"\" itemtype=\"https:\/\/schema.org\/Person\"><meta itemprop=\"name\" content=\"Steve McDonagh\"\/><meta itemprop=\"url\" content=\"https:\/\/www.vbjusa.com\/author\/steve-mcdonagh\/\"\/><\/span><meta itemprop=\"datePublished\" content=\"2026-03-10T09:47:24-07:00\"\/><meta itemprop=\"dateModified\" content=\"2026-03-10T09:47:27-07:00\"\/><meta itemscope=\"\" itemprop=\"mainEntityOfPage\" itemtype=\"https:\/\/schema.org\/WebPage\" itemid=\"https:\/\/www.vbjusa.com\/news\/movers-shakers\/jay-schmidt-appointed-to-state-cimmunity-and-technical-college-board\/\"\/><span class=\"td-page-meta\" itemprop=\"publisher\" itemscope=\"\" itemtype=\"https:\/\/schema.org\/Organization\"><span class=\"td-page-meta\" itemprop=\"logo\" itemscope=\"\" itemtype=\"https:\/\/schema.org\/ImageObject\"><meta itemprop=\"url\" content=\"http:\/\/www.vbjusa.com\/wp-content\/uploads\/2015\/05\/vbjlogo.png\"\/><\/span><meta itemprop=\"name\" content=\"Vancouver Business Journal\"\/><\/span><meta itemprop=\"headline \" content=\"Jay Schmidt Appointed To State Cimmunity And Technical College Board\"\/><span class=\"td-page-meta\" itemprop=\"image\" itemscope=\"\" itemtype=\"https:\/\/schema.org\/ImageObject\"><meta itemprop=\"url\" content=\"https:\/\/www.vbjusa.com\/wp-content\/uploads\/2026\/03\/JaySchmidt.jpg\"\/><meta itemprop=\"width\" content=\"200\"\/><meta itemprop=\"height\" content=\"267\"\/><\/span><\/footer>\n<\/div>\n<p><a href=\"https:\/\/www.vbjusa.com\/news\/movers-shakers\/jay-schmidt-appointed-to-state-cimmunity-and-technical-college-board\/\">Source link <\/a><\/p>","protected":false},"excerpt":{"rendered":"<p>Jay Schmidt of Vancouver was appointed by Gov. Bob Ferguson as a member of the Washington State Board for Community and Technical Colleges, effective Feb. 24, 2026. \u201cI\u2019m truly honored to be selected to the State Board and excited to contribute to the work ahead,\u201d Schmidt said. \u201cI look forward to collaborating with everyone to [&hellip;]<\/p>\n","protected":false},"author":1,"featured_media":93706,"comment_status":"closed","ping_status":"","sticky":false,"template":"","format":"standard","meta":{"googlesitekit_rrm_CAow2JLhCw:productID":"","_gspb_post_css":"","maa_idioma":"","maa_pais":"","footnotes":""},"categories":[1],"tags":[22233,14646,22234,6255,22231,22232,4475,22235],"class_list":["post-93705","post","type-post","status-publish","format-standard","has-post-thumbnail","hentry","category-ubirata","tag-appointed","tag-board","tag-cimmunity","tag-college","tag-jay","tag-schmidt","tag-state","tag-technical"],"blocksy_meta":[],"yoast_head":"<!-- This site is optimized with the Yoast SEO Premium plugin v27.6 (Yoast SEO v27.6) - https:\/\/yoast.com\/product\/yoast-seo-premium-wordpress\/ -->\n<title>Jay Schmidt Appointed To State Cimmunity And Technical College Board - Ubirat\u00e3 Online Not\u00edcias - A realidade ao seu alcance!<\/title>\n<meta name=\"description\" content=\"Jay Schmidt of Vancouver was appointed by Gov. Bob Ferguson as a member of the Washington State Board for Community and Technical Colleges, effective Feb.\" \/>\n<meta name=\"robots\" content=\"index, follow, max-snippet:-1, max-image-preview:large, max-video-preview:-1\" \/>\n<link rel=\"canonical\" href=\"https:\/\/ubirataonline.com.br\/en\/jay-schmidt-appointed-to-state-cimmunity-and-technical-college-board\/\" \/>\n<meta property=\"og:locale\" content=\"en_US\" \/>\n<meta property=\"og:type\" content=\"article\" \/>\n<meta property=\"og:title\" content=\"Jay Schmidt Appointed To State Cimmunity And Technical College Board\" \/>\n<meta property=\"og:description\" content=\"Jay Schmidt of Vancouver was appointed by Gov. Bob Ferguson as a member of the Washington State Board for Community and Technical Colleges, effective Feb.\" \/>\n<meta property=\"og:url\" content=\"https:\/\/ubirataonline.com.br\/en\/jay-schmidt-appointed-to-state-cimmunity-and-technical-college-board\/\" \/>\n<meta property=\"og:site_name\" content=\"Ubirat\u00e3 Online Not\u00edcias - A realidade ao seu alcance!\" \/>\n<meta property=\"article:publisher\" content=\"https:\/\/www.facebook.com\/portalubirataonline\" \/>\n<meta property=\"article:author\" content=\"https:\/\/www.facebook.com\/portalubirataonline\" \/>\n<meta property=\"article:published_time\" content=\"2026-03-11T12:26:34+00:00\" \/>\n<meta property=\"article:modified_time\" content=\"2026-03-11T12:26:36+00:00\" \/>\n<meta property=\"og:image\" content=\"https:\/\/ubirataonline.com.br\/wp-content\/uploads\/2026\/03\/Jay-Schmidt-Appointed-To-State-Cimmunity-And-Technical-College-Board.jpg\" \/>\n\t<meta property=\"og:image:width\" content=\"200\" \/>\n\t<meta property=\"og:image:height\" content=\"267\" \/>\n\t<meta property=\"og:image:type\" content=\"image\/jpeg\" \/>\n<meta name=\"author\" content=\"REDA\u00c7\u00c3O: UBIRAT\u00c3 ONLINE - F\u00c1BIO AUGUSTO CELESTINO\" \/>\n<meta name=\"twitter:card\" content=\"summary_large_image\" \/>\n<meta name=\"twitter:creator\" content=\"@x.com\/ubirataonline\" \/>\n<meta name=\"twitter:site\" content=\"@ubirataonline\" \/>\n<meta name=\"twitter:label1\" content=\"Written by\" \/>\n\t<meta name=\"twitter:data1\" content=\"REDA\u00c7\u00c3O: UBIRAT\u00c3 ONLINE - F\u00c1BIO AUGUSTO CELESTINO\" \/>\n\t<meta name=\"twitter:label2\" content=\"Est. reading time\" \/>\n\t<meta name=\"twitter:data2\" content=\"1 minute\" \/>\n<script type=\"application\/ld+json\" class=\"yoast-schema-graph\">{\"@context\":\"https:\\\/\\\/schema.org\",\"@graph\":[{\"@type\":\"NewsArticle\",\"@id\":\"https:\\\/\\\/ubirataonline.com.br\\\/jay-schmidt-appointed-to-state-cimmunity-and-technical-college-board\\\/#article\",\"isPartOf\":{\"@id\":\"https:\\\/\\\/ubirataonline.com.br\\\/jay-schmidt-appointed-to-state-cimmunity-and-technical-college-board\\\/\"},\"author\":{\"name\":\"REDA\u00c7\u00c3O: UBIRAT\u00c3 ONLINE - F\u00c1BIO AUGUSTO CELESTINO\",\"@id\":\"https:\\\/\\\/ubirataonline.com.br\\\/#\\\/schema\\\/person\\\/372f87bbd3fdd79b8556b84c98d0bc1c\"},\"headline\":\"Jay Schmidt Appointed To State Cimmunity And Technical College Board\",\"datePublished\":\"2026-03-11T12:26:34+00:00\",\"dateModified\":\"2026-03-11T12:26:36+00:00\",\"mainEntityOfPage\":{\"@id\":\"https:\\\/\\\/ubirataonline.com.br\\\/jay-schmidt-appointed-to-state-cimmunity-and-technical-college-board\\\/\"},\"wordCount\":175,\"publisher\":{\"@id\":\"https:\\\/\\\/ubirataonline.com.br\\\/#organization\"},\"image\":{\"@id\":\"https:\\\/\\\/ubirataonline.com.br\\\/jay-schmidt-appointed-to-state-cimmunity-and-technical-college-board\\\/#primaryimage\"},\"thumbnailUrl\":\"https:\\\/\\\/ubirataonline.com.br\\\/wp-content\\\/uploads\\\/2026\\\/03\\\/Jay-Schmidt-Appointed-To-State-Cimmunity-And-Technical-College-Board.jpg\",\"keywords\":[\"Appointed\",\"Board\",\"Cimmunity\",\"College\",\"Jay\",\"Schmidt\",\"State\",\"Technical\"],\"articleSection\":[\"Ubirat\u00e3\"],\"inLanguage\":\"en-US\",\"copyrightYear\":\"2026\",\"copyrightHolder\":{\"@id\":\"https:\\\/\\\/ubirataonline.com.br\\\/en\\\/#organization\"}},{\"@type\":\"WebPage\",\"@id\":\"https:\\\/\\\/ubirataonline.com.br\\\/jay-schmidt-appointed-to-state-cimmunity-and-technical-college-board\\\/\",\"url\":\"https:\\\/\\\/ubirataonline.com.br\\\/jay-schmidt-appointed-to-state-cimmunity-and-technical-college-board\\\/\",\"name\":\"Jay Schmidt Appointed To State Cimmunity And Technical College Board - Ubirat\u00e3 Online Not\u00edcias - A realidade ao seu alcance!\",\"isPartOf\":{\"@id\":\"https:\\\/\\\/ubirataonline.com.br\\\/#website\"},\"primaryImageOfPage\":{\"@id\":\"https:\\\/\\\/ubirataonline.com.br\\\/jay-schmidt-appointed-to-state-cimmunity-and-technical-college-board\\\/#primaryimage\"},\"image\":{\"@id\":\"https:\\\/\\\/ubirataonline.com.br\\\/jay-schmidt-appointed-to-state-cimmunity-and-technical-college-board\\\/#primaryimage\"},\"thumbnailUrl\":\"https:\\\/\\\/ubirataonline.com.br\\\/wp-content\\\/uploads\\\/2026\\\/03\\\/Jay-Schmidt-Appointed-To-State-Cimmunity-And-Technical-College-Board.jpg\",\"datePublished\":\"2026-03-11T12:26:34+00:00\",\"dateModified\":\"2026-03-11T12:26:36+00:00\",\"description\":\"Jay Schmidt of Vancouver was appointed by Gov. Bob Ferguson as a member of the Washington State Board for Community and Technical Colleges, effective Feb.\",\"breadcrumb\":{\"@id\":\"https:\\\/\\\/ubirataonline.com.br\\\/jay-schmidt-appointed-to-state-cimmunity-and-technical-college-board\\\/#breadcrumb\"},\"inLanguage\":\"en-US\",\"potentialAction\":[{\"@type\":\"ReadAction\",\"target\":[\"https:\\\/\\\/ubirataonline.com.br\\\/jay-schmidt-appointed-to-state-cimmunity-and-technical-college-board\\\/\"]}]},{\"@type\":\"ImageObject\",\"inLanguage\":\"en-US\",\"@id\":\"https:\\\/\\\/ubirataonline.com.br\\\/jay-schmidt-appointed-to-state-cimmunity-and-technical-college-board\\\/#primaryimage\",\"url\":\"https:\\\/\\\/ubirataonline.com.br\\\/wp-content\\\/uploads\\\/2026\\\/03\\\/Jay-Schmidt-Appointed-To-State-Cimmunity-And-Technical-College-Board.jpg\",\"contentUrl\":\"https:\\\/\\\/ubirataonline.com.br\\\/wp-content\\\/uploads\\\/2026\\\/03\\\/Jay-Schmidt-Appointed-To-State-Cimmunity-And-Technical-College-Board.jpg\",\"width\":200,\"height\":267,\"caption\":\"Jay Schmidt Appointed To State Cimmunity And Technical College Board\"},{\"@type\":\"BreadcrumbList\",\"@id\":\"https:\\\/\\\/ubirataonline.com.br\\\/jay-schmidt-appointed-to-state-cimmunity-and-technical-college-board\\\/#breadcrumb\",\"itemListElement\":[{\"@type\":\"ListItem\",\"position\":1,\"name\":\"In\u00edcio\",\"item\":\"https:\\\/\\\/ubirataonline.com.br\\\/\"},{\"@type\":\"ListItem\",\"position\":2,\"name\":\"Jay Schmidt Appointed To State Cimmunity And Technical College Board\"}]},{\"@type\":\"WebSite\",\"@id\":\"https:\\\/\\\/ubirataonline.com.br\\\/#website\",\"url\":\"https:\\\/\\\/ubirataonline.com.br\\\/\",\"name\":\"Ubirat\u00e3 Online Not\u00edcias\",\"description\":\"Not\u00edcias de Ubirat\u00e3, regi\u00e3o, Brasil e mundo, com informa\u00e7\u00e3o atualizada e compromisso com o leitor.\",\"publisher\":{\"@id\":\"https:\\\/\\\/ubirataonline.com.br\\\/#organization\"},\"alternateName\":\"Ubirat\u00e3 Online\",\"potentialAction\":[{\"@type\":\"SearchAction\",\"target\":{\"@type\":\"EntryPoint\",\"urlTemplate\":\"https:\\\/\\\/ubirataonline.com.br\\\/?s={search_term_string}\"},\"query-input\":{\"@type\":\"PropertyValueSpecification\",\"valueRequired\":true,\"valueName\":\"search_term_string\"}}],\"inLanguage\":\"en-US\"},{\"@type\":[\"Organization\",\"Place\"],\"@id\":\"https:\\\/\\\/ubirataonline.com.br\\\/#organization\",\"name\":\"Ubirat\u00e3 Online Not\u00edcias\",\"alternateName\":\"Ubirat\u00e3 Online\",\"url\":\"https:\\\/\\\/ubirataonline.com.br\\\/\",\"logo\":{\"@id\":\"https:\\\/\\\/ubirataonline.com.br\\\/jay-schmidt-appointed-to-state-cimmunity-and-technical-college-board\\\/#local-main-organization-logo\"},\"image\":{\"@id\":\"https:\\\/\\\/ubirataonline.com.br\\\/jay-schmidt-appointed-to-state-cimmunity-and-technical-college-board\\\/#local-main-organization-logo\"},\"sameAs\":[\"https:\\\/\\\/www.facebook.com\\\/portalubirataonline\",\"https:\\\/\\\/x.com\\\/ubirataonline\",\"https:\\\/\\\/mastodon.social\\\/@ubirataonline\",\"https:\\\/\\\/www.facebook.com\\\/groups\\\/311144672285604\",\"https:\\\/\\\/www.facebook.com\\\/UBTAOnline\",\"https:\\\/\\\/www.instagram.com\\\/portalubirataonline\\\/\",\"https:\\\/\\\/twitter.com\\\/ubirataonline\"],\"description\":\"Somos um portal de not\u00edcias independente, criado em 5 de janeiro de 2009, com o objetivo de informar, conectar e valorizar a nossa comunidade de Ubirat\u00e3 e toda aregi\u00e3o. Com conte\u00fado atualizado, confi\u00e1vel e relevante, o Ubirat\u00e3 Online \u00e9 o seu espa\u00e7o para ficar por dentro dos principais acontecimentos locais, regionais, Brasil, Mundo e de interesse geral. Nosso compromisso \u00e9 com a verdade, a transpar\u00eancia e o respeito ao leitor.\",\"legalName\":\"UBIRATA ONLINE NOT\u00cdCIAS\",\"foundingDate\":\"2009-01-05\",\"numberOfEmployees\":{\"@type\":\"QuantitativeValue\",\"minValue\":\"1\",\"maxValue\":\"10\"},\"publishingPrinciples\":\"https:\\\/\\\/ubirataonline.com.br\\\/faq\\\/\",\"address\":{\"@id\":\"https:\\\/\\\/ubirataonline.com.br\\\/jay-schmidt-appointed-to-state-cimmunity-and-technical-college-board\\\/#local-main-place-address\"},\"geo\":{\"@type\":\"GeoCoordinates\",\"latitude\":\"-24.5361401\",\"longitude\":\"-52.9921776\"},\"telephone\":[\"+5544998308235\"],\"contactPoint\":{\"@type\":\"ContactPoint\",\"email\":\"contato@ubirataonline.com.br\"},\"openingHoursSpecification\":{\"@type\":\"OpeningHoursSpecification\",\"dayOfWeek\":[\"Monday\",\"Tuesday\",\"Wednesday\",\"Thursday\",\"Friday\",\"Saturday\",\"Sunday\"],\"opens\":\"00:00\",\"closes\":\"23:59\"},\"email\":\"contato@ubirataonline.com.br\",\"vatID\":\"47.621.418\\\/0001-80\"},{\"@type\":\"Person\",\"@id\":\"https:\\\/\\\/ubirataonline.com.br\\\/#\\\/schema\\\/person\\\/372f87bbd3fdd79b8556b84c98d0bc1c\",\"name\":\"REDA\u00c7\u00c3O: UBIRAT\u00c3 ONLINE - F\u00c1BIO AUGUSTO CELESTINO\",\"pronouns\":\"Ele\",\"description\":\"Desde 2003 trabalhando com not\u00edcias.\",\"sameAs\":[\"http:\\\/\\\/ubirataoline.com.br\",\"https:\\\/\\\/www.facebook.com\\\/portalubirataonline\",\"https:\\\/\\\/www.instagram.com\\\/ubirataonline_oficial\",\"https:\\\/\\\/x.com\\\/x.com\\\/ubirataonline\"],\"honorificPrefix\":\"Mr.\",\"honorificSuffix\":\"MD\",\"birthDate\":\"1980-06-16\",\"gender\":\"masculino\",\"award\":[\"V\u00e1rios pr\u00eamios de melhor portal da cidade\"],\"jobTitle\":\"Diretor\",\"url\":\"https:\\\/\\\/ubirataonline.com.br\\\/en\\\/author\\\/ubirataonline\\\/\"},{\"@type\":\"PostalAddress\",\"@id\":\"https:\\\/\\\/ubirataonline.com.br\\\/jay-schmidt-appointed-to-state-cimmunity-and-technical-college-board\\\/#local-main-place-address\",\"streetAddress\":\"Rua dos Coqueiros, 104 - Bairro Boa Vista, Rua dos Coqueiros, 104 Bairro Boa Vista\",\"addressLocality\":\"UBIRATA\",\"postalCode\":\"85440-000\",\"addressRegion\":\"PR\",\"addressCountry\":\"BR\"},{\"@type\":\"ImageObject\",\"inLanguage\":\"en-US\",\"@id\":\"https:\\\/\\\/ubirataonline.com.br\\\/jay-schmidt-appointed-to-state-cimmunity-and-technical-college-board\\\/#local-main-organization-logo\",\"url\":\"https:\\\/\\\/ubirataonline.com.br\\\/wp-content\\\/uploads\\\/2026\\\/06\\\/logoubirataonline-1.webp\",\"contentUrl\":\"https:\\\/\\\/ubirataonline.com.br\\\/wp-content\\\/uploads\\\/2026\\\/06\\\/logoubirataonline-1.webp\",\"width\":500,\"height\":500,\"caption\":\"Ubirat\u00e3 Online Not\u00edcias\"}]}<\/script>\n<meta name=\"geo.placename\" content=\"UBIRATA\" \/>\n<meta name=\"geo.position\" content=\"-24.5361401;-52.9921776\" \/>\n<meta name=\"geo.region\" content=\"Brazil\" \/>\n<!-- \/ Yoast SEO Premium plugin. -->","yoast_head_json":{"title":"Jay Schmidt Appointed To State Cimmunity And Technical College Board - Ubirat\u00e3 Online Not\u00edcias - A realidade ao seu alcance!","description":"Jay Schmidt of Vancouver was appointed by Gov. Bob Ferguson as a member of the Washington State Board for Community and Technical Colleges, effective Feb.","robots":{"index":"index","follow":"follow","max-snippet":"max-snippet:-1","max-image-preview":"max-image-preview:large","max-video-preview":"max-video-preview:-1"},"canonical":"https:\/\/ubirataonline.com.br\/en\/jay-schmidt-appointed-to-state-cimmunity-and-technical-college-board\/","og_locale":"en_US","og_type":"article","og_title":"Jay Schmidt Appointed To State Cimmunity And Technical College Board","og_description":"Jay Schmidt of Vancouver was appointed by Gov. Bob Ferguson as a member of the Washington State Board for Community and Technical Colleges, effective Feb.","og_url":"https:\/\/ubirataonline.com.br\/en\/jay-schmidt-appointed-to-state-cimmunity-and-technical-college-board\/","og_site_name":"Ubirat\u00e3 Online Not\u00edcias - A realidade ao seu alcance!","article_publisher":"https:\/\/www.facebook.com\/portalubirataonline","article_author":"https:\/\/www.facebook.com\/portalubirataonline","article_published_time":"2026-03-11T12:26:34+00:00","article_modified_time":"2026-03-11T12:26:36+00:00","og_image":[{"width":200,"height":267,"url":"https:\/\/ubirataonline.com.br\/wp-content\/uploads\/2026\/03\/Jay-Schmidt-Appointed-To-State-Cimmunity-And-Technical-College-Board.jpg","type":"image\/jpeg"}],"author":"REDA\u00c7\u00c3O: UBIRAT\u00c3 ONLINE - F\u00c1BIO AUGUSTO CELESTINO","twitter_card":"summary_large_image","twitter_creator":"@x.com\/ubirataonline","twitter_site":"@ubirataonline","twitter_misc":{"Written by":"REDA\u00c7\u00c3O: UBIRAT\u00c3 ONLINE - F\u00c1BIO AUGUSTO CELESTINO","Est. reading time":"1 minute"},"schema":{"@context":"https:\/\/schema.org","@graph":[{"@type":"NewsArticle","@id":"https:\/\/ubirataonline.com.br\/jay-schmidt-appointed-to-state-cimmunity-and-technical-college-board\/#article","isPartOf":{"@id":"https:\/\/ubirataonline.com.br\/jay-schmidt-appointed-to-state-cimmunity-and-technical-college-board\/"},"author":{"name":"REDA\u00c7\u00c3O: UBIRAT\u00c3 ONLINE - F\u00c1BIO AUGUSTO CELESTINO","@id":"https:\/\/ubirataonline.com.br\/#\/schema\/person\/372f87bbd3fdd79b8556b84c98d0bc1c"},"headline":"Jay Schmidt Appointed To State Cimmunity And Technical College Board","datePublished":"2026-03-11T12:26:34+00:00","dateModified":"2026-03-11T12:26:36+00:00","mainEntityOfPage":{"@id":"https:\/\/ubirataonline.com.br\/jay-schmidt-appointed-to-state-cimmunity-and-technical-college-board\/"},"wordCount":175,"publisher":{"@id":"https:\/\/ubirataonline.com.br\/#organization"},"image":{"@id":"https:\/\/ubirataonline.com.br\/jay-schmidt-appointed-to-state-cimmunity-and-technical-college-board\/#primaryimage"},"thumbnailUrl":"https:\/\/ubirataonline.com.br\/wp-content\/uploads\/2026\/03\/Jay-Schmidt-Appointed-To-State-Cimmunity-And-Technical-College-Board.jpg","keywords":["Appointed","Board","Cimmunity","College","Jay","Schmidt","State","Technical"],"articleSection":["Ubirat\u00e3"],"inLanguage":"en-US","copyrightYear":"2026","copyrightHolder":{"@id":"https:\/\/ubirataonline.com.br\/en\/#organization"}},{"@type":"WebPage","@id":"https:\/\/ubirataonline.com.br\/jay-schmidt-appointed-to-state-cimmunity-and-technical-college-board\/","url":"https:\/\/ubirataonline.com.br\/jay-schmidt-appointed-to-state-cimmunity-and-technical-college-board\/","name":"Jay Schmidt Appointed To State Cimmunity And Technical College Board - Ubirat\u00e3 Online Not\u00edcias - A realidade ao seu alcance!","isPartOf":{"@id":"https:\/\/ubirataonline.com.br\/#website"},"primaryImageOfPage":{"@id":"https:\/\/ubirataonline.com.br\/jay-schmidt-appointed-to-state-cimmunity-and-technical-college-board\/#primaryimage"},"image":{"@id":"https:\/\/ubirataonline.com.br\/jay-schmidt-appointed-to-state-cimmunity-and-technical-college-board\/#primaryimage"},"thumbnailUrl":"https:\/\/ubirataonline.com.br\/wp-content\/uploads\/2026\/03\/Jay-Schmidt-Appointed-To-State-Cimmunity-And-Technical-College-Board.jpg","datePublished":"2026-03-11T12:26:34+00:00","dateModified":"2026-03-11T12:26:36+00:00","description":"Jay Schmidt of Vancouver was appointed by Gov. Bob Ferguson as a member of the Washington State Board for Community and Technical Colleges, effective Feb.","breadcrumb":{"@id":"https:\/\/ubirataonline.com.br\/jay-schmidt-appointed-to-state-cimmunity-and-technical-college-board\/#breadcrumb"},"inLanguage":"en-US","potentialAction":[{"@type":"ReadAction","target":["https:\/\/ubirataonline.com.br\/jay-schmidt-appointed-to-state-cimmunity-and-technical-college-board\/"]}]},{"@type":"ImageObject","inLanguage":"en-US","@id":"https:\/\/ubirataonline.com.br\/jay-schmidt-appointed-to-state-cimmunity-and-technical-college-board\/#primaryimage","url":"https:\/\/ubirataonline.com.br\/wp-content\/uploads\/2026\/03\/Jay-Schmidt-Appointed-To-State-Cimmunity-And-Technical-College-Board.jpg","contentUrl":"https:\/\/ubirataonline.com.br\/wp-content\/uploads\/2026\/03\/Jay-Schmidt-Appointed-To-State-Cimmunity-And-Technical-College-Board.jpg","width":200,"height":267,"caption":"Jay Schmidt Appointed To State Cimmunity And Technical College Board"},{"@type":"BreadcrumbList","@id":"https:\/\/ubirataonline.com.br\/jay-schmidt-appointed-to-state-cimmunity-and-technical-college-board\/#breadcrumb","itemListElement":[{"@type":"ListItem","position":1,"name":"In\u00edcio","item":"https:\/\/ubirataonline.com.br\/"},{"@type":"ListItem","position":2,"name":"Jay Schmidt Appointed To State Cimmunity And Technical College Board"}]},{"@type":"WebSite","@id":"https:\/\/ubirataonline.com.br\/#website","url":"https:\/\/ubirataonline.com.br\/","name":"Ubirat\u00e3 Online Not\u00edcias","description":"Not\u00edcias de Ubirat\u00e3, regi\u00e3o, Brasil e mundo, com informa\u00e7\u00e3o atualizada e compromisso com o leitor.","publisher":{"@id":"https:\/\/ubirataonline.com.br\/#organization"},"alternateName":"Ubirat\u00e3 Online","potentialAction":[{"@type":"SearchAction","target":{"@type":"EntryPoint","urlTemplate":"https:\/\/ubirataonline.com.br\/?s={search_term_string}"},"query-input":{"@type":"PropertyValueSpecification","valueRequired":true,"valueName":"search_term_string"}}],"inLanguage":"en-US"},{"@type":["Organization","Place"],"@id":"https:\/\/ubirataonline.com.br\/#organization","name":"Ubirat\u00e3 Online Not\u00edcias","alternateName":"Ubirat\u00e3 Online","url":"https:\/\/ubirataonline.com.br\/","logo":{"@id":"https:\/\/ubirataonline.com.br\/jay-schmidt-appointed-to-state-cimmunity-and-technical-college-board\/#local-main-organization-logo"},"image":{"@id":"https:\/\/ubirataonline.com.br\/jay-schmidt-appointed-to-state-cimmunity-and-technical-college-board\/#local-main-organization-logo"},"sameAs":["https:\/\/www.facebook.com\/portalubirataonline","https:\/\/x.com\/ubirataonline","https:\/\/mastodon.social\/@ubirataonline","https:\/\/www.facebook.com\/groups\/311144672285604","https:\/\/www.facebook.com\/UBTAOnline","https:\/\/www.instagram.com\/portalubirataonline\/","https:\/\/twitter.com\/ubirataonline"],"description":"Somos um portal de not\u00edcias independente, criado em 5 de janeiro de 2009, com o objetivo de informar, conectar e valorizar a nossa comunidade de Ubirat\u00e3 e toda aregi\u00e3o. Com conte\u00fado atualizado, confi\u00e1vel e relevante, o Ubirat\u00e3 Online \u00e9 o seu espa\u00e7o para ficar por dentro dos principais acontecimentos locais, regionais, Brasil, Mundo e de interesse geral. Nosso compromisso \u00e9 com a verdade, a transpar\u00eancia e o respeito ao leitor.","legalName":"UBIRATA ONLINE NOT\u00cdCIAS","foundingDate":"2009-01-05","numberOfEmployees":{"@type":"QuantitativeValue","minValue":"1","maxValue":"10"},"publishingPrinciples":"https:\/\/ubirataonline.com.br\/faq\/","address":{"@id":"https:\/\/ubirataonline.com.br\/jay-schmidt-appointed-to-state-cimmunity-and-technical-college-board\/#local-main-place-address"},"geo":{"@type":"GeoCoordinates","latitude":"-24.5361401","longitude":"-52.9921776"},"telephone":["+5544998308235"],"contactPoint":{"@type":"ContactPoint","email":"contato@ubirataonline.com.br"},"openingHoursSpecification":{"@type":"OpeningHoursSpecification","dayOfWeek":["Monday","Tuesday","Wednesday","Thursday","Friday","Saturday","Sunday"],"opens":"00:00","closes":"23:59"},"email":"contato@ubirataonline.com.br","vatID":"47.621.418\/0001-80"},{"@type":"Person","@id":"https:\/\/ubirataonline.com.br\/#\/schema\/person\/372f87bbd3fdd79b8556b84c98d0bc1c","name":"REDA\u00c7\u00c3O: UBIRAT\u00c3 ONLINE - F\u00c1BIO AUGUSTO CELESTINO","pronouns":"Ele","description":"Desde 2003 trabalhando com not\u00edcias.","sameAs":["http:\/\/ubirataoline.com.br","https:\/\/www.facebook.com\/portalubirataonline","https:\/\/www.instagram.com\/ubirataonline_oficial","https:\/\/x.com\/x.com\/ubirataonline"],"honorificPrefix":"Mr.","honorificSuffix":"MD","birthDate":"1980-06-16","gender":"masculino","award":["V\u00e1rios pr\u00eamios de melhor portal da cidade"],"jobTitle":"Diretor","url":"https:\/\/ubirataonline.com.br\/en\/author\/ubirataonline\/"},{"@type":"PostalAddress","@id":"https:\/\/ubirataonline.com.br\/jay-schmidt-appointed-to-state-cimmunity-and-technical-college-board\/#local-main-place-address","streetAddress":"Rua dos Coqueiros, 104 - Bairro Boa Vista, Rua dos Coqueiros, 104 Bairro Boa Vista","addressLocality":"UBIRATA","postalCode":"85440-000","addressRegion":"PR","addressCountry":"BR"},{"@type":"ImageObject","inLanguage":"en-US","@id":"https:\/\/ubirataonline.com.br\/jay-schmidt-appointed-to-state-cimmunity-and-technical-college-board\/#local-main-organization-logo","url":"https:\/\/ubirataonline.com.br\/wp-content\/uploads\/2026\/06\/logoubirataonline-1.webp","contentUrl":"https:\/\/ubirataonline.com.br\/wp-content\/uploads\/2026\/06\/logoubirataonline-1.webp","width":500,"height":500,"caption":"Ubirat\u00e3 Online Not\u00edcias"}]},"geo.placename":"UBIRATA","geo.position":{"lat":"-24.5361401","long":"-52.9921776"},"geo.region":"Brazil"},"_links":{"self":[{"href":"https:\/\/ubirataonline.com.br\/en\/wp-json\/wp\/v2\/posts\/93705","targetHints":{"allow":["GET"]}}],"collection":[{"href":"https:\/\/ubirataonline.com.br\/en\/wp-json\/wp\/v2\/posts"}],"about":[{"href":"https:\/\/ubirataonline.com.br\/en\/wp-json\/wp\/v2\/types\/post"}],"author":[{"embeddable":true,"href":"https:\/\/ubirataonline.com.br\/en\/wp-json\/wp\/v2\/users\/1"}],"replies":[{"embeddable":true,"href":"https:\/\/ubirataonline.com.br\/en\/wp-json\/wp\/v2\/comments?post=93705"}],"version-history":[{"count":0,"href":"https:\/\/ubirataonline.com.br\/en\/wp-json\/wp\/v2\/posts\/93705\/revisions"}],"wp:featuredmedia":[{"embeddable":true,"href":"https:\/\/ubirataonline.com.br\/en\/wp-json\/wp\/v2\/media\/93706"}],"wp:attachment":[{"href":"https:\/\/ubirataonline.com.br\/en\/wp-json\/wp\/v2\/media?parent=93705"}],"wp:term":[{"taxonomy":"category","embeddable":true,"href":"https:\/\/ubirataonline.com.br\/en\/wp-json\/wp\/v2\/categories?post=93705"},{"taxonomy":"post_tag","embeddable":true,"href":"https:\/\/ubirataonline.com.br\/en\/wp-json\/wp\/v2\/tags?post=93705"}],"curies":[{"name":"wp","href":"https:\/\/api.w.org\/{rel}","templated":true}]}}