{"id":93711,"date":"2026-03-11T09:52:35","date_gmt":"2026-03-11T12:52:35","guid":{"rendered":"https:\/\/ubirataonline.com.br\/acm-neto-recebeu-r-36-milhoes-do-master-e-da-reag-aponta-coaf\/"},"modified":"2026-03-11T09:52:39","modified_gmt":"2026-03-11T12:52:39","slug":"acm-neto-recebeu-r-36-milhoes-do-master-e-da-reag-aponta-coaf","status":"publish","type":"post","link":"https:\/\/ubirataonline.com.br\/en\/acm-neto-recebeu-r-36-milhoes-do-master-e-da-reag-aponta-coaf\/","title":{"rendered":"ACM Neto recebeu R$ 3,6 milh\u00f5es do Master e da Reag, aponta Coaf"},"content":{"rendered":"<p><\/p>\n<div data-block-type=\"unstyled\" data-block-weight=\"92\">\n<p class=\"content-text__container theme-color-primary-first-letter\" data-track-category=\"Link no Texto\" data-track-links=\"\"> Uma empresa do vice-presidente do Uni\u00e3o Brasil e pr\u00e9-candidato ao governo da Bahia, ACM Neto, recebeu R$ 3,6 milh\u00f5es do Banco Master, de Daniel Vorcaro, e da gestora de recursos Reag, segundo relat\u00f3rio do Coaf (Conselho de Controle de Atividades Financeiras), \u00f3rg\u00e3o vinculado ao Banco Central. Os recursos foram repassados ao ex-prefeito de Salvador logo ap\u00f3s as elei\u00e7\u00f5es de 2022, em dezembro daquele ano, e entre mar\u00e7o de 2023 e maio de 2024. Procurado, ACM Neto confirma que recebeu os pagamentos e diz que os valores s\u00e3o referentes a servi\u00e7os de consultoria. <\/p>\n<\/p><\/div>\n<div>\n<div class=\"mc-column content-text active-extra-styles\" data-block-type=\"raw\" data-block-weight=\"31\">\n<ul class=\"content-unordered-list\">\n<li><strong>Transfer\u00eancia:<\/strong> <a class=\"\" href=\"https:\/\/oglobo.globo.com\/politica\/noticia\/2026\/03\/11\/vorcaro-repassou-r-700-milhoes-para-empresa-sediada-em-paraiso-fiscal-durante-negociacoes-com-o-brb.ghtml\">Vorcaro repassou R$ 700 milh\u00f5es para empresa sediada em para\u00edso fiscal durante negocia\u00e7\u00f5es com o BRB<\/a><\/li>\n<li><strong>Entenda:<\/strong> <a class=\"\" href=\"https:\/\/oglobo.globo.com\/politica\/noticia\/2026\/03\/11\/os-recados-de-fachin-a-ministros-do-stf-em-meio-ao-caso-master.ghtml\">Os recados de Fachin a ministros do STF em meio ao caso Master<\/a><\/li>\n<\/ul><\/div>\n<div class=\"mc-column content-text active-extra-styles\" data-block-type=\"unstyled\" data-block-weight=\"63\">\n<p class=\"content-text__container\" data-track-category=\"Link no Texto\" data-track-links=\"\"> A empresa A&amp;M Consultoria Ltda., da qual o vice-presidente do Uni\u00e3o Brasil \u00e9 s\u00f3cio ao lado de sua mulher, foi constitu\u00edda em 28 de dezembro de 2022 e tem capital social de R$ 2 mil. Segundo dados da Receita Federal, a empresa tem como atividade principal prestar servi\u00e7os \u201cde consultoria em gest\u00e3o empresarial\u201d e como atividade secund\u00e1ria uma atua\u00e7\u00e3o \u201cde apoio \u00e0 educa\u00e7\u00e3o\u201d. <\/p>\n<\/p><\/div>\n<div class=\"mc-column content-text active-extra-styles\" data-block-type=\"unstyled\" data-block-weight=\"80\">\n<p class=\"content-text__container\" data-track-category=\"Link no Texto\" data-track-links=\"\"> De acordo com dados do Coaf, de junho de 2023 a maio de 2024, a empresa de ACM Neto recebeu R$ 1,5 milh\u00e3o em 11 repasses da Reag e R$ 1,3 milh\u00e3o em nove repasses do Master, totalizando R$ 2,9 milh\u00f5es. Nesse mesmo per\u00edodo, ACM recebeu da sua pr\u00f3pria empresa R$ 4,2 milh\u00f5es em 14 repasses. Antes disso, em mar\u00e7o de 2023 e junho de 2023, a A&amp;M recebeu R$ 422,3 mil do Master e R$ 281,5 mil da Reag. <\/p>\n<\/p><\/div>\n<div class=\"mc-column content-text active-extra-styles\" data-block-type=\"unstyled\" data-block-weight=\"35\">\n<p class=\"content-text__container\" data-track-category=\"Link no Texto\" data-track-links=\"\"> \u201cIdentificamos que, no per\u00edodo analisado, a empresa movimentou recursos expressivos, acima de sua capacidade financeira declarada\u201d, diz o relat\u00f3rio do Coaf, \u00f3rg\u00e3o de intelig\u00eancia que atua na preven\u00e7\u00e3o e no combate \u00e0 lavagem de dinheiro. <\/p>\n<\/p><\/div>\n<div class=\"mc-column content-text active-extra-styles\" data-block-type=\"unstyled\" data-block-weight=\"56\">\n<p class=\"content-text__container\" data-track-category=\"Link no Texto\" data-track-links=\"\"> Procurado por telefone, ACM Neto afirmou que falaria apenas por meio de nota redigida com seu advogado. Em texto enviado ao GLOBO, o ex-prefeito de Salvador disse que, quando j\u00e1 n\u00e3o exercia qualquer cargo p\u00fablico, constituiu a empresa e, a partir de ent\u00e3o, prestou servi\u00e7os a alguns clientes, dentre eles o Banco Master e a Reag. <\/p>\n<\/p><\/div>\n<div class=\"mc-column content-text active-extra-styles\" data-block-type=\"unstyled\" data-block-weight=\"44\">\n<p class=\"content-text__container\" data-track-category=\"Link no Texto\" data-track-links=\"\"> &#8220;Isto sempre ocorreu com contratos formais, com o devido recolhimento de impostos e trabalhos de consultoria efetivamente executados, notadamente relacionados \u00e0 an\u00e1lise da agenda pol\u00edtico-econ\u00f4mica nacional, e materializados em diversas reuni\u00f5es com o corpo t\u00e9cnico e jur\u00eddico dos contratantes&#8221;, afirmou o ex-prefeito de Salvador. <\/p>\n<\/p><\/div>\n<div class=\"mc-column content-text active-extra-styles\" data-block-type=\"unstyled\" data-block-weight=\"24\">\n<p class=\"content-text__container\" data-track-category=\"Link no Texto\" data-track-links=\"\"> ACM Neto frisou, ainda, que &#8220;no per\u00edodo do contrato, existia nada que desabonasse as empresas citadas, sendo ambas atuantes em segmento empresarial rigidamente regulado&#8221;. <\/p>\n<\/p><\/div>\n<div class=\"mc-column content-text active-extra-styles\" data-block-type=\"unstyled\" data-block-weight=\"71\">\n<p class=\"content-text__container\" data-track-category=\"Link no Texto\" data-track-links=\"\"> &#8220;Os servi\u00e7os por mim prestados n\u00e3o envolveram qualquer tipo de irregularidade e n\u00e3o t\u00eam correla\u00e7\u00e3o com os temas que se noticia estarem sob investiga\u00e7\u00e3o. Os honor\u00e1rios recebidos, os rendimentos declarados e os dividendos distribu\u00eddos s\u00e3o inteiramente compat\u00edveis e congruentes, uma vez que, no mesmo per\u00edodo, foram prestados servi\u00e7os de consultoria tamb\u00e9m a outros clientes. Vale frisar que t\u00e3o logo cessou a presta\u00e7\u00e3o dos servi\u00e7os, os contratos e pagamentos foram finalizados&#8221;, afirmou. <\/p>\n<\/p><\/div>\n<div class=\"mc-column content-text active-extra-styles\" data-block-type=\"unstyled\" data-block-weight=\"20\">\n<p class=\"content-text__container\" data-track-category=\"Link no Texto\" data-track-links=\"\"> O ex-prefeito pontuou, ainda, que est\u00e1 &#8220;totalmente seguro em rela\u00e7\u00e3o a estes fatos, haja vista n\u00e3o existir nada de errado&#8221;. <\/p>\n<\/p><\/div>\n<div class=\"mc-column content-text active-extra-styles\" data-block-type=\"unstyled\" data-block-weight=\"83\">\n<p class=\"content-text__container\" data-track-category=\"Link no Texto\" data-track-links=\"\"> Al\u00e9m de ACM Neto, o Master contratou um rede de consultores e advogados para atuar no mundo pol\u00edtico e jur\u00eddico a favor do banco. O colunista Lauro Jardim, do GLOBO, revelou no ano passado que o ex-ministro da Fazenda Guido Mantega tamb\u00e9m foi contratado como consultor do Master. O ex-chefe da equipe econ\u00f4mica conseguiu um encontro de Vorcaro com o presidente Luiz In\u00e1cio Lula da Silva e atuou pela aprova\u00e7\u00e3o da opera\u00e7\u00e3o de venda do banco ao BRB, institui\u00e7\u00e3o p\u00fablica do Distrito Federal. <\/p>\n<\/p><\/div>\n<div class=\"mc-column content-text active-extra-styles\" data-block-type=\"unstyled\" data-block-weight=\"70\">\n<p class=\"content-text__container\" data-track-category=\"Link no Texto\" data-track-links=\"\"> O ex-ministro da Justi\u00e7a Ricardo Lewandowski tamb\u00e9m prestou consultoria ao Master por indica\u00e7\u00e3o do l\u00edder do governo Lula no Senado, Jaques Wagner (PT-BA). O escrit\u00f3rio do ex-magistrado passou a prestar servi\u00e7os ao banco logo ap\u00f3s ele e aposentar do STF, em 2023. O contrato previa pagamentos mensais de R$ 250 mil e rendeu ao ex-ministro e ao seu filho R$ 6,5 milh\u00f5es entre agosto de 2023 e agosto de 2025. <\/p>\n<\/p><\/div>\n<div class=\"mc-column content-text active-extra-styles\" data-block-type=\"unstyled\" data-block-weight=\"56\">\n<p class=\"content-text__container\" data-track-category=\"Link no Texto\" data-track-links=\"\"> O escrit\u00f3rio de advocacia de Viviane Barci de Moraes, mulher do ministro Alexandre de Moraes, do STF, tamb\u00e9m foi contratado para auxiliar o Master em Bras\u00edlia, conforme revelou a colunista Malu Gaspar. O acordo previa o pagamento de R$ 129 milh\u00f5es em tr\u00eas anos e foi encerrado ap\u00f3s Vorcaro ser preso e o seu banco liquidado. <\/p>\n<\/p><\/div>\n<div class=\"mc-column content-text active-extra-styles\" data-block-type=\"unstyled\" data-block-weight=\"53\">\n<p class=\"content-text__container\" data-track-category=\"Link no Texto\" data-track-links=\"\"> O Banco Master se tornou alvo de investiga\u00e7\u00f5es da PF ap\u00f3s a descoberta de um esquema bilion\u00e1rio de fraude no sistema financeiro, com emiss\u00e3o de t\u00edtulos de cr\u00e9dito sem lastro e realiza\u00e7\u00e3o de opera\u00e7\u00f5es irregulares que podem chegar R$ 12 bilh\u00f5es. O Banco Central decretou a liquida\u00e7\u00e3o da institui\u00e7\u00e3o em novembro de 2025. <\/p>\n<\/p><\/div>\n<div data-track-category=\"multicontent\" data-track-action=\"ultimo chunk conteudo\" data-track-noninteraction=\"false\" data-track-scroll=\"view\">\n<div class=\"mc-column content-text active-extra-styles\" data-block-type=\"unstyled\" data-block-weight=\"45\">\n<p class=\"content-text__container\" data-track-category=\"Link no Texto\" data-track-links=\"\"> Na semana passada, Vorcaro foi preso pela segunda vez por determina\u00e7\u00e3o do ministro Andr\u00e9 Mendon\u00e7a, relator do caso no Supremo Tribunal Federal (STF). Segundo decis\u00e3o do magistrado, o banqueiro mantinha um \u201cbra\u00e7o armado\u201d para intimidar advers\u00e1rios&#8221;, com uso de \u201ccoa\u00e7\u00e3o por meio de sua mil\u00edcia&#8221;. <\/p>\n<\/p><\/div>\n<\/p><\/div>\n<\/p><\/div>\n<p><a href=\"https:\/\/oglobo.globo.com\/politica\/noticia\/2026\/03\/11\/acm-neto-recebeu-r-36-milhoes-do-master-e-da-reag-aponta-coaf.ghtml\">Fonte do Artigo <\/a><\/p>","protected":false},"excerpt":{"rendered":"<p>Uma empresa do vice-presidente do Uni\u00e3o Brasil e pr\u00e9-candidato ao governo da Bahia, ACM Neto, recebeu R$ 3,6 milh\u00f5es do Banco Master, de Daniel Vorcaro, e da gestora de recursos Reag, segundo relat\u00f3rio do Coaf (Conselho de Controle de Atividades Financeiras), \u00f3rg\u00e3o vinculado ao Banco Central. Os recursos foram repassados ao ex-prefeito de Salvador logo [&hellip;]<\/p>\n","protected":false},"author":1,"featured_media":93712,"comment_status":"closed","ping_status":"","sticky":false,"template":"","format":"standard","meta":{"googlesitekit_rrm_CAow2JLhCw:productID":"","_gspb_post_css":"","maa_idioma":"","maa_pais":"","footnotes":""},"categories":[4],"tags":[22237,5185,22240,9229,3347,17617,22239,22238],"class_list":["post-93711","post","type-post","status-publish","format-standard","has-post-thumbnail","hentry","category-brasil","tag-acm","tag-aponta","tag-coaf","tag-master","tag-milhoes","tag-neto","tag-reag","tag-recebeu"],"blocksy_meta":[],"yoast_head":"<!-- This site is optimized with the Yoast SEO Premium plugin v27.6 (Yoast SEO v27.6) - https:\/\/yoast.com\/product\/yoast-seo-premium-wordpress\/ -->\n<title>ACM Neto recebeu R$ 3,6 milh\u00f5es do Master e da Reag, aponta Coaf - Ubirat\u00e3 Online Not\u00edcias - A realidade ao seu alcance!<\/title>\n<meta name=\"description\" content=\"Uma empresa do vice-presidente do Uni\u00e3o Brasil e pr\u00e9-candidato ao governo da Bahia, ACM Neto, recebeu R$ 3,6 milh\u00f5es do Banco Master, de Daniel Vorcaro, e\" \/>\n<meta name=\"robots\" content=\"index, follow, max-snippet:-1, max-image-preview:large, max-video-preview:-1\" \/>\n<link rel=\"canonical\" href=\"https:\/\/ubirataonline.com.br\/en\/acm-neto-recebeu-r-36-milhoes-do-master-e-da-reag-aponta-coaf\/\" \/>\n<meta property=\"og:locale\" content=\"en_US\" \/>\n<meta property=\"og:type\" content=\"article\" \/>\n<meta property=\"og:title\" content=\"ACM Neto recebeu R$ 3,6 milh\u00f5es do Master e da Reag, aponta Coaf\" \/>\n<meta property=\"og:description\" content=\"Uma empresa do vice-presidente do Uni\u00e3o Brasil e pr\u00e9-candidato ao governo da Bahia, ACM Neto, recebeu R$ 3,6 milh\u00f5es do Banco Master, de Daniel Vorcaro, e\" \/>\n<meta property=\"og:url\" content=\"https:\/\/ubirataonline.com.br\/en\/acm-neto-recebeu-r-36-milhoes-do-master-e-da-reag-aponta-coaf\/\" \/>\n<meta property=\"og:site_name\" content=\"Ubirat\u00e3 Online Not\u00edcias - A realidade ao seu alcance!\" \/>\n<meta property=\"article:publisher\" content=\"https:\/\/www.facebook.com\/portalubirataonline\" \/>\n<meta property=\"article:author\" content=\"https:\/\/www.facebook.com\/portalubirataonline\" \/>\n<meta property=\"article:published_time\" content=\"2026-03-11T12:52:35+00:00\" \/>\n<meta property=\"article:modified_time\" content=\"2026-03-11T12:52:39+00:00\" \/>\n<meta property=\"og:image\" content=\"https:\/\/ubirataonline.com.br\/wp-content\/uploads\/2026\/03\/ACM-Neto-recebeu-R-36-milhoes-do-Master-e-da.png\" \/>\n\t<meta property=\"og:image:width\" content=\"806\" \/>\n\t<meta property=\"og:image:height\" content=\"574\" \/>\n\t<meta property=\"og:image:type\" content=\"image\/png\" \/>\n<meta name=\"author\" content=\"REDA\u00c7\u00c3O: UBIRAT\u00c3 ONLINE - F\u00c1BIO AUGUSTO CELESTINO\" \/>\n<meta name=\"twitter:card\" content=\"summary_large_image\" \/>\n<meta name=\"twitter:creator\" content=\"@x.com\/ubirataonline\" \/>\n<meta name=\"twitter:site\" content=\"@ubirataonline\" \/>\n<meta name=\"twitter:label1\" content=\"Written by\" \/>\n\t<meta name=\"twitter:data1\" content=\"REDA\u00c7\u00c3O: UBIRAT\u00c3 ONLINE - F\u00c1BIO AUGUSTO CELESTINO\" \/>\n\t<meta name=\"twitter:label2\" content=\"Est. reading time\" \/>\n\t<meta name=\"twitter:data2\" content=\"5 minutes\" \/>\n<script type=\"application\/ld+json\" class=\"yoast-schema-graph\">{\"@context\":\"https:\\\/\\\/schema.org\",\"@graph\":[{\"@type\":\"NewsArticle\",\"@id\":\"https:\\\/\\\/ubirataonline.com.br\\\/acm-neto-recebeu-r-36-milhoes-do-master-e-da-reag-aponta-coaf\\\/#article\",\"isPartOf\":{\"@id\":\"https:\\\/\\\/ubirataonline.com.br\\\/acm-neto-recebeu-r-36-milhoes-do-master-e-da-reag-aponta-coaf\\\/\"},\"author\":{\"name\":\"REDA\u00c7\u00c3O: UBIRAT\u00c3 ONLINE - F\u00c1BIO AUGUSTO CELESTINO\",\"@id\":\"https:\\\/\\\/ubirataonline.com.br\\\/#\\\/schema\\\/person\\\/372f87bbd3fdd79b8556b84c98d0bc1c\"},\"headline\":\"ACM Neto recebeu R$ 3,6 milh\u00f5es do Master e da Reag, aponta Coaf\",\"datePublished\":\"2026-03-11T12:52:35+00:00\",\"dateModified\":\"2026-03-11T12:52:39+00:00\",\"mainEntityOfPage\":{\"@id\":\"https:\\\/\\\/ubirataonline.com.br\\\/acm-neto-recebeu-r-36-milhoes-do-master-e-da-reag-aponta-coaf\\\/\"},\"wordCount\":916,\"publisher\":{\"@id\":\"https:\\\/\\\/ubirataonline.com.br\\\/#organization\"},\"image\":{\"@id\":\"https:\\\/\\\/ubirataonline.com.br\\\/acm-neto-recebeu-r-36-milhoes-do-master-e-da-reag-aponta-coaf\\\/#primaryimage\"},\"thumbnailUrl\":\"https:\\\/\\\/ubirataonline.com.br\\\/wp-content\\\/uploads\\\/2026\\\/03\\\/ACM-Neto-recebeu-R-36-milhoes-do-Master-e-da.png\",\"keywords\":[\"ACM\",\"aponta\",\"Coaf\",\"Master\",\"milh\u00f5es\",\"Neto\",\"Reag\",\"recebeu\"],\"articleSection\":[\"Brasil\"],\"inLanguage\":\"en-US\",\"copyrightYear\":\"2026\",\"copyrightHolder\":{\"@id\":\"https:\\\/\\\/ubirataonline.com.br\\\/en\\\/#organization\"}},{\"@type\":\"WebPage\",\"@id\":\"https:\\\/\\\/ubirataonline.com.br\\\/acm-neto-recebeu-r-36-milhoes-do-master-e-da-reag-aponta-coaf\\\/\",\"url\":\"https:\\\/\\\/ubirataonline.com.br\\\/acm-neto-recebeu-r-36-milhoes-do-master-e-da-reag-aponta-coaf\\\/\",\"name\":\"ACM Neto recebeu R$ 3,6 milh\u00f5es do Master e da Reag, aponta Coaf - Ubirat\u00e3 Online Not\u00edcias - A realidade ao seu alcance!\",\"isPartOf\":{\"@id\":\"https:\\\/\\\/ubirataonline.com.br\\\/#website\"},\"primaryImageOfPage\":{\"@id\":\"https:\\\/\\\/ubirataonline.com.br\\\/acm-neto-recebeu-r-36-milhoes-do-master-e-da-reag-aponta-coaf\\\/#primaryimage\"},\"image\":{\"@id\":\"https:\\\/\\\/ubirataonline.com.br\\\/acm-neto-recebeu-r-36-milhoes-do-master-e-da-reag-aponta-coaf\\\/#primaryimage\"},\"thumbnailUrl\":\"https:\\\/\\\/ubirataonline.com.br\\\/wp-content\\\/uploads\\\/2026\\\/03\\\/ACM-Neto-recebeu-R-36-milhoes-do-Master-e-da.png\",\"datePublished\":\"2026-03-11T12:52:35+00:00\",\"dateModified\":\"2026-03-11T12:52:39+00:00\",\"description\":\"Uma empresa do vice-presidente do Uni\u00e3o Brasil e pr\u00e9-candidato ao governo da Bahia, ACM Neto, recebeu R$ 3,6 milh\u00f5es do Banco Master, de Daniel Vorcaro, e\",\"breadcrumb\":{\"@id\":\"https:\\\/\\\/ubirataonline.com.br\\\/acm-neto-recebeu-r-36-milhoes-do-master-e-da-reag-aponta-coaf\\\/#breadcrumb\"},\"inLanguage\":\"en-US\",\"potentialAction\":[{\"@type\":\"ReadAction\",\"target\":[\"https:\\\/\\\/ubirataonline.com.br\\\/acm-neto-recebeu-r-36-milhoes-do-master-e-da-reag-aponta-coaf\\\/\"]}]},{\"@type\":\"ImageObject\",\"inLanguage\":\"en-US\",\"@id\":\"https:\\\/\\\/ubirataonline.com.br\\\/acm-neto-recebeu-r-36-milhoes-do-master-e-da-reag-aponta-coaf\\\/#primaryimage\",\"url\":\"https:\\\/\\\/ubirataonline.com.br\\\/wp-content\\\/uploads\\\/2026\\\/03\\\/ACM-Neto-recebeu-R-36-milhoes-do-Master-e-da.png\",\"contentUrl\":\"https:\\\/\\\/ubirataonline.com.br\\\/wp-content\\\/uploads\\\/2026\\\/03\\\/ACM-Neto-recebeu-R-36-milhoes-do-Master-e-da.png\",\"width\":806,\"height\":574,\"caption\":\"Vice-presidente do Uni\u00e3o Brasil, ACM Neto \u2014 Foto: Brenno Carvalho\"},{\"@type\":\"BreadcrumbList\",\"@id\":\"https:\\\/\\\/ubirataonline.com.br\\\/acm-neto-recebeu-r-36-milhoes-do-master-e-da-reag-aponta-coaf\\\/#breadcrumb\",\"itemListElement\":[{\"@type\":\"ListItem\",\"position\":1,\"name\":\"In\u00edcio\",\"item\":\"https:\\\/\\\/ubirataonline.com.br\\\/\"},{\"@type\":\"ListItem\",\"position\":2,\"name\":\"ACM Neto recebeu R$ 3,6 milh\u00f5es do Master e da Reag, aponta Coaf\"}]},{\"@type\":\"WebSite\",\"@id\":\"https:\\\/\\\/ubirataonline.com.br\\\/#website\",\"url\":\"https:\\\/\\\/ubirataonline.com.br\\\/\",\"name\":\"Ubirat\u00e3 Online Not\u00edcias\",\"description\":\"Not\u00edcias de Ubirat\u00e3, regi\u00e3o, Brasil e mundo, com informa\u00e7\u00e3o atualizada e compromisso com o leitor.\",\"publisher\":{\"@id\":\"https:\\\/\\\/ubirataonline.com.br\\\/#organization\"},\"alternateName\":\"Ubirat\u00e3 Online\",\"potentialAction\":[{\"@type\":\"SearchAction\",\"target\":{\"@type\":\"EntryPoint\",\"urlTemplate\":\"https:\\\/\\\/ubirataonline.com.br\\\/?s={search_term_string}\"},\"query-input\":{\"@type\":\"PropertyValueSpecification\",\"valueRequired\":true,\"valueName\":\"search_term_string\"}}],\"inLanguage\":\"en-US\"},{\"@type\":[\"Organization\",\"Place\"],\"@id\":\"https:\\\/\\\/ubirataonline.com.br\\\/#organization\",\"name\":\"Ubirat\u00e3 Online Not\u00edcias\",\"alternateName\":\"Ubirat\u00e3 Online\",\"url\":\"https:\\\/\\\/ubirataonline.com.br\\\/\",\"logo\":{\"@id\":\"https:\\\/\\\/ubirataonline.com.br\\\/acm-neto-recebeu-r-36-milhoes-do-master-e-da-reag-aponta-coaf\\\/#local-main-organization-logo\"},\"image\":{\"@id\":\"https:\\\/\\\/ubirataonline.com.br\\\/acm-neto-recebeu-r-36-milhoes-do-master-e-da-reag-aponta-coaf\\\/#local-main-organization-logo\"},\"sameAs\":[\"https:\\\/\\\/www.facebook.com\\\/portalubirataonline\",\"https:\\\/\\\/x.com\\\/ubirataonline\",\"https:\\\/\\\/mastodon.social\\\/@ubirataonline\",\"https:\\\/\\\/www.facebook.com\\\/groups\\\/311144672285604\",\"https:\\\/\\\/www.facebook.com\\\/UBTAOnline\",\"https:\\\/\\\/www.instagram.com\\\/portalubirataonline\\\/\",\"https:\\\/\\\/twitter.com\\\/ubirataonline\"],\"description\":\"Somos um portal de not\u00edcias independente, criado em 5 de janeiro de 2009, com o objetivo de informar, conectar e valorizar a nossa comunidade de Ubirat\u00e3 e toda aregi\u00e3o. Com conte\u00fado atualizado, confi\u00e1vel e relevante, o Ubirat\u00e3 Online \u00e9 o seu espa\u00e7o para ficar por dentro dos principais acontecimentos locais, regionais, Brasil, Mundo e de interesse geral. Nosso compromisso \u00e9 com a verdade, a transpar\u00eancia e o respeito ao leitor.\",\"legalName\":\"UBIRATA ONLINE NOT\u00cdCIAS\",\"foundingDate\":\"2009-01-05\",\"numberOfEmployees\":{\"@type\":\"QuantitativeValue\",\"minValue\":\"1\",\"maxValue\":\"10\"},\"publishingPrinciples\":\"https:\\\/\\\/ubirataonline.com.br\\\/faq\\\/\",\"address\":{\"@id\":\"https:\\\/\\\/ubirataonline.com.br\\\/acm-neto-recebeu-r-36-milhoes-do-master-e-da-reag-aponta-coaf\\\/#local-main-place-address\"},\"geo\":{\"@type\":\"GeoCoordinates\",\"latitude\":\"-24.5361401\",\"longitude\":\"-52.9921776\"},\"telephone\":[\"+5544998308235\"],\"contactPoint\":{\"@type\":\"ContactPoint\",\"email\":\"contato@ubirataonline.com.br\"},\"openingHoursSpecification\":{\"@type\":\"OpeningHoursSpecification\",\"dayOfWeek\":[\"Monday\",\"Tuesday\",\"Wednesday\",\"Thursday\",\"Friday\",\"Saturday\",\"Sunday\"],\"opens\":\"00:00\",\"closes\":\"23:59\"},\"email\":\"contato@ubirataonline.com.br\",\"vatID\":\"47.621.418\\\/0001-80\"},{\"@type\":\"Person\",\"@id\":\"https:\\\/\\\/ubirataonline.com.br\\\/#\\\/schema\\\/person\\\/372f87bbd3fdd79b8556b84c98d0bc1c\",\"name\":\"REDA\u00c7\u00c3O: UBIRAT\u00c3 ONLINE - F\u00c1BIO AUGUSTO CELESTINO\",\"pronouns\":\"Ele\",\"description\":\"Desde 2003 trabalhando com not\u00edcias.\",\"sameAs\":[\"http:\\\/\\\/ubirataoline.com.br\",\"https:\\\/\\\/www.facebook.com\\\/portalubirataonline\",\"https:\\\/\\\/www.instagram.com\\\/ubirataonline_oficial\",\"https:\\\/\\\/x.com\\\/x.com\\\/ubirataonline\"],\"honorificPrefix\":\"Mr.\",\"honorificSuffix\":\"MD\",\"birthDate\":\"1980-06-16\",\"gender\":\"masculino\",\"award\":[\"V\u00e1rios pr\u00eamios de melhor portal da cidade\"],\"jobTitle\":\"Diretor\",\"url\":\"https:\\\/\\\/ubirataonline.com.br\\\/en\\\/author\\\/ubirataonline\\\/\"},{\"@type\":\"PostalAddress\",\"@id\":\"https:\\\/\\\/ubirataonline.com.br\\\/acm-neto-recebeu-r-36-milhoes-do-master-e-da-reag-aponta-coaf\\\/#local-main-place-address\",\"streetAddress\":\"Rua dos Coqueiros, 104 - Bairro Boa Vista, Rua dos Coqueiros, 104 Bairro Boa Vista\",\"addressLocality\":\"UBIRATA\",\"postalCode\":\"85440-000\",\"addressRegion\":\"PR\",\"addressCountry\":\"BR\"},{\"@type\":\"ImageObject\",\"inLanguage\":\"en-US\",\"@id\":\"https:\\\/\\\/ubirataonline.com.br\\\/acm-neto-recebeu-r-36-milhoes-do-master-e-da-reag-aponta-coaf\\\/#local-main-organization-logo\",\"url\":\"https:\\\/\\\/ubirataonline.com.br\\\/wp-content\\\/uploads\\\/2026\\\/06\\\/logoubirataonline-1.webp\",\"contentUrl\":\"https:\\\/\\\/ubirataonline.com.br\\\/wp-content\\\/uploads\\\/2026\\\/06\\\/logoubirataonline-1.webp\",\"width\":500,\"height\":500,\"caption\":\"Ubirat\u00e3 Online Not\u00edcias\"}]}<\/script>\n<meta name=\"geo.placename\" content=\"UBIRATA\" \/>\n<meta name=\"geo.position\" content=\"-24.5361401;-52.9921776\" \/>\n<meta name=\"geo.region\" content=\"Brazil\" \/>\n<!-- \/ Yoast SEO Premium plugin. -->","yoast_head_json":{"title":"ACM Neto recebeu R$ 3,6 milh\u00f5es do Master e da Reag, aponta Coaf - Ubirat\u00e3 Online Not\u00edcias - A realidade ao seu alcance!","description":"Uma empresa do vice-presidente do Uni\u00e3o Brasil e pr\u00e9-candidato ao governo da Bahia, ACM Neto, recebeu R$ 3,6 milh\u00f5es do Banco Master, de Daniel Vorcaro, e","robots":{"index":"index","follow":"follow","max-snippet":"max-snippet:-1","max-image-preview":"max-image-preview:large","max-video-preview":"max-video-preview:-1"},"canonical":"https:\/\/ubirataonline.com.br\/en\/acm-neto-recebeu-r-36-milhoes-do-master-e-da-reag-aponta-coaf\/","og_locale":"en_US","og_type":"article","og_title":"ACM Neto recebeu R$ 3,6 milh\u00f5es do Master e da Reag, aponta Coaf","og_description":"Uma empresa do vice-presidente do Uni\u00e3o Brasil e pr\u00e9-candidato ao governo da Bahia, ACM Neto, recebeu R$ 3,6 milh\u00f5es do Banco Master, de Daniel Vorcaro, e","og_url":"https:\/\/ubirataonline.com.br\/en\/acm-neto-recebeu-r-36-milhoes-do-master-e-da-reag-aponta-coaf\/","og_site_name":"Ubirat\u00e3 Online Not\u00edcias - A realidade ao seu alcance!","article_publisher":"https:\/\/www.facebook.com\/portalubirataonline","article_author":"https:\/\/www.facebook.com\/portalubirataonline","article_published_time":"2026-03-11T12:52:35+00:00","article_modified_time":"2026-03-11T12:52:39+00:00","og_image":[{"width":806,"height":574,"url":"https:\/\/ubirataonline.com.br\/wp-content\/uploads\/2026\/03\/ACM-Neto-recebeu-R-36-milhoes-do-Master-e-da.png","type":"image\/png"}],"author":"REDA\u00c7\u00c3O: UBIRAT\u00c3 ONLINE - F\u00c1BIO AUGUSTO CELESTINO","twitter_card":"summary_large_image","twitter_creator":"@x.com\/ubirataonline","twitter_site":"@ubirataonline","twitter_misc":{"Written by":"REDA\u00c7\u00c3O: UBIRAT\u00c3 ONLINE - F\u00c1BIO AUGUSTO CELESTINO","Est. reading time":"5 minutes"},"schema":{"@context":"https:\/\/schema.org","@graph":[{"@type":"NewsArticle","@id":"https:\/\/ubirataonline.com.br\/acm-neto-recebeu-r-36-milhoes-do-master-e-da-reag-aponta-coaf\/#article","isPartOf":{"@id":"https:\/\/ubirataonline.com.br\/acm-neto-recebeu-r-36-milhoes-do-master-e-da-reag-aponta-coaf\/"},"author":{"name":"REDA\u00c7\u00c3O: UBIRAT\u00c3 ONLINE - F\u00c1BIO AUGUSTO CELESTINO","@id":"https:\/\/ubirataonline.com.br\/#\/schema\/person\/372f87bbd3fdd79b8556b84c98d0bc1c"},"headline":"ACM Neto recebeu R$ 3,6 milh\u00f5es do Master e da Reag, aponta Coaf","datePublished":"2026-03-11T12:52:35+00:00","dateModified":"2026-03-11T12:52:39+00:00","mainEntityOfPage":{"@id":"https:\/\/ubirataonline.com.br\/acm-neto-recebeu-r-36-milhoes-do-master-e-da-reag-aponta-coaf\/"},"wordCount":916,"publisher":{"@id":"https:\/\/ubirataonline.com.br\/#organization"},"image":{"@id":"https:\/\/ubirataonline.com.br\/acm-neto-recebeu-r-36-milhoes-do-master-e-da-reag-aponta-coaf\/#primaryimage"},"thumbnailUrl":"https:\/\/ubirataonline.com.br\/wp-content\/uploads\/2026\/03\/ACM-Neto-recebeu-R-36-milhoes-do-Master-e-da.png","keywords":["ACM","aponta","Coaf","Master","milh\u00f5es","Neto","Reag","recebeu"],"articleSection":["Brasil"],"inLanguage":"en-US","copyrightYear":"2026","copyrightHolder":{"@id":"https:\/\/ubirataonline.com.br\/en\/#organization"}},{"@type":"WebPage","@id":"https:\/\/ubirataonline.com.br\/acm-neto-recebeu-r-36-milhoes-do-master-e-da-reag-aponta-coaf\/","url":"https:\/\/ubirataonline.com.br\/acm-neto-recebeu-r-36-milhoes-do-master-e-da-reag-aponta-coaf\/","name":"ACM Neto recebeu R$ 3,6 milh\u00f5es do Master e da Reag, aponta Coaf - Ubirat\u00e3 Online Not\u00edcias - A realidade ao seu alcance!","isPartOf":{"@id":"https:\/\/ubirataonline.com.br\/#website"},"primaryImageOfPage":{"@id":"https:\/\/ubirataonline.com.br\/acm-neto-recebeu-r-36-milhoes-do-master-e-da-reag-aponta-coaf\/#primaryimage"},"image":{"@id":"https:\/\/ubirataonline.com.br\/acm-neto-recebeu-r-36-milhoes-do-master-e-da-reag-aponta-coaf\/#primaryimage"},"thumbnailUrl":"https:\/\/ubirataonline.com.br\/wp-content\/uploads\/2026\/03\/ACM-Neto-recebeu-R-36-milhoes-do-Master-e-da.png","datePublished":"2026-03-11T12:52:35+00:00","dateModified":"2026-03-11T12:52:39+00:00","description":"Uma empresa do vice-presidente do Uni\u00e3o Brasil e pr\u00e9-candidato ao governo da Bahia, ACM Neto, recebeu R$ 3,6 milh\u00f5es do Banco Master, de Daniel Vorcaro, e","breadcrumb":{"@id":"https:\/\/ubirataonline.com.br\/acm-neto-recebeu-r-36-milhoes-do-master-e-da-reag-aponta-coaf\/#breadcrumb"},"inLanguage":"en-US","potentialAction":[{"@type":"ReadAction","target":["https:\/\/ubirataonline.com.br\/acm-neto-recebeu-r-36-milhoes-do-master-e-da-reag-aponta-coaf\/"]}]},{"@type":"ImageObject","inLanguage":"en-US","@id":"https:\/\/ubirataonline.com.br\/acm-neto-recebeu-r-36-milhoes-do-master-e-da-reag-aponta-coaf\/#primaryimage","url":"https:\/\/ubirataonline.com.br\/wp-content\/uploads\/2026\/03\/ACM-Neto-recebeu-R-36-milhoes-do-Master-e-da.png","contentUrl":"https:\/\/ubirataonline.com.br\/wp-content\/uploads\/2026\/03\/ACM-Neto-recebeu-R-36-milhoes-do-Master-e-da.png","width":806,"height":574,"caption":"Vice-presidente do Uni\u00e3o Brasil, ACM Neto \u2014 Foto: Brenno Carvalho"},{"@type":"BreadcrumbList","@id":"https:\/\/ubirataonline.com.br\/acm-neto-recebeu-r-36-milhoes-do-master-e-da-reag-aponta-coaf\/#breadcrumb","itemListElement":[{"@type":"ListItem","position":1,"name":"In\u00edcio","item":"https:\/\/ubirataonline.com.br\/"},{"@type":"ListItem","position":2,"name":"ACM Neto recebeu R$ 3,6 milh\u00f5es do Master e da Reag, aponta Coaf"}]},{"@type":"WebSite","@id":"https:\/\/ubirataonline.com.br\/#website","url":"https:\/\/ubirataonline.com.br\/","name":"Ubirat\u00e3 Online Not\u00edcias","description":"Not\u00edcias de Ubirat\u00e3, regi\u00e3o, Brasil e mundo, com informa\u00e7\u00e3o atualizada e compromisso com o leitor.","publisher":{"@id":"https:\/\/ubirataonline.com.br\/#organization"},"alternateName":"Ubirat\u00e3 Online","potentialAction":[{"@type":"SearchAction","target":{"@type":"EntryPoint","urlTemplate":"https:\/\/ubirataonline.com.br\/?s={search_term_string}"},"query-input":{"@type":"PropertyValueSpecification","valueRequired":true,"valueName":"search_term_string"}}],"inLanguage":"en-US"},{"@type":["Organization","Place"],"@id":"https:\/\/ubirataonline.com.br\/#organization","name":"Ubirat\u00e3 Online Not\u00edcias","alternateName":"Ubirat\u00e3 Online","url":"https:\/\/ubirataonline.com.br\/","logo":{"@id":"https:\/\/ubirataonline.com.br\/acm-neto-recebeu-r-36-milhoes-do-master-e-da-reag-aponta-coaf\/#local-main-organization-logo"},"image":{"@id":"https:\/\/ubirataonline.com.br\/acm-neto-recebeu-r-36-milhoes-do-master-e-da-reag-aponta-coaf\/#local-main-organization-logo"},"sameAs":["https:\/\/www.facebook.com\/portalubirataonline","https:\/\/x.com\/ubirataonline","https:\/\/mastodon.social\/@ubirataonline","https:\/\/www.facebook.com\/groups\/311144672285604","https:\/\/www.facebook.com\/UBTAOnline","https:\/\/www.instagram.com\/portalubirataonline\/","https:\/\/twitter.com\/ubirataonline"],"description":"Somos um portal de not\u00edcias independente, criado em 5 de janeiro de 2009, com o objetivo de informar, conectar e valorizar a nossa comunidade de Ubirat\u00e3 e toda aregi\u00e3o. Com conte\u00fado atualizado, confi\u00e1vel e relevante, o Ubirat\u00e3 Online \u00e9 o seu espa\u00e7o para ficar por dentro dos principais acontecimentos locais, regionais, Brasil, Mundo e de interesse geral. Nosso compromisso \u00e9 com a verdade, a transpar\u00eancia e o respeito ao leitor.","legalName":"UBIRATA ONLINE NOT\u00cdCIAS","foundingDate":"2009-01-05","numberOfEmployees":{"@type":"QuantitativeValue","minValue":"1","maxValue":"10"},"publishingPrinciples":"https:\/\/ubirataonline.com.br\/faq\/","address":{"@id":"https:\/\/ubirataonline.com.br\/acm-neto-recebeu-r-36-milhoes-do-master-e-da-reag-aponta-coaf\/#local-main-place-address"},"geo":{"@type":"GeoCoordinates","latitude":"-24.5361401","longitude":"-52.9921776"},"telephone":["+5544998308235"],"contactPoint":{"@type":"ContactPoint","email":"contato@ubirataonline.com.br"},"openingHoursSpecification":{"@type":"OpeningHoursSpecification","dayOfWeek":["Monday","Tuesday","Wednesday","Thursday","Friday","Saturday","Sunday"],"opens":"00:00","closes":"23:59"},"email":"contato@ubirataonline.com.br","vatID":"47.621.418\/0001-80"},{"@type":"Person","@id":"https:\/\/ubirataonline.com.br\/#\/schema\/person\/372f87bbd3fdd79b8556b84c98d0bc1c","name":"REDA\u00c7\u00c3O: UBIRAT\u00c3 ONLINE - F\u00c1BIO AUGUSTO CELESTINO","pronouns":"Ele","description":"Desde 2003 trabalhando com not\u00edcias.","sameAs":["http:\/\/ubirataoline.com.br","https:\/\/www.facebook.com\/portalubirataonline","https:\/\/www.instagram.com\/ubirataonline_oficial","https:\/\/x.com\/x.com\/ubirataonline"],"honorificPrefix":"Mr.","honorificSuffix":"MD","birthDate":"1980-06-16","gender":"masculino","award":["V\u00e1rios pr\u00eamios de melhor portal da cidade"],"jobTitle":"Diretor","url":"https:\/\/ubirataonline.com.br\/en\/author\/ubirataonline\/"},{"@type":"PostalAddress","@id":"https:\/\/ubirataonline.com.br\/acm-neto-recebeu-r-36-milhoes-do-master-e-da-reag-aponta-coaf\/#local-main-place-address","streetAddress":"Rua dos Coqueiros, 104 - Bairro Boa Vista, Rua dos Coqueiros, 104 Bairro Boa Vista","addressLocality":"UBIRATA","postalCode":"85440-000","addressRegion":"PR","addressCountry":"BR"},{"@type":"ImageObject","inLanguage":"en-US","@id":"https:\/\/ubirataonline.com.br\/acm-neto-recebeu-r-36-milhoes-do-master-e-da-reag-aponta-coaf\/#local-main-organization-logo","url":"https:\/\/ubirataonline.com.br\/wp-content\/uploads\/2026\/06\/logoubirataonline-1.webp","contentUrl":"https:\/\/ubirataonline.com.br\/wp-content\/uploads\/2026\/06\/logoubirataonline-1.webp","width":500,"height":500,"caption":"Ubirat\u00e3 Online Not\u00edcias"}]},"geo.placename":"UBIRATA","geo.position":{"lat":"-24.5361401","long":"-52.9921776"},"geo.region":"Brazil"},"_links":{"self":[{"href":"https:\/\/ubirataonline.com.br\/en\/wp-json\/wp\/v2\/posts\/93711","targetHints":{"allow":["GET"]}}],"collection":[{"href":"https:\/\/ubirataonline.com.br\/en\/wp-json\/wp\/v2\/posts"}],"about":[{"href":"https:\/\/ubirataonline.com.br\/en\/wp-json\/wp\/v2\/types\/post"}],"author":[{"embeddable":true,"href":"https:\/\/ubirataonline.com.br\/en\/wp-json\/wp\/v2\/users\/1"}],"replies":[{"embeddable":true,"href":"https:\/\/ubirataonline.com.br\/en\/wp-json\/wp\/v2\/comments?post=93711"}],"version-history":[{"count":0,"href":"https:\/\/ubirataonline.com.br\/en\/wp-json\/wp\/v2\/posts\/93711\/revisions"}],"wp:featuredmedia":[{"embeddable":true,"href":"https:\/\/ubirataonline.com.br\/en\/wp-json\/wp\/v2\/media\/93712"}],"wp:attachment":[{"href":"https:\/\/ubirataonline.com.br\/en\/wp-json\/wp\/v2\/media?parent=93711"}],"wp:term":[{"taxonomy":"category","embeddable":true,"href":"https:\/\/ubirataonline.com.br\/en\/wp-json\/wp\/v2\/categories?post=93711"},{"taxonomy":"post_tag","embeddable":true,"href":"https:\/\/ubirataonline.com.br\/en\/wp-json\/wp\/v2\/tags?post=93711"}],"curies":[{"name":"wp","href":"https:\/\/api.w.org\/{rel}","templated":true}]}}