{"id":93727,"date":"2026-03-11T10:53:35","date_gmt":"2026-03-11T13:53:35","guid":{"rendered":"https:\/\/ubirataonline.com.br\/vw-mitarbeiter-sprechen-nach-dem-wumms-laden-geht-den-bach-runter-news\/"},"modified":"2026-03-11T10:53:38","modified_gmt":"2026-03-11T13:53:38","slug":"vw-mitarbeiter-sprechen-nach-dem-wumms-laden-geht-den-bach-runter-news","status":"publish","type":"post","link":"https:\/\/ubirataonline.com.br\/en\/vw-mitarbeiter-sprechen-nach-dem-wumms-laden-geht-den-bach-runter-news\/","title":{"rendered":"VW-Mitarbeiter sprechen nach dem Wumms: \u201eLaden geht den Bach runter\u201c | News"},"content":{"rendered":"<p><\/p>\n<div><!--[--><!--[--><a class=\"skip-content skip-content--link\" href=\"#in-content-skip-link-target-v-0-0\"><span>TTS-Player \u00fcberspringen<\/span><span aria-hidden=\"true\">\u21b5<\/span><\/a><!--[--><!--]--><a id=\"in-content-skip-link-target-v-0-0\" class=\"skip-content--target-link-hidden skip-content skip-content--target-link\" href=\"#in-content-skip-link-target-v-0-0\">Artikel weiterlesen<\/a><!--]--><\/p>\n<p><!--[--><!--[-->Wolfsburg (Niedersachsen) \u2013 <!--]--><!--[--><b>Nach dem VW-Wumms ist die Stimmung am Stammwerk in Wolfsburg auf dem Tiefpunkt. Wie am Dienstag bekannt wurde, hat sich der operative Gewinn der deutschen Traditions-Automarke halbiert. Eine Konsequenz: 50.000 Stellen sollen bis 2030 wegfallen. Die Mitarbeiter bangen um ihre Jobs und ihre Zukunft, viele haben resigniert.<\/b><!--]--><!--]--><\/p>\n<p><!--[--><!--[-->Zur Mittagszeit str\u00f6men die Mitarbeiter von <!--]--><a href=\"https:\/\/www.bild.de\/themen\/organisationen\/volkswagen\/auto-nachrichten-news-fotos-videos-19104044.bild.html\" class=\"text-link\"><!----><!--[--><!--[-->Volkswagen<!--]--><!--]--><\/a><!--[--> durch das Tor Ost: Die einen gehen, die anderen kommen zur Sp\u00e4tschicht. Die BILD-Reporter sprechen viele an, aber reden will kaum jemand. Auf die Frage nach der Gem\u00fctslage in der Produktion winkt ein \u00e4lterer Mann in VW-Jacke ab: \u201eDa halte ich mich raus, das ist ein gef\u00e4hrliches Ding. Aber die Stimmung ist schlecht, das kann ich Ihnen sagen.\u201c<!--]--><!--]--><\/p>\n<div class=\"float-container\"><!--[--><\/p>\n<figure class=\"fig fig--landscape\"><!--[--><!--[--><a class=\"article-image__anchor\" href=\"https:\/\/debatte.bild.de\/debatte\/die-vw-krise-kommt-der-konzern-nochmal-auf-die-beine\" target=\"_blank\" rel=\"noopener\"><\/a><figcaption class=\"fig__caption\">\n<p><span class=\"fig__caption__meta__credits\"><!--[-->Foto: picture alliance\/Snowfield Photography<!--]--><\/span><!----><\/p>\n<\/figcaption><!--]--><!--]--><\/figure>\n<p><!--]--><\/div>\n<h3 class=\"cross-heading\"><!--[--><!--[-->\u201eDer Laden wird gewollt an die Wand gefahren\u201c<!--]--><!--]--><\/h3>\n<p><!--[--><!--[-->Die BILD-Reporter bekommen am Dienstag zun\u00e4chst nur vereinzelt ehrliche Einblicke. Aber ein Arbeiter bringt die Lage auf den Punkt: \u201eDer Laden geht den Bach runter\u201c, raunt er. Lachend geht er dann weiter \u2013 seine Art von Galgenhumor.<!--]--><!--]--><\/p>\n<div class=\"float-container\"><!--[--><\/p>\n<figure class=\"fig fig--landscape\"><!--[--><!--[--><img decoding=\"async\" width=\"992\" height=\"558\" alt=\"Das VW-Werk in Wolfsburg. Der Konzern plant bis 2030 den Abbau von 50.000 Stellen in Deutschland\" src=\"https:\/\/images.bild.de\/69b00f75ca6b6b557f225c2f\/564e0f95998ac89ad19161cec7fb22e7,a9066ba2?w=992\" sizes=\"auto, (max-width: 599px) 656px, 992px\" srcset=\"https:\/\/images.bild.de\/69b00f75ca6b6b557f225c2f\/564e0f95998ac89ad19161cec7fb22e7,a9066ba2?w=656 656w, https:\/\/images.bild.de\/69b00f75ca6b6b557f225c2f\/564e0f95998ac89ad19161cec7fb22e7,a9066ba2?w=992 992w\" class=\"landscape\" loading=\"lazy\"\/><figcaption class=\"fig__caption\">\n<p class=\"fig__caption__text\"><!--[--><!--[--><!--[--><!--[-->Das VW-Werk in Wolfsburg: Der Konzern plant bis 2030 den Abbau von 50.000 Stellen in Deutschland<!--]--><!--]--><!--]--><!--]--><\/p>\n<p><span class=\"fig__caption__meta__credits\"><!--[-->Foto: Julian Stratenschulte\/dpa<!--]--><\/span><!----><\/p>\n<\/figcaption><!--]--><!--]--><\/figure>\n<p><!--]--><\/div>\n<p><!--[--><!--[-->Liane A. (47) arbeitet seit 1994 bei VW in der Kommissionierung im Logistikbereich. Von den <!--]--><a href=\"https:\/\/www.bild.de\/geld\/wirtschaft\/volkswagen-mit-gewinneinbruch-vw-streicht-50-000-stellen-69afceca64d1f5a2cd51841c\" class=\"text-link\"><!----><!--[--><!--[-->angek\u00fcndigten Stellenk\u00fcrzungen<!--]--><!--]--><\/a><!--[--> wird sie wohl betroffen sein. \u201eIch kann es nicht \u00e4ndern, dann muss ich mir eben einen neuen Job suchen\u201c, sagt sie. Fotografieren lassen will sie sich nicht: \u201eIch habe ja noch ein Haus abzubezahlen.\u201c Die Stimmung sei schon lange schlecht \u2013 nicht erst seit den neuen Zahlen vom Morgen. \u201eDas ist hier seit der Dieselkrise so\u201c, sagt Liane A. Ihr Eindruck: \u201eIch habe das Gef\u00fchl, der Laden wird gewollt an die Wand gefahren. Im Ausland zu produzieren, ist billiger.\u201c<!--]--><!--]--><\/p>\n<div class=\"float-container\"><!--[--><\/p>\n<figure class=\"fig fig--landscape\"><!--[--><!--[--><img decoding=\"async\" width=\"992\" height=\"558\" alt=\"BILD-Reporter Johannes Schmitz sprach mit VW-Mitarbeiterin\" src=\"https:\/\/images.bild.de\/69b00f75ca6b6b557f225c2f\/9aca4370acac752c0e042ad2bf0de802,12e264e?w=992\" sizes=\"auto, (max-width: 599px) 656px, 992px\" srcset=\"https:\/\/images.bild.de\/69b00f75ca6b6b557f225c2f\/9aca4370acac752c0e042ad2bf0de802,12e264e?w=656 656w, https:\/\/images.bild.de\/69b00f75ca6b6b557f225c2f\/9aca4370acac752c0e042ad2bf0de802,12e264e?w=992 992w\" class=\"landscape\" loading=\"lazy\"\/><figcaption class=\"fig__caption\">\n<p class=\"fig__caption__text\"><!--[--><!--[--><!--[--><!--[-->BILD-Reporter Johannes Schmitz sprach mit VW-Mitarbeitern<!--]--><!--]--><!--]--><!--]--><\/p>\n<p><span class=\"fig__caption__meta__credits\"><!--[-->Foto: Dominik Schlorff<!--]--><\/span><!----><\/p>\n<\/figcaption><!--]--><!--]--><\/figure>\n<p><!--]--><\/div>\n<div class=\"float-container\"><!--[--><\/p>\n<figure class=\"fig fig--landscape\"><!--[--><!--[--><img decoding=\"async\" width=\"992\" height=\"558\" alt=\"Schichtwechsel am VW-Stammwerk in Wolfsburg\" src=\"https:\/\/images.bild.de\/69b00f75ca6b6b557f225c2f\/dc87aae5fc189ddf153bc7181da5b77c,1858bfeb?w=992\" sizes=\"auto, (max-width: 599px) 656px, 992px\" srcset=\"https:\/\/images.bild.de\/69b00f75ca6b6b557f225c2f\/dc87aae5fc189ddf153bc7181da5b77c,1858bfeb?w=656 656w, https:\/\/images.bild.de\/69b00f75ca6b6b557f225c2f\/dc87aae5fc189ddf153bc7181da5b77c,1858bfeb?w=992 992w\" class=\"landscape\" loading=\"lazy\"\/><figcaption class=\"fig__caption\">\n<p class=\"fig__caption__text\"><!--[--><!--[--><!--[--><!--[-->Schichtwechsel am VW-Stammwerk in Wolfsburg<!--]--><!--]--><!--]--><!--]--><\/p>\n<p><span class=\"fig__caption__meta__credits\"><!--[-->Foto: Dominik Schlorff<!--]--><\/span><!----><\/p>\n<\/figcaption><!--]--><!--]--><\/figure>\n<p><!--]--><\/div>\n<h3 class=\"cross-heading\"><!--[--><!--[-->VW-Mitarbeiterin sch\u00e4mt sich f\u00fcr Arbeitgeber<!--]--><!--]--><\/h3>\n<p><!--[--><!--[-->Fr\u00fcher sei man stolz gewesen, bei VW zu arbeiten. \u201eHeute sch\u00e4me ich mich, wenn ich meinen Arbeitgeber nenne. Man ist einfach nur noch froh, einen Job zu haben.\u201c Viele k\u00e4men nur noch wegen des Geldes. \u201eDas war fr\u00fcher anders. Jetzt warten manche nur noch auf ihre Aufhebungsvertr\u00e4ge.\u201c Selbst im Kleinen merke man die Krise: \u201eVieles funktioniert nicht mehr.\u201c<!--]--><!--]--><\/p>\n<div class=\"float-container\"><!--[--><\/p>\n<figure class=\"fig fig--landscape\"><!--[--><!--[--><img decoding=\"async\" width=\"992\" height=\"558\" alt=\"Mitarbeiter Lars Rose (56) arbeitet seit 31 Jahren bei VW\" src=\"https:\/\/images.bild.de\/69b00f75ca6b6b557f225c2f\/4c232d100e75ff3fefe76315b3510580,ac24b393?w=992\" sizes=\"auto, (max-width: 599px) 656px, 992px\" srcset=\"https:\/\/images.bild.de\/69b00f75ca6b6b557f225c2f\/4c232d100e75ff3fefe76315b3510580,ac24b393?w=656 656w, https:\/\/images.bild.de\/69b00f75ca6b6b557f225c2f\/4c232d100e75ff3fefe76315b3510580,ac24b393?w=992 992w\" class=\"landscape\" loading=\"lazy\"\/><figcaption class=\"fig__caption\">\n<p class=\"fig__caption__text\"><!--[--><!--[--><!--[--><!--[-->Mitarbeiter Lars Rose (56) arbeitet seit 31 Jahren bei VW<!--]--><!--]--><!--]--><!--]--><\/p>\n<p><span class=\"fig__caption__meta__credits\"><!--[-->Foto: Dominik Schlorff<!--]--><\/span><!----><\/p>\n<\/figcaption><!--]--><!--]--><\/figure>\n<p><!--]--><\/div>\n<figure class=\"fig fig--embed\"><!--[--><!----><!--]--><\/figure>\n<p><!--[--><a href=\"https:\/\/hey.bild.de\/experience\/wie-lange-wurde-meine-abfindung-reichen-49f1755b\" rel=\"noopener\" class=\"text-link--external text-link\"><svg xmlns=\"http:\/\/www.w3.org\/2000\/svg\" width=\"24\" height=\"24\" viewbox=\"0 0 24 24\" fill=\"none\" class=\"text-link__icon\"><path d=\"M18.7071 5.5V12.5H16.7071V8.91418L7.41422 18.2071L6 16.7929L15.2929 7.5H11.7071V5.5H18.7071Z\" fill=\"#495057\"\/><\/svg><!--[--><!--[--><b>App-User gelangen hier zum Abfindungsrechner von Hey_, der KI von BILD<\/b><!--]--><!--]--><\/a><!--]--><\/p>\n<p><!--[--><!--[-->Andere Mitarbeiter reagieren mit bitterer Ironie. \u201eDie Stimmung ist gro\u00dfartig\u201c, sagen sie sarkastisch. Einer aber widerspricht entschieden den Pessimisten: Lars Rose (56), der seit 31 Jahren bei VW arbeitet. Seinen Job jetzt nennt er \u201eVorbereitung auf den Ruhestand\u201c. Er sagt: \u201eAndere gehen bei der Lage pleite, wie Stellantis, die machen Minus. Wir machen bei VW immerhin Gewinn, die Probleme kommen von Porsche.\u201c Zwar gebe es Unruhe in der Produktion, r\u00e4umt er ein. \u201eAber das Gesamtjahr ist besser als erwartet. Ich denke, wir sind auf einem guten Weg.\u201c Inzwischen ist auch sein Sohn im Werk besch\u00e4ftigt.<!--]--><!--]--><\/p>\n<div class=\"float-container\"><!--[--><\/p>\n<figure class=\"fig fig--landscape\"><!--[--><!--[--><\/p>\n<h4 class=\"video-heading video-heading--article\"><span class=\"video-heading__kicker\">Vom Zulieferer bis zum B\u00e4cker<\/span><span class=\"video-heading__separator\">: <\/span><span class=\"video-heading__headline\">VW-Krise zieht riesige Kreise<\/span><\/h4>\n<div class=\"observer\"><!--[--><\/p>\n<div class=\"video-teaser\"><a class=\"anchor video-teaser__anchor\" href=\"https:\/\/www.bild.de\/politik\/gewinneinbruch-und-stellenabbau-vw-vorstaende-bekommen-trotzdem-millionen-boni-69b002e68afa47b5b942bd14\"><!--[--><!----><!--[--><\/p>\n<figure class=\"fig fig--landscape fig--video\"><!--[--><!--[--><!--[--><img decoding=\"async\" width=\"992\" height=\"558\" alt=\"Volkswagen: Die Krise zieht riesige Kreise \u2013 vom Zulieferer bis zum B\u00e4cker\" src=\"https:\/\/images.bild.de\/69b002e68afa47b5b942bd14\/a9e2ca25c9d0505b9ee6ceede10568a3,fe7713b6?w=992\" sizes=\"auto, (max-width: 599px) 656px, 992px\" srcset=\"https:\/\/images.bild.de\/69b002e68afa47b5b942bd14\/a9e2ca25c9d0505b9ee6ceede10568a3,fe7713b6?w=656 656w, https:\/\/images.bild.de\/69b002e68afa47b5b942bd14\/a9e2ca25c9d0505b9ee6ceede10568a3,fe7713b6?w=992 992w\" class=\"landscape teaser__image\" loading=\"lazy\"\/><!--]--><!----><!--]--><!--]--><\/figure>\n<p><!--[--><!----><!----><!--]--><!--]--><!--]--><\/a><\/div>\n<p><!--[--><figcaption class=\"fig__caption\"><!----><\/p>\n<p><span class=\"fig__caption__meta__credits\"><!--[-->Quelle: <!--[--><!--[-->BILD<!--]--><!--]--><!--]--><\/span><time datetime=\"2026-03-10T15:41:45.550Z\" class=\"fig__caption__meta__date\">10.03.2026<\/time><\/p>\n<\/figcaption><!--]--><!--]--><\/div>\n<p><!----><!----><!--]--><!--]--><\/figure>\n<p><!--]--><\/div>\n<p><!--]--><\/div>\n<p><a href=\"https:\/\/www.bild.de\/news\/inland\/vw-mitarbeiter-sprechen-nach-dem-wumms-laden-geht-den-bach-runter-69b00f75ca6b6b557f225c2f\">Fonte do Artigo <\/a><\/p>\n","protected":false},"excerpt":{"rendered":"<p>TTS-Player \u00fcberspringen\u21b5Artikel weiterlesen Wolfsburg (Niedersachsen) \u2013 Nach dem VW-Wumms ist die Stimmung am Stammwerk in Wolfsburg auf dem Tiefpunkt. Wie am Dienstag bekannt wurde, hat sich der operative Gewinn der deutschen Traditions-Automarke halbiert. Eine Konsequenz: 50.000 Stellen sollen bis 2030 wegfallen. Die Mitarbeiter bangen um ihre Jobs und ihre Zukunft, viele haben resigniert. Zur Mittagszeit [&hellip;]<\/p>\n","protected":false},"author":1,"featured_media":93728,"comment_status":"closed","ping_status":"","sticky":false,"template":"","format":"standard","meta":{"googlesitekit_rrm_CAow2JLhCw:productID":"","_gspb_post_css":"","maa_idioma":"","maa_pais":"","footnotes":""},"categories":[4],"tags":[22256,5045,8448,22255,22254,22252,3109,22257,22251,22250,22253],"class_list":["post-93727","post","type-post","status-publish","format-standard","has-post-thumbnail","hentry","category-brasil","tag-bach","tag-dem","tag-den","tag-geht","tag-laden","tag-nach","tag-news","tag-runter","tag-sprechen","tag-vwmitarbeiter","tag-wumms"],"blocksy_meta":[],"yoast_head":"<!-- This site is optimized with the Yoast SEO Premium plugin v27.6 (Yoast SEO v27.6) - https:\/\/yoast.com\/product\/yoast-seo-premium-wordpress\/ -->\n<title>VW-Mitarbeiter sprechen nach dem Wumms: \u201eLaden geht den Bach runter\u201c | News - Ubirat\u00e3 Online Not\u00edcias - A realidade ao seu alcance!<\/title>\n<meta name=\"description\" content=\"Artikel weiterlesen10.03.2026 Fonte do Artigo\" \/>\n<meta name=\"robots\" content=\"index, follow, max-snippet:-1, max-image-preview:large, max-video-preview:-1\" \/>\n<link rel=\"canonical\" href=\"https:\/\/ubirataonline.com.br\/en\/vw-mitarbeiter-sprechen-nach-dem-wumms-laden-geht-den-bach-runter-news\/\" \/>\n<meta property=\"og:locale\" content=\"en_US\" \/>\n<meta property=\"og:type\" content=\"article\" \/>\n<meta property=\"og:title\" content=\"VW-Mitarbeiter sprechen nach dem Wumms: \u201eLaden geht den Bach runter\u201c | News\" \/>\n<meta property=\"og:description\" content=\"Artikel weiterlesen10.03.2026 Fonte do Artigo\" \/>\n<meta property=\"og:url\" content=\"https:\/\/ubirataonline.com.br\/en\/vw-mitarbeiter-sprechen-nach-dem-wumms-laden-geht-den-bach-runter-news\/\" \/>\n<meta property=\"og:site_name\" content=\"Ubirat\u00e3 Online Not\u00edcias - A realidade ao seu alcance!\" \/>\n<meta property=\"article:publisher\" content=\"https:\/\/www.facebook.com\/portalubirataonline\" \/>\n<meta property=\"article:author\" content=\"https:\/\/www.facebook.com\/portalubirataonline\" \/>\n<meta property=\"article:published_time\" content=\"2026-03-11T13:53:35+00:00\" \/>\n<meta property=\"article:modified_time\" content=\"2026-03-11T13:53:38+00:00\" \/>\n<meta property=\"og:image\" content=\"https:\/\/ubirataonline.com.br\/wp-content\/uploads\/2026\/03\/VW-Mitarbeiter-sprechen-nach-dem-Wumms-\u201eLaden-geht-den-Bach-runter.jpeg\" \/>\n\t<meta property=\"og:image:width\" content=\"1280\" \/>\n\t<meta property=\"og:image:height\" content=\"720\" \/>\n\t<meta property=\"og:image:type\" content=\"image\/jpeg\" \/>\n<meta name=\"author\" content=\"REDA\u00c7\u00c3O: UBIRAT\u00c3 ONLINE - F\u00c1BIO AUGUSTO CELESTINO\" \/>\n<meta name=\"twitter:card\" content=\"summary_large_image\" \/>\n<meta name=\"twitter:creator\" content=\"@x.com\/ubirataonline\" \/>\n<meta name=\"twitter:site\" content=\"@ubirataonline\" \/>\n<meta name=\"twitter:label1\" content=\"Written by\" \/>\n\t<meta name=\"twitter:data1\" content=\"REDA\u00c7\u00c3O: UBIRAT\u00c3 ONLINE - F\u00c1BIO AUGUSTO CELESTINO\" \/>\n\t<meta name=\"twitter:label2\" content=\"Est. reading time\" \/>\n\t<meta name=\"twitter:data2\" content=\"2 minutes\" \/>\n<script type=\"application\/ld+json\" class=\"yoast-schema-graph\">{\"@context\":\"https:\\\/\\\/schema.org\",\"@graph\":[{\"@type\":\"NewsArticle\",\"@id\":\"https:\\\/\\\/ubirataonline.com.br\\\/vw-mitarbeiter-sprechen-nach-dem-wumms-laden-geht-den-bach-runter-news\\\/#article\",\"isPartOf\":{\"@id\":\"https:\\\/\\\/ubirataonline.com.br\\\/vw-mitarbeiter-sprechen-nach-dem-wumms-laden-geht-den-bach-runter-news\\\/\"},\"author\":{\"name\":\"REDA\u00c7\u00c3O: UBIRAT\u00c3 ONLINE - F\u00c1BIO AUGUSTO CELESTINO\",\"@id\":\"https:\\\/\\\/ubirataonline.com.br\\\/#\\\/schema\\\/person\\\/372f87bbd3fdd79b8556b84c98d0bc1c\"},\"headline\":\"VW-Mitarbeiter sprechen nach dem Wumms: \u201eLaden geht den Bach runter\u201c | News\",\"datePublished\":\"2026-03-11T13:53:35+00:00\",\"dateModified\":\"2026-03-11T13:53:38+00:00\",\"mainEntityOfPage\":{\"@id\":\"https:\\\/\\\/ubirataonline.com.br\\\/vw-mitarbeiter-sprechen-nach-dem-wumms-laden-geht-den-bach-runter-news\\\/\"},\"wordCount\":515,\"publisher\":{\"@id\":\"https:\\\/\\\/ubirataonline.com.br\\\/#organization\"},\"image\":{\"@id\":\"https:\\\/\\\/ubirataonline.com.br\\\/vw-mitarbeiter-sprechen-nach-dem-wumms-laden-geht-den-bach-runter-news\\\/#primaryimage\"},\"thumbnailUrl\":\"https:\\\/\\\/ubirataonline.com.br\\\/wp-content\\\/uploads\\\/2026\\\/03\\\/VW-Mitarbeiter-sprechen-nach-dem-Wumms-\u201eLaden-geht-den-Bach-runter.jpeg\",\"keywords\":[\"Bach\",\"dem\",\"den\",\"geht\",\"Laden\",\"nach\",\"News\",\"runter\",\"sprechen\",\"VWMitarbeiter\",\"Wumms\"],\"articleSection\":[\"Brasil\"],\"inLanguage\":\"en-US\",\"copyrightYear\":\"2026\",\"copyrightHolder\":{\"@id\":\"https:\\\/\\\/ubirataonline.com.br\\\/en\\\/#organization\"}},{\"@type\":\"WebPage\",\"@id\":\"https:\\\/\\\/ubirataonline.com.br\\\/vw-mitarbeiter-sprechen-nach-dem-wumms-laden-geht-den-bach-runter-news\\\/\",\"url\":\"https:\\\/\\\/ubirataonline.com.br\\\/vw-mitarbeiter-sprechen-nach-dem-wumms-laden-geht-den-bach-runter-news\\\/\",\"name\":\"VW-Mitarbeiter sprechen nach dem Wumms: \u201eLaden geht den Bach runter\u201c | News - Ubirat\u00e3 Online Not\u00edcias - A realidade ao seu alcance!\",\"isPartOf\":{\"@id\":\"https:\\\/\\\/ubirataonline.com.br\\\/#website\"},\"primaryImageOfPage\":{\"@id\":\"https:\\\/\\\/ubirataonline.com.br\\\/vw-mitarbeiter-sprechen-nach-dem-wumms-laden-geht-den-bach-runter-news\\\/#primaryimage\"},\"image\":{\"@id\":\"https:\\\/\\\/ubirataonline.com.br\\\/vw-mitarbeiter-sprechen-nach-dem-wumms-laden-geht-den-bach-runter-news\\\/#primaryimage\"},\"thumbnailUrl\":\"https:\\\/\\\/ubirataonline.com.br\\\/wp-content\\\/uploads\\\/2026\\\/03\\\/VW-Mitarbeiter-sprechen-nach-dem-Wumms-\u201eLaden-geht-den-Bach-runter.jpeg\",\"datePublished\":\"2026-03-11T13:53:35+00:00\",\"dateModified\":\"2026-03-11T13:53:38+00:00\",\"description\":\"Artikel weiterlesen10.03.2026 Fonte do Artigo\",\"breadcrumb\":{\"@id\":\"https:\\\/\\\/ubirataonline.com.br\\\/vw-mitarbeiter-sprechen-nach-dem-wumms-laden-geht-den-bach-runter-news\\\/#breadcrumb\"},\"inLanguage\":\"en-US\",\"potentialAction\":[{\"@type\":\"ReadAction\",\"target\":[\"https:\\\/\\\/ubirataonline.com.br\\\/vw-mitarbeiter-sprechen-nach-dem-wumms-laden-geht-den-bach-runter-news\\\/\"]}]},{\"@type\":\"ImageObject\",\"inLanguage\":\"en-US\",\"@id\":\"https:\\\/\\\/ubirataonline.com.br\\\/vw-mitarbeiter-sprechen-nach-dem-wumms-laden-geht-den-bach-runter-news\\\/#primaryimage\",\"url\":\"https:\\\/\\\/ubirataonline.com.br\\\/wp-content\\\/uploads\\\/2026\\\/03\\\/VW-Mitarbeiter-sprechen-nach-dem-Wumms-\u201eLaden-geht-den-Bach-runter.jpeg\",\"contentUrl\":\"https:\\\/\\\/ubirataonline.com.br\\\/wp-content\\\/uploads\\\/2026\\\/03\\\/VW-Mitarbeiter-sprechen-nach-dem-Wumms-\u201eLaden-geht-den-Bach-runter.jpeg\",\"width\":1280,\"height\":720,\"caption\":\"Im Wolfsburger Werk ist die Stimmung der VW-Mitarbeiter im Keller Foto: Julian Stratenschulte\\\/dpa\"},{\"@type\":\"BreadcrumbList\",\"@id\":\"https:\\\/\\\/ubirataonline.com.br\\\/vw-mitarbeiter-sprechen-nach-dem-wumms-laden-geht-den-bach-runter-news\\\/#breadcrumb\",\"itemListElement\":[{\"@type\":\"ListItem\",\"position\":1,\"name\":\"In\u00edcio\",\"item\":\"https:\\\/\\\/ubirataonline.com.br\\\/\"},{\"@type\":\"ListItem\",\"position\":2,\"name\":\"VW-Mitarbeiter sprechen nach dem Wumms: \u201eLaden geht den Bach runter\u201c | News\"}]},{\"@type\":\"WebSite\",\"@id\":\"https:\\\/\\\/ubirataonline.com.br\\\/#website\",\"url\":\"https:\\\/\\\/ubirataonline.com.br\\\/\",\"name\":\"Ubirat\u00e3 Online Not\u00edcias\",\"description\":\"Not\u00edcias de Ubirat\u00e3, regi\u00e3o, Brasil e mundo, com informa\u00e7\u00e3o atualizada e compromisso com o leitor.\",\"publisher\":{\"@id\":\"https:\\\/\\\/ubirataonline.com.br\\\/#organization\"},\"alternateName\":\"Ubirat\u00e3 Online\",\"potentialAction\":[{\"@type\":\"SearchAction\",\"target\":{\"@type\":\"EntryPoint\",\"urlTemplate\":\"https:\\\/\\\/ubirataonline.com.br\\\/?s={search_term_string}\"},\"query-input\":{\"@type\":\"PropertyValueSpecification\",\"valueRequired\":true,\"valueName\":\"search_term_string\"}}],\"inLanguage\":\"en-US\"},{\"@type\":[\"Organization\",\"Place\"],\"@id\":\"https:\\\/\\\/ubirataonline.com.br\\\/#organization\",\"name\":\"Ubirat\u00e3 Online Not\u00edcias\",\"alternateName\":\"Ubirat\u00e3 Online\",\"url\":\"https:\\\/\\\/ubirataonline.com.br\\\/\",\"logo\":{\"@id\":\"https:\\\/\\\/ubirataonline.com.br\\\/vw-mitarbeiter-sprechen-nach-dem-wumms-laden-geht-den-bach-runter-news\\\/#local-main-organization-logo\"},\"image\":{\"@id\":\"https:\\\/\\\/ubirataonline.com.br\\\/vw-mitarbeiter-sprechen-nach-dem-wumms-laden-geht-den-bach-runter-news\\\/#local-main-organization-logo\"},\"sameAs\":[\"https:\\\/\\\/www.facebook.com\\\/portalubirataonline\",\"https:\\\/\\\/x.com\\\/ubirataonline\",\"https:\\\/\\\/mastodon.social\\\/@ubirataonline\",\"https:\\\/\\\/www.facebook.com\\\/groups\\\/311144672285604\",\"https:\\\/\\\/www.facebook.com\\\/UBTAOnline\",\"https:\\\/\\\/www.instagram.com\\\/portalubirataonline\\\/\",\"https:\\\/\\\/twitter.com\\\/ubirataonline\"],\"description\":\"Somos um portal de not\u00edcias independente, criado em 5 de janeiro de 2009, com o objetivo de informar, conectar e valorizar a nossa comunidade de Ubirat\u00e3 e toda aregi\u00e3o. Com conte\u00fado atualizado, confi\u00e1vel e relevante, o Ubirat\u00e3 Online \u00e9 o seu espa\u00e7o para ficar por dentro dos principais acontecimentos locais, regionais, Brasil, Mundo e de interesse geral. Nosso compromisso \u00e9 com a verdade, a transpar\u00eancia e o respeito ao leitor.\",\"legalName\":\"UBIRATA ONLINE NOT\u00cdCIAS\",\"foundingDate\":\"2009-01-05\",\"numberOfEmployees\":{\"@type\":\"QuantitativeValue\",\"minValue\":\"1\",\"maxValue\":\"10\"},\"publishingPrinciples\":\"https:\\\/\\\/ubirataonline.com.br\\\/faq\\\/\",\"address\":{\"@id\":\"https:\\\/\\\/ubirataonline.com.br\\\/vw-mitarbeiter-sprechen-nach-dem-wumms-laden-geht-den-bach-runter-news\\\/#local-main-place-address\"},\"geo\":{\"@type\":\"GeoCoordinates\",\"latitude\":\"-24.5361401\",\"longitude\":\"-52.9921776\"},\"telephone\":[\"+5544998308235\"],\"contactPoint\":{\"@type\":\"ContactPoint\",\"email\":\"contato@ubirataonline.com.br\"},\"openingHoursSpecification\":{\"@type\":\"OpeningHoursSpecification\",\"dayOfWeek\":[\"Monday\",\"Tuesday\",\"Wednesday\",\"Thursday\",\"Friday\",\"Saturday\",\"Sunday\"],\"opens\":\"00:00\",\"closes\":\"23:59\"},\"email\":\"contato@ubirataonline.com.br\",\"vatID\":\"47.621.418\\\/0001-80\"},{\"@type\":\"Person\",\"@id\":\"https:\\\/\\\/ubirataonline.com.br\\\/#\\\/schema\\\/person\\\/372f87bbd3fdd79b8556b84c98d0bc1c\",\"name\":\"REDA\u00c7\u00c3O: UBIRAT\u00c3 ONLINE - F\u00c1BIO AUGUSTO CELESTINO\",\"pronouns\":\"Ele\",\"description\":\"Desde 2003 trabalhando com not\u00edcias.\",\"sameAs\":[\"http:\\\/\\\/ubirataoline.com.br\",\"https:\\\/\\\/www.facebook.com\\\/portalubirataonline\",\"https:\\\/\\\/www.instagram.com\\\/ubirataonline_oficial\",\"https:\\\/\\\/x.com\\\/x.com\\\/ubirataonline\"],\"honorificPrefix\":\"Mr.\",\"honorificSuffix\":\"MD\",\"birthDate\":\"1980-06-16\",\"gender\":\"masculino\",\"award\":[\"V\u00e1rios pr\u00eamios de melhor portal da cidade\"],\"jobTitle\":\"Diretor\",\"url\":\"https:\\\/\\\/ubirataonline.com.br\\\/en\\\/author\\\/ubirataonline\\\/\"},{\"@type\":\"PostalAddress\",\"@id\":\"https:\\\/\\\/ubirataonline.com.br\\\/vw-mitarbeiter-sprechen-nach-dem-wumms-laden-geht-den-bach-runter-news\\\/#local-main-place-address\",\"streetAddress\":\"Rua dos Coqueiros, 104 - Bairro Boa Vista, Rua dos Coqueiros, 104 Bairro Boa Vista\",\"addressLocality\":\"UBIRATA\",\"postalCode\":\"85440-000\",\"addressRegion\":\"PR\",\"addressCountry\":\"BR\"},{\"@type\":\"ImageObject\",\"inLanguage\":\"en-US\",\"@id\":\"https:\\\/\\\/ubirataonline.com.br\\\/vw-mitarbeiter-sprechen-nach-dem-wumms-laden-geht-den-bach-runter-news\\\/#local-main-organization-logo\",\"url\":\"https:\\\/\\\/ubirataonline.com.br\\\/wp-content\\\/uploads\\\/2026\\\/06\\\/logoubirataonline-1.webp\",\"contentUrl\":\"https:\\\/\\\/ubirataonline.com.br\\\/wp-content\\\/uploads\\\/2026\\\/06\\\/logoubirataonline-1.webp\",\"width\":500,\"height\":500,\"caption\":\"Ubirat\u00e3 Online Not\u00edcias\"}]}<\/script>\n<meta name=\"geo.placename\" content=\"UBIRATA\" \/>\n<meta name=\"geo.position\" content=\"-24.5361401;-52.9921776\" \/>\n<meta name=\"geo.region\" content=\"Brazil\" \/>\n<!-- \/ Yoast SEO Premium plugin. -->","yoast_head_json":{"title":"VW-Mitarbeiter sprechen nach dem Wumms: \u201eLaden geht den Bach runter\u201c | News - Ubirat\u00e3 Online Not\u00edcias - A realidade ao seu alcance!","description":"Artikel weiterlesen10.03.2026 Fonte do Artigo","robots":{"index":"index","follow":"follow","max-snippet":"max-snippet:-1","max-image-preview":"max-image-preview:large","max-video-preview":"max-video-preview:-1"},"canonical":"https:\/\/ubirataonline.com.br\/en\/vw-mitarbeiter-sprechen-nach-dem-wumms-laden-geht-den-bach-runter-news\/","og_locale":"en_US","og_type":"article","og_title":"VW-Mitarbeiter sprechen nach dem Wumms: \u201eLaden geht den Bach runter\u201c | News","og_description":"Artikel weiterlesen10.03.2026 Fonte do Artigo","og_url":"https:\/\/ubirataonline.com.br\/en\/vw-mitarbeiter-sprechen-nach-dem-wumms-laden-geht-den-bach-runter-news\/","og_site_name":"Ubirat\u00e3 Online Not\u00edcias - A realidade ao seu alcance!","article_publisher":"https:\/\/www.facebook.com\/portalubirataonline","article_author":"https:\/\/www.facebook.com\/portalubirataonline","article_published_time":"2026-03-11T13:53:35+00:00","article_modified_time":"2026-03-11T13:53:38+00:00","og_image":[{"width":1280,"height":720,"url":"https:\/\/ubirataonline.com.br\/wp-content\/uploads\/2026\/03\/VW-Mitarbeiter-sprechen-nach-dem-Wumms-\u201eLaden-geht-den-Bach-runter.jpeg","type":"image\/jpeg"}],"author":"REDA\u00c7\u00c3O: UBIRAT\u00c3 ONLINE - F\u00c1BIO AUGUSTO CELESTINO","twitter_card":"summary_large_image","twitter_creator":"@x.com\/ubirataonline","twitter_site":"@ubirataonline","twitter_misc":{"Written by":"REDA\u00c7\u00c3O: UBIRAT\u00c3 ONLINE - F\u00c1BIO AUGUSTO CELESTINO","Est. reading time":"2 minutes"},"schema":{"@context":"https:\/\/schema.org","@graph":[{"@type":"NewsArticle","@id":"https:\/\/ubirataonline.com.br\/vw-mitarbeiter-sprechen-nach-dem-wumms-laden-geht-den-bach-runter-news\/#article","isPartOf":{"@id":"https:\/\/ubirataonline.com.br\/vw-mitarbeiter-sprechen-nach-dem-wumms-laden-geht-den-bach-runter-news\/"},"author":{"name":"REDA\u00c7\u00c3O: UBIRAT\u00c3 ONLINE - F\u00c1BIO AUGUSTO CELESTINO","@id":"https:\/\/ubirataonline.com.br\/#\/schema\/person\/372f87bbd3fdd79b8556b84c98d0bc1c"},"headline":"VW-Mitarbeiter sprechen nach dem Wumms: \u201eLaden geht den Bach runter\u201c | News","datePublished":"2026-03-11T13:53:35+00:00","dateModified":"2026-03-11T13:53:38+00:00","mainEntityOfPage":{"@id":"https:\/\/ubirataonline.com.br\/vw-mitarbeiter-sprechen-nach-dem-wumms-laden-geht-den-bach-runter-news\/"},"wordCount":515,"publisher":{"@id":"https:\/\/ubirataonline.com.br\/#organization"},"image":{"@id":"https:\/\/ubirataonline.com.br\/vw-mitarbeiter-sprechen-nach-dem-wumms-laden-geht-den-bach-runter-news\/#primaryimage"},"thumbnailUrl":"https:\/\/ubirataonline.com.br\/wp-content\/uploads\/2026\/03\/VW-Mitarbeiter-sprechen-nach-dem-Wumms-\u201eLaden-geht-den-Bach-runter.jpeg","keywords":["Bach","dem","den","geht","Laden","nach","News","runter","sprechen","VWMitarbeiter","Wumms"],"articleSection":["Brasil"],"inLanguage":"en-US","copyrightYear":"2026","copyrightHolder":{"@id":"https:\/\/ubirataonline.com.br\/en\/#organization"}},{"@type":"WebPage","@id":"https:\/\/ubirataonline.com.br\/vw-mitarbeiter-sprechen-nach-dem-wumms-laden-geht-den-bach-runter-news\/","url":"https:\/\/ubirataonline.com.br\/vw-mitarbeiter-sprechen-nach-dem-wumms-laden-geht-den-bach-runter-news\/","name":"VW-Mitarbeiter sprechen nach dem Wumms: \u201eLaden geht den Bach runter\u201c | News - Ubirat\u00e3 Online Not\u00edcias - A realidade ao seu alcance!","isPartOf":{"@id":"https:\/\/ubirataonline.com.br\/#website"},"primaryImageOfPage":{"@id":"https:\/\/ubirataonline.com.br\/vw-mitarbeiter-sprechen-nach-dem-wumms-laden-geht-den-bach-runter-news\/#primaryimage"},"image":{"@id":"https:\/\/ubirataonline.com.br\/vw-mitarbeiter-sprechen-nach-dem-wumms-laden-geht-den-bach-runter-news\/#primaryimage"},"thumbnailUrl":"https:\/\/ubirataonline.com.br\/wp-content\/uploads\/2026\/03\/VW-Mitarbeiter-sprechen-nach-dem-Wumms-\u201eLaden-geht-den-Bach-runter.jpeg","datePublished":"2026-03-11T13:53:35+00:00","dateModified":"2026-03-11T13:53:38+00:00","description":"Artikel weiterlesen10.03.2026 Fonte do Artigo","breadcrumb":{"@id":"https:\/\/ubirataonline.com.br\/vw-mitarbeiter-sprechen-nach-dem-wumms-laden-geht-den-bach-runter-news\/#breadcrumb"},"inLanguage":"en-US","potentialAction":[{"@type":"ReadAction","target":["https:\/\/ubirataonline.com.br\/vw-mitarbeiter-sprechen-nach-dem-wumms-laden-geht-den-bach-runter-news\/"]}]},{"@type":"ImageObject","inLanguage":"en-US","@id":"https:\/\/ubirataonline.com.br\/vw-mitarbeiter-sprechen-nach-dem-wumms-laden-geht-den-bach-runter-news\/#primaryimage","url":"https:\/\/ubirataonline.com.br\/wp-content\/uploads\/2026\/03\/VW-Mitarbeiter-sprechen-nach-dem-Wumms-\u201eLaden-geht-den-Bach-runter.jpeg","contentUrl":"https:\/\/ubirataonline.com.br\/wp-content\/uploads\/2026\/03\/VW-Mitarbeiter-sprechen-nach-dem-Wumms-\u201eLaden-geht-den-Bach-runter.jpeg","width":1280,"height":720,"caption":"Im Wolfsburger Werk ist die Stimmung der VW-Mitarbeiter im Keller Foto: Julian Stratenschulte\/dpa"},{"@type":"BreadcrumbList","@id":"https:\/\/ubirataonline.com.br\/vw-mitarbeiter-sprechen-nach-dem-wumms-laden-geht-den-bach-runter-news\/#breadcrumb","itemListElement":[{"@type":"ListItem","position":1,"name":"In\u00edcio","item":"https:\/\/ubirataonline.com.br\/"},{"@type":"ListItem","position":2,"name":"VW-Mitarbeiter sprechen nach dem Wumms: \u201eLaden geht den Bach runter\u201c | News"}]},{"@type":"WebSite","@id":"https:\/\/ubirataonline.com.br\/#website","url":"https:\/\/ubirataonline.com.br\/","name":"Ubirat\u00e3 Online Not\u00edcias","description":"Not\u00edcias de Ubirat\u00e3, regi\u00e3o, Brasil e mundo, com informa\u00e7\u00e3o atualizada e compromisso com o leitor.","publisher":{"@id":"https:\/\/ubirataonline.com.br\/#organization"},"alternateName":"Ubirat\u00e3 Online","potentialAction":[{"@type":"SearchAction","target":{"@type":"EntryPoint","urlTemplate":"https:\/\/ubirataonline.com.br\/?s={search_term_string}"},"query-input":{"@type":"PropertyValueSpecification","valueRequired":true,"valueName":"search_term_string"}}],"inLanguage":"en-US"},{"@type":["Organization","Place"],"@id":"https:\/\/ubirataonline.com.br\/#organization","name":"Ubirat\u00e3 Online Not\u00edcias","alternateName":"Ubirat\u00e3 Online","url":"https:\/\/ubirataonline.com.br\/","logo":{"@id":"https:\/\/ubirataonline.com.br\/vw-mitarbeiter-sprechen-nach-dem-wumms-laden-geht-den-bach-runter-news\/#local-main-organization-logo"},"image":{"@id":"https:\/\/ubirataonline.com.br\/vw-mitarbeiter-sprechen-nach-dem-wumms-laden-geht-den-bach-runter-news\/#local-main-organization-logo"},"sameAs":["https:\/\/www.facebook.com\/portalubirataonline","https:\/\/x.com\/ubirataonline","https:\/\/mastodon.social\/@ubirataonline","https:\/\/www.facebook.com\/groups\/311144672285604","https:\/\/www.facebook.com\/UBTAOnline","https:\/\/www.instagram.com\/portalubirataonline\/","https:\/\/twitter.com\/ubirataonline"],"description":"Somos um portal de not\u00edcias independente, criado em 5 de janeiro de 2009, com o objetivo de informar, conectar e valorizar a nossa comunidade de Ubirat\u00e3 e toda aregi\u00e3o. Com conte\u00fado atualizado, confi\u00e1vel e relevante, o Ubirat\u00e3 Online \u00e9 o seu espa\u00e7o para ficar por dentro dos principais acontecimentos locais, regionais, Brasil, Mundo e de interesse geral. Nosso compromisso \u00e9 com a verdade, a transpar\u00eancia e o respeito ao leitor.","legalName":"UBIRATA ONLINE NOT\u00cdCIAS","foundingDate":"2009-01-05","numberOfEmployees":{"@type":"QuantitativeValue","minValue":"1","maxValue":"10"},"publishingPrinciples":"https:\/\/ubirataonline.com.br\/faq\/","address":{"@id":"https:\/\/ubirataonline.com.br\/vw-mitarbeiter-sprechen-nach-dem-wumms-laden-geht-den-bach-runter-news\/#local-main-place-address"},"geo":{"@type":"GeoCoordinates","latitude":"-24.5361401","longitude":"-52.9921776"},"telephone":["+5544998308235"],"contactPoint":{"@type":"ContactPoint","email":"contato@ubirataonline.com.br"},"openingHoursSpecification":{"@type":"OpeningHoursSpecification","dayOfWeek":["Monday","Tuesday","Wednesday","Thursday","Friday","Saturday","Sunday"],"opens":"00:00","closes":"23:59"},"email":"contato@ubirataonline.com.br","vatID":"47.621.418\/0001-80"},{"@type":"Person","@id":"https:\/\/ubirataonline.com.br\/#\/schema\/person\/372f87bbd3fdd79b8556b84c98d0bc1c","name":"REDA\u00c7\u00c3O: UBIRAT\u00c3 ONLINE - F\u00c1BIO AUGUSTO CELESTINO","pronouns":"Ele","description":"Desde 2003 trabalhando com not\u00edcias.","sameAs":["http:\/\/ubirataoline.com.br","https:\/\/www.facebook.com\/portalubirataonline","https:\/\/www.instagram.com\/ubirataonline_oficial","https:\/\/x.com\/x.com\/ubirataonline"],"honorificPrefix":"Mr.","honorificSuffix":"MD","birthDate":"1980-06-16","gender":"masculino","award":["V\u00e1rios pr\u00eamios de melhor portal da cidade"],"jobTitle":"Diretor","url":"https:\/\/ubirataonline.com.br\/en\/author\/ubirataonline\/"},{"@type":"PostalAddress","@id":"https:\/\/ubirataonline.com.br\/vw-mitarbeiter-sprechen-nach-dem-wumms-laden-geht-den-bach-runter-news\/#local-main-place-address","streetAddress":"Rua dos Coqueiros, 104 - Bairro Boa Vista, Rua dos Coqueiros, 104 Bairro Boa Vista","addressLocality":"UBIRATA","postalCode":"85440-000","addressRegion":"PR","addressCountry":"BR"},{"@type":"ImageObject","inLanguage":"en-US","@id":"https:\/\/ubirataonline.com.br\/vw-mitarbeiter-sprechen-nach-dem-wumms-laden-geht-den-bach-runter-news\/#local-main-organization-logo","url":"https:\/\/ubirataonline.com.br\/wp-content\/uploads\/2026\/06\/logoubirataonline-1.webp","contentUrl":"https:\/\/ubirataonline.com.br\/wp-content\/uploads\/2026\/06\/logoubirataonline-1.webp","width":500,"height":500,"caption":"Ubirat\u00e3 Online Not\u00edcias"}]},"geo.placename":"UBIRATA","geo.position":{"lat":"-24.5361401","long":"-52.9921776"},"geo.region":"Brazil"},"_links":{"self":[{"href":"https:\/\/ubirataonline.com.br\/en\/wp-json\/wp\/v2\/posts\/93727","targetHints":{"allow":["GET"]}}],"collection":[{"href":"https:\/\/ubirataonline.com.br\/en\/wp-json\/wp\/v2\/posts"}],"about":[{"href":"https:\/\/ubirataonline.com.br\/en\/wp-json\/wp\/v2\/types\/post"}],"author":[{"embeddable":true,"href":"https:\/\/ubirataonline.com.br\/en\/wp-json\/wp\/v2\/users\/1"}],"replies":[{"embeddable":true,"href":"https:\/\/ubirataonline.com.br\/en\/wp-json\/wp\/v2\/comments?post=93727"}],"version-history":[{"count":0,"href":"https:\/\/ubirataonline.com.br\/en\/wp-json\/wp\/v2\/posts\/93727\/revisions"}],"wp:featuredmedia":[{"embeddable":true,"href":"https:\/\/ubirataonline.com.br\/en\/wp-json\/wp\/v2\/media\/93728"}],"wp:attachment":[{"href":"https:\/\/ubirataonline.com.br\/en\/wp-json\/wp\/v2\/media?parent=93727"}],"wp:term":[{"taxonomy":"category","embeddable":true,"href":"https:\/\/ubirataonline.com.br\/en\/wp-json\/wp\/v2\/categories?post=93727"},{"taxonomy":"post_tag","embeddable":true,"href":"https:\/\/ubirataonline.com.br\/en\/wp-json\/wp\/v2\/tags?post=93727"}],"curies":[{"name":"wp","href":"https:\/\/api.w.org\/{rel}","templated":true}]}}