{"id":93786,"date":"2026-03-11T14:53:40","date_gmt":"2026-03-11T17:53:40","guid":{"rendered":"https:\/\/ubirataonline.com.br\/camara-aprova-uso-obrigatorio-de-tornozeleira-por-agressores-de-mulher\/"},"modified":"2026-03-11T14:53:43","modified_gmt":"2026-03-11T17:53:43","slug":"camara-aprova-uso-obrigatorio-de-tornozeleira-por-agressores-de-mulher","status":"publish","type":"post","link":"https:\/\/ubirataonline.com.br\/en\/camara-aprova-uso-obrigatorio-de-tornozeleira-por-agressores-de-mulher\/","title":{"rendered":"C\u00e2mara aprova uso obrigat\u00f3rio de tornozeleira por agressores de mulher"},"content":{"rendered":"<p><\/p>\n<div id=\"texto\">\n<p>A C\u00e2mara dos Deputados aprovou, nesta ter\u00e7a-feira (10), o projeto de lei (PL n\u00ba 2942\/2024)\u00a0que permite \u00e0 Justi\u00e7a determinar o <strong>uso imediato tornozeleira eletr\u00f4nica pelo agressor de mulheres em situa\u00e7\u00e3o de viol\u00eancia dom\u00e9stica e familiar<\/strong>, se for verificado o alto risco \u00e0 vida delas. O objetivo \u00e9 ampliar a prote\u00e7\u00e3o \u00e0s v\u00edtimas.<\/p>\n<p>De autoria dos deputados Fernanda Melchionna (PSol-RS) e Marcos Tavares (PDT-RJ, o projeto foi aprovado com substitutivo da relatora, deputada Delegada Ione (Avante-MG).<\/p>\n<p>A parlamentar afirma que, atualmente, apenas 6% das medidas protetivas contam com monitoramento eletr\u00f4nico. Ela frisa que a ferramenta <strong>reduz os feminic\u00eddios assim como a taxa de reincid\u00eancia dos agressores em outros crimes relacionados \u00e0 viol\u00eancia dom\u00e9stica.<\/strong><\/p>\n<p> \u201cN\u00e3o d\u00e1 mais para a gente ver v\u00e1rias mulheres sob medidas protetivas sem medidas protetivas efetivas\u201d, disse Fernanda Melchionna, em sua rede social.<\/p>\n<p><strong>A medida seguir\u00e1 para aprecia\u00e7\u00e3o do Senado.<\/strong><\/p>\n<p>&gt;&gt; Siga o canal da <strong>Ag\u00eancia Brasil <\/strong>no WhatsApp<\/p>\n<h2>Vira regra<\/h2>\n<p>Pelo projeto de lei, a imposi\u00e7\u00e3o de uso da tornozeleira passa a ser regra em casos de alto risco de agress\u00f5es graves \u00e0s mulheres. <strong>O risco a ser avaliado deve ser atual ou iminente \u00e0 vida ou \u00e0 integridade f\u00edsica ou psicol\u00f3gica da mulher ou de seus dependentes.<\/strong><\/p>\n<p>A exig\u00eancia da determina\u00e7\u00e3o da medida protetiva de urg\u00eancia fortalece a prote\u00e7\u00e3o prevista na Lei Maria da Penha n\u00ba 11.340\/2006,\u00a0aplic\u00e1vel em conjunto com outras.<\/p>\n<p>Al\u00e9m dos casos em que for verificado o risco iminente \u00e0 integridade f\u00edsica ou psicol\u00f3gica da v\u00edtima, a <strong>imposi\u00e7\u00e3o da tornozeleira ser\u00e1 prioridade nos casos em que houver descumprimento de medidas protetivas anteriormente impostas.<\/strong><\/p>\n<p>Se um juiz decidir que a tornozeleira n\u00e3o deve ser mais usada, o <strong>magistrado dever\u00e1 justificar expressamente os motivos que o levaram a tomar a decis\u00e3o.<\/strong><\/p>\n<h2>Cidades pequenas<\/h2>\n<p><strong>Em munic\u00edpios em que n\u00e3o existe uma comarca, portanto, localidades sem um juiz, o uso da tornozeleira poder\u00e1 ser aplicado pelo delegado de pol\u00edcia local.<\/strong><\/p>\n<p>Atualmente, o<strong> afastamento imediato do lar \u00e9 a \u00fanica medida protetiva que o delegado pode adotar nas localidades sem um representante do poder Judici\u00e1rio<\/strong>.<\/p>\n<p>Caso o projeto seja sancionado no Senado,\u00a0quando a autoridade policial determinar a instala\u00e7\u00e3o imediata da tornozeleira eletr\u00f4nica para proteger a v\u00edtima, dever\u00e1 comunicar a medida ao Minist\u00e9rio P\u00fablico e \u00e0 Justi\u00e7a em 24 horas. O juiz dever\u00e1 decidir se mant\u00e9m ou n\u00e3o a medida protetiva de urg\u00eancia.<\/p>\n<p>O levantamento do F\u00f3rum Brasileiro de Seguran\u00e7a P\u00fablica\u00a0mostra que, em 2024, 50% dos feminic\u00eddios em 2024 ocorreram em cidades com at\u00e9 100 mil habitantes, onde apenas 5% das cidades t\u00eam delegacias da mulher e somente 3% dos munic\u00edpios t\u00eam uma casa abrigo.<\/p>\n<h2>Rastreamento pela v\u00edtima e pela pol\u00edcia<\/h2>\n<p>O texto do projeto determina que, nas situa\u00e7\u00f5es de uso da tornozeleira pelo agressor, deve ser entregue \u00e0 mulher v\u00edtima um <strong>dispositivo de port\u00e1til de rastreamento que alerte sobre eventual aproxima\u00e7\u00e3o do agressor.<\/strong><\/p>\n<p>A iniciativa tem o objetivo de permitir o monitoramento ativo do <strong>cumprimento das restri\u00e7\u00f5es impostas<\/strong>.<\/p>\n<h2>Aumento da pena<\/h2>\n<p>O texto aprovado aumenta \u2013 de um ter\u00e7o\u00a0\u00e0 metade \u2013\u00a0a <strong>pena de reclus\u00e3o de 2 a 5 anos por descumprimento de medidas protetivas<\/strong>, caso estejam relacionadas \u00e0 viola\u00e7\u00e3o das \u00e1reas onde o agressor n\u00e3o pode ir ou, ainda, \u00e0 remo\u00e7\u00e3o ou viola\u00e7\u00e3o da tornozeleira sem autoriza\u00e7\u00e3o judicial.<\/p>\n<p>Em sua rede social, o coautor do Projeto de Lei 2942\/2024, o deputado Marcos Tavares (PDT-RJ), comemorou a aprova\u00e7\u00e3o pela C\u00e2mara.<\/p>\n<p> \u201cQuem agride precisa ser vigiado. E quem sofre viol\u00eancia precisa ser protegido.\u201d<\/p>\n<h2>Mais dinheiro e campanhas<\/h2>\n<p>O projeto tamb\u00e9m aumenta <strong>de 5% para 6% <\/strong>a cota de recursos do Fundo Nacional de Seguran\u00e7a P\u00fablica (FNSP) que devem ser destinados a a\u00e7\u00f5es de enfrentamento da viol\u00eancia contra a mulher, incluindo explicitamente o custeio da compra e manuten\u00e7\u00e3o desses equipamentos.<\/p>\n<p>O texto coloca como prioridade a <strong>compra e manuten\u00e7\u00e3o das tornozeleiras e de dispositivos de acompanhamento para as v\u00edtimas<\/strong>.<\/p>\n<p>Segundo o projeto, as campanhas de enfrentamento da viol\u00eancia contra a mulher dever\u00e3o contemplar informa\u00e7\u00f5es sobre procedimentos e abordagens policiais, preven\u00e7\u00e3o \u00e0 revitimiza\u00e7\u00e3o, funcionamento das medidas protetivas de urg\u00eancia e mecanismos de monitora\u00e7\u00e3o eletr\u00f4nica.<\/p>\n<h2>Pr\u00f3ximos passos<\/h2>\n<p><strong>Com a aprova\u00e7\u00e3o pela C\u00e2mara, o projeto de lei ser\u00e1 enviado ao Senado para ser analisado, discutido e votado pelos senadores<\/strong>.<\/p>\n<p>Se for aprovada sem altera\u00e7\u00f5es, a <strong>proposta segue para a san\u00e7\u00e3o do presidente da Rep\u00fablica<\/strong>.<\/p>\n<p>Se os senadores fizerem mudan\u00e7as (emendas), o <strong>projeto precisar\u00e1 voltar \u00e0 C\u00e2mara dos Deputados para que as altera\u00e7\u00f5es sejam validadas.<\/strong><\/p>\n<p><strong>Mas, se for rejeitado, o projeto ser\u00e1 arquivado.<\/strong><\/p>\n<h2>Viol\u00eancia em n\u00fameros<\/h2>\n<p>O projeto frisa que o Brasil enfrenta, nos \u00faltimos anos, um crescimento alarmante no n\u00famero de feminic\u00eddios, muitos deles cometidos por ex-companheiros ou c\u00f4njuges que j\u00e1 eram alvo de medidas protetivas previstas<\/p>\n<p>Em 2025, foram 1.568 mulheres v\u00edtimas de feminic\u00eddio no Brasil, <strong>crescimento de 4,7% em rela\u00e7\u00e3o ao ano anterior.<\/strong> Em rela\u00e7\u00e3o a 2021, <strong>aumento \u00e9 de 14,5%.<\/strong><\/p>\n<p><strong>Os dados s\u00e3o do\u00a0Levantamento do F\u00f3rum Brasileiro de Seguran\u00e7a P\u00fablica<\/strong>.<\/p>\n<p>O relat\u00f3rio mostra que, em 2024,\u00a013,1% das mulheres v\u00edtimas de feminic\u00eddio no Brasil foram assassinadas mesmo tendo uma\u00a0medida protetiva\u00a0de urg\u00eancia em vigor.<\/p>\n<p>Desde que a Lei do Feminic\u00eddio (n\u00ba 13.104\/2015) tipificou o assassinato de mulheres por raz\u00f5es de g\u00eanero como crime hediondo, 13.703 mulheres foram v\u00edtimas do feminic\u00eddio, entre 2015 e 2025.<\/p>\n<h2>Ligue 180<\/h2>\n<p><strong>Em caso de viol\u00eancia contra a mulher, ligue gratuitamente 180.<\/strong><\/p>\n<p>A Central de Atendimento \u00e0 Mulher \u2013\u00a0Ligue 180\u00a0oferece orienta\u00e7\u00e3o, acolhimento e encaminhamento de den\u00fancias.\u00a0O atendimento tamb\u00e9m pode ser realizado pelo WhatsApp,\u00a0no n\u00famero (61) 99610-0180.<\/p>\n<p>O servi\u00e7o p\u00fablico e sigiloso funciona 24 horas por dia, todos os dias da semana, inclusive nos feriados e pode ser usado por mulheres em situa\u00e7\u00e3o de viol\u00eancia ou qualquer pessoa que queira denunciar uma situa\u00e7\u00e3o de viol\u00eancia contra a mulher.<\/p>\n<p>A central tamb\u00e9m informa sobre direitos, garantias e servi\u00e7os especializados.<\/p>\n<p>Em casos de emerg\u00eancia, deve ser acionada a Pol\u00edcia Militar do estado, por meio do telefone 190.<\/p>\n<p><b>Fonte:<\/b> Ag\u00eancia Brasil<\/p>\n<\/p><\/div>\n<p><a href=\"https:\/\/cgn.inf.br\/noticia\/2059476\/camara-aprova-uso-obrigatorio-de-tornozeleira-por-agressores-de-mulher\">Fonte do Artigo <\/a><\/p>","protected":false},"excerpt":{"rendered":"<p>A C\u00e2mara dos Deputados aprovou, nesta ter\u00e7a-feira (10), o projeto de lei (PL n\u00ba 2942\/2024)\u00a0que permite \u00e0 Justi\u00e7a determinar o uso imediato tornozeleira eletr\u00f4nica pelo agressor de mulheres em situa\u00e7\u00e3o de viol\u00eancia dom\u00e9stica e familiar, se for verificado o alto risco \u00e0 vida delas. O objetivo \u00e9 ampliar a prote\u00e7\u00e3o \u00e0s v\u00edtimas. De autoria dos [&hellip;]<\/p>\n","protected":false},"author":1,"featured_media":93787,"comment_status":"closed","ping_status":"","sticky":false,"template":"","format":"standard","meta":{"googlesitekit_rrm_CAow2JLhCw:productID":"","_gspb_post_css":"","maa_idioma":"","maa_pais":"","footnotes":""},"categories":[1],"tags":[22288,5844,94,1611,22287,3211,7489,6806],"class_list":["post-93786","post","type-post","status-publish","format-standard","has-post-thumbnail","hentry","category-ubirata","tag-agressores","tag-aprova","tag-camara","tag-mulher","tag-obrigatorio","tag-por","tag-tornozeleira","tag-uso"],"blocksy_meta":[],"yoast_head":"<!-- This site is optimized with the Yoast SEO Premium plugin v27.6 (Yoast SEO v27.6) - https:\/\/yoast.com\/product\/yoast-seo-premium-wordpress\/ -->\n<title>C\u00e2mara aprova uso obrigat\u00f3rio de tornozeleira por agressores de mulher - Ubirat\u00e3 Online Not\u00edcias - A realidade ao seu alcance!<\/title>\n<meta name=\"description\" content=\"A C\u00e2mara dos Deputados aprovou, nesta ter\u00e7a-feira (10), o projeto de lei (PL n\u00ba 2942\/2024)\u00a0que permite \u00e0 Justi\u00e7a determinar o uso imediato tornozeleira\" \/>\n<meta name=\"robots\" content=\"index, follow, max-snippet:-1, max-image-preview:large, max-video-preview:-1\" \/>\n<link rel=\"canonical\" href=\"https:\/\/ubirataonline.com.br\/en\/camara-aprova-uso-obrigatorio-de-tornozeleira-por-agressores-de-mulher\/\" \/>\n<meta property=\"og:locale\" content=\"en_US\" \/>\n<meta property=\"og:type\" content=\"article\" \/>\n<meta property=\"og:title\" content=\"C\u00e2mara aprova uso obrigat\u00f3rio de tornozeleira por agressores de mulher\" \/>\n<meta property=\"og:description\" content=\"A C\u00e2mara dos Deputados aprovou, nesta ter\u00e7a-feira (10), o projeto de lei (PL n\u00ba 2942\/2024)\u00a0que permite \u00e0 Justi\u00e7a determinar o uso imediato tornozeleira\" \/>\n<meta property=\"og:url\" content=\"https:\/\/ubirataonline.com.br\/en\/camara-aprova-uso-obrigatorio-de-tornozeleira-por-agressores-de-mulher\/\" \/>\n<meta property=\"og:site_name\" content=\"Ubirat\u00e3 Online Not\u00edcias - A realidade ao seu alcance!\" \/>\n<meta property=\"article:publisher\" content=\"https:\/\/www.facebook.com\/portalubirataonline\" \/>\n<meta property=\"article:author\" content=\"https:\/\/www.facebook.com\/portalubirataonline\" \/>\n<meta property=\"article:published_time\" content=\"2026-03-11T17:53:40+00:00\" \/>\n<meta property=\"article:modified_time\" content=\"2026-03-11T17:53:43+00:00\" \/>\n<meta property=\"og:image\" content=\"https:\/\/ubirataonline.com.br\/wp-content\/uploads\/2026\/03\/Camara-aprova-uso-obrigatorio-de-tornozeleira-por-agressores-de-mulher.jpg\" \/>\n\t<meta property=\"og:image:width\" content=\"1600\" \/>\n\t<meta property=\"og:image:height\" content=\"800\" \/>\n\t<meta property=\"og:image:type\" content=\"image\/jpeg\" \/>\n<meta name=\"author\" content=\"REDA\u00c7\u00c3O: UBIRAT\u00c3 ONLINE - F\u00c1BIO AUGUSTO CELESTINO\" \/>\n<meta name=\"twitter:card\" content=\"summary_large_image\" \/>\n<meta name=\"twitter:creator\" content=\"@x.com\/ubirataonline\" \/>\n<meta name=\"twitter:site\" content=\"@ubirataonline\" \/>\n<meta name=\"twitter:label1\" content=\"Written by\" \/>\n\t<meta name=\"twitter:data1\" content=\"REDA\u00c7\u00c3O: UBIRAT\u00c3 ONLINE - F\u00c1BIO AUGUSTO CELESTINO\" \/>\n\t<meta name=\"twitter:label2\" content=\"Est. reading time\" \/>\n\t<meta name=\"twitter:data2\" content=\"5 minutes\" \/>\n<script type=\"application\/ld+json\" class=\"yoast-schema-graph\">{\"@context\":\"https:\\\/\\\/schema.org\",\"@graph\":[{\"@type\":\"NewsArticle\",\"@id\":\"https:\\\/\\\/ubirataonline.com.br\\\/camara-aprova-uso-obrigatorio-de-tornozeleira-por-agressores-de-mulher\\\/#article\",\"isPartOf\":{\"@id\":\"https:\\\/\\\/ubirataonline.com.br\\\/camara-aprova-uso-obrigatorio-de-tornozeleira-por-agressores-de-mulher\\\/\"},\"author\":{\"name\":\"REDA\u00c7\u00c3O: UBIRAT\u00c3 ONLINE - F\u00c1BIO AUGUSTO CELESTINO\",\"@id\":\"https:\\\/\\\/ubirataonline.com.br\\\/#\\\/schema\\\/person\\\/372f87bbd3fdd79b8556b84c98d0bc1c\"},\"headline\":\"C\u00e2mara aprova uso obrigat\u00f3rio de tornozeleira por agressores de mulher\",\"datePublished\":\"2026-03-11T17:53:40+00:00\",\"dateModified\":\"2026-03-11T17:53:43+00:00\",\"mainEntityOfPage\":{\"@id\":\"https:\\\/\\\/ubirataonline.com.br\\\/camara-aprova-uso-obrigatorio-de-tornozeleira-por-agressores-de-mulher\\\/\"},\"wordCount\":1068,\"publisher\":{\"@id\":\"https:\\\/\\\/ubirataonline.com.br\\\/#organization\"},\"image\":{\"@id\":\"https:\\\/\\\/ubirataonline.com.br\\\/camara-aprova-uso-obrigatorio-de-tornozeleira-por-agressores-de-mulher\\\/#primaryimage\"},\"thumbnailUrl\":\"https:\\\/\\\/ubirataonline.com.br\\\/wp-content\\\/uploads\\\/2026\\\/03\\\/Camara-aprova-uso-obrigatorio-de-tornozeleira-por-agressores-de-mulher.jpg\",\"keywords\":[\"agressores\",\"aprova\",\"c\u00e2mara\",\"Mulher\",\"obrigat\u00f3rio\",\"por\",\"tornozeleira\",\"uso\"],\"articleSection\":[\"Ubirat\u00e3\"],\"inLanguage\":\"en-US\",\"copyrightYear\":\"2026\",\"copyrightHolder\":{\"@id\":\"https:\\\/\\\/ubirataonline.com.br\\\/en\\\/#organization\"}},{\"@type\":\"WebPage\",\"@id\":\"https:\\\/\\\/ubirataonline.com.br\\\/camara-aprova-uso-obrigatorio-de-tornozeleira-por-agressores-de-mulher\\\/\",\"url\":\"https:\\\/\\\/ubirataonline.com.br\\\/camara-aprova-uso-obrigatorio-de-tornozeleira-por-agressores-de-mulher\\\/\",\"name\":\"C\u00e2mara aprova uso obrigat\u00f3rio de tornozeleira por agressores de mulher - Ubirat\u00e3 Online Not\u00edcias - A realidade ao seu alcance!\",\"isPartOf\":{\"@id\":\"https:\\\/\\\/ubirataonline.com.br\\\/#website\"},\"primaryImageOfPage\":{\"@id\":\"https:\\\/\\\/ubirataonline.com.br\\\/camara-aprova-uso-obrigatorio-de-tornozeleira-por-agressores-de-mulher\\\/#primaryimage\"},\"image\":{\"@id\":\"https:\\\/\\\/ubirataonline.com.br\\\/camara-aprova-uso-obrigatorio-de-tornozeleira-por-agressores-de-mulher\\\/#primaryimage\"},\"thumbnailUrl\":\"https:\\\/\\\/ubirataonline.com.br\\\/wp-content\\\/uploads\\\/2026\\\/03\\\/Camara-aprova-uso-obrigatorio-de-tornozeleira-por-agressores-de-mulher.jpg\",\"datePublished\":\"2026-03-11T17:53:40+00:00\",\"dateModified\":\"2026-03-11T17:53:43+00:00\",\"description\":\"A C\u00e2mara dos Deputados aprovou, nesta ter\u00e7a-feira (10), o projeto de lei (PL n\u00ba 2942\\\/2024)\u00a0que permite \u00e0 Justi\u00e7a determinar o uso imediato tornozeleira\",\"breadcrumb\":{\"@id\":\"https:\\\/\\\/ubirataonline.com.br\\\/camara-aprova-uso-obrigatorio-de-tornozeleira-por-agressores-de-mulher\\\/#breadcrumb\"},\"inLanguage\":\"en-US\",\"potentialAction\":[{\"@type\":\"ReadAction\",\"target\":[\"https:\\\/\\\/ubirataonline.com.br\\\/camara-aprova-uso-obrigatorio-de-tornozeleira-por-agressores-de-mulher\\\/\"]}]},{\"@type\":\"ImageObject\",\"inLanguage\":\"en-US\",\"@id\":\"https:\\\/\\\/ubirataonline.com.br\\\/camara-aprova-uso-obrigatorio-de-tornozeleira-por-agressores-de-mulher\\\/#primaryimage\",\"url\":\"https:\\\/\\\/ubirataonline.com.br\\\/wp-content\\\/uploads\\\/2026\\\/03\\\/Camara-aprova-uso-obrigatorio-de-tornozeleira-por-agressores-de-mulher.jpg\",\"contentUrl\":\"https:\\\/\\\/ubirataonline.com.br\\\/wp-content\\\/uploads\\\/2026\\\/03\\\/Camara-aprova-uso-obrigatorio-de-tornozeleira-por-agressores-de-mulher.jpg\",\"width\":1600,\"height\":800,\"caption\":\"\"},{\"@type\":\"BreadcrumbList\",\"@id\":\"https:\\\/\\\/ubirataonline.com.br\\\/camara-aprova-uso-obrigatorio-de-tornozeleira-por-agressores-de-mulher\\\/#breadcrumb\",\"itemListElement\":[{\"@type\":\"ListItem\",\"position\":1,\"name\":\"In\u00edcio\",\"item\":\"https:\\\/\\\/ubirataonline.com.br\\\/\"},{\"@type\":\"ListItem\",\"position\":2,\"name\":\"C\u00e2mara aprova uso obrigat\u00f3rio de tornozeleira por agressores de mulher\"}]},{\"@type\":\"WebSite\",\"@id\":\"https:\\\/\\\/ubirataonline.com.br\\\/#website\",\"url\":\"https:\\\/\\\/ubirataonline.com.br\\\/\",\"name\":\"Ubirat\u00e3 Online Not\u00edcias\",\"description\":\"Not\u00edcias de Ubirat\u00e3, regi\u00e3o, Brasil e mundo, com informa\u00e7\u00e3o atualizada e compromisso com o leitor.\",\"publisher\":{\"@id\":\"https:\\\/\\\/ubirataonline.com.br\\\/#organization\"},\"alternateName\":\"Ubirat\u00e3 Online\",\"potentialAction\":[{\"@type\":\"SearchAction\",\"target\":{\"@type\":\"EntryPoint\",\"urlTemplate\":\"https:\\\/\\\/ubirataonline.com.br\\\/?s={search_term_string}\"},\"query-input\":{\"@type\":\"PropertyValueSpecification\",\"valueRequired\":true,\"valueName\":\"search_term_string\"}}],\"inLanguage\":\"en-US\"},{\"@type\":[\"Organization\",\"Place\"],\"@id\":\"https:\\\/\\\/ubirataonline.com.br\\\/#organization\",\"name\":\"Ubirat\u00e3 Online Not\u00edcias\",\"alternateName\":\"Ubirat\u00e3 Online\",\"url\":\"https:\\\/\\\/ubirataonline.com.br\\\/\",\"logo\":{\"@id\":\"https:\\\/\\\/ubirataonline.com.br\\\/camara-aprova-uso-obrigatorio-de-tornozeleira-por-agressores-de-mulher\\\/#local-main-organization-logo\"},\"image\":{\"@id\":\"https:\\\/\\\/ubirataonline.com.br\\\/camara-aprova-uso-obrigatorio-de-tornozeleira-por-agressores-de-mulher\\\/#local-main-organization-logo\"},\"sameAs\":[\"https:\\\/\\\/www.facebook.com\\\/portalubirataonline\",\"https:\\\/\\\/x.com\\\/ubirataonline\",\"https:\\\/\\\/mastodon.social\\\/@ubirataonline\",\"https:\\\/\\\/www.facebook.com\\\/groups\\\/311144672285604\",\"https:\\\/\\\/www.facebook.com\\\/UBTAOnline\",\"https:\\\/\\\/www.instagram.com\\\/portalubirataonline\\\/\",\"https:\\\/\\\/twitter.com\\\/ubirataonline\"],\"description\":\"Somos um portal de not\u00edcias independente, criado em 5 de janeiro de 2009, com o objetivo de informar, conectar e valorizar a nossa comunidade de Ubirat\u00e3 e toda aregi\u00e3o. Com conte\u00fado atualizado, confi\u00e1vel e relevante, o Ubirat\u00e3 Online \u00e9 o seu espa\u00e7o para ficar por dentro dos principais acontecimentos locais, regionais, Brasil, Mundo e de interesse geral. Nosso compromisso \u00e9 com a verdade, a transpar\u00eancia e o respeito ao leitor.\",\"legalName\":\"UBIRATA ONLINE NOT\u00cdCIAS\",\"foundingDate\":\"2009-01-05\",\"numberOfEmployees\":{\"@type\":\"QuantitativeValue\",\"minValue\":\"1\",\"maxValue\":\"10\"},\"publishingPrinciples\":\"https:\\\/\\\/ubirataonline.com.br\\\/faq\\\/\",\"address\":{\"@id\":\"https:\\\/\\\/ubirataonline.com.br\\\/camara-aprova-uso-obrigatorio-de-tornozeleira-por-agressores-de-mulher\\\/#local-main-place-address\"},\"geo\":{\"@type\":\"GeoCoordinates\",\"latitude\":\"-24.5361401\",\"longitude\":\"-52.9921776\"},\"telephone\":[\"+5544998308235\"],\"contactPoint\":{\"@type\":\"ContactPoint\",\"email\":\"contato@ubirataonline.com.br\"},\"openingHoursSpecification\":{\"@type\":\"OpeningHoursSpecification\",\"dayOfWeek\":[\"Monday\",\"Tuesday\",\"Wednesday\",\"Thursday\",\"Friday\",\"Saturday\",\"Sunday\"],\"opens\":\"00:00\",\"closes\":\"23:59\"},\"email\":\"contato@ubirataonline.com.br\",\"vatID\":\"47.621.418\\\/0001-80\"},{\"@type\":\"Person\",\"@id\":\"https:\\\/\\\/ubirataonline.com.br\\\/#\\\/schema\\\/person\\\/372f87bbd3fdd79b8556b84c98d0bc1c\",\"name\":\"REDA\u00c7\u00c3O: UBIRAT\u00c3 ONLINE - F\u00c1BIO AUGUSTO CELESTINO\",\"pronouns\":\"Ele\",\"description\":\"Desde 2003 trabalhando com not\u00edcias.\",\"sameAs\":[\"http:\\\/\\\/ubirataoline.com.br\",\"https:\\\/\\\/www.facebook.com\\\/portalubirataonline\",\"https:\\\/\\\/www.instagram.com\\\/ubirataonline_oficial\",\"https:\\\/\\\/x.com\\\/x.com\\\/ubirataonline\"],\"honorificPrefix\":\"Mr.\",\"honorificSuffix\":\"MD\",\"birthDate\":\"1980-06-16\",\"gender\":\"masculino\",\"award\":[\"V\u00e1rios pr\u00eamios de melhor portal da cidade\"],\"jobTitle\":\"Diretor\",\"url\":\"https:\\\/\\\/ubirataonline.com.br\\\/en\\\/author\\\/ubirataonline\\\/\"},{\"@type\":\"PostalAddress\",\"@id\":\"https:\\\/\\\/ubirataonline.com.br\\\/camara-aprova-uso-obrigatorio-de-tornozeleira-por-agressores-de-mulher\\\/#local-main-place-address\",\"streetAddress\":\"Rua dos Coqueiros, 104 - Bairro Boa Vista, Rua dos Coqueiros, 104 Bairro Boa Vista\",\"addressLocality\":\"UBIRATA\",\"postalCode\":\"85440-000\",\"addressRegion\":\"PR\",\"addressCountry\":\"BR\"},{\"@type\":\"ImageObject\",\"inLanguage\":\"en-US\",\"@id\":\"https:\\\/\\\/ubirataonline.com.br\\\/camara-aprova-uso-obrigatorio-de-tornozeleira-por-agressores-de-mulher\\\/#local-main-organization-logo\",\"url\":\"https:\\\/\\\/ubirataonline.com.br\\\/wp-content\\\/uploads\\\/2026\\\/06\\\/logoubirataonline-1.webp\",\"contentUrl\":\"https:\\\/\\\/ubirataonline.com.br\\\/wp-content\\\/uploads\\\/2026\\\/06\\\/logoubirataonline-1.webp\",\"width\":500,\"height\":500,\"caption\":\"Ubirat\u00e3 Online Not\u00edcias\"}]}<\/script>\n<meta name=\"geo.placename\" content=\"UBIRATA\" \/>\n<meta name=\"geo.position\" content=\"-24.5361401;-52.9921776\" \/>\n<meta name=\"geo.region\" content=\"Brazil\" \/>\n<!-- \/ Yoast SEO Premium plugin. -->","yoast_head_json":{"title":"C\u00e2mara aprova uso obrigat\u00f3rio de tornozeleira por agressores de mulher - Ubirat\u00e3 Online Not\u00edcias - A realidade ao seu alcance!","description":"A C\u00e2mara dos Deputados aprovou, nesta ter\u00e7a-feira (10), o projeto de lei (PL n\u00ba 2942\/2024)\u00a0que permite \u00e0 Justi\u00e7a determinar o uso imediato tornozeleira","robots":{"index":"index","follow":"follow","max-snippet":"max-snippet:-1","max-image-preview":"max-image-preview:large","max-video-preview":"max-video-preview:-1"},"canonical":"https:\/\/ubirataonline.com.br\/en\/camara-aprova-uso-obrigatorio-de-tornozeleira-por-agressores-de-mulher\/","og_locale":"en_US","og_type":"article","og_title":"C\u00e2mara aprova uso obrigat\u00f3rio de tornozeleira por agressores de mulher","og_description":"A C\u00e2mara dos Deputados aprovou, nesta ter\u00e7a-feira (10), o projeto de lei (PL n\u00ba 2942\/2024)\u00a0que permite \u00e0 Justi\u00e7a determinar o uso imediato tornozeleira","og_url":"https:\/\/ubirataonline.com.br\/en\/camara-aprova-uso-obrigatorio-de-tornozeleira-por-agressores-de-mulher\/","og_site_name":"Ubirat\u00e3 Online Not\u00edcias - A realidade ao seu alcance!","article_publisher":"https:\/\/www.facebook.com\/portalubirataonline","article_author":"https:\/\/www.facebook.com\/portalubirataonline","article_published_time":"2026-03-11T17:53:40+00:00","article_modified_time":"2026-03-11T17:53:43+00:00","og_image":[{"width":1600,"height":800,"url":"https:\/\/ubirataonline.com.br\/wp-content\/uploads\/2026\/03\/Camara-aprova-uso-obrigatorio-de-tornozeleira-por-agressores-de-mulher.jpg","type":"image\/jpeg"}],"author":"REDA\u00c7\u00c3O: UBIRAT\u00c3 ONLINE - F\u00c1BIO AUGUSTO CELESTINO","twitter_card":"summary_large_image","twitter_creator":"@x.com\/ubirataonline","twitter_site":"@ubirataonline","twitter_misc":{"Written by":"REDA\u00c7\u00c3O: UBIRAT\u00c3 ONLINE - F\u00c1BIO AUGUSTO CELESTINO","Est. reading time":"5 minutes"},"schema":{"@context":"https:\/\/schema.org","@graph":[{"@type":"NewsArticle","@id":"https:\/\/ubirataonline.com.br\/camara-aprova-uso-obrigatorio-de-tornozeleira-por-agressores-de-mulher\/#article","isPartOf":{"@id":"https:\/\/ubirataonline.com.br\/camara-aprova-uso-obrigatorio-de-tornozeleira-por-agressores-de-mulher\/"},"author":{"name":"REDA\u00c7\u00c3O: UBIRAT\u00c3 ONLINE - F\u00c1BIO AUGUSTO CELESTINO","@id":"https:\/\/ubirataonline.com.br\/#\/schema\/person\/372f87bbd3fdd79b8556b84c98d0bc1c"},"headline":"C\u00e2mara aprova uso obrigat\u00f3rio de tornozeleira por agressores de mulher","datePublished":"2026-03-11T17:53:40+00:00","dateModified":"2026-03-11T17:53:43+00:00","mainEntityOfPage":{"@id":"https:\/\/ubirataonline.com.br\/camara-aprova-uso-obrigatorio-de-tornozeleira-por-agressores-de-mulher\/"},"wordCount":1068,"publisher":{"@id":"https:\/\/ubirataonline.com.br\/#organization"},"image":{"@id":"https:\/\/ubirataonline.com.br\/camara-aprova-uso-obrigatorio-de-tornozeleira-por-agressores-de-mulher\/#primaryimage"},"thumbnailUrl":"https:\/\/ubirataonline.com.br\/wp-content\/uploads\/2026\/03\/Camara-aprova-uso-obrigatorio-de-tornozeleira-por-agressores-de-mulher.jpg","keywords":["agressores","aprova","c\u00e2mara","Mulher","obrigat\u00f3rio","por","tornozeleira","uso"],"articleSection":["Ubirat\u00e3"],"inLanguage":"en-US","copyrightYear":"2026","copyrightHolder":{"@id":"https:\/\/ubirataonline.com.br\/en\/#organization"}},{"@type":"WebPage","@id":"https:\/\/ubirataonline.com.br\/camara-aprova-uso-obrigatorio-de-tornozeleira-por-agressores-de-mulher\/","url":"https:\/\/ubirataonline.com.br\/camara-aprova-uso-obrigatorio-de-tornozeleira-por-agressores-de-mulher\/","name":"C\u00e2mara aprova uso obrigat\u00f3rio de tornozeleira por agressores de mulher - Ubirat\u00e3 Online Not\u00edcias - A realidade ao seu alcance!","isPartOf":{"@id":"https:\/\/ubirataonline.com.br\/#website"},"primaryImageOfPage":{"@id":"https:\/\/ubirataonline.com.br\/camara-aprova-uso-obrigatorio-de-tornozeleira-por-agressores-de-mulher\/#primaryimage"},"image":{"@id":"https:\/\/ubirataonline.com.br\/camara-aprova-uso-obrigatorio-de-tornozeleira-por-agressores-de-mulher\/#primaryimage"},"thumbnailUrl":"https:\/\/ubirataonline.com.br\/wp-content\/uploads\/2026\/03\/Camara-aprova-uso-obrigatorio-de-tornozeleira-por-agressores-de-mulher.jpg","datePublished":"2026-03-11T17:53:40+00:00","dateModified":"2026-03-11T17:53:43+00:00","description":"A C\u00e2mara dos Deputados aprovou, nesta ter\u00e7a-feira (10), o projeto de lei (PL n\u00ba 2942\/2024)\u00a0que permite \u00e0 Justi\u00e7a determinar o uso imediato tornozeleira","breadcrumb":{"@id":"https:\/\/ubirataonline.com.br\/camara-aprova-uso-obrigatorio-de-tornozeleira-por-agressores-de-mulher\/#breadcrumb"},"inLanguage":"en-US","potentialAction":[{"@type":"ReadAction","target":["https:\/\/ubirataonline.com.br\/camara-aprova-uso-obrigatorio-de-tornozeleira-por-agressores-de-mulher\/"]}]},{"@type":"ImageObject","inLanguage":"en-US","@id":"https:\/\/ubirataonline.com.br\/camara-aprova-uso-obrigatorio-de-tornozeleira-por-agressores-de-mulher\/#primaryimage","url":"https:\/\/ubirataonline.com.br\/wp-content\/uploads\/2026\/03\/Camara-aprova-uso-obrigatorio-de-tornozeleira-por-agressores-de-mulher.jpg","contentUrl":"https:\/\/ubirataonline.com.br\/wp-content\/uploads\/2026\/03\/Camara-aprova-uso-obrigatorio-de-tornozeleira-por-agressores-de-mulher.jpg","width":1600,"height":800,"caption":""},{"@type":"BreadcrumbList","@id":"https:\/\/ubirataonline.com.br\/camara-aprova-uso-obrigatorio-de-tornozeleira-por-agressores-de-mulher\/#breadcrumb","itemListElement":[{"@type":"ListItem","position":1,"name":"In\u00edcio","item":"https:\/\/ubirataonline.com.br\/"},{"@type":"ListItem","position":2,"name":"C\u00e2mara aprova uso obrigat\u00f3rio de tornozeleira por agressores de mulher"}]},{"@type":"WebSite","@id":"https:\/\/ubirataonline.com.br\/#website","url":"https:\/\/ubirataonline.com.br\/","name":"Ubirat\u00e3 Online Not\u00edcias","description":"Not\u00edcias de Ubirat\u00e3, regi\u00e3o, Brasil e mundo, com informa\u00e7\u00e3o atualizada e compromisso com o leitor.","publisher":{"@id":"https:\/\/ubirataonline.com.br\/#organization"},"alternateName":"Ubirat\u00e3 Online","potentialAction":[{"@type":"SearchAction","target":{"@type":"EntryPoint","urlTemplate":"https:\/\/ubirataonline.com.br\/?s={search_term_string}"},"query-input":{"@type":"PropertyValueSpecification","valueRequired":true,"valueName":"search_term_string"}}],"inLanguage":"en-US"},{"@type":["Organization","Place"],"@id":"https:\/\/ubirataonline.com.br\/#organization","name":"Ubirat\u00e3 Online Not\u00edcias","alternateName":"Ubirat\u00e3 Online","url":"https:\/\/ubirataonline.com.br\/","logo":{"@id":"https:\/\/ubirataonline.com.br\/camara-aprova-uso-obrigatorio-de-tornozeleira-por-agressores-de-mulher\/#local-main-organization-logo"},"image":{"@id":"https:\/\/ubirataonline.com.br\/camara-aprova-uso-obrigatorio-de-tornozeleira-por-agressores-de-mulher\/#local-main-organization-logo"},"sameAs":["https:\/\/www.facebook.com\/portalubirataonline","https:\/\/x.com\/ubirataonline","https:\/\/mastodon.social\/@ubirataonline","https:\/\/www.facebook.com\/groups\/311144672285604","https:\/\/www.facebook.com\/UBTAOnline","https:\/\/www.instagram.com\/portalubirataonline\/","https:\/\/twitter.com\/ubirataonline"],"description":"Somos um portal de not\u00edcias independente, criado em 5 de janeiro de 2009, com o objetivo de informar, conectar e valorizar a nossa comunidade de Ubirat\u00e3 e toda aregi\u00e3o. Com conte\u00fado atualizado, confi\u00e1vel e relevante, o Ubirat\u00e3 Online \u00e9 o seu espa\u00e7o para ficar por dentro dos principais acontecimentos locais, regionais, Brasil, Mundo e de interesse geral. Nosso compromisso \u00e9 com a verdade, a transpar\u00eancia e o respeito ao leitor.","legalName":"UBIRATA ONLINE NOT\u00cdCIAS","foundingDate":"2009-01-05","numberOfEmployees":{"@type":"QuantitativeValue","minValue":"1","maxValue":"10"},"publishingPrinciples":"https:\/\/ubirataonline.com.br\/faq\/","address":{"@id":"https:\/\/ubirataonline.com.br\/camara-aprova-uso-obrigatorio-de-tornozeleira-por-agressores-de-mulher\/#local-main-place-address"},"geo":{"@type":"GeoCoordinates","latitude":"-24.5361401","longitude":"-52.9921776"},"telephone":["+5544998308235"],"contactPoint":{"@type":"ContactPoint","email":"contato@ubirataonline.com.br"},"openingHoursSpecification":{"@type":"OpeningHoursSpecification","dayOfWeek":["Monday","Tuesday","Wednesday","Thursday","Friday","Saturday","Sunday"],"opens":"00:00","closes":"23:59"},"email":"contato@ubirataonline.com.br","vatID":"47.621.418\/0001-80"},{"@type":"Person","@id":"https:\/\/ubirataonline.com.br\/#\/schema\/person\/372f87bbd3fdd79b8556b84c98d0bc1c","name":"REDA\u00c7\u00c3O: UBIRAT\u00c3 ONLINE - F\u00c1BIO AUGUSTO CELESTINO","pronouns":"Ele","description":"Desde 2003 trabalhando com not\u00edcias.","sameAs":["http:\/\/ubirataoline.com.br","https:\/\/www.facebook.com\/portalubirataonline","https:\/\/www.instagram.com\/ubirataonline_oficial","https:\/\/x.com\/x.com\/ubirataonline"],"honorificPrefix":"Mr.","honorificSuffix":"MD","birthDate":"1980-06-16","gender":"masculino","award":["V\u00e1rios pr\u00eamios de melhor portal da cidade"],"jobTitle":"Diretor","url":"https:\/\/ubirataonline.com.br\/en\/author\/ubirataonline\/"},{"@type":"PostalAddress","@id":"https:\/\/ubirataonline.com.br\/camara-aprova-uso-obrigatorio-de-tornozeleira-por-agressores-de-mulher\/#local-main-place-address","streetAddress":"Rua dos Coqueiros, 104 - Bairro Boa Vista, Rua dos Coqueiros, 104 Bairro Boa Vista","addressLocality":"UBIRATA","postalCode":"85440-000","addressRegion":"PR","addressCountry":"BR"},{"@type":"ImageObject","inLanguage":"en-US","@id":"https:\/\/ubirataonline.com.br\/camara-aprova-uso-obrigatorio-de-tornozeleira-por-agressores-de-mulher\/#local-main-organization-logo","url":"https:\/\/ubirataonline.com.br\/wp-content\/uploads\/2026\/06\/logoubirataonline-1.webp","contentUrl":"https:\/\/ubirataonline.com.br\/wp-content\/uploads\/2026\/06\/logoubirataonline-1.webp","width":500,"height":500,"caption":"Ubirat\u00e3 Online Not\u00edcias"}]},"geo.placename":"UBIRATA","geo.position":{"lat":"-24.5361401","long":"-52.9921776"},"geo.region":"Brazil"},"_links":{"self":[{"href":"https:\/\/ubirataonline.com.br\/en\/wp-json\/wp\/v2\/posts\/93786","targetHints":{"allow":["GET"]}}],"collection":[{"href":"https:\/\/ubirataonline.com.br\/en\/wp-json\/wp\/v2\/posts"}],"about":[{"href":"https:\/\/ubirataonline.com.br\/en\/wp-json\/wp\/v2\/types\/post"}],"author":[{"embeddable":true,"href":"https:\/\/ubirataonline.com.br\/en\/wp-json\/wp\/v2\/users\/1"}],"replies":[{"embeddable":true,"href":"https:\/\/ubirataonline.com.br\/en\/wp-json\/wp\/v2\/comments?post=93786"}],"version-history":[{"count":0,"href":"https:\/\/ubirataonline.com.br\/en\/wp-json\/wp\/v2\/posts\/93786\/revisions"}],"wp:featuredmedia":[{"embeddable":true,"href":"https:\/\/ubirataonline.com.br\/en\/wp-json\/wp\/v2\/media\/93787"}],"wp:attachment":[{"href":"https:\/\/ubirataonline.com.br\/en\/wp-json\/wp\/v2\/media?parent=93786"}],"wp:term":[{"taxonomy":"category","embeddable":true,"href":"https:\/\/ubirataonline.com.br\/en\/wp-json\/wp\/v2\/categories?post=93786"},{"taxonomy":"post_tag","embeddable":true,"href":"https:\/\/ubirataonline.com.br\/en\/wp-json\/wp\/v2\/tags?post=93786"}],"curies":[{"name":"wp","href":"https:\/\/api.w.org\/{rel}","templated":true}]}}