{"id":93803,"date":"2026-03-11T16:08:30","date_gmt":"2026-03-11T19:08:30","guid":{"rendered":"https:\/\/ubirataonline.com.br\/tres-geracoes-se-unem-para-contar-historias-de-arte-e-circo\/"},"modified":"2026-03-11T16:08:33","modified_gmt":"2026-03-11T19:08:33","slug":"tres-geracoes-se-unem-para-contar-historias-de-arte-e-circo","status":"publish","type":"post","link":"https:\/\/ubirataonline.com.br\/en\/tres-geracoes-se-unem-para-contar-historias-de-arte-e-circo\/","title":{"rendered":"Tr\u00eas gera\u00e7\u00f5es se unem para contar hist\u00f3rias de arte e circo"},"content":{"rendered":"<p><\/p>\n<div id=\"post-content\">\n<p>O <strong>34\u00ba Festival de Curitiba<\/strong> traz uma atra\u00e7\u00e3o imperd\u00edvel para os amantes da cultura popular brasileira. A companhia <strong>Carro\u00e7a de Mamulengos<\/strong>, patrim\u00f4nio vivo do teatro popular, apresentar\u00e1 o espet\u00e1culo \u201c<strong>Hist\u00f3rias de Teatro e Circo \u2013 Tr\u00eas Gera\u00e7\u00f5es de Arte Brincante<\/strong>\u201d nos dias 1 e 2 de abril, \u00e0s 20h30, no Teatro Bom Jesus.<\/p>\n<p>Direto de Juazeiro do Norte, no Cear\u00e1, o grupo chega \u00e0 Mostra Lucia Camargo com uma montagem que celebra meio s\u00e9culo de trajet\u00f3ria. No palco, tr\u00eas gera\u00e7\u00f5es da fam\u00edlia Gomide-Fran\u00e7a, com artistas de 6 meses a 70 anos, d\u00e3o vida a uma celebra\u00e7\u00e3o da arte brincante que une teatro, circo, m\u00fasica e bonecos.<\/p>\n<p>A Carro\u00e7a de Mamulengos, criada em 1977 por Carlos Gomide (Babau) e ampliada com a chegada de Schirley Fran\u00e7a em 1980, consolidou-se como uma escola itinerante de saberes populares. Ao longo de d\u00e9cadas, a fam\u00edlia percorreu o Brasil levando suas hist\u00f3rias de vilarejos isolados a grandes centros urbanos.<\/p>\n<p>O espet\u00e1culo, que respira a tradi\u00e7\u00e3o saltimbanca, est\u00e1 indicado ao Pr\u00eamio CBTIJ 2025 nas categorias de Melhor Dire\u00e7\u00e3o, Melhor Espet\u00e1culo e Melhor Elenco. Para o p\u00fablico do Festival de Curitiba, \u00e9 uma oportunidade \u00fanica de presenciar uma \u201cescola viva\u201d onde as tradi\u00e7\u00f5es do mamulengo e do circo se aliam a novas possibilidades art\u00edsticas.<\/p>\n<p>As apresenta\u00e7\u00f5es contar\u00e3o com audiodescri\u00e7\u00e3o, refor\u00e7ando o compromisso do festival com a acessibilidade. Os ingressos j\u00e1 est\u00e3o \u00e0 venda no site <a href=\"http:\/\/www.festivaldecuritiba.com.br\">www.festivaldecuritiba.com.br<\/a> e na bilheteria f\u00edsica no Shopping Mueller.<\/p>\n<p>O 34\u00ba Festival de Curitiba acontece de 30 de mar\u00e7o a 12 de abril, reunindo mais de 400 espet\u00e1culos de teatro, dan\u00e7a, circo, humor e m\u00fasica. A Mostra Lucia Camargo \u00e9 apresentada por Petrobras, Sanepar e Governo do Estado do Paran\u00e1, com patroc\u00ednio de EBANX, Viaje Paran\u00e1 e Copel.<\/p>\n<h2 class=\"wp-block-heading\" id=\"h-servico\"><strong>Servi\u00e7o<\/strong><\/h2>\n<p><strong>Hist\u00f3rias de Teatro e Circo \u2013 Tr\u00eas Gera\u00e7\u00f5es de Arte Brincante \u2013 Mostra Lucia Camargo<br \/>34\u00ba Festival de Curitiba<br \/>Local: <\/strong>Teatro Bom Jesus (Rua 24 de Maio, 135)<strong><br \/>Data: <\/strong>1 e 2 de abril<strong><br \/>Hor\u00e1rio: <\/strong>20h30<strong><br \/>Categoria: <\/strong>Circo e Cultura Popular<\/p>\n<p><strong>Classifica\u00e7\u00e3o: <\/strong>Livre<strong><br \/><\/strong><strong>Dura\u00e7\u00e3o: <\/strong>60 min <strong><br \/><\/strong><strong><br \/><\/strong><strong>34.\u00ba Festival de Curitiba<\/strong><strong><br \/><\/strong><strong>Data: <\/strong>De 30\/3 at\u00e9 12\/4 de 2026<br \/><strong>Valores:<\/strong> Os ingressos v\u00e3o de R$00 at\u00e9 R$85\u00a0 (mais taxas administrativas).<br \/><strong>Ingressos:<\/strong><a href=\"http:\/\/www.festivaldecuritiba.com.br\/\"> www.festivaldecuritiba.com.br<\/a> e na bilheteria f\u00edsica exclusiva no Shopping Mueller \u2013 Piso L3 (Segunda a s\u00e1bado, das 10h \u00e0s 22h e, domingos e feriados, das 14h \u00e0s 20h).<br \/><strong>Verifique a classifica\u00e7\u00e3o indicativa e orienta\u00e7\u00f5es do espet\u00e1culo.<\/strong><strong><br \/><\/strong><strong>Descontos especiais para colaboradores de empresas apoiadoras, clubes de desconto e associa\u00e7\u00f5es.<\/strong><\/p>\n<section class=\"virals\">\n<article class=\"cardnews cardnews--post cardnews--has-thumbnail cardnews--editorial-noticias\"> <a href=\"https:\/\/www.tribunapr.com.br\/noticias\/parana\/golpe-do-ipva-engana-profissional-da-tecnologia-no-parana-como-evitar-a-fraude\/?utm_source=noticias-virais-rodape&amp;utm_medium=internal-tribuna&amp;utm_campaign=tribuna\" class=\"cardnews__postlink\"> <\/p>\n<div class=\"cardnews__image\" is-api-thumb=\"\"><\/div>\n<div class=\"cardnews__content cardhome__content\">\n<div class=\"cardnews__content-wrapper\">\n<p> <span style=\"\"> Fique atento! <\/span> <\/p>\n<p>At\u00e9 especialistas ca\u00edram: o detalhe no boleto do IPVA que rouba seu dinheiro<\/p>\n<\/p><\/div>\n<\/p><\/div>\n<p> <\/a> <\/article>\n<article class=\"cardnews cardnews--post cardnews--has-thumbnail cardnews--editorial-noticias\"> <a href=\"https:\/\/www.tribunapr.com.br\/noticias\/curitiba-regiao\/litoral-do-parana-passa-a-figurar-entre-os-mais-valorizados-do-pais\/?utm_source=noticias-virais-rodape&amp;utm_medium=internal-tribuna&amp;utm_campaign=tribuna\" class=\"cardnews__postlink\"> <\/p>\n<div class=\"cardnews__image\" is-api-thumb=\"\"><img decoding=\"async\" src=\"https:\/\/www.tribunapr.com.br\/wp-content\/uploads\/2026\/02\/04151141\/matinhos-litoral-370x210.jpg\" loading=\"lazy\" alt=\"Adeus, pre\u00e7os baixos? Esta regi\u00e3o do Paran\u00e1 virou a nova 'mina de ouro'\"\/><\/div>\n<div class=\"cardnews__content cardhome__content\">\n<div class=\"cardnews__content-wrapper\">\n<p> <span style=\"\"> Mercado imobili\u00e1rio <\/span> <\/p>\n<p>Adeus, pre\u00e7os baixos? Esta regi\u00e3o do Paran\u00e1 virou a nova &#8216;mina de ouro&#8217;<\/p>\n<\/p><\/div>\n<\/p><\/div>\n<p> <\/a> <\/article>\n<article class=\"cardnews cardnews--post cardnews--has-thumbnail cardnews--editorial-noticias\"> <a href=\"https:\/\/www.tribunapr.com.br\/blogs\/rango-barateza\/biscoitos-da-vovo-elza-tradicao-que-nasceu-do-afeto-e-conquistou-curitiba\/?utm_source=noticias-virais-rodape&amp;utm_medium=internal-tribuna&amp;utm_campaign=tribuna\" class=\"cardnews__postlink\"> <\/p>\n<div class=\"cardnews__image\" is-api-thumb=\"\"><img decoding=\"async\" src=\"https:\/\/www.tribunapr.com.br\/wp-content\/uploads\/2026\/02\/06135141\/vovo-elza-02-770x440-1-370x210.webp\" loading=\"lazy\" alt=\"O segredo de Curitiba: como uma receita de fam\u00edlia virou um imp\u00e9rio do afeto\"\/><\/div>\n<div class=\"cardnews__content cardhome__content\">\n<div class=\"cardnews__content-wrapper\">\n<p> <span style=\"\"> Rango Barateza! <\/span> <\/p>\n<p>O segredo de Curitiba: como uma receita de fam\u00edlia virou um imp\u00e9rio do afeto<\/p>\n<\/p><\/div>\n<\/p><\/div>\n<p> <\/a> <\/article>\n<\/section>\n<div id=\"tribuna-follow-cta\">\n<p> <span class=\"cta-title\">Siga a <span class=\"tribuna-color\">Tribuna<\/span> no Google, e acompanhe as \u00faltimas not\u00edcias de Curitiba e regi\u00e3o!<\/span> <\/p>\n<p> <a href=\"https:\/\/profile.google.com\/cp\/CgwvZy8xMmxxajUzM3Mac2h0dHBzOi8vd3d3LnRyaWJ1bmFwci5jb20uYnIvdml2YS92aXRyaW5lL2dpZ2FudGUtZG8tdmVzdHVhcmlvLXJlaW5hdWd1cmEtbG9qYS1lbS1zaG9wcGluZy10cmFkaWNpb25hbC1kZS1jdXJpdGliYS8iElRyaWJ1bmEgZG8gUGFyYW7DoSqAAwrHAWh0dHBzOi8vZW5jcnlwdGVkLXRibjIuZ3N0YXRpYy5jb20vZmF2aWNvbi10Ym4_cT10Ym46QU5kOUdjUVJPbjVDRjR6TzJPbkUwTXZrRlRCRTY2U0g1bGlaVDRaZTV3bWNKeU5GRm1BSnluM01nNU9PR3BXY1pYMzZwYU5HUWtsZ09JVEFLTTNNZVNGbTc1aWp6M3k2ajUtQ3M2b25kX2JUcFFQQkVLd3RsUjBsTmJESnUtVHhrNXQtbFlCNlVpOWZSVVFjT2cSswFodHRwczovL2VuY3J5cHRlZC10Ym4zLmdzdGF0aWMuY29tL2Zhdmljb24tdGJuP3E9dGJuJTNBQU5kOUdjU0FMaWJ2eFF0YXdFMFRueVdWWmVKRS1MZEdRZjVTUi1OZ2RMazhyZzIwVy1nM0JuQ1F4VDNKZFBjRXR2THdBeVRxUDJEdHVycEdVR29CQkxpYzM5al9wSmFxRERaMHNCYW05WEVhSGVsMmZTQmdKdlF4WWVyMw\" target=\"_blank\" title=\"Seguir a Tribuna no Google\">  <\/a> <\/div>\n<\/p><\/div>\n<p><a href=\"https:\/\/www.tribunapr.com.br\/viva\/tres-geracoes-se-unem-para-contar-historias-de-arte-e-circo\/\">Fonte do Artigo <\/a><\/p>","protected":false},"excerpt":{"rendered":"<p>O 34\u00ba Festival de Curitiba traz uma atra\u00e7\u00e3o imperd\u00edvel para os amantes da cultura popular brasileira. A companhia Carro\u00e7a de Mamulengos, patrim\u00f4nio vivo do teatro popular, apresentar\u00e1 o espet\u00e1culo \u201cHist\u00f3rias de Teatro e Circo \u2013 Tr\u00eas Gera\u00e7\u00f5es de Arte Brincante\u201d nos dias 1 e 2 de abril, \u00e0s 20h30, no Teatro Bom Jesus. Direto de [&hellip;]<\/p>\n","protected":false},"author":1,"featured_media":93804,"comment_status":"closed","ping_status":"","sticky":false,"template":"","format":"standard","meta":{"googlesitekit_rrm_CAow2JLhCw:productID":"","_gspb_post_css":"","maa_idioma":"","maa_pais":"","footnotes":""},"categories":[1],"tags":[13500,13471,22293,4852,22294,2904,3133,18546],"class_list":["post-93803","post","type-post","status-publish","format-standard","has-post-thumbnail","hentry","category-ubirata","tag-arte","tag-circo","tag-contar","tag-geracoes","tag-historias","tag-para","tag-tres","tag-unem"],"blocksy_meta":[],"yoast_head":"<!-- This site is optimized with the Yoast SEO Premium plugin v27.6 (Yoast SEO v27.6) - https:\/\/yoast.com\/product\/yoast-seo-premium-wordpress\/ -->\n<title>Tr\u00eas gera\u00e7\u00f5es se unem para contar hist\u00f3rias de arte e circo - Ubirat\u00e3 Online Not\u00edcias - A realidade ao seu alcance!<\/title>\n<meta name=\"description\" content=\"O 34\u00ba Festival de Curitiba traz uma atra\u00e7\u00e3o imperd\u00edvel para os amantes da cultura popular brasileira. A companhia Carro\u00e7a de Mamulengos, patrim\u00f4nio vivo\" \/>\n<meta name=\"robots\" content=\"index, follow, max-snippet:-1, max-image-preview:large, max-video-preview:-1\" \/>\n<link rel=\"canonical\" href=\"https:\/\/ubirataonline.com.br\/en\/tres-geracoes-se-unem-para-contar-historias-de-arte-e-circo\/\" \/>\n<meta property=\"og:locale\" content=\"en_US\" \/>\n<meta property=\"og:type\" content=\"article\" \/>\n<meta property=\"og:title\" content=\"Tr\u00eas gera\u00e7\u00f5es se unem para contar hist\u00f3rias de arte e circo\" \/>\n<meta property=\"og:description\" content=\"O 34\u00ba Festival de Curitiba traz uma atra\u00e7\u00e3o imperd\u00edvel para os amantes da cultura popular brasileira. A companhia Carro\u00e7a de Mamulengos, patrim\u00f4nio vivo\" \/>\n<meta property=\"og:url\" content=\"https:\/\/ubirataonline.com.br\/en\/tres-geracoes-se-unem-para-contar-historias-de-arte-e-circo\/\" \/>\n<meta property=\"og:site_name\" content=\"Ubirat\u00e3 Online Not\u00edcias - A realidade ao seu alcance!\" \/>\n<meta property=\"article:publisher\" content=\"https:\/\/www.facebook.com\/portalubirataonline\" \/>\n<meta property=\"article:author\" content=\"https:\/\/www.facebook.com\/portalubirataonline\" \/>\n<meta property=\"article:published_time\" content=\"2026-03-11T19:08:30+00:00\" \/>\n<meta property=\"article:modified_time\" content=\"2026-03-11T19:08:33+00:00\" \/>\n<meta property=\"og:image\" content=\"https:\/\/ubirataonline.com.br\/wp-content\/uploads\/2026\/03\/Tres-geracoes-se-unem-para-contar-historias-de-arte-e.jpg\" \/>\n\t<meta property=\"og:image:width\" content=\"1280\" \/>\n\t<meta property=\"og:image:height\" content=\"720\" \/>\n\t<meta property=\"og:image:type\" content=\"image\/jpeg\" \/>\n<meta name=\"author\" content=\"REDA\u00c7\u00c3O: UBIRAT\u00c3 ONLINE - F\u00c1BIO AUGUSTO CELESTINO\" \/>\n<meta name=\"twitter:card\" content=\"summary_large_image\" \/>\n<meta name=\"twitter:creator\" content=\"@x.com\/ubirataonline\" \/>\n<meta name=\"twitter:site\" content=\"@ubirataonline\" \/>\n<meta name=\"twitter:label1\" content=\"Written by\" \/>\n\t<meta name=\"twitter:data1\" content=\"REDA\u00c7\u00c3O: UBIRAT\u00c3 ONLINE - F\u00c1BIO AUGUSTO CELESTINO\" \/>\n\t<meta name=\"twitter:label2\" content=\"Est. reading time\" \/>\n\t<meta name=\"twitter:data2\" content=\"3 minutes\" \/>\n<script type=\"application\/ld+json\" class=\"yoast-schema-graph\">{\"@context\":\"https:\\\/\\\/schema.org\",\"@graph\":[{\"@type\":\"NewsArticle\",\"@id\":\"https:\\\/\\\/ubirataonline.com.br\\\/tres-geracoes-se-unem-para-contar-historias-de-arte-e-circo\\\/#article\",\"isPartOf\":{\"@id\":\"https:\\\/\\\/ubirataonline.com.br\\\/tres-geracoes-se-unem-para-contar-historias-de-arte-e-circo\\\/\"},\"author\":{\"name\":\"REDA\u00c7\u00c3O: UBIRAT\u00c3 ONLINE - F\u00c1BIO AUGUSTO CELESTINO\",\"@id\":\"https:\\\/\\\/ubirataonline.com.br\\\/#\\\/schema\\\/person\\\/372f87bbd3fdd79b8556b84c98d0bc1c\"},\"headline\":\"Tr\u00eas gera\u00e7\u00f5es se unem para contar hist\u00f3rias de arte e circo\",\"datePublished\":\"2026-03-11T19:08:30+00:00\",\"dateModified\":\"2026-03-11T19:08:33+00:00\",\"mainEntityOfPage\":{\"@id\":\"https:\\\/\\\/ubirataonline.com.br\\\/tres-geracoes-se-unem-para-contar-historias-de-arte-e-circo\\\/\"},\"wordCount\":517,\"publisher\":{\"@id\":\"https:\\\/\\\/ubirataonline.com.br\\\/#organization\"},\"image\":{\"@id\":\"https:\\\/\\\/ubirataonline.com.br\\\/tres-geracoes-se-unem-para-contar-historias-de-arte-e-circo\\\/#primaryimage\"},\"thumbnailUrl\":\"https:\\\/\\\/ubirataonline.com.br\\\/wp-content\\\/uploads\\\/2026\\\/03\\\/Tres-geracoes-se-unem-para-contar-historias-de-arte-e.jpg\",\"keywords\":[\"arte\",\"circo\",\"contar\",\"gera\u00e7\u00f5es\",\"hist\u00f3rias\",\"para\",\"Tr\u00eas\",\"unem\"],\"articleSection\":[\"Ubirat\u00e3\"],\"inLanguage\":\"en-US\",\"copyrightYear\":\"2026\",\"copyrightHolder\":{\"@id\":\"https:\\\/\\\/ubirataonline.com.br\\\/en\\\/#organization\"}},{\"@type\":\"WebPage\",\"@id\":\"https:\\\/\\\/ubirataonline.com.br\\\/tres-geracoes-se-unem-para-contar-historias-de-arte-e-circo\\\/\",\"url\":\"https:\\\/\\\/ubirataonline.com.br\\\/tres-geracoes-se-unem-para-contar-historias-de-arte-e-circo\\\/\",\"name\":\"Tr\u00eas gera\u00e7\u00f5es se unem para contar hist\u00f3rias de arte e circo - Ubirat\u00e3 Online Not\u00edcias - A realidade ao seu alcance!\",\"isPartOf\":{\"@id\":\"https:\\\/\\\/ubirataonline.com.br\\\/#website\"},\"primaryImageOfPage\":{\"@id\":\"https:\\\/\\\/ubirataonline.com.br\\\/tres-geracoes-se-unem-para-contar-historias-de-arte-e-circo\\\/#primaryimage\"},\"image\":{\"@id\":\"https:\\\/\\\/ubirataonline.com.br\\\/tres-geracoes-se-unem-para-contar-historias-de-arte-e-circo\\\/#primaryimage\"},\"thumbnailUrl\":\"https:\\\/\\\/ubirataonline.com.br\\\/wp-content\\\/uploads\\\/2026\\\/03\\\/Tres-geracoes-se-unem-para-contar-historias-de-arte-e.jpg\",\"datePublished\":\"2026-03-11T19:08:30+00:00\",\"dateModified\":\"2026-03-11T19:08:33+00:00\",\"description\":\"O 34\u00ba Festival de Curitiba traz uma atra\u00e7\u00e3o imperd\u00edvel para os amantes da cultura popular brasileira. A companhia Carro\u00e7a de Mamulengos, patrim\u00f4nio vivo\",\"breadcrumb\":{\"@id\":\"https:\\\/\\\/ubirataonline.com.br\\\/tres-geracoes-se-unem-para-contar-historias-de-arte-e-circo\\\/#breadcrumb\"},\"inLanguage\":\"en-US\",\"potentialAction\":[{\"@type\":\"ReadAction\",\"target\":[\"https:\\\/\\\/ubirataonline.com.br\\\/tres-geracoes-se-unem-para-contar-historias-de-arte-e-circo\\\/\"]}]},{\"@type\":\"ImageObject\",\"inLanguage\":\"en-US\",\"@id\":\"https:\\\/\\\/ubirataonline.com.br\\\/tres-geracoes-se-unem-para-contar-historias-de-arte-e-circo\\\/#primaryimage\",\"url\":\"https:\\\/\\\/ubirataonline.com.br\\\/wp-content\\\/uploads\\\/2026\\\/03\\\/Tres-geracoes-se-unem-para-contar-historias-de-arte-e.jpg\",\"contentUrl\":\"https:\\\/\\\/ubirataonline.com.br\\\/wp-content\\\/uploads\\\/2026\\\/03\\\/Tres-geracoes-se-unem-para-contar-historias-de-arte-e.jpg\",\"width\":1280,\"height\":720,\"caption\":\"Foto: Bene Fran\u00e7a \\\/ divulga\u00e7\u00e3o.\"},{\"@type\":\"BreadcrumbList\",\"@id\":\"https:\\\/\\\/ubirataonline.com.br\\\/tres-geracoes-se-unem-para-contar-historias-de-arte-e-circo\\\/#breadcrumb\",\"itemListElement\":[{\"@type\":\"ListItem\",\"position\":1,\"name\":\"In\u00edcio\",\"item\":\"https:\\\/\\\/ubirataonline.com.br\\\/\"},{\"@type\":\"ListItem\",\"position\":2,\"name\":\"Tr\u00eas gera\u00e7\u00f5es se unem para contar hist\u00f3rias de arte e circo\"}]},{\"@type\":\"WebSite\",\"@id\":\"https:\\\/\\\/ubirataonline.com.br\\\/#website\",\"url\":\"https:\\\/\\\/ubirataonline.com.br\\\/\",\"name\":\"Ubirat\u00e3 Online Not\u00edcias\",\"description\":\"Not\u00edcias de Ubirat\u00e3, regi\u00e3o, Brasil e mundo, com informa\u00e7\u00e3o atualizada e compromisso com o leitor.\",\"publisher\":{\"@id\":\"https:\\\/\\\/ubirataonline.com.br\\\/#organization\"},\"alternateName\":\"Ubirat\u00e3 Online\",\"potentialAction\":[{\"@type\":\"SearchAction\",\"target\":{\"@type\":\"EntryPoint\",\"urlTemplate\":\"https:\\\/\\\/ubirataonline.com.br\\\/?s={search_term_string}\"},\"query-input\":{\"@type\":\"PropertyValueSpecification\",\"valueRequired\":true,\"valueName\":\"search_term_string\"}}],\"inLanguage\":\"en-US\"},{\"@type\":[\"Organization\",\"Place\"],\"@id\":\"https:\\\/\\\/ubirataonline.com.br\\\/#organization\",\"name\":\"Ubirat\u00e3 Online Not\u00edcias\",\"alternateName\":\"Ubirat\u00e3 Online\",\"url\":\"https:\\\/\\\/ubirataonline.com.br\\\/\",\"logo\":{\"@id\":\"https:\\\/\\\/ubirataonline.com.br\\\/tres-geracoes-se-unem-para-contar-historias-de-arte-e-circo\\\/#local-main-organization-logo\"},\"image\":{\"@id\":\"https:\\\/\\\/ubirataonline.com.br\\\/tres-geracoes-se-unem-para-contar-historias-de-arte-e-circo\\\/#local-main-organization-logo\"},\"sameAs\":[\"https:\\\/\\\/www.facebook.com\\\/portalubirataonline\",\"https:\\\/\\\/x.com\\\/ubirataonline\",\"https:\\\/\\\/mastodon.social\\\/@ubirataonline\",\"https:\\\/\\\/www.facebook.com\\\/groups\\\/311144672285604\",\"https:\\\/\\\/www.facebook.com\\\/UBTAOnline\",\"https:\\\/\\\/www.instagram.com\\\/portalubirataonline\\\/\",\"https:\\\/\\\/twitter.com\\\/ubirataonline\"],\"description\":\"Somos um portal de not\u00edcias independente, criado em 5 de janeiro de 2009, com o objetivo de informar, conectar e valorizar a nossa comunidade de Ubirat\u00e3 e toda aregi\u00e3o. Com conte\u00fado atualizado, confi\u00e1vel e relevante, o Ubirat\u00e3 Online \u00e9 o seu espa\u00e7o para ficar por dentro dos principais acontecimentos locais, regionais, Brasil, Mundo e de interesse geral. Nosso compromisso \u00e9 com a verdade, a transpar\u00eancia e o respeito ao leitor.\",\"legalName\":\"UBIRATA ONLINE NOT\u00cdCIAS\",\"foundingDate\":\"2009-01-05\",\"numberOfEmployees\":{\"@type\":\"QuantitativeValue\",\"minValue\":\"1\",\"maxValue\":\"10\"},\"publishingPrinciples\":\"https:\\\/\\\/ubirataonline.com.br\\\/faq\\\/\",\"address\":{\"@id\":\"https:\\\/\\\/ubirataonline.com.br\\\/tres-geracoes-se-unem-para-contar-historias-de-arte-e-circo\\\/#local-main-place-address\"},\"geo\":{\"@type\":\"GeoCoordinates\",\"latitude\":\"-24.5361401\",\"longitude\":\"-52.9921776\"},\"telephone\":[\"+5544998308235\"],\"contactPoint\":{\"@type\":\"ContactPoint\",\"email\":\"contato@ubirataonline.com.br\"},\"openingHoursSpecification\":{\"@type\":\"OpeningHoursSpecification\",\"dayOfWeek\":[\"Monday\",\"Tuesday\",\"Wednesday\",\"Thursday\",\"Friday\",\"Saturday\",\"Sunday\"],\"opens\":\"00:00\",\"closes\":\"23:59\"},\"email\":\"contato@ubirataonline.com.br\",\"vatID\":\"47.621.418\\\/0001-80\"},{\"@type\":\"Person\",\"@id\":\"https:\\\/\\\/ubirataonline.com.br\\\/#\\\/schema\\\/person\\\/372f87bbd3fdd79b8556b84c98d0bc1c\",\"name\":\"REDA\u00c7\u00c3O: UBIRAT\u00c3 ONLINE - F\u00c1BIO AUGUSTO CELESTINO\",\"pronouns\":\"Ele\",\"description\":\"Desde 2003 trabalhando com not\u00edcias.\",\"sameAs\":[\"http:\\\/\\\/ubirataoline.com.br\",\"https:\\\/\\\/www.facebook.com\\\/portalubirataonline\",\"https:\\\/\\\/www.instagram.com\\\/ubirataonline_oficial\",\"https:\\\/\\\/x.com\\\/x.com\\\/ubirataonline\"],\"honorificPrefix\":\"Mr.\",\"honorificSuffix\":\"MD\",\"birthDate\":\"1980-06-16\",\"gender\":\"masculino\",\"award\":[\"V\u00e1rios pr\u00eamios de melhor portal da cidade\"],\"jobTitle\":\"Diretor\",\"url\":\"https:\\\/\\\/ubirataonline.com.br\\\/en\\\/author\\\/ubirataonline\\\/\"},{\"@type\":\"PostalAddress\",\"@id\":\"https:\\\/\\\/ubirataonline.com.br\\\/tres-geracoes-se-unem-para-contar-historias-de-arte-e-circo\\\/#local-main-place-address\",\"streetAddress\":\"Rua dos Coqueiros, 104 - Bairro Boa Vista, Rua dos Coqueiros, 104 Bairro Boa Vista\",\"addressLocality\":\"UBIRATA\",\"postalCode\":\"85440-000\",\"addressRegion\":\"PR\",\"addressCountry\":\"BR\"},{\"@type\":\"ImageObject\",\"inLanguage\":\"en-US\",\"@id\":\"https:\\\/\\\/ubirataonline.com.br\\\/tres-geracoes-se-unem-para-contar-historias-de-arte-e-circo\\\/#local-main-organization-logo\",\"url\":\"https:\\\/\\\/ubirataonline.com.br\\\/wp-content\\\/uploads\\\/2026\\\/06\\\/logoubirataonline-1.webp\",\"contentUrl\":\"https:\\\/\\\/ubirataonline.com.br\\\/wp-content\\\/uploads\\\/2026\\\/06\\\/logoubirataonline-1.webp\",\"width\":500,\"height\":500,\"caption\":\"Ubirat\u00e3 Online Not\u00edcias\"}]}<\/script>\n<meta name=\"geo.placename\" content=\"UBIRATA\" \/>\n<meta name=\"geo.position\" content=\"-24.5361401;-52.9921776\" \/>\n<meta name=\"geo.region\" content=\"Brazil\" \/>\n<!-- \/ Yoast SEO Premium plugin. -->","yoast_head_json":{"title":"Tr\u00eas gera\u00e7\u00f5es se unem para contar hist\u00f3rias de arte e circo - Ubirat\u00e3 Online Not\u00edcias - A realidade ao seu alcance!","description":"O 34\u00ba Festival de Curitiba traz uma atra\u00e7\u00e3o imperd\u00edvel para os amantes da cultura popular brasileira. A companhia Carro\u00e7a de Mamulengos, patrim\u00f4nio vivo","robots":{"index":"index","follow":"follow","max-snippet":"max-snippet:-1","max-image-preview":"max-image-preview:large","max-video-preview":"max-video-preview:-1"},"canonical":"https:\/\/ubirataonline.com.br\/en\/tres-geracoes-se-unem-para-contar-historias-de-arte-e-circo\/","og_locale":"en_US","og_type":"article","og_title":"Tr\u00eas gera\u00e7\u00f5es se unem para contar hist\u00f3rias de arte e circo","og_description":"O 34\u00ba Festival de Curitiba traz uma atra\u00e7\u00e3o imperd\u00edvel para os amantes da cultura popular brasileira. A companhia Carro\u00e7a de Mamulengos, patrim\u00f4nio vivo","og_url":"https:\/\/ubirataonline.com.br\/en\/tres-geracoes-se-unem-para-contar-historias-de-arte-e-circo\/","og_site_name":"Ubirat\u00e3 Online Not\u00edcias - A realidade ao seu alcance!","article_publisher":"https:\/\/www.facebook.com\/portalubirataonline","article_author":"https:\/\/www.facebook.com\/portalubirataonline","article_published_time":"2026-03-11T19:08:30+00:00","article_modified_time":"2026-03-11T19:08:33+00:00","og_image":[{"width":1280,"height":720,"url":"https:\/\/ubirataonline.com.br\/wp-content\/uploads\/2026\/03\/Tres-geracoes-se-unem-para-contar-historias-de-arte-e.jpg","type":"image\/jpeg"}],"author":"REDA\u00c7\u00c3O: UBIRAT\u00c3 ONLINE - F\u00c1BIO AUGUSTO CELESTINO","twitter_card":"summary_large_image","twitter_creator":"@x.com\/ubirataonline","twitter_site":"@ubirataonline","twitter_misc":{"Written by":"REDA\u00c7\u00c3O: UBIRAT\u00c3 ONLINE - F\u00c1BIO AUGUSTO CELESTINO","Est. reading time":"3 minutes"},"schema":{"@context":"https:\/\/schema.org","@graph":[{"@type":"NewsArticle","@id":"https:\/\/ubirataonline.com.br\/tres-geracoes-se-unem-para-contar-historias-de-arte-e-circo\/#article","isPartOf":{"@id":"https:\/\/ubirataonline.com.br\/tres-geracoes-se-unem-para-contar-historias-de-arte-e-circo\/"},"author":{"name":"REDA\u00c7\u00c3O: UBIRAT\u00c3 ONLINE - F\u00c1BIO AUGUSTO CELESTINO","@id":"https:\/\/ubirataonline.com.br\/#\/schema\/person\/372f87bbd3fdd79b8556b84c98d0bc1c"},"headline":"Tr\u00eas gera\u00e7\u00f5es se unem para contar hist\u00f3rias de arte e circo","datePublished":"2026-03-11T19:08:30+00:00","dateModified":"2026-03-11T19:08:33+00:00","mainEntityOfPage":{"@id":"https:\/\/ubirataonline.com.br\/tres-geracoes-se-unem-para-contar-historias-de-arte-e-circo\/"},"wordCount":517,"publisher":{"@id":"https:\/\/ubirataonline.com.br\/#organization"},"image":{"@id":"https:\/\/ubirataonline.com.br\/tres-geracoes-se-unem-para-contar-historias-de-arte-e-circo\/#primaryimage"},"thumbnailUrl":"https:\/\/ubirataonline.com.br\/wp-content\/uploads\/2026\/03\/Tres-geracoes-se-unem-para-contar-historias-de-arte-e.jpg","keywords":["arte","circo","contar","gera\u00e7\u00f5es","hist\u00f3rias","para","Tr\u00eas","unem"],"articleSection":["Ubirat\u00e3"],"inLanguage":"en-US","copyrightYear":"2026","copyrightHolder":{"@id":"https:\/\/ubirataonline.com.br\/en\/#organization"}},{"@type":"WebPage","@id":"https:\/\/ubirataonline.com.br\/tres-geracoes-se-unem-para-contar-historias-de-arte-e-circo\/","url":"https:\/\/ubirataonline.com.br\/tres-geracoes-se-unem-para-contar-historias-de-arte-e-circo\/","name":"Tr\u00eas gera\u00e7\u00f5es se unem para contar hist\u00f3rias de arte e circo - Ubirat\u00e3 Online Not\u00edcias - A realidade ao seu alcance!","isPartOf":{"@id":"https:\/\/ubirataonline.com.br\/#website"},"primaryImageOfPage":{"@id":"https:\/\/ubirataonline.com.br\/tres-geracoes-se-unem-para-contar-historias-de-arte-e-circo\/#primaryimage"},"image":{"@id":"https:\/\/ubirataonline.com.br\/tres-geracoes-se-unem-para-contar-historias-de-arte-e-circo\/#primaryimage"},"thumbnailUrl":"https:\/\/ubirataonline.com.br\/wp-content\/uploads\/2026\/03\/Tres-geracoes-se-unem-para-contar-historias-de-arte-e.jpg","datePublished":"2026-03-11T19:08:30+00:00","dateModified":"2026-03-11T19:08:33+00:00","description":"O 34\u00ba Festival de Curitiba traz uma atra\u00e7\u00e3o imperd\u00edvel para os amantes da cultura popular brasileira. A companhia Carro\u00e7a de Mamulengos, patrim\u00f4nio vivo","breadcrumb":{"@id":"https:\/\/ubirataonline.com.br\/tres-geracoes-se-unem-para-contar-historias-de-arte-e-circo\/#breadcrumb"},"inLanguage":"en-US","potentialAction":[{"@type":"ReadAction","target":["https:\/\/ubirataonline.com.br\/tres-geracoes-se-unem-para-contar-historias-de-arte-e-circo\/"]}]},{"@type":"ImageObject","inLanguage":"en-US","@id":"https:\/\/ubirataonline.com.br\/tres-geracoes-se-unem-para-contar-historias-de-arte-e-circo\/#primaryimage","url":"https:\/\/ubirataonline.com.br\/wp-content\/uploads\/2026\/03\/Tres-geracoes-se-unem-para-contar-historias-de-arte-e.jpg","contentUrl":"https:\/\/ubirataonline.com.br\/wp-content\/uploads\/2026\/03\/Tres-geracoes-se-unem-para-contar-historias-de-arte-e.jpg","width":1280,"height":720,"caption":"Foto: Bene Fran\u00e7a \/ divulga\u00e7\u00e3o."},{"@type":"BreadcrumbList","@id":"https:\/\/ubirataonline.com.br\/tres-geracoes-se-unem-para-contar-historias-de-arte-e-circo\/#breadcrumb","itemListElement":[{"@type":"ListItem","position":1,"name":"In\u00edcio","item":"https:\/\/ubirataonline.com.br\/"},{"@type":"ListItem","position":2,"name":"Tr\u00eas gera\u00e7\u00f5es se unem para contar hist\u00f3rias de arte e circo"}]},{"@type":"WebSite","@id":"https:\/\/ubirataonline.com.br\/#website","url":"https:\/\/ubirataonline.com.br\/","name":"Ubirat\u00e3 Online Not\u00edcias","description":"Not\u00edcias de Ubirat\u00e3, regi\u00e3o, Brasil e mundo, com informa\u00e7\u00e3o atualizada e compromisso com o leitor.","publisher":{"@id":"https:\/\/ubirataonline.com.br\/#organization"},"alternateName":"Ubirat\u00e3 Online","potentialAction":[{"@type":"SearchAction","target":{"@type":"EntryPoint","urlTemplate":"https:\/\/ubirataonline.com.br\/?s={search_term_string}"},"query-input":{"@type":"PropertyValueSpecification","valueRequired":true,"valueName":"search_term_string"}}],"inLanguage":"en-US"},{"@type":["Organization","Place"],"@id":"https:\/\/ubirataonline.com.br\/#organization","name":"Ubirat\u00e3 Online Not\u00edcias","alternateName":"Ubirat\u00e3 Online","url":"https:\/\/ubirataonline.com.br\/","logo":{"@id":"https:\/\/ubirataonline.com.br\/tres-geracoes-se-unem-para-contar-historias-de-arte-e-circo\/#local-main-organization-logo"},"image":{"@id":"https:\/\/ubirataonline.com.br\/tres-geracoes-se-unem-para-contar-historias-de-arte-e-circo\/#local-main-organization-logo"},"sameAs":["https:\/\/www.facebook.com\/portalubirataonline","https:\/\/x.com\/ubirataonline","https:\/\/mastodon.social\/@ubirataonline","https:\/\/www.facebook.com\/groups\/311144672285604","https:\/\/www.facebook.com\/UBTAOnline","https:\/\/www.instagram.com\/portalubirataonline\/","https:\/\/twitter.com\/ubirataonline"],"description":"Somos um portal de not\u00edcias independente, criado em 5 de janeiro de 2009, com o objetivo de informar, conectar e valorizar a nossa comunidade de Ubirat\u00e3 e toda aregi\u00e3o. Com conte\u00fado atualizado, confi\u00e1vel e relevante, o Ubirat\u00e3 Online \u00e9 o seu espa\u00e7o para ficar por dentro dos principais acontecimentos locais, regionais, Brasil, Mundo e de interesse geral. Nosso compromisso \u00e9 com a verdade, a transpar\u00eancia e o respeito ao leitor.","legalName":"UBIRATA ONLINE NOT\u00cdCIAS","foundingDate":"2009-01-05","numberOfEmployees":{"@type":"QuantitativeValue","minValue":"1","maxValue":"10"},"publishingPrinciples":"https:\/\/ubirataonline.com.br\/faq\/","address":{"@id":"https:\/\/ubirataonline.com.br\/tres-geracoes-se-unem-para-contar-historias-de-arte-e-circo\/#local-main-place-address"},"geo":{"@type":"GeoCoordinates","latitude":"-24.5361401","longitude":"-52.9921776"},"telephone":["+5544998308235"],"contactPoint":{"@type":"ContactPoint","email":"contato@ubirataonline.com.br"},"openingHoursSpecification":{"@type":"OpeningHoursSpecification","dayOfWeek":["Monday","Tuesday","Wednesday","Thursday","Friday","Saturday","Sunday"],"opens":"00:00","closes":"23:59"},"email":"contato@ubirataonline.com.br","vatID":"47.621.418\/0001-80"},{"@type":"Person","@id":"https:\/\/ubirataonline.com.br\/#\/schema\/person\/372f87bbd3fdd79b8556b84c98d0bc1c","name":"REDA\u00c7\u00c3O: UBIRAT\u00c3 ONLINE - F\u00c1BIO AUGUSTO CELESTINO","pronouns":"Ele","description":"Desde 2003 trabalhando com not\u00edcias.","sameAs":["http:\/\/ubirataoline.com.br","https:\/\/www.facebook.com\/portalubirataonline","https:\/\/www.instagram.com\/ubirataonline_oficial","https:\/\/x.com\/x.com\/ubirataonline"],"honorificPrefix":"Mr.","honorificSuffix":"MD","birthDate":"1980-06-16","gender":"masculino","award":["V\u00e1rios pr\u00eamios de melhor portal da cidade"],"jobTitle":"Diretor","url":"https:\/\/ubirataonline.com.br\/en\/author\/ubirataonline\/"},{"@type":"PostalAddress","@id":"https:\/\/ubirataonline.com.br\/tres-geracoes-se-unem-para-contar-historias-de-arte-e-circo\/#local-main-place-address","streetAddress":"Rua dos Coqueiros, 104 - Bairro Boa Vista, Rua dos Coqueiros, 104 Bairro Boa Vista","addressLocality":"UBIRATA","postalCode":"85440-000","addressRegion":"PR","addressCountry":"BR"},{"@type":"ImageObject","inLanguage":"en-US","@id":"https:\/\/ubirataonline.com.br\/tres-geracoes-se-unem-para-contar-historias-de-arte-e-circo\/#local-main-organization-logo","url":"https:\/\/ubirataonline.com.br\/wp-content\/uploads\/2026\/06\/logoubirataonline-1.webp","contentUrl":"https:\/\/ubirataonline.com.br\/wp-content\/uploads\/2026\/06\/logoubirataonline-1.webp","width":500,"height":500,"caption":"Ubirat\u00e3 Online Not\u00edcias"}]},"geo.placename":"UBIRATA","geo.position":{"lat":"-24.5361401","long":"-52.9921776"},"geo.region":"Brazil"},"_links":{"self":[{"href":"https:\/\/ubirataonline.com.br\/en\/wp-json\/wp\/v2\/posts\/93803","targetHints":{"allow":["GET"]}}],"collection":[{"href":"https:\/\/ubirataonline.com.br\/en\/wp-json\/wp\/v2\/posts"}],"about":[{"href":"https:\/\/ubirataonline.com.br\/en\/wp-json\/wp\/v2\/types\/post"}],"author":[{"embeddable":true,"href":"https:\/\/ubirataonline.com.br\/en\/wp-json\/wp\/v2\/users\/1"}],"replies":[{"embeddable":true,"href":"https:\/\/ubirataonline.com.br\/en\/wp-json\/wp\/v2\/comments?post=93803"}],"version-history":[{"count":0,"href":"https:\/\/ubirataonline.com.br\/en\/wp-json\/wp\/v2\/posts\/93803\/revisions"}],"wp:featuredmedia":[{"embeddable":true,"href":"https:\/\/ubirataonline.com.br\/en\/wp-json\/wp\/v2\/media\/93804"}],"wp:attachment":[{"href":"https:\/\/ubirataonline.com.br\/en\/wp-json\/wp\/v2\/media?parent=93803"}],"wp:term":[{"taxonomy":"category","embeddable":true,"href":"https:\/\/ubirataonline.com.br\/en\/wp-json\/wp\/v2\/categories?post=93803"},{"taxonomy":"post_tag","embeddable":true,"href":"https:\/\/ubirataonline.com.br\/en\/wp-json\/wp\/v2\/tags?post=93803"}],"curies":[{"name":"wp","href":"https:\/\/api.w.org\/{rel}","templated":true}]}}