{"id":93844,"date":"2026-03-11T19:53:30","date_gmt":"2026-03-11T22:53:30","guid":{"rendered":"https:\/\/ubirataonline.com.br\/justica-determina-medidas-para-garantir-trabalho-digno-no-rock-in-rio\/"},"modified":"2026-03-11T19:53:34","modified_gmt":"2026-03-11T22:53:34","slug":"justica-determina-medidas-para-garantir-trabalho-digno-no-rock-in-rio","status":"publish","type":"post","link":"https:\/\/ubirataonline.com.br\/en\/justica-determina-medidas-para-garantir-trabalho-digno-no-rock-in-rio\/","title":{"rendered":"Justi\u00e7a determina medidas para garantir trabalho digno no Rock in Rio"},"content":{"rendered":"<p><\/p>\n<div id=\"texto\">\n<p><strong>Ap\u00f3s flagrante de trabalho an\u00e1logo ao escravo, a Justi\u00e7a do Trabalho determinou que a Rock World SA, organizadora do Rock in Rio, cumpra imediatamente uma s\u00e9rie de obriga\u00e7\u00f5es trabalhistas para a edi\u00e7\u00e3o do festival em 2026.<\/strong><\/p>\n<p>A decis\u00e3o, em car\u00e1ter de urg\u00eancia, decorre de a\u00e7\u00e3o civil p\u00fablica ajuizada pelo Minist\u00e9rio P\u00fablico do Trabalho no Rio de Janeiro (MPT-RJ) por conta de irregularidades constatadas em fiscaliza\u00e7\u00e3o feita na edi\u00e7\u00e3o de 2024 do festival Rock in Rio.<\/p>\n<p>Conforme divulgado nesta quarta-feira (11) pelo MPT, a decis\u00e3o determina que a Rock World SA\u00a0tome as seguintes medidas em todas as pr\u00f3ximas edi\u00e7\u00f5es do evento:<\/p>\n<p> Exigir a comprova\u00e7\u00e3o do registro em Carteira de Trabalho e Previd\u00eancia Social (CTPS) de todos os terceirizados antes do credenciamento para o evento.<br \/>Implementar controle de jornada e impedir\u00a0jornadas que ultrapassem os limites legais.<br \/>providenciar vesti\u00e1rios separados por sexo, refeit\u00f3rios e alojamentos adequados, al\u00e9m de alimenta\u00e7\u00e3o em condi\u00e7\u00f5es adequadas e \u00e1gua pot\u00e1vel.<br \/>Elaborar e implementar o Programa de Gerenciamento de Riscos.<br \/>Fornecer gratuitamente equipamentos de prote\u00e7\u00e3o individual adequados, e fiscalizar o uso.<\/p>\n<p><strong>Em caso de descumprimento, foi estabelecida multa di\u00e1ria de R$ 50 mil por obriga\u00e7\u00e3o descumprida, al\u00e9m de multa por trabalhador prejudicado.<\/strong><\/p>\n<p>O MPT enfatiza que as mesmas determina\u00e7\u00f5es judiciais valem para a FBC Backstage Eventos Ltda, empresa que contratou os trabalhadores submetidos a trabalho em condi\u00e7\u00f5es an\u00e1logas \u00e0s de escravo no Rock in Rio 2024 e que o MPT considera solidariamente respons\u00e1vel pelas obriga\u00e7\u00f5es e demais pedidos formulados.<\/p>\n<h2>Trabalho an\u00e1logo ao escravo<\/h2>\n<p><strong>Em 2024, uma for\u00e7a-tarefa do MPT-RJ resgatou 14 trabalhadores em condi\u00e7\u00f5es an\u00e1logas \u00e0s de escravo no Rock in Rio 2024. De acordo com a inspe\u00e7\u00e3o, trabalhadores eram submetidos a jornadas exaustivas de at\u00e9 21 horas e condi\u00e7\u00f5es degradantes.<\/strong><\/p>\n<p>Al\u00e9m de impedir que o mesmo crime ocorra em 2026, o MPT tamb\u00e9m pediu\u00a0que as empresas sejam condenadas ao pagamento de indeniza\u00e7\u00e3o por danos morais para as v\u00edtimas, al\u00e9m de indeniza\u00e7\u00e3o por danos morais coletivos. Esses pleitos ainda dever\u00e3o ser apreciados pela Justi\u00e7a.<\/p>\n<p>A nota tamb\u00e9m dizia que\u00a0ao longo de 24 edi\u00e7\u00f5es, 300 mil empregos diretos e indiretos foram criados e milhares de pessoas fora da Cidade do Rock foram beneficiadas por meio dos projetos sociais que o festival apoia.<\/p>\n<p><b>Fonte:<\/b> Ag\u00eancia Brasil<\/p>\n<\/p><\/div>\n<p><a href=\"https:\/\/cgn.inf.br\/noticia\/2059691\/justica-determina-medidas-para-garantir-trabalho-digno-no-rock-in-rio\">Fonte do Artigo <\/a><\/p>","protected":false},"excerpt":{"rendered":"<p>Ap\u00f3s flagrante de trabalho an\u00e1logo ao escravo, a Justi\u00e7a do Trabalho determinou que a Rock World SA, organizadora do Rock in Rio, cumpra imediatamente uma s\u00e9rie de obriga\u00e7\u00f5es trabalhistas para a edi\u00e7\u00e3o do festival em 2026. A decis\u00e3o, em car\u00e1ter de urg\u00eancia, decorre de a\u00e7\u00e3o civil p\u00fablica ajuizada pelo Minist\u00e9rio P\u00fablico do Trabalho no Rio [&hellip;]<\/p>\n","protected":false},"author":1,"featured_media":93845,"comment_status":"closed","ping_status":"","sticky":false,"template":"","format":"standard","meta":{"googlesitekit_rrm_CAow2JLhCw:productID":"","_gspb_post_css":"","maa_idioma":"","maa_pais":"","footnotes":""},"categories":[1],"tags":[6039,22316,6181,3684,9071,2904,2876,8677,7639],"class_list":["post-93844","post","type-post","status-publish","format-standard","has-post-thumbnail","hentry","category-ubirata","tag-determina","tag-digno","tag-garantir","tag-justica","tag-medidas","tag-para","tag-rio","tag-rock","tag-trabalho"],"blocksy_meta":[],"yoast_head":"<!-- This site is optimized with the Yoast SEO Premium plugin v27.6 (Yoast SEO v27.6) - https:\/\/yoast.com\/product\/yoast-seo-premium-wordpress\/ -->\n<title>Justi\u00e7a determina medidas para garantir trabalho digno no Rock in Rio - Ubirat\u00e3 Online Not\u00edcias - A realidade ao seu alcance!<\/title>\n<meta name=\"description\" content=\"Ap\u00f3s flagrante de trabalho an\u00e1logo ao escravo, a Justi\u00e7a do Trabalho determinou que a Rock World SA, organizadora do Rock in Rio, cumpra imediatamente uma\" \/>\n<meta name=\"robots\" content=\"index, follow, max-snippet:-1, max-image-preview:large, max-video-preview:-1\" \/>\n<link rel=\"canonical\" href=\"https:\/\/ubirataonline.com.br\/en\/justica-determina-medidas-para-garantir-trabalho-digno-no-rock-in-rio\/\" \/>\n<meta property=\"og:locale\" content=\"en_US\" \/>\n<meta property=\"og:type\" content=\"article\" \/>\n<meta property=\"og:title\" content=\"Justi\u00e7a determina medidas para garantir trabalho digno no Rock in Rio\" \/>\n<meta property=\"og:description\" content=\"Ap\u00f3s flagrante de trabalho an\u00e1logo ao escravo, a Justi\u00e7a do Trabalho determinou que a Rock World SA, organizadora do Rock in Rio, cumpra imediatamente uma\" \/>\n<meta property=\"og:url\" content=\"https:\/\/ubirataonline.com.br\/en\/justica-determina-medidas-para-garantir-trabalho-digno-no-rock-in-rio\/\" \/>\n<meta property=\"og:site_name\" content=\"Ubirat\u00e3 Online Not\u00edcias - A realidade ao seu alcance!\" \/>\n<meta property=\"article:publisher\" content=\"https:\/\/www.facebook.com\/portalubirataonline\" \/>\n<meta property=\"article:author\" content=\"https:\/\/www.facebook.com\/portalubirataonline\" \/>\n<meta property=\"article:published_time\" content=\"2026-03-11T22:53:30+00:00\" \/>\n<meta property=\"article:modified_time\" content=\"2026-03-11T22:53:34+00:00\" \/>\n<meta property=\"og:image\" content=\"https:\/\/ubirataonline.com.br\/wp-content\/uploads\/2026\/03\/Justica-determina-medidas-para-garantir-trabalho-digno-no-Rock-in.webp.webp\" \/>\n\t<meta property=\"og:image:width\" content=\"1600\" \/>\n\t<meta property=\"og:image:height\" content=\"800\" \/>\n\t<meta property=\"og:image:type\" content=\"image\/webp\" \/>\n<meta name=\"author\" content=\"REDA\u00c7\u00c3O: UBIRAT\u00c3 ONLINE - F\u00c1BIO AUGUSTO CELESTINO\" \/>\n<meta name=\"twitter:card\" content=\"summary_large_image\" \/>\n<meta name=\"twitter:creator\" content=\"@x.com\/ubirataonline\" \/>\n<meta name=\"twitter:site\" content=\"@ubirataonline\" \/>\n<meta name=\"twitter:label1\" content=\"Written by\" \/>\n\t<meta name=\"twitter:data1\" content=\"REDA\u00c7\u00c3O: UBIRAT\u00c3 ONLINE - F\u00c1BIO AUGUSTO CELESTINO\" \/>\n\t<meta name=\"twitter:label2\" content=\"Est. reading time\" \/>\n\t<meta name=\"twitter:data2\" content=\"2 minutes\" \/>\n<script type=\"application\/ld+json\" class=\"yoast-schema-graph\">{\"@context\":\"https:\\\/\\\/schema.org\",\"@graph\":[{\"@type\":\"NewsArticle\",\"@id\":\"https:\\\/\\\/ubirataonline.com.br\\\/justica-determina-medidas-para-garantir-trabalho-digno-no-rock-in-rio\\\/#article\",\"isPartOf\":{\"@id\":\"https:\\\/\\\/ubirataonline.com.br\\\/justica-determina-medidas-para-garantir-trabalho-digno-no-rock-in-rio\\\/\"},\"author\":{\"name\":\"REDA\u00c7\u00c3O: UBIRAT\u00c3 ONLINE - F\u00c1BIO AUGUSTO CELESTINO\",\"@id\":\"https:\\\/\\\/ubirataonline.com.br\\\/#\\\/schema\\\/person\\\/372f87bbd3fdd79b8556b84c98d0bc1c\"},\"headline\":\"Justi\u00e7a determina medidas para garantir trabalho digno no Rock in Rio\",\"datePublished\":\"2026-03-11T22:53:30+00:00\",\"dateModified\":\"2026-03-11T22:53:34+00:00\",\"mainEntityOfPage\":{\"@id\":\"https:\\\/\\\/ubirataonline.com.br\\\/justica-determina-medidas-para-garantir-trabalho-digno-no-rock-in-rio\\\/\"},\"wordCount\":424,\"publisher\":{\"@id\":\"https:\\\/\\\/ubirataonline.com.br\\\/#organization\"},\"image\":{\"@id\":\"https:\\\/\\\/ubirataonline.com.br\\\/justica-determina-medidas-para-garantir-trabalho-digno-no-rock-in-rio\\\/#primaryimage\"},\"thumbnailUrl\":\"https:\\\/\\\/ubirataonline.com.br\\\/wp-content\\\/uploads\\\/2026\\\/03\\\/Justica-determina-medidas-para-garantir-trabalho-digno-no-Rock-in.webp.webp\",\"keywords\":[\"determina\",\"digno\",\"garantir\",\"Justi\u00e7a\",\"medidas\",\"para\",\"Rio\",\"rock\",\"trabalho\"],\"articleSection\":[\"Ubirat\u00e3\"],\"inLanguage\":\"en-US\",\"copyrightYear\":\"2026\",\"copyrightHolder\":{\"@id\":\"https:\\\/\\\/ubirataonline.com.br\\\/en\\\/#organization\"}},{\"@type\":\"WebPage\",\"@id\":\"https:\\\/\\\/ubirataonline.com.br\\\/justica-determina-medidas-para-garantir-trabalho-digno-no-rock-in-rio\\\/\",\"url\":\"https:\\\/\\\/ubirataonline.com.br\\\/justica-determina-medidas-para-garantir-trabalho-digno-no-rock-in-rio\\\/\",\"name\":\"Justi\u00e7a determina medidas para garantir trabalho digno no Rock in Rio - Ubirat\u00e3 Online Not\u00edcias - A realidade ao seu alcance!\",\"isPartOf\":{\"@id\":\"https:\\\/\\\/ubirataonline.com.br\\\/#website\"},\"primaryImageOfPage\":{\"@id\":\"https:\\\/\\\/ubirataonline.com.br\\\/justica-determina-medidas-para-garantir-trabalho-digno-no-rock-in-rio\\\/#primaryimage\"},\"image\":{\"@id\":\"https:\\\/\\\/ubirataonline.com.br\\\/justica-determina-medidas-para-garantir-trabalho-digno-no-rock-in-rio\\\/#primaryimage\"},\"thumbnailUrl\":\"https:\\\/\\\/ubirataonline.com.br\\\/wp-content\\\/uploads\\\/2026\\\/03\\\/Justica-determina-medidas-para-garantir-trabalho-digno-no-Rock-in.webp.webp\",\"datePublished\":\"2026-03-11T22:53:30+00:00\",\"dateModified\":\"2026-03-11T22:53:34+00:00\",\"description\":\"Ap\u00f3s flagrante de trabalho an\u00e1logo ao escravo, a Justi\u00e7a do Trabalho determinou que a Rock World SA, organizadora do Rock in Rio, cumpra imediatamente uma\",\"breadcrumb\":{\"@id\":\"https:\\\/\\\/ubirataonline.com.br\\\/justica-determina-medidas-para-garantir-trabalho-digno-no-rock-in-rio\\\/#breadcrumb\"},\"inLanguage\":\"en-US\",\"potentialAction\":[{\"@type\":\"ReadAction\",\"target\":[\"https:\\\/\\\/ubirataonline.com.br\\\/justica-determina-medidas-para-garantir-trabalho-digno-no-rock-in-rio\\\/\"]}]},{\"@type\":\"ImageObject\",\"inLanguage\":\"en-US\",\"@id\":\"https:\\\/\\\/ubirataonline.com.br\\\/justica-determina-medidas-para-garantir-trabalho-digno-no-rock-in-rio\\\/#primaryimage\",\"url\":\"https:\\\/\\\/ubirataonline.com.br\\\/wp-content\\\/uploads\\\/2026\\\/03\\\/Justica-determina-medidas-para-garantir-trabalho-digno-no-Rock-in.webp.webp\",\"contentUrl\":\"https:\\\/\\\/ubirataonline.com.br\\\/wp-content\\\/uploads\\\/2026\\\/03\\\/Justica-determina-medidas-para-garantir-trabalho-digno-no-Rock-in.webp.webp\",\"width\":1600,\"height\":800,\"caption\":\"\"},{\"@type\":\"BreadcrumbList\",\"@id\":\"https:\\\/\\\/ubirataonline.com.br\\\/justica-determina-medidas-para-garantir-trabalho-digno-no-rock-in-rio\\\/#breadcrumb\",\"itemListElement\":[{\"@type\":\"ListItem\",\"position\":1,\"name\":\"In\u00edcio\",\"item\":\"https:\\\/\\\/ubirataonline.com.br\\\/\"},{\"@type\":\"ListItem\",\"position\":2,\"name\":\"Justi\u00e7a determina medidas para garantir trabalho digno no Rock in Rio\"}]},{\"@type\":\"WebSite\",\"@id\":\"https:\\\/\\\/ubirataonline.com.br\\\/#website\",\"url\":\"https:\\\/\\\/ubirataonline.com.br\\\/\",\"name\":\"Ubirat\u00e3 Online Not\u00edcias\",\"description\":\"Not\u00edcias de Ubirat\u00e3, regi\u00e3o, Brasil e mundo, com informa\u00e7\u00e3o atualizada e compromisso com o leitor.\",\"publisher\":{\"@id\":\"https:\\\/\\\/ubirataonline.com.br\\\/#organization\"},\"alternateName\":\"Ubirat\u00e3 Online\",\"potentialAction\":[{\"@type\":\"SearchAction\",\"target\":{\"@type\":\"EntryPoint\",\"urlTemplate\":\"https:\\\/\\\/ubirataonline.com.br\\\/?s={search_term_string}\"},\"query-input\":{\"@type\":\"PropertyValueSpecification\",\"valueRequired\":true,\"valueName\":\"search_term_string\"}}],\"inLanguage\":\"en-US\"},{\"@type\":[\"Organization\",\"Place\"],\"@id\":\"https:\\\/\\\/ubirataonline.com.br\\\/#organization\",\"name\":\"Ubirat\u00e3 Online Not\u00edcias\",\"alternateName\":\"Ubirat\u00e3 Online\",\"url\":\"https:\\\/\\\/ubirataonline.com.br\\\/\",\"logo\":{\"@id\":\"https:\\\/\\\/ubirataonline.com.br\\\/justica-determina-medidas-para-garantir-trabalho-digno-no-rock-in-rio\\\/#local-main-organization-logo\"},\"image\":{\"@id\":\"https:\\\/\\\/ubirataonline.com.br\\\/justica-determina-medidas-para-garantir-trabalho-digno-no-rock-in-rio\\\/#local-main-organization-logo\"},\"sameAs\":[\"https:\\\/\\\/www.facebook.com\\\/portalubirataonline\",\"https:\\\/\\\/x.com\\\/ubirataonline\",\"https:\\\/\\\/mastodon.social\\\/@ubirataonline\",\"https:\\\/\\\/www.facebook.com\\\/groups\\\/311144672285604\",\"https:\\\/\\\/www.facebook.com\\\/UBTAOnline\",\"https:\\\/\\\/www.instagram.com\\\/portalubirataonline\\\/\",\"https:\\\/\\\/twitter.com\\\/ubirataonline\"],\"description\":\"Somos um portal de not\u00edcias independente, criado em 5 de janeiro de 2009, com o objetivo de informar, conectar e valorizar a nossa comunidade de Ubirat\u00e3 e toda aregi\u00e3o. Com conte\u00fado atualizado, confi\u00e1vel e relevante, o Ubirat\u00e3 Online \u00e9 o seu espa\u00e7o para ficar por dentro dos principais acontecimentos locais, regionais, Brasil, Mundo e de interesse geral. Nosso compromisso \u00e9 com a verdade, a transpar\u00eancia e o respeito ao leitor.\",\"legalName\":\"UBIRATA ONLINE NOT\u00cdCIAS\",\"foundingDate\":\"2009-01-05\",\"numberOfEmployees\":{\"@type\":\"QuantitativeValue\",\"minValue\":\"1\",\"maxValue\":\"10\"},\"publishingPrinciples\":\"https:\\\/\\\/ubirataonline.com.br\\\/faq\\\/\",\"address\":{\"@id\":\"https:\\\/\\\/ubirataonline.com.br\\\/justica-determina-medidas-para-garantir-trabalho-digno-no-rock-in-rio\\\/#local-main-place-address\"},\"geo\":{\"@type\":\"GeoCoordinates\",\"latitude\":\"-24.5361401\",\"longitude\":\"-52.9921776\"},\"telephone\":[\"+5544998308235\"],\"contactPoint\":{\"@type\":\"ContactPoint\",\"email\":\"contato@ubirataonline.com.br\"},\"openingHoursSpecification\":{\"@type\":\"OpeningHoursSpecification\",\"dayOfWeek\":[\"Monday\",\"Tuesday\",\"Wednesday\",\"Thursday\",\"Friday\",\"Saturday\",\"Sunday\"],\"opens\":\"00:00\",\"closes\":\"23:59\"},\"email\":\"contato@ubirataonline.com.br\",\"vatID\":\"47.621.418\\\/0001-80\"},{\"@type\":\"Person\",\"@id\":\"https:\\\/\\\/ubirataonline.com.br\\\/#\\\/schema\\\/person\\\/372f87bbd3fdd79b8556b84c98d0bc1c\",\"name\":\"REDA\u00c7\u00c3O: UBIRAT\u00c3 ONLINE - F\u00c1BIO AUGUSTO CELESTINO\",\"pronouns\":\"Ele\",\"description\":\"Desde 2003 trabalhando com not\u00edcias.\",\"sameAs\":[\"http:\\\/\\\/ubirataoline.com.br\",\"https:\\\/\\\/www.facebook.com\\\/portalubirataonline\",\"https:\\\/\\\/www.instagram.com\\\/ubirataonline_oficial\",\"https:\\\/\\\/x.com\\\/x.com\\\/ubirataonline\"],\"honorificPrefix\":\"Mr.\",\"honorificSuffix\":\"MD\",\"birthDate\":\"1980-06-16\",\"gender\":\"masculino\",\"award\":[\"V\u00e1rios pr\u00eamios de melhor portal da cidade\"],\"jobTitle\":\"Diretor\",\"url\":\"https:\\\/\\\/ubirataonline.com.br\\\/en\\\/author\\\/ubirataonline\\\/\"},{\"@type\":\"PostalAddress\",\"@id\":\"https:\\\/\\\/ubirataonline.com.br\\\/justica-determina-medidas-para-garantir-trabalho-digno-no-rock-in-rio\\\/#local-main-place-address\",\"streetAddress\":\"Rua dos Coqueiros, 104 - Bairro Boa Vista, Rua dos Coqueiros, 104 Bairro Boa Vista\",\"addressLocality\":\"UBIRATA\",\"postalCode\":\"85440-000\",\"addressRegion\":\"PR\",\"addressCountry\":\"BR\"},{\"@type\":\"ImageObject\",\"inLanguage\":\"en-US\",\"@id\":\"https:\\\/\\\/ubirataonline.com.br\\\/justica-determina-medidas-para-garantir-trabalho-digno-no-rock-in-rio\\\/#local-main-organization-logo\",\"url\":\"https:\\\/\\\/ubirataonline.com.br\\\/wp-content\\\/uploads\\\/2026\\\/06\\\/logoubirataonline-1.webp\",\"contentUrl\":\"https:\\\/\\\/ubirataonline.com.br\\\/wp-content\\\/uploads\\\/2026\\\/06\\\/logoubirataonline-1.webp\",\"width\":500,\"height\":500,\"caption\":\"Ubirat\u00e3 Online Not\u00edcias\"}]}<\/script>\n<meta name=\"geo.placename\" content=\"UBIRATA\" \/>\n<meta name=\"geo.position\" content=\"-24.5361401;-52.9921776\" \/>\n<meta name=\"geo.region\" content=\"Brazil\" \/>\n<!-- \/ Yoast SEO Premium plugin. -->","yoast_head_json":{"title":"Justi\u00e7a determina medidas para garantir trabalho digno no Rock in Rio - Ubirat\u00e3 Online Not\u00edcias - A realidade ao seu alcance!","description":"Ap\u00f3s flagrante de trabalho an\u00e1logo ao escravo, a Justi\u00e7a do Trabalho determinou que a Rock World SA, organizadora do Rock in Rio, cumpra imediatamente uma","robots":{"index":"index","follow":"follow","max-snippet":"max-snippet:-1","max-image-preview":"max-image-preview:large","max-video-preview":"max-video-preview:-1"},"canonical":"https:\/\/ubirataonline.com.br\/en\/justica-determina-medidas-para-garantir-trabalho-digno-no-rock-in-rio\/","og_locale":"en_US","og_type":"article","og_title":"Justi\u00e7a determina medidas para garantir trabalho digno no Rock in Rio","og_description":"Ap\u00f3s flagrante de trabalho an\u00e1logo ao escravo, a Justi\u00e7a do Trabalho determinou que a Rock World SA, organizadora do Rock in Rio, cumpra imediatamente uma","og_url":"https:\/\/ubirataonline.com.br\/en\/justica-determina-medidas-para-garantir-trabalho-digno-no-rock-in-rio\/","og_site_name":"Ubirat\u00e3 Online Not\u00edcias - A realidade ao seu alcance!","article_publisher":"https:\/\/www.facebook.com\/portalubirataonline","article_author":"https:\/\/www.facebook.com\/portalubirataonline","article_published_time":"2026-03-11T22:53:30+00:00","article_modified_time":"2026-03-11T22:53:34+00:00","og_image":[{"width":1600,"height":800,"url":"https:\/\/ubirataonline.com.br\/wp-content\/uploads\/2026\/03\/Justica-determina-medidas-para-garantir-trabalho-digno-no-Rock-in.webp.webp","type":"image\/webp"}],"author":"REDA\u00c7\u00c3O: UBIRAT\u00c3 ONLINE - F\u00c1BIO AUGUSTO CELESTINO","twitter_card":"summary_large_image","twitter_creator":"@x.com\/ubirataonline","twitter_site":"@ubirataonline","twitter_misc":{"Written by":"REDA\u00c7\u00c3O: UBIRAT\u00c3 ONLINE - F\u00c1BIO AUGUSTO CELESTINO","Est. reading time":"2 minutes"},"schema":{"@context":"https:\/\/schema.org","@graph":[{"@type":"NewsArticle","@id":"https:\/\/ubirataonline.com.br\/justica-determina-medidas-para-garantir-trabalho-digno-no-rock-in-rio\/#article","isPartOf":{"@id":"https:\/\/ubirataonline.com.br\/justica-determina-medidas-para-garantir-trabalho-digno-no-rock-in-rio\/"},"author":{"name":"REDA\u00c7\u00c3O: UBIRAT\u00c3 ONLINE - F\u00c1BIO AUGUSTO CELESTINO","@id":"https:\/\/ubirataonline.com.br\/#\/schema\/person\/372f87bbd3fdd79b8556b84c98d0bc1c"},"headline":"Justi\u00e7a determina medidas para garantir trabalho digno no Rock in Rio","datePublished":"2026-03-11T22:53:30+00:00","dateModified":"2026-03-11T22:53:34+00:00","mainEntityOfPage":{"@id":"https:\/\/ubirataonline.com.br\/justica-determina-medidas-para-garantir-trabalho-digno-no-rock-in-rio\/"},"wordCount":424,"publisher":{"@id":"https:\/\/ubirataonline.com.br\/#organization"},"image":{"@id":"https:\/\/ubirataonline.com.br\/justica-determina-medidas-para-garantir-trabalho-digno-no-rock-in-rio\/#primaryimage"},"thumbnailUrl":"https:\/\/ubirataonline.com.br\/wp-content\/uploads\/2026\/03\/Justica-determina-medidas-para-garantir-trabalho-digno-no-Rock-in.webp.webp","keywords":["determina","digno","garantir","Justi\u00e7a","medidas","para","Rio","rock","trabalho"],"articleSection":["Ubirat\u00e3"],"inLanguage":"en-US","copyrightYear":"2026","copyrightHolder":{"@id":"https:\/\/ubirataonline.com.br\/en\/#organization"}},{"@type":"WebPage","@id":"https:\/\/ubirataonline.com.br\/justica-determina-medidas-para-garantir-trabalho-digno-no-rock-in-rio\/","url":"https:\/\/ubirataonline.com.br\/justica-determina-medidas-para-garantir-trabalho-digno-no-rock-in-rio\/","name":"Justi\u00e7a determina medidas para garantir trabalho digno no Rock in Rio - Ubirat\u00e3 Online Not\u00edcias - A realidade ao seu alcance!","isPartOf":{"@id":"https:\/\/ubirataonline.com.br\/#website"},"primaryImageOfPage":{"@id":"https:\/\/ubirataonline.com.br\/justica-determina-medidas-para-garantir-trabalho-digno-no-rock-in-rio\/#primaryimage"},"image":{"@id":"https:\/\/ubirataonline.com.br\/justica-determina-medidas-para-garantir-trabalho-digno-no-rock-in-rio\/#primaryimage"},"thumbnailUrl":"https:\/\/ubirataonline.com.br\/wp-content\/uploads\/2026\/03\/Justica-determina-medidas-para-garantir-trabalho-digno-no-Rock-in.webp.webp","datePublished":"2026-03-11T22:53:30+00:00","dateModified":"2026-03-11T22:53:34+00:00","description":"Ap\u00f3s flagrante de trabalho an\u00e1logo ao escravo, a Justi\u00e7a do Trabalho determinou que a Rock World SA, organizadora do Rock in Rio, cumpra imediatamente uma","breadcrumb":{"@id":"https:\/\/ubirataonline.com.br\/justica-determina-medidas-para-garantir-trabalho-digno-no-rock-in-rio\/#breadcrumb"},"inLanguage":"en-US","potentialAction":[{"@type":"ReadAction","target":["https:\/\/ubirataonline.com.br\/justica-determina-medidas-para-garantir-trabalho-digno-no-rock-in-rio\/"]}]},{"@type":"ImageObject","inLanguage":"en-US","@id":"https:\/\/ubirataonline.com.br\/justica-determina-medidas-para-garantir-trabalho-digno-no-rock-in-rio\/#primaryimage","url":"https:\/\/ubirataonline.com.br\/wp-content\/uploads\/2026\/03\/Justica-determina-medidas-para-garantir-trabalho-digno-no-Rock-in.webp.webp","contentUrl":"https:\/\/ubirataonline.com.br\/wp-content\/uploads\/2026\/03\/Justica-determina-medidas-para-garantir-trabalho-digno-no-Rock-in.webp.webp","width":1600,"height":800,"caption":""},{"@type":"BreadcrumbList","@id":"https:\/\/ubirataonline.com.br\/justica-determina-medidas-para-garantir-trabalho-digno-no-rock-in-rio\/#breadcrumb","itemListElement":[{"@type":"ListItem","position":1,"name":"In\u00edcio","item":"https:\/\/ubirataonline.com.br\/"},{"@type":"ListItem","position":2,"name":"Justi\u00e7a determina medidas para garantir trabalho digno no Rock in Rio"}]},{"@type":"WebSite","@id":"https:\/\/ubirataonline.com.br\/#website","url":"https:\/\/ubirataonline.com.br\/","name":"Ubirat\u00e3 Online Not\u00edcias","description":"Not\u00edcias de Ubirat\u00e3, regi\u00e3o, Brasil e mundo, com informa\u00e7\u00e3o atualizada e compromisso com o leitor.","publisher":{"@id":"https:\/\/ubirataonline.com.br\/#organization"},"alternateName":"Ubirat\u00e3 Online","potentialAction":[{"@type":"SearchAction","target":{"@type":"EntryPoint","urlTemplate":"https:\/\/ubirataonline.com.br\/?s={search_term_string}"},"query-input":{"@type":"PropertyValueSpecification","valueRequired":true,"valueName":"search_term_string"}}],"inLanguage":"en-US"},{"@type":["Organization","Place"],"@id":"https:\/\/ubirataonline.com.br\/#organization","name":"Ubirat\u00e3 Online Not\u00edcias","alternateName":"Ubirat\u00e3 Online","url":"https:\/\/ubirataonline.com.br\/","logo":{"@id":"https:\/\/ubirataonline.com.br\/justica-determina-medidas-para-garantir-trabalho-digno-no-rock-in-rio\/#local-main-organization-logo"},"image":{"@id":"https:\/\/ubirataonline.com.br\/justica-determina-medidas-para-garantir-trabalho-digno-no-rock-in-rio\/#local-main-organization-logo"},"sameAs":["https:\/\/www.facebook.com\/portalubirataonline","https:\/\/x.com\/ubirataonline","https:\/\/mastodon.social\/@ubirataonline","https:\/\/www.facebook.com\/groups\/311144672285604","https:\/\/www.facebook.com\/UBTAOnline","https:\/\/www.instagram.com\/portalubirataonline\/","https:\/\/twitter.com\/ubirataonline"],"description":"Somos um portal de not\u00edcias independente, criado em 5 de janeiro de 2009, com o objetivo de informar, conectar e valorizar a nossa comunidade de Ubirat\u00e3 e toda aregi\u00e3o. Com conte\u00fado atualizado, confi\u00e1vel e relevante, o Ubirat\u00e3 Online \u00e9 o seu espa\u00e7o para ficar por dentro dos principais acontecimentos locais, regionais, Brasil, Mundo e de interesse geral. Nosso compromisso \u00e9 com a verdade, a transpar\u00eancia e o respeito ao leitor.","legalName":"UBIRATA ONLINE NOT\u00cdCIAS","foundingDate":"2009-01-05","numberOfEmployees":{"@type":"QuantitativeValue","minValue":"1","maxValue":"10"},"publishingPrinciples":"https:\/\/ubirataonline.com.br\/faq\/","address":{"@id":"https:\/\/ubirataonline.com.br\/justica-determina-medidas-para-garantir-trabalho-digno-no-rock-in-rio\/#local-main-place-address"},"geo":{"@type":"GeoCoordinates","latitude":"-24.5361401","longitude":"-52.9921776"},"telephone":["+5544998308235"],"contactPoint":{"@type":"ContactPoint","email":"contato@ubirataonline.com.br"},"openingHoursSpecification":{"@type":"OpeningHoursSpecification","dayOfWeek":["Monday","Tuesday","Wednesday","Thursday","Friday","Saturday","Sunday"],"opens":"00:00","closes":"23:59"},"email":"contato@ubirataonline.com.br","vatID":"47.621.418\/0001-80"},{"@type":"Person","@id":"https:\/\/ubirataonline.com.br\/#\/schema\/person\/372f87bbd3fdd79b8556b84c98d0bc1c","name":"REDA\u00c7\u00c3O: UBIRAT\u00c3 ONLINE - F\u00c1BIO AUGUSTO CELESTINO","pronouns":"Ele","description":"Desde 2003 trabalhando com not\u00edcias.","sameAs":["http:\/\/ubirataoline.com.br","https:\/\/www.facebook.com\/portalubirataonline","https:\/\/www.instagram.com\/ubirataonline_oficial","https:\/\/x.com\/x.com\/ubirataonline"],"honorificPrefix":"Mr.","honorificSuffix":"MD","birthDate":"1980-06-16","gender":"masculino","award":["V\u00e1rios pr\u00eamios de melhor portal da cidade"],"jobTitle":"Diretor","url":"https:\/\/ubirataonline.com.br\/en\/author\/ubirataonline\/"},{"@type":"PostalAddress","@id":"https:\/\/ubirataonline.com.br\/justica-determina-medidas-para-garantir-trabalho-digno-no-rock-in-rio\/#local-main-place-address","streetAddress":"Rua dos Coqueiros, 104 - Bairro Boa Vista, Rua dos Coqueiros, 104 Bairro Boa Vista","addressLocality":"UBIRATA","postalCode":"85440-000","addressRegion":"PR","addressCountry":"BR"},{"@type":"ImageObject","inLanguage":"en-US","@id":"https:\/\/ubirataonline.com.br\/justica-determina-medidas-para-garantir-trabalho-digno-no-rock-in-rio\/#local-main-organization-logo","url":"https:\/\/ubirataonline.com.br\/wp-content\/uploads\/2026\/06\/logoubirataonline-1.webp","contentUrl":"https:\/\/ubirataonline.com.br\/wp-content\/uploads\/2026\/06\/logoubirataonline-1.webp","width":500,"height":500,"caption":"Ubirat\u00e3 Online Not\u00edcias"}]},"geo.placename":"UBIRATA","geo.position":{"lat":"-24.5361401","long":"-52.9921776"},"geo.region":"Brazil"},"_links":{"self":[{"href":"https:\/\/ubirataonline.com.br\/en\/wp-json\/wp\/v2\/posts\/93844","targetHints":{"allow":["GET"]}}],"collection":[{"href":"https:\/\/ubirataonline.com.br\/en\/wp-json\/wp\/v2\/posts"}],"about":[{"href":"https:\/\/ubirataonline.com.br\/en\/wp-json\/wp\/v2\/types\/post"}],"author":[{"embeddable":true,"href":"https:\/\/ubirataonline.com.br\/en\/wp-json\/wp\/v2\/users\/1"}],"replies":[{"embeddable":true,"href":"https:\/\/ubirataonline.com.br\/en\/wp-json\/wp\/v2\/comments?post=93844"}],"version-history":[{"count":0,"href":"https:\/\/ubirataonline.com.br\/en\/wp-json\/wp\/v2\/posts\/93844\/revisions"}],"wp:featuredmedia":[{"embeddable":true,"href":"https:\/\/ubirataonline.com.br\/en\/wp-json\/wp\/v2\/media\/93845"}],"wp:attachment":[{"href":"https:\/\/ubirataonline.com.br\/en\/wp-json\/wp\/v2\/media?parent=93844"}],"wp:term":[{"taxonomy":"category","embeddable":true,"href":"https:\/\/ubirataonline.com.br\/en\/wp-json\/wp\/v2\/categories?post=93844"},{"taxonomy":"post_tag","embeddable":true,"href":"https:\/\/ubirataonline.com.br\/en\/wp-json\/wp\/v2\/tags?post=93844"}],"curies":[{"name":"wp","href":"https:\/\/api.w.org\/{rel}","templated":true}]}}