{"id":93937,"date":"2026-03-12T04:10:32","date_gmt":"2026-03-12T07:10:32","guid":{"rendered":"https:\/\/ubirataonline.com.br\/no-the-noite-patricia-salvador-recorda-trajetoria-ao-lado-de-silvio-santos\/"},"modified":"2026-03-12T04:10:36","modified_gmt":"2026-03-12T07:10:36","slug":"no-the-noite-patricia-salvador-recorda-trajetoria-ao-lado-de-silvio-santos","status":"publish","type":"post","link":"https:\/\/ubirataonline.com.br\/en\/no-the-noite-patricia-salvador-recorda-trajetoria-ao-lado-de-silvio-santos\/","title":{"rendered":"No The Noite, Patricia Salvador recorda trajet\u00f3ria ao lado de Silvio Santos"},"content":{"rendered":"<p><\/p>\n<div id=\"post-body\">\n<table align=\"center\" cellpadding=\"0\" cellspacing=\"0\" class=\"tr-caption-container\" style=\"margin-left: auto; margin-right: auto;\">\n<tbody>\n<tr>\n<td style=\"text-align: center;\"><a href=\"https:\/\/blogger.googleusercontent.com\/img\/b\/R29vZ2xl\/AVvXsEiGFi5KUi85FIt-m774U4VcnPiq_tYDu0mdO9eaFCnMSpBSFOmY0G4O04SrwX2EzX-r1qRnSXk2-V3g35AUa6WUGrGIuZ5KDFkto8BScFwB4rKPdqQ1lEpMh9Wr71UXCp87KQAHiguuyCGVUBzV0C0SwEsvDeZNcCE59NZgueHAMxm5qDO41-qM4-W_eXiL\/s2738\/020226_Patricia%20Salvador_Foto%20Lourival%20Ribeiro_SBT%20(9).jpg\" imageanchor=\"1\" style=\"margin-left: auto; margin-right: auto;\"><\/a><\/td>\n<\/tr>\n<tr>\n<td class=\"tr-caption\" style=\"text-align: center;\">Foto:\u00a0Lourival Ribeiro\/SBT<\/td>\n<\/tr>\n<\/tbody>\n<\/table>\n<p>O &#8221;<b>The Noite<\/b>&#8221; desta quarta-feira (11) recebe Patricia Salvador, atriz e apresentadora que marcou \u00e9poca no SBT e trabalhou ao lado de Silvio Santos por quase duas d\u00e9cadas. Conhecida do p\u00fablico por participa\u00e7\u00f5es em atra\u00e7\u00f5es como &#8221;Roda a Roda&#8221;, &#8221;Qual \u00e9 a M\u00fasica&#8221; e &#8221;Fantasia&#8221;, ela conversa com Danilo Gentili sobre os bastidores da televis\u00e3o e relembra momentos marcantes de sua trajet\u00f3ria na emissora.<\/p>\n<p>Durante a entrevista, Patricia fala com carinho da conviv\u00eancia com Silvio Santos e da gratid\u00e3o pelas oportunidades que recebeu ao longo da carreira.\u00a0<\/p>\n<p>&#8221;Ah, eu tenho saudade, eu tenho muita gratid\u00e3o por tudo que eu vivi aqui, por todas as oportunidades que o Silvio me dava.&#8221;<\/p>\n<p>Ela tamb\u00e9m conta como come\u00e7ou a trabalhar diretamente com o apresentador. Na \u00e9poca, Patricia participava do programa &#8221;Fantasia&#8221;, mas inicialmente nem chegou a ser selecionada para o teste de assistente de palco. A insist\u00eancia da m\u00e3e acabou mudando o rumo da hist\u00f3ria.\u00a0<\/p>\n<p>&#8221;Eu era assistente de palco, n\u00e9, eu trabalhava no Fantasia. Escolheram algumas meninas para fazer um teste para trabalhar com o Silvio, s\u00f3 que n\u00e3o me escolheram. Mas minha m\u00e3e insistiu com a produ\u00e7\u00e3o e me deixaram fazer o teste. No fim, o Silvio que me escolheu.&#8221;<\/p>\n<p>A decis\u00e3o deu in\u00edcio a uma parceria que durou 17 anos. Questionada sobre o motivo de ter sido escolhida entre tantas candidatas, Patricia responde com simplicidade.\u00a0<\/p>\n<p>&#8221;Fiquei 17 anos trabalhando com ele. Eu n\u00e3o sei o porqu\u00ea. Tinham v\u00e1rias meninas maravilhosas, lindas, super desinibidas. Acho que ele foi com a minha cara.&#8221;<\/p>\n<p>A conversa ainda rende uma hist\u00f3ria inusitada envolvendo as grava\u00e7\u00f5es de &#8221;Esmeralda&#8221; e &#8221;Qual \u00e9 a M\u00fasica&#8221;. Como as grava\u00e7\u00f5es coincidiam, Silvio determinou que a prioridade seria seu programa, mas resolveu a situa\u00e7\u00e3o de forma surpreendente:\u00a0<\/p>\n<p>&#8221;Quando terminou a grava\u00e7\u00e3o, me avisaram que eu tinha que ir direto para o heliponto. O Silvio tinha disponibilizado um helic\u00f3ptero para eu conseguir gravar o \u00faltimo cap\u00edtulo da novela em Bragan\u00e7a Paulista. Fiquei feliz e tensa ao mesmo tempo, porque eu odeio voar.&#8221;<\/p>\n<p>Patricia tamb\u00e9m relembra o dia em que foi surpreendida por Silvio Santos ao ser convidada de \u00faltima hora para apresentar o programa de Adriane Galisteu.\u00a0<\/p>\n<p>&#8221;Ele me chamou no camarim e falou: &#8216;Voc\u00ea vai para o Est\u00fadio 2 apresentar o programa da Adriana Galisteu\u2019. Eu fiquei em choque. Ele perguntou se eu estava com medo e eu falei: &#8216;Quero, n\u00e9?&#8217; Fui com medo mesmo.&#8221;<\/p>\n<p>&#8221;<b>The Noite<\/b>&#8221; \u00e9 apresentado por Danilo Gentili e vai ao ar nesta quarta-feira, \u00e0s 00h (de Bras\u00edlia).<\/p>\n<\/div>\n<p><script type=\"text\/javascript\">\n\/\/<![CDATA[\nfunction getAttr(e,t,a){var s=e.split(\"$\"),o=\/([^{}]+(?=}))\/g;for(let e=0;e<s.length;e++){var r=s[e].split(\"=\");if(r[0].trim()==t)return null!=(a=r[1]).match(o)&#038;&#038;String(a.match(o)).trim()}return!1}function darkModeLogo(e){$(\"[data-dark-src]\").each((function(){var t=$(this),a=t.data(\"dark-src\"),s=t.data(\"src\");\"true\"==e?t.attr(\"src\",a):t.attr(\"src\",s)}))}function caEmpty(){var e=$(\"#custom-ads\");!e.find(\".widget\").length&#038;&#038;e.remove()}function mGadget(e,t,a,s,o){$(e).each((function(){var e=$(this),r=e.parent();1!=a?e.length&#038;&#038;$(t).appendTo(e):(e.length&#038;&#038;e.appendTo($(t)),1==s&#038;&#038;r.remove(),1==o&#038;&#038;caEmpty())}))}function msgError(){return'<span class=\"error-msg\"><b>Error:<\/b>&nbsp;'+pbt.noResults+\"<\/span>\"}function beforeLoader(){return'\n\n<div class=\"loader\">\n\n<div><\/div>\n\n\n\n<div><\/div>\n\n\n\n<div><\/div>\n\n\n\n<div><\/div>\n\n<\/div>\n\n'}function getFeedUrl(e,t,a,s){if(\"recent\"===a)s=\"\/feeds\/posts\/default?alt=json&max-results=\"+t;else s=\"comments\"!=e?\"\/feeds\/posts\/default\/-\/\"+a+\"?alt=json&max-results=\"+t:\"\/feeds\/comments\/default?alt=json&max-results=\"+t;return s}function getPostID(e,t,a){return a=(a=e[t].id.$t)?a.split(\"-\").pop():\"\"}function getPostLink(e,t){for(var a=0;a<e[t].link.length;a++)if(\"alternate\"==e[t].link[a].rel){var s=e[t].link[a].href;break}return s}function getPostTitle(e,t,a){return e[t].title.$t?e[t].title.$t:pbt.noTitle}function getPostAuthor(e,t,a,s){return\"\"!=pbt.postAuthorLabel?'<span class=\"sp\">'+pbt.postAuthorLabel+\"<\/span>\":\"\",pbt.postAuthor?'<span class=\"entry-author mi\"><span class=\"author-name\">'+e[t].author[0].name.$t+\"<\/span><\/span>\":\"\"}function getPostDate(e,t,a,s,o,r){monthNames=\"undefined\"!=typeof monthNames?monthNames:[\"January\",\"February\",\"March\",\"April\",\"May\",\"June\",\"July\",\"August\",\"September\",\"October\",\"November\",\"December\"],dateFormat=\"undefined\"!=typeof dateFormat?dateFormat:\"{m} {d}, {y}\";var n=e[t].published.$t,i=n.substring(0,4),c=n.substring(5,7),l=n.substring(8,10),d=dateFormat.replace(\"{m}\",monthNames[parseInt(c,10)-1]).replace(\"{d}\",l).replace(\"{y}\",i);return r=pbt.postAuthor&&\"\"!=pbt.postDateLabel?'<span class=\"sp\">'+pbt.postDateLabel+\"<\/span>\":\"\",[1==pbt.postDate?'<span class=\"entry-time mi\">'+r+'<time class=\"published\" datetime=\"'+n+'\">'+d+\"<\/time><\/span>\":\"\",1==pbt.postDate?'<span class=\"entry-time\"><time class=\"published\" datetime=\"'+n+'\">'+d+\"<\/time><\/span>\":\"\"]}function getPostMeta(e,t,a,s,o){return[1==pbt.postAuthor||1==pbt.postDate?'\n\n<div class=\"entry-meta\">'+e+t[0]+\"<\/div>\n\n\":\"\",1==pbt.postDate?'\n\n<div class=\"entry-meta\">'+t[1]+\"<\/div>\n\n\":\"\"]}function getFirstImage(e){(e=$(\"\n\n<div\/>\").html(e)).find(\"noscript\").each((function(){$(this).replaceWith($(this).html())}));var t=e.find(\"img\").first().attr(\"src\"),a=t.split(\"https:\/\/www.ouniversodatv.com\/\"),s=\"https:\/\/www.ouniversodatv.com\/\"+a.slice(-2)[0];return 9==a.length&&(s.match(\/\/s[0-9]+\/g)||s.match(\/\/w[0-9]+\/g)||\"\/d\"==s)&&(t=t.replace(s,\"\/w72-h72-p-k-no-nu\")),t}function getYouTubeImage(e){var t=(e=$(\"\n\n<div\/>\").html(e)).find(\"iframe\").attr(\"src\").split(\"https:\/\/www.ouniversodatv.com\/\").pop(),a=t.split(\"?\");return\"\/\/i.ytimg.com\/vi\/\"+(a.length>1?a[0]:t)+\"\/mqdefault.jpg\"}function getPostImage(e,t,a,s){var o=e[t].content?e[t].content.$t:\"\";return a=e[t].media$thumbnail?e[t].media$thumbnail.url:\"\/\/resources.blogblog.com\/img\/blank.gif\",o.indexOf(o.match(\/<iframe(?:.+)?src=(?:.+)?(?:www.youtube.com)\/g))>-1?o.indexOf(\"<img\")>-1?o.indexOf(o.match(\/<iframe(?:.+)?src=(?:.+)?(?:www.youtube.com)\/g))<o.indexOf(\"<img\")?a.match(\"blank.gif\")?getYouTubeImage(o):a.replace(\"img.youtube.com\",\"i.ytimg.com\").replace(\"\/default.\",\"\/mqdefault.\"):getFirstImage(o):a.match(\"blank.gif\")?getYouTubeImage(o):a.replace(\"img.youtube.com\",\"i.ytimg.com\").replace(\"\/default.\",\"\/mqdefault.\"):o.indexOf(\"<img\")>-1?getFirstImage(o):\"\/\/resources.blogblog.com\/img\/blank.gif\"}function getPostImageType(e,t){return e.match(\"i.ytimg.com\")?\" is-ytimg\":\"\"}function getPostTag(e,t,a,s){return a=e[t].category?'<span class=\"entry-tag\">'+e[t].category[0].term+\"<\/span>\":\"\",1==pbt.entryTag?a:\"\"}function getPostComments(e,t,a,s,o){var r=e[t].author[0].name.$t,n=e[t].author[0].gd$image.src.replace(\"\/s113\",\"\/s72-c\").replace(\"\/s220\",\"\/s72-c\");return n.match(\"img1.blogblog.com\")&&(n=\"\/\/blogger.googleusercontent.com\/img\/a\/AVvXsEiRvmPVoUmnTbeJT2xBcXZhgq5tu_H9FBMMHfuuCNSN7Qr-h5aoP4IBLhDcA-lHcpmgFe7lGYSAwtiDwZnDI7diz58th6kgDUGkDhpVLv5YwzHXzElujiYunGHlMbr5g34cxd07h9WsPmS2ScvOWnjAo6dMp0oCvrCwKney-Wbfk2RBMWUk-PnBW3AAew=w72-h72-p-k-no-nu\"),'\n\n<div class=\"cmm1-item item-'+t+'\"><a class=\"entry-inner\" href=\"'+a+'\" title=\"'+r+'\"><span class=\"entry-thumbnail cmm-avatar\"><span class=\"thumbnail\" data-src=\"'+n+'\"><\/span><\/span>\n\n<div class=\"entry-header\">\n\n<h2 class=\"entry-title cmm-title\">'+r+'<\/h2>\n\n\n\n<p class=\"cmm-snippet excerpt\">'+s+\"<\/p>\n\n<\/div>\n\n<\/a><\/div>\n\n\"}function getPostContent(e,t,a,s){var o=\"\",r=(t.length,getPostLink(t,a)),n=getPostTitle(t,a),i=getPostAuthor(t,a),c=getPostDate(t,a),l=getPostImage(t,a),d=getPostImageType(l,a),m=getPostMeta(i,c);getPostTag(t,a);switch(e){case\"mega\":o+='\n\n<div class=\"post item-'+a+'\"><a title=\"'+n+'\" class=\"entry-thumbnail sz-3'+d+'\" href=\"'+r+'\"><span class=\"thumbnail\" data-src=\"'+l+'\"><\/span><\/a>\n\n<div class=\"entry-header\">\n\n<h2 class=\"entry-title\"><a href=\"'+r+'\" title=\"'+n+'\">'+n+\"<\/a><\/h2>\n\n\"+m[1]+\"<\/div>\n\n<\/div>\n\n\";break;case\"side\":o+='\n\n<div class=\"post item-'+a+'\"><a title=\"'+n+'\" class=\"entry-thumbnail sz-4'+d+'\" href=\"'+r+'\"><span class=\"thumbnail\" data-src=\"'+l+'\"><\/span><\/a>\n\n<div class=\"entry-header\">\n\n<h2 class=\"entry-title\"><a href=\"'+r+'\" title=\"'+n+'\">'+n+\"<\/a><\/h2>\n\n\"+m[1]+\"<\/div>\n\n<\/div>\n\n\";break;case\"related\":a!=s-1&&(o+='\n\n<div class=\"post item-'+a+'\"><a title=\"'+n+'\" class=\"entry-thumbnail sz-3'+d+'\" href=\"'+r+'\"><span class=\"thumbnail\" data-src=\"'+l+'\"><\/span><\/a>\n\n<div class=\"entry-header\">\n\n<h2 class=\"entry-title\"><a href=\"'+r+'\" title=\"'+n+'\">'+n+\"<\/a><\/h2>\n\n\"+m[1]+\"<\/div>\n\n<\/div>\n\n\");break;case\"comments\":o+=getPostComments(t,a,r,n)}return o}function getRecentPostsData(e,t,a){return $.ajax({url:getFeedUrl(e,t,\"recent\"),type:\"GET\",async:!1,dataType:\"json\",cache:!0,success:function(e){return e}}).responseJSON}function getPosts(e,t,a,s,o){s=0!=s?s:\"unlabeled\",$.ajax({url:getFeedUrl(t,a,s),type:\"GET\",async:!0,dataType:\"json\",cache:!0,beforeSend:function(a){switch(t){case\"mega\":e.append('\n\n<div class=\"ul on-load\">'+beforeLoader()+\"<\/div>\n\n\").addClass(\"loaded\");break;case\"side\":case\"comments\":case\"related\":e.html(beforeLoader()).parent().addClass(\"type-\"+t)}},success:function(r){var n=\"\";switch(t){case\"mega\":n='\n\n<div class=\"ul mega-items\">';break;case\"side\":n='\n\n<div class=\"side-items\">';break;case\"comments\":n='\n\n<div class=\"cmm1-items\">';break;case\"related\":n='\n\n<div class=\"related-items\">'}var i=r.feed.entry;if(i){if(\"related\"==t){1==i.length&&\"recent\"!=s&&(i=(r=getRecentPostsData(t,a)).feed.entry);for(let e=0;e<i.length;e++)if(1!=i.length&#038;&#038;getPostID(i,e)==o){i.splice(e,1);break}}for(let e=0,s=i;e<s.length;e++)n+=getPostContent(t,s,e,a)}else var c=!0;if(\"mega\"===t)n+=\"<\/div>\n\n\",n=c?'\n\n<div class=\"ul no-items\">'+msgError()+\"<\/div>\n\n\":n,e.addClass(t).find(\".ul\").replaceWith(n);else n+=\"<\/div>\n\n\",n=c?msgError():n,e.html(n);if(\"mega\"===t)e.find(\"span.thumbnail\").pbtLazy({onScroll:!1});else e.find(\"span.thumbnail\").pbtLazy()},error:function(){if(\"mega\"===t)e.find(\".ul\").replaceWith('\n\n<div class=\"ul no-items\">'+msgError()+\"<\/div>\n\n\");else e.html(msgError())}})}function getMega(e,t,a,s){\"mega\"==t?getPosts(e,t,a,s):e.append('\n\n<div class=\"ul no-items\">'+msgError()+\"<\/div>\n\n\").addClass(\"loaded\")}function getWidget(e,t,a,s,o){o.match(\"getposts\")&&(\"side\"==t||\"comments\"==t?getPosts(e,t,a,s):e.html(msgError()))}function getRelated(e,t,a,s,o){\"related\"==t?getPosts(e,t,a,s,o):e.html(msgError())}function pbtFixedSidebar(e){$(e).each((function(e,t){1==pbt.fixedSidebar&&(35,t=1==pbt.fixedMenu?$(\".header-inner\").height()+35:35,$(this).theiaStickySidebar({containerSelector:\"#content-wrapper > .container\",additionalMarginTop:t,additionalMarginBottom:35}))}))}function disqusComments(e){var t=document.createElement(\"script\");t.type=\"text\/javascript\",t.async=!0,t.src=\"https:\/\/\"+e+\".disqus.com\/blogger_item.js\",document.getElementsByTagName(\"head\")[0].appendChild(t)}function beautiAvatar(e){$(e).attr(\"src\",(function(e,t,a){return a=\"\/\/blogger.googleusercontent.com\/img\/a\/AVvXsEiRvmPVoUmnTbeJT2xBcXZhgq5tu_H9FBMMHfuuCNSN7Qr-h5aoP4IBLhDcA-lHcpmgFe7lGYSAwtiDwZnDI7diz58th6kgDUGkDhpVLv5YwzHXzElujiYunGHlMbr5g34cxd07h9WsPmS2ScvOWnjAo6dMp0oCvrCwKney-Wbfk2RBMWUk-PnBW3AAew=s35\",t=(t=(t=t.replace(\"\/\/resources.blogblog.com\/img\/blank.gif\",a)).replace(\"\/\/lh3.googleusercontent.com\/zFdxGE77vvD2w5xHy6jkVuElKv-U9_9qLkRYK8OnbDeJPtjSZ82UPq5w6hJ-SA=s35\",a)).replace(\"\/s35\",\"\/s39-rw\").replace(\"=s35\",\"=s39-rw\")}))}viewAllText=\"undefined\"!=typeof viewAllText?viewAllText:pbt.viewAll,$(\"#casper-pro-main-menu\").pbtMenu(),$(\"html\").each((function(){var e=$(this),t=localStorage.darkMode;1!=pbt.darkMode&&0!=pbt.userDarkMode&&(\"true\"==t&&(e.addClass(\"is-dark\"),darkModeLogo(t)),$(\".darkmode-toggle\").click((function(){$btn=$(this),$btn.hasClass(\"dark-on\")?$btn.removeClass(\"dark-on\").addClass(\"dark-off\"):$btn.removeClass(\"dark-off\").addClass(\"dark-on\"),e.toggleClass(\"is-dark\"),t=\"true\"!=t?\"true\":\"false\",localStorage.darkMode=t,darkModeLogo(t)})))})),$(\".dark-logo\").each((function(){1==pbt.darkMode&&darkModeLogo(\"true\")})),$(\".main-search\").each((function(){var e=$(this),t=$(window),a=$(\".header-items\");$(\".show-search\").click((function(){$(\"body\").addClass(\"search-active\"),e.fadeIn(170).css(\"display\",\"flex\").find(\"input\").focus()})),$(\".search-close\").click((function(){$(\"body\").removeClass(\"search-active\"),e.fadeOut(170).find(\"input\").blur().val(\"\")})),t.on(\"load resize\",(function(e,s){t.width()>980?(e=a.outerWidth(),s=$(\"#main-logo\").outerWidth(),a.attr(\"style\",\"--search-width:\"+(e-(s+28))+\"px\")):a.attr(\"style\",\"--search-width:100%\")}))})),$(\".blog1-title a.title-link\").each((function(){\"\"!=viewAllText.trim()&&$(this).html(viewAllText)})),$(\".social-icons a\").each((function(e){var t=$(this),a=t.attr(\"href\").split(\"#\"),s=t.data(\"text\");a[1]&&1==s&&\"\"!=(e=a[1].trim())&&t.append('<span class=\"text\">'+e+\"<\/span>\"),t.attr(\"href\",a[0].trim())})),$(\".MailChimp .widget-content\").each((function(e,t){var a=$(this),s=a.data(\"shortcode\");s&&(e=getAttr(s,\"title\"),t=getAttr(s,\"text\"),0!=e&&a.find(\".mailchimp-title\").html(e),0!=t&&a.find(\".mailchimp-text\").html(t))})),$(\".post-body a\").each((function(){var e=$(this),t=e.text(),a=t.toLowerCase(),s=getAttr(t,\"text\");a.match(\"getbutton\")&&0!=s&&(e.replaceText(\/([^{}]+(?=}))\/g,\"<em>$1<\/em>\"),e.find(\"em\").replaceText(\"$\",\"%s\"),e.each((function(){var e=$(this),t=e.text(),a=getAttr(t,\"text\"),s=getAttr(t,\"icon\"),o=getAttr(t,\"color\"),r=getAttr(t,\"size\"),n=getAttr(t,\"info\"),i=e.parent().attr(\"style\");e.addClass(0!=r?\"button btn x2\":\"button btn\").text(a.replace(\"%s\",\"$\")),i&&i.match(\"center\")&&e.addClass(\"is-c\"),0!=n?(e.addClass(0!=s?\"x2 \"+s:\"x2\"),e.append('<span class=\"btn-info\">'+n.replace(\"%s\",\"$\")+\"<\/span>\")):0!=s&&e.addClass(s),0!=o&&e.addClass(\"color\").attr(\"style\",\"background:\"+o+\";\")})))})),$(\".post-body b\").each((function(){var e=$(this),t=e.text(),a=t.toLowerCase().trim();a.match(\/(?:$ads={1})\/g)&&e.replaceWith('\n\n<div id=\"casper-pro-new-before-ad\"\/>'),a.match(\/(?:$ads={2})\/g)&&e.replaceWith('\n\n<div id=\"casper-pro-new-after-ad\"\/>'),a.match(\"{gettoc}\")&&(t=0!=(t=getAttr(t,\"title\"))?t:\"Table of Contents\",e.replaceWith('\n\n<div class=\"pbt-toc-wrap\">\n\n<div class=\"pbt-toc-inner\"><button class=\"pbt-toc-title\" aria-label=\"'+t+'\"><span class=\"pbt-toc-title-text\">'+t+'<\/span><\/button>\n\n<ol id=\"pbt-toc\"><\/ol>\n\n<\/div>\n\n<\/div>\n\n'),$(\".pbt-toc-title\").click((function(){$(this).toggleClass(\"is-expanded\"),$(\"#pbt-toc\").slideToggle(170)})),$(\"#pbt-toc\").toc({content:\"#post-body\",headings:\"h2,h3,h4\"}),$(\"#pbt-toc li a\").each((function(){var e=$(this);e.click((function(t){return t.preventDefault(),$(\"html,body\").animate({scrollTop:$(e.attr(\"href\")).offset().top-20},500),!1}))}))),a.match(\"{contactform}\")&&(e.replaceWith('\n\n<div class=\"contact-form-widget\"\/>'),$(\"#post-body .contact-form-widget\").append($(\"#ContactForm1 .contact-form-form\"))),a.match(\"{leftsidebar}\")&&($(\"body\").addClass(\"is-left\"),e.remove()),a.match(\"{rightsidebar}\")&&($(\"body\").addClass(\"is-right\").removeClass(\"is-left\"),e.remove()),a.match(\"{fullwidth}\")&&($(\"body\").addClass(\"no-sidebar\"),e.remove())})),mGadget(\"#casper-pro-new-before-ad\",\"#before-ad\",0),mGadget(\"#casper-pro-new-after-ad\",\"#after-ad\",0),mGadget(\"#casper-pro-main-before-ad .widget\",\"#before-ad\",1,1,1),mGadget(\"#casper-pro-main-after-ad .widget\",\"#after-ad\",1,1,1),mGadget(\"#casper-pro-post-footer-ads .widget\",\"#post-footer-ads\",1,1,0),$(\".post-body blockquote\").each((function(){var e=$(this),t=e.text().toLowerCase().trim(),a=e.html();if(t.match(\"{alertsuccess}\")){var s=a.replace(\"{alertSuccess}\",\"\");e.replaceWith('\n\n<div class=\"alert-message alert-success\">'+s+\"<\/div>\n\n\")}if(t.match(\"{alertinfo}\")){s=a.replace(\"{alertInfo}\",\"\");e.replaceWith('\n\n<div class=\"alert-message alert-info\">'+s+\"<\/div>\n\n\")}if(t.match(\"{alertwarning}\")){s=a.replace(\"{alertWarning}\",\"\");e.replaceWith('\n\n<div class=\"alert-message alert-warning\">'+s+\"<\/div>\n\n\")}if(t.match(\"{alerterror}\")){s=a.replace(\"{alertError}\",\"\");e.replaceWith('\n\n<div class=\"alert-message alert-error\">'+s+\"<\/div>\n\n\")}if(t.match(\"{codebox}\")){s=a.replace(\"{codeBox}\",\"\");e.replaceWith('\n\n<pre class=\"code-box\">'+s+\"<\/pre>\n\n\")}})),$(\".pbt-wo\").click((function(e){e.preventDefault();var t=$(this),a=t.attr(\"href\"),s=t.data(\"width\"),o=t.data(\"height\");window.open(a,\"_blank\",\"scrollbars=yes,resizable=yes,toolbar=0,width=\"+s+\",height=\"+o+\",top=50,left=50\").focus()})),$(\".post-share .show-more .btn, .share-toggle, .hide-modal, #share-overlay\").click((function(e){$(\"body\").toggleClass(\"share-active\")})),$(\".copy-link\").each((function(e,t,a){e=$(this),(t=e.children(\"input\")).click((function(){this.select()})),e.children(\"button\").click((function(){t.select(),document.execCommand(\"copy\"),e.removeClass(\"copied-off\").addClass(\"copied\"),setTimeout((function(){e.removeClass(\"copied\").addClass(\"copied-off\")}),3e3)}))})),$(\".about-author .author-text\").each((function(){var e=$(this),t=e.find(\"a\");t.length&&(t.each((function(){var e=$(this),t=e.text().trim(),a=e.attr(\"href\");e.replaceWith('\n\n<li class=\"'+t+'\"><a class=\"fa-'+t+'\" href=\"'+a+'\" title=\"'+t+'\" rel=\"nofollow noopener\" target=\"_blank\"\/><\/li>\n\n')})),e.parent().append('\n\n<ul class=\"author-links social color\"><\/ul>\n\n'),e.find(\"li\").appendTo(e.parent().find(\".author-links\")))})),$(\".main-nav li.mega-menu\").each((function(e,t){var a=$(this),s=a.find(\"a\").data(\"shortcode\");a.attr(\"id\");s?((e=getAttr(s,\"label\"))&&(url=\"recent\"==e?\"\/search\":\"\/search\/label\/\"+e,a.children(\"a\").attr(\"href\",url)),a.mouseenter((function(){a.hasClass(\"loaded\")||getMega(a,\"mega\",5,e)}))):a.append('\n\n<div class=\"ul no-items\">'+msgError()+\"<\/div>\n\n\").addClass(\"loaded\")})),$(\".pbt-s .HTML .widget-content\").each((function(e,t,a,s){var o=$(this),r=$(window),n=o.data(\"shortcode\");n&&(e=n.toLowerCase(),t=getAttr(n,\"results\"),a=getAttr(n,\"label\"),s=0!=(s=getAttr(n,\"type\"))&&\"posts\"!=s?s:\"side\",r.on(\"load resize scroll\",(function n(){r.scrollTop()+r.height()>=o.offset().top&&(r.off(\"load resize scroll\",n),getWidget(o,s,t,a,e))})).trigger(\"scroll\"))})),$(\"#casper-pro-related-posts .HTML\").each((function(e,t){var a=$(this).data(\"shortcode\");if(a){function s(){return e=getAttr(a,\"results\"),t=getAttr(a,\"label\"),[e,t]}$(\"#related-wrap\").each((function(e,t,a){var o=$(this),r=o.find(\".related-tag\"),n=$(window),i=o.find(\".related-content\"),c=s();e=0!=c[0]?Number(c[0])+1:4,t=0!=c[1]?c[1]:r.data(\"label\"),a=r.data(\"id\"),n.on(\"load resize scroll\",(function s(){n.scrollTop()+n.height()>=i.offset().top&&(n.off(\"load resize scroll\",s),getRelated(i,\"related\",e,t,a),$(\"#casper-pro-related-posts\").remove())})).trigger(\"scroll\")}))}})),$(\".casper-pro-blog-post-comments\").each((function(){var e=$(this),t=e.data(\"shortcode\"),a=getAttr(t,\"type\"),s=\"comments-system-\"+a;switch(a){case\"disqus\":var o=getAttr(t,\"shortname\");0!=o&&(disqus_shortname=o),disqusComments(disqus_shortname),e.addClass(s+\" is-visible\");break;case\"facebook\":var r=getAttr(t,\"lang\"),n=0!=r?\"https:\/\/connect.facebook.net\/\"+r+\"\/all.js#xfbml=1&version=v11.0\":\"https:\/\/connect.facebook.net\/en_US\/sdk.js#xfbml=1&version=v11.0\";$(\"head\").append('<script async=\"async\" defer=\"defer\" crossorigin=\"anonymous\" src=\"'+n+'\"\/>'),e.addClass(s).find(\"#comments\").html('\n\n<div class=\"fb-comments\" data-width=\"100%\" data-href=\"'+disqus_blogger_current_url+'\" order_by=\"time\" data-numposts=\"5\" data-lazy=\"true\"><\/div>\n\n'),e.addClass(\"is-visible\");break;case\"hide\":e.addClass(\"is-hidden\");break;default:e.addClass(\"comments-system-blogger is-visible\"),e.find(\"#top-continue .comment-reply\").addClass(\"btn\"),beautiAvatar(\".avatar-image-container img\")}var i=e.find(\".comments .comment-reply\"),c=e.find(\".comments #top-continue\"),l=e.find(\".show-cf\");i.click((function(t){t.preventDefault(),e.addClass(\"cf-on\"),c.show(),l.remove()})),c.click((function(e){e.preventDefault(),c.hide()})),l.on(\"click\",(function(){e.addClass(\"cf-on\"),l.remove(),pbtFixedSidebar(\"#main-wrapper, #sidebar-wrapper\")}))})),$((function(){$(\".entry-thumbnail .thumbnail,.entry-avatar .avatar\").not(\".pbt-lazy\").pbtLazy(),$(\".mobile-logo\").each((function(){var e=$(this),t=$(\".main-logo a\").clone();t.find(\"h1\").remove(),t.appendTo(e)})),$(\"#mobile-menu\").each((function(){var e=$(this),t=$(\".main-nav\").clone();t.attr(\"class\",\"mobile-nav\").attr(\"id\",\"mobile-nav\"),t.find(\".has-sub > a\").after('<button class=\"submenu-toggle btn\" aria-label=\"expand\"\/>'),t.find(\".mega-menu > .ul\").remove(),t.find(\".mega-menu > a\").each((function(e,t){var a=$(this),s=a.data(\"shortcode\");s&&0!=(e=getAttr(s,\"label\"))&&(t=\"recent\"==e?\"\/search\":\"\/search\/label\/\"+e,a.attr(\"href\",t))})),t.find(\".mega-menu\").removeAttr(\"class\").children(\".submenu-toggle\").remove(),t.appendTo(e),$(\".mobile-menu-toggle, .hide-mobile-menu, #overlay\").click((function(){$(\"body\").toggleClass(\"nav-active\")})),$(\".mobile-menu .submenu-toggle\").click((function(){var e=$(this);e.parent().hasClass(\"expanded\")?e.parent().removeClass(\"expanded\").children(\".sub-menu\").slideToggle(170):e.parent().addClass(\"expanded\").children(\".sub-menu\").slideToggle(170)}))})),$(\".mm-footer\").each((function(){var e=$(this),t=$(\".about-section .LinkList .social-icons\"),a=$(\"#footer-menu .link-list\"),s=!!t.length&&t.clone();0!=s&&(s.attr(\"class\",\"social-icons social color\").find(\".text\").remove(),e.append(s)),$m=!!a.length&&a.clone(),0!=$m&&e.append($m)})),$(\".header-inner\").each((function(){var e=$(this);if(1==pbt.fixedMenu&&e.length>0){var t=$(document).scrollTop(),a=e.offset().top,s=e.height(),o=a+s+s;$(window).scroll((function(s,r){s=$(document).scrollTop(),a=e.offset().top,r=$(\".main-header\").offset().top+1,s>o?e.addClass(\"is-fixed\"):a<=r&#038;&#038;e.removeClass(\"is-fixed\").removeClass(\"show\"),s<t?setTimeout((function(){a>=r&&e.addClass(\"show\")}),170):setTimeout((function(){e.removeClass(\"show\")}),170),t=s}))}})),pbtFixedSidebar(\".is-single #main-wrapper, .is-single #sidebar-wrapper\"),$(\"#post-body iframe\").each((function(){var e=$(this);e.attr(\"src\").match(\"www.youtube.com\")&&e.wrap('\n\n<div class=\"youtube-video\"\/>')})),$(\"p.comment-content\").each((function(){var e=$(this);e.replaceText(\/(https:\/\/S+(.png|.jpeg|.jpg||.webp|.gif))\/g,'<img decoding=\"async\" src=\"https:\/\/www.ouniversodatv.com\/2026\/03\/\"\/>'),e.replaceText(\/(?:https:\/\/)?(?:www.)?(?:youtube.com)\/(?:watch?v=)?(.+)\/g,'\n\n<div class=\"youtube-video\">[embed]https:\/\/www.youtube.com\/watch?v=$1[\/embed]<\/div>\n\n')})),$(\"#casper-pro-load-more-link\").each((function(){var e=$(this),t=e.data(\"load\");t&&e.show(),e.click((function(a){a.preventDefault(),e.hide(),$.ajax({url:t,success:function(a){var s=$(a).find(\".blog-posts\");s.find(\".post\").addClass(\"fadeInUp\"),$(\".blog-posts\").append(s.html()),(t=$(a).find(\"#casper-pro-load-more-link\").data(\"load\"))?e.show():(e.hide(),$(\"#blog-pager .no-more\").addClass(\"show\"))},beforeSend:function(){$(\"#blog-pager .loading\").show()},complete:function(){$(\"#blog-pager .loading\").hide(),$(\".blog-posts .post .thumbnail\").not(\".pbt-lazy\").pbtLazy()}})}))})),$(\"#casper-pro-cookie-consent\").each((function(){var e=$(this),t=e.find(\".widget.Text\").data(\"shortcode\"),a=e.find(\".consent-button\");e.length>0&&(t&&(ok=getAttr(t,\"ok\"),days=getAttr(t,\"days\"),0!=ok&&a.text(ok),days=0!=days?Number(days):7),\"1\"!==$.cookie(\"casper_pro_cookie_consent\")&&(e.css(\"display\",\"block\"),$(window).on(\"load\",(function(){e.addClass(\"is-visible\")}))),a.off(\"click\").click((function(t){t.stopPropagation(),$.cookie(\"casper_pro_cookie_consent\",\"1\",{expires:days,path:\"https:\/\/www.ouniversodatv.com\/\"}),e.removeClass(\"is-visible\"),setTimeout((function(){e.css(\"display\",\"none\")}),500)})),cookieChoices={})})),$(\"#back-top\").each((function(){var e=$(this);$(window).on(\"scroll\",(function(){$(this).scrollTop()>=100?e.addClass(\"show\"):e.removeClass(\"show\"),e.offset().top>=$(\"#footer-wrapper\").offset().top-36?e.addClass(\"on-footer\"):e.removeClass(\"on-footer\")})),e.click((function(){$(\"html, body\").animate({scrollTop:0},500)}))}))}));\n\/\/]]>\n<\/script><br \/>\n<br \/><a href=\"https:\/\/www.ouniversodatv.com\/2026\/03\/no-noite-patricia-salvador-recorda.html\">Fonte do Artigo <\/a><\/p>\n","protected":false},"excerpt":{"rendered":"<p>Foto:\u00a0Lourival Ribeiro\/SBT O &#8221;The Noite&#8221; desta quarta-feira (11) recebe Patricia Salvador, atriz e apresentadora que marcou \u00e9poca no SBT e trabalhou ao lado de Silvio Santos por quase duas d\u00e9cadas. Conhecida do p\u00fablico por participa\u00e7\u00f5es em atra\u00e7\u00f5es como &#8221;Roda a Roda&#8221;, &#8221;Qual \u00e9 a M\u00fasica&#8221; e &#8221;Fantasia&#8221;, ela conversa com Danilo Gentili sobre os bastidores [&hellip;]<\/p>\n","protected":false},"author":1,"featured_media":93938,"comment_status":"closed","ping_status":"","sticky":false,"template":"","format":"standard","meta":{"googlesitekit_rrm_CAow2JLhCw:productID":"","_gspb_post_css":"","maa_idioma":"","maa_pais":"","footnotes":""},"categories":[4],"tags":[5467,4879,6819,12383,18315,4720,9447,11718],"class_list":["post-93937","post","type-post","status-publish","format-standard","has-post-thumbnail","hentry","category-brasil","tag-lado","tag-noite","tag-patricia","tag-recorda","tag-salvador","tag-santos","tag-silvio","tag-trajetoria"],"blocksy_meta":[],"yoast_head":"<!-- This site is optimized with the Yoast SEO Premium plugin v27.6 (Yoast SEO v27.6) - https:\/\/yoast.com\/product\/yoast-seo-premium-wordpress\/ -->\n<title>No The Noite, Patricia Salvador recorda trajet\u00f3ria ao lado de Silvio Santos - Ubirat\u00e3 Online Not\u00edcias - A realidade ao seu alcance!<\/title>\n<meta name=\"description\" content=\"Foto:\u00a0Lourival Ribeiro\/SBTO &#039;&#039;The Noite&#039;&#039; desta quarta-feira (11) recebe Patricia Salvador, atriz e apresentadora que marcou \u00e9poca no SBT e trabalhou ao\" \/>\n<meta name=\"robots\" content=\"index, follow, max-snippet:-1, max-image-preview:large, max-video-preview:-1\" \/>\n<link rel=\"canonical\" href=\"https:\/\/ubirataonline.com.br\/en\/no-the-noite-patricia-salvador-recorda-trajetoria-ao-lado-de-silvio-santos\/\" \/>\n<meta property=\"og:locale\" content=\"en_US\" \/>\n<meta property=\"og:type\" content=\"article\" \/>\n<meta property=\"og:title\" content=\"No The Noite, Patricia Salvador recorda trajet\u00f3ria ao lado de Silvio Santos\" \/>\n<meta property=\"og:description\" content=\"Foto:\u00a0Lourival Ribeiro\/SBTO &#039;&#039;The Noite&#039;&#039; desta quarta-feira (11) recebe Patricia Salvador, atriz e apresentadora que marcou \u00e9poca no SBT e trabalhou ao\" \/>\n<meta property=\"og:url\" content=\"https:\/\/ubirataonline.com.br\/en\/no-the-noite-patricia-salvador-recorda-trajetoria-ao-lado-de-silvio-santos\/\" \/>\n<meta property=\"og:site_name\" content=\"Ubirat\u00e3 Online Not\u00edcias - A realidade ao seu alcance!\" \/>\n<meta property=\"article:publisher\" content=\"https:\/\/www.facebook.com\/portalubirataonline\" \/>\n<meta property=\"article:author\" content=\"https:\/\/www.facebook.com\/portalubirataonline\" \/>\n<meta property=\"article:published_time\" content=\"2026-03-12T07:10:32+00:00\" \/>\n<meta property=\"article:modified_time\" content=\"2026-03-12T07:10:36+00:00\" \/>\n<meta property=\"og:image\" content=\"https:\/\/ubirataonline.com.br\/wp-content\/uploads\/2026\/03\/No-The-Noite-Patricia-Salvador-recorda-trajetoria-ao-lado-de.jpg\" \/>\n\t<meta property=\"og:image:width\" content=\"1600\" \/>\n\t<meta property=\"og:image:height\" content=\"1066\" \/>\n\t<meta property=\"og:image:type\" content=\"image\/jpeg\" \/>\n<meta name=\"author\" content=\"REDA\u00c7\u00c3O: UBIRAT\u00c3 ONLINE - F\u00c1BIO AUGUSTO CELESTINO\" \/>\n<meta name=\"twitter:card\" content=\"summary_large_image\" \/>\n<meta name=\"twitter:creator\" content=\"@x.com\/ubirataonline\" \/>\n<meta name=\"twitter:site\" content=\"@ubirataonline\" \/>\n<meta name=\"twitter:label1\" content=\"Written by\" \/>\n\t<meta name=\"twitter:data1\" content=\"REDA\u00c7\u00c3O: UBIRAT\u00c3 ONLINE - F\u00c1BIO AUGUSTO CELESTINO\" \/>\n\t<meta name=\"twitter:label2\" content=\"Est. reading time\" \/>\n\t<meta name=\"twitter:data2\" content=\"2 minutes\" \/>\n<script type=\"application\/ld+json\" class=\"yoast-schema-graph\">{\"@context\":\"https:\\\/\\\/schema.org\",\"@graph\":[{\"@type\":\"NewsArticle\",\"@id\":\"https:\\\/\\\/ubirataonline.com.br\\\/no-the-noite-patricia-salvador-recorda-trajetoria-ao-lado-de-silvio-santos\\\/#article\",\"isPartOf\":{\"@id\":\"https:\\\/\\\/ubirataonline.com.br\\\/no-the-noite-patricia-salvador-recorda-trajetoria-ao-lado-de-silvio-santos\\\/\"},\"author\":{\"name\":\"REDA\u00c7\u00c3O: UBIRAT\u00c3 ONLINE - F\u00c1BIO AUGUSTO CELESTINO\",\"@id\":\"https:\\\/\\\/ubirataonline.com.br\\\/#\\\/schema\\\/person\\\/372f87bbd3fdd79b8556b84c98d0bc1c\"},\"headline\":\"No The Noite, Patricia Salvador recorda trajet\u00f3ria ao lado de Silvio Santos\",\"datePublished\":\"2026-03-12T07:10:32+00:00\",\"dateModified\":\"2026-03-12T07:10:36+00:00\",\"mainEntityOfPage\":{\"@id\":\"https:\\\/\\\/ubirataonline.com.br\\\/no-the-noite-patricia-salvador-recorda-trajetoria-ao-lado-de-silvio-santos\\\/\"},\"wordCount\":459,\"publisher\":{\"@id\":\"https:\\\/\\\/ubirataonline.com.br\\\/#organization\"},\"image\":{\"@id\":\"https:\\\/\\\/ubirataonline.com.br\\\/no-the-noite-patricia-salvador-recorda-trajetoria-ao-lado-de-silvio-santos\\\/#primaryimage\"},\"thumbnailUrl\":\"https:\\\/\\\/ubirataonline.com.br\\\/wp-content\\\/uploads\\\/2026\\\/03\\\/No-The-Noite-Patricia-Salvador-recorda-trajetoria-ao-lado-de.jpg\",\"keywords\":[\"lado\",\"noite\",\"Patr\u00edcia\",\"recorda\",\"Salvador\",\"Santos\",\"Silvio\",\"trajet\u00f3ria\"],\"articleSection\":[\"Brasil\"],\"inLanguage\":\"en-US\",\"copyrightYear\":\"2026\",\"copyrightHolder\":{\"@id\":\"https:\\\/\\\/ubirataonline.com.br\\\/en\\\/#organization\"}},{\"@type\":\"WebPage\",\"@id\":\"https:\\\/\\\/ubirataonline.com.br\\\/no-the-noite-patricia-salvador-recorda-trajetoria-ao-lado-de-silvio-santos\\\/\",\"url\":\"https:\\\/\\\/ubirataonline.com.br\\\/no-the-noite-patricia-salvador-recorda-trajetoria-ao-lado-de-silvio-santos\\\/\",\"name\":\"No The Noite, Patricia Salvador recorda trajet\u00f3ria ao lado de Silvio Santos - Ubirat\u00e3 Online Not\u00edcias - A realidade ao seu alcance!\",\"isPartOf\":{\"@id\":\"https:\\\/\\\/ubirataonline.com.br\\\/#website\"},\"primaryImageOfPage\":{\"@id\":\"https:\\\/\\\/ubirataonline.com.br\\\/no-the-noite-patricia-salvador-recorda-trajetoria-ao-lado-de-silvio-santos\\\/#primaryimage\"},\"image\":{\"@id\":\"https:\\\/\\\/ubirataonline.com.br\\\/no-the-noite-patricia-salvador-recorda-trajetoria-ao-lado-de-silvio-santos\\\/#primaryimage\"},\"thumbnailUrl\":\"https:\\\/\\\/ubirataonline.com.br\\\/wp-content\\\/uploads\\\/2026\\\/03\\\/No-The-Noite-Patricia-Salvador-recorda-trajetoria-ao-lado-de.jpg\",\"datePublished\":\"2026-03-12T07:10:32+00:00\",\"dateModified\":\"2026-03-12T07:10:36+00:00\",\"description\":\"Foto:\u00a0Lourival Ribeiro\\\/SBTO ''The Noite'' desta quarta-feira (11) recebe Patricia Salvador, atriz e apresentadora que marcou \u00e9poca no SBT e trabalhou ao\",\"breadcrumb\":{\"@id\":\"https:\\\/\\\/ubirataonline.com.br\\\/no-the-noite-patricia-salvador-recorda-trajetoria-ao-lado-de-silvio-santos\\\/#breadcrumb\"},\"inLanguage\":\"en-US\",\"potentialAction\":[{\"@type\":\"ReadAction\",\"target\":[\"https:\\\/\\\/ubirataonline.com.br\\\/no-the-noite-patricia-salvador-recorda-trajetoria-ao-lado-de-silvio-santos\\\/\"]}]},{\"@type\":\"ImageObject\",\"inLanguage\":\"en-US\",\"@id\":\"https:\\\/\\\/ubirataonline.com.br\\\/no-the-noite-patricia-salvador-recorda-trajetoria-ao-lado-de-silvio-santos\\\/#primaryimage\",\"url\":\"https:\\\/\\\/ubirataonline.com.br\\\/wp-content\\\/uploads\\\/2026\\\/03\\\/No-The-Noite-Patricia-Salvador-recorda-trajetoria-ao-lado-de.jpg\",\"contentUrl\":\"https:\\\/\\\/ubirataonline.com.br\\\/wp-content\\\/uploads\\\/2026\\\/03\\\/No-The-Noite-Patricia-Salvador-recorda-trajetoria-ao-lado-de.jpg\",\"width\":1600,\"height\":1066,\"caption\":\"No The Noite, Patricia Salvador recorda trajet\u00f3ria ao lado de Silvio Santos\"},{\"@type\":\"BreadcrumbList\",\"@id\":\"https:\\\/\\\/ubirataonline.com.br\\\/no-the-noite-patricia-salvador-recorda-trajetoria-ao-lado-de-silvio-santos\\\/#breadcrumb\",\"itemListElement\":[{\"@type\":\"ListItem\",\"position\":1,\"name\":\"In\u00edcio\",\"item\":\"https:\\\/\\\/ubirataonline.com.br\\\/\"},{\"@type\":\"ListItem\",\"position\":2,\"name\":\"No The Noite, Patricia Salvador recorda trajet\u00f3ria ao lado de Silvio Santos\"}]},{\"@type\":\"WebSite\",\"@id\":\"https:\\\/\\\/ubirataonline.com.br\\\/#website\",\"url\":\"https:\\\/\\\/ubirataonline.com.br\\\/\",\"name\":\"Ubirat\u00e3 Online Not\u00edcias\",\"description\":\"Not\u00edcias de Ubirat\u00e3, regi\u00e3o, Brasil e mundo, com informa\u00e7\u00e3o atualizada e compromisso com o leitor.\",\"publisher\":{\"@id\":\"https:\\\/\\\/ubirataonline.com.br\\\/#organization\"},\"alternateName\":\"Ubirat\u00e3 Online\",\"potentialAction\":[{\"@type\":\"SearchAction\",\"target\":{\"@type\":\"EntryPoint\",\"urlTemplate\":\"https:\\\/\\\/ubirataonline.com.br\\\/?s={search_term_string}\"},\"query-input\":{\"@type\":\"PropertyValueSpecification\",\"valueRequired\":true,\"valueName\":\"search_term_string\"}}],\"inLanguage\":\"en-US\"},{\"@type\":[\"Organization\",\"Place\"],\"@id\":\"https:\\\/\\\/ubirataonline.com.br\\\/#organization\",\"name\":\"Ubirat\u00e3 Online Not\u00edcias\",\"alternateName\":\"Ubirat\u00e3 Online\",\"url\":\"https:\\\/\\\/ubirataonline.com.br\\\/\",\"logo\":{\"@id\":\"https:\\\/\\\/ubirataonline.com.br\\\/no-the-noite-patricia-salvador-recorda-trajetoria-ao-lado-de-silvio-santos\\\/#local-main-organization-logo\"},\"image\":{\"@id\":\"https:\\\/\\\/ubirataonline.com.br\\\/no-the-noite-patricia-salvador-recorda-trajetoria-ao-lado-de-silvio-santos\\\/#local-main-organization-logo\"},\"sameAs\":[\"https:\\\/\\\/www.facebook.com\\\/portalubirataonline\",\"https:\\\/\\\/x.com\\\/ubirataonline\",\"https:\\\/\\\/mastodon.social\\\/@ubirataonline\",\"https:\\\/\\\/www.facebook.com\\\/groups\\\/311144672285604\",\"https:\\\/\\\/www.facebook.com\\\/UBTAOnline\",\"https:\\\/\\\/www.instagram.com\\\/portalubirataonline\\\/\",\"https:\\\/\\\/twitter.com\\\/ubirataonline\"],\"description\":\"Somos um portal de not\u00edcias independente, criado em 5 de janeiro de 2009, com o objetivo de informar, conectar e valorizar a nossa comunidade de Ubirat\u00e3 e toda aregi\u00e3o. Com conte\u00fado atualizado, confi\u00e1vel e relevante, o Ubirat\u00e3 Online \u00e9 o seu espa\u00e7o para ficar por dentro dos principais acontecimentos locais, regionais, Brasil, Mundo e de interesse geral. Nosso compromisso \u00e9 com a verdade, a transpar\u00eancia e o respeito ao leitor.\",\"legalName\":\"UBIRATA ONLINE NOT\u00cdCIAS\",\"foundingDate\":\"2009-01-05\",\"numberOfEmployees\":{\"@type\":\"QuantitativeValue\",\"minValue\":\"1\",\"maxValue\":\"10\"},\"publishingPrinciples\":\"https:\\\/\\\/ubirataonline.com.br\\\/faq\\\/\",\"address\":{\"@id\":\"https:\\\/\\\/ubirataonline.com.br\\\/no-the-noite-patricia-salvador-recorda-trajetoria-ao-lado-de-silvio-santos\\\/#local-main-place-address\"},\"geo\":{\"@type\":\"GeoCoordinates\",\"latitude\":\"-24.5361401\",\"longitude\":\"-52.9921776\"},\"telephone\":[\"+5544998308235\"],\"contactPoint\":{\"@type\":\"ContactPoint\",\"email\":\"contato@ubirataonline.com.br\"},\"openingHoursSpecification\":{\"@type\":\"OpeningHoursSpecification\",\"dayOfWeek\":[\"Monday\",\"Tuesday\",\"Wednesday\",\"Thursday\",\"Friday\",\"Saturday\",\"Sunday\"],\"opens\":\"00:00\",\"closes\":\"23:59\"},\"email\":\"contato@ubirataonline.com.br\",\"vatID\":\"47.621.418\\\/0001-80\"},{\"@type\":\"Person\",\"@id\":\"https:\\\/\\\/ubirataonline.com.br\\\/#\\\/schema\\\/person\\\/372f87bbd3fdd79b8556b84c98d0bc1c\",\"name\":\"REDA\u00c7\u00c3O: UBIRAT\u00c3 ONLINE - F\u00c1BIO AUGUSTO CELESTINO\",\"pronouns\":\"Ele\",\"description\":\"Desde 2003 trabalhando com not\u00edcias.\",\"sameAs\":[\"http:\\\/\\\/ubirataoline.com.br\",\"https:\\\/\\\/www.facebook.com\\\/portalubirataonline\",\"https:\\\/\\\/www.instagram.com\\\/ubirataonline_oficial\",\"https:\\\/\\\/x.com\\\/x.com\\\/ubirataonline\"],\"honorificPrefix\":\"Mr.\",\"honorificSuffix\":\"MD\",\"birthDate\":\"1980-06-16\",\"gender\":\"masculino\",\"award\":[\"V\u00e1rios pr\u00eamios de melhor portal da cidade\"],\"jobTitle\":\"Diretor\",\"url\":\"https:\\\/\\\/ubirataonline.com.br\\\/en\\\/author\\\/ubirataonline\\\/\"},{\"@type\":\"PostalAddress\",\"@id\":\"https:\\\/\\\/ubirataonline.com.br\\\/no-the-noite-patricia-salvador-recorda-trajetoria-ao-lado-de-silvio-santos\\\/#local-main-place-address\",\"streetAddress\":\"Rua dos Coqueiros, 104 - Bairro Boa Vista, Rua dos Coqueiros, 104 Bairro Boa Vista\",\"addressLocality\":\"UBIRATA\",\"postalCode\":\"85440-000\",\"addressRegion\":\"PR\",\"addressCountry\":\"BR\"},{\"@type\":\"ImageObject\",\"inLanguage\":\"en-US\",\"@id\":\"https:\\\/\\\/ubirataonline.com.br\\\/no-the-noite-patricia-salvador-recorda-trajetoria-ao-lado-de-silvio-santos\\\/#local-main-organization-logo\",\"url\":\"https:\\\/\\\/ubirataonline.com.br\\\/wp-content\\\/uploads\\\/2026\\\/06\\\/logoubirataonline-1.webp\",\"contentUrl\":\"https:\\\/\\\/ubirataonline.com.br\\\/wp-content\\\/uploads\\\/2026\\\/06\\\/logoubirataonline-1.webp\",\"width\":500,\"height\":500,\"caption\":\"Ubirat\u00e3 Online Not\u00edcias\"}]}<\/script>\n<meta name=\"geo.placename\" content=\"UBIRATA\" \/>\n<meta name=\"geo.position\" content=\"-24.5361401;-52.9921776\" \/>\n<meta name=\"geo.region\" content=\"Brazil\" \/>\n<!-- \/ Yoast SEO Premium plugin. -->","yoast_head_json":{"title":"No The Noite, Patricia Salvador recorda trajet\u00f3ria ao lado de Silvio Santos - Ubirat\u00e3 Online Not\u00edcias - A realidade ao seu alcance!","description":"Foto:\u00a0Lourival Ribeiro\/SBTO ''The Noite'' desta quarta-feira (11) recebe Patricia Salvador, atriz e apresentadora que marcou \u00e9poca no SBT e trabalhou ao","robots":{"index":"index","follow":"follow","max-snippet":"max-snippet:-1","max-image-preview":"max-image-preview:large","max-video-preview":"max-video-preview:-1"},"canonical":"https:\/\/ubirataonline.com.br\/en\/no-the-noite-patricia-salvador-recorda-trajetoria-ao-lado-de-silvio-santos\/","og_locale":"en_US","og_type":"article","og_title":"No The Noite, Patricia Salvador recorda trajet\u00f3ria ao lado de Silvio Santos","og_description":"Foto:\u00a0Lourival Ribeiro\/SBTO ''The Noite'' desta quarta-feira (11) recebe Patricia Salvador, atriz e apresentadora que marcou \u00e9poca no SBT e trabalhou ao","og_url":"https:\/\/ubirataonline.com.br\/en\/no-the-noite-patricia-salvador-recorda-trajetoria-ao-lado-de-silvio-santos\/","og_site_name":"Ubirat\u00e3 Online Not\u00edcias - A realidade ao seu alcance!","article_publisher":"https:\/\/www.facebook.com\/portalubirataonline","article_author":"https:\/\/www.facebook.com\/portalubirataonline","article_published_time":"2026-03-12T07:10:32+00:00","article_modified_time":"2026-03-12T07:10:36+00:00","og_image":[{"width":1600,"height":1066,"url":"https:\/\/ubirataonline.com.br\/wp-content\/uploads\/2026\/03\/No-The-Noite-Patricia-Salvador-recorda-trajetoria-ao-lado-de.jpg","type":"image\/jpeg"}],"author":"REDA\u00c7\u00c3O: UBIRAT\u00c3 ONLINE - F\u00c1BIO AUGUSTO CELESTINO","twitter_card":"summary_large_image","twitter_creator":"@x.com\/ubirataonline","twitter_site":"@ubirataonline","twitter_misc":{"Written by":"REDA\u00c7\u00c3O: UBIRAT\u00c3 ONLINE - F\u00c1BIO AUGUSTO CELESTINO","Est. reading time":"2 minutes"},"schema":{"@context":"https:\/\/schema.org","@graph":[{"@type":"NewsArticle","@id":"https:\/\/ubirataonline.com.br\/no-the-noite-patricia-salvador-recorda-trajetoria-ao-lado-de-silvio-santos\/#article","isPartOf":{"@id":"https:\/\/ubirataonline.com.br\/no-the-noite-patricia-salvador-recorda-trajetoria-ao-lado-de-silvio-santos\/"},"author":{"name":"REDA\u00c7\u00c3O: UBIRAT\u00c3 ONLINE - F\u00c1BIO AUGUSTO CELESTINO","@id":"https:\/\/ubirataonline.com.br\/#\/schema\/person\/372f87bbd3fdd79b8556b84c98d0bc1c"},"headline":"No The Noite, Patricia Salvador recorda trajet\u00f3ria ao lado de Silvio Santos","datePublished":"2026-03-12T07:10:32+00:00","dateModified":"2026-03-12T07:10:36+00:00","mainEntityOfPage":{"@id":"https:\/\/ubirataonline.com.br\/no-the-noite-patricia-salvador-recorda-trajetoria-ao-lado-de-silvio-santos\/"},"wordCount":459,"publisher":{"@id":"https:\/\/ubirataonline.com.br\/#organization"},"image":{"@id":"https:\/\/ubirataonline.com.br\/no-the-noite-patricia-salvador-recorda-trajetoria-ao-lado-de-silvio-santos\/#primaryimage"},"thumbnailUrl":"https:\/\/ubirataonline.com.br\/wp-content\/uploads\/2026\/03\/No-The-Noite-Patricia-Salvador-recorda-trajetoria-ao-lado-de.jpg","keywords":["lado","noite","Patr\u00edcia","recorda","Salvador","Santos","Silvio","trajet\u00f3ria"],"articleSection":["Brasil"],"inLanguage":"en-US","copyrightYear":"2026","copyrightHolder":{"@id":"https:\/\/ubirataonline.com.br\/en\/#organization"}},{"@type":"WebPage","@id":"https:\/\/ubirataonline.com.br\/no-the-noite-patricia-salvador-recorda-trajetoria-ao-lado-de-silvio-santos\/","url":"https:\/\/ubirataonline.com.br\/no-the-noite-patricia-salvador-recorda-trajetoria-ao-lado-de-silvio-santos\/","name":"No The Noite, Patricia Salvador recorda trajet\u00f3ria ao lado de Silvio Santos - Ubirat\u00e3 Online Not\u00edcias - A realidade ao seu alcance!","isPartOf":{"@id":"https:\/\/ubirataonline.com.br\/#website"},"primaryImageOfPage":{"@id":"https:\/\/ubirataonline.com.br\/no-the-noite-patricia-salvador-recorda-trajetoria-ao-lado-de-silvio-santos\/#primaryimage"},"image":{"@id":"https:\/\/ubirataonline.com.br\/no-the-noite-patricia-salvador-recorda-trajetoria-ao-lado-de-silvio-santos\/#primaryimage"},"thumbnailUrl":"https:\/\/ubirataonline.com.br\/wp-content\/uploads\/2026\/03\/No-The-Noite-Patricia-Salvador-recorda-trajetoria-ao-lado-de.jpg","datePublished":"2026-03-12T07:10:32+00:00","dateModified":"2026-03-12T07:10:36+00:00","description":"Foto:\u00a0Lourival Ribeiro\/SBTO ''The Noite'' desta quarta-feira (11) recebe Patricia Salvador, atriz e apresentadora que marcou \u00e9poca no SBT e trabalhou ao","breadcrumb":{"@id":"https:\/\/ubirataonline.com.br\/no-the-noite-patricia-salvador-recorda-trajetoria-ao-lado-de-silvio-santos\/#breadcrumb"},"inLanguage":"en-US","potentialAction":[{"@type":"ReadAction","target":["https:\/\/ubirataonline.com.br\/no-the-noite-patricia-salvador-recorda-trajetoria-ao-lado-de-silvio-santos\/"]}]},{"@type":"ImageObject","inLanguage":"en-US","@id":"https:\/\/ubirataonline.com.br\/no-the-noite-patricia-salvador-recorda-trajetoria-ao-lado-de-silvio-santos\/#primaryimage","url":"https:\/\/ubirataonline.com.br\/wp-content\/uploads\/2026\/03\/No-The-Noite-Patricia-Salvador-recorda-trajetoria-ao-lado-de.jpg","contentUrl":"https:\/\/ubirataonline.com.br\/wp-content\/uploads\/2026\/03\/No-The-Noite-Patricia-Salvador-recorda-trajetoria-ao-lado-de.jpg","width":1600,"height":1066,"caption":"No The Noite, Patricia Salvador recorda trajet\u00f3ria ao lado de Silvio Santos"},{"@type":"BreadcrumbList","@id":"https:\/\/ubirataonline.com.br\/no-the-noite-patricia-salvador-recorda-trajetoria-ao-lado-de-silvio-santos\/#breadcrumb","itemListElement":[{"@type":"ListItem","position":1,"name":"In\u00edcio","item":"https:\/\/ubirataonline.com.br\/"},{"@type":"ListItem","position":2,"name":"No The Noite, Patricia Salvador recorda trajet\u00f3ria ao lado de Silvio Santos"}]},{"@type":"WebSite","@id":"https:\/\/ubirataonline.com.br\/#website","url":"https:\/\/ubirataonline.com.br\/","name":"Ubirat\u00e3 Online Not\u00edcias","description":"Not\u00edcias de Ubirat\u00e3, regi\u00e3o, Brasil e mundo, com informa\u00e7\u00e3o atualizada e compromisso com o leitor.","publisher":{"@id":"https:\/\/ubirataonline.com.br\/#organization"},"alternateName":"Ubirat\u00e3 Online","potentialAction":[{"@type":"SearchAction","target":{"@type":"EntryPoint","urlTemplate":"https:\/\/ubirataonline.com.br\/?s={search_term_string}"},"query-input":{"@type":"PropertyValueSpecification","valueRequired":true,"valueName":"search_term_string"}}],"inLanguage":"en-US"},{"@type":["Organization","Place"],"@id":"https:\/\/ubirataonline.com.br\/#organization","name":"Ubirat\u00e3 Online Not\u00edcias","alternateName":"Ubirat\u00e3 Online","url":"https:\/\/ubirataonline.com.br\/","logo":{"@id":"https:\/\/ubirataonline.com.br\/no-the-noite-patricia-salvador-recorda-trajetoria-ao-lado-de-silvio-santos\/#local-main-organization-logo"},"image":{"@id":"https:\/\/ubirataonline.com.br\/no-the-noite-patricia-salvador-recorda-trajetoria-ao-lado-de-silvio-santos\/#local-main-organization-logo"},"sameAs":["https:\/\/www.facebook.com\/portalubirataonline","https:\/\/x.com\/ubirataonline","https:\/\/mastodon.social\/@ubirataonline","https:\/\/www.facebook.com\/groups\/311144672285604","https:\/\/www.facebook.com\/UBTAOnline","https:\/\/www.instagram.com\/portalubirataonline\/","https:\/\/twitter.com\/ubirataonline"],"description":"Somos um portal de not\u00edcias independente, criado em 5 de janeiro de 2009, com o objetivo de informar, conectar e valorizar a nossa comunidade de Ubirat\u00e3 e toda aregi\u00e3o. Com conte\u00fado atualizado, confi\u00e1vel e relevante, o Ubirat\u00e3 Online \u00e9 o seu espa\u00e7o para ficar por dentro dos principais acontecimentos locais, regionais, Brasil, Mundo e de interesse geral. Nosso compromisso \u00e9 com a verdade, a transpar\u00eancia e o respeito ao leitor.","legalName":"UBIRATA ONLINE NOT\u00cdCIAS","foundingDate":"2009-01-05","numberOfEmployees":{"@type":"QuantitativeValue","minValue":"1","maxValue":"10"},"publishingPrinciples":"https:\/\/ubirataonline.com.br\/faq\/","address":{"@id":"https:\/\/ubirataonline.com.br\/no-the-noite-patricia-salvador-recorda-trajetoria-ao-lado-de-silvio-santos\/#local-main-place-address"},"geo":{"@type":"GeoCoordinates","latitude":"-24.5361401","longitude":"-52.9921776"},"telephone":["+5544998308235"],"contactPoint":{"@type":"ContactPoint","email":"contato@ubirataonline.com.br"},"openingHoursSpecification":{"@type":"OpeningHoursSpecification","dayOfWeek":["Monday","Tuesday","Wednesday","Thursday","Friday","Saturday","Sunday"],"opens":"00:00","closes":"23:59"},"email":"contato@ubirataonline.com.br","vatID":"47.621.418\/0001-80"},{"@type":"Person","@id":"https:\/\/ubirataonline.com.br\/#\/schema\/person\/372f87bbd3fdd79b8556b84c98d0bc1c","name":"REDA\u00c7\u00c3O: UBIRAT\u00c3 ONLINE - F\u00c1BIO AUGUSTO CELESTINO","pronouns":"Ele","description":"Desde 2003 trabalhando com not\u00edcias.","sameAs":["http:\/\/ubirataoline.com.br","https:\/\/www.facebook.com\/portalubirataonline","https:\/\/www.instagram.com\/ubirataonline_oficial","https:\/\/x.com\/x.com\/ubirataonline"],"honorificPrefix":"Mr.","honorificSuffix":"MD","birthDate":"1980-06-16","gender":"masculino","award":["V\u00e1rios pr\u00eamios de melhor portal da cidade"],"jobTitle":"Diretor","url":"https:\/\/ubirataonline.com.br\/en\/author\/ubirataonline\/"},{"@type":"PostalAddress","@id":"https:\/\/ubirataonline.com.br\/no-the-noite-patricia-salvador-recorda-trajetoria-ao-lado-de-silvio-santos\/#local-main-place-address","streetAddress":"Rua dos Coqueiros, 104 - Bairro Boa Vista, Rua dos Coqueiros, 104 Bairro Boa Vista","addressLocality":"UBIRATA","postalCode":"85440-000","addressRegion":"PR","addressCountry":"BR"},{"@type":"ImageObject","inLanguage":"en-US","@id":"https:\/\/ubirataonline.com.br\/no-the-noite-patricia-salvador-recorda-trajetoria-ao-lado-de-silvio-santos\/#local-main-organization-logo","url":"https:\/\/ubirataonline.com.br\/wp-content\/uploads\/2026\/06\/logoubirataonline-1.webp","contentUrl":"https:\/\/ubirataonline.com.br\/wp-content\/uploads\/2026\/06\/logoubirataonline-1.webp","width":500,"height":500,"caption":"Ubirat\u00e3 Online Not\u00edcias"}]},"geo.placename":"UBIRATA","geo.position":{"lat":"-24.5361401","long":"-52.9921776"},"geo.region":"Brazil"},"_links":{"self":[{"href":"https:\/\/ubirataonline.com.br\/en\/wp-json\/wp\/v2\/posts\/93937","targetHints":{"allow":["GET"]}}],"collection":[{"href":"https:\/\/ubirataonline.com.br\/en\/wp-json\/wp\/v2\/posts"}],"about":[{"href":"https:\/\/ubirataonline.com.br\/en\/wp-json\/wp\/v2\/types\/post"}],"author":[{"embeddable":true,"href":"https:\/\/ubirataonline.com.br\/en\/wp-json\/wp\/v2\/users\/1"}],"replies":[{"embeddable":true,"href":"https:\/\/ubirataonline.com.br\/en\/wp-json\/wp\/v2\/comments?post=93937"}],"version-history":[{"count":0,"href":"https:\/\/ubirataonline.com.br\/en\/wp-json\/wp\/v2\/posts\/93937\/revisions"}],"wp:featuredmedia":[{"embeddable":true,"href":"https:\/\/ubirataonline.com.br\/en\/wp-json\/wp\/v2\/media\/93938"}],"wp:attachment":[{"href":"https:\/\/ubirataonline.com.br\/en\/wp-json\/wp\/v2\/media?parent=93937"}],"wp:term":[{"taxonomy":"category","embeddable":true,"href":"https:\/\/ubirataonline.com.br\/en\/wp-json\/wp\/v2\/categories?post=93937"},{"taxonomy":"post_tag","embeddable":true,"href":"https:\/\/ubirataonline.com.br\/en\/wp-json\/wp\/v2\/tags?post=93937"}],"curies":[{"name":"wp","href":"https:\/\/api.w.org\/{rel}","templated":true}]}}