{"id":93942,"date":"2026-03-12T05:06:35","date_gmt":"2026-03-12T08:06:35","guid":{"rendered":"https:\/\/ubirataonline.com.br\/tenis-maja-chwalinska-grala-o-1-8-finalu-wta-125-w-antalyi\/"},"modified":"2026-03-12T05:06:40","modified_gmt":"2026-03-12T08:06:40","slug":"tenis-maja-chwalinska-grala-o-1-8-finalu-wta-125-w-antalyi","status":"publish","type":"post","link":"https:\/\/ubirataonline.com.br\/en\/tenis-maja-chwalinska-grala-o-1-8-finalu-wta-125-w-antalyi\/","title":{"rendered":"Tenis. Maja Chwali\u0144ska gra\u0142a o 1\/8 fina\u0142u WTA 125 w Antalyi"},"content":{"rendered":"<p><br \/>\n<\/p>\n<div>\n<div data-component=\"article-embed-paragraph\" class=\"elevenlabs-read\">\n<p class=\"typography ids-typeset-body ids-typeset-body--preset-large link paragraph ids-paragraph ids-paragraph--default\"><span>Katarzyna Kawa na Riwierze Tureckiej sp\u0119dza ju\u017c trzeci tydzie\u0144, poprzedni zako\u0144czy\u0142a na p\u00f3\u0142finale WTA 125 Megasaray Hotels Open, w obecnym zameldowa\u0142a si\u0119 ju\u017c w 1\/8 fina\u0142u. W efektownym stylu <a href=\"https:\/\/sport.interia.pl\/tenis\/news-polsko-grecka-dogrywka-szesc-godzin-po-boju-swiatek-z-sakkar,nId,22629033#iwa_source=autor\" target=\"_blank\">rozbi\u0142a Greczynk\u0119 Despin\u0119 Papamichail 6:1, 6:3<\/a>, pierwsz\u0105 pi\u0142k\u0119 meczow\u0105 mia\u0142a po 59 minutach gry.<\/span><\/p>\n<\/div>\n<div class=\"elevenlabs-read\">\n<p class=\"typography ids-typeset-body ids-typeset-body--preset-large link paragraph ids-paragraph ids-paragraph--default\"><span>Podobnego scenariusza, mo\u017ce jeszcze bardziej okaza\u0142ego w kontek\u015bcie wynikowym, mo\u017cna si\u0119 by\u0142o spodziewa\u0107 po pierwszym starciu Mai Chwali\u0144skiej. <b>Reprezentantka Polski zosta\u0142a w Antalyi rozstawiona z &#8220;8&#8221; &#8211; w drabince trafi\u0142a do niej 17-letnia Ada Kumru.<\/b><\/span><\/p>\n<\/div>\n<div class=\"elevenlabs-read\">\n<p class=\"typography ids-typeset-body ids-typeset-body--preset-large link paragraph ids-paragraph ids-paragraph--default\"><span>Reprezentantka Turcji dostaje tu bowiem &#8220;dzikie karty&#8221; &#8211; dla niej to okazja na z\u0142apanie do\u015bwiadczenia w starciach z lepszymi tenisistkami. Rok temu by\u0142a 60. juniork\u0105 \u015bwiata w rankingu ITF, niedawno rywalizowa\u0142a w juniorskim Australian Open. W Antalyi w dw\u00f3ch poprzednich turniejach rangi 125 odpad\u0142a w pierwszych rundach: najpierw ugra\u0142a cztery gemy w starciu z Nuri\u0105 Brancaccio, p\u00f3\u017aniej tyle samo w potyczce z Moyuk\u0105 Uchijim\u0105. By\u0142y to mecze nieco ponad godzinne, ze zdecydowan\u0105 dominacj\u0105 jednej ze stron.<\/span><\/p>\n<\/div>\n<section class=\"ids-article-list-section-wrapper ids-article-list-section-wrapper--medium\"\/>\n<div class=\"elevenlabs-read\">\n<p class=\"typography ids-typeset-body ids-typeset-body--preset-large link paragraph ids-paragraph ids-paragraph--default\"><span>Chwali\u0144ska nie uderza mocno &#8211; to jej s\u0142abo\u015b\u0107. Jest jednak zawodniczk\u0105 znakomicie wyszkolon\u0105 technicznie, umiej\u0119tno\u015bci gry skr\u00f3tami czy lobami mo\u017ce jej pozazdro\u015bci\u0107 wiele zawodniczek z czo\u0142\u00f3wki. A dzi\u015b bole\u015bnie o tym przekona\u0142a si\u0119 nastolatka z Turcji.<\/span><\/p>\n<\/div>\n<div data-component=\"article-embed-header\">\n<p><h2 class=\"typography ids-typeset-title ids-typeset-title--preset-large ids-article-subheader__heading\" id=\"f64bfa1c\">WTA 125 w Antalyi. Maja Chwali\u0144ska zacz\u0119\u0142a kolejny turniej. Ada Kumru z Turcji rywalk\u0105 w walce o 1\/8 fina\u0142u<\/h2>\n<hr class=\"divider ids-divider ids-divider--with_accented ids-divider--horizontal ids-divider--small ids-divider--accented ids-divider--accented-medium ids-divider--start\" role=\"presentation\"\/>\n<\/div>\n<div class=\"elevenlabs-read\">\n<p class=\"typography ids-typeset-body ids-typeset-body--preset-large link paragraph ids-paragraph ids-paragraph--default\"><span>Chwali\u0144skiej zdarza\u0142o si\u0119 w ostatnim czasie odnosi\u0107 wyra\u017ane zwyci\u0119stwa, ale rzadko jej starcia trwaj\u0105 poni\u017cej godziny. To te\u017c wynika ze specyfiki gry zawodniczki z Bielska-Bia\u0142ej, nie ma bowiem si\u0142y, by szybko zyskiwa\u0107 przewag\u0119 w akcjach. Zam\u0119cza rywalki, zmienia tempo, zmusza przeciwniczki do biegania. Zw\u0142aszcza te, \u017ce kt\u00f3re te\u017c nie s\u0105 &#8220;strzelbami&#8221;.<\/span><\/p>\n<\/div>\n<div class=\"elevenlabs-read\">\n<p class=\"typography ids-typeset-body ids-typeset-body--preset-large link paragraph ids-paragraph ids-paragraph--default\"><span>Maja od pocz\u0105tku wi\u0119c &#8220;trenowa\u0142a&#8221; m\u0142od\u0105 rywalk\u0119 &#8211; cz\u0119sto posy\u0142a\u0142a skr\u00f3ty, a gdy tylko Kumru uda\u0142o si\u0119 dobiec i przebi\u0107 pi\u0142k\u0119, ju\u017c musia\u0142a cofa\u0107 si\u0119 i broni\u0107 przed lobem.<\/span><\/p>\n<\/div>\n<div data-full-width-on-mobile=\"true\" data-component=\"article-embed-photo\">\n<div class=\"picture-item ids-picture-item ids-picture-item--medium ids-picture-item--hover ids-picture-item--short\">\n<hr class=\"divider ids-divider ids-divider--only_accented ids-divider--horizontal ids-divider--large ids-divider--accented ids-divider--accented-medium ids-divider--center\" role=\"presentation\"\/>\n<div class=\"ids-picture-item__hover-container\"><picture class=\"ids-picture-item__picture\" data-img=\"a-i-img\"><\/picture><\/div>\n<figure class=\"work-details ids-work-details ids-work-details--horizontal\">\n<p><span class=\"typography ids-typeset-body ids-typeset-caption--preset-medium ids-work-details__description embed-work-detail-file-title\">Maja Chwali\u0144ska<\/span><span class=\"ids-work-details__caption-signature ids-work-details__caption-signature--horizontal ids-work-details__caption-signature--medium\"><span style=\"--intext-divider-item:&quot;2758&quot;\" class=\"typography ids-typeset-caption ids-typeset-caption--preset-medium ids-with-intext-divider ids-work-details__author ids-work-details__author--medium embed-work-detail-source\">Foto Olimpik\/REPORTER<\/span><span style=\"--intext-divider-item:&quot;2758&quot;\" class=\"typography ids-typeset-caption ids-typeset-caption--preset-medium ids-with-intext-divider ids-work-details__source ids-work-details__source--medium embed-work-detail-source\">Reporter<\/span><\/span><\/p>\n<hr class=\"divider ids-divider ids-divider--with_accented ids-divider--horizontal ids-divider--small ids-divider--accented ids-divider--accented-medium ids-divider--center\" role=\"presentation\"\/><\/figure>\n<\/div>\n<\/div>\n<div class=\"elevenlabs-read\">\n<p class=\"typography ids-typeset-body ids-typeset-body--preset-large link paragraph ids-paragraph ids-paragraph--default\"><span>Ros\u0142a wi\u0119c przewaga Polki, w tym spotkaniu raczej od pocz\u0105tku by\u0142o jasne, kto wywalczy awans. Pytanie brzmia\u0142o, czy Kumru zdo\u0142a dobi\u0107 do \u015bredniej z poprzednich spotka\u0144. I tu szybko pojawi\u0142y si\u0119 w\u0105tpliwo\u015bci.<\/span><\/p>\n<\/div>\n<div class=\"elevenlabs-read\">\n<p class=\"typography ids-typeset-body ids-typeset-body--preset-large link paragraph ids-paragraph ids-paragraph--default\"><span>W czwartym gemie pojawi\u0142a si\u0119 szansa na honorowego gema dla Turczynki &#8211; po \u0142adnych akcjach prowadzi\u0142a 40-30. Tyle \u017ce wracaj\u0105cy return Polki wyrzuci\u0142a w korytarz deblowy. A na kolejn\u0105 okazj\u0119 Maja nie pozwoli\u0142a. <b>Set zako\u0144czy\u0142 si\u0119 po 29 minutach, triumfem Polki 6:0. Chwali\u0144ska wygra\u0142a 27 z 39 akcji.<\/b><\/span><\/p>\n<\/div>\n<section class=\"ids-article-list-section-wrapper ids-article-list-section-wrapper--medium\"\/>\n<div class=\"elevenlabs-read\">\n<p class=\"typography ids-typeset-body ids-typeset-body--preset-large link paragraph ids-paragraph ids-paragraph--default\"><span>Tak samo ros\u0142a przewaga Polki w drugiej partii. Tym razem szansa na honorowego gema nadarzy\u0142a si\u0119 przy stanie 4:0 dla Polki, gdy podawa\u0142a Chwali\u0144ska. Kumru by\u0142a w stanie cierpliwie przebija\u0107 pi\u0142ki na drug\u0105 stron\u0119, b\u0142\u0119dy przytrafi\u0142y si\u0119 naszej zawodniczce. I po jednym z takich forhend\u00f3w <b>Maja uderzy\u0142a w siatk\u0119, zrobi\u0142o si\u0119 15-40<\/b>. Za moment jednak \u0142adnym drajwem sko\u0144czy\u0142a kolejn\u0105 akcj\u0119, a p\u00f3\u017aniej zn\u00f3w wymusi\u0142a pomy\u0142k\u0119 przeciwniczki. I ju\u017c by\u0142a r\u00f3wnowaga. A po kolejnych akcjach to jednak Chwali\u0144ska podwy\u017cszy\u0142a na 5:0.<\/span><\/p>\n<\/div>\n<section class=\"ids-article-list-section-wrapper ids-article-list-section-wrapper--medium\"\/>\n<div class=\"elevenlabs-read\">\n<p class=\"typography ids-typeset-body ids-typeset-body--preset-large link paragraph ids-paragraph ids-paragraph--default\"><span>W swojej karierze Maja wygra\u0142a ju\u017c kilka spotka\u0144 &#8220;rowerami&#8221;, czyli 6:0 i 6:0. Ostatnio &#8211; nieco ponad trzy miesi\u0105ce temu w WTA 125 w Quito &#8211; <a href=\"https:\/\/sport.interia.pl\/tenis\/news-rozboj-w-bialy-dzien-55-minut-polki-na-drugim-koncu-swiata-6,nId,22462992\" target=\"_blank\">w 55 minut rozbi\u0142a Tani\u0119 Varel\u0119 Alvarado<\/a>, ale te\u017c przeciwniczka pojawi\u0142a si\u0119 tam troch\u0119 z przypadku.<\/span><\/p>\n<\/div>\n<div class=\"elevenlabs-read\">\n<p class=\"typography ids-typeset-body ids-typeset-body--preset-large link paragraph ids-paragraph ids-paragraph--default\"><span>A teraz Maja rywalizowa\u0142a z juniork\u0105, kt\u00f3ra marzy o wyst\u0119pach w zawodowym turze. I po kolejnym gemie ju\u017c mog\u0142a odhaczy\u0107 kolejny rower, mecz potrwa\u0142 62 minuty. W drugiej partii Kumru ugra\u0142a zaledwie dziewi\u0119\u0107 punkt\u00f3w.<\/span><\/p>\n<\/div>\n<section class=\"ids-article-list-section-wrapper ids-article-list-section-wrapper--medium\">\n<div class=\"ids-article-list article-list\" data-component=\"article-list\">\n<ul class=\"typography ids-typeset-body ids-typeset-body--preset-small list--article-list ids-list ids-list--unordered ids-list--size-small \" datatype=\"disc\">\n<li class=\"ids-list-item ids-list-item__content brief-list-item\"><span class=\"ids-list-item__icon\"><svg xmlns=\"http:\/\/www.w3.org\/2000\/svg\" class=\"ids-icons-svg ids-icons-svg--small\" fill=\"currentColor\" viewbox=\"0 0 16 16\"\/><\/span>\n<div class=\"ids-list-item__content\"><a class=\"ids-undecorated-link link ids-link \" data-spons=\"false\" href=\"https:\/\/sport.interia.pl\/iga-swiatek\/news-iga-swiatek-elina-switolina-kiedy-mecz-w-indian-wells-na-zyw,nId,22642068\">Iga \u015awi\u0105tek &#8211; Elina Switolina. Kiedy mecz w Indian Wells? [NA \u017bYWO, TV]<\/a><\/div>\n<\/li>\n<li class=\"ids-list-item ids-list-item__content brief-list-item\"><span class=\"ids-list-item__icon\"><svg xmlns=\"http:\/\/www.w3.org\/2000\/svg\" class=\"ids-icons-svg ids-icons-svg--small\" fill=\"currentColor\" viewbox=\"0 0 16 16\"\/><\/span>\n<div class=\"ids-list-item__content\"><a class=\"ids-undecorated-link link ids-link \" data-spons=\"false\" href=\"https:\/\/sport.interia.pl\/tenis\/hubert-hurkacz\/news-hurkacz-znow-na-korcie-6-1-i-zwrot-na-challengerze-przykre-z,nId,22642049\">Hurkacz zn\u00f3w na korcie. 6:1 i zwrot na Challengerze. Przykre zako\u0144czenie meczu<\/a><\/div>\n<\/li>\n<\/ul>\n<\/div>\n<\/section>\n<div data-full-width-on-mobile=\"true\">\n<div class=\"picture-item ids-picture-item ids-picture-item--medium ids-picture-item--hover ids-picture-item--short\">\n<hr class=\"divider ids-divider ids-divider--only_accented ids-divider--horizontal ids-divider--large ids-divider--accented ids-divider--accented-medium ids-divider--center\" role=\"presentation\"\/>\n<div class=\"ids-picture-item__hover-container\"><picture class=\"ids-picture-item__picture\" data-img=\"a-i-img\"><img decoding=\"async\" class=\"ids-image-holder__img\" loading=\"lazy\" alt=\"Maja Chwali\u0144ska\" title=\"Maja Chwali\u0144ska\" width=\"3000\" height=\"2000\" src=\"https:\/\/i.iplsc.com\/000KZVSJLITMOJPY-C323-F4.webp\"\/><\/picture><\/div>\n<figure class=\"work-details ids-work-details ids-work-details--horizontal\">\n<p><span class=\"typography ids-typeset-body ids-typeset-caption--preset-medium ids-work-details__description embed-work-detail-file-title\">Maja Chwali\u0144ska<\/span><span class=\"ids-work-details__caption-signature ids-work-details__caption-signature--horizontal ids-work-details__caption-signature--medium\"><span style=\"--intext-divider-item:&quot;2758&quot;\" class=\"typography ids-typeset-caption ids-typeset-caption--preset-medium ids-with-intext-divider ids-work-details__author ids-work-details__author--medium embed-work-detail-source\">AFP7 v\u00eda Europa Press\/Associated Press<\/span><span style=\"--intext-divider-item:&quot;2758&quot;\" class=\"typography ids-typeset-caption ids-typeset-caption--preset-medium ids-with-intext-divider ids-work-details__source ids-work-details__source--medium embed-work-detail-source\">East News<\/span><\/span><\/p>\n<hr class=\"divider ids-divider ids-divider--with_accented ids-divider--horizontal ids-divider--small ids-divider--accented ids-divider--accented-medium ids-divider--center\" role=\"presentation\"\/><\/figure>\n<\/div>\n<\/div>\n<div data-full-width-on-mobile=\"true\">\n<div class=\"picture-item ids-picture-item ids-picture-item--medium ids-picture-item--hover ids-picture-item--short\">\n<hr class=\"divider ids-divider ids-divider--only_accented ids-divider--horizontal ids-divider--large ids-divider--accented ids-divider--accented-medium ids-divider--center\" role=\"presentation\"\/>\n<div class=\"ids-picture-item__hover-container\"><picture class=\"ids-picture-item__picture\" data-img=\"a-i-img\"><img decoding=\"async\" class=\"ids-image-holder__img\" loading=\"lazy\" alt=\"Tenisistka w czerwonym stroju sportowym odbijaj\u0105ca pi\u0142k\u0119 rakiet\u0105 podczas dynamicznej wymiany na korcie.\" title=\"Maja Chwali\u0144ska\" width=\"2400\" height=\"1600\" src=\"https:\/\/i.iplsc.com\/000LZ03WYCQRN00Y-C323-F4.webp\"\/><\/picture><\/div>\n<figure class=\"work-details ids-work-details ids-work-details--horizontal\">\n<p><span class=\"typography ids-typeset-body ids-typeset-caption--preset-medium ids-work-details__description embed-work-detail-file-title\">Maja Chwali\u0144ska<\/span><span class=\"ids-work-details__caption-signature ids-work-details__caption-signature--horizontal ids-work-details__caption-signature--medium\"><span style=\"--intext-divider-item:&quot;2758&quot;\" class=\"typography ids-typeset-caption ids-typeset-caption--preset-medium ids-with-intext-divider ids-work-details__author ids-work-details__author--medium embed-work-detail-source\">Tomasz Jastrzebowski\/REPORTER <\/span><span style=\"--intext-divider-item:&quot;2758&quot;\" class=\"typography ids-typeset-caption ids-typeset-caption--preset-medium ids-with-intext-divider ids-work-details__source ids-work-details__source--medium embed-work-detail-source\">Reporter<\/span><\/span><\/p>\n<hr class=\"divider ids-divider ids-divider--with_accented ids-divider--horizontal ids-divider--small ids-divider--accented ids-divider--accented-medium ids-divider--center\" role=\"presentation\"\/><\/figure>\n<\/div>\n<\/div>\n<div data-component=\"article-embed-player-VIDEOAUTOEMBED\" data-full-width-on-mobile=\"true\">\n<div class=\"ids-video-player embed-video\">\n<hr class=\"divider ids-divider ids-divider--only_accented ids-divider--horizontal ids-divider--large ids-divider--accented ids-divider--accented-medium ids-divider--center\" role=\"presentation\"\/>\n<figure class=\"work-details ids-work-details ids-work-details--horizontal\">\n<p><span class=\"typography ids-typeset-body ids-typeset-caption--preset-medium ids-work-details__description embed-work-detail-file-title\">Joao Fonseca &#8211; Jannik Sinner. Skr\u00f3t meczu. WIDEO<\/span><span class=\"ids-work-details__caption-signature ids-work-details__caption-signature--horizontal ids-work-details__caption-signature--medium\"><span style=\"--intext-divider-item:&quot;2758&quot;\" class=\"typography ids-typeset-caption ids-typeset-caption--preset-medium ids-with-intext-divider ids-work-details__author ids-work-details__author--medium embed-work-detail-source\">Polsat Sport<\/span><span style=\"--intext-divider-item:&quot;2758&quot;\" class=\"typography ids-typeset-caption ids-typeset-caption--preset-medium ids-with-intext-divider ids-work-details__source ids-work-details__source--medium embed-work-detail-source\">Polsat Sport<\/span><\/span><\/p>\n<hr class=\"divider ids-divider ids-divider--with_accented ids-divider--horizontal ids-divider--small ids-divider--accented ids-divider--accented-medium ids-divider--center\" role=\"presentation\"\/><\/figure>\n<\/div>\n<\/div>\n<footer data-component=\"article-footer\" class=\"sc-f36ec532-0 iaNEPH\">\n<div class=\"ids-page-info__wrapper page-info ids-page-info__wrapper--medium\">\n<div class=\"ids-page-info ids-page-info--medium\"><a class=\"ids-undecorated-link source ids-page-info--source__link\" href=\"https:\/\/www.interia.pl\"><picture><img decoding=\"async\" class=\"ids-image-holder__img\" loading=\"lazy\" alt=\"\" title=\"\" height=\"24px\" src=\"https:\/\/i.iplsc.com\/0009A60QQ5I2TYF7-C202-F4.webp\"\/><\/picture><\/a><\/div>\n<\/div>\n<div data-full-width-on-mobile=\"true\">\n<div class=\"join-and-write ids-join-and-write ids-join-and-write--medium \">\n<p><span class=\"typography ids-typeset-text ids-typeset-text--preset-small\">Masz sugestie, uwagi albo widzisz b\u0142\u0105d?<!-- --> <\/span><button title=\"Napisz do nas\" aria-label=\"open dialog\" aria-haspopup=\"dialog\" aria-expanded=\"false\" aria-controls=\"contact-us-modal\" class=\"ids-contact-us__button\"><span class=\"typography ids-typeset-text ids-typeset-text--preset-small\">Napisz do nas<\/span><\/button><\/p>\n<\/div>\n<\/div>\n<\/footer>\n<\/div>\n<p><br \/>\n<br \/><a href=\"https:\/\/sport.interia.pl\/tenis\/news-polska-lekcja-tenisa-w-stylu-swiatek-6-0-i-6-0-mecz-zamkniet,nId,22629565\">Source link <\/a><\/p>\n","protected":false},"excerpt":{"rendered":"<p>Katarzyna Kawa na Riwierze Tureckiej sp\u0119dza ju\u017c trzeci tydzie\u0144, poprzedni zako\u0144czy\u0142a na p\u00f3\u0142finale WTA 125 Megasaray Hotels Open, w obecnym zameldowa\u0142a si\u0119 ju\u017c w 1\/8 fina\u0142u. W efektownym stylu rozbi\u0142a Greczynk\u0119 Despin\u0119 Papamichail 6:1, 6:3, pierwsz\u0105 pi\u0142k\u0119 meczow\u0105 mia\u0142a po 59 minutach gry. Podobnego scenariusza, mo\u017ce jeszcze bardziej okaza\u0142ego w kontek\u015bcie wynikowym, mo\u017cna si\u0119 by\u0142o [&hellip;]<\/p>\n","protected":false},"author":1,"featured_media":93943,"comment_status":"closed","ping_status":"","sticky":false,"template":"","format":"standard","meta":{"googlesitekit_rrm_CAow2JLhCw:productID":"","_gspb_post_css":"","maa_idioma":"","maa_pais":"","footnotes":""},"categories":[2725],"tags":[22361,17445,22360,22359,17444,4688,4515],"class_list":["post-93942","post","type-post","status-publish","format-standard","has-post-thumbnail","hentry","category-europe","tag-antalyi","tag-chwalinska","tag-finalu","tag-grala","tag-maja","tag-tenis","tag-wta"],"blocksy_meta":[],"yoast_head":"<!-- This site is optimized with the Yoast SEO Premium plugin v27.6 (Yoast SEO v27.6) - https:\/\/yoast.com\/product\/yoast-seo-premium-wordpress\/ -->\n<title>Tenis. Maja Chwali\u0144ska gra\u0142a o 1\/8 fina\u0142u WTA 125 w Antalyi - Ubirat\u00e3 Online Not\u00edcias - A realidade ao seu alcance!<\/title>\n<meta name=\"description\" content=\"Katarzyna Kawa na Riwierze Tureckiej sp\u0119dza ju\u017c trzeci tydzie\u0144, poprzedni zako\u0144czy\u0142a na p\u00f3\u0142finale WTA 125 Megasaray Hotels Open, w obecnym zameldowa\u0142a si\u0119\" \/>\n<meta name=\"robots\" content=\"index, follow, max-snippet:-1, max-image-preview:large, max-video-preview:-1\" \/>\n<link rel=\"canonical\" href=\"https:\/\/ubirataonline.com.br\/en\/tenis-maja-chwalinska-grala-o-1-8-finalu-wta-125-w-antalyi\/\" \/>\n<meta property=\"og:locale\" content=\"en_US\" \/>\n<meta property=\"og:type\" content=\"article\" \/>\n<meta property=\"og:title\" content=\"Tenis. Maja Chwali\u0144ska gra\u0142a o 1\/8 fina\u0142u WTA 125 w Antalyi\" \/>\n<meta property=\"og:description\" content=\"Katarzyna Kawa na Riwierze Tureckiej sp\u0119dza ju\u017c trzeci tydzie\u0144, poprzedni zako\u0144czy\u0142a na p\u00f3\u0142finale WTA 125 Megasaray Hotels Open, w obecnym zameldowa\u0142a si\u0119\" \/>\n<meta property=\"og:url\" content=\"https:\/\/ubirataonline.com.br\/en\/tenis-maja-chwalinska-grala-o-1-8-finalu-wta-125-w-antalyi\/\" \/>\n<meta property=\"og:site_name\" content=\"Ubirat\u00e3 Online Not\u00edcias - A realidade ao seu alcance!\" \/>\n<meta property=\"article:publisher\" content=\"https:\/\/www.facebook.com\/portalubirataonline\" \/>\n<meta property=\"article:author\" content=\"https:\/\/www.facebook.com\/portalubirataonline\" \/>\n<meta property=\"article:published_time\" content=\"2026-03-12T08:06:35+00:00\" \/>\n<meta property=\"article:modified_time\" content=\"2026-03-12T08:06:40+00:00\" \/>\n<meta property=\"og:image\" content=\"https:\/\/ubirataonline.com.br\/wp-content\/uploads\/2026\/03\/Tenis-Maja-Chwalinska-grala-o-18-finalu-WTA-125-w.jpg\" \/>\n\t<meta property=\"og:image:width\" content=\"1280\" \/>\n\t<meta property=\"og:image:height\" content=\"674\" \/>\n\t<meta property=\"og:image:type\" content=\"image\/jpeg\" \/>\n<meta name=\"author\" content=\"REDA\u00c7\u00c3O: UBIRAT\u00c3 ONLINE - F\u00c1BIO AUGUSTO CELESTINO\" \/>\n<meta name=\"twitter:card\" content=\"summary_large_image\" \/>\n<meta name=\"twitter:creator\" content=\"@x.com\/ubirataonline\" \/>\n<meta name=\"twitter:site\" content=\"@ubirataonline\" \/>\n<meta name=\"twitter:label1\" content=\"Written by\" \/>\n\t<meta name=\"twitter:data1\" content=\"REDA\u00c7\u00c3O: UBIRAT\u00c3 ONLINE - F\u00c1BIO AUGUSTO CELESTINO\" \/>\n\t<meta name=\"twitter:label2\" content=\"Est. reading time\" \/>\n\t<meta name=\"twitter:data2\" content=\"3 minutes\" \/>\n<script type=\"application\/ld+json\" class=\"yoast-schema-graph\">{\"@context\":\"https:\\\/\\\/schema.org\",\"@graph\":[{\"@type\":\"NewsArticle\",\"@id\":\"https:\\\/\\\/ubirataonline.com.br\\\/tenis-maja-chwalinska-grala-o-1-8-finalu-wta-125-w-antalyi\\\/#article\",\"isPartOf\":{\"@id\":\"https:\\\/\\\/ubirataonline.com.br\\\/tenis-maja-chwalinska-grala-o-1-8-finalu-wta-125-w-antalyi\\\/\"},\"author\":{\"name\":\"REDA\u00c7\u00c3O: UBIRAT\u00c3 ONLINE - F\u00c1BIO AUGUSTO CELESTINO\",\"@id\":\"https:\\\/\\\/ubirataonline.com.br\\\/#\\\/schema\\\/person\\\/372f87bbd3fdd79b8556b84c98d0bc1c\"},\"headline\":\"Tenis. Maja Chwali\u0144ska gra\u0142a o 1\\\/8 fina\u0142u WTA 125 w Antalyi\",\"datePublished\":\"2026-03-12T08:06:35+00:00\",\"dateModified\":\"2026-03-12T08:06:40+00:00\",\"mainEntityOfPage\":{\"@id\":\"https:\\\/\\\/ubirataonline.com.br\\\/tenis-maja-chwalinska-grala-o-1-8-finalu-wta-125-w-antalyi\\\/\"},\"wordCount\":705,\"publisher\":{\"@id\":\"https:\\\/\\\/ubirataonline.com.br\\\/#organization\"},\"image\":{\"@id\":\"https:\\\/\\\/ubirataonline.com.br\\\/tenis-maja-chwalinska-grala-o-1-8-finalu-wta-125-w-antalyi\\\/#primaryimage\"},\"thumbnailUrl\":\"https:\\\/\\\/ubirataonline.com.br\\\/wp-content\\\/uploads\\\/2026\\\/03\\\/Tenis-Maja-Chwalinska-grala-o-18-finalu-WTA-125-w.jpg\",\"keywords\":[\"Antalyi\",\"Chwalinska\",\"fina\u0142u\",\"gra\u0142a\",\"Maja\",\"t\u00eanis\",\"WTA\"],\"articleSection\":[\"Europe\"],\"inLanguage\":\"en-US\",\"copyrightYear\":\"2026\",\"copyrightHolder\":{\"@id\":\"https:\\\/\\\/ubirataonline.com.br\\\/en\\\/#organization\"}},{\"@type\":\"WebPage\",\"@id\":\"https:\\\/\\\/ubirataonline.com.br\\\/tenis-maja-chwalinska-grala-o-1-8-finalu-wta-125-w-antalyi\\\/\",\"url\":\"https:\\\/\\\/ubirataonline.com.br\\\/tenis-maja-chwalinska-grala-o-1-8-finalu-wta-125-w-antalyi\\\/\",\"name\":\"Tenis. Maja Chwali\u0144ska gra\u0142a o 1\\\/8 fina\u0142u WTA 125 w Antalyi - Ubirat\u00e3 Online Not\u00edcias - A realidade ao seu alcance!\",\"isPartOf\":{\"@id\":\"https:\\\/\\\/ubirataonline.com.br\\\/#website\"},\"primaryImageOfPage\":{\"@id\":\"https:\\\/\\\/ubirataonline.com.br\\\/tenis-maja-chwalinska-grala-o-1-8-finalu-wta-125-w-antalyi\\\/#primaryimage\"},\"image\":{\"@id\":\"https:\\\/\\\/ubirataonline.com.br\\\/tenis-maja-chwalinska-grala-o-1-8-finalu-wta-125-w-antalyi\\\/#primaryimage\"},\"thumbnailUrl\":\"https:\\\/\\\/ubirataonline.com.br\\\/wp-content\\\/uploads\\\/2026\\\/03\\\/Tenis-Maja-Chwalinska-grala-o-18-finalu-WTA-125-w.jpg\",\"datePublished\":\"2026-03-12T08:06:35+00:00\",\"dateModified\":\"2026-03-12T08:06:40+00:00\",\"description\":\"Katarzyna Kawa na Riwierze Tureckiej sp\u0119dza ju\u017c trzeci tydzie\u0144, poprzedni zako\u0144czy\u0142a na p\u00f3\u0142finale WTA 125 Megasaray Hotels Open, w obecnym zameldowa\u0142a si\u0119\",\"breadcrumb\":{\"@id\":\"https:\\\/\\\/ubirataonline.com.br\\\/tenis-maja-chwalinska-grala-o-1-8-finalu-wta-125-w-antalyi\\\/#breadcrumb\"},\"inLanguage\":\"en-US\",\"potentialAction\":[{\"@type\":\"ReadAction\",\"target\":[\"https:\\\/\\\/ubirataonline.com.br\\\/tenis-maja-chwalinska-grala-o-1-8-finalu-wta-125-w-antalyi\\\/\"]}]},{\"@type\":\"ImageObject\",\"inLanguage\":\"en-US\",\"@id\":\"https:\\\/\\\/ubirataonline.com.br\\\/tenis-maja-chwalinska-grala-o-1-8-finalu-wta-125-w-antalyi\\\/#primaryimage\",\"url\":\"https:\\\/\\\/ubirataonline.com.br\\\/wp-content\\\/uploads\\\/2026\\\/03\\\/Tenis-Maja-Chwalinska-grala-o-18-finalu-WTA-125-w.jpg\",\"contentUrl\":\"https:\\\/\\\/ubirataonline.com.br\\\/wp-content\\\/uploads\\\/2026\\\/03\\\/Tenis-Maja-Chwalinska-grala-o-18-finalu-WTA-125-w.jpg\",\"width\":1280,\"height\":674,\"caption\":\"Tenis. Maja Chwali\u0144ska gra\u0142a o 1\\\/8 fina\u0142u WTA 125 w Antalyi\"},{\"@type\":\"BreadcrumbList\",\"@id\":\"https:\\\/\\\/ubirataonline.com.br\\\/tenis-maja-chwalinska-grala-o-1-8-finalu-wta-125-w-antalyi\\\/#breadcrumb\",\"itemListElement\":[{\"@type\":\"ListItem\",\"position\":1,\"name\":\"In\u00edcio\",\"item\":\"https:\\\/\\\/ubirataonline.com.br\\\/\"},{\"@type\":\"ListItem\",\"position\":2,\"name\":\"Tenis. Maja Chwali\u0144ska gra\u0142a o 1\\\/8 fina\u0142u WTA 125 w Antalyi\"}]},{\"@type\":\"WebSite\",\"@id\":\"https:\\\/\\\/ubirataonline.com.br\\\/#website\",\"url\":\"https:\\\/\\\/ubirataonline.com.br\\\/\",\"name\":\"Ubirat\u00e3 Online Not\u00edcias\",\"description\":\"Not\u00edcias de Ubirat\u00e3, regi\u00e3o, Brasil e mundo, com informa\u00e7\u00e3o atualizada e compromisso com o leitor.\",\"publisher\":{\"@id\":\"https:\\\/\\\/ubirataonline.com.br\\\/#organization\"},\"alternateName\":\"Ubirat\u00e3 Online\",\"potentialAction\":[{\"@type\":\"SearchAction\",\"target\":{\"@type\":\"EntryPoint\",\"urlTemplate\":\"https:\\\/\\\/ubirataonline.com.br\\\/?s={search_term_string}\"},\"query-input\":{\"@type\":\"PropertyValueSpecification\",\"valueRequired\":true,\"valueName\":\"search_term_string\"}}],\"inLanguage\":\"en-US\"},{\"@type\":[\"Organization\",\"Place\"],\"@id\":\"https:\\\/\\\/ubirataonline.com.br\\\/#organization\",\"name\":\"Ubirat\u00e3 Online Not\u00edcias\",\"alternateName\":\"Ubirat\u00e3 Online\",\"url\":\"https:\\\/\\\/ubirataonline.com.br\\\/\",\"logo\":{\"@id\":\"https:\\\/\\\/ubirataonline.com.br\\\/tenis-maja-chwalinska-grala-o-1-8-finalu-wta-125-w-antalyi\\\/#local-main-organization-logo\"},\"image\":{\"@id\":\"https:\\\/\\\/ubirataonline.com.br\\\/tenis-maja-chwalinska-grala-o-1-8-finalu-wta-125-w-antalyi\\\/#local-main-organization-logo\"},\"sameAs\":[\"https:\\\/\\\/www.facebook.com\\\/portalubirataonline\",\"https:\\\/\\\/x.com\\\/ubirataonline\",\"https:\\\/\\\/mastodon.social\\\/@ubirataonline\",\"https:\\\/\\\/www.facebook.com\\\/groups\\\/311144672285604\",\"https:\\\/\\\/www.facebook.com\\\/UBTAOnline\",\"https:\\\/\\\/www.instagram.com\\\/portalubirataonline\\\/\",\"https:\\\/\\\/twitter.com\\\/ubirataonline\"],\"description\":\"Somos um portal de not\u00edcias independente, criado em 5 de janeiro de 2009, com o objetivo de informar, conectar e valorizar a nossa comunidade de Ubirat\u00e3 e toda aregi\u00e3o. Com conte\u00fado atualizado, confi\u00e1vel e relevante, o Ubirat\u00e3 Online \u00e9 o seu espa\u00e7o para ficar por dentro dos principais acontecimentos locais, regionais, Brasil, Mundo e de interesse geral. Nosso compromisso \u00e9 com a verdade, a transpar\u00eancia e o respeito ao leitor.\",\"legalName\":\"UBIRATA ONLINE NOT\u00cdCIAS\",\"foundingDate\":\"2009-01-05\",\"numberOfEmployees\":{\"@type\":\"QuantitativeValue\",\"minValue\":\"1\",\"maxValue\":\"10\"},\"publishingPrinciples\":\"https:\\\/\\\/ubirataonline.com.br\\\/faq\\\/\",\"address\":{\"@id\":\"https:\\\/\\\/ubirataonline.com.br\\\/tenis-maja-chwalinska-grala-o-1-8-finalu-wta-125-w-antalyi\\\/#local-main-place-address\"},\"geo\":{\"@type\":\"GeoCoordinates\",\"latitude\":\"-24.5361401\",\"longitude\":\"-52.9921776\"},\"telephone\":[\"+5544998308235\"],\"contactPoint\":{\"@type\":\"ContactPoint\",\"email\":\"contato@ubirataonline.com.br\"},\"openingHoursSpecification\":{\"@type\":\"OpeningHoursSpecification\",\"dayOfWeek\":[\"Monday\",\"Tuesday\",\"Wednesday\",\"Thursday\",\"Friday\",\"Saturday\",\"Sunday\"],\"opens\":\"00:00\",\"closes\":\"23:59\"},\"email\":\"contato@ubirataonline.com.br\",\"vatID\":\"47.621.418\\\/0001-80\"},{\"@type\":\"Person\",\"@id\":\"https:\\\/\\\/ubirataonline.com.br\\\/#\\\/schema\\\/person\\\/372f87bbd3fdd79b8556b84c98d0bc1c\",\"name\":\"REDA\u00c7\u00c3O: UBIRAT\u00c3 ONLINE - F\u00c1BIO AUGUSTO CELESTINO\",\"pronouns\":\"Ele\",\"description\":\"Desde 2003 trabalhando com not\u00edcias.\",\"sameAs\":[\"http:\\\/\\\/ubirataoline.com.br\",\"https:\\\/\\\/www.facebook.com\\\/portalubirataonline\",\"https:\\\/\\\/www.instagram.com\\\/ubirataonline_oficial\",\"https:\\\/\\\/x.com\\\/x.com\\\/ubirataonline\"],\"honorificPrefix\":\"Mr.\",\"honorificSuffix\":\"MD\",\"birthDate\":\"1980-06-16\",\"gender\":\"masculino\",\"award\":[\"V\u00e1rios pr\u00eamios de melhor portal da cidade\"],\"jobTitle\":\"Diretor\",\"url\":\"https:\\\/\\\/ubirataonline.com.br\\\/en\\\/author\\\/ubirataonline\\\/\"},{\"@type\":\"PostalAddress\",\"@id\":\"https:\\\/\\\/ubirataonline.com.br\\\/tenis-maja-chwalinska-grala-o-1-8-finalu-wta-125-w-antalyi\\\/#local-main-place-address\",\"streetAddress\":\"Rua dos Coqueiros, 104 - Bairro Boa Vista, Rua dos Coqueiros, 104 Bairro Boa Vista\",\"addressLocality\":\"UBIRATA\",\"postalCode\":\"85440-000\",\"addressRegion\":\"PR\",\"addressCountry\":\"BR\"},{\"@type\":\"ImageObject\",\"inLanguage\":\"en-US\",\"@id\":\"https:\\\/\\\/ubirataonline.com.br\\\/tenis-maja-chwalinska-grala-o-1-8-finalu-wta-125-w-antalyi\\\/#local-main-organization-logo\",\"url\":\"https:\\\/\\\/ubirataonline.com.br\\\/wp-content\\\/uploads\\\/2026\\\/06\\\/logoubirataonline-1.webp\",\"contentUrl\":\"https:\\\/\\\/ubirataonline.com.br\\\/wp-content\\\/uploads\\\/2026\\\/06\\\/logoubirataonline-1.webp\",\"width\":500,\"height\":500,\"caption\":\"Ubirat\u00e3 Online Not\u00edcias\"}]}<\/script>\n<meta name=\"geo.placename\" content=\"UBIRATA\" \/>\n<meta name=\"geo.position\" content=\"-24.5361401;-52.9921776\" \/>\n<meta name=\"geo.region\" content=\"Brazil\" \/>\n<!-- \/ Yoast SEO Premium plugin. -->","yoast_head_json":{"title":"Tenis. Maja Chwali\u0144ska gra\u0142a o 1\/8 fina\u0142u WTA 125 w Antalyi - Ubirat\u00e3 Online Not\u00edcias - A realidade ao seu alcance!","description":"Katarzyna Kawa na Riwierze Tureckiej sp\u0119dza ju\u017c trzeci tydzie\u0144, poprzedni zako\u0144czy\u0142a na p\u00f3\u0142finale WTA 125 Megasaray Hotels Open, w obecnym zameldowa\u0142a si\u0119","robots":{"index":"index","follow":"follow","max-snippet":"max-snippet:-1","max-image-preview":"max-image-preview:large","max-video-preview":"max-video-preview:-1"},"canonical":"https:\/\/ubirataonline.com.br\/en\/tenis-maja-chwalinska-grala-o-1-8-finalu-wta-125-w-antalyi\/","og_locale":"en_US","og_type":"article","og_title":"Tenis. Maja Chwali\u0144ska gra\u0142a o 1\/8 fina\u0142u WTA 125 w Antalyi","og_description":"Katarzyna Kawa na Riwierze Tureckiej sp\u0119dza ju\u017c trzeci tydzie\u0144, poprzedni zako\u0144czy\u0142a na p\u00f3\u0142finale WTA 125 Megasaray Hotels Open, w obecnym zameldowa\u0142a si\u0119","og_url":"https:\/\/ubirataonline.com.br\/en\/tenis-maja-chwalinska-grala-o-1-8-finalu-wta-125-w-antalyi\/","og_site_name":"Ubirat\u00e3 Online Not\u00edcias - A realidade ao seu alcance!","article_publisher":"https:\/\/www.facebook.com\/portalubirataonline","article_author":"https:\/\/www.facebook.com\/portalubirataonline","article_published_time":"2026-03-12T08:06:35+00:00","article_modified_time":"2026-03-12T08:06:40+00:00","og_image":[{"width":1280,"height":674,"url":"https:\/\/ubirataonline.com.br\/wp-content\/uploads\/2026\/03\/Tenis-Maja-Chwalinska-grala-o-18-finalu-WTA-125-w.jpg","type":"image\/jpeg"}],"author":"REDA\u00c7\u00c3O: UBIRAT\u00c3 ONLINE - F\u00c1BIO AUGUSTO CELESTINO","twitter_card":"summary_large_image","twitter_creator":"@x.com\/ubirataonline","twitter_site":"@ubirataonline","twitter_misc":{"Written by":"REDA\u00c7\u00c3O: UBIRAT\u00c3 ONLINE - F\u00c1BIO AUGUSTO CELESTINO","Est. reading time":"3 minutes"},"schema":{"@context":"https:\/\/schema.org","@graph":[{"@type":"NewsArticle","@id":"https:\/\/ubirataonline.com.br\/tenis-maja-chwalinska-grala-o-1-8-finalu-wta-125-w-antalyi\/#article","isPartOf":{"@id":"https:\/\/ubirataonline.com.br\/tenis-maja-chwalinska-grala-o-1-8-finalu-wta-125-w-antalyi\/"},"author":{"name":"REDA\u00c7\u00c3O: UBIRAT\u00c3 ONLINE - F\u00c1BIO AUGUSTO CELESTINO","@id":"https:\/\/ubirataonline.com.br\/#\/schema\/person\/372f87bbd3fdd79b8556b84c98d0bc1c"},"headline":"Tenis. Maja Chwali\u0144ska gra\u0142a o 1\/8 fina\u0142u WTA 125 w Antalyi","datePublished":"2026-03-12T08:06:35+00:00","dateModified":"2026-03-12T08:06:40+00:00","mainEntityOfPage":{"@id":"https:\/\/ubirataonline.com.br\/tenis-maja-chwalinska-grala-o-1-8-finalu-wta-125-w-antalyi\/"},"wordCount":705,"publisher":{"@id":"https:\/\/ubirataonline.com.br\/#organization"},"image":{"@id":"https:\/\/ubirataonline.com.br\/tenis-maja-chwalinska-grala-o-1-8-finalu-wta-125-w-antalyi\/#primaryimage"},"thumbnailUrl":"https:\/\/ubirataonline.com.br\/wp-content\/uploads\/2026\/03\/Tenis-Maja-Chwalinska-grala-o-18-finalu-WTA-125-w.jpg","keywords":["Antalyi","Chwalinska","fina\u0142u","gra\u0142a","Maja","t\u00eanis","WTA"],"articleSection":["Europe"],"inLanguage":"en-US","copyrightYear":"2026","copyrightHolder":{"@id":"https:\/\/ubirataonline.com.br\/en\/#organization"}},{"@type":"WebPage","@id":"https:\/\/ubirataonline.com.br\/tenis-maja-chwalinska-grala-o-1-8-finalu-wta-125-w-antalyi\/","url":"https:\/\/ubirataonline.com.br\/tenis-maja-chwalinska-grala-o-1-8-finalu-wta-125-w-antalyi\/","name":"Tenis. Maja Chwali\u0144ska gra\u0142a o 1\/8 fina\u0142u WTA 125 w Antalyi - Ubirat\u00e3 Online Not\u00edcias - A realidade ao seu alcance!","isPartOf":{"@id":"https:\/\/ubirataonline.com.br\/#website"},"primaryImageOfPage":{"@id":"https:\/\/ubirataonline.com.br\/tenis-maja-chwalinska-grala-o-1-8-finalu-wta-125-w-antalyi\/#primaryimage"},"image":{"@id":"https:\/\/ubirataonline.com.br\/tenis-maja-chwalinska-grala-o-1-8-finalu-wta-125-w-antalyi\/#primaryimage"},"thumbnailUrl":"https:\/\/ubirataonline.com.br\/wp-content\/uploads\/2026\/03\/Tenis-Maja-Chwalinska-grala-o-18-finalu-WTA-125-w.jpg","datePublished":"2026-03-12T08:06:35+00:00","dateModified":"2026-03-12T08:06:40+00:00","description":"Katarzyna Kawa na Riwierze Tureckiej sp\u0119dza ju\u017c trzeci tydzie\u0144, poprzedni zako\u0144czy\u0142a na p\u00f3\u0142finale WTA 125 Megasaray Hotels Open, w obecnym zameldowa\u0142a si\u0119","breadcrumb":{"@id":"https:\/\/ubirataonline.com.br\/tenis-maja-chwalinska-grala-o-1-8-finalu-wta-125-w-antalyi\/#breadcrumb"},"inLanguage":"en-US","potentialAction":[{"@type":"ReadAction","target":["https:\/\/ubirataonline.com.br\/tenis-maja-chwalinska-grala-o-1-8-finalu-wta-125-w-antalyi\/"]}]},{"@type":"ImageObject","inLanguage":"en-US","@id":"https:\/\/ubirataonline.com.br\/tenis-maja-chwalinska-grala-o-1-8-finalu-wta-125-w-antalyi\/#primaryimage","url":"https:\/\/ubirataonline.com.br\/wp-content\/uploads\/2026\/03\/Tenis-Maja-Chwalinska-grala-o-18-finalu-WTA-125-w.jpg","contentUrl":"https:\/\/ubirataonline.com.br\/wp-content\/uploads\/2026\/03\/Tenis-Maja-Chwalinska-grala-o-18-finalu-WTA-125-w.jpg","width":1280,"height":674,"caption":"Tenis. Maja Chwali\u0144ska gra\u0142a o 1\/8 fina\u0142u WTA 125 w Antalyi"},{"@type":"BreadcrumbList","@id":"https:\/\/ubirataonline.com.br\/tenis-maja-chwalinska-grala-o-1-8-finalu-wta-125-w-antalyi\/#breadcrumb","itemListElement":[{"@type":"ListItem","position":1,"name":"In\u00edcio","item":"https:\/\/ubirataonline.com.br\/"},{"@type":"ListItem","position":2,"name":"Tenis. Maja Chwali\u0144ska gra\u0142a o 1\/8 fina\u0142u WTA 125 w Antalyi"}]},{"@type":"WebSite","@id":"https:\/\/ubirataonline.com.br\/#website","url":"https:\/\/ubirataonline.com.br\/","name":"Ubirat\u00e3 Online Not\u00edcias","description":"Not\u00edcias de Ubirat\u00e3, regi\u00e3o, Brasil e mundo, com informa\u00e7\u00e3o atualizada e compromisso com o leitor.","publisher":{"@id":"https:\/\/ubirataonline.com.br\/#organization"},"alternateName":"Ubirat\u00e3 Online","potentialAction":[{"@type":"SearchAction","target":{"@type":"EntryPoint","urlTemplate":"https:\/\/ubirataonline.com.br\/?s={search_term_string}"},"query-input":{"@type":"PropertyValueSpecification","valueRequired":true,"valueName":"search_term_string"}}],"inLanguage":"en-US"},{"@type":["Organization","Place"],"@id":"https:\/\/ubirataonline.com.br\/#organization","name":"Ubirat\u00e3 Online Not\u00edcias","alternateName":"Ubirat\u00e3 Online","url":"https:\/\/ubirataonline.com.br\/","logo":{"@id":"https:\/\/ubirataonline.com.br\/tenis-maja-chwalinska-grala-o-1-8-finalu-wta-125-w-antalyi\/#local-main-organization-logo"},"image":{"@id":"https:\/\/ubirataonline.com.br\/tenis-maja-chwalinska-grala-o-1-8-finalu-wta-125-w-antalyi\/#local-main-organization-logo"},"sameAs":["https:\/\/www.facebook.com\/portalubirataonline","https:\/\/x.com\/ubirataonline","https:\/\/mastodon.social\/@ubirataonline","https:\/\/www.facebook.com\/groups\/311144672285604","https:\/\/www.facebook.com\/UBTAOnline","https:\/\/www.instagram.com\/portalubirataonline\/","https:\/\/twitter.com\/ubirataonline"],"description":"Somos um portal de not\u00edcias independente, criado em 5 de janeiro de 2009, com o objetivo de informar, conectar e valorizar a nossa comunidade de Ubirat\u00e3 e toda aregi\u00e3o. Com conte\u00fado atualizado, confi\u00e1vel e relevante, o Ubirat\u00e3 Online \u00e9 o seu espa\u00e7o para ficar por dentro dos principais acontecimentos locais, regionais, Brasil, Mundo e de interesse geral. Nosso compromisso \u00e9 com a verdade, a transpar\u00eancia e o respeito ao leitor.","legalName":"UBIRATA ONLINE NOT\u00cdCIAS","foundingDate":"2009-01-05","numberOfEmployees":{"@type":"QuantitativeValue","minValue":"1","maxValue":"10"},"publishingPrinciples":"https:\/\/ubirataonline.com.br\/faq\/","address":{"@id":"https:\/\/ubirataonline.com.br\/tenis-maja-chwalinska-grala-o-1-8-finalu-wta-125-w-antalyi\/#local-main-place-address"},"geo":{"@type":"GeoCoordinates","latitude":"-24.5361401","longitude":"-52.9921776"},"telephone":["+5544998308235"],"contactPoint":{"@type":"ContactPoint","email":"contato@ubirataonline.com.br"},"openingHoursSpecification":{"@type":"OpeningHoursSpecification","dayOfWeek":["Monday","Tuesday","Wednesday","Thursday","Friday","Saturday","Sunday"],"opens":"00:00","closes":"23:59"},"email":"contato@ubirataonline.com.br","vatID":"47.621.418\/0001-80"},{"@type":"Person","@id":"https:\/\/ubirataonline.com.br\/#\/schema\/person\/372f87bbd3fdd79b8556b84c98d0bc1c","name":"REDA\u00c7\u00c3O: UBIRAT\u00c3 ONLINE - F\u00c1BIO AUGUSTO CELESTINO","pronouns":"Ele","description":"Desde 2003 trabalhando com not\u00edcias.","sameAs":["http:\/\/ubirataoline.com.br","https:\/\/www.facebook.com\/portalubirataonline","https:\/\/www.instagram.com\/ubirataonline_oficial","https:\/\/x.com\/x.com\/ubirataonline"],"honorificPrefix":"Mr.","honorificSuffix":"MD","birthDate":"1980-06-16","gender":"masculino","award":["V\u00e1rios pr\u00eamios de melhor portal da cidade"],"jobTitle":"Diretor","url":"https:\/\/ubirataonline.com.br\/en\/author\/ubirataonline\/"},{"@type":"PostalAddress","@id":"https:\/\/ubirataonline.com.br\/tenis-maja-chwalinska-grala-o-1-8-finalu-wta-125-w-antalyi\/#local-main-place-address","streetAddress":"Rua dos Coqueiros, 104 - Bairro Boa Vista, Rua dos Coqueiros, 104 Bairro Boa Vista","addressLocality":"UBIRATA","postalCode":"85440-000","addressRegion":"PR","addressCountry":"BR"},{"@type":"ImageObject","inLanguage":"en-US","@id":"https:\/\/ubirataonline.com.br\/tenis-maja-chwalinska-grala-o-1-8-finalu-wta-125-w-antalyi\/#local-main-organization-logo","url":"https:\/\/ubirataonline.com.br\/wp-content\/uploads\/2026\/06\/logoubirataonline-1.webp","contentUrl":"https:\/\/ubirataonline.com.br\/wp-content\/uploads\/2026\/06\/logoubirataonline-1.webp","width":500,"height":500,"caption":"Ubirat\u00e3 Online Not\u00edcias"}]},"geo.placename":"UBIRATA","geo.position":{"lat":"-24.5361401","long":"-52.9921776"},"geo.region":"Brazil"},"_links":{"self":[{"href":"https:\/\/ubirataonline.com.br\/en\/wp-json\/wp\/v2\/posts\/93942","targetHints":{"allow":["GET"]}}],"collection":[{"href":"https:\/\/ubirataonline.com.br\/en\/wp-json\/wp\/v2\/posts"}],"about":[{"href":"https:\/\/ubirataonline.com.br\/en\/wp-json\/wp\/v2\/types\/post"}],"author":[{"embeddable":true,"href":"https:\/\/ubirataonline.com.br\/en\/wp-json\/wp\/v2\/users\/1"}],"replies":[{"embeddable":true,"href":"https:\/\/ubirataonline.com.br\/en\/wp-json\/wp\/v2\/comments?post=93942"}],"version-history":[{"count":0,"href":"https:\/\/ubirataonline.com.br\/en\/wp-json\/wp\/v2\/posts\/93942\/revisions"}],"wp:featuredmedia":[{"embeddable":true,"href":"https:\/\/ubirataonline.com.br\/en\/wp-json\/wp\/v2\/media\/93943"}],"wp:attachment":[{"href":"https:\/\/ubirataonline.com.br\/en\/wp-json\/wp\/v2\/media?parent=93942"}],"wp:term":[{"taxonomy":"category","embeddable":true,"href":"https:\/\/ubirataonline.com.br\/en\/wp-json\/wp\/v2\/categories?post=93942"},{"taxonomy":"post_tag","embeddable":true,"href":"https:\/\/ubirataonline.com.br\/en\/wp-json\/wp\/v2\/tags?post=93942"}],"curies":[{"name":"wp","href":"https:\/\/api.w.org\/{rel}","templated":true}]}}