{"id":94309,"date":"2026-03-13T12:44:55","date_gmt":"2026-03-13T15:44:55","guid":{"rendered":"https:\/\/ubirataonline.com.br\/diesel-entenda-em-5-pontos-a-medida-do-governo-lula-13-03-2026-economia\/"},"modified":"2026-03-13T12:45:06","modified_gmt":"2026-03-13T15:45:06","slug":"diesel-entenda-em-5-pontos-a-medida-do-governo-lula-13-03-2026-economia","status":"publish","type":"post","link":"https:\/\/ubirataonline.com.br\/en\/diesel-entenda-em-5-pontos-a-medida-do-governo-lula-13-03-2026-economia\/","title":{"rendered":"Diesel: Entenda em 5 pontos a medida do governo Lula &#8211; 13\/03\/2026 &#8211; Economia"},"content":{"rendered":"<p><\/p>\n<div data-news-content-text=\"\" data-disable-copy=\"\" data-continue-reading=\"\" data-continue-reading-hide-others=\".js-continue-reading-hidden\" data-age-rating=\"\" itemprop=\"articleBody\">\n<p>O presidente <a href=\"https:\/\/www1.folha.uol.com.br\/folha-topicos\/lula\/\">Luiz In\u00e1cio Lula da Silva<\/a> (PT) anunciou, nesta quinta-feira (12), uma s\u00e9rie de a\u00e7\u00f5es destinadas ao \u00f3leo <a href=\"https:\/\/www1.folha.uol.com.br\/folha-topicos\/diesel\/\">diesel<\/a> em resposta ao aumento dos pre\u00e7os dos combust\u00edveis causado pela <a href=\"https:\/\/www1.folha.uol.com.br\/folha-topicos\/guerra-no-ira\/\">guerra no Ir\u00e3<\/a>.<\/p>\n<p>Um decreto e uma MP (medida provis\u00f3ria) assinados pelo presidente zeram o PIS e a Cofins do \u00f3leo diesel, estabelecem o pagamento de subven\u00e7\u00e3o a produtores e importadores e instituem um imposto de exporta\u00e7\u00e3o de petr\u00f3leo.<\/p>\n<p>Entenda a seguir, em cinco pontos, o contexto em que as mudan\u00e7as foram anunciadas, quais s\u00e3o as novas regras, como elas impactam os consumidores e o que dizem os agentes do setor.<\/p>\n<h2 class=\"c-news__subtitle\" id=\"quais-medidas-foram-anunciadas-o-que-dizem-os-setores-envolvidos-mudancas-para-os-consumidores-ano-eleitoral\">GUERRA NO IR\u00c3 E ANO ELEITORAL<\/h2>\n<p>As a\u00e7\u00f5es anunciadas pelo governo federal s\u00e3o uma resposta \u00e0 disparada dos pre\u00e7os de petr\u00f3leo desde que <a href=\"https:\/\/www1.folha.uol.com.br\/folha-topicos\/estados-unidos\/\">Estados Unidos<\/a> e <a href=\"https:\/\/www1.folha.uol.com.br\/folha-topicos\/israel\/\">Israel<\/a> atacaram o <a href=\"https:\/\/www1.folha.uol.com.br\/folha-topicos\/ira\/\">Ir\u00e3<\/a>. O conflito levou a interrup\u00e7\u00f5es do fluxo de navios pelo estreito de Hormuz, por onde passam 20% da produ\u00e7\u00e3o mundial de petr\u00f3leo e g\u00e1s, e desencadeou uma crise de abastecimento global.<\/p>\n<p>Nesta semana, a commodity chegou a bater<a href=\"https:\/\/www1.folha.uol.com.br\/mercado\/2026\/03\/barril-de-petroleo-supera-os-us-100.shtml\"> US$ 119,46 na segunda-feira (9),<\/a> mas recuou abaixo dos US$ 100 na mesma sess\u00e3o. Os pre\u00e7os voltaram a subir nesta quinta-feira (12) e encerraram o dia cotados acima de US$ 100 pela primeira vez desde 2022, ap\u00f3s nova onda de ataques contra as infraestruturas petrol\u00edferas dos pa\u00edses do golfo P\u00e9rsico.<\/p>\n<p>O aumento ocorreu<a href=\"https:\/\/www1.folha.uol.com.br\/mercado\/2026\/03\/aie-recomenda-liberar-400-milhoes-de-barris-de-petroleo-em-sua-maior-acao-na-historia-diz-agencia.shtml\"> mesmo ap\u00f3s a AIE (Ag\u00eancia Internacional de Energia) ter aprovado a libera\u00e7\u00e3o de 400 milh\u00f5es de barris de petr\u00f3leo de suas reservas, o maior movimento na sua hist\u00f3ria<\/a>.<\/p>\n<p>A disputa presidencial deste ano tamb\u00e9m influenciou a decis\u00e3o, que foi tomada ap\u00f3s o Pal\u00e1cio do Planalto ser informado sobre o risco real de os pre\u00e7os abusivos <a href=\"https:\/\/www1.folha.uol.com.br\/mercado\/2026\/03\/risco-de-greve-de-caminhoneiros-em-ano-eleitoral-levou-governo-a-lancar-pacote-contra-alta-do-diesel.shtml\" rel=\"\" target=\"\">levarem a paralisa\u00e7\u00f5es de caminhoneiros por todo o pa\u00eds<\/a>.<\/p>\n<p>Conforme informa\u00e7\u00f5es obtidas pela <strong>Folha<\/strong>, o receio surgiu com o in\u00edcio da guerra e da volatilidade dos pre\u00e7os do Brent, mas aumentou nas 48 horas anteriores ao an\u00fancio. A preocupa\u00e7\u00e3o \u00e9 que o cen\u00e1rio atual possa ser usado para a <a href=\"https:\/\/www1.folha.uol.com.br\/colunas\/vaivem\/2026\/03\/produtor-de-mato-grosso-ja-paga-29-a-mais-pelo-litro-de-diesel.shtml\">pr\u00e1tica de pre\u00e7os abusivos <\/a>e que isso leve a paralisa\u00e7\u00f5es de motoristas, mexendo com a infla\u00e7\u00e3o e, consequentemente, gerando explora\u00e7\u00e3o pol\u00edtica do assunto.<\/p>\n<p>Um aumento de pre\u00e7os do combust\u00edvel seria especialmente prejudicial a Lula, que tentar\u00e1 reelei\u00e7\u00e3o em outubro. Categorias sens\u00edveis ao encarecimento dos combust\u00edveis, como caminhoneiros e motoristas de aplicativos, s\u00e3o distantes da gest\u00e3o petista.<\/p>\n<p>Em maio de 2018, durante o governo de Michel Temer, a greve de caminhoneiros, motivada pelo aumento no pre\u00e7o do diesel, durou cerca de dez dias, paralisando rodovias em praticamente todo o pa\u00eds. A paralisa\u00e7\u00e3o teve impacto direto no abastecimento de combust\u00edveis, pre\u00e7o do frete rodovi\u00e1rio, de alimentos e produtos.<\/p>\n<h2 class=\"c-news__subtitle\">MEDIDAS ANUNCIADAS<\/h2>\n<p>O governo zerou o PIS e a Cofins do \u00f3leo diesel, instituiu uma subven\u00e7\u00e3o a produtores e importadores e criou um imposto de exporta\u00e7\u00e3o de petr\u00f3leo de 12%.<\/p>\n<p>O ministro da Fazenda, Fernando Haddad, afirmou que as medidas s\u00e3o independentes da pol\u00edtica de pre\u00e7os da Petrobras &#8220;que segue seu ritmo de previsibilidade e sustenta\u00e7\u00e3o da companhia&#8221;.<\/p>\n<div>\n<div data-newsletter-simple=\"\" data-subscript=\"4962\" data-message=\".js-message\" data-button=\".js-button\" data-email=\".js-email\" class=\"c-newsletter rs_skip rs_preserve\">\n<h4 class=\"c-section-title c-section-title--brand c-section-title--small-spaced\">Folha Mercado<\/h4>\n<p class=\"c-newsletter__subtitle\">Receba no seu email o que de mais importante acontece na economia; aberta para n\u00e3o assinantes.<\/p>\n<\/div>\n<\/div>\n<p>Haddad tamb\u00e9m disse que n\u00e3o haver\u00e1 impacto fiscal nas contas p\u00fablicas, pois a estimativa \u00e9 que os R$ 30 bilh\u00f5es perdidos com ren\u00fancia tribut\u00e1ria e subven\u00e7\u00e3o sejam compensados pela arrecada\u00e7\u00e3o com o imposto de exporta\u00e7\u00e3o.<\/p>\n<p>Tanto o ministro da Fazenda quanto o ministro da Casa Civil, <a href=\"https:\/\/www1.folha.uol.com.br\/folha-topicos\/rui-costa\/\">Rui Costa<\/a>, disseram que as medidas estimular\u00e3o refinarias brasileiras a aumentar a produ\u00e7\u00e3o. A l\u00f3gica \u00e9 que, com o imposto de exporta\u00e7\u00e3o, a oferta de petr\u00f3leo para as refinarias nacionais ficar\u00e1 maior.<\/p>\n<p>A taxa de 12% <a href=\"https:\/\/www1.folha.uol.com.br\/mercado\/2026\/03\/ministros-do-governo-falarao-sobre-reducao-do-impacto-do-aumento-do-preco-do-petroleo.shtml\">vai incidir sobre todas as exporta\u00e7\u00f5es<\/a> de petr\u00f3leo no pa\u00eds \u2014que, em 2025, somaram US$ 44,6 bilh\u00f5es (R$ 233 bilh\u00f5es pela cota\u00e7\u00e3o atual).<\/p>\n<h2 class=\"c-news__subtitle\">O QUE DIZEM OS SETORES ENVOLVIDOS<\/h2>\n<p><a href=\"https:\/\/www1.folha.uol.com.br\/mercado\/2026\/03\/setor-de-combustiveis-diz-que-medidas-do-governo-para-conter-alta-do-diesel-sao-insuficientes.shtml\" rel=\"\" target=\"\">As medidas foram consideradas insuficientes pelo setor de combust\u00edveis<\/a> e por segmentos do transporte que vinham cobrando a\u00e7\u00e3o emergencial do governo.<\/p>\n<p>&#8220;A medida resolve parcialmente, mas \u00e9 necess\u00e1rio chamar os governadores para que o governo federal possa discutir a quest\u00e3o da isen\u00e7\u00e3o tamb\u00e9m do ICMS dos estados, como foi feito no governo anterior referente \u00e0 pandemia&#8221;, disse Wallace Landim, um dos l\u00edderes dos caminhoneiros.<\/p>\n<p>O ICMS \u00e9 hoje o principal item de custos no pre\u00e7o final do diesel, fora o pr\u00f3prio combust\u00edvel. O imposto representa R$ 1,17 por litro, o equivalente a 19% do valor pago, em m\u00e9dia, pelo consumidor.<\/p>\n<p>Profissionais do setor destacaram que a diferen\u00e7a entre o pre\u00e7o cobrado pela <a href=\"https:\/\/www1.folha.uol.com.br\/folha-topicos\/petrobras\/\">Petrobras<\/a> e as cota\u00e7\u00f5es internacionais est\u00e1 hoje bem superior ao desconto de R$ 0,64 por litro concedido pelas medidas do governo. A estatal n\u00e3o mexe nos pre\u00e7os do diesel h\u00e1 mais de 300 dias, embora venha repassando parte da alta do produto importado em leil\u00f5es, segundo fontes.<\/p>\n<p>O pa\u00eds importa cerca de um quarto de seu consumo de diesel. Metade das importa\u00e7\u00f5es \u00e9 feita pela Petrobras, e a outra metade, por empresas privadas, que t\u00eam menor disposi\u00e7\u00e3o para segurar pre\u00e7os. Com as medidas desta quinta, elas podem importar o diesel com desconto de R$ 0,64, mas ainda assim com pre\u00e7o bem acima do praticado pela Petrobras.<\/p>\n<p>O IBP (Instituto Brasileiro do <a href=\"https:\/\/www1.folha.uol.com.br\/folha-topicos\/petroleo\/\">Petr\u00f3leo<\/a> e G\u00e1s), que representa as maiores petroleiras com opera\u00e7\u00e3o no pa\u00eds, incluindo a Petrobras, disse em nota que ainda est\u00e1 avaliando os impactos do novo imposto de exporta\u00e7\u00e3o. Em confer\u00eancia com analistas na tarde desta quinta, a petroleira brasileira Brava disse o mesmo.<\/p>\n<p>A not\u00edcia repercutiu de forma diferente nas petroleiras brasileiras listadas em Bolsa. As a\u00e7\u00f5es da <a href=\"https:\/\/www1.folha.uol.com.br\/folha-topicos\/petrobras\/\">Petrobras<\/a> subiram 0,45% e as da Prio, 0,25%, enquanto os pap\u00e9is da Brava tiveram queda de 6,7%.<\/p>\n<h2 class=\"c-news__subtitle\">O QUE MUDA PARA OS CONSUMIDORES<\/h2>\n<p>O governo estima que as medidas reduzir\u00e3o em R$ 0,64 o pre\u00e7o do litro do diesel na bomba, sendo R$ 0,32 referentes \u00e0 isen\u00e7\u00e3o do PIS\/Cofins e R$ 0,32 \u00e0 subven\u00e7\u00e3o, que vale at\u00e9 31 de dezembro e ficar\u00e1 limitada a R$ 10 bilh\u00f5es.<\/p>\n<p><a href=\"https:\/\/www1.folha.uol.com.br\/mercado\/2026\/03\/governo-lula-determina-que-postos-exibam-reducao-do-preco-do-diesel-ao-consumidor.shtml\" rel=\"\" target=\"\">Os postos de combust\u00edveis ser\u00e3o obrigados a anunciar a redu\u00e7\u00e3o do imposto<\/a>. Segundo o governo, os estabelecimentos dever\u00e3o adotar &#8220;sinaliza\u00e7\u00e3o clara e vis\u00edvel ao consumidor, informando a redu\u00e7\u00e3o dos tributos federais e do pre\u00e7o em fun\u00e7\u00e3o da subven\u00e7\u00e3o&#8221;.<\/p>\n<p>A fiscaliza\u00e7\u00e3o dos pre\u00e7os praticados ser\u00e1 feita pela ANP (Ag\u00eancia Nacional de Petr\u00f3leo). O ministro Alexandre Silveira afirmou que o governo abrir\u00e1 dados da Receita Federal para que a ANP fiscalize aumento abusivo de pre\u00e7os ao consumidor. &#8220;A partir de agora, a Receita Federal [adotou] medida fundamental para que a ANP tenha instrumentos de apura\u00e7\u00e3o mais r\u00e1pida de abusos&#8221;.<\/p>\n<h2 class=\"c-news__subtitle\">PARALELOS COM O GOVERNO BOLSONARO<\/h2>\n<p>A MP assinada pelo governo Lula tem semelhan\u00e7as com uma a\u00e7\u00e3o tomada pelo governo de Jair Bolsonaro quatro anos atr\u00e1s. Em mar\u00e7o de 2022, na esteira dos impactos da guerra na Ucr\u00e2nia, Bolsonaro <a href=\"https:\/\/www1.folha.uol.com.br\/mercado\/2022\/03\/bolsonaro-sanciona-projeto-de-lei-que-altera-cobranca-do-icms-sobre-combustiveis.shtml\">sancionou a lei que zerou as al\u00edquotas de PIS\/Cofins sobre o diesel e o g\u00e1s de cozinha<\/a> e <a href=\"https:\/\/www1.folha.uol.com.br\/mercado\/2021\/10\/entenda-o-que-e-o-icms-e-os-efeitos-do-seu-congelamento.shtml\">alterou a cobran\u00e7a do ICMS estadual<\/a> sobre esses itens. A iniciativa gerou um <a href=\"https:\/\/www1.folha.uol.com.br\/mercado\/2023\/06\/stf-forma-maioria-para-validar-acordo-de-r-27-bilhoes-com-estados-para-repor-perdas-de-icms.shtml\">passivo bilion\u00e1rio para a Uni\u00e3o<\/a>, pago pela gest\u00e3o de Lula.<\/p>\n<p>A medida tamb\u00e9m serviu para impulsionar a campanha eleitoral do ent\u00e3o presidente nas elei\u00e7\u00f5es daquele ano.<\/p>\n<p>A determina\u00e7\u00e3o para que postos de gasolina exibam a redu\u00e7\u00e3o de tributos claramente aos consumidores tamb\u00e9m foi adotada pelo governo Bolsonaro quatro anos atr\u00e1s.<\/p>\n<p>Ap\u00f3s a<strong> Folha<\/strong> publicar uma <a href=\"https:\/\/www1.folha.uol.com.br\/mercado\/2026\/03\/lula-reedita-bolsonaro-e-lanca-pacote-para-conter-preco-do-diesel-em-ano-eleitoral.shtml\" rel=\"\" target=\"\">an\u00e1lise que aprofunda a compara\u00e7\u00e3o<\/a>, o Minist\u00e9rio da Fazenda encaminhou uma nota negando qualquer semelhan\u00e7a entre as duas situa\u00e7\u00f5es. &#8220;N\u00e3o h\u00e1 qualquer paralelo entre as medidas anunciadas hoje e aquelas adotadas no governo de Jair Bolsonaro em 2022&#8221;, disse a pasta.<\/p>\n<p>O \u00f3rg\u00e3o afirmou que, h\u00e1 quatro anos, o ent\u00e3o presidente convivia com uma infla\u00e7\u00e3o de dois d\u00edgitos e &#8220;reduziu o ICMS de maneira ilegal&#8221;. &#8220;Foi uma decis\u00e3o unilateral que comprometeu as finan\u00e7as de estados e munic\u00edpios, sem qualquer compensa\u00e7\u00e3o. A conta precisou ser paga por este governo. Agora, com a infla\u00e7\u00e3o sob controle e dentro da meta, o governo Lula adotou um conjunto de medidas para proteger o consumidor, com neutralidade fiscal e sem onerar os estados&#8221;, disse em nota.<\/p>\n<\/p><\/div>\n<p><a href=\"https:\/\/www1.folha.uol.com.br\/mercado\/2026\/03\/entenda-em-5-pontos-as-novas-medidas-do-governo-lula-para-o-diesel.shtml\">Fonte do Artigo <\/a><\/p>\n","protected":false},"excerpt":{"rendered":"<p>O presidente Luiz In\u00e1cio Lula da Silva (PT) anunciou, nesta quinta-feira (12), uma s\u00e9rie de a\u00e7\u00f5es destinadas ao \u00f3leo diesel em resposta ao aumento dos pre\u00e7os dos combust\u00edveis causado pela guerra no Ir\u00e3. Um decreto e uma MP (medida provis\u00f3ria) assinados pelo presidente zeram o PIS e a Cofins do \u00f3leo diesel, estabelecem o pagamento [&hellip;]<\/p>\n","protected":false},"author":1,"featured_media":94310,"comment_status":"closed","ping_status":"","sticky":false,"template":"","format":"standard","meta":{"googlesitekit_rrm_CAow2JLhCw:productID":"","_gspb_post_css":"","maa_idioma":"","maa_pais":"","footnotes":""},"categories":[4],"tags":[19764,1898,3973,1646,1629,5560,7447],"class_list":["post-94309","post","type-post","status-publish","format-standard","has-post-thumbnail","hentry","category-brasil","tag-diesel","tag-economia","tag-entenda","tag-governo","tag-lula","tag-medida","tag-pontos"],"blocksy_meta":[],"yoast_head":"<!-- This site is optimized with the Yoast SEO Premium plugin v27.6 (Yoast SEO v27.6) - https:\/\/yoast.com\/product\/yoast-seo-premium-wordpress\/ -->\n<title>Diesel: Entenda em 5 pontos a medida do governo Lula - 13\/03\/2026 - Economia - Ubirat\u00e3 Online Not\u00edcias - A realidade ao seu alcance!<\/title>\n<meta name=\"description\" content=\"O presidente Luiz In\u00e1cio Lula da Silva (PT) anunciou, nesta quinta-feira (12), uma s\u00e9rie de a\u00e7\u00f5es destinadas ao \u00f3leo diesel em resposta ao aumento dos\" \/>\n<meta name=\"robots\" content=\"index, follow, max-snippet:-1, max-image-preview:large, max-video-preview:-1\" \/>\n<link rel=\"canonical\" href=\"https:\/\/ubirataonline.com.br\/en\/diesel-entenda-em-5-pontos-a-medida-do-governo-lula-13-03-2026-economia\/\" \/>\n<meta property=\"og:locale\" content=\"en_US\" \/>\n<meta property=\"og:type\" content=\"article\" \/>\n<meta property=\"og:title\" content=\"Diesel: Entenda em 5 pontos a medida do governo Lula - 13\/03\/2026 - Economia\" \/>\n<meta property=\"og:description\" content=\"O presidente Luiz In\u00e1cio Lula da Silva (PT) anunciou, nesta quinta-feira (12), uma s\u00e9rie de a\u00e7\u00f5es destinadas ao \u00f3leo diesel em resposta ao aumento dos\" \/>\n<meta property=\"og:url\" content=\"https:\/\/ubirataonline.com.br\/en\/diesel-entenda-em-5-pontos-a-medida-do-governo-lula-13-03-2026-economia\/\" \/>\n<meta property=\"og:site_name\" content=\"Ubirat\u00e3 Online Not\u00edcias - A realidade ao seu alcance!\" \/>\n<meta property=\"article:publisher\" content=\"https:\/\/www.facebook.com\/portalubirataonline\" \/>\n<meta property=\"article:author\" content=\"https:\/\/www.facebook.com\/portalubirataonline\" \/>\n<meta property=\"article:published_time\" content=\"2026-03-13T15:44:55+00:00\" \/>\n<meta property=\"article:modified_time\" content=\"2026-03-13T15:45:06+00:00\" \/>\n<meta property=\"og:image\" content=\"https:\/\/ubirataonline.com.br\/wp-content\/uploads\/2026\/03\/Diesel-Entenda-em-5-pontos-a-medida-do-governo-Lula.jpg\" \/>\n\t<meta property=\"og:image:width\" content=\"2400\" \/>\n\t<meta property=\"og:image:height\" content=\"1600\" \/>\n\t<meta property=\"og:image:type\" content=\"image\/jpeg\" \/>\n<meta name=\"author\" content=\"REDA\u00c7\u00c3O: UBIRAT\u00c3 ONLINE - F\u00c1BIO AUGUSTO CELESTINO\" \/>\n<meta name=\"twitter:card\" content=\"summary_large_image\" \/>\n<meta name=\"twitter:creator\" content=\"@x.com\/ubirataonline\" \/>\n<meta name=\"twitter:site\" content=\"@ubirataonline\" \/>\n<meta name=\"twitter:label1\" content=\"Written by\" \/>\n\t<meta name=\"twitter:data1\" content=\"REDA\u00c7\u00c3O: UBIRAT\u00c3 ONLINE - F\u00c1BIO AUGUSTO CELESTINO\" \/>\n\t<meta name=\"twitter:label2\" content=\"Est. reading time\" \/>\n\t<meta name=\"twitter:data2\" content=\"7 minutes\" \/>\n<script type=\"application\/ld+json\" class=\"yoast-schema-graph\">{\"@context\":\"https:\\\/\\\/schema.org\",\"@graph\":[{\"@type\":\"NewsArticle\",\"@id\":\"https:\\\/\\\/ubirataonline.com.br\\\/diesel-entenda-em-5-pontos-a-medida-do-governo-lula-13-03-2026-economia\\\/#article\",\"isPartOf\":{\"@id\":\"https:\\\/\\\/ubirataonline.com.br\\\/diesel-entenda-em-5-pontos-a-medida-do-governo-lula-13-03-2026-economia\\\/\"},\"author\":{\"name\":\"REDA\u00c7\u00c3O: UBIRAT\u00c3 ONLINE - F\u00c1BIO AUGUSTO CELESTINO\",\"@id\":\"https:\\\/\\\/ubirataonline.com.br\\\/#\\\/schema\\\/person\\\/372f87bbd3fdd79b8556b84c98d0bc1c\"},\"headline\":\"Diesel: Entenda em 5 pontos a medida do governo Lula &#8211; 13\\\/03\\\/2026 &#8211; Economia\",\"datePublished\":\"2026-03-13T15:44:55+00:00\",\"dateModified\":\"2026-03-13T15:45:06+00:00\",\"mainEntityOfPage\":{\"@id\":\"https:\\\/\\\/ubirataonline.com.br\\\/diesel-entenda-em-5-pontos-a-medida-do-governo-lula-13-03-2026-economia\\\/\"},\"wordCount\":1464,\"publisher\":{\"@id\":\"https:\\\/\\\/ubirataonline.com.br\\\/#organization\"},\"image\":{\"@id\":\"https:\\\/\\\/ubirataonline.com.br\\\/diesel-entenda-em-5-pontos-a-medida-do-governo-lula-13-03-2026-economia\\\/#primaryimage\"},\"thumbnailUrl\":\"https:\\\/\\\/ubirataonline.com.br\\\/wp-content\\\/uploads\\\/2026\\\/03\\\/Diesel-Entenda-em-5-pontos-a-medida-do-governo-Lula.jpg\",\"keywords\":[\"diesel\",\"economia\",\"Entenda\",\"Governo\",\"Lula\",\"medida\",\"Pontos\"],\"articleSection\":[\"Brasil\"],\"inLanguage\":\"en-US\",\"copyrightYear\":\"2026\",\"copyrightHolder\":{\"@id\":\"https:\\\/\\\/ubirataonline.com.br\\\/en\\\/#organization\"}},{\"@type\":\"WebPage\",\"@id\":\"https:\\\/\\\/ubirataonline.com.br\\\/diesel-entenda-em-5-pontos-a-medida-do-governo-lula-13-03-2026-economia\\\/\",\"url\":\"https:\\\/\\\/ubirataonline.com.br\\\/diesel-entenda-em-5-pontos-a-medida-do-governo-lula-13-03-2026-economia\\\/\",\"name\":\"Diesel: Entenda em 5 pontos a medida do governo Lula - 13\\\/03\\\/2026 - Economia - Ubirat\u00e3 Online Not\u00edcias - A realidade ao seu alcance!\",\"isPartOf\":{\"@id\":\"https:\\\/\\\/ubirataonline.com.br\\\/#website\"},\"primaryImageOfPage\":{\"@id\":\"https:\\\/\\\/ubirataonline.com.br\\\/diesel-entenda-em-5-pontos-a-medida-do-governo-lula-13-03-2026-economia\\\/#primaryimage\"},\"image\":{\"@id\":\"https:\\\/\\\/ubirataonline.com.br\\\/diesel-entenda-em-5-pontos-a-medida-do-governo-lula-13-03-2026-economia\\\/#primaryimage\"},\"thumbnailUrl\":\"https:\\\/\\\/ubirataonline.com.br\\\/wp-content\\\/uploads\\\/2026\\\/03\\\/Diesel-Entenda-em-5-pontos-a-medida-do-governo-Lula.jpg\",\"datePublished\":\"2026-03-13T15:44:55+00:00\",\"dateModified\":\"2026-03-13T15:45:06+00:00\",\"description\":\"O presidente Luiz In\u00e1cio Lula da Silva (PT) anunciou, nesta quinta-feira (12), uma s\u00e9rie de a\u00e7\u00f5es destinadas ao \u00f3leo diesel em resposta ao aumento dos\",\"breadcrumb\":{\"@id\":\"https:\\\/\\\/ubirataonline.com.br\\\/diesel-entenda-em-5-pontos-a-medida-do-governo-lula-13-03-2026-economia\\\/#breadcrumb\"},\"inLanguage\":\"en-US\",\"potentialAction\":[{\"@type\":\"ReadAction\",\"target\":[\"https:\\\/\\\/ubirataonline.com.br\\\/diesel-entenda-em-5-pontos-a-medida-do-governo-lula-13-03-2026-economia\\\/\"]}]},{\"@type\":\"ImageObject\",\"inLanguage\":\"en-US\",\"@id\":\"https:\\\/\\\/ubirataonline.com.br\\\/diesel-entenda-em-5-pontos-a-medida-do-governo-lula-13-03-2026-economia\\\/#primaryimage\",\"url\":\"https:\\\/\\\/ubirataonline.com.br\\\/wp-content\\\/uploads\\\/2026\\\/03\\\/Diesel-Entenda-em-5-pontos-a-medida-do-governo-Lula.jpg\",\"contentUrl\":\"https:\\\/\\\/ubirataonline.com.br\\\/wp-content\\\/uploads\\\/2026\\\/03\\\/Diesel-Entenda-em-5-pontos-a-medida-do-governo-Lula.jpg\",\"width\":2400,\"height\":1600,\"caption\":\"Detalhe de bombas de combust\u00edveis em posto no centro de S\u00e3o Paulo - Pedro Affonso - 16.dez.24\\\/Folhapress\"},{\"@type\":\"BreadcrumbList\",\"@id\":\"https:\\\/\\\/ubirataonline.com.br\\\/diesel-entenda-em-5-pontos-a-medida-do-governo-lula-13-03-2026-economia\\\/#breadcrumb\",\"itemListElement\":[{\"@type\":\"ListItem\",\"position\":1,\"name\":\"In\u00edcio\",\"item\":\"https:\\\/\\\/ubirataonline.com.br\\\/\"},{\"@type\":\"ListItem\",\"position\":2,\"name\":\"Diesel: Entenda em 5 pontos a medida do governo Lula &#8211; 13\\\/03\\\/2026 &#8211; Economia\"}]},{\"@type\":\"WebSite\",\"@id\":\"https:\\\/\\\/ubirataonline.com.br\\\/#website\",\"url\":\"https:\\\/\\\/ubirataonline.com.br\\\/\",\"name\":\"Ubirat\u00e3 Online Not\u00edcias\",\"description\":\"Not\u00edcias de Ubirat\u00e3, regi\u00e3o, Brasil e mundo, com informa\u00e7\u00e3o atualizada e compromisso com o leitor.\",\"publisher\":{\"@id\":\"https:\\\/\\\/ubirataonline.com.br\\\/#organization\"},\"alternateName\":\"Ubirat\u00e3 Online\",\"potentialAction\":[{\"@type\":\"SearchAction\",\"target\":{\"@type\":\"EntryPoint\",\"urlTemplate\":\"https:\\\/\\\/ubirataonline.com.br\\\/?s={search_term_string}\"},\"query-input\":{\"@type\":\"PropertyValueSpecification\",\"valueRequired\":true,\"valueName\":\"search_term_string\"}}],\"inLanguage\":\"en-US\"},{\"@type\":[\"Organization\",\"Place\"],\"@id\":\"https:\\\/\\\/ubirataonline.com.br\\\/#organization\",\"name\":\"Ubirat\u00e3 Online Not\u00edcias\",\"alternateName\":\"Ubirat\u00e3 Online\",\"url\":\"https:\\\/\\\/ubirataonline.com.br\\\/\",\"logo\":{\"@id\":\"https:\\\/\\\/ubirataonline.com.br\\\/diesel-entenda-em-5-pontos-a-medida-do-governo-lula-13-03-2026-economia\\\/#local-main-organization-logo\"},\"image\":{\"@id\":\"https:\\\/\\\/ubirataonline.com.br\\\/diesel-entenda-em-5-pontos-a-medida-do-governo-lula-13-03-2026-economia\\\/#local-main-organization-logo\"},\"sameAs\":[\"https:\\\/\\\/www.facebook.com\\\/portalubirataonline\",\"https:\\\/\\\/x.com\\\/ubirataonline\",\"https:\\\/\\\/mastodon.social\\\/@ubirataonline\",\"https:\\\/\\\/www.facebook.com\\\/groups\\\/311144672285604\",\"https:\\\/\\\/www.facebook.com\\\/UBTAOnline\",\"https:\\\/\\\/www.instagram.com\\\/portalubirataonline\\\/\",\"https:\\\/\\\/twitter.com\\\/ubirataonline\"],\"description\":\"Somos um portal de not\u00edcias independente, criado em 5 de janeiro de 2009, com o objetivo de informar, conectar e valorizar a nossa comunidade de Ubirat\u00e3 e toda aregi\u00e3o. Com conte\u00fado atualizado, confi\u00e1vel e relevante, o Ubirat\u00e3 Online \u00e9 o seu espa\u00e7o para ficar por dentro dos principais acontecimentos locais, regionais, Brasil, Mundo e de interesse geral. Nosso compromisso \u00e9 com a verdade, a transpar\u00eancia e o respeito ao leitor.\",\"legalName\":\"UBIRATA ONLINE NOT\u00cdCIAS\",\"foundingDate\":\"2009-01-05\",\"numberOfEmployees\":{\"@type\":\"QuantitativeValue\",\"minValue\":\"1\",\"maxValue\":\"10\"},\"publishingPrinciples\":\"https:\\\/\\\/ubirataonline.com.br\\\/faq\\\/\",\"address\":{\"@id\":\"https:\\\/\\\/ubirataonline.com.br\\\/diesel-entenda-em-5-pontos-a-medida-do-governo-lula-13-03-2026-economia\\\/#local-main-place-address\"},\"geo\":{\"@type\":\"GeoCoordinates\",\"latitude\":\"-24.5361401\",\"longitude\":\"-52.9921776\"},\"telephone\":[\"+5544998308235\"],\"contactPoint\":{\"@type\":\"ContactPoint\",\"email\":\"contato@ubirataonline.com.br\"},\"openingHoursSpecification\":{\"@type\":\"OpeningHoursSpecification\",\"dayOfWeek\":[\"Monday\",\"Tuesday\",\"Wednesday\",\"Thursday\",\"Friday\",\"Saturday\",\"Sunday\"],\"opens\":\"00:00\",\"closes\":\"23:59\"},\"email\":\"contato@ubirataonline.com.br\",\"vatID\":\"47.621.418\\\/0001-80\"},{\"@type\":\"Person\",\"@id\":\"https:\\\/\\\/ubirataonline.com.br\\\/#\\\/schema\\\/person\\\/372f87bbd3fdd79b8556b84c98d0bc1c\",\"name\":\"REDA\u00c7\u00c3O: UBIRAT\u00c3 ONLINE - F\u00c1BIO AUGUSTO CELESTINO\",\"pronouns\":\"Ele\",\"description\":\"Desde 2003 trabalhando com not\u00edcias.\",\"sameAs\":[\"http:\\\/\\\/ubirataoline.com.br\",\"https:\\\/\\\/www.facebook.com\\\/portalubirataonline\",\"https:\\\/\\\/www.instagram.com\\\/ubirataonline_oficial\",\"https:\\\/\\\/x.com\\\/x.com\\\/ubirataonline\"],\"honorificPrefix\":\"Mr.\",\"honorificSuffix\":\"MD\",\"birthDate\":\"1980-06-16\",\"gender\":\"masculino\",\"award\":[\"V\u00e1rios pr\u00eamios de melhor portal da cidade\"],\"jobTitle\":\"Diretor\",\"url\":\"https:\\\/\\\/ubirataonline.com.br\\\/en\\\/author\\\/ubirataonline\\\/\"},{\"@type\":\"PostalAddress\",\"@id\":\"https:\\\/\\\/ubirataonline.com.br\\\/diesel-entenda-em-5-pontos-a-medida-do-governo-lula-13-03-2026-economia\\\/#local-main-place-address\",\"streetAddress\":\"Rua dos Coqueiros, 104 - Bairro Boa Vista, Rua dos Coqueiros, 104 Bairro Boa Vista\",\"addressLocality\":\"UBIRATA\",\"postalCode\":\"85440-000\",\"addressRegion\":\"PR\",\"addressCountry\":\"BR\"},{\"@type\":\"ImageObject\",\"inLanguage\":\"en-US\",\"@id\":\"https:\\\/\\\/ubirataonline.com.br\\\/diesel-entenda-em-5-pontos-a-medida-do-governo-lula-13-03-2026-economia\\\/#local-main-organization-logo\",\"url\":\"https:\\\/\\\/ubirataonline.com.br\\\/wp-content\\\/uploads\\\/2026\\\/06\\\/logoubirataonline-1.webp\",\"contentUrl\":\"https:\\\/\\\/ubirataonline.com.br\\\/wp-content\\\/uploads\\\/2026\\\/06\\\/logoubirataonline-1.webp\",\"width\":500,\"height\":500,\"caption\":\"Ubirat\u00e3 Online Not\u00edcias\"}]}<\/script>\n<meta name=\"geo.placename\" content=\"UBIRATA\" \/>\n<meta name=\"geo.position\" content=\"-24.5361401;-52.9921776\" \/>\n<meta name=\"geo.region\" content=\"Brazil\" \/>\n<!-- \/ Yoast SEO Premium plugin. -->","yoast_head_json":{"title":"Diesel: Entenda em 5 pontos a medida do governo Lula - 13\/03\/2026 - Economia - Ubirat\u00e3 Online Not\u00edcias - A realidade ao seu alcance!","description":"O presidente Luiz In\u00e1cio Lula da Silva (PT) anunciou, nesta quinta-feira (12), uma s\u00e9rie de a\u00e7\u00f5es destinadas ao \u00f3leo diesel em resposta ao aumento dos","robots":{"index":"index","follow":"follow","max-snippet":"max-snippet:-1","max-image-preview":"max-image-preview:large","max-video-preview":"max-video-preview:-1"},"canonical":"https:\/\/ubirataonline.com.br\/en\/diesel-entenda-em-5-pontos-a-medida-do-governo-lula-13-03-2026-economia\/","og_locale":"en_US","og_type":"article","og_title":"Diesel: Entenda em 5 pontos a medida do governo Lula - 13\/03\/2026 - Economia","og_description":"O presidente Luiz In\u00e1cio Lula da Silva (PT) anunciou, nesta quinta-feira (12), uma s\u00e9rie de a\u00e7\u00f5es destinadas ao \u00f3leo diesel em resposta ao aumento dos","og_url":"https:\/\/ubirataonline.com.br\/en\/diesel-entenda-em-5-pontos-a-medida-do-governo-lula-13-03-2026-economia\/","og_site_name":"Ubirat\u00e3 Online Not\u00edcias - A realidade ao seu alcance!","article_publisher":"https:\/\/www.facebook.com\/portalubirataonline","article_author":"https:\/\/www.facebook.com\/portalubirataonline","article_published_time":"2026-03-13T15:44:55+00:00","article_modified_time":"2026-03-13T15:45:06+00:00","og_image":[{"width":2400,"height":1600,"url":"https:\/\/ubirataonline.com.br\/wp-content\/uploads\/2026\/03\/Diesel-Entenda-em-5-pontos-a-medida-do-governo-Lula.jpg","type":"image\/jpeg"}],"author":"REDA\u00c7\u00c3O: UBIRAT\u00c3 ONLINE - F\u00c1BIO AUGUSTO CELESTINO","twitter_card":"summary_large_image","twitter_creator":"@x.com\/ubirataonline","twitter_site":"@ubirataonline","twitter_misc":{"Written by":"REDA\u00c7\u00c3O: UBIRAT\u00c3 ONLINE - F\u00c1BIO AUGUSTO CELESTINO","Est. reading time":"7 minutes"},"schema":{"@context":"https:\/\/schema.org","@graph":[{"@type":"NewsArticle","@id":"https:\/\/ubirataonline.com.br\/diesel-entenda-em-5-pontos-a-medida-do-governo-lula-13-03-2026-economia\/#article","isPartOf":{"@id":"https:\/\/ubirataonline.com.br\/diesel-entenda-em-5-pontos-a-medida-do-governo-lula-13-03-2026-economia\/"},"author":{"name":"REDA\u00c7\u00c3O: UBIRAT\u00c3 ONLINE - F\u00c1BIO AUGUSTO CELESTINO","@id":"https:\/\/ubirataonline.com.br\/#\/schema\/person\/372f87bbd3fdd79b8556b84c98d0bc1c"},"headline":"Diesel: Entenda em 5 pontos a medida do governo Lula &#8211; 13\/03\/2026 &#8211; Economia","datePublished":"2026-03-13T15:44:55+00:00","dateModified":"2026-03-13T15:45:06+00:00","mainEntityOfPage":{"@id":"https:\/\/ubirataonline.com.br\/diesel-entenda-em-5-pontos-a-medida-do-governo-lula-13-03-2026-economia\/"},"wordCount":1464,"publisher":{"@id":"https:\/\/ubirataonline.com.br\/#organization"},"image":{"@id":"https:\/\/ubirataonline.com.br\/diesel-entenda-em-5-pontos-a-medida-do-governo-lula-13-03-2026-economia\/#primaryimage"},"thumbnailUrl":"https:\/\/ubirataonline.com.br\/wp-content\/uploads\/2026\/03\/Diesel-Entenda-em-5-pontos-a-medida-do-governo-Lula.jpg","keywords":["diesel","economia","Entenda","Governo","Lula","medida","Pontos"],"articleSection":["Brasil"],"inLanguage":"en-US","copyrightYear":"2026","copyrightHolder":{"@id":"https:\/\/ubirataonline.com.br\/en\/#organization"}},{"@type":"WebPage","@id":"https:\/\/ubirataonline.com.br\/diesel-entenda-em-5-pontos-a-medida-do-governo-lula-13-03-2026-economia\/","url":"https:\/\/ubirataonline.com.br\/diesel-entenda-em-5-pontos-a-medida-do-governo-lula-13-03-2026-economia\/","name":"Diesel: Entenda em 5 pontos a medida do governo Lula - 13\/03\/2026 - Economia - Ubirat\u00e3 Online Not\u00edcias - A realidade ao seu alcance!","isPartOf":{"@id":"https:\/\/ubirataonline.com.br\/#website"},"primaryImageOfPage":{"@id":"https:\/\/ubirataonline.com.br\/diesel-entenda-em-5-pontos-a-medida-do-governo-lula-13-03-2026-economia\/#primaryimage"},"image":{"@id":"https:\/\/ubirataonline.com.br\/diesel-entenda-em-5-pontos-a-medida-do-governo-lula-13-03-2026-economia\/#primaryimage"},"thumbnailUrl":"https:\/\/ubirataonline.com.br\/wp-content\/uploads\/2026\/03\/Diesel-Entenda-em-5-pontos-a-medida-do-governo-Lula.jpg","datePublished":"2026-03-13T15:44:55+00:00","dateModified":"2026-03-13T15:45:06+00:00","description":"O presidente Luiz In\u00e1cio Lula da Silva (PT) anunciou, nesta quinta-feira (12), uma s\u00e9rie de a\u00e7\u00f5es destinadas ao \u00f3leo diesel em resposta ao aumento dos","breadcrumb":{"@id":"https:\/\/ubirataonline.com.br\/diesel-entenda-em-5-pontos-a-medida-do-governo-lula-13-03-2026-economia\/#breadcrumb"},"inLanguage":"en-US","potentialAction":[{"@type":"ReadAction","target":["https:\/\/ubirataonline.com.br\/diesel-entenda-em-5-pontos-a-medida-do-governo-lula-13-03-2026-economia\/"]}]},{"@type":"ImageObject","inLanguage":"en-US","@id":"https:\/\/ubirataonline.com.br\/diesel-entenda-em-5-pontos-a-medida-do-governo-lula-13-03-2026-economia\/#primaryimage","url":"https:\/\/ubirataonline.com.br\/wp-content\/uploads\/2026\/03\/Diesel-Entenda-em-5-pontos-a-medida-do-governo-Lula.jpg","contentUrl":"https:\/\/ubirataonline.com.br\/wp-content\/uploads\/2026\/03\/Diesel-Entenda-em-5-pontos-a-medida-do-governo-Lula.jpg","width":2400,"height":1600,"caption":"Detalhe de bombas de combust\u00edveis em posto no centro de S\u00e3o Paulo - Pedro Affonso - 16.dez.24\/Folhapress"},{"@type":"BreadcrumbList","@id":"https:\/\/ubirataonline.com.br\/diesel-entenda-em-5-pontos-a-medida-do-governo-lula-13-03-2026-economia\/#breadcrumb","itemListElement":[{"@type":"ListItem","position":1,"name":"In\u00edcio","item":"https:\/\/ubirataonline.com.br\/"},{"@type":"ListItem","position":2,"name":"Diesel: Entenda em 5 pontos a medida do governo Lula &#8211; 13\/03\/2026 &#8211; Economia"}]},{"@type":"WebSite","@id":"https:\/\/ubirataonline.com.br\/#website","url":"https:\/\/ubirataonline.com.br\/","name":"Ubirat\u00e3 Online Not\u00edcias","description":"Not\u00edcias de Ubirat\u00e3, regi\u00e3o, Brasil e mundo, com informa\u00e7\u00e3o atualizada e compromisso com o leitor.","publisher":{"@id":"https:\/\/ubirataonline.com.br\/#organization"},"alternateName":"Ubirat\u00e3 Online","potentialAction":[{"@type":"SearchAction","target":{"@type":"EntryPoint","urlTemplate":"https:\/\/ubirataonline.com.br\/?s={search_term_string}"},"query-input":{"@type":"PropertyValueSpecification","valueRequired":true,"valueName":"search_term_string"}}],"inLanguage":"en-US"},{"@type":["Organization","Place"],"@id":"https:\/\/ubirataonline.com.br\/#organization","name":"Ubirat\u00e3 Online Not\u00edcias","alternateName":"Ubirat\u00e3 Online","url":"https:\/\/ubirataonline.com.br\/","logo":{"@id":"https:\/\/ubirataonline.com.br\/diesel-entenda-em-5-pontos-a-medida-do-governo-lula-13-03-2026-economia\/#local-main-organization-logo"},"image":{"@id":"https:\/\/ubirataonline.com.br\/diesel-entenda-em-5-pontos-a-medida-do-governo-lula-13-03-2026-economia\/#local-main-organization-logo"},"sameAs":["https:\/\/www.facebook.com\/portalubirataonline","https:\/\/x.com\/ubirataonline","https:\/\/mastodon.social\/@ubirataonline","https:\/\/www.facebook.com\/groups\/311144672285604","https:\/\/www.facebook.com\/UBTAOnline","https:\/\/www.instagram.com\/portalubirataonline\/","https:\/\/twitter.com\/ubirataonline"],"description":"Somos um portal de not\u00edcias independente, criado em 5 de janeiro de 2009, com o objetivo de informar, conectar e valorizar a nossa comunidade de Ubirat\u00e3 e toda aregi\u00e3o. Com conte\u00fado atualizado, confi\u00e1vel e relevante, o Ubirat\u00e3 Online \u00e9 o seu espa\u00e7o para ficar por dentro dos principais acontecimentos locais, regionais, Brasil, Mundo e de interesse geral. Nosso compromisso \u00e9 com a verdade, a transpar\u00eancia e o respeito ao leitor.","legalName":"UBIRATA ONLINE NOT\u00cdCIAS","foundingDate":"2009-01-05","numberOfEmployees":{"@type":"QuantitativeValue","minValue":"1","maxValue":"10"},"publishingPrinciples":"https:\/\/ubirataonline.com.br\/faq\/","address":{"@id":"https:\/\/ubirataonline.com.br\/diesel-entenda-em-5-pontos-a-medida-do-governo-lula-13-03-2026-economia\/#local-main-place-address"},"geo":{"@type":"GeoCoordinates","latitude":"-24.5361401","longitude":"-52.9921776"},"telephone":["+5544998308235"],"contactPoint":{"@type":"ContactPoint","email":"contato@ubirataonline.com.br"},"openingHoursSpecification":{"@type":"OpeningHoursSpecification","dayOfWeek":["Monday","Tuesday","Wednesday","Thursday","Friday","Saturday","Sunday"],"opens":"00:00","closes":"23:59"},"email":"contato@ubirataonline.com.br","vatID":"47.621.418\/0001-80"},{"@type":"Person","@id":"https:\/\/ubirataonline.com.br\/#\/schema\/person\/372f87bbd3fdd79b8556b84c98d0bc1c","name":"REDA\u00c7\u00c3O: UBIRAT\u00c3 ONLINE - F\u00c1BIO AUGUSTO CELESTINO","pronouns":"Ele","description":"Desde 2003 trabalhando com not\u00edcias.","sameAs":["http:\/\/ubirataoline.com.br","https:\/\/www.facebook.com\/portalubirataonline","https:\/\/www.instagram.com\/ubirataonline_oficial","https:\/\/x.com\/x.com\/ubirataonline"],"honorificPrefix":"Mr.","honorificSuffix":"MD","birthDate":"1980-06-16","gender":"masculino","award":["V\u00e1rios pr\u00eamios de melhor portal da cidade"],"jobTitle":"Diretor","url":"https:\/\/ubirataonline.com.br\/en\/author\/ubirataonline\/"},{"@type":"PostalAddress","@id":"https:\/\/ubirataonline.com.br\/diesel-entenda-em-5-pontos-a-medida-do-governo-lula-13-03-2026-economia\/#local-main-place-address","streetAddress":"Rua dos Coqueiros, 104 - Bairro Boa Vista, Rua dos Coqueiros, 104 Bairro Boa Vista","addressLocality":"UBIRATA","postalCode":"85440-000","addressRegion":"PR","addressCountry":"BR"},{"@type":"ImageObject","inLanguage":"en-US","@id":"https:\/\/ubirataonline.com.br\/diesel-entenda-em-5-pontos-a-medida-do-governo-lula-13-03-2026-economia\/#local-main-organization-logo","url":"https:\/\/ubirataonline.com.br\/wp-content\/uploads\/2026\/06\/logoubirataonline-1.webp","contentUrl":"https:\/\/ubirataonline.com.br\/wp-content\/uploads\/2026\/06\/logoubirataonline-1.webp","width":500,"height":500,"caption":"Ubirat\u00e3 Online Not\u00edcias"}]},"geo.placename":"UBIRATA","geo.position":{"lat":"-24.5361401","long":"-52.9921776"},"geo.region":"Brazil"},"_links":{"self":[{"href":"https:\/\/ubirataonline.com.br\/en\/wp-json\/wp\/v2\/posts\/94309","targetHints":{"allow":["GET"]}}],"collection":[{"href":"https:\/\/ubirataonline.com.br\/en\/wp-json\/wp\/v2\/posts"}],"about":[{"href":"https:\/\/ubirataonline.com.br\/en\/wp-json\/wp\/v2\/types\/post"}],"author":[{"embeddable":true,"href":"https:\/\/ubirataonline.com.br\/en\/wp-json\/wp\/v2\/users\/1"}],"replies":[{"embeddable":true,"href":"https:\/\/ubirataonline.com.br\/en\/wp-json\/wp\/v2\/comments?post=94309"}],"version-history":[{"count":0,"href":"https:\/\/ubirataonline.com.br\/en\/wp-json\/wp\/v2\/posts\/94309\/revisions"}],"wp:featuredmedia":[{"embeddable":true,"href":"https:\/\/ubirataonline.com.br\/en\/wp-json\/wp\/v2\/media\/94310"}],"wp:attachment":[{"href":"https:\/\/ubirataonline.com.br\/en\/wp-json\/wp\/v2\/media?parent=94309"}],"wp:term":[{"taxonomy":"category","embeddable":true,"href":"https:\/\/ubirataonline.com.br\/en\/wp-json\/wp\/v2\/categories?post=94309"},{"taxonomy":"post_tag","embeddable":true,"href":"https:\/\/ubirataonline.com.br\/en\/wp-json\/wp\/v2\/tags?post=94309"}],"curies":[{"name":"wp","href":"https:\/\/api.w.org\/{rel}","templated":true}]}}