{"id":94364,"date":"2026-03-13T16:57:10","date_gmt":"2026-03-13T19:57:10","guid":{"rendered":"https:\/\/ubirataonline.com.br\/entenda-quadro-que-causou-internacao-de-bolsonaro\/"},"modified":"2026-03-13T16:57:20","modified_gmt":"2026-03-13T19:57:20","slug":"entenda-quadro-que-causou-internacao-de-bolsonaro","status":"publish","type":"post","link":"https:\/\/ubirataonline.com.br\/en\/entenda-quadro-que-causou-internacao-de-bolsonaro\/","title":{"rendered":"entenda quadro que causou interna\u00e7\u00e3o de Bolsonaro"},"content":{"rendered":"<p><\/p>\n<div id=\"texto\">\n<p><strong>O ex-presidente Jair Bolsonaro foi internado nesta sexta-feira (13) na Unidade de Terapia Intensiva (UTI) do Hospital DF Star, em Bras\u00edlia, com um quadro de broncopneumonia bacteriana bilateral de prov\u00e1vel origem aspirativa.<\/strong><\/p>\n<p>De acordo com boletim m\u00e9dico, Bolsonaro deu entrada na unidade ap\u00f3s apresentar quadro de febre alta, queda da satura\u00e7\u00e3o de oxig\u00eanio, sudorese e calafrios. Exames de imagens e laboratoriais confirmaram a broncopneumonia bacteriana.<\/p>\n<p>Em entrevista \u00e0 <strong>Ag\u00eancia Brasil<\/strong>, a pneumologista Marcela de Oliveira,\u00a0membro da Comiss\u00e3o Cient\u00edfica de Infec\u00e7\u00f5es Respirat\u00f3rias da Sociedade Brasileira de Pneumologia e Tisiologia,\u00a0explicou que o quadro pode ser considerado potencialmente grave e inspira cuidados.<\/p>\n<p> \u201cA pneumonia \u00e9 a infec\u00e7\u00e3o das vias a\u00e9reas mais terminais, ou seja, quando o agente \u2013 geralmente uma bact\u00e9ria ou um v\u00edrus \u2013 consegue vencer a primeira barreira, que \u00e9 o nariz, a boca, a garganta, os br\u00f4nquios, e chega \u00e0s vias a\u00e9reas mais terminais, na \u00faltima, que \u00e9 o alv\u00e9olo.\u201d<\/p>\n<p>\u201cQuando a infec\u00e7\u00e3o chega l\u00e1, \u00e9 dita pneumonia. Essa \u00e9 a forma realmente mais grave de infec\u00e7\u00e3o das vias respirat\u00f3rias porque \u00e9 l\u00e1 onde ocorre a troca de oxig\u00eanio. Quer dizer que todo o sistema falhou em proteger a entrada desse microrganismo nas vidas respirat\u00f3rias\u201d, completou.<\/p>\n<p>&gt;&gt; Siga o canal da <strong>Ag\u00eancia Brasil <\/strong>no WhatsApp<\/p>\n<p>\u201cO que interfere muito na evolu\u00e7\u00e3o e na forma como a infec\u00e7\u00e3o vai ocorrer \u00e9 a condi\u00e7\u00e3o da pessoa, se ela tem alguma doen\u00e7a que afeta sua imunidade, se ela tem alguma doen\u00e7a n\u00e3o controlada ou que acaba demandando muito do organismo\u201d, disse, ao citar condi\u00e7\u00f5es como diabetes e tabagismo.<\/p>\n<p>Ainda de acordo com a especialista, <strong>os principais sinais e sintomas esperados s\u00e3o tosse, febre e dor no peito, al\u00e9m de prostra\u00e7\u00e3o, falta de apetite e de ar.<\/strong> \u201cNa pessoa com imunidade comprometida, que pode ser pelo fato dela ser idosa, por exemplo, nem sempre h\u00e1 febre.\u201d<\/p>\n<p> \u201cNesses casos, os sintomas s\u00e3o at\u00edpicos e enganam o indiv\u00edduo. Pode ser s\u00f3 uma sonol\u00eancia excessiva, ele est\u00e1 prostrado h\u00e1 dias, n\u00e3o quer comer, tem confus\u00e3o mental, tem v\u00f4mito, tem dor abdominal. Se a pneumonia for principalmente nos l\u00f3bulos inferiores do pulm\u00e3o, ela acaba refletindo um pouco no abdome\u201d, acrescentou a\u00a0pneumologista.<\/p>\n<p>Segundo ela, a\u00a0melhor forma de preven\u00e7\u00e3o para pessoas com mais de 60 anos, por exemplo, \u00e9 a vacina contra a pneumonia e a consulta regular com um profissional de sa\u00fade. \u201cA pr\u00f3pria vacina contra a influenza, que n\u00e3o \u00e9 espec\u00edfica para pneumonia, tamb\u00e9m ajuda. J\u00e1 que a infec\u00e7\u00e3o viral propicia a coinfec\u00e7\u00e3o e evolu\u00e7\u00e3o para pneumonia.\u201d<\/p>\n<p><b>Fonte:<\/b> Ag\u00eancia Brasil<\/p>\n<\/p><\/div>\n<p><a href=\"https:\/\/cgn.inf.br\/noticia\/2061343\/broncopneumonia-entenda-quadro-que-causou-internacao-de-bolsonaro\">Fonte do Artigo <\/a><\/p>","protected":false},"excerpt":{"rendered":"<p>O ex-presidente Jair Bolsonaro foi internado nesta sexta-feira (13) na Unidade de Terapia Intensiva (UTI) do Hospital DF Star, em Bras\u00edlia, com um quadro de broncopneumonia bacteriana bilateral de prov\u00e1vel origem aspirativa. De acordo com boletim m\u00e9dico, Bolsonaro deu entrada na unidade ap\u00f3s apresentar quadro de febre alta, queda da satura\u00e7\u00e3o de oxig\u00eanio, sudorese e [&hellip;]<\/p>\n","protected":false},"author":1,"featured_media":94365,"comment_status":"closed","ping_status":"","sticky":false,"template":"","format":"standard","meta":{"googlesitekit_rrm_CAow2JLhCw:productID":"","_gspb_post_css":"","maa_idioma":"","maa_pais":"","footnotes":""},"categories":[1],"tags":[3026,6281,3973,13630,6439],"class_list":["post-94364","post","type-post","status-publish","format-standard","has-post-thumbnail","hentry","category-ubirata","tag-bolsonaro","tag-causou","tag-entenda","tag-internacao","tag-quadro"],"blocksy_meta":[],"yoast_head":"<!-- This site is optimized with the Yoast SEO Premium plugin v27.6 (Yoast SEO v27.6) - https:\/\/yoast.com\/product\/yoast-seo-premium-wordpress\/ -->\n<title>entenda quadro que causou interna\u00e7\u00e3o de Bolsonaro - Ubirat\u00e3 Online Not\u00edcias - A realidade ao seu alcance!<\/title>\n<meta name=\"description\" content=\"O ex-presidente Jair Bolsonaro foi internado nesta sexta-feira (13) na Unidade de Terapia Intensiva (UTI) do Hospital DF Star, em Bras\u00edlia, com um quadro\" \/>\n<meta name=\"robots\" content=\"index, follow, max-snippet:-1, max-image-preview:large, max-video-preview:-1\" \/>\n<link rel=\"canonical\" href=\"https:\/\/ubirataonline.com.br\/en\/entenda-quadro-que-causou-internacao-de-bolsonaro\/\" \/>\n<meta property=\"og:locale\" content=\"en_US\" \/>\n<meta property=\"og:type\" content=\"article\" \/>\n<meta property=\"og:title\" content=\"entenda quadro que causou interna\u00e7\u00e3o de Bolsonaro\" \/>\n<meta property=\"og:description\" content=\"O ex-presidente Jair Bolsonaro foi internado nesta sexta-feira (13) na Unidade de Terapia Intensiva (UTI) do Hospital DF Star, em Bras\u00edlia, com um quadro\" \/>\n<meta property=\"og:url\" content=\"https:\/\/ubirataonline.com.br\/en\/entenda-quadro-que-causou-internacao-de-bolsonaro\/\" \/>\n<meta property=\"og:site_name\" content=\"Ubirat\u00e3 Online Not\u00edcias - A realidade ao seu alcance!\" \/>\n<meta property=\"article:publisher\" content=\"https:\/\/www.facebook.com\/portalubirataonline\" \/>\n<meta property=\"article:author\" content=\"https:\/\/www.facebook.com\/portalubirataonline\" \/>\n<meta property=\"article:published_time\" content=\"2026-03-13T19:57:10+00:00\" \/>\n<meta property=\"article:modified_time\" content=\"2026-03-13T19:57:20+00:00\" \/>\n<meta property=\"og:image\" content=\"https:\/\/ubirataonline.com.br\/wp-content\/uploads\/2026\/03\/entenda-quadro-que-causou-internacao-de-Bolsonaro.jpg\" \/>\n\t<meta property=\"og:image:width\" content=\"1600\" \/>\n\t<meta property=\"og:image:height\" content=\"800\" \/>\n\t<meta property=\"og:image:type\" content=\"image\/jpeg\" \/>\n<meta name=\"author\" content=\"REDA\u00c7\u00c3O: UBIRAT\u00c3 ONLINE - F\u00c1BIO AUGUSTO CELESTINO\" \/>\n<meta name=\"twitter:card\" content=\"summary_large_image\" \/>\n<meta name=\"twitter:creator\" content=\"@x.com\/ubirataonline\" \/>\n<meta name=\"twitter:site\" content=\"@ubirataonline\" \/>\n<meta name=\"twitter:label1\" content=\"Written by\" \/>\n\t<meta name=\"twitter:data1\" content=\"REDA\u00c7\u00c3O: UBIRAT\u00c3 ONLINE - F\u00c1BIO AUGUSTO CELESTINO\" \/>\n\t<meta name=\"twitter:label2\" content=\"Est. reading time\" \/>\n\t<meta name=\"twitter:data2\" content=\"2 minutes\" \/>\n<script type=\"application\/ld+json\" class=\"yoast-schema-graph\">{\"@context\":\"https:\\\/\\\/schema.org\",\"@graph\":[{\"@type\":\"NewsArticle\",\"@id\":\"https:\\\/\\\/ubirataonline.com.br\\\/entenda-quadro-que-causou-internacao-de-bolsonaro\\\/#article\",\"isPartOf\":{\"@id\":\"https:\\\/\\\/ubirataonline.com.br\\\/entenda-quadro-que-causou-internacao-de-bolsonaro\\\/\"},\"author\":{\"name\":\"REDA\u00c7\u00c3O: UBIRAT\u00c3 ONLINE - F\u00c1BIO AUGUSTO CELESTINO\",\"@id\":\"https:\\\/\\\/ubirataonline.com.br\\\/#\\\/schema\\\/person\\\/372f87bbd3fdd79b8556b84c98d0bc1c\"},\"headline\":\"entenda quadro que causou interna\u00e7\u00e3o de Bolsonaro\",\"datePublished\":\"2026-03-13T19:57:10+00:00\",\"dateModified\":\"2026-03-13T19:57:20+00:00\",\"mainEntityOfPage\":{\"@id\":\"https:\\\/\\\/ubirataonline.com.br\\\/entenda-quadro-que-causou-internacao-de-bolsonaro\\\/\"},\"wordCount\":467,\"publisher\":{\"@id\":\"https:\\\/\\\/ubirataonline.com.br\\\/#organization\"},\"image\":{\"@id\":\"https:\\\/\\\/ubirataonline.com.br\\\/entenda-quadro-que-causou-internacao-de-bolsonaro\\\/#primaryimage\"},\"thumbnailUrl\":\"https:\\\/\\\/ubirataonline.com.br\\\/wp-content\\\/uploads\\\/2026\\\/03\\\/entenda-quadro-que-causou-internacao-de-Bolsonaro.jpg\",\"keywords\":[\"Bolsonaro\",\"causou\",\"Entenda\",\"interna\u00e7\u00e3o\",\"Quadro\"],\"articleSection\":[\"Ubirat\u00e3\"],\"inLanguage\":\"en-US\",\"copyrightYear\":\"2026\",\"copyrightHolder\":{\"@id\":\"https:\\\/\\\/ubirataonline.com.br\\\/en\\\/#organization\"}},{\"@type\":\"WebPage\",\"@id\":\"https:\\\/\\\/ubirataonline.com.br\\\/entenda-quadro-que-causou-internacao-de-bolsonaro\\\/\",\"url\":\"https:\\\/\\\/ubirataonline.com.br\\\/entenda-quadro-que-causou-internacao-de-bolsonaro\\\/\",\"name\":\"entenda quadro que causou interna\u00e7\u00e3o de Bolsonaro - Ubirat\u00e3 Online Not\u00edcias - A realidade ao seu alcance!\",\"isPartOf\":{\"@id\":\"https:\\\/\\\/ubirataonline.com.br\\\/#website\"},\"primaryImageOfPage\":{\"@id\":\"https:\\\/\\\/ubirataonline.com.br\\\/entenda-quadro-que-causou-internacao-de-bolsonaro\\\/#primaryimage\"},\"image\":{\"@id\":\"https:\\\/\\\/ubirataonline.com.br\\\/entenda-quadro-que-causou-internacao-de-bolsonaro\\\/#primaryimage\"},\"thumbnailUrl\":\"https:\\\/\\\/ubirataonline.com.br\\\/wp-content\\\/uploads\\\/2026\\\/03\\\/entenda-quadro-que-causou-internacao-de-Bolsonaro.jpg\",\"datePublished\":\"2026-03-13T19:57:10+00:00\",\"dateModified\":\"2026-03-13T19:57:20+00:00\",\"description\":\"O ex-presidente Jair Bolsonaro foi internado nesta sexta-feira (13) na Unidade de Terapia Intensiva (UTI) do Hospital DF Star, em Bras\u00edlia, com um quadro\",\"breadcrumb\":{\"@id\":\"https:\\\/\\\/ubirataonline.com.br\\\/entenda-quadro-que-causou-internacao-de-bolsonaro\\\/#breadcrumb\"},\"inLanguage\":\"en-US\",\"potentialAction\":[{\"@type\":\"ReadAction\",\"target\":[\"https:\\\/\\\/ubirataonline.com.br\\\/entenda-quadro-que-causou-internacao-de-bolsonaro\\\/\"]}]},{\"@type\":\"ImageObject\",\"inLanguage\":\"en-US\",\"@id\":\"https:\\\/\\\/ubirataonline.com.br\\\/entenda-quadro-que-causou-internacao-de-bolsonaro\\\/#primaryimage\",\"url\":\"https:\\\/\\\/ubirataonline.com.br\\\/wp-content\\\/uploads\\\/2026\\\/03\\\/entenda-quadro-que-causou-internacao-de-Bolsonaro.jpg\",\"contentUrl\":\"https:\\\/\\\/ubirataonline.com.br\\\/wp-content\\\/uploads\\\/2026\\\/03\\\/entenda-quadro-que-causou-internacao-de-Bolsonaro.jpg\",\"width\":1600,\"height\":800,\"caption\":\"\"},{\"@type\":\"BreadcrumbList\",\"@id\":\"https:\\\/\\\/ubirataonline.com.br\\\/entenda-quadro-que-causou-internacao-de-bolsonaro\\\/#breadcrumb\",\"itemListElement\":[{\"@type\":\"ListItem\",\"position\":1,\"name\":\"In\u00edcio\",\"item\":\"https:\\\/\\\/ubirataonline.com.br\\\/\"},{\"@type\":\"ListItem\",\"position\":2,\"name\":\"entenda quadro que causou interna\u00e7\u00e3o de Bolsonaro\"}]},{\"@type\":\"WebSite\",\"@id\":\"https:\\\/\\\/ubirataonline.com.br\\\/#website\",\"url\":\"https:\\\/\\\/ubirataonline.com.br\\\/\",\"name\":\"Ubirat\u00e3 Online Not\u00edcias\",\"description\":\"Not\u00edcias de Ubirat\u00e3, regi\u00e3o, Brasil e mundo, com informa\u00e7\u00e3o atualizada e compromisso com o leitor.\",\"publisher\":{\"@id\":\"https:\\\/\\\/ubirataonline.com.br\\\/#organization\"},\"alternateName\":\"Ubirat\u00e3 Online\",\"potentialAction\":[{\"@type\":\"SearchAction\",\"target\":{\"@type\":\"EntryPoint\",\"urlTemplate\":\"https:\\\/\\\/ubirataonline.com.br\\\/?s={search_term_string}\"},\"query-input\":{\"@type\":\"PropertyValueSpecification\",\"valueRequired\":true,\"valueName\":\"search_term_string\"}}],\"inLanguage\":\"en-US\"},{\"@type\":[\"Organization\",\"Place\"],\"@id\":\"https:\\\/\\\/ubirataonline.com.br\\\/#organization\",\"name\":\"Ubirat\u00e3 Online Not\u00edcias\",\"alternateName\":\"Ubirat\u00e3 Online\",\"url\":\"https:\\\/\\\/ubirataonline.com.br\\\/\",\"logo\":{\"@id\":\"https:\\\/\\\/ubirataonline.com.br\\\/entenda-quadro-que-causou-internacao-de-bolsonaro\\\/#local-main-organization-logo\"},\"image\":{\"@id\":\"https:\\\/\\\/ubirataonline.com.br\\\/entenda-quadro-que-causou-internacao-de-bolsonaro\\\/#local-main-organization-logo\"},\"sameAs\":[\"https:\\\/\\\/www.facebook.com\\\/portalubirataonline\",\"https:\\\/\\\/x.com\\\/ubirataonline\",\"https:\\\/\\\/mastodon.social\\\/@ubirataonline\",\"https:\\\/\\\/www.facebook.com\\\/groups\\\/311144672285604\",\"https:\\\/\\\/www.facebook.com\\\/UBTAOnline\",\"https:\\\/\\\/www.instagram.com\\\/portalubirataonline\\\/\",\"https:\\\/\\\/twitter.com\\\/ubirataonline\"],\"description\":\"Somos um portal de not\u00edcias independente, criado em 5 de janeiro de 2009, com o objetivo de informar, conectar e valorizar a nossa comunidade de Ubirat\u00e3 e toda aregi\u00e3o. Com conte\u00fado atualizado, confi\u00e1vel e relevante, o Ubirat\u00e3 Online \u00e9 o seu espa\u00e7o para ficar por dentro dos principais acontecimentos locais, regionais, Brasil, Mundo e de interesse geral. Nosso compromisso \u00e9 com a verdade, a transpar\u00eancia e o respeito ao leitor.\",\"legalName\":\"UBIRATA ONLINE NOT\u00cdCIAS\",\"foundingDate\":\"2009-01-05\",\"numberOfEmployees\":{\"@type\":\"QuantitativeValue\",\"minValue\":\"1\",\"maxValue\":\"10\"},\"publishingPrinciples\":\"https:\\\/\\\/ubirataonline.com.br\\\/faq\\\/\",\"address\":{\"@id\":\"https:\\\/\\\/ubirataonline.com.br\\\/entenda-quadro-que-causou-internacao-de-bolsonaro\\\/#local-main-place-address\"},\"geo\":{\"@type\":\"GeoCoordinates\",\"latitude\":\"-24.5361401\",\"longitude\":\"-52.9921776\"},\"telephone\":[\"+5544998308235\"],\"contactPoint\":{\"@type\":\"ContactPoint\",\"email\":\"contato@ubirataonline.com.br\"},\"openingHoursSpecification\":{\"@type\":\"OpeningHoursSpecification\",\"dayOfWeek\":[\"Monday\",\"Tuesday\",\"Wednesday\",\"Thursday\",\"Friday\",\"Saturday\",\"Sunday\"],\"opens\":\"00:00\",\"closes\":\"23:59\"},\"email\":\"contato@ubirataonline.com.br\",\"vatID\":\"47.621.418\\\/0001-80\"},{\"@type\":\"Person\",\"@id\":\"https:\\\/\\\/ubirataonline.com.br\\\/#\\\/schema\\\/person\\\/372f87bbd3fdd79b8556b84c98d0bc1c\",\"name\":\"REDA\u00c7\u00c3O: UBIRAT\u00c3 ONLINE - F\u00c1BIO AUGUSTO CELESTINO\",\"pronouns\":\"Ele\",\"description\":\"Desde 2003 trabalhando com not\u00edcias.\",\"sameAs\":[\"http:\\\/\\\/ubirataoline.com.br\",\"https:\\\/\\\/www.facebook.com\\\/portalubirataonline\",\"https:\\\/\\\/www.instagram.com\\\/ubirataonline_oficial\",\"https:\\\/\\\/x.com\\\/x.com\\\/ubirataonline\"],\"honorificPrefix\":\"Mr.\",\"honorificSuffix\":\"MD\",\"birthDate\":\"1980-06-16\",\"gender\":\"masculino\",\"award\":[\"V\u00e1rios pr\u00eamios de melhor portal da cidade\"],\"jobTitle\":\"Diretor\",\"url\":\"https:\\\/\\\/ubirataonline.com.br\\\/en\\\/author\\\/ubirataonline\\\/\"},{\"@type\":\"PostalAddress\",\"@id\":\"https:\\\/\\\/ubirataonline.com.br\\\/entenda-quadro-que-causou-internacao-de-bolsonaro\\\/#local-main-place-address\",\"streetAddress\":\"Rua dos Coqueiros, 104 - Bairro Boa Vista, Rua dos Coqueiros, 104 Bairro Boa Vista\",\"addressLocality\":\"UBIRATA\",\"postalCode\":\"85440-000\",\"addressRegion\":\"PR\",\"addressCountry\":\"BR\"},{\"@type\":\"ImageObject\",\"inLanguage\":\"en-US\",\"@id\":\"https:\\\/\\\/ubirataonline.com.br\\\/entenda-quadro-que-causou-internacao-de-bolsonaro\\\/#local-main-organization-logo\",\"url\":\"https:\\\/\\\/ubirataonline.com.br\\\/wp-content\\\/uploads\\\/2026\\\/06\\\/logoubirataonline-1.webp\",\"contentUrl\":\"https:\\\/\\\/ubirataonline.com.br\\\/wp-content\\\/uploads\\\/2026\\\/06\\\/logoubirataonline-1.webp\",\"width\":500,\"height\":500,\"caption\":\"Ubirat\u00e3 Online Not\u00edcias\"}]}<\/script>\n<meta name=\"geo.placename\" content=\"UBIRATA\" \/>\n<meta name=\"geo.position\" content=\"-24.5361401;-52.9921776\" \/>\n<meta name=\"geo.region\" content=\"Brazil\" \/>\n<!-- \/ Yoast SEO Premium plugin. -->","yoast_head_json":{"title":"entenda quadro que causou interna\u00e7\u00e3o de Bolsonaro - Ubirat\u00e3 Online Not\u00edcias - A realidade ao seu alcance!","description":"O ex-presidente Jair Bolsonaro foi internado nesta sexta-feira (13) na Unidade de Terapia Intensiva (UTI) do Hospital DF Star, em Bras\u00edlia, com um quadro","robots":{"index":"index","follow":"follow","max-snippet":"max-snippet:-1","max-image-preview":"max-image-preview:large","max-video-preview":"max-video-preview:-1"},"canonical":"https:\/\/ubirataonline.com.br\/en\/entenda-quadro-que-causou-internacao-de-bolsonaro\/","og_locale":"en_US","og_type":"article","og_title":"entenda quadro que causou interna\u00e7\u00e3o de Bolsonaro","og_description":"O ex-presidente Jair Bolsonaro foi internado nesta sexta-feira (13) na Unidade de Terapia Intensiva (UTI) do Hospital DF Star, em Bras\u00edlia, com um quadro","og_url":"https:\/\/ubirataonline.com.br\/en\/entenda-quadro-que-causou-internacao-de-bolsonaro\/","og_site_name":"Ubirat\u00e3 Online Not\u00edcias - A realidade ao seu alcance!","article_publisher":"https:\/\/www.facebook.com\/portalubirataonline","article_author":"https:\/\/www.facebook.com\/portalubirataonline","article_published_time":"2026-03-13T19:57:10+00:00","article_modified_time":"2026-03-13T19:57:20+00:00","og_image":[{"width":1600,"height":800,"url":"https:\/\/ubirataonline.com.br\/wp-content\/uploads\/2026\/03\/entenda-quadro-que-causou-internacao-de-Bolsonaro.jpg","type":"image\/jpeg"}],"author":"REDA\u00c7\u00c3O: UBIRAT\u00c3 ONLINE - F\u00c1BIO AUGUSTO CELESTINO","twitter_card":"summary_large_image","twitter_creator":"@x.com\/ubirataonline","twitter_site":"@ubirataonline","twitter_misc":{"Written by":"REDA\u00c7\u00c3O: UBIRAT\u00c3 ONLINE - F\u00c1BIO AUGUSTO CELESTINO","Est. reading time":"2 minutes"},"schema":{"@context":"https:\/\/schema.org","@graph":[{"@type":"NewsArticle","@id":"https:\/\/ubirataonline.com.br\/entenda-quadro-que-causou-internacao-de-bolsonaro\/#article","isPartOf":{"@id":"https:\/\/ubirataonline.com.br\/entenda-quadro-que-causou-internacao-de-bolsonaro\/"},"author":{"name":"REDA\u00c7\u00c3O: UBIRAT\u00c3 ONLINE - F\u00c1BIO AUGUSTO CELESTINO","@id":"https:\/\/ubirataonline.com.br\/#\/schema\/person\/372f87bbd3fdd79b8556b84c98d0bc1c"},"headline":"entenda quadro que causou interna\u00e7\u00e3o de Bolsonaro","datePublished":"2026-03-13T19:57:10+00:00","dateModified":"2026-03-13T19:57:20+00:00","mainEntityOfPage":{"@id":"https:\/\/ubirataonline.com.br\/entenda-quadro-que-causou-internacao-de-bolsonaro\/"},"wordCount":467,"publisher":{"@id":"https:\/\/ubirataonline.com.br\/#organization"},"image":{"@id":"https:\/\/ubirataonline.com.br\/entenda-quadro-que-causou-internacao-de-bolsonaro\/#primaryimage"},"thumbnailUrl":"https:\/\/ubirataonline.com.br\/wp-content\/uploads\/2026\/03\/entenda-quadro-que-causou-internacao-de-Bolsonaro.jpg","keywords":["Bolsonaro","causou","Entenda","interna\u00e7\u00e3o","Quadro"],"articleSection":["Ubirat\u00e3"],"inLanguage":"en-US","copyrightYear":"2026","copyrightHolder":{"@id":"https:\/\/ubirataonline.com.br\/en\/#organization"}},{"@type":"WebPage","@id":"https:\/\/ubirataonline.com.br\/entenda-quadro-que-causou-internacao-de-bolsonaro\/","url":"https:\/\/ubirataonline.com.br\/entenda-quadro-que-causou-internacao-de-bolsonaro\/","name":"entenda quadro que causou interna\u00e7\u00e3o de Bolsonaro - Ubirat\u00e3 Online Not\u00edcias - A realidade ao seu alcance!","isPartOf":{"@id":"https:\/\/ubirataonline.com.br\/#website"},"primaryImageOfPage":{"@id":"https:\/\/ubirataonline.com.br\/entenda-quadro-que-causou-internacao-de-bolsonaro\/#primaryimage"},"image":{"@id":"https:\/\/ubirataonline.com.br\/entenda-quadro-que-causou-internacao-de-bolsonaro\/#primaryimage"},"thumbnailUrl":"https:\/\/ubirataonline.com.br\/wp-content\/uploads\/2026\/03\/entenda-quadro-que-causou-internacao-de-Bolsonaro.jpg","datePublished":"2026-03-13T19:57:10+00:00","dateModified":"2026-03-13T19:57:20+00:00","description":"O ex-presidente Jair Bolsonaro foi internado nesta sexta-feira (13) na Unidade de Terapia Intensiva (UTI) do Hospital DF Star, em Bras\u00edlia, com um quadro","breadcrumb":{"@id":"https:\/\/ubirataonline.com.br\/entenda-quadro-que-causou-internacao-de-bolsonaro\/#breadcrumb"},"inLanguage":"en-US","potentialAction":[{"@type":"ReadAction","target":["https:\/\/ubirataonline.com.br\/entenda-quadro-que-causou-internacao-de-bolsonaro\/"]}]},{"@type":"ImageObject","inLanguage":"en-US","@id":"https:\/\/ubirataonline.com.br\/entenda-quadro-que-causou-internacao-de-bolsonaro\/#primaryimage","url":"https:\/\/ubirataonline.com.br\/wp-content\/uploads\/2026\/03\/entenda-quadro-que-causou-internacao-de-Bolsonaro.jpg","contentUrl":"https:\/\/ubirataonline.com.br\/wp-content\/uploads\/2026\/03\/entenda-quadro-que-causou-internacao-de-Bolsonaro.jpg","width":1600,"height":800,"caption":""},{"@type":"BreadcrumbList","@id":"https:\/\/ubirataonline.com.br\/entenda-quadro-que-causou-internacao-de-bolsonaro\/#breadcrumb","itemListElement":[{"@type":"ListItem","position":1,"name":"In\u00edcio","item":"https:\/\/ubirataonline.com.br\/"},{"@type":"ListItem","position":2,"name":"entenda quadro que causou interna\u00e7\u00e3o de Bolsonaro"}]},{"@type":"WebSite","@id":"https:\/\/ubirataonline.com.br\/#website","url":"https:\/\/ubirataonline.com.br\/","name":"Ubirat\u00e3 Online Not\u00edcias","description":"Not\u00edcias de Ubirat\u00e3, regi\u00e3o, Brasil e mundo, com informa\u00e7\u00e3o atualizada e compromisso com o leitor.","publisher":{"@id":"https:\/\/ubirataonline.com.br\/#organization"},"alternateName":"Ubirat\u00e3 Online","potentialAction":[{"@type":"SearchAction","target":{"@type":"EntryPoint","urlTemplate":"https:\/\/ubirataonline.com.br\/?s={search_term_string}"},"query-input":{"@type":"PropertyValueSpecification","valueRequired":true,"valueName":"search_term_string"}}],"inLanguage":"en-US"},{"@type":["Organization","Place"],"@id":"https:\/\/ubirataonline.com.br\/#organization","name":"Ubirat\u00e3 Online Not\u00edcias","alternateName":"Ubirat\u00e3 Online","url":"https:\/\/ubirataonline.com.br\/","logo":{"@id":"https:\/\/ubirataonline.com.br\/entenda-quadro-que-causou-internacao-de-bolsonaro\/#local-main-organization-logo"},"image":{"@id":"https:\/\/ubirataonline.com.br\/entenda-quadro-que-causou-internacao-de-bolsonaro\/#local-main-organization-logo"},"sameAs":["https:\/\/www.facebook.com\/portalubirataonline","https:\/\/x.com\/ubirataonline","https:\/\/mastodon.social\/@ubirataonline","https:\/\/www.facebook.com\/groups\/311144672285604","https:\/\/www.facebook.com\/UBTAOnline","https:\/\/www.instagram.com\/portalubirataonline\/","https:\/\/twitter.com\/ubirataonline"],"description":"Somos um portal de not\u00edcias independente, criado em 5 de janeiro de 2009, com o objetivo de informar, conectar e valorizar a nossa comunidade de Ubirat\u00e3 e toda aregi\u00e3o. Com conte\u00fado atualizado, confi\u00e1vel e relevante, o Ubirat\u00e3 Online \u00e9 o seu espa\u00e7o para ficar por dentro dos principais acontecimentos locais, regionais, Brasil, Mundo e de interesse geral. Nosso compromisso \u00e9 com a verdade, a transpar\u00eancia e o respeito ao leitor.","legalName":"UBIRATA ONLINE NOT\u00cdCIAS","foundingDate":"2009-01-05","numberOfEmployees":{"@type":"QuantitativeValue","minValue":"1","maxValue":"10"},"publishingPrinciples":"https:\/\/ubirataonline.com.br\/faq\/","address":{"@id":"https:\/\/ubirataonline.com.br\/entenda-quadro-que-causou-internacao-de-bolsonaro\/#local-main-place-address"},"geo":{"@type":"GeoCoordinates","latitude":"-24.5361401","longitude":"-52.9921776"},"telephone":["+5544998308235"],"contactPoint":{"@type":"ContactPoint","email":"contato@ubirataonline.com.br"},"openingHoursSpecification":{"@type":"OpeningHoursSpecification","dayOfWeek":["Monday","Tuesday","Wednesday","Thursday","Friday","Saturday","Sunday"],"opens":"00:00","closes":"23:59"},"email":"contato@ubirataonline.com.br","vatID":"47.621.418\/0001-80"},{"@type":"Person","@id":"https:\/\/ubirataonline.com.br\/#\/schema\/person\/372f87bbd3fdd79b8556b84c98d0bc1c","name":"REDA\u00c7\u00c3O: UBIRAT\u00c3 ONLINE - F\u00c1BIO AUGUSTO CELESTINO","pronouns":"Ele","description":"Desde 2003 trabalhando com not\u00edcias.","sameAs":["http:\/\/ubirataoline.com.br","https:\/\/www.facebook.com\/portalubirataonline","https:\/\/www.instagram.com\/ubirataonline_oficial","https:\/\/x.com\/x.com\/ubirataonline"],"honorificPrefix":"Mr.","honorificSuffix":"MD","birthDate":"1980-06-16","gender":"masculino","award":["V\u00e1rios pr\u00eamios de melhor portal da cidade"],"jobTitle":"Diretor","url":"https:\/\/ubirataonline.com.br\/en\/author\/ubirataonline\/"},{"@type":"PostalAddress","@id":"https:\/\/ubirataonline.com.br\/entenda-quadro-que-causou-internacao-de-bolsonaro\/#local-main-place-address","streetAddress":"Rua dos Coqueiros, 104 - Bairro Boa Vista, Rua dos Coqueiros, 104 Bairro Boa Vista","addressLocality":"UBIRATA","postalCode":"85440-000","addressRegion":"PR","addressCountry":"BR"},{"@type":"ImageObject","inLanguage":"en-US","@id":"https:\/\/ubirataonline.com.br\/entenda-quadro-que-causou-internacao-de-bolsonaro\/#local-main-organization-logo","url":"https:\/\/ubirataonline.com.br\/wp-content\/uploads\/2026\/06\/logoubirataonline-1.webp","contentUrl":"https:\/\/ubirataonline.com.br\/wp-content\/uploads\/2026\/06\/logoubirataonline-1.webp","width":500,"height":500,"caption":"Ubirat\u00e3 Online Not\u00edcias"}]},"geo.placename":"UBIRATA","geo.position":{"lat":"-24.5361401","long":"-52.9921776"},"geo.region":"Brazil"},"_links":{"self":[{"href":"https:\/\/ubirataonline.com.br\/en\/wp-json\/wp\/v2\/posts\/94364","targetHints":{"allow":["GET"]}}],"collection":[{"href":"https:\/\/ubirataonline.com.br\/en\/wp-json\/wp\/v2\/posts"}],"about":[{"href":"https:\/\/ubirataonline.com.br\/en\/wp-json\/wp\/v2\/types\/post"}],"author":[{"embeddable":true,"href":"https:\/\/ubirataonline.com.br\/en\/wp-json\/wp\/v2\/users\/1"}],"replies":[{"embeddable":true,"href":"https:\/\/ubirataonline.com.br\/en\/wp-json\/wp\/v2\/comments?post=94364"}],"version-history":[{"count":0,"href":"https:\/\/ubirataonline.com.br\/en\/wp-json\/wp\/v2\/posts\/94364\/revisions"}],"wp:featuredmedia":[{"embeddable":true,"href":"https:\/\/ubirataonline.com.br\/en\/wp-json\/wp\/v2\/media\/94365"}],"wp:attachment":[{"href":"https:\/\/ubirataonline.com.br\/en\/wp-json\/wp\/v2\/media?parent=94364"}],"wp:term":[{"taxonomy":"category","embeddable":true,"href":"https:\/\/ubirataonline.com.br\/en\/wp-json\/wp\/v2\/categories?post=94364"},{"taxonomy":"post_tag","embeddable":true,"href":"https:\/\/ubirataonline.com.br\/en\/wp-json\/wp\/v2\/tags?post=94364"}],"curies":[{"name":"wp","href":"https:\/\/api.w.org\/{rel}","templated":true}]}}