{"id":94375,"date":"2026-03-13T17:47:21","date_gmt":"2026-03-13T20:47:21","guid":{"rendered":"https:\/\/ubirataonline.com.br\/francisco-zanicotti-e-reeleito-para-o-cargo-de-procurador-geral-de-justica-do-ministerio-publico-do-parana\/"},"modified":"2026-03-13T17:47:45","modified_gmt":"2026-03-13T20:47:45","slug":"francisco-zanicotti-e-reeleito-para-o-cargo-de-procurador-geral-de-justica-do-ministerio-publico-do-parana","status":"publish","type":"post","link":"https:\/\/ubirataonline.com.br\/en\/francisco-zanicotti-e-reeleito-para-o-cargo-de-procurador-geral-de-justica-do-ministerio-publico-do-parana\/","title":{"rendered":"Francisco Zanicotti \u00e9 reeleito para o cargo de Procurador-Geral de Justi\u00e7a do Minist\u00e9rio P\u00fablico do Paran\u00e1"},"content":{"rendered":"<p><\/p>\n<div>\n<span data-embed-button=\"midia_embarcada\" data-entity-embed-display=\"view_mode:media.midia_anexada_em_outro_node\" data-entity-embed-display-settings=\"30\" data-entity-type=\"media\" data-entity-uuid=\"551e538e-5e18-48dc-8807-7adcb1a6607c\" class=\"align-right embedded-entity img-mobile\" data-langcode=\"pt-br\" style=\"width:30%;display:block;\"><\/p>\n<p>  <\/span><\/p>\n<p>Em vota\u00e7\u00e3o realizada nesta sexta-feira, 13 de mar\u00e7o, Francisco Zanicotti foi reeleito para o cargo de Procurador-Geral de Justi\u00e7a do Minist\u00e9rio P\u00fablico do Paran\u00e1. Candidato \u00fanico para o bi\u00eanio 2026-2028, Zanicotti recebeu 684 votos, o que representa 89% do total. Participaram do pleito 770 membros da institui\u00e7\u00e3o (dos 803 aptos a votar). Houve 51 votos em branco e 35 nulos.<\/p>\n<p>A apura\u00e7\u00e3o ocorreu no gabinete da Procuradoria-Geral de Justi\u00e7a com a presen\u00e7a de membros e servidores e foi conduzida pelo decano da institui\u00e7\u00e3o e ex-Procurador-Geral de Justi\u00e7a, Milton Riquelme de Macedo, e pelo Promotor de Justi\u00e7a Ivan Barbosa Mendes, Secret\u00e1rio do Conselho Superior.<\/p>\n<p>Na ocasi\u00e3o, Francisco Zanicotti agradeceu a todos e destacou que o resultado conquistado \u00e9 m\u00e9rito do envolvimento de toda a classe e que o novo ciclo ser\u00e1 constru\u00eddo sobre uma atua\u00e7\u00e3o compartilhada, baseada na uni\u00e3o e com o prop\u00f3sito de servir.\u00a0<\/p>\n<p>O Procurador-Geral de Justi\u00e7a em exerc\u00edcio, Armando Ant\u00f4nio Sobreiro Neto, encaminhar\u00e1 of\u00edcio ao Governador do Estado, Carlos Massa Ratinho Junior, comunicando o resultado da elei\u00e7\u00e3o.\u00a0<\/p>\n<p>A cerim\u00f4nia de posse est\u00e1 prevista para 9 de abril, \u00e0s 17 horas, na sede do MPPR, em Curitiba.<\/p>\n<h3>Trajet\u00f3ria<\/h3>\n<p>Francisco Zanicotti assumiu pela primeira vez o cargo de Procurador-Geral de Justi\u00e7a do Minist\u00e9rio P\u00fablico do Paran\u00e1 em 8 de abril de 2024 para o bi\u00eanio 2024-2026. Presidiu a Associa\u00e7\u00e3o Paranaense do Minist\u00e9rio P\u00fablico (APMP) (2013-15) e tamb\u00e9m exerceu as fun\u00e7\u00f5es de Promotor-Corregedor(2004\/05), Coordenador Executivo da Subprocuradoria-Geral de Justi\u00e7a para Assuntos Administrativos (SubAdm) e Diretor-Secret\u00e1rio da Procuradoria-Geral de Justi\u00e7a (2008\/2012).<\/p>\n<p>Atuou nas Promotorias de Justi\u00e7a de S\u00e3o Miguel do Igua\u00e7u, Chopinzinho, Laranjeiras do Sul, Uni\u00e3o da Vit\u00f3ria, S\u00e3o Jos\u00e9 dos Pinhais, Ponta Grossa e Curitiba. Desde 2013, \u00e9 titular da 2\u00aa Promotoria de Justi\u00e7a da Crian\u00e7a e do Adolescente de Curitiba.<\/p>\n<p>\u00c9 graduado em Direito pela Pontif\u00edcia Universidade Cat\u00f3lica do Paran\u00e1 (PUCPR) e em Teologia pela Faculdade Batista do Paran\u00e1, com especializa\u00e7\u00e3o em Pol\u00edticas P\u00fablicas.<\/p>\n<h3>Atribui\u00e7\u00f5es do PGJ<\/h3>\n<p>O Procurador-Geral de Justi\u00e7a \u00e9 o chefe m\u00e1ximo do Minist\u00e9rio P\u00fablico Estadual, com mandato de dois anos, permitida uma recondu\u00e7\u00e3o. Al\u00e9m de conduzir administrativamente o Minist\u00e9rio P\u00fablico Estadual, imprimindo-lhe a pol\u00edtica institucional, \u00e9 do PGJ a compet\u00eancia origin\u00e1ria para propor alguns tipos de a\u00e7\u00f5es, como as que envolvem Ju\u00edzes, Promotores de Justi\u00e7a, Deputados, Prefeitos, Governador, entre outras autoridades do Estado. Tamb\u00e9m preside os \u00f3rg\u00e3os da Administra\u00e7\u00e3o do MP, como o Conselho Superior e o Col\u00e9gio de Procuradores, e tem assento, como representante do Minist\u00e9rio P\u00fablico, nos \u00f3rg\u00e3os superiores da Justi\u00e7a Estadual, como o \u00d3rg\u00e3o Especial do Tribunal de Justi\u00e7a. Integra ainda o Conselho Nacional dos Procuradores-Gerais do Minist\u00e9rio P\u00fablico dos Estados e da Uni\u00e3o. Por fim, \u00e9 atribui\u00e7\u00e3o do Procurador-Geral de Justi\u00e7a encaminhar ao Poder Legislativo os projetos de lei de iniciativa do Minist\u00e9rio P\u00fablico e submeter ao Col\u00e9gio de Procuradores de Justi\u00e7a as propostas de cria\u00e7\u00e3o e extin\u00e7\u00e3o de cargos e servi\u00e7os auxiliares e o or\u00e7amento anual da institui\u00e7\u00e3o.<\/p>\n<\/div>\n<p><a href=\"https:\/\/mppr.mp.br\/Noticia\/Francisco-Zanicotti-e-reeleito-para-o-cargo-de-Procurador-Geral-de-Justica-do-Ministerio\">Source link <\/a><\/p>","protected":false},"excerpt":{"rendered":"<p>Em vota\u00e7\u00e3o realizada nesta sexta-feira, 13 de mar\u00e7o, Francisco Zanicotti foi reeleito para o cargo de Procurador-Geral de Justi\u00e7a do Minist\u00e9rio P\u00fablico do Paran\u00e1. Candidato \u00fanico para o bi\u00eanio 2026-2028, Zanicotti recebeu 684 votos, o que representa 89% do total. Participaram do pleito 770 membros da institui\u00e7\u00e3o (dos 803 aptos a votar). Houve 51 votos [&hellip;]<\/p>\n","protected":false},"author":1,"featured_media":94376,"comment_status":"closed","ping_status":"","sticky":false,"template":"","format":"standard","meta":{"googlesitekit_rrm_CAow2JLhCw:productID":"","_gspb_post_css":"","maa_idioma":"","maa_pais":"","footnotes":""},"categories":[1],"tags":[4373,6550,3684,3438,2904,90,4443,3439,22568,6551],"class_list":["post-94375","post","type-post","status-publish","format-standard","has-post-thumbnail","hentry","category-ubirata","tag-cargo","tag-francisco","tag-justica","tag-ministerio","tag-para","tag-parana","tag-procuradorgeral","tag-publico","tag-reeleito","tag-zanicotti"],"blocksy_meta":[],"yoast_head":"<!-- This site is optimized with the Yoast SEO Premium plugin v27.6 (Yoast SEO v27.6) - https:\/\/yoast.com\/product\/yoast-seo-premium-wordpress\/ -->\n<title>Francisco Zanicotti \u00e9 reeleito para o cargo de Procurador-Geral de Justi\u00e7a do Minist\u00e9rio P\u00fablico do Paran\u00e1 - Ubirat\u00e3 Online Not\u00edcias - A realidade ao seu alcance!<\/title>\n<meta name=\"description\" content=\"Em vota\u00e7\u00e3o realizada nesta sexta-feira, 13 de mar\u00e7o, Francisco Zanicotti foi reeleito para o cargo de Procurador-Geral de Justi\u00e7a do Minist\u00e9rio P\u00fablico do\" \/>\n<meta name=\"robots\" content=\"index, follow, max-snippet:-1, max-image-preview:large, max-video-preview:-1\" \/>\n<link rel=\"canonical\" href=\"https:\/\/ubirataonline.com.br\/en\/francisco-zanicotti-e-reeleito-para-o-cargo-de-procurador-geral-de-justica-do-ministerio-publico-do-parana\/\" \/>\n<meta property=\"og:locale\" content=\"en_US\" \/>\n<meta property=\"og:type\" content=\"article\" \/>\n<meta property=\"og:title\" content=\"Francisco Zanicotti \u00e9 reeleito para o cargo de Procurador-Geral de Justi\u00e7a do Minist\u00e9rio P\u00fablico do Paran\u00e1\" \/>\n<meta property=\"og:description\" content=\"Em vota\u00e7\u00e3o realizada nesta sexta-feira, 13 de mar\u00e7o, Francisco Zanicotti foi reeleito para o cargo de Procurador-Geral de Justi\u00e7a do Minist\u00e9rio P\u00fablico do\" \/>\n<meta property=\"og:url\" content=\"https:\/\/ubirataonline.com.br\/en\/francisco-zanicotti-e-reeleito-para-o-cargo-de-procurador-geral-de-justica-do-ministerio-publico-do-parana\/\" \/>\n<meta property=\"og:site_name\" content=\"Ubirat\u00e3 Online Not\u00edcias - A realidade ao seu alcance!\" \/>\n<meta property=\"article:publisher\" content=\"https:\/\/www.facebook.com\/portalubirataonline\" \/>\n<meta property=\"article:author\" content=\"https:\/\/www.facebook.com\/portalubirataonline\" \/>\n<meta property=\"article:published_time\" content=\"2026-03-13T20:47:21+00:00\" \/>\n<meta property=\"article:modified_time\" content=\"2026-03-13T20:47:45+00:00\" \/>\n<meta property=\"og:image\" content=\"https:\/\/ubirataonline.com.br\/wp-content\/uploads\/2026\/03\/Francisco-Zanicotti-e-reeleito-para-o-cargo-de-Procurador-Geral-de.jpg\" \/>\n\t<meta property=\"og:image:width\" content=\"675\" \/>\n\t<meta property=\"og:image:height\" content=\"450\" \/>\n\t<meta property=\"og:image:type\" content=\"image\/jpeg\" \/>\n<meta name=\"author\" content=\"REDA\u00c7\u00c3O: UBIRAT\u00c3 ONLINE - F\u00c1BIO AUGUSTO CELESTINO\" \/>\n<meta name=\"twitter:card\" content=\"summary_large_image\" \/>\n<meta name=\"twitter:creator\" content=\"@x.com\/ubirataonline\" \/>\n<meta name=\"twitter:site\" content=\"@ubirataonline\" \/>\n<meta name=\"twitter:label1\" content=\"Written by\" \/>\n\t<meta name=\"twitter:data1\" content=\"REDA\u00c7\u00c3O: UBIRAT\u00c3 ONLINE - F\u00c1BIO AUGUSTO CELESTINO\" \/>\n\t<meta name=\"twitter:label2\" content=\"Est. reading time\" \/>\n\t<meta name=\"twitter:data2\" content=\"3 minutes\" \/>\n<script type=\"application\/ld+json\" class=\"yoast-schema-graph\">{\"@context\":\"https:\\\/\\\/schema.org\",\"@graph\":[{\"@type\":\"NewsArticle\",\"@id\":\"https:\\\/\\\/ubirataonline.com.br\\\/francisco-zanicotti-e-reeleito-para-o-cargo-de-procurador-geral-de-justica-do-ministerio-publico-do-parana\\\/#article\",\"isPartOf\":{\"@id\":\"https:\\\/\\\/ubirataonline.com.br\\\/francisco-zanicotti-e-reeleito-para-o-cargo-de-procurador-geral-de-justica-do-ministerio-publico-do-parana\\\/\"},\"author\":{\"name\":\"REDA\u00c7\u00c3O: UBIRAT\u00c3 ONLINE - F\u00c1BIO AUGUSTO CELESTINO\",\"@id\":\"https:\\\/\\\/ubirataonline.com.br\\\/#\\\/schema\\\/person\\\/372f87bbd3fdd79b8556b84c98d0bc1c\"},\"headline\":\"Francisco Zanicotti \u00e9 reeleito para o cargo de Procurador-Geral de Justi\u00e7a do Minist\u00e9rio P\u00fablico do Paran\u00e1\",\"datePublished\":\"2026-03-13T20:47:21+00:00\",\"dateModified\":\"2026-03-13T20:47:45+00:00\",\"mainEntityOfPage\":{\"@id\":\"https:\\\/\\\/ubirataonline.com.br\\\/francisco-zanicotti-e-reeleito-para-o-cargo-de-procurador-geral-de-justica-do-ministerio-publico-do-parana\\\/\"},\"wordCount\":568,\"publisher\":{\"@id\":\"https:\\\/\\\/ubirataonline.com.br\\\/#organization\"},\"image\":{\"@id\":\"https:\\\/\\\/ubirataonline.com.br\\\/francisco-zanicotti-e-reeleito-para-o-cargo-de-procurador-geral-de-justica-do-ministerio-publico-do-parana\\\/#primaryimage\"},\"thumbnailUrl\":\"https:\\\/\\\/ubirataonline.com.br\\\/wp-content\\\/uploads\\\/2026\\\/03\\\/Francisco-Zanicotti-e-reeleito-para-o-cargo-de-Procurador-Geral-de.jpg\",\"keywords\":[\"cargo\",\"Francisco\",\"Justi\u00e7a\",\"Minist\u00e9rio\",\"para\",\"paran\u00e1\",\"ProcuradorGeral\",\"P\u00fablico\",\"reeleito\",\"Zanicotti\"],\"articleSection\":[\"Ubirat\u00e3\"],\"inLanguage\":\"en-US\",\"copyrightYear\":\"2026\",\"copyrightHolder\":{\"@id\":\"https:\\\/\\\/ubirataonline.com.br\\\/en\\\/#organization\"}},{\"@type\":\"WebPage\",\"@id\":\"https:\\\/\\\/ubirataonline.com.br\\\/francisco-zanicotti-e-reeleito-para-o-cargo-de-procurador-geral-de-justica-do-ministerio-publico-do-parana\\\/\",\"url\":\"https:\\\/\\\/ubirataonline.com.br\\\/francisco-zanicotti-e-reeleito-para-o-cargo-de-procurador-geral-de-justica-do-ministerio-publico-do-parana\\\/\",\"name\":\"Francisco Zanicotti \u00e9 reeleito para o cargo de Procurador-Geral de Justi\u00e7a do Minist\u00e9rio P\u00fablico do Paran\u00e1 - Ubirat\u00e3 Online Not\u00edcias - A realidade ao seu alcance!\",\"isPartOf\":{\"@id\":\"https:\\\/\\\/ubirataonline.com.br\\\/#website\"},\"primaryImageOfPage\":{\"@id\":\"https:\\\/\\\/ubirataonline.com.br\\\/francisco-zanicotti-e-reeleito-para-o-cargo-de-procurador-geral-de-justica-do-ministerio-publico-do-parana\\\/#primaryimage\"},\"image\":{\"@id\":\"https:\\\/\\\/ubirataonline.com.br\\\/francisco-zanicotti-e-reeleito-para-o-cargo-de-procurador-geral-de-justica-do-ministerio-publico-do-parana\\\/#primaryimage\"},\"thumbnailUrl\":\"https:\\\/\\\/ubirataonline.com.br\\\/wp-content\\\/uploads\\\/2026\\\/03\\\/Francisco-Zanicotti-e-reeleito-para-o-cargo-de-Procurador-Geral-de.jpg\",\"datePublished\":\"2026-03-13T20:47:21+00:00\",\"dateModified\":\"2026-03-13T20:47:45+00:00\",\"description\":\"Em vota\u00e7\u00e3o realizada nesta sexta-feira, 13 de mar\u00e7o, Francisco Zanicotti foi reeleito para o cargo de Procurador-Geral de Justi\u00e7a do Minist\u00e9rio P\u00fablico do\",\"breadcrumb\":{\"@id\":\"https:\\\/\\\/ubirataonline.com.br\\\/francisco-zanicotti-e-reeleito-para-o-cargo-de-procurador-geral-de-justica-do-ministerio-publico-do-parana\\\/#breadcrumb\"},\"inLanguage\":\"en-US\",\"potentialAction\":[{\"@type\":\"ReadAction\",\"target\":[\"https:\\\/\\\/ubirataonline.com.br\\\/francisco-zanicotti-e-reeleito-para-o-cargo-de-procurador-geral-de-justica-do-ministerio-publico-do-parana\\\/\"]}]},{\"@type\":\"ImageObject\",\"inLanguage\":\"en-US\",\"@id\":\"https:\\\/\\\/ubirataonline.com.br\\\/francisco-zanicotti-e-reeleito-para-o-cargo-de-procurador-geral-de-justica-do-ministerio-publico-do-parana\\\/#primaryimage\",\"url\":\"https:\\\/\\\/ubirataonline.com.br\\\/wp-content\\\/uploads\\\/2026\\\/03\\\/Francisco-Zanicotti-e-reeleito-para-o-cargo-de-Procurador-Geral-de.jpg\",\"contentUrl\":\"https:\\\/\\\/ubirataonline.com.br\\\/wp-content\\\/uploads\\\/2026\\\/03\\\/Francisco-Zanicotti-e-reeleito-para-o-cargo-de-Procurador-Geral-de.jpg\",\"width\":675,\"height\":450,\"caption\":\"Francisco Zanicotti \u00e9 reeleito para o cargo de Procurador-Geral de Justi\u00e7a do Minist\u00e9rio P\u00fablico do Paran\u00e1\"},{\"@type\":\"BreadcrumbList\",\"@id\":\"https:\\\/\\\/ubirataonline.com.br\\\/francisco-zanicotti-e-reeleito-para-o-cargo-de-procurador-geral-de-justica-do-ministerio-publico-do-parana\\\/#breadcrumb\",\"itemListElement\":[{\"@type\":\"ListItem\",\"position\":1,\"name\":\"In\u00edcio\",\"item\":\"https:\\\/\\\/ubirataonline.com.br\\\/\"},{\"@type\":\"ListItem\",\"position\":2,\"name\":\"Francisco Zanicotti \u00e9 reeleito para o cargo de Procurador-Geral de Justi\u00e7a do Minist\u00e9rio P\u00fablico do Paran\u00e1\"}]},{\"@type\":\"WebSite\",\"@id\":\"https:\\\/\\\/ubirataonline.com.br\\\/#website\",\"url\":\"https:\\\/\\\/ubirataonline.com.br\\\/\",\"name\":\"Ubirat\u00e3 Online Not\u00edcias\",\"description\":\"Not\u00edcias de Ubirat\u00e3, regi\u00e3o, Brasil e mundo, com informa\u00e7\u00e3o atualizada e compromisso com o leitor.\",\"publisher\":{\"@id\":\"https:\\\/\\\/ubirataonline.com.br\\\/#organization\"},\"alternateName\":\"Ubirat\u00e3 Online\",\"potentialAction\":[{\"@type\":\"SearchAction\",\"target\":{\"@type\":\"EntryPoint\",\"urlTemplate\":\"https:\\\/\\\/ubirataonline.com.br\\\/?s={search_term_string}\"},\"query-input\":{\"@type\":\"PropertyValueSpecification\",\"valueRequired\":true,\"valueName\":\"search_term_string\"}}],\"inLanguage\":\"en-US\"},{\"@type\":[\"Organization\",\"Place\"],\"@id\":\"https:\\\/\\\/ubirataonline.com.br\\\/#organization\",\"name\":\"Ubirat\u00e3 Online Not\u00edcias\",\"alternateName\":\"Ubirat\u00e3 Online\",\"url\":\"https:\\\/\\\/ubirataonline.com.br\\\/\",\"logo\":{\"@id\":\"https:\\\/\\\/ubirataonline.com.br\\\/francisco-zanicotti-e-reeleito-para-o-cargo-de-procurador-geral-de-justica-do-ministerio-publico-do-parana\\\/#local-main-organization-logo\"},\"image\":{\"@id\":\"https:\\\/\\\/ubirataonline.com.br\\\/francisco-zanicotti-e-reeleito-para-o-cargo-de-procurador-geral-de-justica-do-ministerio-publico-do-parana\\\/#local-main-organization-logo\"},\"sameAs\":[\"https:\\\/\\\/www.facebook.com\\\/portalubirataonline\",\"https:\\\/\\\/x.com\\\/ubirataonline\",\"https:\\\/\\\/mastodon.social\\\/@ubirataonline\",\"https:\\\/\\\/www.facebook.com\\\/groups\\\/311144672285604\",\"https:\\\/\\\/www.facebook.com\\\/UBTAOnline\",\"https:\\\/\\\/www.instagram.com\\\/portalubirataonline\\\/\",\"https:\\\/\\\/twitter.com\\\/ubirataonline\"],\"description\":\"Somos um portal de not\u00edcias independente, criado em 5 de janeiro de 2009, com o objetivo de informar, conectar e valorizar a nossa comunidade de Ubirat\u00e3 e toda aregi\u00e3o. Com conte\u00fado atualizado, confi\u00e1vel e relevante, o Ubirat\u00e3 Online \u00e9 o seu espa\u00e7o para ficar por dentro dos principais acontecimentos locais, regionais, Brasil, Mundo e de interesse geral. Nosso compromisso \u00e9 com a verdade, a transpar\u00eancia e o respeito ao leitor.\",\"legalName\":\"UBIRATA ONLINE NOT\u00cdCIAS\",\"foundingDate\":\"2009-01-05\",\"numberOfEmployees\":{\"@type\":\"QuantitativeValue\",\"minValue\":\"1\",\"maxValue\":\"10\"},\"publishingPrinciples\":\"https:\\\/\\\/ubirataonline.com.br\\\/faq\\\/\",\"address\":{\"@id\":\"https:\\\/\\\/ubirataonline.com.br\\\/francisco-zanicotti-e-reeleito-para-o-cargo-de-procurador-geral-de-justica-do-ministerio-publico-do-parana\\\/#local-main-place-address\"},\"geo\":{\"@type\":\"GeoCoordinates\",\"latitude\":\"-24.5361401\",\"longitude\":\"-52.9921776\"},\"telephone\":[\"+5544998308235\"],\"contactPoint\":{\"@type\":\"ContactPoint\",\"email\":\"contato@ubirataonline.com.br\"},\"openingHoursSpecification\":{\"@type\":\"OpeningHoursSpecification\",\"dayOfWeek\":[\"Monday\",\"Tuesday\",\"Wednesday\",\"Thursday\",\"Friday\",\"Saturday\",\"Sunday\"],\"opens\":\"00:00\",\"closes\":\"23:59\"},\"email\":\"contato@ubirataonline.com.br\",\"vatID\":\"47.621.418\\\/0001-80\"},{\"@type\":\"Person\",\"@id\":\"https:\\\/\\\/ubirataonline.com.br\\\/#\\\/schema\\\/person\\\/372f87bbd3fdd79b8556b84c98d0bc1c\",\"name\":\"REDA\u00c7\u00c3O: UBIRAT\u00c3 ONLINE - F\u00c1BIO AUGUSTO CELESTINO\",\"pronouns\":\"Ele\",\"description\":\"Desde 2003 trabalhando com not\u00edcias.\",\"sameAs\":[\"http:\\\/\\\/ubirataoline.com.br\",\"https:\\\/\\\/www.facebook.com\\\/portalubirataonline\",\"https:\\\/\\\/www.instagram.com\\\/ubirataonline_oficial\",\"https:\\\/\\\/x.com\\\/x.com\\\/ubirataonline\"],\"honorificPrefix\":\"Mr.\",\"honorificSuffix\":\"MD\",\"birthDate\":\"1980-06-16\",\"gender\":\"masculino\",\"award\":[\"V\u00e1rios pr\u00eamios de melhor portal da cidade\"],\"jobTitle\":\"Diretor\",\"url\":\"https:\\\/\\\/ubirataonline.com.br\\\/en\\\/author\\\/ubirataonline\\\/\"},{\"@type\":\"PostalAddress\",\"@id\":\"https:\\\/\\\/ubirataonline.com.br\\\/francisco-zanicotti-e-reeleito-para-o-cargo-de-procurador-geral-de-justica-do-ministerio-publico-do-parana\\\/#local-main-place-address\",\"streetAddress\":\"Rua dos Coqueiros, 104 - Bairro Boa Vista, Rua dos Coqueiros, 104 Bairro Boa Vista\",\"addressLocality\":\"UBIRATA\",\"postalCode\":\"85440-000\",\"addressRegion\":\"PR\",\"addressCountry\":\"BR\"},{\"@type\":\"ImageObject\",\"inLanguage\":\"en-US\",\"@id\":\"https:\\\/\\\/ubirataonline.com.br\\\/francisco-zanicotti-e-reeleito-para-o-cargo-de-procurador-geral-de-justica-do-ministerio-publico-do-parana\\\/#local-main-organization-logo\",\"url\":\"https:\\\/\\\/ubirataonline.com.br\\\/wp-content\\\/uploads\\\/2026\\\/06\\\/logoubirataonline-1.webp\",\"contentUrl\":\"https:\\\/\\\/ubirataonline.com.br\\\/wp-content\\\/uploads\\\/2026\\\/06\\\/logoubirataonline-1.webp\",\"width\":500,\"height\":500,\"caption\":\"Ubirat\u00e3 Online Not\u00edcias\"}]}<\/script>\n<meta name=\"geo.placename\" content=\"UBIRATA\" \/>\n<meta name=\"geo.position\" content=\"-24.5361401;-52.9921776\" \/>\n<meta name=\"geo.region\" content=\"Brazil\" \/>\n<!-- \/ Yoast SEO Premium plugin. -->","yoast_head_json":{"title":"Francisco Zanicotti \u00e9 reeleito para o cargo de Procurador-Geral de Justi\u00e7a do Minist\u00e9rio P\u00fablico do Paran\u00e1 - Ubirat\u00e3 Online Not\u00edcias - A realidade ao seu alcance!","description":"Em vota\u00e7\u00e3o realizada nesta sexta-feira, 13 de mar\u00e7o, Francisco Zanicotti foi reeleito para o cargo de Procurador-Geral de Justi\u00e7a do Minist\u00e9rio P\u00fablico do","robots":{"index":"index","follow":"follow","max-snippet":"max-snippet:-1","max-image-preview":"max-image-preview:large","max-video-preview":"max-video-preview:-1"},"canonical":"https:\/\/ubirataonline.com.br\/en\/francisco-zanicotti-e-reeleito-para-o-cargo-de-procurador-geral-de-justica-do-ministerio-publico-do-parana\/","og_locale":"en_US","og_type":"article","og_title":"Francisco Zanicotti \u00e9 reeleito para o cargo de Procurador-Geral de Justi\u00e7a do Minist\u00e9rio P\u00fablico do Paran\u00e1","og_description":"Em vota\u00e7\u00e3o realizada nesta sexta-feira, 13 de mar\u00e7o, Francisco Zanicotti foi reeleito para o cargo de Procurador-Geral de Justi\u00e7a do Minist\u00e9rio P\u00fablico do","og_url":"https:\/\/ubirataonline.com.br\/en\/francisco-zanicotti-e-reeleito-para-o-cargo-de-procurador-geral-de-justica-do-ministerio-publico-do-parana\/","og_site_name":"Ubirat\u00e3 Online Not\u00edcias - A realidade ao seu alcance!","article_publisher":"https:\/\/www.facebook.com\/portalubirataonline","article_author":"https:\/\/www.facebook.com\/portalubirataonline","article_published_time":"2026-03-13T20:47:21+00:00","article_modified_time":"2026-03-13T20:47:45+00:00","og_image":[{"width":675,"height":450,"url":"https:\/\/ubirataonline.com.br\/wp-content\/uploads\/2026\/03\/Francisco-Zanicotti-e-reeleito-para-o-cargo-de-Procurador-Geral-de.jpg","type":"image\/jpeg"}],"author":"REDA\u00c7\u00c3O: UBIRAT\u00c3 ONLINE - F\u00c1BIO AUGUSTO CELESTINO","twitter_card":"summary_large_image","twitter_creator":"@x.com\/ubirataonline","twitter_site":"@ubirataonline","twitter_misc":{"Written by":"REDA\u00c7\u00c3O: UBIRAT\u00c3 ONLINE - F\u00c1BIO AUGUSTO CELESTINO","Est. reading time":"3 minutes"},"schema":{"@context":"https:\/\/schema.org","@graph":[{"@type":"NewsArticle","@id":"https:\/\/ubirataonline.com.br\/francisco-zanicotti-e-reeleito-para-o-cargo-de-procurador-geral-de-justica-do-ministerio-publico-do-parana\/#article","isPartOf":{"@id":"https:\/\/ubirataonline.com.br\/francisco-zanicotti-e-reeleito-para-o-cargo-de-procurador-geral-de-justica-do-ministerio-publico-do-parana\/"},"author":{"name":"REDA\u00c7\u00c3O: UBIRAT\u00c3 ONLINE - F\u00c1BIO AUGUSTO CELESTINO","@id":"https:\/\/ubirataonline.com.br\/#\/schema\/person\/372f87bbd3fdd79b8556b84c98d0bc1c"},"headline":"Francisco Zanicotti \u00e9 reeleito para o cargo de Procurador-Geral de Justi\u00e7a do Minist\u00e9rio P\u00fablico do Paran\u00e1","datePublished":"2026-03-13T20:47:21+00:00","dateModified":"2026-03-13T20:47:45+00:00","mainEntityOfPage":{"@id":"https:\/\/ubirataonline.com.br\/francisco-zanicotti-e-reeleito-para-o-cargo-de-procurador-geral-de-justica-do-ministerio-publico-do-parana\/"},"wordCount":568,"publisher":{"@id":"https:\/\/ubirataonline.com.br\/#organization"},"image":{"@id":"https:\/\/ubirataonline.com.br\/francisco-zanicotti-e-reeleito-para-o-cargo-de-procurador-geral-de-justica-do-ministerio-publico-do-parana\/#primaryimage"},"thumbnailUrl":"https:\/\/ubirataonline.com.br\/wp-content\/uploads\/2026\/03\/Francisco-Zanicotti-e-reeleito-para-o-cargo-de-Procurador-Geral-de.jpg","keywords":["cargo","Francisco","Justi\u00e7a","Minist\u00e9rio","para","paran\u00e1","ProcuradorGeral","P\u00fablico","reeleito","Zanicotti"],"articleSection":["Ubirat\u00e3"],"inLanguage":"en-US","copyrightYear":"2026","copyrightHolder":{"@id":"https:\/\/ubirataonline.com.br\/en\/#organization"}},{"@type":"WebPage","@id":"https:\/\/ubirataonline.com.br\/francisco-zanicotti-e-reeleito-para-o-cargo-de-procurador-geral-de-justica-do-ministerio-publico-do-parana\/","url":"https:\/\/ubirataonline.com.br\/francisco-zanicotti-e-reeleito-para-o-cargo-de-procurador-geral-de-justica-do-ministerio-publico-do-parana\/","name":"Francisco Zanicotti \u00e9 reeleito para o cargo de Procurador-Geral de Justi\u00e7a do Minist\u00e9rio P\u00fablico do Paran\u00e1 - Ubirat\u00e3 Online Not\u00edcias - A realidade ao seu alcance!","isPartOf":{"@id":"https:\/\/ubirataonline.com.br\/#website"},"primaryImageOfPage":{"@id":"https:\/\/ubirataonline.com.br\/francisco-zanicotti-e-reeleito-para-o-cargo-de-procurador-geral-de-justica-do-ministerio-publico-do-parana\/#primaryimage"},"image":{"@id":"https:\/\/ubirataonline.com.br\/francisco-zanicotti-e-reeleito-para-o-cargo-de-procurador-geral-de-justica-do-ministerio-publico-do-parana\/#primaryimage"},"thumbnailUrl":"https:\/\/ubirataonline.com.br\/wp-content\/uploads\/2026\/03\/Francisco-Zanicotti-e-reeleito-para-o-cargo-de-Procurador-Geral-de.jpg","datePublished":"2026-03-13T20:47:21+00:00","dateModified":"2026-03-13T20:47:45+00:00","description":"Em vota\u00e7\u00e3o realizada nesta sexta-feira, 13 de mar\u00e7o, Francisco Zanicotti foi reeleito para o cargo de Procurador-Geral de Justi\u00e7a do Minist\u00e9rio P\u00fablico do","breadcrumb":{"@id":"https:\/\/ubirataonline.com.br\/francisco-zanicotti-e-reeleito-para-o-cargo-de-procurador-geral-de-justica-do-ministerio-publico-do-parana\/#breadcrumb"},"inLanguage":"en-US","potentialAction":[{"@type":"ReadAction","target":["https:\/\/ubirataonline.com.br\/francisco-zanicotti-e-reeleito-para-o-cargo-de-procurador-geral-de-justica-do-ministerio-publico-do-parana\/"]}]},{"@type":"ImageObject","inLanguage":"en-US","@id":"https:\/\/ubirataonline.com.br\/francisco-zanicotti-e-reeleito-para-o-cargo-de-procurador-geral-de-justica-do-ministerio-publico-do-parana\/#primaryimage","url":"https:\/\/ubirataonline.com.br\/wp-content\/uploads\/2026\/03\/Francisco-Zanicotti-e-reeleito-para-o-cargo-de-Procurador-Geral-de.jpg","contentUrl":"https:\/\/ubirataonline.com.br\/wp-content\/uploads\/2026\/03\/Francisco-Zanicotti-e-reeleito-para-o-cargo-de-Procurador-Geral-de.jpg","width":675,"height":450,"caption":"Francisco Zanicotti \u00e9 reeleito para o cargo de Procurador-Geral de Justi\u00e7a do Minist\u00e9rio P\u00fablico do Paran\u00e1"},{"@type":"BreadcrumbList","@id":"https:\/\/ubirataonline.com.br\/francisco-zanicotti-e-reeleito-para-o-cargo-de-procurador-geral-de-justica-do-ministerio-publico-do-parana\/#breadcrumb","itemListElement":[{"@type":"ListItem","position":1,"name":"In\u00edcio","item":"https:\/\/ubirataonline.com.br\/"},{"@type":"ListItem","position":2,"name":"Francisco Zanicotti \u00e9 reeleito para o cargo de Procurador-Geral de Justi\u00e7a do Minist\u00e9rio P\u00fablico do Paran\u00e1"}]},{"@type":"WebSite","@id":"https:\/\/ubirataonline.com.br\/#website","url":"https:\/\/ubirataonline.com.br\/","name":"Ubirat\u00e3 Online Not\u00edcias","description":"Not\u00edcias de Ubirat\u00e3, regi\u00e3o, Brasil e mundo, com informa\u00e7\u00e3o atualizada e compromisso com o leitor.","publisher":{"@id":"https:\/\/ubirataonline.com.br\/#organization"},"alternateName":"Ubirat\u00e3 Online","potentialAction":[{"@type":"SearchAction","target":{"@type":"EntryPoint","urlTemplate":"https:\/\/ubirataonline.com.br\/?s={search_term_string}"},"query-input":{"@type":"PropertyValueSpecification","valueRequired":true,"valueName":"search_term_string"}}],"inLanguage":"en-US"},{"@type":["Organization","Place"],"@id":"https:\/\/ubirataonline.com.br\/#organization","name":"Ubirat\u00e3 Online Not\u00edcias","alternateName":"Ubirat\u00e3 Online","url":"https:\/\/ubirataonline.com.br\/","logo":{"@id":"https:\/\/ubirataonline.com.br\/francisco-zanicotti-e-reeleito-para-o-cargo-de-procurador-geral-de-justica-do-ministerio-publico-do-parana\/#local-main-organization-logo"},"image":{"@id":"https:\/\/ubirataonline.com.br\/francisco-zanicotti-e-reeleito-para-o-cargo-de-procurador-geral-de-justica-do-ministerio-publico-do-parana\/#local-main-organization-logo"},"sameAs":["https:\/\/www.facebook.com\/portalubirataonline","https:\/\/x.com\/ubirataonline","https:\/\/mastodon.social\/@ubirataonline","https:\/\/www.facebook.com\/groups\/311144672285604","https:\/\/www.facebook.com\/UBTAOnline","https:\/\/www.instagram.com\/portalubirataonline\/","https:\/\/twitter.com\/ubirataonline"],"description":"Somos um portal de not\u00edcias independente, criado em 5 de janeiro de 2009, com o objetivo de informar, conectar e valorizar a nossa comunidade de Ubirat\u00e3 e toda aregi\u00e3o. Com conte\u00fado atualizado, confi\u00e1vel e relevante, o Ubirat\u00e3 Online \u00e9 o seu espa\u00e7o para ficar por dentro dos principais acontecimentos locais, regionais, Brasil, Mundo e de interesse geral. Nosso compromisso \u00e9 com a verdade, a transpar\u00eancia e o respeito ao leitor.","legalName":"UBIRATA ONLINE NOT\u00cdCIAS","foundingDate":"2009-01-05","numberOfEmployees":{"@type":"QuantitativeValue","minValue":"1","maxValue":"10"},"publishingPrinciples":"https:\/\/ubirataonline.com.br\/faq\/","address":{"@id":"https:\/\/ubirataonline.com.br\/francisco-zanicotti-e-reeleito-para-o-cargo-de-procurador-geral-de-justica-do-ministerio-publico-do-parana\/#local-main-place-address"},"geo":{"@type":"GeoCoordinates","latitude":"-24.5361401","longitude":"-52.9921776"},"telephone":["+5544998308235"],"contactPoint":{"@type":"ContactPoint","email":"contato@ubirataonline.com.br"},"openingHoursSpecification":{"@type":"OpeningHoursSpecification","dayOfWeek":["Monday","Tuesday","Wednesday","Thursday","Friday","Saturday","Sunday"],"opens":"00:00","closes":"23:59"},"email":"contato@ubirataonline.com.br","vatID":"47.621.418\/0001-80"},{"@type":"Person","@id":"https:\/\/ubirataonline.com.br\/#\/schema\/person\/372f87bbd3fdd79b8556b84c98d0bc1c","name":"REDA\u00c7\u00c3O: UBIRAT\u00c3 ONLINE - F\u00c1BIO AUGUSTO CELESTINO","pronouns":"Ele","description":"Desde 2003 trabalhando com not\u00edcias.","sameAs":["http:\/\/ubirataoline.com.br","https:\/\/www.facebook.com\/portalubirataonline","https:\/\/www.instagram.com\/ubirataonline_oficial","https:\/\/x.com\/x.com\/ubirataonline"],"honorificPrefix":"Mr.","honorificSuffix":"MD","birthDate":"1980-06-16","gender":"masculino","award":["V\u00e1rios pr\u00eamios de melhor portal da cidade"],"jobTitle":"Diretor","url":"https:\/\/ubirataonline.com.br\/en\/author\/ubirataonline\/"},{"@type":"PostalAddress","@id":"https:\/\/ubirataonline.com.br\/francisco-zanicotti-e-reeleito-para-o-cargo-de-procurador-geral-de-justica-do-ministerio-publico-do-parana\/#local-main-place-address","streetAddress":"Rua dos Coqueiros, 104 - Bairro Boa Vista, Rua dos Coqueiros, 104 Bairro Boa Vista","addressLocality":"UBIRATA","postalCode":"85440-000","addressRegion":"PR","addressCountry":"BR"},{"@type":"ImageObject","inLanguage":"en-US","@id":"https:\/\/ubirataonline.com.br\/francisco-zanicotti-e-reeleito-para-o-cargo-de-procurador-geral-de-justica-do-ministerio-publico-do-parana\/#local-main-organization-logo","url":"https:\/\/ubirataonline.com.br\/wp-content\/uploads\/2026\/06\/logoubirataonline-1.webp","contentUrl":"https:\/\/ubirataonline.com.br\/wp-content\/uploads\/2026\/06\/logoubirataonline-1.webp","width":500,"height":500,"caption":"Ubirat\u00e3 Online Not\u00edcias"}]},"geo.placename":"UBIRATA","geo.position":{"lat":"-24.5361401","long":"-52.9921776"},"geo.region":"Brazil"},"_links":{"self":[{"href":"https:\/\/ubirataonline.com.br\/en\/wp-json\/wp\/v2\/posts\/94375","targetHints":{"allow":["GET"]}}],"collection":[{"href":"https:\/\/ubirataonline.com.br\/en\/wp-json\/wp\/v2\/posts"}],"about":[{"href":"https:\/\/ubirataonline.com.br\/en\/wp-json\/wp\/v2\/types\/post"}],"author":[{"embeddable":true,"href":"https:\/\/ubirataonline.com.br\/en\/wp-json\/wp\/v2\/users\/1"}],"replies":[{"embeddable":true,"href":"https:\/\/ubirataonline.com.br\/en\/wp-json\/wp\/v2\/comments?post=94375"}],"version-history":[{"count":0,"href":"https:\/\/ubirataonline.com.br\/en\/wp-json\/wp\/v2\/posts\/94375\/revisions"}],"wp:featuredmedia":[{"embeddable":true,"href":"https:\/\/ubirataonline.com.br\/en\/wp-json\/wp\/v2\/media\/94376"}],"wp:attachment":[{"href":"https:\/\/ubirataonline.com.br\/en\/wp-json\/wp\/v2\/media?parent=94375"}],"wp:term":[{"taxonomy":"category","embeddable":true,"href":"https:\/\/ubirataonline.com.br\/en\/wp-json\/wp\/v2\/categories?post=94375"},{"taxonomy":"post_tag","embeddable":true,"href":"https:\/\/ubirataonline.com.br\/en\/wp-json\/wp\/v2\/tags?post=94375"}],"curies":[{"name":"wp","href":"https:\/\/api.w.org\/{rel}","templated":true}]}}