{"id":94487,"date":"2026-03-14T03:00:31","date_gmt":"2026-03-14T06:00:31","guid":{"rendered":"https:\/\/ubirataonline.com.br\/as-intencoes-de-voto-de-lula-e-flavio-bolsonaro-em-minas-gerais-segundo-nova-pesquisa-cartacapital\/"},"modified":"2026-03-14T03:00:59","modified_gmt":"2026-03-14T06:00:59","slug":"as-intencoes-de-voto-de-lula-e-flavio-bolsonaro-em-minas-gerais-segundo-nova-pesquisa-cartacapital","status":"publish","type":"post","link":"https:\/\/ubirataonline.com.br\/en\/as-intencoes-de-voto-de-lula-e-flavio-bolsonaro-em-minas-gerais-segundo-nova-pesquisa-cartacapital\/","title":{"rendered":"As inten\u00e7\u00f5es de voto de Lula e Fl\u00e1vio Bolsonaro em Minas Gerais, segundo nova pesquisa \u2013 CartaCapital"},"content":{"rendered":"<p><\/p>\n<div><iframe loading=\"lazy\" class=\"home-block-only-mobile\" width=\"100%\" height=\"88\" src=\"https:\/\/www.cartacapital.com.br\/wp-content\/themes\/readanddigest-child\/index.php?_=mobile-cover\"><\/iframe><\/p>\n<p>Uma pesquisa Real Time Big Data divulgada nesta sexta-feira 13 mostra que o presidente <strong>Lula<\/strong> (PT) lidera numericamente a disputa pela Presid\u00eancia da Rep\u00fablica entre eleitores de Minas Gerais, com <mark>35%<\/mark> das inten\u00e7\u00f5es de voto. O senador <strong>Fl\u00e1vio Bolsonaro<\/strong> (PL) aparece em segundo lugar, com <mark>31%<\/mark>, enquanto o governador Romeu Zema (Novo) marca 15%.\n<\/p>\n<p>O instituto entrevistou 2.000 eleitores em Minas entre 10 e 11 de mar\u00e7o. A margem de erro \u00e9 de dois pontos percentuais, com um n\u00edvel de confian\u00e7a de 95%. O registro no Tribunal Superior Eleitoral \u00e9 BR-05044\/2026.\n<\/p>\n<p>Lula e Fl\u00e1vio est\u00e3o, portanto, tecnicamente empatados no limite de margem de erro. Completam a rela\u00e7\u00e3o no principal cen\u00e1rio Ratinho Junior (PSD), com 4%, Aldo Rebelo (DC), com 1%, e Renan Santos (Miss\u00e3o), tamb\u00e9m com 1%. Brancos e nulos somam 5%, e 8% n\u00e3o sabem ou n\u00e3o responderam.\n<\/p>\n<p>Considerando os tr\u00eas cen\u00e1rios consultados, Lula varia de 35% a 36% entre os mineiros. Fl\u00e1vio, por sua vez, fica com 31% em todas as proje\u00e7\u00f5es.\n<\/p>\n<p>Minas Gerais tem o segundo maior col\u00e9gio eleitoral do Pa\u00eds \u2014 em 2024, eram mais de 16,4 milh\u00f5es de eleitores, atr\u00e1s apenas dos mais de 34,4 milh\u00f5es de S\u00e3o Paulo. Desde a redemocratiza\u00e7\u00e3o, nenhum candidato se tornou presidente sem vencer tamb\u00e9m entre os mineiros.<\/p>\n<\/div>\n<p><a href=\"https:\/\/www.cartacapital.com.br\/cartaexpressa\/as-intencoes-de-voto-de-lula-e-flavio-bolsonaro-em-minas-gerais-segundo-nova-pesquisa\/\">Fonte do Artigo <\/a><\/p>","protected":false},"excerpt":{"rendered":"<p>Uma pesquisa Real Time Big Data divulgada nesta sexta-feira 13 mostra que o presidente Lula (PT) lidera numericamente a disputa pela Presid\u00eancia da Rep\u00fablica entre eleitores de Minas Gerais, com 35% das inten\u00e7\u00f5es de voto. O senador Fl\u00e1vio Bolsonaro (PL) aparece em segundo lugar, com 31%, enquanto o governador Romeu Zema (Novo) marca 15%. O [&hellip;]<\/p>\n","protected":false},"author":1,"featured_media":94488,"comment_status":"closed","ping_status":"","sticky":false,"template":"","format":"standard","meta":{"googlesitekit_rrm_CAow2JLhCw:productID":"","_gspb_post_css":"","maa_idioma":"","maa_pais":"","footnotes":""},"categories":[4],"tags":[3026,3035,9827,4491,21668,1629,4490,3679,6066,3688,161],"class_list":["post-94487","post","type-post","status-publish","format-standard","has-post-thumbnail","hentry","category-brasil","tag-bolsonaro","tag-cartacapital","tag-flavio","tag-gerais","tag-intencoes","tag-lula","tag-minas","tag-nova","tag-pesquisa","tag-segundo","tag-voto"],"blocksy_meta":[],"yoast_head":"<!-- This site is optimized with the Yoast SEO Premium plugin v27.6 (Yoast SEO v27.6) - https:\/\/yoast.com\/product\/yoast-seo-premium-wordpress\/ -->\n<title>As inten\u00e7\u00f5es de voto de Lula e Fl\u00e1vio Bolsonaro em Minas Gerais, segundo nova pesquisa \u2013 CartaCapital - Ubirat\u00e3 Online Not\u00edcias - A realidade ao seu alcance!<\/title>\n<meta name=\"description\" content=\"Uma pesquisa Real Time Big Data divulgada nesta sexta-feira 13 mostra que o presidente Lula (PT) lidera numericamente a disputa pela Presid\u00eancia da\" \/>\n<meta name=\"robots\" content=\"index, follow, max-snippet:-1, max-image-preview:large, max-video-preview:-1\" \/>\n<link rel=\"canonical\" href=\"https:\/\/ubirataonline.com.br\/en\/as-intencoes-de-voto-de-lula-e-flavio-bolsonaro-em-minas-gerais-segundo-nova-pesquisa-cartacapital\/\" \/>\n<meta property=\"og:locale\" content=\"en_US\" \/>\n<meta property=\"og:type\" content=\"article\" \/>\n<meta property=\"og:title\" content=\"As inten\u00e7\u00f5es de voto de Lula e Fl\u00e1vio Bolsonaro em Minas Gerais, segundo nova pesquisa \u2013 CartaCapital\" \/>\n<meta property=\"og:description\" content=\"Uma pesquisa Real Time Big Data divulgada nesta sexta-feira 13 mostra que o presidente Lula (PT) lidera numericamente a disputa pela Presid\u00eancia da\" \/>\n<meta property=\"og:url\" content=\"https:\/\/ubirataonline.com.br\/en\/as-intencoes-de-voto-de-lula-e-flavio-bolsonaro-em-minas-gerais-segundo-nova-pesquisa-cartacapital\/\" \/>\n<meta property=\"og:site_name\" content=\"Ubirat\u00e3 Online Not\u00edcias - A realidade ao seu alcance!\" \/>\n<meta property=\"article:publisher\" content=\"https:\/\/www.facebook.com\/portalubirataonline\" \/>\n<meta property=\"article:author\" content=\"https:\/\/www.facebook.com\/portalubirataonline\" \/>\n<meta property=\"article:published_time\" content=\"2026-03-14T06:00:31+00:00\" \/>\n<meta property=\"article:modified_time\" content=\"2026-03-14T06:00:59+00:00\" \/>\n<meta property=\"og:image\" content=\"https:\/\/ubirataonline.com.br\/wp-content\/uploads\/2026\/03\/As-intencoes-de-voto-de-Lula-e-Flavio-Bolsonaro-em.jpg\" \/>\n\t<meta property=\"og:image:width\" content=\"1064\" \/>\n\t<meta property=\"og:image:height\" content=\"614\" \/>\n\t<meta property=\"og:image:type\" content=\"image\/jpeg\" \/>\n<meta name=\"author\" content=\"REDA\u00c7\u00c3O: UBIRAT\u00c3 ONLINE - F\u00c1BIO AUGUSTO CELESTINO\" \/>\n<meta name=\"twitter:card\" content=\"summary_large_image\" \/>\n<meta name=\"twitter:creator\" content=\"@x.com\/ubirataonline\" \/>\n<meta name=\"twitter:site\" content=\"@ubirataonline\" \/>\n<meta name=\"twitter:label1\" content=\"Written by\" \/>\n\t<meta name=\"twitter:data1\" content=\"REDA\u00c7\u00c3O: UBIRAT\u00c3 ONLINE - F\u00c1BIO AUGUSTO CELESTINO\" \/>\n\t<meta name=\"twitter:label2\" content=\"Est. reading time\" \/>\n\t<meta name=\"twitter:data2\" content=\"1 minute\" \/>\n<script type=\"application\/ld+json\" class=\"yoast-schema-graph\">{\"@context\":\"https:\\\/\\\/schema.org\",\"@graph\":[{\"@type\":\"NewsArticle\",\"@id\":\"https:\\\/\\\/ubirataonline.com.br\\\/as-intencoes-de-voto-de-lula-e-flavio-bolsonaro-em-minas-gerais-segundo-nova-pesquisa-cartacapital\\\/#article\",\"isPartOf\":{\"@id\":\"https:\\\/\\\/ubirataonline.com.br\\\/as-intencoes-de-voto-de-lula-e-flavio-bolsonaro-em-minas-gerais-segundo-nova-pesquisa-cartacapital\\\/\"},\"author\":{\"name\":\"REDA\u00c7\u00c3O: UBIRAT\u00c3 ONLINE - F\u00c1BIO AUGUSTO CELESTINO\",\"@id\":\"https:\\\/\\\/ubirataonline.com.br\\\/#\\\/schema\\\/person\\\/372f87bbd3fdd79b8556b84c98d0bc1c\"},\"headline\":\"As inten\u00e7\u00f5es de voto de Lula e Fl\u00e1vio Bolsonaro em Minas Gerais, segundo nova pesquisa \u2013 CartaCapital\",\"datePublished\":\"2026-03-14T06:00:31+00:00\",\"dateModified\":\"2026-03-14T06:00:59+00:00\",\"mainEntityOfPage\":{\"@id\":\"https:\\\/\\\/ubirataonline.com.br\\\/as-intencoes-de-voto-de-lula-e-flavio-bolsonaro-em-minas-gerais-segundo-nova-pesquisa-cartacapital\\\/\"},\"wordCount\":234,\"publisher\":{\"@id\":\"https:\\\/\\\/ubirataonline.com.br\\\/#organization\"},\"image\":{\"@id\":\"https:\\\/\\\/ubirataonline.com.br\\\/as-intencoes-de-voto-de-lula-e-flavio-bolsonaro-em-minas-gerais-segundo-nova-pesquisa-cartacapital\\\/#primaryimage\"},\"thumbnailUrl\":\"https:\\\/\\\/ubirataonline.com.br\\\/wp-content\\\/uploads\\\/2026\\\/03\\\/As-intencoes-de-voto-de-Lula-e-Flavio-Bolsonaro-em.jpg\",\"keywords\":[\"Bolsonaro\",\"CartaCapital\",\"Fl\u00e1vio\",\"Gerais\",\"inten\u00e7\u00f5es\",\"Lula\",\"Minas\",\"Nova\",\"pesquisa\",\"segundo\",\"Voto\"],\"articleSection\":[\"Brasil\"],\"inLanguage\":\"en-US\",\"copyrightYear\":\"2026\",\"copyrightHolder\":{\"@id\":\"https:\\\/\\\/ubirataonline.com.br\\\/en\\\/#organization\"}},{\"@type\":\"WebPage\",\"@id\":\"https:\\\/\\\/ubirataonline.com.br\\\/as-intencoes-de-voto-de-lula-e-flavio-bolsonaro-em-minas-gerais-segundo-nova-pesquisa-cartacapital\\\/\",\"url\":\"https:\\\/\\\/ubirataonline.com.br\\\/as-intencoes-de-voto-de-lula-e-flavio-bolsonaro-em-minas-gerais-segundo-nova-pesquisa-cartacapital\\\/\",\"name\":\"As inten\u00e7\u00f5es de voto de Lula e Fl\u00e1vio Bolsonaro em Minas Gerais, segundo nova pesquisa \u2013 CartaCapital - Ubirat\u00e3 Online Not\u00edcias - A realidade ao seu alcance!\",\"isPartOf\":{\"@id\":\"https:\\\/\\\/ubirataonline.com.br\\\/#website\"},\"primaryImageOfPage\":{\"@id\":\"https:\\\/\\\/ubirataonline.com.br\\\/as-intencoes-de-voto-de-lula-e-flavio-bolsonaro-em-minas-gerais-segundo-nova-pesquisa-cartacapital\\\/#primaryimage\"},\"image\":{\"@id\":\"https:\\\/\\\/ubirataonline.com.br\\\/as-intencoes-de-voto-de-lula-e-flavio-bolsonaro-em-minas-gerais-segundo-nova-pesquisa-cartacapital\\\/#primaryimage\"},\"thumbnailUrl\":\"https:\\\/\\\/ubirataonline.com.br\\\/wp-content\\\/uploads\\\/2026\\\/03\\\/As-intencoes-de-voto-de-Lula-e-Flavio-Bolsonaro-em.jpg\",\"datePublished\":\"2026-03-14T06:00:31+00:00\",\"dateModified\":\"2026-03-14T06:00:59+00:00\",\"description\":\"Uma pesquisa Real Time Big Data divulgada nesta sexta-feira 13 mostra que o presidente Lula (PT) lidera numericamente a disputa pela Presid\u00eancia da\",\"breadcrumb\":{\"@id\":\"https:\\\/\\\/ubirataonline.com.br\\\/as-intencoes-de-voto-de-lula-e-flavio-bolsonaro-em-minas-gerais-segundo-nova-pesquisa-cartacapital\\\/#breadcrumb\"},\"inLanguage\":\"en-US\",\"potentialAction\":[{\"@type\":\"ReadAction\",\"target\":[\"https:\\\/\\\/ubirataonline.com.br\\\/as-intencoes-de-voto-de-lula-e-flavio-bolsonaro-em-minas-gerais-segundo-nova-pesquisa-cartacapital\\\/\"]}]},{\"@type\":\"ImageObject\",\"inLanguage\":\"en-US\",\"@id\":\"https:\\\/\\\/ubirataonline.com.br\\\/as-intencoes-de-voto-de-lula-e-flavio-bolsonaro-em-minas-gerais-segundo-nova-pesquisa-cartacapital\\\/#primaryimage\",\"url\":\"https:\\\/\\\/ubirataonline.com.br\\\/wp-content\\\/uploads\\\/2026\\\/03\\\/As-intencoes-de-voto-de-Lula-e-Flavio-Bolsonaro-em.jpg\",\"contentUrl\":\"https:\\\/\\\/ubirataonline.com.br\\\/wp-content\\\/uploads\\\/2026\\\/03\\\/As-intencoes-de-voto-de-Lula-e-Flavio-Bolsonaro-em.jpg\",\"width\":1064,\"height\":614,\"caption\":\"As inten\u00e7\u00f5es de voto de Lula e Fl\u00e1vio Bolsonaro em Minas Gerais, segundo nova pesquisa \u2013 CartaCapital\"},{\"@type\":\"BreadcrumbList\",\"@id\":\"https:\\\/\\\/ubirataonline.com.br\\\/as-intencoes-de-voto-de-lula-e-flavio-bolsonaro-em-minas-gerais-segundo-nova-pesquisa-cartacapital\\\/#breadcrumb\",\"itemListElement\":[{\"@type\":\"ListItem\",\"position\":1,\"name\":\"In\u00edcio\",\"item\":\"https:\\\/\\\/ubirataonline.com.br\\\/\"},{\"@type\":\"ListItem\",\"position\":2,\"name\":\"As inten\u00e7\u00f5es de voto de Lula e Fl\u00e1vio Bolsonaro em Minas Gerais, segundo nova pesquisa \u2013 CartaCapital\"}]},{\"@type\":\"WebSite\",\"@id\":\"https:\\\/\\\/ubirataonline.com.br\\\/#website\",\"url\":\"https:\\\/\\\/ubirataonline.com.br\\\/\",\"name\":\"Ubirat\u00e3 Online Not\u00edcias\",\"description\":\"Not\u00edcias de Ubirat\u00e3, regi\u00e3o, Brasil e mundo, com informa\u00e7\u00e3o atualizada e compromisso com o leitor.\",\"publisher\":{\"@id\":\"https:\\\/\\\/ubirataonline.com.br\\\/#organization\"},\"alternateName\":\"Ubirat\u00e3 Online\",\"potentialAction\":[{\"@type\":\"SearchAction\",\"target\":{\"@type\":\"EntryPoint\",\"urlTemplate\":\"https:\\\/\\\/ubirataonline.com.br\\\/?s={search_term_string}\"},\"query-input\":{\"@type\":\"PropertyValueSpecification\",\"valueRequired\":true,\"valueName\":\"search_term_string\"}}],\"inLanguage\":\"en-US\"},{\"@type\":[\"Organization\",\"Place\"],\"@id\":\"https:\\\/\\\/ubirataonline.com.br\\\/#organization\",\"name\":\"Ubirat\u00e3 Online Not\u00edcias\",\"alternateName\":\"Ubirat\u00e3 Online\",\"url\":\"https:\\\/\\\/ubirataonline.com.br\\\/\",\"logo\":{\"@id\":\"https:\\\/\\\/ubirataonline.com.br\\\/as-intencoes-de-voto-de-lula-e-flavio-bolsonaro-em-minas-gerais-segundo-nova-pesquisa-cartacapital\\\/#local-main-organization-logo\"},\"image\":{\"@id\":\"https:\\\/\\\/ubirataonline.com.br\\\/as-intencoes-de-voto-de-lula-e-flavio-bolsonaro-em-minas-gerais-segundo-nova-pesquisa-cartacapital\\\/#local-main-organization-logo\"},\"sameAs\":[\"https:\\\/\\\/www.facebook.com\\\/portalubirataonline\",\"https:\\\/\\\/x.com\\\/ubirataonline\",\"https:\\\/\\\/mastodon.social\\\/@ubirataonline\",\"https:\\\/\\\/www.facebook.com\\\/groups\\\/311144672285604\",\"https:\\\/\\\/www.facebook.com\\\/UBTAOnline\",\"https:\\\/\\\/www.instagram.com\\\/portalubirataonline\\\/\",\"https:\\\/\\\/twitter.com\\\/ubirataonline\"],\"description\":\"Somos um portal de not\u00edcias independente, criado em 5 de janeiro de 2009, com o objetivo de informar, conectar e valorizar a nossa comunidade de Ubirat\u00e3 e toda aregi\u00e3o. Com conte\u00fado atualizado, confi\u00e1vel e relevante, o Ubirat\u00e3 Online \u00e9 o seu espa\u00e7o para ficar por dentro dos principais acontecimentos locais, regionais, Brasil, Mundo e de interesse geral. Nosso compromisso \u00e9 com a verdade, a transpar\u00eancia e o respeito ao leitor.\",\"legalName\":\"UBIRATA ONLINE NOT\u00cdCIAS\",\"foundingDate\":\"2009-01-05\",\"numberOfEmployees\":{\"@type\":\"QuantitativeValue\",\"minValue\":\"1\",\"maxValue\":\"10\"},\"publishingPrinciples\":\"https:\\\/\\\/ubirataonline.com.br\\\/faq\\\/\",\"address\":{\"@id\":\"https:\\\/\\\/ubirataonline.com.br\\\/as-intencoes-de-voto-de-lula-e-flavio-bolsonaro-em-minas-gerais-segundo-nova-pesquisa-cartacapital\\\/#local-main-place-address\"},\"geo\":{\"@type\":\"GeoCoordinates\",\"latitude\":\"-24.5361401\",\"longitude\":\"-52.9921776\"},\"telephone\":[\"+5544998308235\"],\"contactPoint\":{\"@type\":\"ContactPoint\",\"email\":\"contato@ubirataonline.com.br\"},\"openingHoursSpecification\":{\"@type\":\"OpeningHoursSpecification\",\"dayOfWeek\":[\"Monday\",\"Tuesday\",\"Wednesday\",\"Thursday\",\"Friday\",\"Saturday\",\"Sunday\"],\"opens\":\"00:00\",\"closes\":\"23:59\"},\"email\":\"contato@ubirataonline.com.br\",\"vatID\":\"47.621.418\\\/0001-80\"},{\"@type\":\"Person\",\"@id\":\"https:\\\/\\\/ubirataonline.com.br\\\/#\\\/schema\\\/person\\\/372f87bbd3fdd79b8556b84c98d0bc1c\",\"name\":\"REDA\u00c7\u00c3O: UBIRAT\u00c3 ONLINE - F\u00c1BIO AUGUSTO CELESTINO\",\"pronouns\":\"Ele\",\"description\":\"Desde 2003 trabalhando com not\u00edcias.\",\"sameAs\":[\"http:\\\/\\\/ubirataoline.com.br\",\"https:\\\/\\\/www.facebook.com\\\/portalubirataonline\",\"https:\\\/\\\/www.instagram.com\\\/ubirataonline_oficial\",\"https:\\\/\\\/x.com\\\/x.com\\\/ubirataonline\"],\"honorificPrefix\":\"Mr.\",\"honorificSuffix\":\"MD\",\"birthDate\":\"1980-06-16\",\"gender\":\"masculino\",\"award\":[\"V\u00e1rios pr\u00eamios de melhor portal da cidade\"],\"jobTitle\":\"Diretor\",\"url\":\"https:\\\/\\\/ubirataonline.com.br\\\/en\\\/author\\\/ubirataonline\\\/\"},{\"@type\":\"PostalAddress\",\"@id\":\"https:\\\/\\\/ubirataonline.com.br\\\/as-intencoes-de-voto-de-lula-e-flavio-bolsonaro-em-minas-gerais-segundo-nova-pesquisa-cartacapital\\\/#local-main-place-address\",\"streetAddress\":\"Rua dos Coqueiros, 104 - Bairro Boa Vista, Rua dos Coqueiros, 104 Bairro Boa Vista\",\"addressLocality\":\"UBIRATA\",\"postalCode\":\"85440-000\",\"addressRegion\":\"PR\",\"addressCountry\":\"BR\"},{\"@type\":\"ImageObject\",\"inLanguage\":\"en-US\",\"@id\":\"https:\\\/\\\/ubirataonline.com.br\\\/as-intencoes-de-voto-de-lula-e-flavio-bolsonaro-em-minas-gerais-segundo-nova-pesquisa-cartacapital\\\/#local-main-organization-logo\",\"url\":\"https:\\\/\\\/ubirataonline.com.br\\\/wp-content\\\/uploads\\\/2026\\\/06\\\/logoubirataonline-1.webp\",\"contentUrl\":\"https:\\\/\\\/ubirataonline.com.br\\\/wp-content\\\/uploads\\\/2026\\\/06\\\/logoubirataonline-1.webp\",\"width\":500,\"height\":500,\"caption\":\"Ubirat\u00e3 Online Not\u00edcias\"}]}<\/script>\n<meta name=\"geo.placename\" content=\"UBIRATA\" \/>\n<meta name=\"geo.position\" content=\"-24.5361401;-52.9921776\" \/>\n<meta name=\"geo.region\" content=\"Brazil\" \/>\n<!-- \/ Yoast SEO Premium plugin. -->","yoast_head_json":{"title":"As inten\u00e7\u00f5es de voto de Lula e Fl\u00e1vio Bolsonaro em Minas Gerais, segundo nova pesquisa \u2013 CartaCapital - Ubirat\u00e3 Online Not\u00edcias - A realidade ao seu alcance!","description":"Uma pesquisa Real Time Big Data divulgada nesta sexta-feira 13 mostra que o presidente Lula (PT) lidera numericamente a disputa pela Presid\u00eancia da","robots":{"index":"index","follow":"follow","max-snippet":"max-snippet:-1","max-image-preview":"max-image-preview:large","max-video-preview":"max-video-preview:-1"},"canonical":"https:\/\/ubirataonline.com.br\/en\/as-intencoes-de-voto-de-lula-e-flavio-bolsonaro-em-minas-gerais-segundo-nova-pesquisa-cartacapital\/","og_locale":"en_US","og_type":"article","og_title":"As inten\u00e7\u00f5es de voto de Lula e Fl\u00e1vio Bolsonaro em Minas Gerais, segundo nova pesquisa \u2013 CartaCapital","og_description":"Uma pesquisa Real Time Big Data divulgada nesta sexta-feira 13 mostra que o presidente Lula (PT) lidera numericamente a disputa pela Presid\u00eancia da","og_url":"https:\/\/ubirataonline.com.br\/en\/as-intencoes-de-voto-de-lula-e-flavio-bolsonaro-em-minas-gerais-segundo-nova-pesquisa-cartacapital\/","og_site_name":"Ubirat\u00e3 Online Not\u00edcias - A realidade ao seu alcance!","article_publisher":"https:\/\/www.facebook.com\/portalubirataonline","article_author":"https:\/\/www.facebook.com\/portalubirataonline","article_published_time":"2026-03-14T06:00:31+00:00","article_modified_time":"2026-03-14T06:00:59+00:00","og_image":[{"width":1064,"height":614,"url":"https:\/\/ubirataonline.com.br\/wp-content\/uploads\/2026\/03\/As-intencoes-de-voto-de-Lula-e-Flavio-Bolsonaro-em.jpg","type":"image\/jpeg"}],"author":"REDA\u00c7\u00c3O: UBIRAT\u00c3 ONLINE - F\u00c1BIO AUGUSTO CELESTINO","twitter_card":"summary_large_image","twitter_creator":"@x.com\/ubirataonline","twitter_site":"@ubirataonline","twitter_misc":{"Written by":"REDA\u00c7\u00c3O: UBIRAT\u00c3 ONLINE - F\u00c1BIO AUGUSTO CELESTINO","Est. reading time":"1 minute"},"schema":{"@context":"https:\/\/schema.org","@graph":[{"@type":"NewsArticle","@id":"https:\/\/ubirataonline.com.br\/as-intencoes-de-voto-de-lula-e-flavio-bolsonaro-em-minas-gerais-segundo-nova-pesquisa-cartacapital\/#article","isPartOf":{"@id":"https:\/\/ubirataonline.com.br\/as-intencoes-de-voto-de-lula-e-flavio-bolsonaro-em-minas-gerais-segundo-nova-pesquisa-cartacapital\/"},"author":{"name":"REDA\u00c7\u00c3O: UBIRAT\u00c3 ONLINE - F\u00c1BIO AUGUSTO CELESTINO","@id":"https:\/\/ubirataonline.com.br\/#\/schema\/person\/372f87bbd3fdd79b8556b84c98d0bc1c"},"headline":"As inten\u00e7\u00f5es de voto de Lula e Fl\u00e1vio Bolsonaro em Minas Gerais, segundo nova pesquisa \u2013 CartaCapital","datePublished":"2026-03-14T06:00:31+00:00","dateModified":"2026-03-14T06:00:59+00:00","mainEntityOfPage":{"@id":"https:\/\/ubirataonline.com.br\/as-intencoes-de-voto-de-lula-e-flavio-bolsonaro-em-minas-gerais-segundo-nova-pesquisa-cartacapital\/"},"wordCount":234,"publisher":{"@id":"https:\/\/ubirataonline.com.br\/#organization"},"image":{"@id":"https:\/\/ubirataonline.com.br\/as-intencoes-de-voto-de-lula-e-flavio-bolsonaro-em-minas-gerais-segundo-nova-pesquisa-cartacapital\/#primaryimage"},"thumbnailUrl":"https:\/\/ubirataonline.com.br\/wp-content\/uploads\/2026\/03\/As-intencoes-de-voto-de-Lula-e-Flavio-Bolsonaro-em.jpg","keywords":["Bolsonaro","CartaCapital","Fl\u00e1vio","Gerais","inten\u00e7\u00f5es","Lula","Minas","Nova","pesquisa","segundo","Voto"],"articleSection":["Brasil"],"inLanguage":"en-US","copyrightYear":"2026","copyrightHolder":{"@id":"https:\/\/ubirataonline.com.br\/en\/#organization"}},{"@type":"WebPage","@id":"https:\/\/ubirataonline.com.br\/as-intencoes-de-voto-de-lula-e-flavio-bolsonaro-em-minas-gerais-segundo-nova-pesquisa-cartacapital\/","url":"https:\/\/ubirataonline.com.br\/as-intencoes-de-voto-de-lula-e-flavio-bolsonaro-em-minas-gerais-segundo-nova-pesquisa-cartacapital\/","name":"As inten\u00e7\u00f5es de voto de Lula e Fl\u00e1vio Bolsonaro em Minas Gerais, segundo nova pesquisa \u2013 CartaCapital - Ubirat\u00e3 Online Not\u00edcias - A realidade ao seu alcance!","isPartOf":{"@id":"https:\/\/ubirataonline.com.br\/#website"},"primaryImageOfPage":{"@id":"https:\/\/ubirataonline.com.br\/as-intencoes-de-voto-de-lula-e-flavio-bolsonaro-em-minas-gerais-segundo-nova-pesquisa-cartacapital\/#primaryimage"},"image":{"@id":"https:\/\/ubirataonline.com.br\/as-intencoes-de-voto-de-lula-e-flavio-bolsonaro-em-minas-gerais-segundo-nova-pesquisa-cartacapital\/#primaryimage"},"thumbnailUrl":"https:\/\/ubirataonline.com.br\/wp-content\/uploads\/2026\/03\/As-intencoes-de-voto-de-Lula-e-Flavio-Bolsonaro-em.jpg","datePublished":"2026-03-14T06:00:31+00:00","dateModified":"2026-03-14T06:00:59+00:00","description":"Uma pesquisa Real Time Big Data divulgada nesta sexta-feira 13 mostra que o presidente Lula (PT) lidera numericamente a disputa pela Presid\u00eancia da","breadcrumb":{"@id":"https:\/\/ubirataonline.com.br\/as-intencoes-de-voto-de-lula-e-flavio-bolsonaro-em-minas-gerais-segundo-nova-pesquisa-cartacapital\/#breadcrumb"},"inLanguage":"en-US","potentialAction":[{"@type":"ReadAction","target":["https:\/\/ubirataonline.com.br\/as-intencoes-de-voto-de-lula-e-flavio-bolsonaro-em-minas-gerais-segundo-nova-pesquisa-cartacapital\/"]}]},{"@type":"ImageObject","inLanguage":"en-US","@id":"https:\/\/ubirataonline.com.br\/as-intencoes-de-voto-de-lula-e-flavio-bolsonaro-em-minas-gerais-segundo-nova-pesquisa-cartacapital\/#primaryimage","url":"https:\/\/ubirataonline.com.br\/wp-content\/uploads\/2026\/03\/As-intencoes-de-voto-de-Lula-e-Flavio-Bolsonaro-em.jpg","contentUrl":"https:\/\/ubirataonline.com.br\/wp-content\/uploads\/2026\/03\/As-intencoes-de-voto-de-Lula-e-Flavio-Bolsonaro-em.jpg","width":1064,"height":614,"caption":"As inten\u00e7\u00f5es de voto de Lula e Fl\u00e1vio Bolsonaro em Minas Gerais, segundo nova pesquisa \u2013 CartaCapital"},{"@type":"BreadcrumbList","@id":"https:\/\/ubirataonline.com.br\/as-intencoes-de-voto-de-lula-e-flavio-bolsonaro-em-minas-gerais-segundo-nova-pesquisa-cartacapital\/#breadcrumb","itemListElement":[{"@type":"ListItem","position":1,"name":"In\u00edcio","item":"https:\/\/ubirataonline.com.br\/"},{"@type":"ListItem","position":2,"name":"As inten\u00e7\u00f5es de voto de Lula e Fl\u00e1vio Bolsonaro em Minas Gerais, segundo nova pesquisa \u2013 CartaCapital"}]},{"@type":"WebSite","@id":"https:\/\/ubirataonline.com.br\/#website","url":"https:\/\/ubirataonline.com.br\/","name":"Ubirat\u00e3 Online Not\u00edcias","description":"Not\u00edcias de Ubirat\u00e3, regi\u00e3o, Brasil e mundo, com informa\u00e7\u00e3o atualizada e compromisso com o leitor.","publisher":{"@id":"https:\/\/ubirataonline.com.br\/#organization"},"alternateName":"Ubirat\u00e3 Online","potentialAction":[{"@type":"SearchAction","target":{"@type":"EntryPoint","urlTemplate":"https:\/\/ubirataonline.com.br\/?s={search_term_string}"},"query-input":{"@type":"PropertyValueSpecification","valueRequired":true,"valueName":"search_term_string"}}],"inLanguage":"en-US"},{"@type":["Organization","Place"],"@id":"https:\/\/ubirataonline.com.br\/#organization","name":"Ubirat\u00e3 Online Not\u00edcias","alternateName":"Ubirat\u00e3 Online","url":"https:\/\/ubirataonline.com.br\/","logo":{"@id":"https:\/\/ubirataonline.com.br\/as-intencoes-de-voto-de-lula-e-flavio-bolsonaro-em-minas-gerais-segundo-nova-pesquisa-cartacapital\/#local-main-organization-logo"},"image":{"@id":"https:\/\/ubirataonline.com.br\/as-intencoes-de-voto-de-lula-e-flavio-bolsonaro-em-minas-gerais-segundo-nova-pesquisa-cartacapital\/#local-main-organization-logo"},"sameAs":["https:\/\/www.facebook.com\/portalubirataonline","https:\/\/x.com\/ubirataonline","https:\/\/mastodon.social\/@ubirataonline","https:\/\/www.facebook.com\/groups\/311144672285604","https:\/\/www.facebook.com\/UBTAOnline","https:\/\/www.instagram.com\/portalubirataonline\/","https:\/\/twitter.com\/ubirataonline"],"description":"Somos um portal de not\u00edcias independente, criado em 5 de janeiro de 2009, com o objetivo de informar, conectar e valorizar a nossa comunidade de Ubirat\u00e3 e toda aregi\u00e3o. Com conte\u00fado atualizado, confi\u00e1vel e relevante, o Ubirat\u00e3 Online \u00e9 o seu espa\u00e7o para ficar por dentro dos principais acontecimentos locais, regionais, Brasil, Mundo e de interesse geral. Nosso compromisso \u00e9 com a verdade, a transpar\u00eancia e o respeito ao leitor.","legalName":"UBIRATA ONLINE NOT\u00cdCIAS","foundingDate":"2009-01-05","numberOfEmployees":{"@type":"QuantitativeValue","minValue":"1","maxValue":"10"},"publishingPrinciples":"https:\/\/ubirataonline.com.br\/faq\/","address":{"@id":"https:\/\/ubirataonline.com.br\/as-intencoes-de-voto-de-lula-e-flavio-bolsonaro-em-minas-gerais-segundo-nova-pesquisa-cartacapital\/#local-main-place-address"},"geo":{"@type":"GeoCoordinates","latitude":"-24.5361401","longitude":"-52.9921776"},"telephone":["+5544998308235"],"contactPoint":{"@type":"ContactPoint","email":"contato@ubirataonline.com.br"},"openingHoursSpecification":{"@type":"OpeningHoursSpecification","dayOfWeek":["Monday","Tuesday","Wednesday","Thursday","Friday","Saturday","Sunday"],"opens":"00:00","closes":"23:59"},"email":"contato@ubirataonline.com.br","vatID":"47.621.418\/0001-80"},{"@type":"Person","@id":"https:\/\/ubirataonline.com.br\/#\/schema\/person\/372f87bbd3fdd79b8556b84c98d0bc1c","name":"REDA\u00c7\u00c3O: UBIRAT\u00c3 ONLINE - F\u00c1BIO AUGUSTO CELESTINO","pronouns":"Ele","description":"Desde 2003 trabalhando com not\u00edcias.","sameAs":["http:\/\/ubirataoline.com.br","https:\/\/www.facebook.com\/portalubirataonline","https:\/\/www.instagram.com\/ubirataonline_oficial","https:\/\/x.com\/x.com\/ubirataonline"],"honorificPrefix":"Mr.","honorificSuffix":"MD","birthDate":"1980-06-16","gender":"masculino","award":["V\u00e1rios pr\u00eamios de melhor portal da cidade"],"jobTitle":"Diretor","url":"https:\/\/ubirataonline.com.br\/en\/author\/ubirataonline\/"},{"@type":"PostalAddress","@id":"https:\/\/ubirataonline.com.br\/as-intencoes-de-voto-de-lula-e-flavio-bolsonaro-em-minas-gerais-segundo-nova-pesquisa-cartacapital\/#local-main-place-address","streetAddress":"Rua dos Coqueiros, 104 - Bairro Boa Vista, Rua dos Coqueiros, 104 Bairro Boa Vista","addressLocality":"UBIRATA","postalCode":"85440-000","addressRegion":"PR","addressCountry":"BR"},{"@type":"ImageObject","inLanguage":"en-US","@id":"https:\/\/ubirataonline.com.br\/as-intencoes-de-voto-de-lula-e-flavio-bolsonaro-em-minas-gerais-segundo-nova-pesquisa-cartacapital\/#local-main-organization-logo","url":"https:\/\/ubirataonline.com.br\/wp-content\/uploads\/2026\/06\/logoubirataonline-1.webp","contentUrl":"https:\/\/ubirataonline.com.br\/wp-content\/uploads\/2026\/06\/logoubirataonline-1.webp","width":500,"height":500,"caption":"Ubirat\u00e3 Online Not\u00edcias"}]},"geo.placename":"UBIRATA","geo.position":{"lat":"-24.5361401","long":"-52.9921776"},"geo.region":"Brazil"},"_links":{"self":[{"href":"https:\/\/ubirataonline.com.br\/en\/wp-json\/wp\/v2\/posts\/94487","targetHints":{"allow":["GET"]}}],"collection":[{"href":"https:\/\/ubirataonline.com.br\/en\/wp-json\/wp\/v2\/posts"}],"about":[{"href":"https:\/\/ubirataonline.com.br\/en\/wp-json\/wp\/v2\/types\/post"}],"author":[{"embeddable":true,"href":"https:\/\/ubirataonline.com.br\/en\/wp-json\/wp\/v2\/users\/1"}],"replies":[{"embeddable":true,"href":"https:\/\/ubirataonline.com.br\/en\/wp-json\/wp\/v2\/comments?post=94487"}],"version-history":[{"count":0,"href":"https:\/\/ubirataonline.com.br\/en\/wp-json\/wp\/v2\/posts\/94487\/revisions"}],"wp:featuredmedia":[{"embeddable":true,"href":"https:\/\/ubirataonline.com.br\/en\/wp-json\/wp\/v2\/media\/94488"}],"wp:attachment":[{"href":"https:\/\/ubirataonline.com.br\/en\/wp-json\/wp\/v2\/media?parent=94487"}],"wp:term":[{"taxonomy":"category","embeddable":true,"href":"https:\/\/ubirataonline.com.br\/en\/wp-json\/wp\/v2\/categories?post=94487"},{"taxonomy":"post_tag","embeddable":true,"href":"https:\/\/ubirataonline.com.br\/en\/wp-json\/wp\/v2\/tags?post=94487"}],"curies":[{"name":"wp","href":"https:\/\/api.w.org\/{rel}","templated":true}]}}