{"id":94518,"date":"2026-03-14T06:04:32","date_gmt":"2026-03-14T09:04:32","guid":{"rendered":"https:\/\/ubirataonline.com.br\/rayados-empata-en-la-frontera\/"},"modified":"2026-03-14T06:06:41","modified_gmt":"2026-03-14T09:06:41","slug":"rayados-empata-en-la-frontera","status":"publish","type":"post","link":"https:\/\/ubirataonline.com.br\/en\/rayados-empata-en-la-frontera\/","title":{"rendered":"RAYADOS EMPATA EN LA FRONTERA"},"content":{"rendered":"<p><\/p>\n<div>\n<div class=\"ArticleParagraph_articleParagraph__MrxYL\">\n<p>Rayados empat\u00f3 2-2 con Ju\u00e1rez en el partido de la Jornada 11 del Torneo Clausura 2026.<\/p>\n<\/div>\n<div class=\"ArticleParagraph_articleParagraph__MrxYL\">\n<p>El partido, disputado en el Estadio Ol\u00edmpico Benito Ju\u00e1rez, comenz\u00f3 con intensidad y \u201cDjuka\u201d abri\u00f3 el marcador a los 48 segundos.<\/p>\n<\/div>\n<hr class=\"HorizontalSeparator_separator__EJ_El\"\/>\n<hr class=\"HorizontalSeparator_separator__EJ_El\"\/>\n<div class=\"ArticleTwitter_container__d_Vqg\">\n<blockquote class=\"ArticleTwitter_tweet__EkEsY twitter-tweet\" data-conversation=\"none\"><p><a class=\"twitter-tweet\" href=\"https:\/\/twitter.com\/LigaBBVAMX\/status\/2032656738038477178?ref_src=twsrc%5Etfw\">Y lleg\u00f3 el GOL de estreno. &#x1f4a5;&#x24c2;&#xfe0f;<\/p>\n<p>El primero de Djuka con los @Rayados en nuestra liga fue un aut\u00e9ntico GOL DE VESTIDOR y aqu\u00ed se los dejo. &#x1f920;<\/p>\n<p>#ConM\u00e9xicoC26 | #J11 | #JUAMTY<\/a><\/p>\n<p class=\"text-1\">\u00a0\u2013\u00a0<time datetime=\"Samstag, 14. M\u00e4rz 2026\">Samstag, 14. M\u00e4rz 2026<\/time><\/p>\n<\/blockquote>\n<\/div>\n<div class=\"ArticleParagraph_articleParagraph__MrxYL\">\n<p><strong>1\u2019 JU\u00c1REZ 0-1 RAYADOS | Uro\u0161 Djurdjevi\u0107.<\/strong>Luca Orellano mand\u00f3 un pase filtrado para Djuka, quien recort\u00f3 al guardameta Sebasti\u00e1n Jurado y abri\u00f3 el marcador con un disparo certero hacia la porter\u00eda que se convirti\u00f3 en su primer gol con el Monterrey.<\/p>\n<\/div>\n<div class=\"ArticleParagraph_articleParagraph__MrxYL\">\n<p>Al 9\u2019, Moises Mosquera remat\u00f3 de cabeza un centro tras una jugada prefabricada en un tiro libre y mand\u00f3 el bal\u00f3n al fondo de las redes.<\/p>\n<\/div>\n<div class=\"ArticleParagraph_articleParagraph__MrxYL\">\n<p>Sin embargo, tras revisar el VAR, el \u00e1rbitro anul\u00f3 la anotaci\u00f3n por posici\u00f3n fuera de lugar de Ram\u00f3n Rodr\u00edguez.<\/p>\n<\/div>\n<div class=\"ArticleParagraph_articleParagraph__MrxYL\">\n<p>Luis C\u00e1rdenas realiz\u00f3 una atajada espectacular al minuto 34, tras un remate de cabeza a quemarropa del delantero fronterizo Jairo Torres. \u00a1Gran atajada, Mochis!<\/p>\n<\/div>\n<div class=\"ArticleParagraph_articleParagraph__MrxYL\">\n<p>En la siguiente jugada, nuevamente \u201cMochis\u201d realiz\u00f3 una jugada defensiva para evitar el gol de los locales, al rechazar un disparo de media vuelta de Rodolfo Pizarro.<\/p>\n<\/div>\n<div class=\"ArticleParagraph_articleParagraph__MrxYL\">\n<p>A los 5 minutos del tiempo a\u00f1adido de la primera parte, Rayados gener\u00f3 un contragolpe que termin\u00f3 en un potente disparo de Allen Iverson Rojas y que el guardameta Sebasti\u00e1n Jurado envi\u00f3 a tiro de esquina.<\/p>\n<\/div>\n<div class=\"ArticleTwitter_container__d_Vqg\">\n<blockquote class=\"ArticleTwitter_tweet__EkEsY twitter-tweet\" data-conversation=\"none\"><p><a class=\"twitter-tweet\" href=\"https:\/\/twitter.com\/Rayados\/status\/2032671229182652585?ref_src=twsrc%5Etfw\">\u00a1Est\u00e1s loco, Tecatito!&#x1f51d;\u00a1Qu\u00e9 golazo hiciste, Jes\u00fas Manuel!&#x1f62e;&#x200d;&#x1f4a8;&#x1f525;<\/a><\/p>\n<p class=\"text-1\">\u00a0\u2013\u00a0<time datetime=\"Samstag, 14. M\u00e4rz 2026\">Samstag, 14. M\u00e4rz 2026<\/time><\/p>\n<\/blockquote>\n<\/div>\n<div class=\"ArticleParagraph_articleParagraph__MrxYL\">\n<p><strong>45+8\u2019 JU\u00c1REZ 0-2 RAYADOS | Jes\u00fas \u201cTecatito\u201d Corona<\/strong><\/p>\n<\/div>\n<div class=\"ArticleParagraph_articleParagraph__MrxYL\">\n<p>En un contragolpe, \u201cTecatito\u201d recibi\u00f3 el bal\u00f3n en linderos del \u00e1rea y sac\u00f3 un disparo cruzado que se colg\u00f3 en el \u00e1ngulo. \u00a1Golazo!<\/p>\n<\/div>\n<div class=\"ArticleParagraph_articleParagraph__MrxYL\">\n<p><strong>49\u2019 JU\u00c1REZ 1-2 RAYADOS | Jairo Torres<\/strong>Jairo Torres remat\u00f3 de cabeza un centro de Jos\u00e9 Rodr\u00edguez y anot\u00f3 el gol del descuento.<\/p>\n<\/div>\n<div class=\"ArticleParagraph_articleParagraph__MrxYL\">\n<p>Al minuto 57, V\u00edctor Guzm\u00e1n recibi\u00f3 una segunda tarjeta amarilla por una falta en medio campo, con lo cual se fue expulsado.<\/p>\n<\/div>\n<div class=\"ArticleParagraph_articleParagraph__MrxYL\">\n<p>Al 66\u2019, Jairo Torres remat\u00f3 de cabeza y mand\u00f3 el bal\u00f3n al fondo de las redes. Sin embargo, el \u00e1rbitro anul\u00f3 una vez m\u00e1s la anotaci\u00f3n de los locales tras revisar el VAR por una falta ofensiva sobre Alonso Aceves dentro del \u00e1rea.<\/p>\n<\/div>\n<div class=\"ArticleParagraph_articleParagraph__MrxYL\">\n<p>Una vez m\u00e1s, Luis C\u00e1rdenas se visti\u00f3 de h\u00e9roe al minuto 85, al evitar doblemente el gol de los locales. Primero rechaz\u00f3 una volea de Ram\u00f3n Rodr\u00edguez y, en un segundo remate, un cabezazo de Ettson Ay\u00f3n. \u00a1Grande, Mochis!<\/p>\n<\/div>\n<div class=\"ArticleParagraph_articleParagraph__MrxYL\">\n<p>Ricardo Ch\u00e1vez cometi\u00f3 una falta dentro del \u00e1rea al minuto 90, y el \u00e1rbitro marc\u00f3 penal para Ju\u00e1rez.<\/p>\n<\/div>\n<div class=\"ArticleParagraph_articleParagraph__MrxYL\">\n<p><strong>91\u2019 JU\u00c1REZ 2-2 RAYADOS | Oscar Estupi\u00f1\u00e1n<\/strong>Con un disparo de derecha, Estupi\u00f1\u00e1n anot\u00f3 el penal y empat\u00f3 el partido.<\/p>\n<\/div>\n<div class=\"ArticleParagraph_articleParagraph__MrxYL\">\n<p>Con este resultado, el Monterrey regresa a zona de Liguilla, al colocarse en el octavo sitio en la tabla general, con 14 puntos.<\/p>\n<\/div>\n<div class=\"ArticleParagraph_articleParagraph__MrxYL\">\n<p>El martes 17 de marzo, a las 21:00 horas, Rayados visitar\u00e1 al Cruz Azul en la Vuelta de los Octavos de Final de la CONCACAF.<\/p>\n<\/div>\n<div class=\"ArticleParagraph_articleParagraph__MrxYL\">\n<p><strong>ALINEACI\u00d3N RAYADOS:<\/strong> Luis C\u00e1rdenas, Ricardo Ch\u00e1vez, V\u00edctor Guzman, Carlos Salcedo, Gerardo Arteaga, Iker Fimbres (Allen Iverson Rojas, 21\u2019) (C\u00e9sar Bustos, 62\u2019), Jorge &#8220;Corcho&#8221; Rodriguez, Jes\u00fas &#8220;Tecatito&#8221; Corona (Alonso Aceves, 62\u2019), Luca Orellano, Lucas Ocampos (Cristian Reyes, 21\u2019) y Uro\u0161 Djurdjevi\u0107. DT Nicol\u00e1s S\u00e1nchez.<\/p>\n<\/div>\n<p><a class=\"PublisherImprintLink_container__RL6Zd title-7-medium\" href=\"https:\/\/rayados.com\/\" rel=\"noreferrer\" target=\"_blank\">Impressum des Publishers ansehen<\/a><button class=\"NativeShare_container__okhFj Button_root__RKQ4c Button_outline__jxSq_\">Teile diesen Artikel<svg class=\"NativeShare_icon__c2KQS\" fill=\"currentColor\" viewbox=\"0 0 24 24\"><path d=\"M12.2377 1.1804a.75.75 0 0 0-.9762.0003l-3.51 3.01a.75.75 0 0 0 .9765 1.1386l2.292-1.9655V12.52c0 .46.33.84.73.84.4 0 .73-.37.73-.84V3.3633l2.2718 1.9463a.75.75 0 1 0 .9759-1.1392l-3.49-2.99Z\"\/><path d=\"M5.14 8.62c-.904 0-1.64.7358-1.64 1.6455v9.209c0 .9097.736 1.6455 1.64 1.6455h13.22c.904 0 1.64-.7358 1.64-1.6455v-9.1977c0-.9097-.736-1.6455-1.64-1.6455h-1.61a.75.75 0 0 1 0-1.5h1.61c1.736 0 3.14 1.411 3.14 3.1455v9.1977c0 1.7344-1.404 3.1455-3.14 3.1455H5.14C3.404 22.62 2 21.2089 2 19.4745v-9.209C2 8.5311 3.404 7.12 5.14 7.12h1.32a.75.75 0 1 1 0 1.5H5.14Z\"\/><\/svg><\/button><\/p>\n<section class=\"XpaTaboolaPlaceholder_container__S7Qhw\"\/><\/div>\n<p><script async src=\"\/\/platform.twitter.com\/widgets.js\" charset=\"utf-8\"><\/script><br \/>\n<br \/><a href=\"https:\/\/onefootball.com\/de\/news\/rayados-empata-en-la-frontera-42554559\">Fonte do Artigo <\/a><\/p>","protected":false},"excerpt":{"rendered":"<p>Rayados empat\u00f3 2-2 con Ju\u00e1rez en el partido de la Jornada 11 del Torneo Clausura 2026. El partido, disputado en el Estadio Ol\u00edmpico Benito Ju\u00e1rez, comenz\u00f3 con intensidad y \u201cDjuka\u201d abri\u00f3 el marcador a los 48 segundos. Y lleg\u00f3 el GOL de estreno. &#x1f4a5;&#x24c2;&#xfe0f; El primero de Djuka con los @Rayados en nuestra liga fue [&hellip;]<\/p>\n","protected":false},"author":1,"featured_media":94519,"comment_status":"closed","ping_status":"","sticky":false,"template":"","format":"standard","meta":{"googlesitekit_rrm_CAow2JLhCw:productID":"","_gspb_post_css":"","maa_idioma":"","maa_pais":"","footnotes":""},"categories":[4],"tags":[7624,22634,21330],"class_list":["post-94518","post","type-post","status-publish","format-standard","has-post-thumbnail","hentry","category-brasil","tag-empata","tag-frontera","tag-rayados"],"blocksy_meta":[],"yoast_head":"<!-- This site is optimized with the Yoast SEO Premium plugin v27.6 (Yoast SEO v27.6) - https:\/\/yoast.com\/product\/yoast-seo-premium-wordpress\/ -->\n<title>RAYADOS EMPATA EN LA FRONTERA - Ubirat\u00e3 Online Not\u00edcias - A realidade ao seu alcance!<\/title>\n<meta name=\"description\" content=\"Rayados empat\u00f3 2-2 con Ju\u00e1rez en el partido de la Jornada 11 del Torneo Clausura 2026.El partido, disputado en el Estadio Ol\u00edmpico Benito Ju\u00e1rez, comenz\u00f3\" \/>\n<meta name=\"robots\" content=\"index, follow, max-snippet:-1, max-image-preview:large, max-video-preview:-1\" \/>\n<link rel=\"canonical\" href=\"https:\/\/ubirataonline.com.br\/en\/rayados-empata-en-la-frontera\/\" \/>\n<meta property=\"og:locale\" content=\"en_US\" \/>\n<meta property=\"og:type\" content=\"article\" \/>\n<meta property=\"og:title\" content=\"RAYADOS EMPATA EN LA FRONTERA\" \/>\n<meta property=\"og:description\" content=\"Rayados empat\u00f3 2-2 con Ju\u00e1rez en el partido de la Jornada 11 del Torneo Clausura 2026.El partido, disputado en el Estadio Ol\u00edmpico Benito Ju\u00e1rez, comenz\u00f3\" \/>\n<meta property=\"og:url\" content=\"https:\/\/ubirataonline.com.br\/en\/rayados-empata-en-la-frontera\/\" \/>\n<meta property=\"og:site_name\" content=\"Ubirat\u00e3 Online Not\u00edcias - A realidade ao seu alcance!\" \/>\n<meta property=\"article:publisher\" content=\"https:\/\/www.facebook.com\/portalubirataonline\" \/>\n<meta property=\"article:author\" content=\"https:\/\/www.facebook.com\/portalubirataonline\" \/>\n<meta property=\"article:published_time\" content=\"2026-03-14T09:04:32+00:00\" \/>\n<meta property=\"article:modified_time\" content=\"2026-03-14T09:06:41+00:00\" \/>\n<meta property=\"og:image\" content=\"https:\/\/ubirataonline.com.br\/wp-content\/uploads\/2026\/03\/RAYADOS-EMPATA-EN-LA-FRONTERA.png\" \/>\n\t<meta property=\"og:image:width\" content=\"1200\" \/>\n\t<meta property=\"og:image:height\" content=\"630\" \/>\n\t<meta property=\"og:image:type\" content=\"image\/png\" \/>\n<meta name=\"author\" content=\"REDA\u00c7\u00c3O: UBIRAT\u00c3 ONLINE - F\u00c1BIO AUGUSTO CELESTINO\" \/>\n<meta name=\"twitter:card\" content=\"summary_large_image\" \/>\n<meta name=\"twitter:creator\" content=\"@x.com\/ubirataonline\" \/>\n<meta name=\"twitter:site\" content=\"@ubirataonline\" \/>\n<meta name=\"twitter:label1\" content=\"Written by\" \/>\n\t<meta name=\"twitter:data1\" content=\"REDA\u00c7\u00c3O: UBIRAT\u00c3 ONLINE - F\u00c1BIO AUGUSTO CELESTINO\" \/>\n\t<meta name=\"twitter:label2\" content=\"Est. reading time\" \/>\n\t<meta name=\"twitter:data2\" content=\"3 minutes\" \/>\n<script type=\"application\/ld+json\" class=\"yoast-schema-graph\">{\"@context\":\"https:\\\/\\\/schema.org\",\"@graph\":[{\"@type\":\"NewsArticle\",\"@id\":\"https:\\\/\\\/ubirataonline.com.br\\\/rayados-empata-en-la-frontera\\\/#article\",\"isPartOf\":{\"@id\":\"https:\\\/\\\/ubirataonline.com.br\\\/rayados-empata-en-la-frontera\\\/\"},\"author\":{\"name\":\"REDA\u00c7\u00c3O: UBIRAT\u00c3 ONLINE - F\u00c1BIO AUGUSTO CELESTINO\",\"@id\":\"https:\\\/\\\/ubirataonline.com.br\\\/#\\\/schema\\\/person\\\/372f87bbd3fdd79b8556b84c98d0bc1c\"},\"headline\":\"RAYADOS EMPATA EN LA FRONTERA\",\"datePublished\":\"2026-03-14T09:04:32+00:00\",\"dateModified\":\"2026-03-14T09:06:41+00:00\",\"mainEntityOfPage\":{\"@id\":\"https:\\\/\\\/ubirataonline.com.br\\\/rayados-empata-en-la-frontera\\\/\"},\"wordCount\":599,\"publisher\":{\"@id\":\"https:\\\/\\\/ubirataonline.com.br\\\/#organization\"},\"image\":{\"@id\":\"https:\\\/\\\/ubirataonline.com.br\\\/rayados-empata-en-la-frontera\\\/#primaryimage\"},\"thumbnailUrl\":\"https:\\\/\\\/ubirataonline.com.br\\\/wp-content\\\/uploads\\\/2026\\\/03\\\/RAYADOS-EMPATA-EN-LA-FRONTERA.png\",\"keywords\":[\"empata\",\"FRONTERA\",\"RAYADOS\"],\"articleSection\":[\"Brasil\"],\"inLanguage\":\"en-US\",\"copyrightYear\":\"2026\",\"copyrightHolder\":{\"@id\":\"https:\\\/\\\/ubirataonline.com.br\\\/en\\\/#organization\"}},{\"@type\":\"WebPage\",\"@id\":\"https:\\\/\\\/ubirataonline.com.br\\\/rayados-empata-en-la-frontera\\\/\",\"url\":\"https:\\\/\\\/ubirataonline.com.br\\\/rayados-empata-en-la-frontera\\\/\",\"name\":\"RAYADOS EMPATA EN LA FRONTERA - Ubirat\u00e3 Online Not\u00edcias - A realidade ao seu alcance!\",\"isPartOf\":{\"@id\":\"https:\\\/\\\/ubirataonline.com.br\\\/#website\"},\"primaryImageOfPage\":{\"@id\":\"https:\\\/\\\/ubirataonline.com.br\\\/rayados-empata-en-la-frontera\\\/#primaryimage\"},\"image\":{\"@id\":\"https:\\\/\\\/ubirataonline.com.br\\\/rayados-empata-en-la-frontera\\\/#primaryimage\"},\"thumbnailUrl\":\"https:\\\/\\\/ubirataonline.com.br\\\/wp-content\\\/uploads\\\/2026\\\/03\\\/RAYADOS-EMPATA-EN-LA-FRONTERA.png\",\"datePublished\":\"2026-03-14T09:04:32+00:00\",\"dateModified\":\"2026-03-14T09:06:41+00:00\",\"description\":\"Rayados empat\u00f3 2-2 con Ju\u00e1rez en el partido de la Jornada 11 del Torneo Clausura 2026.El partido, disputado en el Estadio Ol\u00edmpico Benito Ju\u00e1rez, comenz\u00f3\",\"breadcrumb\":{\"@id\":\"https:\\\/\\\/ubirataonline.com.br\\\/rayados-empata-en-la-frontera\\\/#breadcrumb\"},\"inLanguage\":\"en-US\",\"potentialAction\":[{\"@type\":\"ReadAction\",\"target\":[\"https:\\\/\\\/ubirataonline.com.br\\\/rayados-empata-en-la-frontera\\\/\"]}]},{\"@type\":\"ImageObject\",\"inLanguage\":\"en-US\",\"@id\":\"https:\\\/\\\/ubirataonline.com.br\\\/rayados-empata-en-la-frontera\\\/#primaryimage\",\"url\":\"https:\\\/\\\/ubirataonline.com.br\\\/wp-content\\\/uploads\\\/2026\\\/03\\\/RAYADOS-EMPATA-EN-LA-FRONTERA.png\",\"contentUrl\":\"https:\\\/\\\/ubirataonline.com.br\\\/wp-content\\\/uploads\\\/2026\\\/03\\\/RAYADOS-EMPATA-EN-LA-FRONTERA.png\",\"width\":1200,\"height\":630,\"caption\":\"RAYADOS EMPATA EN LA FRONTERA\"},{\"@type\":\"BreadcrumbList\",\"@id\":\"https:\\\/\\\/ubirataonline.com.br\\\/rayados-empata-en-la-frontera\\\/#breadcrumb\",\"itemListElement\":[{\"@type\":\"ListItem\",\"position\":1,\"name\":\"In\u00edcio\",\"item\":\"https:\\\/\\\/ubirataonline.com.br\\\/\"},{\"@type\":\"ListItem\",\"position\":2,\"name\":\"RAYADOS EMPATA EN LA FRONTERA\"}]},{\"@type\":\"WebSite\",\"@id\":\"https:\\\/\\\/ubirataonline.com.br\\\/#website\",\"url\":\"https:\\\/\\\/ubirataonline.com.br\\\/\",\"name\":\"Ubirat\u00e3 Online Not\u00edcias\",\"description\":\"Not\u00edcias de Ubirat\u00e3, regi\u00e3o, Brasil e mundo, com informa\u00e7\u00e3o atualizada e compromisso com o leitor.\",\"publisher\":{\"@id\":\"https:\\\/\\\/ubirataonline.com.br\\\/#organization\"},\"alternateName\":\"Ubirat\u00e3 Online\",\"potentialAction\":[{\"@type\":\"SearchAction\",\"target\":{\"@type\":\"EntryPoint\",\"urlTemplate\":\"https:\\\/\\\/ubirataonline.com.br\\\/?s={search_term_string}\"},\"query-input\":{\"@type\":\"PropertyValueSpecification\",\"valueRequired\":true,\"valueName\":\"search_term_string\"}}],\"inLanguage\":\"en-US\"},{\"@type\":[\"Organization\",\"Place\"],\"@id\":\"https:\\\/\\\/ubirataonline.com.br\\\/#organization\",\"name\":\"Ubirat\u00e3 Online Not\u00edcias\",\"alternateName\":\"Ubirat\u00e3 Online\",\"url\":\"https:\\\/\\\/ubirataonline.com.br\\\/\",\"logo\":{\"@id\":\"https:\\\/\\\/ubirataonline.com.br\\\/rayados-empata-en-la-frontera\\\/#local-main-organization-logo\"},\"image\":{\"@id\":\"https:\\\/\\\/ubirataonline.com.br\\\/rayados-empata-en-la-frontera\\\/#local-main-organization-logo\"},\"sameAs\":[\"https:\\\/\\\/www.facebook.com\\\/portalubirataonline\",\"https:\\\/\\\/x.com\\\/ubirataonline\",\"https:\\\/\\\/mastodon.social\\\/@ubirataonline\",\"https:\\\/\\\/www.facebook.com\\\/groups\\\/311144672285604\",\"https:\\\/\\\/www.facebook.com\\\/UBTAOnline\",\"https:\\\/\\\/www.instagram.com\\\/portalubirataonline\\\/\",\"https:\\\/\\\/twitter.com\\\/ubirataonline\"],\"description\":\"Somos um portal de not\u00edcias independente, criado em 5 de janeiro de 2009, com o objetivo de informar, conectar e valorizar a nossa comunidade de Ubirat\u00e3 e toda aregi\u00e3o. Com conte\u00fado atualizado, confi\u00e1vel e relevante, o Ubirat\u00e3 Online \u00e9 o seu espa\u00e7o para ficar por dentro dos principais acontecimentos locais, regionais, Brasil, Mundo e de interesse geral. Nosso compromisso \u00e9 com a verdade, a transpar\u00eancia e o respeito ao leitor.\",\"legalName\":\"UBIRATA ONLINE NOT\u00cdCIAS\",\"foundingDate\":\"2009-01-05\",\"numberOfEmployees\":{\"@type\":\"QuantitativeValue\",\"minValue\":\"1\",\"maxValue\":\"10\"},\"publishingPrinciples\":\"https:\\\/\\\/ubirataonline.com.br\\\/faq\\\/\",\"address\":{\"@id\":\"https:\\\/\\\/ubirataonline.com.br\\\/rayados-empata-en-la-frontera\\\/#local-main-place-address\"},\"geo\":{\"@type\":\"GeoCoordinates\",\"latitude\":\"-24.5361401\",\"longitude\":\"-52.9921776\"},\"telephone\":[\"+5544998308235\"],\"contactPoint\":{\"@type\":\"ContactPoint\",\"email\":\"contato@ubirataonline.com.br\"},\"openingHoursSpecification\":{\"@type\":\"OpeningHoursSpecification\",\"dayOfWeek\":[\"Monday\",\"Tuesday\",\"Wednesday\",\"Thursday\",\"Friday\",\"Saturday\",\"Sunday\"],\"opens\":\"00:00\",\"closes\":\"23:59\"},\"email\":\"contato@ubirataonline.com.br\",\"vatID\":\"47.621.418\\\/0001-80\"},{\"@type\":\"Person\",\"@id\":\"https:\\\/\\\/ubirataonline.com.br\\\/#\\\/schema\\\/person\\\/372f87bbd3fdd79b8556b84c98d0bc1c\",\"name\":\"REDA\u00c7\u00c3O: UBIRAT\u00c3 ONLINE - F\u00c1BIO AUGUSTO CELESTINO\",\"pronouns\":\"Ele\",\"description\":\"Desde 2003 trabalhando com not\u00edcias.\",\"sameAs\":[\"http:\\\/\\\/ubirataoline.com.br\",\"https:\\\/\\\/www.facebook.com\\\/portalubirataonline\",\"https:\\\/\\\/www.instagram.com\\\/ubirataonline_oficial\",\"https:\\\/\\\/x.com\\\/x.com\\\/ubirataonline\"],\"honorificPrefix\":\"Mr.\",\"honorificSuffix\":\"MD\",\"birthDate\":\"1980-06-16\",\"gender\":\"masculino\",\"award\":[\"V\u00e1rios pr\u00eamios de melhor portal da cidade\"],\"jobTitle\":\"Diretor\",\"url\":\"https:\\\/\\\/ubirataonline.com.br\\\/en\\\/author\\\/ubirataonline\\\/\"},{\"@type\":\"PostalAddress\",\"@id\":\"https:\\\/\\\/ubirataonline.com.br\\\/rayados-empata-en-la-frontera\\\/#local-main-place-address\",\"streetAddress\":\"Rua dos Coqueiros, 104 - Bairro Boa Vista, Rua dos Coqueiros, 104 Bairro Boa Vista\",\"addressLocality\":\"UBIRATA\",\"postalCode\":\"85440-000\",\"addressRegion\":\"PR\",\"addressCountry\":\"BR\"},{\"@type\":\"ImageObject\",\"inLanguage\":\"en-US\",\"@id\":\"https:\\\/\\\/ubirataonline.com.br\\\/rayados-empata-en-la-frontera\\\/#local-main-organization-logo\",\"url\":\"https:\\\/\\\/ubirataonline.com.br\\\/wp-content\\\/uploads\\\/2026\\\/06\\\/logoubirataonline-1.webp\",\"contentUrl\":\"https:\\\/\\\/ubirataonline.com.br\\\/wp-content\\\/uploads\\\/2026\\\/06\\\/logoubirataonline-1.webp\",\"width\":500,\"height\":500,\"caption\":\"Ubirat\u00e3 Online Not\u00edcias\"}]}<\/script>\n<meta name=\"geo.placename\" content=\"UBIRATA\" \/>\n<meta name=\"geo.position\" content=\"-24.5361401;-52.9921776\" \/>\n<meta name=\"geo.region\" content=\"Brazil\" \/>\n<!-- \/ Yoast SEO Premium plugin. -->","yoast_head_json":{"title":"RAYADOS EMPATA EN LA FRONTERA - Ubirat\u00e3 Online Not\u00edcias - A realidade ao seu alcance!","description":"Rayados empat\u00f3 2-2 con Ju\u00e1rez en el partido de la Jornada 11 del Torneo Clausura 2026.El partido, disputado en el Estadio Ol\u00edmpico Benito Ju\u00e1rez, comenz\u00f3","robots":{"index":"index","follow":"follow","max-snippet":"max-snippet:-1","max-image-preview":"max-image-preview:large","max-video-preview":"max-video-preview:-1"},"canonical":"https:\/\/ubirataonline.com.br\/en\/rayados-empata-en-la-frontera\/","og_locale":"en_US","og_type":"article","og_title":"RAYADOS EMPATA EN LA FRONTERA","og_description":"Rayados empat\u00f3 2-2 con Ju\u00e1rez en el partido de la Jornada 11 del Torneo Clausura 2026.El partido, disputado en el Estadio Ol\u00edmpico Benito Ju\u00e1rez, comenz\u00f3","og_url":"https:\/\/ubirataonline.com.br\/en\/rayados-empata-en-la-frontera\/","og_site_name":"Ubirat\u00e3 Online Not\u00edcias - A realidade ao seu alcance!","article_publisher":"https:\/\/www.facebook.com\/portalubirataonline","article_author":"https:\/\/www.facebook.com\/portalubirataonline","article_published_time":"2026-03-14T09:04:32+00:00","article_modified_time":"2026-03-14T09:06:41+00:00","og_image":[{"width":1200,"height":630,"url":"https:\/\/ubirataonline.com.br\/wp-content\/uploads\/2026\/03\/RAYADOS-EMPATA-EN-LA-FRONTERA.png","type":"image\/png"}],"author":"REDA\u00c7\u00c3O: UBIRAT\u00c3 ONLINE - F\u00c1BIO AUGUSTO CELESTINO","twitter_card":"summary_large_image","twitter_creator":"@x.com\/ubirataonline","twitter_site":"@ubirataonline","twitter_misc":{"Written by":"REDA\u00c7\u00c3O: UBIRAT\u00c3 ONLINE - F\u00c1BIO AUGUSTO CELESTINO","Est. reading time":"3 minutes"},"schema":{"@context":"https:\/\/schema.org","@graph":[{"@type":"NewsArticle","@id":"https:\/\/ubirataonline.com.br\/rayados-empata-en-la-frontera\/#article","isPartOf":{"@id":"https:\/\/ubirataonline.com.br\/rayados-empata-en-la-frontera\/"},"author":{"name":"REDA\u00c7\u00c3O: UBIRAT\u00c3 ONLINE - F\u00c1BIO AUGUSTO CELESTINO","@id":"https:\/\/ubirataonline.com.br\/#\/schema\/person\/372f87bbd3fdd79b8556b84c98d0bc1c"},"headline":"RAYADOS EMPATA EN LA FRONTERA","datePublished":"2026-03-14T09:04:32+00:00","dateModified":"2026-03-14T09:06:41+00:00","mainEntityOfPage":{"@id":"https:\/\/ubirataonline.com.br\/rayados-empata-en-la-frontera\/"},"wordCount":599,"publisher":{"@id":"https:\/\/ubirataonline.com.br\/#organization"},"image":{"@id":"https:\/\/ubirataonline.com.br\/rayados-empata-en-la-frontera\/#primaryimage"},"thumbnailUrl":"https:\/\/ubirataonline.com.br\/wp-content\/uploads\/2026\/03\/RAYADOS-EMPATA-EN-LA-FRONTERA.png","keywords":["empata","FRONTERA","RAYADOS"],"articleSection":["Brasil"],"inLanguage":"en-US","copyrightYear":"2026","copyrightHolder":{"@id":"https:\/\/ubirataonline.com.br\/en\/#organization"}},{"@type":"WebPage","@id":"https:\/\/ubirataonline.com.br\/rayados-empata-en-la-frontera\/","url":"https:\/\/ubirataonline.com.br\/rayados-empata-en-la-frontera\/","name":"RAYADOS EMPATA EN LA FRONTERA - Ubirat\u00e3 Online Not\u00edcias - A realidade ao seu alcance!","isPartOf":{"@id":"https:\/\/ubirataonline.com.br\/#website"},"primaryImageOfPage":{"@id":"https:\/\/ubirataonline.com.br\/rayados-empata-en-la-frontera\/#primaryimage"},"image":{"@id":"https:\/\/ubirataonline.com.br\/rayados-empata-en-la-frontera\/#primaryimage"},"thumbnailUrl":"https:\/\/ubirataonline.com.br\/wp-content\/uploads\/2026\/03\/RAYADOS-EMPATA-EN-LA-FRONTERA.png","datePublished":"2026-03-14T09:04:32+00:00","dateModified":"2026-03-14T09:06:41+00:00","description":"Rayados empat\u00f3 2-2 con Ju\u00e1rez en el partido de la Jornada 11 del Torneo Clausura 2026.El partido, disputado en el Estadio Ol\u00edmpico Benito Ju\u00e1rez, comenz\u00f3","breadcrumb":{"@id":"https:\/\/ubirataonline.com.br\/rayados-empata-en-la-frontera\/#breadcrumb"},"inLanguage":"en-US","potentialAction":[{"@type":"ReadAction","target":["https:\/\/ubirataonline.com.br\/rayados-empata-en-la-frontera\/"]}]},{"@type":"ImageObject","inLanguage":"en-US","@id":"https:\/\/ubirataonline.com.br\/rayados-empata-en-la-frontera\/#primaryimage","url":"https:\/\/ubirataonline.com.br\/wp-content\/uploads\/2026\/03\/RAYADOS-EMPATA-EN-LA-FRONTERA.png","contentUrl":"https:\/\/ubirataonline.com.br\/wp-content\/uploads\/2026\/03\/RAYADOS-EMPATA-EN-LA-FRONTERA.png","width":1200,"height":630,"caption":"RAYADOS EMPATA EN LA FRONTERA"},{"@type":"BreadcrumbList","@id":"https:\/\/ubirataonline.com.br\/rayados-empata-en-la-frontera\/#breadcrumb","itemListElement":[{"@type":"ListItem","position":1,"name":"In\u00edcio","item":"https:\/\/ubirataonline.com.br\/"},{"@type":"ListItem","position":2,"name":"RAYADOS EMPATA EN LA FRONTERA"}]},{"@type":"WebSite","@id":"https:\/\/ubirataonline.com.br\/#website","url":"https:\/\/ubirataonline.com.br\/","name":"Ubirat\u00e3 Online Not\u00edcias","description":"Not\u00edcias de Ubirat\u00e3, regi\u00e3o, Brasil e mundo, com informa\u00e7\u00e3o atualizada e compromisso com o leitor.","publisher":{"@id":"https:\/\/ubirataonline.com.br\/#organization"},"alternateName":"Ubirat\u00e3 Online","potentialAction":[{"@type":"SearchAction","target":{"@type":"EntryPoint","urlTemplate":"https:\/\/ubirataonline.com.br\/?s={search_term_string}"},"query-input":{"@type":"PropertyValueSpecification","valueRequired":true,"valueName":"search_term_string"}}],"inLanguage":"en-US"},{"@type":["Organization","Place"],"@id":"https:\/\/ubirataonline.com.br\/#organization","name":"Ubirat\u00e3 Online Not\u00edcias","alternateName":"Ubirat\u00e3 Online","url":"https:\/\/ubirataonline.com.br\/","logo":{"@id":"https:\/\/ubirataonline.com.br\/rayados-empata-en-la-frontera\/#local-main-organization-logo"},"image":{"@id":"https:\/\/ubirataonline.com.br\/rayados-empata-en-la-frontera\/#local-main-organization-logo"},"sameAs":["https:\/\/www.facebook.com\/portalubirataonline","https:\/\/x.com\/ubirataonline","https:\/\/mastodon.social\/@ubirataonline","https:\/\/www.facebook.com\/groups\/311144672285604","https:\/\/www.facebook.com\/UBTAOnline","https:\/\/www.instagram.com\/portalubirataonline\/","https:\/\/twitter.com\/ubirataonline"],"description":"Somos um portal de not\u00edcias independente, criado em 5 de janeiro de 2009, com o objetivo de informar, conectar e valorizar a nossa comunidade de Ubirat\u00e3 e toda aregi\u00e3o. Com conte\u00fado atualizado, confi\u00e1vel e relevante, o Ubirat\u00e3 Online \u00e9 o seu espa\u00e7o para ficar por dentro dos principais acontecimentos locais, regionais, Brasil, Mundo e de interesse geral. Nosso compromisso \u00e9 com a verdade, a transpar\u00eancia e o respeito ao leitor.","legalName":"UBIRATA ONLINE NOT\u00cdCIAS","foundingDate":"2009-01-05","numberOfEmployees":{"@type":"QuantitativeValue","minValue":"1","maxValue":"10"},"publishingPrinciples":"https:\/\/ubirataonline.com.br\/faq\/","address":{"@id":"https:\/\/ubirataonline.com.br\/rayados-empata-en-la-frontera\/#local-main-place-address"},"geo":{"@type":"GeoCoordinates","latitude":"-24.5361401","longitude":"-52.9921776"},"telephone":["+5544998308235"],"contactPoint":{"@type":"ContactPoint","email":"contato@ubirataonline.com.br"},"openingHoursSpecification":{"@type":"OpeningHoursSpecification","dayOfWeek":["Monday","Tuesday","Wednesday","Thursday","Friday","Saturday","Sunday"],"opens":"00:00","closes":"23:59"},"email":"contato@ubirataonline.com.br","vatID":"47.621.418\/0001-80"},{"@type":"Person","@id":"https:\/\/ubirataonline.com.br\/#\/schema\/person\/372f87bbd3fdd79b8556b84c98d0bc1c","name":"REDA\u00c7\u00c3O: UBIRAT\u00c3 ONLINE - F\u00c1BIO AUGUSTO CELESTINO","pronouns":"Ele","description":"Desde 2003 trabalhando com not\u00edcias.","sameAs":["http:\/\/ubirataoline.com.br","https:\/\/www.facebook.com\/portalubirataonline","https:\/\/www.instagram.com\/ubirataonline_oficial","https:\/\/x.com\/x.com\/ubirataonline"],"honorificPrefix":"Mr.","honorificSuffix":"MD","birthDate":"1980-06-16","gender":"masculino","award":["V\u00e1rios pr\u00eamios de melhor portal da cidade"],"jobTitle":"Diretor","url":"https:\/\/ubirataonline.com.br\/en\/author\/ubirataonline\/"},{"@type":"PostalAddress","@id":"https:\/\/ubirataonline.com.br\/rayados-empata-en-la-frontera\/#local-main-place-address","streetAddress":"Rua dos Coqueiros, 104 - Bairro Boa Vista, Rua dos Coqueiros, 104 Bairro Boa Vista","addressLocality":"UBIRATA","postalCode":"85440-000","addressRegion":"PR","addressCountry":"BR"},{"@type":"ImageObject","inLanguage":"en-US","@id":"https:\/\/ubirataonline.com.br\/rayados-empata-en-la-frontera\/#local-main-organization-logo","url":"https:\/\/ubirataonline.com.br\/wp-content\/uploads\/2026\/06\/logoubirataonline-1.webp","contentUrl":"https:\/\/ubirataonline.com.br\/wp-content\/uploads\/2026\/06\/logoubirataonline-1.webp","width":500,"height":500,"caption":"Ubirat\u00e3 Online Not\u00edcias"}]},"geo.placename":"UBIRATA","geo.position":{"lat":"-24.5361401","long":"-52.9921776"},"geo.region":"Brazil"},"_links":{"self":[{"href":"https:\/\/ubirataonline.com.br\/en\/wp-json\/wp\/v2\/posts\/94518","targetHints":{"allow":["GET"]}}],"collection":[{"href":"https:\/\/ubirataonline.com.br\/en\/wp-json\/wp\/v2\/posts"}],"about":[{"href":"https:\/\/ubirataonline.com.br\/en\/wp-json\/wp\/v2\/types\/post"}],"author":[{"embeddable":true,"href":"https:\/\/ubirataonline.com.br\/en\/wp-json\/wp\/v2\/users\/1"}],"replies":[{"embeddable":true,"href":"https:\/\/ubirataonline.com.br\/en\/wp-json\/wp\/v2\/comments?post=94518"}],"version-history":[{"count":0,"href":"https:\/\/ubirataonline.com.br\/en\/wp-json\/wp\/v2\/posts\/94518\/revisions"}],"wp:featuredmedia":[{"embeddable":true,"href":"https:\/\/ubirataonline.com.br\/en\/wp-json\/wp\/v2\/media\/94519"}],"wp:attachment":[{"href":"https:\/\/ubirataonline.com.br\/en\/wp-json\/wp\/v2\/media?parent=94518"}],"wp:term":[{"taxonomy":"category","embeddable":true,"href":"https:\/\/ubirataonline.com.br\/en\/wp-json\/wp\/v2\/categories?post=94518"},{"taxonomy":"post_tag","embeddable":true,"href":"https:\/\/ubirataonline.com.br\/en\/wp-json\/wp\/v2\/tags?post=94518"}],"curies":[{"name":"wp","href":"https:\/\/api.w.org\/{rel}","templated":true}]}}