{"id":94564,"date":"2026-03-14T10:08:22","date_gmt":"2026-03-14T13:08:22","guid":{"rendered":"https:\/\/ubirataonline.com.br\/abono-salarial-para-nascidos-em-fevereiro-comeca-a-ser-pago-na-segunda-feira-16-ministerio-do-trabalho-e-emprego\/"},"modified":"2026-03-14T10:08:40","modified_gmt":"2026-03-14T13:08:40","slug":"abono-salarial-para-nascidos-em-fevereiro-comeca-a-ser-pago-na-segunda-feira-16-ministerio-do-trabalho-e-emprego","status":"publish","type":"post","link":"https:\/\/ubirataonline.com.br\/en\/abono-salarial-para-nascidos-em-fevereiro-comeca-a-ser-pago-na-segunda-feira-16-ministerio-do-trabalho-e-emprego\/","title":{"rendered":"Abono Salarial para nascidos em fevereiro come\u00e7a a ser pago na segunda-feira (16) \u2014 Minist\u00e9rio do Trabalho e Emprego"},"content":{"rendered":"<p><\/p>\n<div property=\"rnews:articleBody\">\n<p dir=\"ltr\" style=\"text-align: justify; \"><span>O Minist\u00e9rio do Trabalho e Emprego (MTE) inicia, nesta segunda-feira (16), o pagamento do Abono Salarial para o segundo grupo de benefici\u00e1rios, formado por trabalhadores nascidos em fevereiro. Ao todo, 2.021.972 trabalhadores receber\u00e3o o benef\u00edcio, com libera\u00e7\u00e3o de cerca de R$ 2,5 bilh\u00f5es.<\/span><\/p>\n<p dir=\"ltr\" style=\"text-align: justify; \"><span>O Minist\u00e9rio tamb\u00e9m antecipou o pagamento do Abono Salarial para trabalhadores dos munic\u00edpios de Juiz de Fora, Matias Barbosa e Ub\u00e1, em Minas Gerais, afetados pelas chuvas. Ao todo, 96.077 benefici\u00e1rios dessas cidades tamb\u00e9m receber\u00e3o o valor nesta segunda-feira.<\/span><\/p>\n<p dir=\"ltr\" style=\"text-align: justify; \"><span>Do total de trabalhadores que receber\u00e3o o benef\u00edcio, 1.818.005 s\u00e3o da iniciativa privada, com direito ao PIS, pago pela Caixa Econ\u00f4mica Federal. Outros 203.967 s\u00e3o servidores p\u00fablicos, com direito ao PASEP, pago pelo Banco do Brasil.<\/span><\/p>\n<p dir=\"ltr\" style=\"text-align: justify; \"><span>Neste calend\u00e1rio, o valor do Abono Salarial varia de R$ 136,00 a R$ 1.162,00, de acordo com a quantidade de meses trabalhados no ano-base 2023.<\/span><\/p>\n<p dir=\"ltr\" style=\"text-align: justify; \"><span>A antecipa\u00e7\u00e3o tamb\u00e9m vale para trabalhadores nascidos entre mar\u00e7o e dezembro que t\u00eam v\u00ednculo empregat\u00edcio com empregadores domiciliados nos munic\u00edpios de Juiz de Fora, Matias Barbosa e Ub\u00e1, em Minas Gerais.<\/span><\/p>\n<p dir=\"ltr\" style=\"text-align: justify; \"><span>A medida faz parte das a\u00e7\u00f5es do Governo Federal para enfrentar a situa\u00e7\u00e3o de calamidade p\u00fablica nos munic\u00edpios mineiros afetados pelas chuvas. Ao todo, 96.077 trabalhadores ser\u00e3o beneficiados, com libera\u00e7\u00e3o de R$ 122,3 milh\u00f5es. Desse total, 76.240 s\u00e3o de Juiz de Fora, 2.404 de Matias Barbosa e 17.433 de Ub\u00e1.<\/span><\/p>\n<p dir=\"ltr\" style=\"text-align: justify; \"><span>Em 2026, o calend\u00e1rio de pagamento do Abono Salarial referente ao ano-base 2024 come\u00e7ou em 16 de fevereiro. Os valores ficar\u00e3o dispon\u00edveis para saque at\u00e9 o fim do calend\u00e1rio, em 30 de dezembro de 2026.<\/span><\/p>\n<h3 dir=\"ltr\" style=\"text-align: justify; \"><span>Quem tem direito<\/span><\/h3>\n<p dir=\"ltr\" style=\"text-align: justify; \"><span>Tem direito ao Abono Salarial o trabalhador que atende aos seguintes crit\u00e9rios:<\/span><\/p>\n<ul style=\"text-align: justify; \">\n<li dir=\"ltr\">\n<p dir=\"ltr\"><span>estar cadastrado no PIS\/PASEP h\u00e1 pelo menos cinco anos, contados a partir da data do primeiro v\u00ednculo;<\/span><\/p>\n<\/li>\n<li dir=\"ltr\">\n<p dir=\"ltr\"><span>ter recebido, de empregadores que contribuem para o PIS ou para o PASEP, remunera\u00e7\u00e3o m\u00e9dia mensal de at\u00e9 R$ 2.766,00 no ano-base 2024;<\/span><\/p>\n<\/li>\n<li dir=\"ltr\">\n<p dir=\"ltr\"><span>ter exercido atividade remunerada por pelo menos 30 dias, consecutivos ou n\u00e3o, no ano-base considerado para apura\u00e7\u00e3o;<\/span><\/p>\n<\/li>\n<li dir=\"ltr\">\n<p dir=\"ltr\"><span>ter os dados do ano-base 2023 informados corretamente pelo empregador no eSocial.<\/span><\/p>\n<\/li>\n<\/ul>\n<h3 dir=\"ltr\" style=\"text-align: justify; \"><span>Pagamento pela Caixa Econ\u00f4mica Federal<\/span><\/h3>\n<p dir=\"ltr\" style=\"text-align: justify; \"><span>O pagamento do Abono Salarial pela Caixa ser\u00e1 realizado prioritariamente por cr\u00e9dito em conta da Caixa, quando o trabalhador possuir conta corrente, conta poupan\u00e7a ou conta digital.<\/span><\/p>\n<p dir=\"ltr\" style=\"text-align: justify; \"><span>Tamb\u00e9m poder\u00e1 ser feito cr\u00e9dito pelo aplicativo CAIXA Tem, em conta poupan\u00e7a social digital aberta automaticamente pela Caixa.<\/span><\/p>\n<p dir=\"ltr\" style=\"text-align: justify; \"><span>Para trabalhadores que n\u00e3o s\u00e3o correntistas, o pagamento poder\u00e1 ser realizado em ag\u00eancias, casas lot\u00e9ricas, terminais de autoatendimento, correspondentes CAIXA Aqui e outros canais de pagamento oferecidos pela Caixa.<\/span><\/p>\n<h3 dir=\"ltr\" style=\"text-align: justify; \"><span>Pagamento pelo Banco do Brasil<\/span><\/h3>\n<p dir=\"ltr\" style=\"text-align: justify; \"><span>No Banco do Brasil, o pagamento do Abono Salarial ser\u00e1 feito prioritariamente por cr\u00e9dito em conta banc\u00e1ria. Tamb\u00e9m poder\u00e1 ocorrer por transfer\u00eancia via TED, PIX ou atendimento presencial nas ag\u00eancias, para trabalhadores que n\u00e3o s\u00e3o correntistas e n\u00e3o possuem chave PIX.<\/span><\/p>\n<p dir=\"ltr\" style=\"text-align: justify; \"><span>Informa\u00e7\u00f5es adicionais podem ser solicitadas nos canais de atendimento do Minist\u00e9rio do Trabalho e Emprego e nas unidades das Superintend\u00eancias Regionais do Trabalho, pelo telefone 158.<\/span><\/p>\n<p dir=\"ltr\"><strong><em><a href=\"https:\/\/www.gov.br\/pt-br\/servicos\/receber-o-abono-salarial\">O calend\u00e1rio completo de pagamento est\u00e1 dispon\u00edvel aqui<\/a>.\u00a0<\/em><\/strong><\/p>\n<p dir=\"ltr\"><strong>Veja a distribui\u00e7\u00e3o dos valores do segundo lote do Abono Salarial por estado:<\/strong><\/p>\n<div align=\"left\" dir=\"ltr\">\n<table>\n<colgroup>\n<col width=\"170\"\/>\n<col width=\"137\"\/><\/colgroup>\n<tbody>\n<tr>\n<td>\n<p dir=\"ltr\"><strong>Estado (UF)<\/strong><\/p>\n<\/td>\n<td>\n<p dir=\"ltr\"><strong>Valor Total (R$)<\/strong><\/p>\n<\/td>\n<\/tr>\n<tr>\n<td>\n<p dir=\"ltr\"><span>S\u00e3o Paulo<\/span><\/p>\n<\/td>\n<td>\n<p dir=\"ltr\"><span>R$ 615.768.823,00<\/span><\/p>\n<\/td>\n<\/tr>\n<tr>\n<td>\n<p dir=\"ltr\"><span>Minas Gerais<\/span><\/p>\n<\/td>\n<td>\n<p dir=\"ltr\"><span>R$ 397.747.030,00<\/span><\/p>\n<\/td>\n<\/tr>\n<tr>\n<td>\n<p dir=\"ltr\"><span>Rio de Janeiro<\/span><\/p>\n<\/td>\n<td>\n<p dir=\"ltr\"><span>R$ 216.935.266,00<\/span><\/p>\n<\/td>\n<\/tr>\n<tr>\n<td>\n<p dir=\"ltr\"><span>Paran\u00e1<\/span><\/p>\n<\/td>\n<td>\n<p dir=\"ltr\"><span>R$ 154.675.264,00<\/span><\/p>\n<\/td>\n<\/tr>\n<tr>\n<td>\n<p dir=\"ltr\"><span>Bahia<\/span><\/p>\n<\/td>\n<td>\n<p dir=\"ltr\"><span>R$ 140.239.677,00<\/span><\/p>\n<\/td>\n<\/tr>\n<tr>\n<td>\n<p dir=\"ltr\"><span>Rio Grande do Sul<\/span><\/p>\n<\/td>\n<td>\n<p dir=\"ltr\"><span>R$ 136.027.104,00<\/span><\/p>\n<\/td>\n<\/tr>\n<tr>\n<td>\n<p dir=\"ltr\"><span>Santa Catarina<\/span><\/p>\n<\/td>\n<td>\n<p dir=\"ltr\"><span>R$ 112.469.817,00<\/span><\/p>\n<\/td>\n<\/tr>\n<tr>\n<td>\n<p dir=\"ltr\"><span>Cear\u00e1<\/span><\/p>\n<\/td>\n<td>\n<p dir=\"ltr\"><span>R$ 103.762.632,00<\/span><\/p>\n<\/td>\n<\/tr>\n<tr>\n<td>\n<p dir=\"ltr\"><span>Pernambuco<\/span><\/p>\n<\/td>\n<td>\n<p dir=\"ltr\"><span>R$ 100.678.393,00<\/span><\/p>\n<\/td>\n<\/tr>\n<tr>\n<td>\n<p dir=\"ltr\"><span>Goi\u00e1s<\/span><\/p>\n<\/td>\n<td>\n<p dir=\"ltr\"><span>R$ 76.644.518,00<\/span><\/p>\n<\/td>\n<\/tr>\n<tr>\n<td>\n<p dir=\"ltr\"><span>Par\u00e1<\/span><\/p>\n<\/td>\n<td>\n<p dir=\"ltr\"><span>R$ 58.594.356,00<\/span><\/p>\n<\/td>\n<\/tr>\n<tr>\n<td>\n<p dir=\"ltr\"><span>Esp\u00edrito Santo<\/span><\/p>\n<\/td>\n<td>\n<p dir=\"ltr\"><span>R$ 53.320.557,00<\/span><\/p>\n<\/td>\n<\/tr>\n<tr>\n<td>\n<p dir=\"ltr\"><span>Distrito Federal<\/span><\/p>\n<\/td>\n<td>\n<p dir=\"ltr\"><span>R$ 44.097.991,00<\/span><\/p>\n<\/td>\n<\/tr>\n<tr>\n<td>\n<p dir=\"ltr\"><span>Para\u00edba<\/span><\/p>\n<\/td>\n<td>\n<p dir=\"ltr\"><span>R$ 43.257.639,00<\/span><\/p>\n<\/td>\n<\/tr>\n<tr>\n<td>\n<p dir=\"ltr\"><span>Rio Grande do Norte<\/span><\/p>\n<\/td>\n<td>\n<p dir=\"ltr\"><span>R$ 38.931.075,00<\/span><\/p>\n<\/td>\n<\/tr>\n<tr>\n<td>\n<p dir=\"ltr\"><span>Maranh\u00e3o<\/span><\/p>\n<\/td>\n<td>\n<p dir=\"ltr\"><span>R$ 37.863.941,00<\/span><\/p>\n<\/td>\n<\/tr>\n<tr>\n<td>\n<p dir=\"ltr\"><span>Mato Grosso<\/span><\/p>\n<\/td>\n<td>\n<p dir=\"ltr\"><span>R$ 36.777.668,00<\/span><\/p>\n<\/td>\n<\/tr>\n<tr>\n<td>\n<p dir=\"ltr\"><span>Amazonas<\/span><\/p>\n<\/td>\n<td>\n<p dir=\"ltr\"><span>R$ 33.482.332,00<\/span><\/p>\n<\/td>\n<\/tr>\n<tr>\n<td>\n<p dir=\"ltr\"><span>Mato Grosso do Sul<\/span><\/p>\n<\/td>\n<td>\n<p dir=\"ltr\"><span>R$ 32.777.668,00<\/span><\/p>\n<\/td>\n<\/tr>\n<tr>\n<td>\n<p dir=\"ltr\"><span>Alagoas<\/span><\/p>\n<\/td>\n<td>\n<p dir=\"ltr\"><span>R$ 30.708.283,00<\/span><\/p>\n<\/td>\n<\/tr>\n<tr>\n<td>\n<p dir=\"ltr\"><span>Piau\u00ed<\/span><\/p>\n<\/td>\n<td>\n<p dir=\"ltr\"><span>R$ 28.936.222,00<\/span><\/p>\n<\/td>\n<\/tr>\n<tr>\n<td>\n<p dir=\"ltr\"><span>Sergipe<\/span><\/p>\n<\/td>\n<td>\n<p dir=\"ltr\"><span>R$ 24.153.559,00<\/span><\/p>\n<\/td>\n<\/tr>\n<tr>\n<td>\n<p dir=\"ltr\"><span>Rond\u00f4nia<\/span><\/p>\n<\/td>\n<td>\n<p dir=\"ltr\"><span>R$ 14.843.188,00<\/span><\/p>\n<\/td>\n<\/tr>\n<tr>\n<td>\n<p dir=\"ltr\"><span>Tocantins<\/span><\/p>\n<\/td>\n<td>\n<p dir=\"ltr\"><span>R$ 13.763.832,00<\/span><\/p>\n<\/td>\n<\/tr>\n<tr>\n<td>\n<p dir=\"ltr\"><span>Acre<\/span><\/p>\n<\/td>\n<td>\n<p dir=\"ltr\"><span>R$ 6.107.196,00<\/span><\/p>\n<\/td>\n<\/tr>\n<tr>\n<td>\n<p dir=\"ltr\"><span>Amap\u00e1<\/span><\/p>\n<\/td>\n<td>\n<p dir=\"ltr\"><span>R$ 5.396.425,00<\/span><\/p>\n<\/td>\n<\/tr>\n<tr>\n<td>\n<p dir=\"ltr\"><span>Roraima<\/span><\/p>\n<\/td>\n<td>\n<p dir=\"ltr\"><span>R$ 4.897.072,00<\/span><\/p>\n<\/td>\n<\/tr>\n<\/tbody>\n<\/table>\n<\/div>\n<\/div>\n<p><script type=\"text\">\n    (function() {\n        var po = document.createElement('script');\n        po.async = true;\n        po.src = document.location.protocol + '\/\/connect.facebook.net\/pt_BR\/all.js#xfbml=1';\n        var head = document.getElementsByTagName('head')[0];\n        head.appendChild(po);\n    }());\n    <\/script><br \/>\n<br \/><a href=\"https:\/\/www.gov.br\/trabalho-e-emprego\/pt-br\/noticias-e-conteudo\/2026\/marco\/abono-salarial-para-nascidos-em-fevereiro-comeca-a-ser-pago-na-segunda-feira-16\">Fonte do Artigo <\/a><\/p>\n","protected":false},"excerpt":{"rendered":"<p>O Minist\u00e9rio do Trabalho e Emprego (MTE) inicia, nesta segunda-feira (16), o pagamento do Abono Salarial para o segundo grupo de benefici\u00e1rios, formado por trabalhadores nascidos em fevereiro. Ao todo, 2.021.972 trabalhadores receber\u00e3o o benef\u00edcio, com libera\u00e7\u00e3o de cerca de R$ 2,5 bilh\u00f5es. O Minist\u00e9rio tamb\u00e9m antecipou o pagamento do Abono Salarial para trabalhadores dos [&hellip;]<\/p>\n","protected":false},"author":1,"featured_media":94565,"comment_status":"closed","ping_status":"","sticky":false,"template":"","format":"standard","meta":{"googlesitekit_rrm_CAow2JLhCw:productID":"","_gspb_post_css":"","maa_idioma":"","maa_pais":"","footnotes":""},"categories":[4],"tags":[8220,3741,8223,15514,3438,22662,16965,2904,8221,3470,3307,7639],"class_list":["post-94564","post","type-post","status-publish","format-standard","has-post-thumbnail","hentry","category-brasil","tag-abono","tag-comeca","tag-emprego","tag-fevereiro","tag-ministerio","tag-nascidos","tag-pago","tag-para","tag-salarial","tag-segundafeira","tag-ser","tag-trabalho"],"blocksy_meta":[],"yoast_head":"<!-- This site is optimized with the Yoast SEO Premium plugin v27.6 (Yoast SEO v27.6) - https:\/\/yoast.com\/product\/yoast-seo-premium-wordpress\/ -->\n<title>Abono Salarial para nascidos em fevereiro come\u00e7a a ser pago na segunda-feira (16) \u2014 Minist\u00e9rio do Trabalho e Emprego - Ubirat\u00e3 Online Not\u00edcias - A realidade ao seu alcance!<\/title>\n<meta name=\"description\" content=\"O Minist\u00e9rio do Trabalho e Emprego (MTE) inicia, nesta segunda-feira (16), o pagamento do Abono Salarial para o segundo grupo de benefici\u00e1rios, formado\" \/>\n<meta name=\"robots\" content=\"index, follow, max-snippet:-1, max-image-preview:large, max-video-preview:-1\" \/>\n<link rel=\"canonical\" href=\"https:\/\/ubirataonline.com.br\/en\/abono-salarial-para-nascidos-em-fevereiro-comeca-a-ser-pago-na-segunda-feira-16-ministerio-do-trabalho-e-emprego\/\" \/>\n<meta property=\"og:locale\" content=\"en_US\" \/>\n<meta property=\"og:type\" content=\"article\" \/>\n<meta property=\"og:title\" content=\"Abono Salarial para nascidos em fevereiro come\u00e7a a ser pago na segunda-feira (16) \u2014 Minist\u00e9rio do Trabalho e Emprego\" \/>\n<meta property=\"og:description\" content=\"O Minist\u00e9rio do Trabalho e Emprego (MTE) inicia, nesta segunda-feira (16), o pagamento do Abono Salarial para o segundo grupo de benefici\u00e1rios, formado\" \/>\n<meta property=\"og:url\" content=\"https:\/\/ubirataonline.com.br\/en\/abono-salarial-para-nascidos-em-fevereiro-comeca-a-ser-pago-na-segunda-feira-16-ministerio-do-trabalho-e-emprego\/\" \/>\n<meta property=\"og:site_name\" content=\"Ubirat\u00e3 Online Not\u00edcias - A realidade ao seu alcance!\" \/>\n<meta property=\"article:publisher\" content=\"https:\/\/www.facebook.com\/portalubirataonline\" \/>\n<meta property=\"article:author\" content=\"https:\/\/www.facebook.com\/portalubirataonline\" \/>\n<meta property=\"article:published_time\" content=\"2026-03-14T13:08:22+00:00\" \/>\n<meta property=\"article:modified_time\" content=\"2026-03-14T13:08:40+00:00\" \/>\n<meta property=\"og:image\" content=\"https:\/\/ubirataonline.com.br\/wp-content\/uploads\/2026\/03\/Abono-Salarial-para-nascidos-em-fevereiro-comeca-a-ser-pago.png\" \/>\n\t<meta property=\"og:image:width\" content=\"768\" \/>\n\t<meta property=\"og:image:height\" content=\"362\" \/>\n\t<meta property=\"og:image:type\" content=\"image\/png\" \/>\n<meta name=\"author\" content=\"REDA\u00c7\u00c3O: UBIRAT\u00c3 ONLINE - F\u00c1BIO AUGUSTO CELESTINO\" \/>\n<meta name=\"twitter:card\" content=\"summary_large_image\" \/>\n<meta name=\"twitter:creator\" content=\"@x.com\/ubirataonline\" \/>\n<meta name=\"twitter:site\" content=\"@ubirataonline\" \/>\n<meta name=\"twitter:label1\" content=\"Written by\" \/>\n\t<meta name=\"twitter:data1\" content=\"REDA\u00c7\u00c3O: UBIRAT\u00c3 ONLINE - F\u00c1BIO AUGUSTO CELESTINO\" \/>\n\t<meta name=\"twitter:label2\" content=\"Est. reading time\" \/>\n\t<meta name=\"twitter:data2\" content=\"3 minutes\" \/>\n<script type=\"application\/ld+json\" class=\"yoast-schema-graph\">{\"@context\":\"https:\\\/\\\/schema.org\",\"@graph\":[{\"@type\":\"NewsArticle\",\"@id\":\"https:\\\/\\\/ubirataonline.com.br\\\/abono-salarial-para-nascidos-em-fevereiro-comeca-a-ser-pago-na-segunda-feira-16-ministerio-do-trabalho-e-emprego\\\/#article\",\"isPartOf\":{\"@id\":\"https:\\\/\\\/ubirataonline.com.br\\\/abono-salarial-para-nascidos-em-fevereiro-comeca-a-ser-pago-na-segunda-feira-16-ministerio-do-trabalho-e-emprego\\\/\"},\"author\":{\"name\":\"REDA\u00c7\u00c3O: UBIRAT\u00c3 ONLINE - F\u00c1BIO AUGUSTO CELESTINO\",\"@id\":\"https:\\\/\\\/ubirataonline.com.br\\\/#\\\/schema\\\/person\\\/372f87bbd3fdd79b8556b84c98d0bc1c\"},\"headline\":\"Abono Salarial para nascidos em fevereiro come\u00e7a a ser pago na segunda-feira (16) \u2014 Minist\u00e9rio do Trabalho e Emprego\",\"datePublished\":\"2026-03-14T13:08:22+00:00\",\"dateModified\":\"2026-03-14T13:08:40+00:00\",\"mainEntityOfPage\":{\"@id\":\"https:\\\/\\\/ubirataonline.com.br\\\/abono-salarial-para-nascidos-em-fevereiro-comeca-a-ser-pago-na-segunda-feira-16-ministerio-do-trabalho-e-emprego\\\/\"},\"wordCount\":665,\"publisher\":{\"@id\":\"https:\\\/\\\/ubirataonline.com.br\\\/#organization\"},\"image\":{\"@id\":\"https:\\\/\\\/ubirataonline.com.br\\\/abono-salarial-para-nascidos-em-fevereiro-comeca-a-ser-pago-na-segunda-feira-16-ministerio-do-trabalho-e-emprego\\\/#primaryimage\"},\"thumbnailUrl\":\"https:\\\/\\\/ubirataonline.com.br\\\/wp-content\\\/uploads\\\/2026\\\/03\\\/Abono-Salarial-para-nascidos-em-fevereiro-comeca-a-ser-pago.png\",\"keywords\":[\"Abono\",\"Come\u00e7a\",\"Emprego\",\"fevereiro\",\"Minist\u00e9rio\",\"nascidos\",\"pago\",\"para\",\"Salarial\",\"segundafeira\",\"ser\",\"trabalho\"],\"articleSection\":[\"Brasil\"],\"inLanguage\":\"en-US\",\"copyrightYear\":\"2026\",\"copyrightHolder\":{\"@id\":\"https:\\\/\\\/ubirataonline.com.br\\\/en\\\/#organization\"}},{\"@type\":\"WebPage\",\"@id\":\"https:\\\/\\\/ubirataonline.com.br\\\/abono-salarial-para-nascidos-em-fevereiro-comeca-a-ser-pago-na-segunda-feira-16-ministerio-do-trabalho-e-emprego\\\/\",\"url\":\"https:\\\/\\\/ubirataonline.com.br\\\/abono-salarial-para-nascidos-em-fevereiro-comeca-a-ser-pago-na-segunda-feira-16-ministerio-do-trabalho-e-emprego\\\/\",\"name\":\"Abono Salarial para nascidos em fevereiro come\u00e7a a ser pago na segunda-feira (16) \u2014 Minist\u00e9rio do Trabalho e Emprego - Ubirat\u00e3 Online Not\u00edcias - A realidade ao seu alcance!\",\"isPartOf\":{\"@id\":\"https:\\\/\\\/ubirataonline.com.br\\\/#website\"},\"primaryImageOfPage\":{\"@id\":\"https:\\\/\\\/ubirataonline.com.br\\\/abono-salarial-para-nascidos-em-fevereiro-comeca-a-ser-pago-na-segunda-feira-16-ministerio-do-trabalho-e-emprego\\\/#primaryimage\"},\"image\":{\"@id\":\"https:\\\/\\\/ubirataonline.com.br\\\/abono-salarial-para-nascidos-em-fevereiro-comeca-a-ser-pago-na-segunda-feira-16-ministerio-do-trabalho-e-emprego\\\/#primaryimage\"},\"thumbnailUrl\":\"https:\\\/\\\/ubirataonline.com.br\\\/wp-content\\\/uploads\\\/2026\\\/03\\\/Abono-Salarial-para-nascidos-em-fevereiro-comeca-a-ser-pago.png\",\"datePublished\":\"2026-03-14T13:08:22+00:00\",\"dateModified\":\"2026-03-14T13:08:40+00:00\",\"description\":\"O Minist\u00e9rio do Trabalho e Emprego (MTE) inicia, nesta segunda-feira (16), o pagamento do Abono Salarial para o segundo grupo de benefici\u00e1rios, formado\",\"breadcrumb\":{\"@id\":\"https:\\\/\\\/ubirataonline.com.br\\\/abono-salarial-para-nascidos-em-fevereiro-comeca-a-ser-pago-na-segunda-feira-16-ministerio-do-trabalho-e-emprego\\\/#breadcrumb\"},\"inLanguage\":\"en-US\",\"potentialAction\":[{\"@type\":\"ReadAction\",\"target\":[\"https:\\\/\\\/ubirataonline.com.br\\\/abono-salarial-para-nascidos-em-fevereiro-comeca-a-ser-pago-na-segunda-feira-16-ministerio-do-trabalho-e-emprego\\\/\"]}]},{\"@type\":\"ImageObject\",\"inLanguage\":\"en-US\",\"@id\":\"https:\\\/\\\/ubirataonline.com.br\\\/abono-salarial-para-nascidos-em-fevereiro-comeca-a-ser-pago-na-segunda-feira-16-ministerio-do-trabalho-e-emprego\\\/#primaryimage\",\"url\":\"https:\\\/\\\/ubirataonline.com.br\\\/wp-content\\\/uploads\\\/2026\\\/03\\\/Abono-Salarial-para-nascidos-em-fevereiro-comeca-a-ser-pago.png\",\"contentUrl\":\"https:\\\/\\\/ubirataonline.com.br\\\/wp-content\\\/uploads\\\/2026\\\/03\\\/Abono-Salarial-para-nascidos-em-fevereiro-comeca-a-ser-pago.png\",\"width\":768,\"height\":362,\"caption\":\"Abono Salarial para nascidos em fevereiro come\u00e7a a ser pago na segunda-feira (16) \u2014 Minist\u00e9rio do Trabalho e Emprego\"},{\"@type\":\"BreadcrumbList\",\"@id\":\"https:\\\/\\\/ubirataonline.com.br\\\/abono-salarial-para-nascidos-em-fevereiro-comeca-a-ser-pago-na-segunda-feira-16-ministerio-do-trabalho-e-emprego\\\/#breadcrumb\",\"itemListElement\":[{\"@type\":\"ListItem\",\"position\":1,\"name\":\"In\u00edcio\",\"item\":\"https:\\\/\\\/ubirataonline.com.br\\\/\"},{\"@type\":\"ListItem\",\"position\":2,\"name\":\"Abono Salarial para nascidos em fevereiro come\u00e7a a ser pago na segunda-feira (16) \u2014 Minist\u00e9rio do Trabalho e Emprego\"}]},{\"@type\":\"WebSite\",\"@id\":\"https:\\\/\\\/ubirataonline.com.br\\\/#website\",\"url\":\"https:\\\/\\\/ubirataonline.com.br\\\/\",\"name\":\"Ubirat\u00e3 Online Not\u00edcias\",\"description\":\"Not\u00edcias de Ubirat\u00e3, regi\u00e3o, Brasil e mundo, com informa\u00e7\u00e3o atualizada e compromisso com o leitor.\",\"publisher\":{\"@id\":\"https:\\\/\\\/ubirataonline.com.br\\\/#organization\"},\"alternateName\":\"Ubirat\u00e3 Online\",\"potentialAction\":[{\"@type\":\"SearchAction\",\"target\":{\"@type\":\"EntryPoint\",\"urlTemplate\":\"https:\\\/\\\/ubirataonline.com.br\\\/?s={search_term_string}\"},\"query-input\":{\"@type\":\"PropertyValueSpecification\",\"valueRequired\":true,\"valueName\":\"search_term_string\"}}],\"inLanguage\":\"en-US\"},{\"@type\":[\"Organization\",\"Place\"],\"@id\":\"https:\\\/\\\/ubirataonline.com.br\\\/#organization\",\"name\":\"Ubirat\u00e3 Online Not\u00edcias\",\"alternateName\":\"Ubirat\u00e3 Online\",\"url\":\"https:\\\/\\\/ubirataonline.com.br\\\/\",\"logo\":{\"@id\":\"https:\\\/\\\/ubirataonline.com.br\\\/abono-salarial-para-nascidos-em-fevereiro-comeca-a-ser-pago-na-segunda-feira-16-ministerio-do-trabalho-e-emprego\\\/#local-main-organization-logo\"},\"image\":{\"@id\":\"https:\\\/\\\/ubirataonline.com.br\\\/abono-salarial-para-nascidos-em-fevereiro-comeca-a-ser-pago-na-segunda-feira-16-ministerio-do-trabalho-e-emprego\\\/#local-main-organization-logo\"},\"sameAs\":[\"https:\\\/\\\/www.facebook.com\\\/portalubirataonline\",\"https:\\\/\\\/x.com\\\/ubirataonline\",\"https:\\\/\\\/mastodon.social\\\/@ubirataonline\",\"https:\\\/\\\/www.facebook.com\\\/groups\\\/311144672285604\",\"https:\\\/\\\/www.facebook.com\\\/UBTAOnline\",\"https:\\\/\\\/www.instagram.com\\\/portalubirataonline\\\/\",\"https:\\\/\\\/twitter.com\\\/ubirataonline\"],\"description\":\"Somos um portal de not\u00edcias independente, criado em 5 de janeiro de 2009, com o objetivo de informar, conectar e valorizar a nossa comunidade de Ubirat\u00e3 e toda aregi\u00e3o. Com conte\u00fado atualizado, confi\u00e1vel e relevante, o Ubirat\u00e3 Online \u00e9 o seu espa\u00e7o para ficar por dentro dos principais acontecimentos locais, regionais, Brasil, Mundo e de interesse geral. Nosso compromisso \u00e9 com a verdade, a transpar\u00eancia e o respeito ao leitor.\",\"legalName\":\"UBIRATA ONLINE NOT\u00cdCIAS\",\"foundingDate\":\"2009-01-05\",\"numberOfEmployees\":{\"@type\":\"QuantitativeValue\",\"minValue\":\"1\",\"maxValue\":\"10\"},\"publishingPrinciples\":\"https:\\\/\\\/ubirataonline.com.br\\\/faq\\\/\",\"address\":{\"@id\":\"https:\\\/\\\/ubirataonline.com.br\\\/abono-salarial-para-nascidos-em-fevereiro-comeca-a-ser-pago-na-segunda-feira-16-ministerio-do-trabalho-e-emprego\\\/#local-main-place-address\"},\"geo\":{\"@type\":\"GeoCoordinates\",\"latitude\":\"-24.5361401\",\"longitude\":\"-52.9921776\"},\"telephone\":[\"+5544998308235\"],\"contactPoint\":{\"@type\":\"ContactPoint\",\"email\":\"contato@ubirataonline.com.br\"},\"openingHoursSpecification\":{\"@type\":\"OpeningHoursSpecification\",\"dayOfWeek\":[\"Monday\",\"Tuesday\",\"Wednesday\",\"Thursday\",\"Friday\",\"Saturday\",\"Sunday\"],\"opens\":\"00:00\",\"closes\":\"23:59\"},\"email\":\"contato@ubirataonline.com.br\",\"vatID\":\"47.621.418\\\/0001-80\"},{\"@type\":\"Person\",\"@id\":\"https:\\\/\\\/ubirataonline.com.br\\\/#\\\/schema\\\/person\\\/372f87bbd3fdd79b8556b84c98d0bc1c\",\"name\":\"REDA\u00c7\u00c3O: UBIRAT\u00c3 ONLINE - F\u00c1BIO AUGUSTO CELESTINO\",\"pronouns\":\"Ele\",\"description\":\"Desde 2003 trabalhando com not\u00edcias.\",\"sameAs\":[\"http:\\\/\\\/ubirataoline.com.br\",\"https:\\\/\\\/www.facebook.com\\\/portalubirataonline\",\"https:\\\/\\\/www.instagram.com\\\/ubirataonline_oficial\",\"https:\\\/\\\/x.com\\\/x.com\\\/ubirataonline\"],\"honorificPrefix\":\"Mr.\",\"honorificSuffix\":\"MD\",\"birthDate\":\"1980-06-16\",\"gender\":\"masculino\",\"award\":[\"V\u00e1rios pr\u00eamios de melhor portal da cidade\"],\"jobTitle\":\"Diretor\",\"url\":\"https:\\\/\\\/ubirataonline.com.br\\\/en\\\/author\\\/ubirataonline\\\/\"},{\"@type\":\"PostalAddress\",\"@id\":\"https:\\\/\\\/ubirataonline.com.br\\\/abono-salarial-para-nascidos-em-fevereiro-comeca-a-ser-pago-na-segunda-feira-16-ministerio-do-trabalho-e-emprego\\\/#local-main-place-address\",\"streetAddress\":\"Rua dos Coqueiros, 104 - Bairro Boa Vista, Rua dos Coqueiros, 104 Bairro Boa Vista\",\"addressLocality\":\"UBIRATA\",\"postalCode\":\"85440-000\",\"addressRegion\":\"PR\",\"addressCountry\":\"BR\"},{\"@type\":\"ImageObject\",\"inLanguage\":\"en-US\",\"@id\":\"https:\\\/\\\/ubirataonline.com.br\\\/abono-salarial-para-nascidos-em-fevereiro-comeca-a-ser-pago-na-segunda-feira-16-ministerio-do-trabalho-e-emprego\\\/#local-main-organization-logo\",\"url\":\"https:\\\/\\\/ubirataonline.com.br\\\/wp-content\\\/uploads\\\/2026\\\/06\\\/logoubirataonline-1.webp\",\"contentUrl\":\"https:\\\/\\\/ubirataonline.com.br\\\/wp-content\\\/uploads\\\/2026\\\/06\\\/logoubirataonline-1.webp\",\"width\":500,\"height\":500,\"caption\":\"Ubirat\u00e3 Online Not\u00edcias\"}]}<\/script>\n<meta name=\"geo.placename\" content=\"UBIRATA\" \/>\n<meta name=\"geo.position\" content=\"-24.5361401;-52.9921776\" \/>\n<meta name=\"geo.region\" content=\"Brazil\" \/>\n<!-- \/ Yoast SEO Premium plugin. -->","yoast_head_json":{"title":"Abono Salarial para nascidos em fevereiro come\u00e7a a ser pago na segunda-feira (16) \u2014 Minist\u00e9rio do Trabalho e Emprego - Ubirat\u00e3 Online Not\u00edcias - A realidade ao seu alcance!","description":"O Minist\u00e9rio do Trabalho e Emprego (MTE) inicia, nesta segunda-feira (16), o pagamento do Abono Salarial para o segundo grupo de benefici\u00e1rios, formado","robots":{"index":"index","follow":"follow","max-snippet":"max-snippet:-1","max-image-preview":"max-image-preview:large","max-video-preview":"max-video-preview:-1"},"canonical":"https:\/\/ubirataonline.com.br\/en\/abono-salarial-para-nascidos-em-fevereiro-comeca-a-ser-pago-na-segunda-feira-16-ministerio-do-trabalho-e-emprego\/","og_locale":"en_US","og_type":"article","og_title":"Abono Salarial para nascidos em fevereiro come\u00e7a a ser pago na segunda-feira (16) \u2014 Minist\u00e9rio do Trabalho e Emprego","og_description":"O Minist\u00e9rio do Trabalho e Emprego (MTE) inicia, nesta segunda-feira (16), o pagamento do Abono Salarial para o segundo grupo de benefici\u00e1rios, formado","og_url":"https:\/\/ubirataonline.com.br\/en\/abono-salarial-para-nascidos-em-fevereiro-comeca-a-ser-pago-na-segunda-feira-16-ministerio-do-trabalho-e-emprego\/","og_site_name":"Ubirat\u00e3 Online Not\u00edcias - A realidade ao seu alcance!","article_publisher":"https:\/\/www.facebook.com\/portalubirataonline","article_author":"https:\/\/www.facebook.com\/portalubirataonline","article_published_time":"2026-03-14T13:08:22+00:00","article_modified_time":"2026-03-14T13:08:40+00:00","og_image":[{"width":768,"height":362,"url":"https:\/\/ubirataonline.com.br\/wp-content\/uploads\/2026\/03\/Abono-Salarial-para-nascidos-em-fevereiro-comeca-a-ser-pago.png","type":"image\/png"}],"author":"REDA\u00c7\u00c3O: UBIRAT\u00c3 ONLINE - F\u00c1BIO AUGUSTO CELESTINO","twitter_card":"summary_large_image","twitter_creator":"@x.com\/ubirataonline","twitter_site":"@ubirataonline","twitter_misc":{"Written by":"REDA\u00c7\u00c3O: UBIRAT\u00c3 ONLINE - F\u00c1BIO AUGUSTO CELESTINO","Est. reading time":"3 minutes"},"schema":{"@context":"https:\/\/schema.org","@graph":[{"@type":"NewsArticle","@id":"https:\/\/ubirataonline.com.br\/abono-salarial-para-nascidos-em-fevereiro-comeca-a-ser-pago-na-segunda-feira-16-ministerio-do-trabalho-e-emprego\/#article","isPartOf":{"@id":"https:\/\/ubirataonline.com.br\/abono-salarial-para-nascidos-em-fevereiro-comeca-a-ser-pago-na-segunda-feira-16-ministerio-do-trabalho-e-emprego\/"},"author":{"name":"REDA\u00c7\u00c3O: UBIRAT\u00c3 ONLINE - F\u00c1BIO AUGUSTO CELESTINO","@id":"https:\/\/ubirataonline.com.br\/#\/schema\/person\/372f87bbd3fdd79b8556b84c98d0bc1c"},"headline":"Abono Salarial para nascidos em fevereiro come\u00e7a a ser pago na segunda-feira (16) \u2014 Minist\u00e9rio do Trabalho e Emprego","datePublished":"2026-03-14T13:08:22+00:00","dateModified":"2026-03-14T13:08:40+00:00","mainEntityOfPage":{"@id":"https:\/\/ubirataonline.com.br\/abono-salarial-para-nascidos-em-fevereiro-comeca-a-ser-pago-na-segunda-feira-16-ministerio-do-trabalho-e-emprego\/"},"wordCount":665,"publisher":{"@id":"https:\/\/ubirataonline.com.br\/#organization"},"image":{"@id":"https:\/\/ubirataonline.com.br\/abono-salarial-para-nascidos-em-fevereiro-comeca-a-ser-pago-na-segunda-feira-16-ministerio-do-trabalho-e-emprego\/#primaryimage"},"thumbnailUrl":"https:\/\/ubirataonline.com.br\/wp-content\/uploads\/2026\/03\/Abono-Salarial-para-nascidos-em-fevereiro-comeca-a-ser-pago.png","keywords":["Abono","Come\u00e7a","Emprego","fevereiro","Minist\u00e9rio","nascidos","pago","para","Salarial","segundafeira","ser","trabalho"],"articleSection":["Brasil"],"inLanguage":"en-US","copyrightYear":"2026","copyrightHolder":{"@id":"https:\/\/ubirataonline.com.br\/en\/#organization"}},{"@type":"WebPage","@id":"https:\/\/ubirataonline.com.br\/abono-salarial-para-nascidos-em-fevereiro-comeca-a-ser-pago-na-segunda-feira-16-ministerio-do-trabalho-e-emprego\/","url":"https:\/\/ubirataonline.com.br\/abono-salarial-para-nascidos-em-fevereiro-comeca-a-ser-pago-na-segunda-feira-16-ministerio-do-trabalho-e-emprego\/","name":"Abono Salarial para nascidos em fevereiro come\u00e7a a ser pago na segunda-feira (16) \u2014 Minist\u00e9rio do Trabalho e Emprego - Ubirat\u00e3 Online Not\u00edcias - A realidade ao seu alcance!","isPartOf":{"@id":"https:\/\/ubirataonline.com.br\/#website"},"primaryImageOfPage":{"@id":"https:\/\/ubirataonline.com.br\/abono-salarial-para-nascidos-em-fevereiro-comeca-a-ser-pago-na-segunda-feira-16-ministerio-do-trabalho-e-emprego\/#primaryimage"},"image":{"@id":"https:\/\/ubirataonline.com.br\/abono-salarial-para-nascidos-em-fevereiro-comeca-a-ser-pago-na-segunda-feira-16-ministerio-do-trabalho-e-emprego\/#primaryimage"},"thumbnailUrl":"https:\/\/ubirataonline.com.br\/wp-content\/uploads\/2026\/03\/Abono-Salarial-para-nascidos-em-fevereiro-comeca-a-ser-pago.png","datePublished":"2026-03-14T13:08:22+00:00","dateModified":"2026-03-14T13:08:40+00:00","description":"O Minist\u00e9rio do Trabalho e Emprego (MTE) inicia, nesta segunda-feira (16), o pagamento do Abono Salarial para o segundo grupo de benefici\u00e1rios, formado","breadcrumb":{"@id":"https:\/\/ubirataonline.com.br\/abono-salarial-para-nascidos-em-fevereiro-comeca-a-ser-pago-na-segunda-feira-16-ministerio-do-trabalho-e-emprego\/#breadcrumb"},"inLanguage":"en-US","potentialAction":[{"@type":"ReadAction","target":["https:\/\/ubirataonline.com.br\/abono-salarial-para-nascidos-em-fevereiro-comeca-a-ser-pago-na-segunda-feira-16-ministerio-do-trabalho-e-emprego\/"]}]},{"@type":"ImageObject","inLanguage":"en-US","@id":"https:\/\/ubirataonline.com.br\/abono-salarial-para-nascidos-em-fevereiro-comeca-a-ser-pago-na-segunda-feira-16-ministerio-do-trabalho-e-emprego\/#primaryimage","url":"https:\/\/ubirataonline.com.br\/wp-content\/uploads\/2026\/03\/Abono-Salarial-para-nascidos-em-fevereiro-comeca-a-ser-pago.png","contentUrl":"https:\/\/ubirataonline.com.br\/wp-content\/uploads\/2026\/03\/Abono-Salarial-para-nascidos-em-fevereiro-comeca-a-ser-pago.png","width":768,"height":362,"caption":"Abono Salarial para nascidos em fevereiro come\u00e7a a ser pago na segunda-feira (16) \u2014 Minist\u00e9rio do Trabalho e Emprego"},{"@type":"BreadcrumbList","@id":"https:\/\/ubirataonline.com.br\/abono-salarial-para-nascidos-em-fevereiro-comeca-a-ser-pago-na-segunda-feira-16-ministerio-do-trabalho-e-emprego\/#breadcrumb","itemListElement":[{"@type":"ListItem","position":1,"name":"In\u00edcio","item":"https:\/\/ubirataonline.com.br\/"},{"@type":"ListItem","position":2,"name":"Abono Salarial para nascidos em fevereiro come\u00e7a a ser pago na segunda-feira (16) \u2014 Minist\u00e9rio do Trabalho e Emprego"}]},{"@type":"WebSite","@id":"https:\/\/ubirataonline.com.br\/#website","url":"https:\/\/ubirataonline.com.br\/","name":"Ubirat\u00e3 Online Not\u00edcias","description":"Not\u00edcias de Ubirat\u00e3, regi\u00e3o, Brasil e mundo, com informa\u00e7\u00e3o atualizada e compromisso com o leitor.","publisher":{"@id":"https:\/\/ubirataonline.com.br\/#organization"},"alternateName":"Ubirat\u00e3 Online","potentialAction":[{"@type":"SearchAction","target":{"@type":"EntryPoint","urlTemplate":"https:\/\/ubirataonline.com.br\/?s={search_term_string}"},"query-input":{"@type":"PropertyValueSpecification","valueRequired":true,"valueName":"search_term_string"}}],"inLanguage":"en-US"},{"@type":["Organization","Place"],"@id":"https:\/\/ubirataonline.com.br\/#organization","name":"Ubirat\u00e3 Online Not\u00edcias","alternateName":"Ubirat\u00e3 Online","url":"https:\/\/ubirataonline.com.br\/","logo":{"@id":"https:\/\/ubirataonline.com.br\/abono-salarial-para-nascidos-em-fevereiro-comeca-a-ser-pago-na-segunda-feira-16-ministerio-do-trabalho-e-emprego\/#local-main-organization-logo"},"image":{"@id":"https:\/\/ubirataonline.com.br\/abono-salarial-para-nascidos-em-fevereiro-comeca-a-ser-pago-na-segunda-feira-16-ministerio-do-trabalho-e-emprego\/#local-main-organization-logo"},"sameAs":["https:\/\/www.facebook.com\/portalubirataonline","https:\/\/x.com\/ubirataonline","https:\/\/mastodon.social\/@ubirataonline","https:\/\/www.facebook.com\/groups\/311144672285604","https:\/\/www.facebook.com\/UBTAOnline","https:\/\/www.instagram.com\/portalubirataonline\/","https:\/\/twitter.com\/ubirataonline"],"description":"Somos um portal de not\u00edcias independente, criado em 5 de janeiro de 2009, com o objetivo de informar, conectar e valorizar a nossa comunidade de Ubirat\u00e3 e toda aregi\u00e3o. Com conte\u00fado atualizado, confi\u00e1vel e relevante, o Ubirat\u00e3 Online \u00e9 o seu espa\u00e7o para ficar por dentro dos principais acontecimentos locais, regionais, Brasil, Mundo e de interesse geral. Nosso compromisso \u00e9 com a verdade, a transpar\u00eancia e o respeito ao leitor.","legalName":"UBIRATA ONLINE NOT\u00cdCIAS","foundingDate":"2009-01-05","numberOfEmployees":{"@type":"QuantitativeValue","minValue":"1","maxValue":"10"},"publishingPrinciples":"https:\/\/ubirataonline.com.br\/faq\/","address":{"@id":"https:\/\/ubirataonline.com.br\/abono-salarial-para-nascidos-em-fevereiro-comeca-a-ser-pago-na-segunda-feira-16-ministerio-do-trabalho-e-emprego\/#local-main-place-address"},"geo":{"@type":"GeoCoordinates","latitude":"-24.5361401","longitude":"-52.9921776"},"telephone":["+5544998308235"],"contactPoint":{"@type":"ContactPoint","email":"contato@ubirataonline.com.br"},"openingHoursSpecification":{"@type":"OpeningHoursSpecification","dayOfWeek":["Monday","Tuesday","Wednesday","Thursday","Friday","Saturday","Sunday"],"opens":"00:00","closes":"23:59"},"email":"contato@ubirataonline.com.br","vatID":"47.621.418\/0001-80"},{"@type":"Person","@id":"https:\/\/ubirataonline.com.br\/#\/schema\/person\/372f87bbd3fdd79b8556b84c98d0bc1c","name":"REDA\u00c7\u00c3O: UBIRAT\u00c3 ONLINE - F\u00c1BIO AUGUSTO CELESTINO","pronouns":"Ele","description":"Desde 2003 trabalhando com not\u00edcias.","sameAs":["http:\/\/ubirataoline.com.br","https:\/\/www.facebook.com\/portalubirataonline","https:\/\/www.instagram.com\/ubirataonline_oficial","https:\/\/x.com\/x.com\/ubirataonline"],"honorificPrefix":"Mr.","honorificSuffix":"MD","birthDate":"1980-06-16","gender":"masculino","award":["V\u00e1rios pr\u00eamios de melhor portal da cidade"],"jobTitle":"Diretor","url":"https:\/\/ubirataonline.com.br\/en\/author\/ubirataonline\/"},{"@type":"PostalAddress","@id":"https:\/\/ubirataonline.com.br\/abono-salarial-para-nascidos-em-fevereiro-comeca-a-ser-pago-na-segunda-feira-16-ministerio-do-trabalho-e-emprego\/#local-main-place-address","streetAddress":"Rua dos Coqueiros, 104 - Bairro Boa Vista, Rua dos Coqueiros, 104 Bairro Boa Vista","addressLocality":"UBIRATA","postalCode":"85440-000","addressRegion":"PR","addressCountry":"BR"},{"@type":"ImageObject","inLanguage":"en-US","@id":"https:\/\/ubirataonline.com.br\/abono-salarial-para-nascidos-em-fevereiro-comeca-a-ser-pago-na-segunda-feira-16-ministerio-do-trabalho-e-emprego\/#local-main-organization-logo","url":"https:\/\/ubirataonline.com.br\/wp-content\/uploads\/2026\/06\/logoubirataonline-1.webp","contentUrl":"https:\/\/ubirataonline.com.br\/wp-content\/uploads\/2026\/06\/logoubirataonline-1.webp","width":500,"height":500,"caption":"Ubirat\u00e3 Online Not\u00edcias"}]},"geo.placename":"UBIRATA","geo.position":{"lat":"-24.5361401","long":"-52.9921776"},"geo.region":"Brazil"},"_links":{"self":[{"href":"https:\/\/ubirataonline.com.br\/en\/wp-json\/wp\/v2\/posts\/94564","targetHints":{"allow":["GET"]}}],"collection":[{"href":"https:\/\/ubirataonline.com.br\/en\/wp-json\/wp\/v2\/posts"}],"about":[{"href":"https:\/\/ubirataonline.com.br\/en\/wp-json\/wp\/v2\/types\/post"}],"author":[{"embeddable":true,"href":"https:\/\/ubirataonline.com.br\/en\/wp-json\/wp\/v2\/users\/1"}],"replies":[{"embeddable":true,"href":"https:\/\/ubirataonline.com.br\/en\/wp-json\/wp\/v2\/comments?post=94564"}],"version-history":[{"count":0,"href":"https:\/\/ubirataonline.com.br\/en\/wp-json\/wp\/v2\/posts\/94564\/revisions"}],"wp:featuredmedia":[{"embeddable":true,"href":"https:\/\/ubirataonline.com.br\/en\/wp-json\/wp\/v2\/media\/94565"}],"wp:attachment":[{"href":"https:\/\/ubirataonline.com.br\/en\/wp-json\/wp\/v2\/media?parent=94564"}],"wp:term":[{"taxonomy":"category","embeddable":true,"href":"https:\/\/ubirataonline.com.br\/en\/wp-json\/wp\/v2\/categories?post=94564"},{"taxonomy":"post_tag","embeddable":true,"href":"https:\/\/ubirataonline.com.br\/en\/wp-json\/wp\/v2\/tags?post=94564"}],"curies":[{"name":"wp","href":"https:\/\/api.w.org\/{rel}","templated":true}]}}