{"id":94584,"date":"2026-03-14T12:10:14","date_gmt":"2026-03-14T15:10:14","guid":{"rendered":"https:\/\/ubirataonline.com.br\/mein-herz-schlagt-fur-borussia-dortmund-alex-popp-im-grosen-bvb-interview\/"},"modified":"2026-03-14T12:10:24","modified_gmt":"2026-03-14T15:10:24","slug":"mein-herz-schlagt-fur-borussia-dortmund-alex-popp-im-grosen-bvb-interview","status":"publish","type":"post","link":"https:\/\/ubirataonline.com.br\/en\/mein-herz-schlagt-fur-borussia-dortmund-alex-popp-im-grosen-bvb-interview\/","title":{"rendered":"\u201eMein Herz schl\u00e4gt f\u00fcr Borussia Dortmund\u201c \u2013 Alex Popp im gro\u00dfen BVB-Interview"},"content":{"rendered":"<p><\/p>\n<div>\n<div class=\"ArticleParagraph_articleParagraph__MrxYL\">\n<p><strong>Was waren die Gr\u00fcnde f\u00fcr Deinen Wechsel zu Borussia Dortmund?<\/strong>\u201eIch habe immer offen dar\u00fcber gesprochen, dass ich Dortmund-Fan bin. Als damals der Aufruf der Fans kam, dass es Frauenfu\u00dfball auch in Dortmund geben soll, habe ich mich dar\u00fcber gefreut und das Thema\u00a0anschlie\u00dfend auch verfolgt. F\u00fcr mich ist ausschlaggebend gewesen: Ich komme langsam Richtung Ende meiner Karriere. Ich habe viele Verletzungen hinter mir und wei\u00df nicht, wie schnell es vielleicht vorbei sein kann. Deshalb m\u00f6chte ich die Chance nicht verpassen, im Trikot von <a href=\"https:\/\/onefootball.com\/pt-br\/time\/borussia-dortmund-155\">Borussia Dortmund<\/a> aufzulaufen. Mein Herz schl\u00e4gt f\u00fcr diesen Verein und deswegen habe ich mich f\u00fcr Dortmund entschieden.\u201c<\/p>\n<\/div>\n<div class=\"ArticleParagraph_articleParagraph__MrxYL\">\n<p><strong>Du hast in den vergangenen Wochen aber auch immer wieder betont, dass es eigentlich eine Bauchentscheidung ist. Wie sehr hat das Herz bei dieser Entscheidung mitgesprochen? Wie laut war es?<\/strong>\u201eEs war schon extrem laut. Man hat gemerkt, dass Dortmund sich immer besser entwickelt. Sie sind in jedem Jahr aufgestiegen und machen eine gute Arbeit. Das Interesse des <a href=\"https:\/\/onefootball.com\/pt-br\/time\/borussia-dortmund-155\">BVB<\/a> hat mich vom ersten Moment an stolz gemacht und ich hatte direkt ein gro\u00dfes Grinsen im Gesicht. Trotzdem musste ich nat\u00fcrlich auch gewisse\u00a0Dinge abw\u00e4gen. Ist es wirklich richtig? Daf\u00fcr brauchte ich meine Zeit.\u201c<\/p>\n<\/div>\n<hr class=\"HorizontalSeparator_separator__EJ_El\"\/>\n<hr class=\"HorizontalSeparator_separator__EJ_El\"\/>\n<div class=\"ArticleParagraph_articleParagraph__MrxYL\">\n<p><strong>Warum ist jetzt der richtige Zeitpunkt?<\/strong>\u201eIch habe in den vielen Jahren beim VfL Wolfsburg extrem viel erlebt. Ich durfte viele Titel sammeln, ich durfte dort mitentwickeln. Das war eine sehr spannende und sehr aufregende Zeit. Ich glaube, dass jetzt ein Moment ist, in dem ich auf meinen K\u00f6rper h\u00f6ren muss. Ich m\u00f6chte nicht den Zeitpunkt und die Chance verpassen, das Dortmund-Trikot \u00fcberst\u00fclpen zu k\u00f6nnen. Deswegen habe ich gesagt:\u00a0<em>Wenn nicht jetzt, wann dann?<\/em>\u00a0F\u00fcr mich ist es au\u00dferdem sehr spannend, dieses Projekt mit weiterzuentwickeln Ich m\u00f6chte mich nicht in ein gemachtes Nest setzen und sagen:\u00a0<em>Ich nehme das Trikot jetzt noch mal mit. Dann habe ich es getragen und danach h\u00f6re ich auf.<\/em>\u00a0Das bin ich nicht. Deswegen glaube ich, dass jetzt der richtige Zeitpunkt ist, um noch mitzuentwickeln und irgendwann die Karriere zu beenden.\u201c<\/p>\n<\/div>\n<div class=\"ArticleParagraph_articleParagraph__MrxYL\">\n<p><strong>Bemerkenswert ist, dass diese Liebe zu <a href=\"https:\/\/onefootball.com\/pt-br\/time\/borussia-dortmund-155\">Borussia Dortmund<\/a> keine Ligazugeh\u00f6rigkeit kennt, denn ob wir in die 2. Bundesliga aufsteigen, ist noch nicht klar. Aktuell kann es auch sein, dass wir in der Regionalliga bleiben. Warum hast Du trotzdem dieses klare Bekenntnis gegeben?<\/strong>\u201eDas war nat\u00fcrlich auch ein Punkt, \u00fcber den ich mir Gedanken gemacht habe:\u00a0<em>Willst du das? Kannst du das?<\/em>\u00a0Zweite Liga, Regionalliga \u2013 das ist nun mal ein gro\u00dfer Unterschied zur ersten Liga und auch zur Champions League, in der ich dieses Jahr noch gespielt habe. Mir war aber auch klar: Wenn ich mich daf\u00fcr entscheide, dann muss ich auch alles mitnehmen und dann will ich auch alles mitnehmen. Ich will keine Extrawurst, sondern bin voll und ganz dabei. Ich habe mich entschieden, alles mitzunehmen. Dazu geh\u00f6ren auch solche Steps.\u201c<\/p>\n<\/div>\n<div class=\"ImageWithSets_of-image__ovnCW\" style=\"--padding-bottom-mobile:66.66666666666666%;--padding-bottom-tablet-portrait:66.66666666666666%;--padding-bottom-tablet-landscape:66.66666666666666%;--padding-bottom-desktop:66.66666666666666%\"><picture class=\"ImageWithSets_of-image__picture__4hzsN\"><source media=\"(min-width: 1280px) and (prefers-color-scheme: dark)\" srcset=\"https:\/\/image-service.onefootball.com\/transform?w=840&amp;h=560&amp;dpr=2&amp;image=https%3A%2F%2Fs7g10.scene7.com%2Fis%2Fimage%2FBORUSSIADORTMUNDGMBHANDCOKGAA%2FPopp-Interview%3Fqlt%3D85%26wid%3D1440%26ts%3D1773483056965%26dpr%3Doff\"\/><source media=\"(min-width: 1280px) and (prefers-color-scheme: light)\" srcset=\"https:\/\/image-service.onefootball.com\/transform?w=840&amp;h=560&amp;dpr=2&amp;image=https%3A%2F%2Fs7g10.scene7.com%2Fis%2Fimage%2FBORUSSIADORTMUNDGMBHANDCOKGAA%2FPopp-Interview%3Fqlt%3D85%26wid%3D1440%26ts%3D1773483056965%26dpr%3Doff\"\/><source media=\"(min-width: 1024px) and (max-width: 1279px) and (prefers-color-scheme: dark)\" srcset=\"https:\/\/image-service.onefootball.com\/transform?w=620&amp;h=413&amp;dpr=2&amp;image=https%3A%2F%2Fs7g10.scene7.com%2Fis%2Fimage%2FBORUSSIADORTMUNDGMBHANDCOKGAA%2FPopp-Interview%3Fqlt%3D85%26wid%3D1440%26ts%3D1773483056965%26dpr%3Doff\"\/><source media=\"(min-width: 1024px) and (max-width: 1279px) and (prefers-color-scheme: light)\" srcset=\"https:\/\/image-service.onefootball.com\/transform?w=620&amp;h=413&amp;dpr=2&amp;image=https%3A%2F%2Fs7g10.scene7.com%2Fis%2Fimage%2FBORUSSIADORTMUNDGMBHANDCOKGAA%2FPopp-Interview%3Fqlt%3D85%26wid%3D1440%26ts%3D1773483056965%26dpr%3Doff\"\/><source media=\"(min-width: 768px) and (max-width: 1023px) and (prefers-color-scheme: dark)\" srcset=\"https:\/\/image-service.onefootball.com\/transform?w=336&amp;h=224&amp;dpr=2&amp;image=https%3A%2F%2Fs7g10.scene7.com%2Fis%2Fimage%2FBORUSSIADORTMUNDGMBHANDCOKGAA%2FPopp-Interview%3Fqlt%3D85%26wid%3D1440%26ts%3D1773483056965%26dpr%3Doff\"\/><source media=\"(min-width: 768px) and (max-width: 1023px) and (prefers-color-scheme: light)\" srcset=\"https:\/\/image-service.onefootball.com\/transform?w=336&amp;h=224&amp;dpr=2&amp;image=https%3A%2F%2Fs7g10.scene7.com%2Fis%2Fimage%2FBORUSSIADORTMUNDGMBHANDCOKGAA%2FPopp-Interview%3Fqlt%3D85%26wid%3D1440%26ts%3D1773483056965%26dpr%3Doff\"\/><source media=\"(max-width: 767px) and (prefers-color-scheme: dark)\" srcset=\"https:\/\/image-service.onefootball.com\/transform?w=280&amp;h=187&amp;dpr=2&amp;image=https%3A%2F%2Fs7g10.scene7.com%2Fis%2Fimage%2FBORUSSIADORTMUNDGMBHANDCOKGAA%2FPopp-Interview%3Fqlt%3D85%26wid%3D1440%26ts%3D1773483056965%26dpr%3Doff\"\/><source media=\"(max-width: 767px) and (prefers-color-scheme: light)\" srcset=\"https:\/\/image-service.onefootball.com\/transform?w=280&amp;h=187&amp;dpr=2&amp;image=https%3A%2F%2Fs7g10.scene7.com%2Fis%2Fimage%2FBORUSSIADORTMUNDGMBHANDCOKGAA%2FPopp-Interview%3Fqlt%3D85%26wid%3D1440%26ts%3D1773483056965%26dpr%3Doff\"\/><\/picture><\/div>\n<div class=\"ArticleParagraph_articleParagraph__MrxYL\">\n<p><strong>Du bist immer maximal ambitioniert. Seitdem Du im Profifu\u00dfball bist, spielst Du um nationale und internationale Titel. Das ist bei <a href=\"https:\/\/onefootball.com\/pt-br\/time\/borussia-dortmund-155\">Borussia Dortmund<\/a> erstmal nicht der Fall. Mit welchen Zielen nimmst Du Deinen Weg bei <a href=\"https:\/\/onefootball.com\/pt-br\/time\/borussia-dortmund-155\">Borussia Dortmund<\/a> in Angriff?<\/strong>\u201eMan kennt den Plan von <a href=\"https:\/\/onefootball.com\/pt-br\/time\/borussia-dortmund-155\">Borussia Dortmund<\/a>: Sie m\u00f6chten schnellstm\u00f6glich in die erste Liga. Ich m\u00f6chte unterst\u00fctzen, dass man sich so schnell wie m\u00f6glich in der ersten Liga wiederfindet und sich dort etabliert. Aber jetzt muss man erst einmal schauen, in welcher Liga ich starten werde. Dann will ich zusammen mit der Mannschaft den Aufstieg ins Visier nehmen. Neben dem Platz will ich unterst\u00fctzen: Wie professionalisieren wir weiter? Wie geht es infrastrukturell weiter? Was braucht es noch? Das ist auch spannend. Ich habe viel erlebt und hier ist man im Aufbau. Deswegen m\u00f6chte ich nicht nur auf dem Platz das Ganze mittragen, sondern auch neben dem Platz.\u201c<\/p>\n<\/div>\n<div class=\"ArticleParagraph_articleParagraph__MrxYL\">\n<p><strong>Wie ist Deine Wahrnehmung von dem, was hier bei <a href=\"https:\/\/onefootball.com\/pt-br\/time\/borussia-dortmund-155\">Borussia Dortmund<\/a> in den vergangenen sechseinhalb Jahren entstanden ist?<\/strong>\u201eIch habe die Entwicklung von Anfang an verfolgt. Man muss den Hut davor ziehen, jedes Jahr aufgestiegen zu sein. Das ist nicht selbstverst\u00e4ndlich und nicht so einfach, auch wenn es Amateurligen sind. Neben dem Platz wird auch gut gearbeitet, wenn man an Trainingslager, Testungen, Verletzungspr\u00e4vention denkt. Das ist schon eine andere Nummer und geht in Richtung Professionalit\u00e4t. Es ist sch\u00f6n zu sehen, dass nicht einfach nur daher gesagt wurde, in die erste Liga zu wollen, sondern es steckt wirklich Herzblut und viel, viel Arbeit dahinter. Das hat man von Jahr zu Jahr gesehen, auch mit den Transfers in jedem Sommer. Wenn man jetzt auch noch wei\u00df, dass ein Trainingszentrum f\u00fcr die Frauen gebaut wird \u2013\u00a0da k\u00f6nnen sich einige Frauen-Bundesligisten eine Scheibe von abschneiden.\u201c<\/p>\n<\/div>\n<div class=\"ArticleParagraph_articleParagraph__MrxYL\">\n<p>\u201eUm ehrlich zu sein, ist es noch ein bisschen verr\u00fcckt, wenn ich dar\u00fcber nachdenke. Ich habe genau ein Bild vor Augen, wo ich als kleines M\u00e4dchen im Dortmund-Trikot mit K\u00e4ppi und Fahne im Westfalenstadion stehe. Jetzt das Wissen zu haben, offiziell mit diesem Trikot auflaufen zu d\u00fcrfen, macht mich stolz. Ich will nicht von einem Kindheitstraum sprechen, weil es keine Frauenabteilung bei <a href=\"https:\/\/onefootball.com\/pt-br\/time\/borussia-dortmund-155\">Borussia Dortmund<\/a> gab, als ich noch klein war. Aber von dem Moment an, als die Frauenabteilung gegr\u00fcndet wurde, hatte ich immer in meinem Kopf:\u00a0<em>Es w\u00e4re sch\u00f6n, dieses Trikot mal zu tragen.<\/em>\u00a0Dass es jetzt so weit ist, ist total verr\u00fcckt, aber ich freue mich wahnsinnig.\u201c<\/p>\n<\/div>\n<div class=\"ArticleParagraph_articleParagraph__MrxYL\">\n<p><strong>Dein neues Wohnzimmer wird das Stadion Rote Erde. Was hast Du von den Spielen der BVB-Frauen dort schon mitbekommen, von den Fans, von den Zuschauerzahlen?\u00a0<\/strong>\u201eIch habe schon einiges mitbekommen. Das erste Derby habe ich im Fernsehen gesehen. Es war verr\u00fcckt, wie viele Menschen da ins Stadion gekommen sind. Das DFB-Pokalspiel gegen Bayern M\u00fcnchen habe ich mir auch angesehen. Da hat man gesehen, was m\u00f6glich ist. Die Rote Erde war ausverkauft. Darauf freue ich mich, das macht richtig Spa\u00df. Ich freue mich einfach, f\u00fcr Dortmund aufzulaufen \u2013 in der Roten Erde und vielleicht ja auch mal im Signal Iduna Park. Das w\u00fcrde mich besonders freuen. Mal schauen, was passiert.\u201c<\/p>\n<\/div>\n<div class=\"ArticleParagraph_articleParagraph__MrxYL\">\n<p><strong>Hast Du abschlie\u00dfend noch eine Botschaft an alle BVB-Fans?<\/strong>\u201eLiebe <a href=\"https:\/\/onefootball.com\/pt-br\/time\/borussia-dortmund-155\">BVB<\/a> Fans, viele haben bei Instagram schon unter die Posts gesetzt, dass ihr es kaum erwarten k\u00f6nnt, dass ich endlich da bin. Jetzt bin ich da, und ich freue mich auf eine sch\u00f6ne gemeinsame Zeit, eine hoffentlich erfolgreiche Zeit. Lasst uns zusammen die Rote Erde und auch die Ausw\u00e4rtsspiele zum Beben bringen, damit wir gemeinsam in Richtung erster Liga arbeiten. Auf gute Saisons.\u201c<\/p>\n<\/div>\n<p><a class=\"PublisherImprintLink_container__RL6Zd title-7-medium\" href=\"https:\/\/www.bvb.de\/de\/de\/allgemein\/impressum.html\" rel=\"noreferrer\" target=\"_blank\"><img alt=\"\" decoding=\"async\" loading=\"lazy\" width=\"24\" height=\"24\" data-nimg=\"1\" style=\"color:transparent\" srcset=\"https:\/\/image-service.onefootball.com\/transform?w=32&amp;dpr=2&amp;image=https:\/\/images.onefootball.com\/cw\/icons\/info-light.svg 1x, https:\/\/image-service.onefootball.com\/transform?w=48&amp;dpr=2&amp;image=https:\/\/images.onefootball.com\/cw\/icons\/info-light.svg 2x\" src=\"https:\/\/image-service.onefootball.com\/transform?w=48&amp;dpr=2&amp;image=https:\/\/images.onefootball.com\/cw\/icons\/info-light.svg\"\/>Saiba mais sobre o ve\u00edculo<\/a><button class=\"NativeShare_container__okhFj Button_root__RKQ4c Button_outline__jxSq_\">Compartilhar artigo<svg class=\"NativeShare_icon__c2KQS\" fill=\"currentColor\" viewbox=\"0 0 24 24\"><path d=\"M12.2377 1.1804a.75.75 0 0 0-.9762.0003l-3.51 3.01a.75.75 0 0 0 .9765 1.1386l2.292-1.9655V12.52c0 .46.33.84.73.84.4 0 .73-.37.73-.84V3.3633l2.2718 1.9463a.75.75 0 1 0 .9759-1.1392l-3.49-2.99Z\"\/><path d=\"M5.14 8.62c-.904 0-1.64.7358-1.64 1.6455v9.209c0 .9097.736 1.6455 1.64 1.6455h13.22c.904 0 1.64-.7358 1.64-1.6455v-9.1977c0-.9097-.736-1.6455-1.64-1.6455h-1.61a.75.75 0 0 1 0-1.5h1.61c1.736 0 3.14 1.411 3.14 3.1455v9.1977c0 1.7344-1.404 3.1455-3.14 3.1455H5.14C3.404 22.62 2 21.2089 2 19.4745v-9.209C2 8.5311 3.404 7.12 5.14 7.12h1.32a.75.75 0 1 1 0 1.5H5.14Z\"\/><\/svg><\/button><\/p>\n<section class=\"XpaTaboolaPlaceholder_container__S7Qhw\"\/><\/div>\n<p><a href=\"https:\/\/onefootball.com\/pt-br\/noticias\/mein-herz-schlaegt-fuer-borussia-dortmund-alex-popp-im-grossen-bvb-interview-42556356\">Fonte do Artigo <\/a><\/p>","protected":false},"excerpt":{"rendered":"<p>Was waren die Gr\u00fcnde f\u00fcr Deinen Wechsel zu Borussia Dortmund?\u201eIch habe immer offen dar\u00fcber gesprochen, dass ich Dortmund-Fan bin. Als damals der Aufruf der Fans kam, dass es Frauenfu\u00dfball auch in Dortmund geben soll, habe ich mich dar\u00fcber gefreut und das Thema\u00a0anschlie\u00dfend auch verfolgt. F\u00fcr mich ist ausschlaggebend gewesen: Ich komme langsam Richtung Ende meiner [&hellip;]<\/p>\n","protected":false},"author":1,"featured_media":94585,"comment_status":"closed","ping_status":"","sticky":false,"template":"","format":"standard","meta":{"googlesitekit_rrm_CAow2JLhCw:productID":"","_gspb_post_css":"","maa_idioma":"","maa_pais":"","footnotes":""},"categories":[4],"tags":[5095,8362,22679,2916,8460,22678,22675,22674,22677,22676],"class_list":["post-94584","post","type-post","status-publish","format-standard","has-post-thumbnail","hentry","category-brasil","tag-alex","tag-borussia","tag-bvbinterview","tag-dortmund","tag-fur","tag-grosen","tag-herz","tag-mein","tag-popp","tag-schlagt"],"blocksy_meta":[],"yoast_head":"<!-- This site is optimized with the Yoast SEO Premium plugin v27.6 (Yoast SEO v27.6) - https:\/\/yoast.com\/product\/yoast-seo-premium-wordpress\/ -->\n<title>\u201eMein Herz schl\u00e4gt f\u00fcr Borussia Dortmund\u201c \u2013 Alex Popp im gro\u00dfen BVB-Interview - Ubirat\u00e3 Online Not\u00edcias - A realidade ao seu alcance!<\/title>\n<meta name=\"description\" content=\"Was waren die Gr\u00fcnde f\u00fcr Deinen Wechsel zu Borussia Dortmund?\u201eIch habe immer offen dar\u00fcber gesprochen, dass ich Dortmund-Fan bin. Als damals der Aufruf\" \/>\n<meta name=\"robots\" content=\"index, follow, max-snippet:-1, max-image-preview:large, max-video-preview:-1\" \/>\n<link rel=\"canonical\" href=\"https:\/\/ubirataonline.com.br\/en\/mein-herz-schlagt-fur-borussia-dortmund-alex-popp-im-grosen-bvb-interview\/\" \/>\n<meta property=\"og:locale\" content=\"en_US\" \/>\n<meta property=\"og:type\" content=\"article\" \/>\n<meta property=\"og:title\" content=\"\u201eMein Herz schl\u00e4gt f\u00fcr Borussia Dortmund\u201c \u2013 Alex Popp im gro\u00dfen BVB-Interview\" \/>\n<meta property=\"og:description\" content=\"Was waren die Gr\u00fcnde f\u00fcr Deinen Wechsel zu Borussia Dortmund?\u201eIch habe immer offen dar\u00fcber gesprochen, dass ich Dortmund-Fan bin. Als damals der Aufruf\" \/>\n<meta property=\"og:url\" content=\"https:\/\/ubirataonline.com.br\/en\/mein-herz-schlagt-fur-borussia-dortmund-alex-popp-im-grosen-bvb-interview\/\" \/>\n<meta property=\"og:site_name\" content=\"Ubirat\u00e3 Online Not\u00edcias - A realidade ao seu alcance!\" \/>\n<meta property=\"article:publisher\" content=\"https:\/\/www.facebook.com\/portalubirataonline\" \/>\n<meta property=\"article:author\" content=\"https:\/\/www.facebook.com\/portalubirataonline\" \/>\n<meta property=\"article:published_time\" content=\"2026-03-14T15:10:14+00:00\" \/>\n<meta property=\"article:modified_time\" content=\"2026-03-14T15:10:24+00:00\" \/>\n<meta property=\"og:image\" content=\"https:\/\/ubirataonline.com.br\/wp-content\/uploads\/2026\/03\/\u201eMein-Herz-schlagt-fur-Borussia-Dortmund-\u2013-Alex-Popp-im.png\" \/>\n\t<meta property=\"og:image:width\" content=\"1200\" \/>\n\t<meta property=\"og:image:height\" content=\"630\" \/>\n\t<meta property=\"og:image:type\" content=\"image\/png\" \/>\n<meta name=\"author\" content=\"REDA\u00c7\u00c3O: UBIRAT\u00c3 ONLINE - F\u00c1BIO AUGUSTO CELESTINO\" \/>\n<meta name=\"twitter:card\" content=\"summary_large_image\" \/>\n<meta name=\"twitter:creator\" content=\"@x.com\/ubirataonline\" \/>\n<meta name=\"twitter:site\" content=\"@ubirataonline\" \/>\n<meta name=\"twitter:label1\" content=\"Written by\" \/>\n\t<meta name=\"twitter:data1\" content=\"REDA\u00c7\u00c3O: UBIRAT\u00c3 ONLINE - F\u00c1BIO AUGUSTO CELESTINO\" \/>\n\t<meta name=\"twitter:label2\" content=\"Est. reading time\" \/>\n\t<meta name=\"twitter:data2\" content=\"6 minutes\" \/>\n<script type=\"application\/ld+json\" class=\"yoast-schema-graph\">{\"@context\":\"https:\\\/\\\/schema.org\",\"@graph\":[{\"@type\":\"NewsArticle\",\"@id\":\"https:\\\/\\\/ubirataonline.com.br\\\/mein-herz-schlagt-fur-borussia-dortmund-alex-popp-im-grosen-bvb-interview\\\/#article\",\"isPartOf\":{\"@id\":\"https:\\\/\\\/ubirataonline.com.br\\\/mein-herz-schlagt-fur-borussia-dortmund-alex-popp-im-grosen-bvb-interview\\\/\"},\"author\":{\"name\":\"REDA\u00c7\u00c3O: UBIRAT\u00c3 ONLINE - F\u00c1BIO AUGUSTO CELESTINO\",\"@id\":\"https:\\\/\\\/ubirataonline.com.br\\\/#\\\/schema\\\/person\\\/372f87bbd3fdd79b8556b84c98d0bc1c\"},\"headline\":\"\u201eMein Herz schl\u00e4gt f\u00fcr Borussia Dortmund\u201c \u2013 Alex Popp im gro\u00dfen BVB-Interview\",\"datePublished\":\"2026-03-14T15:10:14+00:00\",\"dateModified\":\"2026-03-14T15:10:24+00:00\",\"mainEntityOfPage\":{\"@id\":\"https:\\\/\\\/ubirataonline.com.br\\\/mein-herz-schlagt-fur-borussia-dortmund-alex-popp-im-grosen-bvb-interview\\\/\"},\"wordCount\":1121,\"publisher\":{\"@id\":\"https:\\\/\\\/ubirataonline.com.br\\\/#organization\"},\"image\":{\"@id\":\"https:\\\/\\\/ubirataonline.com.br\\\/mein-herz-schlagt-fur-borussia-dortmund-alex-popp-im-grosen-bvb-interview\\\/#primaryimage\"},\"thumbnailUrl\":\"https:\\\/\\\/ubirataonline.com.br\\\/wp-content\\\/uploads\\\/2026\\\/03\\\/\u201eMein-Herz-schlagt-fur-Borussia-Dortmund-\u2013-Alex-Popp-im.png\",\"keywords\":[\"Alex\",\"Borussia\",\"BVBInterview\",\"Dortmund\",\"f\u00fcr\",\"gro\u00dfen\",\"Herz\",\"Mein\",\"Popp\",\"schl\u00e4gt\"],\"articleSection\":[\"Brasil\"],\"inLanguage\":\"en-US\",\"copyrightYear\":\"2026\",\"copyrightHolder\":{\"@id\":\"https:\\\/\\\/ubirataonline.com.br\\\/en\\\/#organization\"}},{\"@type\":\"WebPage\",\"@id\":\"https:\\\/\\\/ubirataonline.com.br\\\/mein-herz-schlagt-fur-borussia-dortmund-alex-popp-im-grosen-bvb-interview\\\/\",\"url\":\"https:\\\/\\\/ubirataonline.com.br\\\/mein-herz-schlagt-fur-borussia-dortmund-alex-popp-im-grosen-bvb-interview\\\/\",\"name\":\"\u201eMein Herz schl\u00e4gt f\u00fcr Borussia Dortmund\u201c \u2013 Alex Popp im gro\u00dfen BVB-Interview - Ubirat\u00e3 Online Not\u00edcias - A realidade ao seu alcance!\",\"isPartOf\":{\"@id\":\"https:\\\/\\\/ubirataonline.com.br\\\/#website\"},\"primaryImageOfPage\":{\"@id\":\"https:\\\/\\\/ubirataonline.com.br\\\/mein-herz-schlagt-fur-borussia-dortmund-alex-popp-im-grosen-bvb-interview\\\/#primaryimage\"},\"image\":{\"@id\":\"https:\\\/\\\/ubirataonline.com.br\\\/mein-herz-schlagt-fur-borussia-dortmund-alex-popp-im-grosen-bvb-interview\\\/#primaryimage\"},\"thumbnailUrl\":\"https:\\\/\\\/ubirataonline.com.br\\\/wp-content\\\/uploads\\\/2026\\\/03\\\/\u201eMein-Herz-schlagt-fur-Borussia-Dortmund-\u2013-Alex-Popp-im.png\",\"datePublished\":\"2026-03-14T15:10:14+00:00\",\"dateModified\":\"2026-03-14T15:10:24+00:00\",\"description\":\"Was waren die Gr\u00fcnde f\u00fcr Deinen Wechsel zu Borussia Dortmund?\u201eIch habe immer offen dar\u00fcber gesprochen, dass ich Dortmund-Fan bin. Als damals der Aufruf\",\"breadcrumb\":{\"@id\":\"https:\\\/\\\/ubirataonline.com.br\\\/mein-herz-schlagt-fur-borussia-dortmund-alex-popp-im-grosen-bvb-interview\\\/#breadcrumb\"},\"inLanguage\":\"en-US\",\"potentialAction\":[{\"@type\":\"ReadAction\",\"target\":[\"https:\\\/\\\/ubirataonline.com.br\\\/mein-herz-schlagt-fur-borussia-dortmund-alex-popp-im-grosen-bvb-interview\\\/\"]}]},{\"@type\":\"ImageObject\",\"inLanguage\":\"en-US\",\"@id\":\"https:\\\/\\\/ubirataonline.com.br\\\/mein-herz-schlagt-fur-borussia-dortmund-alex-popp-im-grosen-bvb-interview\\\/#primaryimage\",\"url\":\"https:\\\/\\\/ubirataonline.com.br\\\/wp-content\\\/uploads\\\/2026\\\/03\\\/\u201eMein-Herz-schlagt-fur-Borussia-Dortmund-\u2013-Alex-Popp-im.png\",\"contentUrl\":\"https:\\\/\\\/ubirataonline.com.br\\\/wp-content\\\/uploads\\\/2026\\\/03\\\/\u201eMein-Herz-schlagt-fur-Borussia-Dortmund-\u2013-Alex-Popp-im.png\",\"width\":1200,\"height\":630,\"caption\":\"\u201eMein Herz schl\u00e4gt f\u00fcr Borussia Dortmund\u201c \u2013 Alex Popp im gro\u00dfen BVB-Interview\"},{\"@type\":\"BreadcrumbList\",\"@id\":\"https:\\\/\\\/ubirataonline.com.br\\\/mein-herz-schlagt-fur-borussia-dortmund-alex-popp-im-grosen-bvb-interview\\\/#breadcrumb\",\"itemListElement\":[{\"@type\":\"ListItem\",\"position\":1,\"name\":\"In\u00edcio\",\"item\":\"https:\\\/\\\/ubirataonline.com.br\\\/\"},{\"@type\":\"ListItem\",\"position\":2,\"name\":\"\u201eMein Herz schl\u00e4gt f\u00fcr Borussia Dortmund\u201c \u2013 Alex Popp im gro\u00dfen BVB-Interview\"}]},{\"@type\":\"WebSite\",\"@id\":\"https:\\\/\\\/ubirataonline.com.br\\\/#website\",\"url\":\"https:\\\/\\\/ubirataonline.com.br\\\/\",\"name\":\"Ubirat\u00e3 Online Not\u00edcias\",\"description\":\"Not\u00edcias de Ubirat\u00e3, regi\u00e3o, Brasil e mundo, com informa\u00e7\u00e3o atualizada e compromisso com o leitor.\",\"publisher\":{\"@id\":\"https:\\\/\\\/ubirataonline.com.br\\\/#organization\"},\"alternateName\":\"Ubirat\u00e3 Online\",\"potentialAction\":[{\"@type\":\"SearchAction\",\"target\":{\"@type\":\"EntryPoint\",\"urlTemplate\":\"https:\\\/\\\/ubirataonline.com.br\\\/?s={search_term_string}\"},\"query-input\":{\"@type\":\"PropertyValueSpecification\",\"valueRequired\":true,\"valueName\":\"search_term_string\"}}],\"inLanguage\":\"en-US\"},{\"@type\":[\"Organization\",\"Place\"],\"@id\":\"https:\\\/\\\/ubirataonline.com.br\\\/#organization\",\"name\":\"Ubirat\u00e3 Online Not\u00edcias\",\"alternateName\":\"Ubirat\u00e3 Online\",\"url\":\"https:\\\/\\\/ubirataonline.com.br\\\/\",\"logo\":{\"@id\":\"https:\\\/\\\/ubirataonline.com.br\\\/mein-herz-schlagt-fur-borussia-dortmund-alex-popp-im-grosen-bvb-interview\\\/#local-main-organization-logo\"},\"image\":{\"@id\":\"https:\\\/\\\/ubirataonline.com.br\\\/mein-herz-schlagt-fur-borussia-dortmund-alex-popp-im-grosen-bvb-interview\\\/#local-main-organization-logo\"},\"sameAs\":[\"https:\\\/\\\/www.facebook.com\\\/portalubirataonline\",\"https:\\\/\\\/x.com\\\/ubirataonline\",\"https:\\\/\\\/mastodon.social\\\/@ubirataonline\",\"https:\\\/\\\/www.facebook.com\\\/groups\\\/311144672285604\",\"https:\\\/\\\/www.facebook.com\\\/UBTAOnline\",\"https:\\\/\\\/www.instagram.com\\\/portalubirataonline\\\/\",\"https:\\\/\\\/twitter.com\\\/ubirataonline\"],\"description\":\"Somos um portal de not\u00edcias independente, criado em 5 de janeiro de 2009, com o objetivo de informar, conectar e valorizar a nossa comunidade de Ubirat\u00e3 e toda aregi\u00e3o. Com conte\u00fado atualizado, confi\u00e1vel e relevante, o Ubirat\u00e3 Online \u00e9 o seu espa\u00e7o para ficar por dentro dos principais acontecimentos locais, regionais, Brasil, Mundo e de interesse geral. Nosso compromisso \u00e9 com a verdade, a transpar\u00eancia e o respeito ao leitor.\",\"legalName\":\"UBIRATA ONLINE NOT\u00cdCIAS\",\"foundingDate\":\"2009-01-05\",\"numberOfEmployees\":{\"@type\":\"QuantitativeValue\",\"minValue\":\"1\",\"maxValue\":\"10\"},\"publishingPrinciples\":\"https:\\\/\\\/ubirataonline.com.br\\\/faq\\\/\",\"address\":{\"@id\":\"https:\\\/\\\/ubirataonline.com.br\\\/mein-herz-schlagt-fur-borussia-dortmund-alex-popp-im-grosen-bvb-interview\\\/#local-main-place-address\"},\"geo\":{\"@type\":\"GeoCoordinates\",\"latitude\":\"-24.5361401\",\"longitude\":\"-52.9921776\"},\"telephone\":[\"+5544998308235\"],\"contactPoint\":{\"@type\":\"ContactPoint\",\"email\":\"contato@ubirataonline.com.br\"},\"openingHoursSpecification\":{\"@type\":\"OpeningHoursSpecification\",\"dayOfWeek\":[\"Monday\",\"Tuesday\",\"Wednesday\",\"Thursday\",\"Friday\",\"Saturday\",\"Sunday\"],\"opens\":\"00:00\",\"closes\":\"23:59\"},\"email\":\"contato@ubirataonline.com.br\",\"vatID\":\"47.621.418\\\/0001-80\"},{\"@type\":\"Person\",\"@id\":\"https:\\\/\\\/ubirataonline.com.br\\\/#\\\/schema\\\/person\\\/372f87bbd3fdd79b8556b84c98d0bc1c\",\"name\":\"REDA\u00c7\u00c3O: UBIRAT\u00c3 ONLINE - F\u00c1BIO AUGUSTO CELESTINO\",\"pronouns\":\"Ele\",\"description\":\"Desde 2003 trabalhando com not\u00edcias.\",\"sameAs\":[\"http:\\\/\\\/ubirataoline.com.br\",\"https:\\\/\\\/www.facebook.com\\\/portalubirataonline\",\"https:\\\/\\\/www.instagram.com\\\/ubirataonline_oficial\",\"https:\\\/\\\/x.com\\\/x.com\\\/ubirataonline\"],\"honorificPrefix\":\"Mr.\",\"honorificSuffix\":\"MD\",\"birthDate\":\"1980-06-16\",\"gender\":\"masculino\",\"award\":[\"V\u00e1rios pr\u00eamios de melhor portal da cidade\"],\"jobTitle\":\"Diretor\",\"url\":\"https:\\\/\\\/ubirataonline.com.br\\\/en\\\/author\\\/ubirataonline\\\/\"},{\"@type\":\"PostalAddress\",\"@id\":\"https:\\\/\\\/ubirataonline.com.br\\\/mein-herz-schlagt-fur-borussia-dortmund-alex-popp-im-grosen-bvb-interview\\\/#local-main-place-address\",\"streetAddress\":\"Rua dos Coqueiros, 104 - Bairro Boa Vista, Rua dos Coqueiros, 104 Bairro Boa Vista\",\"addressLocality\":\"UBIRATA\",\"postalCode\":\"85440-000\",\"addressRegion\":\"PR\",\"addressCountry\":\"BR\"},{\"@type\":\"ImageObject\",\"inLanguage\":\"en-US\",\"@id\":\"https:\\\/\\\/ubirataonline.com.br\\\/mein-herz-schlagt-fur-borussia-dortmund-alex-popp-im-grosen-bvb-interview\\\/#local-main-organization-logo\",\"url\":\"https:\\\/\\\/ubirataonline.com.br\\\/wp-content\\\/uploads\\\/2026\\\/06\\\/logoubirataonline-1.webp\",\"contentUrl\":\"https:\\\/\\\/ubirataonline.com.br\\\/wp-content\\\/uploads\\\/2026\\\/06\\\/logoubirataonline-1.webp\",\"width\":500,\"height\":500,\"caption\":\"Ubirat\u00e3 Online Not\u00edcias\"}]}<\/script>\n<meta name=\"geo.placename\" content=\"UBIRATA\" \/>\n<meta name=\"geo.position\" content=\"-24.5361401;-52.9921776\" \/>\n<meta name=\"geo.region\" content=\"Brazil\" \/>\n<!-- \/ Yoast SEO Premium plugin. -->","yoast_head_json":{"title":"\u201eMein Herz schl\u00e4gt f\u00fcr Borussia Dortmund\u201c \u2013 Alex Popp im gro\u00dfen BVB-Interview - Ubirat\u00e3 Online Not\u00edcias - A realidade ao seu alcance!","description":"Was waren die Gr\u00fcnde f\u00fcr Deinen Wechsel zu Borussia Dortmund?\u201eIch habe immer offen dar\u00fcber gesprochen, dass ich Dortmund-Fan bin. Als damals der Aufruf","robots":{"index":"index","follow":"follow","max-snippet":"max-snippet:-1","max-image-preview":"max-image-preview:large","max-video-preview":"max-video-preview:-1"},"canonical":"https:\/\/ubirataonline.com.br\/en\/mein-herz-schlagt-fur-borussia-dortmund-alex-popp-im-grosen-bvb-interview\/","og_locale":"en_US","og_type":"article","og_title":"\u201eMein Herz schl\u00e4gt f\u00fcr Borussia Dortmund\u201c \u2013 Alex Popp im gro\u00dfen BVB-Interview","og_description":"Was waren die Gr\u00fcnde f\u00fcr Deinen Wechsel zu Borussia Dortmund?\u201eIch habe immer offen dar\u00fcber gesprochen, dass ich Dortmund-Fan bin. Als damals der Aufruf","og_url":"https:\/\/ubirataonline.com.br\/en\/mein-herz-schlagt-fur-borussia-dortmund-alex-popp-im-grosen-bvb-interview\/","og_site_name":"Ubirat\u00e3 Online Not\u00edcias - A realidade ao seu alcance!","article_publisher":"https:\/\/www.facebook.com\/portalubirataonline","article_author":"https:\/\/www.facebook.com\/portalubirataonline","article_published_time":"2026-03-14T15:10:14+00:00","article_modified_time":"2026-03-14T15:10:24+00:00","og_image":[{"width":1200,"height":630,"url":"https:\/\/ubirataonline.com.br\/wp-content\/uploads\/2026\/03\/\u201eMein-Herz-schlagt-fur-Borussia-Dortmund-\u2013-Alex-Popp-im.png","type":"image\/png"}],"author":"REDA\u00c7\u00c3O: UBIRAT\u00c3 ONLINE - F\u00c1BIO AUGUSTO CELESTINO","twitter_card":"summary_large_image","twitter_creator":"@x.com\/ubirataonline","twitter_site":"@ubirataonline","twitter_misc":{"Written by":"REDA\u00c7\u00c3O: UBIRAT\u00c3 ONLINE - F\u00c1BIO AUGUSTO CELESTINO","Est. reading time":"6 minutes"},"schema":{"@context":"https:\/\/schema.org","@graph":[{"@type":"NewsArticle","@id":"https:\/\/ubirataonline.com.br\/mein-herz-schlagt-fur-borussia-dortmund-alex-popp-im-grosen-bvb-interview\/#article","isPartOf":{"@id":"https:\/\/ubirataonline.com.br\/mein-herz-schlagt-fur-borussia-dortmund-alex-popp-im-grosen-bvb-interview\/"},"author":{"name":"REDA\u00c7\u00c3O: UBIRAT\u00c3 ONLINE - F\u00c1BIO AUGUSTO CELESTINO","@id":"https:\/\/ubirataonline.com.br\/#\/schema\/person\/372f87bbd3fdd79b8556b84c98d0bc1c"},"headline":"\u201eMein Herz schl\u00e4gt f\u00fcr Borussia Dortmund\u201c \u2013 Alex Popp im gro\u00dfen BVB-Interview","datePublished":"2026-03-14T15:10:14+00:00","dateModified":"2026-03-14T15:10:24+00:00","mainEntityOfPage":{"@id":"https:\/\/ubirataonline.com.br\/mein-herz-schlagt-fur-borussia-dortmund-alex-popp-im-grosen-bvb-interview\/"},"wordCount":1121,"publisher":{"@id":"https:\/\/ubirataonline.com.br\/#organization"},"image":{"@id":"https:\/\/ubirataonline.com.br\/mein-herz-schlagt-fur-borussia-dortmund-alex-popp-im-grosen-bvb-interview\/#primaryimage"},"thumbnailUrl":"https:\/\/ubirataonline.com.br\/wp-content\/uploads\/2026\/03\/\u201eMein-Herz-schlagt-fur-Borussia-Dortmund-\u2013-Alex-Popp-im.png","keywords":["Alex","Borussia","BVBInterview","Dortmund","f\u00fcr","gro\u00dfen","Herz","Mein","Popp","schl\u00e4gt"],"articleSection":["Brasil"],"inLanguage":"en-US","copyrightYear":"2026","copyrightHolder":{"@id":"https:\/\/ubirataonline.com.br\/en\/#organization"}},{"@type":"WebPage","@id":"https:\/\/ubirataonline.com.br\/mein-herz-schlagt-fur-borussia-dortmund-alex-popp-im-grosen-bvb-interview\/","url":"https:\/\/ubirataonline.com.br\/mein-herz-schlagt-fur-borussia-dortmund-alex-popp-im-grosen-bvb-interview\/","name":"\u201eMein Herz schl\u00e4gt f\u00fcr Borussia Dortmund\u201c \u2013 Alex Popp im gro\u00dfen BVB-Interview - Ubirat\u00e3 Online Not\u00edcias - A realidade ao seu alcance!","isPartOf":{"@id":"https:\/\/ubirataonline.com.br\/#website"},"primaryImageOfPage":{"@id":"https:\/\/ubirataonline.com.br\/mein-herz-schlagt-fur-borussia-dortmund-alex-popp-im-grosen-bvb-interview\/#primaryimage"},"image":{"@id":"https:\/\/ubirataonline.com.br\/mein-herz-schlagt-fur-borussia-dortmund-alex-popp-im-grosen-bvb-interview\/#primaryimage"},"thumbnailUrl":"https:\/\/ubirataonline.com.br\/wp-content\/uploads\/2026\/03\/\u201eMein-Herz-schlagt-fur-Borussia-Dortmund-\u2013-Alex-Popp-im.png","datePublished":"2026-03-14T15:10:14+00:00","dateModified":"2026-03-14T15:10:24+00:00","description":"Was waren die Gr\u00fcnde f\u00fcr Deinen Wechsel zu Borussia Dortmund?\u201eIch habe immer offen dar\u00fcber gesprochen, dass ich Dortmund-Fan bin. Als damals der Aufruf","breadcrumb":{"@id":"https:\/\/ubirataonline.com.br\/mein-herz-schlagt-fur-borussia-dortmund-alex-popp-im-grosen-bvb-interview\/#breadcrumb"},"inLanguage":"en-US","potentialAction":[{"@type":"ReadAction","target":["https:\/\/ubirataonline.com.br\/mein-herz-schlagt-fur-borussia-dortmund-alex-popp-im-grosen-bvb-interview\/"]}]},{"@type":"ImageObject","inLanguage":"en-US","@id":"https:\/\/ubirataonline.com.br\/mein-herz-schlagt-fur-borussia-dortmund-alex-popp-im-grosen-bvb-interview\/#primaryimage","url":"https:\/\/ubirataonline.com.br\/wp-content\/uploads\/2026\/03\/\u201eMein-Herz-schlagt-fur-Borussia-Dortmund-\u2013-Alex-Popp-im.png","contentUrl":"https:\/\/ubirataonline.com.br\/wp-content\/uploads\/2026\/03\/\u201eMein-Herz-schlagt-fur-Borussia-Dortmund-\u2013-Alex-Popp-im.png","width":1200,"height":630,"caption":"\u201eMein Herz schl\u00e4gt f\u00fcr Borussia Dortmund\u201c \u2013 Alex Popp im gro\u00dfen BVB-Interview"},{"@type":"BreadcrumbList","@id":"https:\/\/ubirataonline.com.br\/mein-herz-schlagt-fur-borussia-dortmund-alex-popp-im-grosen-bvb-interview\/#breadcrumb","itemListElement":[{"@type":"ListItem","position":1,"name":"In\u00edcio","item":"https:\/\/ubirataonline.com.br\/"},{"@type":"ListItem","position":2,"name":"\u201eMein Herz schl\u00e4gt f\u00fcr Borussia Dortmund\u201c \u2013 Alex Popp im gro\u00dfen BVB-Interview"}]},{"@type":"WebSite","@id":"https:\/\/ubirataonline.com.br\/#website","url":"https:\/\/ubirataonline.com.br\/","name":"Ubirat\u00e3 Online Not\u00edcias","description":"Not\u00edcias de Ubirat\u00e3, regi\u00e3o, Brasil e mundo, com informa\u00e7\u00e3o atualizada e compromisso com o leitor.","publisher":{"@id":"https:\/\/ubirataonline.com.br\/#organization"},"alternateName":"Ubirat\u00e3 Online","potentialAction":[{"@type":"SearchAction","target":{"@type":"EntryPoint","urlTemplate":"https:\/\/ubirataonline.com.br\/?s={search_term_string}"},"query-input":{"@type":"PropertyValueSpecification","valueRequired":true,"valueName":"search_term_string"}}],"inLanguage":"en-US"},{"@type":["Organization","Place"],"@id":"https:\/\/ubirataonline.com.br\/#organization","name":"Ubirat\u00e3 Online Not\u00edcias","alternateName":"Ubirat\u00e3 Online","url":"https:\/\/ubirataonline.com.br\/","logo":{"@id":"https:\/\/ubirataonline.com.br\/mein-herz-schlagt-fur-borussia-dortmund-alex-popp-im-grosen-bvb-interview\/#local-main-organization-logo"},"image":{"@id":"https:\/\/ubirataonline.com.br\/mein-herz-schlagt-fur-borussia-dortmund-alex-popp-im-grosen-bvb-interview\/#local-main-organization-logo"},"sameAs":["https:\/\/www.facebook.com\/portalubirataonline","https:\/\/x.com\/ubirataonline","https:\/\/mastodon.social\/@ubirataonline","https:\/\/www.facebook.com\/groups\/311144672285604","https:\/\/www.facebook.com\/UBTAOnline","https:\/\/www.instagram.com\/portalubirataonline\/","https:\/\/twitter.com\/ubirataonline"],"description":"Somos um portal de not\u00edcias independente, criado em 5 de janeiro de 2009, com o objetivo de informar, conectar e valorizar a nossa comunidade de Ubirat\u00e3 e toda aregi\u00e3o. Com conte\u00fado atualizado, confi\u00e1vel e relevante, o Ubirat\u00e3 Online \u00e9 o seu espa\u00e7o para ficar por dentro dos principais acontecimentos locais, regionais, Brasil, Mundo e de interesse geral. Nosso compromisso \u00e9 com a verdade, a transpar\u00eancia e o respeito ao leitor.","legalName":"UBIRATA ONLINE NOT\u00cdCIAS","foundingDate":"2009-01-05","numberOfEmployees":{"@type":"QuantitativeValue","minValue":"1","maxValue":"10"},"publishingPrinciples":"https:\/\/ubirataonline.com.br\/faq\/","address":{"@id":"https:\/\/ubirataonline.com.br\/mein-herz-schlagt-fur-borussia-dortmund-alex-popp-im-grosen-bvb-interview\/#local-main-place-address"},"geo":{"@type":"GeoCoordinates","latitude":"-24.5361401","longitude":"-52.9921776"},"telephone":["+5544998308235"],"contactPoint":{"@type":"ContactPoint","email":"contato@ubirataonline.com.br"},"openingHoursSpecification":{"@type":"OpeningHoursSpecification","dayOfWeek":["Monday","Tuesday","Wednesday","Thursday","Friday","Saturday","Sunday"],"opens":"00:00","closes":"23:59"},"email":"contato@ubirataonline.com.br","vatID":"47.621.418\/0001-80"},{"@type":"Person","@id":"https:\/\/ubirataonline.com.br\/#\/schema\/person\/372f87bbd3fdd79b8556b84c98d0bc1c","name":"REDA\u00c7\u00c3O: UBIRAT\u00c3 ONLINE - F\u00c1BIO AUGUSTO CELESTINO","pronouns":"Ele","description":"Desde 2003 trabalhando com not\u00edcias.","sameAs":["http:\/\/ubirataoline.com.br","https:\/\/www.facebook.com\/portalubirataonline","https:\/\/www.instagram.com\/ubirataonline_oficial","https:\/\/x.com\/x.com\/ubirataonline"],"honorificPrefix":"Mr.","honorificSuffix":"MD","birthDate":"1980-06-16","gender":"masculino","award":["V\u00e1rios pr\u00eamios de melhor portal da cidade"],"jobTitle":"Diretor","url":"https:\/\/ubirataonline.com.br\/en\/author\/ubirataonline\/"},{"@type":"PostalAddress","@id":"https:\/\/ubirataonline.com.br\/mein-herz-schlagt-fur-borussia-dortmund-alex-popp-im-grosen-bvb-interview\/#local-main-place-address","streetAddress":"Rua dos Coqueiros, 104 - Bairro Boa Vista, Rua dos Coqueiros, 104 Bairro Boa Vista","addressLocality":"UBIRATA","postalCode":"85440-000","addressRegion":"PR","addressCountry":"BR"},{"@type":"ImageObject","inLanguage":"en-US","@id":"https:\/\/ubirataonline.com.br\/mein-herz-schlagt-fur-borussia-dortmund-alex-popp-im-grosen-bvb-interview\/#local-main-organization-logo","url":"https:\/\/ubirataonline.com.br\/wp-content\/uploads\/2026\/06\/logoubirataonline-1.webp","contentUrl":"https:\/\/ubirataonline.com.br\/wp-content\/uploads\/2026\/06\/logoubirataonline-1.webp","width":500,"height":500,"caption":"Ubirat\u00e3 Online Not\u00edcias"}]},"geo.placename":"UBIRATA","geo.position":{"lat":"-24.5361401","long":"-52.9921776"},"geo.region":"Brazil"},"_links":{"self":[{"href":"https:\/\/ubirataonline.com.br\/en\/wp-json\/wp\/v2\/posts\/94584","targetHints":{"allow":["GET"]}}],"collection":[{"href":"https:\/\/ubirataonline.com.br\/en\/wp-json\/wp\/v2\/posts"}],"about":[{"href":"https:\/\/ubirataonline.com.br\/en\/wp-json\/wp\/v2\/types\/post"}],"author":[{"embeddable":true,"href":"https:\/\/ubirataonline.com.br\/en\/wp-json\/wp\/v2\/users\/1"}],"replies":[{"embeddable":true,"href":"https:\/\/ubirataonline.com.br\/en\/wp-json\/wp\/v2\/comments?post=94584"}],"version-history":[{"count":0,"href":"https:\/\/ubirataonline.com.br\/en\/wp-json\/wp\/v2\/posts\/94584\/revisions"}],"wp:featuredmedia":[{"embeddable":true,"href":"https:\/\/ubirataonline.com.br\/en\/wp-json\/wp\/v2\/media\/94585"}],"wp:attachment":[{"href":"https:\/\/ubirataonline.com.br\/en\/wp-json\/wp\/v2\/media?parent=94584"}],"wp:term":[{"taxonomy":"category","embeddable":true,"href":"https:\/\/ubirataonline.com.br\/en\/wp-json\/wp\/v2\/categories?post=94584"},{"taxonomy":"post_tag","embeddable":true,"href":"https:\/\/ubirataonline.com.br\/en\/wp-json\/wp\/v2\/tags?post=94584"}],"curies":[{"name":"wp","href":"https:\/\/api.w.org\/{rel}","templated":true}]}}