{"id":95241,"date":"2026-03-16T21:14:18","date_gmt":"2026-03-17T00:14:18","guid":{"rendered":"https:\/\/ubirataonline.com.br\/juiz-decreta-prisao-preventiva-de-delegada-do-pcc\/"},"modified":"2026-03-16T21:14:19","modified_gmt":"2026-03-17T00:14:19","slug":"juiz-decreta-prisao-preventiva-de-delegada-do-pcc","status":"publish","type":"post","link":"https:\/\/ubirataonline.com.br\/en\/juiz-decreta-prisao-preventiva-de-delegada-do-pcc\/","title":{"rendered":"Juiz decreta pris\u00e3o preventiva de &#8216;delegada do PCC&#8217;"},"content":{"rendered":"<p><\/p>\n<div id=\"texto\">\n<p>A Justi\u00e7a de S\u00e3o Paulo decretou nesta segunda-feira, 16, a pris\u00e3o preventiva da delegada da Pol\u00edcia Civil de S\u00e3o Paulo Layla Lima Ayub, a delegada do PCC, e de seu namorado, Jardel Neto Pereira da Cruz, o Dedel, apontado como l\u00edder da fac\u00e7\u00e3o na regi\u00e3o Norte do Pa\u00eds. O casal estava preso em regime tempor\u00e1rio desde janeiro passado sob acusa\u00e7\u00e3o de agir a favor dos interesses da organiza\u00e7\u00e3o criminosa, inclusive em esquema de lavagem de dinheiro.<\/p>\n<p>O <b>Estad\u00e3o<\/b> n\u00e3o obteve retorno da defesa de Layla. O espa\u00e7o est\u00e1 aberto. A reportagem busca contato com a defesa de Dedel.<\/p>\n<p>Layla est\u00e1 detida na carceragem do 6\u00ba Distrito Policial, no Cambuci, regi\u00e3o central de S\u00e3o Paulo. Agora, com a preventiva decretada, dever\u00e1 ser removida para a Penitenci\u00e1ria de Trememb\u00e9, no Vale do Para\u00edba. Dedel dever\u00e1 permanecer no CDP Pinheiros.<\/p>\n<p>Ao endurecer o regime prisional da delegada do PCC e de seu companheiro, o juiz Paulo Fernando Deroma De Mello, da 2\u00aa Vara de Crimes Tribut\u00e1rios e Organiza\u00e7\u00e3o Criminosa, ressaltou fatos a ela atribu\u00eddos na investiga\u00e7\u00e3o da Corregedoria da Pol\u00edcia Civil. Segundo o inqu\u00e9rito, Layla colaborou com a fac\u00e7\u00e3o, valendo-se do cargo de delegada.<\/p>\n<p>Ainda de acordo com a Corregedoria, ela tamb\u00e9m compartilhou dados sigilosos da Academia de Pol\u00edcia; acessou o One Drive (nuvem) de um colega da corpora\u00e7\u00e3o; comunicou endere\u00e7o falso; atuou em audi\u00eancia como advogada depois de j\u00e1 ter sido empossada na pol\u00edcia paulista; deu suporte \u00e0 evas\u00e3o e descumprimento de condi\u00e7\u00f5es; produziu e divulgou material musical exaltando o PCC.<\/p>\n<p>\u201cConforme demonstrado no relat\u00f3rio policial, os fatos sob apura\u00e7\u00e3o revelam a atua\u00e7\u00e3o dos investigados (Layla e Dedel) em integra\u00e7\u00e3o e lideran\u00e7a de organiza\u00e7\u00e3o criminosa, com capacidade de coordena\u00e7\u00e3o em dois estados simult\u00e2neos, Par\u00e1 e S\u00e3o Paulo, al\u00e9m da log\u00edstica de lavagem de dinheiro e difus\u00e3o midi\u00e1tica de apologia\u201d, assinala o juiz Paulo Deroma em sua decis\u00e3o de cinco p\u00e1ginas.<\/p>\n<p>Layla tomou posse no dia 19 de dezembro em solenidade no Pal\u00e1cio dos Bandeirantes, sede do Executivo paulista, na presen\u00e7a do governador Tarc\u00edsio de Freitas. Dez dias depois ela atuou como se ainda fosse advogada em uma audi\u00eancia por v\u00eddeoconfer\u00eancia na Justi\u00e7a de Marab\u00e1, no Par\u00e1, em que patrocinou a defesa de integrantes de uma outra poderosa c\u00e9lula do crime organizado, o Comando Vermelho, segundo o inqu\u00e9rito da Corregedoria da Pol\u00edcia.<\/p>\n<p>O juiz Paulo Deroma, da 2.\u00aa Vara de Crimes Tribut\u00e1rios, alerta que a investiga\u00e7\u00e3o mira grupos complexos, com facilidade na reinser\u00e7\u00e3o de membros nas atividades il\u00edcitas. \u201cA jurisprud\u00eancia \u00e9 pac\u00edfica em aceitar a segrega\u00e7\u00e3o cautelar como importante instrumento a ser utilizado para interromper a atua\u00e7\u00e3o de organiza\u00e7\u00e3o criminosa, ressaltando-se que estes grupos possuem facilidade em interferir na instru\u00e7\u00e3o processual e acobertar seus membros, de modo a impedir a aplica\u00e7\u00e3o da lei.\u201d<\/p>\n<p>A Corregedoria destacou na representa\u00e7\u00e3o pela pris\u00e3o preventiva, que a delegada do PCC acessou reposit\u00f3rio de nuvem de um delegado de Pol\u00edcia para antecipar-se a dilig\u00eancias, inclusive discutindo estrat\u00e9gias de obstru\u00e7\u00e3o, existindo risco concreto de destrui\u00e7\u00e3o de vest\u00edgios digitais, combina\u00e7\u00e3o de depoimentos e intimida\u00e7\u00e3o indireta de agentes p\u00fablicos.<\/p>\n<p>Sobre Dedel, foi indicado que ele exerce a fun\u00e7\u00e3o de lideran\u00e7a da fac\u00e7\u00e3o criminosa PCC no Par\u00e1, al\u00e9m da produ\u00e7\u00e3o e dissemina\u00e7\u00e3o de conte\u00fado relacionado \u00e0 fac\u00e7\u00e3o. Ele teria sido incumbido da pr\u00e1tica de atentados contra autoridades do sistema prisional e magistrados.<\/p>\n<p>Para o juiz Deroma, a cust\u00f3dia cautelar visa tamb\u00e9m \u00e0 conveni\u00eancia da instru\u00e7\u00e3o criminal, assegurando a participa\u00e7\u00e3o dos investigados nos principais atos processuais, resguardando, ainda, as testemunhas, de modo que se mantenham isentas de coa\u00e7\u00e3o ou press\u00e3o, preservando a prova a ser colhida durante a fase judicial, sob o crivo do contradit\u00f3rio.<\/p>\n<p>Paulo Deroma alerta para o risco de fuga de Layla e seu namorado. \u201cTamb\u00e9m n\u00e3o se pode ignorar que, considerando a quantidade de pena prevista para o crime cuja pr\u00e1tica se lhes imputa e \u00e0 m\u00edngua de liga\u00e7\u00f5es concretas com o distrito da culpa, n\u00e3o \u00e9 desprez\u00edvel a possibilidade de evas\u00e3o, o que, inexoravelmente, implicaria no retardamento da marcha processual, obstando a desej\u00e1vel cita\u00e7\u00e3o pessoal e o efetivo cumprimento de eventual pena condenat\u00f3ria, em evidente preju\u00edzo \u00e0 aplica\u00e7\u00e3o da lei penal.\u201d<\/p>\n<p>Meio de vida<br \/>Para o juiz, a segrega\u00e7\u00e3o cautelar se mostra necess\u00e1ria para que se assegure a instru\u00e7\u00e3o criminal, e para a garantia da ordem p\u00fablica, com a cessa\u00e7\u00e3o das atividades criminosas.<\/p>\n<p>Ele destaca que eventual primariedade n\u00e3o \u00e9 suficiente para impedir a segrega\u00e7\u00e3o cautelar, uma vez que, conforme indicado pelos elementos de convic\u00e7\u00e3o juntados, os requeridos possuem no crime seu meio de vida, dedicando-se de forma reiterada \u00e0s pr\u00e1ticas delitivas.<\/p>\n<p>As investiga\u00e7\u00f5es apontam ainda que, durante o ano de 2025, Layla Lima Ayub, na condi\u00e7\u00e3o de advogada, fez m\u00faltiplas visitas a l\u00edderes da fac\u00e7\u00e3o criminosa PCC no Par\u00e1, dentre eles Jardel Neto Pereira da Cruz, vulgo Dedel. \u201cPor fim, as investiga\u00e7\u00f5es indicaram poss\u00edvel ato de lavagem de capitais por interm\u00e9dio de uma padaria na zona leste de S\u00e3o Paulo.\u201d<\/p>\n<p>O Minist\u00e9rio P\u00fablico se manifestou pela pris\u00e3o preventiva do casal. \u201cDe fato, h\u00e1 ind\u00edcios da materialidade do delito, bem como da autoria\u201d, anota o juiz. <\/p>\n<\/p><\/div>\n<p><a href=\"https:\/\/cgn.inf.br\/noticia\/2063327\/juiz-decreta-prisao-preventiva-de-delegada-do-pcc\">Fonte do Artigo <\/a><\/p>","protected":false},"excerpt":{"rendered":"<p>A Justi\u00e7a de S\u00e3o Paulo decretou nesta segunda-feira, 16, a pris\u00e3o preventiva da delegada da Pol\u00edcia Civil de S\u00e3o Paulo Layla Lima Ayub, a delegada do PCC, e de seu namorado, Jardel Neto Pereira da Cruz, o Dedel, apontado como l\u00edder da fac\u00e7\u00e3o na regi\u00e3o Norte do Pa\u00eds. O casal estava preso em regime tempor\u00e1rio [&hellip;]<\/p>\n","protected":false},"author":1,"featured_media":92994,"comment_status":"closed","ping_status":"","sticky":false,"template":"","format":"standard","meta":{"googlesitekit_rrm_CAow2JLhCw:productID":"","_gspb_post_css":"","maa_idioma":"","maa_pais":"","footnotes":""},"categories":[1],"tags":[7668,22576,15781,4484,6317,41],"class_list":["post-95241","post","type-post","status-publish","format-standard","has-post-thumbnail","hentry","category-ubirata","tag-decreta","tag-delegada","tag-juiz","tag-pcc","tag-preventiva","tag-prisao"],"blocksy_meta":[],"yoast_head":"<!-- This site is optimized with the Yoast SEO Premium plugin v27.6 (Yoast SEO v27.6) - https:\/\/yoast.com\/product\/yoast-seo-premium-wordpress\/ -->\n<title>Juiz decreta pris\u00e3o preventiva de &#039;delegada do PCC&#039; - Ubirat\u00e3 Online Not\u00edcias - A realidade ao seu alcance!<\/title>\n<meta name=\"description\" content=\"A Justi\u00e7a de S\u00e3o Paulo decretou nesta segunda-feira, 16, a pris\u00e3o preventiva da delegada da Pol\u00edcia Civil de S\u00e3o Paulo Layla Lima Ayub, a delegada do PCC,\" \/>\n<meta name=\"robots\" content=\"index, follow, max-snippet:-1, max-image-preview:large, max-video-preview:-1\" \/>\n<link rel=\"canonical\" href=\"https:\/\/ubirataonline.com.br\/en\/juiz-decreta-prisao-preventiva-de-delegada-do-pcc\/\" \/>\n<meta property=\"og:locale\" content=\"en_US\" \/>\n<meta property=\"og:type\" content=\"article\" \/>\n<meta property=\"og:title\" content=\"Juiz decreta pris\u00e3o preventiva de &#039;delegada do PCC&#039;\" \/>\n<meta property=\"og:description\" content=\"A Justi\u00e7a de S\u00e3o Paulo decretou nesta segunda-feira, 16, a pris\u00e3o preventiva da delegada da Pol\u00edcia Civil de S\u00e3o Paulo Layla Lima Ayub, a delegada do PCC,\" \/>\n<meta property=\"og:url\" content=\"https:\/\/ubirataonline.com.br\/en\/juiz-decreta-prisao-preventiva-de-delegada-do-pcc\/\" \/>\n<meta property=\"og:site_name\" content=\"Ubirat\u00e3 Online Not\u00edcias - A realidade ao seu alcance!\" \/>\n<meta property=\"article:publisher\" content=\"https:\/\/www.facebook.com\/portalubirataonline\" \/>\n<meta property=\"article:author\" content=\"https:\/\/www.facebook.com\/portalubirataonline\" \/>\n<meta property=\"article:published_time\" content=\"2026-03-17T00:14:18+00:00\" \/>\n<meta property=\"article:modified_time\" content=\"2026-03-17T00:14:19+00:00\" \/>\n<meta property=\"og:image\" content=\"https:\/\/ubirataonline.com.br\/wp-content\/uploads\/2026\/03\/Gilmar-ve-explicacao-insuficiente-e-da-72-horas-para-MPRJ.gif\" \/>\n\t<meta property=\"og:image:width\" content=\"768\" \/>\n\t<meta property=\"og:image:height\" content=\"461\" \/>\n\t<meta property=\"og:image:type\" content=\"image\/gif\" \/>\n<meta name=\"author\" content=\"REDA\u00c7\u00c3O: UBIRAT\u00c3 ONLINE - F\u00c1BIO AUGUSTO CELESTINO\" \/>\n<meta name=\"twitter:card\" content=\"summary_large_image\" \/>\n<meta name=\"twitter:creator\" content=\"@x.com\/ubirataonline\" \/>\n<meta name=\"twitter:site\" content=\"@ubirataonline\" \/>\n<meta name=\"twitter:label1\" content=\"Written by\" \/>\n\t<meta name=\"twitter:data1\" content=\"REDA\u00c7\u00c3O: UBIRAT\u00c3 ONLINE - F\u00c1BIO AUGUSTO CELESTINO\" \/>\n\t<meta name=\"twitter:label2\" content=\"Est. reading time\" \/>\n\t<meta name=\"twitter:data2\" content=\"5 minutes\" \/>\n<script type=\"application\/ld+json\" class=\"yoast-schema-graph\">{\"@context\":\"https:\\\/\\\/schema.org\",\"@graph\":[{\"@type\":\"NewsArticle\",\"@id\":\"https:\\\/\\\/ubirataonline.com.br\\\/juiz-decreta-prisao-preventiva-de-delegada-do-pcc\\\/#article\",\"isPartOf\":{\"@id\":\"https:\\\/\\\/ubirataonline.com.br\\\/juiz-decreta-prisao-preventiva-de-delegada-do-pcc\\\/\"},\"author\":{\"name\":\"REDA\u00c7\u00c3O: UBIRAT\u00c3 ONLINE - F\u00c1BIO AUGUSTO CELESTINO\",\"@id\":\"https:\\\/\\\/ubirataonline.com.br\\\/#\\\/schema\\\/person\\\/372f87bbd3fdd79b8556b84c98d0bc1c\"},\"headline\":\"Juiz decreta pris\u00e3o preventiva de &#8216;delegada do PCC&#8217;\",\"datePublished\":\"2026-03-17T00:14:18+00:00\",\"dateModified\":\"2026-03-17T00:14:19+00:00\",\"mainEntityOfPage\":{\"@id\":\"https:\\\/\\\/ubirataonline.com.br\\\/juiz-decreta-prisao-preventiva-de-delegada-do-pcc\\\/\"},\"wordCount\":959,\"publisher\":{\"@id\":\"https:\\\/\\\/ubirataonline.com.br\\\/#organization\"},\"image\":{\"@id\":\"https:\\\/\\\/ubirataonline.com.br\\\/juiz-decreta-prisao-preventiva-de-delegada-do-pcc\\\/#primaryimage\"},\"thumbnailUrl\":\"https:\\\/\\\/ubirataonline.com.br\\\/wp-content\\\/uploads\\\/2026\\\/03\\\/Gilmar-ve-explicacao-insuficiente-e-da-72-horas-para-MPRJ.gif\",\"keywords\":[\"decreta\",\"Delegada\",\"juiz\",\"PCC\",\"preventiva\",\"Pris\u00e3o\"],\"articleSection\":[\"Ubirat\u00e3\"],\"inLanguage\":\"en-US\",\"copyrightYear\":\"2026\",\"copyrightHolder\":{\"@id\":\"https:\\\/\\\/ubirataonline.com.br\\\/en\\\/#organization\"}},{\"@type\":\"WebPage\",\"@id\":\"https:\\\/\\\/ubirataonline.com.br\\\/juiz-decreta-prisao-preventiva-de-delegada-do-pcc\\\/\",\"url\":\"https:\\\/\\\/ubirataonline.com.br\\\/juiz-decreta-prisao-preventiva-de-delegada-do-pcc\\\/\",\"name\":\"Juiz decreta pris\u00e3o preventiva de 'delegada do PCC' - Ubirat\u00e3 Online Not\u00edcias - A realidade ao seu alcance!\",\"isPartOf\":{\"@id\":\"https:\\\/\\\/ubirataonline.com.br\\\/#website\"},\"primaryImageOfPage\":{\"@id\":\"https:\\\/\\\/ubirataonline.com.br\\\/juiz-decreta-prisao-preventiva-de-delegada-do-pcc\\\/#primaryimage\"},\"image\":{\"@id\":\"https:\\\/\\\/ubirataonline.com.br\\\/juiz-decreta-prisao-preventiva-de-delegada-do-pcc\\\/#primaryimage\"},\"thumbnailUrl\":\"https:\\\/\\\/ubirataonline.com.br\\\/wp-content\\\/uploads\\\/2026\\\/03\\\/Gilmar-ve-explicacao-insuficiente-e-da-72-horas-para-MPRJ.gif\",\"datePublished\":\"2026-03-17T00:14:18+00:00\",\"dateModified\":\"2026-03-17T00:14:19+00:00\",\"description\":\"A Justi\u00e7a de S\u00e3o Paulo decretou nesta segunda-feira, 16, a pris\u00e3o preventiva da delegada da Pol\u00edcia Civil de S\u00e3o Paulo Layla Lima Ayub, a delegada do PCC,\",\"breadcrumb\":{\"@id\":\"https:\\\/\\\/ubirataonline.com.br\\\/juiz-decreta-prisao-preventiva-de-delegada-do-pcc\\\/#breadcrumb\"},\"inLanguage\":\"en-US\",\"potentialAction\":[{\"@type\":\"ReadAction\",\"target\":[\"https:\\\/\\\/ubirataonline.com.br\\\/juiz-decreta-prisao-preventiva-de-delegada-do-pcc\\\/\"]}]},{\"@type\":\"ImageObject\",\"inLanguage\":\"en-US\",\"@id\":\"https:\\\/\\\/ubirataonline.com.br\\\/juiz-decreta-prisao-preventiva-de-delegada-do-pcc\\\/#primaryimage\",\"url\":\"https:\\\/\\\/ubirataonline.com.br\\\/wp-content\\\/uploads\\\/2026\\\/03\\\/Gilmar-ve-explicacao-insuficiente-e-da-72-horas-para-MPRJ.gif\",\"contentUrl\":\"https:\\\/\\\/ubirataonline.com.br\\\/wp-content\\\/uploads\\\/2026\\\/03\\\/Gilmar-ve-explicacao-insuficiente-e-da-72-horas-para-MPRJ.gif\",\"width\":768,\"height\":461,\"caption\":\"Gilmar v\u00ea explica\u00e7\u00e3o insuficiente e d\u00e1 72 horas para MPRJ explicar pagamento de penduricalhos\"},{\"@type\":\"BreadcrumbList\",\"@id\":\"https:\\\/\\\/ubirataonline.com.br\\\/juiz-decreta-prisao-preventiva-de-delegada-do-pcc\\\/#breadcrumb\",\"itemListElement\":[{\"@type\":\"ListItem\",\"position\":1,\"name\":\"In\u00edcio\",\"item\":\"https:\\\/\\\/ubirataonline.com.br\\\/\"},{\"@type\":\"ListItem\",\"position\":2,\"name\":\"Juiz decreta pris\u00e3o preventiva de &#8216;delegada do PCC&#8217;\"}]},{\"@type\":\"WebSite\",\"@id\":\"https:\\\/\\\/ubirataonline.com.br\\\/#website\",\"url\":\"https:\\\/\\\/ubirataonline.com.br\\\/\",\"name\":\"Ubirat\u00e3 Online Not\u00edcias\",\"description\":\"Not\u00edcias de Ubirat\u00e3, regi\u00e3o, Brasil e mundo, com informa\u00e7\u00e3o atualizada e compromisso com o leitor.\",\"publisher\":{\"@id\":\"https:\\\/\\\/ubirataonline.com.br\\\/#organization\"},\"alternateName\":\"Ubirat\u00e3 Online\",\"potentialAction\":[{\"@type\":\"SearchAction\",\"target\":{\"@type\":\"EntryPoint\",\"urlTemplate\":\"https:\\\/\\\/ubirataonline.com.br\\\/?s={search_term_string}\"},\"query-input\":{\"@type\":\"PropertyValueSpecification\",\"valueRequired\":true,\"valueName\":\"search_term_string\"}}],\"inLanguage\":\"en-US\"},{\"@type\":[\"Organization\",\"Place\"],\"@id\":\"https:\\\/\\\/ubirataonline.com.br\\\/#organization\",\"name\":\"Ubirat\u00e3 Online Not\u00edcias\",\"alternateName\":\"Ubirat\u00e3 Online\",\"url\":\"https:\\\/\\\/ubirataonline.com.br\\\/\",\"logo\":{\"@id\":\"https:\\\/\\\/ubirataonline.com.br\\\/juiz-decreta-prisao-preventiva-de-delegada-do-pcc\\\/#local-main-organization-logo\"},\"image\":{\"@id\":\"https:\\\/\\\/ubirataonline.com.br\\\/juiz-decreta-prisao-preventiva-de-delegada-do-pcc\\\/#local-main-organization-logo\"},\"sameAs\":[\"https:\\\/\\\/www.facebook.com\\\/portalubirataonline\",\"https:\\\/\\\/x.com\\\/ubirataonline\",\"https:\\\/\\\/mastodon.social\\\/@ubirataonline\",\"https:\\\/\\\/www.facebook.com\\\/groups\\\/311144672285604\",\"https:\\\/\\\/www.facebook.com\\\/UBTAOnline\",\"https:\\\/\\\/www.instagram.com\\\/portalubirataonline\\\/\",\"https:\\\/\\\/twitter.com\\\/ubirataonline\"],\"description\":\"Somos um portal de not\u00edcias independente, criado em 5 de janeiro de 2009, com o objetivo de informar, conectar e valorizar a nossa comunidade de Ubirat\u00e3 e toda aregi\u00e3o. Com conte\u00fado atualizado, confi\u00e1vel e relevante, o Ubirat\u00e3 Online \u00e9 o seu espa\u00e7o para ficar por dentro dos principais acontecimentos locais, regionais, Brasil, Mundo e de interesse geral. Nosso compromisso \u00e9 com a verdade, a transpar\u00eancia e o respeito ao leitor.\",\"legalName\":\"UBIRATA ONLINE NOT\u00cdCIAS\",\"foundingDate\":\"2009-01-05\",\"numberOfEmployees\":{\"@type\":\"QuantitativeValue\",\"minValue\":\"1\",\"maxValue\":\"10\"},\"publishingPrinciples\":\"https:\\\/\\\/ubirataonline.com.br\\\/faq\\\/\",\"address\":{\"@id\":\"https:\\\/\\\/ubirataonline.com.br\\\/juiz-decreta-prisao-preventiva-de-delegada-do-pcc\\\/#local-main-place-address\"},\"geo\":{\"@type\":\"GeoCoordinates\",\"latitude\":\"-24.5361401\",\"longitude\":\"-52.9921776\"},\"telephone\":[\"+5544998308235\"],\"contactPoint\":{\"@type\":\"ContactPoint\",\"email\":\"contato@ubirataonline.com.br\"},\"openingHoursSpecification\":{\"@type\":\"OpeningHoursSpecification\",\"dayOfWeek\":[\"Monday\",\"Tuesday\",\"Wednesday\",\"Thursday\",\"Friday\",\"Saturday\",\"Sunday\"],\"opens\":\"00:00\",\"closes\":\"23:59\"},\"email\":\"contato@ubirataonline.com.br\",\"vatID\":\"47.621.418\\\/0001-80\"},{\"@type\":\"Person\",\"@id\":\"https:\\\/\\\/ubirataonline.com.br\\\/#\\\/schema\\\/person\\\/372f87bbd3fdd79b8556b84c98d0bc1c\",\"name\":\"REDA\u00c7\u00c3O: UBIRAT\u00c3 ONLINE - F\u00c1BIO AUGUSTO CELESTINO\",\"pronouns\":\"Ele\",\"description\":\"Desde 2003 trabalhando com not\u00edcias.\",\"sameAs\":[\"http:\\\/\\\/ubirataoline.com.br\",\"https:\\\/\\\/www.facebook.com\\\/portalubirataonline\",\"https:\\\/\\\/www.instagram.com\\\/ubirataonline_oficial\",\"https:\\\/\\\/x.com\\\/x.com\\\/ubirataonline\"],\"honorificPrefix\":\"Mr.\",\"honorificSuffix\":\"MD\",\"birthDate\":\"1980-06-16\",\"gender\":\"masculino\",\"award\":[\"V\u00e1rios pr\u00eamios de melhor portal da cidade\"],\"jobTitle\":\"Diretor\",\"url\":\"https:\\\/\\\/ubirataonline.com.br\\\/en\\\/author\\\/ubirataonline\\\/\"},{\"@type\":\"PostalAddress\",\"@id\":\"https:\\\/\\\/ubirataonline.com.br\\\/juiz-decreta-prisao-preventiva-de-delegada-do-pcc\\\/#local-main-place-address\",\"streetAddress\":\"Rua dos Coqueiros, 104 - Bairro Boa Vista, Rua dos Coqueiros, 104 Bairro Boa Vista\",\"addressLocality\":\"UBIRATA\",\"postalCode\":\"85440-000\",\"addressRegion\":\"PR\",\"addressCountry\":\"BR\"},{\"@type\":\"ImageObject\",\"inLanguage\":\"en-US\",\"@id\":\"https:\\\/\\\/ubirataonline.com.br\\\/juiz-decreta-prisao-preventiva-de-delegada-do-pcc\\\/#local-main-organization-logo\",\"url\":\"https:\\\/\\\/ubirataonline.com.br\\\/wp-content\\\/uploads\\\/2026\\\/06\\\/logoubirataonline-1.webp\",\"contentUrl\":\"https:\\\/\\\/ubirataonline.com.br\\\/wp-content\\\/uploads\\\/2026\\\/06\\\/logoubirataonline-1.webp\",\"width\":500,\"height\":500,\"caption\":\"Ubirat\u00e3 Online Not\u00edcias\"}]}<\/script>\n<meta name=\"geo.placename\" content=\"UBIRATA\" \/>\n<meta name=\"geo.position\" content=\"-24.5361401;-52.9921776\" \/>\n<meta name=\"geo.region\" content=\"Brazil\" \/>\n<!-- \/ Yoast SEO Premium plugin. -->","yoast_head_json":{"title":"Juiz decreta pris\u00e3o preventiva de 'delegada do PCC' - Ubirat\u00e3 Online Not\u00edcias - A realidade ao seu alcance!","description":"A Justi\u00e7a de S\u00e3o Paulo decretou nesta segunda-feira, 16, a pris\u00e3o preventiva da delegada da Pol\u00edcia Civil de S\u00e3o Paulo Layla Lima Ayub, a delegada do PCC,","robots":{"index":"index","follow":"follow","max-snippet":"max-snippet:-1","max-image-preview":"max-image-preview:large","max-video-preview":"max-video-preview:-1"},"canonical":"https:\/\/ubirataonline.com.br\/en\/juiz-decreta-prisao-preventiva-de-delegada-do-pcc\/","og_locale":"en_US","og_type":"article","og_title":"Juiz decreta pris\u00e3o preventiva de 'delegada do PCC'","og_description":"A Justi\u00e7a de S\u00e3o Paulo decretou nesta segunda-feira, 16, a pris\u00e3o preventiva da delegada da Pol\u00edcia Civil de S\u00e3o Paulo Layla Lima Ayub, a delegada do PCC,","og_url":"https:\/\/ubirataonline.com.br\/en\/juiz-decreta-prisao-preventiva-de-delegada-do-pcc\/","og_site_name":"Ubirat\u00e3 Online Not\u00edcias - A realidade ao seu alcance!","article_publisher":"https:\/\/www.facebook.com\/portalubirataonline","article_author":"https:\/\/www.facebook.com\/portalubirataonline","article_published_time":"2026-03-17T00:14:18+00:00","article_modified_time":"2026-03-17T00:14:19+00:00","og_image":[{"width":768,"height":461,"url":"https:\/\/ubirataonline.com.br\/wp-content\/uploads\/2026\/03\/Gilmar-ve-explicacao-insuficiente-e-da-72-horas-para-MPRJ.gif","type":"image\/gif"}],"author":"REDA\u00c7\u00c3O: UBIRAT\u00c3 ONLINE - F\u00c1BIO AUGUSTO CELESTINO","twitter_card":"summary_large_image","twitter_creator":"@x.com\/ubirataonline","twitter_site":"@ubirataonline","twitter_misc":{"Written by":"REDA\u00c7\u00c3O: UBIRAT\u00c3 ONLINE - F\u00c1BIO AUGUSTO CELESTINO","Est. reading time":"5 minutes"},"schema":{"@context":"https:\/\/schema.org","@graph":[{"@type":"NewsArticle","@id":"https:\/\/ubirataonline.com.br\/juiz-decreta-prisao-preventiva-de-delegada-do-pcc\/#article","isPartOf":{"@id":"https:\/\/ubirataonline.com.br\/juiz-decreta-prisao-preventiva-de-delegada-do-pcc\/"},"author":{"name":"REDA\u00c7\u00c3O: UBIRAT\u00c3 ONLINE - F\u00c1BIO AUGUSTO CELESTINO","@id":"https:\/\/ubirataonline.com.br\/#\/schema\/person\/372f87bbd3fdd79b8556b84c98d0bc1c"},"headline":"Juiz decreta pris\u00e3o preventiva de &#8216;delegada do PCC&#8217;","datePublished":"2026-03-17T00:14:18+00:00","dateModified":"2026-03-17T00:14:19+00:00","mainEntityOfPage":{"@id":"https:\/\/ubirataonline.com.br\/juiz-decreta-prisao-preventiva-de-delegada-do-pcc\/"},"wordCount":959,"publisher":{"@id":"https:\/\/ubirataonline.com.br\/#organization"},"image":{"@id":"https:\/\/ubirataonline.com.br\/juiz-decreta-prisao-preventiva-de-delegada-do-pcc\/#primaryimage"},"thumbnailUrl":"https:\/\/ubirataonline.com.br\/wp-content\/uploads\/2026\/03\/Gilmar-ve-explicacao-insuficiente-e-da-72-horas-para-MPRJ.gif","keywords":["decreta","Delegada","juiz","PCC","preventiva","Pris\u00e3o"],"articleSection":["Ubirat\u00e3"],"inLanguage":"en-US","copyrightYear":"2026","copyrightHolder":{"@id":"https:\/\/ubirataonline.com.br\/en\/#organization"}},{"@type":"WebPage","@id":"https:\/\/ubirataonline.com.br\/juiz-decreta-prisao-preventiva-de-delegada-do-pcc\/","url":"https:\/\/ubirataonline.com.br\/juiz-decreta-prisao-preventiva-de-delegada-do-pcc\/","name":"Juiz decreta pris\u00e3o preventiva de 'delegada do PCC' - Ubirat\u00e3 Online Not\u00edcias - A realidade ao seu alcance!","isPartOf":{"@id":"https:\/\/ubirataonline.com.br\/#website"},"primaryImageOfPage":{"@id":"https:\/\/ubirataonline.com.br\/juiz-decreta-prisao-preventiva-de-delegada-do-pcc\/#primaryimage"},"image":{"@id":"https:\/\/ubirataonline.com.br\/juiz-decreta-prisao-preventiva-de-delegada-do-pcc\/#primaryimage"},"thumbnailUrl":"https:\/\/ubirataonline.com.br\/wp-content\/uploads\/2026\/03\/Gilmar-ve-explicacao-insuficiente-e-da-72-horas-para-MPRJ.gif","datePublished":"2026-03-17T00:14:18+00:00","dateModified":"2026-03-17T00:14:19+00:00","description":"A Justi\u00e7a de S\u00e3o Paulo decretou nesta segunda-feira, 16, a pris\u00e3o preventiva da delegada da Pol\u00edcia Civil de S\u00e3o Paulo Layla Lima Ayub, a delegada do PCC,","breadcrumb":{"@id":"https:\/\/ubirataonline.com.br\/juiz-decreta-prisao-preventiva-de-delegada-do-pcc\/#breadcrumb"},"inLanguage":"en-US","potentialAction":[{"@type":"ReadAction","target":["https:\/\/ubirataonline.com.br\/juiz-decreta-prisao-preventiva-de-delegada-do-pcc\/"]}]},{"@type":"ImageObject","inLanguage":"en-US","@id":"https:\/\/ubirataonline.com.br\/juiz-decreta-prisao-preventiva-de-delegada-do-pcc\/#primaryimage","url":"https:\/\/ubirataonline.com.br\/wp-content\/uploads\/2026\/03\/Gilmar-ve-explicacao-insuficiente-e-da-72-horas-para-MPRJ.gif","contentUrl":"https:\/\/ubirataonline.com.br\/wp-content\/uploads\/2026\/03\/Gilmar-ve-explicacao-insuficiente-e-da-72-horas-para-MPRJ.gif","width":768,"height":461,"caption":"Gilmar v\u00ea explica\u00e7\u00e3o insuficiente e d\u00e1 72 horas para MPRJ explicar pagamento de penduricalhos"},{"@type":"BreadcrumbList","@id":"https:\/\/ubirataonline.com.br\/juiz-decreta-prisao-preventiva-de-delegada-do-pcc\/#breadcrumb","itemListElement":[{"@type":"ListItem","position":1,"name":"In\u00edcio","item":"https:\/\/ubirataonline.com.br\/"},{"@type":"ListItem","position":2,"name":"Juiz decreta pris\u00e3o preventiva de &#8216;delegada do PCC&#8217;"}]},{"@type":"WebSite","@id":"https:\/\/ubirataonline.com.br\/#website","url":"https:\/\/ubirataonline.com.br\/","name":"Ubirat\u00e3 Online Not\u00edcias","description":"Not\u00edcias de Ubirat\u00e3, regi\u00e3o, Brasil e mundo, com informa\u00e7\u00e3o atualizada e compromisso com o leitor.","publisher":{"@id":"https:\/\/ubirataonline.com.br\/#organization"},"alternateName":"Ubirat\u00e3 Online","potentialAction":[{"@type":"SearchAction","target":{"@type":"EntryPoint","urlTemplate":"https:\/\/ubirataonline.com.br\/?s={search_term_string}"},"query-input":{"@type":"PropertyValueSpecification","valueRequired":true,"valueName":"search_term_string"}}],"inLanguage":"en-US"},{"@type":["Organization","Place"],"@id":"https:\/\/ubirataonline.com.br\/#organization","name":"Ubirat\u00e3 Online Not\u00edcias","alternateName":"Ubirat\u00e3 Online","url":"https:\/\/ubirataonline.com.br\/","logo":{"@id":"https:\/\/ubirataonline.com.br\/juiz-decreta-prisao-preventiva-de-delegada-do-pcc\/#local-main-organization-logo"},"image":{"@id":"https:\/\/ubirataonline.com.br\/juiz-decreta-prisao-preventiva-de-delegada-do-pcc\/#local-main-organization-logo"},"sameAs":["https:\/\/www.facebook.com\/portalubirataonline","https:\/\/x.com\/ubirataonline","https:\/\/mastodon.social\/@ubirataonline","https:\/\/www.facebook.com\/groups\/311144672285604","https:\/\/www.facebook.com\/UBTAOnline","https:\/\/www.instagram.com\/portalubirataonline\/","https:\/\/twitter.com\/ubirataonline"],"description":"Somos um portal de not\u00edcias independente, criado em 5 de janeiro de 2009, com o objetivo de informar, conectar e valorizar a nossa comunidade de Ubirat\u00e3 e toda aregi\u00e3o. Com conte\u00fado atualizado, confi\u00e1vel e relevante, o Ubirat\u00e3 Online \u00e9 o seu espa\u00e7o para ficar por dentro dos principais acontecimentos locais, regionais, Brasil, Mundo e de interesse geral. Nosso compromisso \u00e9 com a verdade, a transpar\u00eancia e o respeito ao leitor.","legalName":"UBIRATA ONLINE NOT\u00cdCIAS","foundingDate":"2009-01-05","numberOfEmployees":{"@type":"QuantitativeValue","minValue":"1","maxValue":"10"},"publishingPrinciples":"https:\/\/ubirataonline.com.br\/faq\/","address":{"@id":"https:\/\/ubirataonline.com.br\/juiz-decreta-prisao-preventiva-de-delegada-do-pcc\/#local-main-place-address"},"geo":{"@type":"GeoCoordinates","latitude":"-24.5361401","longitude":"-52.9921776"},"telephone":["+5544998308235"],"contactPoint":{"@type":"ContactPoint","email":"contato@ubirataonline.com.br"},"openingHoursSpecification":{"@type":"OpeningHoursSpecification","dayOfWeek":["Monday","Tuesday","Wednesday","Thursday","Friday","Saturday","Sunday"],"opens":"00:00","closes":"23:59"},"email":"contato@ubirataonline.com.br","vatID":"47.621.418\/0001-80"},{"@type":"Person","@id":"https:\/\/ubirataonline.com.br\/#\/schema\/person\/372f87bbd3fdd79b8556b84c98d0bc1c","name":"REDA\u00c7\u00c3O: UBIRAT\u00c3 ONLINE - F\u00c1BIO AUGUSTO CELESTINO","pronouns":"Ele","description":"Desde 2003 trabalhando com not\u00edcias.","sameAs":["http:\/\/ubirataoline.com.br","https:\/\/www.facebook.com\/portalubirataonline","https:\/\/www.instagram.com\/ubirataonline_oficial","https:\/\/x.com\/x.com\/ubirataonline"],"honorificPrefix":"Mr.","honorificSuffix":"MD","birthDate":"1980-06-16","gender":"masculino","award":["V\u00e1rios pr\u00eamios de melhor portal da cidade"],"jobTitle":"Diretor","url":"https:\/\/ubirataonline.com.br\/en\/author\/ubirataonline\/"},{"@type":"PostalAddress","@id":"https:\/\/ubirataonline.com.br\/juiz-decreta-prisao-preventiva-de-delegada-do-pcc\/#local-main-place-address","streetAddress":"Rua dos Coqueiros, 104 - Bairro Boa Vista, Rua dos Coqueiros, 104 Bairro Boa Vista","addressLocality":"UBIRATA","postalCode":"85440-000","addressRegion":"PR","addressCountry":"BR"},{"@type":"ImageObject","inLanguage":"en-US","@id":"https:\/\/ubirataonline.com.br\/juiz-decreta-prisao-preventiva-de-delegada-do-pcc\/#local-main-organization-logo","url":"https:\/\/ubirataonline.com.br\/wp-content\/uploads\/2026\/06\/logoubirataonline-1.webp","contentUrl":"https:\/\/ubirataonline.com.br\/wp-content\/uploads\/2026\/06\/logoubirataonline-1.webp","width":500,"height":500,"caption":"Ubirat\u00e3 Online Not\u00edcias"}]},"geo.placename":"UBIRATA","geo.position":{"lat":"-24.5361401","long":"-52.9921776"},"geo.region":"Brazil"},"_links":{"self":[{"href":"https:\/\/ubirataonline.com.br\/en\/wp-json\/wp\/v2\/posts\/95241","targetHints":{"allow":["GET"]}}],"collection":[{"href":"https:\/\/ubirataonline.com.br\/en\/wp-json\/wp\/v2\/posts"}],"about":[{"href":"https:\/\/ubirataonline.com.br\/en\/wp-json\/wp\/v2\/types\/post"}],"author":[{"embeddable":true,"href":"https:\/\/ubirataonline.com.br\/en\/wp-json\/wp\/v2\/users\/1"}],"replies":[{"embeddable":true,"href":"https:\/\/ubirataonline.com.br\/en\/wp-json\/wp\/v2\/comments?post=95241"}],"version-history":[{"count":0,"href":"https:\/\/ubirataonline.com.br\/en\/wp-json\/wp\/v2\/posts\/95241\/revisions"}],"wp:featuredmedia":[{"embeddable":true,"href":"https:\/\/ubirataonline.com.br\/en\/wp-json\/wp\/v2\/media\/92994"}],"wp:attachment":[{"href":"https:\/\/ubirataonline.com.br\/en\/wp-json\/wp\/v2\/media?parent=95241"}],"wp:term":[{"taxonomy":"category","embeddable":true,"href":"https:\/\/ubirataonline.com.br\/en\/wp-json\/wp\/v2\/categories?post=95241"},{"taxonomy":"post_tag","embeddable":true,"href":"https:\/\/ubirataonline.com.br\/en\/wp-json\/wp\/v2\/tags?post=95241"}],"curies":[{"name":"wp","href":"https:\/\/api.w.org\/{rel}","templated":true}]}}