{"id":95830,"date":"2026-03-18T22:51:47","date_gmt":"2026-03-19T01:51:47","guid":{"rendered":"https:\/\/ubirataonline.com.br\/bradley-carnell-shares-the-blame-amid-unions-worst-ever-start\/"},"modified":"2026-03-18T22:51:53","modified_gmt":"2026-03-19T01:51:53","slug":"bradley-carnell-shares-the-blame-amid-unions-worst-ever-start","status":"publish","type":"post","link":"https:\/\/ubirataonline.com.br\/en\/bradley-carnell-shares-the-blame-amid-unions-worst-ever-start\/","title":{"rendered":"Bradley Carnell shares the blame amid Union&#8217;s worst-ever start"},"content":{"rendered":"<p><br \/>\n<\/p>\n<div id=\"article-body\">\n<p class=\"inq-p text-primary\">Just before the second half started Saturday in Atlanta, the broadcast showed Union players in what looked like heated conversations on the field.<\/p>\n<p class=\"inq-p text-primary\">One shot had Indiana Vassilev gesturing at Jovan Luki\u0107, with Olwethu Makhanya standing nearby looking unamused. Another shot had Danley Jean Jacques talking to Nathan Harriel in what appeared to be an equally annoyed way.<\/p>\n<p class=\"inq-p text-primary\">There are plenty of vocal players on this team, and coaches in lots of sports will tell you that talking is better than not talking. But the vibes felt bad, even though the Union were trailing Atlanta United by only 1-0 at that point.<\/p>\n<p class=\"inq-p text-primary\">Ninety seconds after play resumed, Atlanta scored a second with ease. Twenty-one minutes after that, another far-too-easy goal made it 3-0. It was <a class=\"relative z-1 text-blue-mid hover:shadow-lightmode\" data-link-type=\"article-body\" href=\"https:\/\/www.inquirer.com\/soccer\/atlanta-score-mls-table-agustin-anello-emmanuel-latte-lath-20260314.html\" target=\"_blank\" rel=\"noreferrer\" title=\"https:\/\/www.inquirer.com\/soccer\/atlanta-score-mls-table-agustin-anello-emmanuel-latte-lath-20260314.html\">3-1 at the final whistle<\/a>, thanks to a close-to-garbage-time goal from Agust\u00edn Anello.<\/p>\n<p class=\"inq-p text-primary\">There have been some bad Union teams over their 17 seasons, but none until this one started a league campaign with four straight losses.<\/p>\n<p class=\"inq-p text-primary\">Manager <a class=\"relative z-1 text-blue-mid hover:shadow-lightmode\" data-link-type=\"article-body\" href=\"https:\/\/www.inquirer.com\/topic\/bradley-carnell\">Bradley Carnell<\/a> knew it when he sat down for his postgame news conference, and did not hide from it.<\/p>\n<p class=\"inq-p type-interstitial text-primary\"><b>\u00bb READ MORE:<!-- --> <a target=\"_blank\" rel=\"noopener noreferrer\" data-link-type=\"interstitial\" href=\"https:\/\/www.inquirer.com\/soccer\/atlanta-score-mls-table-agustin-anello-emmanuel-latte-lath-20260314.html\" class=\"no-underline text-blue-mid hover:shadow-lightmode\">Union lose to Atlanta United and make team history in the process<\/a><\/b><\/p>\n<p class=\"inq-p text-primary\">\u201cWe\u2019ve got to sharpen up who we are currently, what are we trying to do and what are we trying to accomplish,\u201d he said. \u201cBecause this is a first for us, I believe, and this is not something that we are all particularly proud of. And I stand at the front and put my hand up, and make sure we\u2019re going to fight to get back on track here.\u201d<\/p>\n<p class=\"inq-p text-primary\">How bad was this game? If you\u2019ve ever heard of the old<i> Match Game<\/i> TV show, it was so bad that there were a lot of blanks.<\/p>\n<p class=\"inq-p text-primary\">Atlanta goalkeeper Lucas Hoyos did not have to make a save until the 62<sup>nd<\/sup> minute, and wasn\u2019t truly tested by a shot on target until the 81<sup>st<\/sup>. But that was the Union\u2019s 12<sup>th<\/sup> shot of the game, including six from within the 18-yard box that ended up off-target.<\/p>\n<p class=\"inq-p text-primary\">Bruno Damiani had two of them, Jean Jacques had one,  Vassilev had his latest, and Anello missed with the net open.<\/p>\n<p class=\"inq-p type-interstitial text-primary\"><b>\u00bb READ MORE:<!-- --> <a target=\"_blank\" rel=\"noopener noreferrer\" data-link-type=\"interstitial\" href=\"https:\/\/www.inquirer.com\/soccer\/concacaf-champions-cup-club-america-union-loss-mls-20260311.html\" class=\"no-underline text-blue-mid hover:shadow-lightmode\">Before this game, the Union said they are \u2018so close\u2019. What\u2019s it going to take to get over the hump?<\/a><\/b><\/p>\n<p><h3 class=\"block font-semibold mt-8 mb-4 text-5 leading-5 sm:text-8 sm:leading-8 lg:text-9 lg:leading-9\">\u2018Anxiety\u2019 among the players<\/h3>\n<\/p>\n<p class=\"inq-p text-primary\">\u201cThere\u2019s a lot of, I would say \u2014 I don\u2019t want to say anxiety, but there\u2019s a lot of that floating around, especially when things don\u2019t go your way,\u201d Carnell said. \u201cIt feels like every bounce is going to the opponent, and how do you work that back in your favor? It\u2019s by doing the basics really well, and we\u2019re letting ourselves down with the basics right now.\u201d<\/p>\n<p class=\"inq-p text-primary\">Carnell chose to not start Ezekiel Alladoh, two days after saying the team\u2019s record signing is still \u201cgetting a little bit more connected with the group.\u201d It\u2019s not a knock on Stas Korzeniowski, who has earned a shot to start, to have questions about Alladoh.<\/p>\n<p class=\"inq-p text-primary\">\u201cWe\u2019re still trying to get \u2018Eze\u2019 on-boarded with our pressing triggers and cues and everything like that and every day he\u2019s learning,\u201d Carnell said when asked Saturday. \u201cEvery day he\u2019s getting more up to speed with how we do things, and the intensity levels needed to apply our way.\u201d<\/p>\n<p class=\"inq-p text-primary\">Alladoh was a substitute in the 57<sup>th<\/sup> minute, and just two of his 16 touches came inside Atlanta\u2019s 18-yard box. Not getting the ball enough in the first place isn\u2019t just on the striker.<\/p>\n<p class=\"inq-p text-primary\"><a class=\"relative z-1 text-blue-mid hover:shadow-lightmode\" data-link-type=\"article-body\" href=\"https:\/\/www.inquirer.com\/topic\/cavan-sullivan\">Cavan Sullivan<\/a>, meanwhile, didn\u2019t play at all. Carnell said some late-game injury risks took subs away that he might have used differently, but he also said, \u201cI just didn\u2019t feel this was the right game to get Cavan in. I just didn\u2019t see that window of opportunity.\u201d <\/p>\n<p class=\"inq-p text-primary\">Here, some observers will note, that Vassilev, for all his hustle, has started all four league games so far and mustered just four shots in 315 minutes.<\/p>\n<p class=\"inq-p text-primary\">Getting the doors blown off <a class=\"relative z-1 text-blue-mid hover:shadow-lightmode\" data-link-type=\"article-body\" href=\"https:\/\/www.inquirer.com\/soccer\/union-takeaways-7-0-loss-vancouver-whitecaps-20250914.html\" target=\"_blank\" rel=\"noreferrer\" title=\"https:\/\/www.inquirer.com\/soccer\/union-takeaways-7-0-loss-vancouver-whitecaps-20250914.html\">last fall in Vancouver<\/a> was one thing. Getting the doors blown off in March in Atlanta \u2014 the one team everyone around MLS has been waiting years to see blow the Union\u2019s doors off \u2014 is another. <\/p>\n<p class=\"inq-p text-primary\">They\u2019ve had to wait awhile. This was the Union\u2019s first loss to the Five Stripes since 2023 and just <a class=\"relative z-1 text-blue-mid hover:shadow-lightmode\" data-link-type=\"article-body\" href=\"https:\/\/www.transfermarkt.com\/philadelphia-union\/bilanzdetail\/verein\/25467\/wettbewerb_id\/\/gegner_id\/51663\/saison_id\/\/heim_gast\/\/datum_von\/-\/datum_bis\/-\/day\/0\/land_id\/0\" target=\"_blank\" rel=\"noreferrer\" title=\"https:\/\/www.transfermarkt.com\/philadelphia-union\/bilanzdetail\/verein\/25467\/wettbewerb_id\/\/gegner_id\/51663\/saison_id\/\/heim_gast\/\/datum_von\/-\/datum_bis\/-\/day\/0\/land_id\/0\">their third in 16 meetings<\/a> since the start of 2019, the year the Union started their rise to MLS\u2019s elite.<\/p>\n<p class=\"inq-p type-interstitial text-primary\"><b>\u00bb READ MORE:<!-- --> <a target=\"_blank\" rel=\"noopener noreferrer\" data-link-type=\"interstitial\" href=\"https:\/\/www.inquirer.com\/soccer\/alejandro-zendejas-usmnt-world-cup-club-america-20260311.html\" class=\"no-underline text-blue-mid hover:shadow-lightmode\">Club Am\u00e9rica&#8217;s Alejandro Zendejas made Subaru Park a milestone in his race for the U.S. World Cup team<\/a><\/b><\/p>\n<p class=\"inq-p text-primary\">This came to mind when Carnell said his players gave \u201ctoo much respect at times\u201d to Atlanta\u2019s big-money attackers Emmanuel Latte Lath, Aleksey Miranchuk, and Miguel Almir\u00f3n. <\/p>\n<p class=\"inq-p text-primary\">\u201cWe\u2019ve said we\u2019re waiting for a lot of leadership on and off the field,\u201d Carnell said. \u201cWe\u2019re waiting for a lot of this, and I\u2019ve seen guys grow. But now when we get tested, now let\u2019s see: Do we want to make sure that we stand there and face whatever is confronting us, be open to it, be having a growth mindset to exploring what\u2019s wrong?\u201d<\/p>\n<p><h3 class=\"block font-semibold mt-8 mb-4 text-5 leading-5 sm:text-8 sm:leading-8 lg:text-9 lg:leading-9\">Pains from the opposite of growing<\/h3>\n<\/p>\n<p class=\"inq-p text-primary\">It may feel easy for fans to blame the casting off of familiar veterans over the winter. From here, that still isn\u2019t the root cause.<\/p>\n<p class=\"inq-p text-primary\">It\u2019s hard to imagine Jakob Glesnes rushing back on those Atlanta fast breaks, given how often he got caught on those exact plays. (The Los Angeles Galaxy\u2019s decision to give him a new contract until the summer of 2029, <a class=\"relative z-1 text-blue-mid hover:shadow-lightmode\" data-link-type=\"article-body\" href=\"https:\/\/www.mlssoccer.com\/news\/la-galaxy-sign-jakob-glesnes-to-contract-extension\" target=\"_blank\" rel=\"noreferrer\" title=\"https:\/\/www.mlssoccer.com\/news\/la-galaxy-sign-jakob-glesnes-to-contract-extension\">when he\u2019ll be 35<\/a>, raised some eyebrows.) <\/p>\n<p class=\"inq-p type-interstitial text-primary\"><b>\u00bb READ MORE:<!-- --> <a target=\"_blank\" rel=\"noopener noreferrer\" data-link-type=\"interstitial\" href=\"https:\/\/www.inquirer.com\/soccer\/mls-bans-players-betting-soccer-derrick-jones-yaw-yeboah-20260309.html\" class=\"no-underline text-blue-mid hover:shadow-lightmode\">MLS bans two players, including a Union alum, for life for gambling on their own games<\/a><\/b><\/p>\n<p class=\"inq-p text-primary\">Kai Wagner caused headaches with his perennial wanting to leave town, and that\u2019s before any questions about his behavior on the field. Philippe Ndinga has needed only a few days to show he\u2019s a quite good player.<\/p>\n<p class=\"inq-p text-primary\">Would Tai Baribo have finished the chances that Anello and Damiani have fluffed? Maybe, but his three goals for D.C. United so far haven\u2019t proved that the Union were wrong to see if he was a product of their system. One was <a class=\"relative z-1 text-blue-mid hover:shadow-lightmode\" data-link-type=\"article-body\" href=\"https:\/\/x.com\/MLS\/status\/2033010627304681550\" target=\"_blank\" rel=\"noreferrer\" title=\"https:\/\/x.com\/MLS\/status\/2033010627304681550\">a penalty kick<\/a>, one came against <a class=\"relative z-1 text-blue-mid hover:shadow-lightmode\" data-link-type=\"article-body\" href=\"https:\/\/www.inquirer.com\/soccer\/ezekiel-alladoh-philadelphia-union-dc-united-tai-barigo-20260222.html\" target=\"_blank\" rel=\"noreferrer\" title=\"https:\/\/www.inquirer.com\/soccer\/ezekiel-alladoh-philadelphia-union-dc-united-tai-barigo-20260222.html\">his old team<\/a>, and the other was a doorstep finish of a rebound with D.C. down 2-0 to Lionel Messi\u2019s Inter Miami.<\/p>\n<p class=\"inq-p text-primary\">In fact, the biggest loss might be Mikael Uhre \u2014 who would have been dismissed at the end of 2024 had his contract option for 2025 not been triggered automatically. His runs off the ball pulled opposing defenses apart, and created the space for Damiani, Baribo, and Juli\u00e1n Carranza before them to have easier scoring chances.<\/p>\n<p class=\"inq-p text-primary\">Those runs aren\u2019t coming in the same way now.<\/p>\n<p class=\"inq-p text-primary\">In the big picture, the Union had to get younger, and they waited a long time to do it. The longer they waited, the more it was going to hurt when the time came. <\/p>\n<p class=\"inq-p type-interstitial text-primary\"><b>\u00bb READ MORE:<!-- --> <a target=\"_blank\" rel=\"noopener noreferrer\" data-link-type=\"interstitial\" href=\"https:\/\/www.inquirer.com\/soccer\/san-jose-earthquakes-loss-scoring-problems-lineup-changes-20260308.html\" class=\"no-underline text-blue-mid hover:shadow-lightmode\">The Union\u2019s losing streak can be traced to few scoring opportunities, and many lineup shuffles<\/a><\/b><\/p>\n<p class=\"inq-p text-primary\">It\u2019s hard to see right now where the bottom will be, or when this team will reach it. But the first step is admitting there\u2019s a problem, and Carnell has done that.<\/p>\n<p class=\"inq-p text-primary\">\u201cThis is the time when we now get challenged,\u201d he said, \u201cbecause now we separate the men from the boys.\u201d<\/p>\n<\/div>\n<p><br \/>\n<br \/><a href=\"https:\/\/www.inquirer.com\/soccer\/philadelphia-union-bradley-carnell-atlanta-united-20260315.html\">Source link <\/a><\/p>","protected":false},"excerpt":{"rendered":"<p>Just before the second half started Saturday in Atlanta, the broadcast showed Union players in what looked like heated conversations on the field. One shot had Indiana Vassilev gesturing at Jovan Luki\u0107, with Olwethu Makhanya standing nearby looking unamused. Another shot had Danley Jean Jacques talking to Nathan Harriel in what appeared to be an [&hellip;]<\/p>\n","protected":false},"author":1,"featured_media":95831,"comment_status":"closed","ping_status":"","sticky":false,"template":"","format":"standard","meta":{"googlesitekit_rrm_CAow2JLhCw:productID":"","_gspb_post_css":"","maa_idioma":"","maa_pais":"","footnotes":""},"categories":[2725],"tags":[17224,9163,23227,6429,4220,23228,23229],"class_list":["post-95830","post","type-post","status-publish","format-standard","has-post-thumbnail","hentry","category-europe","tag-blame","tag-bradley","tag-carnell","tag-shares","tag-start","tag-unions","tag-worstever"],"blocksy_meta":[],"yoast_head":"<!-- This site is optimized with the Yoast SEO Premium plugin v27.6 (Yoast SEO v27.6) - https:\/\/yoast.com\/product\/yoast-seo-premium-wordpress\/ -->\n<title>Bradley Carnell shares the blame amid Union&#039;s worst-ever start - Ubirat\u00e3 Online Not\u00edcias - A realidade ao seu alcance!<\/title>\n<meta name=\"description\" content=\"Just before the second half started Saturday in Atlanta, the broadcast showed Union players in what looked like heated conversations on the field.One shot\" \/>\n<meta name=\"robots\" content=\"index, follow, max-snippet:-1, max-image-preview:large, max-video-preview:-1\" \/>\n<link rel=\"canonical\" href=\"https:\/\/ubirataonline.com.br\/en\/bradley-carnell-shares-the-blame-amid-unions-worst-ever-start\/\" \/>\n<meta property=\"og:locale\" content=\"en_US\" \/>\n<meta property=\"og:type\" content=\"article\" \/>\n<meta property=\"og:title\" content=\"Bradley Carnell shares the blame amid Union&#039;s worst-ever start\" \/>\n<meta property=\"og:description\" content=\"Just before the second half started Saturday in Atlanta, the broadcast showed Union players in what looked like heated conversations on the field.One shot\" \/>\n<meta property=\"og:url\" content=\"https:\/\/ubirataonline.com.br\/en\/bradley-carnell-shares-the-blame-amid-unions-worst-ever-start\/\" \/>\n<meta property=\"og:site_name\" content=\"Ubirat\u00e3 Online Not\u00edcias - A realidade ao seu alcance!\" \/>\n<meta property=\"article:publisher\" content=\"https:\/\/www.facebook.com\/portalubirataonline\" \/>\n<meta property=\"article:author\" content=\"https:\/\/www.facebook.com\/portalubirataonline\" \/>\n<meta property=\"article:published_time\" content=\"2026-03-19T01:51:47+00:00\" \/>\n<meta property=\"article:modified_time\" content=\"2026-03-19T01:51:53+00:00\" \/>\n<meta property=\"og:image\" content=\"https:\/\/ubirataonline.com.br\/wp-content\/uploads\/2026\/03\/Bradley-Carnell-shares-the-blame-amid-Unions-worst-ever-start.jpg\" \/>\n\t<meta property=\"og:image:width\" content=\"760\" \/>\n\t<meta property=\"og:image:height\" content=\"507\" \/>\n\t<meta property=\"og:image:type\" content=\"image\/jpeg\" \/>\n<meta name=\"author\" content=\"REDA\u00c7\u00c3O: UBIRAT\u00c3 ONLINE - F\u00c1BIO AUGUSTO CELESTINO\" \/>\n<meta name=\"twitter:card\" content=\"summary_large_image\" \/>\n<meta name=\"twitter:creator\" content=\"@x.com\/ubirataonline\" \/>\n<meta name=\"twitter:site\" content=\"@ubirataonline\" \/>\n<meta name=\"twitter:label1\" content=\"Written by\" \/>\n\t<meta name=\"twitter:data1\" content=\"REDA\u00c7\u00c3O: UBIRAT\u00c3 ONLINE - F\u00c1BIO AUGUSTO CELESTINO\" \/>\n\t<meta name=\"twitter:label2\" content=\"Est. reading time\" \/>\n\t<meta name=\"twitter:data2\" content=\"6 minutes\" \/>\n<script type=\"application\/ld+json\" class=\"yoast-schema-graph\">{\"@context\":\"https:\\\/\\\/schema.org\",\"@graph\":[{\"@type\":\"NewsArticle\",\"@id\":\"https:\\\/\\\/ubirataonline.com.br\\\/bradley-carnell-shares-the-blame-amid-unions-worst-ever-start\\\/#article\",\"isPartOf\":{\"@id\":\"https:\\\/\\\/ubirataonline.com.br\\\/bradley-carnell-shares-the-blame-amid-unions-worst-ever-start\\\/\"},\"author\":{\"name\":\"REDA\u00c7\u00c3O: UBIRAT\u00c3 ONLINE - F\u00c1BIO AUGUSTO CELESTINO\",\"@id\":\"https:\\\/\\\/ubirataonline.com.br\\\/#\\\/schema\\\/person\\\/372f87bbd3fdd79b8556b84c98d0bc1c\"},\"headline\":\"Bradley Carnell shares the blame amid Union&#8217;s worst-ever start\",\"datePublished\":\"2026-03-19T01:51:47+00:00\",\"dateModified\":\"2026-03-19T01:51:53+00:00\",\"mainEntityOfPage\":{\"@id\":\"https:\\\/\\\/ubirataonline.com.br\\\/bradley-carnell-shares-the-blame-amid-unions-worst-ever-start\\\/\"},\"wordCount\":1274,\"publisher\":{\"@id\":\"https:\\\/\\\/ubirataonline.com.br\\\/#organization\"},\"image\":{\"@id\":\"https:\\\/\\\/ubirataonline.com.br\\\/bradley-carnell-shares-the-blame-amid-unions-worst-ever-start\\\/#primaryimage\"},\"thumbnailUrl\":\"https:\\\/\\\/ubirataonline.com.br\\\/wp-content\\\/uploads\\\/2026\\\/03\\\/Bradley-Carnell-shares-the-blame-amid-Unions-worst-ever-start.jpg\",\"keywords\":[\"blame\",\"Bradley\",\"Carnell\",\"shares\",\"Start\",\"Unions\",\"worstever\"],\"articleSection\":[\"Europe\"],\"inLanguage\":\"en-US\",\"copyrightYear\":\"2026\",\"copyrightHolder\":{\"@id\":\"https:\\\/\\\/ubirataonline.com.br\\\/en\\\/#organization\"}},{\"@type\":\"WebPage\",\"@id\":\"https:\\\/\\\/ubirataonline.com.br\\\/bradley-carnell-shares-the-blame-amid-unions-worst-ever-start\\\/\",\"url\":\"https:\\\/\\\/ubirataonline.com.br\\\/bradley-carnell-shares-the-blame-amid-unions-worst-ever-start\\\/\",\"name\":\"Bradley Carnell shares the blame amid Union's worst-ever start - Ubirat\u00e3 Online Not\u00edcias - A realidade ao seu alcance!\",\"isPartOf\":{\"@id\":\"https:\\\/\\\/ubirataonline.com.br\\\/#website\"},\"primaryImageOfPage\":{\"@id\":\"https:\\\/\\\/ubirataonline.com.br\\\/bradley-carnell-shares-the-blame-amid-unions-worst-ever-start\\\/#primaryimage\"},\"image\":{\"@id\":\"https:\\\/\\\/ubirataonline.com.br\\\/bradley-carnell-shares-the-blame-amid-unions-worst-ever-start\\\/#primaryimage\"},\"thumbnailUrl\":\"https:\\\/\\\/ubirataonline.com.br\\\/wp-content\\\/uploads\\\/2026\\\/03\\\/Bradley-Carnell-shares-the-blame-amid-Unions-worst-ever-start.jpg\",\"datePublished\":\"2026-03-19T01:51:47+00:00\",\"dateModified\":\"2026-03-19T01:51:53+00:00\",\"description\":\"Just before the second half started Saturday in Atlanta, the broadcast showed Union players in what looked like heated conversations on the field.One shot\",\"breadcrumb\":{\"@id\":\"https:\\\/\\\/ubirataonline.com.br\\\/bradley-carnell-shares-the-blame-amid-unions-worst-ever-start\\\/#breadcrumb\"},\"inLanguage\":\"en-US\",\"potentialAction\":[{\"@type\":\"ReadAction\",\"target\":[\"https:\\\/\\\/ubirataonline.com.br\\\/bradley-carnell-shares-the-blame-amid-unions-worst-ever-start\\\/\"]}]},{\"@type\":\"ImageObject\",\"inLanguage\":\"en-US\",\"@id\":\"https:\\\/\\\/ubirataonline.com.br\\\/bradley-carnell-shares-the-blame-amid-unions-worst-ever-start\\\/#primaryimage\",\"url\":\"https:\\\/\\\/ubirataonline.com.br\\\/wp-content\\\/uploads\\\/2026\\\/03\\\/Bradley-Carnell-shares-the-blame-amid-Unions-worst-ever-start.jpg\",\"contentUrl\":\"https:\\\/\\\/ubirataonline.com.br\\\/wp-content\\\/uploads\\\/2026\\\/03\\\/Bradley-Carnell-shares-the-blame-amid-Unions-worst-ever-start.jpg\",\"width\":760,\"height\":507,\"caption\":\"Alexey Miranchuk scoring Atlanta United&#x27;s third goal of Saturday&#x27;s rout of the Union.Read moreMitch Martin \\\/ Atlanta United\"},{\"@type\":\"BreadcrumbList\",\"@id\":\"https:\\\/\\\/ubirataonline.com.br\\\/bradley-carnell-shares-the-blame-amid-unions-worst-ever-start\\\/#breadcrumb\",\"itemListElement\":[{\"@type\":\"ListItem\",\"position\":1,\"name\":\"In\u00edcio\",\"item\":\"https:\\\/\\\/ubirataonline.com.br\\\/\"},{\"@type\":\"ListItem\",\"position\":2,\"name\":\"Bradley Carnell shares the blame amid Union&#8217;s worst-ever start\"}]},{\"@type\":\"WebSite\",\"@id\":\"https:\\\/\\\/ubirataonline.com.br\\\/#website\",\"url\":\"https:\\\/\\\/ubirataonline.com.br\\\/\",\"name\":\"Ubirat\u00e3 Online Not\u00edcias\",\"description\":\"Not\u00edcias de Ubirat\u00e3, regi\u00e3o, Brasil e mundo, com informa\u00e7\u00e3o atualizada e compromisso com o leitor.\",\"publisher\":{\"@id\":\"https:\\\/\\\/ubirataonline.com.br\\\/#organization\"},\"alternateName\":\"Ubirat\u00e3 Online\",\"potentialAction\":[{\"@type\":\"SearchAction\",\"target\":{\"@type\":\"EntryPoint\",\"urlTemplate\":\"https:\\\/\\\/ubirataonline.com.br\\\/?s={search_term_string}\"},\"query-input\":{\"@type\":\"PropertyValueSpecification\",\"valueRequired\":true,\"valueName\":\"search_term_string\"}}],\"inLanguage\":\"en-US\"},{\"@type\":[\"Organization\",\"Place\"],\"@id\":\"https:\\\/\\\/ubirataonline.com.br\\\/#organization\",\"name\":\"Ubirat\u00e3 Online Not\u00edcias\",\"alternateName\":\"Ubirat\u00e3 Online\",\"url\":\"https:\\\/\\\/ubirataonline.com.br\\\/\",\"logo\":{\"@id\":\"https:\\\/\\\/ubirataonline.com.br\\\/bradley-carnell-shares-the-blame-amid-unions-worst-ever-start\\\/#local-main-organization-logo\"},\"image\":{\"@id\":\"https:\\\/\\\/ubirataonline.com.br\\\/bradley-carnell-shares-the-blame-amid-unions-worst-ever-start\\\/#local-main-organization-logo\"},\"sameAs\":[\"https:\\\/\\\/www.facebook.com\\\/portalubirataonline\",\"https:\\\/\\\/x.com\\\/ubirataonline\",\"https:\\\/\\\/mastodon.social\\\/@ubirataonline\",\"https:\\\/\\\/www.facebook.com\\\/groups\\\/311144672285604\",\"https:\\\/\\\/www.facebook.com\\\/UBTAOnline\",\"https:\\\/\\\/www.instagram.com\\\/portalubirataonline\\\/\",\"https:\\\/\\\/twitter.com\\\/ubirataonline\"],\"description\":\"Somos um portal de not\u00edcias independente, criado em 5 de janeiro de 2009, com o objetivo de informar, conectar e valorizar a nossa comunidade de Ubirat\u00e3 e toda aregi\u00e3o. Com conte\u00fado atualizado, confi\u00e1vel e relevante, o Ubirat\u00e3 Online \u00e9 o seu espa\u00e7o para ficar por dentro dos principais acontecimentos locais, regionais, Brasil, Mundo e de interesse geral. Nosso compromisso \u00e9 com a verdade, a transpar\u00eancia e o respeito ao leitor.\",\"legalName\":\"UBIRATA ONLINE NOT\u00cdCIAS\",\"foundingDate\":\"2009-01-05\",\"numberOfEmployees\":{\"@type\":\"QuantitativeValue\",\"minValue\":\"1\",\"maxValue\":\"10\"},\"publishingPrinciples\":\"https:\\\/\\\/ubirataonline.com.br\\\/faq\\\/\",\"address\":{\"@id\":\"https:\\\/\\\/ubirataonline.com.br\\\/bradley-carnell-shares-the-blame-amid-unions-worst-ever-start\\\/#local-main-place-address\"},\"geo\":{\"@type\":\"GeoCoordinates\",\"latitude\":\"-24.5361401\",\"longitude\":\"-52.9921776\"},\"telephone\":[\"+5544998308235\"],\"contactPoint\":{\"@type\":\"ContactPoint\",\"email\":\"contato@ubirataonline.com.br\"},\"openingHoursSpecification\":{\"@type\":\"OpeningHoursSpecification\",\"dayOfWeek\":[\"Monday\",\"Tuesday\",\"Wednesday\",\"Thursday\",\"Friday\",\"Saturday\",\"Sunday\"],\"opens\":\"00:00\",\"closes\":\"23:59\"},\"email\":\"contato@ubirataonline.com.br\",\"vatID\":\"47.621.418\\\/0001-80\"},{\"@type\":\"Person\",\"@id\":\"https:\\\/\\\/ubirataonline.com.br\\\/#\\\/schema\\\/person\\\/372f87bbd3fdd79b8556b84c98d0bc1c\",\"name\":\"REDA\u00c7\u00c3O: UBIRAT\u00c3 ONLINE - F\u00c1BIO AUGUSTO CELESTINO\",\"pronouns\":\"Ele\",\"description\":\"Desde 2003 trabalhando com not\u00edcias.\",\"sameAs\":[\"http:\\\/\\\/ubirataoline.com.br\",\"https:\\\/\\\/www.facebook.com\\\/portalubirataonline\",\"https:\\\/\\\/www.instagram.com\\\/ubirataonline_oficial\",\"https:\\\/\\\/x.com\\\/x.com\\\/ubirataonline\"],\"honorificPrefix\":\"Mr.\",\"honorificSuffix\":\"MD\",\"birthDate\":\"1980-06-16\",\"gender\":\"masculino\",\"award\":[\"V\u00e1rios pr\u00eamios de melhor portal da cidade\"],\"jobTitle\":\"Diretor\",\"url\":\"https:\\\/\\\/ubirataonline.com.br\\\/en\\\/author\\\/ubirataonline\\\/\"},{\"@type\":\"PostalAddress\",\"@id\":\"https:\\\/\\\/ubirataonline.com.br\\\/bradley-carnell-shares-the-blame-amid-unions-worst-ever-start\\\/#local-main-place-address\",\"streetAddress\":\"Rua dos Coqueiros, 104 - Bairro Boa Vista, Rua dos Coqueiros, 104 Bairro Boa Vista\",\"addressLocality\":\"UBIRATA\",\"postalCode\":\"85440-000\",\"addressRegion\":\"PR\",\"addressCountry\":\"BR\"},{\"@type\":\"ImageObject\",\"inLanguage\":\"en-US\",\"@id\":\"https:\\\/\\\/ubirataonline.com.br\\\/bradley-carnell-shares-the-blame-amid-unions-worst-ever-start\\\/#local-main-organization-logo\",\"url\":\"https:\\\/\\\/ubirataonline.com.br\\\/wp-content\\\/uploads\\\/2026\\\/06\\\/logoubirataonline-1.webp\",\"contentUrl\":\"https:\\\/\\\/ubirataonline.com.br\\\/wp-content\\\/uploads\\\/2026\\\/06\\\/logoubirataonline-1.webp\",\"width\":500,\"height\":500,\"caption\":\"Ubirat\u00e3 Online Not\u00edcias\"}]}<\/script>\n<meta name=\"geo.placename\" content=\"UBIRATA\" \/>\n<meta name=\"geo.position\" content=\"-24.5361401;-52.9921776\" \/>\n<meta name=\"geo.region\" content=\"Brazil\" \/>\n<!-- \/ Yoast SEO Premium plugin. -->","yoast_head_json":{"title":"Bradley Carnell shares the blame amid Union's worst-ever start - Ubirat\u00e3 Online Not\u00edcias - A realidade ao seu alcance!","description":"Just before the second half started Saturday in Atlanta, the broadcast showed Union players in what looked like heated conversations on the field.One shot","robots":{"index":"index","follow":"follow","max-snippet":"max-snippet:-1","max-image-preview":"max-image-preview:large","max-video-preview":"max-video-preview:-1"},"canonical":"https:\/\/ubirataonline.com.br\/en\/bradley-carnell-shares-the-blame-amid-unions-worst-ever-start\/","og_locale":"en_US","og_type":"article","og_title":"Bradley Carnell shares the blame amid Union's worst-ever start","og_description":"Just before the second half started Saturday in Atlanta, the broadcast showed Union players in what looked like heated conversations on the field.One shot","og_url":"https:\/\/ubirataonline.com.br\/en\/bradley-carnell-shares-the-blame-amid-unions-worst-ever-start\/","og_site_name":"Ubirat\u00e3 Online Not\u00edcias - A realidade ao seu alcance!","article_publisher":"https:\/\/www.facebook.com\/portalubirataonline","article_author":"https:\/\/www.facebook.com\/portalubirataonline","article_published_time":"2026-03-19T01:51:47+00:00","article_modified_time":"2026-03-19T01:51:53+00:00","og_image":[{"width":760,"height":507,"url":"https:\/\/ubirataonline.com.br\/wp-content\/uploads\/2026\/03\/Bradley-Carnell-shares-the-blame-amid-Unions-worst-ever-start.jpg","type":"image\/jpeg"}],"author":"REDA\u00c7\u00c3O: UBIRAT\u00c3 ONLINE - F\u00c1BIO AUGUSTO CELESTINO","twitter_card":"summary_large_image","twitter_creator":"@x.com\/ubirataonline","twitter_site":"@ubirataonline","twitter_misc":{"Written by":"REDA\u00c7\u00c3O: UBIRAT\u00c3 ONLINE - F\u00c1BIO AUGUSTO CELESTINO","Est. reading time":"6 minutes"},"schema":{"@context":"https:\/\/schema.org","@graph":[{"@type":"NewsArticle","@id":"https:\/\/ubirataonline.com.br\/bradley-carnell-shares-the-blame-amid-unions-worst-ever-start\/#article","isPartOf":{"@id":"https:\/\/ubirataonline.com.br\/bradley-carnell-shares-the-blame-amid-unions-worst-ever-start\/"},"author":{"name":"REDA\u00c7\u00c3O: UBIRAT\u00c3 ONLINE - F\u00c1BIO AUGUSTO CELESTINO","@id":"https:\/\/ubirataonline.com.br\/#\/schema\/person\/372f87bbd3fdd79b8556b84c98d0bc1c"},"headline":"Bradley Carnell shares the blame amid Union&#8217;s worst-ever start","datePublished":"2026-03-19T01:51:47+00:00","dateModified":"2026-03-19T01:51:53+00:00","mainEntityOfPage":{"@id":"https:\/\/ubirataonline.com.br\/bradley-carnell-shares-the-blame-amid-unions-worst-ever-start\/"},"wordCount":1274,"publisher":{"@id":"https:\/\/ubirataonline.com.br\/#organization"},"image":{"@id":"https:\/\/ubirataonline.com.br\/bradley-carnell-shares-the-blame-amid-unions-worst-ever-start\/#primaryimage"},"thumbnailUrl":"https:\/\/ubirataonline.com.br\/wp-content\/uploads\/2026\/03\/Bradley-Carnell-shares-the-blame-amid-Unions-worst-ever-start.jpg","keywords":["blame","Bradley","Carnell","shares","Start","Unions","worstever"],"articleSection":["Europe"],"inLanguage":"en-US","copyrightYear":"2026","copyrightHolder":{"@id":"https:\/\/ubirataonline.com.br\/en\/#organization"}},{"@type":"WebPage","@id":"https:\/\/ubirataonline.com.br\/bradley-carnell-shares-the-blame-amid-unions-worst-ever-start\/","url":"https:\/\/ubirataonline.com.br\/bradley-carnell-shares-the-blame-amid-unions-worst-ever-start\/","name":"Bradley Carnell shares the blame amid Union's worst-ever start - Ubirat\u00e3 Online Not\u00edcias - A realidade ao seu alcance!","isPartOf":{"@id":"https:\/\/ubirataonline.com.br\/#website"},"primaryImageOfPage":{"@id":"https:\/\/ubirataonline.com.br\/bradley-carnell-shares-the-blame-amid-unions-worst-ever-start\/#primaryimage"},"image":{"@id":"https:\/\/ubirataonline.com.br\/bradley-carnell-shares-the-blame-amid-unions-worst-ever-start\/#primaryimage"},"thumbnailUrl":"https:\/\/ubirataonline.com.br\/wp-content\/uploads\/2026\/03\/Bradley-Carnell-shares-the-blame-amid-Unions-worst-ever-start.jpg","datePublished":"2026-03-19T01:51:47+00:00","dateModified":"2026-03-19T01:51:53+00:00","description":"Just before the second half started Saturday in Atlanta, the broadcast showed Union players in what looked like heated conversations on the field.One shot","breadcrumb":{"@id":"https:\/\/ubirataonline.com.br\/bradley-carnell-shares-the-blame-amid-unions-worst-ever-start\/#breadcrumb"},"inLanguage":"en-US","potentialAction":[{"@type":"ReadAction","target":["https:\/\/ubirataonline.com.br\/bradley-carnell-shares-the-blame-amid-unions-worst-ever-start\/"]}]},{"@type":"ImageObject","inLanguage":"en-US","@id":"https:\/\/ubirataonline.com.br\/bradley-carnell-shares-the-blame-amid-unions-worst-ever-start\/#primaryimage","url":"https:\/\/ubirataonline.com.br\/wp-content\/uploads\/2026\/03\/Bradley-Carnell-shares-the-blame-amid-Unions-worst-ever-start.jpg","contentUrl":"https:\/\/ubirataonline.com.br\/wp-content\/uploads\/2026\/03\/Bradley-Carnell-shares-the-blame-amid-Unions-worst-ever-start.jpg","width":760,"height":507,"caption":"Alexey Miranchuk scoring Atlanta United&#x27;s third goal of Saturday&#x27;s rout of the Union.Read moreMitch Martin \/ Atlanta United"},{"@type":"BreadcrumbList","@id":"https:\/\/ubirataonline.com.br\/bradley-carnell-shares-the-blame-amid-unions-worst-ever-start\/#breadcrumb","itemListElement":[{"@type":"ListItem","position":1,"name":"In\u00edcio","item":"https:\/\/ubirataonline.com.br\/"},{"@type":"ListItem","position":2,"name":"Bradley Carnell shares the blame amid Union&#8217;s worst-ever start"}]},{"@type":"WebSite","@id":"https:\/\/ubirataonline.com.br\/#website","url":"https:\/\/ubirataonline.com.br\/","name":"Ubirat\u00e3 Online Not\u00edcias","description":"Not\u00edcias de Ubirat\u00e3, regi\u00e3o, Brasil e mundo, com informa\u00e7\u00e3o atualizada e compromisso com o leitor.","publisher":{"@id":"https:\/\/ubirataonline.com.br\/#organization"},"alternateName":"Ubirat\u00e3 Online","potentialAction":[{"@type":"SearchAction","target":{"@type":"EntryPoint","urlTemplate":"https:\/\/ubirataonline.com.br\/?s={search_term_string}"},"query-input":{"@type":"PropertyValueSpecification","valueRequired":true,"valueName":"search_term_string"}}],"inLanguage":"en-US"},{"@type":["Organization","Place"],"@id":"https:\/\/ubirataonline.com.br\/#organization","name":"Ubirat\u00e3 Online Not\u00edcias","alternateName":"Ubirat\u00e3 Online","url":"https:\/\/ubirataonline.com.br\/","logo":{"@id":"https:\/\/ubirataonline.com.br\/bradley-carnell-shares-the-blame-amid-unions-worst-ever-start\/#local-main-organization-logo"},"image":{"@id":"https:\/\/ubirataonline.com.br\/bradley-carnell-shares-the-blame-amid-unions-worst-ever-start\/#local-main-organization-logo"},"sameAs":["https:\/\/www.facebook.com\/portalubirataonline","https:\/\/x.com\/ubirataonline","https:\/\/mastodon.social\/@ubirataonline","https:\/\/www.facebook.com\/groups\/311144672285604","https:\/\/www.facebook.com\/UBTAOnline","https:\/\/www.instagram.com\/portalubirataonline\/","https:\/\/twitter.com\/ubirataonline"],"description":"Somos um portal de not\u00edcias independente, criado em 5 de janeiro de 2009, com o objetivo de informar, conectar e valorizar a nossa comunidade de Ubirat\u00e3 e toda aregi\u00e3o. Com conte\u00fado atualizado, confi\u00e1vel e relevante, o Ubirat\u00e3 Online \u00e9 o seu espa\u00e7o para ficar por dentro dos principais acontecimentos locais, regionais, Brasil, Mundo e de interesse geral. Nosso compromisso \u00e9 com a verdade, a transpar\u00eancia e o respeito ao leitor.","legalName":"UBIRATA ONLINE NOT\u00cdCIAS","foundingDate":"2009-01-05","numberOfEmployees":{"@type":"QuantitativeValue","minValue":"1","maxValue":"10"},"publishingPrinciples":"https:\/\/ubirataonline.com.br\/faq\/","address":{"@id":"https:\/\/ubirataonline.com.br\/bradley-carnell-shares-the-blame-amid-unions-worst-ever-start\/#local-main-place-address"},"geo":{"@type":"GeoCoordinates","latitude":"-24.5361401","longitude":"-52.9921776"},"telephone":["+5544998308235"],"contactPoint":{"@type":"ContactPoint","email":"contato@ubirataonline.com.br"},"openingHoursSpecification":{"@type":"OpeningHoursSpecification","dayOfWeek":["Monday","Tuesday","Wednesday","Thursday","Friday","Saturday","Sunday"],"opens":"00:00","closes":"23:59"},"email":"contato@ubirataonline.com.br","vatID":"47.621.418\/0001-80"},{"@type":"Person","@id":"https:\/\/ubirataonline.com.br\/#\/schema\/person\/372f87bbd3fdd79b8556b84c98d0bc1c","name":"REDA\u00c7\u00c3O: UBIRAT\u00c3 ONLINE - F\u00c1BIO AUGUSTO CELESTINO","pronouns":"Ele","description":"Desde 2003 trabalhando com not\u00edcias.","sameAs":["http:\/\/ubirataoline.com.br","https:\/\/www.facebook.com\/portalubirataonline","https:\/\/www.instagram.com\/ubirataonline_oficial","https:\/\/x.com\/x.com\/ubirataonline"],"honorificPrefix":"Mr.","honorificSuffix":"MD","birthDate":"1980-06-16","gender":"masculino","award":["V\u00e1rios pr\u00eamios de melhor portal da cidade"],"jobTitle":"Diretor","url":"https:\/\/ubirataonline.com.br\/en\/author\/ubirataonline\/"},{"@type":"PostalAddress","@id":"https:\/\/ubirataonline.com.br\/bradley-carnell-shares-the-blame-amid-unions-worst-ever-start\/#local-main-place-address","streetAddress":"Rua dos Coqueiros, 104 - Bairro Boa Vista, Rua dos Coqueiros, 104 Bairro Boa Vista","addressLocality":"UBIRATA","postalCode":"85440-000","addressRegion":"PR","addressCountry":"BR"},{"@type":"ImageObject","inLanguage":"en-US","@id":"https:\/\/ubirataonline.com.br\/bradley-carnell-shares-the-blame-amid-unions-worst-ever-start\/#local-main-organization-logo","url":"https:\/\/ubirataonline.com.br\/wp-content\/uploads\/2026\/06\/logoubirataonline-1.webp","contentUrl":"https:\/\/ubirataonline.com.br\/wp-content\/uploads\/2026\/06\/logoubirataonline-1.webp","width":500,"height":500,"caption":"Ubirat\u00e3 Online Not\u00edcias"}]},"geo.placename":"UBIRATA","geo.position":{"lat":"-24.5361401","long":"-52.9921776"},"geo.region":"Brazil"},"_links":{"self":[{"href":"https:\/\/ubirataonline.com.br\/en\/wp-json\/wp\/v2\/posts\/95830","targetHints":{"allow":["GET"]}}],"collection":[{"href":"https:\/\/ubirataonline.com.br\/en\/wp-json\/wp\/v2\/posts"}],"about":[{"href":"https:\/\/ubirataonline.com.br\/en\/wp-json\/wp\/v2\/types\/post"}],"author":[{"embeddable":true,"href":"https:\/\/ubirataonline.com.br\/en\/wp-json\/wp\/v2\/users\/1"}],"replies":[{"embeddable":true,"href":"https:\/\/ubirataonline.com.br\/en\/wp-json\/wp\/v2\/comments?post=95830"}],"version-history":[{"count":0,"href":"https:\/\/ubirataonline.com.br\/en\/wp-json\/wp\/v2\/posts\/95830\/revisions"}],"wp:featuredmedia":[{"embeddable":true,"href":"https:\/\/ubirataonline.com.br\/en\/wp-json\/wp\/v2\/media\/95831"}],"wp:attachment":[{"href":"https:\/\/ubirataonline.com.br\/en\/wp-json\/wp\/v2\/media?parent=95830"}],"wp:term":[{"taxonomy":"category","embeddable":true,"href":"https:\/\/ubirataonline.com.br\/en\/wp-json\/wp\/v2\/categories?post=95830"},{"taxonomy":"post_tag","embeddable":true,"href":"https:\/\/ubirataonline.com.br\/en\/wp-json\/wp\/v2\/tags?post=95830"}],"curies":[{"name":"wp","href":"https:\/\/api.w.org\/{rel}","templated":true}]}}