{"id":95850,"date":"2026-03-19T00:32:50","date_gmt":"2026-03-19T03:32:50","guid":{"rendered":"https:\/\/ubirataonline.com.br\/curitiba-anuncia-show-surpresa-para-aniversario-de-333-anos\/"},"modified":"2026-03-19T00:32:53","modified_gmt":"2026-03-19T03:32:53","slug":"curitiba-anuncia-show-surpresa-para-aniversario-de-333-anos","status":"publish","type":"post","link":"https:\/\/ubirataonline.com.br\/en\/curitiba-anuncia-show-surpresa-para-aniversario-de-333-anos\/","title":{"rendered":"Curitiba anuncia show surpresa para anivers\u00e1rio de 333 anos"},"content":{"rendered":"<p><\/p>\n<div id=\"post-content\">\n<p>Curitiba ter\u00e1 um show surpresa para celebrar o anivers\u00e1rio de 333 anos. A apresenta\u00e7\u00e3o ser\u00e1 realizada no dia 29 de mar\u00e7o, na Boca Maldita, no Centro da capital paranaense. <\/p>\n<p>A Prefeitura de Curitiba decidiu manter o suspense e fez um an\u00fancio enigm\u00e1tico nas redes sociais nesta quarta-feira (18\/03), deixando os curitibanos curiosos: quem ser\u00e1 a atra\u00e7\u00e3o que vai agitar a festa de anivers\u00e1rio da cidade?<\/p>\n<p>Nos coment\u00e1rios da publica\u00e7\u00e3o, a criatividade corre solta. Tem gente apostando no romantismo de Gustavo Mioto, outros sonham com as batidas eletr\u00f4nicas de Alok, e h\u00e1 at\u00e9 quem tor\u00e7a para ver Sidney Magal na Boca Maldita.<\/p>\n<blockquote class=\"instagram-media\" data-instgrm-captioned=\"\" data-instgrm-permalink=\"https:\/\/www.instagram.com\/p\/DWCrDYFEldj\/?utm_source=ig_embed&amp;utm_campaign=loading\" data-instgrm-version=\"14\" style=\"background:#FFF; border:0; border-radius:3px; box-shadow:0 0 1px 0 rgba(0,0,0,0.5),0 1px 10px 0 rgba(0,0,0,0.15); margin: 1px; max-width:540px; min-width:326px; padding:0; width:99.375%; width:-webkit-calc(100% - 2px); width:calc(100% - 2px);\"\/>\n<h2 class=\"wp-block-heading\" id=\"h-jovem-dionisio-faz-show-gratuito-em-curitiba\">Jovem Dion\u00edsio faz show gratuito em Curitiba<\/h2>\n<p>Nesta sexta-feira (20\/03), o Cal\u00e7ad\u00e3o da Rua XV de Novembro ser\u00e1 palco de um show gratuito da <a href=\"https:\/\/www.tribunapr.com.br\/viva\/aniversario-de-curitiba-tera-festa-no-centro-com-shows-e-banda\/\" target=\"_blank\" rel=\"noreferrer noopener\">banda Jovem Dionisio<\/a>, que promete agitar os curitibanos com pop rock.<\/p>\n<p>A partir das 18h, DJs convidados esquentam os \u00e2nimos com discotecagens, preparando o terreno para o prato principal da noite. \u00c0s 20h, o quinteto curitibano sobe ao \u00f4nibus-palco instalado em frente ao ic\u00f4nico Pal\u00e1cio Avenida para apresentar, em primeira m\u00e3o, seu terceiro \u00e1lbum, \u201cMigalhas\u201d.<\/p>\n<section class=\"virals\">\n<article class=\"cardnews cardnews--post cardnews--has-thumbnail cardnews--editorial-noticias\"> <a href=\"https:\/\/www.tribunapr.com.br\/noticias\/parana\/golpe-do-ipva-engana-profissional-da-tecnologia-no-parana-como-evitar-a-fraude\/?utm_source=noticias-virais-rodape&amp;utm_medium=internal-tribuna&amp;utm_campaign=tribuna\" class=\"cardnews__postlink\"> <\/p>\n<div class=\"cardnews__image\" is-api-thumb=\"\"><\/div>\n<div class=\"cardnews__content cardhome__content\">\n<div class=\"cardnews__content-wrapper\">\n<p> <span style=\"\"> Fique atento! <\/span> <\/p>\n<p>At\u00e9 especialistas ca\u00edram: o detalhe no boleto do IPVA que rouba seu dinheiro<\/p>\n<\/p><\/div>\n<\/p><\/div>\n<p> <\/a> <\/article>\n<article class=\"cardnews cardnews--post cardnews--has-thumbnail cardnews--editorial-noticias\"> <a href=\"https:\/\/www.tribunapr.com.br\/noticias\/curitiba-regiao\/litoral-do-parana-passa-a-figurar-entre-os-mais-valorizados-do-pais\/?utm_source=noticias-virais-rodape&amp;utm_medium=internal-tribuna&amp;utm_campaign=tribuna\" class=\"cardnews__postlink\"> <\/p>\n<div class=\"cardnews__image\" is-api-thumb=\"\"><img decoding=\"async\" src=\"https:\/\/www.tribunapr.com.br\/wp-content\/uploads\/2026\/02\/04151141\/matinhos-litoral-370x210.jpg\" loading=\"lazy\" alt=\"Adeus, pre\u00e7os baixos? Esta regi\u00e3o do Paran\u00e1 virou a nova 'mina de ouro'\"\/><\/div>\n<div class=\"cardnews__content cardhome__content\">\n<div class=\"cardnews__content-wrapper\">\n<p> <span style=\"\"> Mercado imobili\u00e1rio <\/span> <\/p>\n<p>Adeus, pre\u00e7os baixos? Esta regi\u00e3o do Paran\u00e1 virou a nova &#8216;mina de ouro&#8217;<\/p>\n<\/p><\/div>\n<\/p><\/div>\n<p> <\/a> <\/article>\n<article class=\"cardnews cardnews--post cardnews--has-thumbnail cardnews--editorial-noticias\"> <a href=\"https:\/\/www.tribunapr.com.br\/blogs\/rango-barateza\/biscoitos-da-vovo-elza-tradicao-que-nasceu-do-afeto-e-conquistou-curitiba\/?utm_source=noticias-virais-rodape&amp;utm_medium=internal-tribuna&amp;utm_campaign=tribuna\" class=\"cardnews__postlink\"> <\/p>\n<div class=\"cardnews__image\" is-api-thumb=\"\"><img decoding=\"async\" src=\"https:\/\/www.tribunapr.com.br\/wp-content\/uploads\/2026\/02\/06135141\/vovo-elza-02-770x440-1-370x210.webp\" loading=\"lazy\" alt=\"O segredo de Curitiba: como uma receita de fam\u00edlia virou um imp\u00e9rio do afeto\"\/><\/div>\n<div class=\"cardnews__content cardhome__content\">\n<div class=\"cardnews__content-wrapper\">\n<p> <span style=\"\"> Rango Barateza! <\/span> <\/p>\n<p>O segredo de Curitiba: como uma receita de fam\u00edlia virou um imp\u00e9rio do afeto<\/p>\n<\/p><\/div>\n<\/p><\/div>\n<p> <\/a> <\/article>\n<\/section>\n<div id=\"tribuna-follow-cta\">\n<p> <span class=\"cta-title\">Siga a <span class=\"tribuna-color\">Tribuna<\/span> no Google, e acompanhe as \u00faltimas not\u00edcias de Curitiba e regi\u00e3o!<\/span> <\/p>\n<p> <a href=\"https:\/\/profile.google.com\/cp\/CgwvZy8xMmxxajUzM3Mac2h0dHBzOi8vd3d3LnRyaWJ1bmFwci5jb20uYnIvdml2YS92aXRyaW5lL2dpZ2FudGUtZG8tdmVzdHVhcmlvLXJlaW5hdWd1cmEtbG9qYS1lbS1zaG9wcGluZy10cmFkaWNpb25hbC1kZS1jdXJpdGliYS8iElRyaWJ1bmEgZG8gUGFyYW7DoSqAAwrHAWh0dHBzOi8vZW5jcnlwdGVkLXRibjIuZ3N0YXRpYy5jb20vZmF2aWNvbi10Ym4_cT10Ym46QU5kOUdjUVJPbjVDRjR6TzJPbkUwTXZrRlRCRTY2U0g1bGlaVDRaZTV3bWNKeU5GRm1BSnluM01nNU9PR3BXY1pYMzZwYU5HUWtsZ09JVEFLTTNNZVNGbTc1aWp6M3k2ajUtQ3M2b25kX2JUcFFQQkVLd3RsUjBsTmJESnUtVHhrNXQtbFlCNlVpOWZSVVFjT2cSswFodHRwczovL2VuY3J5cHRlZC10Ym4zLmdzdGF0aWMuY29tL2Zhdmljb24tdGJuP3E9dGJuJTNBQU5kOUdjU0FMaWJ2eFF0YXdFMFRueVdWWmVKRS1MZEdRZjVTUi1OZ2RMazhyZzIwVy1nM0JuQ1F4VDNKZFBjRXR2THdBeVRxUDJEdHVycEdVR29CQkxpYzM5al9wSmFxRERaMHNCYW05WEVhSGVsMmZTQmdKdlF4WWVyMw\" target=\"_blank\" title=\"Seguir a Tribuna no Google\">  <\/a> <\/div>\n<\/p><\/div>\n<p><script async src=\"\/\/www.instagram.com\/embed.js\"><\/script><br \/>\n<br \/><a href=\"https:\/\/www.tribunapr.com.br\/viva\/curitiba-anuncia-show-surpresa-para-aniversario-de-333-anos\/\">Fonte do Artigo <\/a><\/p>","protected":false},"excerpt":{"rendered":"<p>Curitiba ter\u00e1 um show surpresa para celebrar o anivers\u00e1rio de 333 anos. A apresenta\u00e7\u00e3o ser\u00e1 realizada no dia 29 de mar\u00e7o, na Boca Maldita, no Centro da capital paranaense. A Prefeitura de Curitiba decidiu manter o suspense e fez um an\u00fancio enigm\u00e1tico nas redes sociais nesta quarta-feira (18\/03), deixando os curitibanos curiosos: quem ser\u00e1 a [&hellip;]<\/p>\n","protected":false},"author":1,"featured_media":95851,"comment_status":"closed","ping_status":"","sticky":false,"template":"","format":"standard","meta":{"googlesitekit_rrm_CAow2JLhCw:productID":"","_gspb_post_css":"","maa_idioma":"","maa_pais":"","footnotes":""},"categories":[1],"tags":[14397,3141,5278,151,2904,1654,7033],"class_list":["post-95850","post","type-post","status-publish","format-standard","has-post-thumbnail","hentry","category-ubirata","tag-aniversario","tag-anos","tag-anuncia","tag-curitiba","tag-para","tag-show","tag-surpresa"],"blocksy_meta":[],"yoast_head":"<!-- This site is optimized with the Yoast SEO Premium plugin v27.6 (Yoast SEO v27.6) - https:\/\/yoast.com\/product\/yoast-seo-premium-wordpress\/ -->\n<title>Curitiba anuncia show surpresa para anivers\u00e1rio de 333 anos - Ubirat\u00e3 Online Not\u00edcias - A realidade ao seu alcance!<\/title>\n<meta name=\"description\" content=\"Curitiba ter\u00e1 um show surpresa para celebrar o anivers\u00e1rio de 333 anos. A apresenta\u00e7\u00e3o ser\u00e1 realizada no dia 29 de mar\u00e7o, na Boca Maldita, no Centro da\" \/>\n<meta name=\"robots\" content=\"index, follow, max-snippet:-1, max-image-preview:large, max-video-preview:-1\" \/>\n<link rel=\"canonical\" href=\"https:\/\/ubirataonline.com.br\/en\/curitiba-anuncia-show-surpresa-para-aniversario-de-333-anos\/\" \/>\n<meta property=\"og:locale\" content=\"en_US\" \/>\n<meta property=\"og:type\" content=\"article\" \/>\n<meta property=\"og:title\" content=\"Curitiba anuncia show surpresa para anivers\u00e1rio de 333 anos\" \/>\n<meta property=\"og:description\" content=\"Curitiba ter\u00e1 um show surpresa para celebrar o anivers\u00e1rio de 333 anos. A apresenta\u00e7\u00e3o ser\u00e1 realizada no dia 29 de mar\u00e7o, na Boca Maldita, no Centro da\" \/>\n<meta property=\"og:url\" content=\"https:\/\/ubirataonline.com.br\/en\/curitiba-anuncia-show-surpresa-para-aniversario-de-333-anos\/\" \/>\n<meta property=\"og:site_name\" content=\"Ubirat\u00e3 Online Not\u00edcias - A realidade ao seu alcance!\" \/>\n<meta property=\"article:publisher\" content=\"https:\/\/www.facebook.com\/portalubirataonline\" \/>\n<meta property=\"article:author\" content=\"https:\/\/www.facebook.com\/portalubirataonline\" \/>\n<meta property=\"article:published_time\" content=\"2026-03-19T03:32:50+00:00\" \/>\n<meta property=\"article:modified_time\" content=\"2026-03-19T03:32:53+00:00\" \/>\n<meta property=\"og:image\" content=\"https:\/\/ubirataonline.com.br\/wp-content\/uploads\/2026\/03\/Curitiba-anuncia-show-surpresa-para-aniversario-de-333-anos.png\" \/>\n\t<meta property=\"og:image:width\" content=\"1200\" \/>\n\t<meta property=\"og:image:height\" content=\"675\" \/>\n\t<meta property=\"og:image:type\" content=\"image\/png\" \/>\n<meta name=\"author\" content=\"REDA\u00c7\u00c3O: UBIRAT\u00c3 ONLINE - F\u00c1BIO AUGUSTO CELESTINO\" \/>\n<meta name=\"twitter:card\" content=\"summary_large_image\" \/>\n<meta name=\"twitter:creator\" content=\"@x.com\/ubirataonline\" \/>\n<meta name=\"twitter:site\" content=\"@ubirataonline\" \/>\n<meta name=\"twitter:label1\" content=\"Written by\" \/>\n\t<meta name=\"twitter:data1\" content=\"REDA\u00c7\u00c3O: UBIRAT\u00c3 ONLINE - F\u00c1BIO AUGUSTO CELESTINO\" \/>\n\t<meta name=\"twitter:label2\" content=\"Est. reading time\" \/>\n\t<meta name=\"twitter:data2\" content=\"1 minute\" \/>\n<script type=\"application\/ld+json\" class=\"yoast-schema-graph\">{\"@context\":\"https:\\\/\\\/schema.org\",\"@graph\":[{\"@type\":\"NewsArticle\",\"@id\":\"https:\\\/\\\/ubirataonline.com.br\\\/curitiba-anuncia-show-surpresa-para-aniversario-de-333-anos\\\/#article\",\"isPartOf\":{\"@id\":\"https:\\\/\\\/ubirataonline.com.br\\\/curitiba-anuncia-show-surpresa-para-aniversario-de-333-anos\\\/\"},\"author\":{\"name\":\"REDA\u00c7\u00c3O: UBIRAT\u00c3 ONLINE - F\u00c1BIO AUGUSTO CELESTINO\",\"@id\":\"https:\\\/\\\/ubirataonline.com.br\\\/#\\\/schema\\\/person\\\/372f87bbd3fdd79b8556b84c98d0bc1c\"},\"headline\":\"Curitiba anuncia show surpresa para anivers\u00e1rio de 333 anos\",\"datePublished\":\"2026-03-19T03:32:50+00:00\",\"dateModified\":\"2026-03-19T03:32:53+00:00\",\"mainEntityOfPage\":{\"@id\":\"https:\\\/\\\/ubirataonline.com.br\\\/curitiba-anuncia-show-surpresa-para-aniversario-de-333-anos\\\/\"},\"wordCount\":273,\"publisher\":{\"@id\":\"https:\\\/\\\/ubirataonline.com.br\\\/#organization\"},\"image\":{\"@id\":\"https:\\\/\\\/ubirataonline.com.br\\\/curitiba-anuncia-show-surpresa-para-aniversario-de-333-anos\\\/#primaryimage\"},\"thumbnailUrl\":\"https:\\\/\\\/ubirataonline.com.br\\\/wp-content\\\/uploads\\\/2026\\\/03\\\/Curitiba-anuncia-show-surpresa-para-aniversario-de-333-anos.png\",\"keywords\":[\"anivers\u00e1rio\",\"anos\",\"anuncia\",\"Curitiba\",\"para\",\"Show\",\"surpresa\"],\"articleSection\":[\"Ubirat\u00e3\"],\"inLanguage\":\"en-US\",\"copyrightYear\":\"2026\",\"copyrightHolder\":{\"@id\":\"https:\\\/\\\/ubirataonline.com.br\\\/en\\\/#organization\"}},{\"@type\":\"WebPage\",\"@id\":\"https:\\\/\\\/ubirataonline.com.br\\\/curitiba-anuncia-show-surpresa-para-aniversario-de-333-anos\\\/\",\"url\":\"https:\\\/\\\/ubirataonline.com.br\\\/curitiba-anuncia-show-surpresa-para-aniversario-de-333-anos\\\/\",\"name\":\"Curitiba anuncia show surpresa para anivers\u00e1rio de 333 anos - Ubirat\u00e3 Online Not\u00edcias - A realidade ao seu alcance!\",\"isPartOf\":{\"@id\":\"https:\\\/\\\/ubirataonline.com.br\\\/#website\"},\"primaryImageOfPage\":{\"@id\":\"https:\\\/\\\/ubirataonline.com.br\\\/curitiba-anuncia-show-surpresa-para-aniversario-de-333-anos\\\/#primaryimage\"},\"image\":{\"@id\":\"https:\\\/\\\/ubirataonline.com.br\\\/curitiba-anuncia-show-surpresa-para-aniversario-de-333-anos\\\/#primaryimage\"},\"thumbnailUrl\":\"https:\\\/\\\/ubirataonline.com.br\\\/wp-content\\\/uploads\\\/2026\\\/03\\\/Curitiba-anuncia-show-surpresa-para-aniversario-de-333-anos.png\",\"datePublished\":\"2026-03-19T03:32:50+00:00\",\"dateModified\":\"2026-03-19T03:32:53+00:00\",\"description\":\"Curitiba ter\u00e1 um show surpresa para celebrar o anivers\u00e1rio de 333 anos. A apresenta\u00e7\u00e3o ser\u00e1 realizada no dia 29 de mar\u00e7o, na Boca Maldita, no Centro da\",\"breadcrumb\":{\"@id\":\"https:\\\/\\\/ubirataonline.com.br\\\/curitiba-anuncia-show-surpresa-para-aniversario-de-333-anos\\\/#breadcrumb\"},\"inLanguage\":\"en-US\",\"potentialAction\":[{\"@type\":\"ReadAction\",\"target\":[\"https:\\\/\\\/ubirataonline.com.br\\\/curitiba-anuncia-show-surpresa-para-aniversario-de-333-anos\\\/\"]}]},{\"@type\":\"ImageObject\",\"inLanguage\":\"en-US\",\"@id\":\"https:\\\/\\\/ubirataonline.com.br\\\/curitiba-anuncia-show-surpresa-para-aniversario-de-333-anos\\\/#primaryimage\",\"url\":\"https:\\\/\\\/ubirataonline.com.br\\\/wp-content\\\/uploads\\\/2026\\\/03\\\/Curitiba-anuncia-show-surpresa-para-aniversario-de-333-anos.png\",\"contentUrl\":\"https:\\\/\\\/ubirataonline.com.br\\\/wp-content\\\/uploads\\\/2026\\\/03\\\/Curitiba-anuncia-show-surpresa-para-aniversario-de-333-anos.png\",\"width\":1200,\"height\":675,\"caption\":\"Foto: Isabella Mayer\\\/SECOM (arquivo)\"},{\"@type\":\"BreadcrumbList\",\"@id\":\"https:\\\/\\\/ubirataonline.com.br\\\/curitiba-anuncia-show-surpresa-para-aniversario-de-333-anos\\\/#breadcrumb\",\"itemListElement\":[{\"@type\":\"ListItem\",\"position\":1,\"name\":\"In\u00edcio\",\"item\":\"https:\\\/\\\/ubirataonline.com.br\\\/\"},{\"@type\":\"ListItem\",\"position\":2,\"name\":\"Curitiba anuncia show surpresa para anivers\u00e1rio de 333 anos\"}]},{\"@type\":\"WebSite\",\"@id\":\"https:\\\/\\\/ubirataonline.com.br\\\/#website\",\"url\":\"https:\\\/\\\/ubirataonline.com.br\\\/\",\"name\":\"Ubirat\u00e3 Online Not\u00edcias\",\"description\":\"Not\u00edcias de Ubirat\u00e3, regi\u00e3o, Brasil e mundo, com informa\u00e7\u00e3o atualizada e compromisso com o leitor.\",\"publisher\":{\"@id\":\"https:\\\/\\\/ubirataonline.com.br\\\/#organization\"},\"alternateName\":\"Ubirat\u00e3 Online\",\"potentialAction\":[{\"@type\":\"SearchAction\",\"target\":{\"@type\":\"EntryPoint\",\"urlTemplate\":\"https:\\\/\\\/ubirataonline.com.br\\\/?s={search_term_string}\"},\"query-input\":{\"@type\":\"PropertyValueSpecification\",\"valueRequired\":true,\"valueName\":\"search_term_string\"}}],\"inLanguage\":\"en-US\"},{\"@type\":[\"Organization\",\"Place\"],\"@id\":\"https:\\\/\\\/ubirataonline.com.br\\\/#organization\",\"name\":\"Ubirat\u00e3 Online Not\u00edcias\",\"alternateName\":\"Ubirat\u00e3 Online\",\"url\":\"https:\\\/\\\/ubirataonline.com.br\\\/\",\"logo\":{\"@id\":\"https:\\\/\\\/ubirataonline.com.br\\\/curitiba-anuncia-show-surpresa-para-aniversario-de-333-anos\\\/#local-main-organization-logo\"},\"image\":{\"@id\":\"https:\\\/\\\/ubirataonline.com.br\\\/curitiba-anuncia-show-surpresa-para-aniversario-de-333-anos\\\/#local-main-organization-logo\"},\"sameAs\":[\"https:\\\/\\\/www.facebook.com\\\/portalubirataonline\",\"https:\\\/\\\/x.com\\\/ubirataonline\",\"https:\\\/\\\/mastodon.social\\\/@ubirataonline\",\"https:\\\/\\\/www.facebook.com\\\/groups\\\/311144672285604\",\"https:\\\/\\\/www.facebook.com\\\/UBTAOnline\",\"https:\\\/\\\/www.instagram.com\\\/portalubirataonline\\\/\",\"https:\\\/\\\/twitter.com\\\/ubirataonline\"],\"description\":\"Somos um portal de not\u00edcias independente, criado em 5 de janeiro de 2009, com o objetivo de informar, conectar e valorizar a nossa comunidade de Ubirat\u00e3 e toda aregi\u00e3o. Com conte\u00fado atualizado, confi\u00e1vel e relevante, o Ubirat\u00e3 Online \u00e9 o seu espa\u00e7o para ficar por dentro dos principais acontecimentos locais, regionais, Brasil, Mundo e de interesse geral. Nosso compromisso \u00e9 com a verdade, a transpar\u00eancia e o respeito ao leitor.\",\"legalName\":\"UBIRATA ONLINE NOT\u00cdCIAS\",\"foundingDate\":\"2009-01-05\",\"numberOfEmployees\":{\"@type\":\"QuantitativeValue\",\"minValue\":\"1\",\"maxValue\":\"10\"},\"publishingPrinciples\":\"https:\\\/\\\/ubirataonline.com.br\\\/faq\\\/\",\"address\":{\"@id\":\"https:\\\/\\\/ubirataonline.com.br\\\/curitiba-anuncia-show-surpresa-para-aniversario-de-333-anos\\\/#local-main-place-address\"},\"geo\":{\"@type\":\"GeoCoordinates\",\"latitude\":\"-24.5361401\",\"longitude\":\"-52.9921776\"},\"telephone\":[\"+5544998308235\"],\"contactPoint\":{\"@type\":\"ContactPoint\",\"email\":\"contato@ubirataonline.com.br\"},\"openingHoursSpecification\":{\"@type\":\"OpeningHoursSpecification\",\"dayOfWeek\":[\"Monday\",\"Tuesday\",\"Wednesday\",\"Thursday\",\"Friday\",\"Saturday\",\"Sunday\"],\"opens\":\"00:00\",\"closes\":\"23:59\"},\"email\":\"contato@ubirataonline.com.br\",\"vatID\":\"47.621.418\\\/0001-80\"},{\"@type\":\"Person\",\"@id\":\"https:\\\/\\\/ubirataonline.com.br\\\/#\\\/schema\\\/person\\\/372f87bbd3fdd79b8556b84c98d0bc1c\",\"name\":\"REDA\u00c7\u00c3O: UBIRAT\u00c3 ONLINE - F\u00c1BIO AUGUSTO CELESTINO\",\"pronouns\":\"Ele\",\"description\":\"Desde 2003 trabalhando com not\u00edcias.\",\"sameAs\":[\"http:\\\/\\\/ubirataoline.com.br\",\"https:\\\/\\\/www.facebook.com\\\/portalubirataonline\",\"https:\\\/\\\/www.instagram.com\\\/ubirataonline_oficial\",\"https:\\\/\\\/x.com\\\/x.com\\\/ubirataonline\"],\"honorificPrefix\":\"Mr.\",\"honorificSuffix\":\"MD\",\"birthDate\":\"1980-06-16\",\"gender\":\"masculino\",\"award\":[\"V\u00e1rios pr\u00eamios de melhor portal da cidade\"],\"jobTitle\":\"Diretor\",\"url\":\"https:\\\/\\\/ubirataonline.com.br\\\/en\\\/author\\\/ubirataonline\\\/\"},{\"@type\":\"PostalAddress\",\"@id\":\"https:\\\/\\\/ubirataonline.com.br\\\/curitiba-anuncia-show-surpresa-para-aniversario-de-333-anos\\\/#local-main-place-address\",\"streetAddress\":\"Rua dos Coqueiros, 104 - Bairro Boa Vista, Rua dos Coqueiros, 104 Bairro Boa Vista\",\"addressLocality\":\"UBIRATA\",\"postalCode\":\"85440-000\",\"addressRegion\":\"PR\",\"addressCountry\":\"BR\"},{\"@type\":\"ImageObject\",\"inLanguage\":\"en-US\",\"@id\":\"https:\\\/\\\/ubirataonline.com.br\\\/curitiba-anuncia-show-surpresa-para-aniversario-de-333-anos\\\/#local-main-organization-logo\",\"url\":\"https:\\\/\\\/ubirataonline.com.br\\\/wp-content\\\/uploads\\\/2026\\\/06\\\/logoubirataonline-1.webp\",\"contentUrl\":\"https:\\\/\\\/ubirataonline.com.br\\\/wp-content\\\/uploads\\\/2026\\\/06\\\/logoubirataonline-1.webp\",\"width\":500,\"height\":500,\"caption\":\"Ubirat\u00e3 Online Not\u00edcias\"}]}<\/script>\n<meta name=\"geo.placename\" content=\"UBIRATA\" \/>\n<meta name=\"geo.position\" content=\"-24.5361401;-52.9921776\" \/>\n<meta name=\"geo.region\" content=\"Brazil\" \/>\n<!-- \/ Yoast SEO Premium plugin. -->","yoast_head_json":{"title":"Curitiba anuncia show surpresa para anivers\u00e1rio de 333 anos - Ubirat\u00e3 Online Not\u00edcias - A realidade ao seu alcance!","description":"Curitiba ter\u00e1 um show surpresa para celebrar o anivers\u00e1rio de 333 anos. A apresenta\u00e7\u00e3o ser\u00e1 realizada no dia 29 de mar\u00e7o, na Boca Maldita, no Centro da","robots":{"index":"index","follow":"follow","max-snippet":"max-snippet:-1","max-image-preview":"max-image-preview:large","max-video-preview":"max-video-preview:-1"},"canonical":"https:\/\/ubirataonline.com.br\/en\/curitiba-anuncia-show-surpresa-para-aniversario-de-333-anos\/","og_locale":"en_US","og_type":"article","og_title":"Curitiba anuncia show surpresa para anivers\u00e1rio de 333 anos","og_description":"Curitiba ter\u00e1 um show surpresa para celebrar o anivers\u00e1rio de 333 anos. A apresenta\u00e7\u00e3o ser\u00e1 realizada no dia 29 de mar\u00e7o, na Boca Maldita, no Centro da","og_url":"https:\/\/ubirataonline.com.br\/en\/curitiba-anuncia-show-surpresa-para-aniversario-de-333-anos\/","og_site_name":"Ubirat\u00e3 Online Not\u00edcias - A realidade ao seu alcance!","article_publisher":"https:\/\/www.facebook.com\/portalubirataonline","article_author":"https:\/\/www.facebook.com\/portalubirataonline","article_published_time":"2026-03-19T03:32:50+00:00","article_modified_time":"2026-03-19T03:32:53+00:00","og_image":[{"width":1200,"height":675,"url":"https:\/\/ubirataonline.com.br\/wp-content\/uploads\/2026\/03\/Curitiba-anuncia-show-surpresa-para-aniversario-de-333-anos.png","type":"image\/png"}],"author":"REDA\u00c7\u00c3O: UBIRAT\u00c3 ONLINE - F\u00c1BIO AUGUSTO CELESTINO","twitter_card":"summary_large_image","twitter_creator":"@x.com\/ubirataonline","twitter_site":"@ubirataonline","twitter_misc":{"Written by":"REDA\u00c7\u00c3O: UBIRAT\u00c3 ONLINE - F\u00c1BIO AUGUSTO CELESTINO","Est. reading time":"1 minute"},"schema":{"@context":"https:\/\/schema.org","@graph":[{"@type":"NewsArticle","@id":"https:\/\/ubirataonline.com.br\/curitiba-anuncia-show-surpresa-para-aniversario-de-333-anos\/#article","isPartOf":{"@id":"https:\/\/ubirataonline.com.br\/curitiba-anuncia-show-surpresa-para-aniversario-de-333-anos\/"},"author":{"name":"REDA\u00c7\u00c3O: UBIRAT\u00c3 ONLINE - F\u00c1BIO AUGUSTO CELESTINO","@id":"https:\/\/ubirataonline.com.br\/#\/schema\/person\/372f87bbd3fdd79b8556b84c98d0bc1c"},"headline":"Curitiba anuncia show surpresa para anivers\u00e1rio de 333 anos","datePublished":"2026-03-19T03:32:50+00:00","dateModified":"2026-03-19T03:32:53+00:00","mainEntityOfPage":{"@id":"https:\/\/ubirataonline.com.br\/curitiba-anuncia-show-surpresa-para-aniversario-de-333-anos\/"},"wordCount":273,"publisher":{"@id":"https:\/\/ubirataonline.com.br\/#organization"},"image":{"@id":"https:\/\/ubirataonline.com.br\/curitiba-anuncia-show-surpresa-para-aniversario-de-333-anos\/#primaryimage"},"thumbnailUrl":"https:\/\/ubirataonline.com.br\/wp-content\/uploads\/2026\/03\/Curitiba-anuncia-show-surpresa-para-aniversario-de-333-anos.png","keywords":["anivers\u00e1rio","anos","anuncia","Curitiba","para","Show","surpresa"],"articleSection":["Ubirat\u00e3"],"inLanguage":"en-US","copyrightYear":"2026","copyrightHolder":{"@id":"https:\/\/ubirataonline.com.br\/en\/#organization"}},{"@type":"WebPage","@id":"https:\/\/ubirataonline.com.br\/curitiba-anuncia-show-surpresa-para-aniversario-de-333-anos\/","url":"https:\/\/ubirataonline.com.br\/curitiba-anuncia-show-surpresa-para-aniversario-de-333-anos\/","name":"Curitiba anuncia show surpresa para anivers\u00e1rio de 333 anos - Ubirat\u00e3 Online Not\u00edcias - A realidade ao seu alcance!","isPartOf":{"@id":"https:\/\/ubirataonline.com.br\/#website"},"primaryImageOfPage":{"@id":"https:\/\/ubirataonline.com.br\/curitiba-anuncia-show-surpresa-para-aniversario-de-333-anos\/#primaryimage"},"image":{"@id":"https:\/\/ubirataonline.com.br\/curitiba-anuncia-show-surpresa-para-aniversario-de-333-anos\/#primaryimage"},"thumbnailUrl":"https:\/\/ubirataonline.com.br\/wp-content\/uploads\/2026\/03\/Curitiba-anuncia-show-surpresa-para-aniversario-de-333-anos.png","datePublished":"2026-03-19T03:32:50+00:00","dateModified":"2026-03-19T03:32:53+00:00","description":"Curitiba ter\u00e1 um show surpresa para celebrar o anivers\u00e1rio de 333 anos. A apresenta\u00e7\u00e3o ser\u00e1 realizada no dia 29 de mar\u00e7o, na Boca Maldita, no Centro da","breadcrumb":{"@id":"https:\/\/ubirataonline.com.br\/curitiba-anuncia-show-surpresa-para-aniversario-de-333-anos\/#breadcrumb"},"inLanguage":"en-US","potentialAction":[{"@type":"ReadAction","target":["https:\/\/ubirataonline.com.br\/curitiba-anuncia-show-surpresa-para-aniversario-de-333-anos\/"]}]},{"@type":"ImageObject","inLanguage":"en-US","@id":"https:\/\/ubirataonline.com.br\/curitiba-anuncia-show-surpresa-para-aniversario-de-333-anos\/#primaryimage","url":"https:\/\/ubirataonline.com.br\/wp-content\/uploads\/2026\/03\/Curitiba-anuncia-show-surpresa-para-aniversario-de-333-anos.png","contentUrl":"https:\/\/ubirataonline.com.br\/wp-content\/uploads\/2026\/03\/Curitiba-anuncia-show-surpresa-para-aniversario-de-333-anos.png","width":1200,"height":675,"caption":"Foto: Isabella Mayer\/SECOM (arquivo)"},{"@type":"BreadcrumbList","@id":"https:\/\/ubirataonline.com.br\/curitiba-anuncia-show-surpresa-para-aniversario-de-333-anos\/#breadcrumb","itemListElement":[{"@type":"ListItem","position":1,"name":"In\u00edcio","item":"https:\/\/ubirataonline.com.br\/"},{"@type":"ListItem","position":2,"name":"Curitiba anuncia show surpresa para anivers\u00e1rio de 333 anos"}]},{"@type":"WebSite","@id":"https:\/\/ubirataonline.com.br\/#website","url":"https:\/\/ubirataonline.com.br\/","name":"Ubirat\u00e3 Online Not\u00edcias","description":"Not\u00edcias de Ubirat\u00e3, regi\u00e3o, Brasil e mundo, com informa\u00e7\u00e3o atualizada e compromisso com o leitor.","publisher":{"@id":"https:\/\/ubirataonline.com.br\/#organization"},"alternateName":"Ubirat\u00e3 Online","potentialAction":[{"@type":"SearchAction","target":{"@type":"EntryPoint","urlTemplate":"https:\/\/ubirataonline.com.br\/?s={search_term_string}"},"query-input":{"@type":"PropertyValueSpecification","valueRequired":true,"valueName":"search_term_string"}}],"inLanguage":"en-US"},{"@type":["Organization","Place"],"@id":"https:\/\/ubirataonline.com.br\/#organization","name":"Ubirat\u00e3 Online Not\u00edcias","alternateName":"Ubirat\u00e3 Online","url":"https:\/\/ubirataonline.com.br\/","logo":{"@id":"https:\/\/ubirataonline.com.br\/curitiba-anuncia-show-surpresa-para-aniversario-de-333-anos\/#local-main-organization-logo"},"image":{"@id":"https:\/\/ubirataonline.com.br\/curitiba-anuncia-show-surpresa-para-aniversario-de-333-anos\/#local-main-organization-logo"},"sameAs":["https:\/\/www.facebook.com\/portalubirataonline","https:\/\/x.com\/ubirataonline","https:\/\/mastodon.social\/@ubirataonline","https:\/\/www.facebook.com\/groups\/311144672285604","https:\/\/www.facebook.com\/UBTAOnline","https:\/\/www.instagram.com\/portalubirataonline\/","https:\/\/twitter.com\/ubirataonline"],"description":"Somos um portal de not\u00edcias independente, criado em 5 de janeiro de 2009, com o objetivo de informar, conectar e valorizar a nossa comunidade de Ubirat\u00e3 e toda aregi\u00e3o. Com conte\u00fado atualizado, confi\u00e1vel e relevante, o Ubirat\u00e3 Online \u00e9 o seu espa\u00e7o para ficar por dentro dos principais acontecimentos locais, regionais, Brasil, Mundo e de interesse geral. Nosso compromisso \u00e9 com a verdade, a transpar\u00eancia e o respeito ao leitor.","legalName":"UBIRATA ONLINE NOT\u00cdCIAS","foundingDate":"2009-01-05","numberOfEmployees":{"@type":"QuantitativeValue","minValue":"1","maxValue":"10"},"publishingPrinciples":"https:\/\/ubirataonline.com.br\/faq\/","address":{"@id":"https:\/\/ubirataonline.com.br\/curitiba-anuncia-show-surpresa-para-aniversario-de-333-anos\/#local-main-place-address"},"geo":{"@type":"GeoCoordinates","latitude":"-24.5361401","longitude":"-52.9921776"},"telephone":["+5544998308235"],"contactPoint":{"@type":"ContactPoint","email":"contato@ubirataonline.com.br"},"openingHoursSpecification":{"@type":"OpeningHoursSpecification","dayOfWeek":["Monday","Tuesday","Wednesday","Thursday","Friday","Saturday","Sunday"],"opens":"00:00","closes":"23:59"},"email":"contato@ubirataonline.com.br","vatID":"47.621.418\/0001-80"},{"@type":"Person","@id":"https:\/\/ubirataonline.com.br\/#\/schema\/person\/372f87bbd3fdd79b8556b84c98d0bc1c","name":"REDA\u00c7\u00c3O: UBIRAT\u00c3 ONLINE - F\u00c1BIO AUGUSTO CELESTINO","pronouns":"Ele","description":"Desde 2003 trabalhando com not\u00edcias.","sameAs":["http:\/\/ubirataoline.com.br","https:\/\/www.facebook.com\/portalubirataonline","https:\/\/www.instagram.com\/ubirataonline_oficial","https:\/\/x.com\/x.com\/ubirataonline"],"honorificPrefix":"Mr.","honorificSuffix":"MD","birthDate":"1980-06-16","gender":"masculino","award":["V\u00e1rios pr\u00eamios de melhor portal da cidade"],"jobTitle":"Diretor","url":"https:\/\/ubirataonline.com.br\/en\/author\/ubirataonline\/"},{"@type":"PostalAddress","@id":"https:\/\/ubirataonline.com.br\/curitiba-anuncia-show-surpresa-para-aniversario-de-333-anos\/#local-main-place-address","streetAddress":"Rua dos Coqueiros, 104 - Bairro Boa Vista, Rua dos Coqueiros, 104 Bairro Boa Vista","addressLocality":"UBIRATA","postalCode":"85440-000","addressRegion":"PR","addressCountry":"BR"},{"@type":"ImageObject","inLanguage":"en-US","@id":"https:\/\/ubirataonline.com.br\/curitiba-anuncia-show-surpresa-para-aniversario-de-333-anos\/#local-main-organization-logo","url":"https:\/\/ubirataonline.com.br\/wp-content\/uploads\/2026\/06\/logoubirataonline-1.webp","contentUrl":"https:\/\/ubirataonline.com.br\/wp-content\/uploads\/2026\/06\/logoubirataonline-1.webp","width":500,"height":500,"caption":"Ubirat\u00e3 Online Not\u00edcias"}]},"geo.placename":"UBIRATA","geo.position":{"lat":"-24.5361401","long":"-52.9921776"},"geo.region":"Brazil"},"_links":{"self":[{"href":"https:\/\/ubirataonline.com.br\/en\/wp-json\/wp\/v2\/posts\/95850","targetHints":{"allow":["GET"]}}],"collection":[{"href":"https:\/\/ubirataonline.com.br\/en\/wp-json\/wp\/v2\/posts"}],"about":[{"href":"https:\/\/ubirataonline.com.br\/en\/wp-json\/wp\/v2\/types\/post"}],"author":[{"embeddable":true,"href":"https:\/\/ubirataonline.com.br\/en\/wp-json\/wp\/v2\/users\/1"}],"replies":[{"embeddable":true,"href":"https:\/\/ubirataonline.com.br\/en\/wp-json\/wp\/v2\/comments?post=95850"}],"version-history":[{"count":0,"href":"https:\/\/ubirataonline.com.br\/en\/wp-json\/wp\/v2\/posts\/95850\/revisions"}],"wp:featuredmedia":[{"embeddable":true,"href":"https:\/\/ubirataonline.com.br\/en\/wp-json\/wp\/v2\/media\/95851"}],"wp:attachment":[{"href":"https:\/\/ubirataonline.com.br\/en\/wp-json\/wp\/v2\/media?parent=95850"}],"wp:term":[{"taxonomy":"category","embeddable":true,"href":"https:\/\/ubirataonline.com.br\/en\/wp-json\/wp\/v2\/categories?post=95850"},{"taxonomy":"post_tag","embeddable":true,"href":"https:\/\/ubirataonline.com.br\/en\/wp-json\/wp\/v2\/tags?post=95850"}],"curies":[{"name":"wp","href":"https:\/\/api.w.org\/{rel}","templated":true}]}}