{"id":95887,"date":"2026-03-19T04:07:46","date_gmt":"2026-03-19T07:07:46","guid":{"rendered":"https:\/\/ubirataonline.com.br\/vorcaro-nao-quer-envolver-stf-em-delacao-18-03-2026-monica-bergamo\/"},"modified":"2026-03-19T04:07:51","modified_gmt":"2026-03-19T07:07:51","slug":"vorcaro-nao-quer-envolver-stf-em-delacao-18-03-2026-monica-bergamo","status":"publish","type":"post","link":"https:\/\/ubirataonline.com.br\/en\/vorcaro-nao-quer-envolver-stf-em-delacao-18-03-2026-monica-bergamo\/","title":{"rendered":"Vorcaro n\u00e3o quer envolver STF em dela\u00e7\u00e3o &#8211; 18\/03\/2026 &#8211; M\u00f4nica Bergamo"},"content":{"rendered":"<p><\/p>\n<div data-news-content-text=\"\" data-disable-copy=\"\" data-continue-reading=\"\" data-continue-reading-hide-others=\".js-continue-reading-hidden\" data-age-rating=\"\" itemprop=\"articleBody\">\n<p>O ex-banqueiro <a href=\"https:\/\/www1.folha.uol.com.br\/folha-topicos\/daniel-vorcaro\/\">Daniel Vorcaro<\/a> n\u00e3o pretende envolver ministros do <a href=\"https:\/\/www1.folha.uol.com.br\/folha-topicos\/stf\/\">STF<\/a> (Supremo Tribunal Federal) em um eventual <a href=\"https:\/\/www1.folha.uol.com.br\/colunas\/monicabergamo\/2026\/03\/vorcaro-tem-novo-advogado-e-partira-para-a-delacao-premiada.shtml\" rel=\"\" target=\"\">acordo de dela\u00e7\u00e3o premiada no processo<\/a> que apura a gest\u00e3o fraudulenta do <a href=\"https:\/\/www1.folha.uol.com.br\/folha-topicos\/banco-master\/\">Banco Master<\/a>. Far\u00e1 isso apenas se for inevit\u00e1vel.<\/p>\n<p>Ele manifestou a inten\u00e7\u00e3o a diversas pessoas antes mesmo de decidir partir de vez para um acordo de colabora\u00e7\u00e3o com a Justi\u00e7a.<\/p>\n<p>Em primeiro lugar, Vorcaro dizia ter a consci\u00eancia de que, para arrastar um magistrado da mais alta Corte do pa\u00eds para o centro do furac\u00e3o, precisaria ter provas irrefut\u00e1veis do cometimento de crimes \u2014sob o risco de sua dela\u00e7\u00e3o ser sumariamente rejeitada pela <a href=\"https:\/\/www1.folha.uol.com.br\/folha-topicos\/pgr\/\">PGR<\/a> (Procuradoria-Geral da Rep\u00fablica), por setores da PF (Pol\u00edcia Federal) e pelo pr\u00f3prio STF.<\/p>\n<p>Depois de ouvir conselhos de interlocutores que conhecem os meandros do poder e do Judici\u00e1rio, ele manifestava tamb\u00e9m a certeza de que envolver um magistrado na colabora\u00e7\u00e3o poderia despertar o esp\u00edrito de corpo da maioria da Corte, dificultando a solu\u00e7\u00e3o de seus problemas criminais.<\/p>\n<p>Ele s\u00f3 deve falar da rela\u00e7\u00e3o com magistrados em depoimentos, portanto, caso seja pressionado pelas autoridades a discorrer sobre essa conviv\u00eancia.<\/p>\n<p>A interlocutores que recebia com frequ\u00eancia <a href=\"https:\/\/www1.folha.uol.com.br\/mercado\/2026\/03\/daniel-vorcaro-do-banco-master-e-preso-em-nova-fase-da-operacao-compliance-zero.shtml\" rel=\"\" target=\"\">antes de ser preso pela segunda vez<\/a>, no come\u00e7o do m\u00eas, Vorcaro sempre manifestava apre\u00e7o, por exemplo, pelo ministro do STF <a href=\"https:\/\/www1.folha.uol.com.br\/folha-topicos\/alexandre-de-moraes\/\">Alexandre de Moraes<\/a>.<\/p>\n<p>Ele dizia que o magistrado era um amigo. E defendia a contrata\u00e7\u00e3o, pelo Banco Master, do escrit\u00f3rio de advocacia de Viviane Barci de Moraes, mulher do ministro, por R$ 129 milh\u00f5es no per\u00edodo de tr\u00eas anos.<\/p>\n<p>Vorcaro afirmava que ela de fato trabalhou para o banco, mobilizando dezenas de advogados para cuidar dos mais diversos temas \u2014da elabora\u00e7\u00e3o de cartilhas de compliance para a institui\u00e7\u00e3o a processos previdenci\u00e1rios.<\/p>\n<p><a href=\"https:\/\/www1.folha.uol.com.br\/folha-topicos\/dias-toffoli\/\">Dias Toffoli<\/a>, que \u00e9 s\u00f3cio da Maridt, empresa que vendeu a um fundo ligado ao Master a participa\u00e7\u00e3o que tinha em um resort no Paran\u00e1, era poucas vezes citado por Vorcaro nas conversas.<\/p>\n<p>O ex-banqueiro ficou especialmente contrariado quando soube que o ministro <a href=\"https:\/\/www1.folha.uol.com.br\/folha-topicos\/kassio-nunes-marques\/\">Kassio Nunes Marques<\/a> votou <a href=\"https:\/\/www1.folha.uol.com.br\/mercado\/2026\/03\/mendonca-inicia-julgamento-no-stf-e-vota-para-manter-vorcaro-preso.shtml\" rel=\"\" target=\"\">pela manuten\u00e7\u00e3o de sua pris\u00e3o, na semana passada.<\/a> Ele acreditava que l\u00edderes do Centr\u00e3o de quem \u00e9 pr\u00f3ximo, e que t\u00eam amizade com o magistrado, pudessem convenc\u00ea-lo a votar por sua liberdade.<\/p>\n<p>O sentimento negativo, no entanto, n\u00e3o seria suficiente para que ele decidisse envolver o STF na dela\u00e7\u00e3o.<\/p>\n<\/p><\/div>\n<div>\n<p class=\"c-context__content\">&#13;<br \/>\n    <strong>LINK PRESENTE:<\/strong> Gostou deste texto? Assinante pode liberar sete acessos gratuitos de qualquer link por dia. Basta clicar no F azul abaixo.&#13;\n  <\/p>\n<\/div>\n<p><a href=\"https:\/\/www1.folha.uol.com.br\/colunas\/monicabergamo\/2026\/03\/vorcaro-nao-quer-envolver-stf-em-delacao.shtml\">Fonte do Artigo <\/a><\/p>","protected":false},"excerpt":{"rendered":"<p>O ex-banqueiro Daniel Vorcaro n\u00e3o pretende envolver ministros do STF (Supremo Tribunal Federal) em um eventual acordo de dela\u00e7\u00e3o premiada no processo que apura a gest\u00e3o fraudulenta do Banco Master. Far\u00e1 isso apenas se for inevit\u00e1vel. Ele manifestou a inten\u00e7\u00e3o a diversas pessoas antes mesmo de decidir partir de vez para um acordo de colabora\u00e7\u00e3o [&hellip;]<\/p>\n","protected":false},"author":1,"featured_media":95888,"comment_status":"closed","ping_status":"","sticky":false,"template":"","format":"standard","meta":{"googlesitekit_rrm_CAow2JLhCw:productID":"","_gspb_post_css":"","maa_idioma":"","maa_pais":"","footnotes":""},"categories":[4],"tags":[7792,23259,23258,7791,3255,4617,1589,7479],"class_list":["post-95887","post","type-post","status-publish","format-standard","has-post-thumbnail","hentry","category-brasil","tag-bergamo","tag-delacao","tag-envolver","tag-monica","tag-nao","tag-quer","tag-stf","tag-vorcaro"],"blocksy_meta":[],"yoast_head":"<!-- This site is optimized with the Yoast SEO Premium plugin v27.6 (Yoast SEO v27.6) - https:\/\/yoast.com\/product\/yoast-seo-premium-wordpress\/ -->\n<title>Vorcaro n\u00e3o quer envolver STF em dela\u00e7\u00e3o - 18\/03\/2026 - M\u00f4nica Bergamo - Ubirat\u00e3 Online Not\u00edcias - A realidade ao seu alcance!<\/title>\n<meta name=\"description\" content=\"O ex-banqueiro Daniel Vorcaro n\u00e3o pretende envolver ministros do STF (Supremo Tribunal Federal) em um eventual acordo de dela\u00e7\u00e3o premiada no processo que\" \/>\n<meta name=\"robots\" content=\"index, follow, max-snippet:-1, max-image-preview:large, max-video-preview:-1\" \/>\n<link rel=\"canonical\" href=\"https:\/\/ubirataonline.com.br\/en\/vorcaro-nao-quer-envolver-stf-em-delacao-18-03-2026-monica-bergamo\/\" \/>\n<meta property=\"og:locale\" content=\"en_US\" \/>\n<meta property=\"og:type\" content=\"article\" \/>\n<meta property=\"og:title\" content=\"Vorcaro n\u00e3o quer envolver STF em dela\u00e7\u00e3o - 18\/03\/2026 - M\u00f4nica Bergamo\" \/>\n<meta property=\"og:description\" content=\"O ex-banqueiro Daniel Vorcaro n\u00e3o pretende envolver ministros do STF (Supremo Tribunal Federal) em um eventual acordo de dela\u00e7\u00e3o premiada no processo que\" \/>\n<meta property=\"og:url\" content=\"https:\/\/ubirataonline.com.br\/en\/vorcaro-nao-quer-envolver-stf-em-delacao-18-03-2026-monica-bergamo\/\" \/>\n<meta property=\"og:site_name\" content=\"Ubirat\u00e3 Online Not\u00edcias - A realidade ao seu alcance!\" \/>\n<meta property=\"article:publisher\" content=\"https:\/\/www.facebook.com\/portalubirataonline\" \/>\n<meta property=\"article:author\" content=\"https:\/\/www.facebook.com\/portalubirataonline\" \/>\n<meta property=\"article:published_time\" content=\"2026-03-19T07:07:46+00:00\" \/>\n<meta property=\"article:modified_time\" content=\"2026-03-19T07:07:51+00:00\" \/>\n<meta property=\"og:image\" content=\"https:\/\/ubirataonline.com.br\/wp-content\/uploads\/2026\/03\/Vorcaro-nao-quer-envolver-STF-em-delacao-18032026.jpg\" \/>\n\t<meta property=\"og:image:width\" content=\"2400\" \/>\n\t<meta property=\"og:image:height\" content=\"1676\" \/>\n\t<meta property=\"og:image:type\" content=\"image\/jpeg\" \/>\n<meta name=\"author\" content=\"REDA\u00c7\u00c3O: UBIRAT\u00c3 ONLINE - F\u00c1BIO AUGUSTO CELESTINO\" \/>\n<meta name=\"twitter:card\" content=\"summary_large_image\" \/>\n<meta name=\"twitter:creator\" content=\"@x.com\/ubirataonline\" \/>\n<meta name=\"twitter:site\" content=\"@ubirataonline\" \/>\n<meta name=\"twitter:label1\" content=\"Written by\" \/>\n\t<meta name=\"twitter:data1\" content=\"REDA\u00c7\u00c3O: UBIRAT\u00c3 ONLINE - F\u00c1BIO AUGUSTO CELESTINO\" \/>\n\t<meta name=\"twitter:label2\" content=\"Est. reading time\" \/>\n\t<meta name=\"twitter:data2\" content=\"2 minutes\" \/>\n<script type=\"application\/ld+json\" class=\"yoast-schema-graph\">{\"@context\":\"https:\\\/\\\/schema.org\",\"@graph\":[{\"@type\":\"NewsArticle\",\"@id\":\"https:\\\/\\\/ubirataonline.com.br\\\/vorcaro-nao-quer-envolver-stf-em-delacao-18-03-2026-monica-bergamo\\\/#article\",\"isPartOf\":{\"@id\":\"https:\\\/\\\/ubirataonline.com.br\\\/vorcaro-nao-quer-envolver-stf-em-delacao-18-03-2026-monica-bergamo\\\/\"},\"author\":{\"name\":\"REDA\u00c7\u00c3O: UBIRAT\u00c3 ONLINE - F\u00c1BIO AUGUSTO CELESTINO\",\"@id\":\"https:\\\/\\\/ubirataonline.com.br\\\/#\\\/schema\\\/person\\\/372f87bbd3fdd79b8556b84c98d0bc1c\"},\"headline\":\"Vorcaro n\u00e3o quer envolver STF em dela\u00e7\u00e3o &#8211; 18\\\/03\\\/2026 &#8211; M\u00f4nica Bergamo\",\"datePublished\":\"2026-03-19T07:07:46+00:00\",\"dateModified\":\"2026-03-19T07:07:51+00:00\",\"mainEntityOfPage\":{\"@id\":\"https:\\\/\\\/ubirataonline.com.br\\\/vorcaro-nao-quer-envolver-stf-em-delacao-18-03-2026-monica-bergamo\\\/\"},\"wordCount\":455,\"publisher\":{\"@id\":\"https:\\\/\\\/ubirataonline.com.br\\\/#organization\"},\"image\":{\"@id\":\"https:\\\/\\\/ubirataonline.com.br\\\/vorcaro-nao-quer-envolver-stf-em-delacao-18-03-2026-monica-bergamo\\\/#primaryimage\"},\"thumbnailUrl\":\"https:\\\/\\\/ubirataonline.com.br\\\/wp-content\\\/uploads\\\/2026\\\/03\\\/Vorcaro-nao-quer-envolver-STF-em-delacao-18032026.jpg\",\"keywords\":[\"Bergamo\",\"dela\u00e7\u00e3o\",\"envolver\",\"M\u00f4nica\",\"n\u00e3o\",\"quer\",\"STF\",\"Vorcaro\"],\"articleSection\":[\"Brasil\"],\"inLanguage\":\"en-US\",\"copyrightYear\":\"2026\",\"copyrightHolder\":{\"@id\":\"https:\\\/\\\/ubirataonline.com.br\\\/en\\\/#organization\"}},{\"@type\":\"WebPage\",\"@id\":\"https:\\\/\\\/ubirataonline.com.br\\\/vorcaro-nao-quer-envolver-stf-em-delacao-18-03-2026-monica-bergamo\\\/\",\"url\":\"https:\\\/\\\/ubirataonline.com.br\\\/vorcaro-nao-quer-envolver-stf-em-delacao-18-03-2026-monica-bergamo\\\/\",\"name\":\"Vorcaro n\u00e3o quer envolver STF em dela\u00e7\u00e3o - 18\\\/03\\\/2026 - M\u00f4nica Bergamo - Ubirat\u00e3 Online Not\u00edcias - A realidade ao seu alcance!\",\"isPartOf\":{\"@id\":\"https:\\\/\\\/ubirataonline.com.br\\\/#website\"},\"primaryImageOfPage\":{\"@id\":\"https:\\\/\\\/ubirataonline.com.br\\\/vorcaro-nao-quer-envolver-stf-em-delacao-18-03-2026-monica-bergamo\\\/#primaryimage\"},\"image\":{\"@id\":\"https:\\\/\\\/ubirataonline.com.br\\\/vorcaro-nao-quer-envolver-stf-em-delacao-18-03-2026-monica-bergamo\\\/#primaryimage\"},\"thumbnailUrl\":\"https:\\\/\\\/ubirataonline.com.br\\\/wp-content\\\/uploads\\\/2026\\\/03\\\/Vorcaro-nao-quer-envolver-STF-em-delacao-18032026.jpg\",\"datePublished\":\"2026-03-19T07:07:46+00:00\",\"dateModified\":\"2026-03-19T07:07:51+00:00\",\"description\":\"O ex-banqueiro Daniel Vorcaro n\u00e3o pretende envolver ministros do STF (Supremo Tribunal Federal) em um eventual acordo de dela\u00e7\u00e3o premiada no processo que\",\"breadcrumb\":{\"@id\":\"https:\\\/\\\/ubirataonline.com.br\\\/vorcaro-nao-quer-envolver-stf-em-delacao-18-03-2026-monica-bergamo\\\/#breadcrumb\"},\"inLanguage\":\"en-US\",\"potentialAction\":[{\"@type\":\"ReadAction\",\"target\":[\"https:\\\/\\\/ubirataonline.com.br\\\/vorcaro-nao-quer-envolver-stf-em-delacao-18-03-2026-monica-bergamo\\\/\"]}]},{\"@type\":\"ImageObject\",\"inLanguage\":\"en-US\",\"@id\":\"https:\\\/\\\/ubirataonline.com.br\\\/vorcaro-nao-quer-envolver-stf-em-delacao-18-03-2026-monica-bergamo\\\/#primaryimage\",\"url\":\"https:\\\/\\\/ubirataonline.com.br\\\/wp-content\\\/uploads\\\/2026\\\/03\\\/Vorcaro-nao-quer-envolver-STF-em-delacao-18032026.jpg\",\"contentUrl\":\"https:\\\/\\\/ubirataonline.com.br\\\/wp-content\\\/uploads\\\/2026\\\/03\\\/Vorcaro-nao-quer-envolver-STF-em-delacao-18032026.jpg\",\"width\":2400,\"height\":1676,\"caption\":\"Os ministros Alexandre de Moraes e Dias Toffoli em sess\u00e3o plen\u00e1ria do STF - Pedro Ladeira\\\/Folhapress\"},{\"@type\":\"BreadcrumbList\",\"@id\":\"https:\\\/\\\/ubirataonline.com.br\\\/vorcaro-nao-quer-envolver-stf-em-delacao-18-03-2026-monica-bergamo\\\/#breadcrumb\",\"itemListElement\":[{\"@type\":\"ListItem\",\"position\":1,\"name\":\"In\u00edcio\",\"item\":\"https:\\\/\\\/ubirataonline.com.br\\\/\"},{\"@type\":\"ListItem\",\"position\":2,\"name\":\"Vorcaro n\u00e3o quer envolver STF em dela\u00e7\u00e3o &#8211; 18\\\/03\\\/2026 &#8211; M\u00f4nica Bergamo\"}]},{\"@type\":\"WebSite\",\"@id\":\"https:\\\/\\\/ubirataonline.com.br\\\/#website\",\"url\":\"https:\\\/\\\/ubirataonline.com.br\\\/\",\"name\":\"Ubirat\u00e3 Online Not\u00edcias\",\"description\":\"Not\u00edcias de Ubirat\u00e3, regi\u00e3o, Brasil e mundo, com informa\u00e7\u00e3o atualizada e compromisso com o leitor.\",\"publisher\":{\"@id\":\"https:\\\/\\\/ubirataonline.com.br\\\/#organization\"},\"alternateName\":\"Ubirat\u00e3 Online\",\"potentialAction\":[{\"@type\":\"SearchAction\",\"target\":{\"@type\":\"EntryPoint\",\"urlTemplate\":\"https:\\\/\\\/ubirataonline.com.br\\\/?s={search_term_string}\"},\"query-input\":{\"@type\":\"PropertyValueSpecification\",\"valueRequired\":true,\"valueName\":\"search_term_string\"}}],\"inLanguage\":\"en-US\"},{\"@type\":[\"Organization\",\"Place\"],\"@id\":\"https:\\\/\\\/ubirataonline.com.br\\\/#organization\",\"name\":\"Ubirat\u00e3 Online Not\u00edcias\",\"alternateName\":\"Ubirat\u00e3 Online\",\"url\":\"https:\\\/\\\/ubirataonline.com.br\\\/\",\"logo\":{\"@id\":\"https:\\\/\\\/ubirataonline.com.br\\\/vorcaro-nao-quer-envolver-stf-em-delacao-18-03-2026-monica-bergamo\\\/#local-main-organization-logo\"},\"image\":{\"@id\":\"https:\\\/\\\/ubirataonline.com.br\\\/vorcaro-nao-quer-envolver-stf-em-delacao-18-03-2026-monica-bergamo\\\/#local-main-organization-logo\"},\"sameAs\":[\"https:\\\/\\\/www.facebook.com\\\/portalubirataonline\",\"https:\\\/\\\/x.com\\\/ubirataonline\",\"https:\\\/\\\/mastodon.social\\\/@ubirataonline\",\"https:\\\/\\\/www.facebook.com\\\/groups\\\/311144672285604\",\"https:\\\/\\\/www.facebook.com\\\/UBTAOnline\",\"https:\\\/\\\/www.instagram.com\\\/portalubirataonline\\\/\",\"https:\\\/\\\/twitter.com\\\/ubirataonline\"],\"description\":\"Somos um portal de not\u00edcias independente, criado em 5 de janeiro de 2009, com o objetivo de informar, conectar e valorizar a nossa comunidade de Ubirat\u00e3 e toda aregi\u00e3o. Com conte\u00fado atualizado, confi\u00e1vel e relevante, o Ubirat\u00e3 Online \u00e9 o seu espa\u00e7o para ficar por dentro dos principais acontecimentos locais, regionais, Brasil, Mundo e de interesse geral. Nosso compromisso \u00e9 com a verdade, a transpar\u00eancia e o respeito ao leitor.\",\"legalName\":\"UBIRATA ONLINE NOT\u00cdCIAS\",\"foundingDate\":\"2009-01-05\",\"numberOfEmployees\":{\"@type\":\"QuantitativeValue\",\"minValue\":\"1\",\"maxValue\":\"10\"},\"publishingPrinciples\":\"https:\\\/\\\/ubirataonline.com.br\\\/faq\\\/\",\"address\":{\"@id\":\"https:\\\/\\\/ubirataonline.com.br\\\/vorcaro-nao-quer-envolver-stf-em-delacao-18-03-2026-monica-bergamo\\\/#local-main-place-address\"},\"geo\":{\"@type\":\"GeoCoordinates\",\"latitude\":\"-24.5361401\",\"longitude\":\"-52.9921776\"},\"telephone\":[\"+5544998308235\"],\"contactPoint\":{\"@type\":\"ContactPoint\",\"email\":\"contato@ubirataonline.com.br\"},\"openingHoursSpecification\":{\"@type\":\"OpeningHoursSpecification\",\"dayOfWeek\":[\"Monday\",\"Tuesday\",\"Wednesday\",\"Thursday\",\"Friday\",\"Saturday\",\"Sunday\"],\"opens\":\"00:00\",\"closes\":\"23:59\"},\"email\":\"contato@ubirataonline.com.br\",\"vatID\":\"47.621.418\\\/0001-80\"},{\"@type\":\"Person\",\"@id\":\"https:\\\/\\\/ubirataonline.com.br\\\/#\\\/schema\\\/person\\\/372f87bbd3fdd79b8556b84c98d0bc1c\",\"name\":\"REDA\u00c7\u00c3O: UBIRAT\u00c3 ONLINE - F\u00c1BIO AUGUSTO CELESTINO\",\"pronouns\":\"Ele\",\"description\":\"Desde 2003 trabalhando com not\u00edcias.\",\"sameAs\":[\"http:\\\/\\\/ubirataoline.com.br\",\"https:\\\/\\\/www.facebook.com\\\/portalubirataonline\",\"https:\\\/\\\/www.instagram.com\\\/ubirataonline_oficial\",\"https:\\\/\\\/x.com\\\/x.com\\\/ubirataonline\"],\"honorificPrefix\":\"Mr.\",\"honorificSuffix\":\"MD\",\"birthDate\":\"1980-06-16\",\"gender\":\"masculino\",\"award\":[\"V\u00e1rios pr\u00eamios de melhor portal da cidade\"],\"jobTitle\":\"Diretor\",\"url\":\"https:\\\/\\\/ubirataonline.com.br\\\/en\\\/author\\\/ubirataonline\\\/\"},{\"@type\":\"PostalAddress\",\"@id\":\"https:\\\/\\\/ubirataonline.com.br\\\/vorcaro-nao-quer-envolver-stf-em-delacao-18-03-2026-monica-bergamo\\\/#local-main-place-address\",\"streetAddress\":\"Rua dos Coqueiros, 104 - Bairro Boa Vista, Rua dos Coqueiros, 104 Bairro Boa Vista\",\"addressLocality\":\"UBIRATA\",\"postalCode\":\"85440-000\",\"addressRegion\":\"PR\",\"addressCountry\":\"BR\"},{\"@type\":\"ImageObject\",\"inLanguage\":\"en-US\",\"@id\":\"https:\\\/\\\/ubirataonline.com.br\\\/vorcaro-nao-quer-envolver-stf-em-delacao-18-03-2026-monica-bergamo\\\/#local-main-organization-logo\",\"url\":\"https:\\\/\\\/ubirataonline.com.br\\\/wp-content\\\/uploads\\\/2026\\\/06\\\/logoubirataonline-1.webp\",\"contentUrl\":\"https:\\\/\\\/ubirataonline.com.br\\\/wp-content\\\/uploads\\\/2026\\\/06\\\/logoubirataonline-1.webp\",\"width\":500,\"height\":500,\"caption\":\"Ubirat\u00e3 Online Not\u00edcias\"}]}<\/script>\n<meta name=\"geo.placename\" content=\"UBIRATA\" \/>\n<meta name=\"geo.position\" content=\"-24.5361401;-52.9921776\" \/>\n<meta name=\"geo.region\" content=\"Brazil\" \/>\n<!-- \/ Yoast SEO Premium plugin. -->","yoast_head_json":{"title":"Vorcaro n\u00e3o quer envolver STF em dela\u00e7\u00e3o - 18\/03\/2026 - M\u00f4nica Bergamo - Ubirat\u00e3 Online Not\u00edcias - A realidade ao seu alcance!","description":"O ex-banqueiro Daniel Vorcaro n\u00e3o pretende envolver ministros do STF (Supremo Tribunal Federal) em um eventual acordo de dela\u00e7\u00e3o premiada no processo que","robots":{"index":"index","follow":"follow","max-snippet":"max-snippet:-1","max-image-preview":"max-image-preview:large","max-video-preview":"max-video-preview:-1"},"canonical":"https:\/\/ubirataonline.com.br\/en\/vorcaro-nao-quer-envolver-stf-em-delacao-18-03-2026-monica-bergamo\/","og_locale":"en_US","og_type":"article","og_title":"Vorcaro n\u00e3o quer envolver STF em dela\u00e7\u00e3o - 18\/03\/2026 - M\u00f4nica Bergamo","og_description":"O ex-banqueiro Daniel Vorcaro n\u00e3o pretende envolver ministros do STF (Supremo Tribunal Federal) em um eventual acordo de dela\u00e7\u00e3o premiada no processo que","og_url":"https:\/\/ubirataonline.com.br\/en\/vorcaro-nao-quer-envolver-stf-em-delacao-18-03-2026-monica-bergamo\/","og_site_name":"Ubirat\u00e3 Online Not\u00edcias - A realidade ao seu alcance!","article_publisher":"https:\/\/www.facebook.com\/portalubirataonline","article_author":"https:\/\/www.facebook.com\/portalubirataonline","article_published_time":"2026-03-19T07:07:46+00:00","article_modified_time":"2026-03-19T07:07:51+00:00","og_image":[{"width":2400,"height":1676,"url":"https:\/\/ubirataonline.com.br\/wp-content\/uploads\/2026\/03\/Vorcaro-nao-quer-envolver-STF-em-delacao-18032026.jpg","type":"image\/jpeg"}],"author":"REDA\u00c7\u00c3O: UBIRAT\u00c3 ONLINE - F\u00c1BIO AUGUSTO CELESTINO","twitter_card":"summary_large_image","twitter_creator":"@x.com\/ubirataonline","twitter_site":"@ubirataonline","twitter_misc":{"Written by":"REDA\u00c7\u00c3O: UBIRAT\u00c3 ONLINE - F\u00c1BIO AUGUSTO CELESTINO","Est. reading time":"2 minutes"},"schema":{"@context":"https:\/\/schema.org","@graph":[{"@type":"NewsArticle","@id":"https:\/\/ubirataonline.com.br\/vorcaro-nao-quer-envolver-stf-em-delacao-18-03-2026-monica-bergamo\/#article","isPartOf":{"@id":"https:\/\/ubirataonline.com.br\/vorcaro-nao-quer-envolver-stf-em-delacao-18-03-2026-monica-bergamo\/"},"author":{"name":"REDA\u00c7\u00c3O: UBIRAT\u00c3 ONLINE - F\u00c1BIO AUGUSTO CELESTINO","@id":"https:\/\/ubirataonline.com.br\/#\/schema\/person\/372f87bbd3fdd79b8556b84c98d0bc1c"},"headline":"Vorcaro n\u00e3o quer envolver STF em dela\u00e7\u00e3o &#8211; 18\/03\/2026 &#8211; M\u00f4nica Bergamo","datePublished":"2026-03-19T07:07:46+00:00","dateModified":"2026-03-19T07:07:51+00:00","mainEntityOfPage":{"@id":"https:\/\/ubirataonline.com.br\/vorcaro-nao-quer-envolver-stf-em-delacao-18-03-2026-monica-bergamo\/"},"wordCount":455,"publisher":{"@id":"https:\/\/ubirataonline.com.br\/#organization"},"image":{"@id":"https:\/\/ubirataonline.com.br\/vorcaro-nao-quer-envolver-stf-em-delacao-18-03-2026-monica-bergamo\/#primaryimage"},"thumbnailUrl":"https:\/\/ubirataonline.com.br\/wp-content\/uploads\/2026\/03\/Vorcaro-nao-quer-envolver-STF-em-delacao-18032026.jpg","keywords":["Bergamo","dela\u00e7\u00e3o","envolver","M\u00f4nica","n\u00e3o","quer","STF","Vorcaro"],"articleSection":["Brasil"],"inLanguage":"en-US","copyrightYear":"2026","copyrightHolder":{"@id":"https:\/\/ubirataonline.com.br\/en\/#organization"}},{"@type":"WebPage","@id":"https:\/\/ubirataonline.com.br\/vorcaro-nao-quer-envolver-stf-em-delacao-18-03-2026-monica-bergamo\/","url":"https:\/\/ubirataonline.com.br\/vorcaro-nao-quer-envolver-stf-em-delacao-18-03-2026-monica-bergamo\/","name":"Vorcaro n\u00e3o quer envolver STF em dela\u00e7\u00e3o - 18\/03\/2026 - M\u00f4nica Bergamo - Ubirat\u00e3 Online Not\u00edcias - A realidade ao seu alcance!","isPartOf":{"@id":"https:\/\/ubirataonline.com.br\/#website"},"primaryImageOfPage":{"@id":"https:\/\/ubirataonline.com.br\/vorcaro-nao-quer-envolver-stf-em-delacao-18-03-2026-monica-bergamo\/#primaryimage"},"image":{"@id":"https:\/\/ubirataonline.com.br\/vorcaro-nao-quer-envolver-stf-em-delacao-18-03-2026-monica-bergamo\/#primaryimage"},"thumbnailUrl":"https:\/\/ubirataonline.com.br\/wp-content\/uploads\/2026\/03\/Vorcaro-nao-quer-envolver-STF-em-delacao-18032026.jpg","datePublished":"2026-03-19T07:07:46+00:00","dateModified":"2026-03-19T07:07:51+00:00","description":"O ex-banqueiro Daniel Vorcaro n\u00e3o pretende envolver ministros do STF (Supremo Tribunal Federal) em um eventual acordo de dela\u00e7\u00e3o premiada no processo que","breadcrumb":{"@id":"https:\/\/ubirataonline.com.br\/vorcaro-nao-quer-envolver-stf-em-delacao-18-03-2026-monica-bergamo\/#breadcrumb"},"inLanguage":"en-US","potentialAction":[{"@type":"ReadAction","target":["https:\/\/ubirataonline.com.br\/vorcaro-nao-quer-envolver-stf-em-delacao-18-03-2026-monica-bergamo\/"]}]},{"@type":"ImageObject","inLanguage":"en-US","@id":"https:\/\/ubirataonline.com.br\/vorcaro-nao-quer-envolver-stf-em-delacao-18-03-2026-monica-bergamo\/#primaryimage","url":"https:\/\/ubirataonline.com.br\/wp-content\/uploads\/2026\/03\/Vorcaro-nao-quer-envolver-STF-em-delacao-18032026.jpg","contentUrl":"https:\/\/ubirataonline.com.br\/wp-content\/uploads\/2026\/03\/Vorcaro-nao-quer-envolver-STF-em-delacao-18032026.jpg","width":2400,"height":1676,"caption":"Os ministros Alexandre de Moraes e Dias Toffoli em sess\u00e3o plen\u00e1ria do STF - Pedro Ladeira\/Folhapress"},{"@type":"BreadcrumbList","@id":"https:\/\/ubirataonline.com.br\/vorcaro-nao-quer-envolver-stf-em-delacao-18-03-2026-monica-bergamo\/#breadcrumb","itemListElement":[{"@type":"ListItem","position":1,"name":"In\u00edcio","item":"https:\/\/ubirataonline.com.br\/"},{"@type":"ListItem","position":2,"name":"Vorcaro n\u00e3o quer envolver STF em dela\u00e7\u00e3o &#8211; 18\/03\/2026 &#8211; M\u00f4nica Bergamo"}]},{"@type":"WebSite","@id":"https:\/\/ubirataonline.com.br\/#website","url":"https:\/\/ubirataonline.com.br\/","name":"Ubirat\u00e3 Online Not\u00edcias","description":"Not\u00edcias de Ubirat\u00e3, regi\u00e3o, Brasil e mundo, com informa\u00e7\u00e3o atualizada e compromisso com o leitor.","publisher":{"@id":"https:\/\/ubirataonline.com.br\/#organization"},"alternateName":"Ubirat\u00e3 Online","potentialAction":[{"@type":"SearchAction","target":{"@type":"EntryPoint","urlTemplate":"https:\/\/ubirataonline.com.br\/?s={search_term_string}"},"query-input":{"@type":"PropertyValueSpecification","valueRequired":true,"valueName":"search_term_string"}}],"inLanguage":"en-US"},{"@type":["Organization","Place"],"@id":"https:\/\/ubirataonline.com.br\/#organization","name":"Ubirat\u00e3 Online Not\u00edcias","alternateName":"Ubirat\u00e3 Online","url":"https:\/\/ubirataonline.com.br\/","logo":{"@id":"https:\/\/ubirataonline.com.br\/vorcaro-nao-quer-envolver-stf-em-delacao-18-03-2026-monica-bergamo\/#local-main-organization-logo"},"image":{"@id":"https:\/\/ubirataonline.com.br\/vorcaro-nao-quer-envolver-stf-em-delacao-18-03-2026-monica-bergamo\/#local-main-organization-logo"},"sameAs":["https:\/\/www.facebook.com\/portalubirataonline","https:\/\/x.com\/ubirataonline","https:\/\/mastodon.social\/@ubirataonline","https:\/\/www.facebook.com\/groups\/311144672285604","https:\/\/www.facebook.com\/UBTAOnline","https:\/\/www.instagram.com\/portalubirataonline\/","https:\/\/twitter.com\/ubirataonline"],"description":"Somos um portal de not\u00edcias independente, criado em 5 de janeiro de 2009, com o objetivo de informar, conectar e valorizar a nossa comunidade de Ubirat\u00e3 e toda aregi\u00e3o. Com conte\u00fado atualizado, confi\u00e1vel e relevante, o Ubirat\u00e3 Online \u00e9 o seu espa\u00e7o para ficar por dentro dos principais acontecimentos locais, regionais, Brasil, Mundo e de interesse geral. Nosso compromisso \u00e9 com a verdade, a transpar\u00eancia e o respeito ao leitor.","legalName":"UBIRATA ONLINE NOT\u00cdCIAS","foundingDate":"2009-01-05","numberOfEmployees":{"@type":"QuantitativeValue","minValue":"1","maxValue":"10"},"publishingPrinciples":"https:\/\/ubirataonline.com.br\/faq\/","address":{"@id":"https:\/\/ubirataonline.com.br\/vorcaro-nao-quer-envolver-stf-em-delacao-18-03-2026-monica-bergamo\/#local-main-place-address"},"geo":{"@type":"GeoCoordinates","latitude":"-24.5361401","longitude":"-52.9921776"},"telephone":["+5544998308235"],"contactPoint":{"@type":"ContactPoint","email":"contato@ubirataonline.com.br"},"openingHoursSpecification":{"@type":"OpeningHoursSpecification","dayOfWeek":["Monday","Tuesday","Wednesday","Thursday","Friday","Saturday","Sunday"],"opens":"00:00","closes":"23:59"},"email":"contato@ubirataonline.com.br","vatID":"47.621.418\/0001-80"},{"@type":"Person","@id":"https:\/\/ubirataonline.com.br\/#\/schema\/person\/372f87bbd3fdd79b8556b84c98d0bc1c","name":"REDA\u00c7\u00c3O: UBIRAT\u00c3 ONLINE - F\u00c1BIO AUGUSTO CELESTINO","pronouns":"Ele","description":"Desde 2003 trabalhando com not\u00edcias.","sameAs":["http:\/\/ubirataoline.com.br","https:\/\/www.facebook.com\/portalubirataonline","https:\/\/www.instagram.com\/ubirataonline_oficial","https:\/\/x.com\/x.com\/ubirataonline"],"honorificPrefix":"Mr.","honorificSuffix":"MD","birthDate":"1980-06-16","gender":"masculino","award":["V\u00e1rios pr\u00eamios de melhor portal da cidade"],"jobTitle":"Diretor","url":"https:\/\/ubirataonline.com.br\/en\/author\/ubirataonline\/"},{"@type":"PostalAddress","@id":"https:\/\/ubirataonline.com.br\/vorcaro-nao-quer-envolver-stf-em-delacao-18-03-2026-monica-bergamo\/#local-main-place-address","streetAddress":"Rua dos Coqueiros, 104 - Bairro Boa Vista, Rua dos Coqueiros, 104 Bairro Boa Vista","addressLocality":"UBIRATA","postalCode":"85440-000","addressRegion":"PR","addressCountry":"BR"},{"@type":"ImageObject","inLanguage":"en-US","@id":"https:\/\/ubirataonline.com.br\/vorcaro-nao-quer-envolver-stf-em-delacao-18-03-2026-monica-bergamo\/#local-main-organization-logo","url":"https:\/\/ubirataonline.com.br\/wp-content\/uploads\/2026\/06\/logoubirataonline-1.webp","contentUrl":"https:\/\/ubirataonline.com.br\/wp-content\/uploads\/2026\/06\/logoubirataonline-1.webp","width":500,"height":500,"caption":"Ubirat\u00e3 Online Not\u00edcias"}]},"geo.placename":"UBIRATA","geo.position":{"lat":"-24.5361401","long":"-52.9921776"},"geo.region":"Brazil"},"_links":{"self":[{"href":"https:\/\/ubirataonline.com.br\/en\/wp-json\/wp\/v2\/posts\/95887","targetHints":{"allow":["GET"]}}],"collection":[{"href":"https:\/\/ubirataonline.com.br\/en\/wp-json\/wp\/v2\/posts"}],"about":[{"href":"https:\/\/ubirataonline.com.br\/en\/wp-json\/wp\/v2\/types\/post"}],"author":[{"embeddable":true,"href":"https:\/\/ubirataonline.com.br\/en\/wp-json\/wp\/v2\/users\/1"}],"replies":[{"embeddable":true,"href":"https:\/\/ubirataonline.com.br\/en\/wp-json\/wp\/v2\/comments?post=95887"}],"version-history":[{"count":0,"href":"https:\/\/ubirataonline.com.br\/en\/wp-json\/wp\/v2\/posts\/95887\/revisions"}],"wp:featuredmedia":[{"embeddable":true,"href":"https:\/\/ubirataonline.com.br\/en\/wp-json\/wp\/v2\/media\/95888"}],"wp:attachment":[{"href":"https:\/\/ubirataonline.com.br\/en\/wp-json\/wp\/v2\/media?parent=95887"}],"wp:term":[{"taxonomy":"category","embeddable":true,"href":"https:\/\/ubirataonline.com.br\/en\/wp-json\/wp\/v2\/categories?post=95887"},{"taxonomy":"post_tag","embeddable":true,"href":"https:\/\/ubirataonline.com.br\/en\/wp-json\/wp\/v2\/tags?post=95887"}],"curies":[{"name":"wp","href":"https:\/\/api.w.org\/{rel}","templated":true}]}}