{"id":96171,"date":"2026-03-20T09:03:45","date_gmt":"2026-03-20T12:03:45","guid":{"rendered":"https:\/\/ubirataonline.com.br\/audiencia-debateu-saude-mental-dos-profissionais-da-seguranca-no-parana\/"},"modified":"2026-03-20T09:03:47","modified_gmt":"2026-03-20T12:03:47","slug":"audiencia-debateu-saude-mental-dos-profissionais-da-seguranca-no-parana","status":"publish","type":"post","link":"https:\/\/ubirataonline.com.br\/en\/audiencia-debateu-saude-mental-dos-profissionais-da-seguranca-no-parana\/","title":{"rendered":"Audi\u00eancia debateu sa\u00fade mental dos profissionais da seguran\u00e7a no Paran\u00e1"},"content":{"rendered":"<p><\/p>\n<div id=\"post-content\">\n<p>A <strong>sa\u00fade mental dos profissionais da seguran\u00e7a p\u00fablica<\/strong> e privada do <strong>Paran\u00e1<\/strong> foi tema de <strong>audi\u00eancia p\u00fablica<\/strong>, na tarde desta quinta-feira (19), no Plenarinho da Assembleia Legislativa do Estado. Promovido pelo deputado <strong>Tito Barichello <\/strong>(Uni\u00e3o), o evento reuniu especialistas e representantes das for\u00e7as de seguran\u00e7a e destacou a gravidade do cen\u00e1rio envolvendo a sa\u00fade mental destes profissionais no pa\u00eds. <\/p>\n<p>\u201cO Brasil vive uma verdadeira cat\u00e1strofe quando falamos da sa\u00fade mental dos policiais. N\u00e3o \u00e9 um problema de um estado espec\u00edfico, \u00e9 uma realidade nacional\u201d, afirmou o parlamentar.<\/p>\n<p>L\u00edder do Bloco Parlamentar da Seguran\u00e7a P\u00fablica da Assembleia, o deputado chamou aten\u00e7\u00e3o para dados preocupantes, apontando que h\u00e1, em m\u00e9dia, um caso de <strong>suic\u00eddio de policial a cada tr\u00eas dias<\/strong> no pa\u00eds. Para ele, os n\u00fameros s\u00e3o inaceit\u00e1veis e evidenciam a urg\u00eancia de medidas concretas. \u201cMuitas vezes, \u00e9 mais prov\u00e1vel que um policial tire a pr\u00f3pria vida do que morra em confronto. Isso mostra o n\u00edvel de sofrimento enfrentado por esses profissionais\u201d, disse.<\/p>\n<p>Vice-presidente da Comiss\u00e3o de Seguran\u00e7a P\u00fablica da Assembleia, o deputado tamb\u00e9m defendeu que o poder p\u00fablico e a sociedade atuem de forma conjunta para enfrentar o problema, com foco em a\u00e7\u00f5es preventivas.<\/p>\n<p>O diretor do Sindicato dos Servidores da Socioeduca\u00e7\u00e3o do Paran\u00e1 (Sindesc), M\u00e1rio C\u00e9sar Monteiro, tamb\u00e9m apresentou dados preocupantes. Segundo ele, cerca de 20% da popula\u00e7\u00e3o geral apresenta algum tipo de transtorno mental, n\u00famero que ultrapassa 40% entre servidores policiais. <\/p>\n<p>Outro ponto levantado foi a expectativa de vida desses profissionais. Enquanto a m\u00e9dia nacional gira entre 73 e 75 anos, entre policiais esse \u00edndice cai para cerca de 62 anos, evidenciando o impacto das condi\u00e7\u00f5es de trabalho. \u201cO sistema s\u00f3 funciona com servidores em condi\u00e7\u00f5es f\u00edsicas e mentais adequadas. N\u00e3o adianta ter viaturas, pr\u00e9dios modernos e tecnologia se o profissional n\u00e3o estiver bem para exercer sua fun\u00e7\u00e3o\u201d, afirmou.<\/p>\n<p>Ele tamb\u00e9m lembrou que h\u00e1 leis voltadas \u00e0 sa\u00fade mental dos profissionais, mas criticou a falta de efetividade na aplica\u00e7\u00e3o dessas normas. \u201cNos \u00faltimos anos, diversas legisla\u00e7\u00f5es foram aprovadas, mas n\u00e3o sa\u00edram do papel\u201d, afirmou.<\/p>\n<h2 class=\"wp-block-heading\" id=\"h-fatores-do-adoecimento\"><b>Fatores do adoecimento <\/b><\/h2>\n<p>O policial penal Cristiano da Luz, diretor do Sindicato dos Policiais Penais do Estado do Paran\u00e1 (Sindarspen), tamb\u00e9m apresentou dados preocupantes sobre a categoria, indicando que mais de 50% dos policiais penais j\u00e1 relataram algum tipo de problema relacionado \u00e0 sa\u00fade mental. \u201c\u00c9 fundamental que haja pol\u00edticas p\u00fablicas voltadas \u00e0 sa\u00fade mental desses profissionais, com a\u00e7\u00f5es preventivas e suporte adequado\u201d, destacou.<\/p>\n<p>E entre as propostas, mencionou a revis\u00e3o das regras de aposentadoria da categoria. Atualmente, o tempo exigido \u00e9 de 30 anos de servi\u00e7o, o que, segundo ele, n\u00e3o condiz com a realidade de<strong> insalubridade e risco da profiss\u00e3o.<\/strong> A sugest\u00e3o \u00e9 a redu\u00e7\u00e3o desse per\u00edodo e a cria\u00e7\u00e3o de uma rede de atendimento em sa\u00fade mental, com profissionais conveniados ao Estado, para garantir acesso facilitado aos policiais que necessitem de acompanhamento psicol\u00f3gico ou psiqui\u00e1trico.<\/p>\n<p>A presidente do Sindicato das Classes Policiais Civis do Estado do Paran\u00e1 (Sinclapol), Valqu\u00edria Gil Tisque, citou a sobrecarga de trabalho enfrentada pela categoria e a falta de efetivo como um dos principais fatores que contribuem para o aumento dos casos de adoecimento mental entre os policiais. \u201cA demanda s\u00f3 cresce, mas o n\u00famero de profissionais n\u00e3o acompanha. Isso gera uma sobrecarga cont\u00ednua, que impacta diretamente na sa\u00fade dos trabalhadores\u201d, disse.<\/p>\n<p>E, entre as reivindica\u00e7\u00f5es apresentadas ela citou a necessidade de amplia\u00e7\u00e3o do efetivo e melhores condi\u00e7\u00f5es de trabalho. \u201cEssas medidas n\u00e3o apenas beneficiariam os policiais, mas tamb\u00e9m refletiriam na qualidade do servi\u00e7o prestado \u00e0 popula\u00e7\u00e3o paranaense\u201d, disse.<\/p>\n<h2 class=\"wp-block-heading\" id=\"h-olhar-preventivo\"><b>Olhar preventivo <\/b><\/h2>\n<p>Segundo a representante do Conselho Regional de Psicologia do Paran\u00e1, a psic\u00f3loga J\u00e9ssica Tonioti da Purifica\u00e7\u00e3o, os quadros mais recorrentes est\u00e3o relacionados \u00e0 ansiedade, depress\u00e3o e estresse p\u00f3s-traum\u00e1tico. Ela alertou que essas condi\u00e7\u00f5es, em muitos casos, podem ocorrer de forma simult\u00e2nea e evoluir para situa\u00e7\u00f5es mais graves. \u201cEsses transtornos podem estar associados \u00e0 idea\u00e7\u00e3o suicida, o que \u00e9 extremamente preocupante, especialmente quando falamos de uma categoria que tem acesso facilitado a meios letais\u201d, destacou.<\/p>\n<p>A psic\u00f3loga refor\u00e7ou a necessidade de um olhar preventivo dentro da atua\u00e7\u00e3o profissional, com foco na identifica\u00e7\u00e3o de fatores de risco e no acompanhamento cont\u00ednuo desses trabalhadores. De acordo com ela, embora os aspectos psicol\u00f3gicos sejam centrais, \u00e9 fundamental considerar tamb\u00e9m fatores ambientais e estruturais inerentes \u00e0 atividade na seguran\u00e7a p\u00fablica.<\/p>\n<p>O vice-presidente do Sindicato dos Peritos Oficiais e Auxiliares do Estado do Paran\u00e1 (Sinpoapar), Paulo Andr\u00e9 de Brito, descreveu parte da atividade policial, detalhando processos que n\u00e3o s\u00e3os normais \u00e0s pessoas comuns o que contribuiu para o adoecimento da classe. O inspetor Gilberto Ramos de Oliveira, diretor do Centro de Forma\u00e7\u00e3o da Guarda Municipal, lembrou que o tema est\u00e1 amparado pela Lei 14.531\/2023, que alterou a Lei 13.675\/2018, respons\u00e1vel por institui o Sistema \u00danico de Seguran\u00e7a P\u00fablica (<em>Susp<\/em>). \u201cIsso refor\u00e7a a relev\u00e2ncia da sa\u00fade mental como parte das pol\u00edticas p\u00fablicas de seguran\u00e7a\u201d.<\/p>\n<h2 class=\"wp-block-heading\" id=\"h-diversas-areas\"><b>Diversas \u00e1reas<\/b><\/h2>\n<p>O diretor do Sindicato dos Vigilantes de Curitiba e Regi\u00e3o, Elizeu Ruivo, falou sobre o trabalho dos profissionais da seguran\u00e7a privada que tamb\u00e9m enfrentam desafios e momentos de tens\u00e3o que elevam os quadros de sa\u00fade. \u201cNa lista de afastamento do INSS, os vigilantes figuram em nono lugar. No Paran\u00e1, mais de 24 mil pessoas da \u00e1rea p\u00fablica e privada est\u00e3o afastadas de suas atividades por quest\u00f5es de sa\u00fade mental\u201d, pontuou.<\/p>\n<p>J\u00e1 o sargento Edilson dos Santos, da Associa\u00e7\u00e3o de Defesa dos Direitos dos Policiais e Bombeiros Militares Ativos, Inativos e Pensionistas (Amai), falou sobre a falta do efetivo, a sobrecarga de trabalho, extrajornada e perdas de benef\u00edcios. O vice-presidente do Sindicato dos Delegados de Pol\u00edcia do Estado do Paran\u00e1 (Sidepol), Fabiano Oliveira de Arruda, tamb\u00e9m falou sobre a sa\u00fade dos policiais e afirmou ser fundamental pensar na sa\u00fade como um todo, tanto na f\u00edsica e mental, como na cria\u00e7\u00e3o de protocolos seguros para os profissionais e suas fam\u00edlias.<\/p>\n<p>Al\u00e9m de representantes de diversas entidades e associa\u00e7\u00f5es da \u00e1rea da seguran\u00e7a, o evento contou com a participa\u00e7\u00e3o da vereadora de Curitiba, Tathiana Guzella (Uni\u00e3o).<\/p>\n<p>\u00a0<\/p>\n<p>\u00a0<\/p>\n<p><b>\u00a0<\/b><\/p>\n<p>\u00a0<\/p>\n<section class=\"virals\">\n<article class=\"cardnews cardnews--post cardnews--has-thumbnail cardnews--editorial-noticias\"> <a href=\"https:\/\/www.tribunapr.com.br\/noticias\/parana\/golpe-do-ipva-engana-profissional-da-tecnologia-no-parana-como-evitar-a-fraude\/?utm_source=noticias-virais-rodape&amp;utm_medium=internal-tribuna&amp;utm_campaign=tribuna\" class=\"cardnews__postlink\"> <\/p>\n<div class=\"cardnews__image\" is-api-thumb=\"\"><\/div>\n<div class=\"cardnews__content cardhome__content\">\n<div class=\"cardnews__content-wrapper\">\n<p> <span style=\"\"> Fique atento! <\/span> <\/p>\n<p>At\u00e9 especialistas ca\u00edram: o detalhe no boleto do IPVA que rouba seu dinheiro<\/p>\n<\/p><\/div>\n<\/p><\/div>\n<p> <\/a> <\/article>\n<article class=\"cardnews cardnews--post cardnews--has-thumbnail cardnews--editorial-noticias\"> <a href=\"https:\/\/www.tribunapr.com.br\/noticias\/curitiba-regiao\/litoral-do-parana-passa-a-figurar-entre-os-mais-valorizados-do-pais\/?utm_source=noticias-virais-rodape&amp;utm_medium=internal-tribuna&amp;utm_campaign=tribuna\" class=\"cardnews__postlink\"> <\/p>\n<div class=\"cardnews__image\" is-api-thumb=\"\"><img decoding=\"async\" src=\"https:\/\/www.tribunapr.com.br\/wp-content\/uploads\/2026\/02\/04151141\/matinhos-litoral-370x210.jpg\" loading=\"lazy\" alt=\"Adeus, pre\u00e7os baixos? Esta regi\u00e3o do Paran\u00e1 virou a nova 'mina de ouro'\"\/><\/div>\n<div class=\"cardnews__content cardhome__content\">\n<div class=\"cardnews__content-wrapper\">\n<p> <span style=\"\"> Mercado imobili\u00e1rio <\/span> <\/p>\n<p>Adeus, pre\u00e7os baixos? Esta regi\u00e3o do Paran\u00e1 virou a nova &#8216;mina de ouro&#8217;<\/p>\n<\/p><\/div>\n<\/p><\/div>\n<p> <\/a> <\/article>\n<article class=\"cardnews cardnews--post cardnews--has-thumbnail cardnews--editorial-noticias\"> <a href=\"https:\/\/www.tribunapr.com.br\/blogs\/rango-barateza\/biscoitos-da-vovo-elza-tradicao-que-nasceu-do-afeto-e-conquistou-curitiba\/?utm_source=noticias-virais-rodape&amp;utm_medium=internal-tribuna&amp;utm_campaign=tribuna\" class=\"cardnews__postlink\"> <\/p>\n<div class=\"cardnews__image\" is-api-thumb=\"\"><img decoding=\"async\" src=\"https:\/\/www.tribunapr.com.br\/wp-content\/uploads\/2026\/02\/06135141\/vovo-elza-02-770x440-1-370x210.webp\" loading=\"lazy\" alt=\"O segredo de Curitiba: como uma receita de fam\u00edlia virou um imp\u00e9rio do afeto\"\/><\/div>\n<div class=\"cardnews__content cardhome__content\">\n<div class=\"cardnews__content-wrapper\">\n<p> <span style=\"\"> Rango Barateza! <\/span> <\/p>\n<p>O segredo de Curitiba: como uma receita de fam\u00edlia virou um imp\u00e9rio do afeto<\/p>\n<\/p><\/div>\n<\/p><\/div>\n<p> <\/a> <\/article>\n<\/section>\n<div id=\"tribuna-follow-cta\">\n<p> <span class=\"cta-title\">Siga a <span class=\"tribuna-color\">Tribuna<\/span> no Google, e acompanhe as \u00faltimas not\u00edcias de Curitiba e regi\u00e3o!<\/span> <\/p>\n<p> <a href=\"https:\/\/profile.google.com\/cp\/CgwvZy8xMmxxajUzM3Mac2h0dHBzOi8vd3d3LnRyaWJ1bmFwci5jb20uYnIvdml2YS92aXRyaW5lL2dpZ2FudGUtZG8tdmVzdHVhcmlvLXJlaW5hdWd1cmEtbG9qYS1lbS1zaG9wcGluZy10cmFkaWNpb25hbC1kZS1jdXJpdGliYS8iElRyaWJ1bmEgZG8gUGFyYW7DoSqAAwrHAWh0dHBzOi8vZW5jcnlwdGVkLXRibjIuZ3N0YXRpYy5jb20vZmF2aWNvbi10Ym4_cT10Ym46QU5kOUdjUVJPbjVDRjR6TzJPbkUwTXZrRlRCRTY2U0g1bGlaVDRaZTV3bWNKeU5GRm1BSnluM01nNU9PR3BXY1pYMzZwYU5HUWtsZ09JVEFLTTNNZVNGbTc1aWp6M3k2ajUtQ3M2b25kX2JUcFFQQkVLd3RsUjBsTmJESnUtVHhrNXQtbFlCNlVpOWZSVVFjT2cSswFodHRwczovL2VuY3J5cHRlZC10Ym4zLmdzdGF0aWMuY29tL2Zhdmljb24tdGJuP3E9dGJuJTNBQU5kOUdjU0FMaWJ2eFF0YXdFMFRueVdWWmVKRS1MZEdRZjVTUi1OZ2RMazhyZzIwVy1nM0JuQ1F4VDNKZFBjRXR2THdBeVRxUDJEdHVycEdVR29CQkxpYzM5al9wSmFxRERaMHNCYW05WEVhSGVsMmZTQmdKdlF4WWVyMw\" target=\"_blank\" title=\"Seguir a Tribuna no Google\">  <\/a> <\/div>\n<\/p><\/div>\n<p><a href=\"https:\/\/www.tribunapr.com.br\/noticias\/parana\/audiencia-debateu-saude-mental-dos-profissionais-da-seguranca-no-parana\/\">Fonte do Artigo <\/a><\/p>","protected":false},"excerpt":{"rendered":"<p>A sa\u00fade mental dos profissionais da seguran\u00e7a p\u00fablica e privada do Paran\u00e1 foi tema de audi\u00eancia p\u00fablica, na tarde desta quinta-feira (19), no Plenarinho da Assembleia Legislativa do Estado. Promovido pelo deputado Tito Barichello (Uni\u00e3o), o evento reuniu especialistas e representantes das for\u00e7as de seguran\u00e7a e destacou a gravidade do cen\u00e1rio envolvendo a sa\u00fade mental [&hellip;]<\/p>\n","protected":false},"author":1,"featured_media":96172,"comment_status":"closed","ping_status":"","sticky":false,"template":"","format":"standard","meta":{"googlesitekit_rrm_CAow2JLhCw:productID":"","_gspb_post_css":"","maa_idioma":"","maa_pais":"","footnotes":""},"categories":[1],"tags":[229,23366,3113,6751,90,17090,78,4172],"class_list":["post-96171","post","type-post","status-publish","format-standard","has-post-thumbnail","hentry","category-ubirata","tag-audiencia","tag-debateu","tag-dos","tag-mental","tag-parana","tag-profissionais","tag-saude","tag-seguranca"],"blocksy_meta":[],"yoast_head":"<!-- This site is optimized with the Yoast SEO Premium plugin v27.6 (Yoast SEO v27.6) - https:\/\/yoast.com\/product\/yoast-seo-premium-wordpress\/ -->\n<title>Audi\u00eancia debateu sa\u00fade mental dos profissionais da seguran\u00e7a no Paran\u00e1 - Ubirat\u00e3 Online Not\u00edcias - A realidade ao seu alcance!<\/title>\n<meta name=\"description\" content=\"A sa\u00fade mental dos profissionais da seguran\u00e7a p\u00fablica e privada do Paran\u00e1 foi tema de audi\u00eancia p\u00fablica, na tarde desta quinta-feira (19), no Plenarinho\" \/>\n<meta name=\"robots\" content=\"index, follow, max-snippet:-1, max-image-preview:large, max-video-preview:-1\" \/>\n<link rel=\"canonical\" href=\"https:\/\/ubirataonline.com.br\/en\/audiencia-debateu-saude-mental-dos-profissionais-da-seguranca-no-parana\/\" \/>\n<meta property=\"og:locale\" content=\"en_US\" \/>\n<meta property=\"og:type\" content=\"article\" \/>\n<meta property=\"og:title\" content=\"Audi\u00eancia debateu sa\u00fade mental dos profissionais da seguran\u00e7a no Paran\u00e1\" \/>\n<meta property=\"og:description\" content=\"A sa\u00fade mental dos profissionais da seguran\u00e7a p\u00fablica e privada do Paran\u00e1 foi tema de audi\u00eancia p\u00fablica, na tarde desta quinta-feira (19), no Plenarinho\" \/>\n<meta property=\"og:url\" content=\"https:\/\/ubirataonline.com.br\/en\/audiencia-debateu-saude-mental-dos-profissionais-da-seguranca-no-parana\/\" \/>\n<meta property=\"og:site_name\" content=\"Ubirat\u00e3 Online Not\u00edcias - A realidade ao seu alcance!\" \/>\n<meta property=\"article:publisher\" content=\"https:\/\/www.facebook.com\/portalubirataonline\" \/>\n<meta property=\"article:author\" content=\"https:\/\/www.facebook.com\/portalubirataonline\" \/>\n<meta property=\"article:published_time\" content=\"2026-03-20T12:03:45+00:00\" \/>\n<meta property=\"article:modified_time\" content=\"2026-03-20T12:03:47+00:00\" \/>\n<meta property=\"og:image\" content=\"https:\/\/ubirataonline.com.br\/wp-content\/uploads\/2026\/03\/Audiencia-debateu-saude-mental-dos-profissionais-da-seguranca-no-Parana.jpg\" \/>\n\t<meta property=\"og:image:width\" content=\"1202\" \/>\n\t<meta property=\"og:image:height\" content=\"675\" \/>\n\t<meta property=\"og:image:type\" content=\"image\/jpeg\" \/>\n<meta name=\"author\" content=\"REDA\u00c7\u00c3O: UBIRAT\u00c3 ONLINE - F\u00c1BIO AUGUSTO CELESTINO\" \/>\n<meta name=\"twitter:card\" content=\"summary_large_image\" \/>\n<meta name=\"twitter:creator\" content=\"@x.com\/ubirataonline\" \/>\n<meta name=\"twitter:site\" content=\"@ubirataonline\" \/>\n<meta name=\"twitter:label1\" content=\"Written by\" \/>\n\t<meta name=\"twitter:data1\" content=\"REDA\u00c7\u00c3O: UBIRAT\u00c3 ONLINE - F\u00c1BIO AUGUSTO CELESTINO\" \/>\n\t<meta name=\"twitter:label2\" content=\"Est. reading time\" \/>\n\t<meta name=\"twitter:data2\" content=\"6 minutes\" \/>\n<script type=\"application\/ld+json\" class=\"yoast-schema-graph\">{\"@context\":\"https:\\\/\\\/schema.org\",\"@graph\":[{\"@type\":\"NewsArticle\",\"@id\":\"https:\\\/\\\/ubirataonline.com.br\\\/audiencia-debateu-saude-mental-dos-profissionais-da-seguranca-no-parana\\\/#article\",\"isPartOf\":{\"@id\":\"https:\\\/\\\/ubirataonline.com.br\\\/audiencia-debateu-saude-mental-dos-profissionais-da-seguranca-no-parana\\\/\"},\"author\":{\"name\":\"REDA\u00c7\u00c3O: UBIRAT\u00c3 ONLINE - F\u00c1BIO AUGUSTO CELESTINO\",\"@id\":\"https:\\\/\\\/ubirataonline.com.br\\\/#\\\/schema\\\/person\\\/372f87bbd3fdd79b8556b84c98d0bc1c\"},\"headline\":\"Audi\u00eancia debateu sa\u00fade mental dos profissionais da seguran\u00e7a no Paran\u00e1\",\"datePublished\":\"2026-03-20T12:03:45+00:00\",\"dateModified\":\"2026-03-20T12:03:47+00:00\",\"mainEntityOfPage\":{\"@id\":\"https:\\\/\\\/ubirataonline.com.br\\\/audiencia-debateu-saude-mental-dos-profissionais-da-seguranca-no-parana\\\/\"},\"wordCount\":1183,\"publisher\":{\"@id\":\"https:\\\/\\\/ubirataonline.com.br\\\/#organization\"},\"image\":{\"@id\":\"https:\\\/\\\/ubirataonline.com.br\\\/audiencia-debateu-saude-mental-dos-profissionais-da-seguranca-no-parana\\\/#primaryimage\"},\"thumbnailUrl\":\"https:\\\/\\\/ubirataonline.com.br\\\/wp-content\\\/uploads\\\/2026\\\/03\\\/Audiencia-debateu-saude-mental-dos-profissionais-da-seguranca-no-Parana.jpg\",\"keywords\":[\"Audiencia\",\"debateu\",\"dos\",\"mental\",\"paran\u00e1\",\"profissionais\",\"sa\u00fade\",\"seguran\u00e7a\"],\"articleSection\":[\"Ubirat\u00e3\"],\"inLanguage\":\"en-US\",\"copyrightYear\":\"2026\",\"copyrightHolder\":{\"@id\":\"https:\\\/\\\/ubirataonline.com.br\\\/en\\\/#organization\"}},{\"@type\":\"WebPage\",\"@id\":\"https:\\\/\\\/ubirataonline.com.br\\\/audiencia-debateu-saude-mental-dos-profissionais-da-seguranca-no-parana\\\/\",\"url\":\"https:\\\/\\\/ubirataonline.com.br\\\/audiencia-debateu-saude-mental-dos-profissionais-da-seguranca-no-parana\\\/\",\"name\":\"Audi\u00eancia debateu sa\u00fade mental dos profissionais da seguran\u00e7a no Paran\u00e1 - Ubirat\u00e3 Online Not\u00edcias - A realidade ao seu alcance!\",\"isPartOf\":{\"@id\":\"https:\\\/\\\/ubirataonline.com.br\\\/#website\"},\"primaryImageOfPage\":{\"@id\":\"https:\\\/\\\/ubirataonline.com.br\\\/audiencia-debateu-saude-mental-dos-profissionais-da-seguranca-no-parana\\\/#primaryimage\"},\"image\":{\"@id\":\"https:\\\/\\\/ubirataonline.com.br\\\/audiencia-debateu-saude-mental-dos-profissionais-da-seguranca-no-parana\\\/#primaryimage\"},\"thumbnailUrl\":\"https:\\\/\\\/ubirataonline.com.br\\\/wp-content\\\/uploads\\\/2026\\\/03\\\/Audiencia-debateu-saude-mental-dos-profissionais-da-seguranca-no-Parana.jpg\",\"datePublished\":\"2026-03-20T12:03:45+00:00\",\"dateModified\":\"2026-03-20T12:03:47+00:00\",\"description\":\"A sa\u00fade mental dos profissionais da seguran\u00e7a p\u00fablica e privada do Paran\u00e1 foi tema de audi\u00eancia p\u00fablica, na tarde desta quinta-feira (19), no Plenarinho\",\"breadcrumb\":{\"@id\":\"https:\\\/\\\/ubirataonline.com.br\\\/audiencia-debateu-saude-mental-dos-profissionais-da-seguranca-no-parana\\\/#breadcrumb\"},\"inLanguage\":\"en-US\",\"potentialAction\":[{\"@type\":\"ReadAction\",\"target\":[\"https:\\\/\\\/ubirataonline.com.br\\\/audiencia-debateu-saude-mental-dos-profissionais-da-seguranca-no-parana\\\/\"]}]},{\"@type\":\"ImageObject\",\"inLanguage\":\"en-US\",\"@id\":\"https:\\\/\\\/ubirataonline.com.br\\\/audiencia-debateu-saude-mental-dos-profissionais-da-seguranca-no-parana\\\/#primaryimage\",\"url\":\"https:\\\/\\\/ubirataonline.com.br\\\/wp-content\\\/uploads\\\/2026\\\/03\\\/Audiencia-debateu-saude-mental-dos-profissionais-da-seguranca-no-Parana.jpg\",\"contentUrl\":\"https:\\\/\\\/ubirataonline.com.br\\\/wp-content\\\/uploads\\\/2026\\\/03\\\/Audiencia-debateu-saude-mental-dos-profissionais-da-seguranca-no-Parana.jpg\",\"width\":1202,\"height\":675,\"caption\":\"Audi\u00eancia p\u00fablica foi realizada no Plenarinho da Assembleia. \\\/ Foto: Orlando Kissner\\\/Alep\"},{\"@type\":\"BreadcrumbList\",\"@id\":\"https:\\\/\\\/ubirataonline.com.br\\\/audiencia-debateu-saude-mental-dos-profissionais-da-seguranca-no-parana\\\/#breadcrumb\",\"itemListElement\":[{\"@type\":\"ListItem\",\"position\":1,\"name\":\"In\u00edcio\",\"item\":\"https:\\\/\\\/ubirataonline.com.br\\\/\"},{\"@type\":\"ListItem\",\"position\":2,\"name\":\"Audi\u00eancia debateu sa\u00fade mental dos profissionais da seguran\u00e7a no Paran\u00e1\"}]},{\"@type\":\"WebSite\",\"@id\":\"https:\\\/\\\/ubirataonline.com.br\\\/#website\",\"url\":\"https:\\\/\\\/ubirataonline.com.br\\\/\",\"name\":\"Ubirat\u00e3 Online Not\u00edcias\",\"description\":\"Not\u00edcias de Ubirat\u00e3, regi\u00e3o, Brasil e mundo, com informa\u00e7\u00e3o atualizada e compromisso com o leitor.\",\"publisher\":{\"@id\":\"https:\\\/\\\/ubirataonline.com.br\\\/#organization\"},\"alternateName\":\"Ubirat\u00e3 Online\",\"potentialAction\":[{\"@type\":\"SearchAction\",\"target\":{\"@type\":\"EntryPoint\",\"urlTemplate\":\"https:\\\/\\\/ubirataonline.com.br\\\/?s={search_term_string}\"},\"query-input\":{\"@type\":\"PropertyValueSpecification\",\"valueRequired\":true,\"valueName\":\"search_term_string\"}}],\"inLanguage\":\"en-US\"},{\"@type\":[\"Organization\",\"Place\"],\"@id\":\"https:\\\/\\\/ubirataonline.com.br\\\/#organization\",\"name\":\"Ubirat\u00e3 Online Not\u00edcias\",\"alternateName\":\"Ubirat\u00e3 Online\",\"url\":\"https:\\\/\\\/ubirataonline.com.br\\\/\",\"logo\":{\"@id\":\"https:\\\/\\\/ubirataonline.com.br\\\/audiencia-debateu-saude-mental-dos-profissionais-da-seguranca-no-parana\\\/#local-main-organization-logo\"},\"image\":{\"@id\":\"https:\\\/\\\/ubirataonline.com.br\\\/audiencia-debateu-saude-mental-dos-profissionais-da-seguranca-no-parana\\\/#local-main-organization-logo\"},\"sameAs\":[\"https:\\\/\\\/www.facebook.com\\\/portalubirataonline\",\"https:\\\/\\\/x.com\\\/ubirataonline\",\"https:\\\/\\\/mastodon.social\\\/@ubirataonline\",\"https:\\\/\\\/www.facebook.com\\\/groups\\\/311144672285604\",\"https:\\\/\\\/www.facebook.com\\\/UBTAOnline\",\"https:\\\/\\\/www.instagram.com\\\/portalubirataonline\\\/\",\"https:\\\/\\\/twitter.com\\\/ubirataonline\"],\"description\":\"Somos um portal de not\u00edcias independente, criado em 5 de janeiro de 2009, com o objetivo de informar, conectar e valorizar a nossa comunidade de Ubirat\u00e3 e toda aregi\u00e3o. Com conte\u00fado atualizado, confi\u00e1vel e relevante, o Ubirat\u00e3 Online \u00e9 o seu espa\u00e7o para ficar por dentro dos principais acontecimentos locais, regionais, Brasil, Mundo e de interesse geral. Nosso compromisso \u00e9 com a verdade, a transpar\u00eancia e o respeito ao leitor.\",\"legalName\":\"UBIRATA ONLINE NOT\u00cdCIAS\",\"foundingDate\":\"2009-01-05\",\"numberOfEmployees\":{\"@type\":\"QuantitativeValue\",\"minValue\":\"1\",\"maxValue\":\"10\"},\"publishingPrinciples\":\"https:\\\/\\\/ubirataonline.com.br\\\/faq\\\/\",\"address\":{\"@id\":\"https:\\\/\\\/ubirataonline.com.br\\\/audiencia-debateu-saude-mental-dos-profissionais-da-seguranca-no-parana\\\/#local-main-place-address\"},\"geo\":{\"@type\":\"GeoCoordinates\",\"latitude\":\"-24.5361401\",\"longitude\":\"-52.9921776\"},\"telephone\":[\"+5544998308235\"],\"contactPoint\":{\"@type\":\"ContactPoint\",\"email\":\"contato@ubirataonline.com.br\"},\"openingHoursSpecification\":{\"@type\":\"OpeningHoursSpecification\",\"dayOfWeek\":[\"Monday\",\"Tuesday\",\"Wednesday\",\"Thursday\",\"Friday\",\"Saturday\",\"Sunday\"],\"opens\":\"00:00\",\"closes\":\"23:59\"},\"email\":\"contato@ubirataonline.com.br\",\"vatID\":\"47.621.418\\\/0001-80\"},{\"@type\":\"Person\",\"@id\":\"https:\\\/\\\/ubirataonline.com.br\\\/#\\\/schema\\\/person\\\/372f87bbd3fdd79b8556b84c98d0bc1c\",\"name\":\"REDA\u00c7\u00c3O: UBIRAT\u00c3 ONLINE - F\u00c1BIO AUGUSTO CELESTINO\",\"pronouns\":\"Ele\",\"description\":\"Desde 2003 trabalhando com not\u00edcias.\",\"sameAs\":[\"http:\\\/\\\/ubirataoline.com.br\",\"https:\\\/\\\/www.facebook.com\\\/portalubirataonline\",\"https:\\\/\\\/www.instagram.com\\\/ubirataonline_oficial\",\"https:\\\/\\\/x.com\\\/x.com\\\/ubirataonline\"],\"honorificPrefix\":\"Mr.\",\"honorificSuffix\":\"MD\",\"birthDate\":\"1980-06-16\",\"gender\":\"masculino\",\"award\":[\"V\u00e1rios pr\u00eamios de melhor portal da cidade\"],\"jobTitle\":\"Diretor\",\"url\":\"https:\\\/\\\/ubirataonline.com.br\\\/en\\\/author\\\/ubirataonline\\\/\"},{\"@type\":\"PostalAddress\",\"@id\":\"https:\\\/\\\/ubirataonline.com.br\\\/audiencia-debateu-saude-mental-dos-profissionais-da-seguranca-no-parana\\\/#local-main-place-address\",\"streetAddress\":\"Rua dos Coqueiros, 104 - Bairro Boa Vista, Rua dos Coqueiros, 104 Bairro Boa Vista\",\"addressLocality\":\"UBIRATA\",\"postalCode\":\"85440-000\",\"addressRegion\":\"PR\",\"addressCountry\":\"BR\"},{\"@type\":\"ImageObject\",\"inLanguage\":\"en-US\",\"@id\":\"https:\\\/\\\/ubirataonline.com.br\\\/audiencia-debateu-saude-mental-dos-profissionais-da-seguranca-no-parana\\\/#local-main-organization-logo\",\"url\":\"https:\\\/\\\/ubirataonline.com.br\\\/wp-content\\\/uploads\\\/2026\\\/06\\\/logoubirataonline-1.webp\",\"contentUrl\":\"https:\\\/\\\/ubirataonline.com.br\\\/wp-content\\\/uploads\\\/2026\\\/06\\\/logoubirataonline-1.webp\",\"width\":500,\"height\":500,\"caption\":\"Ubirat\u00e3 Online Not\u00edcias\"}]}<\/script>\n<meta name=\"geo.placename\" content=\"UBIRATA\" \/>\n<meta name=\"geo.position\" content=\"-24.5361401;-52.9921776\" \/>\n<meta name=\"geo.region\" content=\"Brazil\" \/>\n<!-- \/ Yoast SEO Premium plugin. -->","yoast_head_json":{"title":"Audi\u00eancia debateu sa\u00fade mental dos profissionais da seguran\u00e7a no Paran\u00e1 - Ubirat\u00e3 Online Not\u00edcias - A realidade ao seu alcance!","description":"A sa\u00fade mental dos profissionais da seguran\u00e7a p\u00fablica e privada do Paran\u00e1 foi tema de audi\u00eancia p\u00fablica, na tarde desta quinta-feira (19), no Plenarinho","robots":{"index":"index","follow":"follow","max-snippet":"max-snippet:-1","max-image-preview":"max-image-preview:large","max-video-preview":"max-video-preview:-1"},"canonical":"https:\/\/ubirataonline.com.br\/en\/audiencia-debateu-saude-mental-dos-profissionais-da-seguranca-no-parana\/","og_locale":"en_US","og_type":"article","og_title":"Audi\u00eancia debateu sa\u00fade mental dos profissionais da seguran\u00e7a no Paran\u00e1","og_description":"A sa\u00fade mental dos profissionais da seguran\u00e7a p\u00fablica e privada do Paran\u00e1 foi tema de audi\u00eancia p\u00fablica, na tarde desta quinta-feira (19), no Plenarinho","og_url":"https:\/\/ubirataonline.com.br\/en\/audiencia-debateu-saude-mental-dos-profissionais-da-seguranca-no-parana\/","og_site_name":"Ubirat\u00e3 Online Not\u00edcias - A realidade ao seu alcance!","article_publisher":"https:\/\/www.facebook.com\/portalubirataonline","article_author":"https:\/\/www.facebook.com\/portalubirataonline","article_published_time":"2026-03-20T12:03:45+00:00","article_modified_time":"2026-03-20T12:03:47+00:00","og_image":[{"width":1202,"height":675,"url":"https:\/\/ubirataonline.com.br\/wp-content\/uploads\/2026\/03\/Audiencia-debateu-saude-mental-dos-profissionais-da-seguranca-no-Parana.jpg","type":"image\/jpeg"}],"author":"REDA\u00c7\u00c3O: UBIRAT\u00c3 ONLINE - F\u00c1BIO AUGUSTO CELESTINO","twitter_card":"summary_large_image","twitter_creator":"@x.com\/ubirataonline","twitter_site":"@ubirataonline","twitter_misc":{"Written by":"REDA\u00c7\u00c3O: UBIRAT\u00c3 ONLINE - F\u00c1BIO AUGUSTO CELESTINO","Est. reading time":"6 minutes"},"schema":{"@context":"https:\/\/schema.org","@graph":[{"@type":"NewsArticle","@id":"https:\/\/ubirataonline.com.br\/audiencia-debateu-saude-mental-dos-profissionais-da-seguranca-no-parana\/#article","isPartOf":{"@id":"https:\/\/ubirataonline.com.br\/audiencia-debateu-saude-mental-dos-profissionais-da-seguranca-no-parana\/"},"author":{"name":"REDA\u00c7\u00c3O: UBIRAT\u00c3 ONLINE - F\u00c1BIO AUGUSTO CELESTINO","@id":"https:\/\/ubirataonline.com.br\/#\/schema\/person\/372f87bbd3fdd79b8556b84c98d0bc1c"},"headline":"Audi\u00eancia debateu sa\u00fade mental dos profissionais da seguran\u00e7a no Paran\u00e1","datePublished":"2026-03-20T12:03:45+00:00","dateModified":"2026-03-20T12:03:47+00:00","mainEntityOfPage":{"@id":"https:\/\/ubirataonline.com.br\/audiencia-debateu-saude-mental-dos-profissionais-da-seguranca-no-parana\/"},"wordCount":1183,"publisher":{"@id":"https:\/\/ubirataonline.com.br\/#organization"},"image":{"@id":"https:\/\/ubirataonline.com.br\/audiencia-debateu-saude-mental-dos-profissionais-da-seguranca-no-parana\/#primaryimage"},"thumbnailUrl":"https:\/\/ubirataonline.com.br\/wp-content\/uploads\/2026\/03\/Audiencia-debateu-saude-mental-dos-profissionais-da-seguranca-no-Parana.jpg","keywords":["Audiencia","debateu","dos","mental","paran\u00e1","profissionais","sa\u00fade","seguran\u00e7a"],"articleSection":["Ubirat\u00e3"],"inLanguage":"en-US","copyrightYear":"2026","copyrightHolder":{"@id":"https:\/\/ubirataonline.com.br\/en\/#organization"}},{"@type":"WebPage","@id":"https:\/\/ubirataonline.com.br\/audiencia-debateu-saude-mental-dos-profissionais-da-seguranca-no-parana\/","url":"https:\/\/ubirataonline.com.br\/audiencia-debateu-saude-mental-dos-profissionais-da-seguranca-no-parana\/","name":"Audi\u00eancia debateu sa\u00fade mental dos profissionais da seguran\u00e7a no Paran\u00e1 - Ubirat\u00e3 Online Not\u00edcias - A realidade ao seu alcance!","isPartOf":{"@id":"https:\/\/ubirataonline.com.br\/#website"},"primaryImageOfPage":{"@id":"https:\/\/ubirataonline.com.br\/audiencia-debateu-saude-mental-dos-profissionais-da-seguranca-no-parana\/#primaryimage"},"image":{"@id":"https:\/\/ubirataonline.com.br\/audiencia-debateu-saude-mental-dos-profissionais-da-seguranca-no-parana\/#primaryimage"},"thumbnailUrl":"https:\/\/ubirataonline.com.br\/wp-content\/uploads\/2026\/03\/Audiencia-debateu-saude-mental-dos-profissionais-da-seguranca-no-Parana.jpg","datePublished":"2026-03-20T12:03:45+00:00","dateModified":"2026-03-20T12:03:47+00:00","description":"A sa\u00fade mental dos profissionais da seguran\u00e7a p\u00fablica e privada do Paran\u00e1 foi tema de audi\u00eancia p\u00fablica, na tarde desta quinta-feira (19), no Plenarinho","breadcrumb":{"@id":"https:\/\/ubirataonline.com.br\/audiencia-debateu-saude-mental-dos-profissionais-da-seguranca-no-parana\/#breadcrumb"},"inLanguage":"en-US","potentialAction":[{"@type":"ReadAction","target":["https:\/\/ubirataonline.com.br\/audiencia-debateu-saude-mental-dos-profissionais-da-seguranca-no-parana\/"]}]},{"@type":"ImageObject","inLanguage":"en-US","@id":"https:\/\/ubirataonline.com.br\/audiencia-debateu-saude-mental-dos-profissionais-da-seguranca-no-parana\/#primaryimage","url":"https:\/\/ubirataonline.com.br\/wp-content\/uploads\/2026\/03\/Audiencia-debateu-saude-mental-dos-profissionais-da-seguranca-no-Parana.jpg","contentUrl":"https:\/\/ubirataonline.com.br\/wp-content\/uploads\/2026\/03\/Audiencia-debateu-saude-mental-dos-profissionais-da-seguranca-no-Parana.jpg","width":1202,"height":675,"caption":"Audi\u00eancia p\u00fablica foi realizada no Plenarinho da Assembleia. \/ Foto: Orlando Kissner\/Alep"},{"@type":"BreadcrumbList","@id":"https:\/\/ubirataonline.com.br\/audiencia-debateu-saude-mental-dos-profissionais-da-seguranca-no-parana\/#breadcrumb","itemListElement":[{"@type":"ListItem","position":1,"name":"In\u00edcio","item":"https:\/\/ubirataonline.com.br\/"},{"@type":"ListItem","position":2,"name":"Audi\u00eancia debateu sa\u00fade mental dos profissionais da seguran\u00e7a no Paran\u00e1"}]},{"@type":"WebSite","@id":"https:\/\/ubirataonline.com.br\/#website","url":"https:\/\/ubirataonline.com.br\/","name":"Ubirat\u00e3 Online Not\u00edcias","description":"Not\u00edcias de Ubirat\u00e3, regi\u00e3o, Brasil e mundo, com informa\u00e7\u00e3o atualizada e compromisso com o leitor.","publisher":{"@id":"https:\/\/ubirataonline.com.br\/#organization"},"alternateName":"Ubirat\u00e3 Online","potentialAction":[{"@type":"SearchAction","target":{"@type":"EntryPoint","urlTemplate":"https:\/\/ubirataonline.com.br\/?s={search_term_string}"},"query-input":{"@type":"PropertyValueSpecification","valueRequired":true,"valueName":"search_term_string"}}],"inLanguage":"en-US"},{"@type":["Organization","Place"],"@id":"https:\/\/ubirataonline.com.br\/#organization","name":"Ubirat\u00e3 Online Not\u00edcias","alternateName":"Ubirat\u00e3 Online","url":"https:\/\/ubirataonline.com.br\/","logo":{"@id":"https:\/\/ubirataonline.com.br\/audiencia-debateu-saude-mental-dos-profissionais-da-seguranca-no-parana\/#local-main-organization-logo"},"image":{"@id":"https:\/\/ubirataonline.com.br\/audiencia-debateu-saude-mental-dos-profissionais-da-seguranca-no-parana\/#local-main-organization-logo"},"sameAs":["https:\/\/www.facebook.com\/portalubirataonline","https:\/\/x.com\/ubirataonline","https:\/\/mastodon.social\/@ubirataonline","https:\/\/www.facebook.com\/groups\/311144672285604","https:\/\/www.facebook.com\/UBTAOnline","https:\/\/www.instagram.com\/portalubirataonline\/","https:\/\/twitter.com\/ubirataonline"],"description":"Somos um portal de not\u00edcias independente, criado em 5 de janeiro de 2009, com o objetivo de informar, conectar e valorizar a nossa comunidade de Ubirat\u00e3 e toda aregi\u00e3o. Com conte\u00fado atualizado, confi\u00e1vel e relevante, o Ubirat\u00e3 Online \u00e9 o seu espa\u00e7o para ficar por dentro dos principais acontecimentos locais, regionais, Brasil, Mundo e de interesse geral. Nosso compromisso \u00e9 com a verdade, a transpar\u00eancia e o respeito ao leitor.","legalName":"UBIRATA ONLINE NOT\u00cdCIAS","foundingDate":"2009-01-05","numberOfEmployees":{"@type":"QuantitativeValue","minValue":"1","maxValue":"10"},"publishingPrinciples":"https:\/\/ubirataonline.com.br\/faq\/","address":{"@id":"https:\/\/ubirataonline.com.br\/audiencia-debateu-saude-mental-dos-profissionais-da-seguranca-no-parana\/#local-main-place-address"},"geo":{"@type":"GeoCoordinates","latitude":"-24.5361401","longitude":"-52.9921776"},"telephone":["+5544998308235"],"contactPoint":{"@type":"ContactPoint","email":"contato@ubirataonline.com.br"},"openingHoursSpecification":{"@type":"OpeningHoursSpecification","dayOfWeek":["Monday","Tuesday","Wednesday","Thursday","Friday","Saturday","Sunday"],"opens":"00:00","closes":"23:59"},"email":"contato@ubirataonline.com.br","vatID":"47.621.418\/0001-80"},{"@type":"Person","@id":"https:\/\/ubirataonline.com.br\/#\/schema\/person\/372f87bbd3fdd79b8556b84c98d0bc1c","name":"REDA\u00c7\u00c3O: UBIRAT\u00c3 ONLINE - F\u00c1BIO AUGUSTO CELESTINO","pronouns":"Ele","description":"Desde 2003 trabalhando com not\u00edcias.","sameAs":["http:\/\/ubirataoline.com.br","https:\/\/www.facebook.com\/portalubirataonline","https:\/\/www.instagram.com\/ubirataonline_oficial","https:\/\/x.com\/x.com\/ubirataonline"],"honorificPrefix":"Mr.","honorificSuffix":"MD","birthDate":"1980-06-16","gender":"masculino","award":["V\u00e1rios pr\u00eamios de melhor portal da cidade"],"jobTitle":"Diretor","url":"https:\/\/ubirataonline.com.br\/en\/author\/ubirataonline\/"},{"@type":"PostalAddress","@id":"https:\/\/ubirataonline.com.br\/audiencia-debateu-saude-mental-dos-profissionais-da-seguranca-no-parana\/#local-main-place-address","streetAddress":"Rua dos Coqueiros, 104 - Bairro Boa Vista, Rua dos Coqueiros, 104 Bairro Boa Vista","addressLocality":"UBIRATA","postalCode":"85440-000","addressRegion":"PR","addressCountry":"BR"},{"@type":"ImageObject","inLanguage":"en-US","@id":"https:\/\/ubirataonline.com.br\/audiencia-debateu-saude-mental-dos-profissionais-da-seguranca-no-parana\/#local-main-organization-logo","url":"https:\/\/ubirataonline.com.br\/wp-content\/uploads\/2026\/06\/logoubirataonline-1.webp","contentUrl":"https:\/\/ubirataonline.com.br\/wp-content\/uploads\/2026\/06\/logoubirataonline-1.webp","width":500,"height":500,"caption":"Ubirat\u00e3 Online Not\u00edcias"}]},"geo.placename":"UBIRATA","geo.position":{"lat":"-24.5361401","long":"-52.9921776"},"geo.region":"Brazil"},"_links":{"self":[{"href":"https:\/\/ubirataonline.com.br\/en\/wp-json\/wp\/v2\/posts\/96171","targetHints":{"allow":["GET"]}}],"collection":[{"href":"https:\/\/ubirataonline.com.br\/en\/wp-json\/wp\/v2\/posts"}],"about":[{"href":"https:\/\/ubirataonline.com.br\/en\/wp-json\/wp\/v2\/types\/post"}],"author":[{"embeddable":true,"href":"https:\/\/ubirataonline.com.br\/en\/wp-json\/wp\/v2\/users\/1"}],"replies":[{"embeddable":true,"href":"https:\/\/ubirataonline.com.br\/en\/wp-json\/wp\/v2\/comments?post=96171"}],"version-history":[{"count":0,"href":"https:\/\/ubirataonline.com.br\/en\/wp-json\/wp\/v2\/posts\/96171\/revisions"}],"wp:featuredmedia":[{"embeddable":true,"href":"https:\/\/ubirataonline.com.br\/en\/wp-json\/wp\/v2\/media\/96172"}],"wp:attachment":[{"href":"https:\/\/ubirataonline.com.br\/en\/wp-json\/wp\/v2\/media?parent=96171"}],"wp:term":[{"taxonomy":"category","embeddable":true,"href":"https:\/\/ubirataonline.com.br\/en\/wp-json\/wp\/v2\/categories?post=96171"},{"taxonomy":"post_tag","embeddable":true,"href":"https:\/\/ubirataonline.com.br\/en\/wp-json\/wp\/v2\/tags?post=96171"}],"curies":[{"name":"wp","href":"https:\/\/api.w.org\/{rel}","templated":true}]}}