{"id":96174,"date":"2026-03-20T09:37:44","date_gmt":"2026-03-20T12:37:44","guid":{"rendered":"https:\/\/ubirataonline.com.br\/premiacoes-da-libertadores-e-sul-americana-recebem-aumento-historico-catve-com\/"},"modified":"2026-03-20T09:37:46","modified_gmt":"2026-03-20T12:37:46","slug":"premiacoes-da-libertadores-e-sul-americana-recebem-aumento-historico-catve-com","status":"publish","type":"post","link":"https:\/\/ubirataonline.com.br\/en\/premiacoes-da-libertadores-e-sul-americana-recebem-aumento-historico-catve-com\/","title":{"rendered":"Premia\u00e7\u00f5es da Libertadores e Sul-Americana recebem aumento hist\u00f3rico &#8211; catve.com"},"content":{"rendered":"<p><\/p>\n<div>\n<div class=\"col-8  fs-55 fst-italic\">\n<p>O presidente da CONMEBOL, Alejandro Dom\u00ednguez, usou as redes sociais para destacar o aumento nas premia\u00e7\u00f5es das competi\u00e7\u00f5es sul-americanas nos \u00faltimos anos.<\/p>\n<p><iframe id=\"twitter-widget-0\" scrolling=\"no\" frameborder=\"0\" allowtransparency=\"true\" allowfullscreen=\"true\" class=\"\" title=\"X Post\" src=\"https:\/\/platform.twitter.com\/embed\/Tweet.html?dnt=false&amp;embedId=twitter-widget-0&amp;features=eyJ0ZndfdGltZWxpbmVfbGlzdCI6eyJidWNrZXQiOltdLCJ2ZXJzaW9uIjpudWxsfSwidGZ3X2ZvbGxvd2VyX2NvdW50X3N1bnNldCI6eyJidWNrZXQiOnRydWUsInZlcnNpb24iOm51bGx9LCJ0ZndfdHdlZXRfZWRpdF9iYWNrZW5kIjp7ImJ1Y2tldCI6Im9uIiwidmVyc2lvbiI6bnVsbH0sInRmd19yZWZzcmNfc2Vzc2lvbiI6eyJidWNrZXQiOiJvbiIsInZlcnNpb24iOm51bGx9LCJ0ZndfZm9zbnJfc29mdF9pbnRlcnZlbnRpb25zX2VuYWJsZWQiOnsiYnVja2V0Ijoib24iLCJ2ZXJzaW9uIjpudWxsfSwidGZ3X21peGVkX21lZGlhXzE1ODk3Ijp7ImJ1Y2tldCI6InRyZWF0bWVudCIsInZlcnNpb24iOm51bGx9LCJ0ZndfZXhwZXJpbWVudHNfY29va2llX2V4cGlyYXRpb24iOnsiYnVja2V0IjoxMjA5NjAwLCJ2ZXJzaW9uIjpudWxsfSwidGZ3X3Nob3dfYmlyZHdhdGNoX3Bpdm90c19lbmFibGVkIjp7ImJ1Y2tldCI6Im9uIiwidmVyc2lvbiI6bnVsbH0sInRmd19kdXBsaWNhdGVfc2NyaWJlc190b19zZXR0aW5ncyI6eyJidWNrZXQiOiJvbiIsInZlcnNpb24iOm51bGx9LCJ0ZndfdXNlX3Byb2ZpbGVfaW1hZ2Vfc2hhcGVfZW5hYmxlZCI6eyJidWNrZXQiOiJvbiIsInZlcnNpb24iOm51bGx9LCJ0ZndfdmlkZW9faGxzX2R5bmFtaWNfbWFuaWZlc3RzXzE1MDgyIjp7ImJ1Y2tldCI6InRydWVfYml0cmF0ZSIsInZlcnNpb24iOm51bGx9LCJ0ZndfbGVnYWN5X3RpbWVsaW5lX3N1bnNldCI6eyJidWNrZXQiOnRydWUsInZlcnNpb24iOm51bGx9LCJ0ZndfdHdlZXRfZWRpdF9mcm9udGVuZCI6eyJidWNrZXQiOiJvbiIsInZlcnNpb24iOm51bGx9fQ%3D%3D&amp;frame=false&amp;hideCard=false&amp;hideThread=false&amp;id=2034779626208113086&amp;lang=pt&amp;origin=https%3A%2F%2Fadmin.catve.com%2Fnoticia%2Fcadastro&amp;sessionId=a1af6248bb084bd0c7c91f138602ae082af6d51f&amp;theme=light&amp;widgetsVersion=2615f7e52b7e0%3A1702314776716&amp;width=550px\" style=\"position: static; visibility: visible; width: 550px; height: 696px; display: block; flex-grow: 1;\" data-tweet-id=\"2034779626208113086\"><\/iframe><\/p>\n<p>Em uma sequ\u00eancia de publica\u00e7\u00f5es, ele apresentou n\u00fameros que mostram a evolu\u00e7\u00e3o dos valores pagos aos clubes, principalmente na Libertadores e na Copa Sul-Americana.<\/p>\n<p>Segundo o dirigente, houve um crescimento significativo nas premia\u00e7\u00f5es desde o in\u00edcio da atual gest\u00e3o, com aumento progressivo ano ap\u00f3s ano. Os dados mostram que os valores distribu\u00eddos pelas competi\u00e7\u00f5es praticamente multiplicaram, acompanhando a valoriza\u00e7\u00e3o do futebol no continente.<\/p>\n<p><span style=\": 0.8125rem; letter-spacing: 0.1px;\">Outro ponto destacado foi a distribui\u00e7\u00e3o de recursos ao longo das fases dos torneios, com pagamentos por participa\u00e7\u00e3o e b\u00f4nus por desempenho, o que amplia o impacto financeiro para mais equipes.<\/span><\/p>\n<p>Alejandro ainda menciona que o crescimento das premia\u00e7\u00f5es faz parte de um processo de reestrutura\u00e7\u00e3o e valoriza\u00e7\u00e3o do futebol sul-americano, buscando aproximar os valores praticados em outras partes do mundo.<\/p>\n<p><span style=\": 0.8125rem; letter-spacing: 0.1px;\">A tend\u00eancia, segundo o pr\u00f3prio presidente, \u00e9 de continuidade no aumento das premia\u00e7\u00f5es nos pr\u00f3ximos anos.<\/span><\/p>\n<p class=\"mt-5\"><strong>Diego Hellstrom\/Catve.com<\/strong><\/p>\n<\/p><\/div>\n<p>\t\t\t\t<!-- PUBLICIDADE RET&#65533;NGULO M&#65533;DIO --><br \/>\n<!-- PUBLICIDADE RET&#65533;NGULO M&#65533;DIO -->\n\t\t\t<\/div>\n<div>\n<p class=\"mt-3\">** Envie fotos, v\u00eddeos, den\u00fancias e reclama\u00e7\u00f5es para a equipe Portal CATVE.com pelo&#13;<br \/>\n\t\t\t\t\t\t<strong>WhatsApp (45) 99982-0352 ou entre em contato pelo (45) 3301-2642<\/strong>&#13;\n\t\t\t\t\t<\/p>\n<\/p><\/div>\n<p><a href=\"https:\/\/catve.com\/noticia\/3\/468356\/premiacoes-da-libertadores-e-sul-americana-recebem-aumento-historico\">Fonte do Artigo <\/a><\/p>","protected":false},"excerpt":{"rendered":"<p>O presidente da CONMEBOL, Alejandro Dom\u00ednguez, usou as redes sociais para destacar o aumento nas premia\u00e7\u00f5es das competi\u00e7\u00f5es sul-americanas nos \u00faltimos anos. Em uma sequ\u00eancia de publica\u00e7\u00f5es, ele apresentou n\u00fameros que mostram a evolu\u00e7\u00e3o dos valores pagos aos clubes, principalmente na Libertadores e na Copa Sul-Americana. Segundo o dirigente, houve um crescimento significativo nas premia\u00e7\u00f5es [&hellip;]<\/p>\n","protected":false},"author":1,"featured_media":96175,"comment_status":"closed","ping_status":"","sticky":false,"template":"","format":"standard","meta":{"googlesitekit_rrm_CAow2JLhCw:productID":"","_gspb_post_css":"","maa_idioma":"","maa_pais":"","footnotes":""},"categories":[4],"tags":[9284,23367,4538,1583,19971,5680,3585],"class_list":["post-96174","post","type-post","status-publish","format-standard","has-post-thumbnail","hentry","category-brasil","tag-aumento","tag-catve-com","tag-historico","tag-libertadores","tag-premiacoes","tag-recebem","tag-sulamericana"],"blocksy_meta":[],"yoast_head":"<!-- This site is optimized with the Yoast SEO Premium plugin v27.6 (Yoast SEO v27.6) - https:\/\/yoast.com\/product\/yoast-seo-premium-wordpress\/ -->\n<title>Premia\u00e7\u00f5es da Libertadores e Sul-Americana recebem aumento hist\u00f3rico - catve.com - Ubirat\u00e3 Online Not\u00edcias - A realidade ao seu alcance!<\/title>\n<meta name=\"description\" content=\"O presidente da CONMEBOL, Alejandro Dom\u00ednguez, usou as redes sociais para destacar o aumento nas premia\u00e7\u00f5es das competi\u00e7\u00f5es sul-americanas nos \u00faltimos\" \/>\n<meta name=\"robots\" content=\"index, follow, max-snippet:-1, max-image-preview:large, max-video-preview:-1\" \/>\n<link rel=\"canonical\" href=\"https:\/\/ubirataonline.com.br\/en\/premiacoes-da-libertadores-e-sul-americana-recebem-aumento-historico-catve-com\/\" \/>\n<meta property=\"og:locale\" content=\"en_US\" \/>\n<meta property=\"og:type\" content=\"article\" \/>\n<meta property=\"og:title\" content=\"Premia\u00e7\u00f5es da Libertadores e Sul-Americana recebem aumento hist\u00f3rico - catve.com\" \/>\n<meta property=\"og:description\" content=\"O presidente da CONMEBOL, Alejandro Dom\u00ednguez, usou as redes sociais para destacar o aumento nas premia\u00e7\u00f5es das competi\u00e7\u00f5es sul-americanas nos \u00faltimos\" \/>\n<meta property=\"og:url\" content=\"https:\/\/ubirataonline.com.br\/en\/premiacoes-da-libertadores-e-sul-americana-recebem-aumento-historico-catve-com\/\" \/>\n<meta property=\"og:site_name\" content=\"Ubirat\u00e3 Online Not\u00edcias - A realidade ao seu alcance!\" \/>\n<meta property=\"article:publisher\" content=\"https:\/\/www.facebook.com\/portalubirataonline\" \/>\n<meta property=\"article:author\" content=\"https:\/\/www.facebook.com\/portalubirataonline\" \/>\n<meta property=\"article:published_time\" content=\"2026-03-20T12:37:44+00:00\" \/>\n<meta property=\"article:modified_time\" content=\"2026-03-20T12:37:46+00:00\" \/>\n<meta property=\"og:image\" content=\"https:\/\/ubirataonline.com.br\/wp-content\/uploads\/2026\/03\/Premiacoes-da-Libertadores-e-Sul-Americana-recebem-aumento-historico-catvecom.jpg\" \/>\n\t<meta property=\"og:image:width\" content=\"960\" \/>\n\t<meta property=\"og:image:height\" content=\"540\" \/>\n\t<meta property=\"og:image:type\" content=\"image\/jpeg\" \/>\n<meta name=\"author\" content=\"REDA\u00c7\u00c3O: UBIRAT\u00c3 ONLINE - F\u00c1BIO AUGUSTO CELESTINO\" \/>\n<meta name=\"twitter:card\" content=\"summary_large_image\" \/>\n<meta name=\"twitter:creator\" content=\"@x.com\/ubirataonline\" \/>\n<meta name=\"twitter:site\" content=\"@ubirataonline\" \/>\n<meta name=\"twitter:label1\" content=\"Written by\" \/>\n\t<meta name=\"twitter:data1\" content=\"REDA\u00c7\u00c3O: UBIRAT\u00c3 ONLINE - F\u00c1BIO AUGUSTO CELESTINO\" \/>\n\t<meta name=\"twitter:label2\" content=\"Est. reading time\" \/>\n\t<meta name=\"twitter:data2\" content=\"1 minute\" \/>\n<script type=\"application\/ld+json\" class=\"yoast-schema-graph\">{\"@context\":\"https:\\\/\\\/schema.org\",\"@graph\":[{\"@type\":\"NewsArticle\",\"@id\":\"https:\\\/\\\/ubirataonline.com.br\\\/premiacoes-da-libertadores-e-sul-americana-recebem-aumento-historico-catve-com\\\/#article\",\"isPartOf\":{\"@id\":\"https:\\\/\\\/ubirataonline.com.br\\\/premiacoes-da-libertadores-e-sul-americana-recebem-aumento-historico-catve-com\\\/\"},\"author\":{\"name\":\"REDA\u00c7\u00c3O: UBIRAT\u00c3 ONLINE - F\u00c1BIO AUGUSTO CELESTINO\",\"@id\":\"https:\\\/\\\/ubirataonline.com.br\\\/#\\\/schema\\\/person\\\/372f87bbd3fdd79b8556b84c98d0bc1c\"},\"headline\":\"Premia\u00e7\u00f5es da Libertadores e Sul-Americana recebem aumento hist\u00f3rico &#8211; catve.com\",\"datePublished\":\"2026-03-20T12:37:44+00:00\",\"dateModified\":\"2026-03-20T12:37:46+00:00\",\"mainEntityOfPage\":{\"@id\":\"https:\\\/\\\/ubirataonline.com.br\\\/premiacoes-da-libertadores-e-sul-americana-recebem-aumento-historico-catve-com\\\/\"},\"wordCount\":229,\"publisher\":{\"@id\":\"https:\\\/\\\/ubirataonline.com.br\\\/#organization\"},\"image\":{\"@id\":\"https:\\\/\\\/ubirataonline.com.br\\\/premiacoes-da-libertadores-e-sul-americana-recebem-aumento-historico-catve-com\\\/#primaryimage\"},\"thumbnailUrl\":\"https:\\\/\\\/ubirataonline.com.br\\\/wp-content\\\/uploads\\\/2026\\\/03\\\/Premiacoes-da-Libertadores-e-Sul-Americana-recebem-aumento-historico-catvecom.jpg\",\"keywords\":[\"aumento\",\"catve.com\",\"hist\u00f3rico\",\"Libertadores\",\"premia\u00e7\u00f5es\",\"recebem\",\"SulAmericana\"],\"articleSection\":[\"Brasil\"],\"inLanguage\":\"en-US\",\"copyrightYear\":\"2026\",\"copyrightHolder\":{\"@id\":\"https:\\\/\\\/ubirataonline.com.br\\\/en\\\/#organization\"}},{\"@type\":\"WebPage\",\"@id\":\"https:\\\/\\\/ubirataonline.com.br\\\/premiacoes-da-libertadores-e-sul-americana-recebem-aumento-historico-catve-com\\\/\",\"url\":\"https:\\\/\\\/ubirataonline.com.br\\\/premiacoes-da-libertadores-e-sul-americana-recebem-aumento-historico-catve-com\\\/\",\"name\":\"Premia\u00e7\u00f5es da Libertadores e Sul-Americana recebem aumento hist\u00f3rico - catve.com - Ubirat\u00e3 Online Not\u00edcias - A realidade ao seu alcance!\",\"isPartOf\":{\"@id\":\"https:\\\/\\\/ubirataonline.com.br\\\/#website\"},\"primaryImageOfPage\":{\"@id\":\"https:\\\/\\\/ubirataonline.com.br\\\/premiacoes-da-libertadores-e-sul-americana-recebem-aumento-historico-catve-com\\\/#primaryimage\"},\"image\":{\"@id\":\"https:\\\/\\\/ubirataonline.com.br\\\/premiacoes-da-libertadores-e-sul-americana-recebem-aumento-historico-catve-com\\\/#primaryimage\"},\"thumbnailUrl\":\"https:\\\/\\\/ubirataonline.com.br\\\/wp-content\\\/uploads\\\/2026\\\/03\\\/Premiacoes-da-Libertadores-e-Sul-Americana-recebem-aumento-historico-catvecom.jpg\",\"datePublished\":\"2026-03-20T12:37:44+00:00\",\"dateModified\":\"2026-03-20T12:37:46+00:00\",\"description\":\"O presidente da CONMEBOL, Alejandro Dom\u00ednguez, usou as redes sociais para destacar o aumento nas premia\u00e7\u00f5es das competi\u00e7\u00f5es sul-americanas nos \u00faltimos\",\"breadcrumb\":{\"@id\":\"https:\\\/\\\/ubirataonline.com.br\\\/premiacoes-da-libertadores-e-sul-americana-recebem-aumento-historico-catve-com\\\/#breadcrumb\"},\"inLanguage\":\"en-US\",\"potentialAction\":[{\"@type\":\"ReadAction\",\"target\":[\"https:\\\/\\\/ubirataonline.com.br\\\/premiacoes-da-libertadores-e-sul-americana-recebem-aumento-historico-catve-com\\\/\"]}]},{\"@type\":\"ImageObject\",\"inLanguage\":\"en-US\",\"@id\":\"https:\\\/\\\/ubirataonline.com.br\\\/premiacoes-da-libertadores-e-sul-americana-recebem-aumento-historico-catve-com\\\/#primaryimage\",\"url\":\"https:\\\/\\\/ubirataonline.com.br\\\/wp-content\\\/uploads\\\/2026\\\/03\\\/Premiacoes-da-Libertadores-e-Sul-Americana-recebem-aumento-historico-catvecom.jpg\",\"contentUrl\":\"https:\\\/\\\/ubirataonline.com.br\\\/wp-content\\\/uploads\\\/2026\\\/03\\\/Premiacoes-da-Libertadores-e-Sul-Americana-recebem-aumento-historico-catvecom.jpg\",\"width\":960,\"height\":540,\"caption\":\"Premia\u00e7\u00f5es da Libertadores e Sul-Americana recebem aumento hist\u00f3rico - catve.com\"},{\"@type\":\"BreadcrumbList\",\"@id\":\"https:\\\/\\\/ubirataonline.com.br\\\/premiacoes-da-libertadores-e-sul-americana-recebem-aumento-historico-catve-com\\\/#breadcrumb\",\"itemListElement\":[{\"@type\":\"ListItem\",\"position\":1,\"name\":\"In\u00edcio\",\"item\":\"https:\\\/\\\/ubirataonline.com.br\\\/\"},{\"@type\":\"ListItem\",\"position\":2,\"name\":\"Premia\u00e7\u00f5es da Libertadores e Sul-Americana recebem aumento hist\u00f3rico &#8211; catve.com\"}]},{\"@type\":\"WebSite\",\"@id\":\"https:\\\/\\\/ubirataonline.com.br\\\/#website\",\"url\":\"https:\\\/\\\/ubirataonline.com.br\\\/\",\"name\":\"Ubirat\u00e3 Online Not\u00edcias\",\"description\":\"Not\u00edcias de Ubirat\u00e3, regi\u00e3o, Brasil e mundo, com informa\u00e7\u00e3o atualizada e compromisso com o leitor.\",\"publisher\":{\"@id\":\"https:\\\/\\\/ubirataonline.com.br\\\/#organization\"},\"alternateName\":\"Ubirat\u00e3 Online\",\"potentialAction\":[{\"@type\":\"SearchAction\",\"target\":{\"@type\":\"EntryPoint\",\"urlTemplate\":\"https:\\\/\\\/ubirataonline.com.br\\\/?s={search_term_string}\"},\"query-input\":{\"@type\":\"PropertyValueSpecification\",\"valueRequired\":true,\"valueName\":\"search_term_string\"}}],\"inLanguage\":\"en-US\"},{\"@type\":[\"Organization\",\"Place\"],\"@id\":\"https:\\\/\\\/ubirataonline.com.br\\\/#organization\",\"name\":\"Ubirat\u00e3 Online Not\u00edcias\",\"alternateName\":\"Ubirat\u00e3 Online\",\"url\":\"https:\\\/\\\/ubirataonline.com.br\\\/\",\"logo\":{\"@id\":\"https:\\\/\\\/ubirataonline.com.br\\\/premiacoes-da-libertadores-e-sul-americana-recebem-aumento-historico-catve-com\\\/#local-main-organization-logo\"},\"image\":{\"@id\":\"https:\\\/\\\/ubirataonline.com.br\\\/premiacoes-da-libertadores-e-sul-americana-recebem-aumento-historico-catve-com\\\/#local-main-organization-logo\"},\"sameAs\":[\"https:\\\/\\\/www.facebook.com\\\/portalubirataonline\",\"https:\\\/\\\/x.com\\\/ubirataonline\",\"https:\\\/\\\/mastodon.social\\\/@ubirataonline\",\"https:\\\/\\\/www.facebook.com\\\/groups\\\/311144672285604\",\"https:\\\/\\\/www.facebook.com\\\/UBTAOnline\",\"https:\\\/\\\/www.instagram.com\\\/portalubirataonline\\\/\",\"https:\\\/\\\/twitter.com\\\/ubirataonline\"],\"description\":\"Somos um portal de not\u00edcias independente, criado em 5 de janeiro de 2009, com o objetivo de informar, conectar e valorizar a nossa comunidade de Ubirat\u00e3 e toda aregi\u00e3o. Com conte\u00fado atualizado, confi\u00e1vel e relevante, o Ubirat\u00e3 Online \u00e9 o seu espa\u00e7o para ficar por dentro dos principais acontecimentos locais, regionais, Brasil, Mundo e de interesse geral. Nosso compromisso \u00e9 com a verdade, a transpar\u00eancia e o respeito ao leitor.\",\"legalName\":\"UBIRATA ONLINE NOT\u00cdCIAS\",\"foundingDate\":\"2009-01-05\",\"numberOfEmployees\":{\"@type\":\"QuantitativeValue\",\"minValue\":\"1\",\"maxValue\":\"10\"},\"publishingPrinciples\":\"https:\\\/\\\/ubirataonline.com.br\\\/faq\\\/\",\"address\":{\"@id\":\"https:\\\/\\\/ubirataonline.com.br\\\/premiacoes-da-libertadores-e-sul-americana-recebem-aumento-historico-catve-com\\\/#local-main-place-address\"},\"geo\":{\"@type\":\"GeoCoordinates\",\"latitude\":\"-24.5361401\",\"longitude\":\"-52.9921776\"},\"telephone\":[\"+5544998308235\"],\"contactPoint\":{\"@type\":\"ContactPoint\",\"email\":\"contato@ubirataonline.com.br\"},\"openingHoursSpecification\":{\"@type\":\"OpeningHoursSpecification\",\"dayOfWeek\":[\"Monday\",\"Tuesday\",\"Wednesday\",\"Thursday\",\"Friday\",\"Saturday\",\"Sunday\"],\"opens\":\"00:00\",\"closes\":\"23:59\"},\"email\":\"contato@ubirataonline.com.br\",\"vatID\":\"47.621.418\\\/0001-80\"},{\"@type\":\"Person\",\"@id\":\"https:\\\/\\\/ubirataonline.com.br\\\/#\\\/schema\\\/person\\\/372f87bbd3fdd79b8556b84c98d0bc1c\",\"name\":\"REDA\u00c7\u00c3O: UBIRAT\u00c3 ONLINE - F\u00c1BIO AUGUSTO CELESTINO\",\"pronouns\":\"Ele\",\"description\":\"Desde 2003 trabalhando com not\u00edcias.\",\"sameAs\":[\"http:\\\/\\\/ubirataoline.com.br\",\"https:\\\/\\\/www.facebook.com\\\/portalubirataonline\",\"https:\\\/\\\/www.instagram.com\\\/ubirataonline_oficial\",\"https:\\\/\\\/x.com\\\/x.com\\\/ubirataonline\"],\"honorificPrefix\":\"Mr.\",\"honorificSuffix\":\"MD\",\"birthDate\":\"1980-06-16\",\"gender\":\"masculino\",\"award\":[\"V\u00e1rios pr\u00eamios de melhor portal da cidade\"],\"jobTitle\":\"Diretor\",\"url\":\"https:\\\/\\\/ubirataonline.com.br\\\/en\\\/author\\\/ubirataonline\\\/\"},{\"@type\":\"PostalAddress\",\"@id\":\"https:\\\/\\\/ubirataonline.com.br\\\/premiacoes-da-libertadores-e-sul-americana-recebem-aumento-historico-catve-com\\\/#local-main-place-address\",\"streetAddress\":\"Rua dos Coqueiros, 104 - Bairro Boa Vista, Rua dos Coqueiros, 104 Bairro Boa Vista\",\"addressLocality\":\"UBIRATA\",\"postalCode\":\"85440-000\",\"addressRegion\":\"PR\",\"addressCountry\":\"BR\"},{\"@type\":\"ImageObject\",\"inLanguage\":\"en-US\",\"@id\":\"https:\\\/\\\/ubirataonline.com.br\\\/premiacoes-da-libertadores-e-sul-americana-recebem-aumento-historico-catve-com\\\/#local-main-organization-logo\",\"url\":\"https:\\\/\\\/ubirataonline.com.br\\\/wp-content\\\/uploads\\\/2026\\\/06\\\/logoubirataonline-1.webp\",\"contentUrl\":\"https:\\\/\\\/ubirataonline.com.br\\\/wp-content\\\/uploads\\\/2026\\\/06\\\/logoubirataonline-1.webp\",\"width\":500,\"height\":500,\"caption\":\"Ubirat\u00e3 Online Not\u00edcias\"}]}<\/script>\n<meta name=\"geo.placename\" content=\"UBIRATA\" \/>\n<meta name=\"geo.position\" content=\"-24.5361401;-52.9921776\" \/>\n<meta name=\"geo.region\" content=\"Brazil\" \/>\n<!-- \/ Yoast SEO Premium plugin. -->","yoast_head_json":{"title":"Premia\u00e7\u00f5es da Libertadores e Sul-Americana recebem aumento hist\u00f3rico - catve.com - Ubirat\u00e3 Online Not\u00edcias - A realidade ao seu alcance!","description":"O presidente da CONMEBOL, Alejandro Dom\u00ednguez, usou as redes sociais para destacar o aumento nas premia\u00e7\u00f5es das competi\u00e7\u00f5es sul-americanas nos \u00faltimos","robots":{"index":"index","follow":"follow","max-snippet":"max-snippet:-1","max-image-preview":"max-image-preview:large","max-video-preview":"max-video-preview:-1"},"canonical":"https:\/\/ubirataonline.com.br\/en\/premiacoes-da-libertadores-e-sul-americana-recebem-aumento-historico-catve-com\/","og_locale":"en_US","og_type":"article","og_title":"Premia\u00e7\u00f5es da Libertadores e Sul-Americana recebem aumento hist\u00f3rico - catve.com","og_description":"O presidente da CONMEBOL, Alejandro Dom\u00ednguez, usou as redes sociais para destacar o aumento nas premia\u00e7\u00f5es das competi\u00e7\u00f5es sul-americanas nos \u00faltimos","og_url":"https:\/\/ubirataonline.com.br\/en\/premiacoes-da-libertadores-e-sul-americana-recebem-aumento-historico-catve-com\/","og_site_name":"Ubirat\u00e3 Online Not\u00edcias - A realidade ao seu alcance!","article_publisher":"https:\/\/www.facebook.com\/portalubirataonline","article_author":"https:\/\/www.facebook.com\/portalubirataonline","article_published_time":"2026-03-20T12:37:44+00:00","article_modified_time":"2026-03-20T12:37:46+00:00","og_image":[{"width":960,"height":540,"url":"https:\/\/ubirataonline.com.br\/wp-content\/uploads\/2026\/03\/Premiacoes-da-Libertadores-e-Sul-Americana-recebem-aumento-historico-catvecom.jpg","type":"image\/jpeg"}],"author":"REDA\u00c7\u00c3O: UBIRAT\u00c3 ONLINE - F\u00c1BIO AUGUSTO CELESTINO","twitter_card":"summary_large_image","twitter_creator":"@x.com\/ubirataonline","twitter_site":"@ubirataonline","twitter_misc":{"Written by":"REDA\u00c7\u00c3O: UBIRAT\u00c3 ONLINE - F\u00c1BIO AUGUSTO CELESTINO","Est. reading time":"1 minute"},"schema":{"@context":"https:\/\/schema.org","@graph":[{"@type":"NewsArticle","@id":"https:\/\/ubirataonline.com.br\/premiacoes-da-libertadores-e-sul-americana-recebem-aumento-historico-catve-com\/#article","isPartOf":{"@id":"https:\/\/ubirataonline.com.br\/premiacoes-da-libertadores-e-sul-americana-recebem-aumento-historico-catve-com\/"},"author":{"name":"REDA\u00c7\u00c3O: UBIRAT\u00c3 ONLINE - F\u00c1BIO AUGUSTO CELESTINO","@id":"https:\/\/ubirataonline.com.br\/#\/schema\/person\/372f87bbd3fdd79b8556b84c98d0bc1c"},"headline":"Premia\u00e7\u00f5es da Libertadores e Sul-Americana recebem aumento hist\u00f3rico &#8211; catve.com","datePublished":"2026-03-20T12:37:44+00:00","dateModified":"2026-03-20T12:37:46+00:00","mainEntityOfPage":{"@id":"https:\/\/ubirataonline.com.br\/premiacoes-da-libertadores-e-sul-americana-recebem-aumento-historico-catve-com\/"},"wordCount":229,"publisher":{"@id":"https:\/\/ubirataonline.com.br\/#organization"},"image":{"@id":"https:\/\/ubirataonline.com.br\/premiacoes-da-libertadores-e-sul-americana-recebem-aumento-historico-catve-com\/#primaryimage"},"thumbnailUrl":"https:\/\/ubirataonline.com.br\/wp-content\/uploads\/2026\/03\/Premiacoes-da-Libertadores-e-Sul-Americana-recebem-aumento-historico-catvecom.jpg","keywords":["aumento","catve.com","hist\u00f3rico","Libertadores","premia\u00e7\u00f5es","recebem","SulAmericana"],"articleSection":["Brasil"],"inLanguage":"en-US","copyrightYear":"2026","copyrightHolder":{"@id":"https:\/\/ubirataonline.com.br\/en\/#organization"}},{"@type":"WebPage","@id":"https:\/\/ubirataonline.com.br\/premiacoes-da-libertadores-e-sul-americana-recebem-aumento-historico-catve-com\/","url":"https:\/\/ubirataonline.com.br\/premiacoes-da-libertadores-e-sul-americana-recebem-aumento-historico-catve-com\/","name":"Premia\u00e7\u00f5es da Libertadores e Sul-Americana recebem aumento hist\u00f3rico - catve.com - Ubirat\u00e3 Online Not\u00edcias - A realidade ao seu alcance!","isPartOf":{"@id":"https:\/\/ubirataonline.com.br\/#website"},"primaryImageOfPage":{"@id":"https:\/\/ubirataonline.com.br\/premiacoes-da-libertadores-e-sul-americana-recebem-aumento-historico-catve-com\/#primaryimage"},"image":{"@id":"https:\/\/ubirataonline.com.br\/premiacoes-da-libertadores-e-sul-americana-recebem-aumento-historico-catve-com\/#primaryimage"},"thumbnailUrl":"https:\/\/ubirataonline.com.br\/wp-content\/uploads\/2026\/03\/Premiacoes-da-Libertadores-e-Sul-Americana-recebem-aumento-historico-catvecom.jpg","datePublished":"2026-03-20T12:37:44+00:00","dateModified":"2026-03-20T12:37:46+00:00","description":"O presidente da CONMEBOL, Alejandro Dom\u00ednguez, usou as redes sociais para destacar o aumento nas premia\u00e7\u00f5es das competi\u00e7\u00f5es sul-americanas nos \u00faltimos","breadcrumb":{"@id":"https:\/\/ubirataonline.com.br\/premiacoes-da-libertadores-e-sul-americana-recebem-aumento-historico-catve-com\/#breadcrumb"},"inLanguage":"en-US","potentialAction":[{"@type":"ReadAction","target":["https:\/\/ubirataonline.com.br\/premiacoes-da-libertadores-e-sul-americana-recebem-aumento-historico-catve-com\/"]}]},{"@type":"ImageObject","inLanguage":"en-US","@id":"https:\/\/ubirataonline.com.br\/premiacoes-da-libertadores-e-sul-americana-recebem-aumento-historico-catve-com\/#primaryimage","url":"https:\/\/ubirataonline.com.br\/wp-content\/uploads\/2026\/03\/Premiacoes-da-Libertadores-e-Sul-Americana-recebem-aumento-historico-catvecom.jpg","contentUrl":"https:\/\/ubirataonline.com.br\/wp-content\/uploads\/2026\/03\/Premiacoes-da-Libertadores-e-Sul-Americana-recebem-aumento-historico-catvecom.jpg","width":960,"height":540,"caption":"Premia\u00e7\u00f5es da Libertadores e Sul-Americana recebem aumento hist\u00f3rico - catve.com"},{"@type":"BreadcrumbList","@id":"https:\/\/ubirataonline.com.br\/premiacoes-da-libertadores-e-sul-americana-recebem-aumento-historico-catve-com\/#breadcrumb","itemListElement":[{"@type":"ListItem","position":1,"name":"In\u00edcio","item":"https:\/\/ubirataonline.com.br\/"},{"@type":"ListItem","position":2,"name":"Premia\u00e7\u00f5es da Libertadores e Sul-Americana recebem aumento hist\u00f3rico &#8211; catve.com"}]},{"@type":"WebSite","@id":"https:\/\/ubirataonline.com.br\/#website","url":"https:\/\/ubirataonline.com.br\/","name":"Ubirat\u00e3 Online Not\u00edcias","description":"Not\u00edcias de Ubirat\u00e3, regi\u00e3o, Brasil e mundo, com informa\u00e7\u00e3o atualizada e compromisso com o leitor.","publisher":{"@id":"https:\/\/ubirataonline.com.br\/#organization"},"alternateName":"Ubirat\u00e3 Online","potentialAction":[{"@type":"SearchAction","target":{"@type":"EntryPoint","urlTemplate":"https:\/\/ubirataonline.com.br\/?s={search_term_string}"},"query-input":{"@type":"PropertyValueSpecification","valueRequired":true,"valueName":"search_term_string"}}],"inLanguage":"en-US"},{"@type":["Organization","Place"],"@id":"https:\/\/ubirataonline.com.br\/#organization","name":"Ubirat\u00e3 Online Not\u00edcias","alternateName":"Ubirat\u00e3 Online","url":"https:\/\/ubirataonline.com.br\/","logo":{"@id":"https:\/\/ubirataonline.com.br\/premiacoes-da-libertadores-e-sul-americana-recebem-aumento-historico-catve-com\/#local-main-organization-logo"},"image":{"@id":"https:\/\/ubirataonline.com.br\/premiacoes-da-libertadores-e-sul-americana-recebem-aumento-historico-catve-com\/#local-main-organization-logo"},"sameAs":["https:\/\/www.facebook.com\/portalubirataonline","https:\/\/x.com\/ubirataonline","https:\/\/mastodon.social\/@ubirataonline","https:\/\/www.facebook.com\/groups\/311144672285604","https:\/\/www.facebook.com\/UBTAOnline","https:\/\/www.instagram.com\/portalubirataonline\/","https:\/\/twitter.com\/ubirataonline"],"description":"Somos um portal de not\u00edcias independente, criado em 5 de janeiro de 2009, com o objetivo de informar, conectar e valorizar a nossa comunidade de Ubirat\u00e3 e toda aregi\u00e3o. Com conte\u00fado atualizado, confi\u00e1vel e relevante, o Ubirat\u00e3 Online \u00e9 o seu espa\u00e7o para ficar por dentro dos principais acontecimentos locais, regionais, Brasil, Mundo e de interesse geral. Nosso compromisso \u00e9 com a verdade, a transpar\u00eancia e o respeito ao leitor.","legalName":"UBIRATA ONLINE NOT\u00cdCIAS","foundingDate":"2009-01-05","numberOfEmployees":{"@type":"QuantitativeValue","minValue":"1","maxValue":"10"},"publishingPrinciples":"https:\/\/ubirataonline.com.br\/faq\/","address":{"@id":"https:\/\/ubirataonline.com.br\/premiacoes-da-libertadores-e-sul-americana-recebem-aumento-historico-catve-com\/#local-main-place-address"},"geo":{"@type":"GeoCoordinates","latitude":"-24.5361401","longitude":"-52.9921776"},"telephone":["+5544998308235"],"contactPoint":{"@type":"ContactPoint","email":"contato@ubirataonline.com.br"},"openingHoursSpecification":{"@type":"OpeningHoursSpecification","dayOfWeek":["Monday","Tuesday","Wednesday","Thursday","Friday","Saturday","Sunday"],"opens":"00:00","closes":"23:59"},"email":"contato@ubirataonline.com.br","vatID":"47.621.418\/0001-80"},{"@type":"Person","@id":"https:\/\/ubirataonline.com.br\/#\/schema\/person\/372f87bbd3fdd79b8556b84c98d0bc1c","name":"REDA\u00c7\u00c3O: UBIRAT\u00c3 ONLINE - F\u00c1BIO AUGUSTO CELESTINO","pronouns":"Ele","description":"Desde 2003 trabalhando com not\u00edcias.","sameAs":["http:\/\/ubirataoline.com.br","https:\/\/www.facebook.com\/portalubirataonline","https:\/\/www.instagram.com\/ubirataonline_oficial","https:\/\/x.com\/x.com\/ubirataonline"],"honorificPrefix":"Mr.","honorificSuffix":"MD","birthDate":"1980-06-16","gender":"masculino","award":["V\u00e1rios pr\u00eamios de melhor portal da cidade"],"jobTitle":"Diretor","url":"https:\/\/ubirataonline.com.br\/en\/author\/ubirataonline\/"},{"@type":"PostalAddress","@id":"https:\/\/ubirataonline.com.br\/premiacoes-da-libertadores-e-sul-americana-recebem-aumento-historico-catve-com\/#local-main-place-address","streetAddress":"Rua dos Coqueiros, 104 - Bairro Boa Vista, Rua dos Coqueiros, 104 Bairro Boa Vista","addressLocality":"UBIRATA","postalCode":"85440-000","addressRegion":"PR","addressCountry":"BR"},{"@type":"ImageObject","inLanguage":"en-US","@id":"https:\/\/ubirataonline.com.br\/premiacoes-da-libertadores-e-sul-americana-recebem-aumento-historico-catve-com\/#local-main-organization-logo","url":"https:\/\/ubirataonline.com.br\/wp-content\/uploads\/2026\/06\/logoubirataonline-1.webp","contentUrl":"https:\/\/ubirataonline.com.br\/wp-content\/uploads\/2026\/06\/logoubirataonline-1.webp","width":500,"height":500,"caption":"Ubirat\u00e3 Online Not\u00edcias"}]},"geo.placename":"UBIRATA","geo.position":{"lat":"-24.5361401","long":"-52.9921776"},"geo.region":"Brazil"},"_links":{"self":[{"href":"https:\/\/ubirataonline.com.br\/en\/wp-json\/wp\/v2\/posts\/96174","targetHints":{"allow":["GET"]}}],"collection":[{"href":"https:\/\/ubirataonline.com.br\/en\/wp-json\/wp\/v2\/posts"}],"about":[{"href":"https:\/\/ubirataonline.com.br\/en\/wp-json\/wp\/v2\/types\/post"}],"author":[{"embeddable":true,"href":"https:\/\/ubirataonline.com.br\/en\/wp-json\/wp\/v2\/users\/1"}],"replies":[{"embeddable":true,"href":"https:\/\/ubirataonline.com.br\/en\/wp-json\/wp\/v2\/comments?post=96174"}],"version-history":[{"count":0,"href":"https:\/\/ubirataonline.com.br\/en\/wp-json\/wp\/v2\/posts\/96174\/revisions"}],"wp:featuredmedia":[{"embeddable":true,"href":"https:\/\/ubirataonline.com.br\/en\/wp-json\/wp\/v2\/media\/96175"}],"wp:attachment":[{"href":"https:\/\/ubirataonline.com.br\/en\/wp-json\/wp\/v2\/media?parent=96174"}],"wp:term":[{"taxonomy":"category","embeddable":true,"href":"https:\/\/ubirataonline.com.br\/en\/wp-json\/wp\/v2\/categories?post=96174"},{"taxonomy":"post_tag","embeddable":true,"href":"https:\/\/ubirataonline.com.br\/en\/wp-json\/wp\/v2\/tags?post=96174"}],"curies":[{"name":"wp","href":"https:\/\/api.w.org\/{rel}","templated":true}]}}