{"id":96181,"date":"2026-03-20T10:38:49","date_gmt":"2026-03-20T13:38:49","guid":{"rendered":"https:\/\/ubirataonline.com.br\/sem-caciques-do-pt-joao-campos-lanca-pre-candidatura-em-pe\/"},"modified":"2026-03-20T10:38:51","modified_gmt":"2026-03-20T13:38:51","slug":"sem-caciques-do-pt-joao-campos-lanca-pre-candidatura-em-pe","status":"publish","type":"post","link":"https:\/\/ubirataonline.com.br\/en\/sem-caciques-do-pt-joao-campos-lanca-pre-candidatura-em-pe\/","title":{"rendered":"Sem caciques do PT, Jo\u00e3o Campos lan\u00e7a pr\u00e9-candidatura em PE"},"content":{"rendered":"<p><\/p>\n<p>Prefeito do Recife oficializar\u00e1 nesta 6\u00aa feira (20.mar), em um hotel na capital pernambucana, nomes que v\u00e3o compor chapa do PSB na disputa pelo governo<\/p>\n<div>\n<p>O prefeito do Recife, <a href=\"https:\/\/monitor.poder360.com.br\/politicos-do-brasil\/676003\/JO%C3%83O-CAMPOS?ano=2024\" target=\"_blank\" rel=\"noopener\" data-reader-unique-id=\"3\"><span data-reader-unique-id=\"4\">Jo\u00e3o Campos<\/span><\/a><span data-reader-unique-id=\"5\"> (PSB), oficializar\u00e1 nesta 6\u00aa feira (20.mar.2026), \u00e0s 12h, sua pr\u00e9-candidatura ao governo de Pernambuco. O evento ser\u00e1 em um hotel no bairro do Pina, na zona sul da capital pernambucana.<\/span><\/p>\n<p>O presidente do PT no Estado, deputado federal <a href=\"https:\/\/monitor.poder360.com.br\/politicos-do-brasil\/741386\/CARLOS-VERAS?ano=2022\" target=\"_blank\" rel=\"noopener\">Carlos Veras<\/a>, e o senador <a href=\"https:\/\/monitor.poder360.com.br\/politicos-do-brasil\/582316\/HUMBERTO-COSTA?ano=2018\" target=\"_blank\" rel=\"noopener\" data-reader-unique-id=\"5\">Humberto Costa<\/a> (PT-PE) n\u00e3o comparecer\u00e3o ao lan\u00e7amento. H\u00e1 uma insatisfa\u00e7\u00e3o de integrantes da sigla no Estado com a forma com que Campos decidiu formar a chapa.<\/p>\n<p><span data-reader-unique-id=\"5\">Houve um <a href=\"https:\/\/www.poder360.com.br\/poder-eleicoes\/campos-encaminha-chapa-com-marilia-no-senado-sem-acerto-com-pt-em-pe\/\" target=\"_blank\" rel=\"noopener\">acerto<\/a> dele com a ex-deputada <a href=\"https:\/\/monitor.poder360.com.br\/politicos-do-brasil\/1069665\/MARILIA-ARRAES?ano=2020\" target=\"_blank\" rel=\"noopener\" data-reader-unique-id=\"2\">Mar\u00edlia Arraes<\/a>, que <a href=\"https:\/\/www.poder360.com.br\/poder-eleicoes\/marilia-arraes-decide-disputar-senado-em-pernambuco-e-sela-ida-ao-pdt\/\" target=\"_blank\" rel=\"noopener\">deixou<\/a> o Solidariedade e se filiou ao PDT, para ocupar a 2\u00aa vaga ao Senado.\u00a0<\/span>Mar\u00edlia \u00e9 prima de Jo\u00e3o Campos. O \u00fanico nome que estava definido para disputar a Casa Alta nessa chapa era o de Humberto.<\/p>\n<p>A decis\u00e3o, contudo, n\u00e3o foi combinada com o PT de Pernambuco, resultando em um mal-estar com caciques petistas.<\/p>\n<p>O PSB de Pernambuco afirmou em <a href=\"https:\/\/www.instagram.com\/p\/DWFEw--D_VA\/\" target=\"_blank\" rel=\"noopener\">publica\u00e7\u00e3o<\/a> no Instagram que o nome de Campos <em>\u201cser\u00e1 colocado \u00e0 disposi\u00e7\u00e3o para liderar a futura chapa da Frente Popular como fruto de um sentimento manifestado pela maioria do povo pernambucano em todas as pesquisas eleitorais e tamb\u00e9m por prefeitos, ex-prefeitos, senadores, deputados, vereadores e outras lideran\u00e7as que v\u00eam abra\u00e7ando esse projeto nos \u00faltimos meses\u201d<\/em>.<\/p>\n<p><em>\u201cO lan\u00e7amento da pr\u00e9-candidatura ocorre em uma semana de fortes articula\u00e7\u00f5es em Bras\u00edlia, que consolidaram a Frente Popular de Pernambuco como o conjunto pol\u00edtico que marchar\u00e1 ao lado do presidente Lula (PT) nas elei\u00e7\u00f5es deste ano\u201d<\/em>, acrescentou em refer\u00eancia a uma reuni\u00e3o com <a href=\"https:\/\/monitor.poder360.com.br\/politicos-do-brasil\/369430\/EDINHO-SILVA?ano=2020\" target=\"_blank\" rel=\"noopener\" data-reader-unique-id=\"27\">Edinho Silva<\/a> e Carlos Lupi, presidentes do PT e PDT, respectivamente.<\/p>\n<p>Campos tamb\u00e9m \u00e9 presidente nacional do PSB e deve ter como candidato a vice o economista e advogado Carlos Costa, que nunca ocupou cargos eletivos. Ele \u00e9 filho do ex-deputado Silvio Costa e irm\u00e3o do ministro de Portos e Aeroportos, <a href=\"https:\/\/monitor.poder360.com.br\/politicos-do-brasil\/1372502\/SILVIO-COSTA-FILHO?ano=2022\" data-reader-unique-id=\"50\">Silvio Costa Filho<\/a> (Republicanos), que pretendia concorrer ao Senado, mas <a href=\"https:\/\/www.poder360.com.br\/poder-governo\/silvio-costa-filho-desiste-do-senado-e-vai-concorrer-a-camara\/\" target=\"_blank\" rel=\"noopener\">tentar\u00e1<\/a> ser reeleito como deputado federal.<\/p>\n<p>O PT estadual, por sua vez, j\u00e1 havia comunicado a Campos que n\u00e3o interromper\u00e1 o calend\u00e1rio eleitoral e as plen\u00e1rias para atender o pr\u00e9-candidato do PSB ao governo. H\u00e1 uma discuss\u00e3o do diret\u00f3rio petista em Pernambuco marcada para o dia 28 de mar\u00e7o antes de uma defini\u00e7\u00e3o.<\/p>\n<p>J\u00e1 Humberto seguir\u00e1 em agenda pr\u00f3pria no Sert\u00e3o nos pr\u00f3ximos dias e s\u00f3 deve voltar ao Recife na 2\u00aa feira (23.mar).<\/p>\n<p>Se confirmada a candidatura, a tend\u00eancia \u00e9 de que Campos tenha como <a href=\"https:\/\/www.poder360.com.br\/poder-eleicoes\/raquel-lyra-e-joao-campos-disputam-a-atencao-de-lula-no-carnaval-em-pe\/\">principal advers\u00e1ria<\/a> a atual governadora de Pernambuco, <a href=\"https:\/\/monitor.poder360.com.br\/politicos-do-brasil\/1242717\/RAQUEL-LYRA?ano=2022\">Raquel Lyra<\/a> (PSD), que tentar\u00e1 a reelei\u00e7\u00e3o.<\/p>\n<div id=\"attachment_2361839\" class=\"wp-caption inner-page-section__frame alignnone\" style=\"max-width: 100%;\">\n<div class=\"image-trademark\">\n                            <img decoding=\"async\" src=\"https:\/\/www.poder360.com.br\/wp-content\/themes\/poder\/assets\/img\/ico\/ce.svg\" alt=\"Copyright\"\/><\/p>\n<p>                            <span class=\"image-trademark__author\"> Reprodu\u00e7\u00e3o\/Instagram @psbpernambuco \u2013 19.mar.2026<\/span>\n                        <\/div>\n<p><span title=\"Cr\u00e9ditos da imagem\" class=\"inner-page-section__caption-b\">PSB de Pernambuco anuncia lan\u00e7amento da pr\u00e9-candidatura de Jo\u00e3o Campos ao governo do Estado <\/span><\/div>\n<\/p><\/div>\n<p><script>\n\t\t\twindow.fbAsyncInit = function () {\n\t\t\t\tFB.init({\n\t\t\t\t\tappId: '176130429467305',\n\t\t\t\t\txfbml: true,\n\t\t\t\t\tversion: 'v2.7'\n\t\t\t\t});\n\t\t\t\twindow.api_started = true;\n\t\t\t};\n\t\t\t(function (d, s, id) {\n\t\t\t\tvar js, fjs = d.getElementsByTagName(s)[0];\n\t\t\t\tif (d.getElementById(id)) {\n\t\t\t\t\treturn;\n\t\t\t\t}\n\t\t\t\tjs = d.createElement(s);\n\t\t\t\tjs.id = id;\n\t\t\t\tjs.src = \"https:\/\/connect.facebook.net\/pt_BR\/sdk.js\";\n\t\t\t\tfjs.parentNode.insertBefore(js, fjs);\n\t\t\t}(document, 'script', 'facebook-jssdk'));\n\t\t<\/script><script async src=\"\/\/www.instagram.com\/embed.js\"><\/script><br \/>\n<br \/><a href=\"https:\/\/www.poder360.com.br\/poder-eleicoes\/sem-caciques-do-pt-joao-campos-lanca-pre-candidatura-em-pe\/\">Fonte do Artigo <\/a><\/p>\n","protected":false},"excerpt":{"rendered":"<p>Prefeito do Recife oficializar\u00e1 nesta 6\u00aa feira (20.mar), em um hotel na capital pernambucana, nomes que v\u00e3o compor chapa do PSB na disputa pelo governo O prefeito do Recife, Jo\u00e3o Campos (PSB), oficializar\u00e1 nesta 6\u00aa feira (20.mar.2026), \u00e0s 12h, sua pr\u00e9-candidatura ao governo de Pernambuco. O evento ser\u00e1 em um hotel no bairro do Pina, [&hellip;]<\/p>\n","protected":false},"author":1,"featured_media":96182,"comment_status":"closed","ping_status":"","sticky":false,"template":"","format":"standard","meta":{"googlesitekit_rrm_CAow2JLhCw:productID":"","_gspb_post_css":"","maa_idioma":"","maa_pais":"","footnotes":""},"categories":[4],"tags":[23371,9847,8566,8136,5662,3610],"class_list":["post-96181","post","type-post","status-publish","format-standard","has-post-thumbnail","hentry","category-brasil","tag-caciques","tag-campos","tag-joao","tag-lanca","tag-precandidatura","tag-sem"],"blocksy_meta":[],"yoast_head":"<!-- This site is optimized with the Yoast SEO Premium plugin v27.6 (Yoast SEO v27.6) - https:\/\/yoast.com\/product\/yoast-seo-premium-wordpress\/ -->\n<title>Sem caciques do PT, Jo\u00e3o Campos lan\u00e7a pr\u00e9-candidatura em PE - Ubirat\u00e3 Online Not\u00edcias - A realidade ao seu alcance!<\/title>\n<meta name=\"description\" content=\"Prefeito do Recife oficializar\u00e1 nesta 6\u00aa feira (20.mar), em um hotel na capital pernambucana, nomes que v\u00e3o compor chapa do PSB na disputa pelo governo O\" \/>\n<meta name=\"robots\" content=\"index, follow, max-snippet:-1, max-image-preview:large, max-video-preview:-1\" \/>\n<link rel=\"canonical\" href=\"https:\/\/ubirataonline.com.br\/en\/sem-caciques-do-pt-joao-campos-lanca-pre-candidatura-em-pe\/\" \/>\n<meta property=\"og:locale\" content=\"en_US\" \/>\n<meta property=\"og:type\" content=\"article\" \/>\n<meta property=\"og:title\" content=\"Sem caciques do PT, Jo\u00e3o Campos lan\u00e7a pr\u00e9-candidatura em PE\" \/>\n<meta property=\"og:description\" content=\"Prefeito do Recife oficializar\u00e1 nesta 6\u00aa feira (20.mar), em um hotel na capital pernambucana, nomes que v\u00e3o compor chapa do PSB na disputa pelo governo O\" \/>\n<meta property=\"og:url\" content=\"https:\/\/ubirataonline.com.br\/en\/sem-caciques-do-pt-joao-campos-lanca-pre-candidatura-em-pe\/\" \/>\n<meta property=\"og:site_name\" content=\"Ubirat\u00e3 Online Not\u00edcias - A realidade ao seu alcance!\" \/>\n<meta property=\"article:publisher\" content=\"https:\/\/www.facebook.com\/portalubirataonline\" \/>\n<meta property=\"article:author\" content=\"https:\/\/www.facebook.com\/portalubirataonline\" \/>\n<meta property=\"article:published_time\" content=\"2026-03-20T13:38:49+00:00\" \/>\n<meta property=\"article:modified_time\" content=\"2026-03-20T13:38:51+00:00\" \/>\n<meta property=\"og:image\" content=\"https:\/\/ubirataonline.com.br\/wp-content\/uploads\/2026\/03\/Sem-caciques-do-PT-Joao-Campos-lanca-pre-candidatura-em-PE.jpeg\" \/>\n\t<meta property=\"og:image:width\" content=\"848\" \/>\n\t<meta property=\"og:image:height\" content=\"477\" \/>\n\t<meta property=\"og:image:type\" content=\"image\/jpeg\" \/>\n<meta name=\"author\" content=\"REDA\u00c7\u00c3O: UBIRAT\u00c3 ONLINE - F\u00c1BIO AUGUSTO CELESTINO\" \/>\n<meta name=\"twitter:card\" content=\"summary_large_image\" \/>\n<meta name=\"twitter:creator\" content=\"@x.com\/ubirataonline\" \/>\n<meta name=\"twitter:site\" content=\"@ubirataonline\" \/>\n<meta name=\"twitter:label1\" content=\"Written by\" \/>\n\t<meta name=\"twitter:data1\" content=\"REDA\u00c7\u00c3O: UBIRAT\u00c3 ONLINE - F\u00c1BIO AUGUSTO CELESTINO\" \/>\n\t<meta name=\"twitter:label2\" content=\"Est. reading time\" \/>\n\t<meta name=\"twitter:data2\" content=\"2 minutes\" \/>\n<script type=\"application\/ld+json\" class=\"yoast-schema-graph\">{\"@context\":\"https:\\\/\\\/schema.org\",\"@graph\":[{\"@type\":\"NewsArticle\",\"@id\":\"https:\\\/\\\/ubirataonline.com.br\\\/sem-caciques-do-pt-joao-campos-lanca-pre-candidatura-em-pe\\\/#article\",\"isPartOf\":{\"@id\":\"https:\\\/\\\/ubirataonline.com.br\\\/sem-caciques-do-pt-joao-campos-lanca-pre-candidatura-em-pe\\\/\"},\"author\":{\"name\":\"REDA\u00c7\u00c3O: UBIRAT\u00c3 ONLINE - F\u00c1BIO AUGUSTO CELESTINO\",\"@id\":\"https:\\\/\\\/ubirataonline.com.br\\\/#\\\/schema\\\/person\\\/372f87bbd3fdd79b8556b84c98d0bc1c\"},\"headline\":\"Sem caciques do PT, Jo\u00e3o Campos lan\u00e7a pr\u00e9-candidatura em PE\",\"datePublished\":\"2026-03-20T13:38:49+00:00\",\"dateModified\":\"2026-03-20T13:38:51+00:00\",\"mainEntityOfPage\":{\"@id\":\"https:\\\/\\\/ubirataonline.com.br\\\/sem-caciques-do-pt-joao-campos-lanca-pre-candidatura-em-pe\\\/\"},\"wordCount\":501,\"publisher\":{\"@id\":\"https:\\\/\\\/ubirataonline.com.br\\\/#organization\"},\"image\":{\"@id\":\"https:\\\/\\\/ubirataonline.com.br\\\/sem-caciques-do-pt-joao-campos-lanca-pre-candidatura-em-pe\\\/#primaryimage\"},\"thumbnailUrl\":\"https:\\\/\\\/ubirataonline.com.br\\\/wp-content\\\/uploads\\\/2026\\\/03\\\/Sem-caciques-do-PT-Joao-Campos-lanca-pre-candidatura-em-PE.jpeg\",\"keywords\":[\"caciques\",\"Campos\",\"Jo\u00e3o\",\"lan\u00e7a\",\"pr\u00e9candidatura\",\"sem\"],\"articleSection\":[\"Brasil\"],\"inLanguage\":\"en-US\",\"copyrightYear\":\"2026\",\"copyrightHolder\":{\"@id\":\"https:\\\/\\\/ubirataonline.com.br\\\/en\\\/#organization\"}},{\"@type\":\"WebPage\",\"@id\":\"https:\\\/\\\/ubirataonline.com.br\\\/sem-caciques-do-pt-joao-campos-lanca-pre-candidatura-em-pe\\\/\",\"url\":\"https:\\\/\\\/ubirataonline.com.br\\\/sem-caciques-do-pt-joao-campos-lanca-pre-candidatura-em-pe\\\/\",\"name\":\"Sem caciques do PT, Jo\u00e3o Campos lan\u00e7a pr\u00e9-candidatura em PE - Ubirat\u00e3 Online Not\u00edcias - A realidade ao seu alcance!\",\"isPartOf\":{\"@id\":\"https:\\\/\\\/ubirataonline.com.br\\\/#website\"},\"primaryImageOfPage\":{\"@id\":\"https:\\\/\\\/ubirataonline.com.br\\\/sem-caciques-do-pt-joao-campos-lanca-pre-candidatura-em-pe\\\/#primaryimage\"},\"image\":{\"@id\":\"https:\\\/\\\/ubirataonline.com.br\\\/sem-caciques-do-pt-joao-campos-lanca-pre-candidatura-em-pe\\\/#primaryimage\"},\"thumbnailUrl\":\"https:\\\/\\\/ubirataonline.com.br\\\/wp-content\\\/uploads\\\/2026\\\/03\\\/Sem-caciques-do-PT-Joao-Campos-lanca-pre-candidatura-em-PE.jpeg\",\"datePublished\":\"2026-03-20T13:38:49+00:00\",\"dateModified\":\"2026-03-20T13:38:51+00:00\",\"description\":\"Prefeito do Recife oficializar\u00e1 nesta 6\u00aa feira (20.mar), em um hotel na capital pernambucana, nomes que v\u00e3o compor chapa do PSB na disputa pelo governo O\",\"breadcrumb\":{\"@id\":\"https:\\\/\\\/ubirataonline.com.br\\\/sem-caciques-do-pt-joao-campos-lanca-pre-candidatura-em-pe\\\/#breadcrumb\"},\"inLanguage\":\"en-US\",\"potentialAction\":[{\"@type\":\"ReadAction\",\"target\":[\"https:\\\/\\\/ubirataonline.com.br\\\/sem-caciques-do-pt-joao-campos-lanca-pre-candidatura-em-pe\\\/\"]}]},{\"@type\":\"ImageObject\",\"inLanguage\":\"en-US\",\"@id\":\"https:\\\/\\\/ubirataonline.com.br\\\/sem-caciques-do-pt-joao-campos-lanca-pre-candidatura-em-pe\\\/#primaryimage\",\"url\":\"https:\\\/\\\/ubirataonline.com.br\\\/wp-content\\\/uploads\\\/2026\\\/03\\\/Sem-caciques-do-PT-Joao-Campos-lanca-pre-candidatura-em-PE.jpeg\",\"contentUrl\":\"https:\\\/\\\/ubirataonline.com.br\\\/wp-content\\\/uploads\\\/2026\\\/03\\\/Sem-caciques-do-PT-Joao-Campos-lanca-pre-candidatura-em-PE.jpeg\",\"width\":848,\"height\":477,\"caption\":\"Jo\u00e3o Campos escolheu ex-deputada federal Mar\u00edlia Arraes (PDT), que \u00e9 sua prima, para ocupar uma das vagas do Senado em sua chapa\"},{\"@type\":\"BreadcrumbList\",\"@id\":\"https:\\\/\\\/ubirataonline.com.br\\\/sem-caciques-do-pt-joao-campos-lanca-pre-candidatura-em-pe\\\/#breadcrumb\",\"itemListElement\":[{\"@type\":\"ListItem\",\"position\":1,\"name\":\"In\u00edcio\",\"item\":\"https:\\\/\\\/ubirataonline.com.br\\\/\"},{\"@type\":\"ListItem\",\"position\":2,\"name\":\"Sem caciques do PT, Jo\u00e3o Campos lan\u00e7a pr\u00e9-candidatura em PE\"}]},{\"@type\":\"WebSite\",\"@id\":\"https:\\\/\\\/ubirataonline.com.br\\\/#website\",\"url\":\"https:\\\/\\\/ubirataonline.com.br\\\/\",\"name\":\"Ubirat\u00e3 Online Not\u00edcias\",\"description\":\"Not\u00edcias de Ubirat\u00e3, regi\u00e3o, Brasil e mundo, com informa\u00e7\u00e3o atualizada e compromisso com o leitor.\",\"publisher\":{\"@id\":\"https:\\\/\\\/ubirataonline.com.br\\\/#organization\"},\"alternateName\":\"Ubirat\u00e3 Online\",\"potentialAction\":[{\"@type\":\"SearchAction\",\"target\":{\"@type\":\"EntryPoint\",\"urlTemplate\":\"https:\\\/\\\/ubirataonline.com.br\\\/?s={search_term_string}\"},\"query-input\":{\"@type\":\"PropertyValueSpecification\",\"valueRequired\":true,\"valueName\":\"search_term_string\"}}],\"inLanguage\":\"en-US\"},{\"@type\":[\"Organization\",\"Place\"],\"@id\":\"https:\\\/\\\/ubirataonline.com.br\\\/#organization\",\"name\":\"Ubirat\u00e3 Online Not\u00edcias\",\"alternateName\":\"Ubirat\u00e3 Online\",\"url\":\"https:\\\/\\\/ubirataonline.com.br\\\/\",\"logo\":{\"@id\":\"https:\\\/\\\/ubirataonline.com.br\\\/sem-caciques-do-pt-joao-campos-lanca-pre-candidatura-em-pe\\\/#local-main-organization-logo\"},\"image\":{\"@id\":\"https:\\\/\\\/ubirataonline.com.br\\\/sem-caciques-do-pt-joao-campos-lanca-pre-candidatura-em-pe\\\/#local-main-organization-logo\"},\"sameAs\":[\"https:\\\/\\\/www.facebook.com\\\/portalubirataonline\",\"https:\\\/\\\/x.com\\\/ubirataonline\",\"https:\\\/\\\/mastodon.social\\\/@ubirataonline\",\"https:\\\/\\\/www.facebook.com\\\/groups\\\/311144672285604\",\"https:\\\/\\\/www.facebook.com\\\/UBTAOnline\",\"https:\\\/\\\/www.instagram.com\\\/portalubirataonline\\\/\",\"https:\\\/\\\/twitter.com\\\/ubirataonline\"],\"description\":\"Somos um portal de not\u00edcias independente, criado em 5 de janeiro de 2009, com o objetivo de informar, conectar e valorizar a nossa comunidade de Ubirat\u00e3 e toda aregi\u00e3o. Com conte\u00fado atualizado, confi\u00e1vel e relevante, o Ubirat\u00e3 Online \u00e9 o seu espa\u00e7o para ficar por dentro dos principais acontecimentos locais, regionais, Brasil, Mundo e de interesse geral. Nosso compromisso \u00e9 com a verdade, a transpar\u00eancia e o respeito ao leitor.\",\"legalName\":\"UBIRATA ONLINE NOT\u00cdCIAS\",\"foundingDate\":\"2009-01-05\",\"numberOfEmployees\":{\"@type\":\"QuantitativeValue\",\"minValue\":\"1\",\"maxValue\":\"10\"},\"publishingPrinciples\":\"https:\\\/\\\/ubirataonline.com.br\\\/faq\\\/\",\"address\":{\"@id\":\"https:\\\/\\\/ubirataonline.com.br\\\/sem-caciques-do-pt-joao-campos-lanca-pre-candidatura-em-pe\\\/#local-main-place-address\"},\"geo\":{\"@type\":\"GeoCoordinates\",\"latitude\":\"-24.5361401\",\"longitude\":\"-52.9921776\"},\"telephone\":[\"+5544998308235\"],\"contactPoint\":{\"@type\":\"ContactPoint\",\"email\":\"contato@ubirataonline.com.br\"},\"openingHoursSpecification\":{\"@type\":\"OpeningHoursSpecification\",\"dayOfWeek\":[\"Monday\",\"Tuesday\",\"Wednesday\",\"Thursday\",\"Friday\",\"Saturday\",\"Sunday\"],\"opens\":\"00:00\",\"closes\":\"23:59\"},\"email\":\"contato@ubirataonline.com.br\",\"vatID\":\"47.621.418\\\/0001-80\"},{\"@type\":\"Person\",\"@id\":\"https:\\\/\\\/ubirataonline.com.br\\\/#\\\/schema\\\/person\\\/372f87bbd3fdd79b8556b84c98d0bc1c\",\"name\":\"REDA\u00c7\u00c3O: UBIRAT\u00c3 ONLINE - F\u00c1BIO AUGUSTO CELESTINO\",\"pronouns\":\"Ele\",\"description\":\"Desde 2003 trabalhando com not\u00edcias.\",\"sameAs\":[\"http:\\\/\\\/ubirataoline.com.br\",\"https:\\\/\\\/www.facebook.com\\\/portalubirataonline\",\"https:\\\/\\\/www.instagram.com\\\/ubirataonline_oficial\",\"https:\\\/\\\/x.com\\\/x.com\\\/ubirataonline\"],\"honorificPrefix\":\"Mr.\",\"honorificSuffix\":\"MD\",\"birthDate\":\"1980-06-16\",\"gender\":\"masculino\",\"award\":[\"V\u00e1rios pr\u00eamios de melhor portal da cidade\"],\"jobTitle\":\"Diretor\",\"url\":\"https:\\\/\\\/ubirataonline.com.br\\\/en\\\/author\\\/ubirataonline\\\/\"},{\"@type\":\"PostalAddress\",\"@id\":\"https:\\\/\\\/ubirataonline.com.br\\\/sem-caciques-do-pt-joao-campos-lanca-pre-candidatura-em-pe\\\/#local-main-place-address\",\"streetAddress\":\"Rua dos Coqueiros, 104 - Bairro Boa Vista, Rua dos Coqueiros, 104 Bairro Boa Vista\",\"addressLocality\":\"UBIRATA\",\"postalCode\":\"85440-000\",\"addressRegion\":\"PR\",\"addressCountry\":\"BR\"},{\"@type\":\"ImageObject\",\"inLanguage\":\"en-US\",\"@id\":\"https:\\\/\\\/ubirataonline.com.br\\\/sem-caciques-do-pt-joao-campos-lanca-pre-candidatura-em-pe\\\/#local-main-organization-logo\",\"url\":\"https:\\\/\\\/ubirataonline.com.br\\\/wp-content\\\/uploads\\\/2026\\\/06\\\/logoubirataonline-1.webp\",\"contentUrl\":\"https:\\\/\\\/ubirataonline.com.br\\\/wp-content\\\/uploads\\\/2026\\\/06\\\/logoubirataonline-1.webp\",\"width\":500,\"height\":500,\"caption\":\"Ubirat\u00e3 Online Not\u00edcias\"}]}<\/script>\n<meta name=\"geo.placename\" content=\"UBIRATA\" \/>\n<meta name=\"geo.position\" content=\"-24.5361401;-52.9921776\" \/>\n<meta name=\"geo.region\" content=\"Brazil\" \/>\n<!-- \/ Yoast SEO Premium plugin. -->","yoast_head_json":{"title":"Sem caciques do PT, Jo\u00e3o Campos lan\u00e7a pr\u00e9-candidatura em PE - Ubirat\u00e3 Online Not\u00edcias - A realidade ao seu alcance!","description":"Prefeito do Recife oficializar\u00e1 nesta 6\u00aa feira (20.mar), em um hotel na capital pernambucana, nomes que v\u00e3o compor chapa do PSB na disputa pelo governo O","robots":{"index":"index","follow":"follow","max-snippet":"max-snippet:-1","max-image-preview":"max-image-preview:large","max-video-preview":"max-video-preview:-1"},"canonical":"https:\/\/ubirataonline.com.br\/en\/sem-caciques-do-pt-joao-campos-lanca-pre-candidatura-em-pe\/","og_locale":"en_US","og_type":"article","og_title":"Sem caciques do PT, Jo\u00e3o Campos lan\u00e7a pr\u00e9-candidatura em PE","og_description":"Prefeito do Recife oficializar\u00e1 nesta 6\u00aa feira (20.mar), em um hotel na capital pernambucana, nomes que v\u00e3o compor chapa do PSB na disputa pelo governo O","og_url":"https:\/\/ubirataonline.com.br\/en\/sem-caciques-do-pt-joao-campos-lanca-pre-candidatura-em-pe\/","og_site_name":"Ubirat\u00e3 Online Not\u00edcias - A realidade ao seu alcance!","article_publisher":"https:\/\/www.facebook.com\/portalubirataonline","article_author":"https:\/\/www.facebook.com\/portalubirataonline","article_published_time":"2026-03-20T13:38:49+00:00","article_modified_time":"2026-03-20T13:38:51+00:00","og_image":[{"width":848,"height":477,"url":"https:\/\/ubirataonline.com.br\/wp-content\/uploads\/2026\/03\/Sem-caciques-do-PT-Joao-Campos-lanca-pre-candidatura-em-PE.jpeg","type":"image\/jpeg"}],"author":"REDA\u00c7\u00c3O: UBIRAT\u00c3 ONLINE - F\u00c1BIO AUGUSTO CELESTINO","twitter_card":"summary_large_image","twitter_creator":"@x.com\/ubirataonline","twitter_site":"@ubirataonline","twitter_misc":{"Written by":"REDA\u00c7\u00c3O: UBIRAT\u00c3 ONLINE - F\u00c1BIO AUGUSTO CELESTINO","Est. reading time":"2 minutes"},"schema":{"@context":"https:\/\/schema.org","@graph":[{"@type":"NewsArticle","@id":"https:\/\/ubirataonline.com.br\/sem-caciques-do-pt-joao-campos-lanca-pre-candidatura-em-pe\/#article","isPartOf":{"@id":"https:\/\/ubirataonline.com.br\/sem-caciques-do-pt-joao-campos-lanca-pre-candidatura-em-pe\/"},"author":{"name":"REDA\u00c7\u00c3O: UBIRAT\u00c3 ONLINE - F\u00c1BIO AUGUSTO CELESTINO","@id":"https:\/\/ubirataonline.com.br\/#\/schema\/person\/372f87bbd3fdd79b8556b84c98d0bc1c"},"headline":"Sem caciques do PT, Jo\u00e3o Campos lan\u00e7a pr\u00e9-candidatura em PE","datePublished":"2026-03-20T13:38:49+00:00","dateModified":"2026-03-20T13:38:51+00:00","mainEntityOfPage":{"@id":"https:\/\/ubirataonline.com.br\/sem-caciques-do-pt-joao-campos-lanca-pre-candidatura-em-pe\/"},"wordCount":501,"publisher":{"@id":"https:\/\/ubirataonline.com.br\/#organization"},"image":{"@id":"https:\/\/ubirataonline.com.br\/sem-caciques-do-pt-joao-campos-lanca-pre-candidatura-em-pe\/#primaryimage"},"thumbnailUrl":"https:\/\/ubirataonline.com.br\/wp-content\/uploads\/2026\/03\/Sem-caciques-do-PT-Joao-Campos-lanca-pre-candidatura-em-PE.jpeg","keywords":["caciques","Campos","Jo\u00e3o","lan\u00e7a","pr\u00e9candidatura","sem"],"articleSection":["Brasil"],"inLanguage":"en-US","copyrightYear":"2026","copyrightHolder":{"@id":"https:\/\/ubirataonline.com.br\/en\/#organization"}},{"@type":"WebPage","@id":"https:\/\/ubirataonline.com.br\/sem-caciques-do-pt-joao-campos-lanca-pre-candidatura-em-pe\/","url":"https:\/\/ubirataonline.com.br\/sem-caciques-do-pt-joao-campos-lanca-pre-candidatura-em-pe\/","name":"Sem caciques do PT, Jo\u00e3o Campos lan\u00e7a pr\u00e9-candidatura em PE - Ubirat\u00e3 Online Not\u00edcias - A realidade ao seu alcance!","isPartOf":{"@id":"https:\/\/ubirataonline.com.br\/#website"},"primaryImageOfPage":{"@id":"https:\/\/ubirataonline.com.br\/sem-caciques-do-pt-joao-campos-lanca-pre-candidatura-em-pe\/#primaryimage"},"image":{"@id":"https:\/\/ubirataonline.com.br\/sem-caciques-do-pt-joao-campos-lanca-pre-candidatura-em-pe\/#primaryimage"},"thumbnailUrl":"https:\/\/ubirataonline.com.br\/wp-content\/uploads\/2026\/03\/Sem-caciques-do-PT-Joao-Campos-lanca-pre-candidatura-em-PE.jpeg","datePublished":"2026-03-20T13:38:49+00:00","dateModified":"2026-03-20T13:38:51+00:00","description":"Prefeito do Recife oficializar\u00e1 nesta 6\u00aa feira (20.mar), em um hotel na capital pernambucana, nomes que v\u00e3o compor chapa do PSB na disputa pelo governo O","breadcrumb":{"@id":"https:\/\/ubirataonline.com.br\/sem-caciques-do-pt-joao-campos-lanca-pre-candidatura-em-pe\/#breadcrumb"},"inLanguage":"en-US","potentialAction":[{"@type":"ReadAction","target":["https:\/\/ubirataonline.com.br\/sem-caciques-do-pt-joao-campos-lanca-pre-candidatura-em-pe\/"]}]},{"@type":"ImageObject","inLanguage":"en-US","@id":"https:\/\/ubirataonline.com.br\/sem-caciques-do-pt-joao-campos-lanca-pre-candidatura-em-pe\/#primaryimage","url":"https:\/\/ubirataonline.com.br\/wp-content\/uploads\/2026\/03\/Sem-caciques-do-PT-Joao-Campos-lanca-pre-candidatura-em-PE.jpeg","contentUrl":"https:\/\/ubirataonline.com.br\/wp-content\/uploads\/2026\/03\/Sem-caciques-do-PT-Joao-Campos-lanca-pre-candidatura-em-PE.jpeg","width":848,"height":477,"caption":"Jo\u00e3o Campos escolheu ex-deputada federal Mar\u00edlia Arraes (PDT), que \u00e9 sua prima, para ocupar uma das vagas do Senado em sua chapa"},{"@type":"BreadcrumbList","@id":"https:\/\/ubirataonline.com.br\/sem-caciques-do-pt-joao-campos-lanca-pre-candidatura-em-pe\/#breadcrumb","itemListElement":[{"@type":"ListItem","position":1,"name":"In\u00edcio","item":"https:\/\/ubirataonline.com.br\/"},{"@type":"ListItem","position":2,"name":"Sem caciques do PT, Jo\u00e3o Campos lan\u00e7a pr\u00e9-candidatura em PE"}]},{"@type":"WebSite","@id":"https:\/\/ubirataonline.com.br\/#website","url":"https:\/\/ubirataonline.com.br\/","name":"Ubirat\u00e3 Online Not\u00edcias","description":"Not\u00edcias de Ubirat\u00e3, regi\u00e3o, Brasil e mundo, com informa\u00e7\u00e3o atualizada e compromisso com o leitor.","publisher":{"@id":"https:\/\/ubirataonline.com.br\/#organization"},"alternateName":"Ubirat\u00e3 Online","potentialAction":[{"@type":"SearchAction","target":{"@type":"EntryPoint","urlTemplate":"https:\/\/ubirataonline.com.br\/?s={search_term_string}"},"query-input":{"@type":"PropertyValueSpecification","valueRequired":true,"valueName":"search_term_string"}}],"inLanguage":"en-US"},{"@type":["Organization","Place"],"@id":"https:\/\/ubirataonline.com.br\/#organization","name":"Ubirat\u00e3 Online Not\u00edcias","alternateName":"Ubirat\u00e3 Online","url":"https:\/\/ubirataonline.com.br\/","logo":{"@id":"https:\/\/ubirataonline.com.br\/sem-caciques-do-pt-joao-campos-lanca-pre-candidatura-em-pe\/#local-main-organization-logo"},"image":{"@id":"https:\/\/ubirataonline.com.br\/sem-caciques-do-pt-joao-campos-lanca-pre-candidatura-em-pe\/#local-main-organization-logo"},"sameAs":["https:\/\/www.facebook.com\/portalubirataonline","https:\/\/x.com\/ubirataonline","https:\/\/mastodon.social\/@ubirataonline","https:\/\/www.facebook.com\/groups\/311144672285604","https:\/\/www.facebook.com\/UBTAOnline","https:\/\/www.instagram.com\/portalubirataonline\/","https:\/\/twitter.com\/ubirataonline"],"description":"Somos um portal de not\u00edcias independente, criado em 5 de janeiro de 2009, com o objetivo de informar, conectar e valorizar a nossa comunidade de Ubirat\u00e3 e toda aregi\u00e3o. Com conte\u00fado atualizado, confi\u00e1vel e relevante, o Ubirat\u00e3 Online \u00e9 o seu espa\u00e7o para ficar por dentro dos principais acontecimentos locais, regionais, Brasil, Mundo e de interesse geral. Nosso compromisso \u00e9 com a verdade, a transpar\u00eancia e o respeito ao leitor.","legalName":"UBIRATA ONLINE NOT\u00cdCIAS","foundingDate":"2009-01-05","numberOfEmployees":{"@type":"QuantitativeValue","minValue":"1","maxValue":"10"},"publishingPrinciples":"https:\/\/ubirataonline.com.br\/faq\/","address":{"@id":"https:\/\/ubirataonline.com.br\/sem-caciques-do-pt-joao-campos-lanca-pre-candidatura-em-pe\/#local-main-place-address"},"geo":{"@type":"GeoCoordinates","latitude":"-24.5361401","longitude":"-52.9921776"},"telephone":["+5544998308235"],"contactPoint":{"@type":"ContactPoint","email":"contato@ubirataonline.com.br"},"openingHoursSpecification":{"@type":"OpeningHoursSpecification","dayOfWeek":["Monday","Tuesday","Wednesday","Thursday","Friday","Saturday","Sunday"],"opens":"00:00","closes":"23:59"},"email":"contato@ubirataonline.com.br","vatID":"47.621.418\/0001-80"},{"@type":"Person","@id":"https:\/\/ubirataonline.com.br\/#\/schema\/person\/372f87bbd3fdd79b8556b84c98d0bc1c","name":"REDA\u00c7\u00c3O: UBIRAT\u00c3 ONLINE - F\u00c1BIO AUGUSTO CELESTINO","pronouns":"Ele","description":"Desde 2003 trabalhando com not\u00edcias.","sameAs":["http:\/\/ubirataoline.com.br","https:\/\/www.facebook.com\/portalubirataonline","https:\/\/www.instagram.com\/ubirataonline_oficial","https:\/\/x.com\/x.com\/ubirataonline"],"honorificPrefix":"Mr.","honorificSuffix":"MD","birthDate":"1980-06-16","gender":"masculino","award":["V\u00e1rios pr\u00eamios de melhor portal da cidade"],"jobTitle":"Diretor","url":"https:\/\/ubirataonline.com.br\/en\/author\/ubirataonline\/"},{"@type":"PostalAddress","@id":"https:\/\/ubirataonline.com.br\/sem-caciques-do-pt-joao-campos-lanca-pre-candidatura-em-pe\/#local-main-place-address","streetAddress":"Rua dos Coqueiros, 104 - Bairro Boa Vista, Rua dos Coqueiros, 104 Bairro Boa Vista","addressLocality":"UBIRATA","postalCode":"85440-000","addressRegion":"PR","addressCountry":"BR"},{"@type":"ImageObject","inLanguage":"en-US","@id":"https:\/\/ubirataonline.com.br\/sem-caciques-do-pt-joao-campos-lanca-pre-candidatura-em-pe\/#local-main-organization-logo","url":"https:\/\/ubirataonline.com.br\/wp-content\/uploads\/2026\/06\/logoubirataonline-1.webp","contentUrl":"https:\/\/ubirataonline.com.br\/wp-content\/uploads\/2026\/06\/logoubirataonline-1.webp","width":500,"height":500,"caption":"Ubirat\u00e3 Online Not\u00edcias"}]},"geo.placename":"UBIRATA","geo.position":{"lat":"-24.5361401","long":"-52.9921776"},"geo.region":"Brazil"},"_links":{"self":[{"href":"https:\/\/ubirataonline.com.br\/en\/wp-json\/wp\/v2\/posts\/96181","targetHints":{"allow":["GET"]}}],"collection":[{"href":"https:\/\/ubirataonline.com.br\/en\/wp-json\/wp\/v2\/posts"}],"about":[{"href":"https:\/\/ubirataonline.com.br\/en\/wp-json\/wp\/v2\/types\/post"}],"author":[{"embeddable":true,"href":"https:\/\/ubirataonline.com.br\/en\/wp-json\/wp\/v2\/users\/1"}],"replies":[{"embeddable":true,"href":"https:\/\/ubirataonline.com.br\/en\/wp-json\/wp\/v2\/comments?post=96181"}],"version-history":[{"count":0,"href":"https:\/\/ubirataonline.com.br\/en\/wp-json\/wp\/v2\/posts\/96181\/revisions"}],"wp:featuredmedia":[{"embeddable":true,"href":"https:\/\/ubirataonline.com.br\/en\/wp-json\/wp\/v2\/media\/96182"}],"wp:attachment":[{"href":"https:\/\/ubirataonline.com.br\/en\/wp-json\/wp\/v2\/media?parent=96181"}],"wp:term":[{"taxonomy":"category","embeddable":true,"href":"https:\/\/ubirataonline.com.br\/en\/wp-json\/wp\/v2\/categories?post=96181"},{"taxonomy":"post_tag","embeddable":true,"href":"https:\/\/ubirataonline.com.br\/en\/wp-json\/wp\/v2\/tags?post=96181"}],"curies":[{"name":"wp","href":"https:\/\/api.w.org\/{rel}","templated":true}]}}