{"id":96189,"date":"2026-03-20T11:41:46","date_gmt":"2026-03-20T14:41:46","guid":{"rendered":"https:\/\/ubirataonline.com.br\/genoa-de-rossi-non-siamo-ancora-salvi-norton-cuffy-sta-bene-baldanzi-e-malinovskyi\/"},"modified":"2026-03-20T11:41:51","modified_gmt":"2026-03-20T14:41:51","slug":"genoa-de-rossi-non-siamo-ancora-salvi-norton-cuffy-sta-bene-baldanzi-e-malinovskyi","status":"publish","type":"post","link":"https:\/\/ubirataonline.com.br\/en\/genoa-de-rossi-non-siamo-ancora-salvi-norton-cuffy-sta-bene-baldanzi-e-malinovskyi\/","title":{"rendered":"Genoa, De Rossi: \u201cNon siamo ancora salvi. Norton-Cuffy? Sta bene. Baldanzi e Malinovskyi\u2026\u201d"},"content":{"rendered":"<p><\/p>\n<div>\n<div class=\"ArticleParagraph_articleParagraph__MrxYL\">\n<p><strong>Il <a href=\"https:\/\/onefootball.com\/pt-br\/time\/genoa-189\">Genoa<\/a> si prepara ad affrontare l\u2019Udinese venerd\u00ec 20 marzo alle ore 20:45. Daniele De Rossi ha parlato cos\u00ec in conferenza stampa.<\/strong><\/p>\n<\/div>\n<div class=\"ArticleParagraph_articleParagraph__MrxYL\">\n<p><strong>Genoa e Udinese<\/strong> sono pronte a darsi battaglia nella sfida che apre la <strong>trentesima giornata di Serie A<\/strong> in programma venerd\u00ec 20 marzo alle ore 20:45. Ecco la conferenza stampa di <strong>Daniele De Rossi<\/strong>.<\/p>\n<\/div>\n<hr class=\"HorizontalSeparator_separator__EJ_El\"\/>\n<hr class=\"HorizontalSeparator_separator__EJ_El\"\/>\n<p><h3>Genoa, le parole di De Rossi<\/h3>\n<\/p>\n<div class=\"ArticleParagraph_articleParagraph__MrxYL\">\n<p><em>Domani tornate in casa contro l\u2019Udinese. E\u2019 l\u2019occasione per rivivere un\u2019altra festa?<\/em><br \/>\n<em>\u201cIl campionato non finisce domani ma c\u2019\u00e8 la sosta. E la sosta \u00e8 una sorta di piccola vacanza che si prende per decomprimere. Non si pu\u00f2 andare alla sosta senza un risultato positivo perch\u00e9 non siamo ancora salvi. Il \u2018Ferraris\u2019 \u00e8 un fattore di cui ho sempre parlato pi\u00f9 per conoscenza esterna. Deve essere cos\u00ec anche domani ma non esiste stadio che faccia gol. Se noi facciamo una partita dal punto di vista dell\u2019impegno improntate lo stadio ci verr\u00e0 dietro e ci far\u00e0 sembrare tutto pi\u00f9 facile. Giocare in casa con l\u2019atmosfera delle ultime partite sarebbe un ottimo vantaggio per noi\u201d.<\/em><\/p>\n<\/div>\n<div class=\"ArticleParagraph_articleParagraph__MrxYL\">\n<p><em>Norton-Cuffy come sta?<\/em><br \/>\n<em>\u201cSta bene. Sabelli contro la Roma ha fatto troppo bene per tenerlo fuori. Lui, come gli altri, \u00e8 \u2018vittima\u2019 delle scelte che faccio in base a ci\u00f2 che vedo. Ma \u00e8 un giocatore dal futuro brillante e luminoso\u201d.<\/em><\/p>\n<\/div>\n<div class=\"ArticleParagraph_articleParagraph__MrxYL\">\n<p><em>TMW \u2013 Scendere in campo a cinque giorni dalla vittoria di Verona pu\u00f2 servire a proseguire sull\u2019onda lunga del \u201cBentegodi\u201d e del successo contro la Roma?<\/em><br \/>\n<em>\u201cE\u2019 bello tornare in campo quando hai vinto l\u2019ultima partita e quando l\u2019ultima immagine del tuo stadio \u00e8 una festa. E\u2019 sempre un piacere. Poi le storie e gli almanacchi si scrivono in ogni partita. Al di l\u00e0 di tutto quello che stiamo dicendo, quello che deve rimanere chiaro \u00e8 che non siamo ancora salvi. Mancano ancora tantissimi punti. Siamo in un\u2019ottima posizione, i punti che servono non saranno 50 ma molti di meno. Abbiamo incanalato la strada verso la salvezza ma non lo siamo ancora e i ragazzi lo sanno. Questa settimana sono stato come uno degli allenatori anziani degli anni \u201990. Quando le cose vanno bene divento un po\u2019 molesto ma non posso immaginare una squadra che entra in campo e faccia una partita meno intensa di come abbiamo fatto con Torino e Roma. Voglio alchimia fra i miei giocatori e trasformare lo stadio in una bolgia vera\u201d.<\/em><\/p>\n<\/div>\n<div class=\"ArticleParagraph_articleParagraph__MrxYL\">\n<p><em>Come stanno Baldanzi e Onana?<\/em><br \/>\n<em>\u201cStanno bene tutti e due. Tommaso si sta allenando con noi con regolarit\u00e0 con ottimi risultati. A Verona lo volevo nel gruppo ma sapevo che non poteva giocare perch\u00e9 aveva pochi allenamenti. Pu\u00f2 giocare dall\u2019inizio, non pu\u00f2 fare tutta la partita ma sta bene. Onana ha avuto una storta sotto i miei occhi una settimana fa, ieri si sentiva abbastanza bene. Vediamo oggi e se star\u00e0 bene lo porteremo in panchina\u201d.<\/em><\/p>\n<\/div>\n<div class=\"ArticleParagraph_articleParagraph__MrxYL\">\n<p><em>In quattro mesi \u00e8 cambiato tutto. Di chi \u00e8 il merito?<\/em><br \/>\n<em>\u201cCi sono state una serie di concause che hanno fatto andare le cose bene. Non c\u2019\u00e8 un allenatore che senza l\u2019aiuto di societ\u00e0 e giocatori possa far bene. Le societ\u00e0 hanno bisogno di un allenatore e di un gruppo di giocatori che facciano le cose fatte bene mentre loro controllano e gestiscono il club. Il <a href=\"https:\/\/onefootball.com\/pt-br\/time\/genoa-189\">Genoa<\/a> con Vieira, l\u2019ho sempre detto, stava ottenendo meno punti di quelli che meritava sul campo. Il calcio \u00e8 questo. La differenza sta come gestisci i momenti negativi. C\u2019\u00e8 stato un momento dove abbiamo fatto due punti in cinque partite. Sucu e Blazquez sono sempre stati vicino a me, non ho mai sentito una punta di abbandono. E visto che in passato mi \u00e8 successo di sentire meno fiducia ai primi risultati non positivi non posso che sottolinearlo\u201d.<\/em><\/p>\n<\/div>\n<div class=\"ArticleParagraph_articleParagraph__MrxYL\">\n<p><em>Hai cambiato modo di pensare.<\/em><br \/>\n<em>\u201cDi questo sono contento. Nasciamo allenatori con delle idee, con delle fantasiose e a volte con delle utopie. Con idoli e allenatori da emulare ma nel percorso devi renderti conto di cosa ti serve e vai un po\u2019 a smussare le tue ferme convinzioni. Ti rendi conto che questa squadra aveva bisogno di qualcosa di pi\u00f9 verticale, mi sembra di essere migliorato in questo percorso grazie ai giocatori che hanno sempre dato tutto. Io per prima cosa ai ragazzi voglio trasferire un\u2019anima, poi il resto lo mettiamo. Non serve avere solo un\u2019anima per giocare a calcio, un allenatore deve essere bravo a tirare fuori il massimo ma se non si parte dall\u2019anima che nel momento difficile non ti voltano le spalle non esiste\u201d.<\/em><\/p>\n<\/div>\n<div class=\"ArticleParagraph_articleParagraph__MrxYL\">\n<p><em>Con la salvezza quasi acquisita pensa a qualche traguardo in pi\u00f9 da posizionare? Come i 40 punti per esempio?<\/em><br \/>\n<em>\u201cIn questa stagione? Assolutamente s\u00ec. Secondo me sarebbe sbagliato di parlare di 40 punti, di decimo posto. Se dovessimo trovare una vittoria fondamentale domani \u00e8 ovvio che devo trovare qualcosa per dare stimoli ai miei giocatori. Credo che la societ\u00e0 questo lo sappia e stia parlando di stimoli ai giocatori per non sedersi attorno a questi risultati, sia che dovessimo salvarsi o sia per raggiungere i 40 punti domani dobbiamo vincere. Se arrivassimo ad una quota di risultati che ci permettesse di essere salvi, deve essere un esercizio per il futuro. Il <a href=\"https:\/\/onefootball.com\/pt-br\/time\/genoa-189\">Genoa<\/a> deve riprendere a sognare, nella mia carriera di giocatore ho visto s\u00ec il <a href=\"https:\/\/onefootball.com\/pt-br\/time\/genoa-189\">Genoa<\/a> in B o in C ma anche al quinto posto con Gasperini. Si va a cicli. Lo ha fatto l\u2019Atalanta, lo fa ora il Bologna. Non si pu\u00f2 fare calcio senza sognare o senza avere un obiettivo. Io punto a sognare e a far sognare i tifosi e i miei giocatori\u201d.<\/em><\/p>\n<\/div>\n<div class=\"ArticleParagraph_articleParagraph__MrxYL\">\n<p><em>Quanto \u00e8 cresciuta la squadra?<\/em><br \/>\n<em>E\u2019 cresciuta la squadra e sto crescendo io. Se avessi analizzato la vittoria di Verona due anni fa avrei storto la bocca. Tutto \u00e8 esperienza. Vedi che il Verona ha giocato in una maniera particolare contro Bologna o Napoli e in altre gare ha tirato molto in porta. E io inizio a godere della squadra se concede poco. E\u2019 un senso di crescita: capire che, sia in condizione di grande squadra o di lotta alla salvezza, non subire tiri o gol \u00e8 la chiave\u201d.<\/em><\/p>\n<\/div>\n<div class=\"ArticleParagraph_articleParagraph__MrxYL\">\n<p><em>La crescita di Marcandalli?<\/em><br \/>\n<em>\u201cQuando fai questi risultati ci sono delle cose che vanno meglio rispetto a prima. Si parte dalla prestazione individuale dei giocatori e poi ci sono dei percorsi che hanno un loro flusso naturale. Marcandalli \u00e8 un 2002, ha fatto esperienza in B e in A. A me ha colpito da subito. Ci sono dei percorsi che si incontri, allenatori e giocatori che vanno d\u2019accordo. Il giocatore sta dando pi\u00f9 costanza, \u00e8 pi\u00f9 tranquillo. E\u2019 un giocatore che capisce tutto e ha qualit\u00e0 fisiche da Champions League, da giocatori che vanno di moda adesso. Deve mettere un po\u2019 di dominio del pallone, un po\u2019 di letture. Ma la sua fisicit\u00e0 \u00e8 quella che hanno difensori dell\u2019Arsenal, o Chelsea. Mi ricorda i primi anni di Rudiger alla Roma, un giocatore acerbo ma che fisicamente era una forza della natura\u201d.<\/em><\/p>\n<\/div>\n<div class=\"ArticleParagraph_articleParagraph__MrxYL\">\n<p><em>Che <a href=\"https:\/\/onefootball.com\/pt-br\/time\/udinese-195\">Udinese<\/a> si aspetta?<\/em><br \/>\n<em>\u201cL\u2019Udinese ha vinto in casa contro la Fiorentina, ha perso con la Juve e ha pareggiato a Bergamo. E\u2019 una squadra in salute. Hanno voglia di venire qui e non fare le comparse. E\u2019 una societ\u00e0 che lavora bene da 40 anni che ho voluto prendere come esempio. In questa conferenza stampa sembra un elogio di fine anno ma questo mi spaventa. Noi non siamo salvi. Lo ripeter\u00f2 alla nausea. Sono convinto che ci salveremo, l\u2019ho detto da gennaio, ma non lo siamo. Dobbiamo pensare alla partita e goderci l\u2019abbraccio dei nostri tifosi. Ma non siamo salvi. La partita \u00e8 tanto importante per noi e la sosta dobbiamo affrontarla con uno o tre punti in pi\u00f9\u201d.<\/em><\/p>\n<\/div>\n<div class=\"ArticleParagraph_articleParagraph__MrxYL\">\n<p><em>Il rientro di Baldanzi pu\u00f2 far aumentare le scelte.<\/em><br \/>\n<em>\u201c\u2028In base all\u2019avversario pensiamo alla strategia di gara. L\u2019Udinese ha quattro-cinque giocatori di livello altissimo, calciatori che giocheranno prestissimo in squadre di vertice in <a href=\"https:\/\/onefootball.com\/pt-br\/competicao\/serie-a-13\/jogos\">Serie A<\/a> e in Europa. Abbiamo un Baldanzi in pi\u00f9, dobbiamo focalizzarci sulla partita e incontreremo giocatori molto forti con capacit\u00e0 di ribaltare il fronte come il Verona ma con qualit\u00e0 superiore all\u2019Hellas. Dovremo fare una partita da squadra, al \u2018Bentegodi\u2019 ha funzionato non aver sottovalutato l\u2019avversario. Guai a farlo in casa\u201d.<\/em><\/p>\n<\/div>\n<div class=\"ArticleParagraph_articleParagraph__MrxYL\">\n<p><em>Ekuban, Malinovskyi e Messias insieme dopo gli infortuni?<\/em><br \/>\n<em>\u201cNon mi piace parlare di queste cose. Non porta mai molto bene. I ragazzi devono farmi vedere la disponibilit\u00e0. Un lavativo con me non ha tre giorni di vita calcistica. Loro tre sono giocatori che hanno voglia di dare una mano e la differenza a volte la fa l\u2019elasticit\u00e0 dell\u2019allenatore. Non meritano di rimanere in ghiacciaia. Hanno sempre cercato di mettersi a disposizione. Io Malinovskyi non lo metterei in questo elenco perch\u00e9 da quando sono qua ha avuto solo un trauma\u201d.<\/em><\/p>\n<\/div>\n<div class=\"ArticleParagraph_articleParagraph__MrxYL\">\n<p><em>Detto anche in chiave Nazionale, quando c\u2019\u00e8 una sconfitta in Europa si generano polemiche. Ha una parola per Gattuso in vista del playoff?<\/em><br \/>\n<em>\u201cIo penso che tante, troppe, volte, noi allenatori che quando perdiamo in Europa si fa al processo al calcio giovanile italiano. L\u2019Inter l\u2019anno scorso \u00e8 arrivata in finale di Champions League, il Barcellona ne ha fatte tante e il settore giovanile \u00e8 sempre lo stesso. Il calcio sta cambiando, il calcio cambier\u00e0. Noi stessi cambieremo. Io in pochi anni ho cambiato idea di quale giocatore vorrei avere. Poi ci sta che perdi tanto a poco col Bayern Monaco perch\u00e9 hanno giocatori che hanno 50-60-70 milioni perch\u00e9 li prendono in giro per il mondo dai vari settori giovanili. Non bisogna fare processi tanto meno all\u2019Atalanta che va a giocarsi un onorevole ottavo di Champions e perde contro una squadra pi\u00f9 forte. Venendo all\u2019argomento Nazionale, dobbiamo essere meno criticoni e pi\u00f9 tifosi veri. Se dovesse andare male ci sar\u00e0 la rivolta e ci sar\u00e0 tempo di parlare di Gravina, Gattuso, Buffon. Ora giochiamo contro l\u2019Irlanda del Nord e se passiamo contro Galles e Bosnia e non credo che abbiano settori giovanili migliori dei nostri. Ora ci sarebbe da smettere di fare processo e dire una parola in pi\u00f9 a Rino\u201d.<\/em><\/p>\n<\/div>\n<p><a class=\"PublisherImprintLink_container__RL6Zd title-7-medium\" href=\"https:\/\/direttafanta.com\/\" rel=\"noreferrer\" target=\"_blank\">Saiba mais sobre o ve\u00edculo<\/a><button class=\"NativeShare_container__okhFj Button_root__RKQ4c Button_outline__jxSq_\">Compartilhar artigo<svg class=\"NativeShare_icon__c2KQS\" fill=\"currentColor\" viewbox=\"0 0 24 24\"><path d=\"M12.2377 1.1804a.75.75 0 0 0-.9762.0003l-3.51 3.01a.75.75 0 0 0 .9765 1.1386l2.292-1.9655V12.52c0 .46.33.84.73.84.4 0 .73-.37.73-.84V3.3633l2.2718 1.9463a.75.75 0 1 0 .9759-1.1392l-3.49-2.99Z\"\/><path d=\"M5.14 8.62c-.904 0-1.64.7358-1.64 1.6455v9.209c0 .9097.736 1.6455 1.64 1.6455h13.22c.904 0 1.64-.7358 1.64-1.6455v-9.1977c0-.9097-.736-1.6455-1.64-1.6455h-1.61a.75.75 0 0 1 0-1.5h1.61c1.736 0 3.14 1.411 3.14 3.1455v9.1977c0 1.7344-1.404 3.1455-3.14 3.1455H5.14C3.404 22.62 2 21.2089 2 19.4745v-9.209C2 8.5311 3.404 7.12 5.14 7.12h1.32a.75.75 0 1 1 0 1.5H5.14Z\"\/><\/svg><\/button><\/p>\n<section class=\"XpaTaboolaPlaceholder_container__S7Qhw\"\/><\/div>\n<p><a href=\"https:\/\/onefootball.com\/pt-br\/noticias\/genoa-de-rossi-non-siamo-ancora-salvi-norton-cuffy-sta-bene-baldanzi-e-malinovskyi-42581753\">Fonte do Artigo <\/a><\/p>","protected":false},"excerpt":{"rendered":"<p>Il Genoa si prepara ad affrontare l\u2019Udinese venerd\u00ec 20 marzo alle ore 20:45. Daniele De Rossi ha parlato cos\u00ec in conferenza stampa. Genoa e Udinese sono pronte a darsi battaglia nella sfida che apre la trentesima giornata di Serie A in programma venerd\u00ec 20 marzo alle ore 20:45. Ecco la conferenza stampa di Daniele De [&hellip;]<\/p>\n","protected":false},"author":1,"featured_media":96190,"comment_status":"closed","ping_status":"","sticky":false,"template":"","format":"standard","meta":{"googlesitekit_rrm_CAow2JLhCw:productID":"","_gspb_post_css":"","maa_idioma":"","maa_pais":"","footnotes":""},"categories":[4],"tags":[13511,23377,23376,7765,23378,23374,8472,23373,23372,23375],"class_list":["post-96189","post","type-post","status-publish","format-standard","has-post-thumbnail","hentry","category-brasil","tag-ancora","tag-baldanzi","tag-bene","tag-genoa","tag-malinovskyi","tag-nortoncuffy","tag-rossi","tag-salvi","tag-siamo","tag-sta"],"blocksy_meta":[],"yoast_head":"<!-- This site is optimized with the Yoast SEO Premium plugin v27.6 (Yoast SEO v27.6) - https:\/\/yoast.com\/product\/yoast-seo-premium-wordpress\/ -->\n<title>Genoa, De Rossi: \u201cNon siamo ancora salvi. Norton-Cuffy? Sta bene. Baldanzi e Malinovskyi\u2026\u201d - Ubirat\u00e3 Online Not\u00edcias - A realidade ao seu alcance!<\/title>\n<meta name=\"description\" content=\"Il Genoa si prepara ad affrontare l\u2019Udinese venerd\u00ec 20 marzo alle ore 20:45. Daniele De Rossi ha parlato cos\u00ec in conferenza stampa.Genoa e Udinese sono\" \/>\n<meta name=\"robots\" content=\"index, follow, max-snippet:-1, max-image-preview:large, max-video-preview:-1\" \/>\n<link rel=\"canonical\" href=\"https:\/\/ubirataonline.com.br\/en\/genoa-de-rossi-non-siamo-ancora-salvi-norton-cuffy-sta-bene-baldanzi-e-malinovskyi\/\" \/>\n<meta property=\"og:locale\" content=\"en_US\" \/>\n<meta property=\"og:type\" content=\"article\" \/>\n<meta property=\"og:title\" content=\"Genoa, De Rossi: \u201cNon siamo ancora salvi. Norton-Cuffy? Sta bene. Baldanzi e Malinovskyi\u2026\u201d\" \/>\n<meta property=\"og:description\" content=\"Il Genoa si prepara ad affrontare l\u2019Udinese venerd\u00ec 20 marzo alle ore 20:45. Daniele De Rossi ha parlato cos\u00ec in conferenza stampa.Genoa e Udinese sono\" \/>\n<meta property=\"og:url\" content=\"https:\/\/ubirataonline.com.br\/en\/genoa-de-rossi-non-siamo-ancora-salvi-norton-cuffy-sta-bene-baldanzi-e-malinovskyi\/\" \/>\n<meta property=\"og:site_name\" content=\"Ubirat\u00e3 Online Not\u00edcias - A realidade ao seu alcance!\" \/>\n<meta property=\"article:publisher\" content=\"https:\/\/www.facebook.com\/portalubirataonline\" \/>\n<meta property=\"article:author\" content=\"https:\/\/www.facebook.com\/portalubirataonline\" \/>\n<meta property=\"article:published_time\" content=\"2026-03-20T14:41:46+00:00\" \/>\n<meta property=\"article:modified_time\" content=\"2026-03-20T14:41:51+00:00\" \/>\n<meta property=\"og:image\" content=\"https:\/\/ubirataonline.com.br\/wp-content\/uploads\/2026\/03\/Genoa-De-Rossi-Non-siamo-ancora-salvi-Norton-Cuffy-Sta-bene.png\" \/>\n\t<meta property=\"og:image:width\" content=\"1200\" \/>\n\t<meta property=\"og:image:height\" content=\"630\" \/>\n\t<meta property=\"og:image:type\" content=\"image\/png\" \/>\n<meta name=\"author\" content=\"REDA\u00c7\u00c3O: UBIRAT\u00c3 ONLINE - F\u00c1BIO AUGUSTO CELESTINO\" \/>\n<meta name=\"twitter:card\" content=\"summary_large_image\" \/>\n<meta name=\"twitter:creator\" content=\"@x.com\/ubirataonline\" \/>\n<meta name=\"twitter:site\" content=\"@ubirataonline\" \/>\n<meta name=\"twitter:label1\" content=\"Written by\" \/>\n\t<meta name=\"twitter:data1\" content=\"REDA\u00c7\u00c3O: UBIRAT\u00c3 ONLINE - F\u00c1BIO AUGUSTO CELESTINO\" \/>\n\t<meta name=\"twitter:label2\" content=\"Est. reading time\" \/>\n\t<meta name=\"twitter:data2\" content=\"8 minutes\" \/>\n<script type=\"application\/ld+json\" class=\"yoast-schema-graph\">{\"@context\":\"https:\\\/\\\/schema.org\",\"@graph\":[{\"@type\":\"NewsArticle\",\"@id\":\"https:\\\/\\\/ubirataonline.com.br\\\/genoa-de-rossi-non-siamo-ancora-salvi-norton-cuffy-sta-bene-baldanzi-e-malinovskyi\\\/#article\",\"isPartOf\":{\"@id\":\"https:\\\/\\\/ubirataonline.com.br\\\/genoa-de-rossi-non-siamo-ancora-salvi-norton-cuffy-sta-bene-baldanzi-e-malinovskyi\\\/\"},\"author\":{\"name\":\"REDA\u00c7\u00c3O: UBIRAT\u00c3 ONLINE - F\u00c1BIO AUGUSTO CELESTINO\",\"@id\":\"https:\\\/\\\/ubirataonline.com.br\\\/#\\\/schema\\\/person\\\/372f87bbd3fdd79b8556b84c98d0bc1c\"},\"headline\":\"Genoa, De Rossi: \u201cNon siamo ancora salvi. Norton-Cuffy? Sta bene. Baldanzi e Malinovskyi\u2026\u201d\",\"datePublished\":\"2026-03-20T14:41:46+00:00\",\"dateModified\":\"2026-03-20T14:41:51+00:00\",\"mainEntityOfPage\":{\"@id\":\"https:\\\/\\\/ubirataonline.com.br\\\/genoa-de-rossi-non-siamo-ancora-salvi-norton-cuffy-sta-bene-baldanzi-e-malinovskyi\\\/\"},\"wordCount\":1678,\"publisher\":{\"@id\":\"https:\\\/\\\/ubirataonline.com.br\\\/#organization\"},\"image\":{\"@id\":\"https:\\\/\\\/ubirataonline.com.br\\\/genoa-de-rossi-non-siamo-ancora-salvi-norton-cuffy-sta-bene-baldanzi-e-malinovskyi\\\/#primaryimage\"},\"thumbnailUrl\":\"https:\\\/\\\/ubirataonline.com.br\\\/wp-content\\\/uploads\\\/2026\\\/03\\\/Genoa-De-Rossi-Non-siamo-ancora-salvi-Norton-Cuffy-Sta-bene.png\",\"keywords\":[\"ancora\",\"Baldanzi\",\"bene\",\"Genoa\",\"Malinovskyi\",\"NortonCuffy\",\"Rossi\",\"salvi\",\"siamo\",\"Sta\"],\"articleSection\":[\"Brasil\"],\"inLanguage\":\"en-US\",\"copyrightYear\":\"2026\",\"copyrightHolder\":{\"@id\":\"https:\\\/\\\/ubirataonline.com.br\\\/en\\\/#organization\"}},{\"@type\":\"WebPage\",\"@id\":\"https:\\\/\\\/ubirataonline.com.br\\\/genoa-de-rossi-non-siamo-ancora-salvi-norton-cuffy-sta-bene-baldanzi-e-malinovskyi\\\/\",\"url\":\"https:\\\/\\\/ubirataonline.com.br\\\/genoa-de-rossi-non-siamo-ancora-salvi-norton-cuffy-sta-bene-baldanzi-e-malinovskyi\\\/\",\"name\":\"Genoa, De Rossi: \u201cNon siamo ancora salvi. Norton-Cuffy? Sta bene. Baldanzi e Malinovskyi\u2026\u201d - Ubirat\u00e3 Online Not\u00edcias - A realidade ao seu alcance!\",\"isPartOf\":{\"@id\":\"https:\\\/\\\/ubirataonline.com.br\\\/#website\"},\"primaryImageOfPage\":{\"@id\":\"https:\\\/\\\/ubirataonline.com.br\\\/genoa-de-rossi-non-siamo-ancora-salvi-norton-cuffy-sta-bene-baldanzi-e-malinovskyi\\\/#primaryimage\"},\"image\":{\"@id\":\"https:\\\/\\\/ubirataonline.com.br\\\/genoa-de-rossi-non-siamo-ancora-salvi-norton-cuffy-sta-bene-baldanzi-e-malinovskyi\\\/#primaryimage\"},\"thumbnailUrl\":\"https:\\\/\\\/ubirataonline.com.br\\\/wp-content\\\/uploads\\\/2026\\\/03\\\/Genoa-De-Rossi-Non-siamo-ancora-salvi-Norton-Cuffy-Sta-bene.png\",\"datePublished\":\"2026-03-20T14:41:46+00:00\",\"dateModified\":\"2026-03-20T14:41:51+00:00\",\"description\":\"Il Genoa si prepara ad affrontare l\u2019Udinese venerd\u00ec 20 marzo alle ore 20:45. Daniele De Rossi ha parlato cos\u00ec in conferenza stampa.Genoa e Udinese sono\",\"breadcrumb\":{\"@id\":\"https:\\\/\\\/ubirataonline.com.br\\\/genoa-de-rossi-non-siamo-ancora-salvi-norton-cuffy-sta-bene-baldanzi-e-malinovskyi\\\/#breadcrumb\"},\"inLanguage\":\"en-US\",\"potentialAction\":[{\"@type\":\"ReadAction\",\"target\":[\"https:\\\/\\\/ubirataonline.com.br\\\/genoa-de-rossi-non-siamo-ancora-salvi-norton-cuffy-sta-bene-baldanzi-e-malinovskyi\\\/\"]}]},{\"@type\":\"ImageObject\",\"inLanguage\":\"en-US\",\"@id\":\"https:\\\/\\\/ubirataonline.com.br\\\/genoa-de-rossi-non-siamo-ancora-salvi-norton-cuffy-sta-bene-baldanzi-e-malinovskyi\\\/#primaryimage\",\"url\":\"https:\\\/\\\/ubirataonline.com.br\\\/wp-content\\\/uploads\\\/2026\\\/03\\\/Genoa-De-Rossi-Non-siamo-ancora-salvi-Norton-Cuffy-Sta-bene.png\",\"contentUrl\":\"https:\\\/\\\/ubirataonline.com.br\\\/wp-content\\\/uploads\\\/2026\\\/03\\\/Genoa-De-Rossi-Non-siamo-ancora-salvi-Norton-Cuffy-Sta-bene.png\",\"width\":1200,\"height\":630,\"caption\":\"Genoa, De Rossi: \u201cNon siamo ancora salvi. Norton-Cuffy? Sta bene. Baldanzi e Malinovskyi\u2026\u201d\"},{\"@type\":\"BreadcrumbList\",\"@id\":\"https:\\\/\\\/ubirataonline.com.br\\\/genoa-de-rossi-non-siamo-ancora-salvi-norton-cuffy-sta-bene-baldanzi-e-malinovskyi\\\/#breadcrumb\",\"itemListElement\":[{\"@type\":\"ListItem\",\"position\":1,\"name\":\"In\u00edcio\",\"item\":\"https:\\\/\\\/ubirataonline.com.br\\\/\"},{\"@type\":\"ListItem\",\"position\":2,\"name\":\"Genoa, De Rossi: \u201cNon siamo ancora salvi. Norton-Cuffy? Sta bene. Baldanzi e Malinovskyi\u2026\u201d\"}]},{\"@type\":\"WebSite\",\"@id\":\"https:\\\/\\\/ubirataonline.com.br\\\/#website\",\"url\":\"https:\\\/\\\/ubirataonline.com.br\\\/\",\"name\":\"Ubirat\u00e3 Online Not\u00edcias\",\"description\":\"Not\u00edcias de Ubirat\u00e3, regi\u00e3o, Brasil e mundo, com informa\u00e7\u00e3o atualizada e compromisso com o leitor.\",\"publisher\":{\"@id\":\"https:\\\/\\\/ubirataonline.com.br\\\/#organization\"},\"alternateName\":\"Ubirat\u00e3 Online\",\"potentialAction\":[{\"@type\":\"SearchAction\",\"target\":{\"@type\":\"EntryPoint\",\"urlTemplate\":\"https:\\\/\\\/ubirataonline.com.br\\\/?s={search_term_string}\"},\"query-input\":{\"@type\":\"PropertyValueSpecification\",\"valueRequired\":true,\"valueName\":\"search_term_string\"}}],\"inLanguage\":\"en-US\"},{\"@type\":[\"Organization\",\"Place\"],\"@id\":\"https:\\\/\\\/ubirataonline.com.br\\\/#organization\",\"name\":\"Ubirat\u00e3 Online Not\u00edcias\",\"alternateName\":\"Ubirat\u00e3 Online\",\"url\":\"https:\\\/\\\/ubirataonline.com.br\\\/\",\"logo\":{\"@id\":\"https:\\\/\\\/ubirataonline.com.br\\\/genoa-de-rossi-non-siamo-ancora-salvi-norton-cuffy-sta-bene-baldanzi-e-malinovskyi\\\/#local-main-organization-logo\"},\"image\":{\"@id\":\"https:\\\/\\\/ubirataonline.com.br\\\/genoa-de-rossi-non-siamo-ancora-salvi-norton-cuffy-sta-bene-baldanzi-e-malinovskyi\\\/#local-main-organization-logo\"},\"sameAs\":[\"https:\\\/\\\/www.facebook.com\\\/portalubirataonline\",\"https:\\\/\\\/x.com\\\/ubirataonline\",\"https:\\\/\\\/mastodon.social\\\/@ubirataonline\",\"https:\\\/\\\/www.facebook.com\\\/groups\\\/311144672285604\",\"https:\\\/\\\/www.facebook.com\\\/UBTAOnline\",\"https:\\\/\\\/www.instagram.com\\\/portalubirataonline\\\/\",\"https:\\\/\\\/twitter.com\\\/ubirataonline\"],\"description\":\"Somos um portal de not\u00edcias independente, criado em 5 de janeiro de 2009, com o objetivo de informar, conectar e valorizar a nossa comunidade de Ubirat\u00e3 e toda aregi\u00e3o. Com conte\u00fado atualizado, confi\u00e1vel e relevante, o Ubirat\u00e3 Online \u00e9 o seu espa\u00e7o para ficar por dentro dos principais acontecimentos locais, regionais, Brasil, Mundo e de interesse geral. Nosso compromisso \u00e9 com a verdade, a transpar\u00eancia e o respeito ao leitor.\",\"legalName\":\"UBIRATA ONLINE NOT\u00cdCIAS\",\"foundingDate\":\"2009-01-05\",\"numberOfEmployees\":{\"@type\":\"QuantitativeValue\",\"minValue\":\"1\",\"maxValue\":\"10\"},\"publishingPrinciples\":\"https:\\\/\\\/ubirataonline.com.br\\\/faq\\\/\",\"address\":{\"@id\":\"https:\\\/\\\/ubirataonline.com.br\\\/genoa-de-rossi-non-siamo-ancora-salvi-norton-cuffy-sta-bene-baldanzi-e-malinovskyi\\\/#local-main-place-address\"},\"geo\":{\"@type\":\"GeoCoordinates\",\"latitude\":\"-24.5361401\",\"longitude\":\"-52.9921776\"},\"telephone\":[\"+5544998308235\"],\"contactPoint\":{\"@type\":\"ContactPoint\",\"email\":\"contato@ubirataonline.com.br\"},\"openingHoursSpecification\":{\"@type\":\"OpeningHoursSpecification\",\"dayOfWeek\":[\"Monday\",\"Tuesday\",\"Wednesday\",\"Thursday\",\"Friday\",\"Saturday\",\"Sunday\"],\"opens\":\"00:00\",\"closes\":\"23:59\"},\"email\":\"contato@ubirataonline.com.br\",\"vatID\":\"47.621.418\\\/0001-80\"},{\"@type\":\"Person\",\"@id\":\"https:\\\/\\\/ubirataonline.com.br\\\/#\\\/schema\\\/person\\\/372f87bbd3fdd79b8556b84c98d0bc1c\",\"name\":\"REDA\u00c7\u00c3O: UBIRAT\u00c3 ONLINE - F\u00c1BIO AUGUSTO CELESTINO\",\"pronouns\":\"Ele\",\"description\":\"Desde 2003 trabalhando com not\u00edcias.\",\"sameAs\":[\"http:\\\/\\\/ubirataoline.com.br\",\"https:\\\/\\\/www.facebook.com\\\/portalubirataonline\",\"https:\\\/\\\/www.instagram.com\\\/ubirataonline_oficial\",\"https:\\\/\\\/x.com\\\/x.com\\\/ubirataonline\"],\"honorificPrefix\":\"Mr.\",\"honorificSuffix\":\"MD\",\"birthDate\":\"1980-06-16\",\"gender\":\"masculino\",\"award\":[\"V\u00e1rios pr\u00eamios de melhor portal da cidade\"],\"jobTitle\":\"Diretor\",\"url\":\"https:\\\/\\\/ubirataonline.com.br\\\/en\\\/author\\\/ubirataonline\\\/\"},{\"@type\":\"PostalAddress\",\"@id\":\"https:\\\/\\\/ubirataonline.com.br\\\/genoa-de-rossi-non-siamo-ancora-salvi-norton-cuffy-sta-bene-baldanzi-e-malinovskyi\\\/#local-main-place-address\",\"streetAddress\":\"Rua dos Coqueiros, 104 - Bairro Boa Vista, Rua dos Coqueiros, 104 Bairro Boa Vista\",\"addressLocality\":\"UBIRATA\",\"postalCode\":\"85440-000\",\"addressRegion\":\"PR\",\"addressCountry\":\"BR\"},{\"@type\":\"ImageObject\",\"inLanguage\":\"en-US\",\"@id\":\"https:\\\/\\\/ubirataonline.com.br\\\/genoa-de-rossi-non-siamo-ancora-salvi-norton-cuffy-sta-bene-baldanzi-e-malinovskyi\\\/#local-main-organization-logo\",\"url\":\"https:\\\/\\\/ubirataonline.com.br\\\/wp-content\\\/uploads\\\/2026\\\/06\\\/logoubirataonline-1.webp\",\"contentUrl\":\"https:\\\/\\\/ubirataonline.com.br\\\/wp-content\\\/uploads\\\/2026\\\/06\\\/logoubirataonline-1.webp\",\"width\":500,\"height\":500,\"caption\":\"Ubirat\u00e3 Online Not\u00edcias\"}]}<\/script>\n<meta name=\"geo.placename\" content=\"UBIRATA\" \/>\n<meta name=\"geo.position\" content=\"-24.5361401;-52.9921776\" \/>\n<meta name=\"geo.region\" content=\"Brazil\" \/>\n<!-- \/ Yoast SEO Premium plugin. -->","yoast_head_json":{"title":"Genoa, De Rossi: \u201cNon siamo ancora salvi. Norton-Cuffy? Sta bene. Baldanzi e Malinovskyi\u2026\u201d - Ubirat\u00e3 Online Not\u00edcias - A realidade ao seu alcance!","description":"Il Genoa si prepara ad affrontare l\u2019Udinese venerd\u00ec 20 marzo alle ore 20:45. Daniele De Rossi ha parlato cos\u00ec in conferenza stampa.Genoa e Udinese sono","robots":{"index":"index","follow":"follow","max-snippet":"max-snippet:-1","max-image-preview":"max-image-preview:large","max-video-preview":"max-video-preview:-1"},"canonical":"https:\/\/ubirataonline.com.br\/en\/genoa-de-rossi-non-siamo-ancora-salvi-norton-cuffy-sta-bene-baldanzi-e-malinovskyi\/","og_locale":"en_US","og_type":"article","og_title":"Genoa, De Rossi: \u201cNon siamo ancora salvi. Norton-Cuffy? Sta bene. Baldanzi e Malinovskyi\u2026\u201d","og_description":"Il Genoa si prepara ad affrontare l\u2019Udinese venerd\u00ec 20 marzo alle ore 20:45. Daniele De Rossi ha parlato cos\u00ec in conferenza stampa.Genoa e Udinese sono","og_url":"https:\/\/ubirataonline.com.br\/en\/genoa-de-rossi-non-siamo-ancora-salvi-norton-cuffy-sta-bene-baldanzi-e-malinovskyi\/","og_site_name":"Ubirat\u00e3 Online Not\u00edcias - A realidade ao seu alcance!","article_publisher":"https:\/\/www.facebook.com\/portalubirataonline","article_author":"https:\/\/www.facebook.com\/portalubirataonline","article_published_time":"2026-03-20T14:41:46+00:00","article_modified_time":"2026-03-20T14:41:51+00:00","og_image":[{"width":1200,"height":630,"url":"https:\/\/ubirataonline.com.br\/wp-content\/uploads\/2026\/03\/Genoa-De-Rossi-Non-siamo-ancora-salvi-Norton-Cuffy-Sta-bene.png","type":"image\/png"}],"author":"REDA\u00c7\u00c3O: UBIRAT\u00c3 ONLINE - F\u00c1BIO AUGUSTO CELESTINO","twitter_card":"summary_large_image","twitter_creator":"@x.com\/ubirataonline","twitter_site":"@ubirataonline","twitter_misc":{"Written by":"REDA\u00c7\u00c3O: UBIRAT\u00c3 ONLINE - F\u00c1BIO AUGUSTO CELESTINO","Est. reading time":"8 minutes"},"schema":{"@context":"https:\/\/schema.org","@graph":[{"@type":"NewsArticle","@id":"https:\/\/ubirataonline.com.br\/genoa-de-rossi-non-siamo-ancora-salvi-norton-cuffy-sta-bene-baldanzi-e-malinovskyi\/#article","isPartOf":{"@id":"https:\/\/ubirataonline.com.br\/genoa-de-rossi-non-siamo-ancora-salvi-norton-cuffy-sta-bene-baldanzi-e-malinovskyi\/"},"author":{"name":"REDA\u00c7\u00c3O: UBIRAT\u00c3 ONLINE - F\u00c1BIO AUGUSTO CELESTINO","@id":"https:\/\/ubirataonline.com.br\/#\/schema\/person\/372f87bbd3fdd79b8556b84c98d0bc1c"},"headline":"Genoa, De Rossi: \u201cNon siamo ancora salvi. Norton-Cuffy? Sta bene. Baldanzi e Malinovskyi\u2026\u201d","datePublished":"2026-03-20T14:41:46+00:00","dateModified":"2026-03-20T14:41:51+00:00","mainEntityOfPage":{"@id":"https:\/\/ubirataonline.com.br\/genoa-de-rossi-non-siamo-ancora-salvi-norton-cuffy-sta-bene-baldanzi-e-malinovskyi\/"},"wordCount":1678,"publisher":{"@id":"https:\/\/ubirataonline.com.br\/#organization"},"image":{"@id":"https:\/\/ubirataonline.com.br\/genoa-de-rossi-non-siamo-ancora-salvi-norton-cuffy-sta-bene-baldanzi-e-malinovskyi\/#primaryimage"},"thumbnailUrl":"https:\/\/ubirataonline.com.br\/wp-content\/uploads\/2026\/03\/Genoa-De-Rossi-Non-siamo-ancora-salvi-Norton-Cuffy-Sta-bene.png","keywords":["ancora","Baldanzi","bene","Genoa","Malinovskyi","NortonCuffy","Rossi","salvi","siamo","Sta"],"articleSection":["Brasil"],"inLanguage":"en-US","copyrightYear":"2026","copyrightHolder":{"@id":"https:\/\/ubirataonline.com.br\/en\/#organization"}},{"@type":"WebPage","@id":"https:\/\/ubirataonline.com.br\/genoa-de-rossi-non-siamo-ancora-salvi-norton-cuffy-sta-bene-baldanzi-e-malinovskyi\/","url":"https:\/\/ubirataonline.com.br\/genoa-de-rossi-non-siamo-ancora-salvi-norton-cuffy-sta-bene-baldanzi-e-malinovskyi\/","name":"Genoa, De Rossi: \u201cNon siamo ancora salvi. Norton-Cuffy? Sta bene. Baldanzi e Malinovskyi\u2026\u201d - Ubirat\u00e3 Online Not\u00edcias - A realidade ao seu alcance!","isPartOf":{"@id":"https:\/\/ubirataonline.com.br\/#website"},"primaryImageOfPage":{"@id":"https:\/\/ubirataonline.com.br\/genoa-de-rossi-non-siamo-ancora-salvi-norton-cuffy-sta-bene-baldanzi-e-malinovskyi\/#primaryimage"},"image":{"@id":"https:\/\/ubirataonline.com.br\/genoa-de-rossi-non-siamo-ancora-salvi-norton-cuffy-sta-bene-baldanzi-e-malinovskyi\/#primaryimage"},"thumbnailUrl":"https:\/\/ubirataonline.com.br\/wp-content\/uploads\/2026\/03\/Genoa-De-Rossi-Non-siamo-ancora-salvi-Norton-Cuffy-Sta-bene.png","datePublished":"2026-03-20T14:41:46+00:00","dateModified":"2026-03-20T14:41:51+00:00","description":"Il Genoa si prepara ad affrontare l\u2019Udinese venerd\u00ec 20 marzo alle ore 20:45. Daniele De Rossi ha parlato cos\u00ec in conferenza stampa.Genoa e Udinese sono","breadcrumb":{"@id":"https:\/\/ubirataonline.com.br\/genoa-de-rossi-non-siamo-ancora-salvi-norton-cuffy-sta-bene-baldanzi-e-malinovskyi\/#breadcrumb"},"inLanguage":"en-US","potentialAction":[{"@type":"ReadAction","target":["https:\/\/ubirataonline.com.br\/genoa-de-rossi-non-siamo-ancora-salvi-norton-cuffy-sta-bene-baldanzi-e-malinovskyi\/"]}]},{"@type":"ImageObject","inLanguage":"en-US","@id":"https:\/\/ubirataonline.com.br\/genoa-de-rossi-non-siamo-ancora-salvi-norton-cuffy-sta-bene-baldanzi-e-malinovskyi\/#primaryimage","url":"https:\/\/ubirataonline.com.br\/wp-content\/uploads\/2026\/03\/Genoa-De-Rossi-Non-siamo-ancora-salvi-Norton-Cuffy-Sta-bene.png","contentUrl":"https:\/\/ubirataonline.com.br\/wp-content\/uploads\/2026\/03\/Genoa-De-Rossi-Non-siamo-ancora-salvi-Norton-Cuffy-Sta-bene.png","width":1200,"height":630,"caption":"Genoa, De Rossi: \u201cNon siamo ancora salvi. Norton-Cuffy? Sta bene. Baldanzi e Malinovskyi\u2026\u201d"},{"@type":"BreadcrumbList","@id":"https:\/\/ubirataonline.com.br\/genoa-de-rossi-non-siamo-ancora-salvi-norton-cuffy-sta-bene-baldanzi-e-malinovskyi\/#breadcrumb","itemListElement":[{"@type":"ListItem","position":1,"name":"In\u00edcio","item":"https:\/\/ubirataonline.com.br\/"},{"@type":"ListItem","position":2,"name":"Genoa, De Rossi: \u201cNon siamo ancora salvi. Norton-Cuffy? Sta bene. Baldanzi e Malinovskyi\u2026\u201d"}]},{"@type":"WebSite","@id":"https:\/\/ubirataonline.com.br\/#website","url":"https:\/\/ubirataonline.com.br\/","name":"Ubirat\u00e3 Online Not\u00edcias","description":"Not\u00edcias de Ubirat\u00e3, regi\u00e3o, Brasil e mundo, com informa\u00e7\u00e3o atualizada e compromisso com o leitor.","publisher":{"@id":"https:\/\/ubirataonline.com.br\/#organization"},"alternateName":"Ubirat\u00e3 Online","potentialAction":[{"@type":"SearchAction","target":{"@type":"EntryPoint","urlTemplate":"https:\/\/ubirataonline.com.br\/?s={search_term_string}"},"query-input":{"@type":"PropertyValueSpecification","valueRequired":true,"valueName":"search_term_string"}}],"inLanguage":"en-US"},{"@type":["Organization","Place"],"@id":"https:\/\/ubirataonline.com.br\/#organization","name":"Ubirat\u00e3 Online Not\u00edcias","alternateName":"Ubirat\u00e3 Online","url":"https:\/\/ubirataonline.com.br\/","logo":{"@id":"https:\/\/ubirataonline.com.br\/genoa-de-rossi-non-siamo-ancora-salvi-norton-cuffy-sta-bene-baldanzi-e-malinovskyi\/#local-main-organization-logo"},"image":{"@id":"https:\/\/ubirataonline.com.br\/genoa-de-rossi-non-siamo-ancora-salvi-norton-cuffy-sta-bene-baldanzi-e-malinovskyi\/#local-main-organization-logo"},"sameAs":["https:\/\/www.facebook.com\/portalubirataonline","https:\/\/x.com\/ubirataonline","https:\/\/mastodon.social\/@ubirataonline","https:\/\/www.facebook.com\/groups\/311144672285604","https:\/\/www.facebook.com\/UBTAOnline","https:\/\/www.instagram.com\/portalubirataonline\/","https:\/\/twitter.com\/ubirataonline"],"description":"Somos um portal de not\u00edcias independente, criado em 5 de janeiro de 2009, com o objetivo de informar, conectar e valorizar a nossa comunidade de Ubirat\u00e3 e toda aregi\u00e3o. Com conte\u00fado atualizado, confi\u00e1vel e relevante, o Ubirat\u00e3 Online \u00e9 o seu espa\u00e7o para ficar por dentro dos principais acontecimentos locais, regionais, Brasil, Mundo e de interesse geral. Nosso compromisso \u00e9 com a verdade, a transpar\u00eancia e o respeito ao leitor.","legalName":"UBIRATA ONLINE NOT\u00cdCIAS","foundingDate":"2009-01-05","numberOfEmployees":{"@type":"QuantitativeValue","minValue":"1","maxValue":"10"},"publishingPrinciples":"https:\/\/ubirataonline.com.br\/faq\/","address":{"@id":"https:\/\/ubirataonline.com.br\/genoa-de-rossi-non-siamo-ancora-salvi-norton-cuffy-sta-bene-baldanzi-e-malinovskyi\/#local-main-place-address"},"geo":{"@type":"GeoCoordinates","latitude":"-24.5361401","longitude":"-52.9921776"},"telephone":["+5544998308235"],"contactPoint":{"@type":"ContactPoint","email":"contato@ubirataonline.com.br"},"openingHoursSpecification":{"@type":"OpeningHoursSpecification","dayOfWeek":["Monday","Tuesday","Wednesday","Thursday","Friday","Saturday","Sunday"],"opens":"00:00","closes":"23:59"},"email":"contato@ubirataonline.com.br","vatID":"47.621.418\/0001-80"},{"@type":"Person","@id":"https:\/\/ubirataonline.com.br\/#\/schema\/person\/372f87bbd3fdd79b8556b84c98d0bc1c","name":"REDA\u00c7\u00c3O: UBIRAT\u00c3 ONLINE - F\u00c1BIO AUGUSTO CELESTINO","pronouns":"Ele","description":"Desde 2003 trabalhando com not\u00edcias.","sameAs":["http:\/\/ubirataoline.com.br","https:\/\/www.facebook.com\/portalubirataonline","https:\/\/www.instagram.com\/ubirataonline_oficial","https:\/\/x.com\/x.com\/ubirataonline"],"honorificPrefix":"Mr.","honorificSuffix":"MD","birthDate":"1980-06-16","gender":"masculino","award":["V\u00e1rios pr\u00eamios de melhor portal da cidade"],"jobTitle":"Diretor","url":"https:\/\/ubirataonline.com.br\/en\/author\/ubirataonline\/"},{"@type":"PostalAddress","@id":"https:\/\/ubirataonline.com.br\/genoa-de-rossi-non-siamo-ancora-salvi-norton-cuffy-sta-bene-baldanzi-e-malinovskyi\/#local-main-place-address","streetAddress":"Rua dos Coqueiros, 104 - Bairro Boa Vista, Rua dos Coqueiros, 104 Bairro Boa Vista","addressLocality":"UBIRATA","postalCode":"85440-000","addressRegion":"PR","addressCountry":"BR"},{"@type":"ImageObject","inLanguage":"en-US","@id":"https:\/\/ubirataonline.com.br\/genoa-de-rossi-non-siamo-ancora-salvi-norton-cuffy-sta-bene-baldanzi-e-malinovskyi\/#local-main-organization-logo","url":"https:\/\/ubirataonline.com.br\/wp-content\/uploads\/2026\/06\/logoubirataonline-1.webp","contentUrl":"https:\/\/ubirataonline.com.br\/wp-content\/uploads\/2026\/06\/logoubirataonline-1.webp","width":500,"height":500,"caption":"Ubirat\u00e3 Online Not\u00edcias"}]},"geo.placename":"UBIRATA","geo.position":{"lat":"-24.5361401","long":"-52.9921776"},"geo.region":"Brazil"},"_links":{"self":[{"href":"https:\/\/ubirataonline.com.br\/en\/wp-json\/wp\/v2\/posts\/96189","targetHints":{"allow":["GET"]}}],"collection":[{"href":"https:\/\/ubirataonline.com.br\/en\/wp-json\/wp\/v2\/posts"}],"about":[{"href":"https:\/\/ubirataonline.com.br\/en\/wp-json\/wp\/v2\/types\/post"}],"author":[{"embeddable":true,"href":"https:\/\/ubirataonline.com.br\/en\/wp-json\/wp\/v2\/users\/1"}],"replies":[{"embeddable":true,"href":"https:\/\/ubirataonline.com.br\/en\/wp-json\/wp\/v2\/comments?post=96189"}],"version-history":[{"count":0,"href":"https:\/\/ubirataonline.com.br\/en\/wp-json\/wp\/v2\/posts\/96189\/revisions"}],"wp:featuredmedia":[{"embeddable":true,"href":"https:\/\/ubirataonline.com.br\/en\/wp-json\/wp\/v2\/media\/96190"}],"wp:attachment":[{"href":"https:\/\/ubirataonline.com.br\/en\/wp-json\/wp\/v2\/media?parent=96189"}],"wp:term":[{"taxonomy":"category","embeddable":true,"href":"https:\/\/ubirataonline.com.br\/en\/wp-json\/wp\/v2\/categories?post=96189"},{"taxonomy":"post_tag","embeddable":true,"href":"https:\/\/ubirataonline.com.br\/en\/wp-json\/wp\/v2\/tags?post=96189"}],"curies":[{"name":"wp","href":"https:\/\/api.w.org\/{rel}","templated":true}]}}