{"id":96198,"date":"2026-03-20T12:42:50","date_gmt":"2026-03-20T15:42:50","guid":{"rendered":"https:\/\/ubirataonline.com.br\/uepa-abre-selecao-para-mestrado-e-doutorado-em-educacao-com-53-vagas-para-2027\/"},"modified":"2026-03-20T12:42:53","modified_gmt":"2026-03-20T15:42:53","slug":"uepa-abre-selecao-para-mestrado-e-doutorado-em-educacao-com-53-vagas-para-2027","status":"publish","type":"post","link":"https:\/\/ubirataonline.com.br\/en\/uepa-abre-selecao-para-mestrado-e-doutorado-em-educacao-com-53-vagas-para-2027\/","title":{"rendered":"Uepa abre sele\u00e7\u00e3o para mestrado e doutorado em Educa\u00e7\u00e3o com 53 vagas para 2027"},"content":{"rendered":"<p><\/p>\n<div>\n<p><amp-auto-ads type=\"adsense\" data-ad-client=\"ca-pub-4739870368152810\" class=\"i-amphtml-layout-container\" i-amphtml-layout=\"container\"\/><\/p>\n<p><amp-ad width=\"100vw\" height=\"320\" type=\"adsense\" data-ad-client=\"ca-pub-4739870368152810\" data-ad-slot=\"6418351539\" data-auto-format=\"rspv\" data-full-width=\"\" class=\"i-amphtml-layout-fixed i-amphtml-layout-size-defined\" style=\"width:100vw;height:320px\" i-amphtml-layout=\"fixed\">&#13;<br \/>\n  &#13;<br \/>\n<\/amp-ad><\/p>\n<p data-start=\"277\" data-end=\"618\">A Universidade do Estado do Par\u00e1 (Uepa), por meio do Programa de P\u00f3s-Gradua\u00e7\u00e3o em Educa\u00e7\u00e3o (PPGED), formalizou a abertura do processo seletivo para ingresso nas turmas de 2027. A sele\u00e7\u00e3o contempla cursos de mestrado e doutorado acad\u00eamicos, estruturados em linhas de pesquisa voltadas \u00e0 realidade educacional da Amaz\u00f4nia e \u00e0 forma\u00e7\u00e3o docente.<\/p>\n<p data-start=\"620\" data-end=\"994\">A iniciativa refor\u00e7a o papel da institui\u00e7\u00e3o na qualifica\u00e7\u00e3o de pesquisadores e profissionais da educa\u00e7\u00e3o na regi\u00e3o Norte. Os dados analisados pelo <a class=\"decorated-link\" href=\"https:\/\/concursonews.com\/\" rel=\"noopener\" data-start=\"767\" data-end=\"792\">https:\/\/concursonews.com\/<\/a> indicam que o certame prev\u00ea oferta total de 53 vagas, distribu\u00eddas entre os dois n\u00edveis de forma\u00e7\u00e3o, com pol\u00edtica de inclus\u00e3o que contempla ampla concorr\u00eancia, vagas institucionais e a\u00e7\u00f5es afirmativas.<\/p>\n<p data-start=\"996\" data-end=\"1210\">O documento institucional tamb\u00e9m evidencia a organiza\u00e7\u00e3o acad\u00eamica do programa, que se ancora em duas linhas de pesquisa principais, direcionando a produ\u00e7\u00e3o cient\u00edfica para temas estrat\u00e9gicos da educa\u00e7\u00e3o amaz\u00f4nica.<\/p>\n<h3 data-section-id=\"trvx1q\" data-start=\"1212\" data-end=\"1242\">Cargos, vagas e requisitos<\/h3>\n<p data-start=\"1244\" data-end=\"1371\">A sele\u00e7\u00e3o contempla exclusivamente cursos de p\u00f3s-gradua\u00e7\u00e3o stricto sensu, com distribui\u00e7\u00e3o definida entre mestrado e doutorado.<\/p>\n<ul data-start=\"1373\" data-end=\"1678\">\n<li data-section-id=\"7q7ht3\" data-start=\"1373\" data-end=\"1524\">\n<p data-start=\"1375\" data-end=\"1399\"><strong data-start=\"1375\" data-end=\"1388\">Mestrado:<\/strong> 30 vagas<\/p>\n<ul data-start=\"1402\" data-end=\"1524\">\n<li data-section-id=\"c68n5p\" data-start=\"1402\" data-end=\"1454\">\n<p data-start=\"1404\" data-end=\"1454\">17 para Saberes Culturais e Educa\u00e7\u00e3o na Amaz\u00f4nia<\/p>\n<\/li>\n<li data-section-id=\"37lcri\" data-start=\"1457\" data-end=\"1524\">\n<p data-start=\"1459\" data-end=\"1524\">13 para Forma\u00e7\u00e3o de Professores, Doc\u00eancia e Pr\u00e1ticas Educativas<\/p>\n<\/li>\n<\/ul>\n<\/li>\n<li data-section-id=\"x33qeg\" data-start=\"1526\" data-end=\"1678\">\n<p data-start=\"1528\" data-end=\"1553\"><strong data-start=\"1528\" data-end=\"1542\">Doutorado:<\/strong> 23 vagas<\/p>\n<ul data-start=\"1556\" data-end=\"1678\">\n<li data-section-id=\"1xaidkp\" data-start=\"1556\" data-end=\"1608\">\n<p data-start=\"1558\" data-end=\"1608\">13 para Saberes Culturais e Educa\u00e7\u00e3o na Amaz\u00f4nia<\/p>\n<\/li>\n<li data-section-id=\"dri01p\" data-start=\"1611\" data-end=\"1678\">\n<p data-start=\"1613\" data-end=\"1678\">10 para Forma\u00e7\u00e3o de Professores, Doc\u00eancia e Pr\u00e1ticas Educativas<\/p>\n<\/li>\n<\/ul>\n<\/li>\n<\/ul>\n<p data-start=\"1680\" data-end=\"1822\"><strong data-start=\"1680\" data-end=\"1695\">Requisitos:<\/strong> n\u00e3o informados no documento oficial de forma detalhada (variam conforme n\u00edvel e crit\u00e9rios acad\u00eamicos estabelecidos no edital).<\/p>\n<p data-start=\"1824\" data-end=\"2061\">O programa prev\u00ea ainda reserva de vagas para a\u00e7\u00f5es afirmativas, contemplando pessoas com defici\u00eancia, candidatos negros, ind\u00edgenas, quilombolas, pessoas trans, refugiados e imigrantes, mediante comprova\u00e7\u00e3o documental no ato da inscri\u00e7\u00e3o.<\/p>\n<h3 data-section-id=\"udhew7\" data-start=\"2063\" data-end=\"2084\">Inscri\u00e7\u00f5es e taxa<\/h3>\n<p data-start=\"2086\" data-end=\"2221\">As inscri\u00e7\u00f5es est\u00e3o abertas at\u00e9 <strong data-start=\"2118\" data-end=\"2141\">31 de mar\u00e7o de 2026<\/strong>, sendo realizadas por meio de plataformas digitais indicadas pela pr\u00f3pria Uepa.<\/p>\n<p data-start=\"2295\" data-end=\"2533\">O documento tamb\u00e9m menciona procedimento espec\u00edfico para candidatos estrangeiros, refugiados e imigrantes, com link pr\u00f3prio de inscri\u00e7\u00e3o. Demais detalhes operacionais devem ser consultados diretamente no sistema indicado pela institui\u00e7\u00e3o.<\/p>\n<h3 data-section-id=\"1uub5sk\" data-start=\"2535\" data-end=\"2562\">Etapas de classifica\u00e7\u00e3o<\/h3>\n<p data-start=\"2564\" data-end=\"2675\">O processo seletivo \u00e9 composto por quatro fases eliminat\u00f3rias, aplicadas tanto ao mestrado quanto ao doutorado:<\/p>\n<ul data-start=\"2677\" data-end=\"2880\">\n<li data-section-id=\"1na0wmt\" data-start=\"2677\" data-end=\"2720\">\n<p data-start=\"2679\" data-end=\"2720\">Prova escrita subjetiva e argumentativa<\/p>\n<\/li>\n<li data-section-id=\"1tdgl6m\" data-start=\"2721\" data-end=\"2799\">\n<p data-start=\"2723\" data-end=\"2799\">Avalia\u00e7\u00e3o de projeto de pesquisa (mestrado) ou projeto de tese (doutorado)<\/p>\n<\/li>\n<li data-section-id=\"6gdyaa\" data-start=\"2800\" data-end=\"2854\">\n<p data-start=\"2802\" data-end=\"2854\">An\u00e1lise do curr\u00edculo Lattes dos \u00faltimos cinco anos<\/p>\n<\/li>\n<li data-section-id=\"14pf5up\" data-start=\"2855\" data-end=\"2880\">\n<p data-start=\"2857\" data-end=\"2880\">Entrevista presencial<\/p>\n<\/li>\n<\/ul>\n<p data-start=\"2882\" data-end=\"3007\">A publica\u00e7\u00e3o refor\u00e7a que os candidatos aprovados devem apresentar disponibilidade para cumprimento das atividades acad\u00eamicas.<\/p>\n<h3 data-section-id=\"10e323l\" data-start=\"3009\" data-end=\"3023\">Cronograma<\/h3>\n<p data-start=\"3025\" data-end=\"3341\">Os dados apurados pelo <a class=\"decorated-link\" href=\"https:\/\/concursonews.com\/\" rel=\"noopener\" data-start=\"3048\" data-end=\"3073\">https:\/\/concursonews.com\/<\/a> revelam que as etapas do processo seletivo, incluindo provas, entrevistas e divulga\u00e7\u00e3o de resultados, ser\u00e3o conduzidas por plataformas digitais da pr\u00f3pria universidade. Datas espec\u00edficas de cada fase devem ser acompanhadas diretamente nos canais oficiais do programa.<\/p>\n<p data-start=\"3343\" data-end=\"3461\">As atividades acad\u00eamicas ocorrer\u00e3o de forma <strong data-start=\"3387\" data-end=\"3401\">presencial<\/strong>, no Centro de Ci\u00eancias Sociais e Educa\u00e7\u00e3o (CCSE), em Bel\u00e9m.<\/p>\n<h3 data-section-id=\"lrg3lc\" data-start=\"3463\" data-end=\"3475\">Validade<\/h3>\n<p data-start=\"3477\" data-end=\"3512\">N\u00e3o informada no documento oficial.<\/p>\n<h3 data-section-id=\"8zyff5\" data-start=\"3514\" data-end=\"3534\">Acesso ao edital<\/h3>\n<p data-start=\"3536\" data-end=\"3783\">O Concurso News esclarece que o edital e os documentos institucionais dispon\u00edveis no site da Uepa constituem a base legal da sele\u00e7\u00e3o, reunindo todas as regras, crit\u00e9rios e exig\u00eancias. A reportagem n\u00e3o substitui a leitura integral desses materiais.<\/p>\n<p data-start=\"3785\" data-end=\"4010\">Eventuais atualiza\u00e7\u00f5es, retifica\u00e7\u00f5es ou comunicados posteriores devem ser acompanhados diretamente na p\u00e1gina oficial do programa:<br data-start=\"3914\" data-end=\"3917\"\/><a class=\"decorated-link\" href=\"https:\/\/www.uepa.br\/pt-br\/content\/ppged-abre-selecao-para-turmas-2027-de-mestrado-e-doutorado\" rel=\"noopener\" data-start=\"3917\" data-end=\"4010\">https:\/\/www.uepa.br\/pt-br\/content\/ppged-abre-selecao-para-turmas-2027-de-mestrado-e-doutorado<\/a><\/p>\n<p><amp-ad width=\"100vw\" height=\"320\" type=\"adsense\" data-ad-client=\"ca-pub-4739870368152810\" data-ad-slot=\"6435986265\" data-auto-format=\"mcrspv\" data-full-width=\"\" class=\"i-amphtml-layout-fixed i-amphtml-layout-size-defined\" style=\"width:100vw;height:320px\" i-amphtml-layout=\"fixed\">&#13;<br \/>\n  &#13;<br \/>\n<\/amp-ad><\/div>\n<p><a href=\"https:\/\/concursonews.com\/2026\/03\/uepa-abre-selecao-para-mestrado-e-doutorado-em-educacao-com-53-vagas-para-2027\/\">Fonte do Artigo <\/a><\/p>","protected":false},"excerpt":{"rendered":"<p>&#13; &#13; A Universidade do Estado do Par\u00e1 (Uepa), por meio do Programa de P\u00f3s-Gradua\u00e7\u00e3o em Educa\u00e7\u00e3o (PPGED), formalizou a abertura do processo seletivo para ingresso nas turmas de 2027. A sele\u00e7\u00e3o contempla cursos de mestrado e doutorado acad\u00eamicos, estruturados em linhas de pesquisa voltadas \u00e0 realidade educacional da Amaz\u00f4nia e \u00e0 forma\u00e7\u00e3o docente. A [&hellip;]<\/p>\n","protected":false},"author":1,"featured_media":96199,"comment_status":"closed","ping_status":"","sticky":false,"template":"","format":"standard","meta":{"googlesitekit_rrm_CAow2JLhCw:productID":"","_gspb_post_css":"","maa_idioma":"","maa_pais":"","footnotes":""},"categories":[4],"tags":[3619,23385,152,23384,2904,4493,14125,4590],"class_list":["post-96198","post","type-post","status-publish","format-standard","has-post-thumbnail","hentry","category-brasil","tag-abre","tag-doutorado","tag-educacao","tag-mestrado","tag-para","tag-selecao","tag-uepa","tag-vagas"],"blocksy_meta":[],"yoast_head":"<!-- This site is optimized with the Yoast SEO Premium plugin v27.6 (Yoast SEO v27.6) - https:\/\/yoast.com\/product\/yoast-seo-premium-wordpress\/ -->\n<title>Uepa abre sele\u00e7\u00e3o para mestrado e doutorado em Educa\u00e7\u00e3o com 53 vagas para 2027 - Ubirat\u00e3 Online Not\u00edcias - A realidade ao seu alcance!<\/title>\n<meta name=\"description\" content=\"&#013; &#013; A Universidade do Estado do Par\u00e1 (Uepa), por meio do Programa de P\u00f3s-Gradua\u00e7\u00e3o em Educa\u00e7\u00e3o (PPGED), formalizou a abertura do processo seletivo\" \/>\n<meta name=\"robots\" content=\"index, follow, max-snippet:-1, max-image-preview:large, max-video-preview:-1\" \/>\n<link rel=\"canonical\" href=\"https:\/\/ubirataonline.com.br\/en\/uepa-abre-selecao-para-mestrado-e-doutorado-em-educacao-com-53-vagas-para-2027\/\" \/>\n<meta property=\"og:locale\" content=\"en_US\" \/>\n<meta property=\"og:type\" content=\"article\" \/>\n<meta property=\"og:title\" content=\"Uepa abre sele\u00e7\u00e3o para mestrado e doutorado em Educa\u00e7\u00e3o com 53 vagas para 2027\" \/>\n<meta property=\"og:description\" content=\"&#013; &#013; A Universidade do Estado do Par\u00e1 (Uepa), por meio do Programa de P\u00f3s-Gradua\u00e7\u00e3o em Educa\u00e7\u00e3o (PPGED), formalizou a abertura do processo seletivo\" \/>\n<meta property=\"og:url\" content=\"https:\/\/ubirataonline.com.br\/en\/uepa-abre-selecao-para-mestrado-e-doutorado-em-educacao-com-53-vagas-para-2027\/\" \/>\n<meta property=\"og:site_name\" content=\"Ubirat\u00e3 Online Not\u00edcias - A realidade ao seu alcance!\" \/>\n<meta property=\"article:publisher\" content=\"https:\/\/www.facebook.com\/portalubirataonline\" \/>\n<meta property=\"article:author\" content=\"https:\/\/www.facebook.com\/portalubirataonline\" \/>\n<meta property=\"article:published_time\" content=\"2026-03-20T15:42:50+00:00\" \/>\n<meta property=\"article:modified_time\" content=\"2026-03-20T15:42:53+00:00\" \/>\n<meta property=\"og:image\" content=\"https:\/\/ubirataonline.com.br\/wp-content\/uploads\/2026\/03\/Uepa-abre-selecao-para-mestrado-e-doutorado-em-Educacao-com.jpg\" \/>\n\t<meta property=\"og:image:width\" content=\"1754\" \/>\n\t<meta property=\"og:image:height\" content=\"1240\" \/>\n\t<meta property=\"og:image:type\" content=\"image\/jpeg\" \/>\n<meta name=\"author\" content=\"REDA\u00c7\u00c3O: UBIRAT\u00c3 ONLINE - F\u00c1BIO AUGUSTO CELESTINO\" \/>\n<meta name=\"twitter:card\" content=\"summary_large_image\" \/>\n<meta name=\"twitter:creator\" content=\"@x.com\/ubirataonline\" \/>\n<meta name=\"twitter:site\" content=\"@ubirataonline\" \/>\n<meta name=\"twitter:label1\" content=\"Written by\" \/>\n\t<meta name=\"twitter:data1\" content=\"REDA\u00c7\u00c3O: UBIRAT\u00c3 ONLINE - F\u00c1BIO AUGUSTO CELESTINO\" \/>\n\t<meta name=\"twitter:label2\" content=\"Est. reading time\" \/>\n\t<meta name=\"twitter:data2\" content=\"3 minutes\" \/>\n<script type=\"application\/ld+json\" class=\"yoast-schema-graph\">{\"@context\":\"https:\\\/\\\/schema.org\",\"@graph\":[{\"@type\":\"NewsArticle\",\"@id\":\"https:\\\/\\\/ubirataonline.com.br\\\/uepa-abre-selecao-para-mestrado-e-doutorado-em-educacao-com-53-vagas-para-2027\\\/#article\",\"isPartOf\":{\"@id\":\"https:\\\/\\\/ubirataonline.com.br\\\/uepa-abre-selecao-para-mestrado-e-doutorado-em-educacao-com-53-vagas-para-2027\\\/\"},\"author\":{\"name\":\"REDA\u00c7\u00c3O: UBIRAT\u00c3 ONLINE - F\u00c1BIO AUGUSTO CELESTINO\",\"@id\":\"https:\\\/\\\/ubirataonline.com.br\\\/#\\\/schema\\\/person\\\/372f87bbd3fdd79b8556b84c98d0bc1c\"},\"headline\":\"Uepa abre sele\u00e7\u00e3o para mestrado e doutorado em Educa\u00e7\u00e3o com 53 vagas para 2027\",\"datePublished\":\"2026-03-20T15:42:50+00:00\",\"dateModified\":\"2026-03-20T15:42:53+00:00\",\"mainEntityOfPage\":{\"@id\":\"https:\\\/\\\/ubirataonline.com.br\\\/uepa-abre-selecao-para-mestrado-e-doutorado-em-educacao-com-53-vagas-para-2027\\\/\"},\"wordCount\":578,\"publisher\":{\"@id\":\"https:\\\/\\\/ubirataonline.com.br\\\/#organization\"},\"image\":{\"@id\":\"https:\\\/\\\/ubirataonline.com.br\\\/uepa-abre-selecao-para-mestrado-e-doutorado-em-educacao-com-53-vagas-para-2027\\\/#primaryimage\"},\"thumbnailUrl\":\"https:\\\/\\\/ubirataonline.com.br\\\/wp-content\\\/uploads\\\/2026\\\/03\\\/Uepa-abre-selecao-para-mestrado-e-doutorado-em-Educacao-com.jpg\",\"keywords\":[\"abre\",\"doutorado\",\"educa\u00e7\u00e3o\",\"mestrado\",\"para\",\"sele\u00e7\u00e3o\",\"UEPA\",\"vagas\"],\"articleSection\":[\"Brasil\"],\"inLanguage\":\"en-US\",\"copyrightYear\":\"2026\",\"copyrightHolder\":{\"@id\":\"https:\\\/\\\/ubirataonline.com.br\\\/en\\\/#organization\"}},{\"@type\":\"WebPage\",\"@id\":\"https:\\\/\\\/ubirataonline.com.br\\\/uepa-abre-selecao-para-mestrado-e-doutorado-em-educacao-com-53-vagas-para-2027\\\/\",\"url\":\"https:\\\/\\\/ubirataonline.com.br\\\/uepa-abre-selecao-para-mestrado-e-doutorado-em-educacao-com-53-vagas-para-2027\\\/\",\"name\":\"Uepa abre sele\u00e7\u00e3o para mestrado e doutorado em Educa\u00e7\u00e3o com 53 vagas para 2027 - Ubirat\u00e3 Online Not\u00edcias - A realidade ao seu alcance!\",\"isPartOf\":{\"@id\":\"https:\\\/\\\/ubirataonline.com.br\\\/#website\"},\"primaryImageOfPage\":{\"@id\":\"https:\\\/\\\/ubirataonline.com.br\\\/uepa-abre-selecao-para-mestrado-e-doutorado-em-educacao-com-53-vagas-para-2027\\\/#primaryimage\"},\"image\":{\"@id\":\"https:\\\/\\\/ubirataonline.com.br\\\/uepa-abre-selecao-para-mestrado-e-doutorado-em-educacao-com-53-vagas-para-2027\\\/#primaryimage\"},\"thumbnailUrl\":\"https:\\\/\\\/ubirataonline.com.br\\\/wp-content\\\/uploads\\\/2026\\\/03\\\/Uepa-abre-selecao-para-mestrado-e-doutorado-em-Educacao-com.jpg\",\"datePublished\":\"2026-03-20T15:42:50+00:00\",\"dateModified\":\"2026-03-20T15:42:53+00:00\",\"description\":\"&#13; &#13; A Universidade do Estado do Par\u00e1 (Uepa), por meio do Programa de P\u00f3s-Gradua\u00e7\u00e3o em Educa\u00e7\u00e3o (PPGED), formalizou a abertura do processo seletivo\",\"breadcrumb\":{\"@id\":\"https:\\\/\\\/ubirataonline.com.br\\\/uepa-abre-selecao-para-mestrado-e-doutorado-em-educacao-com-53-vagas-para-2027\\\/#breadcrumb\"},\"inLanguage\":\"en-US\",\"potentialAction\":[{\"@type\":\"ReadAction\",\"target\":[\"https:\\\/\\\/ubirataonline.com.br\\\/uepa-abre-selecao-para-mestrado-e-doutorado-em-educacao-com-53-vagas-para-2027\\\/\"]}]},{\"@type\":\"ImageObject\",\"inLanguage\":\"en-US\",\"@id\":\"https:\\\/\\\/ubirataonline.com.br\\\/uepa-abre-selecao-para-mestrado-e-doutorado-em-educacao-com-53-vagas-para-2027\\\/#primaryimage\",\"url\":\"https:\\\/\\\/ubirataonline.com.br\\\/wp-content\\\/uploads\\\/2026\\\/03\\\/Uepa-abre-selecao-para-mestrado-e-doutorado-em-Educacao-com.jpg\",\"contentUrl\":\"https:\\\/\\\/ubirataonline.com.br\\\/wp-content\\\/uploads\\\/2026\\\/03\\\/Uepa-abre-selecao-para-mestrado-e-doutorado-em-Educacao-com.jpg\",\"width\":1754,\"height\":1240,\"caption\":\"Uepa abre sele\u00e7\u00e3o para mestrado e doutorado em Educa\u00e7\u00e3o com 53 vagas para 2027\"},{\"@type\":\"BreadcrumbList\",\"@id\":\"https:\\\/\\\/ubirataonline.com.br\\\/uepa-abre-selecao-para-mestrado-e-doutorado-em-educacao-com-53-vagas-para-2027\\\/#breadcrumb\",\"itemListElement\":[{\"@type\":\"ListItem\",\"position\":1,\"name\":\"In\u00edcio\",\"item\":\"https:\\\/\\\/ubirataonline.com.br\\\/\"},{\"@type\":\"ListItem\",\"position\":2,\"name\":\"Uepa abre sele\u00e7\u00e3o para mestrado e doutorado em Educa\u00e7\u00e3o com 53 vagas para 2027\"}]},{\"@type\":\"WebSite\",\"@id\":\"https:\\\/\\\/ubirataonline.com.br\\\/#website\",\"url\":\"https:\\\/\\\/ubirataonline.com.br\\\/\",\"name\":\"Ubirat\u00e3 Online Not\u00edcias\",\"description\":\"Not\u00edcias de Ubirat\u00e3, regi\u00e3o, Brasil e mundo, com informa\u00e7\u00e3o atualizada e compromisso com o leitor.\",\"publisher\":{\"@id\":\"https:\\\/\\\/ubirataonline.com.br\\\/#organization\"},\"alternateName\":\"Ubirat\u00e3 Online\",\"potentialAction\":[{\"@type\":\"SearchAction\",\"target\":{\"@type\":\"EntryPoint\",\"urlTemplate\":\"https:\\\/\\\/ubirataonline.com.br\\\/?s={search_term_string}\"},\"query-input\":{\"@type\":\"PropertyValueSpecification\",\"valueRequired\":true,\"valueName\":\"search_term_string\"}}],\"inLanguage\":\"en-US\"},{\"@type\":[\"Organization\",\"Place\"],\"@id\":\"https:\\\/\\\/ubirataonline.com.br\\\/#organization\",\"name\":\"Ubirat\u00e3 Online Not\u00edcias\",\"alternateName\":\"Ubirat\u00e3 Online\",\"url\":\"https:\\\/\\\/ubirataonline.com.br\\\/\",\"logo\":{\"@id\":\"https:\\\/\\\/ubirataonline.com.br\\\/uepa-abre-selecao-para-mestrado-e-doutorado-em-educacao-com-53-vagas-para-2027\\\/#local-main-organization-logo\"},\"image\":{\"@id\":\"https:\\\/\\\/ubirataonline.com.br\\\/uepa-abre-selecao-para-mestrado-e-doutorado-em-educacao-com-53-vagas-para-2027\\\/#local-main-organization-logo\"},\"sameAs\":[\"https:\\\/\\\/www.facebook.com\\\/portalubirataonline\",\"https:\\\/\\\/x.com\\\/ubirataonline\",\"https:\\\/\\\/mastodon.social\\\/@ubirataonline\",\"https:\\\/\\\/www.facebook.com\\\/groups\\\/311144672285604\",\"https:\\\/\\\/www.facebook.com\\\/UBTAOnline\",\"https:\\\/\\\/www.instagram.com\\\/portalubirataonline\\\/\",\"https:\\\/\\\/twitter.com\\\/ubirataonline\"],\"description\":\"Somos um portal de not\u00edcias independente, criado em 5 de janeiro de 2009, com o objetivo de informar, conectar e valorizar a nossa comunidade de Ubirat\u00e3 e toda aregi\u00e3o. Com conte\u00fado atualizado, confi\u00e1vel e relevante, o Ubirat\u00e3 Online \u00e9 o seu espa\u00e7o para ficar por dentro dos principais acontecimentos locais, regionais, Brasil, Mundo e de interesse geral. Nosso compromisso \u00e9 com a verdade, a transpar\u00eancia e o respeito ao leitor.\",\"legalName\":\"UBIRATA ONLINE NOT\u00cdCIAS\",\"foundingDate\":\"2009-01-05\",\"numberOfEmployees\":{\"@type\":\"QuantitativeValue\",\"minValue\":\"1\",\"maxValue\":\"10\"},\"publishingPrinciples\":\"https:\\\/\\\/ubirataonline.com.br\\\/faq\\\/\",\"address\":{\"@id\":\"https:\\\/\\\/ubirataonline.com.br\\\/uepa-abre-selecao-para-mestrado-e-doutorado-em-educacao-com-53-vagas-para-2027\\\/#local-main-place-address\"},\"geo\":{\"@type\":\"GeoCoordinates\",\"latitude\":\"-24.5361401\",\"longitude\":\"-52.9921776\"},\"telephone\":[\"+5544998308235\"],\"contactPoint\":{\"@type\":\"ContactPoint\",\"email\":\"contato@ubirataonline.com.br\"},\"openingHoursSpecification\":{\"@type\":\"OpeningHoursSpecification\",\"dayOfWeek\":[\"Monday\",\"Tuesday\",\"Wednesday\",\"Thursday\",\"Friday\",\"Saturday\",\"Sunday\"],\"opens\":\"00:00\",\"closes\":\"23:59\"},\"email\":\"contato@ubirataonline.com.br\",\"vatID\":\"47.621.418\\\/0001-80\"},{\"@type\":\"Person\",\"@id\":\"https:\\\/\\\/ubirataonline.com.br\\\/#\\\/schema\\\/person\\\/372f87bbd3fdd79b8556b84c98d0bc1c\",\"name\":\"REDA\u00c7\u00c3O: UBIRAT\u00c3 ONLINE - F\u00c1BIO AUGUSTO CELESTINO\",\"pronouns\":\"Ele\",\"description\":\"Desde 2003 trabalhando com not\u00edcias.\",\"sameAs\":[\"http:\\\/\\\/ubirataoline.com.br\",\"https:\\\/\\\/www.facebook.com\\\/portalubirataonline\",\"https:\\\/\\\/www.instagram.com\\\/ubirataonline_oficial\",\"https:\\\/\\\/x.com\\\/x.com\\\/ubirataonline\"],\"honorificPrefix\":\"Mr.\",\"honorificSuffix\":\"MD\",\"birthDate\":\"1980-06-16\",\"gender\":\"masculino\",\"award\":[\"V\u00e1rios pr\u00eamios de melhor portal da cidade\"],\"jobTitle\":\"Diretor\",\"url\":\"https:\\\/\\\/ubirataonline.com.br\\\/en\\\/author\\\/ubirataonline\\\/\"},{\"@type\":\"PostalAddress\",\"@id\":\"https:\\\/\\\/ubirataonline.com.br\\\/uepa-abre-selecao-para-mestrado-e-doutorado-em-educacao-com-53-vagas-para-2027\\\/#local-main-place-address\",\"streetAddress\":\"Rua dos Coqueiros, 104 - Bairro Boa Vista, Rua dos Coqueiros, 104 Bairro Boa Vista\",\"addressLocality\":\"UBIRATA\",\"postalCode\":\"85440-000\",\"addressRegion\":\"PR\",\"addressCountry\":\"BR\"},{\"@type\":\"ImageObject\",\"inLanguage\":\"en-US\",\"@id\":\"https:\\\/\\\/ubirataonline.com.br\\\/uepa-abre-selecao-para-mestrado-e-doutorado-em-educacao-com-53-vagas-para-2027\\\/#local-main-organization-logo\",\"url\":\"https:\\\/\\\/ubirataonline.com.br\\\/wp-content\\\/uploads\\\/2026\\\/06\\\/logoubirataonline-1.webp\",\"contentUrl\":\"https:\\\/\\\/ubirataonline.com.br\\\/wp-content\\\/uploads\\\/2026\\\/06\\\/logoubirataonline-1.webp\",\"width\":500,\"height\":500,\"caption\":\"Ubirat\u00e3 Online Not\u00edcias\"}]}<\/script>\n<meta name=\"geo.placename\" content=\"UBIRATA\" \/>\n<meta name=\"geo.position\" content=\"-24.5361401;-52.9921776\" \/>\n<meta name=\"geo.region\" content=\"Brazil\" \/>\n<!-- \/ Yoast SEO Premium plugin. -->","yoast_head_json":{"title":"Uepa abre sele\u00e7\u00e3o para mestrado e doutorado em Educa\u00e7\u00e3o com 53 vagas para 2027 - Ubirat\u00e3 Online Not\u00edcias - A realidade ao seu alcance!","description":"&#13; &#13; A Universidade do Estado do Par\u00e1 (Uepa), por meio do Programa de P\u00f3s-Gradua\u00e7\u00e3o em Educa\u00e7\u00e3o (PPGED), formalizou a abertura do processo seletivo","robots":{"index":"index","follow":"follow","max-snippet":"max-snippet:-1","max-image-preview":"max-image-preview:large","max-video-preview":"max-video-preview:-1"},"canonical":"https:\/\/ubirataonline.com.br\/en\/uepa-abre-selecao-para-mestrado-e-doutorado-em-educacao-com-53-vagas-para-2027\/","og_locale":"en_US","og_type":"article","og_title":"Uepa abre sele\u00e7\u00e3o para mestrado e doutorado em Educa\u00e7\u00e3o com 53 vagas para 2027","og_description":"&#13; &#13; A Universidade do Estado do Par\u00e1 (Uepa), por meio do Programa de P\u00f3s-Gradua\u00e7\u00e3o em Educa\u00e7\u00e3o (PPGED), formalizou a abertura do processo seletivo","og_url":"https:\/\/ubirataonline.com.br\/en\/uepa-abre-selecao-para-mestrado-e-doutorado-em-educacao-com-53-vagas-para-2027\/","og_site_name":"Ubirat\u00e3 Online Not\u00edcias - A realidade ao seu alcance!","article_publisher":"https:\/\/www.facebook.com\/portalubirataonline","article_author":"https:\/\/www.facebook.com\/portalubirataonline","article_published_time":"2026-03-20T15:42:50+00:00","article_modified_time":"2026-03-20T15:42:53+00:00","og_image":[{"width":1754,"height":1240,"url":"https:\/\/ubirataonline.com.br\/wp-content\/uploads\/2026\/03\/Uepa-abre-selecao-para-mestrado-e-doutorado-em-Educacao-com.jpg","type":"image\/jpeg"}],"author":"REDA\u00c7\u00c3O: UBIRAT\u00c3 ONLINE - F\u00c1BIO AUGUSTO CELESTINO","twitter_card":"summary_large_image","twitter_creator":"@x.com\/ubirataonline","twitter_site":"@ubirataonline","twitter_misc":{"Written by":"REDA\u00c7\u00c3O: UBIRAT\u00c3 ONLINE - F\u00c1BIO AUGUSTO CELESTINO","Est. reading time":"3 minutes"},"schema":{"@context":"https:\/\/schema.org","@graph":[{"@type":"NewsArticle","@id":"https:\/\/ubirataonline.com.br\/uepa-abre-selecao-para-mestrado-e-doutorado-em-educacao-com-53-vagas-para-2027\/#article","isPartOf":{"@id":"https:\/\/ubirataonline.com.br\/uepa-abre-selecao-para-mestrado-e-doutorado-em-educacao-com-53-vagas-para-2027\/"},"author":{"name":"REDA\u00c7\u00c3O: UBIRAT\u00c3 ONLINE - F\u00c1BIO AUGUSTO CELESTINO","@id":"https:\/\/ubirataonline.com.br\/#\/schema\/person\/372f87bbd3fdd79b8556b84c98d0bc1c"},"headline":"Uepa abre sele\u00e7\u00e3o para mestrado e doutorado em Educa\u00e7\u00e3o com 53 vagas para 2027","datePublished":"2026-03-20T15:42:50+00:00","dateModified":"2026-03-20T15:42:53+00:00","mainEntityOfPage":{"@id":"https:\/\/ubirataonline.com.br\/uepa-abre-selecao-para-mestrado-e-doutorado-em-educacao-com-53-vagas-para-2027\/"},"wordCount":578,"publisher":{"@id":"https:\/\/ubirataonline.com.br\/#organization"},"image":{"@id":"https:\/\/ubirataonline.com.br\/uepa-abre-selecao-para-mestrado-e-doutorado-em-educacao-com-53-vagas-para-2027\/#primaryimage"},"thumbnailUrl":"https:\/\/ubirataonline.com.br\/wp-content\/uploads\/2026\/03\/Uepa-abre-selecao-para-mestrado-e-doutorado-em-Educacao-com.jpg","keywords":["abre","doutorado","educa\u00e7\u00e3o","mestrado","para","sele\u00e7\u00e3o","UEPA","vagas"],"articleSection":["Brasil"],"inLanguage":"en-US","copyrightYear":"2026","copyrightHolder":{"@id":"https:\/\/ubirataonline.com.br\/en\/#organization"}},{"@type":"WebPage","@id":"https:\/\/ubirataonline.com.br\/uepa-abre-selecao-para-mestrado-e-doutorado-em-educacao-com-53-vagas-para-2027\/","url":"https:\/\/ubirataonline.com.br\/uepa-abre-selecao-para-mestrado-e-doutorado-em-educacao-com-53-vagas-para-2027\/","name":"Uepa abre sele\u00e7\u00e3o para mestrado e doutorado em Educa\u00e7\u00e3o com 53 vagas para 2027 - Ubirat\u00e3 Online Not\u00edcias - A realidade ao seu alcance!","isPartOf":{"@id":"https:\/\/ubirataonline.com.br\/#website"},"primaryImageOfPage":{"@id":"https:\/\/ubirataonline.com.br\/uepa-abre-selecao-para-mestrado-e-doutorado-em-educacao-com-53-vagas-para-2027\/#primaryimage"},"image":{"@id":"https:\/\/ubirataonline.com.br\/uepa-abre-selecao-para-mestrado-e-doutorado-em-educacao-com-53-vagas-para-2027\/#primaryimage"},"thumbnailUrl":"https:\/\/ubirataonline.com.br\/wp-content\/uploads\/2026\/03\/Uepa-abre-selecao-para-mestrado-e-doutorado-em-Educacao-com.jpg","datePublished":"2026-03-20T15:42:50+00:00","dateModified":"2026-03-20T15:42:53+00:00","description":"&#13; &#13; A Universidade do Estado do Par\u00e1 (Uepa), por meio do Programa de P\u00f3s-Gradua\u00e7\u00e3o em Educa\u00e7\u00e3o (PPGED), formalizou a abertura do processo seletivo","breadcrumb":{"@id":"https:\/\/ubirataonline.com.br\/uepa-abre-selecao-para-mestrado-e-doutorado-em-educacao-com-53-vagas-para-2027\/#breadcrumb"},"inLanguage":"en-US","potentialAction":[{"@type":"ReadAction","target":["https:\/\/ubirataonline.com.br\/uepa-abre-selecao-para-mestrado-e-doutorado-em-educacao-com-53-vagas-para-2027\/"]}]},{"@type":"ImageObject","inLanguage":"en-US","@id":"https:\/\/ubirataonline.com.br\/uepa-abre-selecao-para-mestrado-e-doutorado-em-educacao-com-53-vagas-para-2027\/#primaryimage","url":"https:\/\/ubirataonline.com.br\/wp-content\/uploads\/2026\/03\/Uepa-abre-selecao-para-mestrado-e-doutorado-em-Educacao-com.jpg","contentUrl":"https:\/\/ubirataonline.com.br\/wp-content\/uploads\/2026\/03\/Uepa-abre-selecao-para-mestrado-e-doutorado-em-Educacao-com.jpg","width":1754,"height":1240,"caption":"Uepa abre sele\u00e7\u00e3o para mestrado e doutorado em Educa\u00e7\u00e3o com 53 vagas para 2027"},{"@type":"BreadcrumbList","@id":"https:\/\/ubirataonline.com.br\/uepa-abre-selecao-para-mestrado-e-doutorado-em-educacao-com-53-vagas-para-2027\/#breadcrumb","itemListElement":[{"@type":"ListItem","position":1,"name":"In\u00edcio","item":"https:\/\/ubirataonline.com.br\/"},{"@type":"ListItem","position":2,"name":"Uepa abre sele\u00e7\u00e3o para mestrado e doutorado em Educa\u00e7\u00e3o com 53 vagas para 2027"}]},{"@type":"WebSite","@id":"https:\/\/ubirataonline.com.br\/#website","url":"https:\/\/ubirataonline.com.br\/","name":"Ubirat\u00e3 Online Not\u00edcias","description":"Not\u00edcias de Ubirat\u00e3, regi\u00e3o, Brasil e mundo, com informa\u00e7\u00e3o atualizada e compromisso com o leitor.","publisher":{"@id":"https:\/\/ubirataonline.com.br\/#organization"},"alternateName":"Ubirat\u00e3 Online","potentialAction":[{"@type":"SearchAction","target":{"@type":"EntryPoint","urlTemplate":"https:\/\/ubirataonline.com.br\/?s={search_term_string}"},"query-input":{"@type":"PropertyValueSpecification","valueRequired":true,"valueName":"search_term_string"}}],"inLanguage":"en-US"},{"@type":["Organization","Place"],"@id":"https:\/\/ubirataonline.com.br\/#organization","name":"Ubirat\u00e3 Online Not\u00edcias","alternateName":"Ubirat\u00e3 Online","url":"https:\/\/ubirataonline.com.br\/","logo":{"@id":"https:\/\/ubirataonline.com.br\/uepa-abre-selecao-para-mestrado-e-doutorado-em-educacao-com-53-vagas-para-2027\/#local-main-organization-logo"},"image":{"@id":"https:\/\/ubirataonline.com.br\/uepa-abre-selecao-para-mestrado-e-doutorado-em-educacao-com-53-vagas-para-2027\/#local-main-organization-logo"},"sameAs":["https:\/\/www.facebook.com\/portalubirataonline","https:\/\/x.com\/ubirataonline","https:\/\/mastodon.social\/@ubirataonline","https:\/\/www.facebook.com\/groups\/311144672285604","https:\/\/www.facebook.com\/UBTAOnline","https:\/\/www.instagram.com\/portalubirataonline\/","https:\/\/twitter.com\/ubirataonline"],"description":"Somos um portal de not\u00edcias independente, criado em 5 de janeiro de 2009, com o objetivo de informar, conectar e valorizar a nossa comunidade de Ubirat\u00e3 e toda aregi\u00e3o. Com conte\u00fado atualizado, confi\u00e1vel e relevante, o Ubirat\u00e3 Online \u00e9 o seu espa\u00e7o para ficar por dentro dos principais acontecimentos locais, regionais, Brasil, Mundo e de interesse geral. Nosso compromisso \u00e9 com a verdade, a transpar\u00eancia e o respeito ao leitor.","legalName":"UBIRATA ONLINE NOT\u00cdCIAS","foundingDate":"2009-01-05","numberOfEmployees":{"@type":"QuantitativeValue","minValue":"1","maxValue":"10"},"publishingPrinciples":"https:\/\/ubirataonline.com.br\/faq\/","address":{"@id":"https:\/\/ubirataonline.com.br\/uepa-abre-selecao-para-mestrado-e-doutorado-em-educacao-com-53-vagas-para-2027\/#local-main-place-address"},"geo":{"@type":"GeoCoordinates","latitude":"-24.5361401","longitude":"-52.9921776"},"telephone":["+5544998308235"],"contactPoint":{"@type":"ContactPoint","email":"contato@ubirataonline.com.br"},"openingHoursSpecification":{"@type":"OpeningHoursSpecification","dayOfWeek":["Monday","Tuesday","Wednesday","Thursday","Friday","Saturday","Sunday"],"opens":"00:00","closes":"23:59"},"email":"contato@ubirataonline.com.br","vatID":"47.621.418\/0001-80"},{"@type":"Person","@id":"https:\/\/ubirataonline.com.br\/#\/schema\/person\/372f87bbd3fdd79b8556b84c98d0bc1c","name":"REDA\u00c7\u00c3O: UBIRAT\u00c3 ONLINE - F\u00c1BIO AUGUSTO CELESTINO","pronouns":"Ele","description":"Desde 2003 trabalhando com not\u00edcias.","sameAs":["http:\/\/ubirataoline.com.br","https:\/\/www.facebook.com\/portalubirataonline","https:\/\/www.instagram.com\/ubirataonline_oficial","https:\/\/x.com\/x.com\/ubirataonline"],"honorificPrefix":"Mr.","honorificSuffix":"MD","birthDate":"1980-06-16","gender":"masculino","award":["V\u00e1rios pr\u00eamios de melhor portal da cidade"],"jobTitle":"Diretor","url":"https:\/\/ubirataonline.com.br\/en\/author\/ubirataonline\/"},{"@type":"PostalAddress","@id":"https:\/\/ubirataonline.com.br\/uepa-abre-selecao-para-mestrado-e-doutorado-em-educacao-com-53-vagas-para-2027\/#local-main-place-address","streetAddress":"Rua dos Coqueiros, 104 - Bairro Boa Vista, Rua dos Coqueiros, 104 Bairro Boa Vista","addressLocality":"UBIRATA","postalCode":"85440-000","addressRegion":"PR","addressCountry":"BR"},{"@type":"ImageObject","inLanguage":"en-US","@id":"https:\/\/ubirataonline.com.br\/uepa-abre-selecao-para-mestrado-e-doutorado-em-educacao-com-53-vagas-para-2027\/#local-main-organization-logo","url":"https:\/\/ubirataonline.com.br\/wp-content\/uploads\/2026\/06\/logoubirataonline-1.webp","contentUrl":"https:\/\/ubirataonline.com.br\/wp-content\/uploads\/2026\/06\/logoubirataonline-1.webp","width":500,"height":500,"caption":"Ubirat\u00e3 Online Not\u00edcias"}]},"geo.placename":"UBIRATA","geo.position":{"lat":"-24.5361401","long":"-52.9921776"},"geo.region":"Brazil"},"_links":{"self":[{"href":"https:\/\/ubirataonline.com.br\/en\/wp-json\/wp\/v2\/posts\/96198","targetHints":{"allow":["GET"]}}],"collection":[{"href":"https:\/\/ubirataonline.com.br\/en\/wp-json\/wp\/v2\/posts"}],"about":[{"href":"https:\/\/ubirataonline.com.br\/en\/wp-json\/wp\/v2\/types\/post"}],"author":[{"embeddable":true,"href":"https:\/\/ubirataonline.com.br\/en\/wp-json\/wp\/v2\/users\/1"}],"replies":[{"embeddable":true,"href":"https:\/\/ubirataonline.com.br\/en\/wp-json\/wp\/v2\/comments?post=96198"}],"version-history":[{"count":0,"href":"https:\/\/ubirataonline.com.br\/en\/wp-json\/wp\/v2\/posts\/96198\/revisions"}],"wp:featuredmedia":[{"embeddable":true,"href":"https:\/\/ubirataonline.com.br\/en\/wp-json\/wp\/v2\/media\/96199"}],"wp:attachment":[{"href":"https:\/\/ubirataonline.com.br\/en\/wp-json\/wp\/v2\/media?parent=96198"}],"wp:term":[{"taxonomy":"category","embeddable":true,"href":"https:\/\/ubirataonline.com.br\/en\/wp-json\/wp\/v2\/categories?post=96198"},{"taxonomy":"post_tag","embeddable":true,"href":"https:\/\/ubirataonline.com.br\/en\/wp-json\/wp\/v2\/tags?post=96198"}],"curies":[{"name":"wp","href":"https:\/\/api.w.org\/{rel}","templated":true}]}}