{"id":96358,"date":"2026-03-21T07:02:01","date_gmt":"2026-03-21T10:02:01","guid":{"rendered":"https:\/\/ubirataonline.com.br\/joao-batista-damasceno-que-jornalismo-e-esse\/"},"modified":"2026-03-21T07:02:04","modified_gmt":"2026-03-21T10:02:04","slug":"joao-batista-damasceno-que-jornalismo-e-esse","status":"publish","type":"post","link":"https:\/\/ubirataonline.com.br\/en\/joao-batista-damasceno-que-jornalismo-e-esse\/","title":{"rendered":"Jo\u00e3o Batista Damasceno: Que jornalismo \u00e9 esse? |"},"content":{"rendered":"<p><\/p>\n<div>\n<div class=\"content-media-container\">\n<figure class=\"content-media-figure\">\n                                            <amp-img lightbox=\"lightbox-amp-carousel\" class=\"content-media-image\" srcset=\"&#10;                                                https:\/\/odia.ig.com.br\/_midias\/jpg\/2017\/08\/24\/7a_joaobatistadamasceno-159835.jpg 1200w,&#10;                                                https:\/\/odia.ig.com.br\/_midias\/jpg\/2017\/08\/24\/7a_joaobatistadamasceno-159835.jpg 700w,&#10;                                                https:\/\/odia.ig.com.br\/_midias\/jpg\/2017\/08\/24\/7a_joaobatistadamasceno-159835.jpg 390w\" alt=\"\" width=\"1200\" height=\"750\" src=\"https:\/\/odia.ig.com.br\/_midias\/jpg\/2017\/08\/24\/7a_joaobatistadamasceno-159835.jpg\" layout=\"responsive\" noloading=\"\"\/><br \/>\n                                        <\/figure><figcaption hidden=\"\">Jo\u00e3o Batista Damasceno, colunista do DIA &#8211; Divulga\u00e7\u00e3o<\/figcaption><\/div>\n<p class=\"content-media__description\">Jo\u00e3o Batista Damasceno, colunista do DIA<span>Divulga\u00e7\u00e3o<\/span><\/p>\n<p>\n                        <time class=\"published\"><br \/>\n                            Publicado 21\/03\/2026 00:00                                                    <\/time>\n                    <\/p>\n<p>Sem perder o h\u00e1bito da leitura dos jornais impressos, apesar da grande disponibilidade de not\u00edcias na rede mundial de computadores, h\u00e1 16 anos n\u00e3o assisto a notici\u00e1rio televisivo. Se come\u00e7am, desligo, mudo de canal ou saio da frente da TV. Mas n\u00e3o assisto.<\/p>\n<p>Em 2010, concluindo doutoramento em Ci\u00eancia Pol\u00edtica na Universidade Federal Fluminense (UFF), empreendi pesquisa sobre o notici\u00e1rio televisivo em ano eleitoral e a contrariedade entre eles, reciprocamente, bem como as abordagens no Hor\u00e1rio Gratuito de Propaganda Eleitoral. Igualmente analisei as repercuss\u00f5es nas pesquisas de inten\u00e7\u00e3o de voto. Pesquisar nos tira do senso comum e nos imp\u00f5e a compreens\u00e3o de que a realidade pode ser, por vezes, muito diferente do que pens\u00e1vamos. Esta \u00e9 a diferen\u00e7a que os gregos j\u00e1 faziam entre conhecimento e opini\u00e3o, que chamavam de episteme e d\u00f3xia, termos que comp\u00f5em as palavras epistemologia e ortodoxia.<\/p>\n<p>A ortodoxia est\u00e1 presente na ades\u00e3o rigorosa a cren\u00e7as tratadas como verdadeiras e imut\u00e1veis, comum em contextos tradicionais e religiosos, denotando inflexibilidade, conformidade e conservadorismo. A epistemologia ou teoria do conhecimento \u00e9 o ramo da filosofia que estuda a natureza, a origem, os m\u00e9todos, a validade e os limites do conhecimento humano. Analisa a diferen\u00e7a entre conhecimento, opini\u00e3o e cren\u00e7a. As cren\u00e7as s\u00e3o pr\u00f3prias da ortodoxia enquanto o conhecimento \u00e9 fundamentado em estudos e reflex\u00f5es.<\/p>\n<p>Todos temos algum tipo de cren\u00e7a, mas precisamos distinguir o que nos embala na vida com base com fundamento em conhecimento decorrente de estudo, reflex\u00e3o ou ci\u00eancia, daquilo que acreditamos, mas decorre de costumes e cren\u00e7as n\u00e3o comprovadas.<\/p>\n<p>Nascemos indiv\u00edduos e nos tornamos pessoas e cidad\u00e3os. No seio da fam\u00edlia nos socializamos e obtemos os primeiros conhecimentos e valores. Na escola nos aprimoramos para a cidadania. Mas os meios de comunica\u00e7\u00e3o social s\u00e3o os que mais influem em nossa forma\u00e7\u00e3o e opini\u00f5es. Jornais, R\u00e1dio, TV e, agora, as redes sociais s\u00e3o os meios pelos quais nos formamos e nos informamos.<\/p>\n<p>As redes sociais n\u00e3o t\u00eam filtro. Trata-se de um mundo no qual qualquer um pode postar o que desejar, seja not\u00edcia fundada em fato efetivamente ocorrido ou fake News. As novas tecnologias permitem produ\u00e7\u00e3o de imagens irreais, com rosto e voz das pessoas. Trata-se da tecnologia de deepfake (ou deep face), que utiliza intelig\u00eancia artificial para criar v\u00eddeos, \u00e1udios e imagens falsas extremamente realistas. Isto \u00e9 uma das maiores amea\u00e7as de fraude digital atualmente. Criminosos utilizam essa tecnologia para manipular a imagem e a voz de terceiros, com o objetivo de cometer crimes diversos ou difamar pessoas. De criminosos n\u00e3o podemos esperar comportamentos \u00e9ticos.<\/p>\n<p>Mas das empresas de comunica\u00e7\u00e3o temos o direito de exigir adequada informa\u00e7\u00e3o. Tais ve\u00edculos h\u00e3o de ser fonte segura de informa\u00e7\u00e3o, produzida por profissionais e sujeita a controle editorial.<br \/>Enquanto terminava meu trabalho de doutoramento, em 11 de agosto de 2011 a ju\u00edza Patr\u00edcia Acioli foi assassinada por agentes do Estado, a mando de superiores hier\u00e1rquicos, com armas e muni\u00e7\u00e3o do Estado. O corpo da ju\u00edza ainda n\u00e3o havia sido sepultado e um jornal\u00e3o carioca j\u00e1 a difamava, dizendo que mantinha rela\u00e7\u00e3o perigosa com um policial. O que o machismo considerava rela\u00e7\u00e3o perigosa fora o casamento da v\u00edtima com um policial que fizera sua seguran\u00e7a e do qual estava divorciada quando do atentado. Estabeleci contato com o jornalista e ele me disse que apostava todas as suas fichas, pois acreditava que o assassino fora o ex-marido e prosseguiu com mat\u00e9rias ofensivas \u00e0 mem\u00f3ria da v\u00edtima. O jornal <strong>O DIA<\/strong> adotou caminho contr\u00e1rio. Buscou se orientar por fontes seguras e saiu na frente na divulga\u00e7\u00e3o do que se apurava. Comprei e arquivei dia-a-dia ambos os jornais para registrar a cobertura. Quando finalmente o caso foi elucidado escrevi ao jornalista do jornal\u00e3o, dizendo que perdera suas fichas e que deveria se retratar. Ele nunca respondeu a quaisquer das minhas mensagens cobrando uma postura \u00e9tica. Prestei depoimento e emprestei os jornais que foram exibidos no filme \u201cPatr\u00edcia Acioli, a ju\u00edza do povo\u201d. Nele \u00e9 poss\u00edvel ver e ler o nome do jornal e do jornalista que falseou o dever de adequada informa\u00e7\u00e3o. As respectivas coberturas, da qual o jornal <strong>O DIA<\/strong> cumpriu seu dever de informa\u00e7\u00e3o, agu\u00e7ou-me a vis\u00e3o cr\u00edtica sobre determinadas coberturas jornal\u00edsticas.<\/p>\n<p>A an\u00e1lise do material coletado nos telejornais no ano de 2010 demonstrou-me que nem sempre o que assistimos no notici\u00e1rio corresponde \u00e0 realidade. Um esc\u00e2ndalo de corrup\u00e7\u00e3o fabricado, envolvendo a ent\u00e3o ministra Erenice Guerra e seu filho, assim como uma suposta viola\u00e7\u00e3o de sigilo fiscal de opositor, foram determinantes para a ocorr\u00eancia do segundo turno nas elei\u00e7\u00f5es presidenciais de 2010. Este tema foi reportado de 25 de agosto a 25 de outubro e aquele de 11 de setembro a 26 de outubro. Provocada a realiza\u00e7\u00e3o do segundo turno na elei\u00e7\u00e3o presidencial de 2010 o assunto desapareceu do notici\u00e1rio. No ano seguinte o desmentido das falsas acusa\u00e7\u00f5es foi feito em 17 segundos.<\/p>\n<p>Atualmente o notici\u00e1rio televisivo igualmente busca imputa\u00e7\u00f5es a pessoas que j\u00e1 foram investigadas e nada lhes incriminou. Enquanto isto, outras que j\u00e1 confirmaram suas transgress\u00f5es sequer s\u00e3o citadas. A experi\u00eancia decorrente do estudo que empreendi me leva a questionar se determinados ve\u00edculos de comunica\u00e7\u00e3o t\u00eam por finalidade a difus\u00e3o das not\u00edcias, a obten\u00e7\u00e3o de lucros pois s\u00e3o empresas ou se s\u00e3o partidos pol\u00edticos e desejam influir no processo eleitoral.<\/p>\n<\/p><\/div>\n<p><a href=\"https:\/\/odia.ig.com.br\/opiniao\/2026\/03\/7224928-joao-batista-damasceno-que-jornalismo-e-esse.html\">Fonte do Artigo <\/a><\/p>","protected":false},"excerpt":{"rendered":"<p>Jo\u00e3o Batista Damasceno, colunista do DIA &#8211; Divulga\u00e7\u00e3o Jo\u00e3o Batista Damasceno, colunista do DIADivulga\u00e7\u00e3o Publicado 21\/03\/2026 00:00 Sem perder o h\u00e1bito da leitura dos jornais impressos, apesar da grande disponibilidade de not\u00edcias na rede mundial de computadores, h\u00e1 16 anos n\u00e3o assisto a notici\u00e1rio televisivo. Se come\u00e7am, desligo, mudo de canal ou saio da frente [&hellip;]<\/p>\n","protected":false},"author":1,"featured_media":96359,"comment_status":"closed","ping_status":"","sticky":false,"template":"","format":"standard","meta":{"googlesitekit_rrm_CAow2JLhCw:productID":"","_gspb_post_css":"","maa_idioma":"","maa_pais":"","footnotes":""},"categories":[4],"tags":[18614,23483,5923,8566,2707],"class_list":["post-96358","post","type-post","status-publish","format-standard","has-post-thumbnail","hentry","category-brasil","tag-batista","tag-damasceno","tag-esse","tag-joao","tag-jornalismo"],"blocksy_meta":[],"yoast_head":"<!-- This site is optimized with the Yoast SEO Premium plugin v27.6 (Yoast SEO v27.6) - https:\/\/yoast.com\/product\/yoast-seo-premium-wordpress\/ -->\n<title>Jo\u00e3o Batista Damasceno: Que jornalismo \u00e9 esse? | - Ubirat\u00e3 Online Not\u00edcias - A realidade ao seu alcance!<\/title>\n<meta name=\"description\" content=\"Jo\u00e3o Batista Damasceno, colunista do DIA - Divulga\u00e7\u00e3o Jo\u00e3o Batista Damasceno, colunista do DIADivulga\u00e7\u00e3o Publicado 21\/03\/2026 00:00 Sem perder o h\u00e1bito da\" \/>\n<meta name=\"robots\" content=\"index, follow, max-snippet:-1, max-image-preview:large, max-video-preview:-1\" \/>\n<link rel=\"canonical\" href=\"https:\/\/ubirataonline.com.br\/en\/joao-batista-damasceno-que-jornalismo-e-esse\/\" \/>\n<meta property=\"og:locale\" content=\"en_US\" \/>\n<meta property=\"og:type\" content=\"article\" \/>\n<meta property=\"og:title\" content=\"Jo\u00e3o Batista Damasceno: Que jornalismo \u00e9 esse? |\" \/>\n<meta property=\"og:description\" content=\"Jo\u00e3o Batista Damasceno, colunista do DIA - Divulga\u00e7\u00e3o Jo\u00e3o Batista Damasceno, colunista do DIADivulga\u00e7\u00e3o Publicado 21\/03\/2026 00:00 Sem perder o h\u00e1bito da\" \/>\n<meta property=\"og:url\" content=\"https:\/\/ubirataonline.com.br\/en\/joao-batista-damasceno-que-jornalismo-e-esse\/\" \/>\n<meta property=\"og:site_name\" content=\"Ubirat\u00e3 Online Not\u00edcias - A realidade ao seu alcance!\" \/>\n<meta property=\"article:publisher\" content=\"https:\/\/www.facebook.com\/portalubirataonline\" \/>\n<meta property=\"article:author\" content=\"https:\/\/www.facebook.com\/portalubirataonline\" \/>\n<meta property=\"article:published_time\" content=\"2026-03-21T10:02:01+00:00\" \/>\n<meta property=\"article:modified_time\" content=\"2026-03-21T10:02:04+00:00\" \/>\n<meta property=\"og:image\" content=\"https:\/\/ubirataonline.com.br\/wp-content\/uploads\/2026\/03\/Joao-Batista-Damasceno-Que-jornalismo-e-esse.jpg\" \/>\n\t<meta property=\"og:image:width\" content=\"237\" \/>\n\t<meta property=\"og:image:height\" content=\"250\" \/>\n\t<meta property=\"og:image:type\" content=\"image\/jpeg\" \/>\n<meta name=\"author\" content=\"REDA\u00c7\u00c3O: UBIRAT\u00c3 ONLINE - F\u00c1BIO AUGUSTO CELESTINO\" \/>\n<meta name=\"twitter:card\" content=\"summary_large_image\" \/>\n<meta name=\"twitter:creator\" content=\"@x.com\/ubirataonline\" \/>\n<meta name=\"twitter:site\" content=\"@ubirataonline\" \/>\n<meta name=\"twitter:label1\" content=\"Written by\" \/>\n\t<meta name=\"twitter:data1\" content=\"REDA\u00c7\u00c3O: UBIRAT\u00c3 ONLINE - F\u00c1BIO AUGUSTO CELESTINO\" \/>\n\t<meta name=\"twitter:label2\" content=\"Est. reading time\" \/>\n\t<meta name=\"twitter:data2\" content=\"5 minutes\" \/>\n<script type=\"application\/ld+json\" class=\"yoast-schema-graph\">{\"@context\":\"https:\\\/\\\/schema.org\",\"@graph\":[{\"@type\":\"NewsArticle\",\"@id\":\"https:\\\/\\\/ubirataonline.com.br\\\/joao-batista-damasceno-que-jornalismo-e-esse\\\/#article\",\"isPartOf\":{\"@id\":\"https:\\\/\\\/ubirataonline.com.br\\\/joao-batista-damasceno-que-jornalismo-e-esse\\\/\"},\"author\":{\"name\":\"REDA\u00c7\u00c3O: UBIRAT\u00c3 ONLINE - F\u00c1BIO AUGUSTO CELESTINO\",\"@id\":\"https:\\\/\\\/ubirataonline.com.br\\\/#\\\/schema\\\/person\\\/372f87bbd3fdd79b8556b84c98d0bc1c\"},\"headline\":\"Jo\u00e3o Batista Damasceno: Que jornalismo \u00e9 esse? |\",\"datePublished\":\"2026-03-21T10:02:01+00:00\",\"dateModified\":\"2026-03-21T10:02:04+00:00\",\"mainEntityOfPage\":{\"@id\":\"https:\\\/\\\/ubirataonline.com.br\\\/joao-batista-damasceno-que-jornalismo-e-esse\\\/\"},\"wordCount\":990,\"publisher\":{\"@id\":\"https:\\\/\\\/ubirataonline.com.br\\\/#organization\"},\"image\":{\"@id\":\"https:\\\/\\\/ubirataonline.com.br\\\/joao-batista-damasceno-que-jornalismo-e-esse\\\/#primaryimage\"},\"thumbnailUrl\":\"https:\\\/\\\/ubirataonline.com.br\\\/wp-content\\\/uploads\\\/2026\\\/03\\\/Joao-Batista-Damasceno-Que-jornalismo-e-esse.jpg\",\"keywords\":[\"Batista\",\"Damasceno\",\"esse\",\"Jo\u00e3o\",\"Jornalismo\"],\"articleSection\":[\"Brasil\"],\"inLanguage\":\"en-US\",\"copyrightYear\":\"2026\",\"copyrightHolder\":{\"@id\":\"https:\\\/\\\/ubirataonline.com.br\\\/en\\\/#organization\"}},{\"@type\":\"WebPage\",\"@id\":\"https:\\\/\\\/ubirataonline.com.br\\\/joao-batista-damasceno-que-jornalismo-e-esse\\\/\",\"url\":\"https:\\\/\\\/ubirataonline.com.br\\\/joao-batista-damasceno-que-jornalismo-e-esse\\\/\",\"name\":\"Jo\u00e3o Batista Damasceno: Que jornalismo \u00e9 esse? | - Ubirat\u00e3 Online Not\u00edcias - A realidade ao seu alcance!\",\"isPartOf\":{\"@id\":\"https:\\\/\\\/ubirataonline.com.br\\\/#website\"},\"primaryImageOfPage\":{\"@id\":\"https:\\\/\\\/ubirataonline.com.br\\\/joao-batista-damasceno-que-jornalismo-e-esse\\\/#primaryimage\"},\"image\":{\"@id\":\"https:\\\/\\\/ubirataonline.com.br\\\/joao-batista-damasceno-que-jornalismo-e-esse\\\/#primaryimage\"},\"thumbnailUrl\":\"https:\\\/\\\/ubirataonline.com.br\\\/wp-content\\\/uploads\\\/2026\\\/03\\\/Joao-Batista-Damasceno-Que-jornalismo-e-esse.jpg\",\"datePublished\":\"2026-03-21T10:02:01+00:00\",\"dateModified\":\"2026-03-21T10:02:04+00:00\",\"description\":\"Jo\u00e3o Batista Damasceno, colunista do DIA - Divulga\u00e7\u00e3o Jo\u00e3o Batista Damasceno, colunista do DIADivulga\u00e7\u00e3o Publicado 21\\\/03\\\/2026 00:00 Sem perder o h\u00e1bito da\",\"breadcrumb\":{\"@id\":\"https:\\\/\\\/ubirataonline.com.br\\\/joao-batista-damasceno-que-jornalismo-e-esse\\\/#breadcrumb\"},\"inLanguage\":\"en-US\",\"potentialAction\":[{\"@type\":\"ReadAction\",\"target\":[\"https:\\\/\\\/ubirataonline.com.br\\\/joao-batista-damasceno-que-jornalismo-e-esse\\\/\"]}]},{\"@type\":\"ImageObject\",\"inLanguage\":\"en-US\",\"@id\":\"https:\\\/\\\/ubirataonline.com.br\\\/joao-batista-damasceno-que-jornalismo-e-esse\\\/#primaryimage\",\"url\":\"https:\\\/\\\/ubirataonline.com.br\\\/wp-content\\\/uploads\\\/2026\\\/03\\\/Joao-Batista-Damasceno-Que-jornalismo-e-esse.jpg\",\"contentUrl\":\"https:\\\/\\\/ubirataonline.com.br\\\/wp-content\\\/uploads\\\/2026\\\/03\\\/Joao-Batista-Damasceno-Que-jornalismo-e-esse.jpg\",\"width\":237,\"height\":250,\"caption\":\"Jo\u00e3o Batista Damasceno, colunista do DIA - Divulga\u00e7\u00e3o\"},{\"@type\":\"BreadcrumbList\",\"@id\":\"https:\\\/\\\/ubirataonline.com.br\\\/joao-batista-damasceno-que-jornalismo-e-esse\\\/#breadcrumb\",\"itemListElement\":[{\"@type\":\"ListItem\",\"position\":1,\"name\":\"In\u00edcio\",\"item\":\"https:\\\/\\\/ubirataonline.com.br\\\/\"},{\"@type\":\"ListItem\",\"position\":2,\"name\":\"Jo\u00e3o Batista Damasceno: Que jornalismo \u00e9 esse? |\"}]},{\"@type\":\"WebSite\",\"@id\":\"https:\\\/\\\/ubirataonline.com.br\\\/#website\",\"url\":\"https:\\\/\\\/ubirataonline.com.br\\\/\",\"name\":\"Ubirat\u00e3 Online Not\u00edcias\",\"description\":\"Not\u00edcias de Ubirat\u00e3, regi\u00e3o, Brasil e mundo, com informa\u00e7\u00e3o atualizada e compromisso com o leitor.\",\"publisher\":{\"@id\":\"https:\\\/\\\/ubirataonline.com.br\\\/#organization\"},\"alternateName\":\"Ubirat\u00e3 Online\",\"potentialAction\":[{\"@type\":\"SearchAction\",\"target\":{\"@type\":\"EntryPoint\",\"urlTemplate\":\"https:\\\/\\\/ubirataonline.com.br\\\/?s={search_term_string}\"},\"query-input\":{\"@type\":\"PropertyValueSpecification\",\"valueRequired\":true,\"valueName\":\"search_term_string\"}}],\"inLanguage\":\"en-US\"},{\"@type\":[\"Organization\",\"Place\"],\"@id\":\"https:\\\/\\\/ubirataonline.com.br\\\/#organization\",\"name\":\"Ubirat\u00e3 Online Not\u00edcias\",\"alternateName\":\"Ubirat\u00e3 Online\",\"url\":\"https:\\\/\\\/ubirataonline.com.br\\\/\",\"logo\":{\"@id\":\"https:\\\/\\\/ubirataonline.com.br\\\/joao-batista-damasceno-que-jornalismo-e-esse\\\/#local-main-organization-logo\"},\"image\":{\"@id\":\"https:\\\/\\\/ubirataonline.com.br\\\/joao-batista-damasceno-que-jornalismo-e-esse\\\/#local-main-organization-logo\"},\"sameAs\":[\"https:\\\/\\\/www.facebook.com\\\/portalubirataonline\",\"https:\\\/\\\/x.com\\\/ubirataonline\",\"https:\\\/\\\/mastodon.social\\\/@ubirataonline\",\"https:\\\/\\\/www.facebook.com\\\/groups\\\/311144672285604\",\"https:\\\/\\\/www.facebook.com\\\/UBTAOnline\",\"https:\\\/\\\/www.instagram.com\\\/portalubirataonline\\\/\",\"https:\\\/\\\/twitter.com\\\/ubirataonline\"],\"description\":\"Somos um portal de not\u00edcias independente, criado em 5 de janeiro de 2009, com o objetivo de informar, conectar e valorizar a nossa comunidade de Ubirat\u00e3 e toda aregi\u00e3o. Com conte\u00fado atualizado, confi\u00e1vel e relevante, o Ubirat\u00e3 Online \u00e9 o seu espa\u00e7o para ficar por dentro dos principais acontecimentos locais, regionais, Brasil, Mundo e de interesse geral. Nosso compromisso \u00e9 com a verdade, a transpar\u00eancia e o respeito ao leitor.\",\"legalName\":\"UBIRATA ONLINE NOT\u00cdCIAS\",\"foundingDate\":\"2009-01-05\",\"numberOfEmployees\":{\"@type\":\"QuantitativeValue\",\"minValue\":\"1\",\"maxValue\":\"10\"},\"publishingPrinciples\":\"https:\\\/\\\/ubirataonline.com.br\\\/faq\\\/\",\"address\":{\"@id\":\"https:\\\/\\\/ubirataonline.com.br\\\/joao-batista-damasceno-que-jornalismo-e-esse\\\/#local-main-place-address\"},\"geo\":{\"@type\":\"GeoCoordinates\",\"latitude\":\"-24.5361401\",\"longitude\":\"-52.9921776\"},\"telephone\":[\"+5544998308235\"],\"contactPoint\":{\"@type\":\"ContactPoint\",\"email\":\"contato@ubirataonline.com.br\"},\"openingHoursSpecification\":{\"@type\":\"OpeningHoursSpecification\",\"dayOfWeek\":[\"Monday\",\"Tuesday\",\"Wednesday\",\"Thursday\",\"Friday\",\"Saturday\",\"Sunday\"],\"opens\":\"00:00\",\"closes\":\"23:59\"},\"email\":\"contato@ubirataonline.com.br\",\"vatID\":\"47.621.418\\\/0001-80\"},{\"@type\":\"Person\",\"@id\":\"https:\\\/\\\/ubirataonline.com.br\\\/#\\\/schema\\\/person\\\/372f87bbd3fdd79b8556b84c98d0bc1c\",\"name\":\"REDA\u00c7\u00c3O: UBIRAT\u00c3 ONLINE - F\u00c1BIO AUGUSTO CELESTINO\",\"pronouns\":\"Ele\",\"description\":\"Desde 2003 trabalhando com not\u00edcias.\",\"sameAs\":[\"http:\\\/\\\/ubirataoline.com.br\",\"https:\\\/\\\/www.facebook.com\\\/portalubirataonline\",\"https:\\\/\\\/www.instagram.com\\\/ubirataonline_oficial\",\"https:\\\/\\\/x.com\\\/x.com\\\/ubirataonline\"],\"honorificPrefix\":\"Mr.\",\"honorificSuffix\":\"MD\",\"birthDate\":\"1980-06-16\",\"gender\":\"masculino\",\"award\":[\"V\u00e1rios pr\u00eamios de melhor portal da cidade\"],\"jobTitle\":\"Diretor\",\"url\":\"https:\\\/\\\/ubirataonline.com.br\\\/en\\\/author\\\/ubirataonline\\\/\"},{\"@type\":\"PostalAddress\",\"@id\":\"https:\\\/\\\/ubirataonline.com.br\\\/joao-batista-damasceno-que-jornalismo-e-esse\\\/#local-main-place-address\",\"streetAddress\":\"Rua dos Coqueiros, 104 - Bairro Boa Vista, Rua dos Coqueiros, 104 Bairro Boa Vista\",\"addressLocality\":\"UBIRATA\",\"postalCode\":\"85440-000\",\"addressRegion\":\"PR\",\"addressCountry\":\"BR\"},{\"@type\":\"ImageObject\",\"inLanguage\":\"en-US\",\"@id\":\"https:\\\/\\\/ubirataonline.com.br\\\/joao-batista-damasceno-que-jornalismo-e-esse\\\/#local-main-organization-logo\",\"url\":\"https:\\\/\\\/ubirataonline.com.br\\\/wp-content\\\/uploads\\\/2026\\\/06\\\/logoubirataonline-1.webp\",\"contentUrl\":\"https:\\\/\\\/ubirataonline.com.br\\\/wp-content\\\/uploads\\\/2026\\\/06\\\/logoubirataonline-1.webp\",\"width\":500,\"height\":500,\"caption\":\"Ubirat\u00e3 Online Not\u00edcias\"}]}<\/script>\n<meta name=\"geo.placename\" content=\"UBIRATA\" \/>\n<meta name=\"geo.position\" content=\"-24.5361401;-52.9921776\" \/>\n<meta name=\"geo.region\" content=\"Brazil\" \/>\n<!-- \/ Yoast SEO Premium plugin. -->","yoast_head_json":{"title":"Jo\u00e3o Batista Damasceno: Que jornalismo \u00e9 esse? | - Ubirat\u00e3 Online Not\u00edcias - A realidade ao seu alcance!","description":"Jo\u00e3o Batista Damasceno, colunista do DIA - Divulga\u00e7\u00e3o Jo\u00e3o Batista Damasceno, colunista do DIADivulga\u00e7\u00e3o Publicado 21\/03\/2026 00:00 Sem perder o h\u00e1bito da","robots":{"index":"index","follow":"follow","max-snippet":"max-snippet:-1","max-image-preview":"max-image-preview:large","max-video-preview":"max-video-preview:-1"},"canonical":"https:\/\/ubirataonline.com.br\/en\/joao-batista-damasceno-que-jornalismo-e-esse\/","og_locale":"en_US","og_type":"article","og_title":"Jo\u00e3o Batista Damasceno: Que jornalismo \u00e9 esse? |","og_description":"Jo\u00e3o Batista Damasceno, colunista do DIA - Divulga\u00e7\u00e3o Jo\u00e3o Batista Damasceno, colunista do DIADivulga\u00e7\u00e3o Publicado 21\/03\/2026 00:00 Sem perder o h\u00e1bito da","og_url":"https:\/\/ubirataonline.com.br\/en\/joao-batista-damasceno-que-jornalismo-e-esse\/","og_site_name":"Ubirat\u00e3 Online Not\u00edcias - A realidade ao seu alcance!","article_publisher":"https:\/\/www.facebook.com\/portalubirataonline","article_author":"https:\/\/www.facebook.com\/portalubirataonline","article_published_time":"2026-03-21T10:02:01+00:00","article_modified_time":"2026-03-21T10:02:04+00:00","og_image":[{"width":237,"height":250,"url":"https:\/\/ubirataonline.com.br\/wp-content\/uploads\/2026\/03\/Joao-Batista-Damasceno-Que-jornalismo-e-esse.jpg","type":"image\/jpeg"}],"author":"REDA\u00c7\u00c3O: UBIRAT\u00c3 ONLINE - F\u00c1BIO AUGUSTO CELESTINO","twitter_card":"summary_large_image","twitter_creator":"@x.com\/ubirataonline","twitter_site":"@ubirataonline","twitter_misc":{"Written by":"REDA\u00c7\u00c3O: UBIRAT\u00c3 ONLINE - F\u00c1BIO AUGUSTO CELESTINO","Est. reading time":"5 minutes"},"schema":{"@context":"https:\/\/schema.org","@graph":[{"@type":"NewsArticle","@id":"https:\/\/ubirataonline.com.br\/joao-batista-damasceno-que-jornalismo-e-esse\/#article","isPartOf":{"@id":"https:\/\/ubirataonline.com.br\/joao-batista-damasceno-que-jornalismo-e-esse\/"},"author":{"name":"REDA\u00c7\u00c3O: UBIRAT\u00c3 ONLINE - F\u00c1BIO AUGUSTO CELESTINO","@id":"https:\/\/ubirataonline.com.br\/#\/schema\/person\/372f87bbd3fdd79b8556b84c98d0bc1c"},"headline":"Jo\u00e3o Batista Damasceno: Que jornalismo \u00e9 esse? |","datePublished":"2026-03-21T10:02:01+00:00","dateModified":"2026-03-21T10:02:04+00:00","mainEntityOfPage":{"@id":"https:\/\/ubirataonline.com.br\/joao-batista-damasceno-que-jornalismo-e-esse\/"},"wordCount":990,"publisher":{"@id":"https:\/\/ubirataonline.com.br\/#organization"},"image":{"@id":"https:\/\/ubirataonline.com.br\/joao-batista-damasceno-que-jornalismo-e-esse\/#primaryimage"},"thumbnailUrl":"https:\/\/ubirataonline.com.br\/wp-content\/uploads\/2026\/03\/Joao-Batista-Damasceno-Que-jornalismo-e-esse.jpg","keywords":["Batista","Damasceno","esse","Jo\u00e3o","Jornalismo"],"articleSection":["Brasil"],"inLanguage":"en-US","copyrightYear":"2026","copyrightHolder":{"@id":"https:\/\/ubirataonline.com.br\/en\/#organization"}},{"@type":"WebPage","@id":"https:\/\/ubirataonline.com.br\/joao-batista-damasceno-que-jornalismo-e-esse\/","url":"https:\/\/ubirataonline.com.br\/joao-batista-damasceno-que-jornalismo-e-esse\/","name":"Jo\u00e3o Batista Damasceno: Que jornalismo \u00e9 esse? | - Ubirat\u00e3 Online Not\u00edcias - A realidade ao seu alcance!","isPartOf":{"@id":"https:\/\/ubirataonline.com.br\/#website"},"primaryImageOfPage":{"@id":"https:\/\/ubirataonline.com.br\/joao-batista-damasceno-que-jornalismo-e-esse\/#primaryimage"},"image":{"@id":"https:\/\/ubirataonline.com.br\/joao-batista-damasceno-que-jornalismo-e-esse\/#primaryimage"},"thumbnailUrl":"https:\/\/ubirataonline.com.br\/wp-content\/uploads\/2026\/03\/Joao-Batista-Damasceno-Que-jornalismo-e-esse.jpg","datePublished":"2026-03-21T10:02:01+00:00","dateModified":"2026-03-21T10:02:04+00:00","description":"Jo\u00e3o Batista Damasceno, colunista do DIA - Divulga\u00e7\u00e3o Jo\u00e3o Batista Damasceno, colunista do DIADivulga\u00e7\u00e3o Publicado 21\/03\/2026 00:00 Sem perder o h\u00e1bito da","breadcrumb":{"@id":"https:\/\/ubirataonline.com.br\/joao-batista-damasceno-que-jornalismo-e-esse\/#breadcrumb"},"inLanguage":"en-US","potentialAction":[{"@type":"ReadAction","target":["https:\/\/ubirataonline.com.br\/joao-batista-damasceno-que-jornalismo-e-esse\/"]}]},{"@type":"ImageObject","inLanguage":"en-US","@id":"https:\/\/ubirataonline.com.br\/joao-batista-damasceno-que-jornalismo-e-esse\/#primaryimage","url":"https:\/\/ubirataonline.com.br\/wp-content\/uploads\/2026\/03\/Joao-Batista-Damasceno-Que-jornalismo-e-esse.jpg","contentUrl":"https:\/\/ubirataonline.com.br\/wp-content\/uploads\/2026\/03\/Joao-Batista-Damasceno-Que-jornalismo-e-esse.jpg","width":237,"height":250,"caption":"Jo\u00e3o Batista Damasceno, colunista do DIA - Divulga\u00e7\u00e3o"},{"@type":"BreadcrumbList","@id":"https:\/\/ubirataonline.com.br\/joao-batista-damasceno-que-jornalismo-e-esse\/#breadcrumb","itemListElement":[{"@type":"ListItem","position":1,"name":"In\u00edcio","item":"https:\/\/ubirataonline.com.br\/"},{"@type":"ListItem","position":2,"name":"Jo\u00e3o Batista Damasceno: Que jornalismo \u00e9 esse? |"}]},{"@type":"WebSite","@id":"https:\/\/ubirataonline.com.br\/#website","url":"https:\/\/ubirataonline.com.br\/","name":"Ubirat\u00e3 Online Not\u00edcias","description":"Not\u00edcias de Ubirat\u00e3, regi\u00e3o, Brasil e mundo, com informa\u00e7\u00e3o atualizada e compromisso com o leitor.","publisher":{"@id":"https:\/\/ubirataonline.com.br\/#organization"},"alternateName":"Ubirat\u00e3 Online","potentialAction":[{"@type":"SearchAction","target":{"@type":"EntryPoint","urlTemplate":"https:\/\/ubirataonline.com.br\/?s={search_term_string}"},"query-input":{"@type":"PropertyValueSpecification","valueRequired":true,"valueName":"search_term_string"}}],"inLanguage":"en-US"},{"@type":["Organization","Place"],"@id":"https:\/\/ubirataonline.com.br\/#organization","name":"Ubirat\u00e3 Online Not\u00edcias","alternateName":"Ubirat\u00e3 Online","url":"https:\/\/ubirataonline.com.br\/","logo":{"@id":"https:\/\/ubirataonline.com.br\/joao-batista-damasceno-que-jornalismo-e-esse\/#local-main-organization-logo"},"image":{"@id":"https:\/\/ubirataonline.com.br\/joao-batista-damasceno-que-jornalismo-e-esse\/#local-main-organization-logo"},"sameAs":["https:\/\/www.facebook.com\/portalubirataonline","https:\/\/x.com\/ubirataonline","https:\/\/mastodon.social\/@ubirataonline","https:\/\/www.facebook.com\/groups\/311144672285604","https:\/\/www.facebook.com\/UBTAOnline","https:\/\/www.instagram.com\/portalubirataonline\/","https:\/\/twitter.com\/ubirataonline"],"description":"Somos um portal de not\u00edcias independente, criado em 5 de janeiro de 2009, com o objetivo de informar, conectar e valorizar a nossa comunidade de Ubirat\u00e3 e toda aregi\u00e3o. Com conte\u00fado atualizado, confi\u00e1vel e relevante, o Ubirat\u00e3 Online \u00e9 o seu espa\u00e7o para ficar por dentro dos principais acontecimentos locais, regionais, Brasil, Mundo e de interesse geral. Nosso compromisso \u00e9 com a verdade, a transpar\u00eancia e o respeito ao leitor.","legalName":"UBIRATA ONLINE NOT\u00cdCIAS","foundingDate":"2009-01-05","numberOfEmployees":{"@type":"QuantitativeValue","minValue":"1","maxValue":"10"},"publishingPrinciples":"https:\/\/ubirataonline.com.br\/faq\/","address":{"@id":"https:\/\/ubirataonline.com.br\/joao-batista-damasceno-que-jornalismo-e-esse\/#local-main-place-address"},"geo":{"@type":"GeoCoordinates","latitude":"-24.5361401","longitude":"-52.9921776"},"telephone":["+5544998308235"],"contactPoint":{"@type":"ContactPoint","email":"contato@ubirataonline.com.br"},"openingHoursSpecification":{"@type":"OpeningHoursSpecification","dayOfWeek":["Monday","Tuesday","Wednesday","Thursday","Friday","Saturday","Sunday"],"opens":"00:00","closes":"23:59"},"email":"contato@ubirataonline.com.br","vatID":"47.621.418\/0001-80"},{"@type":"Person","@id":"https:\/\/ubirataonline.com.br\/#\/schema\/person\/372f87bbd3fdd79b8556b84c98d0bc1c","name":"REDA\u00c7\u00c3O: UBIRAT\u00c3 ONLINE - F\u00c1BIO AUGUSTO CELESTINO","pronouns":"Ele","description":"Desde 2003 trabalhando com not\u00edcias.","sameAs":["http:\/\/ubirataoline.com.br","https:\/\/www.facebook.com\/portalubirataonline","https:\/\/www.instagram.com\/ubirataonline_oficial","https:\/\/x.com\/x.com\/ubirataonline"],"honorificPrefix":"Mr.","honorificSuffix":"MD","birthDate":"1980-06-16","gender":"masculino","award":["V\u00e1rios pr\u00eamios de melhor portal da cidade"],"jobTitle":"Diretor","url":"https:\/\/ubirataonline.com.br\/en\/author\/ubirataonline\/"},{"@type":"PostalAddress","@id":"https:\/\/ubirataonline.com.br\/joao-batista-damasceno-que-jornalismo-e-esse\/#local-main-place-address","streetAddress":"Rua dos Coqueiros, 104 - Bairro Boa Vista, Rua dos Coqueiros, 104 Bairro Boa Vista","addressLocality":"UBIRATA","postalCode":"85440-000","addressRegion":"PR","addressCountry":"BR"},{"@type":"ImageObject","inLanguage":"en-US","@id":"https:\/\/ubirataonline.com.br\/joao-batista-damasceno-que-jornalismo-e-esse\/#local-main-organization-logo","url":"https:\/\/ubirataonline.com.br\/wp-content\/uploads\/2026\/06\/logoubirataonline-1.webp","contentUrl":"https:\/\/ubirataonline.com.br\/wp-content\/uploads\/2026\/06\/logoubirataonline-1.webp","width":500,"height":500,"caption":"Ubirat\u00e3 Online Not\u00edcias"}]},"geo.placename":"UBIRATA","geo.position":{"lat":"-24.5361401","long":"-52.9921776"},"geo.region":"Brazil"},"_links":{"self":[{"href":"https:\/\/ubirataonline.com.br\/en\/wp-json\/wp\/v2\/posts\/96358","targetHints":{"allow":["GET"]}}],"collection":[{"href":"https:\/\/ubirataonline.com.br\/en\/wp-json\/wp\/v2\/posts"}],"about":[{"href":"https:\/\/ubirataonline.com.br\/en\/wp-json\/wp\/v2\/types\/post"}],"author":[{"embeddable":true,"href":"https:\/\/ubirataonline.com.br\/en\/wp-json\/wp\/v2\/users\/1"}],"replies":[{"embeddable":true,"href":"https:\/\/ubirataonline.com.br\/en\/wp-json\/wp\/v2\/comments?post=96358"}],"version-history":[{"count":0,"href":"https:\/\/ubirataonline.com.br\/en\/wp-json\/wp\/v2\/posts\/96358\/revisions"}],"wp:featuredmedia":[{"embeddable":true,"href":"https:\/\/ubirataonline.com.br\/en\/wp-json\/wp\/v2\/media\/96359"}],"wp:attachment":[{"href":"https:\/\/ubirataonline.com.br\/en\/wp-json\/wp\/v2\/media?parent=96358"}],"wp:term":[{"taxonomy":"category","embeddable":true,"href":"https:\/\/ubirataonline.com.br\/en\/wp-json\/wp\/v2\/categories?post=96358"},{"taxonomy":"post_tag","embeddable":true,"href":"https:\/\/ubirataonline.com.br\/en\/wp-json\/wp\/v2\/tags?post=96358"}],"curies":[{"name":"wp","href":"https:\/\/api.w.org\/{rel}","templated":true}]}}