{"id":96398,"date":"2026-03-21T12:40:50","date_gmt":"2026-03-21T15:40:50","guid":{"rendered":"https:\/\/ubirataonline.com.br\/i-cried-into-the-nape-of-her-neck\/"},"modified":"2026-03-21T12:40:53","modified_gmt":"2026-03-21T15:40:53","slug":"i-cried-into-the-nape-of-her-neck","status":"publish","type":"post","link":"https:\/\/ubirataonline.com.br\/en\/i-cried-into-the-nape-of-her-neck\/","title":{"rendered":"&#8216;I Cried Into the Nape of Her Neck&#8217;"},"content":{"rendered":"<p><\/p>\n<div>\n<p class=\"w-full font-normal font-inter text-[16px] leading-[1.75] text-black break-words antialiased max-w-[720px] mx-auto mb-5 px-[20px] lg:px-0\"><a class=\"font-normal text-[#007daf] transition-none hover:underline hover:text-black\" href=\"https:\/\/www.complex.com\/tag\/julia-fox\" target=\"_self\" rel=\"\">Julia Fox<\/a> has a message for those who \u201ctalk shit\u201d about her: <a class=\"font-normal text-[#007daf] transition-none hover:underline hover:text-black\" href=\"https:\/\/www.complex.com\/tag\/beyonce\" target=\"_self\" rel=\"\">Beyonc\u00e9<\/a> loves her.<\/p>\n<p class=\"w-full font-normal font-inter text-[16px] leading-[1.75] text-black break-words antialiased max-w-[720px] mx-auto mb-5 px-[20px] lg:px-0\">In fact, as Fox recalled in a <a class=\"font-normal text-[#007daf] transition-none hover:underline hover:text-black\" href=\"https:\/\/www.complex.com\/tag\/tiktok\" target=\"_self\" rel=\"\">TikTok<\/a> video shared Wednesday (March 18), the 35-time <a class=\"font-normal text-[#007daf] transition-none hover:underline hover:text-black\" href=\"https:\/\/www.complex.com\/tag\/grammys\" target=\"_self\" rel=\"\">Grammy<\/a> winner said so herself when the two ran into each other at an <a class=\"font-normal text-[#007daf] transition-none hover:underline hover:text-black\" href=\"https:\/\/www.complex.com\/tag\/oscars\" target=\"_self\" rel=\"\">Oscars<\/a> party this past weekend. The party in question, per Fox, took place at the Chateau Marmont in Los Angeles, a legendary Hollywood hotspot that will soon mark its 100th anniversary.<\/p>\n<p class=\"w-full font-normal font-inter text-[16px] leading-[1.75] text-black break-words antialiased max-w-[720px] mx-auto mb-5 px-[20px] lg:px-0\">On this particular night, Fox, recently seen in the <a class=\"font-normal text-[#007daf] transition-none hover:underline hover:text-black\" href=\"https:\/\/www.complex.com\/tag\/charli-xcx\" target=\"_self\" rel=\"\">Charli xcx<\/a> mockumentary <em class=\"italic\">The Moment<\/em>, was admittedly \u201ctired\u201d due to the late hour but decided to push through anyway. This decision was swiftly rewarded.<\/p>\n<p class=\"w-full font-normal font-inter text-[16px] leading-[1.75] text-black break-words antialiased max-w-[720px] mx-auto mb-5 px-[20px] lg:px-0\">\u201cI have debated sharing it because it&#8217;s one of those things that is so crazy that if you try to tell people about it, they&#8217;ll just think you&#8217;re crazy and not believe you,\u201d Fox told her followers on Wednesday. \u201cBut I just have to talk about it because I have a feeling it&#8217;s gonna be one of those defining moments of my life that every time I feel bad about myself, I&#8217;m gonna remember.\u201d<\/p>\n<p class=\"w-full font-normal font-inter text-[16px] leading-[1.75] text-black break-words antialiased max-w-[720px] mx-auto mb-5 px-[20px] lg:px-0\">At around 2:00 a.m. local time, Fox recalled, she and her group were walking through the back of the Chateau when a security guard approached and requested that they \u201cstep aside\u201d for reasons that weren\u2019t immediately made clear. Fox said she and her friends obliged, only realizing that the commotion was indeed Beyonc\u00e9-caused when recognizing her hair.<\/p>\n<p class=\"w-full font-normal font-inter text-[16px] leading-[1.75] text-black break-words antialiased max-w-[720px] mx-auto mb-5 px-[20px] lg:px-0\">\u201cIt was Beyonc\u00e9,\u201d the <em class=\"italic\">Uncut Gems<\/em> scene-stealer said. \u201cSo she walks by, I&#8217;m like, already [my] hands are sweating, palpitations. And then she stops right in front of me. We lock eyes, and she goes, \u2018It\u2019s you.\u2019 And I was like, \u2019It\u2019s you!\u2019 And then I&#8217;m, like, freaking out. I kind of black out during this. My friends told me that I was having kind of a semi-panic attack and that I was like, \u2018Is this real? Is this really happening? Is this real?\u2019 Like, I kept asking them if it was real or if it was, like, an apparition. And then she said, \u2018I love you. Can I get a hug?\u2019 And I gave her a hug, and then I cried into the nape of her neck.\u201d<\/p>\n<p class=\"w-full font-normal font-inter text-[16px] leading-[1.75] text-black break-words antialiased max-w-[720px] mx-auto mb-5 px-[20px] lg:px-0\">At one point, Fox said, <a class=\"font-normal text-[#007daf] transition-none hover:underline hover:text-black\" href=\"https:\/\/www.complex.com\/tag\/tina-knowles\" target=\"_self\" rel=\"\">Tina Knowles<\/a>, mother to Beyonc\u00e9 and <a class=\"font-normal text-[#007daf] transition-none hover:underline hover:text-black\" href=\"https:\/\/www.complex.com\/tag\/solange\" target=\"_self\" rel=\"\">Solange<\/a>, snapped a photo of the two of them together.<\/p>\n<p class=\"w-full font-normal font-inter text-[16px] leading-[1.75] text-black break-words antialiased max-w-[720px] mx-auto mb-5 px-[20px] lg:px-0\">\u201cAnyway, we went home, talked about it the whole night. Woke up in the morning, kept talking about it,\u201d Fox added. \u201cBeyonc\u00e9 said she loved me, and she asked me for a hug, you guys. So all you people on this app that love to talk about me and talk shit about me, like, I don&#8217;t care because Beyonc\u00e9 loves me and asked me for a hug. Anyway, I just wanted to share this story because it&#8217;s the coolest thing that ever happened to me.\u201d<\/p>\n<p class=\"w-full font-normal font-inter text-[16px] leading-[1.75] text-black break-words antialiased max-w-[720px] mx-auto mb-5 px-[20px] lg:px-0\">Earlier this month, Fox was on hand in Austin for the <a class=\"font-normal text-[#007daf] transition-none hover:underline hover:text-black\" href=\"https:\/\/www.complex.com\/tag\/sxsw\" target=\"_self\" rel=\"\">SXSW<\/a> premiere of <em class=\"italic\">PERFECT<\/em>, a new film from Millicent Hailes in which she stars alongside Ashely Moore. In August, she\u2019ll be seen in Will Gluck\u2019s <em class=\"italic\">One Night Only<\/em>, also featuring Molly Ringwald and <a class=\"font-normal text-[#007daf] transition-none hover:underline hover:text-black\" href=\"https:\/\/www.complex.com\/tag\/maya-hawke\" target=\"_self\" rel=\"\">Maya Hawke<\/a>.<\/p>\n<p class=\"w-full font-normal font-inter text-[16px] leading-[1.75] text-black break-words antialiased max-w-[720px] mx-auto mb-5 px-[20px] lg:px-0\">Beyonc\u00e9, meanwhile, is speculated to be nearing her <a class=\"font-normal text-[#007daf] transition-none hover:underline hover:text-black\" href=\"https:\/\/www.complex.com\/music\/a\/tracewilliamcowen\/beyonce-rock-album\" target=\"_self\" rel=\"\"><em class=\"italic\">Act III<\/em><\/a> era.<\/p>\n<\/div>\n<p><a href=\"https:\/\/www.complex.com\/pop-culture\/a\/tracewilliamcowen\/julia-fox-meeting-beyonce-oscars-party\">Source link <\/a><\/p>\n","protected":false},"excerpt":{"rendered":"<p>Julia Fox has a message for those who \u201ctalk shit\u201d about her: Beyonc\u00e9 loves her. In fact, as Fox recalled in a TikTok video shared Wednesday (March 18), the 35-time Grammy winner said so herself when the two ran into each other at an Oscars party this past weekend. The party in question, per Fox, [&hellip;]<\/p>\n","protected":false},"author":1,"featured_media":96399,"comment_status":"closed","ping_status":"","sticky":false,"template":"","format":"standard","meta":{"googlesitekit_rrm_CAow2JLhCw:productID":"","_gspb_post_css":"","maa_idioma":"","maa_pais":"","footnotes":""},"categories":[1],"tags":[9756,23492,13850],"class_list":["post-96398","post","type-post","status-publish","format-standard","has-post-thumbnail","hentry","category-ubirata","tag-cried","tag-nape","tag-neck"],"blocksy_meta":[],"yoast_head":"<!-- This site is optimized with the Yoast SEO Premium plugin v27.6 (Yoast SEO v27.6) - https:\/\/yoast.com\/product\/yoast-seo-premium-wordpress\/ -->\n<title>&#039;I Cried Into the Nape of Her Neck&#039; - Ubirat\u00e3 Online Not\u00edcias - A realidade ao seu alcance!<\/title>\n<meta name=\"description\" content=\"Julia Fox has a message for those who \u201ctalk shit\u201d about her: Beyonc\u00e9 loves her.In fact, as Fox recalled in a TikTok video shared Wednesday (March 18), the\" \/>\n<meta name=\"robots\" content=\"index, follow, max-snippet:-1, max-image-preview:large, max-video-preview:-1\" \/>\n<link rel=\"canonical\" href=\"https:\/\/ubirataonline.com.br\/en\/i-cried-into-the-nape-of-her-neck\/\" \/>\n<meta property=\"og:locale\" content=\"en_US\" \/>\n<meta property=\"og:type\" content=\"article\" \/>\n<meta property=\"og:title\" content=\"&#039;I Cried Into the Nape of Her Neck&#039;\" \/>\n<meta property=\"og:description\" content=\"Julia Fox has a message for those who \u201ctalk shit\u201d about her: Beyonc\u00e9 loves her.In fact, as Fox recalled in a TikTok video shared Wednesday (March 18), the\" \/>\n<meta property=\"og:url\" content=\"https:\/\/ubirataonline.com.br\/en\/i-cried-into-the-nape-of-her-neck\/\" \/>\n<meta property=\"og:site_name\" content=\"Ubirat\u00e3 Online Not\u00edcias - A realidade ao seu alcance!\" \/>\n<meta property=\"article:publisher\" content=\"https:\/\/www.facebook.com\/portalubirataonline\" \/>\n<meta property=\"article:author\" content=\"https:\/\/www.facebook.com\/portalubirataonline\" \/>\n<meta property=\"article:published_time\" content=\"2026-03-21T15:40:50+00:00\" \/>\n<meta property=\"article:modified_time\" content=\"2026-03-21T15:40:53+00:00\" \/>\n<meta property=\"og:image\" content=\"https:\/\/ubirataonline.com.br\/wp-content\/uploads\/2026\/03\/I-Cried-Into-the-Nape-of-Her-Neck.jpeg\" \/>\n\t<meta property=\"og:image:width\" content=\"1920\" \/>\n\t<meta property=\"og:image:height\" content=\"1080\" \/>\n\t<meta property=\"og:image:type\" content=\"image\/jpeg\" \/>\n<meta name=\"author\" content=\"REDA\u00c7\u00c3O: UBIRAT\u00c3 ONLINE - F\u00c1BIO AUGUSTO CELESTINO\" \/>\n<meta name=\"twitter:card\" content=\"summary_large_image\" \/>\n<meta name=\"twitter:creator\" content=\"@x.com\/ubirataonline\" \/>\n<meta name=\"twitter:site\" content=\"@ubirataonline\" \/>\n<meta name=\"twitter:label1\" content=\"Written by\" \/>\n\t<meta name=\"twitter:data1\" content=\"REDA\u00c7\u00c3O: UBIRAT\u00c3 ONLINE - F\u00c1BIO AUGUSTO CELESTINO\" \/>\n\t<meta name=\"twitter:label2\" content=\"Est. reading time\" \/>\n\t<meta name=\"twitter:data2\" content=\"3 minutes\" \/>\n<script type=\"application\/ld+json\" class=\"yoast-schema-graph\">{\"@context\":\"https:\\\/\\\/schema.org\",\"@graph\":[{\"@type\":\"NewsArticle\",\"@id\":\"https:\\\/\\\/ubirataonline.com.br\\\/i-cried-into-the-nape-of-her-neck\\\/#article\",\"isPartOf\":{\"@id\":\"https:\\\/\\\/ubirataonline.com.br\\\/i-cried-into-the-nape-of-her-neck\\\/\"},\"author\":{\"name\":\"REDA\u00c7\u00c3O: UBIRAT\u00c3 ONLINE - F\u00c1BIO AUGUSTO CELESTINO\",\"@id\":\"https:\\\/\\\/ubirataonline.com.br\\\/#\\\/schema\\\/person\\\/372f87bbd3fdd79b8556b84c98d0bc1c\"},\"headline\":\"&#8216;I Cried Into the Nape of Her Neck&#8217;\",\"datePublished\":\"2026-03-21T15:40:50+00:00\",\"dateModified\":\"2026-03-21T15:40:53+00:00\",\"mainEntityOfPage\":{\"@id\":\"https:\\\/\\\/ubirataonline.com.br\\\/i-cried-into-the-nape-of-her-neck\\\/\"},\"wordCount\":554,\"publisher\":{\"@id\":\"https:\\\/\\\/ubirataonline.com.br\\\/#organization\"},\"image\":{\"@id\":\"https:\\\/\\\/ubirataonline.com.br\\\/i-cried-into-the-nape-of-her-neck\\\/#primaryimage\"},\"thumbnailUrl\":\"https:\\\/\\\/ubirataonline.com.br\\\/wp-content\\\/uploads\\\/2026\\\/03\\\/I-Cried-Into-the-Nape-of-Her-Neck.jpeg\",\"keywords\":[\"Cried\",\"Nape\",\"neck\"],\"articleSection\":[\"Ubirat\u00e3\"],\"inLanguage\":\"en-US\",\"copyrightYear\":\"2026\",\"copyrightHolder\":{\"@id\":\"https:\\\/\\\/ubirataonline.com.br\\\/en\\\/#organization\"}},{\"@type\":\"WebPage\",\"@id\":\"https:\\\/\\\/ubirataonline.com.br\\\/i-cried-into-the-nape-of-her-neck\\\/\",\"url\":\"https:\\\/\\\/ubirataonline.com.br\\\/i-cried-into-the-nape-of-her-neck\\\/\",\"name\":\"'I Cried Into the Nape of Her Neck' - Ubirat\u00e3 Online Not\u00edcias - A realidade ao seu alcance!\",\"isPartOf\":{\"@id\":\"https:\\\/\\\/ubirataonline.com.br\\\/#website\"},\"primaryImageOfPage\":{\"@id\":\"https:\\\/\\\/ubirataonline.com.br\\\/i-cried-into-the-nape-of-her-neck\\\/#primaryimage\"},\"image\":{\"@id\":\"https:\\\/\\\/ubirataonline.com.br\\\/i-cried-into-the-nape-of-her-neck\\\/#primaryimage\"},\"thumbnailUrl\":\"https:\\\/\\\/ubirataonline.com.br\\\/wp-content\\\/uploads\\\/2026\\\/03\\\/I-Cried-Into-the-Nape-of-Her-Neck.jpeg\",\"datePublished\":\"2026-03-21T15:40:50+00:00\",\"dateModified\":\"2026-03-21T15:40:53+00:00\",\"description\":\"Julia Fox has a message for those who \u201ctalk shit\u201d about her: Beyonc\u00e9 loves her.In fact, as Fox recalled in a TikTok video shared Wednesday (March 18), the\",\"breadcrumb\":{\"@id\":\"https:\\\/\\\/ubirataonline.com.br\\\/i-cried-into-the-nape-of-her-neck\\\/#breadcrumb\"},\"inLanguage\":\"en-US\",\"potentialAction\":[{\"@type\":\"ReadAction\",\"target\":[\"https:\\\/\\\/ubirataonline.com.br\\\/i-cried-into-the-nape-of-her-neck\\\/\"]}]},{\"@type\":\"ImageObject\",\"inLanguage\":\"en-US\",\"@id\":\"https:\\\/\\\/ubirataonline.com.br\\\/i-cried-into-the-nape-of-her-neck\\\/#primaryimage\",\"url\":\"https:\\\/\\\/ubirataonline.com.br\\\/wp-content\\\/uploads\\\/2026\\\/03\\\/I-Cried-Into-the-Nape-of-Her-Neck.jpeg\",\"contentUrl\":\"https:\\\/\\\/ubirataonline.com.br\\\/wp-content\\\/uploads\\\/2026\\\/03\\\/I-Cried-Into-the-Nape-of-Her-Neck.jpeg\",\"width\":1920,\"height\":1080,\"caption\":\"'I Cried Into the Nape of Her Neck'\"},{\"@type\":\"BreadcrumbList\",\"@id\":\"https:\\\/\\\/ubirataonline.com.br\\\/i-cried-into-the-nape-of-her-neck\\\/#breadcrumb\",\"itemListElement\":[{\"@type\":\"ListItem\",\"position\":1,\"name\":\"In\u00edcio\",\"item\":\"https:\\\/\\\/ubirataonline.com.br\\\/\"},{\"@type\":\"ListItem\",\"position\":2,\"name\":\"&#8216;I Cried Into the Nape of Her Neck&#8217;\"}]},{\"@type\":\"WebSite\",\"@id\":\"https:\\\/\\\/ubirataonline.com.br\\\/#website\",\"url\":\"https:\\\/\\\/ubirataonline.com.br\\\/\",\"name\":\"Ubirat\u00e3 Online Not\u00edcias\",\"description\":\"Not\u00edcias de Ubirat\u00e3, regi\u00e3o, Brasil e mundo, com informa\u00e7\u00e3o atualizada e compromisso com o leitor.\",\"publisher\":{\"@id\":\"https:\\\/\\\/ubirataonline.com.br\\\/#organization\"},\"alternateName\":\"Ubirat\u00e3 Online\",\"potentialAction\":[{\"@type\":\"SearchAction\",\"target\":{\"@type\":\"EntryPoint\",\"urlTemplate\":\"https:\\\/\\\/ubirataonline.com.br\\\/?s={search_term_string}\"},\"query-input\":{\"@type\":\"PropertyValueSpecification\",\"valueRequired\":true,\"valueName\":\"search_term_string\"}}],\"inLanguage\":\"en-US\"},{\"@type\":[\"Organization\",\"Place\"],\"@id\":\"https:\\\/\\\/ubirataonline.com.br\\\/#organization\",\"name\":\"Ubirat\u00e3 Online Not\u00edcias\",\"alternateName\":\"Ubirat\u00e3 Online\",\"url\":\"https:\\\/\\\/ubirataonline.com.br\\\/\",\"logo\":{\"@id\":\"https:\\\/\\\/ubirataonline.com.br\\\/i-cried-into-the-nape-of-her-neck\\\/#local-main-organization-logo\"},\"image\":{\"@id\":\"https:\\\/\\\/ubirataonline.com.br\\\/i-cried-into-the-nape-of-her-neck\\\/#local-main-organization-logo\"},\"sameAs\":[\"https:\\\/\\\/www.facebook.com\\\/portalubirataonline\",\"https:\\\/\\\/x.com\\\/ubirataonline\",\"https:\\\/\\\/mastodon.social\\\/@ubirataonline\",\"https:\\\/\\\/www.facebook.com\\\/groups\\\/311144672285604\",\"https:\\\/\\\/www.facebook.com\\\/UBTAOnline\",\"https:\\\/\\\/www.instagram.com\\\/portalubirataonline\\\/\",\"https:\\\/\\\/twitter.com\\\/ubirataonline\"],\"description\":\"Somos um portal de not\u00edcias independente, criado em 5 de janeiro de 2009, com o objetivo de informar, conectar e valorizar a nossa comunidade de Ubirat\u00e3 e toda aregi\u00e3o. Com conte\u00fado atualizado, confi\u00e1vel e relevante, o Ubirat\u00e3 Online \u00e9 o seu espa\u00e7o para ficar por dentro dos principais acontecimentos locais, regionais, Brasil, Mundo e de interesse geral. Nosso compromisso \u00e9 com a verdade, a transpar\u00eancia e o respeito ao leitor.\",\"legalName\":\"UBIRATA ONLINE NOT\u00cdCIAS\",\"foundingDate\":\"2009-01-05\",\"numberOfEmployees\":{\"@type\":\"QuantitativeValue\",\"minValue\":\"1\",\"maxValue\":\"10\"},\"publishingPrinciples\":\"https:\\\/\\\/ubirataonline.com.br\\\/faq\\\/\",\"address\":{\"@id\":\"https:\\\/\\\/ubirataonline.com.br\\\/i-cried-into-the-nape-of-her-neck\\\/#local-main-place-address\"},\"geo\":{\"@type\":\"GeoCoordinates\",\"latitude\":\"-24.5361401\",\"longitude\":\"-52.9921776\"},\"telephone\":[\"+5544998308235\"],\"contactPoint\":{\"@type\":\"ContactPoint\",\"email\":\"contato@ubirataonline.com.br\"},\"openingHoursSpecification\":{\"@type\":\"OpeningHoursSpecification\",\"dayOfWeek\":[\"Monday\",\"Tuesday\",\"Wednesday\",\"Thursday\",\"Friday\",\"Saturday\",\"Sunday\"],\"opens\":\"00:00\",\"closes\":\"23:59\"},\"email\":\"contato@ubirataonline.com.br\",\"vatID\":\"47.621.418\\\/0001-80\"},{\"@type\":\"Person\",\"@id\":\"https:\\\/\\\/ubirataonline.com.br\\\/#\\\/schema\\\/person\\\/372f87bbd3fdd79b8556b84c98d0bc1c\",\"name\":\"REDA\u00c7\u00c3O: UBIRAT\u00c3 ONLINE - F\u00c1BIO AUGUSTO CELESTINO\",\"pronouns\":\"Ele\",\"description\":\"Desde 2003 trabalhando com not\u00edcias.\",\"sameAs\":[\"http:\\\/\\\/ubirataoline.com.br\",\"https:\\\/\\\/www.facebook.com\\\/portalubirataonline\",\"https:\\\/\\\/www.instagram.com\\\/ubirataonline_oficial\",\"https:\\\/\\\/x.com\\\/x.com\\\/ubirataonline\"],\"honorificPrefix\":\"Mr.\",\"honorificSuffix\":\"MD\",\"birthDate\":\"1980-06-16\",\"gender\":\"masculino\",\"award\":[\"V\u00e1rios pr\u00eamios de melhor portal da cidade\"],\"jobTitle\":\"Diretor\",\"url\":\"https:\\\/\\\/ubirataonline.com.br\\\/en\\\/author\\\/ubirataonline\\\/\"},{\"@type\":\"PostalAddress\",\"@id\":\"https:\\\/\\\/ubirataonline.com.br\\\/i-cried-into-the-nape-of-her-neck\\\/#local-main-place-address\",\"streetAddress\":\"Rua dos Coqueiros, 104 - Bairro Boa Vista, Rua dos Coqueiros, 104 Bairro Boa Vista\",\"addressLocality\":\"UBIRATA\",\"postalCode\":\"85440-000\",\"addressRegion\":\"PR\",\"addressCountry\":\"BR\"},{\"@type\":\"ImageObject\",\"inLanguage\":\"en-US\",\"@id\":\"https:\\\/\\\/ubirataonline.com.br\\\/i-cried-into-the-nape-of-her-neck\\\/#local-main-organization-logo\",\"url\":\"https:\\\/\\\/ubirataonline.com.br\\\/wp-content\\\/uploads\\\/2026\\\/06\\\/logoubirataonline-1.webp\",\"contentUrl\":\"https:\\\/\\\/ubirataonline.com.br\\\/wp-content\\\/uploads\\\/2026\\\/06\\\/logoubirataonline-1.webp\",\"width\":500,\"height\":500,\"caption\":\"Ubirat\u00e3 Online Not\u00edcias\"}]}<\/script>\n<meta name=\"geo.placename\" content=\"UBIRATA\" \/>\n<meta name=\"geo.position\" content=\"-24.5361401;-52.9921776\" \/>\n<meta name=\"geo.region\" content=\"Brazil\" \/>\n<!-- \/ Yoast SEO Premium plugin. -->","yoast_head_json":{"title":"'I Cried Into the Nape of Her Neck' - Ubirat\u00e3 Online Not\u00edcias - A realidade ao seu alcance!","description":"Julia Fox has a message for those who \u201ctalk shit\u201d about her: Beyonc\u00e9 loves her.In fact, as Fox recalled in a TikTok video shared Wednesday (March 18), the","robots":{"index":"index","follow":"follow","max-snippet":"max-snippet:-1","max-image-preview":"max-image-preview:large","max-video-preview":"max-video-preview:-1"},"canonical":"https:\/\/ubirataonline.com.br\/en\/i-cried-into-the-nape-of-her-neck\/","og_locale":"en_US","og_type":"article","og_title":"'I Cried Into the Nape of Her Neck'","og_description":"Julia Fox has a message for those who \u201ctalk shit\u201d about her: Beyonc\u00e9 loves her.In fact, as Fox recalled in a TikTok video shared Wednesday (March 18), the","og_url":"https:\/\/ubirataonline.com.br\/en\/i-cried-into-the-nape-of-her-neck\/","og_site_name":"Ubirat\u00e3 Online Not\u00edcias - A realidade ao seu alcance!","article_publisher":"https:\/\/www.facebook.com\/portalubirataonline","article_author":"https:\/\/www.facebook.com\/portalubirataonline","article_published_time":"2026-03-21T15:40:50+00:00","article_modified_time":"2026-03-21T15:40:53+00:00","og_image":[{"width":1920,"height":1080,"url":"https:\/\/ubirataonline.com.br\/wp-content\/uploads\/2026\/03\/I-Cried-Into-the-Nape-of-Her-Neck.jpeg","type":"image\/jpeg"}],"author":"REDA\u00c7\u00c3O: UBIRAT\u00c3 ONLINE - F\u00c1BIO AUGUSTO CELESTINO","twitter_card":"summary_large_image","twitter_creator":"@x.com\/ubirataonline","twitter_site":"@ubirataonline","twitter_misc":{"Written by":"REDA\u00c7\u00c3O: UBIRAT\u00c3 ONLINE - F\u00c1BIO AUGUSTO CELESTINO","Est. reading time":"3 minutes"},"schema":{"@context":"https:\/\/schema.org","@graph":[{"@type":"NewsArticle","@id":"https:\/\/ubirataonline.com.br\/i-cried-into-the-nape-of-her-neck\/#article","isPartOf":{"@id":"https:\/\/ubirataonline.com.br\/i-cried-into-the-nape-of-her-neck\/"},"author":{"name":"REDA\u00c7\u00c3O: UBIRAT\u00c3 ONLINE - F\u00c1BIO AUGUSTO CELESTINO","@id":"https:\/\/ubirataonline.com.br\/#\/schema\/person\/372f87bbd3fdd79b8556b84c98d0bc1c"},"headline":"&#8216;I Cried Into the Nape of Her Neck&#8217;","datePublished":"2026-03-21T15:40:50+00:00","dateModified":"2026-03-21T15:40:53+00:00","mainEntityOfPage":{"@id":"https:\/\/ubirataonline.com.br\/i-cried-into-the-nape-of-her-neck\/"},"wordCount":554,"publisher":{"@id":"https:\/\/ubirataonline.com.br\/#organization"},"image":{"@id":"https:\/\/ubirataonline.com.br\/i-cried-into-the-nape-of-her-neck\/#primaryimage"},"thumbnailUrl":"https:\/\/ubirataonline.com.br\/wp-content\/uploads\/2026\/03\/I-Cried-Into-the-Nape-of-Her-Neck.jpeg","keywords":["Cried","Nape","neck"],"articleSection":["Ubirat\u00e3"],"inLanguage":"en-US","copyrightYear":"2026","copyrightHolder":{"@id":"https:\/\/ubirataonline.com.br\/en\/#organization"}},{"@type":"WebPage","@id":"https:\/\/ubirataonline.com.br\/i-cried-into-the-nape-of-her-neck\/","url":"https:\/\/ubirataonline.com.br\/i-cried-into-the-nape-of-her-neck\/","name":"'I Cried Into the Nape of Her Neck' - Ubirat\u00e3 Online Not\u00edcias - A realidade ao seu alcance!","isPartOf":{"@id":"https:\/\/ubirataonline.com.br\/#website"},"primaryImageOfPage":{"@id":"https:\/\/ubirataonline.com.br\/i-cried-into-the-nape-of-her-neck\/#primaryimage"},"image":{"@id":"https:\/\/ubirataonline.com.br\/i-cried-into-the-nape-of-her-neck\/#primaryimage"},"thumbnailUrl":"https:\/\/ubirataonline.com.br\/wp-content\/uploads\/2026\/03\/I-Cried-Into-the-Nape-of-Her-Neck.jpeg","datePublished":"2026-03-21T15:40:50+00:00","dateModified":"2026-03-21T15:40:53+00:00","description":"Julia Fox has a message for those who \u201ctalk shit\u201d about her: Beyonc\u00e9 loves her.In fact, as Fox recalled in a TikTok video shared Wednesday (March 18), the","breadcrumb":{"@id":"https:\/\/ubirataonline.com.br\/i-cried-into-the-nape-of-her-neck\/#breadcrumb"},"inLanguage":"en-US","potentialAction":[{"@type":"ReadAction","target":["https:\/\/ubirataonline.com.br\/i-cried-into-the-nape-of-her-neck\/"]}]},{"@type":"ImageObject","inLanguage":"en-US","@id":"https:\/\/ubirataonline.com.br\/i-cried-into-the-nape-of-her-neck\/#primaryimage","url":"https:\/\/ubirataonline.com.br\/wp-content\/uploads\/2026\/03\/I-Cried-Into-the-Nape-of-Her-Neck.jpeg","contentUrl":"https:\/\/ubirataonline.com.br\/wp-content\/uploads\/2026\/03\/I-Cried-Into-the-Nape-of-Her-Neck.jpeg","width":1920,"height":1080,"caption":"'I Cried Into the Nape of Her Neck'"},{"@type":"BreadcrumbList","@id":"https:\/\/ubirataonline.com.br\/i-cried-into-the-nape-of-her-neck\/#breadcrumb","itemListElement":[{"@type":"ListItem","position":1,"name":"In\u00edcio","item":"https:\/\/ubirataonline.com.br\/"},{"@type":"ListItem","position":2,"name":"&#8216;I Cried Into the Nape of Her Neck&#8217;"}]},{"@type":"WebSite","@id":"https:\/\/ubirataonline.com.br\/#website","url":"https:\/\/ubirataonline.com.br\/","name":"Ubirat\u00e3 Online Not\u00edcias","description":"Not\u00edcias de Ubirat\u00e3, regi\u00e3o, Brasil e mundo, com informa\u00e7\u00e3o atualizada e compromisso com o leitor.","publisher":{"@id":"https:\/\/ubirataonline.com.br\/#organization"},"alternateName":"Ubirat\u00e3 Online","potentialAction":[{"@type":"SearchAction","target":{"@type":"EntryPoint","urlTemplate":"https:\/\/ubirataonline.com.br\/?s={search_term_string}"},"query-input":{"@type":"PropertyValueSpecification","valueRequired":true,"valueName":"search_term_string"}}],"inLanguage":"en-US"},{"@type":["Organization","Place"],"@id":"https:\/\/ubirataonline.com.br\/#organization","name":"Ubirat\u00e3 Online Not\u00edcias","alternateName":"Ubirat\u00e3 Online","url":"https:\/\/ubirataonline.com.br\/","logo":{"@id":"https:\/\/ubirataonline.com.br\/i-cried-into-the-nape-of-her-neck\/#local-main-organization-logo"},"image":{"@id":"https:\/\/ubirataonline.com.br\/i-cried-into-the-nape-of-her-neck\/#local-main-organization-logo"},"sameAs":["https:\/\/www.facebook.com\/portalubirataonline","https:\/\/x.com\/ubirataonline","https:\/\/mastodon.social\/@ubirataonline","https:\/\/www.facebook.com\/groups\/311144672285604","https:\/\/www.facebook.com\/UBTAOnline","https:\/\/www.instagram.com\/portalubirataonline\/","https:\/\/twitter.com\/ubirataonline"],"description":"Somos um portal de not\u00edcias independente, criado em 5 de janeiro de 2009, com o objetivo de informar, conectar e valorizar a nossa comunidade de Ubirat\u00e3 e toda aregi\u00e3o. Com conte\u00fado atualizado, confi\u00e1vel e relevante, o Ubirat\u00e3 Online \u00e9 o seu espa\u00e7o para ficar por dentro dos principais acontecimentos locais, regionais, Brasil, Mundo e de interesse geral. Nosso compromisso \u00e9 com a verdade, a transpar\u00eancia e o respeito ao leitor.","legalName":"UBIRATA ONLINE NOT\u00cdCIAS","foundingDate":"2009-01-05","numberOfEmployees":{"@type":"QuantitativeValue","minValue":"1","maxValue":"10"},"publishingPrinciples":"https:\/\/ubirataonline.com.br\/faq\/","address":{"@id":"https:\/\/ubirataonline.com.br\/i-cried-into-the-nape-of-her-neck\/#local-main-place-address"},"geo":{"@type":"GeoCoordinates","latitude":"-24.5361401","longitude":"-52.9921776"},"telephone":["+5544998308235"],"contactPoint":{"@type":"ContactPoint","email":"contato@ubirataonline.com.br"},"openingHoursSpecification":{"@type":"OpeningHoursSpecification","dayOfWeek":["Monday","Tuesday","Wednesday","Thursday","Friday","Saturday","Sunday"],"opens":"00:00","closes":"23:59"},"email":"contato@ubirataonline.com.br","vatID":"47.621.418\/0001-80"},{"@type":"Person","@id":"https:\/\/ubirataonline.com.br\/#\/schema\/person\/372f87bbd3fdd79b8556b84c98d0bc1c","name":"REDA\u00c7\u00c3O: UBIRAT\u00c3 ONLINE - F\u00c1BIO AUGUSTO CELESTINO","pronouns":"Ele","description":"Desde 2003 trabalhando com not\u00edcias.","sameAs":["http:\/\/ubirataoline.com.br","https:\/\/www.facebook.com\/portalubirataonline","https:\/\/www.instagram.com\/ubirataonline_oficial","https:\/\/x.com\/x.com\/ubirataonline"],"honorificPrefix":"Mr.","honorificSuffix":"MD","birthDate":"1980-06-16","gender":"masculino","award":["V\u00e1rios pr\u00eamios de melhor portal da cidade"],"jobTitle":"Diretor","url":"https:\/\/ubirataonline.com.br\/en\/author\/ubirataonline\/"},{"@type":"PostalAddress","@id":"https:\/\/ubirataonline.com.br\/i-cried-into-the-nape-of-her-neck\/#local-main-place-address","streetAddress":"Rua dos Coqueiros, 104 - Bairro Boa Vista, Rua dos Coqueiros, 104 Bairro Boa Vista","addressLocality":"UBIRATA","postalCode":"85440-000","addressRegion":"PR","addressCountry":"BR"},{"@type":"ImageObject","inLanguage":"en-US","@id":"https:\/\/ubirataonline.com.br\/i-cried-into-the-nape-of-her-neck\/#local-main-organization-logo","url":"https:\/\/ubirataonline.com.br\/wp-content\/uploads\/2026\/06\/logoubirataonline-1.webp","contentUrl":"https:\/\/ubirataonline.com.br\/wp-content\/uploads\/2026\/06\/logoubirataonline-1.webp","width":500,"height":500,"caption":"Ubirat\u00e3 Online Not\u00edcias"}]},"geo.placename":"UBIRATA","geo.position":{"lat":"-24.5361401","long":"-52.9921776"},"geo.region":"Brazil"},"_links":{"self":[{"href":"https:\/\/ubirataonline.com.br\/en\/wp-json\/wp\/v2\/posts\/96398","targetHints":{"allow":["GET"]}}],"collection":[{"href":"https:\/\/ubirataonline.com.br\/en\/wp-json\/wp\/v2\/posts"}],"about":[{"href":"https:\/\/ubirataonline.com.br\/en\/wp-json\/wp\/v2\/types\/post"}],"author":[{"embeddable":true,"href":"https:\/\/ubirataonline.com.br\/en\/wp-json\/wp\/v2\/users\/1"}],"replies":[{"embeddable":true,"href":"https:\/\/ubirataonline.com.br\/en\/wp-json\/wp\/v2\/comments?post=96398"}],"version-history":[{"count":0,"href":"https:\/\/ubirataonline.com.br\/en\/wp-json\/wp\/v2\/posts\/96398\/revisions"}],"wp:featuredmedia":[{"embeddable":true,"href":"https:\/\/ubirataonline.com.br\/en\/wp-json\/wp\/v2\/media\/96399"}],"wp:attachment":[{"href":"https:\/\/ubirataonline.com.br\/en\/wp-json\/wp\/v2\/media?parent=96398"}],"wp:term":[{"taxonomy":"category","embeddable":true,"href":"https:\/\/ubirataonline.com.br\/en\/wp-json\/wp\/v2\/categories?post=96398"},{"taxonomy":"post_tag","embeddable":true,"href":"https:\/\/ubirataonline.com.br\/en\/wp-json\/wp\/v2\/tags?post=96398"}],"curies":[{"name":"wp","href":"https:\/\/api.w.org\/{rel}","templated":true}]}}