{"id":96446,"date":"2026-03-21T18:49:06","date_gmt":"2026-03-21T21:49:06","guid":{"rendered":"https:\/\/ubirataonline.com.br\/matheus-lima-fecha-mundial-indoor-em-setimo-nos-400m-na-polonia\/"},"modified":"2026-03-21T18:49:09","modified_gmt":"2026-03-21T21:49:09","slug":"matheus-lima-fecha-mundial-indoor-em-setimo-nos-400m-na-polonia","status":"publish","type":"post","link":"https:\/\/ubirataonline.com.br\/en\/matheus-lima-fecha-mundial-indoor-em-setimo-nos-400m-na-polonia\/","title":{"rendered":"Matheus Lima fecha Mundial Indoor em s\u00e9timo nos 400m na Pol\u00f4nia"},"content":{"rendered":"<p><\/p>\n<div id=\"texto\">\n<p>O brasileiro Matheus Lima \u00e9 o s\u00e9timo mais r\u00e1pido do mundo na prova dos 400 metros rasos. O corredor fechou a dist\u00e2ncia em 46s17 na final do Mundial Indoor de Atletismo disputado em Torun, na Pol\u00f4nia.<\/p>\n<p><strong>Um dia ap\u00f3s bater o recorde sul-americano da prova (com 45s71), o atleta do Pinheiros n\u00e3o conseguiu manter o ritmo da decis\u00e3o deste s\u00e1bado (21). Meio segundo mais lento em rela\u00e7\u00e3o ao dia anterior, ele foi o terceiro em sua bateria e terminou na s\u00e9tima posi\u00e7\u00e3o geral.<\/strong><\/p>\n<p><strong>O ouro foi do canadense Christopher Morales Williams com 44s76, recordista do campeonato e \u00fanico a correr abaixo dos 45 segundos.<\/strong> O norte-americano Khaleb McRae foi o segundo melhor, com 45s03. O bronze ficou com Jereem Richards, de Trinidad e Tobago, com 45.39.<\/p>\n<p>Matheus Lima j\u00e1 era dono dos quatro melhores tempos da hist\u00f3ria da Am\u00e9rica do Sul na prova e foi o sexto colocado no Mundial de Nanjing (China) em 2025. Na ocasi\u00e3o, ele quebrou o recorde brasileiro e sul-americano dos 400 metros (45.79).<\/p>\n<p><strong>Nesta temporada, Matheus venceu o Sul-Americano Indoor de Cochabamba, em 28 de fevereiro, com o tempo de 45.82, resultado muito pr\u00f3ximo de seus recordes.<\/strong><\/p>\n<p><strong>O Mundial de 2026 segue at\u00e9 este domingo (22). O Brasil participa com 19 atletas<\/strong>: Ana Carolina de Jesus Azevedo (60 m), Gabriela Silva Mour\u00e3o (60 m), Ketiley Batista (60 m com barreiras), Vit\u00f3ria Sena Batista Alves (60 m com barreiras), Julia Aparecida Rocha Ribeiro (400 m), Rita de Cassia Ferreira Silva (400 m), Juliana de Menis Campos (salto com vara), Ana Caroline Miguel da Silva (arremesso do peso), Erik Felipe Barbosa Cardoso (60 m), Gabriel Aparecido dos Santos Garcia (60 m), Matheus Lima da Silva (400 m), Emerson Vieira do Nascimento (400 m), Guilherme Rodrigues Santana Orenhas (800 m), Eduardo dos Santos Rodrigues de Deus (60 m com barreiras), Thiago Resende Ornelas dos Santos (60 m com barreiras), Almir Cunha dos Santos (salto triplo), Elton Junio dos Santos Petronilho (salto triplo), Welington Silva Morais (arremesso do peso) e Jos\u00e9 Fernando Ferreira Santana (heptatlo).<\/p>\n<p><b>Fonte:<\/b> Ag\u00eancia Brasil<\/p>\n<\/p><\/div>\n<p><a href=\"https:\/\/cgn.inf.br\/noticia\/2067280\/matheus-lima-fecha-mundial-indoor-em-setimo-nos-400m-na-polonia\">Fonte do Artigo <\/a><\/p>","protected":false},"excerpt":{"rendered":"<p>O brasileiro Matheus Lima \u00e9 o s\u00e9timo mais r\u00e1pido do mundo na prova dos 400 metros rasos. O corredor fechou a dist\u00e2ncia em 46s17 na final do Mundial Indoor de Atletismo disputado em Torun, na Pol\u00f4nia. Um dia ap\u00f3s bater o recorde sul-americano da prova (com 45s71), o atleta do Pinheiros n\u00e3o conseguiu manter o [&hellip;]<\/p>\n","protected":false},"author":1,"featured_media":96447,"comment_status":"closed","ping_status":"","sticky":false,"template":"","format":"standard","meta":{"googlesitekit_rrm_CAow2JLhCw:productID":"","_gspb_post_css":"","maa_idioma":"","maa_pais":"","footnotes":""},"categories":[1],"tags":[23516,3295,23514,5792,12445,58,3054,23517,23515],"class_list":["post-96446","post","type-post","status-publish","format-standard","has-post-thumbnail","hentry","category-ubirata","tag-400m","tag-fecha","tag-indoor","tag-lima","tag-matheus","tag-mundial","tag-nos","tag-polonia","tag-setimo"],"blocksy_meta":[],"yoast_head":"<!-- This site is optimized with the Yoast SEO Premium plugin v27.6 (Yoast SEO v27.6) - https:\/\/yoast.com\/product\/yoast-seo-premium-wordpress\/ -->\n<title>Matheus Lima fecha Mundial Indoor em s\u00e9timo nos 400m na Pol\u00f4nia - Ubirat\u00e3 Online Not\u00edcias - A realidade ao seu alcance!<\/title>\n<meta name=\"description\" content=\"O brasileiro Matheus Lima \u00e9 o s\u00e9timo mais r\u00e1pido do mundo na prova dos 400 metros rasos. O corredor fechou a dist\u00e2ncia em 46s17 na final do Mundial Indoor\" \/>\n<meta name=\"robots\" content=\"index, follow, max-snippet:-1, max-image-preview:large, max-video-preview:-1\" \/>\n<link rel=\"canonical\" href=\"https:\/\/ubirataonline.com.br\/en\/matheus-lima-fecha-mundial-indoor-em-setimo-nos-400m-na-polonia\/\" \/>\n<meta property=\"og:locale\" content=\"en_US\" \/>\n<meta property=\"og:type\" content=\"article\" \/>\n<meta property=\"og:title\" content=\"Matheus Lima fecha Mundial Indoor em s\u00e9timo nos 400m na Pol\u00f4nia\" \/>\n<meta property=\"og:description\" content=\"O brasileiro Matheus Lima \u00e9 o s\u00e9timo mais r\u00e1pido do mundo na prova dos 400 metros rasos. O corredor fechou a dist\u00e2ncia em 46s17 na final do Mundial Indoor\" \/>\n<meta property=\"og:url\" content=\"https:\/\/ubirataonline.com.br\/en\/matheus-lima-fecha-mundial-indoor-em-setimo-nos-400m-na-polonia\/\" \/>\n<meta property=\"og:site_name\" content=\"Ubirat\u00e3 Online Not\u00edcias - A realidade ao seu alcance!\" \/>\n<meta property=\"article:publisher\" content=\"https:\/\/www.facebook.com\/portalubirataonline\" \/>\n<meta property=\"article:author\" content=\"https:\/\/www.facebook.com\/portalubirataonline\" \/>\n<meta property=\"article:published_time\" content=\"2026-03-21T21:49:06+00:00\" \/>\n<meta property=\"article:modified_time\" content=\"2026-03-21T21:49:09+00:00\" \/>\n<meta property=\"og:image\" content=\"https:\/\/ubirataonline.com.br\/wp-content\/uploads\/2026\/03\/Matheus-Lima-fecha-Mundial-Indoor-em-setimo-nos-400m-na.jpg\" \/>\n\t<meta property=\"og:image:width\" content=\"1600\" \/>\n\t<meta property=\"og:image:height\" content=\"800\" \/>\n\t<meta property=\"og:image:type\" content=\"image\/jpeg\" \/>\n<meta name=\"author\" content=\"REDA\u00c7\u00c3O: UBIRAT\u00c3 ONLINE - F\u00c1BIO AUGUSTO CELESTINO\" \/>\n<meta name=\"twitter:card\" content=\"summary_large_image\" \/>\n<meta name=\"twitter:creator\" content=\"@x.com\/ubirataonline\" \/>\n<meta name=\"twitter:site\" content=\"@ubirataonline\" \/>\n<meta name=\"twitter:label1\" content=\"Written by\" \/>\n\t<meta name=\"twitter:data1\" content=\"REDA\u00c7\u00c3O: UBIRAT\u00c3 ONLINE - F\u00c1BIO AUGUSTO CELESTINO\" \/>\n\t<meta name=\"twitter:label2\" content=\"Est. reading time\" \/>\n\t<meta name=\"twitter:data2\" content=\"2 minutes\" \/>\n<script type=\"application\/ld+json\" class=\"yoast-schema-graph\">{\"@context\":\"https:\\\/\\\/schema.org\",\"@graph\":[{\"@type\":\"NewsArticle\",\"@id\":\"https:\\\/\\\/ubirataonline.com.br\\\/matheus-lima-fecha-mundial-indoor-em-setimo-nos-400m-na-polonia\\\/#article\",\"isPartOf\":{\"@id\":\"https:\\\/\\\/ubirataonline.com.br\\\/matheus-lima-fecha-mundial-indoor-em-setimo-nos-400m-na-polonia\\\/\"},\"author\":{\"name\":\"REDA\u00c7\u00c3O: UBIRAT\u00c3 ONLINE - F\u00c1BIO AUGUSTO CELESTINO\",\"@id\":\"https:\\\/\\\/ubirataonline.com.br\\\/#\\\/schema\\\/person\\\/372f87bbd3fdd79b8556b84c98d0bc1c\"},\"headline\":\"Matheus Lima fecha Mundial Indoor em s\u00e9timo nos 400m na Pol\u00f4nia\",\"datePublished\":\"2026-03-21T21:49:06+00:00\",\"dateModified\":\"2026-03-21T21:49:09+00:00\",\"mainEntityOfPage\":{\"@id\":\"https:\\\/\\\/ubirataonline.com.br\\\/matheus-lima-fecha-mundial-indoor-em-setimo-nos-400m-na-polonia\\\/\"},\"wordCount\":347,\"publisher\":{\"@id\":\"https:\\\/\\\/ubirataonline.com.br\\\/#organization\"},\"image\":{\"@id\":\"https:\\\/\\\/ubirataonline.com.br\\\/matheus-lima-fecha-mundial-indoor-em-setimo-nos-400m-na-polonia\\\/#primaryimage\"},\"thumbnailUrl\":\"https:\\\/\\\/ubirataonline.com.br\\\/wp-content\\\/uploads\\\/2026\\\/03\\\/Matheus-Lima-fecha-Mundial-Indoor-em-setimo-nos-400m-na.jpg\",\"keywords\":[\"400m\",\"fecha\",\"Indoor\",\"Lima\",\"Matheus\",\"mundial\u00b4\",\"nos\",\"Pol\u00f4nia\",\"s\u00e9timo\"],\"articleSection\":[\"Ubirat\u00e3\"],\"inLanguage\":\"en-US\",\"copyrightYear\":\"2026\",\"copyrightHolder\":{\"@id\":\"https:\\\/\\\/ubirataonline.com.br\\\/en\\\/#organization\"}},{\"@type\":\"WebPage\",\"@id\":\"https:\\\/\\\/ubirataonline.com.br\\\/matheus-lima-fecha-mundial-indoor-em-setimo-nos-400m-na-polonia\\\/\",\"url\":\"https:\\\/\\\/ubirataonline.com.br\\\/matheus-lima-fecha-mundial-indoor-em-setimo-nos-400m-na-polonia\\\/\",\"name\":\"Matheus Lima fecha Mundial Indoor em s\u00e9timo nos 400m na Pol\u00f4nia - Ubirat\u00e3 Online Not\u00edcias - A realidade ao seu alcance!\",\"isPartOf\":{\"@id\":\"https:\\\/\\\/ubirataonline.com.br\\\/#website\"},\"primaryImageOfPage\":{\"@id\":\"https:\\\/\\\/ubirataonline.com.br\\\/matheus-lima-fecha-mundial-indoor-em-setimo-nos-400m-na-polonia\\\/#primaryimage\"},\"image\":{\"@id\":\"https:\\\/\\\/ubirataonline.com.br\\\/matheus-lima-fecha-mundial-indoor-em-setimo-nos-400m-na-polonia\\\/#primaryimage\"},\"thumbnailUrl\":\"https:\\\/\\\/ubirataonline.com.br\\\/wp-content\\\/uploads\\\/2026\\\/03\\\/Matheus-Lima-fecha-Mundial-Indoor-em-setimo-nos-400m-na.jpg\",\"datePublished\":\"2026-03-21T21:49:06+00:00\",\"dateModified\":\"2026-03-21T21:49:09+00:00\",\"description\":\"O brasileiro Matheus Lima \u00e9 o s\u00e9timo mais r\u00e1pido do mundo na prova dos 400 metros rasos. O corredor fechou a dist\u00e2ncia em 46s17 na final do Mundial Indoor\",\"breadcrumb\":{\"@id\":\"https:\\\/\\\/ubirataonline.com.br\\\/matheus-lima-fecha-mundial-indoor-em-setimo-nos-400m-na-polonia\\\/#breadcrumb\"},\"inLanguage\":\"en-US\",\"potentialAction\":[{\"@type\":\"ReadAction\",\"target\":[\"https:\\\/\\\/ubirataonline.com.br\\\/matheus-lima-fecha-mundial-indoor-em-setimo-nos-400m-na-polonia\\\/\"]}]},{\"@type\":\"ImageObject\",\"inLanguage\":\"en-US\",\"@id\":\"https:\\\/\\\/ubirataonline.com.br\\\/matheus-lima-fecha-mundial-indoor-em-setimo-nos-400m-na-polonia\\\/#primaryimage\",\"url\":\"https:\\\/\\\/ubirataonline.com.br\\\/wp-content\\\/uploads\\\/2026\\\/03\\\/Matheus-Lima-fecha-Mundial-Indoor-em-setimo-nos-400m-na.jpg\",\"contentUrl\":\"https:\\\/\\\/ubirataonline.com.br\\\/wp-content\\\/uploads\\\/2026\\\/03\\\/Matheus-Lima-fecha-Mundial-Indoor-em-setimo-nos-400m-na.jpg\",\"width\":1600,\"height\":800,\"caption\":\"\"},{\"@type\":\"BreadcrumbList\",\"@id\":\"https:\\\/\\\/ubirataonline.com.br\\\/matheus-lima-fecha-mundial-indoor-em-setimo-nos-400m-na-polonia\\\/#breadcrumb\",\"itemListElement\":[{\"@type\":\"ListItem\",\"position\":1,\"name\":\"In\u00edcio\",\"item\":\"https:\\\/\\\/ubirataonline.com.br\\\/\"},{\"@type\":\"ListItem\",\"position\":2,\"name\":\"Matheus Lima fecha Mundial Indoor em s\u00e9timo nos 400m na Pol\u00f4nia\"}]},{\"@type\":\"WebSite\",\"@id\":\"https:\\\/\\\/ubirataonline.com.br\\\/#website\",\"url\":\"https:\\\/\\\/ubirataonline.com.br\\\/\",\"name\":\"Ubirat\u00e3 Online Not\u00edcias\",\"description\":\"Not\u00edcias de Ubirat\u00e3, regi\u00e3o, Brasil e mundo, com informa\u00e7\u00e3o atualizada e compromisso com o leitor.\",\"publisher\":{\"@id\":\"https:\\\/\\\/ubirataonline.com.br\\\/#organization\"},\"alternateName\":\"Ubirat\u00e3 Online\",\"potentialAction\":[{\"@type\":\"SearchAction\",\"target\":{\"@type\":\"EntryPoint\",\"urlTemplate\":\"https:\\\/\\\/ubirataonline.com.br\\\/?s={search_term_string}\"},\"query-input\":{\"@type\":\"PropertyValueSpecification\",\"valueRequired\":true,\"valueName\":\"search_term_string\"}}],\"inLanguage\":\"en-US\"},{\"@type\":[\"Organization\",\"Place\"],\"@id\":\"https:\\\/\\\/ubirataonline.com.br\\\/#organization\",\"name\":\"Ubirat\u00e3 Online Not\u00edcias\",\"alternateName\":\"Ubirat\u00e3 Online\",\"url\":\"https:\\\/\\\/ubirataonline.com.br\\\/\",\"logo\":{\"@id\":\"https:\\\/\\\/ubirataonline.com.br\\\/matheus-lima-fecha-mundial-indoor-em-setimo-nos-400m-na-polonia\\\/#local-main-organization-logo\"},\"image\":{\"@id\":\"https:\\\/\\\/ubirataonline.com.br\\\/matheus-lima-fecha-mundial-indoor-em-setimo-nos-400m-na-polonia\\\/#local-main-organization-logo\"},\"sameAs\":[\"https:\\\/\\\/www.facebook.com\\\/portalubirataonline\",\"https:\\\/\\\/x.com\\\/ubirataonline\",\"https:\\\/\\\/mastodon.social\\\/@ubirataonline\",\"https:\\\/\\\/www.facebook.com\\\/groups\\\/311144672285604\",\"https:\\\/\\\/www.facebook.com\\\/UBTAOnline\",\"https:\\\/\\\/www.instagram.com\\\/portalubirataonline\\\/\",\"https:\\\/\\\/twitter.com\\\/ubirataonline\"],\"description\":\"Somos um portal de not\u00edcias independente, criado em 5 de janeiro de 2009, com o objetivo de informar, conectar e valorizar a nossa comunidade de Ubirat\u00e3 e toda aregi\u00e3o. Com conte\u00fado atualizado, confi\u00e1vel e relevante, o Ubirat\u00e3 Online \u00e9 o seu espa\u00e7o para ficar por dentro dos principais acontecimentos locais, regionais, Brasil, Mundo e de interesse geral. Nosso compromisso \u00e9 com a verdade, a transpar\u00eancia e o respeito ao leitor.\",\"legalName\":\"UBIRATA ONLINE NOT\u00cdCIAS\",\"foundingDate\":\"2009-01-05\",\"numberOfEmployees\":{\"@type\":\"QuantitativeValue\",\"minValue\":\"1\",\"maxValue\":\"10\"},\"publishingPrinciples\":\"https:\\\/\\\/ubirataonline.com.br\\\/faq\\\/\",\"address\":{\"@id\":\"https:\\\/\\\/ubirataonline.com.br\\\/matheus-lima-fecha-mundial-indoor-em-setimo-nos-400m-na-polonia\\\/#local-main-place-address\"},\"geo\":{\"@type\":\"GeoCoordinates\",\"latitude\":\"-24.5361401\",\"longitude\":\"-52.9921776\"},\"telephone\":[\"+5544998308235\"],\"contactPoint\":{\"@type\":\"ContactPoint\",\"email\":\"contato@ubirataonline.com.br\"},\"openingHoursSpecification\":{\"@type\":\"OpeningHoursSpecification\",\"dayOfWeek\":[\"Monday\",\"Tuesday\",\"Wednesday\",\"Thursday\",\"Friday\",\"Saturday\",\"Sunday\"],\"opens\":\"00:00\",\"closes\":\"23:59\"},\"email\":\"contato@ubirataonline.com.br\",\"vatID\":\"47.621.418\\\/0001-80\"},{\"@type\":\"Person\",\"@id\":\"https:\\\/\\\/ubirataonline.com.br\\\/#\\\/schema\\\/person\\\/372f87bbd3fdd79b8556b84c98d0bc1c\",\"name\":\"REDA\u00c7\u00c3O: UBIRAT\u00c3 ONLINE - F\u00c1BIO AUGUSTO CELESTINO\",\"pronouns\":\"Ele\",\"description\":\"Desde 2003 trabalhando com not\u00edcias.\",\"sameAs\":[\"http:\\\/\\\/ubirataoline.com.br\",\"https:\\\/\\\/www.facebook.com\\\/portalubirataonline\",\"https:\\\/\\\/www.instagram.com\\\/ubirataonline_oficial\",\"https:\\\/\\\/x.com\\\/x.com\\\/ubirataonline\"],\"honorificPrefix\":\"Mr.\",\"honorificSuffix\":\"MD\",\"birthDate\":\"1980-06-16\",\"gender\":\"masculino\",\"award\":[\"V\u00e1rios pr\u00eamios de melhor portal da cidade\"],\"jobTitle\":\"Diretor\",\"url\":\"https:\\\/\\\/ubirataonline.com.br\\\/en\\\/author\\\/ubirataonline\\\/\"},{\"@type\":\"PostalAddress\",\"@id\":\"https:\\\/\\\/ubirataonline.com.br\\\/matheus-lima-fecha-mundial-indoor-em-setimo-nos-400m-na-polonia\\\/#local-main-place-address\",\"streetAddress\":\"Rua dos Coqueiros, 104 - Bairro Boa Vista, Rua dos Coqueiros, 104 Bairro Boa Vista\",\"addressLocality\":\"UBIRATA\",\"postalCode\":\"85440-000\",\"addressRegion\":\"PR\",\"addressCountry\":\"BR\"},{\"@type\":\"ImageObject\",\"inLanguage\":\"en-US\",\"@id\":\"https:\\\/\\\/ubirataonline.com.br\\\/matheus-lima-fecha-mundial-indoor-em-setimo-nos-400m-na-polonia\\\/#local-main-organization-logo\",\"url\":\"https:\\\/\\\/ubirataonline.com.br\\\/wp-content\\\/uploads\\\/2026\\\/06\\\/logoubirataonline-1.webp\",\"contentUrl\":\"https:\\\/\\\/ubirataonline.com.br\\\/wp-content\\\/uploads\\\/2026\\\/06\\\/logoubirataonline-1.webp\",\"width\":500,\"height\":500,\"caption\":\"Ubirat\u00e3 Online Not\u00edcias\"}]}<\/script>\n<meta name=\"geo.placename\" content=\"UBIRATA\" \/>\n<meta name=\"geo.position\" content=\"-24.5361401;-52.9921776\" \/>\n<meta name=\"geo.region\" content=\"Brazil\" \/>\n<!-- \/ Yoast SEO Premium plugin. -->","yoast_head_json":{"title":"Matheus Lima fecha Mundial Indoor em s\u00e9timo nos 400m na Pol\u00f4nia - Ubirat\u00e3 Online Not\u00edcias - A realidade ao seu alcance!","description":"O brasileiro Matheus Lima \u00e9 o s\u00e9timo mais r\u00e1pido do mundo na prova dos 400 metros rasos. O corredor fechou a dist\u00e2ncia em 46s17 na final do Mundial Indoor","robots":{"index":"index","follow":"follow","max-snippet":"max-snippet:-1","max-image-preview":"max-image-preview:large","max-video-preview":"max-video-preview:-1"},"canonical":"https:\/\/ubirataonline.com.br\/en\/matheus-lima-fecha-mundial-indoor-em-setimo-nos-400m-na-polonia\/","og_locale":"en_US","og_type":"article","og_title":"Matheus Lima fecha Mundial Indoor em s\u00e9timo nos 400m na Pol\u00f4nia","og_description":"O brasileiro Matheus Lima \u00e9 o s\u00e9timo mais r\u00e1pido do mundo na prova dos 400 metros rasos. O corredor fechou a dist\u00e2ncia em 46s17 na final do Mundial Indoor","og_url":"https:\/\/ubirataonline.com.br\/en\/matheus-lima-fecha-mundial-indoor-em-setimo-nos-400m-na-polonia\/","og_site_name":"Ubirat\u00e3 Online Not\u00edcias - A realidade ao seu alcance!","article_publisher":"https:\/\/www.facebook.com\/portalubirataonline","article_author":"https:\/\/www.facebook.com\/portalubirataonline","article_published_time":"2026-03-21T21:49:06+00:00","article_modified_time":"2026-03-21T21:49:09+00:00","og_image":[{"width":1600,"height":800,"url":"https:\/\/ubirataonline.com.br\/wp-content\/uploads\/2026\/03\/Matheus-Lima-fecha-Mundial-Indoor-em-setimo-nos-400m-na.jpg","type":"image\/jpeg"}],"author":"REDA\u00c7\u00c3O: UBIRAT\u00c3 ONLINE - F\u00c1BIO AUGUSTO CELESTINO","twitter_card":"summary_large_image","twitter_creator":"@x.com\/ubirataonline","twitter_site":"@ubirataonline","twitter_misc":{"Written by":"REDA\u00c7\u00c3O: UBIRAT\u00c3 ONLINE - F\u00c1BIO AUGUSTO CELESTINO","Est. reading time":"2 minutes"},"schema":{"@context":"https:\/\/schema.org","@graph":[{"@type":"NewsArticle","@id":"https:\/\/ubirataonline.com.br\/matheus-lima-fecha-mundial-indoor-em-setimo-nos-400m-na-polonia\/#article","isPartOf":{"@id":"https:\/\/ubirataonline.com.br\/matheus-lima-fecha-mundial-indoor-em-setimo-nos-400m-na-polonia\/"},"author":{"name":"REDA\u00c7\u00c3O: UBIRAT\u00c3 ONLINE - F\u00c1BIO AUGUSTO CELESTINO","@id":"https:\/\/ubirataonline.com.br\/#\/schema\/person\/372f87bbd3fdd79b8556b84c98d0bc1c"},"headline":"Matheus Lima fecha Mundial Indoor em s\u00e9timo nos 400m na Pol\u00f4nia","datePublished":"2026-03-21T21:49:06+00:00","dateModified":"2026-03-21T21:49:09+00:00","mainEntityOfPage":{"@id":"https:\/\/ubirataonline.com.br\/matheus-lima-fecha-mundial-indoor-em-setimo-nos-400m-na-polonia\/"},"wordCount":347,"publisher":{"@id":"https:\/\/ubirataonline.com.br\/#organization"},"image":{"@id":"https:\/\/ubirataonline.com.br\/matheus-lima-fecha-mundial-indoor-em-setimo-nos-400m-na-polonia\/#primaryimage"},"thumbnailUrl":"https:\/\/ubirataonline.com.br\/wp-content\/uploads\/2026\/03\/Matheus-Lima-fecha-Mundial-Indoor-em-setimo-nos-400m-na.jpg","keywords":["400m","fecha","Indoor","Lima","Matheus","mundial\u00b4","nos","Pol\u00f4nia","s\u00e9timo"],"articleSection":["Ubirat\u00e3"],"inLanguage":"en-US","copyrightYear":"2026","copyrightHolder":{"@id":"https:\/\/ubirataonline.com.br\/en\/#organization"}},{"@type":"WebPage","@id":"https:\/\/ubirataonline.com.br\/matheus-lima-fecha-mundial-indoor-em-setimo-nos-400m-na-polonia\/","url":"https:\/\/ubirataonline.com.br\/matheus-lima-fecha-mundial-indoor-em-setimo-nos-400m-na-polonia\/","name":"Matheus Lima fecha Mundial Indoor em s\u00e9timo nos 400m na Pol\u00f4nia - Ubirat\u00e3 Online Not\u00edcias - A realidade ao seu alcance!","isPartOf":{"@id":"https:\/\/ubirataonline.com.br\/#website"},"primaryImageOfPage":{"@id":"https:\/\/ubirataonline.com.br\/matheus-lima-fecha-mundial-indoor-em-setimo-nos-400m-na-polonia\/#primaryimage"},"image":{"@id":"https:\/\/ubirataonline.com.br\/matheus-lima-fecha-mundial-indoor-em-setimo-nos-400m-na-polonia\/#primaryimage"},"thumbnailUrl":"https:\/\/ubirataonline.com.br\/wp-content\/uploads\/2026\/03\/Matheus-Lima-fecha-Mundial-Indoor-em-setimo-nos-400m-na.jpg","datePublished":"2026-03-21T21:49:06+00:00","dateModified":"2026-03-21T21:49:09+00:00","description":"O brasileiro Matheus Lima \u00e9 o s\u00e9timo mais r\u00e1pido do mundo na prova dos 400 metros rasos. O corredor fechou a dist\u00e2ncia em 46s17 na final do Mundial Indoor","breadcrumb":{"@id":"https:\/\/ubirataonline.com.br\/matheus-lima-fecha-mundial-indoor-em-setimo-nos-400m-na-polonia\/#breadcrumb"},"inLanguage":"en-US","potentialAction":[{"@type":"ReadAction","target":["https:\/\/ubirataonline.com.br\/matheus-lima-fecha-mundial-indoor-em-setimo-nos-400m-na-polonia\/"]}]},{"@type":"ImageObject","inLanguage":"en-US","@id":"https:\/\/ubirataonline.com.br\/matheus-lima-fecha-mundial-indoor-em-setimo-nos-400m-na-polonia\/#primaryimage","url":"https:\/\/ubirataonline.com.br\/wp-content\/uploads\/2026\/03\/Matheus-Lima-fecha-Mundial-Indoor-em-setimo-nos-400m-na.jpg","contentUrl":"https:\/\/ubirataonline.com.br\/wp-content\/uploads\/2026\/03\/Matheus-Lima-fecha-Mundial-Indoor-em-setimo-nos-400m-na.jpg","width":1600,"height":800,"caption":""},{"@type":"BreadcrumbList","@id":"https:\/\/ubirataonline.com.br\/matheus-lima-fecha-mundial-indoor-em-setimo-nos-400m-na-polonia\/#breadcrumb","itemListElement":[{"@type":"ListItem","position":1,"name":"In\u00edcio","item":"https:\/\/ubirataonline.com.br\/"},{"@type":"ListItem","position":2,"name":"Matheus Lima fecha Mundial Indoor em s\u00e9timo nos 400m na Pol\u00f4nia"}]},{"@type":"WebSite","@id":"https:\/\/ubirataonline.com.br\/#website","url":"https:\/\/ubirataonline.com.br\/","name":"Ubirat\u00e3 Online Not\u00edcias","description":"Not\u00edcias de Ubirat\u00e3, regi\u00e3o, Brasil e mundo, com informa\u00e7\u00e3o atualizada e compromisso com o leitor.","publisher":{"@id":"https:\/\/ubirataonline.com.br\/#organization"},"alternateName":"Ubirat\u00e3 Online","potentialAction":[{"@type":"SearchAction","target":{"@type":"EntryPoint","urlTemplate":"https:\/\/ubirataonline.com.br\/?s={search_term_string}"},"query-input":{"@type":"PropertyValueSpecification","valueRequired":true,"valueName":"search_term_string"}}],"inLanguage":"en-US"},{"@type":["Organization","Place"],"@id":"https:\/\/ubirataonline.com.br\/#organization","name":"Ubirat\u00e3 Online Not\u00edcias","alternateName":"Ubirat\u00e3 Online","url":"https:\/\/ubirataonline.com.br\/","logo":{"@id":"https:\/\/ubirataonline.com.br\/matheus-lima-fecha-mundial-indoor-em-setimo-nos-400m-na-polonia\/#local-main-organization-logo"},"image":{"@id":"https:\/\/ubirataonline.com.br\/matheus-lima-fecha-mundial-indoor-em-setimo-nos-400m-na-polonia\/#local-main-organization-logo"},"sameAs":["https:\/\/www.facebook.com\/portalubirataonline","https:\/\/x.com\/ubirataonline","https:\/\/mastodon.social\/@ubirataonline","https:\/\/www.facebook.com\/groups\/311144672285604","https:\/\/www.facebook.com\/UBTAOnline","https:\/\/www.instagram.com\/portalubirataonline\/","https:\/\/twitter.com\/ubirataonline"],"description":"Somos um portal de not\u00edcias independente, criado em 5 de janeiro de 2009, com o objetivo de informar, conectar e valorizar a nossa comunidade de Ubirat\u00e3 e toda aregi\u00e3o. Com conte\u00fado atualizado, confi\u00e1vel e relevante, o Ubirat\u00e3 Online \u00e9 o seu espa\u00e7o para ficar por dentro dos principais acontecimentos locais, regionais, Brasil, Mundo e de interesse geral. Nosso compromisso \u00e9 com a verdade, a transpar\u00eancia e o respeito ao leitor.","legalName":"UBIRATA ONLINE NOT\u00cdCIAS","foundingDate":"2009-01-05","numberOfEmployees":{"@type":"QuantitativeValue","minValue":"1","maxValue":"10"},"publishingPrinciples":"https:\/\/ubirataonline.com.br\/faq\/","address":{"@id":"https:\/\/ubirataonline.com.br\/matheus-lima-fecha-mundial-indoor-em-setimo-nos-400m-na-polonia\/#local-main-place-address"},"geo":{"@type":"GeoCoordinates","latitude":"-24.5361401","longitude":"-52.9921776"},"telephone":["+5544998308235"],"contactPoint":{"@type":"ContactPoint","email":"contato@ubirataonline.com.br"},"openingHoursSpecification":{"@type":"OpeningHoursSpecification","dayOfWeek":["Monday","Tuesday","Wednesday","Thursday","Friday","Saturday","Sunday"],"opens":"00:00","closes":"23:59"},"email":"contato@ubirataonline.com.br","vatID":"47.621.418\/0001-80"},{"@type":"Person","@id":"https:\/\/ubirataonline.com.br\/#\/schema\/person\/372f87bbd3fdd79b8556b84c98d0bc1c","name":"REDA\u00c7\u00c3O: UBIRAT\u00c3 ONLINE - F\u00c1BIO AUGUSTO CELESTINO","pronouns":"Ele","description":"Desde 2003 trabalhando com not\u00edcias.","sameAs":["http:\/\/ubirataoline.com.br","https:\/\/www.facebook.com\/portalubirataonline","https:\/\/www.instagram.com\/ubirataonline_oficial","https:\/\/x.com\/x.com\/ubirataonline"],"honorificPrefix":"Mr.","honorificSuffix":"MD","birthDate":"1980-06-16","gender":"masculino","award":["V\u00e1rios pr\u00eamios de melhor portal da cidade"],"jobTitle":"Diretor","url":"https:\/\/ubirataonline.com.br\/en\/author\/ubirataonline\/"},{"@type":"PostalAddress","@id":"https:\/\/ubirataonline.com.br\/matheus-lima-fecha-mundial-indoor-em-setimo-nos-400m-na-polonia\/#local-main-place-address","streetAddress":"Rua dos Coqueiros, 104 - Bairro Boa Vista, Rua dos Coqueiros, 104 Bairro Boa Vista","addressLocality":"UBIRATA","postalCode":"85440-000","addressRegion":"PR","addressCountry":"BR"},{"@type":"ImageObject","inLanguage":"en-US","@id":"https:\/\/ubirataonline.com.br\/matheus-lima-fecha-mundial-indoor-em-setimo-nos-400m-na-polonia\/#local-main-organization-logo","url":"https:\/\/ubirataonline.com.br\/wp-content\/uploads\/2026\/06\/logoubirataonline-1.webp","contentUrl":"https:\/\/ubirataonline.com.br\/wp-content\/uploads\/2026\/06\/logoubirataonline-1.webp","width":500,"height":500,"caption":"Ubirat\u00e3 Online Not\u00edcias"}]},"geo.placename":"UBIRATA","geo.position":{"lat":"-24.5361401","long":"-52.9921776"},"geo.region":"Brazil"},"_links":{"self":[{"href":"https:\/\/ubirataonline.com.br\/en\/wp-json\/wp\/v2\/posts\/96446","targetHints":{"allow":["GET"]}}],"collection":[{"href":"https:\/\/ubirataonline.com.br\/en\/wp-json\/wp\/v2\/posts"}],"about":[{"href":"https:\/\/ubirataonline.com.br\/en\/wp-json\/wp\/v2\/types\/post"}],"author":[{"embeddable":true,"href":"https:\/\/ubirataonline.com.br\/en\/wp-json\/wp\/v2\/users\/1"}],"replies":[{"embeddable":true,"href":"https:\/\/ubirataonline.com.br\/en\/wp-json\/wp\/v2\/comments?post=96446"}],"version-history":[{"count":0,"href":"https:\/\/ubirataonline.com.br\/en\/wp-json\/wp\/v2\/posts\/96446\/revisions"}],"wp:featuredmedia":[{"embeddable":true,"href":"https:\/\/ubirataonline.com.br\/en\/wp-json\/wp\/v2\/media\/96447"}],"wp:attachment":[{"href":"https:\/\/ubirataonline.com.br\/en\/wp-json\/wp\/v2\/media?parent=96446"}],"wp:term":[{"taxonomy":"category","embeddable":true,"href":"https:\/\/ubirataonline.com.br\/en\/wp-json\/wp\/v2\/categories?post=96446"},{"taxonomy":"post_tag","embeddable":true,"href":"https:\/\/ubirataonline.com.br\/en\/wp-json\/wp\/v2\/tags?post=96446"}],"curies":[{"name":"wp","href":"https:\/\/api.w.org\/{rel}","templated":true}]}}