{"id":96539,"date":"2026-03-22T06:26:45","date_gmt":"2026-03-22T09:26:45","guid":{"rendered":"https:\/\/ubirataonline.com.br\/auxiliar-de-abel-destaca-adaptacao-de-arias-e-exalta-defesa\/"},"modified":"2026-03-22T06:26:48","modified_gmt":"2026-03-22T09:26:48","slug":"auxiliar-de-abel-destaca-adaptacao-de-arias-e-exalta-defesa","status":"publish","type":"post","link":"https:\/\/ubirataonline.com.br\/en\/auxiliar-de-abel-destaca-adaptacao-de-arias-e-exalta-defesa\/","title":{"rendered":"Auxiliar de Abel destaca adapta\u00e7\u00e3o de Arias e exalta defesa"},"content":{"rendered":"<p><\/p>\n<div data-v-232111b4=\"\" data-v-a69b1d60=\"\">\n<figure credit=\"Imagem: ANDR\u00c9 PERA\/PERA PHOTO PRESS\/ESTAD\u00c3O CONTE\u00daDO\" class=\"embed-wrapper solar-photo-content row-type embed embed-horizontal mt-0\" data-v-15044903=\"\" data-v-90ea4179=\"\" data-v-232111b4=\"\">\n<figure class=\"solar-responsive-image m-0 responsive-image pb-100\" data-v-73d45db8=\"\" data-v-15044903=\"\"><picture class=\"photo-image\" data-v-73d45db8=\"\"><source srcset=\"https:\/\/conteudo.imguol.com.br\/c\/esporte\/d2\/2026\/03\/21\/jogadores-do-palmeiras-comemoram-gol-de-jhon-arias-contra-o-sao-paulo-pelo-campeonato-brasileiro-1774140663210_v2_750x421.jpg.webp\" media=\"(min-width: 1px)\" type=\"image\/webp\" data-v-73d45db8=\"\"><source srcset=\"https:\/\/conteudo.imguol.com.br\/c\/esporte\/d2\/2026\/03\/21\/jogadores-do-palmeiras-comemoram-gol-de-jhon-arias-contra-o-sao-paulo-pelo-campeonato-brasileiro-1774140663210_v2_750x421.jpg\" media=\"(min-width: 1px)\" type=\"image\/jpeg\" data-v-73d45db8=\"\"><\/source><\/source><\/picture><\/figure><figcaption class=\"solar-caption regular-subtext\" data-v-524617ed=\"\" data-v-15044903=\"\"> Jogadores do Palmeiras comemoram gol de Jhon Arias contra o S\u00e3o Paulo, pelo Campeonato Brasileiro <span data-v-524617ed=\"\">Imagem: ANDR\u00c9 PERA\/PERA PHOTO PRESS\/ESTAD\u00c3O CONTE\u00daDO<\/span><\/figcaption><\/figure>\n<p><!----><\/p>\n<p class=\"bullet\" data-v-232111b4=\"\"><cite>Em todas as mudan\u00e7as, \u00e9 preciso tempo. Se for para mudar de casa, de esposa, de clube. Tem que se adaptar a tudo. O Arias chegou e j\u00e1 est\u00e1vamos em competi\u00e7\u00e3o, ele teve que se adaptar em um ritmo vertiginoso. Mas tem a vantagem de que j\u00e1 esteve aqui, se \u00e9 um jogador que nunca passou pelo Brasil, \u00e9 preciso mais tempo. Tem que se adaptar aos colegas, aos funcion\u00e1rios, ao treinador, \u00e0 forma de jogar. E n\u00f3s demos esse tempo, \u00e9 uma excelente pessoal e profissional, vai ajudar.<\/cite><br \/><strong>Jo\u00e3o Martins<\/strong><\/p>\n<p><!----><\/p>\n<p class=\"bullet\" data-v-232111b4=\"\"><span class=\"topicText\"><strong>Por fim, o portugu\u00eas comentou sobre a expuls\u00e3o do t\u00e9cnico Abel Ferreira, que levou o segundo amarelo ao reclamar de falta n\u00e3o marcada em cima de Arias.<\/strong> O auxiliar acredita que, no futebol brasileiro, existe &#8220;compensa\u00e7\u00e3o&#8221; quando um jogador rival leva o primeiro amarelo e citou de exemplo o cart\u00e3o dado a Andreas Pereira na partida.<\/span><\/p>\n<p><!----><\/p>\n<p class=\"bullet\" data-v-232111b4=\"\">&#8220;O Andreas levou o cart\u00e3o para compensar o cart\u00e3o do Enzo D\u00edaz, j\u00e1 sabemos como s\u00e3o as regras aqui. &#8216;J\u00e1 que dei um amarelo ao S\u00e3o Paulo, vou ter que dar um ao Palmeiras&#8217;. Foi clara essa compensa\u00e7\u00e3o, j\u00e1 estamos aqui h\u00e1 cinco anos e meio. De repente [o \u00e1rbitro] deixou de marcar faltas, n\u00e3o entendemos o porqu\u00ea. Por isso que, \u00e0s vezes, sa\u00edmos do s\u00e9rio. O jogo estava t\u00e3o calmo no primeiro tempo e, de repente, no segundo tempo, o Arias \u00e9 empurrado e nada. Em seguida, um toquezinho foi falta, e depois uma atr\u00e1s da outra&#8221;, disse o auxiliar.<\/p>\n<p><!----><\/p>\n<p class=\"bullet\" data-v-232111b4=\"\"><span class=\"topicText\"><strong>Com a vit\u00f3ria no confronto direto no Choque-Rei, o Palmeiras se isolou na lideran\u00e7a, com 19 pontos<\/strong>, deixando o S\u00e3o Paulo para tr\u00e1s na 2\u00aa posi\u00e7\u00e3o, com 16.<\/span><\/p>\n<p><!----><\/p>\n<p class=\"bullet\" data-v-232111b4=\"\"><span class=\"topicText\"><strong>O Verd\u00e3o volta a campo apenas depois da data Fifa, em abril.<\/strong> No dia 1\u00ba, a equipe de Abel Ferreira recebe o Gr\u00eamio, pela 9\u00aa rodada do Brasileir\u00e3o.<\/span><\/p>\n<p><!----><!----><\/div>\n<p><script>!function(f,b,e,v,n,t,s) {if(f.fbq)return;n=f.fbq=function() {n.callMethod? n.callMethod.apply(n,arguments):n.queue.push(arguments)}; if(!f._fbq)f._fbq=n;n.push=n;n.loaded=!0;n.version='2.0'; n.queue=[];t=b.createElement(e);t.async=!0; t.src=v;s=b.getElementsByTagName(e)[0]; s.parentNode.insertBefore(t,s)}(window, document,'script', 'https:\/\/connect.facebook.net\/en_US\/fbevents.js'); fbq('init', '291767061033177'); fbq('track', 'PageView', { content_name: 'Auxiliar de Abel destaca adapta\u00e7\u00e3o de Arias e exalta defesa em vit\u00f3ria', content_ids: [16026,12810,81965,79585,15308,73842,79631,79794,83965], is_closed: false, });<\/script><br \/>\n<br \/><a href=\"https:\/\/www.uol.com.br\/esporte\/futebol\/ultimas-noticias\/2026\/03\/22\/palmeiras-coletiva-joao-martins.ghtm\">Fonte do Artigo <\/a><\/p>\n","protected":false},"excerpt":{"rendered":"<p>Jogadores do Palmeiras comemoram gol de Jhon Arias contra o S\u00e3o Paulo, pelo Campeonato Brasileiro Imagem: ANDR\u00c9 PERA\/PERA PHOTO PRESS\/ESTAD\u00c3O CONTE\u00daDO Em todas as mudan\u00e7as, \u00e9 preciso tempo. Se for para mudar de casa, de esposa, de clube. Tem que se adaptar a tudo. O Arias chegou e j\u00e1 est\u00e1vamos em competi\u00e7\u00e3o, ele teve que [&hellip;]<\/p>\n","protected":false},"author":1,"featured_media":96540,"comment_status":"closed","ping_status":"","sticky":false,"template":"","format":"standard","meta":{"googlesitekit_rrm_CAow2JLhCw:productID":"","_gspb_post_css":"","maa_idioma":"","maa_pais":"","footnotes":""},"categories":[4],"tags":[1613,16989,14611,23558,5645,3553,20138],"class_list":["post-96539","post","type-post","status-publish","format-standard","has-post-thumbnail","hentry","category-brasil","tag-abel","tag-adaptacao","tag-arias","tag-auxiliar","tag-defesa","tag-destaca","tag-exalta"],"blocksy_meta":[],"yoast_head":"<!-- This site is optimized with the Yoast SEO Premium plugin v27.6 (Yoast SEO v27.6) - https:\/\/yoast.com\/product\/yoast-seo-premium-wordpress\/ -->\n<title>Auxiliar de Abel destaca adapta\u00e7\u00e3o de Arias e exalta defesa - Ubirat\u00e3 Online Not\u00edcias - A realidade ao seu alcance!<\/title>\n<meta name=\"description\" content=\"Jogadores do Palmeiras comemoram gol de Jhon Arias contra o S\u00e3o Paulo, pelo Campeonato Brasileiro Imagem: ANDR\u00c9 PERA\/PERA PHOTO PRESS\/ESTAD\u00c3O CONTE\u00daDOEm\" \/>\n<meta name=\"robots\" content=\"index, follow, max-snippet:-1, max-image-preview:large, max-video-preview:-1\" \/>\n<link rel=\"canonical\" href=\"https:\/\/ubirataonline.com.br\/en\/auxiliar-de-abel-destaca-adaptacao-de-arias-e-exalta-defesa\/\" \/>\n<meta property=\"og:locale\" content=\"en_US\" \/>\n<meta property=\"og:type\" content=\"article\" \/>\n<meta property=\"og:title\" content=\"Auxiliar de Abel destaca adapta\u00e7\u00e3o de Arias e exalta defesa\" \/>\n<meta property=\"og:description\" content=\"Jogadores do Palmeiras comemoram gol de Jhon Arias contra o S\u00e3o Paulo, pelo Campeonato Brasileiro Imagem: ANDR\u00c9 PERA\/PERA PHOTO PRESS\/ESTAD\u00c3O CONTE\u00daDOEm\" \/>\n<meta property=\"og:url\" content=\"https:\/\/ubirataonline.com.br\/en\/auxiliar-de-abel-destaca-adaptacao-de-arias-e-exalta-defesa\/\" \/>\n<meta property=\"og:site_name\" content=\"Ubirat\u00e3 Online Not\u00edcias - A realidade ao seu alcance!\" \/>\n<meta property=\"article:publisher\" content=\"https:\/\/www.facebook.com\/portalubirataonline\" \/>\n<meta property=\"article:author\" content=\"https:\/\/www.facebook.com\/portalubirataonline\" \/>\n<meta property=\"article:published_time\" content=\"2026-03-22T09:26:45+00:00\" \/>\n<meta property=\"article:modified_time\" content=\"2026-03-22T09:26:48+00:00\" \/>\n<meta property=\"og:image\" content=\"https:\/\/ubirataonline.com.br\/wp-content\/uploads\/2026\/03\/Auxiliar-de-Abel-destaca-adaptacao-de-Arias-e-exalta-defesa.jpeg\" \/>\n\t<meta property=\"og:image:width\" content=\"615\" \/>\n\t<meta property=\"og:image:height\" content=\"300\" \/>\n\t<meta property=\"og:image:type\" content=\"image\/jpeg\" \/>\n<meta name=\"author\" content=\"REDA\u00c7\u00c3O: UBIRAT\u00c3 ONLINE - F\u00c1BIO AUGUSTO CELESTINO\" \/>\n<meta name=\"twitter:card\" content=\"summary_large_image\" \/>\n<meta name=\"twitter:creator\" content=\"@x.com\/ubirataonline\" \/>\n<meta name=\"twitter:site\" content=\"@ubirataonline\" \/>\n<meta name=\"twitter:label1\" content=\"Written by\" \/>\n\t<meta name=\"twitter:data1\" content=\"REDA\u00c7\u00c3O: UBIRAT\u00c3 ONLINE - F\u00c1BIO AUGUSTO CELESTINO\" \/>\n\t<meta name=\"twitter:label2\" content=\"Est. reading time\" \/>\n\t<meta name=\"twitter:data2\" content=\"2 minutes\" \/>\n<script type=\"application\/ld+json\" class=\"yoast-schema-graph\">{\"@context\":\"https:\\\/\\\/schema.org\",\"@graph\":[{\"@type\":\"NewsArticle\",\"@id\":\"https:\\\/\\\/ubirataonline.com.br\\\/auxiliar-de-abel-destaca-adaptacao-de-arias-e-exalta-defesa\\\/#article\",\"isPartOf\":{\"@id\":\"https:\\\/\\\/ubirataonline.com.br\\\/auxiliar-de-abel-destaca-adaptacao-de-arias-e-exalta-defesa\\\/\"},\"author\":{\"name\":\"REDA\u00c7\u00c3O: UBIRAT\u00c3 ONLINE - F\u00c1BIO AUGUSTO CELESTINO\",\"@id\":\"https:\\\/\\\/ubirataonline.com.br\\\/#\\\/schema\\\/person\\\/372f87bbd3fdd79b8556b84c98d0bc1c\"},\"headline\":\"Auxiliar de Abel destaca adapta\u00e7\u00e3o de Arias e exalta defesa\",\"datePublished\":\"2026-03-22T09:26:45+00:00\",\"dateModified\":\"2026-03-22T09:26:48+00:00\",\"mainEntityOfPage\":{\"@id\":\"https:\\\/\\\/ubirataonline.com.br\\\/auxiliar-de-abel-destaca-adaptacao-de-arias-e-exalta-defesa\\\/\"},\"wordCount\":364,\"publisher\":{\"@id\":\"https:\\\/\\\/ubirataonline.com.br\\\/#organization\"},\"image\":{\"@id\":\"https:\\\/\\\/ubirataonline.com.br\\\/auxiliar-de-abel-destaca-adaptacao-de-arias-e-exalta-defesa\\\/#primaryimage\"},\"thumbnailUrl\":\"https:\\\/\\\/ubirataonline.com.br\\\/wp-content\\\/uploads\\\/2026\\\/03\\\/Auxiliar-de-Abel-destaca-adaptacao-de-Arias-e-exalta-defesa.jpeg\",\"keywords\":[\"Abel\",\"adapta\u00e7\u00e3o\",\"Arias\",\"Auxiliar\",\"Defesa\",\"destaca\",\"exalta\"],\"articleSection\":[\"Brasil\"],\"inLanguage\":\"en-US\",\"copyrightYear\":\"2026\",\"copyrightHolder\":{\"@id\":\"https:\\\/\\\/ubirataonline.com.br\\\/en\\\/#organization\"}},{\"@type\":\"WebPage\",\"@id\":\"https:\\\/\\\/ubirataonline.com.br\\\/auxiliar-de-abel-destaca-adaptacao-de-arias-e-exalta-defesa\\\/\",\"url\":\"https:\\\/\\\/ubirataonline.com.br\\\/auxiliar-de-abel-destaca-adaptacao-de-arias-e-exalta-defesa\\\/\",\"name\":\"Auxiliar de Abel destaca adapta\u00e7\u00e3o de Arias e exalta defesa - Ubirat\u00e3 Online Not\u00edcias - A realidade ao seu alcance!\",\"isPartOf\":{\"@id\":\"https:\\\/\\\/ubirataonline.com.br\\\/#website\"},\"primaryImageOfPage\":{\"@id\":\"https:\\\/\\\/ubirataonline.com.br\\\/auxiliar-de-abel-destaca-adaptacao-de-arias-e-exalta-defesa\\\/#primaryimage\"},\"image\":{\"@id\":\"https:\\\/\\\/ubirataonline.com.br\\\/auxiliar-de-abel-destaca-adaptacao-de-arias-e-exalta-defesa\\\/#primaryimage\"},\"thumbnailUrl\":\"https:\\\/\\\/ubirataonline.com.br\\\/wp-content\\\/uploads\\\/2026\\\/03\\\/Auxiliar-de-Abel-destaca-adaptacao-de-Arias-e-exalta-defesa.jpeg\",\"datePublished\":\"2026-03-22T09:26:45+00:00\",\"dateModified\":\"2026-03-22T09:26:48+00:00\",\"description\":\"Jogadores do Palmeiras comemoram gol de Jhon Arias contra o S\u00e3o Paulo, pelo Campeonato Brasileiro Imagem: ANDR\u00c9 PERA\\\/PERA PHOTO PRESS\\\/ESTAD\u00c3O CONTE\u00daDOEm\",\"breadcrumb\":{\"@id\":\"https:\\\/\\\/ubirataonline.com.br\\\/auxiliar-de-abel-destaca-adaptacao-de-arias-e-exalta-defesa\\\/#breadcrumb\"},\"inLanguage\":\"en-US\",\"potentialAction\":[{\"@type\":\"ReadAction\",\"target\":[\"https:\\\/\\\/ubirataonline.com.br\\\/auxiliar-de-abel-destaca-adaptacao-de-arias-e-exalta-defesa\\\/\"]}]},{\"@type\":\"ImageObject\",\"inLanguage\":\"en-US\",\"@id\":\"https:\\\/\\\/ubirataonline.com.br\\\/auxiliar-de-abel-destaca-adaptacao-de-arias-e-exalta-defesa\\\/#primaryimage\",\"url\":\"https:\\\/\\\/ubirataonline.com.br\\\/wp-content\\\/uploads\\\/2026\\\/03\\\/Auxiliar-de-Abel-destaca-adaptacao-de-Arias-e-exalta-defesa.jpeg\",\"contentUrl\":\"https:\\\/\\\/ubirataonline.com.br\\\/wp-content\\\/uploads\\\/2026\\\/03\\\/Auxiliar-de-Abel-destaca-adaptacao-de-Arias-e-exalta-defesa.jpeg\",\"width\":615,\"height\":300,\"caption\":\"Jogadores do Palmeiras comemoram gol de Jhon Arias contra o S\u00e3o Paulo, pelo Campeonato Brasileiro Imagem: ANDR\u00c9 PERA\\\/PERA PHOTO PRESS\\\/ESTAD\u00c3O CONTE\u00daDO\"},{\"@type\":\"BreadcrumbList\",\"@id\":\"https:\\\/\\\/ubirataonline.com.br\\\/auxiliar-de-abel-destaca-adaptacao-de-arias-e-exalta-defesa\\\/#breadcrumb\",\"itemListElement\":[{\"@type\":\"ListItem\",\"position\":1,\"name\":\"In\u00edcio\",\"item\":\"https:\\\/\\\/ubirataonline.com.br\\\/\"},{\"@type\":\"ListItem\",\"position\":2,\"name\":\"Auxiliar de Abel destaca adapta\u00e7\u00e3o de Arias e exalta defesa\"}]},{\"@type\":\"WebSite\",\"@id\":\"https:\\\/\\\/ubirataonline.com.br\\\/#website\",\"url\":\"https:\\\/\\\/ubirataonline.com.br\\\/\",\"name\":\"Ubirat\u00e3 Online Not\u00edcias\",\"description\":\"Not\u00edcias de Ubirat\u00e3, regi\u00e3o, Brasil e mundo, com informa\u00e7\u00e3o atualizada e compromisso com o leitor.\",\"publisher\":{\"@id\":\"https:\\\/\\\/ubirataonline.com.br\\\/#organization\"},\"alternateName\":\"Ubirat\u00e3 Online\",\"potentialAction\":[{\"@type\":\"SearchAction\",\"target\":{\"@type\":\"EntryPoint\",\"urlTemplate\":\"https:\\\/\\\/ubirataonline.com.br\\\/?s={search_term_string}\"},\"query-input\":{\"@type\":\"PropertyValueSpecification\",\"valueRequired\":true,\"valueName\":\"search_term_string\"}}],\"inLanguage\":\"en-US\"},{\"@type\":[\"Organization\",\"Place\"],\"@id\":\"https:\\\/\\\/ubirataonline.com.br\\\/#organization\",\"name\":\"Ubirat\u00e3 Online Not\u00edcias\",\"alternateName\":\"Ubirat\u00e3 Online\",\"url\":\"https:\\\/\\\/ubirataonline.com.br\\\/\",\"logo\":{\"@id\":\"https:\\\/\\\/ubirataonline.com.br\\\/auxiliar-de-abel-destaca-adaptacao-de-arias-e-exalta-defesa\\\/#local-main-organization-logo\"},\"image\":{\"@id\":\"https:\\\/\\\/ubirataonline.com.br\\\/auxiliar-de-abel-destaca-adaptacao-de-arias-e-exalta-defesa\\\/#local-main-organization-logo\"},\"sameAs\":[\"https:\\\/\\\/www.facebook.com\\\/portalubirataonline\",\"https:\\\/\\\/x.com\\\/ubirataonline\",\"https:\\\/\\\/mastodon.social\\\/@ubirataonline\",\"https:\\\/\\\/www.facebook.com\\\/groups\\\/311144672285604\",\"https:\\\/\\\/www.facebook.com\\\/UBTAOnline\",\"https:\\\/\\\/www.instagram.com\\\/portalubirataonline\\\/\",\"https:\\\/\\\/twitter.com\\\/ubirataonline\"],\"description\":\"Somos um portal de not\u00edcias independente, criado em 5 de janeiro de 2009, com o objetivo de informar, conectar e valorizar a nossa comunidade de Ubirat\u00e3 e toda aregi\u00e3o. Com conte\u00fado atualizado, confi\u00e1vel e relevante, o Ubirat\u00e3 Online \u00e9 o seu espa\u00e7o para ficar por dentro dos principais acontecimentos locais, regionais, Brasil, Mundo e de interesse geral. Nosso compromisso \u00e9 com a verdade, a transpar\u00eancia e o respeito ao leitor.\",\"legalName\":\"UBIRATA ONLINE NOT\u00cdCIAS\",\"foundingDate\":\"2009-01-05\",\"numberOfEmployees\":{\"@type\":\"QuantitativeValue\",\"minValue\":\"1\",\"maxValue\":\"10\"},\"publishingPrinciples\":\"https:\\\/\\\/ubirataonline.com.br\\\/faq\\\/\",\"address\":{\"@id\":\"https:\\\/\\\/ubirataonline.com.br\\\/auxiliar-de-abel-destaca-adaptacao-de-arias-e-exalta-defesa\\\/#local-main-place-address\"},\"geo\":{\"@type\":\"GeoCoordinates\",\"latitude\":\"-24.5361401\",\"longitude\":\"-52.9921776\"},\"telephone\":[\"+5544998308235\"],\"contactPoint\":{\"@type\":\"ContactPoint\",\"email\":\"contato@ubirataonline.com.br\"},\"openingHoursSpecification\":{\"@type\":\"OpeningHoursSpecification\",\"dayOfWeek\":[\"Monday\",\"Tuesday\",\"Wednesday\",\"Thursday\",\"Friday\",\"Saturday\",\"Sunday\"],\"opens\":\"00:00\",\"closes\":\"23:59\"},\"email\":\"contato@ubirataonline.com.br\",\"vatID\":\"47.621.418\\\/0001-80\"},{\"@type\":\"Person\",\"@id\":\"https:\\\/\\\/ubirataonline.com.br\\\/#\\\/schema\\\/person\\\/372f87bbd3fdd79b8556b84c98d0bc1c\",\"name\":\"REDA\u00c7\u00c3O: UBIRAT\u00c3 ONLINE - F\u00c1BIO AUGUSTO CELESTINO\",\"pronouns\":\"Ele\",\"description\":\"Desde 2003 trabalhando com not\u00edcias.\",\"sameAs\":[\"http:\\\/\\\/ubirataoline.com.br\",\"https:\\\/\\\/www.facebook.com\\\/portalubirataonline\",\"https:\\\/\\\/www.instagram.com\\\/ubirataonline_oficial\",\"https:\\\/\\\/x.com\\\/x.com\\\/ubirataonline\"],\"honorificPrefix\":\"Mr.\",\"honorificSuffix\":\"MD\",\"birthDate\":\"1980-06-16\",\"gender\":\"masculino\",\"award\":[\"V\u00e1rios pr\u00eamios de melhor portal da cidade\"],\"jobTitle\":\"Diretor\",\"url\":\"https:\\\/\\\/ubirataonline.com.br\\\/en\\\/author\\\/ubirataonline\\\/\"},{\"@type\":\"PostalAddress\",\"@id\":\"https:\\\/\\\/ubirataonline.com.br\\\/auxiliar-de-abel-destaca-adaptacao-de-arias-e-exalta-defesa\\\/#local-main-place-address\",\"streetAddress\":\"Rua dos Coqueiros, 104 - Bairro Boa Vista, Rua dos Coqueiros, 104 Bairro Boa Vista\",\"addressLocality\":\"UBIRATA\",\"postalCode\":\"85440-000\",\"addressRegion\":\"PR\",\"addressCountry\":\"BR\"},{\"@type\":\"ImageObject\",\"inLanguage\":\"en-US\",\"@id\":\"https:\\\/\\\/ubirataonline.com.br\\\/auxiliar-de-abel-destaca-adaptacao-de-arias-e-exalta-defesa\\\/#local-main-organization-logo\",\"url\":\"https:\\\/\\\/ubirataonline.com.br\\\/wp-content\\\/uploads\\\/2026\\\/06\\\/logoubirataonline-1.webp\",\"contentUrl\":\"https:\\\/\\\/ubirataonline.com.br\\\/wp-content\\\/uploads\\\/2026\\\/06\\\/logoubirataonline-1.webp\",\"width\":500,\"height\":500,\"caption\":\"Ubirat\u00e3 Online Not\u00edcias\"}]}<\/script>\n<meta name=\"geo.placename\" content=\"UBIRATA\" \/>\n<meta name=\"geo.position\" content=\"-24.5361401;-52.9921776\" \/>\n<meta name=\"geo.region\" content=\"Brazil\" \/>\n<!-- \/ Yoast SEO Premium plugin. -->","yoast_head_json":{"title":"Auxiliar de Abel destaca adapta\u00e7\u00e3o de Arias e exalta defesa - Ubirat\u00e3 Online Not\u00edcias - A realidade ao seu alcance!","description":"Jogadores do Palmeiras comemoram gol de Jhon Arias contra o S\u00e3o Paulo, pelo Campeonato Brasileiro Imagem: ANDR\u00c9 PERA\/PERA PHOTO PRESS\/ESTAD\u00c3O CONTE\u00daDOEm","robots":{"index":"index","follow":"follow","max-snippet":"max-snippet:-1","max-image-preview":"max-image-preview:large","max-video-preview":"max-video-preview:-1"},"canonical":"https:\/\/ubirataonline.com.br\/en\/auxiliar-de-abel-destaca-adaptacao-de-arias-e-exalta-defesa\/","og_locale":"en_US","og_type":"article","og_title":"Auxiliar de Abel destaca adapta\u00e7\u00e3o de Arias e exalta defesa","og_description":"Jogadores do Palmeiras comemoram gol de Jhon Arias contra o S\u00e3o Paulo, pelo Campeonato Brasileiro Imagem: ANDR\u00c9 PERA\/PERA PHOTO PRESS\/ESTAD\u00c3O CONTE\u00daDOEm","og_url":"https:\/\/ubirataonline.com.br\/en\/auxiliar-de-abel-destaca-adaptacao-de-arias-e-exalta-defesa\/","og_site_name":"Ubirat\u00e3 Online Not\u00edcias - A realidade ao seu alcance!","article_publisher":"https:\/\/www.facebook.com\/portalubirataonline","article_author":"https:\/\/www.facebook.com\/portalubirataonline","article_published_time":"2026-03-22T09:26:45+00:00","article_modified_time":"2026-03-22T09:26:48+00:00","og_image":[{"width":615,"height":300,"url":"https:\/\/ubirataonline.com.br\/wp-content\/uploads\/2026\/03\/Auxiliar-de-Abel-destaca-adaptacao-de-Arias-e-exalta-defesa.jpeg","type":"image\/jpeg"}],"author":"REDA\u00c7\u00c3O: UBIRAT\u00c3 ONLINE - F\u00c1BIO AUGUSTO CELESTINO","twitter_card":"summary_large_image","twitter_creator":"@x.com\/ubirataonline","twitter_site":"@ubirataonline","twitter_misc":{"Written by":"REDA\u00c7\u00c3O: UBIRAT\u00c3 ONLINE - F\u00c1BIO AUGUSTO CELESTINO","Est. reading time":"2 minutes"},"schema":{"@context":"https:\/\/schema.org","@graph":[{"@type":"NewsArticle","@id":"https:\/\/ubirataonline.com.br\/auxiliar-de-abel-destaca-adaptacao-de-arias-e-exalta-defesa\/#article","isPartOf":{"@id":"https:\/\/ubirataonline.com.br\/auxiliar-de-abel-destaca-adaptacao-de-arias-e-exalta-defesa\/"},"author":{"name":"REDA\u00c7\u00c3O: UBIRAT\u00c3 ONLINE - F\u00c1BIO AUGUSTO CELESTINO","@id":"https:\/\/ubirataonline.com.br\/#\/schema\/person\/372f87bbd3fdd79b8556b84c98d0bc1c"},"headline":"Auxiliar de Abel destaca adapta\u00e7\u00e3o de Arias e exalta defesa","datePublished":"2026-03-22T09:26:45+00:00","dateModified":"2026-03-22T09:26:48+00:00","mainEntityOfPage":{"@id":"https:\/\/ubirataonline.com.br\/auxiliar-de-abel-destaca-adaptacao-de-arias-e-exalta-defesa\/"},"wordCount":364,"publisher":{"@id":"https:\/\/ubirataonline.com.br\/#organization"},"image":{"@id":"https:\/\/ubirataonline.com.br\/auxiliar-de-abel-destaca-adaptacao-de-arias-e-exalta-defesa\/#primaryimage"},"thumbnailUrl":"https:\/\/ubirataonline.com.br\/wp-content\/uploads\/2026\/03\/Auxiliar-de-Abel-destaca-adaptacao-de-Arias-e-exalta-defesa.jpeg","keywords":["Abel","adapta\u00e7\u00e3o","Arias","Auxiliar","Defesa","destaca","exalta"],"articleSection":["Brasil"],"inLanguage":"en-US","copyrightYear":"2026","copyrightHolder":{"@id":"https:\/\/ubirataonline.com.br\/en\/#organization"}},{"@type":"WebPage","@id":"https:\/\/ubirataonline.com.br\/auxiliar-de-abel-destaca-adaptacao-de-arias-e-exalta-defesa\/","url":"https:\/\/ubirataonline.com.br\/auxiliar-de-abel-destaca-adaptacao-de-arias-e-exalta-defesa\/","name":"Auxiliar de Abel destaca adapta\u00e7\u00e3o de Arias e exalta defesa - Ubirat\u00e3 Online Not\u00edcias - A realidade ao seu alcance!","isPartOf":{"@id":"https:\/\/ubirataonline.com.br\/#website"},"primaryImageOfPage":{"@id":"https:\/\/ubirataonline.com.br\/auxiliar-de-abel-destaca-adaptacao-de-arias-e-exalta-defesa\/#primaryimage"},"image":{"@id":"https:\/\/ubirataonline.com.br\/auxiliar-de-abel-destaca-adaptacao-de-arias-e-exalta-defesa\/#primaryimage"},"thumbnailUrl":"https:\/\/ubirataonline.com.br\/wp-content\/uploads\/2026\/03\/Auxiliar-de-Abel-destaca-adaptacao-de-Arias-e-exalta-defesa.jpeg","datePublished":"2026-03-22T09:26:45+00:00","dateModified":"2026-03-22T09:26:48+00:00","description":"Jogadores do Palmeiras comemoram gol de Jhon Arias contra o S\u00e3o Paulo, pelo Campeonato Brasileiro Imagem: ANDR\u00c9 PERA\/PERA PHOTO PRESS\/ESTAD\u00c3O CONTE\u00daDOEm","breadcrumb":{"@id":"https:\/\/ubirataonline.com.br\/auxiliar-de-abel-destaca-adaptacao-de-arias-e-exalta-defesa\/#breadcrumb"},"inLanguage":"en-US","potentialAction":[{"@type":"ReadAction","target":["https:\/\/ubirataonline.com.br\/auxiliar-de-abel-destaca-adaptacao-de-arias-e-exalta-defesa\/"]}]},{"@type":"ImageObject","inLanguage":"en-US","@id":"https:\/\/ubirataonline.com.br\/auxiliar-de-abel-destaca-adaptacao-de-arias-e-exalta-defesa\/#primaryimage","url":"https:\/\/ubirataonline.com.br\/wp-content\/uploads\/2026\/03\/Auxiliar-de-Abel-destaca-adaptacao-de-Arias-e-exalta-defesa.jpeg","contentUrl":"https:\/\/ubirataonline.com.br\/wp-content\/uploads\/2026\/03\/Auxiliar-de-Abel-destaca-adaptacao-de-Arias-e-exalta-defesa.jpeg","width":615,"height":300,"caption":"Jogadores do Palmeiras comemoram gol de Jhon Arias contra o S\u00e3o Paulo, pelo Campeonato Brasileiro Imagem: ANDR\u00c9 PERA\/PERA PHOTO PRESS\/ESTAD\u00c3O CONTE\u00daDO"},{"@type":"BreadcrumbList","@id":"https:\/\/ubirataonline.com.br\/auxiliar-de-abel-destaca-adaptacao-de-arias-e-exalta-defesa\/#breadcrumb","itemListElement":[{"@type":"ListItem","position":1,"name":"In\u00edcio","item":"https:\/\/ubirataonline.com.br\/"},{"@type":"ListItem","position":2,"name":"Auxiliar de Abel destaca adapta\u00e7\u00e3o de Arias e exalta defesa"}]},{"@type":"WebSite","@id":"https:\/\/ubirataonline.com.br\/#website","url":"https:\/\/ubirataonline.com.br\/","name":"Ubirat\u00e3 Online Not\u00edcias","description":"Not\u00edcias de Ubirat\u00e3, regi\u00e3o, Brasil e mundo, com informa\u00e7\u00e3o atualizada e compromisso com o leitor.","publisher":{"@id":"https:\/\/ubirataonline.com.br\/#organization"},"alternateName":"Ubirat\u00e3 Online","potentialAction":[{"@type":"SearchAction","target":{"@type":"EntryPoint","urlTemplate":"https:\/\/ubirataonline.com.br\/?s={search_term_string}"},"query-input":{"@type":"PropertyValueSpecification","valueRequired":true,"valueName":"search_term_string"}}],"inLanguage":"en-US"},{"@type":["Organization","Place"],"@id":"https:\/\/ubirataonline.com.br\/#organization","name":"Ubirat\u00e3 Online Not\u00edcias","alternateName":"Ubirat\u00e3 Online","url":"https:\/\/ubirataonline.com.br\/","logo":{"@id":"https:\/\/ubirataonline.com.br\/auxiliar-de-abel-destaca-adaptacao-de-arias-e-exalta-defesa\/#local-main-organization-logo"},"image":{"@id":"https:\/\/ubirataonline.com.br\/auxiliar-de-abel-destaca-adaptacao-de-arias-e-exalta-defesa\/#local-main-organization-logo"},"sameAs":["https:\/\/www.facebook.com\/portalubirataonline","https:\/\/x.com\/ubirataonline","https:\/\/mastodon.social\/@ubirataonline","https:\/\/www.facebook.com\/groups\/311144672285604","https:\/\/www.facebook.com\/UBTAOnline","https:\/\/www.instagram.com\/portalubirataonline\/","https:\/\/twitter.com\/ubirataonline"],"description":"Somos um portal de not\u00edcias independente, criado em 5 de janeiro de 2009, com o objetivo de informar, conectar e valorizar a nossa comunidade de Ubirat\u00e3 e toda aregi\u00e3o. Com conte\u00fado atualizado, confi\u00e1vel e relevante, o Ubirat\u00e3 Online \u00e9 o seu espa\u00e7o para ficar por dentro dos principais acontecimentos locais, regionais, Brasil, Mundo e de interesse geral. Nosso compromisso \u00e9 com a verdade, a transpar\u00eancia e o respeito ao leitor.","legalName":"UBIRATA ONLINE NOT\u00cdCIAS","foundingDate":"2009-01-05","numberOfEmployees":{"@type":"QuantitativeValue","minValue":"1","maxValue":"10"},"publishingPrinciples":"https:\/\/ubirataonline.com.br\/faq\/","address":{"@id":"https:\/\/ubirataonline.com.br\/auxiliar-de-abel-destaca-adaptacao-de-arias-e-exalta-defesa\/#local-main-place-address"},"geo":{"@type":"GeoCoordinates","latitude":"-24.5361401","longitude":"-52.9921776"},"telephone":["+5544998308235"],"contactPoint":{"@type":"ContactPoint","email":"contato@ubirataonline.com.br"},"openingHoursSpecification":{"@type":"OpeningHoursSpecification","dayOfWeek":["Monday","Tuesday","Wednesday","Thursday","Friday","Saturday","Sunday"],"opens":"00:00","closes":"23:59"},"email":"contato@ubirataonline.com.br","vatID":"47.621.418\/0001-80"},{"@type":"Person","@id":"https:\/\/ubirataonline.com.br\/#\/schema\/person\/372f87bbd3fdd79b8556b84c98d0bc1c","name":"REDA\u00c7\u00c3O: UBIRAT\u00c3 ONLINE - F\u00c1BIO AUGUSTO CELESTINO","pronouns":"Ele","description":"Desde 2003 trabalhando com not\u00edcias.","sameAs":["http:\/\/ubirataoline.com.br","https:\/\/www.facebook.com\/portalubirataonline","https:\/\/www.instagram.com\/ubirataonline_oficial","https:\/\/x.com\/x.com\/ubirataonline"],"honorificPrefix":"Mr.","honorificSuffix":"MD","birthDate":"1980-06-16","gender":"masculino","award":["V\u00e1rios pr\u00eamios de melhor portal da cidade"],"jobTitle":"Diretor","url":"https:\/\/ubirataonline.com.br\/en\/author\/ubirataonline\/"},{"@type":"PostalAddress","@id":"https:\/\/ubirataonline.com.br\/auxiliar-de-abel-destaca-adaptacao-de-arias-e-exalta-defesa\/#local-main-place-address","streetAddress":"Rua dos Coqueiros, 104 - Bairro Boa Vista, Rua dos Coqueiros, 104 Bairro Boa Vista","addressLocality":"UBIRATA","postalCode":"85440-000","addressRegion":"PR","addressCountry":"BR"},{"@type":"ImageObject","inLanguage":"en-US","@id":"https:\/\/ubirataonline.com.br\/auxiliar-de-abel-destaca-adaptacao-de-arias-e-exalta-defesa\/#local-main-organization-logo","url":"https:\/\/ubirataonline.com.br\/wp-content\/uploads\/2026\/06\/logoubirataonline-1.webp","contentUrl":"https:\/\/ubirataonline.com.br\/wp-content\/uploads\/2026\/06\/logoubirataonline-1.webp","width":500,"height":500,"caption":"Ubirat\u00e3 Online Not\u00edcias"}]},"geo.placename":"UBIRATA","geo.position":{"lat":"-24.5361401","long":"-52.9921776"},"geo.region":"Brazil"},"_links":{"self":[{"href":"https:\/\/ubirataonline.com.br\/en\/wp-json\/wp\/v2\/posts\/96539","targetHints":{"allow":["GET"]}}],"collection":[{"href":"https:\/\/ubirataonline.com.br\/en\/wp-json\/wp\/v2\/posts"}],"about":[{"href":"https:\/\/ubirataonline.com.br\/en\/wp-json\/wp\/v2\/types\/post"}],"author":[{"embeddable":true,"href":"https:\/\/ubirataonline.com.br\/en\/wp-json\/wp\/v2\/users\/1"}],"replies":[{"embeddable":true,"href":"https:\/\/ubirataonline.com.br\/en\/wp-json\/wp\/v2\/comments?post=96539"}],"version-history":[{"count":0,"href":"https:\/\/ubirataonline.com.br\/en\/wp-json\/wp\/v2\/posts\/96539\/revisions"}],"wp:featuredmedia":[{"embeddable":true,"href":"https:\/\/ubirataonline.com.br\/en\/wp-json\/wp\/v2\/media\/96540"}],"wp:attachment":[{"href":"https:\/\/ubirataonline.com.br\/en\/wp-json\/wp\/v2\/media?parent=96539"}],"wp:term":[{"taxonomy":"category","embeddable":true,"href":"https:\/\/ubirataonline.com.br\/en\/wp-json\/wp\/v2\/categories?post=96539"},{"taxonomy":"post_tag","embeddable":true,"href":"https:\/\/ubirataonline.com.br\/en\/wp-json\/wp\/v2\/tags?post=96539"}],"curies":[{"name":"wp","href":"https:\/\/api.w.org\/{rel}","templated":true}]}}