{"id":96560,"date":"2026-03-22T08:34:46","date_gmt":"2026-03-22T11:34:46","guid":{"rendered":"https:\/\/ubirataonline.com.br\/tarot-semanal-previsao-para-os-signos-de-23-a-29-de-marco-de-2026\/"},"modified":"2026-03-22T08:34:49","modified_gmt":"2026-03-22T11:34:49","slug":"tarot-semanal-previsao-para-os-signos-de-23-a-29-de-marco-de-2026","status":"publish","type":"post","link":"https:\/\/ubirataonline.com.br\/en\/tarot-semanal-previsao-para-os-signos-de-23-a-29-de-marco-de-2026\/","title":{"rendered":"Tarot semanal: previs\u00e3o para os signos de 23 a 29 de mar\u00e7o de 2026"},"content":{"rendered":"<p><\/p>\n<div id=\"post-content\">\n<p>A semana ser\u00e1 marcada por uma energia mais introspectiva, pedindo aten\u00e7\u00e3o aos pensamentos e \u00e0 forma como cada signo lida com as pr\u00f3prias emo\u00e7\u00f5es. Segundo as cartas do tarot, haver\u00e1 tend\u00eancia a preocupa\u00e7\u00f5es exageradas ou cen\u00e1rios criados pela mente, mas o momento favorecer\u00e1 quem conseguir manter a clareza e n\u00e3o alimentar inseguran\u00e7as. Ser\u00e1 um per\u00edodo importante para desacelerar, observar antes de reagir e confiar mais na realidade do que nas suposi\u00e7\u00f5es.<\/p>\n<p>A seguir, o tar\u00f3logo e astr\u00f3logo Victor Valentim explica o que as cartas do tarot revelam para cada nativo nos pr\u00f3ximos dias. Confira!<\/p>\n<h2 class=\"wp-block-heading\" id=\"h-aries-a-imperatriz\">\u00c1ries \u2013 A Imperatriz<\/h2>\n<div class=\"wp-block-image\">\n<figure class=\"aligncenter size-large\"><figcaption class=\"wp-element-caption\">Algo que o ariano come\u00e7ou poder\u00e1 come\u00e7ar a florescer ou mostrar sinais de desenvolvimento (Imagem: Lyusaren | Shutterstock)<\/figcaption><\/figure>\n<\/p><\/div>\n<p>A carta \u201cA Imperatriz\u201d indica que a semana trar\u00e1<strong><a href=\"https:\/\/portaledicase.com\/aprenda-os-rituais-de-protecao-para-cada-signo-do-zodiaco\/\" target=\"_blank\" rel=\"noreferrer noopener\"> energia de crescimento. <\/a><\/strong>Algo que voc\u00ea come\u00e7ou poder\u00e1 come\u00e7ar a florescer ou mostrar sinais de desenvolvimento. Poder\u00e1 envolver criatividade, projetos pessoais ou at\u00e9 sua pr\u00f3pria autoestima. A sorte aparecer\u00e1 quando voc\u00ea cuidar daquilo que quiser ver crescer. Tudo que receber aten\u00e7\u00e3o e carinho tender\u00e1 a prosperar.<\/p>\n<h2 class=\"wp-block-heading\" id=\"h-touro-cavaleiro-de-ouros\">Touro \u2013 Cavaleiro de Ouros<\/h2>\n<div class=\"wp-block-image\">\n<figure class=\"aligncenter size-large\"><img loading=\"lazy\" decoding=\"async\" width=\"1024\" height=\"683\" src=\"https:\/\/portaledicase.com\/wp-content\/uploads\/2025\/12\/2touro-3-1024x683.jpg\" alt=\"Ilustra\u00e7\u00e3o do signo de Touro, contendo um c\u00edrculo com dois chifres curvos voltados para cima, em fundo azul-escuro\" class=\"wp-image-543837\" srcset=\"https:\/\/portaledicase.com\/wp-content\/uploads\/2025\/12\/2touro-3-1024x683.jpg 1024w, https:\/\/portaledicase.com\/wp-content\/uploads\/2025\/12\/2touro-3-300x200.jpg 300w, https:\/\/portaledicase.com\/wp-content\/uploads\/2025\/12\/2touro-3-768x512.jpg 768w, https:\/\/portaledicase.com\/wp-content\/uploads\/2025\/12\/2touro-3-640x427.jpg 640w, https:\/\/portaledicase.com\/wp-content\/uploads\/2025\/12\/2touro-3-150x100.jpg 150w, https:\/\/portaledicase.com\/wp-content\/uploads\/2025\/12\/2touro-3.jpg 1200w\" sizes=\"auto, (max-width: 1024px) 100vw, 1024px\"\/><figcaption class=\"wp-element-caption\">A semana pedir\u00e1 ao taurino paci\u00eancia e dedica\u00e7\u00e3o (Imagem: Lyusaren | Shutterstock)<\/figcaption><\/figure>\n<\/p><\/div>\n<p>A carta \u201cCavaleiro de Ouros\u201d mostra que haver\u00e1 movimento constante e p\u00e9 no ch\u00e3o. Esta semana pedir\u00e1 paci\u00eancia e dedica\u00e7\u00e3o, principalmente em assuntos de trabalho ou dinheiro. Nada de pressa, mas tamb\u00e9m nada de pregui\u00e7a. A sorte aparecer\u00e1 quando voc\u00ea seguir firme no que come\u00e7ou. Pequenos passos bem dados construir\u00e3o grandes resultados.<\/p>\n<h2 class=\"wp-block-heading\" id=\"h-gemeos-o-papa\">G\u00eameos \u2013 O Papa<\/h2>\n<div class=\"wp-block-image\">\n<figure class=\"aligncenter size-large\"><img loading=\"lazy\" decoding=\"async\" width=\"1024\" height=\"683\" src=\"https:\/\/portaledicase.com\/wp-content\/uploads\/2025\/12\/3gemeos-3-1024x683.jpg\" alt=\"Ilustra\u00e7\u00e3o do signo de G\u00eameos, contendo duas barras verticais paralelas unidas por linhas horizontais nas extremidades, em fundo azul-escuro\" class=\"wp-image-543838\" srcset=\"https:\/\/portaledicase.com\/wp-content\/uploads\/2025\/12\/3gemeos-3-1024x683.jpg 1024w, https:\/\/portaledicase.com\/wp-content\/uploads\/2025\/12\/3gemeos-3-300x200.jpg 300w, https:\/\/portaledicase.com\/wp-content\/uploads\/2025\/12\/3gemeos-3-768x512.jpg 768w, https:\/\/portaledicase.com\/wp-content\/uploads\/2025\/12\/3gemeos-3-640x427.jpg 640w, https:\/\/portaledicase.com\/wp-content\/uploads\/2025\/12\/3gemeos-3-150x100.jpg 150w, https:\/\/portaledicase.com\/wp-content\/uploads\/2025\/12\/3gemeos-3.jpg 1200w\" sizes=\"auto, (max-width: 1024px) 100vw, 1024px\"\/><figcaption class=\"wp-element-caption\">A sorte aparecer\u00e1 quando o geminiano escutar antes de responder (Imagem: Lyusaren | Shutterstock)<\/figcaption><\/figure>\n<\/p><\/div>\n<p>A carta \u201cO Papa\u201d indica que ser\u00e1 um <strong><a href=\"https:\/\/portaledicase.com\/signos-mais-estudiosos-do-zodiaco\/\" target=\"_blank\" rel=\"noreferrer noopener\">momento de aprendizado<\/a><\/strong> ou orienta\u00e7\u00e3o. Poder\u00e1 surgir algu\u00e9m que lhe dar\u00e1 um conselho importante ou uma situa\u00e7\u00e3o que far\u00e1 voc\u00ea refletir mais profundamente. A sorte aparecer\u00e1 quando voc\u00ea escutar antes de responder. \u00c0s vezes, uma conversa mais s\u00e9ria traz exatamente a clareza de que voc\u00ea precisa.<\/p>\n<h2 class=\"wp-block-heading\" id=\"h-cancer-o-louco\">C\u00e2ncer \u2013 O Louco<\/h2>\n<div class=\"wp-block-image\">\n<figure class=\"aligncenter size-large\"><img loading=\"lazy\" decoding=\"async\" width=\"1024\" height=\"683\" src=\"https:\/\/portaledicase.com\/wp-content\/uploads\/2025\/12\/4cancer-2-1024x683.jpg\" alt=\"Ilustra\u00e7\u00e3o do signo de C\u00e2ncer, contendo dois c\u00edrculos conectados por linhas curvas em formato de pin\u00e7as de caranguejo, em fundo azul-escuro\" class=\"wp-image-543839\" srcset=\"https:\/\/portaledicase.com\/wp-content\/uploads\/2025\/12\/4cancer-2-1024x683.jpg 1024w, https:\/\/portaledicase.com\/wp-content\/uploads\/2025\/12\/4cancer-2-300x200.jpg 300w, https:\/\/portaledicase.com\/wp-content\/uploads\/2025\/12\/4cancer-2-768x512.jpg 768w, https:\/\/portaledicase.com\/wp-content\/uploads\/2025\/12\/4cancer-2-640x427.jpg 640w, https:\/\/portaledicase.com\/wp-content\/uploads\/2025\/12\/4cancer-2-150x100.jpg 150w, https:\/\/portaledicase.com\/wp-content\/uploads\/2025\/12\/4cancer-2.jpg 1200w\" sizes=\"auto, (max-width: 1024px) 100vw, 1024px\"\/><figcaption class=\"wp-element-caption\">Algo inesperado poder\u00e1 surgir, convidando o canceriano a experimentar algo diferente (Imagem: Lyusaren | Shutterstock)<\/figcaption><\/figure>\n<\/p><\/div>\n<p>A carta \u201cO Louco\u201d mostra que haver\u00e1 energia de novidade e liberdade. Algo inesperado poder\u00e1 surgir, convidando voc\u00ea a experimentar algo diferente. Poder\u00e1 ser uma ideia, um convite ou at\u00e9 uma mudan\u00e7a de planos. A sorte aparecer\u00e1 quando voc\u00ea se permitir viver a experi\u00eancia sem medo de parecer um pouco maluco.<\/p>\n<h2 class=\"wp-block-heading\" id=\"h-leao-dez-de-paus\">Le\u00e3o \u2013 Dez de Paus<\/h2>\n<div class=\"wp-block-image\">\n<figure class=\"aligncenter size-large\"><img loading=\"lazy\" decoding=\"async\" width=\"1024\" height=\"683\" src=\"https:\/\/portaledicase.com\/wp-content\/uploads\/2025\/12\/5leao-3-1024x683.jpg\" alt=\"Ilustra\u00e7\u00e3o do signo de Le\u00e3o, contendo um c\u00edrculo pequeno conectado a uma linha ondulada que forma uma cauda curvada, em fundo azul-escuro\" class=\"wp-image-543840\" srcset=\"https:\/\/portaledicase.com\/wp-content\/uploads\/2025\/12\/5leao-3-1024x683.jpg 1024w, https:\/\/portaledicase.com\/wp-content\/uploads\/2025\/12\/5leao-3-300x200.jpg 300w, https:\/\/portaledicase.com\/wp-content\/uploads\/2025\/12\/5leao-3-768x512.jpg 768w, https:\/\/portaledicase.com\/wp-content\/uploads\/2025\/12\/5leao-3-640x427.jpg 640w, https:\/\/portaledicase.com\/wp-content\/uploads\/2025\/12\/5leao-3-150x100.jpg 150w, https:\/\/portaledicase.com\/wp-content\/uploads\/2025\/12\/5leao-3.jpg 1200w\" sizes=\"auto, (max-width: 1024px) 100vw, 1024px\"\/><figcaption class=\"wp-element-caption\"> A sorte aparecer\u00e1 quando o leonino perceber que n\u00e3o precisa segurar tudo sozinho (Imagem: Lyusaren | Shutterstock)<\/figcaption><\/figure>\n<\/p><\/div>\n<p>A carta \u201cDez de Paus\u201d indica que ser\u00e1 uma semana um pouco puxada, com responsabilidades acumuladas. Poder\u00e1 parecer que voc\u00ea est\u00e1 carregando muitas coisas ao mesmo tempo. A <strong><a href=\"https:\/\/portaledicase.com\/sorte-garantida-conheca-o-amuleto-de-cada-signo\/\" target=\"_blank\" rel=\"noreferrer noopener\">sorte <\/a><\/strong>aparecer\u00e1 quando perceber que n\u00e3o precisa segurar tudo sozinho(a). Delegar, organizar e simplificar poder\u00e1 aliviar bastante o peso.<\/p>\n<h2 class=\"wp-block-heading\" id=\"h-virgem-o-mundo\">Virgem \u2013 O Mundo<\/h2>\n<div class=\"wp-block-image\">\n<figure class=\"aligncenter size-large\"><img loading=\"lazy\" decoding=\"async\" width=\"1024\" height=\"683\" src=\"https:\/\/portaledicase.com\/wp-content\/uploads\/2025\/12\/6virgem-3-1024x683.jpg\" alt=\"Ilustra\u00e7\u00e3o do signo de Virgem, contendo tr\u00eas hastes verticais onduladas conectadas na base com um la\u00e7o fechado na \u00faltima, em fundo azul-escuro\" class=\"wp-image-543841\" srcset=\"https:\/\/portaledicase.com\/wp-content\/uploads\/2025\/12\/6virgem-3-1024x683.jpg 1024w, https:\/\/portaledicase.com\/wp-content\/uploads\/2025\/12\/6virgem-3-300x200.jpg 300w, https:\/\/portaledicase.com\/wp-content\/uploads\/2025\/12\/6virgem-3-768x512.jpg 768w, https:\/\/portaledicase.com\/wp-content\/uploads\/2025\/12\/6virgem-3-640x427.jpg 640w, https:\/\/portaledicase.com\/wp-content\/uploads\/2025\/12\/6virgem-3-150x100.jpg 150w, https:\/\/portaledicase.com\/wp-content\/uploads\/2025\/12\/6virgem-3.jpg 1200w\" sizes=\"auto, (max-width: 1024px) 100vw, 1024px\"\/><figcaption class=\"wp-element-caption\">Algo importante poder\u00e1 chegar a uma conclus\u00e3o ou trazer uma sensa\u00e7\u00e3o de realiza\u00e7\u00e3o ao virginiano (Imagem: Lyusaren | Shutterstock)<\/figcaption><\/figure>\n<\/p><\/div>\n<p>A carta \u201cO Mundo\u201d indica que um ciclo est\u00e1 se completando. Algo importante poder\u00e1 chegar a uma conclus\u00e3o ou trazer uma sensa\u00e7\u00e3o de realiza\u00e7\u00e3o. Poder\u00e1 ser um projeto, uma fase da vida ou uma meta pessoal. A sorte aparecer\u00e1 quando voc\u00ea reconhecer o quanto caminhou at\u00e9 aqui. Ser\u00e1 hora de celebrar antes de come\u00e7ar o pr\u00f3ximo cap\u00edtulo.<\/p>\n<h2 class=\"wp-block-heading\" id=\"h-libra-dois-de-espadas\">Libra \u2013 Dois de Espadas<\/h2>\n<div class=\"wp-block-image\">\n<figure class=\"aligncenter size-large\"><img loading=\"lazy\" decoding=\"async\" width=\"1024\" height=\"683\" src=\"https:\/\/portaledicase.com\/wp-content\/uploads\/2025\/12\/7libra-3-1024x683.jpg\" alt=\"Ilustra\u00e7\u00e3o do signo de Libra, contendo um c\u00edrculo sobre uma linha horizontal representando os pratos de uma balan\u00e7a, em fundo azul-escuro\" class=\"wp-image-543842\" srcset=\"https:\/\/portaledicase.com\/wp-content\/uploads\/2025\/12\/7libra-3-1024x683.jpg 1024w, https:\/\/portaledicase.com\/wp-content\/uploads\/2025\/12\/7libra-3-300x200.jpg 300w, https:\/\/portaledicase.com\/wp-content\/uploads\/2025\/12\/7libra-3-768x512.jpg 768w, https:\/\/portaledicase.com\/wp-content\/uploads\/2025\/12\/7libra-3-640x427.jpg 640w, https:\/\/portaledicase.com\/wp-content\/uploads\/2025\/12\/7libra-3-150x100.jpg 150w, https:\/\/portaledicase.com\/wp-content\/uploads\/2025\/12\/7libra-3.jpg 1200w\" sizes=\"auto, (max-width: 1024px) 100vw, 1024px\"\/><figcaption class=\"wp-element-caption\">A sorte aparecer\u00e1 quando o libriano encarar a situa\u00e7\u00e3o com honestidade (Imagem: Lyusaren | Shutterstock)<\/figcaption><\/figure>\n<\/p><\/div>\n<p>A <strong><a href=\"https:\/\/portaledicase.com\/descubra-a-carta-do-taro-de-cada-signo\/\" target=\"_blank\" rel=\"noreferrer noopener\">carta<\/a><\/strong> \u201cDois de Espadas\u201d mostra que ser\u00e1 um momento de decis\u00e3o, mas com certa indecis\u00e3o no ar. Voc\u00ea poder\u00e1 evitar olhar para algo que precisa ser resolvido. A sorte aparecer\u00e1 quando voc\u00ea encarar a situa\u00e7\u00e3o com honestidade. Quando a escolha for feita, a energia voltar\u00e1 a fluir.<\/p>\n<h2 class=\"wp-block-heading\" id=\"h-escorpiao-sete-de-espadas\">Escorpi\u00e3o \u2013 Sete de Espadas<\/h2>\n<div class=\"wp-block-image\">\n<figure class=\"aligncenter size-large\"><img loading=\"lazy\" decoding=\"async\" width=\"1024\" height=\"683\" src=\"https:\/\/portaledicase.com\/wp-content\/uploads\/2025\/12\/8escorpiao-3-1024x683.jpg\" alt=\"Ilustra\u00e7\u00e3o do signo de Escorpi\u00e3o, contendo tr\u00eas hastes verticais onduladas conectadas com uma seta apontando para a direita, em fundo azul-escuro\" class=\"wp-image-543843\" srcset=\"https:\/\/portaledicase.com\/wp-content\/uploads\/2025\/12\/8escorpiao-3-1024x683.jpg 1024w, https:\/\/portaledicase.com\/wp-content\/uploads\/2025\/12\/8escorpiao-3-300x200.jpg 300w, https:\/\/portaledicase.com\/wp-content\/uploads\/2025\/12\/8escorpiao-3-768x512.jpg 768w, https:\/\/portaledicase.com\/wp-content\/uploads\/2025\/12\/8escorpiao-3-640x427.jpg 640w, https:\/\/portaledicase.com\/wp-content\/uploads\/2025\/12\/8escorpiao-3-150x100.jpg 150w, https:\/\/portaledicase.com\/wp-content\/uploads\/2025\/12\/8escorpiao-3.jpg 1200w\" sizes=\"auto, (max-width: 1024px) 100vw, 1024px\"\/><figcaption class=\"wp-element-caption\">A sorte aparecer\u00e1 quando o escorpiano observar mais e confiar no seu instinto (Imagem: Lyusaren | Shutterstock)<\/figcaption><\/figure>\n<\/p><\/div>\n<p>Ser\u00e1 necess\u00e1rio cuidado com mal-entendidos ou com pessoas que falam mais do que devem. A carta \u201cSete de Espadas\u201d pede aten\u00e7\u00e3o com informa\u00e7\u00f5es e estrat\u00e9gias. A sorte aparecer\u00e1 quando voc\u00ea observar mais e confiar no seu instinto. Seu signo costuma perceber coisas que ningu\u00e9m mais v\u00ea.<\/p>\n<h2 class=\"wp-block-heading\" id=\"h-sagitario-as-de-ouros\">Sagit\u00e1rio \u2013 \u00c1s de Ouros<\/h2>\n<div class=\"wp-block-image\">\n<figure class=\"aligncenter size-large\"><img loading=\"lazy\" decoding=\"async\" width=\"1024\" height=\"683\" src=\"https:\/\/portaledicase.com\/wp-content\/uploads\/2025\/12\/9sagitario-3-1024x683.jpg\" alt=\"Ilustra\u00e7\u00e3o do signo de Sagit\u00e1rio, contendo uma seta diagonal apontando para cima e direita cortada por uma linha horizontal, em fundo azul-escuro\" class=\"wp-image-543844\" srcset=\"https:\/\/portaledicase.com\/wp-content\/uploads\/2025\/12\/9sagitario-3-1024x683.jpg 1024w, https:\/\/portaledicase.com\/wp-content\/uploads\/2025\/12\/9sagitario-3-300x200.jpg 300w, https:\/\/portaledicase.com\/wp-content\/uploads\/2025\/12\/9sagitario-3-768x512.jpg 768w, https:\/\/portaledicase.com\/wp-content\/uploads\/2025\/12\/9sagitario-3-640x427.jpg 640w, https:\/\/portaledicase.com\/wp-content\/uploads\/2025\/12\/9sagitario-3-150x100.jpg 150w, https:\/\/portaledicase.com\/wp-content\/uploads\/2025\/12\/9sagitario-3.jpg 1200w\" sizes=\"auto, (max-width: 1024px) 100vw, 1024px\"\/><figcaption class=\"wp-element-caption\">Uma oportunidade concreta poder\u00e1 surgir ao sagitariano (Imagem: Lyusaren | Shutterstock)<\/figcaption><\/figure>\n<\/p><\/div>\n<p>A carta \u201c\u00c1s de Ouros\u201d indica que uma oportunidade concreta poder\u00e1 surgir. Poder\u00e1 envolver dinheiro, <strong><a href=\"https:\/\/portaledicase.com\/signos-mais-trabalhadores-do-zodiaco\/\" target=\"_blank\" rel=\"noreferrer noopener\">trabalho<\/a><\/strong>, projeto ou algo que trar\u00e1 seguran\u00e7a para o futuro. A sorte aparecer\u00e1 quando voc\u00ea reconhecer o potencial dessa chance e decidir cultiv\u00e1-la. Pequenas sementes poder\u00e3o se transformar em algo grande.<\/p>\n<h2 class=\"wp-block-heading\" id=\"h-capricornio-rainha-de-paus\">Capric\u00f3rnio \u2013 Rainha de Paus<\/h2>\n<div class=\"wp-block-image\">\n<figure class=\"aligncenter size-large\"><img loading=\"lazy\" decoding=\"async\" width=\"1024\" height=\"683\" src=\"https:\/\/portaledicase.com\/wp-content\/uploads\/2025\/12\/10capricornio-3-1024x683.jpg\" alt=\"Ilustra\u00e7\u00e3o do signo de Capric\u00f3rnio, contendo um V invertido conectado a uma espiral que se enrola para dentro, em fundo azul-escuro\" class=\"wp-image-543845\" srcset=\"https:\/\/portaledicase.com\/wp-content\/uploads\/2025\/12\/10capricornio-3-1024x683.jpg 1024w, https:\/\/portaledicase.com\/wp-content\/uploads\/2025\/12\/10capricornio-3-300x200.jpg 300w, https:\/\/portaledicase.com\/wp-content\/uploads\/2025\/12\/10capricornio-3-768x512.jpg 768w, https:\/\/portaledicase.com\/wp-content\/uploads\/2025\/12\/10capricornio-3-640x427.jpg 640w, https:\/\/portaledicase.com\/wp-content\/uploads\/2025\/12\/10capricornio-3-150x100.jpg 150w, https:\/\/portaledicase.com\/wp-content\/uploads\/2025\/12\/10capricornio-3.jpg 1200w\" sizes=\"auto, (max-width: 1024px) 100vw, 1024px\"\/><figcaption class=\"wp-element-caption\">Ser\u00e1 uma semana boa para o capricorniano liderar, criar e mostrar suas ideias (Imagem: Lyusaren | Shutterstock)<\/figcaption><\/figure>\n<\/p><\/div>\n<p>A carta \u201cRainha de Paus\u201d mostra que haver\u00e1 confian\u00e7a e magnetismo. Voc\u00ea poder\u00e1 perceber que sua presen\u00e7a chama aten\u00e7\u00e3o e inspira as pessoas ao redor. Ser\u00e1 uma semana boa para liderar, criar e mostrar suas ideias. A sorte aparecer\u00e1 quando voc\u00ea acreditar no seu pr\u00f3prio brilho, sem precisar provar nada para ningu\u00e9m.<\/p>\n<h2 class=\"wp-block-heading\" id=\"h-aquario-nove-de-espadas\">Aqu\u00e1rio \u2013 Nove de Espadas<\/h2>\n<div class=\"wp-block-image\">\n<figure class=\"aligncenter size-large\"><img loading=\"lazy\" decoding=\"async\" width=\"1024\" height=\"683\" src=\"https:\/\/portaledicase.com\/wp-content\/uploads\/2025\/12\/11aquario-3-1024x683.jpg\" alt=\"Ilustra\u00e7\u00e3o do signo de Aqu\u00e1rio, contendo duas linhas horizontais paralelas em formato de ondas ou zigue-zague, em fundo azul-escuro\" class=\"wp-image-543846\" srcset=\"https:\/\/portaledicase.com\/wp-content\/uploads\/2025\/12\/11aquario-3-1024x683.jpg 1024w, https:\/\/portaledicase.com\/wp-content\/uploads\/2025\/12\/11aquario-3-300x200.jpg 300w, https:\/\/portaledicase.com\/wp-content\/uploads\/2025\/12\/11aquario-3-768x512.jpg 768w, https:\/\/portaledicase.com\/wp-content\/uploads\/2025\/12\/11aquario-3-640x427.jpg 640w, https:\/\/portaledicase.com\/wp-content\/uploads\/2025\/12\/11aquario-3-150x100.jpg 150w, https:\/\/portaledicase.com\/wp-content\/uploads\/2025\/12\/11aquario-3.jpg 1200w\" sizes=\"auto, (max-width: 1024px) 100vw, 1024px\"\/><figcaption class=\"wp-element-caption\">O aquariano passar\u00e1 por uma fase de pensamentos excessivos ou preocupa\u00e7\u00f5es (Imagem: Lyusaren | Shutterstock)<\/figcaption><\/figure>\n<\/p><\/div>\n<p>A carta \u201cNove de Espadas\u201d indica que poder\u00e1 surgir uma fase de pensamentos excessivos ou preocupa\u00e7\u00f5es que parecer\u00e3o maiores do que realmente ser\u00e3o. A sorte aparecer\u00e1 quando voc\u00ea n\u00e3o alimentar esses medos. Muitas vezes, <strong><a href=\"https:\/\/portaledicase.com\/veja-como-cada-signo-lida-com-o-medo\/\" target=\"_blank\" rel=\"noreferrer noopener\">a mente cria tempestades<\/a><\/strong> que a realidade n\u00e3o confirma.<\/p>\n<h2 class=\"wp-block-heading\" id=\"h-peixes-seis-de-ouros\">Peixes \u2013 Seis de Ouros<\/h2>\n<div class=\"wp-block-image\">\n<figure class=\"aligncenter size-large\"><img loading=\"lazy\" decoding=\"async\" width=\"1024\" height=\"683\" src=\"https:\/\/portaledicase.com\/wp-content\/uploads\/2025\/12\/12peixes-3-1024x683.jpg\" alt=\"Ilustra\u00e7\u00e3o do signo de Peixes, contendo dois arcos voltados para fora conectados por uma linha horizontal no centro, em fundo azul-escuro\" class=\"wp-image-543848\" srcset=\"https:\/\/portaledicase.com\/wp-content\/uploads\/2025\/12\/12peixes-3-1024x683.jpg 1024w, https:\/\/portaledicase.com\/wp-content\/uploads\/2025\/12\/12peixes-3-300x200.jpg 300w, https:\/\/portaledicase.com\/wp-content\/uploads\/2025\/12\/12peixes-3-768x512.jpg 768w, https:\/\/portaledicase.com\/wp-content\/uploads\/2025\/12\/12peixes-3-640x427.jpg 640w, https:\/\/portaledicase.com\/wp-content\/uploads\/2025\/12\/12peixes-3-150x100.jpg 150w, https:\/\/portaledicase.com\/wp-content\/uploads\/2025\/12\/12peixes-3.jpg 1200w\" sizes=\"auto, (max-width: 1024px) 100vw, 1024px\"\/><figcaption class=\"wp-element-caption\">A sorte aparecer\u00e1 quando o pisciano aceitar apoio e compartilhar o que tiver de bom (Imagem: Lyusaren | Shutterstock)<\/figcaption><\/figure>\n<\/p><\/div>\n<p>A carta \u201cSeis de Ouros\u201d mostra que haver\u00e1 energia de troca e generosidade. Poder\u00e1 ser uma semana em que a ajuda aparecer\u00e1 ou em que voc\u00ea ajudar\u00e1 algu\u00e9m. Haver\u00e1 equil\u00edbrio entre dar e receber. A sorte aparecer\u00e1 quando voc\u00ea aceitar apoio e compartilhar o que tiver de bom com o mundo.<\/p>\n<p><em><strong><a href=\"https:\/\/www.contosdefadas.com\/?fbclid=PAZXh0bgNhZW0CMTEAAaZV_Y-FHt8wcg8b1wLJn-DlgNKoWRKa3HVRU1QG-v31uB9Qslx6sd81ESk_aem_jxk2iWOjo7707-k4NfZZ7g\" target=\"_blank\" rel=\"noreferrer noopener\"><em>Victor Valentim<\/em><\/a><\/strong><\/em><\/p>\n<div class=\"wp-block-image\">\n<figure class=\"alignleft size-full\"><img loading=\"lazy\" decoding=\"async\" width=\"100\" height=\"100\" src=\"https:\/\/portaledicase.com\/wp-content\/uploads\/2025\/07\/victor.jpg\" alt=\"\" class=\"wp-image-476096\" srcset=\"https:\/\/portaledicase.com\/wp-content\/uploads\/2025\/07\/victor.jpg 100w, https:\/\/portaledicase.com\/wp-content\/uploads\/2025\/07\/victor-96x96.jpg 96w\" sizes=\"auto, (max-width: 100px) 100vw, 100px\"\/><\/figure>\n<\/p><\/div>\n<p><em>Apresentando o misticismo de forma descontra\u00edda, Victor Valentim faz sucesso nas redes sociais. O tar\u00f3logo e astr\u00f3logo trabalha com magia natural desde os 14 anos. Entregando o esoterismo aos internautas de forma leve e descontra\u00edda, ele tem se destacado pelas redes sociais\u00a0<strong><a href=\"https:\/\/www.instagram.com\/bosquedosgnomos?igsh=MXdjemN2c2llczVybw%3D%3D\" target=\"_blank\" rel=\"noreferrer noopener\">@bosquedosgnomos<\/a><\/strong>\u00a0e j\u00e1 coleciona quase 400 mil seguidore<\/em>s.<\/p>\n<section class=\"virals\">\n<article class=\"cardnews cardnews--post cardnews--has-thumbnail cardnews--editorial-noticias\"> <a href=\"https:\/\/www.tribunapr.com.br\/noticias\/parana\/golpe-do-ipva-engana-profissional-da-tecnologia-no-parana-como-evitar-a-fraude\/?utm_source=noticias-virais-rodape&amp;utm_medium=internal-tribuna&amp;utm_campaign=tribuna\" class=\"cardnews__postlink\"> <\/p>\n<div class=\"cardnews__image\" is-api-thumb=\"\"><img decoding=\"async\" src=\"https:\/\/www.tribunapr.com.br\/wp-content\/uploads\/2026\/02\/06122251\/golpe-ipva-detranpr-370x210.jpeg\" loading=\"lazy\" alt=\"At\u00e9 especialistas ca\u00edram: o detalhe no boleto do IPVA que rouba seu dinheiro\"\/><\/div>\n<div class=\"cardnews__content cardhome__content\">\n<div class=\"cardnews__content-wrapper\">\n<p> <span style=\"\"> Fique atento! <\/span> <\/p>\n<p>At\u00e9 especialistas ca\u00edram: o detalhe no boleto do IPVA que rouba seu dinheiro<\/p>\n<\/p><\/div>\n<\/p><\/div>\n<p> <\/a> <\/article>\n<article class=\"cardnews cardnews--post cardnews--has-thumbnail cardnews--editorial-noticias\"> <a href=\"https:\/\/www.tribunapr.com.br\/noticias\/curitiba-regiao\/litoral-do-parana-passa-a-figurar-entre-os-mais-valorizados-do-pais\/?utm_source=noticias-virais-rodape&amp;utm_medium=internal-tribuna&amp;utm_campaign=tribuna\" class=\"cardnews__postlink\"> <\/p>\n<div class=\"cardnews__image\" is-api-thumb=\"\"><img decoding=\"async\" src=\"https:\/\/www.tribunapr.com.br\/wp-content\/uploads\/2026\/02\/04151141\/matinhos-litoral-370x210.jpg\" loading=\"lazy\" alt=\"Adeus, pre\u00e7os baixos? Esta regi\u00e3o do Paran\u00e1 virou a nova 'mina de ouro'\"\/><\/div>\n<div class=\"cardnews__content cardhome__content\">\n<div class=\"cardnews__content-wrapper\">\n<p> <span style=\"\"> Mercado imobili\u00e1rio <\/span> <\/p>\n<p>Adeus, pre\u00e7os baixos? Esta regi\u00e3o do Paran\u00e1 virou a nova &#8216;mina de ouro&#8217;<\/p>\n<\/p><\/div>\n<\/p><\/div>\n<p> <\/a> <\/article>\n<article class=\"cardnews cardnews--post cardnews--has-thumbnail cardnews--editorial-noticias\"> <a href=\"https:\/\/www.tribunapr.com.br\/blogs\/rango-barateza\/biscoitos-da-vovo-elza-tradicao-que-nasceu-do-afeto-e-conquistou-curitiba\/?utm_source=noticias-virais-rodape&amp;utm_medium=internal-tribuna&amp;utm_campaign=tribuna\" class=\"cardnews__postlink\"> <\/p>\n<div class=\"cardnews__image\" is-api-thumb=\"\"><img decoding=\"async\" src=\"https:\/\/www.tribunapr.com.br\/wp-content\/uploads\/2026\/02\/06135141\/vovo-elza-02-770x440-1-370x210.webp\" loading=\"lazy\" alt=\"O segredo de Curitiba: como uma receita de fam\u00edlia virou um imp\u00e9rio do afeto\"\/><\/div>\n<div class=\"cardnews__content cardhome__content\">\n<div class=\"cardnews__content-wrapper\">\n<p> <span style=\"\"> Rango Barateza! <\/span> <\/p>\n<p>O segredo de Curitiba: como uma receita de fam\u00edlia virou um imp\u00e9rio do afeto<\/p>\n<\/p><\/div>\n<\/p><\/div>\n<p> <\/a> <\/article>\n<\/section>\n<div id=\"tribuna-follow-cta\">\n<p> <span class=\"cta-title\">Siga a <span class=\"tribuna-color\">Tribuna<\/span> no Google, e acompanhe as \u00faltimas not\u00edcias de Curitiba e regi\u00e3o!<\/span> <\/p>\n<p> <a href=\"https:\/\/profile.google.com\/cp\/CgwvZy8xMmxxajUzM3Mac2h0dHBzOi8vd3d3LnRyaWJ1bmFwci5jb20uYnIvdml2YS92aXRyaW5lL2dpZ2FudGUtZG8tdmVzdHVhcmlvLXJlaW5hdWd1cmEtbG9qYS1lbS1zaG9wcGluZy10cmFkaWNpb25hbC1kZS1jdXJpdGliYS8iElRyaWJ1bmEgZG8gUGFyYW7DoSqAAwrHAWh0dHBzOi8vZW5jcnlwdGVkLXRibjIuZ3N0YXRpYy5jb20vZmF2aWNvbi10Ym4_cT10Ym46QU5kOUdjUVJPbjVDRjR6TzJPbkUwTXZrRlRCRTY2U0g1bGlaVDRaZTV3bWNKeU5GRm1BSnluM01nNU9PR3BXY1pYMzZwYU5HUWtsZ09JVEFLTTNNZVNGbTc1aWp6M3k2ajUtQ3M2b25kX2JUcFFQQkVLd3RsUjBsTmJESnUtVHhrNXQtbFlCNlVpOWZSVVFjT2cSswFodHRwczovL2VuY3J5cHRlZC10Ym4zLmdzdGF0aWMuY29tL2Zhdmljb24tdGJuP3E9dGJuJTNBQU5kOUdjU0FMaWJ2eFF0YXdFMFRueVdWWmVKRS1MZEdRZjVTUi1OZ2RMazhyZzIwVy1nM0JuQ1F4VDNKZFBjRXR2THdBeVRxUDJEdHVycEdVR29CQkxpYzM5al9wSmFxRERaMHNCYW05WEVhSGVsMmZTQmdKdlF4WWVyMw\" target=\"_blank\" title=\"Seguir a Tribuna no Google\">  <\/a> <\/div>\n<\/p><\/div>\n<p><script async src=\"\/\/www.instagram.com\/embed.js\"><\/script><br \/>\n<br \/><a href=\"https:\/\/www.tribunapr.com.br\/variedades\/tarot-semanal-previsao-para-os-signos-de-23-a-29-de-marco-de-2026\/\">Fonte do Artigo <\/a><\/p>","protected":false},"excerpt":{"rendered":"<p>A semana ser\u00e1 marcada por uma energia mais introspectiva, pedindo aten\u00e7\u00e3o aos pensamentos e \u00e0 forma como cada signo lida com as pr\u00f3prias emo\u00e7\u00f5es. Segundo as cartas do tarot, haver\u00e1 tend\u00eancia a preocupa\u00e7\u00f5es exageradas ou cen\u00e1rios criados pela mente, mas o momento favorecer\u00e1 quem conseguir manter a clareza e n\u00e3o alimentar inseguran\u00e7as. Ser\u00e1 um per\u00edodo [&hellip;]<\/p>\n","protected":false},"author":1,"featured_media":96561,"comment_status":"closed","ping_status":"","sticky":false,"template":"","format":"standard","meta":{"googlesitekit_rrm_CAow2JLhCw:productID":"","_gspb_post_css":"","maa_idioma":"","maa_pais":"","footnotes":""},"categories":[1],"tags":[12304,2904,3085,3084,3086,3083],"class_list":["post-96560","post","type-post","status-publish","format-standard","has-post-thumbnail","hentry","category-ubirata","tag-marco","tag-para","tag-previsao","tag-semanal","tag-signos","tag-tarot"],"blocksy_meta":[],"yoast_head":"<!-- This site is optimized with the Yoast SEO Premium plugin v27.6 (Yoast SEO v27.6) - https:\/\/yoast.com\/product\/yoast-seo-premium-wordpress\/ -->\n<title>Tarot semanal: previs\u00e3o para os signos de 23 a 29 de mar\u00e7o de 2026 - Ubirat\u00e3 Online Not\u00edcias - A realidade ao seu alcance!<\/title>\n<meta name=\"description\" content=\"A semana ser\u00e1 marcada por uma energia mais introspectiva, pedindo aten\u00e7\u00e3o aos pensamentos e \u00e0 forma como cada signo lida com as pr\u00f3prias emo\u00e7\u00f5es. Segundo\" \/>\n<meta name=\"robots\" content=\"index, follow, max-snippet:-1, max-image-preview:large, max-video-preview:-1\" \/>\n<link rel=\"canonical\" href=\"https:\/\/ubirataonline.com.br\/en\/tarot-semanal-previsao-para-os-signos-de-23-a-29-de-marco-de-2026\/\" \/>\n<meta property=\"og:locale\" content=\"en_US\" \/>\n<meta property=\"og:type\" content=\"article\" \/>\n<meta property=\"og:title\" content=\"Tarot semanal: previs\u00e3o para os signos de 23 a 29 de mar\u00e7o de 2026\" \/>\n<meta property=\"og:description\" content=\"A semana ser\u00e1 marcada por uma energia mais introspectiva, pedindo aten\u00e7\u00e3o aos pensamentos e \u00e0 forma como cada signo lida com as pr\u00f3prias emo\u00e7\u00f5es. Segundo\" \/>\n<meta property=\"og:url\" content=\"https:\/\/ubirataonline.com.br\/en\/tarot-semanal-previsao-para-os-signos-de-23-a-29-de-marco-de-2026\/\" \/>\n<meta property=\"og:site_name\" content=\"Ubirat\u00e3 Online Not\u00edcias - A realidade ao seu alcance!\" \/>\n<meta property=\"article:publisher\" content=\"https:\/\/www.facebook.com\/portalubirataonline\" \/>\n<meta property=\"article:author\" content=\"https:\/\/www.facebook.com\/portalubirataonline\" \/>\n<meta property=\"article:published_time\" content=\"2026-03-22T11:34:46+00:00\" \/>\n<meta property=\"article:modified_time\" content=\"2026-03-22T11:34:49+00:00\" \/>\n<meta property=\"og:image\" content=\"https:\/\/ubirataonline.com.br\/wp-content\/uploads\/2026\/03\/Tarot-semanal-previsao-para-os-signos-de-23-a-29.jpg\" \/>\n\t<meta property=\"og:image:width\" content=\"1200\" \/>\n\t<meta property=\"og:image:height\" content=\"800\" \/>\n\t<meta property=\"og:image:type\" content=\"image\/jpeg\" \/>\n<meta name=\"author\" content=\"REDA\u00c7\u00c3O: UBIRAT\u00c3 ONLINE - F\u00c1BIO AUGUSTO CELESTINO\" \/>\n<meta name=\"twitter:card\" content=\"summary_large_image\" \/>\n<meta name=\"twitter:creator\" content=\"@x.com\/ubirataonline\" \/>\n<meta name=\"twitter:site\" content=\"@ubirataonline\" \/>\n<meta name=\"twitter:label1\" content=\"Written by\" \/>\n\t<meta name=\"twitter:data1\" content=\"REDA\u00c7\u00c3O: UBIRAT\u00c3 ONLINE - F\u00c1BIO AUGUSTO CELESTINO\" \/>\n\t<meta name=\"twitter:label2\" content=\"Est. reading time\" \/>\n\t<meta name=\"twitter:data2\" content=\"6 minutes\" \/>\n<script type=\"application\/ld+json\" class=\"yoast-schema-graph\">{\"@context\":\"https:\\\/\\\/schema.org\",\"@graph\":[{\"@type\":\"NewsArticle\",\"@id\":\"https:\\\/\\\/ubirataonline.com.br\\\/tarot-semanal-previsao-para-os-signos-de-23-a-29-de-marco-de-2026\\\/#article\",\"isPartOf\":{\"@id\":\"https:\\\/\\\/ubirataonline.com.br\\\/tarot-semanal-previsao-para-os-signos-de-23-a-29-de-marco-de-2026\\\/\"},\"author\":{\"name\":\"REDA\u00c7\u00c3O: UBIRAT\u00c3 ONLINE - F\u00c1BIO AUGUSTO CELESTINO\",\"@id\":\"https:\\\/\\\/ubirataonline.com.br\\\/#\\\/schema\\\/person\\\/372f87bbd3fdd79b8556b84c98d0bc1c\"},\"headline\":\"Tarot semanal: previs\u00e3o para os signos de 23 a 29 de mar\u00e7o de 2026\",\"datePublished\":\"2026-03-22T11:34:46+00:00\",\"dateModified\":\"2026-03-22T11:34:49+00:00\",\"mainEntityOfPage\":{\"@id\":\"https:\\\/\\\/ubirataonline.com.br\\\/tarot-semanal-previsao-para-os-signos-de-23-a-29-de-marco-de-2026\\\/\"},\"wordCount\":1132,\"publisher\":{\"@id\":\"https:\\\/\\\/ubirataonline.com.br\\\/#organization\"},\"image\":{\"@id\":\"https:\\\/\\\/ubirataonline.com.br\\\/tarot-semanal-previsao-para-os-signos-de-23-a-29-de-marco-de-2026\\\/#primaryimage\"},\"thumbnailUrl\":\"https:\\\/\\\/ubirataonline.com.br\\\/wp-content\\\/uploads\\\/2026\\\/03\\\/Tarot-semanal-previsao-para-os-signos-de-23-a-29.jpg\",\"keywords\":[\"Marco\",\"para\",\"previs\u00e3o\",\"semanal\",\"signos\",\"Tarot\"],\"articleSection\":[\"Ubirat\u00e3\"],\"inLanguage\":\"en-US\",\"copyrightYear\":\"2026\",\"copyrightHolder\":{\"@id\":\"https:\\\/\\\/ubirataonline.com.br\\\/en\\\/#organization\"}},{\"@type\":\"WebPage\",\"@id\":\"https:\\\/\\\/ubirataonline.com.br\\\/tarot-semanal-previsao-para-os-signos-de-23-a-29-de-marco-de-2026\\\/\",\"url\":\"https:\\\/\\\/ubirataonline.com.br\\\/tarot-semanal-previsao-para-os-signos-de-23-a-29-de-marco-de-2026\\\/\",\"name\":\"Tarot semanal: previs\u00e3o para os signos de 23 a 29 de mar\u00e7o de 2026 - Ubirat\u00e3 Online Not\u00edcias - A realidade ao seu alcance!\",\"isPartOf\":{\"@id\":\"https:\\\/\\\/ubirataonline.com.br\\\/#website\"},\"primaryImageOfPage\":{\"@id\":\"https:\\\/\\\/ubirataonline.com.br\\\/tarot-semanal-previsao-para-os-signos-de-23-a-29-de-marco-de-2026\\\/#primaryimage\"},\"image\":{\"@id\":\"https:\\\/\\\/ubirataonline.com.br\\\/tarot-semanal-previsao-para-os-signos-de-23-a-29-de-marco-de-2026\\\/#primaryimage\"},\"thumbnailUrl\":\"https:\\\/\\\/ubirataonline.com.br\\\/wp-content\\\/uploads\\\/2026\\\/03\\\/Tarot-semanal-previsao-para-os-signos-de-23-a-29.jpg\",\"datePublished\":\"2026-03-22T11:34:46+00:00\",\"dateModified\":\"2026-03-22T11:34:49+00:00\",\"description\":\"A semana ser\u00e1 marcada por uma energia mais introspectiva, pedindo aten\u00e7\u00e3o aos pensamentos e \u00e0 forma como cada signo lida com as pr\u00f3prias emo\u00e7\u00f5es. Segundo\",\"breadcrumb\":{\"@id\":\"https:\\\/\\\/ubirataonline.com.br\\\/tarot-semanal-previsao-para-os-signos-de-23-a-29-de-marco-de-2026\\\/#breadcrumb\"},\"inLanguage\":\"en-US\",\"potentialAction\":[{\"@type\":\"ReadAction\",\"target\":[\"https:\\\/\\\/ubirataonline.com.br\\\/tarot-semanal-previsao-para-os-signos-de-23-a-29-de-marco-de-2026\\\/\"]}]},{\"@type\":\"ImageObject\",\"inLanguage\":\"en-US\",\"@id\":\"https:\\\/\\\/ubirataonline.com.br\\\/tarot-semanal-previsao-para-os-signos-de-23-a-29-de-marco-de-2026\\\/#primaryimage\",\"url\":\"https:\\\/\\\/ubirataonline.com.br\\\/wp-content\\\/uploads\\\/2026\\\/03\\\/Tarot-semanal-previsao-para-os-signos-de-23-a-29.jpg\",\"contentUrl\":\"https:\\\/\\\/ubirataonline.com.br\\\/wp-content\\\/uploads\\\/2026\\\/03\\\/Tarot-semanal-previsao-para-os-signos-de-23-a-29.jpg\",\"width\":1200,\"height\":800,\"caption\":\"A semana favorecer\u00e1 quem conseguir manter a clareza e n\u00e3o alimentar inseguran\u00e7as (Imagem: NEBULA_319 | Shutterstock)\"},{\"@type\":\"BreadcrumbList\",\"@id\":\"https:\\\/\\\/ubirataonline.com.br\\\/tarot-semanal-previsao-para-os-signos-de-23-a-29-de-marco-de-2026\\\/#breadcrumb\",\"itemListElement\":[{\"@type\":\"ListItem\",\"position\":1,\"name\":\"In\u00edcio\",\"item\":\"https:\\\/\\\/ubirataonline.com.br\\\/\"},{\"@type\":\"ListItem\",\"position\":2,\"name\":\"Tarot semanal: previs\u00e3o para os signos de 23 a 29 de mar\u00e7o de 2026\"}]},{\"@type\":\"WebSite\",\"@id\":\"https:\\\/\\\/ubirataonline.com.br\\\/#website\",\"url\":\"https:\\\/\\\/ubirataonline.com.br\\\/\",\"name\":\"Ubirat\u00e3 Online Not\u00edcias\",\"description\":\"Not\u00edcias de Ubirat\u00e3, regi\u00e3o, Brasil e mundo, com informa\u00e7\u00e3o atualizada e compromisso com o leitor.\",\"publisher\":{\"@id\":\"https:\\\/\\\/ubirataonline.com.br\\\/#organization\"},\"alternateName\":\"Ubirat\u00e3 Online\",\"potentialAction\":[{\"@type\":\"SearchAction\",\"target\":{\"@type\":\"EntryPoint\",\"urlTemplate\":\"https:\\\/\\\/ubirataonline.com.br\\\/?s={search_term_string}\"},\"query-input\":{\"@type\":\"PropertyValueSpecification\",\"valueRequired\":true,\"valueName\":\"search_term_string\"}}],\"inLanguage\":\"en-US\"},{\"@type\":[\"Organization\",\"Place\"],\"@id\":\"https:\\\/\\\/ubirataonline.com.br\\\/#organization\",\"name\":\"Ubirat\u00e3 Online Not\u00edcias\",\"alternateName\":\"Ubirat\u00e3 Online\",\"url\":\"https:\\\/\\\/ubirataonline.com.br\\\/\",\"logo\":{\"@id\":\"https:\\\/\\\/ubirataonline.com.br\\\/tarot-semanal-previsao-para-os-signos-de-23-a-29-de-marco-de-2026\\\/#local-main-organization-logo\"},\"image\":{\"@id\":\"https:\\\/\\\/ubirataonline.com.br\\\/tarot-semanal-previsao-para-os-signos-de-23-a-29-de-marco-de-2026\\\/#local-main-organization-logo\"},\"sameAs\":[\"https:\\\/\\\/www.facebook.com\\\/portalubirataonline\",\"https:\\\/\\\/x.com\\\/ubirataonline\",\"https:\\\/\\\/mastodon.social\\\/@ubirataonline\",\"https:\\\/\\\/www.facebook.com\\\/groups\\\/311144672285604\",\"https:\\\/\\\/www.facebook.com\\\/UBTAOnline\",\"https:\\\/\\\/www.instagram.com\\\/portalubirataonline\\\/\",\"https:\\\/\\\/twitter.com\\\/ubirataonline\"],\"description\":\"Somos um portal de not\u00edcias independente, criado em 5 de janeiro de 2009, com o objetivo de informar, conectar e valorizar a nossa comunidade de Ubirat\u00e3 e toda aregi\u00e3o. Com conte\u00fado atualizado, confi\u00e1vel e relevante, o Ubirat\u00e3 Online \u00e9 o seu espa\u00e7o para ficar por dentro dos principais acontecimentos locais, regionais, Brasil, Mundo e de interesse geral. Nosso compromisso \u00e9 com a verdade, a transpar\u00eancia e o respeito ao leitor.\",\"legalName\":\"UBIRATA ONLINE NOT\u00cdCIAS\",\"foundingDate\":\"2009-01-05\",\"numberOfEmployees\":{\"@type\":\"QuantitativeValue\",\"minValue\":\"1\",\"maxValue\":\"10\"},\"publishingPrinciples\":\"https:\\\/\\\/ubirataonline.com.br\\\/faq\\\/\",\"address\":{\"@id\":\"https:\\\/\\\/ubirataonline.com.br\\\/tarot-semanal-previsao-para-os-signos-de-23-a-29-de-marco-de-2026\\\/#local-main-place-address\"},\"geo\":{\"@type\":\"GeoCoordinates\",\"latitude\":\"-24.5361401\",\"longitude\":\"-52.9921776\"},\"telephone\":[\"+5544998308235\"],\"contactPoint\":{\"@type\":\"ContactPoint\",\"email\":\"contato@ubirataonline.com.br\"},\"openingHoursSpecification\":{\"@type\":\"OpeningHoursSpecification\",\"dayOfWeek\":[\"Monday\",\"Tuesday\",\"Wednesday\",\"Thursday\",\"Friday\",\"Saturday\",\"Sunday\"],\"opens\":\"00:00\",\"closes\":\"23:59\"},\"email\":\"contato@ubirataonline.com.br\",\"vatID\":\"47.621.418\\\/0001-80\"},{\"@type\":\"Person\",\"@id\":\"https:\\\/\\\/ubirataonline.com.br\\\/#\\\/schema\\\/person\\\/372f87bbd3fdd79b8556b84c98d0bc1c\",\"name\":\"REDA\u00c7\u00c3O: UBIRAT\u00c3 ONLINE - F\u00c1BIO AUGUSTO CELESTINO\",\"pronouns\":\"Ele\",\"description\":\"Desde 2003 trabalhando com not\u00edcias.\",\"sameAs\":[\"http:\\\/\\\/ubirataoline.com.br\",\"https:\\\/\\\/www.facebook.com\\\/portalubirataonline\",\"https:\\\/\\\/www.instagram.com\\\/ubirataonline_oficial\",\"https:\\\/\\\/x.com\\\/x.com\\\/ubirataonline\"],\"honorificPrefix\":\"Mr.\",\"honorificSuffix\":\"MD\",\"birthDate\":\"1980-06-16\",\"gender\":\"masculino\",\"award\":[\"V\u00e1rios pr\u00eamios de melhor portal da cidade\"],\"jobTitle\":\"Diretor\",\"url\":\"https:\\\/\\\/ubirataonline.com.br\\\/en\\\/author\\\/ubirataonline\\\/\"},{\"@type\":\"PostalAddress\",\"@id\":\"https:\\\/\\\/ubirataonline.com.br\\\/tarot-semanal-previsao-para-os-signos-de-23-a-29-de-marco-de-2026\\\/#local-main-place-address\",\"streetAddress\":\"Rua dos Coqueiros, 104 - Bairro Boa Vista, Rua dos Coqueiros, 104 Bairro Boa Vista\",\"addressLocality\":\"UBIRATA\",\"postalCode\":\"85440-000\",\"addressRegion\":\"PR\",\"addressCountry\":\"BR\"},{\"@type\":\"ImageObject\",\"inLanguage\":\"en-US\",\"@id\":\"https:\\\/\\\/ubirataonline.com.br\\\/tarot-semanal-previsao-para-os-signos-de-23-a-29-de-marco-de-2026\\\/#local-main-organization-logo\",\"url\":\"https:\\\/\\\/ubirataonline.com.br\\\/wp-content\\\/uploads\\\/2026\\\/06\\\/logoubirataonline-1.webp\",\"contentUrl\":\"https:\\\/\\\/ubirataonline.com.br\\\/wp-content\\\/uploads\\\/2026\\\/06\\\/logoubirataonline-1.webp\",\"width\":500,\"height\":500,\"caption\":\"Ubirat\u00e3 Online Not\u00edcias\"}]}<\/script>\n<meta name=\"geo.placename\" content=\"UBIRATA\" \/>\n<meta name=\"geo.position\" content=\"-24.5361401;-52.9921776\" \/>\n<meta name=\"geo.region\" content=\"Brazil\" \/>\n<!-- \/ Yoast SEO Premium plugin. -->","yoast_head_json":{"title":"Tarot semanal: previs\u00e3o para os signos de 23 a 29 de mar\u00e7o de 2026 - Ubirat\u00e3 Online Not\u00edcias - A realidade ao seu alcance!","description":"A semana ser\u00e1 marcada por uma energia mais introspectiva, pedindo aten\u00e7\u00e3o aos pensamentos e \u00e0 forma como cada signo lida com as pr\u00f3prias emo\u00e7\u00f5es. Segundo","robots":{"index":"index","follow":"follow","max-snippet":"max-snippet:-1","max-image-preview":"max-image-preview:large","max-video-preview":"max-video-preview:-1"},"canonical":"https:\/\/ubirataonline.com.br\/en\/tarot-semanal-previsao-para-os-signos-de-23-a-29-de-marco-de-2026\/","og_locale":"en_US","og_type":"article","og_title":"Tarot semanal: previs\u00e3o para os signos de 23 a 29 de mar\u00e7o de 2026","og_description":"A semana ser\u00e1 marcada por uma energia mais introspectiva, pedindo aten\u00e7\u00e3o aos pensamentos e \u00e0 forma como cada signo lida com as pr\u00f3prias emo\u00e7\u00f5es. Segundo","og_url":"https:\/\/ubirataonline.com.br\/en\/tarot-semanal-previsao-para-os-signos-de-23-a-29-de-marco-de-2026\/","og_site_name":"Ubirat\u00e3 Online Not\u00edcias - A realidade ao seu alcance!","article_publisher":"https:\/\/www.facebook.com\/portalubirataonline","article_author":"https:\/\/www.facebook.com\/portalubirataonline","article_published_time":"2026-03-22T11:34:46+00:00","article_modified_time":"2026-03-22T11:34:49+00:00","og_image":[{"width":1200,"height":800,"url":"https:\/\/ubirataonline.com.br\/wp-content\/uploads\/2026\/03\/Tarot-semanal-previsao-para-os-signos-de-23-a-29.jpg","type":"image\/jpeg"}],"author":"REDA\u00c7\u00c3O: UBIRAT\u00c3 ONLINE - F\u00c1BIO AUGUSTO CELESTINO","twitter_card":"summary_large_image","twitter_creator":"@x.com\/ubirataonline","twitter_site":"@ubirataonline","twitter_misc":{"Written by":"REDA\u00c7\u00c3O: UBIRAT\u00c3 ONLINE - F\u00c1BIO AUGUSTO CELESTINO","Est. reading time":"6 minutes"},"schema":{"@context":"https:\/\/schema.org","@graph":[{"@type":"NewsArticle","@id":"https:\/\/ubirataonline.com.br\/tarot-semanal-previsao-para-os-signos-de-23-a-29-de-marco-de-2026\/#article","isPartOf":{"@id":"https:\/\/ubirataonline.com.br\/tarot-semanal-previsao-para-os-signos-de-23-a-29-de-marco-de-2026\/"},"author":{"name":"REDA\u00c7\u00c3O: UBIRAT\u00c3 ONLINE - F\u00c1BIO AUGUSTO CELESTINO","@id":"https:\/\/ubirataonline.com.br\/#\/schema\/person\/372f87bbd3fdd79b8556b84c98d0bc1c"},"headline":"Tarot semanal: previs\u00e3o para os signos de 23 a 29 de mar\u00e7o de 2026","datePublished":"2026-03-22T11:34:46+00:00","dateModified":"2026-03-22T11:34:49+00:00","mainEntityOfPage":{"@id":"https:\/\/ubirataonline.com.br\/tarot-semanal-previsao-para-os-signos-de-23-a-29-de-marco-de-2026\/"},"wordCount":1132,"publisher":{"@id":"https:\/\/ubirataonline.com.br\/#organization"},"image":{"@id":"https:\/\/ubirataonline.com.br\/tarot-semanal-previsao-para-os-signos-de-23-a-29-de-marco-de-2026\/#primaryimage"},"thumbnailUrl":"https:\/\/ubirataonline.com.br\/wp-content\/uploads\/2026\/03\/Tarot-semanal-previsao-para-os-signos-de-23-a-29.jpg","keywords":["Marco","para","previs\u00e3o","semanal","signos","Tarot"],"articleSection":["Ubirat\u00e3"],"inLanguage":"en-US","copyrightYear":"2026","copyrightHolder":{"@id":"https:\/\/ubirataonline.com.br\/en\/#organization"}},{"@type":"WebPage","@id":"https:\/\/ubirataonline.com.br\/tarot-semanal-previsao-para-os-signos-de-23-a-29-de-marco-de-2026\/","url":"https:\/\/ubirataonline.com.br\/tarot-semanal-previsao-para-os-signos-de-23-a-29-de-marco-de-2026\/","name":"Tarot semanal: previs\u00e3o para os signos de 23 a 29 de mar\u00e7o de 2026 - Ubirat\u00e3 Online Not\u00edcias - A realidade ao seu alcance!","isPartOf":{"@id":"https:\/\/ubirataonline.com.br\/#website"},"primaryImageOfPage":{"@id":"https:\/\/ubirataonline.com.br\/tarot-semanal-previsao-para-os-signos-de-23-a-29-de-marco-de-2026\/#primaryimage"},"image":{"@id":"https:\/\/ubirataonline.com.br\/tarot-semanal-previsao-para-os-signos-de-23-a-29-de-marco-de-2026\/#primaryimage"},"thumbnailUrl":"https:\/\/ubirataonline.com.br\/wp-content\/uploads\/2026\/03\/Tarot-semanal-previsao-para-os-signos-de-23-a-29.jpg","datePublished":"2026-03-22T11:34:46+00:00","dateModified":"2026-03-22T11:34:49+00:00","description":"A semana ser\u00e1 marcada por uma energia mais introspectiva, pedindo aten\u00e7\u00e3o aos pensamentos e \u00e0 forma como cada signo lida com as pr\u00f3prias emo\u00e7\u00f5es. Segundo","breadcrumb":{"@id":"https:\/\/ubirataonline.com.br\/tarot-semanal-previsao-para-os-signos-de-23-a-29-de-marco-de-2026\/#breadcrumb"},"inLanguage":"en-US","potentialAction":[{"@type":"ReadAction","target":["https:\/\/ubirataonline.com.br\/tarot-semanal-previsao-para-os-signos-de-23-a-29-de-marco-de-2026\/"]}]},{"@type":"ImageObject","inLanguage":"en-US","@id":"https:\/\/ubirataonline.com.br\/tarot-semanal-previsao-para-os-signos-de-23-a-29-de-marco-de-2026\/#primaryimage","url":"https:\/\/ubirataonline.com.br\/wp-content\/uploads\/2026\/03\/Tarot-semanal-previsao-para-os-signos-de-23-a-29.jpg","contentUrl":"https:\/\/ubirataonline.com.br\/wp-content\/uploads\/2026\/03\/Tarot-semanal-previsao-para-os-signos-de-23-a-29.jpg","width":1200,"height":800,"caption":"A semana favorecer\u00e1 quem conseguir manter a clareza e n\u00e3o alimentar inseguran\u00e7as (Imagem: NEBULA_319 | Shutterstock)"},{"@type":"BreadcrumbList","@id":"https:\/\/ubirataonline.com.br\/tarot-semanal-previsao-para-os-signos-de-23-a-29-de-marco-de-2026\/#breadcrumb","itemListElement":[{"@type":"ListItem","position":1,"name":"In\u00edcio","item":"https:\/\/ubirataonline.com.br\/"},{"@type":"ListItem","position":2,"name":"Tarot semanal: previs\u00e3o para os signos de 23 a 29 de mar\u00e7o de 2026"}]},{"@type":"WebSite","@id":"https:\/\/ubirataonline.com.br\/#website","url":"https:\/\/ubirataonline.com.br\/","name":"Ubirat\u00e3 Online Not\u00edcias","description":"Not\u00edcias de Ubirat\u00e3, regi\u00e3o, Brasil e mundo, com informa\u00e7\u00e3o atualizada e compromisso com o leitor.","publisher":{"@id":"https:\/\/ubirataonline.com.br\/#organization"},"alternateName":"Ubirat\u00e3 Online","potentialAction":[{"@type":"SearchAction","target":{"@type":"EntryPoint","urlTemplate":"https:\/\/ubirataonline.com.br\/?s={search_term_string}"},"query-input":{"@type":"PropertyValueSpecification","valueRequired":true,"valueName":"search_term_string"}}],"inLanguage":"en-US"},{"@type":["Organization","Place"],"@id":"https:\/\/ubirataonline.com.br\/#organization","name":"Ubirat\u00e3 Online Not\u00edcias","alternateName":"Ubirat\u00e3 Online","url":"https:\/\/ubirataonline.com.br\/","logo":{"@id":"https:\/\/ubirataonline.com.br\/tarot-semanal-previsao-para-os-signos-de-23-a-29-de-marco-de-2026\/#local-main-organization-logo"},"image":{"@id":"https:\/\/ubirataonline.com.br\/tarot-semanal-previsao-para-os-signos-de-23-a-29-de-marco-de-2026\/#local-main-organization-logo"},"sameAs":["https:\/\/www.facebook.com\/portalubirataonline","https:\/\/x.com\/ubirataonline","https:\/\/mastodon.social\/@ubirataonline","https:\/\/www.facebook.com\/groups\/311144672285604","https:\/\/www.facebook.com\/UBTAOnline","https:\/\/www.instagram.com\/portalubirataonline\/","https:\/\/twitter.com\/ubirataonline"],"description":"Somos um portal de not\u00edcias independente, criado em 5 de janeiro de 2009, com o objetivo de informar, conectar e valorizar a nossa comunidade de Ubirat\u00e3 e toda aregi\u00e3o. Com conte\u00fado atualizado, confi\u00e1vel e relevante, o Ubirat\u00e3 Online \u00e9 o seu espa\u00e7o para ficar por dentro dos principais acontecimentos locais, regionais, Brasil, Mundo e de interesse geral. Nosso compromisso \u00e9 com a verdade, a transpar\u00eancia e o respeito ao leitor.","legalName":"UBIRATA ONLINE NOT\u00cdCIAS","foundingDate":"2009-01-05","numberOfEmployees":{"@type":"QuantitativeValue","minValue":"1","maxValue":"10"},"publishingPrinciples":"https:\/\/ubirataonline.com.br\/faq\/","address":{"@id":"https:\/\/ubirataonline.com.br\/tarot-semanal-previsao-para-os-signos-de-23-a-29-de-marco-de-2026\/#local-main-place-address"},"geo":{"@type":"GeoCoordinates","latitude":"-24.5361401","longitude":"-52.9921776"},"telephone":["+5544998308235"],"contactPoint":{"@type":"ContactPoint","email":"contato@ubirataonline.com.br"},"openingHoursSpecification":{"@type":"OpeningHoursSpecification","dayOfWeek":["Monday","Tuesday","Wednesday","Thursday","Friday","Saturday","Sunday"],"opens":"00:00","closes":"23:59"},"email":"contato@ubirataonline.com.br","vatID":"47.621.418\/0001-80"},{"@type":"Person","@id":"https:\/\/ubirataonline.com.br\/#\/schema\/person\/372f87bbd3fdd79b8556b84c98d0bc1c","name":"REDA\u00c7\u00c3O: UBIRAT\u00c3 ONLINE - F\u00c1BIO AUGUSTO CELESTINO","pronouns":"Ele","description":"Desde 2003 trabalhando com not\u00edcias.","sameAs":["http:\/\/ubirataoline.com.br","https:\/\/www.facebook.com\/portalubirataonline","https:\/\/www.instagram.com\/ubirataonline_oficial","https:\/\/x.com\/x.com\/ubirataonline"],"honorificPrefix":"Mr.","honorificSuffix":"MD","birthDate":"1980-06-16","gender":"masculino","award":["V\u00e1rios pr\u00eamios de melhor portal da cidade"],"jobTitle":"Diretor","url":"https:\/\/ubirataonline.com.br\/en\/author\/ubirataonline\/"},{"@type":"PostalAddress","@id":"https:\/\/ubirataonline.com.br\/tarot-semanal-previsao-para-os-signos-de-23-a-29-de-marco-de-2026\/#local-main-place-address","streetAddress":"Rua dos Coqueiros, 104 - Bairro Boa Vista, Rua dos Coqueiros, 104 Bairro Boa Vista","addressLocality":"UBIRATA","postalCode":"85440-000","addressRegion":"PR","addressCountry":"BR"},{"@type":"ImageObject","inLanguage":"en-US","@id":"https:\/\/ubirataonline.com.br\/tarot-semanal-previsao-para-os-signos-de-23-a-29-de-marco-de-2026\/#local-main-organization-logo","url":"https:\/\/ubirataonline.com.br\/wp-content\/uploads\/2026\/06\/logoubirataonline-1.webp","contentUrl":"https:\/\/ubirataonline.com.br\/wp-content\/uploads\/2026\/06\/logoubirataonline-1.webp","width":500,"height":500,"caption":"Ubirat\u00e3 Online Not\u00edcias"}]},"geo.placename":"UBIRATA","geo.position":{"lat":"-24.5361401","long":"-52.9921776"},"geo.region":"Brazil"},"_links":{"self":[{"href":"https:\/\/ubirataonline.com.br\/en\/wp-json\/wp\/v2\/posts\/96560","targetHints":{"allow":["GET"]}}],"collection":[{"href":"https:\/\/ubirataonline.com.br\/en\/wp-json\/wp\/v2\/posts"}],"about":[{"href":"https:\/\/ubirataonline.com.br\/en\/wp-json\/wp\/v2\/types\/post"}],"author":[{"embeddable":true,"href":"https:\/\/ubirataonline.com.br\/en\/wp-json\/wp\/v2\/users\/1"}],"replies":[{"embeddable":true,"href":"https:\/\/ubirataonline.com.br\/en\/wp-json\/wp\/v2\/comments?post=96560"}],"version-history":[{"count":0,"href":"https:\/\/ubirataonline.com.br\/en\/wp-json\/wp\/v2\/posts\/96560\/revisions"}],"wp:featuredmedia":[{"embeddable":true,"href":"https:\/\/ubirataonline.com.br\/en\/wp-json\/wp\/v2\/media\/96561"}],"wp:attachment":[{"href":"https:\/\/ubirataonline.com.br\/en\/wp-json\/wp\/v2\/media?parent=96560"}],"wp:term":[{"taxonomy":"category","embeddable":true,"href":"https:\/\/ubirataonline.com.br\/en\/wp-json\/wp\/v2\/categories?post=96560"},{"taxonomy":"post_tag","embeddable":true,"href":"https:\/\/ubirataonline.com.br\/en\/wp-json\/wp\/v2\/tags?post=96560"}],"curies":[{"name":"wp","href":"https:\/\/api.w.org\/{rel}","templated":true}]}}