{"id":96661,"date":"2026-03-22T21:34:45","date_gmt":"2026-03-23T00:34:45","guid":{"rendered":"https:\/\/ubirataonline.com.br\/timberwolves-anthony-edwards-to-miss-time-with-knee-soreness\/"},"modified":"2026-03-22T21:34:45","modified_gmt":"2026-03-23T00:34:45","slug":"timberwolves-anthony-edwards-to-miss-time-with-knee-soreness","status":"publish","type":"post","link":"https:\/\/ubirataonline.com.br\/en\/timberwolves-anthony-edwards-to-miss-time-with-knee-soreness\/","title":{"rendered":"Timberwolves&#8217; Anthony Edwards to miss time with knee soreness"},"content":{"rendered":"<p><\/p>\n<div>\n<div class=\"article-meta\">\n<div class=\"byline-wrap\">\n<ul class=\"authors byline-authors\">\n<li class=\"single-author mugshot-shown\">\n<div class=\"author-img\"><\/div>\n<p>Michael C. Wright<span class=\"timestamp \">Mar 17, 2026, 03:33 PM ET<\/span><\/p>\n<div class=\"author-overlay\"><a class=\"icon-font-after icon-close-solid-after\" href=\"#\">Close<\/a><\/p>\n<ul>\n<li>Joined ESPN in 2010<\/li>\n<li>Previously covered Bears for ESPN.com<\/li>\n<li>Played college football at West Texas A&amp;M<\/li>\n<\/ul>\n<\/div>\n<\/li>\n<\/ul>\n<p>Multiple Authors<\/p>\n<\/div>\n<\/div>\n<p>MINNEAPOLIS &#8212; The <a data-clubhouse-guid=\"13f727cb-254d-b484-a337-93fcc0047add\" href=\"https:\/\/www.espn.com\/nba\/team\/_\/name\/min\/minnesota-timberwolves\">Minnesota Timberwolves<\/a> ruled out guard <a data-player-guid=\"a2edb458-a371-3fba-ba5a-b24dd2fd2d9e\" href=\"https:\/\/www.espn.com\/nba\/player\/_\/id\/4594268\/anthony-edwards\">Anthony Edwards<\/a> for Tuesday&#8217;s win over the <a data-clubhouse-guid=\"c6eade89-5971-0e84-8ccb-cd91482b2b50\" href=\"https:\/\/www.espn.com\/nba\/team\/_\/name\/phx\/phoenix-suns\">Phoenix Suns<\/a> due to right knee soreness before later announcing he would be reevaluated in one to two weeks.<\/p>\n<p>The Timberwolves announced the timetable for a reevaluation after disclosing Tuesday that an MRI conducted by Dr. Craig Bennett at Mayo Clinic Sports Medicine revealed inflammation in Edwards&#8217; right knee. The team announced that further updates on his progress will be provided when available.<\/p>\n<p>Edwards&#8217; latest setback comes at a crucial time for the sixth-place Timberwolves in the Western Conference playoff race. Phoenix sat two games behind Minnesota heading into the game, having lost two in a row on a six-game road trip, and dropped another game down with the loss. The Suns, however, still own the series tiebreaker with a 2-1 record between the teams.<\/p>\n<p>&#8220;We&#8217;ve been here before,&#8221; Minnesota coach Chris Finch said before Tuesday&#8217;s game. &#8220;I think it&#8217;s incredible when you think about Ant playing almost 95% of the games he&#8217;s been available to play. That&#8217;s almost unheard of. But this year we&#8217;ve been without [him] more than in the past. Just got to regroup. We&#8217;ve got to worry about playing better basketball all the way around regardless of who&#8217;s out there. And I think we don&#8217;t need one person to try to step in and fill the scoring. It&#8217;s just better if it&#8217;s dispersed throughout the lineup.&#8221;<\/p>\n<aside class=\"inline editorial float-r\" data-behavior=\"article_related\">\n<h2 class=\"editorial-title\">Editor&#8217;s Picks<\/h2>\n<ul>\n<li><a name=\"&amp;lpos=story:editorspicks:inline:1\" href=\"https:\/\/www.espn.com\/nba\/story\/_\/id\/48185582\/nba-2025-2026-regular-season-final-month-giannis-jayson-tatum-more\" class=\"img-link\"><img loading=\"lazy\" decoding=\"async\" src=\"https:\/\/a.espncdn.com\/combiner\/i?img=\/photo\/2026\/0316\/nba_last-month-season_1x1.jpg&amp;w=130&amp;h=130&amp;scale=crop&amp;location=center\" width=\"65\" height=\"65\"\/><\/a><\/li>\n<li><a name=\"&amp;lpos=story:editorspicks:inline:2\" href=\"https:\/\/www.espn.com\/nba\/story\/_\/id\/48233122\/nba-power-rankings-all-30-teams-unsung-hero-rookie-veteran-six-man-award\" class=\"img-link\"><img loading=\"lazy\" decoding=\"async\" src=\"https:\/\/a.espncdn.com\/combiner\/i?img=\/photo\/2026\/0318\/nba_power_rankings_week19-1x1.jpg&amp;w=130&amp;h=130&amp;scale=crop&amp;location=center\" width=\"65\" height=\"65\"\/><\/a><\/li>\n<\/ul>\n<p>1 Related<\/p>\n<\/aside>\n<p>Finch said the decision to sit Edwards was &#8220;well above my pay grade,&#8221; adding that the decision was made after consultation with &#8220;the medical performance staff, team of doctors, talking to his people and everything.&#8221;<\/p>\n<p>Minnesota, meanwhile, had dropped four of its past five, including Sunday&#8217;s loss at <a data-clubhouse-guid=\"bd458c44-2d33-47eb-cebc-35d3d4ac595c\" href=\"https:\/\/www.espn.com\/nba\/team\/_\/name\/okc\/oklahoma-city-thunder\">Oklahoma City<\/a> in which the Timberwolves committed 25 turnovers &#8212; their second most in a game this season &#8212; as Edwards contributed 19 points on 6-of-17 shooting. Edwards attempted only one field goal in the fourth quarter of the loss and appeared to be laboring down the stretch due to the sore right knee.<\/p>\n<p>Edwards, 24, leads the Timberwolves in scoring this season, averaging 29.5 points, 5.1 rebounds and 3.7 assists on 49.2% from the field and 40.2% from 3-point range.<\/p>\n<p>He&#8217;s been an iron man for most of his NBA career, missing only nine games combined in the three seasons before this one. However, this season he has already missed 10 contests and has only 57 qualifying games for end-of-season awards because he played only three minutes in an Oct. 26 game vs. the <a data-clubhouse-guid=\"547fc042-3e02-4795-9637-9ab84322b625\" href=\"https:\/\/www.espn.com\/nba\/team\/_\/name\/ind\/indiana-pacers\">Indiana Pacers<\/a>. Edwards can miss just six more of the Wolves&#8217; 14 games remaining before being disqualified for awards.<\/p>\n<p>Minnesota&#8217;s matchup against the Suns is the first of a back-to-back set that continues Wednesday with the Timberwolves hosting the <a data-clubhouse-guid=\"77cea2fb-1388-b7c8-d171-2e72b3aecbfb\" href=\"https:\/\/www.espn.com\/nba\/team\/_\/name\/utah\/utah-jazz\">Utah Jazz<\/a>.<\/p>\n<\/div>\n<p><a href=\"https:\/\/www.espn.com\/nba\/story\/_\/id\/48232817\/timberwolves-anthony-edwards-miss-knee-soreness\">Source link <\/a><br \/>\nSee more https:\/\/theglobaltrack.com\/<\/p>\n","protected":false},"excerpt":{"rendered":"<p>Michael C. WrightMar 17, 2026, 03:33 PM ET Close Joined ESPN in 2010 Previously covered Bears for ESPN.com Played college football at West Texas A&amp;M Multiple Authors MINNEAPOLIS &#8212; The Minnesota Timberwolves ruled out guard Anthony Edwards for Tuesday&#8217;s win over the Phoenix Suns due to right knee soreness before later announcing he would be [&hellip;]<\/p>\n","protected":false},"author":1,"featured_media":96662,"comment_status":"","ping_status":"","sticky":false,"template":"","format":"standard","meta":{"googlesitekit_rrm_CAow2JLhCw:productID":"","_gspb_post_css":"","maa_idioma":"","maa_pais":"","footnotes":""},"categories":[1],"tags":[5300,5301,7554,23616,4808,3395],"class_list":["post-96661","post","type-post","status-publish","format-standard","has-post-thumbnail","hentry","category-ubirata","tag-anthony","tag-edwards","tag-knee","tag-soreness","tag-timberwolves","tag-time"],"blocksy_meta":[],"yoast_head":"<!-- This site is optimized with the Yoast SEO Premium plugin v27.6 (Yoast SEO v27.6) - https:\/\/yoast.com\/product\/yoast-seo-premium-wordpress\/ -->\n<title>Timberwolves&#039; Anthony Edwards to miss time with knee soreness - Ubirat\u00e3 Online Not\u00edcias - A realidade ao seu alcance!<\/title>\n<meta name=\"description\" content=\"Timberwolves star Anthony Edwards underwent an MRI on his right knee that revealed inflammation, and he will be reevaluated in 1-2 weeks.\" \/>\n<meta name=\"robots\" content=\"index, follow, max-snippet:-1, max-image-preview:large, max-video-preview:-1\" \/>\n<link rel=\"canonical\" href=\"https:\/\/ubirataonline.com.br\/en\/timberwolves-anthony-edwards-to-miss-time-with-knee-soreness\/\" \/>\n<meta property=\"og:locale\" content=\"en_US\" \/>\n<meta property=\"og:type\" content=\"article\" \/>\n<meta property=\"og:title\" content=\"Timberwolves&#039; Anthony Edwards to miss time with knee soreness\" \/>\n<meta property=\"og:description\" content=\"Timberwolves star Anthony Edwards underwent an MRI on his right knee that revealed inflammation, and he will be reevaluated in 1-2 weeks.\" \/>\n<meta property=\"og:url\" content=\"https:\/\/ubirataonline.com.br\/en\/timberwolves-anthony-edwards-to-miss-time-with-knee-soreness\/\" \/>\n<meta property=\"og:site_name\" content=\"Ubirat\u00e3 Online Not\u00edcias - A realidade ao seu alcance!\" \/>\n<meta property=\"article:publisher\" content=\"https:\/\/www.facebook.com\/portalubirataonline\" \/>\n<meta property=\"article:author\" content=\"https:\/\/www.facebook.com\/portalubirataonline\" \/>\n<meta property=\"article:published_time\" content=\"2026-03-23T00:34:45+00:00\" \/>\n<meta property=\"og:image\" content=\"https:\/\/ubirataonline.com.br\/wp-content\/uploads\/2026\/03\/Timberwolves-Anthony-Edwards-to-miss-time-with-knee-soreness.jpeg\" \/>\n\t<meta property=\"og:image:width\" content=\"1296\" \/>\n\t<meta property=\"og:image:height\" content=\"729\" \/>\n\t<meta property=\"og:image:type\" content=\"image\/jpeg\" \/>\n<meta name=\"author\" content=\"REDA\u00c7\u00c3O: UBIRAT\u00c3 ONLINE - F\u00c1BIO AUGUSTO CELESTINO\" \/>\n<meta name=\"twitter:card\" content=\"summary_large_image\" \/>\n<meta name=\"twitter:creator\" content=\"@x.com\/ubirataonline\" \/>\n<meta name=\"twitter:site\" content=\"@ubirataonline\" \/>\n<meta name=\"twitter:label1\" content=\"Written by\" \/>\n\t<meta name=\"twitter:data1\" content=\"REDA\u00c7\u00c3O: UBIRAT\u00c3 ONLINE - F\u00c1BIO AUGUSTO CELESTINO\" \/>\n\t<meta name=\"twitter:label2\" content=\"Est. reading time\" \/>\n\t<meta name=\"twitter:data2\" content=\"2 minutes\" \/>\n<script type=\"application\/ld+json\" class=\"yoast-schema-graph\">{\"@context\":\"https:\\\/\\\/schema.org\",\"@graph\":[{\"@type\":\"NewsArticle\",\"@id\":\"https:\\\/\\\/ubirataonline.com.br\\\/timberwolves-anthony-edwards-to-miss-time-with-knee-soreness\\\/#article\",\"isPartOf\":{\"@id\":\"https:\\\/\\\/ubirataonline.com.br\\\/timberwolves-anthony-edwards-to-miss-time-with-knee-soreness\\\/\"},\"author\":{\"name\":\"REDA\u00c7\u00c3O: UBIRAT\u00c3 ONLINE - F\u00c1BIO AUGUSTO CELESTINO\",\"@id\":\"https:\\\/\\\/ubirataonline.com.br\\\/#\\\/schema\\\/person\\\/372f87bbd3fdd79b8556b84c98d0bc1c\"},\"headline\":\"Timberwolves&#8217; Anthony Edwards to miss time with knee soreness\",\"datePublished\":\"2026-03-23T00:34:45+00:00\",\"mainEntityOfPage\":{\"@id\":\"https:\\\/\\\/ubirataonline.com.br\\\/timberwolves-anthony-edwards-to-miss-time-with-knee-soreness\\\/\"},\"wordCount\":507,\"publisher\":{\"@id\":\"https:\\\/\\\/ubirataonline.com.br\\\/#organization\"},\"image\":{\"@id\":\"https:\\\/\\\/ubirataonline.com.br\\\/timberwolves-anthony-edwards-to-miss-time-with-knee-soreness\\\/#primaryimage\"},\"thumbnailUrl\":\"https:\\\/\\\/ubirataonline.com.br\\\/wp-content\\\/uploads\\\/2026\\\/03\\\/Timberwolves-Anthony-Edwards-to-miss-time-with-knee-soreness.jpeg\",\"keywords\":[\"Anthony\",\"Edwards\",\"knee\",\"soreness\",\"Timberwolves\",\"time\"],\"articleSection\":[\"Ubirat\u00e3\"],\"inLanguage\":\"en-US\",\"copyrightYear\":\"2026\",\"copyrightHolder\":{\"@id\":\"https:\\\/\\\/ubirataonline.com.br\\\/en\\\/#organization\"}},{\"@type\":\"WebPage\",\"@id\":\"https:\\\/\\\/ubirataonline.com.br\\\/timberwolves-anthony-edwards-to-miss-time-with-knee-soreness\\\/\",\"url\":\"https:\\\/\\\/ubirataonline.com.br\\\/timberwolves-anthony-edwards-to-miss-time-with-knee-soreness\\\/\",\"name\":\"Timberwolves' Anthony Edwards to miss time with knee soreness - Ubirat\u00e3 Online Not\u00edcias - A realidade ao seu alcance!\",\"isPartOf\":{\"@id\":\"https:\\\/\\\/ubirataonline.com.br\\\/#website\"},\"primaryImageOfPage\":{\"@id\":\"https:\\\/\\\/ubirataonline.com.br\\\/timberwolves-anthony-edwards-to-miss-time-with-knee-soreness\\\/#primaryimage\"},\"image\":{\"@id\":\"https:\\\/\\\/ubirataonline.com.br\\\/timberwolves-anthony-edwards-to-miss-time-with-knee-soreness\\\/#primaryimage\"},\"thumbnailUrl\":\"https:\\\/\\\/ubirataonline.com.br\\\/wp-content\\\/uploads\\\/2026\\\/03\\\/Timberwolves-Anthony-Edwards-to-miss-time-with-knee-soreness.jpeg\",\"datePublished\":\"2026-03-23T00:34:45+00:00\",\"description\":\"Timberwolves star Anthony Edwards underwent an MRI on his right knee that revealed inflammation, and he will be reevaluated in 1-2 weeks.\",\"breadcrumb\":{\"@id\":\"https:\\\/\\\/ubirataonline.com.br\\\/timberwolves-anthony-edwards-to-miss-time-with-knee-soreness\\\/#breadcrumb\"},\"inLanguage\":\"en-US\",\"potentialAction\":[{\"@type\":\"ReadAction\",\"target\":[\"https:\\\/\\\/ubirataonline.com.br\\\/timberwolves-anthony-edwards-to-miss-time-with-knee-soreness\\\/\"]}]},{\"@type\":\"ImageObject\",\"inLanguage\":\"en-US\",\"@id\":\"https:\\\/\\\/ubirataonline.com.br\\\/timberwolves-anthony-edwards-to-miss-time-with-knee-soreness\\\/#primaryimage\",\"url\":\"https:\\\/\\\/ubirataonline.com.br\\\/wp-content\\\/uploads\\\/2026\\\/03\\\/Timberwolves-Anthony-Edwards-to-miss-time-with-knee-soreness.jpeg\",\"contentUrl\":\"https:\\\/\\\/ubirataonline.com.br\\\/wp-content\\\/uploads\\\/2026\\\/03\\\/Timberwolves-Anthony-Edwards-to-miss-time-with-knee-soreness.jpeg\",\"width\":1296,\"height\":729,\"caption\":\"Ant-Man locks in with back-to-back 3s (0:32)Anthony Edwards heats up with consecutive 3-pointers to extend Minnesota's lead. (0:32)\"},{\"@type\":\"BreadcrumbList\",\"@id\":\"https:\\\/\\\/ubirataonline.com.br\\\/timberwolves-anthony-edwards-to-miss-time-with-knee-soreness\\\/#breadcrumb\",\"itemListElement\":[{\"@type\":\"ListItem\",\"position\":1,\"name\":\"In\u00edcio\",\"item\":\"https:\\\/\\\/ubirataonline.com.br\\\/\"},{\"@type\":\"ListItem\",\"position\":2,\"name\":\"Timberwolves&#8217; Anthony Edwards to miss time with knee soreness\"}]},{\"@type\":\"WebSite\",\"@id\":\"https:\\\/\\\/ubirataonline.com.br\\\/#website\",\"url\":\"https:\\\/\\\/ubirataonline.com.br\\\/\",\"name\":\"Ubirat\u00e3 Online Not\u00edcias\",\"description\":\"Not\u00edcias de Ubirat\u00e3, regi\u00e3o, Brasil e mundo, com informa\u00e7\u00e3o atualizada e compromisso com o leitor.\",\"publisher\":{\"@id\":\"https:\\\/\\\/ubirataonline.com.br\\\/#organization\"},\"alternateName\":\"Ubirat\u00e3 Online\",\"potentialAction\":[{\"@type\":\"SearchAction\",\"target\":{\"@type\":\"EntryPoint\",\"urlTemplate\":\"https:\\\/\\\/ubirataonline.com.br\\\/?s={search_term_string}\"},\"query-input\":{\"@type\":\"PropertyValueSpecification\",\"valueRequired\":true,\"valueName\":\"search_term_string\"}}],\"inLanguage\":\"en-US\"},{\"@type\":[\"Organization\",\"Place\"],\"@id\":\"https:\\\/\\\/ubirataonline.com.br\\\/#organization\",\"name\":\"Ubirat\u00e3 Online Not\u00edcias\",\"alternateName\":\"Ubirat\u00e3 Online\",\"url\":\"https:\\\/\\\/ubirataonline.com.br\\\/\",\"logo\":{\"@id\":\"https:\\\/\\\/ubirataonline.com.br\\\/timberwolves-anthony-edwards-to-miss-time-with-knee-soreness\\\/#local-main-organization-logo\"},\"image\":{\"@id\":\"https:\\\/\\\/ubirataonline.com.br\\\/timberwolves-anthony-edwards-to-miss-time-with-knee-soreness\\\/#local-main-organization-logo\"},\"sameAs\":[\"https:\\\/\\\/www.facebook.com\\\/portalubirataonline\",\"https:\\\/\\\/x.com\\\/ubirataonline\",\"https:\\\/\\\/mastodon.social\\\/@ubirataonline\",\"https:\\\/\\\/www.facebook.com\\\/groups\\\/311144672285604\",\"https:\\\/\\\/www.facebook.com\\\/UBTAOnline\",\"https:\\\/\\\/www.instagram.com\\\/portalubirataonline\\\/\",\"https:\\\/\\\/twitter.com\\\/ubirataonline\"],\"description\":\"Somos um portal de not\u00edcias independente, criado em 5 de janeiro de 2009, com o objetivo de informar, conectar e valorizar a nossa comunidade de Ubirat\u00e3 e toda aregi\u00e3o. Com conte\u00fado atualizado, confi\u00e1vel e relevante, o Ubirat\u00e3 Online \u00e9 o seu espa\u00e7o para ficar por dentro dos principais acontecimentos locais, regionais, Brasil, Mundo e de interesse geral. Nosso compromisso \u00e9 com a verdade, a transpar\u00eancia e o respeito ao leitor.\",\"legalName\":\"UBIRATA ONLINE NOT\u00cdCIAS\",\"foundingDate\":\"2009-01-05\",\"numberOfEmployees\":{\"@type\":\"QuantitativeValue\",\"minValue\":\"1\",\"maxValue\":\"10\"},\"publishingPrinciples\":\"https:\\\/\\\/ubirataonline.com.br\\\/faq\\\/\",\"address\":{\"@id\":\"https:\\\/\\\/ubirataonline.com.br\\\/timberwolves-anthony-edwards-to-miss-time-with-knee-soreness\\\/#local-main-place-address\"},\"geo\":{\"@type\":\"GeoCoordinates\",\"latitude\":\"-24.5361401\",\"longitude\":\"-52.9921776\"},\"telephone\":[\"+5544998308235\"],\"contactPoint\":{\"@type\":\"ContactPoint\",\"email\":\"contato@ubirataonline.com.br\"},\"openingHoursSpecification\":{\"@type\":\"OpeningHoursSpecification\",\"dayOfWeek\":[\"Monday\",\"Tuesday\",\"Wednesday\",\"Thursday\",\"Friday\",\"Saturday\",\"Sunday\"],\"opens\":\"00:00\",\"closes\":\"23:59\"},\"email\":\"contato@ubirataonline.com.br\",\"vatID\":\"47.621.418\\\/0001-80\"},{\"@type\":\"Person\",\"@id\":\"https:\\\/\\\/ubirataonline.com.br\\\/#\\\/schema\\\/person\\\/372f87bbd3fdd79b8556b84c98d0bc1c\",\"name\":\"REDA\u00c7\u00c3O: UBIRAT\u00c3 ONLINE - F\u00c1BIO AUGUSTO CELESTINO\",\"pronouns\":\"Ele\",\"description\":\"Desde 2003 trabalhando com not\u00edcias.\",\"sameAs\":[\"http:\\\/\\\/ubirataoline.com.br\",\"https:\\\/\\\/www.facebook.com\\\/portalubirataonline\",\"https:\\\/\\\/www.instagram.com\\\/ubirataonline_oficial\",\"https:\\\/\\\/x.com\\\/x.com\\\/ubirataonline\"],\"honorificPrefix\":\"Mr.\",\"honorificSuffix\":\"MD\",\"birthDate\":\"1980-06-16\",\"gender\":\"masculino\",\"award\":[\"V\u00e1rios pr\u00eamios de melhor portal da cidade\"],\"jobTitle\":\"Diretor\",\"url\":\"https:\\\/\\\/ubirataonline.com.br\\\/en\\\/author\\\/ubirataonline\\\/\"},{\"@type\":\"PostalAddress\",\"@id\":\"https:\\\/\\\/ubirataonline.com.br\\\/timberwolves-anthony-edwards-to-miss-time-with-knee-soreness\\\/#local-main-place-address\",\"streetAddress\":\"Rua dos Coqueiros, 104 - Bairro Boa Vista, Rua dos Coqueiros, 104 Bairro Boa Vista\",\"addressLocality\":\"UBIRATA\",\"postalCode\":\"85440-000\",\"addressRegion\":\"PR\",\"addressCountry\":\"BR\"},{\"@type\":\"ImageObject\",\"inLanguage\":\"en-US\",\"@id\":\"https:\\\/\\\/ubirataonline.com.br\\\/timberwolves-anthony-edwards-to-miss-time-with-knee-soreness\\\/#local-main-organization-logo\",\"url\":\"https:\\\/\\\/ubirataonline.com.br\\\/wp-content\\\/uploads\\\/2026\\\/06\\\/logoubirataonline-1.webp\",\"contentUrl\":\"https:\\\/\\\/ubirataonline.com.br\\\/wp-content\\\/uploads\\\/2026\\\/06\\\/logoubirataonline-1.webp\",\"width\":500,\"height\":500,\"caption\":\"Ubirat\u00e3 Online Not\u00edcias\"}]}<\/script>\n<meta name=\"geo.placename\" content=\"UBIRATA\" \/>\n<meta name=\"geo.position\" content=\"-24.5361401;-52.9921776\" \/>\n<meta name=\"geo.region\" content=\"Brazil\" \/>\n<!-- \/ Yoast SEO Premium plugin. -->","yoast_head_json":{"title":"Timberwolves' Anthony Edwards to miss time with knee soreness - Ubirat\u00e3 Online Not\u00edcias - A realidade ao seu alcance!","description":"Timberwolves star Anthony Edwards underwent an MRI on his right knee that revealed inflammation, and he will be reevaluated in 1-2 weeks.","robots":{"index":"index","follow":"follow","max-snippet":"max-snippet:-1","max-image-preview":"max-image-preview:large","max-video-preview":"max-video-preview:-1"},"canonical":"https:\/\/ubirataonline.com.br\/en\/timberwolves-anthony-edwards-to-miss-time-with-knee-soreness\/","og_locale":"en_US","og_type":"article","og_title":"Timberwolves' Anthony Edwards to miss time with knee soreness","og_description":"Timberwolves star Anthony Edwards underwent an MRI on his right knee that revealed inflammation, and he will be reevaluated in 1-2 weeks.","og_url":"https:\/\/ubirataonline.com.br\/en\/timberwolves-anthony-edwards-to-miss-time-with-knee-soreness\/","og_site_name":"Ubirat\u00e3 Online Not\u00edcias - A realidade ao seu alcance!","article_publisher":"https:\/\/www.facebook.com\/portalubirataonline","article_author":"https:\/\/www.facebook.com\/portalubirataonline","article_published_time":"2026-03-23T00:34:45+00:00","og_image":[{"width":1296,"height":729,"url":"https:\/\/ubirataonline.com.br\/wp-content\/uploads\/2026\/03\/Timberwolves-Anthony-Edwards-to-miss-time-with-knee-soreness.jpeg","type":"image\/jpeg"}],"author":"REDA\u00c7\u00c3O: UBIRAT\u00c3 ONLINE - F\u00c1BIO AUGUSTO CELESTINO","twitter_card":"summary_large_image","twitter_creator":"@x.com\/ubirataonline","twitter_site":"@ubirataonline","twitter_misc":{"Written by":"REDA\u00c7\u00c3O: UBIRAT\u00c3 ONLINE - F\u00c1BIO AUGUSTO CELESTINO","Est. reading time":"2 minutes"},"schema":{"@context":"https:\/\/schema.org","@graph":[{"@type":"NewsArticle","@id":"https:\/\/ubirataonline.com.br\/timberwolves-anthony-edwards-to-miss-time-with-knee-soreness\/#article","isPartOf":{"@id":"https:\/\/ubirataonline.com.br\/timberwolves-anthony-edwards-to-miss-time-with-knee-soreness\/"},"author":{"name":"REDA\u00c7\u00c3O: UBIRAT\u00c3 ONLINE - F\u00c1BIO AUGUSTO CELESTINO","@id":"https:\/\/ubirataonline.com.br\/#\/schema\/person\/372f87bbd3fdd79b8556b84c98d0bc1c"},"headline":"Timberwolves&#8217; Anthony Edwards to miss time with knee soreness","datePublished":"2026-03-23T00:34:45+00:00","mainEntityOfPage":{"@id":"https:\/\/ubirataonline.com.br\/timberwolves-anthony-edwards-to-miss-time-with-knee-soreness\/"},"wordCount":507,"publisher":{"@id":"https:\/\/ubirataonline.com.br\/#organization"},"image":{"@id":"https:\/\/ubirataonline.com.br\/timberwolves-anthony-edwards-to-miss-time-with-knee-soreness\/#primaryimage"},"thumbnailUrl":"https:\/\/ubirataonline.com.br\/wp-content\/uploads\/2026\/03\/Timberwolves-Anthony-Edwards-to-miss-time-with-knee-soreness.jpeg","keywords":["Anthony","Edwards","knee","soreness","Timberwolves","time"],"articleSection":["Ubirat\u00e3"],"inLanguage":"en-US","copyrightYear":"2026","copyrightHolder":{"@id":"https:\/\/ubirataonline.com.br\/en\/#organization"}},{"@type":"WebPage","@id":"https:\/\/ubirataonline.com.br\/timberwolves-anthony-edwards-to-miss-time-with-knee-soreness\/","url":"https:\/\/ubirataonline.com.br\/timberwolves-anthony-edwards-to-miss-time-with-knee-soreness\/","name":"Timberwolves' Anthony Edwards to miss time with knee soreness - Ubirat\u00e3 Online Not\u00edcias - A realidade ao seu alcance!","isPartOf":{"@id":"https:\/\/ubirataonline.com.br\/#website"},"primaryImageOfPage":{"@id":"https:\/\/ubirataonline.com.br\/timberwolves-anthony-edwards-to-miss-time-with-knee-soreness\/#primaryimage"},"image":{"@id":"https:\/\/ubirataonline.com.br\/timberwolves-anthony-edwards-to-miss-time-with-knee-soreness\/#primaryimage"},"thumbnailUrl":"https:\/\/ubirataonline.com.br\/wp-content\/uploads\/2026\/03\/Timberwolves-Anthony-Edwards-to-miss-time-with-knee-soreness.jpeg","datePublished":"2026-03-23T00:34:45+00:00","description":"Timberwolves star Anthony Edwards underwent an MRI on his right knee that revealed inflammation, and he will be reevaluated in 1-2 weeks.","breadcrumb":{"@id":"https:\/\/ubirataonline.com.br\/timberwolves-anthony-edwards-to-miss-time-with-knee-soreness\/#breadcrumb"},"inLanguage":"en-US","potentialAction":[{"@type":"ReadAction","target":["https:\/\/ubirataonline.com.br\/timberwolves-anthony-edwards-to-miss-time-with-knee-soreness\/"]}]},{"@type":"ImageObject","inLanguage":"en-US","@id":"https:\/\/ubirataonline.com.br\/timberwolves-anthony-edwards-to-miss-time-with-knee-soreness\/#primaryimage","url":"https:\/\/ubirataonline.com.br\/wp-content\/uploads\/2026\/03\/Timberwolves-Anthony-Edwards-to-miss-time-with-knee-soreness.jpeg","contentUrl":"https:\/\/ubirataonline.com.br\/wp-content\/uploads\/2026\/03\/Timberwolves-Anthony-Edwards-to-miss-time-with-knee-soreness.jpeg","width":1296,"height":729,"caption":"Ant-Man locks in with back-to-back 3s (0:32)Anthony Edwards heats up with consecutive 3-pointers to extend Minnesota's lead. (0:32)"},{"@type":"BreadcrumbList","@id":"https:\/\/ubirataonline.com.br\/timberwolves-anthony-edwards-to-miss-time-with-knee-soreness\/#breadcrumb","itemListElement":[{"@type":"ListItem","position":1,"name":"In\u00edcio","item":"https:\/\/ubirataonline.com.br\/"},{"@type":"ListItem","position":2,"name":"Timberwolves&#8217; Anthony Edwards to miss time with knee soreness"}]},{"@type":"WebSite","@id":"https:\/\/ubirataonline.com.br\/#website","url":"https:\/\/ubirataonline.com.br\/","name":"Ubirat\u00e3 Online Not\u00edcias","description":"Not\u00edcias de Ubirat\u00e3, regi\u00e3o, Brasil e mundo, com informa\u00e7\u00e3o atualizada e compromisso com o leitor.","publisher":{"@id":"https:\/\/ubirataonline.com.br\/#organization"},"alternateName":"Ubirat\u00e3 Online","potentialAction":[{"@type":"SearchAction","target":{"@type":"EntryPoint","urlTemplate":"https:\/\/ubirataonline.com.br\/?s={search_term_string}"},"query-input":{"@type":"PropertyValueSpecification","valueRequired":true,"valueName":"search_term_string"}}],"inLanguage":"en-US"},{"@type":["Organization","Place"],"@id":"https:\/\/ubirataonline.com.br\/#organization","name":"Ubirat\u00e3 Online Not\u00edcias","alternateName":"Ubirat\u00e3 Online","url":"https:\/\/ubirataonline.com.br\/","logo":{"@id":"https:\/\/ubirataonline.com.br\/timberwolves-anthony-edwards-to-miss-time-with-knee-soreness\/#local-main-organization-logo"},"image":{"@id":"https:\/\/ubirataonline.com.br\/timberwolves-anthony-edwards-to-miss-time-with-knee-soreness\/#local-main-organization-logo"},"sameAs":["https:\/\/www.facebook.com\/portalubirataonline","https:\/\/x.com\/ubirataonline","https:\/\/mastodon.social\/@ubirataonline","https:\/\/www.facebook.com\/groups\/311144672285604","https:\/\/www.facebook.com\/UBTAOnline","https:\/\/www.instagram.com\/portalubirataonline\/","https:\/\/twitter.com\/ubirataonline"],"description":"Somos um portal de not\u00edcias independente, criado em 5 de janeiro de 2009, com o objetivo de informar, conectar e valorizar a nossa comunidade de Ubirat\u00e3 e toda aregi\u00e3o. Com conte\u00fado atualizado, confi\u00e1vel e relevante, o Ubirat\u00e3 Online \u00e9 o seu espa\u00e7o para ficar por dentro dos principais acontecimentos locais, regionais, Brasil, Mundo e de interesse geral. Nosso compromisso \u00e9 com a verdade, a transpar\u00eancia e o respeito ao leitor.","legalName":"UBIRATA ONLINE NOT\u00cdCIAS","foundingDate":"2009-01-05","numberOfEmployees":{"@type":"QuantitativeValue","minValue":"1","maxValue":"10"},"publishingPrinciples":"https:\/\/ubirataonline.com.br\/faq\/","address":{"@id":"https:\/\/ubirataonline.com.br\/timberwolves-anthony-edwards-to-miss-time-with-knee-soreness\/#local-main-place-address"},"geo":{"@type":"GeoCoordinates","latitude":"-24.5361401","longitude":"-52.9921776"},"telephone":["+5544998308235"],"contactPoint":{"@type":"ContactPoint","email":"contato@ubirataonline.com.br"},"openingHoursSpecification":{"@type":"OpeningHoursSpecification","dayOfWeek":["Monday","Tuesday","Wednesday","Thursday","Friday","Saturday","Sunday"],"opens":"00:00","closes":"23:59"},"email":"contato@ubirataonline.com.br","vatID":"47.621.418\/0001-80"},{"@type":"Person","@id":"https:\/\/ubirataonline.com.br\/#\/schema\/person\/372f87bbd3fdd79b8556b84c98d0bc1c","name":"REDA\u00c7\u00c3O: UBIRAT\u00c3 ONLINE - F\u00c1BIO AUGUSTO CELESTINO","pronouns":"Ele","description":"Desde 2003 trabalhando com not\u00edcias.","sameAs":["http:\/\/ubirataoline.com.br","https:\/\/www.facebook.com\/portalubirataonline","https:\/\/www.instagram.com\/ubirataonline_oficial","https:\/\/x.com\/x.com\/ubirataonline"],"honorificPrefix":"Mr.","honorificSuffix":"MD","birthDate":"1980-06-16","gender":"masculino","award":["V\u00e1rios pr\u00eamios de melhor portal da cidade"],"jobTitle":"Diretor","url":"https:\/\/ubirataonline.com.br\/en\/author\/ubirataonline\/"},{"@type":"PostalAddress","@id":"https:\/\/ubirataonline.com.br\/timberwolves-anthony-edwards-to-miss-time-with-knee-soreness\/#local-main-place-address","streetAddress":"Rua dos Coqueiros, 104 - Bairro Boa Vista, Rua dos Coqueiros, 104 Bairro Boa Vista","addressLocality":"UBIRATA","postalCode":"85440-000","addressRegion":"PR","addressCountry":"BR"},{"@type":"ImageObject","inLanguage":"en-US","@id":"https:\/\/ubirataonline.com.br\/timberwolves-anthony-edwards-to-miss-time-with-knee-soreness\/#local-main-organization-logo","url":"https:\/\/ubirataonline.com.br\/wp-content\/uploads\/2026\/06\/logoubirataonline-1.webp","contentUrl":"https:\/\/ubirataonline.com.br\/wp-content\/uploads\/2026\/06\/logoubirataonline-1.webp","width":500,"height":500,"caption":"Ubirat\u00e3 Online Not\u00edcias"}]},"geo.placename":"UBIRATA","geo.position":{"lat":"-24.5361401","long":"-52.9921776"},"geo.region":"Brazil"},"_links":{"self":[{"href":"https:\/\/ubirataonline.com.br\/en\/wp-json\/wp\/v2\/posts\/96661","targetHints":{"allow":["GET"]}}],"collection":[{"href":"https:\/\/ubirataonline.com.br\/en\/wp-json\/wp\/v2\/posts"}],"about":[{"href":"https:\/\/ubirataonline.com.br\/en\/wp-json\/wp\/v2\/types\/post"}],"author":[{"embeddable":true,"href":"https:\/\/ubirataonline.com.br\/en\/wp-json\/wp\/v2\/users\/1"}],"replies":[{"embeddable":true,"href":"https:\/\/ubirataonline.com.br\/en\/wp-json\/wp\/v2\/comments?post=96661"}],"version-history":[{"count":0,"href":"https:\/\/ubirataonline.com.br\/en\/wp-json\/wp\/v2\/posts\/96661\/revisions"}],"wp:featuredmedia":[{"embeddable":true,"href":"https:\/\/ubirataonline.com.br\/en\/wp-json\/wp\/v2\/media\/96662"}],"wp:attachment":[{"href":"https:\/\/ubirataonline.com.br\/en\/wp-json\/wp\/v2\/media?parent=96661"}],"wp:term":[{"taxonomy":"category","embeddable":true,"href":"https:\/\/ubirataonline.com.br\/en\/wp-json\/wp\/v2\/categories?post=96661"},{"taxonomy":"post_tag","embeddable":true,"href":"https:\/\/ubirataonline.com.br\/en\/wp-json\/wp\/v2\/tags?post=96661"}],"curies":[{"name":"wp","href":"https:\/\/api.w.org\/{rel}","templated":true}]}}