{"id":96672,"date":"2026-03-22T22:44:45","date_gmt":"2026-03-23T01:44:45","guid":{"rendered":"https:\/\/ubirataonline.com.br\/enchufados-asi-llegan-varios-jugadores-de-la-seleccion-colombia-a-la-concentracion-en-orlando\/"},"modified":"2026-03-22T22:44:49","modified_gmt":"2026-03-23T01:44:49","slug":"enchufados-asi-llegan-varios-jugadores-de-la-seleccion-colombia-a-la-concentracion-en-orlando","status":"publish","type":"post","link":"https:\/\/ubirataonline.com.br\/en\/enchufados-asi-llegan-varios-jugadores-de-la-seleccion-colombia-a-la-concentracion-en-orlando\/","title":{"rendered":"Enchufados, as\u00ed llegan varios jugadores de la Selecci\u00f3n Colombia a la concentraci\u00f3n en Orlando"},"content":{"rendered":"<p><\/p>\n<div>\n<div class=\"paragraph\" mlnid=\"idcon=50212509;order=4.0\" itemprop=\"articleBody\">\n<p>Con la llegada de<b> D\u00e1vinson S\u00e1nchez, Daniel Mu\u00f1oz, J\u00e9fferson Lerma, Yerson Mosquera y Johan Mojica,<\/b> se dio inicio a la concentraci\u00f3n de la <b>Selecci\u00f3n Colombia en Estados Unidos para los partidos amistosos del 26 y 29 de marzo ante Croacia y Francia<\/b>, respectivamente.<\/p>\n<p>Los defensores y el volante, provenientes de las ligas de<b> Turqu\u00eda, Inglaterra y Espa\u00f1a<\/b>, fueron los primeros en reportarse a la disciplina de <b>N\u00e9stor Lorenzo, <\/b>con miras a lo que ser\u00e1 la doble fecha FIFA y el conteo regresivo para el Mundial de Norteam\u00e9rica.<\/p>\n<p><b>El grupo se concentrar\u00e1 en Orlando hasta el 26 de marzo, d\u00eda en que Colombia enfrentar\u00e1 a Croacia en el Camping World Stadium.<\/b> Posteriormente, la Tricolor viajar\u00e1 a Washington D.C. para jugar el segundo compromiso de la ventana internacional ante Francia.<\/p>\n<\/p><\/div>\n<div class=\"paragraph\" mlnid=\"idcon=50212515;order=6.0\" itemprop=\"articleBody\">\n<p><b>Este domingo se reportaron los arqueros Camilo Vargas y \u00c1lvaro Montero,<\/b> mientras se esperaba tambi\u00e9n a<b> David Ospina, <\/b>el \u00fanico jugador convocado de la liga colombiana, quien tras el juego con<b> Atl\u00e9tico Nacional <\/b>emprendi\u00f3 su viaje a Estados Unidos para unirse a sus compa\u00f1eros.<\/p>\n<p>El t\u00e9cnico Lorenzo le dio la bienvenida al grupo y, en declaraciones a la prensa, se refiri\u00f3 al tema de <b>Sebasti\u00e1n Villa,<\/b> de quien dijo que est\u00e1 bloqueado y en la lista de posibles elegibles: \u201cEn esta ocasi\u00f3n hay otros jugadores por encima de \u00e9l en rendimiento. Los problemas judiciales que tuvo ya se solucionaron, fueron casos maritales y ya todo est\u00e1 resuelto; as\u00ed que, si su nivel es sobresaliente, seguro ser\u00e1 llamado, pues est\u00e1 en el listado largo\u201d, puntualiz\u00f3 el estratega.<\/p>\n<\/p><\/div>\n<h2 class=\"Entretitulo\" mlnid=\"idcon=50212518;order=8.0\"> Llegan en buena racha <\/h2>\n<div class=\"paragraph\" mlnid=\"idcon=50212517;order=9.0\" itemprop=\"articleBody\">\n<p>Sobre el tema del rendimiento, a la Selecci\u00f3n llegan jugadores en un gran momento, como <b>Richard R\u00edos, quien fue elegido MVP en la victoria del Benfica 3-0 ante Vitoria Guimaraes,<\/b> con una calificaci\u00f3n de 8.3 por sus dos asistencias.<\/p>\n<p>Tambi\u00e9n debe reportarse<b> Jhon Arias, quien volvi\u00f3 a marcar con Palmeiras en el triunfo como visitante ante Sao Paulo, <\/b>su segundo tanto desde el regreso al f\u00fatbol de Brasil.<\/p>\n<p>Lo mismo ocurre co<b>n Luis Javier Su\u00e1rez, quien anot\u00f3 en la goleada 1-4 del Sporting de Lisboa<\/b> ante el Alverca por la liga de Portugal.<\/p>\n<\/p><\/div>\n<div class=\"paragraph\" mlnid=\"idcon=50212512;order=11.0\" itemprop=\"articleBody\">\n<p>Id\u00e9ntico panorama sucede con los futbolistas que militan en el Brasileir\u00e3o; Lorenzo convoc\u00f3 a cinco que vienen con actuaciones destacadas en sus clubes.<\/p>\n<p>Entre la noche del domingo y este lunes deben llegar a los atacantes <b>Luis D\u00edaz,<\/b> quien viaja desde Inglaterra;<b> Jhon C\u00f3rdoba (procedente de Rusia, donde marc\u00f3 cuatro goles el s\u00e1bado)<\/b> y<b> James Rodr\u00edguez,<\/b> quien ingres\u00f3 al minuto 78 en el empate 0-0 del Minnesota United ante el Seattle Sounders, sumando su segunda aparici\u00f3n en la MLS con su nuevo club.<\/p>\n<\/p><\/div>\n<\/p><\/div>\n<p><a href=\"https:\/\/www.elcolombiano.com\/deportes\/futbol\/convocados-de-colombia-llegan-enchufados-se-reportaron-con-gol-el-fin-de-semana-NL34845998\">Fonte do Artigo <\/a><\/p>","protected":false},"excerpt":{"rendered":"<p>Con la llegada de D\u00e1vinson S\u00e1nchez, Daniel Mu\u00f1oz, J\u00e9fferson Lerma, Yerson Mosquera y Johan Mojica, se dio inicio a la concentraci\u00f3n de la Selecci\u00f3n Colombia en Estados Unidos para los partidos amistosos del 26 y 29 de marzo ante Croacia y Francia, respectivamente. Los defensores y el volante, provenientes de las ligas de Turqu\u00eda, Inglaterra [&hellip;]<\/p>\n","protected":false},"author":1,"featured_media":96673,"comment_status":"closed","ping_status":"","sticky":false,"template":"","format":"standard","meta":{"googlesitekit_rrm_CAow2JLhCw:productID":"","_gspb_post_css":"","maa_idioma":"","maa_pais":"","footnotes":""},"categories":[4],"tags":[5064,3271,23625,23621,23623,23622,5615,23624,3872],"class_list":["post-96672","post","type-post","status-publish","format-standard","has-post-thumbnail","hentry","category-brasil","tag-asi","tag-colombia","tag-concentracion","tag-enchufados","tag-jugadores","tag-llegan","tag-orlando","tag-seleccion","tag-varios"],"blocksy_meta":[],"yoast_head":"<!-- This site is optimized with the Yoast SEO Premium plugin v27.6 (Yoast SEO v27.6) - https:\/\/yoast.com\/product\/yoast-seo-premium-wordpress\/ -->\n<title>Enchufados, as\u00ed llegan varios jugadores de la Selecci\u00f3n Colombia a la concentraci\u00f3n en Orlando - Ubirat\u00e3 Online Not\u00edcias - A realidade ao seu alcance!<\/title>\n<meta name=\"description\" content=\"Con la llegada de D\u00e1vinson S\u00e1nchez, Daniel Mu\u00f1oz, J\u00e9fferson Lerma, Yerson Mosquera y Johan Mojica, se dio inicio a la concentraci\u00f3n de la Selecci\u00f3n\" \/>\n<meta name=\"robots\" content=\"index, follow, max-snippet:-1, max-image-preview:large, max-video-preview:-1\" \/>\n<link rel=\"canonical\" href=\"https:\/\/ubirataonline.com.br\/en\/enchufados-asi-llegan-varios-jugadores-de-la-seleccion-colombia-a-la-concentracion-en-orlando\/\" \/>\n<meta property=\"og:locale\" content=\"en_US\" \/>\n<meta property=\"og:type\" content=\"article\" \/>\n<meta property=\"og:title\" content=\"Enchufados, as\u00ed llegan varios jugadores de la Selecci\u00f3n Colombia a la concentraci\u00f3n en Orlando\" \/>\n<meta property=\"og:description\" content=\"Con la llegada de D\u00e1vinson S\u00e1nchez, Daniel Mu\u00f1oz, J\u00e9fferson Lerma, Yerson Mosquera y Johan Mojica, se dio inicio a la concentraci\u00f3n de la Selecci\u00f3n\" \/>\n<meta property=\"og:url\" content=\"https:\/\/ubirataonline.com.br\/en\/enchufados-asi-llegan-varios-jugadores-de-la-seleccion-colombia-a-la-concentracion-en-orlando\/\" \/>\n<meta property=\"og:site_name\" content=\"Ubirat\u00e3 Online Not\u00edcias - A realidade ao seu alcance!\" \/>\n<meta property=\"article:publisher\" content=\"https:\/\/www.facebook.com\/portalubirataonline\" \/>\n<meta property=\"article:author\" content=\"https:\/\/www.facebook.com\/portalubirataonline\" \/>\n<meta property=\"article:published_time\" content=\"2026-03-23T01:44:45+00:00\" \/>\n<meta property=\"article:modified_time\" content=\"2026-03-23T01:44:49+00:00\" \/>\n<meta property=\"og:image\" content=\"https:\/\/ubirataonline.com.br\/wp-content\/uploads\/2026\/03\/Enchufados-asi-llegan-varios-jugadores-de-la-Seleccion-Colombia-a.jpg\" \/>\n\t<meta property=\"og:image:width\" content=\"1200\" \/>\n\t<meta property=\"og:image:height\" content=\"675\" \/>\n\t<meta property=\"og:image:type\" content=\"image\/jpeg\" \/>\n<meta name=\"author\" content=\"REDA\u00c7\u00c3O: UBIRAT\u00c3 ONLINE - F\u00c1BIO AUGUSTO CELESTINO\" \/>\n<meta name=\"twitter:card\" content=\"summary_large_image\" \/>\n<meta name=\"twitter:creator\" content=\"@x.com\/ubirataonline\" \/>\n<meta name=\"twitter:site\" content=\"@ubirataonline\" \/>\n<meta name=\"twitter:label1\" content=\"Written by\" \/>\n\t<meta name=\"twitter:data1\" content=\"REDA\u00c7\u00c3O: UBIRAT\u00c3 ONLINE - F\u00c1BIO AUGUSTO CELESTINO\" \/>\n\t<meta name=\"twitter:label2\" content=\"Est. reading time\" \/>\n\t<meta name=\"twitter:data2\" content=\"2 minutes\" \/>\n<script type=\"application\/ld+json\" class=\"yoast-schema-graph\">{\"@context\":\"https:\\\/\\\/schema.org\",\"@graph\":[{\"@type\":\"NewsArticle\",\"@id\":\"https:\\\/\\\/ubirataonline.com.br\\\/enchufados-asi-llegan-varios-jugadores-de-la-seleccion-colombia-a-la-concentracion-en-orlando\\\/#article\",\"isPartOf\":{\"@id\":\"https:\\\/\\\/ubirataonline.com.br\\\/enchufados-asi-llegan-varios-jugadores-de-la-seleccion-colombia-a-la-concentracion-en-orlando\\\/\"},\"author\":{\"name\":\"REDA\u00c7\u00c3O: UBIRAT\u00c3 ONLINE - F\u00c1BIO AUGUSTO CELESTINO\",\"@id\":\"https:\\\/\\\/ubirataonline.com.br\\\/#\\\/schema\\\/person\\\/372f87bbd3fdd79b8556b84c98d0bc1c\"},\"headline\":\"Enchufados, as\u00ed llegan varios jugadores de la Selecci\u00f3n Colombia a la concentraci\u00f3n en Orlando\",\"datePublished\":\"2026-03-23T01:44:45+00:00\",\"dateModified\":\"2026-03-23T01:44:49+00:00\",\"mainEntityOfPage\":{\"@id\":\"https:\\\/\\\/ubirataonline.com.br\\\/enchufados-asi-llegan-varios-jugadores-de-la-seleccion-colombia-a-la-concentracion-en-orlando\\\/\"},\"wordCount\":479,\"publisher\":{\"@id\":\"https:\\\/\\\/ubirataonline.com.br\\\/#organization\"},\"image\":{\"@id\":\"https:\\\/\\\/ubirataonline.com.br\\\/enchufados-asi-llegan-varios-jugadores-de-la-seleccion-colombia-a-la-concentracion-en-orlando\\\/#primaryimage\"},\"thumbnailUrl\":\"https:\\\/\\\/ubirataonline.com.br\\\/wp-content\\\/uploads\\\/2026\\\/03\\\/Enchufados-asi-llegan-varios-jugadores-de-la-Seleccion-Colombia-a.jpg\",\"keywords\":[\"as\u00ed\",\"Col\u00f4mbia\",\"concentraci\u00f3n\",\"Enchufados\",\"jugadores\",\"llegan\",\"Orlando\",\"Selecci\u00f3n\",\"v\u00e1rios\"],\"articleSection\":[\"Brasil\"],\"inLanguage\":\"en-US\",\"copyrightYear\":\"2026\",\"copyrightHolder\":{\"@id\":\"https:\\\/\\\/ubirataonline.com.br\\\/en\\\/#organization\"}},{\"@type\":\"WebPage\",\"@id\":\"https:\\\/\\\/ubirataonline.com.br\\\/enchufados-asi-llegan-varios-jugadores-de-la-seleccion-colombia-a-la-concentracion-en-orlando\\\/\",\"url\":\"https:\\\/\\\/ubirataonline.com.br\\\/enchufados-asi-llegan-varios-jugadores-de-la-seleccion-colombia-a-la-concentracion-en-orlando\\\/\",\"name\":\"Enchufados, as\u00ed llegan varios jugadores de la Selecci\u00f3n Colombia a la concentraci\u00f3n en Orlando - Ubirat\u00e3 Online Not\u00edcias - A realidade ao seu alcance!\",\"isPartOf\":{\"@id\":\"https:\\\/\\\/ubirataonline.com.br\\\/#website\"},\"primaryImageOfPage\":{\"@id\":\"https:\\\/\\\/ubirataonline.com.br\\\/enchufados-asi-llegan-varios-jugadores-de-la-seleccion-colombia-a-la-concentracion-en-orlando\\\/#primaryimage\"},\"image\":{\"@id\":\"https:\\\/\\\/ubirataonline.com.br\\\/enchufados-asi-llegan-varios-jugadores-de-la-seleccion-colombia-a-la-concentracion-en-orlando\\\/#primaryimage\"},\"thumbnailUrl\":\"https:\\\/\\\/ubirataonline.com.br\\\/wp-content\\\/uploads\\\/2026\\\/03\\\/Enchufados-asi-llegan-varios-jugadores-de-la-Seleccion-Colombia-a.jpg\",\"datePublished\":\"2026-03-23T01:44:45+00:00\",\"dateModified\":\"2026-03-23T01:44:49+00:00\",\"description\":\"Con la llegada de D\u00e1vinson S\u00e1nchez, Daniel Mu\u00f1oz, J\u00e9fferson Lerma, Yerson Mosquera y Johan Mojica, se dio inicio a la concentraci\u00f3n de la Selecci\u00f3n\",\"breadcrumb\":{\"@id\":\"https:\\\/\\\/ubirataonline.com.br\\\/enchufados-asi-llegan-varios-jugadores-de-la-seleccion-colombia-a-la-concentracion-en-orlando\\\/#breadcrumb\"},\"inLanguage\":\"en-US\",\"potentialAction\":[{\"@type\":\"ReadAction\",\"target\":[\"https:\\\/\\\/ubirataonline.com.br\\\/enchufados-asi-llegan-varios-jugadores-de-la-seleccion-colombia-a-la-concentracion-en-orlando\\\/\"]}]},{\"@type\":\"ImageObject\",\"inLanguage\":\"en-US\",\"@id\":\"https:\\\/\\\/ubirataonline.com.br\\\/enchufados-asi-llegan-varios-jugadores-de-la-seleccion-colombia-a-la-concentracion-en-orlando\\\/#primaryimage\",\"url\":\"https:\\\/\\\/ubirataonline.com.br\\\/wp-content\\\/uploads\\\/2026\\\/03\\\/Enchufados-asi-llegan-varios-jugadores-de-la-Seleccion-Colombia-a.jpg\",\"contentUrl\":\"https:\\\/\\\/ubirataonline.com.br\\\/wp-content\\\/uploads\\\/2026\\\/03\\\/Enchufados-asi-llegan-varios-jugadores-de-la-Seleccion-Colombia-a.jpg\",\"width\":1200,\"height\":675,\"caption\":\"El arquero \u00c1lvaro Montero lleg\u00f3 desde Argentina a la concentraci\u00f3n de Colombia en Orlando para iniciar los trabajo con la Tricolor, para los duelos amistosos ante Croacia y Francia. FOTO FCF\"},{\"@type\":\"BreadcrumbList\",\"@id\":\"https:\\\/\\\/ubirataonline.com.br\\\/enchufados-asi-llegan-varios-jugadores-de-la-seleccion-colombia-a-la-concentracion-en-orlando\\\/#breadcrumb\",\"itemListElement\":[{\"@type\":\"ListItem\",\"position\":1,\"name\":\"In\u00edcio\",\"item\":\"https:\\\/\\\/ubirataonline.com.br\\\/\"},{\"@type\":\"ListItem\",\"position\":2,\"name\":\"Enchufados, as\u00ed llegan varios jugadores de la Selecci\u00f3n Colombia a la concentraci\u00f3n en Orlando\"}]},{\"@type\":\"WebSite\",\"@id\":\"https:\\\/\\\/ubirataonline.com.br\\\/#website\",\"url\":\"https:\\\/\\\/ubirataonline.com.br\\\/\",\"name\":\"Ubirat\u00e3 Online Not\u00edcias\",\"description\":\"Not\u00edcias de Ubirat\u00e3, regi\u00e3o, Brasil e mundo, com informa\u00e7\u00e3o atualizada e compromisso com o leitor.\",\"publisher\":{\"@id\":\"https:\\\/\\\/ubirataonline.com.br\\\/#organization\"},\"alternateName\":\"Ubirat\u00e3 Online\",\"potentialAction\":[{\"@type\":\"SearchAction\",\"target\":{\"@type\":\"EntryPoint\",\"urlTemplate\":\"https:\\\/\\\/ubirataonline.com.br\\\/?s={search_term_string}\"},\"query-input\":{\"@type\":\"PropertyValueSpecification\",\"valueRequired\":true,\"valueName\":\"search_term_string\"}}],\"inLanguage\":\"en-US\"},{\"@type\":[\"Organization\",\"Place\"],\"@id\":\"https:\\\/\\\/ubirataonline.com.br\\\/#organization\",\"name\":\"Ubirat\u00e3 Online Not\u00edcias\",\"alternateName\":\"Ubirat\u00e3 Online\",\"url\":\"https:\\\/\\\/ubirataonline.com.br\\\/\",\"logo\":{\"@id\":\"https:\\\/\\\/ubirataonline.com.br\\\/enchufados-asi-llegan-varios-jugadores-de-la-seleccion-colombia-a-la-concentracion-en-orlando\\\/#local-main-organization-logo\"},\"image\":{\"@id\":\"https:\\\/\\\/ubirataonline.com.br\\\/enchufados-asi-llegan-varios-jugadores-de-la-seleccion-colombia-a-la-concentracion-en-orlando\\\/#local-main-organization-logo\"},\"sameAs\":[\"https:\\\/\\\/www.facebook.com\\\/portalubirataonline\",\"https:\\\/\\\/x.com\\\/ubirataonline\",\"https:\\\/\\\/mastodon.social\\\/@ubirataonline\",\"https:\\\/\\\/www.facebook.com\\\/groups\\\/311144672285604\",\"https:\\\/\\\/www.facebook.com\\\/UBTAOnline\",\"https:\\\/\\\/www.instagram.com\\\/portalubirataonline\\\/\",\"https:\\\/\\\/twitter.com\\\/ubirataonline\"],\"description\":\"Somos um portal de not\u00edcias independente, criado em 5 de janeiro de 2009, com o objetivo de informar, conectar e valorizar a nossa comunidade de Ubirat\u00e3 e toda aregi\u00e3o. Com conte\u00fado atualizado, confi\u00e1vel e relevante, o Ubirat\u00e3 Online \u00e9 o seu espa\u00e7o para ficar por dentro dos principais acontecimentos locais, regionais, Brasil, Mundo e de interesse geral. Nosso compromisso \u00e9 com a verdade, a transpar\u00eancia e o respeito ao leitor.\",\"legalName\":\"UBIRATA ONLINE NOT\u00cdCIAS\",\"foundingDate\":\"2009-01-05\",\"numberOfEmployees\":{\"@type\":\"QuantitativeValue\",\"minValue\":\"1\",\"maxValue\":\"10\"},\"publishingPrinciples\":\"https:\\\/\\\/ubirataonline.com.br\\\/faq\\\/\",\"address\":{\"@id\":\"https:\\\/\\\/ubirataonline.com.br\\\/enchufados-asi-llegan-varios-jugadores-de-la-seleccion-colombia-a-la-concentracion-en-orlando\\\/#local-main-place-address\"},\"geo\":{\"@type\":\"GeoCoordinates\",\"latitude\":\"-24.5361401\",\"longitude\":\"-52.9921776\"},\"telephone\":[\"+5544998308235\"],\"contactPoint\":{\"@type\":\"ContactPoint\",\"email\":\"contato@ubirataonline.com.br\"},\"openingHoursSpecification\":{\"@type\":\"OpeningHoursSpecification\",\"dayOfWeek\":[\"Monday\",\"Tuesday\",\"Wednesday\",\"Thursday\",\"Friday\",\"Saturday\",\"Sunday\"],\"opens\":\"00:00\",\"closes\":\"23:59\"},\"email\":\"contato@ubirataonline.com.br\",\"vatID\":\"47.621.418\\\/0001-80\"},{\"@type\":\"Person\",\"@id\":\"https:\\\/\\\/ubirataonline.com.br\\\/#\\\/schema\\\/person\\\/372f87bbd3fdd79b8556b84c98d0bc1c\",\"name\":\"REDA\u00c7\u00c3O: UBIRAT\u00c3 ONLINE - F\u00c1BIO AUGUSTO CELESTINO\",\"pronouns\":\"Ele\",\"description\":\"Desde 2003 trabalhando com not\u00edcias.\",\"sameAs\":[\"http:\\\/\\\/ubirataoline.com.br\",\"https:\\\/\\\/www.facebook.com\\\/portalubirataonline\",\"https:\\\/\\\/www.instagram.com\\\/ubirataonline_oficial\",\"https:\\\/\\\/x.com\\\/x.com\\\/ubirataonline\"],\"honorificPrefix\":\"Mr.\",\"honorificSuffix\":\"MD\",\"birthDate\":\"1980-06-16\",\"gender\":\"masculino\",\"award\":[\"V\u00e1rios pr\u00eamios de melhor portal da cidade\"],\"jobTitle\":\"Diretor\",\"url\":\"https:\\\/\\\/ubirataonline.com.br\\\/en\\\/author\\\/ubirataonline\\\/\"},{\"@type\":\"PostalAddress\",\"@id\":\"https:\\\/\\\/ubirataonline.com.br\\\/enchufados-asi-llegan-varios-jugadores-de-la-seleccion-colombia-a-la-concentracion-en-orlando\\\/#local-main-place-address\",\"streetAddress\":\"Rua dos Coqueiros, 104 - Bairro Boa Vista, Rua dos Coqueiros, 104 Bairro Boa Vista\",\"addressLocality\":\"UBIRATA\",\"postalCode\":\"85440-000\",\"addressRegion\":\"PR\",\"addressCountry\":\"BR\"},{\"@type\":\"ImageObject\",\"inLanguage\":\"en-US\",\"@id\":\"https:\\\/\\\/ubirataonline.com.br\\\/enchufados-asi-llegan-varios-jugadores-de-la-seleccion-colombia-a-la-concentracion-en-orlando\\\/#local-main-organization-logo\",\"url\":\"https:\\\/\\\/ubirataonline.com.br\\\/wp-content\\\/uploads\\\/2026\\\/06\\\/logoubirataonline-1.webp\",\"contentUrl\":\"https:\\\/\\\/ubirataonline.com.br\\\/wp-content\\\/uploads\\\/2026\\\/06\\\/logoubirataonline-1.webp\",\"width\":500,\"height\":500,\"caption\":\"Ubirat\u00e3 Online Not\u00edcias\"}]}<\/script>\n<meta name=\"geo.placename\" content=\"UBIRATA\" \/>\n<meta name=\"geo.position\" content=\"-24.5361401;-52.9921776\" \/>\n<meta name=\"geo.region\" content=\"Brazil\" \/>\n<!-- \/ Yoast SEO Premium plugin. -->","yoast_head_json":{"title":"Enchufados, as\u00ed llegan varios jugadores de la Selecci\u00f3n Colombia a la concentraci\u00f3n en Orlando - Ubirat\u00e3 Online Not\u00edcias - A realidade ao seu alcance!","description":"Con la llegada de D\u00e1vinson S\u00e1nchez, Daniel Mu\u00f1oz, J\u00e9fferson Lerma, Yerson Mosquera y Johan Mojica, se dio inicio a la concentraci\u00f3n de la Selecci\u00f3n","robots":{"index":"index","follow":"follow","max-snippet":"max-snippet:-1","max-image-preview":"max-image-preview:large","max-video-preview":"max-video-preview:-1"},"canonical":"https:\/\/ubirataonline.com.br\/en\/enchufados-asi-llegan-varios-jugadores-de-la-seleccion-colombia-a-la-concentracion-en-orlando\/","og_locale":"en_US","og_type":"article","og_title":"Enchufados, as\u00ed llegan varios jugadores de la Selecci\u00f3n Colombia a la concentraci\u00f3n en Orlando","og_description":"Con la llegada de D\u00e1vinson S\u00e1nchez, Daniel Mu\u00f1oz, J\u00e9fferson Lerma, Yerson Mosquera y Johan Mojica, se dio inicio a la concentraci\u00f3n de la Selecci\u00f3n","og_url":"https:\/\/ubirataonline.com.br\/en\/enchufados-asi-llegan-varios-jugadores-de-la-seleccion-colombia-a-la-concentracion-en-orlando\/","og_site_name":"Ubirat\u00e3 Online Not\u00edcias - A realidade ao seu alcance!","article_publisher":"https:\/\/www.facebook.com\/portalubirataonline","article_author":"https:\/\/www.facebook.com\/portalubirataonline","article_published_time":"2026-03-23T01:44:45+00:00","article_modified_time":"2026-03-23T01:44:49+00:00","og_image":[{"width":1200,"height":675,"url":"https:\/\/ubirataonline.com.br\/wp-content\/uploads\/2026\/03\/Enchufados-asi-llegan-varios-jugadores-de-la-Seleccion-Colombia-a.jpg","type":"image\/jpeg"}],"author":"REDA\u00c7\u00c3O: UBIRAT\u00c3 ONLINE - F\u00c1BIO AUGUSTO CELESTINO","twitter_card":"summary_large_image","twitter_creator":"@x.com\/ubirataonline","twitter_site":"@ubirataonline","twitter_misc":{"Written by":"REDA\u00c7\u00c3O: UBIRAT\u00c3 ONLINE - F\u00c1BIO AUGUSTO CELESTINO","Est. reading time":"2 minutes"},"schema":{"@context":"https:\/\/schema.org","@graph":[{"@type":"NewsArticle","@id":"https:\/\/ubirataonline.com.br\/enchufados-asi-llegan-varios-jugadores-de-la-seleccion-colombia-a-la-concentracion-en-orlando\/#article","isPartOf":{"@id":"https:\/\/ubirataonline.com.br\/enchufados-asi-llegan-varios-jugadores-de-la-seleccion-colombia-a-la-concentracion-en-orlando\/"},"author":{"name":"REDA\u00c7\u00c3O: UBIRAT\u00c3 ONLINE - F\u00c1BIO AUGUSTO CELESTINO","@id":"https:\/\/ubirataonline.com.br\/#\/schema\/person\/372f87bbd3fdd79b8556b84c98d0bc1c"},"headline":"Enchufados, as\u00ed llegan varios jugadores de la Selecci\u00f3n Colombia a la concentraci\u00f3n en Orlando","datePublished":"2026-03-23T01:44:45+00:00","dateModified":"2026-03-23T01:44:49+00:00","mainEntityOfPage":{"@id":"https:\/\/ubirataonline.com.br\/enchufados-asi-llegan-varios-jugadores-de-la-seleccion-colombia-a-la-concentracion-en-orlando\/"},"wordCount":479,"publisher":{"@id":"https:\/\/ubirataonline.com.br\/#organization"},"image":{"@id":"https:\/\/ubirataonline.com.br\/enchufados-asi-llegan-varios-jugadores-de-la-seleccion-colombia-a-la-concentracion-en-orlando\/#primaryimage"},"thumbnailUrl":"https:\/\/ubirataonline.com.br\/wp-content\/uploads\/2026\/03\/Enchufados-asi-llegan-varios-jugadores-de-la-Seleccion-Colombia-a.jpg","keywords":["as\u00ed","Col\u00f4mbia","concentraci\u00f3n","Enchufados","jugadores","llegan","Orlando","Selecci\u00f3n","v\u00e1rios"],"articleSection":["Brasil"],"inLanguage":"en-US","copyrightYear":"2026","copyrightHolder":{"@id":"https:\/\/ubirataonline.com.br\/en\/#organization"}},{"@type":"WebPage","@id":"https:\/\/ubirataonline.com.br\/enchufados-asi-llegan-varios-jugadores-de-la-seleccion-colombia-a-la-concentracion-en-orlando\/","url":"https:\/\/ubirataonline.com.br\/enchufados-asi-llegan-varios-jugadores-de-la-seleccion-colombia-a-la-concentracion-en-orlando\/","name":"Enchufados, as\u00ed llegan varios jugadores de la Selecci\u00f3n Colombia a la concentraci\u00f3n en Orlando - Ubirat\u00e3 Online Not\u00edcias - A realidade ao seu alcance!","isPartOf":{"@id":"https:\/\/ubirataonline.com.br\/#website"},"primaryImageOfPage":{"@id":"https:\/\/ubirataonline.com.br\/enchufados-asi-llegan-varios-jugadores-de-la-seleccion-colombia-a-la-concentracion-en-orlando\/#primaryimage"},"image":{"@id":"https:\/\/ubirataonline.com.br\/enchufados-asi-llegan-varios-jugadores-de-la-seleccion-colombia-a-la-concentracion-en-orlando\/#primaryimage"},"thumbnailUrl":"https:\/\/ubirataonline.com.br\/wp-content\/uploads\/2026\/03\/Enchufados-asi-llegan-varios-jugadores-de-la-Seleccion-Colombia-a.jpg","datePublished":"2026-03-23T01:44:45+00:00","dateModified":"2026-03-23T01:44:49+00:00","description":"Con la llegada de D\u00e1vinson S\u00e1nchez, Daniel Mu\u00f1oz, J\u00e9fferson Lerma, Yerson Mosquera y Johan Mojica, se dio inicio a la concentraci\u00f3n de la Selecci\u00f3n","breadcrumb":{"@id":"https:\/\/ubirataonline.com.br\/enchufados-asi-llegan-varios-jugadores-de-la-seleccion-colombia-a-la-concentracion-en-orlando\/#breadcrumb"},"inLanguage":"en-US","potentialAction":[{"@type":"ReadAction","target":["https:\/\/ubirataonline.com.br\/enchufados-asi-llegan-varios-jugadores-de-la-seleccion-colombia-a-la-concentracion-en-orlando\/"]}]},{"@type":"ImageObject","inLanguage":"en-US","@id":"https:\/\/ubirataonline.com.br\/enchufados-asi-llegan-varios-jugadores-de-la-seleccion-colombia-a-la-concentracion-en-orlando\/#primaryimage","url":"https:\/\/ubirataonline.com.br\/wp-content\/uploads\/2026\/03\/Enchufados-asi-llegan-varios-jugadores-de-la-Seleccion-Colombia-a.jpg","contentUrl":"https:\/\/ubirataonline.com.br\/wp-content\/uploads\/2026\/03\/Enchufados-asi-llegan-varios-jugadores-de-la-Seleccion-Colombia-a.jpg","width":1200,"height":675,"caption":"El arquero \u00c1lvaro Montero lleg\u00f3 desde Argentina a la concentraci\u00f3n de Colombia en Orlando para iniciar los trabajo con la Tricolor, para los duelos amistosos ante Croacia y Francia. FOTO FCF"},{"@type":"BreadcrumbList","@id":"https:\/\/ubirataonline.com.br\/enchufados-asi-llegan-varios-jugadores-de-la-seleccion-colombia-a-la-concentracion-en-orlando\/#breadcrumb","itemListElement":[{"@type":"ListItem","position":1,"name":"In\u00edcio","item":"https:\/\/ubirataonline.com.br\/"},{"@type":"ListItem","position":2,"name":"Enchufados, as\u00ed llegan varios jugadores de la Selecci\u00f3n Colombia a la concentraci\u00f3n en Orlando"}]},{"@type":"WebSite","@id":"https:\/\/ubirataonline.com.br\/#website","url":"https:\/\/ubirataonline.com.br\/","name":"Ubirat\u00e3 Online Not\u00edcias","description":"Not\u00edcias de Ubirat\u00e3, regi\u00e3o, Brasil e mundo, com informa\u00e7\u00e3o atualizada e compromisso com o leitor.","publisher":{"@id":"https:\/\/ubirataonline.com.br\/#organization"},"alternateName":"Ubirat\u00e3 Online","potentialAction":[{"@type":"SearchAction","target":{"@type":"EntryPoint","urlTemplate":"https:\/\/ubirataonline.com.br\/?s={search_term_string}"},"query-input":{"@type":"PropertyValueSpecification","valueRequired":true,"valueName":"search_term_string"}}],"inLanguage":"en-US"},{"@type":["Organization","Place"],"@id":"https:\/\/ubirataonline.com.br\/#organization","name":"Ubirat\u00e3 Online Not\u00edcias","alternateName":"Ubirat\u00e3 Online","url":"https:\/\/ubirataonline.com.br\/","logo":{"@id":"https:\/\/ubirataonline.com.br\/enchufados-asi-llegan-varios-jugadores-de-la-seleccion-colombia-a-la-concentracion-en-orlando\/#local-main-organization-logo"},"image":{"@id":"https:\/\/ubirataonline.com.br\/enchufados-asi-llegan-varios-jugadores-de-la-seleccion-colombia-a-la-concentracion-en-orlando\/#local-main-organization-logo"},"sameAs":["https:\/\/www.facebook.com\/portalubirataonline","https:\/\/x.com\/ubirataonline","https:\/\/mastodon.social\/@ubirataonline","https:\/\/www.facebook.com\/groups\/311144672285604","https:\/\/www.facebook.com\/UBTAOnline","https:\/\/www.instagram.com\/portalubirataonline\/","https:\/\/twitter.com\/ubirataonline"],"description":"Somos um portal de not\u00edcias independente, criado em 5 de janeiro de 2009, com o objetivo de informar, conectar e valorizar a nossa comunidade de Ubirat\u00e3 e toda aregi\u00e3o. Com conte\u00fado atualizado, confi\u00e1vel e relevante, o Ubirat\u00e3 Online \u00e9 o seu espa\u00e7o para ficar por dentro dos principais acontecimentos locais, regionais, Brasil, Mundo e de interesse geral. Nosso compromisso \u00e9 com a verdade, a transpar\u00eancia e o respeito ao leitor.","legalName":"UBIRATA ONLINE NOT\u00cdCIAS","foundingDate":"2009-01-05","numberOfEmployees":{"@type":"QuantitativeValue","minValue":"1","maxValue":"10"},"publishingPrinciples":"https:\/\/ubirataonline.com.br\/faq\/","address":{"@id":"https:\/\/ubirataonline.com.br\/enchufados-asi-llegan-varios-jugadores-de-la-seleccion-colombia-a-la-concentracion-en-orlando\/#local-main-place-address"},"geo":{"@type":"GeoCoordinates","latitude":"-24.5361401","longitude":"-52.9921776"},"telephone":["+5544998308235"],"contactPoint":{"@type":"ContactPoint","email":"contato@ubirataonline.com.br"},"openingHoursSpecification":{"@type":"OpeningHoursSpecification","dayOfWeek":["Monday","Tuesday","Wednesday","Thursday","Friday","Saturday","Sunday"],"opens":"00:00","closes":"23:59"},"email":"contato@ubirataonline.com.br","vatID":"47.621.418\/0001-80"},{"@type":"Person","@id":"https:\/\/ubirataonline.com.br\/#\/schema\/person\/372f87bbd3fdd79b8556b84c98d0bc1c","name":"REDA\u00c7\u00c3O: UBIRAT\u00c3 ONLINE - F\u00c1BIO AUGUSTO CELESTINO","pronouns":"Ele","description":"Desde 2003 trabalhando com not\u00edcias.","sameAs":["http:\/\/ubirataoline.com.br","https:\/\/www.facebook.com\/portalubirataonline","https:\/\/www.instagram.com\/ubirataonline_oficial","https:\/\/x.com\/x.com\/ubirataonline"],"honorificPrefix":"Mr.","honorificSuffix":"MD","birthDate":"1980-06-16","gender":"masculino","award":["V\u00e1rios pr\u00eamios de melhor portal da cidade"],"jobTitle":"Diretor","url":"https:\/\/ubirataonline.com.br\/en\/author\/ubirataonline\/"},{"@type":"PostalAddress","@id":"https:\/\/ubirataonline.com.br\/enchufados-asi-llegan-varios-jugadores-de-la-seleccion-colombia-a-la-concentracion-en-orlando\/#local-main-place-address","streetAddress":"Rua dos Coqueiros, 104 - Bairro Boa Vista, Rua dos Coqueiros, 104 Bairro Boa Vista","addressLocality":"UBIRATA","postalCode":"85440-000","addressRegion":"PR","addressCountry":"BR"},{"@type":"ImageObject","inLanguage":"en-US","@id":"https:\/\/ubirataonline.com.br\/enchufados-asi-llegan-varios-jugadores-de-la-seleccion-colombia-a-la-concentracion-en-orlando\/#local-main-organization-logo","url":"https:\/\/ubirataonline.com.br\/wp-content\/uploads\/2026\/06\/logoubirataonline-1.webp","contentUrl":"https:\/\/ubirataonline.com.br\/wp-content\/uploads\/2026\/06\/logoubirataonline-1.webp","width":500,"height":500,"caption":"Ubirat\u00e3 Online Not\u00edcias"}]},"geo.placename":"UBIRATA","geo.position":{"lat":"-24.5361401","long":"-52.9921776"},"geo.region":"Brazil"},"_links":{"self":[{"href":"https:\/\/ubirataonline.com.br\/en\/wp-json\/wp\/v2\/posts\/96672","targetHints":{"allow":["GET"]}}],"collection":[{"href":"https:\/\/ubirataonline.com.br\/en\/wp-json\/wp\/v2\/posts"}],"about":[{"href":"https:\/\/ubirataonline.com.br\/en\/wp-json\/wp\/v2\/types\/post"}],"author":[{"embeddable":true,"href":"https:\/\/ubirataonline.com.br\/en\/wp-json\/wp\/v2\/users\/1"}],"replies":[{"embeddable":true,"href":"https:\/\/ubirataonline.com.br\/en\/wp-json\/wp\/v2\/comments?post=96672"}],"version-history":[{"count":0,"href":"https:\/\/ubirataonline.com.br\/en\/wp-json\/wp\/v2\/posts\/96672\/revisions"}],"wp:featuredmedia":[{"embeddable":true,"href":"https:\/\/ubirataonline.com.br\/en\/wp-json\/wp\/v2\/media\/96673"}],"wp:attachment":[{"href":"https:\/\/ubirataonline.com.br\/en\/wp-json\/wp\/v2\/media?parent=96672"}],"wp:term":[{"taxonomy":"category","embeddable":true,"href":"https:\/\/ubirataonline.com.br\/en\/wp-json\/wp\/v2\/categories?post=96672"},{"taxonomy":"post_tag","embeddable":true,"href":"https:\/\/ubirataonline.com.br\/en\/wp-json\/wp\/v2\/tags?post=96672"}],"curies":[{"name":"wp","href":"https:\/\/api.w.org\/{rel}","templated":true}]}}